{"id":37263,"date":"2024-11-17T10:56:55","date_gmt":"2024-11-17T09:56:55","guid":{"rendered":"https:\/\/www.jojoenherbe.com\/?p=37263"},"modified":"2025-01-06T17:49:02","modified_gmt":"2025-01-06T16:49:02","slug":"billet-de-suivi-challenge-christmas-time-2024","status":"publish","type":"post","link":"http:\/\/www.jojoenherbe.com\/index.php\/2024\/11\/17\/billet-de-suivi-challenge-christmas-time-2024\/","title":{"rendered":"Billet de suivi: Challenge Christmas Time 2024"},"content":{"rendered":"<p style=\"text-align: justify;\"><em><img data-recalc-dims=\"1\" loading=\"lazy\" decoding=\"async\" class=\"alignleft\" src=\"https:\/\/i0.wp.com\/image.over-blog.com\/mSXmuiwU1DZ8uRbEnEjLcQQrfUA%3D\/filters%3Ano_upscale%28%29\/image%2F1490149%2F20201109%2Fob_c19e0c_ob-0fed3e-ob-7500fc-ob-b9808e-ob-7cd5b.jpg?resize=226%2C143&#038;ssl=1\" alt=\"\" width=\"226\" height=\"143\" data-amp-height=\"253\" data-amp-width=\"400\" \/>Le mois de d\u00e9cembre approchant, c\u2019est le retour du Challenge Christmas Time 2024, un challenge de No\u00ebl organis\u00e9 par <a href=\"http:\/\/mya-books.over-blog.com\/2024\/11\/challenge-christmas-time-2024.html\">MyaRosa<\/a> et qui se d\u00e9roule du 15 novembre 2024 au 15 janvier 2025. Encore cette ann\u00e9e, MyaRosa a r\u00e9alis\u00e9 de tr\u00e8s jolis logos et h\u00e9site \u00e0 \u00e9laborer un planning facultatif. Tous les billets sont les bienvenus (albums jeunesse, contes, romans, cahiers d&rsquo;activit\u00e9, musique, cin\u00e9ma, spectacles, cuisine, loisirs cr\u00e9atifs ou autres billets d&rsquo;humeur, id\u00e9es cadeaux ou bien encore calendriers de No\u00ebl&#8230;). Il y aura \u00e9galement quelques rendez-vous th\u00e9matiques. Pour plus d\u2019infos, n\u2019h\u00e9sitez pas \u00e0 aller sur son blog.<\/em><\/p>\n<p style=\"text-align: justify;\"><em>De notre c\u00f4t\u00e9, j&rsquo;ai d\u00e9j\u00e0 achet\u00e9 comme livre de l&rsquo;Avent <span style=\"text-decoration: underline;\">Le No\u00ebl enchant\u00e9 de Winston<\/span> d\u2019Alex T. Smith (\u00e9d. Casterman Jeunesse, octobre 2024,\u00a0 176 pages), un album jeunesse pour les 6\/10 ans et qui nous suivra tout au long de d\u00e9cembre jusqu&rsquo;\u00e0 No\u00ebl comme l&rsquo;ann\u00e9e derni\u00e8re avec ses premi\u00e8res aventures, <span style=\"text-decoration: underline;\">Comment Winston a sauv\u00e9 No\u00ebl<\/span>. Nous lirons \u00e9galement apr\u00e8s le tome automnal, <span style=\"text-decoration: underline;\">Les Souris du Buisson aux m\u00fbres, L&rsquo;Hiver<\/span> de Jill Barklem (\u00e9d. Quilinn, octobre 2024, 32 pages), un album jeunesse \u00e0 partir de 3 ans.<\/em><\/p>\n<p style=\"text-align: justify;\"><em>Ce billet sera actualis\u00e9 au fil du challenge tout en faisant un billet s\u00e9par\u00e9 pour chaque participation. <\/em><\/p>\n<ul>\n<li style=\"text-align: justify;\"><em><a href=\"https:\/\/i0.wp.com\/www.jojoenherbe.com\/wp-content\/uploads\/2024\/11\/Le-fil-rouge-1-scaled.jpg\"><img data-recalc-dims=\"1\" loading=\"lazy\" decoding=\"async\" data-attachment-id=\"37551\" data-permalink=\"http:\/\/www.jojoenherbe.com\/index.php\/2024\/11\/17\/billet-de-suivi-challenge-christmas-time-2024\/le-fil-rouge-3\/\" data-orig-file=\"https:\/\/i0.wp.com\/www.jojoenherbe.com\/wp-content\/uploads\/2024\/11\/Le-fil-rouge-1-scaled.jpg?fit=2560%2C2511\" data-orig-size=\"2560,2511\" data-comments-opened=\"1\" data-image-meta=\"{&quot;aperture&quot;:&quot;1.8&quot;,&quot;credit&quot;:&quot;&quot;,&quot;camera&quot;:&quot;iPhone 7&quot;,&quot;caption&quot;:&quot;&quot;,&quot;created_timestamp&quot;:&quot;1704292518&quot;,&quot;copyright&quot;:&quot;&quot;,&quot;focal_length&quot;:&quot;3.99&quot;,&quot;iso&quot;:&quot;80&quot;,&quot;shutter_speed&quot;:&quot;0.125&quot;,&quot;title&quot;:&quot;&quot;,&quot;orientation&quot;:&quot;1&quot;}\" data-image-title=\"Le fil rouge\" data-image-description=\"\" data-image-caption=\"\" data-large-file=\"https:\/\/i0.wp.com\/www.jojoenherbe.com\/wp-content\/uploads\/2024\/11\/Le-fil-rouge-1-scaled.jpg?fit=676%2C663\" class=\"size-thumbnail wp-image-37551 alignright\" src=\"https:\/\/i0.wp.com\/www.jojoenherbe.com\/wp-content\/uploads\/2024\/11\/Le-fil-rouge-1.jpg?resize=150%2C150\" alt=\"\" width=\"150\" height=\"150\" srcset=\"https:\/\/i0.wp.com\/www.jojoenherbe.com\/wp-content\/uploads\/2024\/11\/Le-fil-rouge-1-scaled.jpg?resize=150%2C150 150w, https:\/\/i0.wp.com\/www.jojoenherbe.com\/wp-content\/uploads\/2024\/11\/Le-fil-rouge-1-scaled.jpg?zoom=2&amp;resize=150%2C150 300w, https:\/\/i0.wp.com\/www.jojoenherbe.com\/wp-content\/uploads\/2024\/11\/Le-fil-rouge-1-scaled.jpg?zoom=3&amp;resize=150%2C150 450w\" sizes=\"auto, (max-width: 150px) 100vw, 150px\" \/><\/a>(Album jeunesse) <a href=\"http:\/\/www.jojoenherbe.com\/index.php\/2024\/11\/28\/au-fil-des-pages-avec-le-fil-rouge\/\"><span style=\"text-decoration: underline;\">Le fil rouge<\/span><\/a> de G\u00e9raldine Collet et C\u00e9cile Hudrisier (\u00e9d. Philom\u00e8le, octobre 2011, 32 pages), un album jeunesse \u00e0 partir de 3 ans avec des personnages de contes et le P\u00e8re No\u00ebl<\/em><\/li>\n<li style=\"text-align: justify;\"><em><a href=\"https:\/\/i0.wp.com\/www.jojoenherbe.com\/wp-content\/uploads\/2024\/12\/Le-Noel-de-Sidonie-Souris-scaled.jpg\"><img data-recalc-dims=\"1\" loading=\"lazy\" decoding=\"async\" data-attachment-id=\"37548\" data-permalink=\"http:\/\/www.jojoenherbe.com\/index.php\/2024\/12\/18\/au-fil-des-pages-avec-le-noel-de-sidonie-souris\/le-noel-de-sidonie-souris-6\/\" data-orig-file=\"https:\/\/i0.wp.com\/www.jojoenherbe.com\/wp-content\/uploads\/2024\/12\/Le-Noel-de-Sidonie-Souris-scaled.jpg?fit=2560%2C2228\" data-orig-size=\"2560,2228\" data-comments-opened=\"1\" data-image-meta=\"{&quot;aperture&quot;:&quot;1.8&quot;,&quot;credit&quot;:&quot;&quot;,&quot;camera&quot;:&quot;iPhone 7&quot;,&quot;caption&quot;:&quot;&quot;,&quot;created_timestamp&quot;:&quot;1734548894&quot;,&quot;copyright&quot;:&quot;&quot;,&quot;focal_length&quot;:&quot;3.99&quot;,&quot;iso&quot;:&quot;80&quot;,&quot;shutter_speed&quot;:&quot;0.16666666666667&quot;,&quot;title&quot;:&quot;&quot;,&quot;orientation&quot;:&quot;1&quot;}\" data-image-title=\"Le No\u00ebl de Sidonie Souris\" data-image-description=\"\" data-image-caption=\"\" data-large-file=\"https:\/\/i0.wp.com\/www.jojoenherbe.com\/wp-content\/uploads\/2024\/12\/Le-Noel-de-Sidonie-Souris-scaled.jpg?fit=676%2C588\" class=\"alignleft size-thumbnail wp-image-37548\" src=\"https:\/\/i0.wp.com\/www.jojoenherbe.com\/wp-content\/uploads\/2024\/12\/Le-Noel-de-Sidonie-Souris.jpg?resize=150%2C150\" alt=\"\" width=\"150\" height=\"150\" srcset=\"https:\/\/i0.wp.com\/www.jojoenherbe.com\/wp-content\/uploads\/2024\/12\/Le-Noel-de-Sidonie-Souris-scaled.jpg?resize=150%2C150 150w, https:\/\/i0.wp.com\/www.jojoenherbe.com\/wp-content\/uploads\/2024\/12\/Le-Noel-de-Sidonie-Souris-scaled.jpg?zoom=2&amp;resize=150%2C150 300w, https:\/\/i0.wp.com\/www.jojoenherbe.com\/wp-content\/uploads\/2024\/12\/Le-Noel-de-Sidonie-Souris-scaled.jpg?zoom=3&amp;resize=150%2C150 450w\" sizes=\"auto, (max-width: 150px) 100vw, 150px\" \/><\/a>(Album jeunesse) <a href=\"http:\/\/www.jojoenherbe.com\/index.php\/2024\/12\/18\/au-fil-des-pages-avec-le-noel-de-sidonie-souris\/\"><span style=\"text-decoration: underline;\">Le No\u00ebl de Sidonie Souris<\/span><\/a> de Clothilde Delacroix (\u00e9d. L\u2019\u00e9cole des loisirs, coll. Moucheron, novembre 2023, 64 pages), un roman jeunesse premi\u00e8res lectures pour les 5\/7 ans.<\/em><\/li>\n<li style=\"text-align: justify;\"><em><a href=\"https:\/\/i0.wp.com\/www.jojoenherbe.com\/wp-content\/uploads\/2023\/12\/Snowy-little-lies.jpg\"><img data-recalc-dims=\"1\" loading=\"lazy\" decoding=\"async\" data-attachment-id=\"33805\" data-permalink=\"http:\/\/www.jojoenherbe.com\/index.php\/2024\/12\/22\/au-fil-des-pages-avec-snowy-little-lies\/snowy-little-lies\/\" data-orig-file=\"https:\/\/i0.wp.com\/www.jojoenherbe.com\/wp-content\/uploads\/2023\/12\/Snowy-little-lies.jpg?fit=750%2C1334\" data-orig-size=\"750,1334\" data-comments-opened=\"1\" data-image-meta=\"{&quot;aperture&quot;:&quot;0&quot;,&quot;credit&quot;:&quot;&quot;,&quot;camera&quot;:&quot;&quot;,&quot;caption&quot;:&quot;&quot;,&quot;created_timestamp&quot;:&quot;0&quot;,&quot;copyright&quot;:&quot;&quot;,&quot;focal_length&quot;:&quot;0&quot;,&quot;iso&quot;:&quot;0&quot;,&quot;shutter_speed&quot;:&quot;0&quot;,&quot;title&quot;:&quot;&quot;,&quot;orientation&quot;:&quot;1&quot;}\" data-image-title=\"Snowy little lies\" data-image-description=\"\" data-image-caption=\"\" data-large-file=\"https:\/\/i0.wp.com\/www.jojoenherbe.com\/wp-content\/uploads\/2023\/12\/Snowy-little-lies.jpg?fit=576%2C1024\" class=\"size-thumbnail wp-image-33805 alignright\" src=\"https:\/\/i0.wp.com\/www.jojoenherbe.com\/wp-content\/uploads\/2023\/12\/Snowy-little-lies.jpg?resize=150%2C150\" alt=\"\" width=\"150\" height=\"150\" srcset=\"https:\/\/i0.wp.com\/www.jojoenherbe.com\/wp-content\/uploads\/2023\/12\/Snowy-little-lies.jpg?resize=150%2C150 150w, https:\/\/i0.wp.com\/www.jojoenherbe.com\/wp-content\/uploads\/2023\/12\/Snowy-little-lies.jpg?zoom=2&amp;resize=150%2C150 300w, https:\/\/i0.wp.com\/www.jojoenherbe.com\/wp-content\/uploads\/2023\/12\/Snowy-little-lies.jpg?zoom=3&amp;resize=150%2C150 450w\" sizes=\"auto, (max-width: 150px) 100vw, 150px\" \/><\/a>(Romance contemporaine de No\u00ebl) <a href=\"http:\/\/www.jojoenherbe.com\/index.php\/2024\/12\/22\/au-fil-des-pages-avec-snowy-little-lies\/\"><span style=\"text-decoration: underline;\">Snowy little lies<\/span><\/a> de Fanny DL (\u00e9d. Hugo Poche, octobre 2022, 336 pages), une romance contemporaine de No\u00ebl, ayant \u00e9t\u00e9 sensible au pitch du d\u00e9part, le trope \u00e9tant un faux fianc\u00e9 pour la s\u0153ur de l&rsquo;h\u00e9ro\u00efne.<\/em><\/li>\n<li style=\"text-align: justify;\"><em><a href=\"https:\/\/i0.wp.com\/www.jojoenherbe.com\/wp-content\/uploads\/2024\/12\/La-lettre-du-Loup-au-Pere-Noel-2-scaled.jpg\"><img data-recalc-dims=\"1\" loading=\"lazy\" decoding=\"async\" data-attachment-id=\"37590\" data-permalink=\"http:\/\/www.jojoenherbe.com\/index.php\/2024\/12\/24\/au-fil-des-pages-avec-la-lettre-de-loup-au-pere-noel\/la-lettre-du-loup-au-pere-noel-2\/\" data-orig-file=\"https:\/\/i0.wp.com\/www.jojoenherbe.com\/wp-content\/uploads\/2024\/12\/La-lettre-du-Loup-au-Pere-Noel-2-scaled.jpg?fit=2560%2C2157\" data-orig-size=\"2560,2157\" data-comments-opened=\"1\" data-image-meta=\"{&quot;aperture&quot;:&quot;1.8&quot;,&quot;credit&quot;:&quot;&quot;,&quot;camera&quot;:&quot;iPhone 7&quot;,&quot;caption&quot;:&quot;&quot;,&quot;created_timestamp&quot;:&quot;1735042712&quot;,&quot;copyright&quot;:&quot;&quot;,&quot;focal_length&quot;:&quot;3.99&quot;,&quot;iso&quot;:&quot;40&quot;,&quot;shutter_speed&quot;:&quot;0.058823529411765&quot;,&quot;title&quot;:&quot;&quot;,&quot;orientation&quot;:&quot;1&quot;}\" data-image-title=\"La lettre du Loup au P\u00e8re No\u00ebl 2\" data-image-description=\"\" data-image-caption=\"\" data-large-file=\"https:\/\/i0.wp.com\/www.jojoenherbe.com\/wp-content\/uploads\/2024\/12\/La-lettre-du-Loup-au-Pere-Noel-2-scaled.jpg?fit=676%2C570\" class=\"alignleft size-thumbnail wp-image-37590\" src=\"https:\/\/i0.wp.com\/www.jojoenherbe.com\/wp-content\/uploads\/2024\/12\/La-lettre-du-Loup-au-Pere-Noel-2.jpg?resize=150%2C150\" alt=\"\" width=\"150\" height=\"150\" srcset=\"https:\/\/i0.wp.com\/www.jojoenherbe.com\/wp-content\/uploads\/2024\/12\/La-lettre-du-Loup-au-Pere-Noel-2-scaled.jpg?resize=150%2C150 150w, https:\/\/i0.wp.com\/www.jojoenherbe.com\/wp-content\/uploads\/2024\/12\/La-lettre-du-Loup-au-Pere-Noel-2-scaled.jpg?zoom=2&amp;resize=150%2C150 300w, https:\/\/i0.wp.com\/www.jojoenherbe.com\/wp-content\/uploads\/2024\/12\/La-lettre-du-Loup-au-Pere-Noel-2-scaled.jpg?zoom=3&amp;resize=150%2C150 450w\" sizes=\"auto, (max-width: 150px) 100vw, 150px\" \/><\/a>(Album jeunesse) <a href=\"http:\/\/www.jojoenherbe.com\/index.php\/2024\/12\/24\/au-fil-des-pages-avec-la-lettre-de-loup-au-pere-noel\/\"><span style=\"text-decoration: underline;\">La lettre de Loup au P\u00e8re No\u00ebl<\/span><\/a> de Shakti Staal et Marianne Barcilon (\u00e9d. Kal\u00e9idoscope, diff. L\u2019\u00e9cole des loisirs, novembre 2024, 40 pages), un album jeunesse grand format \u00e0 partir de 3 ans avec des flaps et des lettres \u00e0 ouvrir.<\/em><\/li>\n<li style=\"text-align: justify;\"><em><a href=\"https:\/\/i0.wp.com\/www.jojoenherbe.com\/wp-content\/uploads\/2024\/11\/Un-Noel-a-la-campagne-2.jpg\"><img data-recalc-dims=\"1\" loading=\"lazy\" decoding=\"async\" data-attachment-id=\"37657\" data-permalink=\"http:\/\/www.jojoenherbe.com\/index.php\/2024\/11\/12\/billet-de-suivi-il-etait-12-fois-noel\/screenshot-93\/\" data-orig-file=\"https:\/\/i0.wp.com\/www.jojoenherbe.com\/wp-content\/uploads\/2024\/11\/Un-Noel-a-la-campagne-2.jpg?fit=750%2C1272\" data-orig-size=\"750,1272\" data-comments-opened=\"1\" data-image-meta=\"{&quot;aperture&quot;:&quot;0&quot;,&quot;credit&quot;:&quot;&quot;,&quot;camera&quot;:&quot;&quot;,&quot;caption&quot;:&quot;Screenshot&quot;,&quot;created_timestamp&quot;:&quot;0&quot;,&quot;copyright&quot;:&quot;&quot;,&quot;focal_length&quot;:&quot;0&quot;,&quot;iso&quot;:&quot;0&quot;,&quot;shutter_speed&quot;:&quot;0&quot;,&quot;title&quot;:&quot;Screenshot&quot;,&quot;orientation&quot;:&quot;1&quot;}\" data-image-title=\"\" data-image-description=\"\" data-image-caption=\"\" data-large-file=\"https:\/\/i0.wp.com\/www.jojoenherbe.com\/wp-content\/uploads\/2024\/11\/Un-Noel-a-la-campagne-2.jpg?fit=604%2C1024\" class=\"size-thumbnail wp-image-37657 alignright\" src=\"https:\/\/i0.wp.com\/www.jojoenherbe.com\/wp-content\/uploads\/2024\/11\/Un-Noel-a-la-campagne-2.jpg?resize=150%2C150\" alt=\"\" width=\"150\" height=\"150\" srcset=\"https:\/\/i0.wp.com\/www.jojoenherbe.com\/wp-content\/uploads\/2024\/11\/Un-Noel-a-la-campagne-2.jpg?resize=150%2C150 150w, https:\/\/i0.wp.com\/www.jojoenherbe.com\/wp-content\/uploads\/2024\/11\/Un-Noel-a-la-campagne-2.jpg?zoom=2&amp;resize=150%2C150 300w, https:\/\/i0.wp.com\/www.jojoenherbe.com\/wp-content\/uploads\/2024\/11\/Un-Noel-a-la-campagne-2.jpg?zoom=3&amp;resize=150%2C150 450w\" sizes=\"auto, (max-width: 150px) 100vw, 150px\" \/><\/a>(Court roman policier de No\u00ebl) <a href=\"https:\/\/www.jojoenherbe.com\/index.php\/2024\/12\/27\/au-fil-des-pages-avec-un-noel-a-la-campagne\/\">Un No\u00ebl \u00e0 la campagne<\/a> d\u2019Anne Perry \u00e9d. 10\/18, n\u00b06023, novembre 2024, 186 pages), un court roman policier de No\u00ebl se d\u00e9roulant \u00e0 quelques jours de No\u00ebl et \u00e0 l\u2019approche du nouveau si\u00e8cle (le XXe) en LC avec Isabelle et Syl<\/em><\/li>\n<li style=\"text-align: justify;\"><em><a href=\"https:\/\/i0.wp.com\/www.jojoenherbe.com\/wp-content\/uploads\/2024\/12\/Christmas-Therapy.jpg\"><img data-recalc-dims=\"1\" loading=\"lazy\" decoding=\"async\" data-attachment-id=\"37665\" data-permalink=\"http:\/\/www.jojoenherbe.com\/index.php\/2024\/12\/28\/au-fil-des-pages-avec-christmas-therapy\/screenshot-95\/\" data-orig-file=\"https:\/\/i0.wp.com\/www.jojoenherbe.com\/wp-content\/uploads\/2024\/12\/Christmas-Therapy.jpg?fit=750%2C1276\" data-orig-size=\"750,1276\" data-comments-opened=\"1\" data-image-meta=\"{&quot;aperture&quot;:&quot;0&quot;,&quot;credit&quot;:&quot;&quot;,&quot;camera&quot;:&quot;&quot;,&quot;caption&quot;:&quot;Screenshot&quot;,&quot;created_timestamp&quot;:&quot;0&quot;,&quot;copyright&quot;:&quot;&quot;,&quot;focal_length&quot;:&quot;0&quot;,&quot;iso&quot;:&quot;0&quot;,&quot;shutter_speed&quot;:&quot;0&quot;,&quot;title&quot;:&quot;Screenshot&quot;,&quot;orientation&quot;:&quot;1&quot;}\" data-image-title=\"\" data-image-description=\"\" data-image-caption=\"\" data-large-file=\"https:\/\/i0.wp.com\/www.jojoenherbe.com\/wp-content\/uploads\/2024\/12\/Christmas-Therapy.jpg?fit=602%2C1024\" class=\"alignleft size-thumbnail wp-image-37665\" src=\"https:\/\/i0.wp.com\/www.jojoenherbe.com\/wp-content\/uploads\/2024\/12\/Christmas-Therapy.jpg?resize=150%2C150\" alt=\"\" width=\"150\" height=\"150\" srcset=\"https:\/\/i0.wp.com\/www.jojoenherbe.com\/wp-content\/uploads\/2024\/12\/Christmas-Therapy.jpg?resize=150%2C150 150w, https:\/\/i0.wp.com\/www.jojoenherbe.com\/wp-content\/uploads\/2024\/12\/Christmas-Therapy.jpg?zoom=2&amp;resize=150%2C150 300w, https:\/\/i0.wp.com\/www.jojoenherbe.com\/wp-content\/uploads\/2024\/12\/Christmas-Therapy.jpg?zoom=3&amp;resize=150%2C150 450w\" sizes=\"auto, (max-width: 150px) 100vw, 150px\" \/><\/a>(Romance contemporaine de No\u00ebl)<\/em> <em><a href=\"http:\/\/www.jojoenherbe.com\/index.php\/2024\/12\/28\/au-fil-des-pages-avec-christmas-therapy\/\"><span style=\"text-decoration: underline;\">Christmas Therapy<\/span><\/a> de Caro M. Leene (\u00e9d. Harper Collins Poche, octobre 2023, 328 pages), une romance contemporaine \u00ab\u00a0Grumpy\/Sunshine\u00a0\u00bb de No\u00ebl<\/em><\/li>\n<li style=\"text-align: justify;\"><em><a href=\"https:\/\/i0.wp.com\/www.jojoenherbe.com\/wp-content\/uploads\/2025\/01\/Retour-a-St-Mary-Hill.jpg\"><img data-recalc-dims=\"1\" loading=\"lazy\" decoding=\"async\" data-attachment-id=\"37812\" data-permalink=\"http:\/\/www.jojoenherbe.com\/index.php\/2025\/01\/04\/point-lecture-hebdomadaire-2024-52\/screenshot-112\/\" data-orig-file=\"https:\/\/i0.wp.com\/www.jojoenherbe.com\/wp-content\/uploads\/2025\/01\/Retour-a-St-Mary-Hill.jpg?fit=750%2C1191\" data-orig-size=\"750,1191\" data-comments-opened=\"1\" data-image-meta=\"{&quot;aperture&quot;:&quot;0&quot;,&quot;credit&quot;:&quot;&quot;,&quot;camera&quot;:&quot;&quot;,&quot;caption&quot;:&quot;Screenshot&quot;,&quot;created_timestamp&quot;:&quot;0&quot;,&quot;copyright&quot;:&quot;&quot;,&quot;focal_length&quot;:&quot;0&quot;,&quot;iso&quot;:&quot;0&quot;,&quot;shutter_speed&quot;:&quot;0&quot;,&quot;title&quot;:&quot;Screenshot&quot;,&quot;orientation&quot;:&quot;1&quot;}\" data-image-title=\"\" data-image-description=\"\" data-image-caption=\"\" data-large-file=\"https:\/\/i0.wp.com\/www.jojoenherbe.com\/wp-content\/uploads\/2025\/01\/Retour-a-St-Mary-Hill.jpg?fit=645%2C1024\" class=\"size-thumbnail wp-image-37812 alignright\" src=\"https:\/\/i0.wp.com\/www.jojoenherbe.com\/wp-content\/uploads\/2025\/01\/Retour-a-St-Mary-Hill.jpg?resize=150%2C150\" alt=\"\" width=\"150\" height=\"150\" srcset=\"https:\/\/i0.wp.com\/www.jojoenherbe.com\/wp-content\/uploads\/2025\/01\/Retour-a-St-Mary-Hill.jpg?resize=150%2C150 150w, https:\/\/i0.wp.com\/www.jojoenherbe.com\/wp-content\/uploads\/2025\/01\/Retour-a-St-Mary-Hill.jpg?zoom=2&amp;resize=150%2C150 300w, https:\/\/i0.wp.com\/www.jojoenherbe.com\/wp-content\/uploads\/2025\/01\/Retour-a-St-Mary-Hill.jpg?zoom=3&amp;resize=150%2C150 450w\" sizes=\"auto, (max-width: 150px) 100vw, 150px\" \/><\/a>(Romance cosy mystery de No\u00ebl) le <a href=\"http:\/\/www.jojoenherbe.com\/index.php\/2025\/01\/06\/au-fil-des-pages-avec-cosy-christmas-mystery-retour-a-st-mary-hill\/\">tome 1<\/a> de <span style=\"text-decoration: underline;\">Cosy Christmas Mystery, Retour \u00e0 St Mary Hill<\/span> de Carine Pitocchi (\u00e9d. Robert Laffont, coll. La B\u00eate noire, octobre 2023, 342 pages), une romance contemporaine cosy mystery \u00e0 la jolie illustration de couverture et se d\u00e9roulant au moment de No\u00ebl.<\/em><\/li>\n<\/ul>\n<div id=\"attachment_37265\" style=\"width: 166px\" class=\"wp-caption aligncenter\"><img data-recalc-dims=\"1\" loading=\"lazy\" decoding=\"async\" aria-describedby=\"caption-attachment-37265\" data-attachment-id=\"37265\" data-permalink=\"http:\/\/www.jojoenherbe.com\/index.php\/2024\/11\/17\/billet-de-suivi-challenge-christmas-time-2024\/challenge-christmas-time-2024-logo-2\/\" data-orig-file=\"https:\/\/i0.wp.com\/www.jojoenherbe.com\/wp-content\/uploads\/2024\/11\/Challenge-Christmas-Time-2024-logo-2.jpg?fit=564%2C395\" data-orig-size=\"564,395\" data-comments-opened=\"1\" data-image-meta=\"{&quot;aperture&quot;:&quot;0&quot;,&quot;credit&quot;:&quot;&quot;,&quot;camera&quot;:&quot;&quot;,&quot;caption&quot;:&quot;&quot;,&quot;created_timestamp&quot;:&quot;1731840241&quot;,&quot;copyright&quot;:&quot;&quot;,&quot;focal_length&quot;:&quot;0&quot;,&quot;iso&quot;:&quot;0&quot;,&quot;shutter_speed&quot;:&quot;0&quot;,&quot;title&quot;:&quot;&quot;,&quot;orientation&quot;:&quot;0&quot;}\" data-image-title=\"Challenge Christmas Time 2024 &amp;#8211; logo 2\" data-image-description=\"\" data-image-caption=\"\" data-large-file=\"https:\/\/i0.wp.com\/www.jojoenherbe.com\/wp-content\/uploads\/2024\/11\/Challenge-Christmas-Time-2024-logo-2.jpg?fit=564%2C395\" class=\"wp-image-37265\" src=\"https:\/\/i0.wp.com\/www.jojoenherbe.com\/wp-content\/uploads\/2024\/11\/Challenge-Christmas-Time-2024-logo-2.jpg?resize=156%2C109\" alt=\"\" width=\"156\" height=\"109\" srcset=\"https:\/\/i0.wp.com\/www.jojoenherbe.com\/wp-content\/uploads\/2024\/11\/Challenge-Christmas-Time-2024-logo-2.jpg?w=564 564w, https:\/\/i0.wp.com\/www.jojoenherbe.com\/wp-content\/uploads\/2024\/11\/Challenge-Christmas-Time-2024-logo-2.jpg?resize=300%2C210 300w\" sizes=\"auto, (max-width: 156px) 100vw, 156px\" \/><p id=\"caption-attachment-37265\" class=\"wp-caption-text\">Challenge Christmas Time 2024 de <em><a href=\"http:\/\/mya-books.over-blog.com\/2024\/11\/challenge-christmas-time-2024.html\">MyaRosa<\/a><\/em><\/p><\/div>\n\n\n<p><\/p>\n","protected":false},"excerpt":{"rendered":"<p>Le mois de d\u00e9cembre approchant, c\u2019est le retour du Challenge Christmas Time 2024, un challenge de No\u00ebl organis\u00e9 par MyaRosa et qui se d\u00e9roule du 15 novembre 2024 au 15 janvier 2025. Encore cette ann\u00e9e, MyaRosa a r\u00e9alis\u00e9 de tr\u00e8s jolis logos et h\u00e9site \u00e0 \u00e9laborer un planning facultatif. Tous les billets sont les bienvenus [&hellip;]<\/p>\n","protected":false},"author":1,"featured_media":37266,"comment_status":"open","ping_status":"open","sticky":false,"template":"","format":"standard","meta":{"jetpack_post_was_ever_published":false,"_jetpack_newsletter_access":"","_jetpack_dont_email_post_to_subs":false,"_jetpack_newsletter_tier_id":0,"_jetpack_memberships_contains_paywalled_content":false,"_jetpack_memberships_contains_paid_content":false,"footnotes":""},"categories":[873,363],"tags":[4393,983,1016,1056],"class_list":["post-37263","post","type-post","status-publish","format-standard","has-post-thumbnail","hentry","category-mini-challenger","category-mini-lecteur","tag-challenge-christmas-time-2024","tag-challenge-de-noel","tag-lectures-dhiver","tag-lectures-de-noel","post-preview"],"jetpack_featured_media_url":"https:\/\/i0.wp.com\/www.jojoenherbe.com\/wp-content\/uploads\/2024\/11\/Challenge-Christmas-Time-2024-logo.jpg?fit=623%2C457","jetpack_sharing_enabled":true,"jetpack_shortlink":"https:\/\/wp.me\/p9zhGx-9H1","jetpack_likes_enabled":true,"jetpack-related-posts":[{"id":41549,"url":"http:\/\/www.jojoenherbe.com\/index.php\/2025\/12\/01\/billet-de-suivi-challenge-christmas-time-2025\/","url_meta":{"origin":37263,"position":0},"title":"Billet de suivi: Challenge Christmas Time 2025","author":"Jojo","date":"1 d\u00e9cembre 2025","format":false,"excerpt":"En ce 1er d\u00e9cembre 2025, c\u2019est le retour du Challenge Christmas Time 2025, un challenge de No\u00ebl organis\u00e9 par MyaRosa et qui se d\u00e9roule du 1er d\u00e9cembre 2025 au 15 janvier 2025 avec un programme libre. Comme chaque ann\u00e9e, MyaRosa a r\u00e9alis\u00e9 de tr\u00e8s jolis logos. Tous les billets sont\u2026","rel":"","context":"Dans &quot;Mini blogueur&quot;","block_context":{"text":"Mini blogueur","link":"http:\/\/www.jojoenherbe.com\/index.php\/category\/mini-blogueur\/"},"img":{"alt_text":"","src":"https:\/\/i0.wp.com\/www.jojoenherbe.com\/wp-content\/uploads\/2025\/12\/Challenge-Christmas-Time-2025-logo.jpg?fit=1024%2C1024&resize=350%2C200","width":350,"height":200,"srcset":"https:\/\/i0.wp.com\/www.jojoenherbe.com\/wp-content\/uploads\/2025\/12\/Challenge-Christmas-Time-2025-logo.jpg?fit=1024%2C1024&resize=350%2C200 1x, https:\/\/i0.wp.com\/www.jojoenherbe.com\/wp-content\/uploads\/2025\/12\/Challenge-Christmas-Time-2025-logo.jpg?fit=1024%2C1024&resize=525%2C300 1.5x, https:\/\/i0.wp.com\/www.jojoenherbe.com\/wp-content\/uploads\/2025\/12\/Challenge-Christmas-Time-2025-logo.jpg?fit=1024%2C1024&resize=700%2C400 2x"},"classes":[]},{"id":33098,"url":"http:\/\/www.jojoenherbe.com\/index.php\/2023\/11\/15\/billet-de-suivi-challenge-christmas-time-2023\/","url_meta":{"origin":37263,"position":1},"title":"Billet de suivi: Challenge Christmas Time 2023","author":"Jojo","date":"15 novembre 2023","format":false,"excerpt":"Le mois de d\u00e9cembre approchant, c\u2019est le retour du Challenge Christmas Time 2023, un challenge de No\u00ebl organis\u00e9 par MyaRosa et qui se d\u00e9roule du 15 novembre 2023 au 15 janvier 2024. Encore cette ann\u00e9e, MyaRosa a r\u00e9alis\u00e9 de tr\u00e8s jolis logos et un planning facultatif \u00e0 partir du 1er\u2026","rel":"","context":"Dans &quot;Mini challenger&quot;","block_context":{"text":"Mini challenger","link":"http:\/\/www.jojoenherbe.com\/index.php\/category\/mini-challenger\/"},"img":{"alt_text":"","src":"https:\/\/i0.wp.com\/www.jojoenherbe.com\/wp-content\/uploads\/2023\/01\/Challenge-Christmas-Time-2023-logo-2.jpg?fit=564%2C410&resize=350%2C200","width":350,"height":200,"srcset":"https:\/\/i0.wp.com\/www.jojoenherbe.com\/wp-content\/uploads\/2023\/01\/Challenge-Christmas-Time-2023-logo-2.jpg?fit=564%2C410&resize=350%2C200 1x, https:\/\/i0.wp.com\/www.jojoenherbe.com\/wp-content\/uploads\/2023\/01\/Challenge-Christmas-Time-2023-logo-2.jpg?fit=564%2C410&resize=525%2C300 1.5x"},"classes":[]},{"id":33891,"url":"http:\/\/www.jojoenherbe.com\/index.php\/2024\/01\/01\/bilan-de-lecture-decembre-2023\/","url_meta":{"origin":37263,"position":2},"title":"Bilan de lecture: d\u00e9cembre 2023","author":"Jojo","date":"1 janvier 2024","format":false,"excerpt":"C\u2019est le premier du mois de janvier alors voici un petit retour livresque sur d\u00e9cembre 2023 avec un peu plus de billets publi\u00e9s surtout pour les challenges de No\u00ebl que j'appr\u00e9cie tout particuli\u00e8rement: Il \u00e9tait 11 fois No\u00ebl de Chicky Poo et Samarian, les portes de leur Chalet fermant ses\u2026","rel":"","context":"Dans &quot;Mini blogueur&quot;","block_context":{"text":"Mini blogueur","link":"http:\/\/www.jojoenherbe.com\/index.php\/category\/mini-blogueur\/"},"img":{"alt_text":"","src":"https:\/\/i0.wp.com\/www.jojoenherbe.com\/wp-content\/uploads\/2023\/12\/Selection-Decembre-2023-2-scaled.jpg?fit=1200%2C771&resize=350%2C200","width":350,"height":200,"srcset":"https:\/\/i0.wp.com\/www.jojoenherbe.com\/wp-content\/uploads\/2023\/12\/Selection-Decembre-2023-2-scaled.jpg?fit=1200%2C771&resize=350%2C200 1x, https:\/\/i0.wp.com\/www.jojoenherbe.com\/wp-content\/uploads\/2023\/12\/Selection-Decembre-2023-2-scaled.jpg?fit=1200%2C771&resize=525%2C300 1.5x, https:\/\/i0.wp.com\/www.jojoenherbe.com\/wp-content\/uploads\/2023\/12\/Selection-Decembre-2023-2-scaled.jpg?fit=1200%2C771&resize=700%2C400 2x, https:\/\/i0.wp.com\/www.jojoenherbe.com\/wp-content\/uploads\/2023\/12\/Selection-Decembre-2023-2-scaled.jpg?fit=1200%2C771&resize=1050%2C600 3x"},"classes":[]},{"id":22480,"url":"http:\/\/www.jojoenherbe.com\/index.php\/2021\/11\/16\/billet-de-suivi-challenge-christmas-time-2021\/","url_meta":{"origin":37263,"position":3},"title":"Billet de suivi: Challenge Christmas Time 2021","author":"Jojo","date":"16 novembre 2021","format":false,"excerpt":"Le mois de d\u00e9cembre approchant, c\u2019est le retour du Challenge Christmas Time 2021, un challenge de No\u00ebl organis\u00e9 par MyaRosa et qui se d\u00e9roule du 15 novembre 2021 au 15 janvier 2022. Pour plus d\u2019infos, n\u2019h\u00e9sitez pas \u00e0 aller sur son blog. Ce billet sera actualis\u00e9 au fil du challenge\u2026","rel":"","context":"Dans &quot;Mini challenger&quot;","block_context":{"text":"Mini challenger","link":"http:\/\/www.jojoenherbe.com\/index.php\/category\/mini-challenger\/"},"img":{"alt_text":"","src":"https:\/\/i0.wp.com\/www.jojoenherbe.com\/wp-content\/uploads\/2021\/11\/Challenge-Christmas-Time-2021.jpg?fit=416%2C365&resize=350%2C200","width":350,"height":200},"classes":[]},{"id":28735,"url":"http:\/\/www.jojoenherbe.com\/index.php\/2022\/11\/15\/billet-de-suivi-challenge-christmas-time-2022\/","url_meta":{"origin":37263,"position":4},"title":"Billet de suivi: Challenge Christmas Time 2022","author":"Jojo","date":"15 novembre 2022","format":false,"excerpt":"Le mois de d\u00e9cembre approchant, c\u2019est le retour du Challenge Christmas Time 2021, un challenge de No\u00ebl organis\u00e9 par MyaRosa et qui se d\u00e9roule du 15 novembre 2021 au 15 janvier 2022. Pour plus d\u2019infos, n\u2019h\u00e9sitez pas \u00e0 aller sur son blog. Ce billet sera actualis\u00e9 au fil du challenge\u2026","rel":"","context":"Dans &quot;Mini challenger&quot;","block_context":{"text":"Mini challenger","link":"http:\/\/www.jojoenherbe.com\/index.php\/category\/mini-challenger\/"},"img":{"alt_text":"","src":"https:\/\/i0.wp.com\/www.jojoenherbe.com\/wp-content\/uploads\/2022\/11\/Challenge-Christmas-Time-2022-2.jpg?fit=367%2C356&resize=350%2C200","width":350,"height":200},"classes":[]},{"id":37743,"url":"http:\/\/www.jojoenherbe.com\/index.php\/2025\/01\/01\/bilan-de-lecture-decembre-2024\/","url_meta":{"origin":37263,"position":5},"title":"Bilan de lecture: d\u00e9cembre 2024","author":"Jojo","date":"1 janvier 2025","format":false,"excerpt":"En ce premier janvier, voici le bilan de lecture du mois de d\u00e9cembre 2024 et pendant lequel nous nous sommes plong\u00e9s dans l'ambiance de No\u00ebl, le passage \u00e0 l'hiver s'\u00e9tant fait avec quelques lectures pour No\u00eblloween qui s\u2019est d\u00e9roul\u00e9e du 15 au 30 novembre 2024 et avec la fin du\u2026","rel":"","context":"Dans &quot;Mini blogueur&quot;","block_context":{"text":"Mini blogueur","link":"http:\/\/www.jojoenherbe.com\/index.php\/category\/mini-blogueur\/"},"img":{"alt_text":"","src":"https:\/\/i0.wp.com\/www.jojoenherbe.com\/wp-content\/uploads\/2025\/01\/Selection-Decembre-2024-scaled.jpg?fit=1200%2C913&resize=350%2C200","width":350,"height":200,"srcset":"https:\/\/i0.wp.com\/www.jojoenherbe.com\/wp-content\/uploads\/2025\/01\/Selection-Decembre-2024-scaled.jpg?fit=1200%2C913&resize=350%2C200 1x, https:\/\/i0.wp.com\/www.jojoenherbe.com\/wp-content\/uploads\/2025\/01\/Selection-Decembre-2024-scaled.jpg?fit=1200%2C913&resize=525%2C300 1.5x, https:\/\/i0.wp.com\/www.jojoenherbe.com\/wp-content\/uploads\/2025\/01\/Selection-Decembre-2024-scaled.jpg?fit=1200%2C913&resize=700%2C400 2x, https:\/\/i0.wp.com\/www.jojoenherbe.com\/wp-content\/uploads\/2025\/01\/Selection-Decembre-2024-scaled.jpg?fit=1200%2C913&resize=1050%2C600 3x"},"classes":[]}],"_links":{"self":[{"href":"http:\/\/www.jojoenherbe.com\/index.php\/wp-json\/wp\/v2\/posts\/37263","targetHints":{"allow":["GET"]}}],"collection":[{"href":"http:\/\/www.jojoenherbe.com\/index.php\/wp-json\/wp\/v2\/posts"}],"about":[{"href":"http:\/\/www.jojoenherbe.com\/index.php\/wp-json\/wp\/v2\/types\/post"}],"author":[{"embeddable":true,"href":"http:\/\/www.jojoenherbe.com\/index.php\/wp-json\/wp\/v2\/users\/1"}],"replies":[{"embeddable":true,"href":"http:\/\/www.jojoenherbe.com\/index.php\/wp-json\/wp\/v2\/comments?post=37263"}],"version-history":[{"count":10,"href":"http:\/\/www.jojoenherbe.com\/index.php\/wp-json\/wp\/v2\/posts\/37263\/revisions"}],"predecessor-version":[{"id":37894,"href":"http:\/\/www.jojoenherbe.com\/index.php\/wp-json\/wp\/v2\/posts\/37263\/revisions\/37894"}],"wp:featuredmedia":[{"embeddable":true,"href":"http:\/\/www.jojoenherbe.com\/index.php\/wp-json\/wp\/v2\/media\/37266"}],"wp:attachment":[{"href":"http:\/\/www.jojoenherbe.com\/index.php\/wp-json\/wp\/v2\/media?parent=37263"}],"wp:term":[{"taxonomy":"category","embeddable":true,"href":"http:\/\/www.jojoenherbe.com\/index.php\/wp-json\/wp\/v2\/categories?post=37263"},{"taxonomy":"post_tag","embeddable":true,"href":"http:\/\/www.jojoenherbe.com\/index.php\/wp-json\/wp\/v2\/tags?post=37263"}],"curies":[{"name":"wp","href":"https:\/\/api.w.org\/{rel}","templated":true}]}}