{"id":372,"date":"2015-08-16T19:50:35","date_gmt":"2015-08-16T17:50:35","guid":{"rendered":"http:\/\/jojoenherbe.com\/?p=372"},"modified":"2022-10-12T12:28:34","modified_gmt":"2022-10-12T10:28:34","slug":"balade-au-barrage-de-malpasset","status":"publish","type":"post","link":"http:\/\/www.jojoenherbe.com\/index.php\/2015\/08\/16\/balade-au-barrage-de-malpasset\/","title":{"rendered":"Balade au barrage de Malpasset"},"content":{"rendered":"<p style=\"text-align: justify;\"><a href=\"https:\/\/i0.wp.com\/www.jojoenherbe.com\/wp-content\/uploads\/2018\/01\/barrage-de-Malpasset.jpg\"><img data-recalc-dims=\"1\" loading=\"lazy\" decoding=\"async\" data-attachment-id=\"383\" data-permalink=\"http:\/\/www.jojoenherbe.com\/index.php\/2015\/08\/16\/balade-au-barrage-de-malpasset\/barrage-de-malpasset\/\" data-orig-file=\"https:\/\/i0.wp.com\/www.jojoenherbe.com\/wp-content\/uploads\/2018\/01\/barrage-de-Malpasset.jpg?fit=4000%2C3000\" data-orig-size=\"4000,3000\" data-comments-opened=\"1\" data-image-meta=\"{&quot;aperture&quot;:&quot;2.7&quot;,&quot;credit&quot;:&quot;&quot;,&quot;camera&quot;:&quot;COOLPIX S5100&quot;,&quot;caption&quot;:&quot;&quot;,&quot;created_timestamp&quot;:&quot;1439633934&quot;,&quot;copyright&quot;:&quot;&quot;,&quot;focal_length&quot;:&quot;5&quot;,&quot;iso&quot;:&quot;100&quot;,&quot;shutter_speed&quot;:&quot;0.003125&quot;,&quot;title&quot;:&quot;&quot;,&quot;orientation&quot;:&quot;1&quot;}\" data-image-title=\"barrage de Malpasset\" data-image-description=\"\" data-image-caption=\"\" data-large-file=\"https:\/\/i0.wp.com\/www.jojoenherbe.com\/wp-content\/uploads\/2018\/01\/barrage-de-Malpasset.jpg?fit=676%2C507\" class=\"size-thumbnail wp-image-383 alignright\" src=\"https:\/\/i0.wp.com\/www.jojoenherbe.com\/wp-content\/uploads\/2018\/01\/barrage-de-Malpasset.jpg?resize=150%2C150\" alt=\"\" width=\"150\" height=\"150\" srcset=\"https:\/\/i0.wp.com\/www.jojoenherbe.com\/wp-content\/uploads\/2018\/01\/barrage-de-Malpasset.jpg?resize=150%2C150 150w, https:\/\/i0.wp.com\/www.jojoenherbe.com\/wp-content\/uploads\/2018\/01\/barrage-de-Malpasset.jpg?zoom=2&amp;resize=150%2C150 300w, https:\/\/i0.wp.com\/www.jojoenherbe.com\/wp-content\/uploads\/2018\/01\/barrage-de-Malpasset.jpg?zoom=3&amp;resize=150%2C150 450w\" sizes=\"auto, (max-width: 150px) 100vw, 150px\" \/><\/a> <a href=\"https:\/\/i0.wp.com\/www.jojoenherbe.com\/wp-content\/uploads\/2018\/01\/barrage-de-Malpasset-2.jpg\"><img data-recalc-dims=\"1\" loading=\"lazy\" decoding=\"async\" data-attachment-id=\"374\" data-permalink=\"http:\/\/www.jojoenherbe.com\/index.php\/2015\/08\/16\/balade-au-barrage-de-malpasset\/barrage-de-malpasset-2\/\" data-orig-file=\"https:\/\/i0.wp.com\/www.jojoenherbe.com\/wp-content\/uploads\/2018\/01\/barrage-de-Malpasset-2.jpg?fit=3000%2C4000\" data-orig-size=\"3000,4000\" data-comments-opened=\"1\" data-image-meta=\"{&quot;aperture&quot;:&quot;2.7&quot;,&quot;credit&quot;:&quot;&quot;,&quot;camera&quot;:&quot;COOLPIX S5100&quot;,&quot;caption&quot;:&quot;&quot;,&quot;created_timestamp&quot;:&quot;1439634640&quot;,&quot;copyright&quot;:&quot;&quot;,&quot;focal_length&quot;:&quot;5&quot;,&quot;iso&quot;:&quot;100&quot;,&quot;shutter_speed&quot;:&quot;0.00125&quot;,&quot;title&quot;:&quot;&quot;,&quot;orientation&quot;:&quot;1&quot;}\" data-image-title=\"barrage de Malpasset\" data-image-description=\"\" data-image-caption=\"\" data-large-file=\"https:\/\/i0.wp.com\/www.jojoenherbe.com\/wp-content\/uploads\/2018\/01\/barrage-de-Malpasset-2.jpg?fit=676%2C901\" class=\"size-thumbnail wp-image-374 alignright\" src=\"https:\/\/i0.wp.com\/www.jojoenherbe.com\/wp-content\/uploads\/2018\/01\/barrage-de-Malpasset-2.jpg?resize=150%2C150\" alt=\"\" width=\"150\" height=\"150\" srcset=\"https:\/\/i0.wp.com\/www.jojoenherbe.com\/wp-content\/uploads\/2018\/01\/barrage-de-Malpasset-2.jpg?resize=150%2C150 150w, https:\/\/i0.wp.com\/www.jojoenherbe.com\/wp-content\/uploads\/2018\/01\/barrage-de-Malpasset-2.jpg?zoom=2&amp;resize=150%2C150 300w, https:\/\/i0.wp.com\/www.jojoenherbe.com\/wp-content\/uploads\/2018\/01\/barrage-de-Malpasset-2.jpg?zoom=3&amp;resize=150%2C150 450w\" sizes=\"auto, (max-width: 150px) 100vw, 150px\" \/><\/a><em>Cela faisait bien trop de fois que nous passions au-dessus du parking d&rsquo;acc\u00e8s au barrage de Malpasset sur l&rsquo;autoroute A8, \u00e0 quelques kilom\u00e8tres au Nord de Fr\u00e9jus, sans prendre le temps de nous y rendre. C&rsquo;est chose faite ce 15 ao\u00fbt 2015, malgr\u00e9 le temps qui commence \u00e0 tourner et qui fait \u00e9cho \u00e0 cette grande catastrophe ayant conduit \u00e0 la rupture de ce barrage-vo\u00fbte le 2 d\u00e9cembre 1959. <\/em><\/p>\n<p><a href=\"https:\/\/i0.wp.com\/www.jojoenherbe.com\/wp-content\/uploads\/2018\/01\/barrage-de-Malpasset-4.jpg\"><img data-recalc-dims=\"1\" loading=\"lazy\" decoding=\"async\" data-attachment-id=\"376\" data-permalink=\"http:\/\/www.jojoenherbe.com\/index.php\/2015\/08\/16\/balade-au-barrage-de-malpasset\/barrage-de-malpasset-4\/\" data-orig-file=\"https:\/\/i0.wp.com\/www.jojoenherbe.com\/wp-content\/uploads\/2018\/01\/barrage-de-Malpasset-4.jpg?fit=4000%2C3000\" data-orig-size=\"4000,3000\" data-comments-opened=\"1\" data-image-meta=\"{&quot;aperture&quot;:&quot;7.6&quot;,&quot;credit&quot;:&quot;&quot;,&quot;camera&quot;:&quot;COOLPIX S5100&quot;,&quot;caption&quot;:&quot;&quot;,&quot;created_timestamp&quot;:&quot;1439636015&quot;,&quot;copyright&quot;:&quot;&quot;,&quot;focal_length&quot;:&quot;5&quot;,&quot;iso&quot;:&quot;100&quot;,&quot;shutter_speed&quot;:&quot;0.008&quot;,&quot;title&quot;:&quot;&quot;,&quot;orientation&quot;:&quot;1&quot;}\" data-image-title=\"barrage de Malpasset\" data-image-description=\"\" data-image-caption=\"\" data-large-file=\"https:\/\/i0.wp.com\/www.jojoenherbe.com\/wp-content\/uploads\/2018\/01\/barrage-de-Malpasset-4.jpg?fit=676%2C507\" class=\"alignleft size-thumbnail wp-image-376\" src=\"https:\/\/i0.wp.com\/www.jojoenherbe.com\/wp-content\/uploads\/2018\/01\/barrage-de-Malpasset-4.jpg?resize=150%2C150\" alt=\"\" width=\"150\" height=\"150\" srcset=\"https:\/\/i0.wp.com\/www.jojoenherbe.com\/wp-content\/uploads\/2018\/01\/barrage-de-Malpasset-4.jpg?resize=150%2C150 150w, https:\/\/i0.wp.com\/www.jojoenherbe.com\/wp-content\/uploads\/2018\/01\/barrage-de-Malpasset-4.jpg?zoom=2&amp;resize=150%2C150 300w, https:\/\/i0.wp.com\/www.jojoenherbe.com\/wp-content\/uploads\/2018\/01\/barrage-de-Malpasset-4.jpg?zoom=3&amp;resize=150%2C150 450w\" sizes=\"auto, (max-width: 150px) 100vw, 150px\" \/><\/a> <a href=\"https:\/\/i0.wp.com\/www.jojoenherbe.com\/wp-content\/uploads\/2018\/01\/barrage-de-Malpasset-3.jpg\"><img data-recalc-dims=\"1\" loading=\"lazy\" decoding=\"async\" data-attachment-id=\"375\" data-permalink=\"http:\/\/www.jojoenherbe.com\/index.php\/2015\/08\/16\/balade-au-barrage-de-malpasset\/barrage-de-malpasset-3\/\" data-orig-file=\"https:\/\/i0.wp.com\/www.jojoenherbe.com\/wp-content\/uploads\/2018\/01\/barrage-de-Malpasset-3.jpg?fit=3000%2C4000\" data-orig-size=\"3000,4000\" data-comments-opened=\"1\" data-image-meta=\"{&quot;aperture&quot;:&quot;3.4&quot;,&quot;credit&quot;:&quot;&quot;,&quot;camera&quot;:&quot;COOLPIX S5100&quot;,&quot;caption&quot;:&quot;&quot;,&quot;created_timestamp&quot;:&quot;1439635745&quot;,&quot;copyright&quot;:&quot;&quot;,&quot;focal_length&quot;:&quot;8.3&quot;,&quot;iso&quot;:&quot;100&quot;,&quot;shutter_speed&quot;:&quot;0.005&quot;,&quot;title&quot;:&quot;&quot;,&quot;orientation&quot;:&quot;1&quot;}\" data-image-title=\"barrage de Malpasset\" data-image-description=\"\" data-image-caption=\"\" data-large-file=\"https:\/\/i0.wp.com\/www.jojoenherbe.com\/wp-content\/uploads\/2018\/01\/barrage-de-Malpasset-3.jpg?fit=676%2C901\" class=\"alignleft size-thumbnail wp-image-375\" src=\"https:\/\/i0.wp.com\/www.jojoenherbe.com\/wp-content\/uploads\/2018\/01\/barrage-de-Malpasset-3.jpg?resize=150%2C150\" alt=\"\" width=\"150\" height=\"150\" srcset=\"https:\/\/i0.wp.com\/www.jojoenherbe.com\/wp-content\/uploads\/2018\/01\/barrage-de-Malpasset-3.jpg?resize=150%2C150 150w, https:\/\/i0.wp.com\/www.jojoenherbe.com\/wp-content\/uploads\/2018\/01\/barrage-de-Malpasset-3.jpg?zoom=2&amp;resize=150%2C150 300w, https:\/\/i0.wp.com\/www.jojoenherbe.com\/wp-content\/uploads\/2018\/01\/barrage-de-Malpasset-3.jpg?zoom=3&amp;resize=150%2C150 450w\" sizes=\"auto, (max-width: 150px) 100vw, 150px\" \/><\/a> <a href=\"https:\/\/i0.wp.com\/www.jojoenherbe.com\/wp-content\/uploads\/2018\/01\/barrage-de-Malpasset-8.jpg\"><img data-recalc-dims=\"1\" loading=\"lazy\" decoding=\"async\" data-attachment-id=\"380\" data-permalink=\"http:\/\/www.jojoenherbe.com\/index.php\/2015\/08\/16\/balade-au-barrage-de-malpasset\/barrage-de-malpasset-8\/\" data-orig-file=\"https:\/\/i0.wp.com\/www.jojoenherbe.com\/wp-content\/uploads\/2018\/01\/barrage-de-Malpasset-8.jpg?fit=3000%2C4000\" data-orig-size=\"3000,4000\" data-comments-opened=\"1\" data-image-meta=\"{&quot;aperture&quot;:&quot;2.7&quot;,&quot;credit&quot;:&quot;&quot;,&quot;camera&quot;:&quot;COOLPIX S5100&quot;,&quot;caption&quot;:&quot;&quot;,&quot;created_timestamp&quot;:&quot;1439636763&quot;,&quot;copyright&quot;:&quot;&quot;,&quot;focal_length&quot;:&quot;5&quot;,&quot;iso&quot;:&quot;100&quot;,&quot;shutter_speed&quot;:&quot;0.003125&quot;,&quot;title&quot;:&quot;&quot;,&quot;orientation&quot;:&quot;1&quot;}\" data-image-title=\"barrage de Malpasset\" data-image-description=\"\" data-image-caption=\"\" data-large-file=\"https:\/\/i0.wp.com\/www.jojoenherbe.com\/wp-content\/uploads\/2018\/01\/barrage-de-Malpasset-8.jpg?fit=676%2C901\" class=\"alignleft size-thumbnail wp-image-380\" src=\"https:\/\/i0.wp.com\/www.jojoenherbe.com\/wp-content\/uploads\/2018\/01\/barrage-de-Malpasset-8.jpg?resize=150%2C150\" alt=\"\" width=\"150\" height=\"150\" srcset=\"https:\/\/i0.wp.com\/www.jojoenherbe.com\/wp-content\/uploads\/2018\/01\/barrage-de-Malpasset-8.jpg?resize=150%2C150 150w, https:\/\/i0.wp.com\/www.jojoenherbe.com\/wp-content\/uploads\/2018\/01\/barrage-de-Malpasset-8.jpg?zoom=2&amp;resize=150%2C150 300w, https:\/\/i0.wp.com\/www.jojoenherbe.com\/wp-content\/uploads\/2018\/01\/barrage-de-Malpasset-8.jpg?zoom=3&amp;resize=150%2C150 450w\" sizes=\"auto, (max-width: 150px) 100vw, 150px\" \/><\/a><\/p>\n<p style=\"text-align: justify;\"><em>Le sentier t\u00e9moigne encore de l&rsquo;horreur inou\u00efe de ce soir-l\u00e0 : de-ci de-l\u00e0, des morceaux de ferrailles sortent de nulle part du sol tandis qu&rsquo;\u00e0 d&rsquo;autres endroits, des blocs immenses de pierre et de b\u00e9ton nous font face alors que le barrage est encore loin. Et une fois arriv\u00e9s au pied du barrage d\u00e9truit, nous nous sentons bien petits et sans voix. <\/em><\/p>\n<p style=\"text-align: justify;\"><a href=\"https:\/\/i0.wp.com\/www.jojoenherbe.com\/wp-content\/uploads\/2018\/01\/barrage-de-Malpasset-6.jpg\"><img data-recalc-dims=\"1\" loading=\"lazy\" decoding=\"async\" data-attachment-id=\"378\" data-permalink=\"http:\/\/www.jojoenherbe.com\/index.php\/2015\/08\/16\/balade-au-barrage-de-malpasset\/barrage-de-malpasset-6\/\" data-orig-file=\"https:\/\/i0.wp.com\/www.jojoenherbe.com\/wp-content\/uploads\/2018\/01\/barrage-de-Malpasset-6.jpg?fit=4000%2C3000\" data-orig-size=\"4000,3000\" data-comments-opened=\"1\" data-image-meta=\"{&quot;aperture&quot;:&quot;2.7&quot;,&quot;credit&quot;:&quot;&quot;,&quot;camera&quot;:&quot;COOLPIX S5100&quot;,&quot;caption&quot;:&quot;&quot;,&quot;created_timestamp&quot;:&quot;1439636393&quot;,&quot;copyright&quot;:&quot;&quot;,&quot;focal_length&quot;:&quot;5&quot;,&quot;iso&quot;:&quot;100&quot;,&quot;shutter_speed&quot;:&quot;0.004&quot;,&quot;title&quot;:&quot;&quot;,&quot;orientation&quot;:&quot;1&quot;}\" data-image-title=\"barrage de Malpasset\" data-image-description=\"\" data-image-caption=\"\" data-large-file=\"https:\/\/i0.wp.com\/www.jojoenherbe.com\/wp-content\/uploads\/2018\/01\/barrage-de-Malpasset-6.jpg?fit=676%2C507\" class=\"size-thumbnail wp-image-378 alignright\" src=\"https:\/\/i0.wp.com\/www.jojoenherbe.com\/wp-content\/uploads\/2018\/01\/barrage-de-Malpasset-6.jpg?resize=150%2C150\" alt=\"\" width=\"150\" height=\"150\" srcset=\"https:\/\/i0.wp.com\/www.jojoenherbe.com\/wp-content\/uploads\/2018\/01\/barrage-de-Malpasset-6.jpg?resize=150%2C150 150w, https:\/\/i0.wp.com\/www.jojoenherbe.com\/wp-content\/uploads\/2018\/01\/barrage-de-Malpasset-6.jpg?zoom=2&amp;resize=150%2C150 300w, https:\/\/i0.wp.com\/www.jojoenherbe.com\/wp-content\/uploads\/2018\/01\/barrage-de-Malpasset-6.jpg?zoom=3&amp;resize=150%2C150 450w\" sizes=\"auto, (max-width: 150px) 100vw, 150px\" \/><\/a> <a href=\"https:\/\/i0.wp.com\/www.jojoenherbe.com\/wp-content\/uploads\/2018\/01\/barrage-de-Malpasset-7.jpg\"><img data-recalc-dims=\"1\" loading=\"lazy\" decoding=\"async\" data-attachment-id=\"379\" data-permalink=\"http:\/\/www.jojoenherbe.com\/index.php\/2015\/08\/16\/balade-au-barrage-de-malpasset\/barrage-de-malpasset-7\/\" data-orig-file=\"https:\/\/i0.wp.com\/www.jojoenherbe.com\/wp-content\/uploads\/2018\/01\/barrage-de-Malpasset-7.jpg?fit=3000%2C4000\" data-orig-size=\"3000,4000\" data-comments-opened=\"1\" data-image-meta=\"{&quot;aperture&quot;:&quot;2.7&quot;,&quot;credit&quot;:&quot;&quot;,&quot;camera&quot;:&quot;COOLPIX S5100&quot;,&quot;caption&quot;:&quot;&quot;,&quot;created_timestamp&quot;:&quot;1439636649&quot;,&quot;copyright&quot;:&quot;&quot;,&quot;focal_length&quot;:&quot;5&quot;,&quot;iso&quot;:&quot;100&quot;,&quot;shutter_speed&quot;:&quot;0.004&quot;,&quot;title&quot;:&quot;&quot;,&quot;orientation&quot;:&quot;1&quot;}\" data-image-title=\"barrage de Malpasset\" data-image-description=\"\" data-image-caption=\"\" data-large-file=\"https:\/\/i0.wp.com\/www.jojoenherbe.com\/wp-content\/uploads\/2018\/01\/barrage-de-Malpasset-7.jpg?fit=676%2C901\" class=\"size-thumbnail wp-image-379 alignright\" src=\"https:\/\/i0.wp.com\/www.jojoenherbe.com\/wp-content\/uploads\/2018\/01\/barrage-de-Malpasset-7.jpg?resize=150%2C150\" alt=\"\" width=\"150\" height=\"150\" srcset=\"https:\/\/i0.wp.com\/www.jojoenherbe.com\/wp-content\/uploads\/2018\/01\/barrage-de-Malpasset-7.jpg?resize=150%2C150 150w, https:\/\/i0.wp.com\/www.jojoenherbe.com\/wp-content\/uploads\/2018\/01\/barrage-de-Malpasset-7.jpg?zoom=2&amp;resize=150%2C150 300w, https:\/\/i0.wp.com\/www.jojoenherbe.com\/wp-content\/uploads\/2018\/01\/barrage-de-Malpasset-7.jpg?zoom=3&amp;resize=150%2C150 450w\" sizes=\"auto, (max-width: 150px) 100vw, 150px\" \/><\/a> <a href=\"https:\/\/i0.wp.com\/www.jojoenherbe.com\/wp-content\/uploads\/2018\/01\/barrage-de-Malpasset-10.jpg\"><img data-recalc-dims=\"1\" loading=\"lazy\" decoding=\"async\" data-attachment-id=\"382\" data-permalink=\"http:\/\/www.jojoenherbe.com\/index.php\/2015\/08\/16\/balade-au-barrage-de-malpasset\/barrage-de-malpasset-10\/\" data-orig-file=\"https:\/\/i0.wp.com\/www.jojoenherbe.com\/wp-content\/uploads\/2018\/01\/barrage-de-Malpasset-10.jpg?fit=4000%2C3000\" data-orig-size=\"4000,3000\" data-comments-opened=\"1\" data-image-meta=\"{&quot;aperture&quot;:&quot;2.7&quot;,&quot;credit&quot;:&quot;&quot;,&quot;camera&quot;:&quot;COOLPIX S5100&quot;,&quot;caption&quot;:&quot;&quot;,&quot;created_timestamp&quot;:&quot;1439637497&quot;,&quot;copyright&quot;:&quot;&quot;,&quot;focal_length&quot;:&quot;5&quot;,&quot;iso&quot;:&quot;100&quot;,&quot;shutter_speed&quot;:&quot;0.0125&quot;,&quot;title&quot;:&quot;&quot;,&quot;orientation&quot;:&quot;1&quot;}\" data-image-title=\"barrage de Malpasset\" data-image-description=\"\" data-image-caption=\"\" data-large-file=\"https:\/\/i0.wp.com\/www.jojoenherbe.com\/wp-content\/uploads\/2018\/01\/barrage-de-Malpasset-10.jpg?fit=676%2C507\" class=\"size-thumbnail wp-image-382 alignright\" src=\"https:\/\/i0.wp.com\/www.jojoenherbe.com\/wp-content\/uploads\/2018\/01\/barrage-de-Malpasset-10.jpg?resize=150%2C150\" alt=\"\" width=\"150\" height=\"150\" srcset=\"https:\/\/i0.wp.com\/www.jojoenherbe.com\/wp-content\/uploads\/2018\/01\/barrage-de-Malpasset-10.jpg?resize=150%2C150 150w, https:\/\/i0.wp.com\/www.jojoenherbe.com\/wp-content\/uploads\/2018\/01\/barrage-de-Malpasset-10.jpg?zoom=2&amp;resize=150%2C150 300w, https:\/\/i0.wp.com\/www.jojoenherbe.com\/wp-content\/uploads\/2018\/01\/barrage-de-Malpasset-10.jpg?zoom=3&amp;resize=150%2C150 450w\" sizes=\"auto, (max-width: 150px) 100vw, 150px\" \/><\/a><em>Pour autant, l<\/em><em>a nature a repris ses droits, \u00e0 l&rsquo;instar d&rsquo;autres grandes catastrophes du XXe si\u00e8cle. La v\u00e9g\u00e9tation a bien repouss\u00e9, comme ces m\u00fbriers accol\u00e9s au barrage m\u00eame. Les gouttes d&rsquo;eau se font de plus en plus ressentir et nous d\u00e9cidons de rentrer.<br \/>\n<\/em><\/p>\n<p style=\"text-align: justify;\"><em><span style=\"text-decoration: underline;\">Un peu d&rsquo;histoire<\/span> : Apr\u00e8s des pluies torrentielles en novembre 1959, le barrage de Malpasset, rempli \u00e0 ras bord, a c\u00e9d\u00e9 \u00e0 21h13. L&rsquo;eau ainsi lib\u00e9r\u00e9e du Reyran (pr\u00e8s de 50 millions de m<span class=\"_Tgc _s8w\"><sup>3<\/sup><\/span>) s&rsquo;est transform\u00e9e en une vague de plus de 40 m\u00e8tres de hauteur et, en \u00e0 peine 20 minutes, a emport\u00e9 423 vies, de nombreux animaux et d\u00e9truit tout sur son passage (habitations, voies ferr\u00e9es, routes, plantations&#8230;) jusqu&rsquo;\u00e0 la Mer \u00e0 hauteur de Fr\u00e9jus. Des causes naturelles et humaines sont \u00e0 l&rsquo;origine de ce drame ; ce qui ressort des suites judiciaires (Cass. Crim. 7 d\u00e9cembre 1967 (N\u00b066-91852) ; CE, Ass. 28 mai 1971 (N\u00b076216)).<\/em><\/p>\n<p><iframe loading=\"lazy\" style=\"border: 0;\" src=\"https:\/\/www.google.com\/maps\/embed?pb=!1m18!1m12!1m3!1d2893.5260417063173!2d6.754563315493185!3d43.51222197912644!2m3!1f0!2f0!3f0!3m2!1i1024!2i768!4f13.1!3m3!1m2!1s0x12ce98ac59d8e8a3%3A0xefcc95e301ea6d4e!2sAncien+Barrage+de+Malpasset!5e0!3m2!1sfr!2sfr!4v1516912440191\" allowfullscreen=\"allowfullscreen\" width=\"400\" height=\"300\" frameborder=\"0\"><\/iframe><\/p>\n","protected":false},"excerpt":{"rendered":"<p>Cela faisait bien trop de fois que nous passions au-dessus du parking d&rsquo;acc\u00e8s au barrage de Malpasset sur l&rsquo;autoroute A8, \u00e0 quelques kilom\u00e8tres au Nord de Fr\u00e9jus, sans prendre le temps de nous y rendre. C&rsquo;est chose faite ce 15 ao\u00fbt 2015, malgr\u00e9 le temps qui commence \u00e0 tourner et qui fait \u00e9cho \u00e0 cette [&hellip;]<\/p>\n","protected":false},"author":1,"featured_media":381,"comment_status":"open","ping_status":"open","sticky":false,"template":"","format":"standard","meta":{"jetpack_post_was_ever_published":false,"_jetpack_newsletter_access":"","_jetpack_dont_email_post_to_subs":false,"_jetpack_newsletter_tier_id":0,"_jetpack_memberships_contains_paywalled_content":false,"_jetpack_memberships_contains_paid_content":false,"footnotes":""},"categories":[13],"tags":[2679,42,43,5,1506,27],"class_list":["post-372","post","type-post","status-publish","format-standard","has-post-thumbnail","hentry","category-mini-randonneur","tag-barrage","tag-barrage-de-malpasset","tag-frejus","tag-paca","tag-region-sud","tag-var","post-preview"],"jetpack_featured_media_url":"https:\/\/i0.wp.com\/www.jojoenherbe.com\/wp-content\/uploads\/2018\/01\/barrage-de-Malpasset-9.jpg?fit=3000%2C4000","jetpack_sharing_enabled":true,"jetpack_shortlink":"https:\/\/wp.me\/p9zhGx-60","jetpack_likes_enabled":true,"jetpack-related-posts":[{"id":40177,"url":"http:\/\/www.jojoenherbe.com\/index.php\/2025\/07\/29\/balade-au-barrage-du-gouffre-de-lenfer-a-rochetaillee\/","url_meta":{"origin":372,"position":0},"title":"Balade au barrage du Gouffre de l&rsquo;Enfer, \u00e0 Rochetaill\u00e9e","author":"Jojo","date":"29 juillet 2025","format":false,"excerpt":"Mardi dernier, nous sommes partis \u00e0 quelques minutes de Saint-\u00c9tienne en voiture \u00e0 Rochetaill\u00e9e, un petit village perch\u00e9 dans le Massif du Pilat, surplomb\u00e9 par les ruines du ch\u00e2teau datant du XIe si\u00e8cle. Le parking du Gouffre d'Enfer \u00e9tant ferm\u00e9 jusqu'en d\u00e9cembre 2025, nous nous garons finalement dans la mont\u00e9e\u2026","rel":"","context":"Dans &quot;Mini baladeur&quot;","block_context":{"text":"Mini baladeur","link":"http:\/\/www.jojoenherbe.com\/index.php\/category\/mini-crapahuteur\/mini-baladeur\/"},"img":{"alt_text":"","src":"https:\/\/i0.wp.com\/www.jojoenherbe.com\/wp-content\/uploads\/2025\/07\/Rochetaillee-barrage-du-Gouffre-de-lEnfer-scaled.jpg?fit=1200%2C900&resize=350%2C200","width":350,"height":200,"srcset":"https:\/\/i0.wp.com\/www.jojoenherbe.com\/wp-content\/uploads\/2025\/07\/Rochetaillee-barrage-du-Gouffre-de-lEnfer-scaled.jpg?fit=1200%2C900&resize=350%2C200 1x, https:\/\/i0.wp.com\/www.jojoenherbe.com\/wp-content\/uploads\/2025\/07\/Rochetaillee-barrage-du-Gouffre-de-lEnfer-scaled.jpg?fit=1200%2C900&resize=525%2C300 1.5x, https:\/\/i0.wp.com\/www.jojoenherbe.com\/wp-content\/uploads\/2025\/07\/Rochetaillee-barrage-du-Gouffre-de-lEnfer-scaled.jpg?fit=1200%2C900&resize=700%2C400 2x, https:\/\/i0.wp.com\/www.jojoenherbe.com\/wp-content\/uploads\/2025\/07\/Rochetaillee-barrage-du-Gouffre-de-lEnfer-scaled.jpg?fit=1200%2C900&resize=1050%2C600 3x"},"classes":[]},{"id":1355,"url":"http:\/\/www.jojoenherbe.com\/index.php\/2015\/09\/01\/dans-le-verdon-en-voiture\/","url_meta":{"origin":372,"position":1},"title":"Dans le Verdon en voiture","author":"Jojo","date":"1 septembre 2015","format":false,"excerpt":"Ce 30 ao\u00fbt 2015, nous nous levons t\u00f4t au camping de Sainte-Croix-du-Verdon, r\u00e9veill\u00e9s par les chants des oiseaux. Nous partons vers les Gorges du Verdon. Nous nous arr\u00eatons \u00e0 Salles-sur-Verdon pour nous renseigner aupr\u00e8s de l'Office du Tourisme et prendre un petit d\u00e9jeuner sur la terrasse d'une boulangerie de la\u2026","rel":"","context":"Dans &quot;Mini baladeur&quot;","block_context":{"text":"Mini baladeur","link":"http:\/\/www.jojoenherbe.com\/index.php\/category\/mini-crapahuteur\/mini-baladeur\/"},"img":{"alt_text":"","src":"https:\/\/i0.wp.com\/www.jojoenherbe.com\/wp-content\/uploads\/2015\/09\/Lac-de-Sainte-Croix-3.jpg?fit=1200%2C900&resize=350%2C200","width":350,"height":200,"srcset":"https:\/\/i0.wp.com\/www.jojoenherbe.com\/wp-content\/uploads\/2015\/09\/Lac-de-Sainte-Croix-3.jpg?fit=1200%2C900&resize=350%2C200 1x, https:\/\/i0.wp.com\/www.jojoenherbe.com\/wp-content\/uploads\/2015\/09\/Lac-de-Sainte-Croix-3.jpg?fit=1200%2C900&resize=525%2C300 1.5x, https:\/\/i0.wp.com\/www.jojoenherbe.com\/wp-content\/uploads\/2015\/09\/Lac-de-Sainte-Croix-3.jpg?fit=1200%2C900&resize=700%2C400 2x, https:\/\/i0.wp.com\/www.jojoenherbe.com\/wp-content\/uploads\/2015\/09\/Lac-de-Sainte-Croix-3.jpg?fit=1200%2C900&resize=1050%2C600 3x"},"classes":[]},{"id":19313,"url":"http:\/\/www.jojoenherbe.com\/index.php\/2021\/07\/31\/au-fil-des-pages-avec-le-parfum-des-grandes-vacances\/","url_meta":{"origin":372,"position":2},"title":"Au fil des pages avec Le parfum des grandes vacances","author":"Jojo","date":"31 juillet 2021","format":false,"excerpt":"Je lis Le parfum des grandes vacances de Thibault Prugne (\u00e9d. Margot, 2019), un album jeunesse grand format \u00e0 partir de 6 ans.\u00a0 Une petite fille, Louise passe l\u2019\u00e9t\u00e9 chez P\u00e9p\u00e9 L\u00e9on son grand-p\u00e8re maternel, solitaire et excentrique, loin de la guerre. D'abord un peu intimid\u00e9e par son grand-p\u00e8re, elle\u2026","rel":"","context":"Dans &quot;Mini lecteur&quot;","block_context":{"text":"Mini lecteur","link":"http:\/\/www.jojoenherbe.com\/index.php\/category\/mini-lecteur\/"},"img":{"alt_text":"","src":"https:\/\/i0.wp.com\/www.jojoenherbe.com\/wp-content\/uploads\/2021\/07\/Le-parfum-des-grandes-vacances-scaled.jpg?fit=1200%2C900&resize=350%2C200","width":350,"height":200,"srcset":"https:\/\/i0.wp.com\/www.jojoenherbe.com\/wp-content\/uploads\/2021\/07\/Le-parfum-des-grandes-vacances-scaled.jpg?fit=1200%2C900&resize=350%2C200 1x, https:\/\/i0.wp.com\/www.jojoenherbe.com\/wp-content\/uploads\/2021\/07\/Le-parfum-des-grandes-vacances-scaled.jpg?fit=1200%2C900&resize=525%2C300 1.5x, https:\/\/i0.wp.com\/www.jojoenherbe.com\/wp-content\/uploads\/2021\/07\/Le-parfum-des-grandes-vacances-scaled.jpg?fit=1200%2C900&resize=700%2C400 2x, https:\/\/i0.wp.com\/www.jojoenherbe.com\/wp-content\/uploads\/2021\/07\/Le-parfum-des-grandes-vacances-scaled.jpg?fit=1200%2C900&resize=1050%2C600 3x"},"classes":[]},{"id":3600,"url":"http:\/\/www.jojoenherbe.com\/index.php\/2018\/09\/03\/balade-sur-le-sentier-de-lecluse-pegomas\/","url_meta":{"origin":372,"position":3},"title":"Balade sur le sentier de l&rsquo;\u00e9cluse &#8211; P\u00e9gomas","author":"Jojo","date":"3 septembre 2018","format":false,"excerpt":"Ce 2 septembre 2018, nous allons nous promener \u00e0 P\u00e9gomas le long de la Siagne en direction d'Auribeau-sur-Siagne. Apr\u00e8s avoir pass\u00e9 le rond-point avec une sculpture d'\u00e9l\u00e9phant, nous prenons \u00e0 gauche jusqu'au parking d'un restaurant donnant acc\u00e8s au sentier de l'\u00e9cluse. Nous commen\u00e7ons par un petit tour du parc avec\u2026","rel":"","context":"Dans &quot;Mini randonneur&quot;","block_context":{"text":"Mini randonneur","link":"http:\/\/www.jojoenherbe.com\/index.php\/category\/mini-crapahuteur\/mini-randonneur\/"},"img":{"alt_text":"","src":"https:\/\/i0.wp.com\/www.jojoenherbe.com\/wp-content\/uploads\/2018\/09\/Sentier-de-l%C3%A9cluse-P%C3%A9gomas-4.jpg?fit=1200%2C923&resize=350%2C200","width":350,"height":200,"srcset":"https:\/\/i0.wp.com\/www.jojoenherbe.com\/wp-content\/uploads\/2018\/09\/Sentier-de-l%C3%A9cluse-P%C3%A9gomas-4.jpg?fit=1200%2C923&resize=350%2C200 1x, https:\/\/i0.wp.com\/www.jojoenherbe.com\/wp-content\/uploads\/2018\/09\/Sentier-de-l%C3%A9cluse-P%C3%A9gomas-4.jpg?fit=1200%2C923&resize=525%2C300 1.5x, https:\/\/i0.wp.com\/www.jojoenherbe.com\/wp-content\/uploads\/2018\/09\/Sentier-de-l%C3%A9cluse-P%C3%A9gomas-4.jpg?fit=1200%2C923&resize=700%2C400 2x, https:\/\/i0.wp.com\/www.jojoenherbe.com\/wp-content\/uploads\/2018\/09\/Sentier-de-l%C3%A9cluse-P%C3%A9gomas-4.jpg?fit=1200%2C923&resize=1050%2C600 3x"},"classes":[]},{"id":3897,"url":"http:\/\/www.jojoenherbe.com\/index.php\/2018\/10\/29\/petit-tour-au-festival-international-de-lair-de-frejus\/","url_meta":{"origin":372,"position":4},"title":"Petit tour au Festival International de l&rsquo;Air de Fr\u00e9jus","author":"Jojo","date":"29 octobre 2018","format":false,"excerpt":"Ce 28 octobre 2018, la pluie semble s'\u00eatre arr\u00eat\u00e9e pour un petit moment. Nous en profitons pour nous rendre, vers 10h, au Festival International de l'Air - la 20\u00e8me \u00e9dition - qui se d\u00e9roule tout le week-end \u00e0 la Base Nature de Fr\u00e9jus. D\u00e8s notre arriv\u00e9e, nous sommes admiratifs de\u2026","rel":"","context":"Dans &quot;Mini visiteur&quot;","block_context":{"text":"Mini visiteur","link":"http:\/\/www.jojoenherbe.com\/index.php\/category\/mini-crapahuteur\/mini-visiteur\/"},"img":{"alt_text":"","src":"https:\/\/i0.wp.com\/www.jojoenherbe.com\/wp-content\/uploads\/2018\/10\/Festival-International-de-lAir-Fr%C3%A9jus-2.jpg?fit=1200%2C900&resize=350%2C200","width":350,"height":200,"srcset":"https:\/\/i0.wp.com\/www.jojoenherbe.com\/wp-content\/uploads\/2018\/10\/Festival-International-de-lAir-Fr%C3%A9jus-2.jpg?fit=1200%2C900&resize=350%2C200 1x, https:\/\/i0.wp.com\/www.jojoenherbe.com\/wp-content\/uploads\/2018\/10\/Festival-International-de-lAir-Fr%C3%A9jus-2.jpg?fit=1200%2C900&resize=525%2C300 1.5x, https:\/\/i0.wp.com\/www.jojoenherbe.com\/wp-content\/uploads\/2018\/10\/Festival-International-de-lAir-Fr%C3%A9jus-2.jpg?fit=1200%2C900&resize=700%2C400 2x, https:\/\/i0.wp.com\/www.jojoenherbe.com\/wp-content\/uploads\/2018\/10\/Festival-International-de-lAir-Fr%C3%A9jus-2.jpg?fit=1200%2C900&resize=1050%2C600 3x"},"classes":[]},{"id":19956,"url":"http:\/\/www.jojoenherbe.com\/index.php\/2021\/08\/03\/retour-au-boreon-pour-une-balade-estivale\/","url_meta":{"origin":372,"position":5},"title":"Retour au Bor\u00e9on pour une balade estivale","author":"Jojo","date":"3 ao\u00fbt 2021","format":false,"excerpt":"Le 1er ao\u00fbt 2021, cela faisait plus d'un an que nous n'\u00e9tions plus all\u00e9s au Bor\u00e9on, dans la Haute-V\u00e9subie, qui avait \u00e9t\u00e9 lourdement frapp\u00e9 par la temp\u00eate Alex \u00e0 l'automne 2020. L'ambiance est particuli\u00e8re sur la route au vu des d\u00e9g\u00e2ts occasionn\u00e9s et du sacr\u00e9 travail fait de remise en\u2026","rel":"","context":"Dans &quot;Mini randonneur&quot;","block_context":{"text":"Mini randonneur","link":"http:\/\/www.jojoenherbe.com\/index.php\/category\/mini-crapahuteur\/mini-randonneur\/"},"img":{"alt_text":"","src":"https:\/\/i0.wp.com\/www.jojoenherbe.com\/wp-content\/uploads\/2021\/08\/Boreon-5-scaled.jpg?fit=900%2C1200&resize=350%2C200","width":350,"height":200,"srcset":"https:\/\/i0.wp.com\/www.jojoenherbe.com\/wp-content\/uploads\/2021\/08\/Boreon-5-scaled.jpg?fit=900%2C1200&resize=350%2C200 1x, https:\/\/i0.wp.com\/www.jojoenherbe.com\/wp-content\/uploads\/2021\/08\/Boreon-5-scaled.jpg?fit=900%2C1200&resize=525%2C300 1.5x, https:\/\/i0.wp.com\/www.jojoenherbe.com\/wp-content\/uploads\/2021\/08\/Boreon-5-scaled.jpg?fit=900%2C1200&resize=700%2C400 2x"},"classes":[]}],"_links":{"self":[{"href":"http:\/\/www.jojoenherbe.com\/index.php\/wp-json\/wp\/v2\/posts\/372","targetHints":{"allow":["GET"]}}],"collection":[{"href":"http:\/\/www.jojoenherbe.com\/index.php\/wp-json\/wp\/v2\/posts"}],"about":[{"href":"http:\/\/www.jojoenherbe.com\/index.php\/wp-json\/wp\/v2\/types\/post"}],"author":[{"embeddable":true,"href":"http:\/\/www.jojoenherbe.com\/index.php\/wp-json\/wp\/v2\/users\/1"}],"replies":[{"embeddable":true,"href":"http:\/\/www.jojoenherbe.com\/index.php\/wp-json\/wp\/v2\/comments?post=372"}],"version-history":[{"count":1,"href":"http:\/\/www.jojoenherbe.com\/index.php\/wp-json\/wp\/v2\/posts\/372\/revisions"}],"predecessor-version":[{"id":28123,"href":"http:\/\/www.jojoenherbe.com\/index.php\/wp-json\/wp\/v2\/posts\/372\/revisions\/28123"}],"wp:featuredmedia":[{"embeddable":true,"href":"http:\/\/www.jojoenherbe.com\/index.php\/wp-json\/wp\/v2\/media\/381"}],"wp:attachment":[{"href":"http:\/\/www.jojoenherbe.com\/index.php\/wp-json\/wp\/v2\/media?parent=372"}],"wp:term":[{"taxonomy":"category","embeddable":true,"href":"http:\/\/www.jojoenherbe.com\/index.php\/wp-json\/wp\/v2\/categories?post=372"},{"taxonomy":"post_tag","embeddable":true,"href":"http:\/\/www.jojoenherbe.com\/index.php\/wp-json\/wp\/v2\/tags?post=372"}],"curies":[{"name":"wp","href":"https:\/\/api.w.org\/{rel}","templated":true}]}}