{"id":36750,"date":"2024-07-29T11:59:10","date_gmt":"2024-07-29T09:59:10","guid":{"rendered":"https:\/\/www.jojoenherbe.com\/?p=36750"},"modified":"2025-03-08T19:26:05","modified_gmt":"2025-03-08T18:26:05","slug":"au-fil-des-pages-avec-laffaire-crystal-singer","status":"publish","type":"post","link":"http:\/\/www.jojoenherbe.com\/index.php\/2024\/07\/29\/au-fil-des-pages-avec-laffaire-crystal-singer\/","title":{"rendered":"Au fil des pages avec L&rsquo;affaire Crystal Singer"},"content":{"rendered":"<p style=\"text-align: justify;\"><em>J&rsquo;ai lu <span style=\"text-decoration: underline;\">L&rsquo;affaire Crystal Singer<\/span> d&rsquo;Ethan Chataignier (\u00e9d. Albin Michel, coll. Imaginaire, octobre 2023, 288 pages), roman d&rsquo;uchronie se d\u00e9roulant sur plus d&rsquo;une d\u00e9cennie, entre les ann\u00e9es 60 et 70, aux \u00c9tats-Unis, le narrateur, Rick Hayworth, ne pouvant oublier la seule femme qui l&rsquo;aime, Crystal Singer. Ensemble, avec Ronnie, Otis et Priya trois autres \u00e9tudiants en math\u00e9matiques du MIT, ils avaient r\u00e9ussi \u00e0 envoyer, en 1960, dans le d\u00e9sert de l&rsquo;Arizona, au bord de la route 66, la bonne r\u00e9ponse aux martiens \u00e0 la derni\u00e8re \u00e9quation envoy\u00e9e 30 ans plus t\u00f4t, Albert Einstein ayant \u00e9chou\u00e9 \u00e0 r\u00e9soudre l&rsquo;\u00e9quation ayant trait \u00e0 la relativit\u00e9. La communication avec Mars \u00e9tait alors repartie mais tr\u00e8s vite, la jeune femme de 24 ans avait disparu, laissant derri\u00e8re elle Rick, son petit ami de 28 ans inconsolable.<\/em><\/p>\n<p style=\"text-align: justify;\"><em>Il y est ainsi question de vie extraterrestre, de math\u00e9matiques, d&rsquo;astronomie, de musique mais surtout d&rsquo;une qu\u00eate d\u00e9sesp\u00e9r\u00e9e d&rsquo;un amour perdu, Crystal Singer s&rsquo;\u00e9tant laiss\u00e9e submerger par la r\u00e9ponse \u00e0 la derni\u00e8re \u00e9nigme martienne sur l&rsquo;entropie et le Curieux Langage, faisant fi de sa propre existence et au d\u00e9triment de sa propre sant\u00e9 mentale et physique. La pers\u00e9v\u00e9rance et l&rsquo;espoir fou de Rick lui permettront-il de la retrouver?<\/em><\/p>\n<p style=\"text-align: justify;\"><em>Le roman est bavard \u00e0 l&rsquo;image du personnage principal qui a mis \u00e9galement sa propre existence en arr\u00eat ou plus exactement ne vivant qu&rsquo;\u00e0 travers son pass\u00e9, que ce soit sa relation vis-\u00e0-vis de son p\u00e8re qui est d\u00e9c\u00e9d\u00e9 sans qu&rsquo;il ne puisse se r\u00e9concilier avec lui ou que ce soit sa relation avec Crystal dont il n&rsquo;arrive pas \u00e0 se remettre. Toute sa vie est consacr\u00e9e \u00e0 la retrouver, encore plus lorsqu&rsquo;il apprend l&rsquo;existence de sa fille, d\u00e9sormais \u00e2g\u00e9e de 12 ans et qu&rsquo;il part \u00e0 la recherche des personnes qui ont entretenu, comme lui, une correspondance \u00e9pistolaire d\u00e9cousue. Outre la communication avec les martiens, il est avant tout question de communication entre humains, la distance qu&rsquo;elle peut cr\u00e9er entre eux et m\u00eame en eux-m\u00eames, dans le difficile \u00e9quilibre entre vie familiale et vie professionnelle. Rick se perd dans sa vie et sur la route, \u00e0 l&rsquo;instar de Crystal au point de questionner sur la nature humaine. <\/em><\/p>\n<p style=\"text-align: justify;\"><em>D&rsquo;ailleurs, m\u00eame si cela peut faire sens avec le caract\u00e8re de Crystal et sert de rebondissement \u00e0 l&rsquo;intrigue, j&rsquo;ai trouv\u00e9 maladroit d&rsquo;introduire l&rsquo;existence cach\u00e9e de leur fille et qu&rsquo;elle n&rsquo;ait pas \u00e9t\u00e9 confi\u00e9e \u00e0 Rick plus t\u00f4t, surtout qu&rsquo;il n&rsquo;est pas fait mention d&rsquo;un d\u00e9ni de grossesse et que Crystal a \u00e9t\u00e9 victime d&rsquo;un cambriolage, \u00e0 la fin de sa grossesse, dont le proc\u00e8s a \u00e9t\u00e9 m\u00e9diatis\u00e9 compte-tenu de sa c\u00e9l\u00e9brit\u00e9.<\/em><\/p>\n<p style=\"text-align: justify;\"><em>Un bon moment de lecture avec ce premier roman \u00e0 la premi\u00e8re personne, \u00e0 la fois bavard et nostalgique, un brin surann\u00e9 (et donc quelques longueurs redondantes), profond\u00e9ment humain, au style introspectif et avec l&rsquo;id\u00e9e, certes pas nouvelle, d&rsquo;une musicalit\u00e9 des math\u00e9matiques et de la vie en g\u00e9n\u00e9ral!<\/em><\/p>\n<div id=\"attachment_35013\" style=\"width: 139px\" class=\"wp-caption alignleft\"><img data-recalc-dims=\"1\" loading=\"lazy\" decoding=\"async\" aria-describedby=\"caption-attachment-35013\" data-attachment-id=\"35013\" data-permalink=\"http:\/\/www.jojoenherbe.com\/index.php\/2024\/01\/02\/mes-challenges-livresques-2024\/challenge-marsien-2024-logo\/\" data-orig-file=\"https:\/\/i0.wp.com\/www.jojoenherbe.com\/wp-content\/uploads\/2024\/01\/Challenge-marsien-2024-logo.jpg?fit=800%2C484\" data-orig-size=\"800,484\" data-comments-opened=\"1\" data-image-meta=\"{&quot;aperture&quot;:&quot;0&quot;,&quot;credit&quot;:&quot;&quot;,&quot;camera&quot;:&quot;&quot;,&quot;caption&quot;:&quot;&quot;,&quot;created_timestamp&quot;:&quot;1709404545&quot;,&quot;copyright&quot;:&quot;&quot;,&quot;focal_length&quot;:&quot;0&quot;,&quot;iso&quot;:&quot;0&quot;,&quot;shutter_speed&quot;:&quot;0&quot;,&quot;title&quot;:&quot;&quot;,&quot;orientation&quot;:&quot;0&quot;}\" data-image-title=\"Challenge marsien 2024 &amp;#8211; logo\" data-image-description=\"\" data-image-caption=\"\" data-large-file=\"https:\/\/i0.wp.com\/www.jojoenherbe.com\/wp-content\/uploads\/2024\/01\/Challenge-marsien-2024-logo.jpg?fit=676%2C409\" class=\"wp-image-35013\" src=\"https:\/\/i0.wp.com\/www.jojoenherbe.com\/wp-content\/uploads\/2024\/01\/Challenge-marsien-2024-logo.jpg?resize=129%2C78\" alt=\"\" width=\"129\" height=\"78\" srcset=\"https:\/\/i0.wp.com\/www.jojoenherbe.com\/wp-content\/uploads\/2024\/01\/Challenge-marsien-2024-logo.jpg?w=800 800w, https:\/\/i0.wp.com\/www.jojoenherbe.com\/wp-content\/uploads\/2024\/01\/Challenge-marsien-2024-logo.jpg?resize=300%2C182 300w, https:\/\/i0.wp.com\/www.jojoenherbe.com\/wp-content\/uploads\/2024\/01\/Challenge-marsien-2024-logo.jpg?resize=768%2C465 768w, https:\/\/i0.wp.com\/www.jojoenherbe.com\/wp-content\/uploads\/2024\/01\/Challenge-marsien-2024-logo.jpg?resize=676%2C409 676w\" sizes=\"auto, (max-width: 129px) 100vw, 129px\" \/><p id=\"caption-attachment-35013\" class=\"wp-caption-text\">Participation #1 Challenge marsien (autour de la plan\u00e8te Mars) &#8211; 2e \u00e9dition de <a href=\"http:\/\/dasola.canalblog.com\/archives\/40173369.html\">Ta d loi du cine<\/a>, \u00ab\u00a0squatter\u00a0\u00bb chez Dasola<\/p><\/div>\n<div id=\"attachment_33586\" style=\"width: 119px\" class=\"wp-caption alignleft\"><img data-recalc-dims=\"1\" loading=\"lazy\" decoding=\"async\" aria-describedby=\"caption-attachment-33586\" data-attachment-id=\"33586\" data-permalink=\"http:\/\/www.jojoenherbe.com\/index.php\/2024\/03\/12\/billet-de-suivi-challenge-petit-bac-2024\/challenge-petit-bac-2024\/\" data-orig-file=\"https:\/\/i0.wp.com\/www.jojoenherbe.com\/wp-content\/uploads\/2023\/12\/Challenge-Petit-Bac-2024.jpg?fit=285%2C217\" data-orig-size=\"285,217\" data-comments-opened=\"1\" data-image-meta=\"{&quot;aperture&quot;:&quot;0&quot;,&quot;credit&quot;:&quot;&quot;,&quot;camera&quot;:&quot;&quot;,&quot;caption&quot;:&quot;&quot;,&quot;created_timestamp&quot;:&quot;1702656450&quot;,&quot;copyright&quot;:&quot;&quot;,&quot;focal_length&quot;:&quot;0&quot;,&quot;iso&quot;:&quot;0&quot;,&quot;shutter_speed&quot;:&quot;0&quot;,&quot;title&quot;:&quot;&quot;,&quot;orientation&quot;:&quot;0&quot;}\" data-image-title=\"Challenge Petit Bac 2024\" data-image-description=\"\" data-image-caption=\"\" data-large-file=\"https:\/\/i0.wp.com\/www.jojoenherbe.com\/wp-content\/uploads\/2023\/12\/Challenge-Petit-Bac-2024.jpg?fit=285%2C217\" class=\"wp-image-33586\" src=\"https:\/\/i0.wp.com\/www.jojoenherbe.com\/wp-content\/uploads\/2023\/12\/Challenge-Petit-Bac-2024.jpg?resize=109%2C83\" alt=\"\" width=\"109\" height=\"83\" \/><p id=\"caption-attachment-33586\" class=\"wp-caption-text\">Challenge Petit Bac d\u2019<a href=\"https:\/\/ennalit.wordpress.com\/2023\/12\/01\/challenge-petit-bac-2024-qui-veut-jouer\/\">Enna<\/a> #4 Cat\u00e9gorie Pr\u00e9nom : \u00ab Crystal \u00bb<\/p><\/div>\n<div id=\"attachment_19954\" style=\"width: 111px\" class=\"wp-caption alignleft\"><img loading=\"lazy\" decoding=\"async\" aria-describedby=\"caption-attachment-19954\" class=\"wp-image-19954\" src=\"https:\/\/i0.wp.com\/mapetitemediatheque.fr\/wp-content\/uploads\/2021\/11\/Inkedle-tour-du-monde-en-80-livres-2_LI.jpg?resize=116%2C87&amp;ssl=1\" sizes=\"auto, (max-width: 500px) 100vw, 500px\" srcset=\"https:\/\/i0.wp.com\/mapetitemediatheque.fr\/wp-content\/uploads\/2021\/11\/Inkedle-tour-du-monde-en-80-livres-2_LI.jpg?resize=116%2C87&amp;ssl=1 500w, https:\/\/mapetitemediatheque.fr\/wp-content\/uploads\/2021\/11\/Inkedle-tour-du-monde-en-80-livres-2_LI-300x226.jpg 300w, https:\/\/mapetitemediatheque.fr\/wp-content\/uploads\/2021\/11\/Inkedle-tour-du-monde-en-80-livres-2_LI-120x90.jpg 120w\" alt=\"\" width=\"101\" height=\"76\" aria-describedby=\"caption-attachment-19954\" \/><p id=\"caption-attachment-19954\" class=\"wp-caption-text\">Participation # (Parcours litt\u00e9raire) Challenge Le tour du monde en 80 livres 2024 de <em><a href=\"https:\/\/mapetitemediatheque.fr\/2023\/12\/le-tour-du-monde-en-80-livres-embarquez-pour-2024\/\">Bidib<\/a><\/em> #\u00c9tats-Unis<\/p><\/div>\n","protected":false},"excerpt":{"rendered":"<p>J&rsquo;ai lu L&rsquo;affaire Crystal Singer d&rsquo;Ethan Chataignier (\u00e9d. Albin Michel, coll. Imaginaire, octobre 2023, 288 pages), roman d&rsquo;uchronie se d\u00e9roulant sur plus d&rsquo;une d\u00e9cennie, entre les ann\u00e9es 60 et 70, aux \u00c9tats-Unis, le narrateur, Rick Hayworth, ne pouvant oublier la seule femme qui l&rsquo;aime, Crystal Singer. Ensemble, avec Ronnie, Otis et Priya trois autres \u00e9tudiants [&hellip;]<\/p>\n","protected":false},"author":1,"featured_media":36751,"comment_status":"open","ping_status":"open","sticky":false,"template":"","format":"standard","meta":{"jetpack_post_was_ever_published":false,"_jetpack_newsletter_access":"","_jetpack_dont_email_post_to_subs":false,"_jetpack_newsletter_tier_id":0,"_jetpack_memberships_contains_paywalled_content":false,"_jetpack_memberships_contains_paid_content":false,"footnotes":""},"categories":[363],"tags":[1347,777,299,3317,4151,3974,1081,4372,459,1725,4014,4371,686,632,1868,702,1409,4373,4152,844,2488,3469,3791],"class_list":["post-36750","post","type-post","status-publish","format-standard","has-post-thumbnail","hentry","category-mini-lecteur","tag-18-ans-et-plus","tag-amour","tag-astronomie","tag-celebrite","tag-challenge-marsien-2024","tag-challenge-petit-bac-2024","tag-disparition","tag-ethan-chataignier","tag-famille","tag-folie","tag-le-tour-du-monde-en-80-livres-2024","tag-mars","tag-mathematiques","tag-musique","tag-nature-humaine","tag-passion","tag-relation-parent-enfant","tag-road-trip","tag-roman-sf","tag-romance","tag-science","tag-science-fiction","tag-uchronie","post-preview"],"jetpack_featured_media_url":"https:\/\/i0.wp.com\/www.jojoenherbe.com\/wp-content\/uploads\/2024\/07\/Laffaire-Crystal-Singer.jpg?fit=748%2C1169","jetpack_sharing_enabled":true,"jetpack_shortlink":"https:\/\/wp.me\/p9zhGx-9yK","jetpack_likes_enabled":true,"jetpack-related-posts":[{"id":36766,"url":"http:\/\/www.jojoenherbe.com\/index.php\/2024\/07\/30\/point-lecture-hebdomadaire-2024-30\/","url_meta":{"origin":36750,"position":0},"title":"Point lecture hebdomadaire 2024 #30","author":"Jojo","date":"30 juillet 2024","format":false,"excerpt":"En ce d\u00e9but de semaine, voici mon point lecture hebdomadaire avec un retour sur nos lectures (mais pas nos relectures) de la semaine derni\u00e8re. Nos lectures du 22 au 28 juillet 2024: Des lectures jeunesse: C\u00f4t\u00e9 jeunesse, nous n\u2019avons eu que des relectures avec mon mini lutin encore cette semaine.\u2026","rel":"","context":"Dans &quot;Mini blogueur&quot;","block_context":{"text":"Mini blogueur","link":"http:\/\/www.jojoenherbe.com\/index.php\/category\/mini-blogueur\/"},"img":{"alt_text":"","src":"https:\/\/i0.wp.com\/www.jojoenherbe.com\/wp-content\/uploads\/2024\/07\/Lepee-aux-quatre-etoiles-T1-150x150.jpg?resize=350%2C200","width":350,"height":200},"classes":[]},{"id":19221,"url":"http:\/\/www.jojoenherbe.com\/index.php\/2021\/07\/08\/au-fil-des-pages-avec-le-tome-2-de-la-bd-des-enquetes-denola-holmes\/","url_meta":{"origin":36750,"position":1},"title":"Au fil des pages avec le tome 2 de la BD des Enqu\u00eates d\u2019Enola Holmes","author":"Jojo","date":"8 juillet 2021","format":false,"excerpt":"Fin juin pendant le Mois Anglais 2021, j'ai emprunt\u00e9 \u00e0 la m\u00e9diath\u00e8que et lu dans la foul\u00e9e le tome 2 des Enqu\u00eates d'Enola Holmes, L'affaire Lady Alistair de Serena Blasco (\u00e9d. Jungle, 2016), une BD jeunesse \u00e0 partir de 9 ans, d'apr\u00e8s le roman de Nancy Springer. L'ann\u00e9e derni\u00e8re, j'avais\u2026","rel":"","context":"Dans &quot;Mini lecteur&quot;","block_context":{"text":"Mini lecteur","link":"http:\/\/www.jojoenherbe.com\/index.php\/category\/mini-lecteur\/"},"img":{"alt_text":"","src":"https:\/\/i0.wp.com\/www.jojoenherbe.com\/wp-content\/uploads\/2021\/07\/Enola-Holmes-BD-T2-scaled.jpg?fit=1200%2C1003&resize=350%2C200","width":350,"height":200,"srcset":"https:\/\/i0.wp.com\/www.jojoenherbe.com\/wp-content\/uploads\/2021\/07\/Enola-Holmes-BD-T2-scaled.jpg?fit=1200%2C1003&resize=350%2C200 1x, https:\/\/i0.wp.com\/www.jojoenherbe.com\/wp-content\/uploads\/2021\/07\/Enola-Holmes-BD-T2-scaled.jpg?fit=1200%2C1003&resize=525%2C300 1.5x, https:\/\/i0.wp.com\/www.jojoenherbe.com\/wp-content\/uploads\/2021\/07\/Enola-Holmes-BD-T2-scaled.jpg?fit=1200%2C1003&resize=700%2C400 2x, https:\/\/i0.wp.com\/www.jojoenherbe.com\/wp-content\/uploads\/2021\/07\/Enola-Holmes-BD-T2-scaled.jpg?fit=1200%2C1003&resize=1050%2C600 3x"},"classes":[]},{"id":42949,"url":"http:\/\/www.jojoenherbe.com\/index.php\/2026\/02\/21\/au-fil-des-pages-avec-des-gens-comme-il-faut\/","url_meta":{"origin":36750,"position":2},"title":"Au fil des pages avec Des gens comme il faut","author":"Jojo","date":"21 f\u00e9vrier 2026","format":false,"excerpt":"J'ai lu, en e-book, Des gens comme il faut de Florence Chataignier (\u00e9d. Le Cherche Midi, mai 2024, 243 pages), un court premier roman \"autobiographique\" et dont l'illustration de couverture est une photographie personnelle de l'autrice. Au d\u00e9c\u00e8s de son p\u00e8re, Fleurianne \"Fleur\" Cannelier entame un long processus de deuil\u2026","rel":"","context":"Dans &quot;Mini lecteur&quot;","block_context":{"text":"Mini lecteur","link":"http:\/\/www.jojoenherbe.com\/index.php\/category\/mini-lecteur\/"},"img":{"alt_text":"","src":"https:\/\/i0.wp.com\/www.jojoenherbe.com\/wp-content\/uploads\/2026\/02\/Des-gens-comme-il-faut.jpg?fit=750%2C1117&resize=350%2C200","width":350,"height":200,"srcset":"https:\/\/i0.wp.com\/www.jojoenherbe.com\/wp-content\/uploads\/2026\/02\/Des-gens-comme-il-faut.jpg?fit=750%2C1117&resize=350%2C200 1x, https:\/\/i0.wp.com\/www.jojoenherbe.com\/wp-content\/uploads\/2026\/02\/Des-gens-comme-il-faut.jpg?fit=750%2C1117&resize=525%2C300 1.5x, https:\/\/i0.wp.com\/www.jojoenherbe.com\/wp-content\/uploads\/2026\/02\/Des-gens-comme-il-faut.jpg?fit=750%2C1117&resize=700%2C400 2x"},"classes":[]},{"id":27076,"url":"http:\/\/www.jojoenherbe.com\/index.php\/2022\/09\/15\/au-fil-des-pages-avec-blood-sugar\/","url_meta":{"origin":36750,"position":3},"title":"Au fil des pages avec Blood &#038; Sugar","author":"Jojo","date":"15 septembre 2022","format":false,"excerpt":"J\u2019ai lu Blood & Sugar de Laura Shepherd-Robinson (\u00e9d. 10\/18, 2022, 546 pages), un roman policier historique se d\u00e9roulant en juin 1781 en Angleterre. Le capitaine Harry Corsham enqu\u00eate entre Londres et Deptford sur le meurtre de son ami, Tad Archer, avocat et militant abolitionniste qui \u00e9tait sur le point\u2026","rel":"","context":"Dans &quot;Mini lecteur&quot;","block_context":{"text":"Mini lecteur","link":"http:\/\/www.jojoenherbe.com\/index.php\/category\/mini-lecteur\/"},"img":{"alt_text":"","src":"https:\/\/i0.wp.com\/www.jojoenherbe.com\/wp-content\/uploads\/2022\/08\/Blood-Sugar-scaled.jpg?fit=1200%2C864&resize=350%2C200","width":350,"height":200,"srcset":"https:\/\/i0.wp.com\/www.jojoenherbe.com\/wp-content\/uploads\/2022\/08\/Blood-Sugar-scaled.jpg?fit=1200%2C864&resize=350%2C200 1x, https:\/\/i0.wp.com\/www.jojoenherbe.com\/wp-content\/uploads\/2022\/08\/Blood-Sugar-scaled.jpg?fit=1200%2C864&resize=525%2C300 1.5x, https:\/\/i0.wp.com\/www.jojoenherbe.com\/wp-content\/uploads\/2022\/08\/Blood-Sugar-scaled.jpg?fit=1200%2C864&resize=700%2C400 2x, https:\/\/i0.wp.com\/www.jojoenherbe.com\/wp-content\/uploads\/2022\/08\/Blood-Sugar-scaled.jpg?fit=1200%2C864&resize=1050%2C600 3x"},"classes":[]},{"id":31918,"url":"http:\/\/www.jojoenherbe.com\/index.php\/2023\/09\/25\/au-fil-des-pages-avec-une-sorciere-a-la-cour\/","url_meta":{"origin":36750,"position":4},"title":"Au fil des pages avec Une sorci\u00e8re \u00e0 la Cour","author":"Jojo","date":"25 septembre 2023","format":false,"excerpt":"Pour une lecture commune avec Isabelle, j'ai lu Une Sorci\u00e8re \u00e0 la Cour de Philippe Madral (\u00e9d. du Masque, 2019, r\u00e9\u00e9d. 2021, 500 pages), un roman policier historique relatant l\u2019Affaire des Poisons, sous le r\u00e8gne de Louis XIV, entre 1678 et 1682, sous le point de vue romanc\u00e9 des m\u00e9moires\u2026","rel":"","context":"Dans &quot;Mini lecteur&quot;","block_context":{"text":"Mini lecteur","link":"http:\/\/www.jojoenherbe.com\/index.php\/category\/mini-lecteur\/"},"img":{"alt_text":"","src":"https:\/\/i0.wp.com\/www.jojoenherbe.com\/wp-content\/uploads\/2023\/09\/Une-Sorciere-a-la-Cour-2-scaled.jpg?fit=1200%2C971&resize=350%2C200","width":350,"height":200,"srcset":"https:\/\/i0.wp.com\/www.jojoenherbe.com\/wp-content\/uploads\/2023\/09\/Une-Sorciere-a-la-Cour-2-scaled.jpg?fit=1200%2C971&resize=350%2C200 1x, https:\/\/i0.wp.com\/www.jojoenherbe.com\/wp-content\/uploads\/2023\/09\/Une-Sorciere-a-la-Cour-2-scaled.jpg?fit=1200%2C971&resize=525%2C300 1.5x, https:\/\/i0.wp.com\/www.jojoenherbe.com\/wp-content\/uploads\/2023\/09\/Une-Sorciere-a-la-Cour-2-scaled.jpg?fit=1200%2C971&resize=700%2C400 2x, https:\/\/i0.wp.com\/www.jojoenherbe.com\/wp-content\/uploads\/2023\/09\/Une-Sorciere-a-la-Cour-2-scaled.jpg?fit=1200%2C971&resize=1050%2C600 3x"},"classes":[]},{"id":22531,"url":"http:\/\/www.jojoenherbe.com\/index.php\/2021\/12\/21\/au-fil-des-pages-avec-les-etoiles-brillent-plus-fort-en-hiver\/","url_meta":{"origin":36750,"position":5},"title":"Au fil des pages avec Les \u00e9toiles brillent plus fort en hiver","author":"Jojo","date":"21 d\u00e9cembre 2021","format":false,"excerpt":"Pour la lecture commune du challenge Il \u00e9tait 9 fois No\u00ebl de Chicky Poo et Samarian, j'ai lu mis novembre Les \u00e9toiles brillent plus fort en hiver de Sophie Jomain (\u00e9d. Charleston Poche, octobre 2021, 365 pages), une romance contemporaine de No\u00ebl se passant \u00e0 Lille dans le grand magasin\u2026","rel":"","context":"Dans &quot;Mini lecteur&quot;","block_context":{"text":"Mini lecteur","link":"http:\/\/www.jojoenherbe.com\/index.php\/category\/mini-lecteur\/"},"img":{"alt_text":"","src":"https:\/\/i0.wp.com\/www.jojoenherbe.com\/wp-content\/uploads\/2021\/11\/Les-etoiles-brillent-plus-fort-en-hiver-scaled.jpg?fit=1200%2C990&resize=350%2C200","width":350,"height":200,"srcset":"https:\/\/i0.wp.com\/www.jojoenherbe.com\/wp-content\/uploads\/2021\/11\/Les-etoiles-brillent-plus-fort-en-hiver-scaled.jpg?fit=1200%2C990&resize=350%2C200 1x, https:\/\/i0.wp.com\/www.jojoenherbe.com\/wp-content\/uploads\/2021\/11\/Les-etoiles-brillent-plus-fort-en-hiver-scaled.jpg?fit=1200%2C990&resize=525%2C300 1.5x, https:\/\/i0.wp.com\/www.jojoenherbe.com\/wp-content\/uploads\/2021\/11\/Les-etoiles-brillent-plus-fort-en-hiver-scaled.jpg?fit=1200%2C990&resize=700%2C400 2x, https:\/\/i0.wp.com\/www.jojoenherbe.com\/wp-content\/uploads\/2021\/11\/Les-etoiles-brillent-plus-fort-en-hiver-scaled.jpg?fit=1200%2C990&resize=1050%2C600 3x"},"classes":[]}],"_links":{"self":[{"href":"http:\/\/www.jojoenherbe.com\/index.php\/wp-json\/wp\/v2\/posts\/36750","targetHints":{"allow":["GET"]}}],"collection":[{"href":"http:\/\/www.jojoenherbe.com\/index.php\/wp-json\/wp\/v2\/posts"}],"about":[{"href":"http:\/\/www.jojoenherbe.com\/index.php\/wp-json\/wp\/v2\/types\/post"}],"author":[{"embeddable":true,"href":"http:\/\/www.jojoenherbe.com\/index.php\/wp-json\/wp\/v2\/users\/1"}],"replies":[{"embeddable":true,"href":"http:\/\/www.jojoenherbe.com\/index.php\/wp-json\/wp\/v2\/comments?post=36750"}],"version-history":[{"count":14,"href":"http:\/\/www.jojoenherbe.com\/index.php\/wp-json\/wp\/v2\/posts\/36750\/revisions"}],"predecessor-version":[{"id":38574,"href":"http:\/\/www.jojoenherbe.com\/index.php\/wp-json\/wp\/v2\/posts\/36750\/revisions\/38574"}],"wp:featuredmedia":[{"embeddable":true,"href":"http:\/\/www.jojoenherbe.com\/index.php\/wp-json\/wp\/v2\/media\/36751"}],"wp:attachment":[{"href":"http:\/\/www.jojoenherbe.com\/index.php\/wp-json\/wp\/v2\/media?parent=36750"}],"wp:term":[{"taxonomy":"category","embeddable":true,"href":"http:\/\/www.jojoenherbe.com\/index.php\/wp-json\/wp\/v2\/categories?post=36750"},{"taxonomy":"post_tag","embeddable":true,"href":"http:\/\/www.jojoenherbe.com\/index.php\/wp-json\/wp\/v2\/tags?post=36750"}],"curies":[{"name":"wp","href":"https:\/\/api.w.org\/{rel}","templated":true}]}}