{"id":36316,"date":"2024-06-06T14:21:04","date_gmt":"2024-06-06T12:21:04","guid":{"rendered":"https:\/\/www.jojoenherbe.com\/?p=36316"},"modified":"2024-06-11T15:32:15","modified_gmt":"2024-06-11T13:32:15","slug":"throwback-thursday-livresque-acteur-actrice","status":"publish","type":"post","link":"http:\/\/www.jojoenherbe.com\/index.php\/2024\/06\/06\/throwback-thursday-livresque-acteur-actrice\/","title":{"rendered":"Throwback Thursday Livresque: acteur\/actrice"},"content":{"rendered":"<div id=\"attachment_32593\" style=\"width: 196px\" class=\"wp-caption alignleft\"><img data-recalc-dims=\"1\" loading=\"lazy\" decoding=\"async\" aria-describedby=\"caption-attachment-32593\" data-attachment-id=\"32593\" data-permalink=\"http:\/\/www.jojoenherbe.com\/index.php\/2023\/10\/12\/throwback-thursday-livresque-voyage-dans-le-temps\/ttl-logo\/\" data-orig-file=\"https:\/\/i0.wp.com\/www.jojoenherbe.com\/wp-content\/uploads\/2023\/10\/TTL-logo.jpg?fit=540%2C174\" data-orig-size=\"540,174\" data-comments-opened=\"1\" data-image-meta=\"{&quot;aperture&quot;:&quot;0&quot;,&quot;credit&quot;:&quot;&quot;,&quot;camera&quot;:&quot;&quot;,&quot;caption&quot;:&quot;&quot;,&quot;created_timestamp&quot;:&quot;0&quot;,&quot;copyright&quot;:&quot;&quot;,&quot;focal_length&quot;:&quot;0&quot;,&quot;iso&quot;:&quot;0&quot;,&quot;shutter_speed&quot;:&quot;0&quot;,&quot;title&quot;:&quot;&quot;,&quot;orientation&quot;:&quot;0&quot;}\" data-image-title=\"TTL logo\" data-image-description=\"\" data-image-caption=\"\" data-large-file=\"https:\/\/i0.wp.com\/www.jojoenherbe.com\/wp-content\/uploads\/2023\/10\/TTL-logo.jpg?fit=540%2C174\" class=\"wp-image-32593\" src=\"https:\/\/i0.wp.com\/www.jojoenherbe.com\/wp-content\/uploads\/2023\/10\/TTL-logo.jpg?resize=186%2C60\" alt=\"\" width=\"186\" height=\"60\" srcset=\"https:\/\/i0.wp.com\/www.jojoenherbe.com\/wp-content\/uploads\/2023\/10\/TTL-logo.jpg?w=540 540w, https:\/\/i0.wp.com\/www.jojoenherbe.com\/wp-content\/uploads\/2023\/10\/TTL-logo.jpg?resize=300%2C97 300w\" sizes=\"auto, (max-width: 186px) 100vw, 186px\" \/><p id=\"caption-attachment-32593\" class=\"wp-caption-text\">TTL n\u00b0266 chez <a href=\"https:\/\/my-bo0ks.over-blog.com\/2024\/06\/throwback-thursday-livresque-n-266.html\">Carole<\/a> #Acteur\/Actrice<\/p><\/div>\n<p style=\"text-align: justify;\"><em>Ce jeudi 6 juin 2024, je participe au Throwback Thursday Livresque, un rendez-vous livresque initialement chez Bettie Rose Books et repris depuis par Carole, les liens \u00e9tant \u00e0 d\u00e9poser chez <a href=\"https:\/\/my-bo0ks.over-blog.com\/\">My-Bo0ks<\/a>. Le principe est de partager chaque jeudi un livre en fonction d\u2019un th\u00e8me donn\u00e9. Cette semaine, le th\u00e8me est \u00ab Acteur\/Actrice \u00bb.<\/em><\/p>\n<p style=\"text-align: justify;\"><em>J&rsquo;ai lu quelques romances contemporaines dont le personnage principal est un acteur mais celle qui m&rsquo;est revenu en t\u00eate en premier est celle lu en janvier 2022. C&rsquo;est d&rsquo;ailleurs aussi l&rsquo;un des choix d&rsquo;<a href=\"https:\/\/lightandsmell.wordpress.com\/2024\/06\/06\/throwback-thursday-livresque-316-acteur-actrice\/\">Audrey<\/a> pour ce th\u00e8me.<\/em><\/p>\n<p style=\"text-align: justify;\"><em><a href=\"https:\/\/i0.wp.com\/www.jojoenherbe.com\/wp-content\/uploads\/2022\/01\/La-librairie-des-reves-suspendus.jpg\"><img data-recalc-dims=\"1\" loading=\"lazy\" decoding=\"async\" data-attachment-id=\"23431\" data-permalink=\"http:\/\/www.jojoenherbe.com\/?attachment_id=23431\" data-orig-file=\"https:\/\/i0.wp.com\/www.jojoenherbe.com\/wp-content\/uploads\/2022\/01\/La-librairie-des-reves-suspendus.jpg?fit=750%2C1334\" data-orig-size=\"750,1334\" data-comments-opened=\"1\" data-image-meta=\"{&quot;aperture&quot;:&quot;0&quot;,&quot;credit&quot;:&quot;&quot;,&quot;camera&quot;:&quot;&quot;,&quot;caption&quot;:&quot;&quot;,&quot;created_timestamp&quot;:&quot;0&quot;,&quot;copyright&quot;:&quot;&quot;,&quot;focal_length&quot;:&quot;0&quot;,&quot;iso&quot;:&quot;0&quot;,&quot;shutter_speed&quot;:&quot;0&quot;,&quot;title&quot;:&quot;&quot;,&quot;orientation&quot;:&quot;0&quot;}\" data-image-title=\"La librairie des r\u00eaves suspendus\" data-image-description=\"\" data-image-caption=\"\" data-large-file=\"https:\/\/i0.wp.com\/www.jojoenherbe.com\/wp-content\/uploads\/2022\/01\/La-librairie-des-reves-suspendus.jpg?fit=576%2C1024\" class=\"alignright wp-image-23431\" src=\"https:\/\/i0.wp.com\/www.jojoenherbe.com\/wp-content\/uploads\/2022\/01\/La-librairie-des-reves-suspendus.jpg?resize=130%2C232\" alt=\"\" width=\"130\" height=\"232\" srcset=\"https:\/\/i0.wp.com\/www.jojoenherbe.com\/wp-content\/uploads\/2022\/01\/La-librairie-des-reves-suspendus.jpg?w=750 750w, https:\/\/i0.wp.com\/www.jojoenherbe.com\/wp-content\/uploads\/2022\/01\/La-librairie-des-reves-suspendus.jpg?resize=169%2C300 169w, https:\/\/i0.wp.com\/www.jojoenherbe.com\/wp-content\/uploads\/2022\/01\/La-librairie-des-reves-suspendus.jpg?resize=576%2C1024 576w, https:\/\/i0.wp.com\/www.jojoenherbe.com\/wp-content\/uploads\/2022\/01\/La-librairie-des-reves-suspendus.jpg?resize=676%2C1202 676w\" sizes=\"auto, (max-width: 130px) 100vw, 130px\" \/><\/a>Attir\u00e9e par le titre po\u00e9tique, j&rsquo;avais en effet lu, en e-book, <span style=\"text-decoration: underline;\">La librairie des r\u00eaves suspendus<\/span> d&rsquo;Emily Blaine (\u00e9d. HarperCollins, 2019, 320 pages), une romance contemporaine se passant dans une librairie d&rsquo;un petit village de Charente appartenant \u00e0 Sarah, une jeune femme timide, g\u00e9n\u00e9reuse, r\u00eaveuse et vivant \u00e0 travers ses livres qui accepte d&rsquo;h\u00e9berger, pendant 2 mois, Maxime, un acteur reconnu mais \u00e0 fleur de peau, enferm\u00e9 dans une col\u00e8re qui le submerge depuis son enfance et qui vient d&rsquo;\u00eatre condamn\u00e9 apr\u00e8s une agression de trop. Leur rencontre improbable gr\u00e2ce \u00e0 un ami commun, Damien, leur permettra-t-elle de s&rsquo;ouvrir l&rsquo;un \u00e0 l&rsquo;autre et de repenser leur vie?<\/em><\/p>\n<p style=\"text-align: justify;\"><em>J&rsquo;ai mis du temps \u00e0 rentrer dans l&rsquo;histoire qui alterne les points de vue entre Maxime et Sarah, l&rsquo;autrice ayant invent\u00e9 une histoire invraisemblable de \u00ab\u00a0condamnation judiciaire\u00a0\u00bb obligeant Maxime \u00e0 vivre chez Sarah avec un bracelet \u00e9lectronique et en faisant un travail d&rsquo;int\u00e9r\u00eat g\u00e9n\u00e9ral dans sa librairie sans qu&rsquo;\u00e0 aucun moment la proc\u00e9dure p\u00e9nale n&rsquo;ait \u00e9t\u00e9 respect\u00e9e. Or dans la r\u00e9alit\u00e9, il faut une peine ferme bien plus longue pour un am\u00e9nagement avec bracelet \u00e9lectronique (au moins 6 mois) et on ne peut pas le cumuler avec un travail d&rsquo;int\u00e9r\u00eat g\u00e9n\u00e9ral sauf s&rsquo;il y avait d\u00e9j\u00e0 une condamnation pr\u00e9c\u00e9dente ayant \u00e9t\u00e9 prononc\u00e9e pour un autre d\u00e9lit avec une audience devant le Juge de l&rsquo;Application des Peines. Avec une si courte peine et vu sa situation, celle-ci aurait ainsi fait l\u2019objet de jours-amende.<br \/><\/em><\/p>\n<p style=\"text-align: justify;\"><em>Puis la romance s&rsquo;installe, Sarah et Maxime devenant moins st\u00e9r\u00e9otyp\u00e9s dans leur cohabitation forc\u00e9e et laissant \u00e9merger des blessures anciennes qui influencent leur vie pr\u00e9sente. Si je mets de c\u00f4t\u00e9 l&rsquo;aspect p\u00e9nal de l&rsquo;intrigue, un bon moment de lecture \u00ab\u00a0feel-good\u00a0\u00bb!<\/em><\/p>\n<p style=\"text-align: justify;\"><em>Et vous, quel livre auriez-vous choisi pour cette th\u00e9matique? La semaine prochaine, le th\u00e8me sera: \u00ab Un titre qui forme une phrase \u00bb.<\/em><\/p>\n\n\n<p><\/p>\n","protected":false},"excerpt":{"rendered":"<p>Ce jeudi 6 juin 2024, je participe au Throwback Thursday Livresque, un rendez-vous livresque initialement chez Bettie Rose Books et repris depuis par Carole, les liens \u00e9tant \u00e0 d\u00e9poser chez My-Bo0ks. Le principe est de partager chaque jeudi un livre en fonction d\u2019un th\u00e8me donn\u00e9. Cette semaine, le th\u00e8me est \u00ab Acteur\/Actrice \u00bb. J&rsquo;ai lu [&hellip;]<\/p>\n","protected":false},"author":1,"featured_media":32593,"comment_status":"open","ping_status":"open","sticky":false,"template":"","format":"standard","meta":{"jetpack_post_was_ever_published":false,"_jetpack_newsletter_access":"","_jetpack_dont_email_post_to_subs":false,"_jetpack_newsletter_tier_id":0,"_jetpack_memberships_contains_paywalled_content":false,"_jetpack_memberships_contains_paid_content":false,"footnotes":""},"categories":[873,363],"tags":[1347,4328,4330,4332,4333,4329,1328,2081,844,3236,3868,4331],"class_list":["post-36316","post","type-post","status-publish","format-standard","has-post-thumbnail","hentry","category-mini-challenger","category-mini-lecteur","tag-18-ans-et-plus","tag-acteur","tag-amenagement-de-peine","tag-bracelet-electronique","tag-condamnation-judiciaire","tag-libraire","tag-librairie","tag-resilience","tag-romance","tag-romance-contemporaine","tag-throwback-thursday-livresque","tag-tig","post-preview"],"jetpack_featured_media_url":"https:\/\/i0.wp.com\/www.jojoenherbe.com\/wp-content\/uploads\/2023\/10\/TTL-logo.jpg?fit=540%2C174","jetpack_sharing_enabled":true,"jetpack_shortlink":"https:\/\/wp.me\/p9zhGx-9rK","jetpack_likes_enabled":true,"jetpack-related-posts":[{"id":38664,"url":"http:\/\/www.jojoenherbe.com\/index.php\/2025\/03\/20\/throwback-thursday-livresque-une-romance-basee-sur-un-pari-challenge\/","url_meta":{"origin":36316,"position":0},"title":"Throwback Thursday Livresque: Une romance bas\u00e9e sur un pari\/challenge","author":"Jojo","date":"20 mars 2025","format":false,"excerpt":"Ce jeudi 20 mars 2025, je participe au Throwback Thursday Livresque, un rendez-vous livresque initialement chez Bettie Rose Books et repris depuis par Carole, les liens \u00e9tant \u00e0 d\u00e9poser chez My-Bo0ks. Le principe est de partager chaque jeudi un livre en fonction d\u2019un th\u00e8me donn\u00e9. Cette semaine, le th\u00e8me est\u2026","rel":"","context":"Dans &quot;Mini blogueur&quot;","block_context":{"text":"Mini blogueur","link":"http:\/\/www.jojoenherbe.com\/index.php\/category\/mini-blogueur\/"},"img":{"alt_text":"","src":"https:\/\/i0.wp.com\/www.jojoenherbe.com\/wp-content\/uploads\/2023\/10\/TTL-logo.jpg?resize=350%2C200","width":350,"height":200},"classes":[]},{"id":37491,"url":"http:\/\/www.jojoenherbe.com\/index.php\/2024\/12\/12\/throwback-thursday-livresque-romance-dans-un-pays-froid\/","url_meta":{"origin":36316,"position":1},"title":"Throwback Thursday Livresque:  Romance dans un pays froid","author":"Jojo","date":"12 d\u00e9cembre 2024","format":false,"excerpt":"Ce jeudi 12 d\u00e9cembre 2024, je participe au Throwback Thursday Livresque, un rendez-vous livresque initialement chez Bettie Rose Books et repris depuis par Carole, les liens \u00e9tant \u00e0 d\u00e9poser chez My-Bo0ks. Le principe est de partager chaque jeudi un livre en fonction d\u2019un th\u00e8me donn\u00e9. Cette semaine, le th\u00e8me est\u2026","rel":"","context":"Dans &quot;Mini challenger&quot;","block_context":{"text":"Mini challenger","link":"http:\/\/www.jojoenherbe.com\/index.php\/category\/mini-challenger\/"},"img":{"alt_text":"","src":"https:\/\/i0.wp.com\/www.jojoenherbe.com\/wp-content\/uploads\/2023\/10\/TTL-logo.jpg?resize=350%2C200","width":350,"height":200},"classes":[]},{"id":38049,"url":"http:\/\/www.jojoenherbe.com\/index.php\/2025\/01\/16\/throwback-thursday-livresque-personnage-divorce\/","url_meta":{"origin":36316,"position":2},"title":"Throwback Thursday Livresque: Personnage divorc\u00e9","author":"Jojo","date":"16 janvier 2025","format":false,"excerpt":"Ce jeudi 16 janvier 2025, je participe au Throwback Thursday Livresque, un rendez-vous livresque initialement chez Bettie Rose Books et repris depuis par Carole, les liens \u00e9tant \u00e0 d\u00e9poser chez My-Bo0ks. Le principe est de partager chaque jeudi un livre en fonction d\u2019un th\u00e8me donn\u00e9. Cette semaine, le th\u00e8me est\u2026","rel":"","context":"Dans &quot;Mini blogueur&quot;","block_context":{"text":"Mini blogueur","link":"http:\/\/www.jojoenherbe.com\/index.php\/category\/mini-blogueur\/"},"img":{"alt_text":"","src":"https:\/\/i0.wp.com\/www.jojoenherbe.com\/wp-content\/uploads\/2023\/10\/TTL-logo.jpg?resize=350%2C200","width":350,"height":200},"classes":[]},{"id":41593,"url":"http:\/\/www.jojoenherbe.com\/index.php\/2025\/12\/04\/throwback-thursday-livresque-une-histoire-qui-se-deroule-dans-les-montagnes\/","url_meta":{"origin":36316,"position":3},"title":"Throwback Thursday Livresque: Une histoire qui se d\u00e9roule dans les montagnes","author":"Jojo","date":"4 d\u00e9cembre 2025","format":false,"excerpt":"Ce jeudi 4 d\u00e9cembre 2025, je participe au Throwback Thursday Livresque, un rendez-vous livresque initialement chez Bettie Rose Books et repris depuis par Carole, les liens \u00e9tant \u00e0 d\u00e9poser chez My-Bo0ks. Le principe est de partager chaque jeudi un livre \"ancien\" de notre biblioth\u00e8que en fonction d\u2019un th\u00e8me donn\u00e9. Cette\u2026","rel":"","context":"Dans &quot;Mini blogueur&quot;","block_context":{"text":"Mini blogueur","link":"http:\/\/www.jojoenherbe.com\/index.php\/category\/mini-blogueur\/"},"img":{"alt_text":"","src":"https:\/\/i0.wp.com\/www.jojoenherbe.com\/wp-content\/uploads\/2023\/10\/TTL-logo.jpg?resize=350%2C200","width":350,"height":200},"classes":[]},{"id":37561,"url":"http:\/\/www.jojoenherbe.com\/index.php\/2024\/12\/19\/throwback-thursday-livresque-romance-de-noel\/","url_meta":{"origin":36316,"position":4},"title":"Throwback Thursday Livresque: Romance de No\u00ebl","author":"Jojo","date":"19 d\u00e9cembre 2024","format":false,"excerpt":"Ce jeudi 19 d\u00e9cembre 2024, je participe au Throwback Thursday Livresque, un rendez-vous livresque initialement chez Bettie Rose Books et repris depuis par Carole, les liens \u00e9tant \u00e0 d\u00e9poser chez My-Bo0ks. Le principe est de partager chaque jeudi un livre en fonction d\u2019un th\u00e8me donn\u00e9. Cette semaine, le th\u00e8me est\u2026","rel":"","context":"Dans &quot;Mini challenger&quot;","block_context":{"text":"Mini challenger","link":"http:\/\/www.jojoenherbe.com\/index.php\/category\/mini-challenger\/"},"img":{"alt_text":"","src":"https:\/\/i0.wp.com\/www.jojoenherbe.com\/wp-content\/uploads\/2023\/10\/TTL-logo.jpg?resize=350%2C200","width":350,"height":200},"classes":[]},{"id":36819,"url":"http:\/\/www.jojoenherbe.com\/index.php\/2024\/08\/08\/throwback-thursday-livresque-bar-et-cocktails\/","url_meta":{"origin":36316,"position":5},"title":"Throwback Thursday Livresque: Bar et cocktails","author":"Jojo","date":"8 ao\u00fbt 2024","format":false,"excerpt":"Ce jeudi 8 ao\u00fbt 2024, je participe au Throwback Thursday Livresque, un rendez-vous livresque initialement chez Bettie Rose Books et repris depuis par Carole, les liens \u00e9tant \u00e0 d\u00e9poser chez My-Bo0ks. Le principe est de partager chaque jeudi un livre en fonction d\u2019un th\u00e8me donn\u00e9. Cette semaine, le th\u00e8me est\u2026","rel":"","context":"Dans &quot;Mini challenger&quot;","block_context":{"text":"Mini challenger","link":"http:\/\/www.jojoenherbe.com\/index.php\/category\/mini-challenger\/"},"img":{"alt_text":"","src":"https:\/\/i0.wp.com\/www.jojoenherbe.com\/wp-content\/uploads\/2023\/10\/TTL-logo.jpg?resize=350%2C200","width":350,"height":200},"classes":[]}],"_links":{"self":[{"href":"http:\/\/www.jojoenherbe.com\/index.php\/wp-json\/wp\/v2\/posts\/36316","targetHints":{"allow":["GET"]}}],"collection":[{"href":"http:\/\/www.jojoenherbe.com\/index.php\/wp-json\/wp\/v2\/posts"}],"about":[{"href":"http:\/\/www.jojoenherbe.com\/index.php\/wp-json\/wp\/v2\/types\/post"}],"author":[{"embeddable":true,"href":"http:\/\/www.jojoenherbe.com\/index.php\/wp-json\/wp\/v2\/users\/1"}],"replies":[{"embeddable":true,"href":"http:\/\/www.jojoenherbe.com\/index.php\/wp-json\/wp\/v2\/comments?post=36316"}],"version-history":[{"count":9,"href":"http:\/\/www.jojoenherbe.com\/index.php\/wp-json\/wp\/v2\/posts\/36316\/revisions"}],"predecessor-version":[{"id":36365,"href":"http:\/\/www.jojoenherbe.com\/index.php\/wp-json\/wp\/v2\/posts\/36316\/revisions\/36365"}],"wp:featuredmedia":[{"embeddable":true,"href":"http:\/\/www.jojoenherbe.com\/index.php\/wp-json\/wp\/v2\/media\/32593"}],"wp:attachment":[{"href":"http:\/\/www.jojoenherbe.com\/index.php\/wp-json\/wp\/v2\/media?parent=36316"}],"wp:term":[{"taxonomy":"category","embeddable":true,"href":"http:\/\/www.jojoenherbe.com\/index.php\/wp-json\/wp\/v2\/categories?post=36316"},{"taxonomy":"post_tag","embeddable":true,"href":"http:\/\/www.jojoenherbe.com\/index.php\/wp-json\/wp\/v2\/tags?post=36316"}],"curies":[{"name":"wp","href":"https:\/\/api.w.org\/{rel}","templated":true}]}}