{"id":36020,"date":"2024-05-04T06:00:00","date_gmt":"2024-05-04T04:00:00","guid":{"rendered":"https:\/\/www.jojoenherbe.com\/?p=36020"},"modified":"2024-05-04T11:15:58","modified_gmt":"2024-05-04T09:15:58","slug":"semaine-18-du-projet-52-2024-printemps","status":"publish","type":"post","link":"http:\/\/www.jojoenherbe.com\/index.php\/2024\/05\/04\/semaine-18-du-projet-52-2024-printemps\/","title":{"rendered":"Semaine 18 du Projet 52-2024: \u00ab\u00a0Printemps\u00a0\u00bb"},"content":{"rendered":"<p style=\"text-align: justify;\"><em>Pour la semaine 18 du Projet 52-2024 de Du c\u00f4t\u00e9 de chez Ma\u2019, le th\u00e8me est \u00ab <a href=\"https:\/\/ducotedechezma.fr\/2024\/05\/04\/projet-52-2024-semaine-18-printemps\/\">Printemps<\/a>\u00bb. J\u2019ai choisi pour illustrer ce th\u00e8me des fleurs printani\u00e8res du jardin comme le lilas et un petit curieux qui voletait de fleur en arbre avant de partir pour d&rsquo;autres horizons. <\/em><\/p>\n<p style=\"text-align: justify;\"><em>C&rsquo;est aussi une nouvelle participation printani\u00e8re (m\u00eame si la pluie s&rsquo;invite beaucoup cette ann\u00e9e) pour notre rendez-vous photo avec Syl, Isabelle et Hilde d\u2019\u00e9coute et d\u2019observation de la Nature au fil des saisons. Bon week-end \u00e0 tous!<\/em><\/p>\n<p style=\"text-align: justify;\"><em>Pour d&rsquo;autres photos du printemps 2024: du muguet sous la pluie chez <a href=\"https:\/\/ribambelledhistoires.over-blog.com\/2024\/05\/un-petit-tour-au-jardin.sous-la-pluie.html\">Isabelle<\/a>, des fleurs en promenade chez <a href=\"https:\/\/lelivroblog.fr\/2024\/04\/16\/la-nature-au-fil-du-printemps-2024-1\/\">Hilde<\/a>, des fleurs du jardin chez <a href=\"https:\/\/livresdunjourblog.wordpress.com\/2024\/04\/23\/la-nature-au-fil-de-la-saison-2024-2\/\">Claude<\/a> et printemps en Balagne chez <a href=\"https:\/\/sylectures.wordpress.com\/2024\/05\/03\/avril-en-balagne\/\">Syl<\/a>.<\/em><\/p>\n<div class=\"tiled-gallery type-rectangular tiled-gallery-unresized\" data-original-width=\"676\" data-carousel-extra='{&quot;blog_id&quot;:1,&quot;permalink&quot;:&quot;http:\\\/\\\/www.jojoenherbe.com\\\/index.php\\\/2024\\\/05\\\/04\\\/semaine-18-du-projet-52-2024-printemps\\\/&quot;,&quot;likes_blog_id&quot;:141396489}' itemscope itemtype=\"http:\/\/schema.org\/ImageGallery\" > <div class=\"gallery-row\" style=\"width: 676px; height: 508px;\" data-original-width=\"676\" data-original-height=\"508\" > <div class=\"gallery-group images-1\" style=\"width: 382px; height: 508px;\" data-original-width=\"382\" data-original-height=\"508\" > <div class=\"tiled-gallery-item tiled-gallery-item-large\" itemprop=\"associatedMedia\" itemscope itemtype=\"http:\/\/schema.org\/ImageObject\"> <a href=\"http:\/\/www.jojoenherbe.com\/index.php\/2024\/05\/04\/semaine-18-du-projet-52-2024-printemps\/jardin-2024-4\/\" border=\"0\" itemprop=\"url\"> <meta itemprop=\"width\" content=\"378\"> <meta itemprop=\"height\" content=\"504\"> <img decoding=\"async\" class=\"\" data-attachment-id=\"36025\" data-orig-file=\"http:\/\/www.jojoenherbe.com\/wp-content\/uploads\/2024\/05\/jardin-2024-4-scaled.jpg\" data-orig-size=\"1920,2560\" data-comments-opened=\"1\" data-image-meta=\"{&quot;aperture&quot;:&quot;4.5&quot;,&quot;credit&quot;:&quot;&quot;,&quot;camera&quot;:&quot;DSC-HX400V&quot;,&quot;caption&quot;:&quot;&quot;,&quot;created_timestamp&quot;:&quot;1714325048&quot;,&quot;copyright&quot;:&quot;&quot;,&quot;focal_length&quot;:&quot;29.44&quot;,&quot;iso&quot;:&quot;250&quot;,&quot;shutter_speed&quot;:&quot;0.004&quot;,&quot;title&quot;:&quot;&quot;,&quot;orientation&quot;:&quot;1&quot;}\" data-image-title=\"jardin 2024 (4)\" data-image-description=\"\" data-medium-file=\"https:\/\/i0.wp.com\/www.jojoenherbe.com\/wp-content\/uploads\/2024\/05\/jardin-2024-4-scaled.jpg?fit=225%2C300\" data-large-file=\"https:\/\/i0.wp.com\/www.jojoenherbe.com\/wp-content\/uploads\/2024\/05\/jardin-2024-4-scaled.jpg?fit=676%2C901\" src=\"https:\/\/i0.wp.com\/www.jojoenherbe.com\/wp-content\/uploads\/2024\/05\/jardin-2024-4-scaled.jpg?w=378&#038;h=504\" srcset=\"https:\/\/i0.wp.com\/www.jojoenherbe.com\/wp-content\/uploads\/2024\/05\/jardin-2024-4-scaled.jpg?w=1920 1920w, https:\/\/i0.wp.com\/www.jojoenherbe.com\/wp-content\/uploads\/2024\/05\/jardin-2024-4-scaled.jpg?resize=225%2C300 225w, https:\/\/i0.wp.com\/www.jojoenherbe.com\/wp-content\/uploads\/2024\/05\/jardin-2024-4-scaled.jpg?resize=768%2C1024 768w, https:\/\/i0.wp.com\/www.jojoenherbe.com\/wp-content\/uploads\/2024\/05\/jardin-2024-4-scaled.jpg?resize=1152%2C1536 1152w, https:\/\/i0.wp.com\/www.jojoenherbe.com\/wp-content\/uploads\/2024\/05\/jardin-2024-4-scaled.jpg?resize=1536%2C2048 1536w, https:\/\/i0.wp.com\/www.jojoenherbe.com\/wp-content\/uploads\/2024\/05\/jardin-2024-4-scaled.jpg?resize=676%2C901 676w, https:\/\/i0.wp.com\/www.jojoenherbe.com\/wp-content\/uploads\/2024\/05\/jardin-2024-4-scaled.jpg?w=1352 1352w\" width=\"378\" height=\"504\" loading=\"lazy\" data-original-width=\"378\" data-original-height=\"504\" itemprop=\"http:\/\/schema.org\/image\" title=\"jardin 2024 (4)\" alt=\"jardin 2024 (4)\" style=\"width: 378px; height: 504px;\" \/> <\/a> <\/div> <\/div> <!-- close group --> <div class=\"gallery-group images-2\" style=\"width: 294px; height: 508px;\" data-original-width=\"294\" data-original-height=\"508\" > <div class=\"tiled-gallery-item tiled-gallery-item-large\" itemprop=\"associatedMedia\" itemscope itemtype=\"http:\/\/schema.org\/ImageObject\"> <a href=\"http:\/\/www.jojoenherbe.com\/index.php\/2024\/05\/04\/semaine-18-du-projet-52-2024-printemps\/jardin-2024-7\/\" border=\"0\" itemprop=\"url\"> <meta itemprop=\"width\" content=\"290\"> <meta itemprop=\"height\" content=\"257\"> <img decoding=\"async\" class=\"\" data-attachment-id=\"36028\" data-orig-file=\"http:\/\/www.jojoenherbe.com\/wp-content\/uploads\/2024\/05\/jardin-2024-7-scaled.jpg\" data-orig-size=\"2560,2262\" data-comments-opened=\"1\" data-image-meta=\"{&quot;aperture&quot;:&quot;3.2&quot;,&quot;credit&quot;:&quot;&quot;,&quot;camera&quot;:&quot;DSC-HX400V&quot;,&quot;caption&quot;:&quot;&quot;,&quot;created_timestamp&quot;:&quot;1714324938&quot;,&quot;copyright&quot;:&quot;&quot;,&quot;focal_length&quot;:&quot;6.11&quot;,&quot;iso&quot;:&quot;80&quot;,&quot;shutter_speed&quot;:&quot;0.01&quot;,&quot;title&quot;:&quot;&quot;,&quot;orientation&quot;:&quot;1&quot;}\" data-image-title=\"jardin 2024 (7)\" data-image-description=\"\" data-medium-file=\"https:\/\/i0.wp.com\/www.jojoenherbe.com\/wp-content\/uploads\/2024\/05\/jardin-2024-7-scaled.jpg?fit=300%2C265\" data-large-file=\"https:\/\/i0.wp.com\/www.jojoenherbe.com\/wp-content\/uploads\/2024\/05\/jardin-2024-7-scaled.jpg?fit=676%2C597\" src=\"https:\/\/i0.wp.com\/www.jojoenherbe.com\/wp-content\/uploads\/2024\/05\/jardin-2024-7-scaled.jpg?w=290&#038;h=257\" srcset=\"https:\/\/i0.wp.com\/www.jojoenherbe.com\/wp-content\/uploads\/2024\/05\/jardin-2024-7-scaled.jpg?w=2560 2560w, https:\/\/i0.wp.com\/www.jojoenherbe.com\/wp-content\/uploads\/2024\/05\/jardin-2024-7-scaled.jpg?resize=300%2C265 300w, https:\/\/i0.wp.com\/www.jojoenherbe.com\/wp-content\/uploads\/2024\/05\/jardin-2024-7-scaled.jpg?resize=1024%2C905 1024w, https:\/\/i0.wp.com\/www.jojoenherbe.com\/wp-content\/uploads\/2024\/05\/jardin-2024-7-scaled.jpg?resize=768%2C679 768w, https:\/\/i0.wp.com\/www.jojoenherbe.com\/wp-content\/uploads\/2024\/05\/jardin-2024-7-scaled.jpg?resize=1536%2C1357 1536w, https:\/\/i0.wp.com\/www.jojoenherbe.com\/wp-content\/uploads\/2024\/05\/jardin-2024-7-scaled.jpg?resize=2048%2C1810 2048w, https:\/\/i0.wp.com\/www.jojoenherbe.com\/wp-content\/uploads\/2024\/05\/jardin-2024-7-scaled.jpg?resize=676%2C597 676w, https:\/\/i0.wp.com\/www.jojoenherbe.com\/wp-content\/uploads\/2024\/05\/jardin-2024-7-scaled.jpg?w=1352 1352w\" width=\"290\" height=\"257\" loading=\"lazy\" data-original-width=\"290\" data-original-height=\"257\" itemprop=\"http:\/\/schema.org\/image\" title=\"jardin 2024 (7)\" alt=\"jardin 2024 (7)\" style=\"width: 290px; height: 257px;\" \/> <\/a> <\/div> <div class=\"tiled-gallery-item tiled-gallery-item-large\" itemprop=\"associatedMedia\" itemscope itemtype=\"http:\/\/schema.org\/ImageObject\"> <a href=\"http:\/\/www.jojoenherbe.com\/index.php\/2024\/01\/13\/semaine-2-du-projet-52-2024-hiver\/projet-52-2024-du-cote-de-chez-ma\/\" border=\"0\" itemprop=\"url\"> <meta itemprop=\"width\" content=\"290\"> <meta itemprop=\"height\" content=\"243\"> <img decoding=\"async\" class=\"\" data-attachment-id=\"34278\" data-orig-file=\"http:\/\/www.jojoenherbe.com\/wp-content\/uploads\/2024\/01\/Projet-52-2024-Du-cote-de-chez-Ma.jpg\" data-orig-size=\"940,788\" data-comments-opened=\"1\" data-image-meta=\"{&quot;aperture&quot;:&quot;0&quot;,&quot;credit&quot;:&quot;&quot;,&quot;camera&quot;:&quot;&quot;,&quot;caption&quot;:&quot;&quot;,&quot;created_timestamp&quot;:&quot;0&quot;,&quot;copyright&quot;:&quot;&quot;,&quot;focal_length&quot;:&quot;0&quot;,&quot;iso&quot;:&quot;0&quot;,&quot;shutter_speed&quot;:&quot;0&quot;,&quot;title&quot;:&quot;&quot;,&quot;orientation&quot;:&quot;0&quot;}\" data-image-title=\"Projet 52-2024 Du c\u00f4t\u00e9 de chez Ma&amp;rsquo;\" data-image-description=\"\" data-medium-file=\"https:\/\/i0.wp.com\/www.jojoenherbe.com\/wp-content\/uploads\/2024\/01\/Projet-52-2024-Du-cote-de-chez-Ma.jpg?fit=300%2C251\" data-large-file=\"https:\/\/i0.wp.com\/www.jojoenherbe.com\/wp-content\/uploads\/2024\/01\/Projet-52-2024-Du-cote-de-chez-Ma.jpg?fit=676%2C567\" src=\"https:\/\/i0.wp.com\/www.jojoenherbe.com\/wp-content\/uploads\/2024\/01\/Projet-52-2024-Du-cote-de-chez-Ma.jpg?w=290&#038;h=243\" srcset=\"https:\/\/i0.wp.com\/www.jojoenherbe.com\/wp-content\/uploads\/2024\/01\/Projet-52-2024-Du-cote-de-chez-Ma.jpg?w=940 940w, https:\/\/i0.wp.com\/www.jojoenherbe.com\/wp-content\/uploads\/2024\/01\/Projet-52-2024-Du-cote-de-chez-Ma.jpg?resize=300%2C251 300w, https:\/\/i0.wp.com\/www.jojoenherbe.com\/wp-content\/uploads\/2024\/01\/Projet-52-2024-Du-cote-de-chez-Ma.jpg?resize=768%2C644 768w, https:\/\/i0.wp.com\/www.jojoenherbe.com\/wp-content\/uploads\/2024\/01\/Projet-52-2024-Du-cote-de-chez-Ma.jpg?resize=676%2C567 676w\" width=\"290\" height=\"243\" loading=\"lazy\" data-original-width=\"290\" data-original-height=\"243\" itemprop=\"http:\/\/schema.org\/image\" title=\"Projet 52-2024 Du c\u00f4t\u00e9 de chez Ma&#039;\" alt=\"Projet 52-2024 Du c\u00f4t\u00e9 de chez Ma&#039;\" style=\"width: 290px; height: 243px;\" \/> <\/a> <\/div> <\/div> <!-- close group --> <\/div> <!-- close row --> <\/div>\n\n\n<p><\/p>\n\n\n\n<p><\/p>\n","protected":false},"excerpt":{"rendered":"<p>Pour la semaine 18 du Projet 52-2024 de Du c\u00f4t\u00e9 de chez Ma\u2019, le th\u00e8me est \u00ab Printemps\u00bb. J\u2019ai choisi pour illustrer ce th\u00e8me des fleurs printani\u00e8res du jardin comme le lilas et un petit curieux qui voletait de fleur en arbre avant de partir pour d&rsquo;autres horizons. C&rsquo;est aussi une nouvelle participation printani\u00e8re (m\u00eame [&hellip;]<\/p>\n","protected":false},"author":1,"featured_media":36022,"comment_status":"open","ping_status":"open","sticky":false,"template":"","format":"standard","meta":{"jetpack_post_was_ever_published":false,"_jetpack_newsletter_access":"","_jetpack_dont_email_post_to_subs":false,"_jetpack_newsletter_tier_id":0,"_jetpack_memberships_contains_paywalled_content":false,"_jetpack_memberships_contains_paid_content":false,"footnotes":""},"categories":[437],"tags":[462,590,543,393,207,1353,4043],"class_list":["post-36020","post","type-post","status-publish","format-standard","has-post-thumbnail","hentry","category-mini-photographe","tag-fleurs","tag-jardin","tag-nature","tag-oiseau","tag-printemps","tag-projet-52-de-ma","tag-projet-52-2024","post-preview"],"jetpack_featured_media_url":"https:\/\/i0.wp.com\/www.jojoenherbe.com\/wp-content\/uploads\/2024\/05\/jardin-printemps-2024.png?fit=1080%2C1080","jetpack_sharing_enabled":true,"jetpack_shortlink":"https:\/\/wp.me\/p9zhGx-9mY","jetpack_likes_enabled":true,"jetpack-related-posts":[{"id":24603,"url":"http:\/\/www.jojoenherbe.com\/index.php\/2022\/04\/09\/semaine-14-du-projet-52-2022-printemps\/","url_meta":{"origin":36020,"position":0},"title":"Semaine 14 du Projet 52-2022: Printemps","author":"Jojo","date":"9 avril 2022","format":false,"excerpt":"Pour la semaine 14 du Projet 52-2022 de Du c\u00f4t\u00e9 de chez Ma\u2019, le th\u00e8me est \"Printemps\". Les ann\u00e9es pr\u00e9c\u00e9dentes pour un th\u00e8me similaire, j'avais opt\u00e9 pour des floraisons avec les premi\u00e8res fleurs printani\u00e8res. Mais avec l'arriv\u00e9e du printemps c'est aussi l'occasion d'observer des naissances d'animaux. J'ai donc choisi pour\u2026","rel":"","context":"Dans &quot;Mini ornitho&quot;","block_context":{"text":"Mini ornitho","link":"http:\/\/www.jojoenherbe.com\/index.php\/category\/mini-ornitho\/"},"img":{"alt_text":"","src":"https:\/\/i0.wp.com\/www.jojoenherbe.com\/wp-content\/uploads\/2022\/04\/Cane-et-canetons-2-scaled.jpg?fit=1200%2C781&resize=350%2C200","width":350,"height":200,"srcset":"https:\/\/i0.wp.com\/www.jojoenherbe.com\/wp-content\/uploads\/2022\/04\/Cane-et-canetons-2-scaled.jpg?fit=1200%2C781&resize=350%2C200 1x, https:\/\/i0.wp.com\/www.jojoenherbe.com\/wp-content\/uploads\/2022\/04\/Cane-et-canetons-2-scaled.jpg?fit=1200%2C781&resize=525%2C300 1.5x, https:\/\/i0.wp.com\/www.jojoenherbe.com\/wp-content\/uploads\/2022\/04\/Cane-et-canetons-2-scaled.jpg?fit=1200%2C781&resize=700%2C400 2x, https:\/\/i0.wp.com\/www.jojoenherbe.com\/wp-content\/uploads\/2022\/04\/Cane-et-canetons-2-scaled.jpg?fit=1200%2C781&resize=1050%2C600 3x"},"classes":[]},{"id":5085,"url":"http:\/\/www.jojoenherbe.com\/index.php\/2019\/03\/17\/tout-proche-du-printemps\/","url_meta":{"origin":36020,"position":1},"title":"Tout proche du printemps","author":"Jojo","date":"17 mars 2019","format":false,"excerpt":"Pour la semaine 11 du Projet 52-2019 de Du C\u00f4t\u00e9 de Chez Ma\u2019, le th\u00e8me est \"Proche\". A quelques jours du printemps, quoi de mieux que ces deux fleurs printani\u00e8res poussant l'une \u00e0 c\u00f4t\u00e9 de l'autre, si proches, le long du sentier de l\u2019\u00e9cluse \u00e0 P\u00e9gomas? Ce sentier permet de\u2026","rel":"","context":"Dans &quot;mini photographe&quot;","block_context":{"text":"mini photographe","link":"http:\/\/www.jojoenherbe.com\/index.php\/category\/mini-photographe\/"},"img":{"alt_text":"","src":"https:\/\/i0.wp.com\/www.jojoenherbe.com\/wp-content\/uploads\/2019\/03\/Sentier-de-lEcluse-P%C3%A9gomas.jpg?fit=1200%2C900&resize=350%2C200","width":350,"height":200,"srcset":"https:\/\/i0.wp.com\/www.jojoenherbe.com\/wp-content\/uploads\/2019\/03\/Sentier-de-lEcluse-P%C3%A9gomas.jpg?fit=1200%2C900&resize=350%2C200 1x, https:\/\/i0.wp.com\/www.jojoenherbe.com\/wp-content\/uploads\/2019\/03\/Sentier-de-lEcluse-P%C3%A9gomas.jpg?fit=1200%2C900&resize=525%2C300 1.5x, https:\/\/i0.wp.com\/www.jojoenherbe.com\/wp-content\/uploads\/2019\/03\/Sentier-de-lEcluse-P%C3%A9gomas.jpg?fit=1200%2C900&resize=700%2C400 2x, https:\/\/i0.wp.com\/www.jojoenherbe.com\/wp-content\/uploads\/2019\/03\/Sentier-de-lEcluse-P%C3%A9gomas.jpg?fit=1200%2C900&resize=1050%2C600 3x"},"classes":[]},{"id":35172,"url":"http:\/\/www.jojoenherbe.com\/index.php\/2024\/03\/13\/la-nature-au-fil-de-lannee-2024\/","url_meta":{"origin":36020,"position":2},"title":"La Nature au fil des saisons 2024","author":"Jojo","date":"13 mars 2024","format":false,"excerpt":"Au d\u00e9tour des rues, parcs et jardins de Nice, nous avons pris le temps d'observer la Nature et en particulier les beaux magnolias en fleurs. Le printemps est dans l'air en ces derniers jours hivernaux, apr\u00e8s des jours de pluie. Voici un petit montage-photo de quelques photos prises cet apr\u00e8s-midi.\u2026","rel":"","context":"Dans &quot;mini photographe&quot;","block_context":{"text":"mini photographe","link":"http:\/\/www.jojoenherbe.com\/index.php\/category\/mini-photographe\/"},"img":{"alt_text":"","src":"https:\/\/i0.wp.com\/www.jojoenherbe.com\/wp-content\/uploads\/2024\/03\/Magnolias-Nice.jpg?fit=1200%2C960&resize=350%2C200","width":350,"height":200,"srcset":"https:\/\/i0.wp.com\/www.jojoenherbe.com\/wp-content\/uploads\/2024\/03\/Magnolias-Nice.jpg?fit=1200%2C960&resize=350%2C200 1x, https:\/\/i0.wp.com\/www.jojoenherbe.com\/wp-content\/uploads\/2024\/03\/Magnolias-Nice.jpg?fit=1200%2C960&resize=525%2C300 1.5x, https:\/\/i0.wp.com\/www.jojoenherbe.com\/wp-content\/uploads\/2024\/03\/Magnolias-Nice.jpg?fit=1200%2C960&resize=700%2C400 2x, https:\/\/i0.wp.com\/www.jojoenherbe.com\/wp-content\/uploads\/2024\/03\/Magnolias-Nice.jpg?fit=1200%2C960&resize=1050%2C600 3x"},"classes":[]},{"id":16274,"url":"http:\/\/www.jojoenherbe.com\/index.php\/2021\/03\/07\/semaine-9-du-projet-52-2021-un-petit-peu-de\/","url_meta":{"origin":36020,"position":3},"title":"Semaine 9 du Projet 52-2021: Un petit peu de&#8230;","author":"Jojo","date":"7 mars 2021","format":false,"excerpt":"Pour la semaine 9 du Projet 52-2021 de Du c\u00f4t\u00e9 de chez Ma', le th\u00e8me est \"Un petit peu de...\". Voici une photo d'un petit peu de notre jardini\u00e8re, les premiers crocus ayant fleuri depuis quelques jours. Il y a d'autres violets et aussi un muscari qui ont fleuri \u00e0\u2026","rel":"","context":"Dans &quot;mini photographe&quot;","block_context":{"text":"mini photographe","link":"http:\/\/www.jojoenherbe.com\/index.php\/category\/mini-photographe\/"},"img":{"alt_text":"","src":"https:\/\/i0.wp.com\/www.jojoenherbe.com\/wp-content\/uploads\/2021\/03\/fleurs-crocus-scaled.jpg?fit=1200%2C900&resize=350%2C200","width":350,"height":200,"srcset":"https:\/\/i0.wp.com\/www.jojoenherbe.com\/wp-content\/uploads\/2021\/03\/fleurs-crocus-scaled.jpg?fit=1200%2C900&resize=350%2C200 1x, https:\/\/i0.wp.com\/www.jojoenherbe.com\/wp-content\/uploads\/2021\/03\/fleurs-crocus-scaled.jpg?fit=1200%2C900&resize=525%2C300 1.5x, https:\/\/i0.wp.com\/www.jojoenherbe.com\/wp-content\/uploads\/2021\/03\/fleurs-crocus-scaled.jpg?fit=1200%2C900&resize=700%2C400 2x, https:\/\/i0.wp.com\/www.jojoenherbe.com\/wp-content\/uploads\/2021\/03\/fleurs-crocus-scaled.jpg?fit=1200%2C900&resize=1050%2C600 3x"},"classes":[]},{"id":25345,"url":"http:\/\/www.jojoenherbe.com\/index.php\/2022\/05\/03\/la-nature-au-fil-du-printemps-5\/","url_meta":{"origin":36020,"position":4},"title":"La Nature au fil du printemps #5","author":"Jojo","date":"3 mai 2022","format":false,"excerpt":"Pour ce nouveau rendez-vous photo avec Syl et Isabelle d\u2019\u00e9coute et d\u2019observation de la Nature au fil du printemps, voici quelques photos prises le 1er mai \u00e0 Vaugrenier, que ce soit c\u00f4t\u00e9 parc ou \u00e9tang. Comme \u00e0 chaque printemps, les iris des marais ont fleuri comme d'autres fleurs. Nous pouvons\u2026","rel":"","context":"Dans &quot;Mini baladeur&quot;","block_context":{"text":"Mini baladeur","link":"http:\/\/www.jojoenherbe.com\/index.php\/category\/mini-crapahuteur\/mini-baladeur\/"},"img":{"alt_text":"","src":"https:\/\/i0.wp.com\/www.jojoenherbe.com\/wp-content\/uploads\/2022\/05\/Iris-des-marais-Vaugrenier-scaled.jpg?fit=900%2C1200&resize=350%2C200","width":350,"height":200,"srcset":"https:\/\/i0.wp.com\/www.jojoenherbe.com\/wp-content\/uploads\/2022\/05\/Iris-des-marais-Vaugrenier-scaled.jpg?fit=900%2C1200&resize=350%2C200 1x, https:\/\/i0.wp.com\/www.jojoenherbe.com\/wp-content\/uploads\/2022\/05\/Iris-des-marais-Vaugrenier-scaled.jpg?fit=900%2C1200&resize=525%2C300 1.5x, https:\/\/i0.wp.com\/www.jojoenherbe.com\/wp-content\/uploads\/2022\/05\/Iris-des-marais-Vaugrenier-scaled.jpg?fit=900%2C1200&resize=700%2C400 2x"},"classes":[]},{"id":5993,"url":"http:\/\/www.jojoenherbe.com\/index.php\/2019\/05\/18\/tant-quil-y-a-des-coquelicots\/","url_meta":{"origin":36020,"position":5},"title":"Tant qu&rsquo;il y a des coquelicots","author":"Jojo","date":"18 mai 2019","format":false,"excerpt":"Pour cette semaine 20 du Projet 52-2019 de Du C\u00f4t\u00e9 de Chez Ma\u2019,\u00a0 le th\u00e8me est \"gros plan\". Alors quelle photo choisir? Un portrait en gros plan? Un d\u00e9tail d'un monument ou d'une sculpture? De la macro avec un papillon ou des fleurs? Ce sera finalement un coquelicot, fleur printani\u00e8re\u2026","rel":"","context":"Dans &quot;mini photographe&quot;","block_context":{"text":"mini photographe","link":"http:\/\/www.jojoenherbe.com\/index.php\/category\/mini-photographe\/"},"img":{"alt_text":"","src":"https:\/\/i0.wp.com\/www.jojoenherbe.com\/wp-content\/uploads\/2019\/05\/coquelicot.jpg?fit=900%2C1200&resize=350%2C200","width":350,"height":200,"srcset":"https:\/\/i0.wp.com\/www.jojoenherbe.com\/wp-content\/uploads\/2019\/05\/coquelicot.jpg?fit=900%2C1200&resize=350%2C200 1x, https:\/\/i0.wp.com\/www.jojoenherbe.com\/wp-content\/uploads\/2019\/05\/coquelicot.jpg?fit=900%2C1200&resize=525%2C300 1.5x, https:\/\/i0.wp.com\/www.jojoenherbe.com\/wp-content\/uploads\/2019\/05\/coquelicot.jpg?fit=900%2C1200&resize=700%2C400 2x"},"classes":[]}],"_links":{"self":[{"href":"http:\/\/www.jojoenherbe.com\/index.php\/wp-json\/wp\/v2\/posts\/36020","targetHints":{"allow":["GET"]}}],"collection":[{"href":"http:\/\/www.jojoenherbe.com\/index.php\/wp-json\/wp\/v2\/posts"}],"about":[{"href":"http:\/\/www.jojoenherbe.com\/index.php\/wp-json\/wp\/v2\/types\/post"}],"author":[{"embeddable":true,"href":"http:\/\/www.jojoenherbe.com\/index.php\/wp-json\/wp\/v2\/users\/1"}],"replies":[{"embeddable":true,"href":"http:\/\/www.jojoenherbe.com\/index.php\/wp-json\/wp\/v2\/comments?post=36020"}],"version-history":[{"count":4,"href":"http:\/\/www.jojoenherbe.com\/index.php\/wp-json\/wp\/v2\/posts\/36020\/revisions"}],"predecessor-version":[{"id":36032,"href":"http:\/\/www.jojoenherbe.com\/index.php\/wp-json\/wp\/v2\/posts\/36020\/revisions\/36032"}],"wp:featuredmedia":[{"embeddable":true,"href":"http:\/\/www.jojoenherbe.com\/index.php\/wp-json\/wp\/v2\/media\/36022"}],"wp:attachment":[{"href":"http:\/\/www.jojoenherbe.com\/index.php\/wp-json\/wp\/v2\/media?parent=36020"}],"wp:term":[{"taxonomy":"category","embeddable":true,"href":"http:\/\/www.jojoenherbe.com\/index.php\/wp-json\/wp\/v2\/categories?post=36020"},{"taxonomy":"post_tag","embeddable":true,"href":"http:\/\/www.jojoenherbe.com\/index.php\/wp-json\/wp\/v2\/tags?post=36020"}],"curies":[{"name":"wp","href":"https:\/\/api.w.org\/{rel}","templated":true}]}}