{"id":35475,"date":"2024-04-01T19:24:50","date_gmt":"2024-04-01T17:24:50","guid":{"rendered":"https:\/\/www.jojoenherbe.com\/?p=35475"},"modified":"2024-04-26T16:35:30","modified_gmt":"2024-04-26T14:35:30","slug":"billet-de-suivi-un-mois-au-japon-2024","status":"publish","type":"post","link":"http:\/\/www.jojoenherbe.com\/index.php\/2024\/04\/01\/billet-de-suivi-un-mois-au-japon-2024\/","title":{"rendered":"Billet de suivi: Un Mois au Japon 2024"},"content":{"rendered":"<p style=\"text-align: justify;\"><a href=\"https:\/\/lelivroblog.fr\/2024\/04\/01\/un-mois-au-japon-2024-septieme-edition-presentation-et-recapitulatif\/\"><em>Hilde<\/em><\/a><em> et <a href=\"http:\/\/www.myloubook.com\/2024\/04\/01\/un-mois-au-japon-2024-septieme-edition\/\">Lou<\/a> coorganisent encore cette ann\u00e9e Un Mois au Japon 2024. Le challenge se d\u00e9roule donc du 1er au 30 avril avec possibilit\u00e9 de continuer \u00e0 partager au mois de mai sur les blogs ou r\u00e9seaux sociaux selon nos envies (livres, films, photos, loisirs cr\u00e9atifs, recettes japonaises\u2026). Programme libre cette ann\u00e9e avec n\u00e9anmoins une check-list de suggestions et un RAT du 5 au 7 avril. Sans oublier la Brigade des Marmitonnes, les gourmandises se faisant aussi japonaises pour l&rsquo;occasion. Pour plus d\u2019infos, n\u2019h\u00e9sitez pas \u00e0 aller sur leurs blogs ou rejoindre le groupe FB: <a href=\"https:\/\/www.facebook.com\/groups\/unmoisaujapon\">ici<\/a>.<\/em><\/p>\n<p style=\"text-align: justify;\"><em>Courant mars, j&rsquo;avais d\u00e9j\u00e0 pioch\u00e9 dans des emprunts \u00e0 la m\u00e9diath\u00e8que que j&rsquo;avais pourtant faits pour ce mois-ci. Avec mon mini lutin, nous avons lu et relu <span style=\"text-decoration: underline;\">Mon voyage \u00e0 moi<\/span> d\u2019Akiko Miyakoshi (\u00e9d. Syros,\u00a0 septembre 2022, 40 pages) un album jeunesse \u00e0 partir de 5\/6 ans. J&rsquo;ai \u00e9galement lu deux suites de manga en cours: le tome 2 des <span style=\"text-decoration: underline;\">Carnets de l\u2019Apothicaire<\/span> de Natsu Hyuuga et Itsuki Nanao (\u00e9d. Ki-oon, mars 2021, 159 pages), un manga Seinen \u00e0 partir de 15 ans et le tome 2 de <span style=\"text-decoration: underline;\">L&rsquo;Atelier des Sorciers<\/span> de Kamome Shirahama (\u00e9d. Pika, coll. Pika Seinen, juin 2018, 192 pages), un manga Seinen \u00e0 partir de 13 ans se d\u00e9roulant dans un univers de fantasy m\u00e9di\u00e9vale ainsi qu&rsquo;<span style=\"text-decoration: underline;\">Issunboshi, Le petit samoura\u00ef<\/span> de Ryan Lang (\u00e9d. Lombard, mars 2023, 200 pages), un roman graphique en noir et blanc et \u00e0 partir de 12 ans et qui \u00e9tait consultable en ligne par ma m\u00e9diath\u00e8que.<\/em><\/p>\n<div class=\"tiled-gallery type-rectangular tiled-gallery-unresized\" data-original-width=\"676\" data-carousel-extra='{&quot;blog_id&quot;:1,&quot;permalink&quot;:&quot;http:\\\/\\\/www.jojoenherbe.com\\\/index.php\\\/2024\\\/04\\\/01\\\/billet-de-suivi-un-mois-au-japon-2024\\\/&quot;,&quot;likes_blog_id&quot;:141396489}' itemscope itemtype=\"http:\/\/schema.org\/ImageGallery\" > <div class=\"gallery-row\" style=\"width: 676px; height: 252px;\" data-original-width=\"676\" data-original-height=\"252\" > <div class=\"gallery-group images-2\" style=\"width: 126px; height: 252px;\" data-original-width=\"126\" data-original-height=\"252\" > <div class=\"tiled-gallery-item tiled-gallery-item-small\" itemprop=\"associatedMedia\" itemscope itemtype=\"http:\/\/schema.org\/ImageObject\"> <a href=\"http:\/\/www.jojoenherbe.com\/index.php\/2024\/04\/01\/billet-de-suivi-un-mois-au-japon-2024\/les-gourmandises-au-japon-2024\/\" border=\"0\" itemprop=\"url\"> <meta itemprop=\"width\" content=\"122\"> <meta itemprop=\"height\" content=\"122\"> <img decoding=\"async\" class=\"\" data-attachment-id=\"35480\" data-orig-file=\"http:\/\/www.jojoenherbe.com\/wp-content\/uploads\/2024\/04\/Les-Gourmandises-au-Japon-2024.jpg\" data-orig-size=\"768,768\" data-comments-opened=\"1\" data-image-meta=\"{&quot;aperture&quot;:&quot;0&quot;,&quot;credit&quot;:&quot;&quot;,&quot;camera&quot;:&quot;&quot;,&quot;caption&quot;:&quot;&quot;,&quot;created_timestamp&quot;:&quot;1711997568&quot;,&quot;copyright&quot;:&quot;&quot;,&quot;focal_length&quot;:&quot;0&quot;,&quot;iso&quot;:&quot;0&quot;,&quot;shutter_speed&quot;:&quot;0&quot;,&quot;title&quot;:&quot;&quot;,&quot;orientation&quot;:&quot;0&quot;}\" data-image-title=\"Les Gourmandises au Japon 2024\" data-image-description=\"\" data-medium-file=\"https:\/\/i0.wp.com\/www.jojoenherbe.com\/wp-content\/uploads\/2024\/04\/Les-Gourmandises-au-Japon-2024.jpg?fit=300%2C300\" data-large-file=\"https:\/\/i0.wp.com\/www.jojoenherbe.com\/wp-content\/uploads\/2024\/04\/Les-Gourmandises-au-Japon-2024.jpg?fit=676%2C676\" src=\"https:\/\/i0.wp.com\/www.jojoenherbe.com\/wp-content\/uploads\/2024\/04\/Les-Gourmandises-au-Japon-2024.jpg?w=122&#038;h=122&#038;crop=1\" srcset=\"https:\/\/i0.wp.com\/www.jojoenherbe.com\/wp-content\/uploads\/2024\/04\/Les-Gourmandises-au-Japon-2024.jpg?w=768 768w, https:\/\/i0.wp.com\/www.jojoenherbe.com\/wp-content\/uploads\/2024\/04\/Les-Gourmandises-au-Japon-2024.jpg?resize=300%2C300 300w, https:\/\/i0.wp.com\/www.jojoenherbe.com\/wp-content\/uploads\/2024\/04\/Les-Gourmandises-au-Japon-2024.jpg?resize=150%2C150 150w, https:\/\/i0.wp.com\/www.jojoenherbe.com\/wp-content\/uploads\/2024\/04\/Les-Gourmandises-au-Japon-2024.jpg?resize=676%2C676 676w\" width=\"122\" height=\"122\" loading=\"lazy\" data-original-width=\"122\" data-original-height=\"122\" itemprop=\"http:\/\/schema.org\/image\" title=\"Les Gourmandises au Japon 2024\" alt=\"Les Gourmandises au Japon 2024\" style=\"width: 122px; height: 122px;\" \/> <\/a> <\/div> <div class=\"tiled-gallery-item tiled-gallery-item-small\" itemprop=\"associatedMedia\" itemscope itemtype=\"http:\/\/schema.org\/ImageObject\"> <a href=\"http:\/\/www.jojoenherbe.com\/index.php\/2024\/04\/01\/billet-de-suivi-un-mois-au-japon-2024\/un-mois-au-japon-2024-rat\/\" border=\"0\" itemprop=\"url\"> <meta itemprop=\"width\" content=\"122\"> <meta itemprop=\"height\" content=\"122\"> <img decoding=\"async\" class=\"\" data-attachment-id=\"35483\" data-orig-file=\"http:\/\/www.jojoenherbe.com\/wp-content\/uploads\/2024\/04\/Un-Mois-au-Japon-2024-RAT.jpg\" data-orig-size=\"900,900\" data-comments-opened=\"1\" data-image-meta=\"{&quot;aperture&quot;:&quot;0&quot;,&quot;credit&quot;:&quot;&quot;,&quot;camera&quot;:&quot;&quot;,&quot;caption&quot;:&quot;&quot;,&quot;created_timestamp&quot;:&quot;0&quot;,&quot;copyright&quot;:&quot;&quot;,&quot;focal_length&quot;:&quot;0&quot;,&quot;iso&quot;:&quot;0&quot;,&quot;shutter_speed&quot;:&quot;0&quot;,&quot;title&quot;:&quot;&quot;,&quot;orientation&quot;:&quot;0&quot;}\" data-image-title=\"Un Mois au Japon 2024 &amp;#8211; RAT\" data-image-description=\"\" data-medium-file=\"https:\/\/i0.wp.com\/www.jojoenherbe.com\/wp-content\/uploads\/2024\/04\/Un-Mois-au-Japon-2024-RAT.jpg?fit=300%2C300\" data-large-file=\"https:\/\/i0.wp.com\/www.jojoenherbe.com\/wp-content\/uploads\/2024\/04\/Un-Mois-au-Japon-2024-RAT.jpg?fit=676%2C676\" src=\"https:\/\/i0.wp.com\/www.jojoenherbe.com\/wp-content\/uploads\/2024\/04\/Un-Mois-au-Japon-2024-RAT.jpg?w=122&#038;h=122&#038;crop=1\" srcset=\"https:\/\/i0.wp.com\/www.jojoenherbe.com\/wp-content\/uploads\/2024\/04\/Un-Mois-au-Japon-2024-RAT.jpg?w=900 900w, https:\/\/i0.wp.com\/www.jojoenherbe.com\/wp-content\/uploads\/2024\/04\/Un-Mois-au-Japon-2024-RAT.jpg?resize=300%2C300 300w, https:\/\/i0.wp.com\/www.jojoenherbe.com\/wp-content\/uploads\/2024\/04\/Un-Mois-au-Japon-2024-RAT.jpg?resize=150%2C150 150w, https:\/\/i0.wp.com\/www.jojoenherbe.com\/wp-content\/uploads\/2024\/04\/Un-Mois-au-Japon-2024-RAT.jpg?resize=768%2C768 768w, https:\/\/i0.wp.com\/www.jojoenherbe.com\/wp-content\/uploads\/2024\/04\/Un-Mois-au-Japon-2024-RAT.jpg?resize=676%2C676 676w\" width=\"122\" height=\"122\" loading=\"lazy\" data-original-width=\"122\" data-original-height=\"122\" itemprop=\"http:\/\/schema.org\/image\" title=\"Un Mois au Japon 2024 - RAT\" alt=\"Un Mois au Japon 2024 - RAT\" style=\"width: 122px; height: 122px;\" \/> <\/a> <\/div> <\/div> <!-- close group --> <div class=\"gallery-group images-1\" style=\"width: 252px; height: 252px;\" data-original-width=\"252\" data-original-height=\"252\" > <div class=\"tiled-gallery-item tiled-gallery-item-small\" itemprop=\"associatedMedia\" itemscope itemtype=\"http:\/\/schema.org\/ImageObject\"> <a href=\"http:\/\/www.jojoenherbe.com\/index.php\/2024\/04\/01\/billet-de-suivi-un-mois-au-japon-2024\/un-mois-au-japon-2024-check-list\/\" border=\"0\" itemprop=\"url\"> <meta itemprop=\"width\" content=\"248\"> <meta itemprop=\"height\" content=\"248\"> <img decoding=\"async\" class=\"\" data-attachment-id=\"35481\" data-orig-file=\"http:\/\/www.jojoenherbe.com\/wp-content\/uploads\/2024\/04\/Un-Mois-au-Japon-2024-check-list.jpg\" data-orig-size=\"900,900\" data-comments-opened=\"1\" data-image-meta=\"{&quot;aperture&quot;:&quot;0&quot;,&quot;credit&quot;:&quot;&quot;,&quot;camera&quot;:&quot;&quot;,&quot;caption&quot;:&quot;&quot;,&quot;created_timestamp&quot;:&quot;0&quot;,&quot;copyright&quot;:&quot;&quot;,&quot;focal_length&quot;:&quot;0&quot;,&quot;iso&quot;:&quot;0&quot;,&quot;shutter_speed&quot;:&quot;0&quot;,&quot;title&quot;:&quot;&quot;,&quot;orientation&quot;:&quot;0&quot;}\" data-image-title=\"Un Mois au Japon 2024 &amp;#8211; check-list\" data-image-description=\"\" data-medium-file=\"https:\/\/i0.wp.com\/www.jojoenherbe.com\/wp-content\/uploads\/2024\/04\/Un-Mois-au-Japon-2024-check-list.jpg?fit=300%2C300\" data-large-file=\"https:\/\/i0.wp.com\/www.jojoenherbe.com\/wp-content\/uploads\/2024\/04\/Un-Mois-au-Japon-2024-check-list.jpg?fit=676%2C676\" src=\"https:\/\/i0.wp.com\/www.jojoenherbe.com\/wp-content\/uploads\/2024\/04\/Un-Mois-au-Japon-2024-check-list.jpg?w=248&#038;h=248&#038;crop=1\" srcset=\"https:\/\/i0.wp.com\/www.jojoenherbe.com\/wp-content\/uploads\/2024\/04\/Un-Mois-au-Japon-2024-check-list.jpg?w=900 900w, https:\/\/i0.wp.com\/www.jojoenherbe.com\/wp-content\/uploads\/2024\/04\/Un-Mois-au-Japon-2024-check-list.jpg?resize=300%2C300 300w, https:\/\/i0.wp.com\/www.jojoenherbe.com\/wp-content\/uploads\/2024\/04\/Un-Mois-au-Japon-2024-check-list.jpg?resize=150%2C150 150w, https:\/\/i0.wp.com\/www.jojoenherbe.com\/wp-content\/uploads\/2024\/04\/Un-Mois-au-Japon-2024-check-list.jpg?resize=768%2C768 768w, https:\/\/i0.wp.com\/www.jojoenherbe.com\/wp-content\/uploads\/2024\/04\/Un-Mois-au-Japon-2024-check-list.jpg?resize=676%2C676 676w\" width=\"248\" height=\"248\" loading=\"lazy\" data-original-width=\"248\" data-original-height=\"248\" itemprop=\"http:\/\/schema.org\/image\" title=\"Un Mois au Japon 2024 - check-list\" alt=\"Un Mois au Japon 2024 - check-list\" style=\"width: 248px; height: 248px;\" \/> <\/a> <\/div> <\/div> <!-- close group --> <div class=\"gallery-group images-1\" style=\"width: 298px; height: 252px;\" data-original-width=\"298\" data-original-height=\"252\" > <div class=\"tiled-gallery-item tiled-gallery-item-large\" itemprop=\"associatedMedia\" itemscope itemtype=\"http:\/\/schema.org\/ImageObject\"> <a href=\"http:\/\/www.jojoenherbe.com\/index.php\/2024\/04\/01\/billet-de-suivi-un-mois-au-japon-2024\/selection-pal-un-mois-au-japon-2024\/\" border=\"0\" itemprop=\"url\"> <meta itemprop=\"width\" content=\"294\"> <meta itemprop=\"height\" content=\"248\"> <img decoding=\"async\" class=\"\" data-attachment-id=\"35487\" data-orig-file=\"http:\/\/www.jojoenherbe.com\/wp-content\/uploads\/2024\/04\/Selection-PAL-Un-mois-au-Japon-2024-scaled.jpg\" data-orig-size=\"2560,2157\" data-comments-opened=\"1\" data-image-meta=\"{&quot;aperture&quot;:&quot;1.8&quot;,&quot;credit&quot;:&quot;&quot;,&quot;camera&quot;:&quot;iPhone 7&quot;,&quot;caption&quot;:&quot;&quot;,&quot;created_timestamp&quot;:&quot;1711999060&quot;,&quot;copyright&quot;:&quot;&quot;,&quot;focal_length&quot;:&quot;3.99&quot;,&quot;iso&quot;:&quot;100&quot;,&quot;shutter_speed&quot;:&quot;0.16666666666667&quot;,&quot;title&quot;:&quot;&quot;,&quot;orientation&quot;:&quot;1&quot;}\" data-image-title=\"S\u00e9lection PAL &amp;#8211; Un mois au Japon 2024\" data-image-description=\"\" data-medium-file=\"https:\/\/i0.wp.com\/www.jojoenherbe.com\/wp-content\/uploads\/2024\/04\/Selection-PAL-Un-mois-au-Japon-2024-scaled.jpg?fit=300%2C253\" data-large-file=\"https:\/\/i0.wp.com\/www.jojoenherbe.com\/wp-content\/uploads\/2024\/04\/Selection-PAL-Un-mois-au-Japon-2024-scaled.jpg?fit=676%2C570\" src=\"https:\/\/i0.wp.com\/www.jojoenherbe.com\/wp-content\/uploads\/2024\/04\/Selection-PAL-Un-mois-au-Japon-2024-scaled.jpg?w=294&#038;h=248\" srcset=\"https:\/\/i0.wp.com\/www.jojoenherbe.com\/wp-content\/uploads\/2024\/04\/Selection-PAL-Un-mois-au-Japon-2024-scaled.jpg?w=2560 2560w, https:\/\/i0.wp.com\/www.jojoenherbe.com\/wp-content\/uploads\/2024\/04\/Selection-PAL-Un-mois-au-Japon-2024-scaled.jpg?resize=300%2C253 300w, https:\/\/i0.wp.com\/www.jojoenherbe.com\/wp-content\/uploads\/2024\/04\/Selection-PAL-Un-mois-au-Japon-2024-scaled.jpg?resize=1024%2C863 1024w, https:\/\/i0.wp.com\/www.jojoenherbe.com\/wp-content\/uploads\/2024\/04\/Selection-PAL-Un-mois-au-Japon-2024-scaled.jpg?resize=768%2C647 768w, https:\/\/i0.wp.com\/www.jojoenherbe.com\/wp-content\/uploads\/2024\/04\/Selection-PAL-Un-mois-au-Japon-2024-scaled.jpg?resize=1536%2C1294 1536w, https:\/\/i0.wp.com\/www.jojoenherbe.com\/wp-content\/uploads\/2024\/04\/Selection-PAL-Un-mois-au-Japon-2024-scaled.jpg?resize=2048%2C1726 2048w, https:\/\/i0.wp.com\/www.jojoenherbe.com\/wp-content\/uploads\/2024\/04\/Selection-PAL-Un-mois-au-Japon-2024-scaled.jpg?resize=676%2C570 676w, https:\/\/i0.wp.com\/www.jojoenherbe.com\/wp-content\/uploads\/2024\/04\/Selection-PAL-Un-mois-au-Japon-2024-scaled.jpg?w=1352 1352w\" width=\"294\" height=\"248\" loading=\"lazy\" data-original-width=\"294\" data-original-height=\"248\" itemprop=\"http:\/\/schema.org\/image\" title=\"S\u00e9lection PAL - Un mois au Japon 2024\" alt=\"S\u00e9lection PAL - Un mois au Japon 2024\" style=\"width: 294px; height: 248px;\" \/> <\/a> <\/div> <\/div> <!-- close group --> <\/div> <!-- close row --> <\/div>\n<p><em>Ce billet sera actualis\u00e9 au fil du mois en tenant compte uniquement de nos lectures sur le Japon tout en faisant un billet s\u00e9par\u00e9 pour chaque participation. <\/em><\/p>\n<p style=\"text-align: justify;\"><em>Pour des id\u00e9es japonaises chez les autres participantes: <a href=\"https:\/\/lelivroblog.fr\/2024\/04\/01\/un-mois-au-japon-2024-septieme-edition-presentation-et-recapitulatif\/\">Hilde<\/a>, <a href=\"http:\/\/www.myloubook.com\/2024\/04\/01\/un-mois-au-japon-2024-septieme-edition\/\">Lou<\/a>, <a href=\"https:\/\/chatperlitpopette.wordpress.com\/2024\/03\/31\/un-mois-au-japon-saison-7\/\">Katell<\/a>, <a href=\"https:\/\/lightandsmell.wordpress.com\/2024\/04\/03\/challenge-un-mois-au-japon-2024\/\">Audrey<\/a>, Eimelle, <a href=\"https:\/\/pativore.wordpress.com\/2024\/04\/01\/un-mois-au-japon-2024\/\">Pativore<\/a>, Fondant, <a href=\"https:\/\/mapetitemediatheque.fr\/2024\/04\/un-mois-au-japon-2024\/\">Bidib<\/a>, Nathalie, Isabelle, Syl, Purple Velvet, Claude, <a href=\"https:\/\/asia4ever2.wordpress.com\/2024\/04\/05\/un-mois-au-japon-7e-edition\/\">Carfax<\/a>&#8230;<\/em><\/p>\n<p><span style=\"text-decoration: underline;\"><strong><em>Semaine 1 du Mois au Japon<\/em><\/strong><\/span><\/p>\n<p style=\"text-align: justify;\"><em>J&rsquo;ai pr\u00e9vu de commencer mon escale livresque japonaise en chroniquant mes premi\u00e8res lectures et peut-\u00eatre d&rsquo;autres des ann\u00e9es pr\u00e9c\u00e9dentes.<\/em><\/p>\n<ul>\n<li style=\"text-align: justify;\"><em>4 avril\/Atelier bricolage de <a href=\"https:\/\/sylectures.wordpress.com\/2024\/04\/02\/coussin-kawai\/\">Syl<\/a> avec aussi Isabelle et Hilde<\/em><\/li>\n<li style=\"text-align: justify;\"><em>RAT du 5 au 7 avril\/mon billet de suivi: <a href=\"https:\/\/www.jojoenherbe.com\/index.php\/2024\/04\/05\/rat-du-mois-au-japon-2024\/\">ici<\/a><\/em><\/li>\n<li><em>7 avril\/Les Gourmandises d\u2019Isabelle et Syl<\/em><\/li>\n<\/ul>\n<p><span style=\"text-decoration: underline;\"><strong><em>Semaine 2 du Mois au Japon<\/em><\/strong><\/span><\/p>\n<ul>\n<li style=\"text-align: justify;\"><em><a href=\"https:\/\/i0.wp.com\/www.jojoenherbe.com\/wp-content\/uploads\/2024\/03\/Mon-voyage-a-moi-2-scaled.jpg\"><img data-recalc-dims=\"1\" loading=\"lazy\" decoding=\"async\" data-attachment-id=\"35154\" data-permalink=\"http:\/\/www.jojoenherbe.com\/index.php\/2024\/03\/11\/point-lecture-hebdomadaire-2024-10\/mon-voyage-a-moi-2\/\" data-orig-file=\"https:\/\/i0.wp.com\/www.jojoenherbe.com\/wp-content\/uploads\/2024\/03\/Mon-voyage-a-moi-2-scaled.jpg?fit=2560%2C2011\" data-orig-size=\"2560,2011\" data-comments-opened=\"1\" data-image-meta=\"{&quot;aperture&quot;:&quot;1.8&quot;,&quot;credit&quot;:&quot;&quot;,&quot;camera&quot;:&quot;iPhone 7&quot;,&quot;caption&quot;:&quot;&quot;,&quot;created_timestamp&quot;:&quot;1710259982&quot;,&quot;copyright&quot;:&quot;&quot;,&quot;focal_length&quot;:&quot;3.99&quot;,&quot;iso&quot;:&quot;100&quot;,&quot;shutter_speed&quot;:&quot;0.090909090909091&quot;,&quot;title&quot;:&quot;&quot;,&quot;orientation&quot;:&quot;1&quot;}\" data-image-title=\"Mon voyage \u00e0 moi (2)\" data-image-description=\"\" data-image-caption=\"\" data-large-file=\"https:\/\/i0.wp.com\/www.jojoenherbe.com\/wp-content\/uploads\/2024\/03\/Mon-voyage-a-moi-2-scaled.jpg?fit=676%2C531\" class=\"alignleft size-thumbnail wp-image-35154\" src=\"https:\/\/i0.wp.com\/www.jojoenherbe.com\/wp-content\/uploads\/2024\/03\/Mon-voyage-a-moi-2.jpg?resize=150%2C150\" alt=\"\" width=\"150\" height=\"150\" srcset=\"https:\/\/i0.wp.com\/www.jojoenherbe.com\/wp-content\/uploads\/2024\/03\/Mon-voyage-a-moi-2-scaled.jpg?resize=150%2C150 150w, https:\/\/i0.wp.com\/www.jojoenherbe.com\/wp-content\/uploads\/2024\/03\/Mon-voyage-a-moi-2-scaled.jpg?zoom=2&amp;resize=150%2C150 300w, https:\/\/i0.wp.com\/www.jojoenherbe.com\/wp-content\/uploads\/2024\/03\/Mon-voyage-a-moi-2-scaled.jpg?zoom=3&amp;resize=150%2C150 450w\" sizes=\"auto, (max-width: 150px) 100vw, 150px\" \/><\/a>10 avril\/Album jeunesse: <a href=\"https:\/\/www.jojoenherbe.com\/index.php\/2024\/04\/10\/au-fil-des-pages-avec-mon-voyage-a-moi\/\"><span style=\"text-decoration: underline;\">Mon voyage \u00e0 moi<\/span><\/a> d\u2019Akiko Miyakoshi (\u00e9d. Syros,\u00a0 septembre 2022, 40 pages) un album jeunesse \u00e0 partir de 5\/6 ans <br \/><\/em><\/li>\n<li><em>11 avril\/Atelier bricolage avec Syl, Isabelle et Hilde<\/em><\/li>\n<li style=\"text-align: justify;\"><em><a href=\"https:\/\/i0.wp.com\/www.jojoenherbe.com\/wp-content\/uploads\/2024\/04\/Nipponia-Nippon-scaled.jpg\"><img data-recalc-dims=\"1\" loading=\"lazy\" decoding=\"async\" data-attachment-id=\"35605\" data-permalink=\"http:\/\/www.jojoenherbe.com\/index.php\/2024\/04\/05\/rat-du-mois-au-japon-2024\/nipponia-nippon\/\" data-orig-file=\"https:\/\/i0.wp.com\/www.jojoenherbe.com\/wp-content\/uploads\/2024\/04\/Nipponia-Nippon-scaled.jpg?fit=2560%2C1929\" data-orig-size=\"2560,1929\" data-comments-opened=\"1\" data-image-meta=\"{&quot;aperture&quot;:&quot;1.8&quot;,&quot;credit&quot;:&quot;&quot;,&quot;camera&quot;:&quot;iPhone 7&quot;,&quot;caption&quot;:&quot;&quot;,&quot;created_timestamp&quot;:&quot;1712516934&quot;,&quot;copyright&quot;:&quot;&quot;,&quot;focal_length&quot;:&quot;3.99&quot;,&quot;iso&quot;:&quot;160&quot;,&quot;shutter_speed&quot;:&quot;0.25&quot;,&quot;title&quot;:&quot;&quot;,&quot;orientation&quot;:&quot;1&quot;}\" data-image-title=\"Nipponia Nippon\" data-image-description=\"\" data-image-caption=\"\" data-large-file=\"https:\/\/i0.wp.com\/www.jojoenherbe.com\/wp-content\/uploads\/2024\/04\/Nipponia-Nippon-scaled.jpg?fit=676%2C510\" class=\"size-thumbnail wp-image-35605 alignright\" src=\"https:\/\/i0.wp.com\/www.jojoenherbe.com\/wp-content\/uploads\/2024\/04\/Nipponia-Nippon.jpg?resize=150%2C150\" alt=\"\" width=\"150\" height=\"150\" srcset=\"https:\/\/i0.wp.com\/www.jojoenherbe.com\/wp-content\/uploads\/2024\/04\/Nipponia-Nippon-scaled.jpg?resize=150%2C150 150w, https:\/\/i0.wp.com\/www.jojoenherbe.com\/wp-content\/uploads\/2024\/04\/Nipponia-Nippon-scaled.jpg?zoom=2&amp;resize=150%2C150 300w, https:\/\/i0.wp.com\/www.jojoenherbe.com\/wp-content\/uploads\/2024\/04\/Nipponia-Nippon-scaled.jpg?zoom=3&amp;resize=150%2C150 450w\" sizes=\"auto, (max-width: 150px) 100vw, 150px\" \/><\/a>11 avril\/Roman court: <a href=\"https:\/\/www.jojoenherbe.com\/index.php\/2024\/04\/11\/au-fil-des-pages-avec-nipponia-nippon\/\"><span style=\"text-decoration: underline;\">Nipponia Nippon<\/span><\/a> d\u2019Abe Kazushige (\u00e9d. Philippe Picquier, mai 2016, 143 pages), un court roman qui suit Haruo T\u00f4ya, un adolescent de 17 ans qui a un projet li\u00e9 \u00e0 l\u2019ibis japonais<\/em><\/li>\n<li style=\"text-align: justify;\"><em>14 avril\/Les Gourmandises d&rsquo;Isabelle et Syl, avec comme recette facultative ce dimanche: ramen indien<\/em><\/li>\n<li style=\"text-align: justify;\"><em><a href=\"https:\/\/i0.wp.com\/www.jojoenherbe.com\/wp-content\/uploads\/2024\/04\/Lenfant-et-le-bonsai-scaled.jpg\"><img data-recalc-dims=\"1\" loading=\"lazy\" decoding=\"async\" data-attachment-id=\"35719\" data-permalink=\"http:\/\/www.jojoenherbe.com\/index.php\/2024\/04\/14\/au-fil-des-pages-avec-lenfant-et-le-bonsai\/lenfant-et-le-bonsai\/\" data-orig-file=\"https:\/\/i0.wp.com\/www.jojoenherbe.com\/wp-content\/uploads\/2024\/04\/Lenfant-et-le-bonsai-scaled.jpg?fit=2560%2C2122\" data-orig-size=\"2560,2122\" data-comments-opened=\"1\" data-image-meta=\"{&quot;aperture&quot;:&quot;1.8&quot;,&quot;credit&quot;:&quot;&quot;,&quot;camera&quot;:&quot;iPhone 7&quot;,&quot;caption&quot;:&quot;&quot;,&quot;created_timestamp&quot;:&quot;1712775127&quot;,&quot;copyright&quot;:&quot;&quot;,&quot;focal_length&quot;:&quot;3.99&quot;,&quot;iso&quot;:&quot;100&quot;,&quot;shutter_speed&quot;:&quot;0.25&quot;,&quot;title&quot;:&quot;&quot;,&quot;orientation&quot;:&quot;1&quot;}\" data-image-title=\"L&amp;rsquo;enfant et le bonsa\u00ef\" data-image-description=\"\" data-image-caption=\"\" data-large-file=\"https:\/\/i0.wp.com\/www.jojoenherbe.com\/wp-content\/uploads\/2024\/04\/Lenfant-et-le-bonsai-scaled.jpg?fit=676%2C560\" class=\"alignleft size-thumbnail wp-image-35719\" src=\"https:\/\/i0.wp.com\/www.jojoenherbe.com\/wp-content\/uploads\/2024\/04\/Lenfant-et-le-bonsai.jpg?resize=150%2C150\" alt=\"\" width=\"150\" height=\"150\" srcset=\"https:\/\/i0.wp.com\/www.jojoenherbe.com\/wp-content\/uploads\/2024\/04\/Lenfant-et-le-bonsai-scaled.jpg?resize=150%2C150 150w, https:\/\/i0.wp.com\/www.jojoenherbe.com\/wp-content\/uploads\/2024\/04\/Lenfant-et-le-bonsai-scaled.jpg?zoom=2&amp;resize=150%2C150 300w, https:\/\/i0.wp.com\/www.jojoenherbe.com\/wp-content\/uploads\/2024\/04\/Lenfant-et-le-bonsai-scaled.jpg?zoom=3&amp;resize=150%2C150 450w\" sizes=\"auto, (max-width: 150px) 100vw, 150px\" \/><\/a>14 avril\/Album jeunesse: <a href=\"https:\/\/www.jojoenherbe.com\/index.php\/2024\/04\/14\/au-fil-des-pages-avec-lenfant-et-le-bonsai\/\"><span style=\"text-decoration: underline;\">L\u2019enfant et le bonsa\u00ef<\/span><\/a> de Jos\u00e9 Campanari et Luciano Lozano (\u00e9d. Belin Jeunesse, octobre 2016, 48 pages), un album jeunesse pour les 3\/5 ans sur le fait de grandir d&rsquo;un enfant qui ne veut pas finir comme un bonsa\u00ef<\/em><\/li>\n<\/ul>\n<p><span style=\"text-decoration: underline;\"><strong><em>Semaine 3 du Mois au Japon<\/em><\/strong><\/span><\/p>\n<ul>\n<li style=\"text-align: justify;\"><a href=\"https:\/\/i0.wp.com\/www.jojoenherbe.com\/wp-content\/uploads\/2024\/04\/origamis-scaled.jpg\"><img data-recalc-dims=\"1\" loading=\"lazy\" decoding=\"async\" data-attachment-id=\"35791\" data-permalink=\"http:\/\/www.jojoenherbe.com\/index.php\/2024\/04\/18\/instant-crea-des-origamis\/origamis\/\" data-orig-file=\"https:\/\/i0.wp.com\/www.jojoenherbe.com\/wp-content\/uploads\/2024\/04\/origamis-scaled.jpg?fit=2560%2C2088\" data-orig-size=\"2560,2088\" data-comments-opened=\"1\" data-image-meta=\"{&quot;aperture&quot;:&quot;1.8&quot;,&quot;credit&quot;:&quot;&quot;,&quot;camera&quot;:&quot;iPhone 7&quot;,&quot;caption&quot;:&quot;&quot;,&quot;created_timestamp&quot;:&quot;1713373957&quot;,&quot;copyright&quot;:&quot;&quot;,&quot;focal_length&quot;:&quot;3.99&quot;,&quot;iso&quot;:&quot;40&quot;,&quot;shutter_speed&quot;:&quot;0.058823529411765&quot;,&quot;title&quot;:&quot;&quot;,&quot;orientation&quot;:&quot;1&quot;}\" data-image-title=\"origamis\" data-image-description=\"\" data-image-caption=\"\" data-large-file=\"https:\/\/i0.wp.com\/www.jojoenherbe.com\/wp-content\/uploads\/2024\/04\/origamis-scaled.jpg?fit=676%2C551\" class=\"size-thumbnail wp-image-35791 alignright\" src=\"https:\/\/i0.wp.com\/www.jojoenherbe.com\/wp-content\/uploads\/2024\/04\/origamis.jpg?resize=150%2C150\" alt=\"\" width=\"150\" height=\"150\" srcset=\"https:\/\/i0.wp.com\/www.jojoenherbe.com\/wp-content\/uploads\/2024\/04\/origamis-scaled.jpg?resize=150%2C150 150w, https:\/\/i0.wp.com\/www.jojoenherbe.com\/wp-content\/uploads\/2024\/04\/origamis-scaled.jpg?zoom=2&amp;resize=150%2C150 300w, https:\/\/i0.wp.com\/www.jojoenherbe.com\/wp-content\/uploads\/2024\/04\/origamis-scaled.jpg?zoom=3&amp;resize=150%2C150 450w\" sizes=\"auto, (max-width: 150px) 100vw, 150px\" \/><\/a><em>18 avril\/Atelier bricolage avec Syl, Isabelle et Hilde: des <a href=\"https:\/\/www.jojoenherbe.com\/index.php\/2024\/04\/18\/instant-crea-des-origamis\/\">origamis<\/a> apr\u00e8s la <a href=\"https:\/\/www.jojoenherbe.com\/index.php\/2024\/04\/16\/instant-crea-des-fleurs-en-origami\/\">fleur<\/a> en origami<\/em><\/li>\n<li style=\"text-align: justify;\"><em>21 avril\/Les Gourmandises d&rsquo;Isabelle et Syl, avec comme recette facultative ce dimanche: curry japonais<br \/><\/em><\/li>\n<\/ul>\n<p><span style=\"text-decoration: underline;\"><strong><em>Semaine 4 du Mois au Japon<\/em><\/strong><\/span><\/p>\n<ul>\n<li style=\"text-align: justify;\"><em><a href=\"https:\/\/i0.wp.com\/www.jojoenherbe.com\/wp-content\/uploads\/2024\/04\/Tant-de-nuances-de-pluie-scaled.jpg\"><img data-recalc-dims=\"1\" loading=\"lazy\" decoding=\"async\" data-attachment-id=\"35857\" data-permalink=\"http:\/\/www.jojoenherbe.com\/index.php\/2024\/04\/23\/au-fil-des-pages-avec-tant-de-nuances-de-pluie\/tant-de-nuances-de-pluie\/\" data-orig-file=\"https:\/\/i0.wp.com\/www.jojoenherbe.com\/wp-content\/uploads\/2024\/04\/Tant-de-nuances-de-pluie-scaled.jpg?fit=2560%2C2216\" data-orig-size=\"2560,2216\" data-comments-opened=\"1\" data-image-meta=\"{&quot;aperture&quot;:&quot;1.8&quot;,&quot;credit&quot;:&quot;&quot;,&quot;camera&quot;:&quot;iPhone 7&quot;,&quot;caption&quot;:&quot;&quot;,&quot;created_timestamp&quot;:&quot;1713548668&quot;,&quot;copyright&quot;:&quot;&quot;,&quot;focal_length&quot;:&quot;3.99&quot;,&quot;iso&quot;:&quot;80&quot;,&quot;shutter_speed&quot;:&quot;0.16666666666667&quot;,&quot;title&quot;:&quot;&quot;,&quot;orientation&quot;:&quot;1&quot;}\" data-image-title=\"Tant de nuances de pluie\" data-image-description=\"\" data-image-caption=\"\" data-large-file=\"https:\/\/i0.wp.com\/www.jojoenherbe.com\/wp-content\/uploads\/2024\/04\/Tant-de-nuances-de-pluie-scaled.jpg?fit=676%2C585\" class=\"alignleft size-thumbnail wp-image-35857\" src=\"https:\/\/i0.wp.com\/www.jojoenherbe.com\/wp-content\/uploads\/2024\/04\/Tant-de-nuances-de-pluie.jpg?resize=150%2C150\" alt=\"\" width=\"150\" height=\"150\" srcset=\"https:\/\/i0.wp.com\/www.jojoenherbe.com\/wp-content\/uploads\/2024\/04\/Tant-de-nuances-de-pluie-scaled.jpg?resize=150%2C150 150w, https:\/\/i0.wp.com\/www.jojoenherbe.com\/wp-content\/uploads\/2024\/04\/Tant-de-nuances-de-pluie-scaled.jpg?zoom=2&amp;resize=150%2C150 300w, https:\/\/i0.wp.com\/www.jojoenherbe.com\/wp-content\/uploads\/2024\/04\/Tant-de-nuances-de-pluie-scaled.jpg?zoom=3&amp;resize=150%2C150 450w\" sizes=\"auto, (max-width: 150px) 100vw, 150px\" \/><\/a>23 avril\/Roman d&rsquo;apprentissage historique: <a href=\"https:\/\/www.jojoenherbe.com\/index.php\/2024\/04\/23\/au-fil-des-pages-avec-tant-de-nuances-de-pluie\/\"><span style=\"text-decoration: underline;\">Tant de nuances de pluie<\/span><\/a> d\u2019Asha Lemmie (\u00e9d. HarperCollins, coll. Au gr\u00e9 du monde, octobre 2023, 534 pages), le premier roman de l\u2019autrice dont l&rsquo;histoire se d\u00e9roule dans le Japon de l\u2019apr\u00e8s-guerre, de 1948 \u00e0 1964<\/em><\/li>\n<li style=\"text-align: justify;\"><em><a href=\"https:\/\/i0.wp.com\/www.jojoenherbe.com\/wp-content\/uploads\/2022\/04\/Les-delices-de-Tokyo-scaled.jpg\"><img data-recalc-dims=\"1\" loading=\"lazy\" decoding=\"async\" data-attachment-id=\"25234\" data-permalink=\"http:\/\/www.jojoenherbe.com\/index.php\/2022\/04\/01\/billet-de-suivi-un-mois-au-japon-2022\/les-delices-de-tokyo\/\" data-orig-file=\"https:\/\/i0.wp.com\/www.jojoenherbe.com\/wp-content\/uploads\/2022\/04\/Les-delices-de-Tokyo-scaled.jpg?fit=2560%2C1864\" data-orig-size=\"2560,1864\" data-comments-opened=\"1\" data-image-meta=\"{&quot;aperture&quot;:&quot;1.8&quot;,&quot;credit&quot;:&quot;&quot;,&quot;camera&quot;:&quot;iPhone 7&quot;,&quot;caption&quot;:&quot;&quot;,&quot;created_timestamp&quot;:&quot;1651159553&quot;,&quot;copyright&quot;:&quot;&quot;,&quot;focal_length&quot;:&quot;3.99&quot;,&quot;iso&quot;:&quot;100&quot;,&quot;shutter_speed&quot;:&quot;0.071428571428571&quot;,&quot;title&quot;:&quot;&quot;,&quot;orientation&quot;:&quot;1&quot;}\" data-image-title=\"Les d\u00e9lices de Tokyo\" data-image-description=\"\" data-image-caption=\"\" data-large-file=\"https:\/\/i0.wp.com\/www.jojoenherbe.com\/wp-content\/uploads\/2022\/04\/Les-delices-de-Tokyo-scaled.jpg?fit=676%2C492\" class=\"size-thumbnail wp-image-25234 alignright\" src=\"https:\/\/i0.wp.com\/www.jojoenherbe.com\/wp-content\/uploads\/2022\/04\/Les-delices-de-Tokyo.jpg?resize=150%2C150\" alt=\"\" width=\"150\" height=\"150\" srcset=\"https:\/\/i0.wp.com\/www.jojoenherbe.com\/wp-content\/uploads\/2022\/04\/Les-delices-de-Tokyo-scaled.jpg?resize=150%2C150 150w, https:\/\/i0.wp.com\/www.jojoenherbe.com\/wp-content\/uploads\/2022\/04\/Les-delices-de-Tokyo-scaled.jpg?zoom=2&amp;resize=150%2C150 300w, https:\/\/i0.wp.com\/www.jojoenherbe.com\/wp-content\/uploads\/2022\/04\/Les-delices-de-Tokyo-scaled.jpg?zoom=3&amp;resize=150%2C150 450w\" sizes=\"auto, (max-width: 150px) 100vw, 150px\" \/><\/a>26 avril\/LC avec Isabelle: <a href=\"https:\/\/www.jojoenherbe.com\/index.php\/2024\/04\/26\/au-fil-des-pages-avec-les-delices-de-tokyo\/\"><span style=\"text-decoration: underline;\">Les D\u00e9lices de Tokyo<\/span><\/a> de Durian Sukegawa (\u00e9d. Albin Michel, f\u00e9vrier 2016, 239 pages), un roman se d\u00e9roulant \u00e0 Tokyo<\/em><\/li>\n<li>\u00a0<\/li>\n<\/ul>\n<div id=\"attachment_35485\" style=\"width: 117px\" class=\"wp-caption aligncenter\"><img data-recalc-dims=\"1\" loading=\"lazy\" decoding=\"async\" aria-describedby=\"caption-attachment-35485\" data-attachment-id=\"35485\" data-permalink=\"http:\/\/www.jojoenherbe.com\/index.php\/2024\/04\/01\/billet-de-suivi-un-mois-au-japon-2024\/un-mois-au-japon-2024-logo-3\/\" data-orig-file=\"https:\/\/i0.wp.com\/www.jojoenherbe.com\/wp-content\/uploads\/2024\/04\/Un-Mois-au-Japon-2024-logo-3.png?fit=768%2C768\" data-orig-size=\"768,768\" data-comments-opened=\"1\" data-image-meta=\"{&quot;aperture&quot;:&quot;0&quot;,&quot;credit&quot;:&quot;&quot;,&quot;camera&quot;:&quot;&quot;,&quot;caption&quot;:&quot;&quot;,&quot;created_timestamp&quot;:&quot;0&quot;,&quot;copyright&quot;:&quot;&quot;,&quot;focal_length&quot;:&quot;0&quot;,&quot;iso&quot;:&quot;0&quot;,&quot;shutter_speed&quot;:&quot;0&quot;,&quot;title&quot;:&quot;&quot;,&quot;orientation&quot;:&quot;0&quot;}\" data-image-title=\"Un Mois au Japon 2024 &amp;#8211; logo 3\" data-image-description=\"\" data-image-caption=\"\" data-large-file=\"https:\/\/i0.wp.com\/www.jojoenherbe.com\/wp-content\/uploads\/2024\/04\/Un-Mois-au-Japon-2024-logo-3.png?fit=676%2C676\" class=\"wp-image-35485\" src=\"https:\/\/i0.wp.com\/www.jojoenherbe.com\/wp-content\/uploads\/2024\/04\/Un-Mois-au-Japon-2024-logo-3.png?resize=107%2C107\" alt=\"\" width=\"107\" height=\"107\" srcset=\"https:\/\/i0.wp.com\/www.jojoenherbe.com\/wp-content\/uploads\/2024\/04\/Un-Mois-au-Japon-2024-logo-3.png?w=768 768w, https:\/\/i0.wp.com\/www.jojoenherbe.com\/wp-content\/uploads\/2024\/04\/Un-Mois-au-Japon-2024-logo-3.png?resize=300%2C300 300w, https:\/\/i0.wp.com\/www.jojoenherbe.com\/wp-content\/uploads\/2024\/04\/Un-Mois-au-Japon-2024-logo-3.png?resize=150%2C150 150w, https:\/\/i0.wp.com\/www.jojoenherbe.com\/wp-content\/uploads\/2024\/04\/Un-Mois-au-Japon-2024-logo-3.png?resize=676%2C676 676w\" sizes=\"auto, (max-width: 107px) 100vw, 107px\" \/><p id=\"caption-attachment-35485\" class=\"wp-caption-text\">Un Mois au Japon 2024 de <a href=\"https:\/\/lelivroblog.fr\/2024\/04\/01\/un-mois-au-japon-2024-septieme-edition-presentation-et-recapitulatif\/\"><em>Hilde<\/em><\/a><em> et <a href=\"http:\/\/www.myloubook.com\/2024\/04\/01\/un-mois-au-japon-2024-septieme-edition\/\">Lou<\/a><\/em><\/p><\/div>\n<p style=\"text-align: justify;\">\u00a0<\/p>\n\n\n<p><\/p>\n","protected":false},"excerpt":{"rendered":"<p>Hilde et Lou coorganisent encore cette ann\u00e9e Un Mois au Japon 2024. Le challenge se d\u00e9roule donc du 1er au 30 avril avec possibilit\u00e9 de continuer \u00e0 partager au mois de mai sur les blogs ou r\u00e9seaux sociaux selon nos envies (livres, films, photos, loisirs cr\u00e9atifs, recettes japonaises\u2026). Programme libre cette ann\u00e9e avec n\u00e9anmoins une [&hellip;]<\/p>\n","protected":false},"author":1,"featured_media":35482,"comment_status":"open","ping_status":"open","sticky":false,"template":"","format":"standard","meta":{"jetpack_post_was_ever_published":false,"_jetpack_newsletter_access":"","_jetpack_dont_email_post_to_subs":false,"_jetpack_newsletter_tier_id":0,"_jetpack_memberships_contains_paywalled_content":false,"_jetpack_memberships_contains_paid_content":false,"footnotes":""},"categories":[873,363],"tags":[2016,1085,367,1627,4030],"class_list":["post-35475","post","type-post","status-publish","format-standard","has-post-thumbnail","hentry","category-mini-challenger","category-mini-lecteur","tag-challenge-livresque","tag-lecture-adulte","tag-lecture-jeunesse","tag-litterature-japonaise","tag-un-mois-au-japon-2024","post-preview"],"jetpack_featured_media_url":"https:\/\/i0.wp.com\/www.jojoenherbe.com\/wp-content\/uploads\/2024\/04\/Un-Mois-au-Japon-2024-logo.jpg?fit=768%2C768","jetpack_sharing_enabled":true,"jetpack_shortlink":"https:\/\/wp.me\/p9zhGx-9eb","jetpack_likes_enabled":true,"jetpack-related-posts":[{"id":38848,"url":"http:\/\/www.jojoenherbe.com\/index.php\/2025\/04\/02\/un-mois-au-japon-2025\/","url_meta":{"origin":35475,"position":0},"title":"Billet de suivi: Un Mois au Japon 2025","author":"Jojo","date":"2 avril 2025","format":false,"excerpt":"Hilde\u00a0et Lou coorganisent encore cette ann\u00e9e Un Mois au Japon 2025 avec comme l'ann\u00e9e derni\u00e8re un programme libre. Le challenge se d\u00e9roule donc du 1er au 30 avril avec possibilit\u00e9 de continuer \u00e0 partager jusqu'au mois d'ao\u00fbt 2025 sur les blogs ou r\u00e9seaux sociaux selon nos envies (livres, films, photos,\u2026","rel":"","context":"Dans &quot;Mini challenger&quot;","block_context":{"text":"Mini challenger","link":"http:\/\/www.jojoenherbe.com\/index.php\/category\/mini-challenger\/"},"img":{"alt_text":"","src":"https:\/\/i0.wp.com\/www.jojoenherbe.com\/wp-content\/uploads\/2025\/04\/Un-Mois-au-Japon-logo-2025.jpg?fit=768%2C960&resize=350%2C200","width":350,"height":200,"srcset":"https:\/\/i0.wp.com\/www.jojoenherbe.com\/wp-content\/uploads\/2025\/04\/Un-Mois-au-Japon-logo-2025.jpg?fit=768%2C960&resize=350%2C200 1x, https:\/\/i0.wp.com\/www.jojoenherbe.com\/wp-content\/uploads\/2025\/04\/Un-Mois-au-Japon-logo-2025.jpg?fit=768%2C960&resize=525%2C300 1.5x, https:\/\/i0.wp.com\/www.jojoenherbe.com\/wp-content\/uploads\/2025\/04\/Un-Mois-au-Japon-logo-2025.jpg?fit=768%2C960&resize=700%2C400 2x"},"classes":[]},{"id":30384,"url":"http:\/\/www.jojoenherbe.com\/index.php\/2023\/04\/01\/billet-de-suivi-un-mois-au-japon-2023\/","url_meta":{"origin":35475,"position":1},"title":"Billet de suivi: Un Mois au Japon 2023","author":"Jojo","date":"1 avril 2023","format":false,"excerpt":"Pour la sixi\u00e8me ann\u00e9e cons\u00e9cutive, Hilde et Lou coorganisent au mois d'avril Un Mois au Japon 2023. Le challenge se d\u00e9roule donc du 1er au 30 avril avec possibilit\u00e9 de continuer \u00e0 partager au mois de mai sur les blogs selon nos envies (livres, films, photos, loisirs cr\u00e9atifs, recettes japonaises...).\u2026","rel":"","context":"Dans &quot;Mini challenger&quot;","block_context":{"text":"Mini challenger","link":"http:\/\/www.jojoenherbe.com\/index.php\/category\/mini-challenger\/"},"img":{"alt_text":"","src":"https:\/\/i0.wp.com\/www.jojoenherbe.com\/wp-content\/uploads\/2023\/03\/Un-Mois-au-Japon-2023.jpg?fit=768%2C768&resize=350%2C200","width":350,"height":200,"srcset":"https:\/\/i0.wp.com\/www.jojoenherbe.com\/wp-content\/uploads\/2023\/03\/Un-Mois-au-Japon-2023.jpg?fit=768%2C768&resize=350%2C200 1x, https:\/\/i0.wp.com\/www.jojoenherbe.com\/wp-content\/uploads\/2023\/03\/Un-Mois-au-Japon-2023.jpg?fit=768%2C768&resize=525%2C300 1.5x, https:\/\/i0.wp.com\/www.jojoenherbe.com\/wp-content\/uploads\/2023\/03\/Un-Mois-au-Japon-2023.jpg?fit=768%2C768&resize=700%2C400 2x"},"classes":[]},{"id":36005,"url":"http:\/\/www.jojoenherbe.com\/index.php\/2024\/05\/03\/bilan-de-lecture-avril-2024\/","url_meta":{"origin":35475,"position":2},"title":"Bilan de lecture: avril 2024","author":"Jojo","date":"3 mai 2024","format":false,"excerpt":"En ce 3 mai 2024, il est temps de faire le bilan de lecture du mois d'avril 2024 qui a d\u00e9but\u00e9 avec le RAT du Mois au Japon 2024. Nous avons lu beaucoup de livres pour Le Mois au Japon 2024 et fait des origamis avec les copinautes de l'Atelier\u2026","rel":"","context":"Dans &quot;Mini blogueur&quot;","block_context":{"text":"Mini blogueur","link":"http:\/\/www.jojoenherbe.com\/index.php\/category\/mini-blogueur\/"},"img":{"alt_text":"","src":"https:\/\/i0.wp.com\/www.jojoenherbe.com\/wp-content\/uploads\/2024\/04\/Selection-avril-2024-scaled.jpg?fit=1200%2C971&resize=350%2C200","width":350,"height":200,"srcset":"https:\/\/i0.wp.com\/www.jojoenherbe.com\/wp-content\/uploads\/2024\/04\/Selection-avril-2024-scaled.jpg?fit=1200%2C971&resize=350%2C200 1x, https:\/\/i0.wp.com\/www.jojoenherbe.com\/wp-content\/uploads\/2024\/04\/Selection-avril-2024-scaled.jpg?fit=1200%2C971&resize=525%2C300 1.5x, https:\/\/i0.wp.com\/www.jojoenherbe.com\/wp-content\/uploads\/2024\/04\/Selection-avril-2024-scaled.jpg?fit=1200%2C971&resize=700%2C400 2x, https:\/\/i0.wp.com\/www.jojoenherbe.com\/wp-content\/uploads\/2024\/04\/Selection-avril-2024-scaled.jpg?fit=1200%2C971&resize=1050%2C600 3x"},"classes":[]},{"id":42105,"url":"http:\/\/www.jojoenherbe.com\/index.php\/2026\/01\/03\/mes-challenges-livresques-2026\/","url_meta":{"origin":35475,"position":3},"title":"Mes challenges livresques 2026","author":"Jojo","date":"3 janvier 2026","format":false,"excerpt":"Avant de vous donner un avant-go\u00fbt de l\u2019\u00e9dition 2026 des diff\u00e9rents challenges livresques auxquels je participe, je tiens \u00e0 vous souhaiter, \u00e0 nouveau, une tr\u00e8s belle et heureuse nouvelle ann\u00e9e et \u00e0 vous pr\u00e9senter mes meilleurs v\u0153ux. Appr\u00e9ciant beaucoup mes participations et \u00e9changes autour des challenges livresques depuis quelques ann\u00e9es,\u2026","rel":"","context":"Dans &quot;Mini blogueur&quot;","block_context":{"text":"Mini blogueur","link":"http:\/\/www.jojoenherbe.com\/index.php\/category\/mini-blogueur\/"},"img":{"alt_text":"","src":"https:\/\/i0.wp.com\/www.jojoenherbe.com\/wp-content\/uploads\/2026\/01\/macareux-challenge-2026.jpg?fit=861%2C998&resize=350%2C200","width":350,"height":200,"srcset":"https:\/\/i0.wp.com\/www.jojoenherbe.com\/wp-content\/uploads\/2026\/01\/macareux-challenge-2026.jpg?fit=861%2C998&resize=350%2C200 1x, https:\/\/i0.wp.com\/www.jojoenherbe.com\/wp-content\/uploads\/2026\/01\/macareux-challenge-2026.jpg?fit=861%2C998&resize=525%2C300 1.5x, https:\/\/i0.wp.com\/www.jojoenherbe.com\/wp-content\/uploads\/2026\/01\/macareux-challenge-2026.jpg?fit=861%2C998&resize=700%2C400 2x"},"classes":[]},{"id":28955,"url":"http:\/\/www.jojoenherbe.com\/index.php\/2023\/01\/06\/mes-challenges-livresques-2023\/","url_meta":{"origin":35475,"position":4},"title":"Mes challenges livresques 2023","author":"Jojo","date":"6 janvier 2023","format":false,"excerpt":"Avant de vous donner un avant-go\u00fbt de l\u2019\u00e9dition 2023 des diff\u00e9rents challenges livresques auxquels je participe, je tiens \u00e0 vous souhaiter une tr\u00e8s belle ann\u00e9e et \u00e0 vous pr\u00e9senter mes meilleurs v\u0153ux. Appr\u00e9ciant beaucoup mes participations et \u00e9changes autour des challenges livresques depuis quelques ann\u00e9es, je continue encore en 2023,\u2026","rel":"","context":"Dans &quot;Mini challenger&quot;","block_context":{"text":"Mini challenger","link":"http:\/\/www.jojoenherbe.com\/index.php\/category\/mini-challenger\/"},"img":{"alt_text":"","src":"https:\/\/i0.wp.com\/www.jojoenherbe.com\/wp-content\/uploads\/2023\/01\/Challenge-Christmas-Time-2023-logo-2.jpg?resize=350%2C200","width":350,"height":200,"srcset":"https:\/\/i0.wp.com\/www.jojoenherbe.com\/wp-content\/uploads\/2023\/01\/Challenge-Christmas-Time-2023-logo-2.jpg?resize=350%2C200 1x, https:\/\/i0.wp.com\/www.jojoenherbe.com\/wp-content\/uploads\/2023\/01\/Challenge-Christmas-Time-2023-logo-2.jpg?resize=525%2C300 1.5x"},"classes":[]},{"id":36247,"url":"http:\/\/www.jojoenherbe.com\/index.php\/2024\/06\/11\/bilan-de-lecture-mai-2024\/","url_meta":{"origin":35475,"position":5},"title":"Bilan de lecture: mai 2024","author":"Jojo","date":"11 juin 2024","format":false,"excerpt":"Avec retard, voici le bilan de lecture du mois de mai 2024. Cette ann\u00e9e, le printemps est bien pluvieux et les sorties se sont faites encore rares le mois dernier. Le temps \u00e9tait donc propice \u00e0 la lecture encore une fois. En mai 2024, j'ai continu\u00e9 des lectures pour Un\u2026","rel":"","context":"Dans &quot;Mini blogueur&quot;","block_context":{"text":"Mini blogueur","link":"http:\/\/www.jojoenherbe.com\/index.php\/category\/mini-blogueur\/"},"img":{"alt_text":"","src":"https:\/\/i0.wp.com\/www.jojoenherbe.com\/wp-content\/uploads\/2024\/05\/Selection-Mai-2024-scaled.jpg?fit=1200%2C946&resize=350%2C200","width":350,"height":200,"srcset":"https:\/\/i0.wp.com\/www.jojoenherbe.com\/wp-content\/uploads\/2024\/05\/Selection-Mai-2024-scaled.jpg?fit=1200%2C946&resize=350%2C200 1x, https:\/\/i0.wp.com\/www.jojoenherbe.com\/wp-content\/uploads\/2024\/05\/Selection-Mai-2024-scaled.jpg?fit=1200%2C946&resize=525%2C300 1.5x, https:\/\/i0.wp.com\/www.jojoenherbe.com\/wp-content\/uploads\/2024\/05\/Selection-Mai-2024-scaled.jpg?fit=1200%2C946&resize=700%2C400 2x, https:\/\/i0.wp.com\/www.jojoenherbe.com\/wp-content\/uploads\/2024\/05\/Selection-Mai-2024-scaled.jpg?fit=1200%2C946&resize=1050%2C600 3x"},"classes":[]}],"_links":{"self":[{"href":"http:\/\/www.jojoenherbe.com\/index.php\/wp-json\/wp\/v2\/posts\/35475","targetHints":{"allow":["GET"]}}],"collection":[{"href":"http:\/\/www.jojoenherbe.com\/index.php\/wp-json\/wp\/v2\/posts"}],"about":[{"href":"http:\/\/www.jojoenherbe.com\/index.php\/wp-json\/wp\/v2\/types\/post"}],"author":[{"embeddable":true,"href":"http:\/\/www.jojoenherbe.com\/index.php\/wp-json\/wp\/v2\/users\/1"}],"replies":[{"embeddable":true,"href":"http:\/\/www.jojoenherbe.com\/index.php\/wp-json\/wp\/v2\/comments?post=35475"}],"version-history":[{"count":28,"href":"http:\/\/www.jojoenherbe.com\/index.php\/wp-json\/wp\/v2\/posts\/35475\/revisions"}],"predecessor-version":[{"id":35967,"href":"http:\/\/www.jojoenherbe.com\/index.php\/wp-json\/wp\/v2\/posts\/35475\/revisions\/35967"}],"wp:featuredmedia":[{"embeddable":true,"href":"http:\/\/www.jojoenherbe.com\/index.php\/wp-json\/wp\/v2\/media\/35482"}],"wp:attachment":[{"href":"http:\/\/www.jojoenherbe.com\/index.php\/wp-json\/wp\/v2\/media?parent=35475"}],"wp:term":[{"taxonomy":"category","embeddable":true,"href":"http:\/\/www.jojoenherbe.com\/index.php\/wp-json\/wp\/v2\/categories?post=35475"},{"taxonomy":"post_tag","embeddable":true,"href":"http:\/\/www.jojoenherbe.com\/index.php\/wp-json\/wp\/v2\/tags?post=35475"}],"curies":[{"name":"wp","href":"https:\/\/api.w.org\/{rel}","templated":true}]}}