{"id":35456,"date":"2024-03-29T16:12:08","date_gmt":"2024-03-29T15:12:08","guid":{"rendered":"https:\/\/www.jojoenherbe.com\/?p=35456"},"modified":"2024-03-29T16:12:08","modified_gmt":"2024-03-29T15:12:08","slug":"au-fil-des-pages-avec-la-poupee-de-bois-tendre","status":"publish","type":"post","link":"http:\/\/www.jojoenherbe.com\/index.php\/2024\/03\/29\/au-fil-des-pages-avec-la-poupee-de-bois-tendre\/","title":{"rendered":"Au fil des pages avec La poup\u00e9e de bois tendre"},"content":{"rendered":"<p style=\"text-align: justify;\"><em><img data-recalc-dims=\"1\" loading=\"lazy\" decoding=\"async\" data-attachment-id=\"35460\" data-permalink=\"http:\/\/www.jojoenherbe.com\/index.php\/2024\/03\/29\/au-fil-des-pages-avec-la-poupee-de-bois-tendre\/la-poupee-de-bois-tendre-2\/\" data-orig-file=\"https:\/\/i0.wp.com\/www.jojoenherbe.com\/wp-content\/uploads\/2024\/03\/La-poupee-de-bois-tendre-2-scaled.jpg?fit=2560%2C1782\" data-orig-size=\"2560,1782\" data-comments-opened=\"1\" data-image-meta=\"{&quot;aperture&quot;:&quot;1.8&quot;,&quot;credit&quot;:&quot;&quot;,&quot;camera&quot;:&quot;iPhone 7&quot;,&quot;caption&quot;:&quot;&quot;,&quot;created_timestamp&quot;:&quot;1711727692&quot;,&quot;copyright&quot;:&quot;&quot;,&quot;focal_length&quot;:&quot;3.99&quot;,&quot;iso&quot;:&quot;100&quot;,&quot;shutter_speed&quot;:&quot;0.14285714285714&quot;,&quot;title&quot;:&quot;&quot;,&quot;orientation&quot;:&quot;1&quot;}\" data-image-title=\"La poup\u00e9e de bois tendre 2\" data-image-description=\"\" data-image-caption=\"\" data-large-file=\"https:\/\/i0.wp.com\/www.jojoenherbe.com\/wp-content\/uploads\/2024\/03\/La-poupee-de-bois-tendre-2-scaled.jpg?fit=676%2C471\" class=\"alignleft size-thumbnail wp-image-35460\" src=\"https:\/\/i0.wp.com\/www.jojoenherbe.com\/wp-content\/uploads\/2024\/03\/La-poupee-de-bois-tendre-2.jpg?resize=150%2C150\" alt=\"\" width=\"150\" height=\"150\" srcset=\"https:\/\/i0.wp.com\/www.jojoenherbe.com\/wp-content\/uploads\/2024\/03\/La-poupee-de-bois-tendre-2-scaled.jpg?resize=150%2C150 150w, https:\/\/i0.wp.com\/www.jojoenherbe.com\/wp-content\/uploads\/2024\/03\/La-poupee-de-bois-tendre-2-scaled.jpg?zoom=2&amp;resize=150%2C150 300w, https:\/\/i0.wp.com\/www.jojoenherbe.com\/wp-content\/uploads\/2024\/03\/La-poupee-de-bois-tendre-2-scaled.jpg?zoom=3&amp;resize=150%2C150 450w\" sizes=\"auto, (max-width: 150px) 100vw, 150px\" \/> <a href=\"https:\/\/i0.wp.com\/www.jojoenherbe.com\/wp-content\/uploads\/2024\/03\/La-poupee-de-bois-tendre-3-scaled.jpg\"><img data-recalc-dims=\"1\" loading=\"lazy\" decoding=\"async\" data-attachment-id=\"35461\" data-permalink=\"http:\/\/www.jojoenherbe.com\/index.php\/2024\/03\/29\/au-fil-des-pages-avec-la-poupee-de-bois-tendre\/la-poupee-de-bois-tendre-3\/\" data-orig-file=\"https:\/\/i0.wp.com\/www.jojoenherbe.com\/wp-content\/uploads\/2024\/03\/La-poupee-de-bois-tendre-3-scaled.jpg?fit=1920%2C2560\" data-orig-size=\"1920,2560\" data-comments-opened=\"1\" data-image-meta=\"{&quot;aperture&quot;:&quot;1.8&quot;,&quot;credit&quot;:&quot;&quot;,&quot;camera&quot;:&quot;iPhone 7&quot;,&quot;caption&quot;:&quot;&quot;,&quot;created_timestamp&quot;:&quot;1711727738&quot;,&quot;copyright&quot;:&quot;&quot;,&quot;focal_length&quot;:&quot;3.99&quot;,&quot;iso&quot;:&quot;100&quot;,&quot;shutter_speed&quot;:&quot;0.14285714285714&quot;,&quot;title&quot;:&quot;&quot;,&quot;orientation&quot;:&quot;1&quot;}\" data-image-title=\"La poup\u00e9e de bois tendre 3\" data-image-description=\"\" data-image-caption=\"\" data-large-file=\"https:\/\/i0.wp.com\/www.jojoenherbe.com\/wp-content\/uploads\/2024\/03\/La-poupee-de-bois-tendre-3-scaled.jpg?fit=676%2C901\" class=\"alignleft size-thumbnail wp-image-35461\" src=\"https:\/\/i0.wp.com\/www.jojoenherbe.com\/wp-content\/uploads\/2024\/03\/La-poupee-de-bois-tendre-3.jpg?resize=150%2C150\" alt=\"\" width=\"150\" height=\"150\" srcset=\"https:\/\/i0.wp.com\/www.jojoenherbe.com\/wp-content\/uploads\/2024\/03\/La-poupee-de-bois-tendre-3-scaled.jpg?resize=150%2C150 150w, https:\/\/i0.wp.com\/www.jojoenherbe.com\/wp-content\/uploads\/2024\/03\/La-poupee-de-bois-tendre-3-scaled.jpg?zoom=2&amp;resize=150%2C150 300w, https:\/\/i0.wp.com\/www.jojoenherbe.com\/wp-content\/uploads\/2024\/03\/La-poupee-de-bois-tendre-3-scaled.jpg?zoom=3&amp;resize=150%2C150 450w\" sizes=\"auto, (max-width: 150px) 100vw, 150px\" \/><\/a>J&rsquo;ai lu <span style=\"text-decoration: underline;\">La poup\u00e9e de bois tendre<\/span> de Claude Cl\u00e9ment et Isabelle Forestier (\u00e9d. Grasset Jeunesse, coll. Lecteurs en herbe, septembre 2003, 32 pages), un album jeunesse \u00e0 partir de 4 ans selon l&rsquo;\u00e9diteur. Un grand marionnettiste a cr\u00e9\u00e9 la plus belle des poup\u00e9es qui fait pendant des ann\u00e9es le plaisir des spectateurs. Mais un jour, la marionnette lui r\u00e9clame sa libert\u00e9 et emport\u00e9e par les vents, trouve refuge chez un p\u00eacheur, loin du castelet. Un c\u0153ur peut-il battre dans le bois tendre?<\/em><\/p>\n<p style=\"text-align: justify;\"><em><a href=\"https:\/\/i0.wp.com\/www.jojoenherbe.com\/wp-content\/uploads\/2024\/03\/La-poupee-de-bois-tendre-4-scaled.jpg\"><img data-recalc-dims=\"1\" loading=\"lazy\" decoding=\"async\" data-attachment-id=\"35462\" data-permalink=\"http:\/\/www.jojoenherbe.com\/index.php\/2024\/03\/29\/au-fil-des-pages-avec-la-poupee-de-bois-tendre\/la-poupee-de-bois-tendre-4\/\" data-orig-file=\"https:\/\/i0.wp.com\/www.jojoenherbe.com\/wp-content\/uploads\/2024\/03\/La-poupee-de-bois-tendre-4-scaled.jpg?fit=2560%2C1920\" data-orig-size=\"2560,1920\" data-comments-opened=\"1\" data-image-meta=\"{&quot;aperture&quot;:&quot;1.8&quot;,&quot;credit&quot;:&quot;&quot;,&quot;camera&quot;:&quot;iPhone 7&quot;,&quot;caption&quot;:&quot;&quot;,&quot;created_timestamp&quot;:&quot;1711727765&quot;,&quot;copyright&quot;:&quot;&quot;,&quot;focal_length&quot;:&quot;3.99&quot;,&quot;iso&quot;:&quot;80&quot;,&quot;shutter_speed&quot;:&quot;0.125&quot;,&quot;title&quot;:&quot;&quot;,&quot;orientation&quot;:&quot;1&quot;}\" data-image-title=\"La poup\u00e9e de bois tendre 4\" data-image-description=\"\" data-image-caption=\"\" data-large-file=\"https:\/\/i0.wp.com\/www.jojoenherbe.com\/wp-content\/uploads\/2024\/03\/La-poupee-de-bois-tendre-4-scaled.jpg?fit=676%2C507\" class=\"size-thumbnail wp-image-35462 alignright\" src=\"https:\/\/i0.wp.com\/www.jojoenherbe.com\/wp-content\/uploads\/2024\/03\/La-poupee-de-bois-tendre-4.jpg?resize=150%2C150\" alt=\"\" width=\"150\" height=\"150\" srcset=\"https:\/\/i0.wp.com\/www.jojoenherbe.com\/wp-content\/uploads\/2024\/03\/La-poupee-de-bois-tendre-4-scaled.jpg?resize=150%2C150 150w, https:\/\/i0.wp.com\/www.jojoenherbe.com\/wp-content\/uploads\/2024\/03\/La-poupee-de-bois-tendre-4-scaled.jpg?zoom=2&amp;resize=150%2C150 300w, https:\/\/i0.wp.com\/www.jojoenherbe.com\/wp-content\/uploads\/2024\/03\/La-poupee-de-bois-tendre-4-scaled.jpg?zoom=3&amp;resize=150%2C150 450w\" sizes=\"auto, (max-width: 150px) 100vw, 150px\" \/><\/a>Il y est ainsi question de cr\u00e9ation artistique, de libert\u00e9 et de libre-arbitre, des rapports de l&rsquo;artiste cr\u00e9ateur envers sa cr\u00e9ation\/cr\u00e9ature et d&rsquo;\u00e9mancipation de son \u0153uvre. Les illustrations apportent une touche po\u00e9tique et onirique \u00e0 cette histoire qui pourra \u00eatre le point de d\u00e9part d&rsquo;un d\u00e9bat philosophique avec les jeunes lecteurs. Comme Pinocchio, la poup\u00e9e de bois tendre tend \u00e0 devenir humaine et \u00e0 se d\u00e9faire de ses fils de soie et du diktat du marionnettiste. Pourtant faite de bois, on ressent toute sa d\u00e9tresse \u00e0 \u00eatre \u00e0 la merci du marionnettiste, sa lassitude \u00e0 participer, ann\u00e9e apr\u00e8s ann\u00e9e, aux repr\u00e9sentations th\u00e9\u00e2trales qui font salle comble et son d\u00e9sir de voler de ses propres ailes, les fils de soie du marionnettiste en \u00e9tant une jolie m\u00e9taphore. Un bon moment de lecture avec ce conte philosophique!<\/em><\/p>\n<div style=\"width: 91px\" class=\"wp-caption alignleft\"><img loading=\"lazy\" decoding=\"async\" src=\"https:\/\/i0.wp.com\/mapetitemediatheque.fr\/wp-content\/uploads\/2021\/07\/challenge-contes-et-legendes-239x300-1.jpg?resize=137%2C172\" alt=\"\" width=\"81\" height=\"101\" data-recalc-dims=\"1\" \/><p class=\"wp-caption-text\">Participation #8 Challenge Contes &amp; L\u00e9gendes 2024 de <em><a href=\"https:\/\/mapetitemediatheque.fr\/2024\/02\/challenge-contes-et-legendes-2024\/\">Bidib<\/a><\/em> #Conte<\/p><\/div>\n<div id=\"attachment_33586\" style=\"width: 119px\" class=\"wp-caption alignleft\"><img data-recalc-dims=\"1\" loading=\"lazy\" decoding=\"async\" aria-describedby=\"caption-attachment-33586\" data-attachment-id=\"33586\" data-permalink=\"http:\/\/www.jojoenherbe.com\/index.php\/2024\/03\/12\/billet-de-suivi-challenge-petit-bac-2024\/challenge-petit-bac-2024\/\" data-orig-file=\"https:\/\/i0.wp.com\/www.jojoenherbe.com\/wp-content\/uploads\/2023\/12\/Challenge-Petit-Bac-2024.jpg?fit=285%2C217\" data-orig-size=\"285,217\" data-comments-opened=\"1\" data-image-meta=\"{&quot;aperture&quot;:&quot;0&quot;,&quot;credit&quot;:&quot;&quot;,&quot;camera&quot;:&quot;&quot;,&quot;caption&quot;:&quot;&quot;,&quot;created_timestamp&quot;:&quot;1702656450&quot;,&quot;copyright&quot;:&quot;&quot;,&quot;focal_length&quot;:&quot;0&quot;,&quot;iso&quot;:&quot;0&quot;,&quot;shutter_speed&quot;:&quot;0&quot;,&quot;title&quot;:&quot;&quot;,&quot;orientation&quot;:&quot;0&quot;}\" data-image-title=\"Challenge Petit Bac 2024\" data-image-description=\"\" data-image-caption=\"\" data-large-file=\"https:\/\/i0.wp.com\/www.jojoenherbe.com\/wp-content\/uploads\/2023\/12\/Challenge-Petit-Bac-2024.jpg?fit=285%2C217\" class=\"wp-image-33586\" src=\"https:\/\/i0.wp.com\/www.jojoenherbe.com\/wp-content\/uploads\/2023\/12\/Challenge-Petit-Bac-2024.jpg?resize=109%2C83\" alt=\"\" width=\"109\" height=\"83\" \/><p id=\"caption-attachment-33586\" class=\"wp-caption-text\">Challenge Petit Bac d\u2019<a href=\"https:\/\/ennalit.wordpress.com\/2023\/12\/01\/challenge-petit-bac-2024-qui-veut-jouer\/\">Enna<\/a> #2 Cat\u00e9gorie Objet: \u00ab Poup\u00e9e \u00bb<\/p><\/div>\n","protected":false},"excerpt":{"rendered":"<p>J&rsquo;ai lu La poup\u00e9e de bois tendre de Claude Cl\u00e9ment et Isabelle Forestier (\u00e9d. Grasset Jeunesse, coll. Lecteurs en herbe, septembre 2003, 32 pages), un album jeunesse \u00e0 partir de 4 ans selon l&rsquo;\u00e9diteur. Un grand marionnettiste a cr\u00e9\u00e9 la plus belle des poup\u00e9es qui fait pendant des ann\u00e9es le plaisir des spectateurs. Mais un [&hellip;]<\/p>\n","protected":false},"author":1,"featured_media":35463,"comment_status":"open","ping_status":"open","sticky":false,"template":"","format":"standard","meta":{"jetpack_post_was_ever_published":false,"_jetpack_newsletter_access":"","_jetpack_dont_email_post_to_subs":false,"_jetpack_newsletter_tier_id":0,"_jetpack_memberships_contains_paywalled_content":false,"_jetpack_memberships_contains_paid_content":false,"footnotes":""},"categories":[363],"tags":[1031,1500,4223,4018,3974,4221,2404,245,1212,3984,4222,739,1869,3050],"class_list":["post-35456","post","type-post","status-publish","format-standard","has-post-thumbnail","hentry","category-mini-lecteur","tag-4-7-ans","tag-artiste","tag-castelet","tag-challenge-contes-et-legendes-2024","tag-challenge-petit-bac-2024","tag-claude-clement","tag-conte-philosophique","tag-contes","tag-contes-contemporains","tag-creation-artistique","tag-isabelle-forestier","tag-liberte","tag-libre-arbitre","tag-marionnette","post-preview"],"jetpack_featured_media_url":"https:\/\/i0.wp.com\/www.jojoenherbe.com\/wp-content\/uploads\/2024\/03\/La-poupee-de-bois-tendre-scaled.jpg?fit=2560%2C1976","jetpack_sharing_enabled":true,"jetpack_shortlink":"https:\/\/wp.me\/p9zhGx-9dS","jetpack_likes_enabled":true,"jetpack-related-posts":[{"id":15671,"url":"http:\/\/www.jojoenherbe.com\/index.php\/2021\/02\/11\/au-fil-des-pages-avec-coeur-de-bois\/","url_meta":{"origin":35456,"position":0},"title":"Au fil des pages avec C\u0153ur de bois","author":"Jojo","date":"11 f\u00e9vrier 2021","format":false,"excerpt":"J'emprunte \u00e0 la m\u00e9diath\u00e8que C\u0153ur de bois d'Henri Meunier et R\u00e9gis Lejonc (\u00e9d. Notari, 2016), un album jeunesse pour les adolescents, \u00e0 partir de 15\/16 ans. Aurore, la quarantaine est une belle femme qui semble \u00e9panouie. Un matin d'hiver, apr\u00e8s un passage par la boulangerie, elle se rend au fin\u2026","rel":"","context":"Dans &quot;Mini lecteur&quot;","block_context":{"text":"Mini lecteur","link":"http:\/\/www.jojoenherbe.com\/index.php\/category\/mini-lecteur\/"},"img":{"alt_text":"","src":"https:\/\/i0.wp.com\/www.jojoenherbe.com\/wp-content\/uploads\/2021\/02\/Coeur-de-bois-scaled.jpg?fit=1200%2C983&resize=350%2C200","width":350,"height":200,"srcset":"https:\/\/i0.wp.com\/www.jojoenherbe.com\/wp-content\/uploads\/2021\/02\/Coeur-de-bois-scaled.jpg?fit=1200%2C983&resize=350%2C200 1x, https:\/\/i0.wp.com\/www.jojoenherbe.com\/wp-content\/uploads\/2021\/02\/Coeur-de-bois-scaled.jpg?fit=1200%2C983&resize=525%2C300 1.5x, https:\/\/i0.wp.com\/www.jojoenherbe.com\/wp-content\/uploads\/2021\/02\/Coeur-de-bois-scaled.jpg?fit=1200%2C983&resize=700%2C400 2x, https:\/\/i0.wp.com\/www.jojoenherbe.com\/wp-content\/uploads\/2021\/02\/Coeur-de-bois-scaled.jpg?fit=1200%2C983&resize=1050%2C600 3x"},"classes":[]},{"id":15539,"url":"http:\/\/www.jojoenherbe.com\/index.php\/2021\/02\/04\/au-fil-des-pages-avec-kiroho-les-disparus-de-bois-sur-mer\/","url_meta":{"origin":35456,"position":1},"title":"Au fil des pages avec Kiroho, Les Disparus de Bois-sur-Mer","author":"Jojo","date":"4 f\u00e9vrier 2021","format":false,"excerpt":"J'emprunte \u00e0 la m\u00e9diath\u00e8que Kiroho, Les Disparus de Bois-sur-Mer de R\u00e9mi Gu\u00e9rin et Brunowaro (\u00e9d. Ankama, 2020), une BD jeunesse \u00e0 partir de 8 ans. Avec son assistante Lise, le professeur Charles, grand chasseur de Kirohos, se rend \u00e0 Bois-sur-Mer, engag\u00e9 par le maire de ce village c\u00f4tier victime de\u2026","rel":"","context":"Dans &quot;Mini lecteur&quot;","block_context":{"text":"Mini lecteur","link":"http:\/\/www.jojoenherbe.com\/index.php\/category\/mini-lecteur\/"},"img":{"alt_text":"","src":"https:\/\/i0.wp.com\/www.jojoenherbe.com\/wp-content\/uploads\/2021\/02\/Kiroho-scaled.jpg?fit=1200%2C900&resize=350%2C200","width":350,"height":200,"srcset":"https:\/\/i0.wp.com\/www.jojoenherbe.com\/wp-content\/uploads\/2021\/02\/Kiroho-scaled.jpg?fit=1200%2C900&resize=350%2C200 1x, https:\/\/i0.wp.com\/www.jojoenherbe.com\/wp-content\/uploads\/2021\/02\/Kiroho-scaled.jpg?fit=1200%2C900&resize=525%2C300 1.5x, https:\/\/i0.wp.com\/www.jojoenherbe.com\/wp-content\/uploads\/2021\/02\/Kiroho-scaled.jpg?fit=1200%2C900&resize=700%2C400 2x, https:\/\/i0.wp.com\/www.jojoenherbe.com\/wp-content\/uploads\/2021\/02\/Kiroho-scaled.jpg?fit=1200%2C900&resize=1050%2C600 3x"},"classes":[]},{"id":16548,"url":"http:\/\/www.jojoenherbe.com\/index.php\/2021\/03\/17\/au-fil-des-pages-avec-bonjour-monsieur-froid\/","url_meta":{"origin":35456,"position":2},"title":"Au fil des pages avec Bonjour Monsieur Froid","author":"Jojo","date":"17 mars 2021","format":false,"excerpt":"Nous empruntons \u00e0 la m\u00e9diath\u00e8que Bonjour Monsieur Froid de Carles Porta (\u00e9d. Seuil Jeunesse, 2018), un album jeunesse \u00e0 partir de 3 ans, dans la s\u00e9rie des Contes de la Vall\u00e9e apr\u00e8s avoir relu \u00e0 l'automne dernier Les Feuilles Volantes. Apr\u00e8s l'automne, cette fois-ci le conte se d\u00e9roule en hiver.\u2026","rel":"","context":"Dans &quot;Mini lecteur&quot;","block_context":{"text":"Mini lecteur","link":"http:\/\/www.jojoenherbe.com\/index.php\/category\/mini-lecteur\/"},"img":{"alt_text":"","src":"https:\/\/i0.wp.com\/www.jojoenherbe.com\/wp-content\/uploads\/2021\/03\/Bonjour-Monsieur-Froid-scaled.jpg?fit=1200%2C900&resize=350%2C200","width":350,"height":200,"srcset":"https:\/\/i0.wp.com\/www.jojoenherbe.com\/wp-content\/uploads\/2021\/03\/Bonjour-Monsieur-Froid-scaled.jpg?fit=1200%2C900&resize=350%2C200 1x, https:\/\/i0.wp.com\/www.jojoenherbe.com\/wp-content\/uploads\/2021\/03\/Bonjour-Monsieur-Froid-scaled.jpg?fit=1200%2C900&resize=525%2C300 1.5x, https:\/\/i0.wp.com\/www.jojoenherbe.com\/wp-content\/uploads\/2021\/03\/Bonjour-Monsieur-Froid-scaled.jpg?fit=1200%2C900&resize=700%2C400 2x, https:\/\/i0.wp.com\/www.jojoenherbe.com\/wp-content\/uploads\/2021\/03\/Bonjour-Monsieur-Froid-scaled.jpg?fit=1200%2C900&resize=1050%2C600 3x"},"classes":[]},{"id":25185,"url":"http:\/\/www.jojoenherbe.com\/index.php\/2022\/04\/28\/au-fil-des-pages-avec-un-petit-air-de-printemps\/","url_meta":{"origin":35456,"position":3},"title":"Au fil des pages avec Un petit air de printemps","author":"Jojo","date":"28 avril 2022","format":false,"excerpt":"Nous empruntons \u00e0 nouveau cette ann\u00e9e \u00e0 la m\u00e9diath\u00e8que le tome 3 des Contes de la Vall\u00e9e, Un petit air de printemps de Carles Porta (\u00e9d. Seuil Jeunesse, 2019), un album jeunesse \u00e0 partir de 3 ans. Dans la vall\u00e9e, le printemps est revenu tout comme Ticky l'oiseau qui d\u00e9couvre\u2026","rel":"","context":"Dans &quot;Mini lecteur&quot;","block_context":{"text":"Mini lecteur","link":"http:\/\/www.jojoenherbe.com\/index.php\/category\/mini-lecteur\/"},"img":{"alt_text":"","src":"https:\/\/i0.wp.com\/www.jojoenherbe.com\/wp-content\/uploads\/2022\/04\/Un-petit-air-de-printemps-scaled.jpg?fit=1200%2C1028&resize=350%2C200","width":350,"height":200,"srcset":"https:\/\/i0.wp.com\/www.jojoenherbe.com\/wp-content\/uploads\/2022\/04\/Un-petit-air-de-printemps-scaled.jpg?fit=1200%2C1028&resize=350%2C200 1x, https:\/\/i0.wp.com\/www.jojoenherbe.com\/wp-content\/uploads\/2022\/04\/Un-petit-air-de-printemps-scaled.jpg?fit=1200%2C1028&resize=525%2C300 1.5x, https:\/\/i0.wp.com\/www.jojoenherbe.com\/wp-content\/uploads\/2022\/04\/Un-petit-air-de-printemps-scaled.jpg?fit=1200%2C1028&resize=700%2C400 2x, https:\/\/i0.wp.com\/www.jojoenherbe.com\/wp-content\/uploads\/2022\/04\/Un-petit-air-de-printemps-scaled.jpg?fit=1200%2C1028&resize=1050%2C600 3x"},"classes":[]},{"id":12074,"url":"http:\/\/www.jojoenherbe.com\/index.php\/2020\/09\/03\/au-fil-des-pages-avec-pierre-et-le-loup\/","url_meta":{"origin":35456,"position":4},"title":"Au fil des pages avec Pierre et le loup","author":"Jojo","date":"3 septembre 2020","format":false,"excerpt":"Nous empruntons pendant l'\u00e9t\u00e9 \u00e0 la m\u00e9diath\u00e8que Pierre et le loup de Sergue\u00ef Prokofiev, illustr\u00e9 par Olivier Tallec et racont\u00e9 par Bernard Giraudeau et avec l'Orchestre National de France (\u00e9d. Gallimard Jeunesse, coll. \"les albums musique\", 2019), un album jeunesse \u00e0 partir de 4 ans et accompagn\u00e9 d'un CD. Comme\u2026","rel":"","context":"Dans &quot;Mini lecteur&quot;","block_context":{"text":"Mini lecteur","link":"http:\/\/www.jojoenherbe.com\/index.php\/category\/mini-lecteur\/"},"img":{"alt_text":"","src":"https:\/\/i0.wp.com\/www.jojoenherbe.com\/wp-content\/uploads\/2020\/09\/Pierre-et-le-loup-scaled.jpg?fit=1200%2C900&resize=350%2C200","width":350,"height":200,"srcset":"https:\/\/i0.wp.com\/www.jojoenherbe.com\/wp-content\/uploads\/2020\/09\/Pierre-et-le-loup-scaled.jpg?fit=1200%2C900&resize=350%2C200 1x, https:\/\/i0.wp.com\/www.jojoenherbe.com\/wp-content\/uploads\/2020\/09\/Pierre-et-le-loup-scaled.jpg?fit=1200%2C900&resize=525%2C300 1.5x, https:\/\/i0.wp.com\/www.jojoenherbe.com\/wp-content\/uploads\/2020\/09\/Pierre-et-le-loup-scaled.jpg?fit=1200%2C900&resize=700%2C400 2x, https:\/\/i0.wp.com\/www.jojoenherbe.com\/wp-content\/uploads\/2020\/09\/Pierre-et-le-loup-scaled.jpg?fit=1200%2C900&resize=1050%2C600 3x"},"classes":[]},{"id":18906,"url":"http:\/\/www.jojoenherbe.com\/index.php\/2021\/06\/10\/au-fil-des-pages-avec-la-legende-de-la-vallee\/","url_meta":{"origin":35456,"position":5},"title":"Au fil des pages avec La l\u00e9gende de la vall\u00e9e","author":"Jojo","date":"10 juin 2021","format":false,"excerpt":"Attir\u00e9e par l'illustration de la couverture, j'ai emprunt\u00e9 \u00e0 la m\u00e9diath\u00e8que et lu La l\u00e9gende de la vall\u00e9e de Sol\u00e8ne Gaynecoetche et \u00c9ric D\u00e9siront (\u00e9d. Bilboquet, 2014), un album jeunesse \u00e0 partir de 5 ans. Une vall\u00e9e verdoyante est habit\u00e9e par de nombreux animaux mais aucun \u00eatre humain jusqu'au jour\u2026","rel":"","context":"Dans &quot;Mini lecteur&quot;","block_context":{"text":"Mini lecteur","link":"http:\/\/www.jojoenherbe.com\/index.php\/category\/mini-lecteur\/"},"img":{"alt_text":"","src":"https:\/\/i0.wp.com\/www.jojoenherbe.com\/wp-content\/uploads\/2021\/06\/La-legende-de-la-vallee-scaled.jpg?fit=1200%2C900&resize=350%2C200","width":350,"height":200,"srcset":"https:\/\/i0.wp.com\/www.jojoenherbe.com\/wp-content\/uploads\/2021\/06\/La-legende-de-la-vallee-scaled.jpg?fit=1200%2C900&resize=350%2C200 1x, https:\/\/i0.wp.com\/www.jojoenherbe.com\/wp-content\/uploads\/2021\/06\/La-legende-de-la-vallee-scaled.jpg?fit=1200%2C900&resize=525%2C300 1.5x, https:\/\/i0.wp.com\/www.jojoenherbe.com\/wp-content\/uploads\/2021\/06\/La-legende-de-la-vallee-scaled.jpg?fit=1200%2C900&resize=700%2C400 2x, https:\/\/i0.wp.com\/www.jojoenherbe.com\/wp-content\/uploads\/2021\/06\/La-legende-de-la-vallee-scaled.jpg?fit=1200%2C900&resize=1050%2C600 3x"},"classes":[]}],"_links":{"self":[{"href":"http:\/\/www.jojoenherbe.com\/index.php\/wp-json\/wp\/v2\/posts\/35456","targetHints":{"allow":["GET"]}}],"collection":[{"href":"http:\/\/www.jojoenherbe.com\/index.php\/wp-json\/wp\/v2\/posts"}],"about":[{"href":"http:\/\/www.jojoenherbe.com\/index.php\/wp-json\/wp\/v2\/types\/post"}],"author":[{"embeddable":true,"href":"http:\/\/www.jojoenherbe.com\/index.php\/wp-json\/wp\/v2\/users\/1"}],"replies":[{"embeddable":true,"href":"http:\/\/www.jojoenherbe.com\/index.php\/wp-json\/wp\/v2\/comments?post=35456"}],"version-history":[{"count":6,"href":"http:\/\/www.jojoenherbe.com\/index.php\/wp-json\/wp\/v2\/posts\/35456\/revisions"}],"predecessor-version":[{"id":35466,"href":"http:\/\/www.jojoenherbe.com\/index.php\/wp-json\/wp\/v2\/posts\/35456\/revisions\/35466"}],"wp:featuredmedia":[{"embeddable":true,"href":"http:\/\/www.jojoenherbe.com\/index.php\/wp-json\/wp\/v2\/media\/35463"}],"wp:attachment":[{"href":"http:\/\/www.jojoenherbe.com\/index.php\/wp-json\/wp\/v2\/media?parent=35456"}],"wp:term":[{"taxonomy":"category","embeddable":true,"href":"http:\/\/www.jojoenherbe.com\/index.php\/wp-json\/wp\/v2\/categories?post=35456"},{"taxonomy":"post_tag","embeddable":true,"href":"http:\/\/www.jojoenherbe.com\/index.php\/wp-json\/wp\/v2\/tags?post=35456"}],"curies":[{"name":"wp","href":"https:\/\/api.w.org\/{rel}","templated":true}]}}