{"id":3541,"date":"2009-02-03T22:12:21","date_gmt":"2009-02-03T21:12:21","guid":{"rendered":"http:\/\/www.jojoenherbe.com\/?p=3541"},"modified":"2018-10-05T15:58:50","modified_gmt":"2018-10-05T13:58:50","slug":"sentier-du-littoral-de-la-presquile-de-giens","status":"publish","type":"post","link":"http:\/\/www.jojoenherbe.com\/index.php\/2009\/02\/03\/sentier-du-littoral-de-la-presquile-de-giens\/","title":{"rendered":"Sentier du littoral de la Presqu&rsquo;\u00eele de Giens"},"content":{"rendered":"<p style=\"text-align: justify;\"><em><a href=\"https:\/\/i0.wp.com\/www.jojoenherbe.com\/wp-content\/uploads\/2018\/08\/Sentier-du-littoral-de-la-Presqu%C3%AEle-de-Giens.jpg\"><img data-recalc-dims=\"1\" loading=\"lazy\" decoding=\"async\" data-attachment-id=\"3552\" data-permalink=\"http:\/\/www.jojoenherbe.com\/index.php\/2009\/02\/03\/sentier-du-littoral-de-la-presquile-de-giens\/sentier-du-littoral-de-la-presquile-de-giens\/\" data-orig-file=\"https:\/\/i0.wp.com\/www.jojoenherbe.com\/wp-content\/uploads\/2018\/08\/Sentier-du-littoral-de-la-Presqu%C3%AEle-de-Giens.jpg?fit=2592%2C1944\" data-orig-size=\"2592,1944\" data-comments-opened=\"1\" data-image-meta=\"{&quot;aperture&quot;:&quot;5.6&quot;,&quot;credit&quot;:&quot;&quot;,&quot;camera&quot;:&quot;DSC-P100&quot;,&quot;caption&quot;:&quot;&quot;,&quot;created_timestamp&quot;:&quot;1233402875&quot;,&quot;copyright&quot;:&quot;&quot;,&quot;focal_length&quot;:&quot;7.9&quot;,&quot;iso&quot;:&quot;100&quot;,&quot;shutter_speed&quot;:&quot;0.004&quot;,&quot;title&quot;:&quot;&quot;,&quot;orientation&quot;:&quot;1&quot;}\" data-image-title=\"Sentier du littoral de la Presqu&amp;rsquo;\u00eele de Giens\" data-image-description=\"\" data-image-caption=\"\" data-large-file=\"https:\/\/i0.wp.com\/www.jojoenherbe.com\/wp-content\/uploads\/2018\/08\/Sentier-du-littoral-de-la-Presqu%C3%AEle-de-Giens.jpg?fit=676%2C507\" class=\"alignleft size-thumbnail wp-image-3552\" src=\"https:\/\/i0.wp.com\/www.jojoenherbe.com\/wp-content\/uploads\/2018\/08\/Sentier-du-littoral-de-la-Presqu%C3%AEle-de-Giens.jpg?resize=150%2C150\" alt=\"\" width=\"150\" height=\"150\" srcset=\"https:\/\/i0.wp.com\/www.jojoenherbe.com\/wp-content\/uploads\/2018\/08\/Sentier-du-littoral-de-la-Presqu%C3%AEle-de-Giens.jpg?resize=150%2C150 150w, https:\/\/i0.wp.com\/www.jojoenherbe.com\/wp-content\/uploads\/2018\/08\/Sentier-du-littoral-de-la-Presqu%C3%AEle-de-Giens.jpg?zoom=2&amp;resize=150%2C150 300w, https:\/\/i0.wp.com\/www.jojoenherbe.com\/wp-content\/uploads\/2018\/08\/Sentier-du-littoral-de-la-Presqu%C3%AEle-de-Giens.jpg?zoom=3&amp;resize=150%2C150 450w\" sizes=\"auto, (max-width: 150px) 100vw, 150px\" \/><\/a> <a href=\"https:\/\/i0.wp.com\/www.jojoenherbe.com\/wp-content\/uploads\/2018\/08\/Sentier-du-littoral-de-la-Presqu%C3%AEle-de-Giens-2.jpg\"><img data-recalc-dims=\"1\" loading=\"lazy\" decoding=\"async\" data-attachment-id=\"3542\" data-permalink=\"http:\/\/www.jojoenherbe.com\/index.php\/2009\/02\/03\/sentier-du-littoral-de-la-presquile-de-giens\/sentier-du-littoral-de-la-presquile-de-giens-2\/\" data-orig-file=\"https:\/\/i0.wp.com\/www.jojoenherbe.com\/wp-content\/uploads\/2018\/08\/Sentier-du-littoral-de-la-Presqu%C3%AEle-de-Giens-2.jpg?fit=2592%2C1944\" data-orig-size=\"2592,1944\" data-comments-opened=\"1\" data-image-meta=\"{&quot;aperture&quot;:&quot;5.6&quot;,&quot;credit&quot;:&quot;&quot;,&quot;camera&quot;:&quot;DSC-P100&quot;,&quot;caption&quot;:&quot;&quot;,&quot;created_timestamp&quot;:&quot;1233404035&quot;,&quot;copyright&quot;:&quot;&quot;,&quot;focal_length&quot;:&quot;7.9&quot;,&quot;iso&quot;:&quot;100&quot;,&quot;shutter_speed&quot;:&quot;0.0125&quot;,&quot;title&quot;:&quot;&quot;,&quot;orientation&quot;:&quot;1&quot;}\" data-image-title=\"Sentier du littoral de la Presqu&amp;rsquo;\u00eele de Giens 2\" data-image-description=\"\" data-image-caption=\"\" data-large-file=\"https:\/\/i0.wp.com\/www.jojoenherbe.com\/wp-content\/uploads\/2018\/08\/Sentier-du-littoral-de-la-Presqu%C3%AEle-de-Giens-2.jpg?fit=676%2C507\" class=\"alignleft size-thumbnail wp-image-3542\" src=\"https:\/\/i0.wp.com\/www.jojoenherbe.com\/wp-content\/uploads\/2018\/08\/Sentier-du-littoral-de-la-Presqu%C3%AEle-de-Giens-2.jpg?resize=150%2C150\" alt=\"\" width=\"150\" height=\"150\" srcset=\"https:\/\/i0.wp.com\/www.jojoenherbe.com\/wp-content\/uploads\/2018\/08\/Sentier-du-littoral-de-la-Presqu%C3%AEle-de-Giens-2.jpg?resize=150%2C150 150w, https:\/\/i0.wp.com\/www.jojoenherbe.com\/wp-content\/uploads\/2018\/08\/Sentier-du-littoral-de-la-Presqu%C3%AEle-de-Giens-2.jpg?zoom=2&amp;resize=150%2C150 300w, https:\/\/i0.wp.com\/www.jojoenherbe.com\/wp-content\/uploads\/2018\/08\/Sentier-du-littoral-de-la-Presqu%C3%AEle-de-Giens-2.jpg?zoom=3&amp;resize=150%2C150 450w\" sizes=\"auto, (max-width: 150px) 100vw, 150px\" \/><\/a> <a href=\"https:\/\/i0.wp.com\/www.jojoenherbe.com\/wp-content\/uploads\/2018\/08\/Sentier-du-littoral-de-la-Presqu%C3%AEle-de-Giens-3.jpg\"><img data-recalc-dims=\"1\" loading=\"lazy\" decoding=\"async\" data-attachment-id=\"3543\" data-permalink=\"http:\/\/www.jojoenherbe.com\/index.php\/2009\/02\/03\/sentier-du-littoral-de-la-presquile-de-giens\/sentier-du-littoral-de-la-presquile-de-giens-3\/\" data-orig-file=\"https:\/\/i0.wp.com\/www.jojoenherbe.com\/wp-content\/uploads\/2018\/08\/Sentier-du-littoral-de-la-Presqu%C3%AEle-de-Giens-3.jpg?fit=1944%2C2592\" data-orig-size=\"1944,2592\" data-comments-opened=\"1\" data-image-meta=\"{&quot;aperture&quot;:&quot;5.6&quot;,&quot;credit&quot;:&quot;&quot;,&quot;camera&quot;:&quot;DSC-P100&quot;,&quot;caption&quot;:&quot;&quot;,&quot;created_timestamp&quot;:&quot;1233405966&quot;,&quot;copyright&quot;:&quot;&quot;,&quot;focal_length&quot;:&quot;7.9&quot;,&quot;iso&quot;:&quot;100&quot;,&quot;shutter_speed&quot;:&quot;0.005&quot;,&quot;title&quot;:&quot;&quot;,&quot;orientation&quot;:&quot;0&quot;}\" data-image-title=\"Sentier du littoral de la Presqu&amp;rsquo;\u00eele de Giens 3\" data-image-description=\"\" data-image-caption=\"\" data-large-file=\"https:\/\/i0.wp.com\/www.jojoenherbe.com\/wp-content\/uploads\/2018\/08\/Sentier-du-littoral-de-la-Presqu%C3%AEle-de-Giens-3.jpg?fit=676%2C901\" class=\"alignleft size-thumbnail wp-image-3543\" src=\"https:\/\/i0.wp.com\/www.jojoenherbe.com\/wp-content\/uploads\/2018\/08\/Sentier-du-littoral-de-la-Presqu%C3%AEle-de-Giens-3.jpg?resize=150%2C150\" alt=\"\" width=\"150\" height=\"150\" srcset=\"https:\/\/i0.wp.com\/www.jojoenherbe.com\/wp-content\/uploads\/2018\/08\/Sentier-du-littoral-de-la-Presqu%C3%AEle-de-Giens-3.jpg?resize=150%2C150 150w, https:\/\/i0.wp.com\/www.jojoenherbe.com\/wp-content\/uploads\/2018\/08\/Sentier-du-littoral-de-la-Presqu%C3%AEle-de-Giens-3.jpg?zoom=2&amp;resize=150%2C150 300w, https:\/\/i0.wp.com\/www.jojoenherbe.com\/wp-content\/uploads\/2018\/08\/Sentier-du-littoral-de-la-Presqu%C3%AEle-de-Giens-3.jpg?zoom=3&amp;resize=150%2C150 450w\" sizes=\"auto, (max-width: 150px) 100vw, 150px\" \/><\/a>Ce 31 janvier 2009, nous nous garons sur un parking de la presqu&rsquo;\u00eele de Giens, pr\u00e8s du port de la Madrague pour marcher le long du sentier du littoral. Ce sentier offre de tr\u00e8s jolis points de vue entre les falaises et la for\u00eat m\u00e9diterran\u00e9enne.<br \/>\n<\/em><\/p>\n<p style=\"text-align: justify;\"><em><a href=\"https:\/\/i0.wp.com\/www.jojoenherbe.com\/wp-content\/uploads\/2018\/08\/Sentier-du-littoral-de-la-Presqu%C3%AEle-de-Giens-5.jpg\"><img data-recalc-dims=\"1\" loading=\"lazy\" decoding=\"async\" data-attachment-id=\"3545\" data-permalink=\"http:\/\/www.jojoenherbe.com\/index.php\/2009\/02\/03\/sentier-du-littoral-de-la-presquile-de-giens\/sentier-du-littoral-de-la-presquile-de-giens-5\/\" data-orig-file=\"https:\/\/i0.wp.com\/www.jojoenherbe.com\/wp-content\/uploads\/2018\/08\/Sentier-du-littoral-de-la-Presqu%C3%AEle-de-Giens-5.jpg?fit=2592%2C1944\" data-orig-size=\"2592,1944\" data-comments-opened=\"1\" data-image-meta=\"{&quot;aperture&quot;:&quot;5.6&quot;,&quot;credit&quot;:&quot;&quot;,&quot;camera&quot;:&quot;DSC-P100&quot;,&quot;caption&quot;:&quot;&quot;,&quot;created_timestamp&quot;:&quot;1233407756&quot;,&quot;copyright&quot;:&quot;&quot;,&quot;focal_length&quot;:&quot;7.9&quot;,&quot;iso&quot;:&quot;100&quot;,&quot;shutter_speed&quot;:&quot;0.00625&quot;,&quot;title&quot;:&quot;&quot;,&quot;orientation&quot;:&quot;1&quot;}\" data-image-title=\"Sentier du littoral de la Presqu&amp;rsquo;\u00eele de Giens 5\" data-image-description=\"\" data-image-caption=\"\" data-large-file=\"https:\/\/i0.wp.com\/www.jojoenherbe.com\/wp-content\/uploads\/2018\/08\/Sentier-du-littoral-de-la-Presqu%C3%AEle-de-Giens-5.jpg?fit=676%2C507\" class=\"size-thumbnail wp-image-3545 alignright\" src=\"https:\/\/i0.wp.com\/www.jojoenherbe.com\/wp-content\/uploads\/2018\/08\/Sentier-du-littoral-de-la-Presqu%C3%AEle-de-Giens-5.jpg?resize=150%2C150\" alt=\"\" width=\"150\" height=\"150\" srcset=\"https:\/\/i0.wp.com\/www.jojoenherbe.com\/wp-content\/uploads\/2018\/08\/Sentier-du-littoral-de-la-Presqu%C3%AEle-de-Giens-5.jpg?resize=150%2C150 150w, https:\/\/i0.wp.com\/www.jojoenherbe.com\/wp-content\/uploads\/2018\/08\/Sentier-du-littoral-de-la-Presqu%C3%AEle-de-Giens-5.jpg?zoom=2&amp;resize=150%2C150 300w, https:\/\/i0.wp.com\/www.jojoenherbe.com\/wp-content\/uploads\/2018\/08\/Sentier-du-littoral-de-la-Presqu%C3%AEle-de-Giens-5.jpg?zoom=3&amp;resize=150%2C150 450w\" sizes=\"auto, (max-width: 150px) 100vw, 150px\" \/><\/a> <a href=\"https:\/\/i0.wp.com\/www.jojoenherbe.com\/wp-content\/uploads\/2018\/08\/Sentier-du-littoral-de-la-Presqu%C3%AEle-de-Giens-7.jpg\"><img data-recalc-dims=\"1\" loading=\"lazy\" decoding=\"async\" data-attachment-id=\"3547\" data-permalink=\"http:\/\/www.jojoenherbe.com\/index.php\/2009\/02\/03\/sentier-du-littoral-de-la-presquile-de-giens\/sentier-du-littoral-de-la-presquile-de-giens-7\/\" data-orig-file=\"https:\/\/i0.wp.com\/www.jojoenherbe.com\/wp-content\/uploads\/2018\/08\/Sentier-du-littoral-de-la-Presqu%C3%AEle-de-Giens-7.jpg?fit=2592%2C1944\" data-orig-size=\"2592,1944\" data-comments-opened=\"1\" data-image-meta=\"{&quot;aperture&quot;:&quot;5.6&quot;,&quot;credit&quot;:&quot;&quot;,&quot;camera&quot;:&quot;DSC-P100&quot;,&quot;caption&quot;:&quot;&quot;,&quot;created_timestamp&quot;:&quot;1233413282&quot;,&quot;copyright&quot;:&quot;&quot;,&quot;focal_length&quot;:&quot;7.9&quot;,&quot;iso&quot;:&quot;100&quot;,&quot;shutter_speed&quot;:&quot;0.003125&quot;,&quot;title&quot;:&quot;&quot;,&quot;orientation&quot;:&quot;1&quot;}\" data-image-title=\"Sentier du littoral de la Presqu&amp;rsquo;\u00eele de Giens 7\" data-image-description=\"\" data-image-caption=\"\" data-large-file=\"https:\/\/i0.wp.com\/www.jojoenherbe.com\/wp-content\/uploads\/2018\/08\/Sentier-du-littoral-de-la-Presqu%C3%AEle-de-Giens-7.jpg?fit=676%2C507\" class=\"size-thumbnail wp-image-3547 alignright\" src=\"https:\/\/i0.wp.com\/www.jojoenherbe.com\/wp-content\/uploads\/2018\/08\/Sentier-du-littoral-de-la-Presqu%C3%AEle-de-Giens-7.jpg?resize=150%2C150\" alt=\"\" width=\"150\" height=\"150\" srcset=\"https:\/\/i0.wp.com\/www.jojoenherbe.com\/wp-content\/uploads\/2018\/08\/Sentier-du-littoral-de-la-Presqu%C3%AEle-de-Giens-7.jpg?resize=150%2C150 150w, https:\/\/i0.wp.com\/www.jojoenherbe.com\/wp-content\/uploads\/2018\/08\/Sentier-du-littoral-de-la-Presqu%C3%AEle-de-Giens-7.jpg?zoom=2&amp;resize=150%2C150 300w, https:\/\/i0.wp.com\/www.jojoenherbe.com\/wp-content\/uploads\/2018\/08\/Sentier-du-littoral-de-la-Presqu%C3%AEle-de-Giens-7.jpg?zoom=3&amp;resize=150%2C150 450w\" sizes=\"auto, (max-width: 150px) 100vw, 150px\" \/><\/a> <a href=\"https:\/\/i0.wp.com\/www.jojoenherbe.com\/wp-content\/uploads\/2018\/08\/Sentier-du-littoral-de-la-Presqu%C3%AEle-de-Giens-8.jpg\"><img data-recalc-dims=\"1\" loading=\"lazy\" decoding=\"async\" data-attachment-id=\"3548\" data-permalink=\"http:\/\/www.jojoenherbe.com\/index.php\/2009\/02\/03\/sentier-du-littoral-de-la-presquile-de-giens\/sentier-du-littoral-de-la-presquile-de-giens-8\/\" data-orig-file=\"https:\/\/i0.wp.com\/www.jojoenherbe.com\/wp-content\/uploads\/2018\/08\/Sentier-du-littoral-de-la-Presqu%C3%AEle-de-Giens-8.jpg?fit=2592%2C1944\" data-orig-size=\"2592,1944\" data-comments-opened=\"1\" data-image-meta=\"{&quot;aperture&quot;:&quot;5.6&quot;,&quot;credit&quot;:&quot;&quot;,&quot;camera&quot;:&quot;DSC-P100&quot;,&quot;caption&quot;:&quot;&quot;,&quot;created_timestamp&quot;:&quot;1233413445&quot;,&quot;copyright&quot;:&quot;&quot;,&quot;focal_length&quot;:&quot;7.9&quot;,&quot;iso&quot;:&quot;100&quot;,&quot;shutter_speed&quot;:&quot;0.0125&quot;,&quot;title&quot;:&quot;&quot;,&quot;orientation&quot;:&quot;1&quot;}\" data-image-title=\"Sentier du littoral de la Presqu&amp;rsquo;\u00eele de Giens 8\" data-image-description=\"\" data-image-caption=\"\" data-large-file=\"https:\/\/i0.wp.com\/www.jojoenherbe.com\/wp-content\/uploads\/2018\/08\/Sentier-du-littoral-de-la-Presqu%C3%AEle-de-Giens-8.jpg?fit=676%2C507\" class=\"size-thumbnail wp-image-3548 alignright\" src=\"https:\/\/i0.wp.com\/www.jojoenherbe.com\/wp-content\/uploads\/2018\/08\/Sentier-du-littoral-de-la-Presqu%C3%AEle-de-Giens-8.jpg?resize=150%2C150\" alt=\"\" width=\"150\" height=\"150\" srcset=\"https:\/\/i0.wp.com\/www.jojoenherbe.com\/wp-content\/uploads\/2018\/08\/Sentier-du-littoral-de-la-Presqu%C3%AEle-de-Giens-8.jpg?resize=150%2C150 150w, https:\/\/i0.wp.com\/www.jojoenherbe.com\/wp-content\/uploads\/2018\/08\/Sentier-du-littoral-de-la-Presqu%C3%AEle-de-Giens-8.jpg?zoom=2&amp;resize=150%2C150 300w, https:\/\/i0.wp.com\/www.jojoenherbe.com\/wp-content\/uploads\/2018\/08\/Sentier-du-littoral-de-la-Presqu%C3%AEle-de-Giens-8.jpg?zoom=3&amp;resize=150%2C150 450w\" sizes=\"auto, (max-width: 150px) 100vw, 150px\" \/><\/a>Nous passons au-dessus de diff\u00e9rentes criques, plus jolies les unes que les autres, dont la plage d&rsquo;Escampo-Barriou. Au loin, nous voyons la baie de Toulon et diff\u00e9rentes petites \u00eeles. Puis apr\u00e8s une partie plus arbor\u00e9e, nous retrouvons le bord des falaises avec les Pointes du Rabat et des Salis.<br \/>\n<\/em><\/p>\n<p style=\"text-align: justify;\"><em><a href=\"https:\/\/i0.wp.com\/www.jojoenherbe.com\/wp-content\/uploads\/2018\/08\/Sentier-du-littoral-de-la-Presqu%C3%AEle-de-Giens-9.jpg\"><img data-recalc-dims=\"1\" loading=\"lazy\" decoding=\"async\" data-attachment-id=\"3549\" data-permalink=\"http:\/\/www.jojoenherbe.com\/index.php\/2009\/02\/03\/sentier-du-littoral-de-la-presquile-de-giens\/sentier-du-littoral-de-la-presquile-de-giens-9\/\" data-orig-file=\"https:\/\/i0.wp.com\/www.jojoenherbe.com\/wp-content\/uploads\/2018\/08\/Sentier-du-littoral-de-la-Presqu%C3%AEle-de-Giens-9.jpg?fit=1944%2C2592\" data-orig-size=\"1944,2592\" data-comments-opened=\"1\" data-image-meta=\"{&quot;aperture&quot;:&quot;5.6&quot;,&quot;credit&quot;:&quot;&quot;,&quot;camera&quot;:&quot;DSC-P100&quot;,&quot;caption&quot;:&quot;&quot;,&quot;created_timestamp&quot;:&quot;1233413452&quot;,&quot;copyright&quot;:&quot;&quot;,&quot;focal_length&quot;:&quot;7.9&quot;,&quot;iso&quot;:&quot;100&quot;,&quot;shutter_speed&quot;:&quot;0.00625&quot;,&quot;title&quot;:&quot;&quot;,&quot;orientation&quot;:&quot;0&quot;}\" data-image-title=\"Sentier du littoral de la Presqu&amp;rsquo;\u00eele de Giens 9\" data-image-description=\"\" data-image-caption=\"\" data-large-file=\"https:\/\/i0.wp.com\/www.jojoenherbe.com\/wp-content\/uploads\/2018\/08\/Sentier-du-littoral-de-la-Presqu%C3%AEle-de-Giens-9.jpg?fit=676%2C901\" class=\"alignleft size-thumbnail wp-image-3549\" src=\"https:\/\/i0.wp.com\/www.jojoenherbe.com\/wp-content\/uploads\/2018\/08\/Sentier-du-littoral-de-la-Presqu%C3%AEle-de-Giens-9.jpg?resize=150%2C150\" alt=\"\" width=\"150\" height=\"150\" srcset=\"https:\/\/i0.wp.com\/www.jojoenherbe.com\/wp-content\/uploads\/2018\/08\/Sentier-du-littoral-de-la-Presqu%C3%AEle-de-Giens-9.jpg?resize=150%2C150 150w, https:\/\/i0.wp.com\/www.jojoenherbe.com\/wp-content\/uploads\/2018\/08\/Sentier-du-littoral-de-la-Presqu%C3%AEle-de-Giens-9.jpg?zoom=2&amp;resize=150%2C150 300w, https:\/\/i0.wp.com\/www.jojoenherbe.com\/wp-content\/uploads\/2018\/08\/Sentier-du-littoral-de-la-Presqu%C3%AEle-de-Giens-9.jpg?zoom=3&amp;resize=150%2C150 450w\" sizes=\"auto, (max-width: 150px) 100vw, 150px\" \/><\/a><\/em><\/p>\n<div id=\"attachment_3550\" style=\"width: 160px\" class=\"wp-caption alignleft\"><a href=\"https:\/\/i0.wp.com\/www.jojoenherbe.com\/wp-content\/uploads\/2018\/08\/Sentier-du-littoral-de-la-Presqu%C3%AEle-de-Giens-10.jpg\"><img data-recalc-dims=\"1\" loading=\"lazy\" decoding=\"async\" aria-describedby=\"caption-attachment-3550\" data-attachment-id=\"3550\" data-permalink=\"http:\/\/www.jojoenherbe.com\/index.php\/2009\/02\/03\/sentier-du-littoral-de-la-presquile-de-giens\/sentier-du-littoral-de-la-presquile-de-giens-10\/\" data-orig-file=\"https:\/\/i0.wp.com\/www.jojoenherbe.com\/wp-content\/uploads\/2018\/08\/Sentier-du-littoral-de-la-Presqu%C3%AEle-de-Giens-10.jpg?fit=1944%2C2592\" data-orig-size=\"1944,2592\" data-comments-opened=\"1\" data-image-meta=\"{&quot;aperture&quot;:&quot;10&quot;,&quot;credit&quot;:&quot;&quot;,&quot;camera&quot;:&quot;DSC-P100&quot;,&quot;caption&quot;:&quot;&quot;,&quot;created_timestamp&quot;:&quot;1233411192&quot;,&quot;copyright&quot;:&quot;&quot;,&quot;focal_length&quot;:&quot;23.7&quot;,&quot;iso&quot;:&quot;100&quot;,&quot;shutter_speed&quot;:&quot;0.008&quot;,&quot;title&quot;:&quot;&quot;,&quot;orientation&quot;:&quot;0&quot;}\" data-image-title=\"Sentier du littoral de la Presqu&amp;rsquo;\u00eele de Giens 10\" data-image-description=\"\" data-image-caption=\"&lt;p&gt;Go\u00e9land leucoph\u00e9e&lt;\/p&gt;\n\" data-large-file=\"https:\/\/i0.wp.com\/www.jojoenherbe.com\/wp-content\/uploads\/2018\/08\/Sentier-du-littoral-de-la-Presqu%C3%AEle-de-Giens-10.jpg?fit=676%2C901\" class=\"size-thumbnail wp-image-3550\" src=\"https:\/\/i0.wp.com\/www.jojoenherbe.com\/wp-content\/uploads\/2018\/08\/Sentier-du-littoral-de-la-Presqu%C3%AEle-de-Giens-10.jpg?resize=150%2C150\" alt=\"\" width=\"150\" height=\"150\" srcset=\"https:\/\/i0.wp.com\/www.jojoenherbe.com\/wp-content\/uploads\/2018\/08\/Sentier-du-littoral-de-la-Presqu%C3%AEle-de-Giens-10.jpg?resize=150%2C150 150w, https:\/\/i0.wp.com\/www.jojoenherbe.com\/wp-content\/uploads\/2018\/08\/Sentier-du-littoral-de-la-Presqu%C3%AEle-de-Giens-10.jpg?zoom=2&amp;resize=150%2C150 300w, https:\/\/i0.wp.com\/www.jojoenherbe.com\/wp-content\/uploads\/2018\/08\/Sentier-du-littoral-de-la-Presqu%C3%AEle-de-Giens-10.jpg?zoom=3&amp;resize=150%2C150 450w\" sizes=\"auto, (max-width: 150px) 100vw, 150px\" \/><\/a><p id=\"caption-attachment-3550\" class=\"wp-caption-text\">Go\u00e9land leucoph\u00e9e<\/p><\/div>\n<div id=\"attachment_3551\" style=\"width: 160px\" class=\"wp-caption alignleft\"><a href=\"https:\/\/i0.wp.com\/www.jojoenherbe.com\/wp-content\/uploads\/2018\/08\/Sentier-du-littoral-de-la-Presqu%C3%AEle-de-Giens-11.jpg\"><img data-recalc-dims=\"1\" loading=\"lazy\" decoding=\"async\" aria-describedby=\"caption-attachment-3551\" data-attachment-id=\"3551\" data-permalink=\"http:\/\/www.jojoenherbe.com\/index.php\/2009\/02\/03\/sentier-du-littoral-de-la-presquile-de-giens\/sentier-du-littoral-de-la-presquile-de-giens-11\/\" data-orig-file=\"https:\/\/i0.wp.com\/www.jojoenherbe.com\/wp-content\/uploads\/2018\/08\/Sentier-du-littoral-de-la-Presqu%C3%AEle-de-Giens-11.jpg?fit=1854%2C1480\" data-orig-size=\"1854,1480\" data-comments-opened=\"1\" data-image-meta=\"{&quot;aperture&quot;:&quot;5.2&quot;,&quot;credit&quot;:&quot;&quot;,&quot;camera&quot;:&quot;DSC-P100&quot;,&quot;caption&quot;:&quot;&quot;,&quot;created_timestamp&quot;:&quot;1233417301&quot;,&quot;copyright&quot;:&quot;&quot;,&quot;focal_length&quot;:&quot;23.7&quot;,&quot;iso&quot;:&quot;100&quot;,&quot;shutter_speed&quot;:&quot;0.008&quot;,&quot;title&quot;:&quot;&quot;,&quot;orientation&quot;:&quot;1&quot;}\" data-image-title=\"Sentier du littoral de la Presqu&amp;rsquo;\u00eele de Giens 11\" data-image-description=\"\" data-image-caption=\"&lt;p&gt;Grand cormoran&lt;\/p&gt;\n\" data-large-file=\"https:\/\/i0.wp.com\/www.jojoenherbe.com\/wp-content\/uploads\/2018\/08\/Sentier-du-littoral-de-la-Presqu%C3%AEle-de-Giens-11.jpg?fit=676%2C539\" class=\"size-thumbnail wp-image-3551\" src=\"https:\/\/i0.wp.com\/www.jojoenherbe.com\/wp-content\/uploads\/2018\/08\/Sentier-du-littoral-de-la-Presqu%C3%AEle-de-Giens-11.jpg?resize=150%2C150\" alt=\"\" width=\"150\" height=\"150\" srcset=\"https:\/\/i0.wp.com\/www.jojoenherbe.com\/wp-content\/uploads\/2018\/08\/Sentier-du-littoral-de-la-Presqu%C3%AEle-de-Giens-11.jpg?resize=150%2C150 150w, https:\/\/i0.wp.com\/www.jojoenherbe.com\/wp-content\/uploads\/2018\/08\/Sentier-du-littoral-de-la-Presqu%C3%AEle-de-Giens-11.jpg?zoom=2&amp;resize=150%2C150 300w, https:\/\/i0.wp.com\/www.jojoenherbe.com\/wp-content\/uploads\/2018\/08\/Sentier-du-littoral-de-la-Presqu%C3%AEle-de-Giens-11.jpg?zoom=3&amp;resize=150%2C150 450w\" sizes=\"auto, (max-width: 150px) 100vw, 150px\" \/><\/a><p id=\"caption-attachment-3551\" class=\"wp-caption-text\">Grand cormoran<\/p><\/div>\n<p style=\"text-align: justify;\"><em>Nous pouvons alors observer, du haut des falaises, des go\u00e9lands leucoph\u00e9es et un grand cormoran. En contrebas, nous pouvons voir le Pain de sucre et la Pointe des Chevaliers. Nous continuons \u00e0 marcher jusqu&rsquo;\u00e0 rejoindre le parking d&rsquo;arriv\u00e9e.<br \/>\n<\/em><\/p>\n<p><iframe loading=\"lazy\" style=\"border: 0;\" src=\"https:\/\/www.google.com\/maps\/embed?pb=!1m18!1m12!1m3!1d23329.292488427345!2d6.119531413823697!3d43.03803211540385!2m3!1f0!2f0!3f0!3m2!1i1024!2i768!4f13.1!3m3!1m2!1s0x12c920c49eeaab9f%3A0x6945042eb350bd76!2sPresqu'%C3%AEle+de+Giens!5e0!3m2!1sfr!2sfr!4v1534796948056\" width=\"400\" height=\"300\" frameborder=\"0\" allowfullscreen=\"allowfullscreen\"><\/iframe><\/p>\n","protected":false},"excerpt":{"rendered":"<p>Ce 31 janvier 2009, nous nous garons sur un parking de la presqu&rsquo;\u00eele de Giens, pr\u00e8s du port de la Madrague pour marcher le long du sentier du littoral. Ce sentier offre de tr\u00e8s jolis points de vue entre les falaises et la for\u00eat m\u00e9diterran\u00e9enne. Nous passons au-dessus de diff\u00e9rentes criques, plus jolies les unes [&hellip;]<\/p>\n","protected":false},"author":1,"featured_media":3546,"comment_status":"open","ping_status":"open","sticky":false,"template":"","format":"standard","meta":{"jetpack_post_was_ever_published":false,"_jetpack_newsletter_access":"","_jetpack_dont_email_post_to_subs":false,"_jetpack_newsletter_tier_id":0,"_jetpack_memberships_contains_paywalled_content":false,"_jetpack_memberships_contains_paid_content":false,"footnotes":""},"categories":[13],"tags":[231,5,310,46,27],"class_list":["post-3541","post","type-post","status-publish","format-standard","has-post-thumbnail","hentry","category-mini-randonneur","tag-hyeres","tag-paca","tag-presquile-de-giens","tag-randonnees","tag-var","post-preview"],"jetpack_featured_media_url":"https:\/\/i0.wp.com\/www.jojoenherbe.com\/wp-content\/uploads\/2018\/08\/Sentier-du-littoral-de-la-Presqu%C3%AEle-de-Giens-6.jpg?fit=1944%2C2592","jetpack_sharing_enabled":true,"jetpack_shortlink":"https:\/\/wp.me\/p9zhGx-V7","jetpack_likes_enabled":true,"jetpack-related-posts":[{"id":1045,"url":"http:\/\/www.jojoenherbe.com\/index.php\/2012\/02\/24\/balade-a-howth-et-ses-falaises\/","url_meta":{"origin":3541,"position":0},"title":"Balade \u00e0 Howth et ses falaises","author":"Jojo","date":"24 f\u00e9vrier 2012","format":false,"excerpt":"Le 13 f\u00e9vrier 2012, nous quittons Dublin et partons visiter la rive Nord de la baie de Dublin, Ben of Howth et en particulier le charmant village de p\u00eacheurs de Howth et ses falaises. Nous faisons notre pause d\u00e9jeuner dans un petit restaurant du port de Howth avec un plat\u2026","rel":"","context":"Dans &quot;Mini voyageur&quot;","block_context":{"text":"Mini voyageur","link":"http:\/\/www.jojoenherbe.com\/index.php\/category\/mini-crapahuteur\/mini-voyageur\/"},"img":{"alt_text":"","src":"https:\/\/i0.wp.com\/www.jojoenherbe.com\/wp-content\/uploads\/2012\/02\/Port-de-Howth-vue-sur-Irelands-Eye.jpg?fit=1200%2C900&resize=350%2C200","width":350,"height":200,"srcset":"https:\/\/i0.wp.com\/www.jojoenherbe.com\/wp-content\/uploads\/2012\/02\/Port-de-Howth-vue-sur-Irelands-Eye.jpg?fit=1200%2C900&resize=350%2C200 1x, https:\/\/i0.wp.com\/www.jojoenherbe.com\/wp-content\/uploads\/2012\/02\/Port-de-Howth-vue-sur-Irelands-Eye.jpg?fit=1200%2C900&resize=525%2C300 1.5x, https:\/\/i0.wp.com\/www.jojoenherbe.com\/wp-content\/uploads\/2012\/02\/Port-de-Howth-vue-sur-Irelands-Eye.jpg?fit=1200%2C900&resize=700%2C400 2x, https:\/\/i0.wp.com\/www.jojoenherbe.com\/wp-content\/uploads\/2012\/02\/Port-de-Howth-vue-sur-Irelands-Eye.jpg?fit=1200%2C900&resize=1050%2C600 3x"},"classes":[]},{"id":2842,"url":"http:\/\/www.jojoenherbe.com\/index.php\/2014\/07\/29\/le-jardin-exotique-deze\/","url_meta":{"origin":3541,"position":1},"title":"Le jardin exotique d&rsquo;Eze","author":"Jojo","date":"29 juillet 2014","format":false,"excerpt":"Ce 27 juillet 2014, nous finissons notre apr\u00e8s-midi par la visite du jardin exotique d'Eze. Le jardin a \u00e9t\u00e9 am\u00e9nag\u00e9 au sommet des ruines de l'ancien ch\u00e2teau en 1949. Outre ces ruines, la v\u00e9g\u00e9tation se m\u00e9langent, depuis 2004, avec les sculptures aux formes f\u00e9minines de Jean-Philippe Richard, les \"D\u00e9esses de\u2026","rel":"","context":"Dans &quot;Mini visiteur&quot;","block_context":{"text":"Mini visiteur","link":"http:\/\/www.jojoenherbe.com\/index.php\/category\/mini-crapahuteur\/mini-visiteur\/"},"img":{"alt_text":"","src":"https:\/\/i0.wp.com\/www.jojoenherbe.com\/wp-content\/uploads\/2018\/06\/Jardin-exotique-Eze-9.jpg?fit=900%2C1200&resize=350%2C200","width":350,"height":200,"srcset":"https:\/\/i0.wp.com\/www.jojoenherbe.com\/wp-content\/uploads\/2018\/06\/Jardin-exotique-Eze-9.jpg?fit=900%2C1200&resize=350%2C200 1x, https:\/\/i0.wp.com\/www.jojoenherbe.com\/wp-content\/uploads\/2018\/06\/Jardin-exotique-Eze-9.jpg?fit=900%2C1200&resize=525%2C300 1.5x, https:\/\/i0.wp.com\/www.jojoenherbe.com\/wp-content\/uploads\/2018\/06\/Jardin-exotique-Eze-9.jpg?fit=900%2C1200&resize=700%2C400 2x"},"classes":[]},{"id":1853,"url":"http:\/\/www.jojoenherbe.com\/index.php\/2008\/03\/05\/petite-balade-au-cap-ferrat\/","url_meta":{"origin":3541,"position":2},"title":"Petite balade au Cap-Ferrat","author":"Jojo","date":"5 mars 2008","format":false,"excerpt":"Ce 2 mars 2008, nous allons \u00e0 Saint-Jean-Cap-Ferrat pour nous promener le long de la presqu'\u00eele. Nous nous garons sur un des parkings de la commune pour gagner le sentier longeant le littoral. Dix minutes apr\u00e8s, nous nous arr\u00eatons et prenons le temps d'observer une curiosit\u00e9 locale: des Ins\u00e9parables de\u2026","rel":"","context":"Dans &quot;Mini randonneur&quot;","block_context":{"text":"Mini randonneur","link":"http:\/\/www.jojoenherbe.com\/index.php\/category\/mini-crapahuteur\/mini-randonneur\/"},"img":{"alt_text":"","src":"https:\/\/i0.wp.com\/www.jojoenherbe.com\/wp-content\/uploads\/2018\/03\/Saint-Jean-Cap-Ferrat-4.jpg?fit=1200%2C900&resize=350%2C200","width":350,"height":200,"srcset":"https:\/\/i0.wp.com\/www.jojoenherbe.com\/wp-content\/uploads\/2018\/03\/Saint-Jean-Cap-Ferrat-4.jpg?fit=1200%2C900&resize=350%2C200 1x, https:\/\/i0.wp.com\/www.jojoenherbe.com\/wp-content\/uploads\/2018\/03\/Saint-Jean-Cap-Ferrat-4.jpg?fit=1200%2C900&resize=525%2C300 1.5x, https:\/\/i0.wp.com\/www.jojoenherbe.com\/wp-content\/uploads\/2018\/03\/Saint-Jean-Cap-Ferrat-4.jpg?fit=1200%2C900&resize=700%2C400 2x, https:\/\/i0.wp.com\/www.jojoenherbe.com\/wp-content\/uploads\/2018\/03\/Saint-Jean-Cap-Ferrat-4.jpg?fit=1200%2C900&resize=1050%2C600 3x"},"classes":[]},{"id":2408,"url":"http:\/\/www.jojoenherbe.com\/index.php\/2018\/04\/22\/balade-au-cap-dantibes\/","url_meta":{"origin":3541,"position":3},"title":"Balade au Cap d&rsquo;Antibes","author":"Jojo","date":"22 avril 2018","format":false,"excerpt":"Ce 22 avril 2018, nous allons au Cap d'Antibes. Apr\u00e8s avoir trouv\u00e9 une place pour nous garer sur le parking de la plage de la Garoupe, nous commen\u00e7ons le sentier littoral dit \"Sentier de Tire-poil\", en direction de la Pointe du Cap Gros. En effet, il est tout \u00e0 fait\u2026","rel":"","context":"Dans &quot;Mini baladeur&quot;","block_context":{"text":"Mini baladeur","link":"http:\/\/www.jojoenherbe.com\/index.php\/category\/mini-crapahuteur\/mini-baladeur\/"},"img":{"alt_text":"","src":"https:\/\/i0.wp.com\/www.jojoenherbe.com\/wp-content\/uploads\/2018\/04\/Cap-dAntibes-3.jpg?fit=1200%2C900&resize=350%2C200","width":350,"height":200,"srcset":"https:\/\/i0.wp.com\/www.jojoenherbe.com\/wp-content\/uploads\/2018\/04\/Cap-dAntibes-3.jpg?fit=1200%2C900&resize=350%2C200 1x, https:\/\/i0.wp.com\/www.jojoenherbe.com\/wp-content\/uploads\/2018\/04\/Cap-dAntibes-3.jpg?fit=1200%2C900&resize=525%2C300 1.5x, https:\/\/i0.wp.com\/www.jojoenherbe.com\/wp-content\/uploads\/2018\/04\/Cap-dAntibes-3.jpg?fit=1200%2C900&resize=700%2C400 2x, https:\/\/i0.wp.com\/www.jojoenherbe.com\/wp-content\/uploads\/2018\/04\/Cap-dAntibes-3.jpg?fit=1200%2C900&resize=1050%2C600 3x"},"classes":[]},{"id":323,"url":"http:\/\/www.jojoenherbe.com\/index.php\/2018\/01\/17\/balade-sur-le-sentier-de-la-presquile-du-cap-ferrat\/","url_meta":{"origin":3541,"position":4},"title":"Balade sur le sentier de la presqu&rsquo;\u00eele du Cap Ferrat","author":"Jojo","date":"17 janvier 2018","format":false,"excerpt":"Premier jour de l'ann\u00e9e, le soleil est d\u00e9j\u00e0 au beau fixe. Nous partons \u00e0 Saint-Jean-Cap-Ferrat. Nous nous garons au niveau de l'entr\u00e9e du Phare et suivons le sentier littoral en direction du Port de la commune. Le sentier est bien am\u00e9nag\u00e9, avec des escaliers par moment. Il est \u00e9galement possible\u2026","rel":"","context":"Dans &quot;Mini randonneur&quot;","block_context":{"text":"Mini randonneur","link":"http:\/\/www.jojoenherbe.com\/index.php\/category\/mini-crapahuteur\/mini-randonneur\/"},"img":{"alt_text":"","src":"https:\/\/i0.wp.com\/www.jojoenherbe.com\/wp-content\/uploads\/2018\/01\/Cap-Ferrat-Pointe-Causini%C3%A8re.jpg?fit=900%2C1200&resize=350%2C200","width":350,"height":200,"srcset":"https:\/\/i0.wp.com\/www.jojoenherbe.com\/wp-content\/uploads\/2018\/01\/Cap-Ferrat-Pointe-Causini%C3%A8re.jpg?fit=900%2C1200&resize=350%2C200 1x, https:\/\/i0.wp.com\/www.jojoenherbe.com\/wp-content\/uploads\/2018\/01\/Cap-Ferrat-Pointe-Causini%C3%A8re.jpg?fit=900%2C1200&resize=525%2C300 1.5x, https:\/\/i0.wp.com\/www.jojoenherbe.com\/wp-content\/uploads\/2018\/01\/Cap-Ferrat-Pointe-Causini%C3%A8re.jpg?fit=900%2C1200&resize=700%2C400 2x"},"classes":[]},{"id":9363,"url":"http:\/\/www.jojoenherbe.com\/index.php\/2020\/01\/03\/debut-dannee-au-fort-de-la-revere\/","url_meta":{"origin":3541,"position":5},"title":"D\u00e9but d&rsquo;ann\u00e9e au Fort de la Rev\u00e8re","author":"Jojo","date":"3 janvier 2020","format":false,"excerpt":"En ce 1er janvier 2020, nous passons une grande partie de la journ\u00e9e \u00e0 balader au Fort de la Rev\u00e8re. Des travaux de restauration du fort ont eu lieu depuis notre derni\u00e8re visite, une pancarte ayant \u00e9galement \u00e9t\u00e9 install\u00e9e en l'honneur du R\u00e9v\u00e9rend Donald Currie Caskie qui contribua \u00e0 lib\u00e9rer\u2026","rel":"","context":"Dans &quot;Mini baladeur&quot;","block_context":{"text":"Mini baladeur","link":"http:\/\/www.jojoenherbe.com\/index.php\/category\/mini-crapahuteur\/mini-baladeur\/"},"img":{"alt_text":"","src":"https:\/\/i0.wp.com\/www.jojoenherbe.com\/wp-content\/uploads\/2020\/01\/Fort-de-la-Rev%C3%A8re-8-scaled.jpg?fit=1200%2C900&resize=350%2C200","width":350,"height":200,"srcset":"https:\/\/i0.wp.com\/www.jojoenherbe.com\/wp-content\/uploads\/2020\/01\/Fort-de-la-Rev%C3%A8re-8-scaled.jpg?fit=1200%2C900&resize=350%2C200 1x, https:\/\/i0.wp.com\/www.jojoenherbe.com\/wp-content\/uploads\/2020\/01\/Fort-de-la-Rev%C3%A8re-8-scaled.jpg?fit=1200%2C900&resize=525%2C300 1.5x, https:\/\/i0.wp.com\/www.jojoenherbe.com\/wp-content\/uploads\/2020\/01\/Fort-de-la-Rev%C3%A8re-8-scaled.jpg?fit=1200%2C900&resize=700%2C400 2x, https:\/\/i0.wp.com\/www.jojoenherbe.com\/wp-content\/uploads\/2020\/01\/Fort-de-la-Rev%C3%A8re-8-scaled.jpg?fit=1200%2C900&resize=1050%2C600 3x"},"classes":[]}],"_links":{"self":[{"href":"http:\/\/www.jojoenherbe.com\/index.php\/wp-json\/wp\/v2\/posts\/3541","targetHints":{"allow":["GET"]}}],"collection":[{"href":"http:\/\/www.jojoenherbe.com\/index.php\/wp-json\/wp\/v2\/posts"}],"about":[{"href":"http:\/\/www.jojoenherbe.com\/index.php\/wp-json\/wp\/v2\/types\/post"}],"author":[{"embeddable":true,"href":"http:\/\/www.jojoenherbe.com\/index.php\/wp-json\/wp\/v2\/users\/1"}],"replies":[{"embeddable":true,"href":"http:\/\/www.jojoenherbe.com\/index.php\/wp-json\/wp\/v2\/comments?post=3541"}],"version-history":[{"count":0,"href":"http:\/\/www.jojoenherbe.com\/index.php\/wp-json\/wp\/v2\/posts\/3541\/revisions"}],"wp:featuredmedia":[{"embeddable":true,"href":"http:\/\/www.jojoenherbe.com\/index.php\/wp-json\/wp\/v2\/media\/3546"}],"wp:attachment":[{"href":"http:\/\/www.jojoenherbe.com\/index.php\/wp-json\/wp\/v2\/media?parent=3541"}],"wp:term":[{"taxonomy":"category","embeddable":true,"href":"http:\/\/www.jojoenherbe.com\/index.php\/wp-json\/wp\/v2\/categories?post=3541"},{"taxonomy":"post_tag","embeddable":true,"href":"http:\/\/www.jojoenherbe.com\/index.php\/wp-json\/wp\/v2\/tags?post=3541"}],"curies":[{"name":"wp","href":"https:\/\/api.w.org\/{rel}","templated":true}]}}