{"id":35406,"date":"2024-04-12T16:03:13","date_gmt":"2024-04-12T14:03:13","guid":{"rendered":"http:\/\/www.jojoenherbe.com\/?p=35406"},"modified":"2024-04-12T21:03:27","modified_gmt":"2024-04-12T19:03:27","slug":"au-fil-des-pages-avec-radium-girls","status":"publish","type":"post","link":"http:\/\/www.jojoenherbe.com\/index.php\/2024\/04\/12\/au-fil-des-pages-avec-radium-girls\/","title":{"rendered":"Au fil des pages avec Radium girls"},"content":{"rendered":"<p style=\"text-align: justify;\"><em>J&rsquo;ai lu <span style=\"text-decoration: underline;\">Radium girls<\/span> de Cy (\u00e9d. Gl\u00e9nat, coll. Karma, ao\u00fbt 2020, 136 pages), une BD adulte \u00e0 la couverture phosphorescente et que j\u2019avais rep\u00e9r\u00e9e depuis tr\u00e8s longtemps mais que je n\u2019avais pas pu encore emprunter \u00e0 la m\u00e9diath\u00e8que, trouvant tr\u00e8s int\u00e9ressant le sujet abord\u00e9 mais pas le graphisme. Ma lecture a confirm\u00e9 ma premi\u00e8re impression. J\u2019ai, en effet, appr\u00e9ci\u00e9 l\u2019histoire tir\u00e9e de faits r\u00e9els, moins les illustrations aux crayons de couleur.<\/em><\/p>\n<p style=\"text-align: justify;\"><em><a href=\"https:\/\/i0.wp.com\/www.jojoenherbe.com\/wp-content\/uploads\/2024\/04\/Radium-girls-BD-2-scaled.jpg\"><img data-recalc-dims=\"1\" loading=\"lazy\" decoding=\"async\" data-attachment-id=\"35695\" data-permalink=\"http:\/\/www.jojoenherbe.com\/index.php\/2024\/04\/12\/au-fil-des-pages-avec-radium-girls\/radium-girls-bd-2\/\" data-orig-file=\"https:\/\/i0.wp.com\/www.jojoenherbe.com\/wp-content\/uploads\/2024\/04\/Radium-girls-BD-2-scaled.jpg?fit=2560%2C2120\" data-orig-size=\"2560,2120\" data-comments-opened=\"1\" data-image-meta=\"{&quot;aperture&quot;:&quot;1.8&quot;,&quot;credit&quot;:&quot;&quot;,&quot;camera&quot;:&quot;iPhone 7&quot;,&quot;caption&quot;:&quot;&quot;,&quot;created_timestamp&quot;:&quot;1712936549&quot;,&quot;copyright&quot;:&quot;&quot;,&quot;focal_length&quot;:&quot;3.99&quot;,&quot;iso&quot;:&quot;80&quot;,&quot;shutter_speed&quot;:&quot;0.058823529411765&quot;,&quot;title&quot;:&quot;&quot;,&quot;orientation&quot;:&quot;1&quot;}\" data-image-title=\"Radium girls BD (2)\" data-image-description=\"\" data-image-caption=\"\" data-large-file=\"https:\/\/i0.wp.com\/www.jojoenherbe.com\/wp-content\/uploads\/2024\/04\/Radium-girls-BD-2-scaled.jpg?fit=676%2C560\" class=\"alignleft size-thumbnail wp-image-35695\" src=\"https:\/\/i0.wp.com\/www.jojoenherbe.com\/wp-content\/uploads\/2024\/04\/Radium-girls-BD-2.jpg?resize=150%2C150\" alt=\"\" width=\"150\" height=\"150\" srcset=\"https:\/\/i0.wp.com\/www.jojoenherbe.com\/wp-content\/uploads\/2024\/04\/Radium-girls-BD-2-scaled.jpg?resize=150%2C150 150w, https:\/\/i0.wp.com\/www.jojoenherbe.com\/wp-content\/uploads\/2024\/04\/Radium-girls-BD-2-scaled.jpg?zoom=2&amp;resize=150%2C150 300w, https:\/\/i0.wp.com\/www.jojoenherbe.com\/wp-content\/uploads\/2024\/04\/Radium-girls-BD-2-scaled.jpg?zoom=3&amp;resize=150%2C150 450w\" sizes=\"auto, (max-width: 150px) 100vw, 150px\" \/><\/a>En 1918, New Jersey, des femmes travaillent comme ouvri\u00e8res \u00e0 l\u2019United State Radium Corporation, une usine fabriquant des montres \u00e0 cadran en utilisant de la peinture au radium, la peinture Undark. Insouciantes et non averties du danger mortel du radium, elles travaillent sans protection et s\u2019amusent de son effet phosphorescent, surnomm\u00e9es alors les \u00ab Ghost Girls \u00bb. Mais bient\u00f4t la r\u00e9alit\u00e9 les rattrape, lorsque certaines d\u2019entre elles tombent malades et d\u00e9c\u00e8dent. Le radium \u00e9tait-il si inoffensif pour leur sant\u00e9? <br \/><\/em><\/p>\n<p style=\"text-align: justify;\"><em><a href=\"https:\/\/i0.wp.com\/www.jojoenherbe.com\/wp-content\/uploads\/2024\/04\/Radium-girls-BD-3-scaled.jpg\"><img data-recalc-dims=\"1\" loading=\"lazy\" decoding=\"async\" data-attachment-id=\"35696\" data-permalink=\"http:\/\/www.jojoenherbe.com\/index.php\/2024\/04\/12\/au-fil-des-pages-avec-radium-girls\/radium-girls-bd-3\/\" data-orig-file=\"https:\/\/i0.wp.com\/www.jojoenherbe.com\/wp-content\/uploads\/2024\/04\/Radium-girls-BD-3-scaled.jpg?fit=2560%2C1948\" data-orig-size=\"2560,1948\" data-comments-opened=\"1\" data-image-meta=\"{&quot;aperture&quot;:&quot;1.8&quot;,&quot;credit&quot;:&quot;&quot;,&quot;camera&quot;:&quot;iPhone 7&quot;,&quot;caption&quot;:&quot;&quot;,&quot;created_timestamp&quot;:&quot;1712936592&quot;,&quot;copyright&quot;:&quot;&quot;,&quot;focal_length&quot;:&quot;3.99&quot;,&quot;iso&quot;:&quot;100&quot;,&quot;shutter_speed&quot;:&quot;0.058823529411765&quot;,&quot;title&quot;:&quot;&quot;,&quot;orientation&quot;:&quot;1&quot;}\" data-image-title=\"Radium girls BD (3)\" data-image-description=\"\" data-image-caption=\"\" data-large-file=\"https:\/\/i0.wp.com\/www.jojoenherbe.com\/wp-content\/uploads\/2024\/04\/Radium-girls-BD-3-scaled.jpg?fit=676%2C514\" class=\"size-thumbnail wp-image-35696 alignright\" src=\"https:\/\/i0.wp.com\/www.jojoenherbe.com\/wp-content\/uploads\/2024\/04\/Radium-girls-BD-3.jpg?resize=150%2C150\" alt=\"\" width=\"150\" height=\"150\" srcset=\"https:\/\/i0.wp.com\/www.jojoenherbe.com\/wp-content\/uploads\/2024\/04\/Radium-girls-BD-3-scaled.jpg?resize=150%2C150 150w, https:\/\/i0.wp.com\/www.jojoenherbe.com\/wp-content\/uploads\/2024\/04\/Radium-girls-BD-3-scaled.jpg?zoom=2&amp;resize=150%2C150 300w, https:\/\/i0.wp.com\/www.jojoenherbe.com\/wp-content\/uploads\/2024\/04\/Radium-girls-BD-3-scaled.jpg?zoom=3&amp;resize=150%2C150 450w\" sizes=\"auto, (max-width: 150px) 100vw, 150px\" \/><\/a>L&rsquo;histoire de ces ouvri\u00e8res am\u00e9ricaines victimes de la radioactivit\u00e9 au radium m\u2019a fait penser, plus r\u00e9cemment, au scandale de l\u2019amiante, en France. La BD reprend l&rsquo;insouciance de ces salari\u00e9es qui utilisent chaque jour, sans le savoir, une peinture toxique, leur employeur connaissant pourtant les risques encourus. Les contrema\u00eetres les formaient d&rsquo;ailleurs \u00e0 la technique \u00ab\u00a0lip &#8211; dip &#8211; paint\u00a0\u00bb, chaque salari\u00e9e lissant le pinceau \u00e0 la bouche tandis que les chimistes utilisaient de nombreuses protections pour \u00e9viter tout contact avec le radium. <\/em><\/p>\n<p style=\"text-align: justify;\"><em><a href=\"https:\/\/i0.wp.com\/www.jojoenherbe.com\/wp-content\/uploads\/2024\/04\/Radium-girls-BD-4-scaled.jpg\"><img data-recalc-dims=\"1\" loading=\"lazy\" decoding=\"async\" data-attachment-id=\"35697\" data-permalink=\"http:\/\/www.jojoenherbe.com\/index.php\/2024\/04\/12\/au-fil-des-pages-avec-radium-girls\/radium-girls-bd-4\/\" data-orig-file=\"https:\/\/i0.wp.com\/www.jojoenherbe.com\/wp-content\/uploads\/2024\/04\/Radium-girls-BD-4-scaled.jpg?fit=2560%2C1872\" data-orig-size=\"2560,1872\" data-comments-opened=\"1\" data-image-meta=\"{&quot;aperture&quot;:&quot;1.8&quot;,&quot;credit&quot;:&quot;&quot;,&quot;camera&quot;:&quot;iPhone 7&quot;,&quot;caption&quot;:&quot;&quot;,&quot;created_timestamp&quot;:&quot;1712936651&quot;,&quot;copyright&quot;:&quot;&quot;,&quot;focal_length&quot;:&quot;3.99&quot;,&quot;iso&quot;:&quot;64&quot;,&quot;shutter_speed&quot;:&quot;0.058823529411765&quot;,&quot;title&quot;:&quot;&quot;,&quot;orientation&quot;:&quot;1&quot;}\" data-image-title=\"Radium girls BD (4)\" data-image-description=\"\" data-image-caption=\"\" data-large-file=\"https:\/\/i0.wp.com\/www.jojoenherbe.com\/wp-content\/uploads\/2024\/04\/Radium-girls-BD-4-scaled.jpg?fit=676%2C494\" class=\"alignleft size-thumbnail wp-image-35697\" src=\"https:\/\/i0.wp.com\/www.jojoenherbe.com\/wp-content\/uploads\/2024\/04\/Radium-girls-BD-4.jpg?resize=150%2C150\" alt=\"\" width=\"150\" height=\"150\" srcset=\"https:\/\/i0.wp.com\/www.jojoenherbe.com\/wp-content\/uploads\/2024\/04\/Radium-girls-BD-4-scaled.jpg?resize=150%2C150 150w, https:\/\/i0.wp.com\/www.jojoenherbe.com\/wp-content\/uploads\/2024\/04\/Radium-girls-BD-4-scaled.jpg?zoom=2&amp;resize=150%2C150 300w, https:\/\/i0.wp.com\/www.jojoenherbe.com\/wp-content\/uploads\/2024\/04\/Radium-girls-BD-4-scaled.jpg?zoom=3&amp;resize=150%2C150 450w\" sizes=\"auto, (max-width: 150px) 100vw, 150px\" \/><\/a>Puis, lorsque les premiers d\u00e9c\u00e8s surviennent, des ouvri\u00e8res malades portent difficilement l&rsquo;affaire en justice. Arriveront-elles \u00e0 faire reconna\u00eetre leurs pathologies comme maladies professionnelles, et non, comme si cela \u00e9tait li\u00e9 par exemple \u00e0 la syphilis, maladie mettant \u00e0 mal leur r\u00e9putation? On suit alors la d\u00e9gradation de leur \u00e9tat de sant\u00e9 et le d\u00e9but de leur long combat judiciaire en vue de la reconnaissance professionnelle de leurs pathologies et de leur indemnisation par leur employeur. Cette affaire a ainsi permis d&rsquo;am\u00e9liorer les conditions et les normes de s\u00e9curit\u00e9 industrielle et les droits des salari\u00e9s en permettant d&rsquo;agir \u00e0 l&rsquo;encontre de son employeur en cas de manquement \u00e0 leurs obligations (comme par exemple, en France, l&rsquo;obligation de sant\u00e9 et de s\u00e9curit\u00e9 aujourd&rsquo;hui).<br \/><\/em><\/p>\n<p style=\"text-align: justify;\"><img data-recalc-dims=\"1\" loading=\"lazy\" decoding=\"async\" data-attachment-id=\"35689\" data-permalink=\"http:\/\/www.jojoenherbe.com\/index.php\/2024\/04\/12\/au-fil-des-pages-avec-radium-girls\/monde-ouvrier-mondes-du-travail-logo\/\" data-orig-file=\"https:\/\/i0.wp.com\/www.jojoenherbe.com\/wp-content\/uploads\/2024\/03\/Monde-ouvrier-mondes-du-travail-logo.png?fit=400%2C396\" data-orig-size=\"400,396\" data-comments-opened=\"1\" data-image-meta=\"{&quot;aperture&quot;:&quot;0&quot;,&quot;credit&quot;:&quot;&quot;,&quot;camera&quot;:&quot;&quot;,&quot;caption&quot;:&quot;&quot;,&quot;created_timestamp&quot;:&quot;0&quot;,&quot;copyright&quot;:&quot;&quot;,&quot;focal_length&quot;:&quot;0&quot;,&quot;iso&quot;:&quot;0&quot;,&quot;shutter_speed&quot;:&quot;0&quot;,&quot;title&quot;:&quot;&quot;,&quot;orientation&quot;:&quot;0&quot;}\" data-image-title=\"Monde ouvrier &amp;#038; mondes du travail &amp;#8211; logo\" data-image-description=\"\" data-image-caption=\"\" data-large-file=\"https:\/\/i0.wp.com\/www.jojoenherbe.com\/wp-content\/uploads\/2024\/03\/Monde-ouvrier-mondes-du-travail-logo.png?fit=400%2C396\" class=\"wp-image-35689 alignright\" src=\"https:\/\/i0.wp.com\/www.jojoenherbe.com\/wp-content\/uploads\/2024\/03\/Monde-ouvrier-mondes-du-travail-logo.png?resize=120%2C119\" alt=\"\" width=\"120\" height=\"119\" srcset=\"https:\/\/i0.wp.com\/www.jojoenherbe.com\/wp-content\/uploads\/2024\/03\/Monde-ouvrier-mondes-du-travail-logo.png?w=400 400w, https:\/\/i0.wp.com\/www.jojoenherbe.com\/wp-content\/uploads\/2024\/03\/Monde-ouvrier-mondes-du-travail-logo.png?resize=300%2C297 300w, https:\/\/i0.wp.com\/www.jojoenherbe.com\/wp-content\/uploads\/2024\/03\/Monde-ouvrier-mondes-du-travail-logo.png?resize=150%2C150 150w\" sizes=\"auto, (max-width: 120px) 100vw, 120px\" \/><em>Une BD adulte qui rentre dans la th\u00e9matique 2024 du challenge propos\u00e9 par <a href=\"https:\/\/bookin-ingannmic.blogspot.com\/2024\/01\/2024-lire-sur-le-monde-ouvrier-les.html\">Ingannmic<\/a> \u00ab\u00a0Monde ouvrier &amp; mondes du travail\u00a0\u00bb! En effet, derri\u00e8re ce scandale industriel, j&rsquo;ai surtout vu des ouvri\u00e8res avant de voir des femmes victimes de la radioactivit\u00e9 au radium, dont la sant\u00e9 importait peu pour la soci\u00e9t\u00e9 qui les employait et qui faisait peu cas de leurs droits.<\/em><\/p>\n<p><em>Pour d&rsquo;autres avis sur cette BD: <a href=\"https:\/\/delivrer-des-livres.fr\/radium-girls-bd\/\">Nathalie<\/a> et <a href=\"https:\/\/ennalit.wordpress.com\/2023\/09\/06\/radium-girls-cy\/\">Enna<\/a>.<\/em><\/p>\n<div id=\"attachment_33586\" style=\"width: 119px\" class=\"wp-caption aligncenter\"><img data-recalc-dims=\"1\" loading=\"lazy\" decoding=\"async\" aria-describedby=\"caption-attachment-33586\" data-attachment-id=\"33586\" data-permalink=\"http:\/\/www.jojoenherbe.com\/index.php\/2024\/03\/12\/billet-de-suivi-challenge-petit-bac-2024\/challenge-petit-bac-2024\/\" data-orig-file=\"https:\/\/i0.wp.com\/www.jojoenherbe.com\/wp-content\/uploads\/2023\/12\/Challenge-Petit-Bac-2024.jpg?fit=285%2C217\" data-orig-size=\"285,217\" data-comments-opened=\"1\" data-image-meta=\"{&quot;aperture&quot;:&quot;0&quot;,&quot;credit&quot;:&quot;&quot;,&quot;camera&quot;:&quot;&quot;,&quot;caption&quot;:&quot;&quot;,&quot;created_timestamp&quot;:&quot;1702656450&quot;,&quot;copyright&quot;:&quot;&quot;,&quot;focal_length&quot;:&quot;0&quot;,&quot;iso&quot;:&quot;0&quot;,&quot;shutter_speed&quot;:&quot;0&quot;,&quot;title&quot;:&quot;&quot;,&quot;orientation&quot;:&quot;0&quot;}\" data-image-title=\"Challenge Petit Bac 2024\" data-image-description=\"\" data-image-caption=\"\" data-large-file=\"https:\/\/i0.wp.com\/www.jojoenherbe.com\/wp-content\/uploads\/2023\/12\/Challenge-Petit-Bac-2024.jpg?fit=285%2C217\" class=\"wp-image-33586\" src=\"https:\/\/i0.wp.com\/www.jojoenherbe.com\/wp-content\/uploads\/2023\/12\/Challenge-Petit-Bac-2024.jpg?resize=109%2C83\" alt=\"\" width=\"109\" height=\"83\" \/><p id=\"caption-attachment-33586\" class=\"wp-caption-text\">Challenge Petit Bac d\u2019<a href=\"https:\/\/ennalit.wordpress.com\/2023\/12\/01\/challenge-petit-bac-2024-qui-veut-jouer\/\">Enna<\/a> #2 Cat\u00e9gorie Personne humaine: \u00ab Girls \u00bb<\/p><\/div>\n\n\n<p><\/p>\n","protected":false},"excerpt":{"rendered":"<p>J&rsquo;ai lu Radium girls de Cy (\u00e9d. Gl\u00e9nat, coll. Karma, ao\u00fbt 2020, 136 pages), une BD adulte \u00e0 la couverture phosphorescente et que j\u2019avais rep\u00e9r\u00e9e depuis tr\u00e8s longtemps mais que je n\u2019avais pas pu encore emprunter \u00e0 la m\u00e9diath\u00e8que, trouvant tr\u00e8s int\u00e9ressant le sujet abord\u00e9 mais pas le graphisme. Ma lecture a confirm\u00e9 ma premi\u00e8re [&hellip;]<\/p>\n","protected":false},"author":1,"featured_media":35369,"comment_status":"open","ping_status":"open","sticky":false,"template":"","format":"standard","meta":{"jetpack_post_was_ever_published":false,"_jetpack_newsletter_access":"","_jetpack_dont_email_post_to_subs":false,"_jetpack_newsletter_tier_id":0,"_jetpack_memberships_contains_paywalled_content":false,"_jetpack_memberships_contains_paid_content":false,"footnotes":""},"categories":[363],"tags":[1347,596,2087,4253,3974,4251,4206,935,1724,169,4216,4252,2639,4255,4215,2088,4249,4087,4254,4250,4256],"class_list":["post-35406","post","type-post","status-publish","format-standard","has-post-thumbnail","hentry","category-mini-lecteur","tag-18-ans-et-plus","tag-bandes-dessinees","tag-bd-adulte","tag-challenge-monde-ouvrier-mondes-du-travail","tag-challenge-petit-bac-2024","tag-conditions-de-travail","tag-cy","tag-deces","tag-etats-unis","tag-justice","tag-maladie-professionnelle","tag-ouvrier","tag-proces","tag-radioactivite","tag-radium","tag-roman-graphique","tag-salarie","tag-sante","tag-scandale-industriel","tag-securite-au-travail","tag-usine","post-preview"],"jetpack_featured_media_url":"https:\/\/i0.wp.com\/www.jojoenherbe.com\/wp-content\/uploads\/2024\/03\/Radium-girls-2-scaled.jpg?fit=2560%2C2007","jetpack_sharing_enabled":true,"jetpack_shortlink":"https:\/\/wp.me\/p9zhGx-9d4","jetpack_likes_enabled":true,"jetpack-related-posts":[{"id":35337,"url":"http:\/\/www.jojoenherbe.com\/index.php\/2024\/03\/26\/point-lecture-hebdomadaire-2024-12\/","url_meta":{"origin":35406,"position":0},"title":"Point lecture hebdomadaire 2024 #12","author":"Jojo","date":"26 mars 2024","format":false,"excerpt":"En ce d\u00e9but de semaine, voici mon point lecture hebdomadaire avec un retour sur nos lectures (mais pas nos relectures) de la semaine derni\u00e8re qui s'est termin\u00e9e sur un week-end de lectures. Nos lectures du 18 au 24 mars 2024: Des lectures jeunesse\/ados: Il n'y a aucune nouveaut\u00e9 lue cette\u2026","rel":"","context":"Dans &quot;Mini blogueur&quot;","block_context":{"text":"Mini blogueur","link":"http:\/\/www.jojoenherbe.com\/index.php\/category\/mini-blogueur\/"},"img":{"alt_text":"","src":"https:\/\/i0.wp.com\/www.jojoenherbe.com\/wp-content\/uploads\/2024\/01\/Week-end-a-1000-logo-2024-01-150x150.jpg?resize=350%2C200","width":350,"height":200},"classes":[]},{"id":35318,"url":"http:\/\/www.jojoenherbe.com\/index.php\/2024\/03\/22\/week-end-a-1000-mars-2024\/","url_meta":{"origin":35406,"position":1},"title":"Week-end \u00e0 1000 &#8211; mars 2024","author":"Jojo","date":"22 mars 2024","format":false,"excerpt":"Ce week-end, du vendredi 22 mars 19h \u00e0 dimanche minuit se d\u00e9roule un week-end \u00e0 mille. Il s\u2019agit d\u2019un d\u00e9fi livresque o\u00f9 l\u2019objectif est de lire au moins 1000 pages, quel que soit le support ou genre (romans, albums illustr\u00e9s, BD, romans graphiques, mangas, livres audio\u2026). Mais ce nombre de\u2026","rel":"","context":"Dans &quot;Mini challenger&quot;","block_context":{"text":"Mini challenger","link":"http:\/\/www.jojoenherbe.com\/index.php\/category\/mini-challenger\/"},"img":{"alt_text":"","src":"https:\/\/i0.wp.com\/www.jojoenherbe.com\/wp-content\/uploads\/2024\/01\/Week-end-a-1000-logo-2024-01.jpg?fit=706%2C758&resize=350%2C200","width":350,"height":200,"srcset":"https:\/\/i0.wp.com\/www.jojoenherbe.com\/wp-content\/uploads\/2024\/01\/Week-end-a-1000-logo-2024-01.jpg?fit=706%2C758&resize=350%2C200 1x, https:\/\/i0.wp.com\/www.jojoenherbe.com\/wp-content\/uploads\/2024\/01\/Week-end-a-1000-logo-2024-01.jpg?fit=706%2C758&resize=525%2C300 1.5x, https:\/\/i0.wp.com\/www.jojoenherbe.com\/wp-content\/uploads\/2024\/01\/Week-end-a-1000-logo-2024-01.jpg?fit=706%2C758&resize=700%2C400 2x"},"classes":[]},{"id":42628,"url":"http:\/\/www.jojoenherbe.com\/index.php\/2026\/02\/06\/au-fil-des-pages-avec-marques-de-fabrique\/","url_meta":{"origin":35406,"position":2},"title":"Au fil des pages avec Marques de fabrique","author":"Jojo","date":"6 f\u00e9vrier 2026","format":false,"excerpt":"J'ai lu, en e-book, Marques de fabrique de C\u00e9cile Baudin (\u00e9d. Presses de la Cit\u00e9, mars 2023, 420 pages), un roman noir historique se d\u00e9roulant en 1893\/1894, dans l'Ain, en pleine R\u00e9volution industrielle. Inspectrice d\u00e9partementale du travail, Claude Tardy est amen\u00e9e \u00e0 enqu\u00eater, avec son sup\u00e9rieur et mentor \u00e2g\u00e9, Edgar\u2026","rel":"","context":"Dans &quot;Mini lecteur&quot;","block_context":{"text":"Mini lecteur","link":"http:\/\/www.jojoenherbe.com\/index.php\/category\/mini-lecteur\/"},"img":{"alt_text":"","src":"https:\/\/i0.wp.com\/www.jojoenherbe.com\/wp-content\/uploads\/2026\/02\/Marques-de-fabrique.jpg?fit=749%2C1192&resize=350%2C200","width":350,"height":200,"srcset":"https:\/\/i0.wp.com\/www.jojoenherbe.com\/wp-content\/uploads\/2026\/02\/Marques-de-fabrique.jpg?fit=749%2C1192&resize=350%2C200 1x, https:\/\/i0.wp.com\/www.jojoenherbe.com\/wp-content\/uploads\/2026\/02\/Marques-de-fabrique.jpg?fit=749%2C1192&resize=525%2C300 1.5x, https:\/\/i0.wp.com\/www.jojoenherbe.com\/wp-content\/uploads\/2026\/02\/Marques-de-fabrique.jpg?fit=749%2C1192&resize=700%2C400 2x"},"classes":[]},{"id":43294,"url":"http:\/\/www.jojoenherbe.com\/index.php\/2026\/03\/16\/au-fil-des-pages-avec-le-lit-clos\/","url_meta":{"origin":35406,"position":3},"title":"Au fil des pages avec Le lit clos","author":"Jojo","date":"16 mars 2026","format":false,"excerpt":"J'ai lu Le lit clos de Sophie Brocas (\u00e9d. Mialet Barrault, janvier 2025, 336 pages), un roman historique en deux parties et inspir\u00e9 de faits r\u00e9els, ceux de la gr\u00e8ve des Sardini\u00e8res en novembre 1924 \u00e0 Douarnenez, en Bretagne, d\u00e9clench\u00e9e par les ouvri\u00e8res des conserveries de poissons qui r\u00e9clamaient une\u2026","rel":"","context":"Dans &quot;Mini lecteur&quot;","block_context":{"text":"Mini lecteur","link":"http:\/\/www.jojoenherbe.com\/index.php\/category\/mini-lecteur\/"},"img":{"alt_text":"","src":"https:\/\/i0.wp.com\/www.jojoenherbe.com\/wp-content\/uploads\/2026\/03\/Le-lit-clos-scaled.jpeg?fit=1200%2C1042&resize=350%2C200","width":350,"height":200,"srcset":"https:\/\/i0.wp.com\/www.jojoenherbe.com\/wp-content\/uploads\/2026\/03\/Le-lit-clos-scaled.jpeg?fit=1200%2C1042&resize=350%2C200 1x, https:\/\/i0.wp.com\/www.jojoenherbe.com\/wp-content\/uploads\/2026\/03\/Le-lit-clos-scaled.jpeg?fit=1200%2C1042&resize=525%2C300 1.5x, https:\/\/i0.wp.com\/www.jojoenherbe.com\/wp-content\/uploads\/2026\/03\/Le-lit-clos-scaled.jpeg?fit=1200%2C1042&resize=700%2C400 2x, https:\/\/i0.wp.com\/www.jojoenherbe.com\/wp-content\/uploads\/2026\/03\/Le-lit-clos-scaled.jpeg?fit=1200%2C1042&resize=1050%2C600 3x"},"classes":[]},{"id":34482,"url":"http:\/\/www.jojoenherbe.com\/index.php\/2024\/01\/25\/au-fil-des-pages-avec-la-vie-mysterieuse-insolente-et-heroique-du-dr-james-barry-nee-margaret-bulkley\/","url_meta":{"origin":35406,"position":4},"title":"Au fil des pages avec La vie myst\u00e9rieuse, insolente et h\u00e9ro\u00efque du Dr James Barry (n\u00e9e Margaret Bulkley)","author":"Jojo","date":"25 janvier 2024","format":false,"excerpt":"Pendant les vacances de No\u00ebl, j'ai lu La vie myst\u00e9rieuse, insolente et h\u00e9ro\u00efque du Dr James Barry (n\u00e9e Margaret Bulkley) d'Isabelle Bauthian et Agn\u00e8s Maupr\u00e9 (\u00e9d. Steinkis, ao\u00fbt 2020, 128 pages), une BD historique pour adultes consultable en ligne gr\u00e2ce \u00e0 ma m\u00e9diath\u00e9que. \u00c0 l'annonce de son d\u00e9c\u00e8s, le 21\u2026","rel":"","context":"Dans &quot;Mini lecteur&quot;","block_context":{"text":"Mini lecteur","link":"http:\/\/www.jojoenherbe.com\/index.php\/category\/mini-lecteur\/"},"img":{"alt_text":"","src":"https:\/\/i0.wp.com\/www.jojoenherbe.com\/wp-content\/uploads\/2024\/01\/La-vie-mysterieuse-insolente-et-heroique-du-Dr-James-Barry.jpg?fit=748%2C1131&resize=350%2C200","width":350,"height":200,"srcset":"https:\/\/i0.wp.com\/www.jojoenherbe.com\/wp-content\/uploads\/2024\/01\/La-vie-mysterieuse-insolente-et-heroique-du-Dr-James-Barry.jpg?fit=748%2C1131&resize=350%2C200 1x, https:\/\/i0.wp.com\/www.jojoenherbe.com\/wp-content\/uploads\/2024\/01\/La-vie-mysterieuse-insolente-et-heroique-du-Dr-James-Barry.jpg?fit=748%2C1131&resize=525%2C300 1.5x, https:\/\/i0.wp.com\/www.jojoenherbe.com\/wp-content\/uploads\/2024\/01\/La-vie-mysterieuse-insolente-et-heroique-du-Dr-James-Barry.jpg?fit=748%2C1131&resize=700%2C400 2x"},"classes":[]},{"id":38928,"url":"http:\/\/www.jojoenherbe.com\/index.php\/2025\/04\/09\/au-fil-des-pages-avec-hibakusha\/","url_meta":{"origin":35406,"position":5},"title":"Au fil des pages avec Hibakusha","author":"Jojo","date":"9 avril 2025","format":false,"excerpt":"J'ai lu, en version num\u00e9rique via ma m\u00e9diath\u00e8que, Hibakusha de Thilde Barboni et Olivier Cinna (\u00e9d. Dupuis, coll. Aire libre, mai 2017, 64 pages), une BD \u00e0 partir de 15 ans selon l'\u00e9diteur et d'apr\u00e8s une nouvelle de l'autrice, Hiroshima, fin de transmission parue en 1983 mais que je n'ai\u2026","rel":"","context":"Dans &quot;Mini lecteur&quot;","block_context":{"text":"Mini lecteur","link":"http:\/\/www.jojoenherbe.com\/index.php\/category\/mini-lecteur\/"},"img":{"alt_text":"","src":"https:\/\/i0.wp.com\/www.jojoenherbe.com\/wp-content\/uploads\/2025\/04\/Hibakusha.jpg?fit=750%2C1007&resize=350%2C200","width":350,"height":200,"srcset":"https:\/\/i0.wp.com\/www.jojoenherbe.com\/wp-content\/uploads\/2025\/04\/Hibakusha.jpg?fit=750%2C1007&resize=350%2C200 1x, https:\/\/i0.wp.com\/www.jojoenherbe.com\/wp-content\/uploads\/2025\/04\/Hibakusha.jpg?fit=750%2C1007&resize=525%2C300 1.5x, https:\/\/i0.wp.com\/www.jojoenherbe.com\/wp-content\/uploads\/2025\/04\/Hibakusha.jpg?fit=750%2C1007&resize=700%2C400 2x"},"classes":[]}],"_links":{"self":[{"href":"http:\/\/www.jojoenherbe.com\/index.php\/wp-json\/wp\/v2\/posts\/35406","targetHints":{"allow":["GET"]}}],"collection":[{"href":"http:\/\/www.jojoenherbe.com\/index.php\/wp-json\/wp\/v2\/posts"}],"about":[{"href":"http:\/\/www.jojoenherbe.com\/index.php\/wp-json\/wp\/v2\/types\/post"}],"author":[{"embeddable":true,"href":"http:\/\/www.jojoenherbe.com\/index.php\/wp-json\/wp\/v2\/users\/1"}],"replies":[{"embeddable":true,"href":"http:\/\/www.jojoenherbe.com\/index.php\/wp-json\/wp\/v2\/comments?post=35406"}],"version-history":[{"count":9,"href":"http:\/\/www.jojoenherbe.com\/index.php\/wp-json\/wp\/v2\/posts\/35406\/revisions"}],"predecessor-version":[{"id":35721,"href":"http:\/\/www.jojoenherbe.com\/index.php\/wp-json\/wp\/v2\/posts\/35406\/revisions\/35721"}],"wp:featuredmedia":[{"embeddable":true,"href":"http:\/\/www.jojoenherbe.com\/index.php\/wp-json\/wp\/v2\/media\/35369"}],"wp:attachment":[{"href":"http:\/\/www.jojoenherbe.com\/index.php\/wp-json\/wp\/v2\/media?parent=35406"}],"wp:term":[{"taxonomy":"category","embeddable":true,"href":"http:\/\/www.jojoenherbe.com\/index.php\/wp-json\/wp\/v2\/categories?post=35406"},{"taxonomy":"post_tag","embeddable":true,"href":"http:\/\/www.jojoenherbe.com\/index.php\/wp-json\/wp\/v2\/tags?post=35406"}],"curies":[{"name":"wp","href":"https:\/\/api.w.org\/{rel}","templated":true}]}}