{"id":35337,"date":"2024-03-26T17:34:51","date_gmt":"2024-03-26T16:34:51","guid":{"rendered":"https:\/\/www.jojoenherbe.com\/?p=35337"},"modified":"2024-04-24T18:28:28","modified_gmt":"2024-04-24T16:28:28","slug":"point-lecture-hebdomadaire-2024-12","status":"publish","type":"post","link":"http:\/\/www.jojoenherbe.com\/index.php\/2024\/03\/26\/point-lecture-hebdomadaire-2024-12\/","title":{"rendered":"Point lecture hebdomadaire 2024 #12"},"content":{"rendered":"<p style=\"text-align: justify;\"><em><img data-recalc-dims=\"1\" loading=\"lazy\" decoding=\"async\" data-attachment-id=\"34372\" data-permalink=\"http:\/\/www.jojoenherbe.com\/index.php\/2024\/01\/21\/week-end-a-mille-janvier-2024\/week-end-a-1000-logo-2024-01\/\" data-orig-file=\"https:\/\/i0.wp.com\/www.jojoenherbe.com\/wp-content\/uploads\/2024\/01\/Week-end-a-1000-logo-2024-01.jpg?fit=706%2C758\" data-orig-size=\"706,758\" data-comments-opened=\"1\" data-image-meta=\"{&quot;aperture&quot;:&quot;0&quot;,&quot;credit&quot;:&quot;&quot;,&quot;camera&quot;:&quot;&quot;,&quot;caption&quot;:&quot;&quot;,&quot;created_timestamp&quot;:&quot;1705743974&quot;,&quot;copyright&quot;:&quot;&quot;,&quot;focal_length&quot;:&quot;0&quot;,&quot;iso&quot;:&quot;0&quot;,&quot;shutter_speed&quot;:&quot;0&quot;,&quot;title&quot;:&quot;&quot;,&quot;orientation&quot;:&quot;1&quot;}\" data-image-title=\"Week-end \u00e0 1000 &amp;#8211; logo 2024 (01)\" data-image-description=\"\" data-image-caption=\"\" data-large-file=\"https:\/\/i0.wp.com\/www.jojoenherbe.com\/wp-content\/uploads\/2024\/01\/Week-end-a-1000-logo-2024-01.jpg?fit=676%2C726\" class=\"alignleft size-thumbnail wp-image-34372\" src=\"https:\/\/i0.wp.com\/www.jojoenherbe.com\/wp-content\/uploads\/2024\/01\/Week-end-a-1000-logo-2024-01.jpg?resize=150%2C150\" alt=\"\" width=\"150\" height=\"150\" srcset=\"https:\/\/i0.wp.com\/www.jojoenherbe.com\/wp-content\/uploads\/2024\/01\/Week-end-a-1000-logo-2024-01.jpg?resize=150%2C150 150w, https:\/\/i0.wp.com\/www.jojoenherbe.com\/wp-content\/uploads\/2024\/01\/Week-end-a-1000-logo-2024-01.jpg?zoom=2&amp;resize=150%2C150 300w, https:\/\/i0.wp.com\/www.jojoenherbe.com\/wp-content\/uploads\/2024\/01\/Week-end-a-1000-logo-2024-01.jpg?zoom=3&amp;resize=150%2C150 450w\" sizes=\"auto, (max-width: 150px) 100vw, 150px\" \/>En ce d\u00e9but de semaine, voici mon point lecture hebdomadaire avec un retour sur nos lectures (mais pas nos relectures) de la semaine derni\u00e8re qui s&rsquo;est termin\u00e9e sur un <a href=\"http:\/\/www.jojoenherbe.com\/index.php\/2024\/03\/22\/week-end-a-1000-mars-2024\/\">week-end<\/a> de lectures.<\/em><\/p>\n<p><strong><span style=\"text-decoration: underline;\">Nos lectures du 18 au 24 mars 2024<\/span>:<\/strong><\/p>\n<p><em><span style=\"text-decoration: underline;\">Des lectures jeunesse\/ados<\/span>:<\/em><\/p>\n<p style=\"text-align: justify;\"><em>Il n&rsquo;y a aucune nouveaut\u00e9 lue cette semaine avec mon mini lutin qui a surtout relu des <span style=\"text-decoration: underline;\">Mortelle Ad\u00e8le<\/span> et <span style=\"text-decoration: underline;\">Hulotte et L\u00e9on<\/span> de Juliette Lagrange. De mon c\u00f4t\u00e9, j&rsquo;ai lu dimanche des BD\/manga pendant le week-end \u00e0 mille pages.<\/em><\/p>\n<ul>\n<li style=\"text-align: justify;\"><em>(BD jeunesse) <strong><span style=\"text-decoration: underline;\">Yin et le dragon<\/span><\/strong> de Richard Marazano et Xu Yao (<strong>T1 \u00e0 T3<\/strong>)<\/em><\/li>\n<\/ul>\n<p style=\"text-align: justify;\"><em><a href=\"https:\/\/i0.wp.com\/www.jojoenherbe.com\/wp-content\/uploads\/2024\/03\/Yin-et-le-dragon-T1-scaled.jpg\"><img data-recalc-dims=\"1\" loading=\"lazy\" decoding=\"async\" data-attachment-id=\"35361\" data-permalink=\"http:\/\/www.jojoenherbe.com\/index.php\/2024\/03\/26\/point-lecture-hebdomadaire-2024-12\/yin-et-le-dragon-t1\/\" data-orig-file=\"https:\/\/i0.wp.com\/www.jojoenherbe.com\/wp-content\/uploads\/2024\/03\/Yin-et-le-dragon-T1-scaled.jpg?fit=2560%2C2156\" data-orig-size=\"2560,2156\" data-comments-opened=\"1\" data-image-meta=\"{&quot;aperture&quot;:&quot;1.8&quot;,&quot;credit&quot;:&quot;&quot;,&quot;camera&quot;:&quot;iPhone 7&quot;,&quot;caption&quot;:&quot;&quot;,&quot;created_timestamp&quot;:&quot;1711386964&quot;,&quot;copyright&quot;:&quot;&quot;,&quot;focal_length&quot;:&quot;3.99&quot;,&quot;iso&quot;:&quot;100&quot;,&quot;shutter_speed&quot;:&quot;0.25&quot;,&quot;title&quot;:&quot;&quot;,&quot;orientation&quot;:&quot;1&quot;}\" data-image-title=\"Yin et le dragon T1\" data-image-description=\"\" data-image-caption=\"\" data-large-file=\"https:\/\/i0.wp.com\/www.jojoenherbe.com\/wp-content\/uploads\/2024\/03\/Yin-et-le-dragon-T1-scaled.jpg?fit=676%2C569\" class=\"size-thumbnail wp-image-35361 alignright\" src=\"https:\/\/i0.wp.com\/www.jojoenherbe.com\/wp-content\/uploads\/2024\/03\/Yin-et-le-dragon-T1.jpg?resize=150%2C150\" alt=\"\" width=\"150\" height=\"150\" srcset=\"https:\/\/i0.wp.com\/www.jojoenherbe.com\/wp-content\/uploads\/2024\/03\/Yin-et-le-dragon-T1-scaled.jpg?resize=150%2C150 150w, https:\/\/i0.wp.com\/www.jojoenherbe.com\/wp-content\/uploads\/2024\/03\/Yin-et-le-dragon-T1-scaled.jpg?zoom=2&amp;resize=150%2C150 300w, https:\/\/i0.wp.com\/www.jojoenherbe.com\/wp-content\/uploads\/2024\/03\/Yin-et-le-dragon-T1-scaled.jpg?zoom=3&amp;resize=150%2C150 450w\" sizes=\"auto, (max-width: 150px) 100vw, 150px\" \/><\/a>Dimanche apr\u00e8s-midi, j&rsquo;ai la trilogie <span style=\"text-decoration: underline;\">Yin et le dragon<\/span> de Richard Marazano et Xu Yao, une BD jeunesse \u00e0 partir de 10\/12 ans et que j&rsquo;avais emprunt\u00e9 \u00e0 l&rsquo;occasion du Nouvel An Chinois mais que je n&rsquo;avais pas eu le temps de lire depuis: le <strong>tome 1<\/strong>, <strong><span style=\"text-decoration: underline;\">Cr\u00e9atures c\u00e9lestes<\/span><\/strong> (\u00e9d. Rue de S\u00e8vres, janvier 2016, 64 pages), le <strong>tome 2<\/strong>, <strong><span style=\"text-decoration: underline;\">Les \u00e9cailles d&rsquo;or<\/span><\/strong> (\u00e9d. avril 2017, r\u00e9\u00e9d. mai 2019, 64 pages) et le <strong>tome 3<\/strong>, <strong><span style=\"text-decoration: underline;\">Nos dragons \u00e9ph\u00e9m\u00e8res<\/span><\/strong> (\u00e9d. f\u00e9vrier 2019, 64 pages). <\/em><\/p>\n<p style=\"text-align: justify;\"><em><a href=\"https:\/\/i0.wp.com\/www.jojoenherbe.com\/wp-content\/uploads\/2024\/03\/Yin-et-le-dragon-T2-scaled.jpg\"><img data-recalc-dims=\"1\" loading=\"lazy\" decoding=\"async\" data-attachment-id=\"35362\" data-permalink=\"http:\/\/www.jojoenherbe.com\/index.php\/2024\/03\/26\/point-lecture-hebdomadaire-2024-12\/yin-et-le-dragon-t2\/\" data-orig-file=\"https:\/\/i0.wp.com\/www.jojoenherbe.com\/wp-content\/uploads\/2024\/03\/Yin-et-le-dragon-T2-scaled.jpg?fit=2560%2C2191\" data-orig-size=\"2560,2191\" data-comments-opened=\"1\" data-image-meta=\"{&quot;aperture&quot;:&quot;1.8&quot;,&quot;credit&quot;:&quot;&quot;,&quot;camera&quot;:&quot;iPhone 7&quot;,&quot;caption&quot;:&quot;&quot;,&quot;created_timestamp&quot;:&quot;1711386973&quot;,&quot;copyright&quot;:&quot;&quot;,&quot;focal_length&quot;:&quot;3.99&quot;,&quot;iso&quot;:&quot;100&quot;,&quot;shutter_speed&quot;:&quot;0.25&quot;,&quot;title&quot;:&quot;&quot;,&quot;orientation&quot;:&quot;1&quot;}\" data-image-title=\"Yin et le dragon T2\" data-image-description=\"\" data-image-caption=\"\" data-large-file=\"https:\/\/i0.wp.com\/www.jojoenherbe.com\/wp-content\/uploads\/2024\/03\/Yin-et-le-dragon-T2-scaled.jpg?fit=676%2C578\" class=\"size-thumbnail wp-image-35362 alignleft\" src=\"https:\/\/i0.wp.com\/www.jojoenherbe.com\/wp-content\/uploads\/2024\/03\/Yin-et-le-dragon-T2.jpg?resize=150%2C150\" alt=\"\" width=\"150\" height=\"150\" srcset=\"https:\/\/i0.wp.com\/www.jojoenherbe.com\/wp-content\/uploads\/2024\/03\/Yin-et-le-dragon-T2-scaled.jpg?resize=150%2C150 150w, https:\/\/i0.wp.com\/www.jojoenherbe.com\/wp-content\/uploads\/2024\/03\/Yin-et-le-dragon-T2-scaled.jpg?zoom=2&amp;resize=150%2C150 300w, https:\/\/i0.wp.com\/www.jojoenherbe.com\/wp-content\/uploads\/2024\/03\/Yin-et-le-dragon-T2-scaled.jpg?zoom=3&amp;resize=150%2C150 450w\" sizes=\"auto, (max-width: 150px) 100vw, 150px\" \/><\/a>Lors de l\u2019invasion japonaise d\u2019un quartier de p\u00eacheurs de Shanghai en 1937, Yin, une jeune fille d\u2019une dizaine d\u2019ann\u00e9es espi\u00e8gle, t\u00eatue et courageuse r\u00e9ussit \u00e0 convaincre son grand-p\u00e8re de soigner un dragon d\u2019or bless\u00e9 qu\u2019il a pris dans ses filets. Est-il une menace pour Yin au m\u00eame titre que les gamins des rues lui volant les poissons qu\u2019elle vend et que les soldats japonais, comme le capitaine Utamaro \u00e0 l\u2019\u00e9trange comportement id\u00e9aliste?<\/em><\/p>\n<p style=\"text-align: justify;\"><em><a href=\"https:\/\/i0.wp.com\/www.jojoenherbe.com\/wp-content\/uploads\/2024\/03\/Yin-et-le-dragon-T3-scaled.jpg\"><img data-recalc-dims=\"1\" loading=\"lazy\" decoding=\"async\" data-attachment-id=\"35363\" data-permalink=\"http:\/\/www.jojoenherbe.com\/index.php\/2024\/03\/26\/point-lecture-hebdomadaire-2024-12\/yin-et-le-dragon-t3\/\" data-orig-file=\"https:\/\/i0.wp.com\/www.jojoenherbe.com\/wp-content\/uploads\/2024\/03\/Yin-et-le-dragon-T3-scaled.jpg?fit=2560%2C2109\" data-orig-size=\"2560,2109\" data-comments-opened=\"1\" data-image-meta=\"{&quot;aperture&quot;:&quot;1.8&quot;,&quot;credit&quot;:&quot;&quot;,&quot;camera&quot;:&quot;iPhone 7&quot;,&quot;caption&quot;:&quot;&quot;,&quot;created_timestamp&quot;:&quot;1711386984&quot;,&quot;copyright&quot;:&quot;&quot;,&quot;focal_length&quot;:&quot;3.99&quot;,&quot;iso&quot;:&quot;100&quot;,&quot;shutter_speed&quot;:&quot;0.25&quot;,&quot;title&quot;:&quot;&quot;,&quot;orientation&quot;:&quot;1&quot;}\" data-image-title=\"Yin et le dragon T3\" data-image-description=\"\" data-image-caption=\"\" data-large-file=\"https:\/\/i0.wp.com\/www.jojoenherbe.com\/wp-content\/uploads\/2024\/03\/Yin-et-le-dragon-T3-scaled.jpg?fit=676%2C557\" class=\"size-thumbnail wp-image-35363 alignright\" src=\"https:\/\/i0.wp.com\/www.jojoenherbe.com\/wp-content\/uploads\/2024\/03\/Yin-et-le-dragon-T3.jpg?resize=150%2C150\" alt=\"\" width=\"150\" height=\"150\" srcset=\"https:\/\/i0.wp.com\/www.jojoenherbe.com\/wp-content\/uploads\/2024\/03\/Yin-et-le-dragon-T3-scaled.jpg?resize=150%2C150 150w, https:\/\/i0.wp.com\/www.jojoenherbe.com\/wp-content\/uploads\/2024\/03\/Yin-et-le-dragon-T3-scaled.jpg?zoom=2&amp;resize=150%2C150 300w, https:\/\/i0.wp.com\/www.jojoenherbe.com\/wp-content\/uploads\/2024\/03\/Yin-et-le-dragon-T3-scaled.jpg?zoom=3&amp;resize=150%2C150 450w\" sizes=\"auto, (max-width: 150px) 100vw, 150px\" \/><\/a>J\u2019ai bien appr\u00e9ci\u00e9 les illustrations et le m\u00e9lange de folklore chinois et de petite histoire dans l\u2019Histoire, m\u00eame si l\u2019horreur de celle-ci a \u00e9t\u00e9 att\u00e9nu\u00e9e pour un lectorat jeunesse. Cette fiction historique avec une touche fantastique est pleine de bons sentiments et d\u2019espoir en l\u2019Humanit\u00e9 face au grand dragon noir de la fin des temps.<\/em><\/p>\n<ul>\n<li dir=\"auto\" style=\"text-align: justify;\"><em>(Manga Seinen ado) <strong><span style=\"text-decoration: underline;\">Les Carnets de l\u2019Apothicaire<\/span><\/strong> de Natsu Hyuuga et Itsuki Nanao (<strong>T2<\/strong>)<\/em><\/li>\n<\/ul>\n<p dir=\"auto\" style=\"text-align: justify;\"><em><a href=\"https:\/\/i0.wp.com\/www.jojoenherbe.com\/wp-content\/uploads\/2024\/03\/Les-carnets-de-lapothicaire-T2-2-scaled.jpg\"><img data-recalc-dims=\"1\" loading=\"lazy\" decoding=\"async\" data-attachment-id=\"35367\" data-permalink=\"http:\/\/www.jojoenherbe.com\/index.php\/2024\/03\/26\/point-lecture-hebdomadaire-2024-12\/les-carnets-de-lapothicaire-t2-2\/\" data-orig-file=\"https:\/\/i0.wp.com\/www.jojoenherbe.com\/wp-content\/uploads\/2024\/03\/Les-carnets-de-lapothicaire-T2-2-scaled.jpg?fit=2560%2C1945\" data-orig-size=\"2560,1945\" data-comments-opened=\"1\" data-image-meta=\"{&quot;aperture&quot;:&quot;1.8&quot;,&quot;credit&quot;:&quot;&quot;,&quot;camera&quot;:&quot;iPhone 7&quot;,&quot;caption&quot;:&quot;&quot;,&quot;created_timestamp&quot;:&quot;1711388972&quot;,&quot;copyright&quot;:&quot;&quot;,&quot;focal_length&quot;:&quot;3.99&quot;,&quot;iso&quot;:&quot;100&quot;,&quot;shutter_speed&quot;:&quot;0.25&quot;,&quot;title&quot;:&quot;&quot;,&quot;orientation&quot;:&quot;1&quot;}\" data-image-title=\"Les carnets de l&amp;rsquo;apothicaire T2 (2)\" data-image-description=\"\" data-image-caption=\"\" data-large-file=\"https:\/\/i0.wp.com\/www.jojoenherbe.com\/wp-content\/uploads\/2024\/03\/Les-carnets-de-lapothicaire-T2-2-scaled.jpg?fit=676%2C514\" class=\"size-thumbnail wp-image-35367 alignleft\" src=\"https:\/\/i0.wp.com\/www.jojoenherbe.com\/wp-content\/uploads\/2024\/03\/Les-carnets-de-lapothicaire-T2-2.jpg?resize=150%2C150\" alt=\"\" width=\"150\" height=\"150\" srcset=\"https:\/\/i0.wp.com\/www.jojoenherbe.com\/wp-content\/uploads\/2024\/03\/Les-carnets-de-lapothicaire-T2-2-scaled.jpg?resize=150%2C150 150w, https:\/\/i0.wp.com\/www.jojoenherbe.com\/wp-content\/uploads\/2024\/03\/Les-carnets-de-lapothicaire-T2-2-scaled.jpg?zoom=2&amp;resize=150%2C150 300w, https:\/\/i0.wp.com\/www.jojoenherbe.com\/wp-content\/uploads\/2024\/03\/Les-carnets-de-lapothicaire-T2-2-scaled.jpg?zoom=3&amp;resize=150%2C150 450w\" sizes=\"auto, (max-width: 150px) 100vw, 150px\" \/><\/a>J\u2019ai pioch\u00e9 dans ma PAL du mois prochain pour Un Mois au Japon 2024 en lisant le tome 2 des <span style=\"text-decoration: underline;\">Carnets de l\u2019Apothicaire<\/span> de Natsu Hyuuga et Itsuki Nanao (\u00e9d. Ki-oon, mars 2021, 159 pages), un manga Seinen \u00e0 partir de 15 ans, me laissant en plein suspense, la nouvelle tentative d\u2019empoisonnement n\u2019\u00e9tant pas r\u00e9solue et n\u2019ayant pas pu emprunter le tome 3, peut-\u00eatre la semaine prochaine et me donnant une id\u00e9e sur la v\u00e9ritable identit\u00e9 de Jinshi. Dans ce deuxi\u00e8me tome, on en apprend un peu plus sur Mao Mao, d\u00e9sormais dame de compagnie et go\u00fbteuse de Gyokuyo qui, \u00e0 la demande de l\u2019Empereur, vient \u00e0 soigner l\u2019une de ses autres concubines, Lifa puis qui, 2 mois plus tard, participe au grand banquet du Printemps en l\u2019honneur des 4 premi\u00e8res concubines. L&rsquo;adolescente de 17 ans s&rsquo;affirme de plus en plus et est toujours aussi perspicace pour soigner et reconna\u00eetre les poisons. Encore un bon moment de lecture m\u00eame si j&rsquo;aurai appr\u00e9ci\u00e9, au vu des th\u00e8mes abord\u00e9s, que l&rsquo;histoire soit plus approfondie et plus mature (certains propos \u00e9tant, si je puis dire, autocensur\u00e9s au vu du lectorat ado)!<br \/>\n<\/em><\/p>\n<p dir=\"auto\"><em><span style=\"text-decoration: underline;\">Des lectures adulte<\/span>:<\/em><\/p>\n<p dir=\"auto\" style=\"text-align: justify;\"><em>Parmi les romans adultes que j\u2019ai lus cette semaine, je ne parlerai dans ce billet que de certains<\/em>.<\/p>\n<ul>\n<li dir=\"auto\" style=\"text-align: justify;\"><em>(Romance d&rsquo;urban fantasy) <strong><span style=\"text-decoration: underline;\">Les <\/span><\/strong><strong><span style=\"text-decoration: underline;\">Ailes de cendres, La derni\u00e8re \u00e9lite<\/span><\/strong> de Galli May (<strong>T2<\/strong>)<\/em><\/li>\n<\/ul>\n<p style=\"text-align: justify;\"><em><a href=\"https:\/\/i0.wp.com\/www.jojoenherbe.com\/wp-content\/uploads\/2024\/03\/Les-Ailes-de-cendres-T2-2.jpg\"><img data-recalc-dims=\"1\" loading=\"lazy\" decoding=\"async\" data-attachment-id=\"35365\" data-permalink=\"http:\/\/www.jojoenherbe.com\/index.php\/2024\/03\/26\/point-lecture-hebdomadaire-2024-12\/les-ailes-de-cendres-t2-2\/\" data-orig-file=\"https:\/\/i0.wp.com\/www.jojoenherbe.com\/wp-content\/uploads\/2024\/03\/Les-Ailes-de-cendres-T2-2.jpg?fit=750%2C1334\" data-orig-size=\"750,1334\" data-comments-opened=\"1\" data-image-meta=\"{&quot;aperture&quot;:&quot;0&quot;,&quot;credit&quot;:&quot;&quot;,&quot;camera&quot;:&quot;&quot;,&quot;caption&quot;:&quot;&quot;,&quot;created_timestamp&quot;:&quot;0&quot;,&quot;copyright&quot;:&quot;&quot;,&quot;focal_length&quot;:&quot;0&quot;,&quot;iso&quot;:&quot;0&quot;,&quot;shutter_speed&quot;:&quot;0&quot;,&quot;title&quot;:&quot;&quot;,&quot;orientation&quot;:&quot;1&quot;}\" data-image-title=\"Les Ailes de cendres T2 (2)\" data-image-description=\"\" data-image-caption=\"\" data-large-file=\"https:\/\/i0.wp.com\/www.jojoenherbe.com\/wp-content\/uploads\/2024\/03\/Les-Ailes-de-cendres-T2-2.jpg?fit=576%2C1024\" class=\"size-thumbnail wp-image-35365 alignright\" src=\"https:\/\/i0.wp.com\/www.jojoenherbe.com\/wp-content\/uploads\/2024\/03\/Les-Ailes-de-cendres-T2-2.jpg?resize=150%2C150\" alt=\"\" width=\"150\" height=\"150\" srcset=\"https:\/\/i0.wp.com\/www.jojoenherbe.com\/wp-content\/uploads\/2024\/03\/Les-Ailes-de-cendres-T2-2.jpg?resize=150%2C150 150w, https:\/\/i0.wp.com\/www.jojoenherbe.com\/wp-content\/uploads\/2024\/03\/Les-Ailes-de-cendres-T2-2.jpg?zoom=2&amp;resize=150%2C150 300w, https:\/\/i0.wp.com\/www.jojoenherbe.com\/wp-content\/uploads\/2024\/03\/Les-Ailes-de-cendres-T2-2.jpg?zoom=3&amp;resize=150%2C150 450w\" sizes=\"auto, (max-width: 150px) 100vw, 150px\" \/><\/a>J&rsquo;ai lu, en e-book, le tome 2 qui vient de para\u00eetre des <span style=\"text-decoration: underline;\">Ailes de cendres, La derni\u00e8re \u00e9lite<\/span> de Galli May (\u00e9d. Auto\u00e9dition, mars 2024, 755 pages), une romance d\u2019urban fantasy\/paranormale<\/em><em> se d\u00e9roulant \u00e0 New York, o\u00f9 cohabitent les cr\u00e9atures surnaturelles, que ce soient les \u00ab d\u00e9mons \u00bb et les \u00ab anges \u00bb ou bien encore les vampires, les m\u00e9tamorphes et les magikas.<\/em><em> J\u2019ai pris plaisir \u00e0 replonger dans les aventures de Lyrine et Azariel. Les pages s\u2019encha\u00eenent entre rebondissements, solidarit\u00e9 entre Nettoyeurs, complots politiques et trahisons. Lyrine parviendra-t-elle \u00e0 se prot\u00e9ger et \u00e0 s&rsquo;affirmer face aux menaces qui l&rsquo;assaillent de toutes parts? A qui pourra-t-elle faire confiance? <\/em><em>Un tr\u00e8s bon moment de lecture, la romance et la part d&rsquo;action \u00e9tant bien dos\u00e9e! J\u2019ai h\u00e2te de d\u00e9couvrir la suite mais il faudra attendre, le tome 3 ne para\u00eetra qu\u2019en novembre prochain.<\/em><\/p>\n<ul>\n<li style=\"text-align: justify;\"><em>(BD adulte) <strong><span style=\"text-decoration: underline;\">Le dernier quai<\/span><\/strong> de Nicolas Delestret<\/em><\/li>\n<\/ul>\n<p style=\"text-align: justify;\"><em><a href=\"https:\/\/i0.wp.com\/www.jojoenherbe.com\/wp-content\/uploads\/2024\/03\/Le-dernier-quai-2-scaled.jpg\"><img data-recalc-dims=\"1\" loading=\"lazy\" decoding=\"async\" data-attachment-id=\"35368\" data-permalink=\"http:\/\/www.jojoenherbe.com\/index.php\/2024\/03\/26\/point-lecture-hebdomadaire-2024-12\/le-dernier-quai-2\/\" data-orig-file=\"https:\/\/i0.wp.com\/www.jojoenherbe.com\/wp-content\/uploads\/2024\/03\/Le-dernier-quai-2-scaled.jpg?fit=2560%2C2134\" data-orig-size=\"2560,2134\" data-comments-opened=\"1\" data-image-meta=\"{&quot;aperture&quot;:&quot;1.8&quot;,&quot;credit&quot;:&quot;&quot;,&quot;camera&quot;:&quot;iPhone 7&quot;,&quot;caption&quot;:&quot;&quot;,&quot;created_timestamp&quot;:&quot;1711389147&quot;,&quot;copyright&quot;:&quot;&quot;,&quot;focal_length&quot;:&quot;3.99&quot;,&quot;iso&quot;:&quot;160&quot;,&quot;shutter_speed&quot;:&quot;0.25&quot;,&quot;title&quot;:&quot;&quot;,&quot;orientation&quot;:&quot;1&quot;}\" data-image-title=\"Le dernier quai (2)\" data-image-description=\"\" data-image-caption=\"\" data-large-file=\"https:\/\/i0.wp.com\/www.jojoenherbe.com\/wp-content\/uploads\/2024\/03\/Le-dernier-quai-2-scaled.jpg?fit=676%2C563\" class=\"alignleft size-thumbnail wp-image-35368\" src=\"https:\/\/i0.wp.com\/www.jojoenherbe.com\/wp-content\/uploads\/2024\/03\/Le-dernier-quai-2.jpg?resize=150%2C150\" alt=\"\" width=\"150\" height=\"150\" srcset=\"https:\/\/i0.wp.com\/www.jojoenherbe.com\/wp-content\/uploads\/2024\/03\/Le-dernier-quai-2-scaled.jpg?resize=150%2C150 150w, https:\/\/i0.wp.com\/www.jojoenherbe.com\/wp-content\/uploads\/2024\/03\/Le-dernier-quai-2-scaled.jpg?zoom=2&amp;resize=150%2C150 300w, https:\/\/i0.wp.com\/www.jojoenherbe.com\/wp-content\/uploads\/2024\/03\/Le-dernier-quai-2-scaled.jpg?zoom=3&amp;resize=150%2C150 450w\" sizes=\"auto, (max-width: 150px) 100vw, 150px\" \/><\/a>J\u2019ai ensuite lu <span style=\"text-decoration: underline;\">Le dernier quai<\/span> de Nicolas Delestret (\u00e9d. Bambou coll. Grand Angle, avril 2023, 160 pages),\u00a0 une BD fantastique que j\u2019avais depuis un moment en version consultable en ligne sur Izneo mais que j\u2019ai r\u00e9cemment pu aussi emprunter en version papier \u00e0 ma m\u00e9diath\u00e8que. A l\u2019h\u00f4tel du dernier quai, \u00c9mile accueille, en h\u00f4te bienveillant et dans une routine bien \u00e9tablie, les clients qui viennent de mourir. Mais un matin, tout se d\u00e9r\u00e8gle, semant le trouble dans l\u2019esprit d\u2019\u00c9mile, lors de l\u2019arriv\u00e9e de 3 nouveaux clients qui ne se souviennent pas de leur pass\u00e9. Comment pourra-t-il les aider? L\u2019histoire m\u2019a fait penser \u00e0 celle de <span style=\"text-decoration: underline;\">669 Peony Street<\/span> de M\u00e9lanie Launay (\u00e9d. Michel Lafon, janvier 2022, 238 pages), un roman fantastique se d\u00e9roulant en Angleterre, \u00e0 l\u2019\u00e9poque victorienne. Il y est ainsi question de mort, de r\u00e9silience et de pardon.<br \/>\n<\/em><\/p>\n<ul>\n<li style=\"text-align: justify;\"><em>(BD adulte) <span style=\"text-decoration: underline;\">Radium girls<\/span> de Cy<\/em><\/li>\n<\/ul>\n<p style=\"text-align: justify;\"><em><a href=\"https:\/\/i0.wp.com\/www.jojoenherbe.com\/wp-content\/uploads\/2024\/03\/Radium-girls-2-scaled.jpg\"><img data-recalc-dims=\"1\" loading=\"lazy\" decoding=\"async\" data-attachment-id=\"35369\" data-permalink=\"http:\/\/www.jojoenherbe.com\/index.php\/2024\/03\/26\/point-lecture-hebdomadaire-2024-12\/radium-girls-2\/\" data-orig-file=\"https:\/\/i0.wp.com\/www.jojoenherbe.com\/wp-content\/uploads\/2024\/03\/Radium-girls-2-scaled.jpg?fit=2560%2C2007\" data-orig-size=\"2560,2007\" data-comments-opened=\"1\" data-image-meta=\"{&quot;aperture&quot;:&quot;1.8&quot;,&quot;credit&quot;:&quot;&quot;,&quot;camera&quot;:&quot;iPhone 7&quot;,&quot;caption&quot;:&quot;&quot;,&quot;created_timestamp&quot;:&quot;1711389155&quot;,&quot;copyright&quot;:&quot;&quot;,&quot;focal_length&quot;:&quot;3.99&quot;,&quot;iso&quot;:&quot;100&quot;,&quot;shutter_speed&quot;:&quot;0.25&quot;,&quot;title&quot;:&quot;&quot;,&quot;orientation&quot;:&quot;1&quot;}\" data-image-title=\"Radium girls (2)\" data-image-description=\"\" data-image-caption=\"\" data-large-file=\"https:\/\/i0.wp.com\/www.jojoenherbe.com\/wp-content\/uploads\/2024\/03\/Radium-girls-2-scaled.jpg?fit=676%2C530\" class=\"size-thumbnail wp-image-35369 alignright\" src=\"https:\/\/i0.wp.com\/www.jojoenherbe.com\/wp-content\/uploads\/2024\/03\/Radium-girls-2.jpg?resize=150%2C150\" alt=\"\" width=\"150\" height=\"150\" srcset=\"https:\/\/i0.wp.com\/www.jojoenherbe.com\/wp-content\/uploads\/2024\/03\/Radium-girls-2-scaled.jpg?resize=150%2C150 150w, https:\/\/i0.wp.com\/www.jojoenherbe.com\/wp-content\/uploads\/2024\/03\/Radium-girls-2-scaled.jpg?zoom=2&amp;resize=150%2C150 300w, https:\/\/i0.wp.com\/www.jojoenherbe.com\/wp-content\/uploads\/2024\/03\/Radium-girls-2-scaled.jpg?zoom=3&amp;resize=150%2C150 450w\" sizes=\"auto, (max-width: 150px) 100vw, 150px\" \/><\/a>J&rsquo;ai lu <span style=\"text-decoration: underline;\">Radium girls<\/span> de Cy (\u00e9d. Gl\u00e9nat, coll. Karma, ao\u00fbt 2020, 136 pages), une BD adulte \u00e0 la couverture phosphorescente et que j\u2019avais rep\u00e9r\u00e9e depuis tr\u00e8s longtemps mais que je n\u2019avais pas pu encore emprunter \u00e0 la m\u00e9diath\u00e8que, trouvant tr\u00e8s int\u00e9ressant le sujet abord\u00e9 mais pas le graphisme. Ma lecture a confirm\u00e9 ma premi\u00e8re impression. En 1918, New Jersey, des femmes travaillent comme ouvri\u00e8res \u00e0 l\u2019United State Radium Corporation, une usine fabriquant des montres \u00e0 cadran en utilisant de la peinture au radium. Insouciantes et non averties du danger mortel du radium, elles travaillent sans protection et s\u2019amusent de son effet phosphorescent, surnomm\u00e9es alors les \u00ab Ghost Girls \u00bb. Mais bient\u00f4t la r\u00e9alit\u00e9 les rattrape, lorsque certaines d\u2019entre elles tombent malades et d\u00e9c\u00e8dent. Le radium \u00e9tait-il si inoffensif pour leur sant\u00e9? J\u2019ai appr\u00e9ci\u00e9 l\u2019histoire tir\u00e9e de faits r\u00e9els, moins les illustrations aux crayons de couleur, qui m\u2019a fait penser plus r\u00e9cemment au scandale de l\u2019amiante.<\/em><\/p>\n<p><strong><span style=\"text-decoration: underline;\">Ma lecture en cours<\/span>:<\/strong><\/p>\n<p style=\"text-align: justify;\"><em>(Roman policier contemporain) <strong><span style=\"text-decoration: underline;\">La jur\u00e9e<\/span><\/strong> de Claire J\u00e9hanno<\/em><\/p>\n<p style=\"text-align: justify;\"><em> <a href=\"https:\/\/i0.wp.com\/www.jojoenherbe.com\/wp-content\/uploads\/2024\/03\/La-juree.jpg\"><img data-recalc-dims=\"1\" loading=\"lazy\" decoding=\"async\" data-attachment-id=\"35346\" data-permalink=\"http:\/\/www.jojoenherbe.com\/index.php\/2024\/03\/22\/week-end-a-1000-mars-2024\/la-juree\/\" data-orig-file=\"https:\/\/i0.wp.com\/www.jojoenherbe.com\/wp-content\/uploads\/2024\/03\/La-juree.jpg?fit=750%2C1334\" data-orig-size=\"750,1334\" data-comments-opened=\"1\" data-image-meta=\"{&quot;aperture&quot;:&quot;0&quot;,&quot;credit&quot;:&quot;&quot;,&quot;camera&quot;:&quot;&quot;,&quot;caption&quot;:&quot;&quot;,&quot;created_timestamp&quot;:&quot;0&quot;,&quot;copyright&quot;:&quot;&quot;,&quot;focal_length&quot;:&quot;0&quot;,&quot;iso&quot;:&quot;0&quot;,&quot;shutter_speed&quot;:&quot;0&quot;,&quot;title&quot;:&quot;&quot;,&quot;orientation&quot;:&quot;1&quot;}\" data-image-title=\"La jur\u00e9e\" data-image-description=\"\" data-image-caption=\"\" data-large-file=\"https:\/\/i0.wp.com\/www.jojoenherbe.com\/wp-content\/uploads\/2024\/03\/La-juree.jpg?fit=576%2C1024\" class=\"alignleft size-thumbnail wp-image-35346\" src=\"https:\/\/i0.wp.com\/www.jojoenherbe.com\/wp-content\/uploads\/2024\/03\/La-juree.jpg?resize=150%2C150\" alt=\"\" width=\"150\" height=\"150\" srcset=\"https:\/\/i0.wp.com\/www.jojoenherbe.com\/wp-content\/uploads\/2024\/03\/La-juree.jpg?resize=150%2C150 150w, https:\/\/i0.wp.com\/www.jojoenherbe.com\/wp-content\/uploads\/2024\/03\/La-juree.jpg?zoom=2&amp;resize=150%2C150 300w, https:\/\/i0.wp.com\/www.jojoenherbe.com\/wp-content\/uploads\/2024\/03\/La-juree.jpg?zoom=3&amp;resize=150%2C150 450w\" sizes=\"auto, (max-width: 150px) 100vw, 150px\" \/><\/a>J\u2019ai commenc\u00e9 \u00e0 lire, en e-book, jusqu\u2019au chapitre 24, <span style=\"text-decoration: underline;\">La jur\u00e9e<\/span> de Claire J\u00e9hanno (\u00e9d. HarperCollins, avril 2023, 291 pages), un roman contemporain aux chapitres courts et dans lequel on suit Anna Zeller, jur\u00e9e le temps d\u2019un proc\u00e8s d\u2019assises d\u2019un couple accus\u00e9 d\u2019empoisonnement et de meurtre et qui la renvoie \u00e0 son propre pass\u00e9, vingt ans auparavant lorsqu\u2019elle \u00e9tait encore Anna Boulanger.<br \/>\n<\/em><\/p>\n","protected":false},"excerpt":{"rendered":"<p>En ce d\u00e9but de semaine, voici mon point lecture hebdomadaire avec un retour sur nos lectures (mais pas nos relectures) de la semaine derni\u00e8re qui s&rsquo;est termin\u00e9e sur un week-end de lectures. Nos lectures du 18 au 24 mars 2024: Des lectures jeunesse\/ados: Il n&rsquo;y a aucune nouveaut\u00e9 lue cette semaine avec mon mini lutin [&hellip;]<\/p>\n","protected":false},"author":1,"featured_media":0,"comment_status":"open","ping_status":"open","sticky":false,"template":"","format":"standard","meta":{"jetpack_post_was_ever_published":false,"_jetpack_newsletter_access":"","_jetpack_dont_email_post_to_subs":false,"_jetpack_newsletter_tier_id":0,"_jetpack_memberships_contains_paywalled_content":false,"_jetpack_memberships_contains_paid_content":false,"footnotes":""},"categories":[2140,363],"tags":[2087,4209,4210,1226,4207,4206,4208,3723,3880,3928,1085,367,3878,942,3879,4205,2767,4203,844,4211,3010,4204],"class_list":["post-35337","post","type-post","status-publish","format-standard","hentry","category-mini-blogueur","category-mini-lecteur","tag-bd-adulte","tag-bd-fantastique","tag-bd-historique","tag-bd-jeunesse","tag-claire-jehanno","tag-cy","tag-fiction-historique","tag-galli-may","tag-itsuki-nanao","tag-lecture-ado","tag-lecture-adulte","tag-lecture-jeunesse","tag-les-carnets-de-lapothicaire","tag-manga","tag-natsu-hyuuga","tag-nicolas-delestret","tag-point-lecture-hebdo","tag-richard-marazano","tag-romance","tag-romance-durban-fantasy","tag-urban-fantasy","tag-xu-yao","post-preview"],"jetpack_featured_media_url":"","jetpack_sharing_enabled":true,"jetpack_shortlink":"https:\/\/wp.me\/p9zhGx-9bX","jetpack_likes_enabled":true,"jetpack-related-posts":[{"id":41643,"url":"http:\/\/www.jojoenherbe.com\/index.php\/2025\/12\/12\/point-lecture-hebdomadaire-2025-49\/","url_meta":{"origin":35337,"position":0},"title":"Point lecture hebdomadaire 2025 #49","author":"Jojo","date":"12 d\u00e9cembre 2025","format":false,"excerpt":"En cette fin de semaine, voici mon point lecture hebdomadaire avec un retour sur nos lectures (mais pas nos relectures) de la semaine derni\u00e8re au cours de laquelle nous avons commenc\u00e9 nos lectures de No\u00ebl, avec deux livres de l'Avent qui vont nous accompagner chaque soir jusqu'\u00e0 No\u00ebl: La BD\u2026","rel":"","context":"Dans &quot;Mini blogueur&quot;","block_context":{"text":"Mini blogueur","link":"http:\/\/www.jojoenherbe.com\/index.php\/category\/mini-blogueur\/"},"img":{"alt_text":"","src":"https:\/\/i0.wp.com\/www.jojoenherbe.com\/wp-content\/uploads\/2025\/12\/Point-lecture-hebdo-2025-49-scaled.jpg?fit=1200%2C844&resize=350%2C200","width":350,"height":200,"srcset":"https:\/\/i0.wp.com\/www.jojoenherbe.com\/wp-content\/uploads\/2025\/12\/Point-lecture-hebdo-2025-49-scaled.jpg?fit=1200%2C844&resize=350%2C200 1x, https:\/\/i0.wp.com\/www.jojoenherbe.com\/wp-content\/uploads\/2025\/12\/Point-lecture-hebdo-2025-49-scaled.jpg?fit=1200%2C844&resize=525%2C300 1.5x, https:\/\/i0.wp.com\/www.jojoenherbe.com\/wp-content\/uploads\/2025\/12\/Point-lecture-hebdo-2025-49-scaled.jpg?fit=1200%2C844&resize=700%2C400 2x, https:\/\/i0.wp.com\/www.jojoenherbe.com\/wp-content\/uploads\/2025\/12\/Point-lecture-hebdo-2025-49-scaled.jpg?fit=1200%2C844&resize=1050%2C600 3x"},"classes":[]},{"id":42374,"url":"http:\/\/www.jojoenherbe.com\/index.php\/2026\/01\/21\/point-lecture-hebdomadaire-2026-3\/","url_meta":{"origin":35337,"position":1},"title":"Point lecture hebdomadaire 2026 #3","author":"Jojo","date":"21 janvier 2026","format":false,"excerpt":"En ce milieu de semaine, voici mon point lecture hebdomadaire avec un retour sur nos lectures (mais pas nos relectures) de la semaine derni\u00e8re qui a d\u00e9but\u00e9 avec le rangement du sapin et d\u00e9corations de No\u00ebl et qui s'est termin\u00e9 sur un week-end pluvieux dans le Var chez des amis\u2026","rel":"","context":"Dans &quot;Mini blogueur&quot;","block_context":{"text":"Mini blogueur","link":"http:\/\/www.jojoenherbe.com\/index.php\/category\/mini-blogueur\/"},"img":{"alt_text":"","src":"https:\/\/i0.wp.com\/www.jojoenherbe.com\/wp-content\/uploads\/2026\/01\/macareux-point-lecture-hebdo.jpg?fit=864%2C1012&resize=350%2C200","width":350,"height":200,"srcset":"https:\/\/i0.wp.com\/www.jojoenherbe.com\/wp-content\/uploads\/2026\/01\/macareux-point-lecture-hebdo.jpg?fit=864%2C1012&resize=350%2C200 1x, https:\/\/i0.wp.com\/www.jojoenherbe.com\/wp-content\/uploads\/2026\/01\/macareux-point-lecture-hebdo.jpg?fit=864%2C1012&resize=525%2C300 1.5x, https:\/\/i0.wp.com\/www.jojoenherbe.com\/wp-content\/uploads\/2026\/01\/macareux-point-lecture-hebdo.jpg?fit=864%2C1012&resize=700%2C400 2x"},"classes":[]},{"id":37057,"url":"http:\/\/www.jojoenherbe.com\/index.php\/2024\/09\/30\/point-lecture-hebdomadaire-2024-39\/","url_meta":{"origin":35337,"position":2},"title":"Point lecture hebdomadaire 2024 #39","author":"Jojo","date":"30 septembre 2024","format":false,"excerpt":"En ce d\u00e9but de semaine, voici mon point lecture hebdomadaire avec un retour sur nos lectures (mais pas nos relectures) de la semaine derni\u00e8re. Nos lectures du 23 au 29 septembre 2024: Des lectures jeunesse: Nous avons continu\u00e9 chaque soir et presque fini de lire Le jardin secret de Frances\u2026","rel":"","context":"Dans &quot;Mini blogueur&quot;","block_context":{"text":"Mini blogueur","link":"http:\/\/www.jojoenherbe.com\/index.php\/category\/mini-blogueur\/"},"img":{"alt_text":"","src":"https:\/\/i0.wp.com\/www.jojoenherbe.com\/wp-content\/uploads\/2020\/04\/Le-jardin-secret-150x150.jpg?resize=350%2C200","width":350,"height":200},"classes":[]},{"id":37131,"url":"http:\/\/www.jojoenherbe.com\/index.php\/2024\/10\/28\/point-lecture-hebdomadaire-2024-43\/","url_meta":{"origin":35337,"position":3},"title":"Point lecture hebdomadaire 2024 #43","author":"Jojo","date":"28 octobre 2024","format":false,"excerpt":"En ce d\u00e9but de semaine, voici mon point lecture hebdomadaire avec un retour sur nos lectures (mais pas nos relectures) de la semaine derni\u00e8re. Nos lectures du 21 au 27 octobre 2024: Des lectures jeunesse: (Roman jeunesse) Am\u00e9lia Fang et le Tr\u00e9sor des Y\u00e9tis de Laura Ellen Anderson (T5) Apr\u00e8s\u2026","rel":"","context":"Dans &quot;Mini blogueur&quot;","block_context":{"text":"Mini blogueur","link":"http:\/\/www.jojoenherbe.com\/index.php\/category\/mini-blogueur\/"},"img":{"alt_text":"","src":"https:\/\/i0.wp.com\/www.jojoenherbe.com\/wp-content\/uploads\/2024\/10\/Point-lecture-hebdo-43.jpg?fit=1200%2C960&resize=350%2C200","width":350,"height":200,"srcset":"https:\/\/i0.wp.com\/www.jojoenherbe.com\/wp-content\/uploads\/2024\/10\/Point-lecture-hebdo-43.jpg?fit=1200%2C960&resize=350%2C200 1x, https:\/\/i0.wp.com\/www.jojoenherbe.com\/wp-content\/uploads\/2024\/10\/Point-lecture-hebdo-43.jpg?fit=1200%2C960&resize=525%2C300 1.5x, https:\/\/i0.wp.com\/www.jojoenherbe.com\/wp-content\/uploads\/2024\/10\/Point-lecture-hebdo-43.jpg?fit=1200%2C960&resize=700%2C400 2x, https:\/\/i0.wp.com\/www.jojoenherbe.com\/wp-content\/uploads\/2024\/10\/Point-lecture-hebdo-43.jpg?fit=1200%2C960&resize=1050%2C600 3x"},"classes":[]},{"id":34655,"url":"http:\/\/www.jojoenherbe.com\/index.php\/2024\/02\/05\/point-lecture-hebdomadaire-2024-5\/","url_meta":{"origin":35337,"position":4},"title":"Point lecture hebdomadaire 2024 #5","author":"Jojo","date":"5 f\u00e9vrier 2024","format":false,"excerpt":"En ce d\u00e9but de semaine, voici notre point lecture hebdomadaire avec un retour sur nos lectures de la semaine derni\u00e8re (mais pas nos relectures). Nos lectures du 29 janvier au 4 f\u00e9vrier 2024: Des lectures jeunesse: Mon mini lutin a continu\u00e9 \u00e0 relire les tomes de Mortelle Ad\u00e8le. (Album jeunesse)\u2026","rel":"","context":"Dans &quot;Mini blogueur&quot;","block_context":{"text":"Mini blogueur","link":"http:\/\/www.jojoenherbe.com\/index.php\/category\/mini-blogueur\/"},"img":{"alt_text":"","src":"https:\/\/i0.wp.com\/www.jojoenherbe.com\/wp-content\/uploads\/2024\/02\/Le-chien-qui-couve-150x150.jpg?resize=350%2C200","width":350,"height":200},"classes":[]},{"id":34189,"url":"http:\/\/www.jojoenherbe.com\/index.php\/2024\/01\/08\/point-lecture-hebdomadaire-2024-1\/","url_meta":{"origin":35337,"position":5},"title":"Point lecture hebdomadaire 2024 #1","author":"Jojo","date":"8 janvier 2024","format":false,"excerpt":"En ce d\u00e9but de semaine, voici notre point lecture hebdomadaire avec un retour sur nos lectures de la semaine derni\u00e8re (mais pas nos relectures), la plupart encore de No\u00ebl puisque le week-end dernier s'est fini le challenge Il \u00e9tait 11 fois No\u00ebl avec un read-a-thon. Nos lectures du 1er au\u2026","rel":"","context":"Dans &quot;Mini blogueur&quot;","block_context":{"text":"Mini blogueur","link":"http:\/\/www.jojoenherbe.com\/index.php\/category\/mini-blogueur\/"},"img":{"alt_text":"","src":"https:\/\/i0.wp.com\/www.jojoenherbe.com\/wp-content\/uploads\/2024\/01\/Point-lecture-hebdo-2024-1-scaled.jpg?fit=1200%2C684&resize=350%2C200","width":350,"height":200,"srcset":"https:\/\/i0.wp.com\/www.jojoenherbe.com\/wp-content\/uploads\/2024\/01\/Point-lecture-hebdo-2024-1-scaled.jpg?fit=1200%2C684&resize=350%2C200 1x, https:\/\/i0.wp.com\/www.jojoenherbe.com\/wp-content\/uploads\/2024\/01\/Point-lecture-hebdo-2024-1-scaled.jpg?fit=1200%2C684&resize=525%2C300 1.5x, https:\/\/i0.wp.com\/www.jojoenherbe.com\/wp-content\/uploads\/2024\/01\/Point-lecture-hebdo-2024-1-scaled.jpg?fit=1200%2C684&resize=700%2C400 2x, https:\/\/i0.wp.com\/www.jojoenherbe.com\/wp-content\/uploads\/2024\/01\/Point-lecture-hebdo-2024-1-scaled.jpg?fit=1200%2C684&resize=1050%2C600 3x"},"classes":[]}],"_links":{"self":[{"href":"http:\/\/www.jojoenherbe.com\/index.php\/wp-json\/wp\/v2\/posts\/35337","targetHints":{"allow":["GET"]}}],"collection":[{"href":"http:\/\/www.jojoenherbe.com\/index.php\/wp-json\/wp\/v2\/posts"}],"about":[{"href":"http:\/\/www.jojoenherbe.com\/index.php\/wp-json\/wp\/v2\/types\/post"}],"author":[{"embeddable":true,"href":"http:\/\/www.jojoenherbe.com\/index.php\/wp-json\/wp\/v2\/users\/1"}],"replies":[{"embeddable":true,"href":"http:\/\/www.jojoenherbe.com\/index.php\/wp-json\/wp\/v2\/comments?post=35337"}],"version-history":[{"count":15,"href":"http:\/\/www.jojoenherbe.com\/index.php\/wp-json\/wp\/v2\/posts\/35337\/revisions"}],"predecessor-version":[{"id":35920,"href":"http:\/\/www.jojoenherbe.com\/index.php\/wp-json\/wp\/v2\/posts\/35337\/revisions\/35920"}],"wp:attachment":[{"href":"http:\/\/www.jojoenherbe.com\/index.php\/wp-json\/wp\/v2\/media?parent=35337"}],"wp:term":[{"taxonomy":"category","embeddable":true,"href":"http:\/\/www.jojoenherbe.com\/index.php\/wp-json\/wp\/v2\/categories?post=35337"},{"taxonomy":"post_tag","embeddable":true,"href":"http:\/\/www.jojoenherbe.com\/index.php\/wp-json\/wp\/v2\/tags?post=35337"}],"curies":[{"name":"wp","href":"https:\/\/api.w.org\/{rel}","templated":true}]}}