{"id":35318,"date":"2024-03-22T17:35:48","date_gmt":"2024-03-22T16:35:48","guid":{"rendered":"https:\/\/www.jojoenherbe.com\/?p=35318"},"modified":"2024-03-26T17:47:47","modified_gmt":"2024-03-26T16:47:47","slug":"week-end-a-1000-mars-2024","status":"publish","type":"post","link":"http:\/\/www.jojoenherbe.com\/index.php\/2024\/03\/22\/week-end-a-1000-mars-2024\/","title":{"rendered":"Week-end \u00e0 1000 &#8211; mars 2024"},"content":{"rendered":"<p style=\"text-align: justify;\"><em><a href=\"https:\/\/i0.wp.com\/www.jojoenherbe.com\/wp-content\/uploads\/2024\/01\/Week-end-a-1000-programme-2024.jpg\"><img data-recalc-dims=\"1\" loading=\"lazy\" decoding=\"async\" data-attachment-id=\"34364\" data-permalink=\"http:\/\/www.jojoenherbe.com\/index.php\/2024\/01\/21\/week-end-a-mille-janvier-2024\/week-end-a-1000-programme-2024\/\" data-orig-file=\"https:\/\/i0.wp.com\/www.jojoenherbe.com\/wp-content\/uploads\/2024\/01\/Week-end-a-1000-programme-2024.jpg?fit=1286%2C1712\" data-orig-size=\"1286,1712\" data-comments-opened=\"1\" data-image-meta=\"{&quot;aperture&quot;:&quot;0&quot;,&quot;credit&quot;:&quot;&quot;,&quot;camera&quot;:&quot;&quot;,&quot;caption&quot;:&quot;&quot;,&quot;created_timestamp&quot;:&quot;1705744080&quot;,&quot;copyright&quot;:&quot;&quot;,&quot;focal_length&quot;:&quot;0&quot;,&quot;iso&quot;:&quot;0&quot;,&quot;shutter_speed&quot;:&quot;0&quot;,&quot;title&quot;:&quot;&quot;,&quot;orientation&quot;:&quot;1&quot;}\" data-image-title=\"\" data-image-description=\"\" data-image-caption=\"\" data-large-file=\"https:\/\/i0.wp.com\/www.jojoenherbe.com\/wp-content\/uploads\/2024\/01\/Week-end-a-1000-programme-2024.jpg?fit=676%2C900\" class=\"alignleft  wp-image-34364\" src=\"https:\/\/i0.wp.com\/www.jojoenherbe.com\/wp-content\/uploads\/2024\/01\/Week-end-a-1000-programme-2024.jpg?resize=121%2C161\" alt=\"\" width=\"121\" height=\"161\" srcset=\"https:\/\/i0.wp.com\/www.jojoenherbe.com\/wp-content\/uploads\/2024\/01\/Week-end-a-1000-programme-2024.jpg?w=1286 1286w, https:\/\/i0.wp.com\/www.jojoenherbe.com\/wp-content\/uploads\/2024\/01\/Week-end-a-1000-programme-2024.jpg?resize=225%2C300 225w, https:\/\/i0.wp.com\/www.jojoenherbe.com\/wp-content\/uploads\/2024\/01\/Week-end-a-1000-programme-2024.jpg?resize=769%2C1024 769w, https:\/\/i0.wp.com\/www.jojoenherbe.com\/wp-content\/uploads\/2024\/01\/Week-end-a-1000-programme-2024.jpg?resize=768%2C1022 768w, https:\/\/i0.wp.com\/www.jojoenherbe.com\/wp-content\/uploads\/2024\/01\/Week-end-a-1000-programme-2024.jpg?resize=1154%2C1536 1154w, https:\/\/i0.wp.com\/www.jojoenherbe.com\/wp-content\/uploads\/2024\/01\/Week-end-a-1000-programme-2024.jpg?resize=676%2C900 676w\" sizes=\"auto, (max-width: 121px) 100vw, 121px\" \/><\/a>Ce week-end, du vendredi 22 mars 19h \u00e0 dimanche minuit se d\u00e9roule un week-end \u00e0 mille. Il s\u2019agit d\u2019un d\u00e9fi livresque o\u00f9 l\u2019objectif est de lire au moins 1000 pages, quel que soit le support ou genre (romans, albums illustr\u00e9s, BD, romans graphiques, mangas, livres audio\u2026). Mais ce nombre de pages \u00e0 lire reste libre, chaque participant pouvant se fixer un objectif de lecture plus petit ou plus grand, en se constituant ou non une petite PAL pour l\u2019occasion. Un th\u00e8me facultatif a \u00e9t\u00e9 pr\u00e9vu ce week-end: \u00ab la suite de sagas \u00bb. Pour plus d\u2019infos, n\u2019h\u00e9sitez pas \u00e0 y participer \u00e0 votre tour et \u00e0 rejoindre le groupe FB d\u00e9di\u00e9: <a href=\"https:\/\/www.facebook.com\/groups\/548425825168377\/\">ici<\/a>.<\/em><\/p>\n<p style=\"text-align: justify;\"><em>Ce billet de suivi sera actualis\u00e9 tout le long du week-end et sera ponctu\u00e9 aussi par les passages sur les blogs et\/ou r\u00e9seaux sociaux des autres participantes comme <a href=\"https:\/\/pativore.wordpress.com\/2024\/03\/22\/week-end-a-1000-mars-2024\/\">Pativore<\/a>, <a href=\"https:\/\/lightandsmell.wordpress.com\/2024\/03\/23\/pal-week-end-a-1000-mars-2024\/\">Audrey<\/a> et Nathalie (<a href=\"https:\/\/www.instagram.com\/56nath56\/\">IG<\/a>)&#8230;<br \/><\/em><\/p>\n<p><a href=\"https:\/\/i0.wp.com\/www.jojoenherbe.com\/wp-content\/uploads\/2024\/03\/Week-end-a-1000-PAL-mars-2024-scaled.jpg\"><img data-recalc-dims=\"1\" loading=\"lazy\" decoding=\"async\" data-attachment-id=\"35354\" data-permalink=\"http:\/\/www.jojoenherbe.com\/index.php\/2024\/03\/22\/week-end-a-1000-mars-2024\/week-end-a-1000-pal-mars-2024\/\" data-orig-file=\"https:\/\/i0.wp.com\/www.jojoenherbe.com\/wp-content\/uploads\/2024\/03\/Week-end-a-1000-PAL-mars-2024-scaled.jpg?fit=2560%2C1679\" data-orig-size=\"2560,1679\" data-comments-opened=\"1\" data-image-meta=\"{&quot;aperture&quot;:&quot;1.8&quot;,&quot;credit&quot;:&quot;&quot;,&quot;camera&quot;:&quot;iPhone 7&quot;,&quot;caption&quot;:&quot;&quot;,&quot;created_timestamp&quot;:&quot;1711381906&quot;,&quot;copyright&quot;:&quot;&quot;,&quot;focal_length&quot;:&quot;3.99&quot;,&quot;iso&quot;:&quot;100&quot;,&quot;shutter_speed&quot;:&quot;0.16666666666667&quot;,&quot;title&quot;:&quot;&quot;,&quot;orientation&quot;:&quot;1&quot;}\" data-image-title=\"Week-end \u00e0 1000 &amp;#8211; PAL mars 2024\" data-image-description=\"\" data-image-caption=\"\" data-large-file=\"https:\/\/i0.wp.com\/www.jojoenherbe.com\/wp-content\/uploads\/2024\/03\/Week-end-a-1000-PAL-mars-2024-scaled.jpg?fit=676%2C444\" class=\"aligncenter size-large wp-image-35354\" src=\"https:\/\/i0.wp.com\/www.jojoenherbe.com\/wp-content\/uploads\/2024\/03\/Week-end-a-1000-PAL-mars-2024.jpg?resize=676%2C444\" alt=\"\" width=\"676\" height=\"444\" srcset=\"https:\/\/i0.wp.com\/www.jojoenherbe.com\/wp-content\/uploads\/2024\/03\/Week-end-a-1000-PAL-mars-2024-scaled.jpg?resize=1024%2C672 1024w, https:\/\/i0.wp.com\/www.jojoenherbe.com\/wp-content\/uploads\/2024\/03\/Week-end-a-1000-PAL-mars-2024-scaled.jpg?resize=300%2C197 300w, https:\/\/i0.wp.com\/www.jojoenherbe.com\/wp-content\/uploads\/2024\/03\/Week-end-a-1000-PAL-mars-2024-scaled.jpg?resize=768%2C504 768w, https:\/\/i0.wp.com\/www.jojoenherbe.com\/wp-content\/uploads\/2024\/03\/Week-end-a-1000-PAL-mars-2024-scaled.jpg?resize=1536%2C1007 1536w, https:\/\/i0.wp.com\/www.jojoenherbe.com\/wp-content\/uploads\/2024\/03\/Week-end-a-1000-PAL-mars-2024-scaled.jpg?resize=2048%2C1343 2048w, https:\/\/i0.wp.com\/www.jojoenherbe.com\/wp-content\/uploads\/2024\/03\/Week-end-a-1000-PAL-mars-2024-scaled.jpg?resize=676%2C443 676w, https:\/\/i0.wp.com\/www.jojoenherbe.com\/wp-content\/uploads\/2024\/03\/Week-end-a-1000-PAL-mars-2024-scaled.jpg?w=1352 1352w\" sizes=\"auto, (max-width: 676px) 100vw, 676px\" \/><\/a><\/p>\n<p><span style=\"text-decoration: underline; color: #ffcc00;\"><em>Vendredi 22 mars 2024<\/em><\/span><\/p>\n<p style=\"text-align: justify;\"><em><img data-recalc-dims=\"1\" loading=\"lazy\" decoding=\"async\" data-attachment-id=\"35345\" data-permalink=\"http:\/\/www.jojoenherbe.com\/index.php\/2024\/03\/22\/week-end-a-1000-mars-2024\/restaurant-fleurs\/\" data-orig-file=\"https:\/\/i0.wp.com\/www.jojoenherbe.com\/wp-content\/uploads\/2024\/03\/Restaurant-fleurs-scaled.jpg?fit=1920%2C2560\" data-orig-size=\"1920,2560\" data-comments-opened=\"1\" data-image-meta=\"{&quot;aperture&quot;:&quot;1.8&quot;,&quot;credit&quot;:&quot;&quot;,&quot;camera&quot;:&quot;iPhone 7&quot;,&quot;caption&quot;:&quot;&quot;,&quot;created_timestamp&quot;:&quot;1711137358&quot;,&quot;copyright&quot;:&quot;&quot;,&quot;focal_length&quot;:&quot;3.99&quot;,&quot;iso&quot;:&quot;32&quot;,&quot;shutter_speed&quot;:&quot;0.04&quot;,&quot;title&quot;:&quot;&quot;,&quot;orientation&quot;:&quot;1&quot;}\" data-image-title=\"Restaurant &amp;#8211; fleurs\" data-image-description=\"\" data-image-caption=\"\" data-large-file=\"https:\/\/i0.wp.com\/www.jojoenherbe.com\/wp-content\/uploads\/2024\/03\/Restaurant-fleurs-scaled.jpg?fit=676%2C901\" class=\"wp-image-35345  alignright\" src=\"https:\/\/i0.wp.com\/www.jojoenherbe.com\/wp-content\/uploads\/2024\/03\/Restaurant-fleurs.jpg?resize=156%2C156\" alt=\"\" width=\"156\" height=\"156\" srcset=\"https:\/\/i0.wp.com\/www.jojoenherbe.com\/wp-content\/uploads\/2024\/03\/Restaurant-fleurs-scaled.jpg?resize=150%2C150 150w, https:\/\/i0.wp.com\/www.jojoenherbe.com\/wp-content\/uploads\/2024\/03\/Restaurant-fleurs-scaled.jpg?zoom=2&amp;resize=156%2C156 312w, https:\/\/i0.wp.com\/www.jojoenherbe.com\/wp-content\/uploads\/2024\/03\/Restaurant-fleurs-scaled.jpg?zoom=3&amp;resize=156%2C156 468w\" sizes=\"auto, (max-width: 156px) 100vw, 156px\" \/>M\u00eame si j&rsquo;ai un peu lu dans l&rsquo;apr\u00e8s-midi, je ne commencerai \u00e0 comptabiliser les pages lues qu&rsquo;apr\u00e8s 19h, et ce sera m\u00eame bien plus tard puisque nous sommes all\u00e9s au restaurant vendredi soir.<br \/><\/em><\/p>\n<p style=\"text-align: justify;\"><em><a href=\"https:\/\/i0.wp.com\/www.jojoenherbe.com\/wp-content\/uploads\/2024\/03\/Les-Ailes-de-cendres-T2.jpg\"><img data-recalc-dims=\"1\" loading=\"lazy\" decoding=\"async\" data-attachment-id=\"35328\" data-permalink=\"http:\/\/www.jojoenherbe.com\/index.php\/2024\/03\/22\/week-end-a-1000-mars-2024\/les-ailes-de-cendres-t2\/\" data-orig-file=\"https:\/\/i0.wp.com\/www.jojoenherbe.com\/wp-content\/uploads\/2024\/03\/Les-Ailes-de-cendres-T2.jpg?fit=2000%2C1600\" data-orig-size=\"2000,1600\" data-comments-opened=\"1\" data-image-meta=\"{&quot;aperture&quot;:&quot;0&quot;,&quot;credit&quot;:&quot;&quot;,&quot;camera&quot;:&quot;&quot;,&quot;caption&quot;:&quot;&quot;,&quot;created_timestamp&quot;:&quot;0&quot;,&quot;copyright&quot;:&quot;&quot;,&quot;focal_length&quot;:&quot;0&quot;,&quot;iso&quot;:&quot;0&quot;,&quot;shutter_speed&quot;:&quot;0&quot;,&quot;title&quot;:&quot;&quot;,&quot;orientation&quot;:&quot;0&quot;}\" data-image-title=\"Les Ailes de cendres T2\" data-image-description=\"\" data-image-caption=\"\" data-large-file=\"https:\/\/i0.wp.com\/www.jojoenherbe.com\/wp-content\/uploads\/2024\/03\/Les-Ailes-de-cendres-T2.jpg?fit=676%2C541\" class=\"size-thumbnail wp-image-35328 alignleft\" src=\"https:\/\/i0.wp.com\/www.jojoenherbe.com\/wp-content\/uploads\/2024\/03\/Les-Ailes-de-cendres-T2.jpg?resize=150%2C150\" alt=\"\" width=\"150\" height=\"150\" srcset=\"https:\/\/i0.wp.com\/www.jojoenherbe.com\/wp-content\/uploads\/2024\/03\/Les-Ailes-de-cendres-T2.jpg?resize=150%2C150 150w, https:\/\/i0.wp.com\/www.jojoenherbe.com\/wp-content\/uploads\/2024\/03\/Les-Ailes-de-cendres-T2.jpg?zoom=2&amp;resize=150%2C150 300w, https:\/\/i0.wp.com\/www.jojoenherbe.com\/wp-content\/uploads\/2024\/03\/Les-Ailes-de-cendres-T2.jpg?zoom=3&amp;resize=150%2C150 450w\" sizes=\"auto, (max-width: 150px) 100vw, 150px\" \/><\/a>En soir\u00e9e, j&rsquo;ai commenc\u00e9 \u00e0 lire le tome 2 des <span style=\"text-decoration: underline; color: #ffcc00;\">Ailes de cendres, La derni\u00e8re \u00e9lite<\/span> de Galli May (\u00e9d. Auto\u00e9dition, mars 2024, 755 pages), une romance d&rsquo;urban fantasy qui vient de para\u00eetre. J&rsquo;ai pris plaisir \u00e0 replonger dans les aventures de Lyrine et Azariel. Les pages s&rsquo;encha\u00eenent entre rebondissements, solidarit\u00e9 entre Nettoyeurs et trahisons.<\/em><\/p>\n<p><span style=\"text-decoration: underline; color: #ffcc00;\"><em>Samedi 23 mars 2024<\/em><\/span><\/p>\n<p style=\"text-align: justify;\"><em><a href=\"https:\/\/i0.wp.com\/www.jojoenherbe.com\/wp-content\/uploads\/2024\/03\/Lac-du-Grenouillet.jpg\"><img data-recalc-dims=\"1\" loading=\"lazy\" decoding=\"async\" data-attachment-id=\"35327\" data-permalink=\"http:\/\/www.jojoenherbe.com\/index.php\/2024\/03\/22\/week-end-a-1000-mars-2024\/lac-du-grenouillet\/\" data-orig-file=\"https:\/\/i0.wp.com\/www.jojoenherbe.com\/wp-content\/uploads\/2024\/03\/Lac-du-Grenouillet.jpg?fit=2000%2C1600\" data-orig-size=\"2000,1600\" data-comments-opened=\"1\" data-image-meta=\"{&quot;aperture&quot;:&quot;0&quot;,&quot;credit&quot;:&quot;&quot;,&quot;camera&quot;:&quot;&quot;,&quot;caption&quot;:&quot;&quot;,&quot;created_timestamp&quot;:&quot;0&quot;,&quot;copyright&quot;:&quot;&quot;,&quot;focal_length&quot;:&quot;0&quot;,&quot;iso&quot;:&quot;0&quot;,&quot;shutter_speed&quot;:&quot;0&quot;,&quot;title&quot;:&quot;&quot;,&quot;orientation&quot;:&quot;0&quot;}\" data-image-title=\"Lac du Grenouillet\" data-image-description=\"\" data-image-caption=\"\" data-large-file=\"https:\/\/i0.wp.com\/www.jojoenherbe.com\/wp-content\/uploads\/2024\/03\/Lac-du-Grenouillet.jpg?fit=676%2C541\" class=\"size-thumbnail wp-image-35327 alignright\" src=\"https:\/\/i0.wp.com\/www.jojoenherbe.com\/wp-content\/uploads\/2024\/03\/Lac-du-Grenouillet.jpg?resize=150%2C150\" alt=\"\" width=\"150\" height=\"150\" srcset=\"https:\/\/i0.wp.com\/www.jojoenherbe.com\/wp-content\/uploads\/2024\/03\/Lac-du-Grenouillet.jpg?resize=150%2C150 150w, https:\/\/i0.wp.com\/www.jojoenherbe.com\/wp-content\/uploads\/2024\/03\/Lac-du-Grenouillet.jpg?zoom=2&amp;resize=150%2C150 300w, https:\/\/i0.wp.com\/www.jojoenherbe.com\/wp-content\/uploads\/2024\/03\/Lac-du-Grenouillet.jpg?zoom=3&amp;resize=150%2C150 450w\" sizes=\"auto, (max-width: 150px) 100vw, 150px\" \/><\/a>Peu de lecture aujourd&rsquo;hui puisque nous avons pr\u00e9vu un pique-nique avec des amis dans une des calanques vers Agay. Mais la pr\u00e9sence du vent nous a oblig\u00e9 d&rsquo;aller \u00e0 un autre endroit, moins venteux. Nous sommes ainsi all\u00e9s au lac du Grenouillet, dans le Massif de l&rsquo;Est\u00e9rel, vers le pic de l&rsquo;Ours, entre Saint-Rapha\u00ebl et Agay. Bien que fra\u00eeche, les enfants se sont bien amus\u00e9s avec l&rsquo;eau du lac, sous le regard curieux des canards et le son des crapauds.<\/em><\/p>\n<p style=\"text-align: justify;\"><em>En soir\u00e9e, je finis de lire le tome 2 des <span style=\"text-decoration: underline; color: #ffcc00;\">Ailes de cendres<\/span>. Un tr\u00e8s bon moment de lecture(<strong>+755 pages lues<\/strong>)! J&rsquo;ai h\u00e2te de d\u00e9couvrir la suite mais il faudra attendre, le tome 3 ne para\u00eetra qu&rsquo;en novembre prochain.<\/em><\/p>\n<p><span style=\"text-decoration: underline; color: #ffcc00;\"><em>Dimanche 24 mars 2024<\/em><\/span><\/p>\n<p style=\"text-align: justify;\"><em>Ce n&rsquo;est que ce matin que je mets \u00e0 jour mon billet de suivi, Audrey et Nathalie participant \u00e9galement au marathon de lectures et que je fais un peu tour chez les autres participantes.<\/em><\/p>\n<p style=\"text-align: justify;\"><em><a href=\"https:\/\/i0.wp.com\/www.jojoenherbe.com\/wp-content\/uploads\/2024\/03\/Les-carnets-de-lapothicaire-T2.jpg\"><img data-recalc-dims=\"1\" loading=\"lazy\" decoding=\"async\" data-attachment-id=\"35349\" data-permalink=\"http:\/\/www.jojoenherbe.com\/index.php\/2024\/03\/22\/week-end-a-1000-mars-2024\/les-carnets-de-lapothicaire-t2\/\" data-orig-file=\"https:\/\/i0.wp.com\/www.jojoenherbe.com\/wp-content\/uploads\/2024\/03\/Les-carnets-de-lapothicaire-T2.jpg?fit=750%2C1334\" data-orig-size=\"750,1334\" data-comments-opened=\"1\" data-image-meta=\"{&quot;aperture&quot;:&quot;0&quot;,&quot;credit&quot;:&quot;&quot;,&quot;camera&quot;:&quot;&quot;,&quot;caption&quot;:&quot;&quot;,&quot;created_timestamp&quot;:&quot;0&quot;,&quot;copyright&quot;:&quot;&quot;,&quot;focal_length&quot;:&quot;0&quot;,&quot;iso&quot;:&quot;0&quot;,&quot;shutter_speed&quot;:&quot;0&quot;,&quot;title&quot;:&quot;&quot;,&quot;orientation&quot;:&quot;1&quot;}\" data-image-title=\"Les carnets de l&amp;rsquo;apothicaire T2\" data-image-description=\"\" data-image-caption=\"\" data-large-file=\"https:\/\/i0.wp.com\/www.jojoenherbe.com\/wp-content\/uploads\/2024\/03\/Les-carnets-de-lapothicaire-T2.jpg?fit=576%2C1024\" class=\"size-thumbnail wp-image-35349 alignright\" src=\"https:\/\/i0.wp.com\/www.jojoenherbe.com\/wp-content\/uploads\/2024\/03\/Les-carnets-de-lapothicaire-T2.jpg?resize=150%2C150\" alt=\"\" width=\"150\" height=\"150\" srcset=\"https:\/\/i0.wp.com\/www.jojoenherbe.com\/wp-content\/uploads\/2024\/03\/Les-carnets-de-lapothicaire-T2.jpg?resize=150%2C150 150w, https:\/\/i0.wp.com\/www.jojoenherbe.com\/wp-content\/uploads\/2024\/03\/Les-carnets-de-lapothicaire-T2.jpg?zoom=2&amp;resize=150%2C150 300w, https:\/\/i0.wp.com\/www.jojoenherbe.com\/wp-content\/uploads\/2024\/03\/Les-carnets-de-lapothicaire-T2.jpg?zoom=3&amp;resize=150%2C150 450w\" sizes=\"auto, (max-width: 150px) 100vw, 150px\" \/><\/a>Dans la matin\u00e9e, j&rsquo;ai pioch\u00e9 dans ma PAL du mois prochain pour Un Mois au Japon 2024 en lisant le <span style=\"color: #ffcc00;\">tome 2<\/span> des <span style=\"text-decoration: underline; color: #ffcc00;\">Carnets de l\u2019Apothicaire<\/span> de Natsu Hyuuga et Itsuki Nanao (\u00e9d. Ki-oon, mars 2021, 159 pages), un manga Seinen \u00e0 partir de 15 ans, me laissant en plein suspense, la nouvelle tentative d\u2019empoisonnement n\u2019\u00e9tant pas r\u00e9solue et n&rsquo;ayant pas pu emprunter le tome 3, peut-\u00eatre la semaine prochaine et me donnant une id\u00e9e sur la v\u00e9ritable identit\u00e9 de Jinshi. Dans ce deuxi\u00e8me tome, on en apprend un peu plus sur Mao Mao, d\u00e9sormais dame de compagnie et go\u00fbteuse de Gyokuyo qui, \u00e0 la demande de l&rsquo;Empereur, vient \u00e0 soigner l&rsquo;une de ses autres concubines, Lifa puis qui, 2 mois plus tard, participe au grand banquet du Printemps en l&rsquo;honneur des 4 premi\u00e8res concubines (<strong>+159 pages<\/strong>). Je n&rsquo;\u00e9tais d&rsquo;ailleurs pas la seule parmi les participantes \u00e0 continuer cette s\u00e9rie livresque, mais pas au m\u00eame tome ni au m\u00eame format (certaines lisant un des romans \u00e9ponymes et dont le manga est une adaptation). J&rsquo;ai d&rsquo;ailleurs vu qu&rsquo;il existait un anime dont la saison 2 a \u00e9t\u00e9 annonc\u00e9e pour courant 2025.<br \/><\/em><\/p>\n<p style=\"text-align: justify;\"><em><a href=\"https:\/\/i0.wp.com\/www.jojoenherbe.com\/wp-content\/uploads\/2024\/03\/Yin-et-le-dragon-trilogie.jpg\"><img data-recalc-dims=\"1\" loading=\"lazy\" decoding=\"async\" data-attachment-id=\"35348\" data-permalink=\"http:\/\/www.jojoenherbe.com\/index.php\/2024\/03\/22\/week-end-a-1000-mars-2024\/yin-et-le-dragon-trilogie\/\" data-orig-file=\"https:\/\/i0.wp.com\/www.jojoenherbe.com\/wp-content\/uploads\/2024\/03\/Yin-et-le-dragon-trilogie.jpg?fit=2000%2C1600\" data-orig-size=\"2000,1600\" data-comments-opened=\"1\" data-image-meta=\"{&quot;aperture&quot;:&quot;0&quot;,&quot;credit&quot;:&quot;&quot;,&quot;camera&quot;:&quot;&quot;,&quot;caption&quot;:&quot;&quot;,&quot;created_timestamp&quot;:&quot;0&quot;,&quot;copyright&quot;:&quot;&quot;,&quot;focal_length&quot;:&quot;0&quot;,&quot;iso&quot;:&quot;0&quot;,&quot;shutter_speed&quot;:&quot;0&quot;,&quot;title&quot;:&quot;&quot;,&quot;orientation&quot;:&quot;0&quot;}\" data-image-title=\"Yin et le dragon (trilogie)\" data-image-description=\"\" data-image-caption=\"\" data-large-file=\"https:\/\/i0.wp.com\/www.jojoenherbe.com\/wp-content\/uploads\/2024\/03\/Yin-et-le-dragon-trilogie.jpg?fit=676%2C541\" class=\"alignleft size-thumbnail wp-image-35348\" src=\"https:\/\/i0.wp.com\/www.jojoenherbe.com\/wp-content\/uploads\/2024\/03\/Yin-et-le-dragon-trilogie.jpg?resize=150%2C150\" alt=\"\" width=\"150\" height=\"150\" srcset=\"https:\/\/i0.wp.com\/www.jojoenherbe.com\/wp-content\/uploads\/2024\/03\/Yin-et-le-dragon-trilogie.jpg?resize=150%2C150 150w, https:\/\/i0.wp.com\/www.jojoenherbe.com\/wp-content\/uploads\/2024\/03\/Yin-et-le-dragon-trilogie.jpg?zoom=2&amp;resize=150%2C150 300w, https:\/\/i0.wp.com\/www.jojoenherbe.com\/wp-content\/uploads\/2024\/03\/Yin-et-le-dragon-trilogie.jpg?zoom=3&amp;resize=150%2C150 450w\" sizes=\"auto, (max-width: 150px) 100vw, 150px\" \/><\/a>Dans l&rsquo;apr\u00e8s-midi, j&rsquo;ai lu plusieurs BD avec d&rsquo;abord la trilogie <span style=\"text-decoration: underline; color: #ffcc00;\">Yin et le dragon<\/span> de Richard Marazano et Xu Yao (\u00e9d. Rue de S\u00e8vres, janvier 2016 (<span style=\"color: #ffcc00;\">T1<\/span>, <span style=\"text-decoration: underline; color: #ffcc00;\">Cr\u00e9atures c\u00e9lestes<\/span>), avril 2017 (<span style=\"color: #ffcc00;\">T2<\/span>, <span style=\"text-decoration: underline; color: #ffcc00;\">Les \u00e9cailles d&rsquo;or<\/span>) et f\u00e9vrier 2019 (<span style=\"color: #ffcc00;\">T3<\/span>, <span style=\"text-decoration: underline; color: #ffcc00;\">Nos dragons \u00e9ph\u00e9m\u00e8res<\/span>)), une BD jeunesse \u00e0 partir de 10\/12 ans et que j&rsquo;avais emprunt\u00e9 \u00e0 l&rsquo;occasion du Nouvel An Chinois mais que je n&rsquo;avais pas eu le temps de lire depuis. Lors de l\u2019invasion japonaise d\u2019un quartier de p\u00eacheurs de Shanghai en 1937, Yin, une jeune fille d\u2019une dizaine d\u2019ann\u00e9es espi\u00e8gle, t\u00eatue et courageuse r\u00e9ussit \u00e0 convaincre son grand-p\u00e8re de soigner un dragon d\u2019or bless\u00e9 qu\u2019il a pris dans ses filets. Est-il une menace pour Yin au m\u00eame titre que les gamins des rues lui volant les poissons qu\u2019elle vend et que les soldats japonais, comme le capitaine Utamaro \u00e0 l\u2019\u00e9trange comportement J\u2019ai bien appr\u00e9ci\u00e9 les illustrations et le m\u00e9lange de folklore chinois et de petite histoire dans l\u2019Histoire, m\u00eame si l\u2019horreur de celle-ci a \u00e9t\u00e9 att\u00e9nu\u00e9e pour un lectorat jeunesse. L\u2019histoire est plein de bons sentiments et d\u2019espoir en l\u2019Humanit\u00e9 face au grand dragon noir de la fin des temps (<strong>+3&#215;64=192 pages lues<\/strong>).<br \/><\/em><\/p>\n<p style=\"text-align: justify;\"><em><a href=\"https:\/\/i0.wp.com\/www.jojoenherbe.com\/wp-content\/uploads\/2024\/03\/Le-dernier-quai.jpg\"><img data-recalc-dims=\"1\" loading=\"lazy\" decoding=\"async\" data-attachment-id=\"35350\" data-permalink=\"http:\/\/www.jojoenherbe.com\/index.php\/2024\/03\/22\/week-end-a-1000-mars-2024\/le-dernier-quai\/\" data-orig-file=\"https:\/\/i0.wp.com\/www.jojoenherbe.com\/wp-content\/uploads\/2024\/03\/Le-dernier-quai.jpg?fit=750%2C1106\" data-orig-size=\"750,1106\" data-comments-opened=\"1\" data-image-meta=\"{&quot;aperture&quot;:&quot;0&quot;,&quot;credit&quot;:&quot;&quot;,&quot;camera&quot;:&quot;&quot;,&quot;caption&quot;:&quot;&quot;,&quot;created_timestamp&quot;:&quot;0&quot;,&quot;copyright&quot;:&quot;&quot;,&quot;focal_length&quot;:&quot;0&quot;,&quot;iso&quot;:&quot;0&quot;,&quot;shutter_speed&quot;:&quot;0&quot;,&quot;title&quot;:&quot;&quot;,&quot;orientation&quot;:&quot;1&quot;}\" data-image-title=\"Le dernier quai\" data-image-description=\"\" data-image-caption=\"\" data-large-file=\"https:\/\/i0.wp.com\/www.jojoenherbe.com\/wp-content\/uploads\/2024\/03\/Le-dernier-quai.jpg?fit=676%2C997\" class=\"size-thumbnail wp-image-35350 alignright\" src=\"https:\/\/i0.wp.com\/www.jojoenherbe.com\/wp-content\/uploads\/2024\/03\/Le-dernier-quai.jpg?resize=150%2C150\" alt=\"\" width=\"150\" height=\"150\" srcset=\"https:\/\/i0.wp.com\/www.jojoenherbe.com\/wp-content\/uploads\/2024\/03\/Le-dernier-quai.jpg?resize=150%2C150 150w, https:\/\/i0.wp.com\/www.jojoenherbe.com\/wp-content\/uploads\/2024\/03\/Le-dernier-quai.jpg?zoom=2&amp;resize=150%2C150 300w, https:\/\/i0.wp.com\/www.jojoenherbe.com\/wp-content\/uploads\/2024\/03\/Le-dernier-quai.jpg?zoom=3&amp;resize=150%2C150 450w\" sizes=\"auto, (max-width: 150px) 100vw, 150px\" \/><\/a>J&rsquo;ai ensuite lu <span style=\"text-decoration: underline; color: #ffcc00;\">Le dernier quai<\/span> de Nicolas Delestret (\u00e9d. Bambou coll. Grand Angle, avril 2023, 160 pages),\u00a0 une BD fantastique que j&rsquo;avais depuis un moment en version consultable en ligne sur Izneo mais que j&rsquo;ai r\u00e9cemment pu aussi emprunter en version papier \u00e0 ma m\u00e9diath\u00e8que. A l&rsquo;h\u00f4tel du dernier quai, \u00c9mile accueille, en h\u00f4te bienveillant et dans une routine bien \u00e9tablie, les clients qui viennent de mourir. Mais un matin, tout se d\u00e9r\u00e8gle, semant le trouble dans l&rsquo;esprit d\u2019\u00c9mile, lors de l&rsquo;arriv\u00e9e de 3 nouveaux clients qui ne se souviennent pas de leur pass\u00e9. Comment pourra-t-il les aider? L&rsquo;histoire m&rsquo;a fait penser \u00e0 celle de <span style=\"text-decoration: underline;\">669 Peony Street<\/span> de M\u00e9lanie Launay (\u00e9d. Michel Lafon, janvier 2022, 238 pages), un roman fantastique se d\u00e9roulant en Angleterre, \u00e0 l\u2019\u00e9poque victorienne. Il y est ainsi question de mort et de r\u00e9silience (<strong>+160 pages lues<\/strong>). <br \/><\/em><\/p>\n<p style=\"text-align: justify;\"><em><a href=\"https:\/\/i0.wp.com\/www.jojoenherbe.com\/wp-content\/uploads\/2024\/03\/Radium-girls.jpg\"><img data-recalc-dims=\"1\" loading=\"lazy\" decoding=\"async\" data-attachment-id=\"35347\" data-permalink=\"http:\/\/www.jojoenherbe.com\/index.php\/2024\/03\/22\/week-end-a-1000-mars-2024\/radium-girls\/\" data-orig-file=\"https:\/\/i0.wp.com\/www.jojoenherbe.com\/wp-content\/uploads\/2024\/03\/Radium-girls.jpg?fit=750%2C1124\" data-orig-size=\"750,1124\" data-comments-opened=\"1\" data-image-meta=\"{&quot;aperture&quot;:&quot;0&quot;,&quot;credit&quot;:&quot;&quot;,&quot;camera&quot;:&quot;&quot;,&quot;caption&quot;:&quot;&quot;,&quot;created_timestamp&quot;:&quot;0&quot;,&quot;copyright&quot;:&quot;&quot;,&quot;focal_length&quot;:&quot;0&quot;,&quot;iso&quot;:&quot;0&quot;,&quot;shutter_speed&quot;:&quot;0&quot;,&quot;title&quot;:&quot;&quot;,&quot;orientation&quot;:&quot;1&quot;}\" data-image-title=\"Radium girls\" data-image-description=\"\" data-image-caption=\"\" data-large-file=\"https:\/\/i0.wp.com\/www.jojoenherbe.com\/wp-content\/uploads\/2024\/03\/Radium-girls.jpg?fit=676%2C1014\" class=\"alignleft size-thumbnail wp-image-35347\" src=\"https:\/\/i0.wp.com\/www.jojoenherbe.com\/wp-content\/uploads\/2024\/03\/Radium-girls.jpg?resize=150%2C150\" alt=\"\" width=\"150\" height=\"150\" srcset=\"https:\/\/i0.wp.com\/www.jojoenherbe.com\/wp-content\/uploads\/2024\/03\/Radium-girls.jpg?resize=150%2C150 150w, https:\/\/i0.wp.com\/www.jojoenherbe.com\/wp-content\/uploads\/2024\/03\/Radium-girls.jpg?zoom=2&amp;resize=150%2C150 300w, https:\/\/i0.wp.com\/www.jojoenherbe.com\/wp-content\/uploads\/2024\/03\/Radium-girls.jpg?zoom=3&amp;resize=150%2C150 450w\" sizes=\"auto, (max-width: 150px) 100vw, 150px\" \/><\/a>Puis j&rsquo;ai fini l&rsquo;apr\u00e8s-midi en lisant <span style=\"text-decoration: underline; color: #ffcc00;\">Radium girls<\/span> de Cy (\u00e9d. Gl\u00e9nat, coll. Karma, ao\u00fbt 2020, 136 pages), une BD adulte \u00e0 la couverture phosphorescente et que j&rsquo;avais rep\u00e9r\u00e9e depuis tr\u00e8s longtemps mais que je n&rsquo;avais pas pu encore emprunter \u00e0 la m\u00e9diath\u00e8que, trouvant tr\u00e8s int\u00e9ressant le sujet abord\u00e9 mais moins le graphisme. Ma lecture a confirm\u00e9 ma premi\u00e8re impression. En 1918, New Jersey, des femmes travaillent comme ouvri\u00e8res \u00e0 l\u2019United State Radium Corporation, une usine fabriquant des montres \u00e0 cadran en utilisant de la peinture au radium. Insouciantes et non averties du danger mortel du radium, elles travaillent sans protection et s&rsquo;amusent de son effet phosphorescent, surnomm\u00e9es alors les \u00ab\u00a0Ghost Girls\u00a0\u00bb. Mais bient\u00f4t la r\u00e9alit\u00e9 les rattrape, lorsque certaines d&rsquo;entre elles tombent malades et d\u00e9c\u00e8dent. Le radium \u00e9tait-il si inoffensif pour leur sant\u00e9? J&rsquo;ai appr\u00e9ci\u00e9 l&rsquo;histoire tir\u00e9e de faits r\u00e9els, moins les illustrations, qui m&rsquo;a fait penser plus r\u00e9cemment au scandale de l&rsquo;amiante (<strong>+136 pages lues<\/strong>). <br \/><\/em><\/p>\n<p style=\"text-align: justify;\"><em><a href=\"https:\/\/i0.wp.com\/www.jojoenherbe.com\/wp-content\/uploads\/2024\/03\/La-juree.jpg\"><img data-recalc-dims=\"1\" loading=\"lazy\" decoding=\"async\" data-attachment-id=\"35346\" data-permalink=\"http:\/\/www.jojoenherbe.com\/index.php\/2024\/03\/22\/week-end-a-1000-mars-2024\/la-juree\/\" data-orig-file=\"https:\/\/i0.wp.com\/www.jojoenherbe.com\/wp-content\/uploads\/2024\/03\/La-juree.jpg?fit=750%2C1334\" data-orig-size=\"750,1334\" data-comments-opened=\"1\" data-image-meta=\"{&quot;aperture&quot;:&quot;0&quot;,&quot;credit&quot;:&quot;&quot;,&quot;camera&quot;:&quot;&quot;,&quot;caption&quot;:&quot;&quot;,&quot;created_timestamp&quot;:&quot;0&quot;,&quot;copyright&quot;:&quot;&quot;,&quot;focal_length&quot;:&quot;0&quot;,&quot;iso&quot;:&quot;0&quot;,&quot;shutter_speed&quot;:&quot;0&quot;,&quot;title&quot;:&quot;&quot;,&quot;orientation&quot;:&quot;1&quot;}\" data-image-title=\"La jur\u00e9e\" data-image-description=\"\" data-image-caption=\"\" data-large-file=\"https:\/\/i0.wp.com\/www.jojoenherbe.com\/wp-content\/uploads\/2024\/03\/La-juree.jpg?fit=576%2C1024\" class=\"size-thumbnail wp-image-35346 alignright\" src=\"https:\/\/i0.wp.com\/www.jojoenherbe.com\/wp-content\/uploads\/2024\/03\/La-juree.jpg?resize=150%2C150\" alt=\"\" width=\"150\" height=\"150\" srcset=\"https:\/\/i0.wp.com\/www.jojoenherbe.com\/wp-content\/uploads\/2024\/03\/La-juree.jpg?resize=150%2C150 150w, https:\/\/i0.wp.com\/www.jojoenherbe.com\/wp-content\/uploads\/2024\/03\/La-juree.jpg?zoom=2&amp;resize=150%2C150 300w, https:\/\/i0.wp.com\/www.jojoenherbe.com\/wp-content\/uploads\/2024\/03\/La-juree.jpg?zoom=3&amp;resize=150%2C150 450w\" sizes=\"auto, (max-width: 150px) 100vw, 150px\" \/><\/a>Apr\u00e8s les histoires du soir (des relectures du 4e roman de <span style=\"text-decoration: underline; color: #3366ff;\">Mortelle Ad\u00e8le, Very Important Bizarre<\/span> de Mr Tan et Diane Le Freyer et de <span style=\"text-decoration: underline; color: #3366ff;\">Hulotte et L\u00e9on<\/span> de Juliette Lagrange), j&rsquo;ai commenc\u00e9 \u00e0 lire, en e-book, en soir\u00e9e, jusqu&rsquo;au chapitre 24, <span style=\"text-decoration: underline; color: #ffcc00;\">La jur\u00e9e<\/span> de Claire J\u00e9hanno (\u00e9d. HarperCollins, avril 2023, 291 pages), un roman contemporain dans lequel on suit Anna Zeller, jur\u00e9e le temps d&rsquo;un proc\u00e8s d&rsquo;assises d&rsquo;un couple accus\u00e9 d&#8217;empoisonnement et de meurtre et qui la renvoie \u00e0 son propre pass\u00e9, vingt ans auparavant lorsqu&rsquo;elle \u00e9tait encore Anna Boulanger (<strong>+140 pages lues<\/strong>).<\/em><\/p>\n<p style=\"text-align: justify;\"><em><span style=\"text-decoration: underline;\">Petit bilan du lundi<\/span>: Alors combien ai-je lu de pages ce week-end?\u00a0<strong> 1.542 pages lues<\/strong> avec des lectures encore bien vari\u00e9es, sans compter celles partag\u00e9es avec mon mini lutin. Le mois prochain, c\u2019est une Semaine \u00e0 1000 qui est pr\u00e9vue, du lundi 15 au dimanche 21 avril 2024. <\/em><em>Bonne semaine!<\/em><\/p>\n\n\n<p><\/p>\n","protected":false},"excerpt":{"rendered":"<p>Ce week-end, du vendredi 22 mars 19h \u00e0 dimanche minuit se d\u00e9roule un week-end \u00e0 mille. Il s\u2019agit d\u2019un d\u00e9fi livresque o\u00f9 l\u2019objectif est de lire au moins 1000 pages, quel que soit le support ou genre (romans, albums illustr\u00e9s, BD, romans graphiques, mangas, livres audio\u2026). Mais ce nombre de pages \u00e0 lire reste libre, [&hellip;]<\/p>\n","protected":false},"author":1,"featured_media":34372,"comment_status":"open","ping_status":"open","sticky":false,"template":"","format":"standard","meta":{"jetpack_post_was_ever_published":false,"_jetpack_newsletter_access":"","_jetpack_dont_email_post_to_subs":false,"_jetpack_newsletter_tier_id":0,"_jetpack_memberships_contains_paywalled_content":false,"_jetpack_memberships_contains_paid_content":false,"footnotes":""},"categories":[873,363],"tags":[2016,1085,367,4057],"class_list":["post-35318","post","type-post","status-publish","format-standard","has-post-thumbnail","hentry","category-mini-challenger","category-mini-lecteur","tag-challenge-livresque","tag-lecture-adulte","tag-lecture-jeunesse","tag-week-end-a-mille-2024","post-preview"],"jetpack_featured_media_url":"https:\/\/i0.wp.com\/www.jojoenherbe.com\/wp-content\/uploads\/2024\/01\/Week-end-a-1000-logo-2024-01.jpg?fit=706%2C758","jetpack_sharing_enabled":true,"jetpack_shortlink":"https:\/\/wp.me\/p9zhGx-9bE","jetpack_likes_enabled":true,"jetpack-related-posts":[{"id":37330,"url":"http:\/\/www.jojoenherbe.com\/index.php\/2024\/11\/24\/week-end-a-1000-novembre-2024\/","url_meta":{"origin":35318,"position":0},"title":"Week-end \u00e0 1000 \u2013 novembre 2024","author":"Jojo","date":"24 novembre 2024","format":false,"excerpt":"Ce week-end, du vendredi 22 novembre 19h \u00e0 dimanche minuit se d\u00e9roule un week-end \u00e0 mille. Il s\u2019agit d\u2019un d\u00e9fi livresque o\u00f9 l\u2019objectif est de lire au moins 1000 pages, quel que soit le support ou genre (romans, albums illustr\u00e9s, BD, romans graphiques, mangas, livres audio\u2026). Mais ce nombre de\u2026","rel":"","context":"Dans &quot;Mini challenger&quot;","block_context":{"text":"Mini challenger","link":"http:\/\/www.jojoenherbe.com\/index.php\/category\/mini-challenger\/"},"img":{"alt_text":"","src":"https:\/\/i0.wp.com\/www.jojoenherbe.com\/wp-content\/uploads\/2024\/01\/Week-end-a-1000-logo-2024-01.jpg?fit=706%2C758&resize=350%2C200","width":350,"height":200,"srcset":"https:\/\/i0.wp.com\/www.jojoenherbe.com\/wp-content\/uploads\/2024\/01\/Week-end-a-1000-logo-2024-01.jpg?fit=706%2C758&resize=350%2C200 1x, https:\/\/i0.wp.com\/www.jojoenherbe.com\/wp-content\/uploads\/2024\/01\/Week-end-a-1000-logo-2024-01.jpg?fit=706%2C758&resize=525%2C300 1.5x, https:\/\/i0.wp.com\/www.jojoenherbe.com\/wp-content\/uploads\/2024\/01\/Week-end-a-1000-logo-2024-01.jpg?fit=706%2C758&resize=700%2C400 2x"},"classes":[]},{"id":38053,"url":"http:\/\/www.jojoenherbe.com\/index.php\/2025\/01\/17\/week-end-a-1000-janvier-2025\/","url_meta":{"origin":35318,"position":1},"title":"Week-end \u00e0 1000 \u2013 janvier 2025","author":"Jojo","date":"17 janvier 2025","format":false,"excerpt":"Ce week-end, du vendredi 17 janvier 19h \u00e0 dimanche minuit se d\u00e9roule un week-end \u00e0 mille. Il s\u2019agit d\u2019un d\u00e9fi livresque o\u00f9 l\u2019objectif est de lire au moins 1000 pages, quel que soit le support ou genre (romans, albums illustr\u00e9s, BD, romans graphiques, mangas, livres audio\u2026). Mais ce nombre de\u2026","rel":"","context":"Dans &quot;Mini blogueur&quot;","block_context":{"text":"Mini blogueur","link":"http:\/\/www.jojoenherbe.com\/index.php\/category\/mini-blogueur\/"},"img":{"alt_text":"","src":"https:\/\/i0.wp.com\/www.jojoenherbe.com\/wp-content\/uploads\/2024\/01\/Week-end-a-1000-logo-2024-01.jpg?fit=706%2C758&resize=350%2C200","width":350,"height":200,"srcset":"https:\/\/i0.wp.com\/www.jojoenherbe.com\/wp-content\/uploads\/2024\/01\/Week-end-a-1000-logo-2024-01.jpg?fit=706%2C758&resize=350%2C200 1x, https:\/\/i0.wp.com\/www.jojoenherbe.com\/wp-content\/uploads\/2024\/01\/Week-end-a-1000-logo-2024-01.jpg?fit=706%2C758&resize=525%2C300 1.5x, https:\/\/i0.wp.com\/www.jojoenherbe.com\/wp-content\/uploads\/2024\/01\/Week-end-a-1000-logo-2024-01.jpg?fit=706%2C758&resize=700%2C400 2x"},"classes":[]},{"id":36718,"url":"http:\/\/www.jojoenherbe.com\/index.php\/2024\/07\/19\/week-end-a-1000-juillet-2024\/","url_meta":{"origin":35318,"position":2},"title":"Week-end \u00e0 1000 \u2013 juillet 2024","author":"Jojo","date":"19 juillet 2024","format":false,"excerpt":"Ce week-end, du vendredi 19 juillet 19h \u00e0 dimanche minuit se d\u00e9roule un week-end \u00e0 mille. Il s\u2019agit d\u2019un d\u00e9fi livresque o\u00f9 l\u2019objectif est de lire au moins 1000 pages, quel que soit le support ou genre (romans, albums illustr\u00e9s, BD, romans graphiques, mangas, livres audio\u2026). Mais ce nombre de\u2026","rel":"","context":"Dans &quot;Mini challenger&quot;","block_context":{"text":"Mini challenger","link":"http:\/\/www.jojoenherbe.com\/index.php\/category\/mini-challenger\/"},"img":{"alt_text":"","src":"https:\/\/i0.wp.com\/www.jojoenherbe.com\/wp-content\/uploads\/2024\/01\/Week-end-a-1000-logo-2024-01.jpg?fit=706%2C758&resize=350%2C200","width":350,"height":200,"srcset":"https:\/\/i0.wp.com\/www.jojoenherbe.com\/wp-content\/uploads\/2024\/01\/Week-end-a-1000-logo-2024-01.jpg?fit=706%2C758&resize=350%2C200 1x, https:\/\/i0.wp.com\/www.jojoenherbe.com\/wp-content\/uploads\/2024\/01\/Week-end-a-1000-logo-2024-01.jpg?fit=706%2C758&resize=525%2C300 1.5x, https:\/\/i0.wp.com\/www.jojoenherbe.com\/wp-content\/uploads\/2024\/01\/Week-end-a-1000-logo-2024-01.jpg?fit=706%2C758&resize=700%2C400 2x"},"classes":[]},{"id":36199,"url":"http:\/\/www.jojoenherbe.com\/index.php\/2024\/05\/17\/week-end-a-1000-mai-2024\/","url_meta":{"origin":35318,"position":3},"title":"Week-end \u00e0 1000 \u2013 mai 2024","author":"Jojo","date":"17 mai 2024","format":false,"excerpt":"Ce week-end, du vendredi 17 mai 19h \u00e0 dimanche minuit se d\u00e9roule un week-end \u00e0 mille. Il s\u2019agit d\u2019un d\u00e9fi livresque o\u00f9 l\u2019objectif est de lire au moins 1000 pages, quel que soit le support ou genre (romans, albums illustr\u00e9s, BD, romans graphiques, mangas, livres audio\u2026). Mais ce nombre de\u2026","rel":"","context":"Dans &quot;Mini challenger&quot;","block_context":{"text":"Mini challenger","link":"http:\/\/www.jojoenherbe.com\/index.php\/category\/mini-challenger\/"},"img":{"alt_text":"","src":"https:\/\/i0.wp.com\/www.jojoenherbe.com\/wp-content\/uploads\/2024\/01\/Week-end-a-1000-logo-2024-01.jpg?fit=706%2C758&resize=350%2C200","width":350,"height":200,"srcset":"https:\/\/i0.wp.com\/www.jojoenherbe.com\/wp-content\/uploads\/2024\/01\/Week-end-a-1000-logo-2024-01.jpg?fit=706%2C758&resize=350%2C200 1x, https:\/\/i0.wp.com\/www.jojoenherbe.com\/wp-content\/uploads\/2024\/01\/Week-end-a-1000-logo-2024-01.jpg?fit=706%2C758&resize=525%2C300 1.5x, https:\/\/i0.wp.com\/www.jojoenherbe.com\/wp-content\/uploads\/2024\/01\/Week-end-a-1000-logo-2024-01.jpg?fit=706%2C758&resize=700%2C400 2x"},"classes":[]},{"id":39998,"url":"http:\/\/www.jojoenherbe.com\/index.php\/2025\/07\/05\/week-end-a-1000-juillet-2025\/","url_meta":{"origin":35318,"position":4},"title":"Week-end \u00e0 1000 \u2013 juillet 2025","author":"Jojo","date":"5 juillet 2025","format":false,"excerpt":"Ce week-end, du vendredi 4 juillet 19h00 \u00e0 dimanche minuit se d\u00e9roule un week-end \u00e0 mille. Il s\u2019agit d\u2019un d\u00e9fi livresque o\u00f9 l\u2019objectif est de lire au moins 1000 pages, quel que soit le support ou genre (romans, albums illustr\u00e9s, BD, romans graphiques, mangas, livres audio\u2026). Mais ce nombre de\u2026","rel":"","context":"Dans &quot;Mini blogueur&quot;","block_context":{"text":"Mini blogueur","link":"http:\/\/www.jojoenherbe.com\/index.php\/category\/mini-blogueur\/"},"img":{"alt_text":"","src":"https:\/\/i0.wp.com\/www.jojoenherbe.com\/wp-content\/uploads\/2024\/01\/Week-end-a-1000-logo-2024-01.jpg?fit=706%2C758&resize=350%2C200","width":350,"height":200,"srcset":"https:\/\/i0.wp.com\/www.jojoenherbe.com\/wp-content\/uploads\/2024\/01\/Week-end-a-1000-logo-2024-01.jpg?fit=706%2C758&resize=350%2C200 1x, https:\/\/i0.wp.com\/www.jojoenherbe.com\/wp-content\/uploads\/2024\/01\/Week-end-a-1000-logo-2024-01.jpg?fit=706%2C758&resize=525%2C300 1.5x, https:\/\/i0.wp.com\/www.jojoenherbe.com\/wp-content\/uploads\/2024\/01\/Week-end-a-1000-logo-2024-01.jpg?fit=706%2C758&resize=700%2C400 2x"},"classes":[]},{"id":34362,"url":"http:\/\/www.jojoenherbe.com\/index.php\/2024\/01\/21\/week-end-a-mille-janvier-2024\/","url_meta":{"origin":35318,"position":5},"title":"Week-end \u00e0 1000 &#8211; janvier 2024","author":"Jojo","date":"21 janvier 2024","format":false,"excerpt":"Ce week-end, du vendredi 19 janvier 19h \u00e0 dimanche minuit se d\u00e9roule un week-end \u00e0 mille. Il s'agit d'un d\u00e9fi livresque o\u00f9 l'objectif est de lire au moins 1000 pages, quel que soit le support ou genre (romans, albums illustr\u00e9s, BD, romans graphiques, mangas, livres audio...). Mais ce nombre de\u2026","rel":"","context":"Dans &quot;Mini challenger&quot;","block_context":{"text":"Mini challenger","link":"http:\/\/www.jojoenherbe.com\/index.php\/category\/mini-challenger\/"},"img":{"alt_text":"","src":"https:\/\/i0.wp.com\/www.jojoenherbe.com\/wp-content\/uploads\/2024\/01\/Week-end-a-1000-logo-2024-01.jpg?fit=706%2C758&resize=350%2C200","width":350,"height":200,"srcset":"https:\/\/i0.wp.com\/www.jojoenherbe.com\/wp-content\/uploads\/2024\/01\/Week-end-a-1000-logo-2024-01.jpg?fit=706%2C758&resize=350%2C200 1x, https:\/\/i0.wp.com\/www.jojoenherbe.com\/wp-content\/uploads\/2024\/01\/Week-end-a-1000-logo-2024-01.jpg?fit=706%2C758&resize=525%2C300 1.5x, https:\/\/i0.wp.com\/www.jojoenherbe.com\/wp-content\/uploads\/2024\/01\/Week-end-a-1000-logo-2024-01.jpg?fit=706%2C758&resize=700%2C400 2x"},"classes":[]}],"_links":{"self":[{"href":"http:\/\/www.jojoenherbe.com\/index.php\/wp-json\/wp\/v2\/posts\/35318","targetHints":{"allow":["GET"]}}],"collection":[{"href":"http:\/\/www.jojoenherbe.com\/index.php\/wp-json\/wp\/v2\/posts"}],"about":[{"href":"http:\/\/www.jojoenherbe.com\/index.php\/wp-json\/wp\/v2\/types\/post"}],"author":[{"embeddable":true,"href":"http:\/\/www.jojoenherbe.com\/index.php\/wp-json\/wp\/v2\/users\/1"}],"replies":[{"embeddable":true,"href":"http:\/\/www.jojoenherbe.com\/index.php\/wp-json\/wp\/v2\/comments?post=35318"}],"version-history":[{"count":14,"href":"http:\/\/www.jojoenherbe.com\/index.php\/wp-json\/wp\/v2\/posts\/35318\/revisions"}],"predecessor-version":[{"id":35388,"href":"http:\/\/www.jojoenherbe.com\/index.php\/wp-json\/wp\/v2\/posts\/35318\/revisions\/35388"}],"wp:featuredmedia":[{"embeddable":true,"href":"http:\/\/www.jojoenherbe.com\/index.php\/wp-json\/wp\/v2\/media\/34372"}],"wp:attachment":[{"href":"http:\/\/www.jojoenherbe.com\/index.php\/wp-json\/wp\/v2\/media?parent=35318"}],"wp:term":[{"taxonomy":"category","embeddable":true,"href":"http:\/\/www.jojoenherbe.com\/index.php\/wp-json\/wp\/v2\/categories?post=35318"},{"taxonomy":"post_tag","embeddable":true,"href":"http:\/\/www.jojoenherbe.com\/index.php\/wp-json\/wp\/v2\/tags?post=35318"}],"curies":[{"name":"wp","href":"https:\/\/api.w.org\/{rel}","templated":true}]}}