{"id":34817,"date":"2024-02-20T16:24:32","date_gmt":"2024-02-20T15:24:32","guid":{"rendered":"http:\/\/www.jojoenherbe.com\/?p=34817"},"modified":"2024-02-20T17:39:47","modified_gmt":"2024-02-20T16:39:47","slug":"au-fil-des-pages-avec-pierre-et-lou","status":"publish","type":"post","link":"http:\/\/www.jojoenherbe.com\/index.php\/2024\/02\/20\/au-fil-des-pages-avec-pierre-et-lou\/","title":{"rendered":"Au fil des pages avec Pierre et Lou"},"content":{"rendered":"<p style=\"text-align: justify;\"><a href=\"https:\/\/i0.wp.com\/www.jojoenherbe.com\/wp-content\/uploads\/2024\/02\/Pierre-et-Lou-3-scaled.jpg\"><img data-recalc-dims=\"1\" loading=\"lazy\" decoding=\"async\" data-attachment-id=\"34819\" data-permalink=\"http:\/\/www.jojoenherbe.com\/index.php\/2024\/02\/20\/au-fil-des-pages-avec-pierre-et-lou\/pierre-et-lou-3\/\" data-orig-file=\"https:\/\/i0.wp.com\/www.jojoenherbe.com\/wp-content\/uploads\/2024\/02\/Pierre-et-Lou-3-scaled.jpg?fit=2560%2C1692\" data-orig-size=\"2560,1692\" data-comments-opened=\"1\" data-image-meta=\"{&quot;aperture&quot;:&quot;1.8&quot;,&quot;credit&quot;:&quot;&quot;,&quot;camera&quot;:&quot;iPhone 7&quot;,&quot;caption&quot;:&quot;&quot;,&quot;created_timestamp&quot;:&quot;1686054226&quot;,&quot;copyright&quot;:&quot;&quot;,&quot;focal_length&quot;:&quot;3.99&quot;,&quot;iso&quot;:&quot;80&quot;,&quot;shutter_speed&quot;:&quot;0.058823529411765&quot;,&quot;title&quot;:&quot;&quot;,&quot;orientation&quot;:&quot;1&quot;}\" data-image-title=\"Pierre et Lou 3\" data-image-description=\"\" data-image-caption=\"\" data-large-file=\"https:\/\/i0.wp.com\/www.jojoenherbe.com\/wp-content\/uploads\/2024\/02\/Pierre-et-Lou-3-scaled.jpg?fit=676%2C447\" class=\"alignleft size-thumbnail wp-image-34819\" src=\"https:\/\/i0.wp.com\/www.jojoenherbe.com\/wp-content\/uploads\/2024\/02\/Pierre-et-Lou-3.jpg?resize=150%2C150\" alt=\"\" width=\"150\" height=\"150\" srcset=\"https:\/\/i0.wp.com\/www.jojoenherbe.com\/wp-content\/uploads\/2024\/02\/Pierre-et-Lou-3-scaled.jpg?resize=150%2C150 150w, https:\/\/i0.wp.com\/www.jojoenherbe.com\/wp-content\/uploads\/2024\/02\/Pierre-et-Lou-3-scaled.jpg?zoom=2&amp;resize=150%2C150 300w, https:\/\/i0.wp.com\/www.jojoenherbe.com\/wp-content\/uploads\/2024\/02\/Pierre-et-Lou-3-scaled.jpg?zoom=3&amp;resize=150%2C150 450w\" sizes=\"auto, (max-width: 150px) 100vw, 150px\" \/><\/a> <a href=\"https:\/\/i0.wp.com\/www.jojoenherbe.com\/wp-content\/uploads\/2024\/02\/Pierre-et-Lou-2-scaled.jpg\"><img data-recalc-dims=\"1\" loading=\"lazy\" decoding=\"async\" data-attachment-id=\"34818\" data-permalink=\"http:\/\/www.jojoenherbe.com\/index.php\/2024\/02\/20\/au-fil-des-pages-avec-pierre-et-lou\/pierre-et-lou-2\/\" data-orig-file=\"https:\/\/i0.wp.com\/www.jojoenherbe.com\/wp-content\/uploads\/2024\/02\/Pierre-et-Lou-2-scaled.jpg?fit=2560%2C2086\" data-orig-size=\"2560,2086\" data-comments-opened=\"1\" data-image-meta=\"{&quot;aperture&quot;:&quot;1.8&quot;,&quot;credit&quot;:&quot;&quot;,&quot;camera&quot;:&quot;iPhone 7&quot;,&quot;caption&quot;:&quot;&quot;,&quot;created_timestamp&quot;:&quot;1686054181&quot;,&quot;copyright&quot;:&quot;&quot;,&quot;focal_length&quot;:&quot;3.99&quot;,&quot;iso&quot;:&quot;80&quot;,&quot;shutter_speed&quot;:&quot;0.058823529411765&quot;,&quot;title&quot;:&quot;&quot;,&quot;orientation&quot;:&quot;1&quot;}\" data-image-title=\"Pierre et Lou 2\" data-image-description=\"\" data-image-caption=\"\" data-large-file=\"https:\/\/i0.wp.com\/www.jojoenherbe.com\/wp-content\/uploads\/2024\/02\/Pierre-et-Lou-2-scaled.jpg?fit=676%2C551\" class=\"alignleft size-thumbnail wp-image-34818\" src=\"https:\/\/i0.wp.com\/www.jojoenherbe.com\/wp-content\/uploads\/2024\/02\/Pierre-et-Lou-2.jpg?resize=150%2C150\" alt=\"\" width=\"150\" height=\"150\" srcset=\"https:\/\/i0.wp.com\/www.jojoenherbe.com\/wp-content\/uploads\/2024\/02\/Pierre-et-Lou-2-scaled.jpg?resize=150%2C150 150w, https:\/\/i0.wp.com\/www.jojoenherbe.com\/wp-content\/uploads\/2024\/02\/Pierre-et-Lou-2-scaled.jpg?zoom=2&amp;resize=150%2C150 300w, https:\/\/i0.wp.com\/www.jojoenherbe.com\/wp-content\/uploads\/2024\/02\/Pierre-et-Lou-2-scaled.jpg?zoom=3&amp;resize=150%2C150 450w\" sizes=\"auto, (max-width: 150px) 100vw, 150px\" \/><\/a><em>J&rsquo;avais lu, en juin 2023, <span style=\"text-decoration: underline;\">Pierre et Lou<\/span> d&rsquo;Eric Wantiez et Marie Deschamps (\u00e9d. Scutella, d\u00e9cembre 2009, 88 pages), un album illustr\u00e9 \u00e0 partir de 10\/11 ans, class\u00e9 au rayon \u00ab\u00a0Adolescents\u00a0\u00bb de ma m\u00e9diath\u00e8que. Nous suivons deux jeunes adolescents aux temp\u00e9raments bien diff\u00e9rents, Pierre, amoureux des oiseaux et aimant \u00eatre dehors et Lou, timide dessinatrice qui reste dans sa chambre avec son chat, qui, au fil des pages, se d\u00e9couvrent. Et si leurs sentiments naissants \u00e9taient partag\u00e9s?<\/em><\/p>\n<p style=\"text-align: justify;\"><a href=\"https:\/\/i0.wp.com\/www.jojoenherbe.com\/wp-content\/uploads\/2024\/02\/Pierre-et-Lou-4-scaled.jpg\"><img data-recalc-dims=\"1\" loading=\"lazy\" decoding=\"async\" data-attachment-id=\"34820\" data-permalink=\"http:\/\/www.jojoenherbe.com\/index.php\/2024\/02\/20\/au-fil-des-pages-avec-pierre-et-lou\/pierre-et-lou-4\/\" data-orig-file=\"https:\/\/i0.wp.com\/www.jojoenherbe.com\/wp-content\/uploads\/2024\/02\/Pierre-et-Lou-4-scaled.jpg?fit=2560%2C1651\" data-orig-size=\"2560,1651\" data-comments-opened=\"1\" data-image-meta=\"{&quot;aperture&quot;:&quot;1.8&quot;,&quot;credit&quot;:&quot;&quot;,&quot;camera&quot;:&quot;iPhone 7&quot;,&quot;caption&quot;:&quot;&quot;,&quot;created_timestamp&quot;:&quot;1686054292&quot;,&quot;copyright&quot;:&quot;&quot;,&quot;focal_length&quot;:&quot;3.99&quot;,&quot;iso&quot;:&quot;80&quot;,&quot;shutter_speed&quot;:&quot;0.058823529411765&quot;,&quot;title&quot;:&quot;&quot;,&quot;orientation&quot;:&quot;1&quot;}\" data-image-title=\"Pierre et Lou 4\" data-image-description=\"\" data-image-caption=\"\" data-large-file=\"https:\/\/i0.wp.com\/www.jojoenherbe.com\/wp-content\/uploads\/2024\/02\/Pierre-et-Lou-4-scaled.jpg?fit=676%2C436\" class=\"size-thumbnail wp-image-34820 alignright\" src=\"https:\/\/i0.wp.com\/www.jojoenherbe.com\/wp-content\/uploads\/2024\/02\/Pierre-et-Lou-4.jpg?resize=150%2C150\" alt=\"\" width=\"150\" height=\"150\" srcset=\"https:\/\/i0.wp.com\/www.jojoenherbe.com\/wp-content\/uploads\/2024\/02\/Pierre-et-Lou-4-scaled.jpg?resize=150%2C150 150w, https:\/\/i0.wp.com\/www.jojoenherbe.com\/wp-content\/uploads\/2024\/02\/Pierre-et-Lou-4-scaled.jpg?zoom=2&amp;resize=150%2C150 300w, https:\/\/i0.wp.com\/www.jojoenherbe.com\/wp-content\/uploads\/2024\/02\/Pierre-et-Lou-4-scaled.jpg?zoom=3&amp;resize=150%2C150 450w\" sizes=\"auto, (max-width: 150px) 100vw, 150px\" \/><\/a> <a href=\"https:\/\/i0.wp.com\/www.jojoenherbe.com\/wp-content\/uploads\/2024\/02\/Pierre-et-Lou-5-scaled.jpg\"><img data-recalc-dims=\"1\" loading=\"lazy\" decoding=\"async\" data-attachment-id=\"34821\" data-permalink=\"http:\/\/www.jojoenherbe.com\/index.php\/2024\/02\/20\/au-fil-des-pages-avec-pierre-et-lou\/pierre-et-lou-5\/\" data-orig-file=\"https:\/\/i0.wp.com\/www.jojoenherbe.com\/wp-content\/uploads\/2024\/02\/Pierre-et-Lou-5-scaled.jpg?fit=2560%2C1917\" data-orig-size=\"2560,1917\" data-comments-opened=\"1\" data-image-meta=\"{&quot;aperture&quot;:&quot;1.8&quot;,&quot;credit&quot;:&quot;&quot;,&quot;camera&quot;:&quot;iPhone 7&quot;,&quot;caption&quot;:&quot;&quot;,&quot;created_timestamp&quot;:&quot;1686054317&quot;,&quot;copyright&quot;:&quot;&quot;,&quot;focal_length&quot;:&quot;3.99&quot;,&quot;iso&quot;:&quot;80&quot;,&quot;shutter_speed&quot;:&quot;0.058823529411765&quot;,&quot;title&quot;:&quot;&quot;,&quot;orientation&quot;:&quot;1&quot;}\" data-image-title=\"Pierre et Lou 5\" data-image-description=\"\" data-image-caption=\"\" data-large-file=\"https:\/\/i0.wp.com\/www.jojoenherbe.com\/wp-content\/uploads\/2024\/02\/Pierre-et-Lou-5-scaled.jpg?fit=676%2C506\" class=\"size-thumbnail wp-image-34821 alignright\" src=\"https:\/\/i0.wp.com\/www.jojoenherbe.com\/wp-content\/uploads\/2024\/02\/Pierre-et-Lou-5.jpg?resize=150%2C150\" alt=\"\" width=\"150\" height=\"150\" srcset=\"https:\/\/i0.wp.com\/www.jojoenherbe.com\/wp-content\/uploads\/2024\/02\/Pierre-et-Lou-5-scaled.jpg?resize=150%2C150 150w, https:\/\/i0.wp.com\/www.jojoenherbe.com\/wp-content\/uploads\/2024\/02\/Pierre-et-Lou-5-scaled.jpg?zoom=2&amp;resize=150%2C150 300w, https:\/\/i0.wp.com\/www.jojoenherbe.com\/wp-content\/uploads\/2024\/02\/Pierre-et-Lou-5-scaled.jpg?zoom=3&amp;resize=150%2C150 450w\" sizes=\"auto, (max-width: 150px) 100vw, 150px\" \/><\/a><em>Il y est ainsi question des premiers \u00e9mois amoureux cont\u00e9s avec tendresse et un brin d&rsquo;humour par leurs animaux de compagnie, le chat de Lou et les oiseaux de Pierre, dont les chamailleries font \u00e9cho au rapprochement incertain et mignon entre les deux adolescents et qui s&rsquo;amusent \u00e0 commenter les faits et gestes de ce couple tout mignon.<\/em><\/p>\n<p style=\"text-align: justify;\"><em>J&rsquo;ai bien appr\u00e9ci\u00e9 tant cette douce et touchante romance que les illustrations bleut\u00e9es au charme surann\u00e9 et dans un style \u00e9pur\u00e9 mais pour autant non d\u00e9pourvu de po\u00e9sie, d&rsquo;\u00e9motions et de sensibilit\u00e9 et qui selon les pages se rapproche des bulles de la bande dessin\u00e9e. Un tr\u00e8s bon moment de lecture!<\/em><\/p>\n<div id=\"attachment_33586\" style=\"width: 119px\" class=\"wp-caption aligncenter\"><img data-recalc-dims=\"1\" loading=\"lazy\" decoding=\"async\" aria-describedby=\"caption-attachment-33586\" data-attachment-id=\"33586\" data-permalink=\"http:\/\/www.jojoenherbe.com\/index.php\/2024\/03\/12\/billet-de-suivi-challenge-petit-bac-2024\/challenge-petit-bac-2024\/\" data-orig-file=\"https:\/\/i0.wp.com\/www.jojoenherbe.com\/wp-content\/uploads\/2023\/12\/Challenge-Petit-Bac-2024.jpg?fit=285%2C217\" data-orig-size=\"285,217\" data-comments-opened=\"1\" data-image-meta=\"{&quot;aperture&quot;:&quot;0&quot;,&quot;credit&quot;:&quot;&quot;,&quot;camera&quot;:&quot;&quot;,&quot;caption&quot;:&quot;&quot;,&quot;created_timestamp&quot;:&quot;1702656450&quot;,&quot;copyright&quot;:&quot;&quot;,&quot;focal_length&quot;:&quot;0&quot;,&quot;iso&quot;:&quot;0&quot;,&quot;shutter_speed&quot;:&quot;0&quot;,&quot;title&quot;:&quot;&quot;,&quot;orientation&quot;:&quot;0&quot;}\" data-image-title=\"Challenge Petit Bac 2024\" data-image-description=\"\" data-image-caption=\"\" data-large-file=\"https:\/\/i0.wp.com\/www.jojoenherbe.com\/wp-content\/uploads\/2023\/12\/Challenge-Petit-Bac-2024.jpg?fit=285%2C217\" class=\"wp-image-33586\" src=\"https:\/\/i0.wp.com\/www.jojoenherbe.com\/wp-content\/uploads\/2023\/12\/Challenge-Petit-Bac-2024.jpg?resize=109%2C83\" alt=\"\" width=\"109\" height=\"83\" \/><p id=\"caption-attachment-33586\" class=\"wp-caption-text\">Challenge Petit Bac d\u2019<a href=\"https:\/\/ennalit.wordpress.com\/2023\/12\/01\/challenge-petit-bac-2024-qui-veut-jouer\/\">Enna<\/a> #2 Cat\u00e9gorie Pr\u00e9nom: \u00ab Lou \u00bb<\/p><\/div>\n","protected":false},"excerpt":{"rendered":"<p>J&rsquo;avais lu, en juin 2023, Pierre et Lou d&rsquo;Eric Wantiez et Marie Deschamps (\u00e9d. Scutella, d\u00e9cembre 2009, 88 pages), un album illustr\u00e9 \u00e0 partir de 10\/11 ans, class\u00e9 au rayon \u00ab\u00a0Adolescents\u00a0\u00bb de ma m\u00e9diath\u00e8que. Nous suivons deux jeunes adolescents aux temp\u00e9raments bien diff\u00e9rents, Pierre, amoureux des oiseaux et aimant \u00eatre dehors et Lou, timide dessinatrice [&hellip;]<\/p>\n","protected":false},"author":1,"featured_media":34822,"comment_status":"open","ping_status":"open","sticky":false,"template":"","format":"standard","meta":{"jetpack_post_was_ever_published":false,"_jetpack_newsletter_access":"","_jetpack_dont_email_post_to_subs":false,"_jetpack_newsletter_tier_id":0,"_jetpack_memberships_contains_paywalled_content":false,"_jetpack_memberships_contains_paid_content":false,"footnotes":""},"categories":[363],"tags":[1843,1485,1842,3962,409,777,1780,3974,705,4125,367,4126,3345,393,844],"class_list":["post-34817","post","type-post","status-publish","format-standard","has-post-thumbnail","hentry","category-mini-lecteur","tag-11-13-ans","tag-13-16-ans","tag-adolescence","tag-albums-illustres","tag-albums-jeunesse","tag-amour","tag-animal-de-compagnie","tag-challenge-petit-bac-2024","tag-chat","tag-eric-wantiez","tag-lecture-jeunesse","tag-marie-deschamps","tag-mer-ocean","tag-oiseau","tag-romance","post-preview"],"jetpack_featured_media_url":"https:\/\/i0.wp.com\/www.jojoenherbe.com\/wp-content\/uploads\/2024\/02\/Pierre-et-Lou-scaled.jpg?fit=2560%2C1969","jetpack_sharing_enabled":true,"jetpack_shortlink":"https:\/\/wp.me\/p9zhGx-93z","jetpack_likes_enabled":true,"jetpack-related-posts":[{"id":12690,"url":"http:\/\/www.jojoenherbe.com\/index.php\/2020\/10\/05\/au-fil-des-pages-avec-le-train-fantome\/","url_meta":{"origin":34817,"position":0},"title":"Au fil des pages avec Le train fant\u00f4me","author":"Jojo","date":"5 octobre 2020","format":false,"excerpt":"J'emprunte \u00e0 la m\u00e9diath\u00e8que pour le Challenge Halloween 2020 un album jeunesse que j'avais rep\u00e9r\u00e9 lors du challenge de l'ann\u00e9e derni\u00e8re: Le train fant\u00f4me de Didier L\u00e9vy et Pierre Vaquez (\u00e9d. Sarbacane, 2019), un album jeunesse \u00e0 partir de 7 ans selon l'\u00e9diteur. Lina, une petite fille de 8 ans\u2026","rel":"","context":"Dans &quot;Mini lecteur&quot;","block_context":{"text":"Mini lecteur","link":"http:\/\/www.jojoenherbe.com\/index.php\/category\/mini-lecteur\/"},"img":{"alt_text":"","src":"https:\/\/i0.wp.com\/www.jojoenherbe.com\/wp-content\/uploads\/2020\/10\/Le-train-fantome-scaled.jpg?fit=1200%2C900&resize=350%2C200","width":350,"height":200,"srcset":"https:\/\/i0.wp.com\/www.jojoenherbe.com\/wp-content\/uploads\/2020\/10\/Le-train-fantome-scaled.jpg?fit=1200%2C900&resize=350%2C200 1x, https:\/\/i0.wp.com\/www.jojoenherbe.com\/wp-content\/uploads\/2020\/10\/Le-train-fantome-scaled.jpg?fit=1200%2C900&resize=525%2C300 1.5x, https:\/\/i0.wp.com\/www.jojoenherbe.com\/wp-content\/uploads\/2020\/10\/Le-train-fantome-scaled.jpg?fit=1200%2C900&resize=700%2C400 2x, https:\/\/i0.wp.com\/www.jojoenherbe.com\/wp-content\/uploads\/2020\/10\/Le-train-fantome-scaled.jpg?fit=1200%2C900&resize=1050%2C600 3x"},"classes":[]},{"id":7843,"url":"http:\/\/www.jojoenherbe.com\/index.php\/2019\/10\/06\/au-fil-des-pages-avec-coeur-de-pierre\/","url_meta":{"origin":34817,"position":1},"title":"Au fil des pages avec C\u0153ur de pierre","author":"Jojo","date":"6 octobre 2019","format":false,"excerpt":"Dans le cadre du Halloween Challenge 2019 organis\u00e9 par Hilde et Lou en duo avec Bidib de Ma Petite M\u00e9diath\u00e8que les 17 et 27 octobre 2019 pour le Challenge Contes et L\u00e9gendes au pays d'Halloween 2019, je lis C\u0153ur de pierre de S\u00e9verine Gauthier et J\u00e9r\u00e9mie Almanza (\u00e9d. Delcourt, 2013),\u2026","rel":"","context":"Dans &quot;Mini lecteur&quot;","block_context":{"text":"Mini lecteur","link":"http:\/\/www.jojoenherbe.com\/index.php\/category\/mini-lecteur\/"},"img":{"alt_text":"","src":"https:\/\/i0.wp.com\/www.jojoenherbe.com\/wp-content\/uploads\/2019\/10\/Coeur-de-pierre-1-scaled.jpg?fit=1200%2C900&resize=350%2C200","width":350,"height":200,"srcset":"https:\/\/i0.wp.com\/www.jojoenherbe.com\/wp-content\/uploads\/2019\/10\/Coeur-de-pierre-1-scaled.jpg?fit=1200%2C900&resize=350%2C200 1x, https:\/\/i0.wp.com\/www.jojoenherbe.com\/wp-content\/uploads\/2019\/10\/Coeur-de-pierre-1-scaled.jpg?fit=1200%2C900&resize=525%2C300 1.5x, https:\/\/i0.wp.com\/www.jojoenherbe.com\/wp-content\/uploads\/2019\/10\/Coeur-de-pierre-1-scaled.jpg?fit=1200%2C900&resize=700%2C400 2x, https:\/\/i0.wp.com\/www.jojoenherbe.com\/wp-content\/uploads\/2019\/10\/Coeur-de-pierre-1-scaled.jpg?fit=1200%2C900&resize=1050%2C600 3x"},"classes":[]},{"id":12074,"url":"http:\/\/www.jojoenherbe.com\/index.php\/2020\/09\/03\/au-fil-des-pages-avec-pierre-et-le-loup\/","url_meta":{"origin":34817,"position":2},"title":"Au fil des pages avec Pierre et le loup","author":"Jojo","date":"3 septembre 2020","format":false,"excerpt":"Nous empruntons pendant l'\u00e9t\u00e9 \u00e0 la m\u00e9diath\u00e8que Pierre et le loup de Sergue\u00ef Prokofiev, illustr\u00e9 par Olivier Tallec et racont\u00e9 par Bernard Giraudeau et avec l'Orchestre National de France (\u00e9d. Gallimard Jeunesse, coll. \"les albums musique\", 2019), un album jeunesse \u00e0 partir de 4 ans et accompagn\u00e9 d'un CD. Comme\u2026","rel":"","context":"Dans &quot;Mini lecteur&quot;","block_context":{"text":"Mini lecteur","link":"http:\/\/www.jojoenherbe.com\/index.php\/category\/mini-lecteur\/"},"img":{"alt_text":"","src":"https:\/\/i0.wp.com\/www.jojoenherbe.com\/wp-content\/uploads\/2020\/09\/Pierre-et-le-loup-scaled.jpg?fit=1200%2C900&resize=350%2C200","width":350,"height":200,"srcset":"https:\/\/i0.wp.com\/www.jojoenherbe.com\/wp-content\/uploads\/2020\/09\/Pierre-et-le-loup-scaled.jpg?fit=1200%2C900&resize=350%2C200 1x, https:\/\/i0.wp.com\/www.jojoenherbe.com\/wp-content\/uploads\/2020\/09\/Pierre-et-le-loup-scaled.jpg?fit=1200%2C900&resize=525%2C300 1.5x, https:\/\/i0.wp.com\/www.jojoenherbe.com\/wp-content\/uploads\/2020\/09\/Pierre-et-le-loup-scaled.jpg?fit=1200%2C900&resize=700%2C400 2x, https:\/\/i0.wp.com\/www.jojoenherbe.com\/wp-content\/uploads\/2020\/09\/Pierre-et-le-loup-scaled.jpg?fit=1200%2C900&resize=1050%2C600 3x"},"classes":[]},{"id":13176,"url":"http:\/\/www.jojoenherbe.com\/index.php\/2020\/10\/21\/au-fil-des-pages-avec-verte\/","url_meta":{"origin":34817,"position":3},"title":"Au fil des pages avec Verte","author":"Jojo","date":"21 octobre 2020","format":false,"excerpt":"Pour le mercredi BD du Challenge Halloween du 21 octobre 2020, c'est une lecture commune avec Hilde et Blandine avec Verte, l'adaptation de son roman \u00e9ponyme. Lors du RAT gourmand d'Halloween, j'ai commenc\u00e9 par Verte de Marie Desplechin (\u00e9d. L'\u00e9cole des loisirs, 1996, r\u00e9\u00e9d. 2003), un roman jeunesse \u00e0 partir\u2026","rel":"","context":"Dans &quot;Mini lecteur&quot;","block_context":{"text":"Mini lecteur","link":"http:\/\/www.jojoenherbe.com\/index.php\/category\/mini-lecteur\/"},"img":{"alt_text":"","src":"https:\/\/i0.wp.com\/www.jojoenherbe.com\/wp-content\/uploads\/2020\/10\/Verte-scaled.jpg?fit=1200%2C1033&resize=350%2C200","width":350,"height":200,"srcset":"https:\/\/i0.wp.com\/www.jojoenherbe.com\/wp-content\/uploads\/2020\/10\/Verte-scaled.jpg?fit=1200%2C1033&resize=350%2C200 1x, https:\/\/i0.wp.com\/www.jojoenherbe.com\/wp-content\/uploads\/2020\/10\/Verte-scaled.jpg?fit=1200%2C1033&resize=525%2C300 1.5x, https:\/\/i0.wp.com\/www.jojoenherbe.com\/wp-content\/uploads\/2020\/10\/Verte-scaled.jpg?fit=1200%2C1033&resize=700%2C400 2x, https:\/\/i0.wp.com\/www.jojoenherbe.com\/wp-content\/uploads\/2020\/10\/Verte-scaled.jpg?fit=1200%2C1033&resize=1050%2C600 3x"},"classes":[]},{"id":21784,"url":"http:\/\/www.jojoenherbe.com\/index.php\/2021\/10\/24\/au-fil-des-pages-avec-nina-et-le-petit-chat-perdu\/","url_meta":{"origin":34817,"position":4},"title":"Au fil des pages avec Nina et le petit chat perdu","author":"Jojo","date":"24 octobre 2021","format":false,"excerpt":"Nous lisons et relisons Nina et le petit chat perdu de Nicola Killen\u00a0 (\u00e9d. Quatre Fleuves, 2020), un album jeunesse \u00e0 partir de 3 ans et avec des d\u00e9coupes et des dorures orang\u00e9es \u00e0 chaud. Un matin d'automne, Nina part se promener avec son chat Citrouille et d\u00e9couvre dans les\u2026","rel":"","context":"Dans &quot;Mini lecteur&quot;","block_context":{"text":"Mini lecteur","link":"http:\/\/www.jojoenherbe.com\/index.php\/category\/mini-lecteur\/"},"img":{"alt_text":"","src":"https:\/\/i0.wp.com\/www.jojoenherbe.com\/wp-content\/uploads\/2021\/10\/Nina-et-le-petit-chat-perdu-2-scaled.jpg?fit=1200%2C818&resize=350%2C200","width":350,"height":200,"srcset":"https:\/\/i0.wp.com\/www.jojoenherbe.com\/wp-content\/uploads\/2021\/10\/Nina-et-le-petit-chat-perdu-2-scaled.jpg?fit=1200%2C818&resize=350%2C200 1x, https:\/\/i0.wp.com\/www.jojoenherbe.com\/wp-content\/uploads\/2021\/10\/Nina-et-le-petit-chat-perdu-2-scaled.jpg?fit=1200%2C818&resize=525%2C300 1.5x, https:\/\/i0.wp.com\/www.jojoenherbe.com\/wp-content\/uploads\/2021\/10\/Nina-et-le-petit-chat-perdu-2-scaled.jpg?fit=1200%2C818&resize=700%2C400 2x, https:\/\/i0.wp.com\/www.jojoenherbe.com\/wp-content\/uploads\/2021\/10\/Nina-et-le-petit-chat-perdu-2-scaled.jpg?fit=1200%2C818&resize=1050%2C600 3x"},"classes":[]},{"id":38908,"url":"http:\/\/www.jojoenherbe.com\/index.php\/2025\/04\/06\/au-fil-des-pages-avec-au-lit-miyuki\/","url_meta":{"origin":34817,"position":5},"title":"Au fil des pages avec Au lit Miyuki","author":"Jojo","date":"6 avril 2025","format":false,"excerpt":"Nous avions lu Au lit Miyuki de Roxane Marie Galliez et Seng Soun Ratanavanh (\u00e9d. de La Martini\u00e8re, f\u00e9vrier 2017, 32 pages), un album jeunesse grand format \u00e0 partir de 4\/5 ans. Alors qu'il est temps pour la petite fille d'aller dormir, Miyuki s'emploie par tous les moyens \u00e0 retarder\u2026","rel":"","context":"Dans &quot;Mini lecteur&quot;","block_context":{"text":"Mini lecteur","link":"http:\/\/www.jojoenherbe.com\/index.php\/category\/mini-lecteur\/"},"img":{"alt_text":"","src":"https:\/\/i0.wp.com\/www.jojoenherbe.com\/wp-content\/uploads\/2025\/04\/Au-lit-Miyuki-scaled.jpg?fit=1200%2C1079&resize=350%2C200","width":350,"height":200,"srcset":"https:\/\/i0.wp.com\/www.jojoenherbe.com\/wp-content\/uploads\/2025\/04\/Au-lit-Miyuki-scaled.jpg?fit=1200%2C1079&resize=350%2C200 1x, https:\/\/i0.wp.com\/www.jojoenherbe.com\/wp-content\/uploads\/2025\/04\/Au-lit-Miyuki-scaled.jpg?fit=1200%2C1079&resize=525%2C300 1.5x, https:\/\/i0.wp.com\/www.jojoenherbe.com\/wp-content\/uploads\/2025\/04\/Au-lit-Miyuki-scaled.jpg?fit=1200%2C1079&resize=700%2C400 2x, https:\/\/i0.wp.com\/www.jojoenherbe.com\/wp-content\/uploads\/2025\/04\/Au-lit-Miyuki-scaled.jpg?fit=1200%2C1079&resize=1050%2C600 3x"},"classes":[]}],"_links":{"self":[{"href":"http:\/\/www.jojoenherbe.com\/index.php\/wp-json\/wp\/v2\/posts\/34817","targetHints":{"allow":["GET"]}}],"collection":[{"href":"http:\/\/www.jojoenherbe.com\/index.php\/wp-json\/wp\/v2\/posts"}],"about":[{"href":"http:\/\/www.jojoenherbe.com\/index.php\/wp-json\/wp\/v2\/types\/post"}],"author":[{"embeddable":true,"href":"http:\/\/www.jojoenherbe.com\/index.php\/wp-json\/wp\/v2\/users\/1"}],"replies":[{"embeddable":true,"href":"http:\/\/www.jojoenherbe.com\/index.php\/wp-json\/wp\/v2\/comments?post=34817"}],"version-history":[{"count":3,"href":"http:\/\/www.jojoenherbe.com\/index.php\/wp-json\/wp\/v2\/posts\/34817\/revisions"}],"predecessor-version":[{"id":34855,"href":"http:\/\/www.jojoenherbe.com\/index.php\/wp-json\/wp\/v2\/posts\/34817\/revisions\/34855"}],"wp:featuredmedia":[{"embeddable":true,"href":"http:\/\/www.jojoenherbe.com\/index.php\/wp-json\/wp\/v2\/media\/34822"}],"wp:attachment":[{"href":"http:\/\/www.jojoenherbe.com\/index.php\/wp-json\/wp\/v2\/media?parent=34817"}],"wp:term":[{"taxonomy":"category","embeddable":true,"href":"http:\/\/www.jojoenherbe.com\/index.php\/wp-json\/wp\/v2\/categories?post=34817"},{"taxonomy":"post_tag","embeddable":true,"href":"http:\/\/www.jojoenherbe.com\/index.php\/wp-json\/wp\/v2\/tags?post=34817"}],"curies":[{"name":"wp","href":"https:\/\/api.w.org\/{rel}","templated":true}]}}