{"id":34637,"date":"2024-02-02T20:05:07","date_gmt":"2024-02-02T19:05:07","guid":{"rendered":"https:\/\/www.jojoenherbe.com\/?p=34637"},"modified":"2024-03-15T19:05:03","modified_gmt":"2024-03-15T18:05:03","slug":"billet-de-suivi-african-american-history-month-challenge-2024","status":"publish","type":"post","link":"http:\/\/www.jojoenherbe.com\/index.php\/2024\/02\/02\/billet-de-suivi-african-american-history-month-challenge-2024\/","title":{"rendered":"Billet de suivi: African-American History Month Challenge 2024"},"content":{"rendered":"<p style=\"text-align: justify;\"><em>Cette ann\u00e9e, je participe \u00e0 l&rsquo;African-American History Month Challenge (AAHM Challenge) 2024 organis\u00e9 depuis plusieurs ann\u00e9es par <a href=\"https:\/\/ennalit.wordpress.com\/2024\/01\/15\/african-american-history-month-challenge-2024-inscriptions\/\">Enna<\/a>, tout au long du mois de f\u00e9vrier. Il s&rsquo;agit de parler des Afro-Am\u00e9ricains dans l\u2019histoire ou dans la fiction. Pour plus d\u2019infos, n\u2019h\u00e9sitez pas \u00e0 aller sur son blog ou sur le groupe FB: <a href=\"https:\/\/www.facebook.com\/groups\/604183826691772\/\">ici<\/a>.<\/em><\/p>\n<p style=\"text-align: justify;\"><em>Comme le rappelle Enna dans son billet de pr\u00e9sentation, le Congr\u00e8s am\u00e9ricain a d\u00e9clar\u00e9, en 1986, le mois de f\u00e9vrier serait \u00ab National Black History Month \u00bb; ce qui faisait suite \u00e0 l&rsquo;instauration dans les ann\u00e9es 20 sous l&rsquo;impulsion de l&rsquo;historien Carter G. Woodson de la \u00ab Negro History Week \u00bb , une semaine pour mettre \u00e0 l\u2019honneur les Afro-Am\u00e9ricains qui n\u2019\u00e9taient pas assez reconnus dans l\u2019histoire du pays et qui fut transform\u00e9e en mois par le pr\u00e9sident Ford en 1976.<\/em><\/p>\n<p style=\"text-align: justify;\"><em>Ce billet sera actualis\u00e9 au fil du mois en tenant compte uniquement de mes lectures entrant dans les th\u00e8mes de l&rsquo;AAHM Challenge tout en faisant un billet s\u00e9par\u00e9 pour chaque participation. <\/em><\/p>\n<p style=\"text-align: justify;\"><em>Pour d&rsquo;autres id\u00e9es de lecture, les autres participantes: <a href=\"https:\/\/ennalit.wordpress.com\/2024\/02\/02\/african-american-history-month-challenge-2024-bilan\/\">Enna<\/a>, <a href=\"https:\/\/vivrelivre19.over-blog.com\/2024\/02\/african-american-history-month-challenge-2024-par-enna.html\">Blandine<\/a>, <a href=\"https:\/\/chezpurple.blogspot.com\/\">Purple Velvet<\/a>, <a href=\"http:\/\/delivrer-des-livres.fr\/\">Nathalie<\/a>, <a href=\"https:\/\/toursetculture.com\/\">Eimelle<\/a>&#8230;<br \/><\/em><\/p>\n<p style=\"text-align: justify;\"><em>Je me rappelle \u00e9galement avoir d\u00e9j\u00e0 parl\u00e9 sur le blog des livres suivants (j&rsquo;en ai s\u00fbrement oubli\u00e9):<\/em><\/p>\n<ul>\n<li style=\"text-align: justify;\"><em><a href=\"https:\/\/i0.wp.com\/www.jojoenherbe.com\/wp-content\/uploads\/2020\/09\/Beloved-scaled.jpg\"><img data-recalc-dims=\"1\" loading=\"lazy\" decoding=\"async\" data-attachment-id=\"12109\" data-permalink=\"http:\/\/www.jojoenherbe.com\/index.php\/2020\/09\/04\/au-fil-des-pages-avec-beloved\/beloved\/\" data-orig-file=\"https:\/\/i0.wp.com\/www.jojoenherbe.com\/wp-content\/uploads\/2020\/09\/Beloved-scaled.jpg?fit=2560%2C1920\" data-orig-size=\"2560,1920\" data-comments-opened=\"1\" data-image-meta=\"{&quot;aperture&quot;:&quot;1.8&quot;,&quot;credit&quot;:&quot;&quot;,&quot;camera&quot;:&quot;iPhone 7&quot;,&quot;caption&quot;:&quot;&quot;,&quot;created_timestamp&quot;:&quot;1599245413&quot;,&quot;copyright&quot;:&quot;&quot;,&quot;focal_length&quot;:&quot;3.99&quot;,&quot;iso&quot;:&quot;80&quot;,&quot;shutter_speed&quot;:&quot;0.058823529411765&quot;,&quot;title&quot;:&quot;&quot;,&quot;orientation&quot;:&quot;1&quot;}\" data-image-title=\"Beloved\" data-image-description=\"\" data-image-caption=\"\" data-large-file=\"https:\/\/i0.wp.com\/www.jojoenherbe.com\/wp-content\/uploads\/2020\/09\/Beloved-scaled.jpg?fit=676%2C507\" class=\"size-thumbnail wp-image-12109 alignleft\" src=\"https:\/\/i0.wp.com\/www.jojoenherbe.com\/wp-content\/uploads\/2020\/09\/Beloved.jpg?resize=150%2C150\" alt=\"\" width=\"150\" height=\"150\" srcset=\"https:\/\/i0.wp.com\/www.jojoenherbe.com\/wp-content\/uploads\/2020\/09\/Beloved-scaled.jpg?resize=150%2C150 150w, https:\/\/i0.wp.com\/www.jojoenherbe.com\/wp-content\/uploads\/2020\/09\/Beloved-scaled.jpg?zoom=2&amp;resize=150%2C150 300w, https:\/\/i0.wp.com\/www.jojoenherbe.com\/wp-content\/uploads\/2020\/09\/Beloved-scaled.jpg?zoom=3&amp;resize=150%2C150 450w\" sizes=\"auto, (max-width: 150px) 100vw, 150px\" \/><\/a>(Roman adulte) <a href=\"https:\/\/www.jojoenherbe.com\/index.php\/2020\/09\/04\/au-fil-des-pages-avec-beloved\/\"><span style=\"text-decoration: underline;\">Beloved<\/span><\/a> de Toni Morrison (\u00e9d. 10\/18, 1986, r\u00e9\u00e9d. 2009), un roman ayant re\u00e7u le Prix Pulitzer Fiction en 1988<\/em>\u00a0<\/li>\n<li style=\"text-align: justify;\"><a href=\"https:\/\/i0.wp.com\/www.jojoenherbe.com\/wp-content\/uploads\/2020\/09\/Les-chemins-secrets-de-la-liberte-scaled.jpg\"><img data-recalc-dims=\"1\" loading=\"lazy\" decoding=\"async\" data-attachment-id=\"12561\" data-permalink=\"http:\/\/www.jojoenherbe.com\/index.php\/2020\/09\/29\/au-fil-des-pages-avec-les-chemins-secrets-de-la-liberte\/les-chemins-secrets-de-la-liberte\/\" data-orig-file=\"https:\/\/i0.wp.com\/www.jojoenherbe.com\/wp-content\/uploads\/2020\/09\/Les-chemins-secrets-de-la-liberte-scaled.jpg?fit=2560%2C1920\" data-orig-size=\"2560,1920\" data-comments-opened=\"1\" data-image-meta=\"{&quot;aperture&quot;:&quot;1.8&quot;,&quot;credit&quot;:&quot;&quot;,&quot;camera&quot;:&quot;iPhone 7&quot;,&quot;caption&quot;:&quot;&quot;,&quot;created_timestamp&quot;:&quot;1601392549&quot;,&quot;copyright&quot;:&quot;&quot;,&quot;focal_length&quot;:&quot;3.99&quot;,&quot;iso&quot;:&quot;50&quot;,&quot;shutter_speed&quot;:&quot;0.058823529411765&quot;,&quot;title&quot;:&quot;&quot;,&quot;orientation&quot;:&quot;1&quot;}\" data-image-title=\"Les chemins secrets de la libert\u00e9\" data-image-description=\"\" data-image-caption=\"\" data-large-file=\"https:\/\/i0.wp.com\/www.jojoenherbe.com\/wp-content\/uploads\/2020\/09\/Les-chemins-secrets-de-la-liberte-scaled.jpg?fit=676%2C507\" class=\"size-thumbnail wp-image-12561 alignright\" src=\"https:\/\/i0.wp.com\/www.jojoenherbe.com\/wp-content\/uploads\/2020\/09\/Les-chemins-secrets-de-la-liberte.jpg?resize=150%2C150\" alt=\"\" width=\"150\" height=\"150\" srcset=\"https:\/\/i0.wp.com\/www.jojoenherbe.com\/wp-content\/uploads\/2020\/09\/Les-chemins-secrets-de-la-liberte-scaled.jpg?resize=150%2C150 150w, https:\/\/i0.wp.com\/www.jojoenherbe.com\/wp-content\/uploads\/2020\/09\/Les-chemins-secrets-de-la-liberte-scaled.jpg?zoom=2&amp;resize=150%2C150 300w, https:\/\/i0.wp.com\/www.jojoenherbe.com\/wp-content\/uploads\/2020\/09\/Les-chemins-secrets-de-la-liberte-scaled.jpg?zoom=3&amp;resize=150%2C150 450w\" sizes=\"auto, (max-width: 150px) 100vw, 150px\" \/><\/a><em>(Roman jeunesse) <a href=\"https:\/\/www.jojoenherbe.com\/index.php\/2020\/09\/29\/au-fil-des-pages-avec-les-chemins-secrets-de-la-liberte\/\"><span style=\"text-decoration: underline;\">Les chemins secrets de la libert\u00e9<\/span><\/a> de Barbara Smucker et illustr\u00e9 par Yves Beaujard (\u00e9d. Castor Poche Flammarion, 1982, r\u00e9\u00e9d. 1991), un roman jeunesse \u00e0 partir de 10 ans<\/em><\/li>\n<li style=\"text-align: justify;\"><em><a href=\"https:\/\/i0.wp.com\/www.jojoenherbe.com\/wp-content\/uploads\/2023\/09\/La-longue-marche-des-dindes.jpg\"><img data-recalc-dims=\"1\" loading=\"lazy\" decoding=\"async\" data-attachment-id=\"31971\" data-permalink=\"http:\/\/www.jojoenherbe.com\/index.php\/2023\/09\/15\/au-fil-des-pages-avec-la-longue-marche-des-dindes-bd\/la-longue-marche-des-dindes\/\" data-orig-file=\"https:\/\/i0.wp.com\/www.jojoenherbe.com\/wp-content\/uploads\/2023\/09\/La-longue-marche-des-dindes.jpg?fit=750%2C1178\" data-orig-size=\"750,1178\" data-comments-opened=\"1\" data-image-meta=\"{&quot;aperture&quot;:&quot;0&quot;,&quot;credit&quot;:&quot;&quot;,&quot;camera&quot;:&quot;&quot;,&quot;caption&quot;:&quot;&quot;,&quot;created_timestamp&quot;:&quot;0&quot;,&quot;copyright&quot;:&quot;&quot;,&quot;focal_length&quot;:&quot;0&quot;,&quot;iso&quot;:&quot;0&quot;,&quot;shutter_speed&quot;:&quot;0&quot;,&quot;title&quot;:&quot;&quot;,&quot;orientation&quot;:&quot;0&quot;}\" data-image-title=\"La longue marche des dindes\" data-image-description=\"\" data-image-caption=\"\" data-large-file=\"https:\/\/i0.wp.com\/www.jojoenherbe.com\/wp-content\/uploads\/2023\/09\/La-longue-marche-des-dindes.jpg?fit=652%2C1024\" class=\"size-thumbnail wp-image-31971 alignleft\" src=\"https:\/\/i0.wp.com\/www.jojoenherbe.com\/wp-content\/uploads\/2023\/09\/La-longue-marche-des-dindes.jpg?resize=150%2C150\" alt=\"\" width=\"150\" height=\"150\" srcset=\"https:\/\/i0.wp.com\/www.jojoenherbe.com\/wp-content\/uploads\/2023\/09\/La-longue-marche-des-dindes.jpg?resize=150%2C150 150w, https:\/\/i0.wp.com\/www.jojoenherbe.com\/wp-content\/uploads\/2023\/09\/La-longue-marche-des-dindes.jpg?zoom=2&amp;resize=150%2C150 300w, https:\/\/i0.wp.com\/www.jojoenherbe.com\/wp-content\/uploads\/2023\/09\/La-longue-marche-des-dindes.jpg?zoom=3&amp;resize=150%2C150 450w\" sizes=\"auto, (max-width: 150px) 100vw, 150px\" \/><\/a>(BD jeunesse) <a href=\"https:\/\/www.jojoenherbe.com\/index.php\/2023\/09\/15\/au-fil-des-pages-avec-la-longue-marche-des-dindes-bd\/\"><span style=\"text-decoration: underline;\">La longue marche des dindes<\/span><\/a> de L\u00e9onie Bischoff, d\u2019apr\u00e8s Kathleen Karr (\u00e9d. Rue des S\u00e8vres, septembre 2022, 144 pages), un roman graphique jeunesse \u00e0 partir de 9\/10 ans, joliment illustr\u00e9 et adoptant en BD le roman \u00e9ponyme de Kathleen Karr paru pour la premi\u00e8re fois aux \u00c9tats-Unis en 1998<\/em><\/li>\n<li style=\"text-align: justify;\"><em><a href=\"https:\/\/i0.wp.com\/www.jojoenherbe.com\/wp-content\/uploads\/2022\/04\/Blanc-autour-scaled.jpg\"><img data-recalc-dims=\"1\" loading=\"lazy\" decoding=\"async\" data-attachment-id=\"25279\" data-permalink=\"http:\/\/www.jojoenherbe.com\/index.php\/2022\/06\/15\/au-fil-des-pages-avec-blanc-autour\/blanc-autour\/\" data-orig-file=\"https:\/\/i0.wp.com\/www.jojoenherbe.com\/wp-content\/uploads\/2022\/04\/Blanc-autour-scaled.jpg?fit=2560%2C1973\" data-orig-size=\"2560,1973\" data-comments-opened=\"1\" data-image-meta=\"{&quot;aperture&quot;:&quot;1.8&quot;,&quot;credit&quot;:&quot;&quot;,&quot;camera&quot;:&quot;iPhone 7&quot;,&quot;caption&quot;:&quot;&quot;,&quot;created_timestamp&quot;:&quot;1651156987&quot;,&quot;copyright&quot;:&quot;&quot;,&quot;focal_length&quot;:&quot;3.99&quot;,&quot;iso&quot;:&quot;80&quot;,&quot;shutter_speed&quot;:&quot;0.058823529411765&quot;,&quot;title&quot;:&quot;&quot;,&quot;orientation&quot;:&quot;1&quot;}\" data-image-title=\"Blanc autour\" data-image-description=\"\" data-image-caption=\"\" data-large-file=\"https:\/\/i0.wp.com\/www.jojoenherbe.com\/wp-content\/uploads\/2022\/04\/Blanc-autour-scaled.jpg?fit=676%2C521\" class=\"size-thumbnail wp-image-25279 alignright\" src=\"https:\/\/i0.wp.com\/www.jojoenherbe.com\/wp-content\/uploads\/2022\/04\/Blanc-autour.jpg?resize=150%2C150\" alt=\"\" width=\"150\" height=\"150\" srcset=\"https:\/\/i0.wp.com\/www.jojoenherbe.com\/wp-content\/uploads\/2022\/04\/Blanc-autour-scaled.jpg?resize=150%2C150 150w, https:\/\/i0.wp.com\/www.jojoenherbe.com\/wp-content\/uploads\/2022\/04\/Blanc-autour-scaled.jpg?zoom=2&amp;resize=150%2C150 300w, https:\/\/i0.wp.com\/www.jojoenherbe.com\/wp-content\/uploads\/2022\/04\/Blanc-autour-scaled.jpg?zoom=3&amp;resize=150%2C150 450w\" sizes=\"auto, (max-width: 150px) 100vw, 150px\" \/><\/a>(BD adulte) <a href=\"https:\/\/www.jojoenherbe.com\/index.php\/2022\/06\/15\/au-fil-des-pages-avec-blanc-autour\/\"><span style=\"text-decoration: underline;\">Blanc autour<\/span><\/a> de Wilfried Lupano et St\u00e9phane Fert (\u00e9d. Dargaud, 2020, 144 pages), une BD adulte s\u2019inspirant de faits et personnages historiques ayant exist\u00e9 aux \u00c9tats-Unis, 30 ans avant la Guerre de S\u00e9cession. <\/em><\/li>\n<li style=\"text-align: justify;\"><em><a href=\"https:\/\/i0.wp.com\/www.jojoenherbe.com\/wp-content\/uploads\/2020\/09\/Rosa-Parks-scaled.jpg\"><img data-recalc-dims=\"1\" loading=\"lazy\" decoding=\"async\" data-attachment-id=\"12419\" data-permalink=\"http:\/\/www.jojoenherbe.com\/index.php\/2020\/09\/30\/au-fil-des-pages-avec-rosa-parks\/rosa-parks\/\" data-orig-file=\"https:\/\/i0.wp.com\/www.jojoenherbe.com\/wp-content\/uploads\/2020\/09\/Rosa-Parks-scaled.jpg?fit=2560%2C1889\" data-orig-size=\"2560,1889\" data-comments-opened=\"1\" data-image-meta=\"{&quot;aperture&quot;:&quot;1.8&quot;,&quot;credit&quot;:&quot;&quot;,&quot;camera&quot;:&quot;iPhone 7&quot;,&quot;caption&quot;:&quot;&quot;,&quot;created_timestamp&quot;:&quot;1599828959&quot;,&quot;copyright&quot;:&quot;&quot;,&quot;focal_length&quot;:&quot;3.99&quot;,&quot;iso&quot;:&quot;80&quot;,&quot;shutter_speed&quot;:&quot;0.16666666666667&quot;,&quot;title&quot;:&quot;&quot;,&quot;orientation&quot;:&quot;1&quot;}\" data-image-title=\"Rosa Parks\" data-image-description=\"\" data-image-caption=\"\" data-large-file=\"https:\/\/i0.wp.com\/www.jojoenherbe.com\/wp-content\/uploads\/2020\/09\/Rosa-Parks-scaled.jpg?fit=676%2C499\" class=\"size-thumbnail wp-image-12419 alignleft\" src=\"https:\/\/i0.wp.com\/www.jojoenherbe.com\/wp-content\/uploads\/2020\/09\/Rosa-Parks.jpg?resize=150%2C150\" alt=\"\" width=\"150\" height=\"150\" srcset=\"https:\/\/i0.wp.com\/www.jojoenherbe.com\/wp-content\/uploads\/2020\/09\/Rosa-Parks-scaled.jpg?resize=150%2C150 150w, https:\/\/i0.wp.com\/www.jojoenherbe.com\/wp-content\/uploads\/2020\/09\/Rosa-Parks-scaled.jpg?zoom=2&amp;resize=150%2C150 300w, https:\/\/i0.wp.com\/www.jojoenherbe.com\/wp-content\/uploads\/2020\/09\/Rosa-Parks-scaled.jpg?zoom=3&amp;resize=150%2C150 450w\" sizes=\"auto, (max-width: 150px) 100vw, 150px\" \/><\/a>(Album jeunesse) <a href=\"https:\/\/www.jojoenherbe.com\/index.php\/2020\/09\/30\/au-fil-des-pages-avec-rosa-parks\/\"><span style=\"text-decoration: underline;\">Rosa Parks<\/span><\/a> de Lisbeth Kaiser et Marta Antelo (\u00e9d. Kimane, coll. Petite &amp; Grande, 2018), un album jeunesse \u00e0 partir de 6 ans<\/em><\/li>\n<li style=\"text-align: justify;\"><em><a href=\"https:\/\/i0.wp.com\/www.jojoenherbe.com\/wp-content\/uploads\/2020\/09\/Blues-Bayou-scaled.jpg\"><img data-recalc-dims=\"1\" loading=\"lazy\" decoding=\"async\" data-attachment-id=\"12128\" data-permalink=\"http:\/\/www.jojoenherbe.com\/index.php\/2020\/09\/06\/au-fil-des-pages-avec-blues-bayou\/blues-bayou\/\" data-orig-file=\"https:\/\/i0.wp.com\/www.jojoenherbe.com\/wp-content\/uploads\/2020\/09\/Blues-Bayou-scaled.jpg?fit=2560%2C1920\" data-orig-size=\"2560,1920\" data-comments-opened=\"1\" data-image-meta=\"{&quot;aperture&quot;:&quot;1.8&quot;,&quot;credit&quot;:&quot;&quot;,&quot;camera&quot;:&quot;iPhone 7&quot;,&quot;caption&quot;:&quot;&quot;,&quot;created_timestamp&quot;:&quot;1599391013&quot;,&quot;copyright&quot;:&quot;&quot;,&quot;focal_length&quot;:&quot;3.99&quot;,&quot;iso&quot;:&quot;80&quot;,&quot;shutter_speed&quot;:&quot;0.2&quot;,&quot;title&quot;:&quot;&quot;,&quot;orientation&quot;:&quot;0&quot;}\" data-image-title=\"Blues Bayou\" data-image-description=\"\" data-image-caption=\"\" data-large-file=\"https:\/\/i0.wp.com\/www.jojoenherbe.com\/wp-content\/uploads\/2020\/09\/Blues-Bayou-scaled.jpg?fit=676%2C507\" class=\"size-thumbnail wp-image-12128 alignright\" src=\"https:\/\/i0.wp.com\/www.jojoenherbe.com\/wp-content\/uploads\/2020\/09\/Blues-Bayou.jpg?resize=150%2C150\" alt=\"\" width=\"150\" height=\"150\" srcset=\"https:\/\/i0.wp.com\/www.jojoenherbe.com\/wp-content\/uploads\/2020\/09\/Blues-Bayou-scaled.jpg?resize=150%2C150 150w, https:\/\/i0.wp.com\/www.jojoenherbe.com\/wp-content\/uploads\/2020\/09\/Blues-Bayou-scaled.jpg?zoom=2&amp;resize=150%2C150 300w, https:\/\/i0.wp.com\/www.jojoenherbe.com\/wp-content\/uploads\/2020\/09\/Blues-Bayou-scaled.jpg?zoom=3&amp;resize=150%2C150 450w\" sizes=\"auto, (max-width: 150px) 100vw, 150px\" \/><\/a>(Album jeunesse) <span class=\"\"><a href=\"http:\/\/www.jojoenherbe.com\/index.php\/2020\/09\/06\/au-fil-des-pages-avec-blues-bayou\/\"><span style=\"text-decoration: underline;\">Blues Bayou<\/span><\/a> de Benjamin Lacombe et Daniela Cytryn (\u00e9d. Milan Jeunesse, 2009), un album jeunesse \u00e0 partir de 3 ans<\/span><\/em><\/li>\n<li style=\"text-align: justify;\"><em><a href=\"https:\/\/i0.wp.com\/www.jojoenherbe.com\/wp-content\/uploads\/2024\/01\/Les-enfants-du-blizzard.jpg\"><img data-recalc-dims=\"1\" loading=\"lazy\" decoding=\"async\" data-attachment-id=\"34300\" data-permalink=\"http:\/\/www.jojoenherbe.com\/index.php\/2024\/01\/15\/point-lecture-hebdomadaire-2024-2\/les-enfants-du-blizzard\/\" data-orig-file=\"https:\/\/i0.wp.com\/www.jojoenherbe.com\/wp-content\/uploads\/2024\/01\/Les-enfants-du-blizzard.jpg?fit=750%2C1334\" data-orig-size=\"750,1334\" data-comments-opened=\"1\" data-image-meta=\"{&quot;aperture&quot;:&quot;0&quot;,&quot;credit&quot;:&quot;&quot;,&quot;camera&quot;:&quot;&quot;,&quot;caption&quot;:&quot;&quot;,&quot;created_timestamp&quot;:&quot;0&quot;,&quot;copyright&quot;:&quot;&quot;,&quot;focal_length&quot;:&quot;0&quot;,&quot;iso&quot;:&quot;0&quot;,&quot;shutter_speed&quot;:&quot;0&quot;,&quot;title&quot;:&quot;&quot;,&quot;orientation&quot;:&quot;1&quot;}\" data-image-title=\"Les enfants du blizzard\" data-image-description=\"\" data-image-caption=\"\" data-large-file=\"https:\/\/i0.wp.com\/www.jojoenherbe.com\/wp-content\/uploads\/2024\/01\/Les-enfants-du-blizzard.jpg?fit=576%2C1024\" class=\"size-thumbnail wp-image-34300 alignleft\" src=\"https:\/\/i0.wp.com\/www.jojoenherbe.com\/wp-content\/uploads\/2024\/01\/Les-enfants-du-blizzard.jpg?resize=150%2C150\" alt=\"\" width=\"150\" height=\"150\" srcset=\"https:\/\/i0.wp.com\/www.jojoenherbe.com\/wp-content\/uploads\/2024\/01\/Les-enfants-du-blizzard.jpg?resize=150%2C150 150w, https:\/\/i0.wp.com\/www.jojoenherbe.com\/wp-content\/uploads\/2024\/01\/Les-enfants-du-blizzard.jpg?zoom=2&amp;resize=150%2C150 300w, https:\/\/i0.wp.com\/www.jojoenherbe.com\/wp-content\/uploads\/2024\/01\/Les-enfants-du-blizzard.jpg?zoom=3&amp;resize=150%2C150 450w\" sizes=\"auto, (max-width: 150px) 100vw, 150px\" \/><\/a>(Roman historique) <a href=\"http:\/\/www.jojoenherbe.com\/index.php\/2024\/01\/18\/au-fil-des-pages-avec-les-enfants-du-blizzard\/\"><span style=\"text-decoration: underline;\">Les enfants du blizzard<\/span><\/a> de Melanie Benjamin (\u00e9d. Albin Michel, novembre 2023, 400 pages), un roman historique retra\u00e7ant un terrible fait divers am\u00e9ricain et qui a co\u00fbt\u00e9 la vie \u00e0 de nombreux enfants (en parlant un peu du sort des \u00e9coliers afro-am\u00e9ricains).<\/em><\/li>\n<\/ul>\n<p style=\"text-align: center;\">* * *<\/p>\n<p style=\"text-align: justify;\"><em><a href=\"https:\/\/i0.wp.com\/www.jojoenherbe.com\/wp-content\/uploads\/2024\/02\/AAHM-Challenge-2024-PAL-scaled.jpg\"><img data-recalc-dims=\"1\" loading=\"lazy\" decoding=\"async\" data-attachment-id=\"34639\" data-permalink=\"http:\/\/www.jojoenherbe.com\/index.php\/2024\/02\/02\/billet-de-suivi-african-american-history-month-challenge-2024\/aahm-challenge-2024-pal\/\" data-orig-file=\"https:\/\/i0.wp.com\/www.jojoenherbe.com\/wp-content\/uploads\/2024\/02\/AAHM-Challenge-2024-PAL-scaled.jpg?fit=2560%2C2302\" data-orig-size=\"2560,2302\" data-comments-opened=\"1\" data-image-meta=\"{&quot;aperture&quot;:&quot;1.8&quot;,&quot;credit&quot;:&quot;&quot;,&quot;camera&quot;:&quot;iPhone 7&quot;,&quot;caption&quot;:&quot;&quot;,&quot;created_timestamp&quot;:&quot;1706898770&quot;,&quot;copyright&quot;:&quot;&quot;,&quot;focal_length&quot;:&quot;3.99&quot;,&quot;iso&quot;:&quot;80&quot;,&quot;shutter_speed&quot;:&quot;0.2&quot;,&quot;title&quot;:&quot;&quot;,&quot;orientation&quot;:&quot;1&quot;}\" data-image-title=\"AAHM Challenge 2024 &amp;#8211; PAL\" data-image-description=\"\" data-image-caption=\"\" data-large-file=\"https:\/\/i0.wp.com\/www.jojoenherbe.com\/wp-content\/uploads\/2024\/02\/AAHM-Challenge-2024-PAL-scaled.jpg?fit=676%2C608\" class=\"size-medium wp-image-34639 alignright\" src=\"https:\/\/i0.wp.com\/www.jojoenherbe.com\/wp-content\/uploads\/2024\/02\/AAHM-Challenge-2024-PAL.jpg?resize=300%2C270\" alt=\"\" width=\"300\" height=\"270\" srcset=\"https:\/\/i0.wp.com\/www.jojoenherbe.com\/wp-content\/uploads\/2024\/02\/AAHM-Challenge-2024-PAL-scaled.jpg?resize=300%2C270 300w, https:\/\/i0.wp.com\/www.jojoenherbe.com\/wp-content\/uploads\/2024\/02\/AAHM-Challenge-2024-PAL-scaled.jpg?resize=1024%2C921 1024w, https:\/\/i0.wp.com\/www.jojoenherbe.com\/wp-content\/uploads\/2024\/02\/AAHM-Challenge-2024-PAL-scaled.jpg?resize=768%2C691 768w, https:\/\/i0.wp.com\/www.jojoenherbe.com\/wp-content\/uploads\/2024\/02\/AAHM-Challenge-2024-PAL-scaled.jpg?resize=1536%2C1381 1536w, https:\/\/i0.wp.com\/www.jojoenherbe.com\/wp-content\/uploads\/2024\/02\/AAHM-Challenge-2024-PAL-scaled.jpg?resize=2048%2C1842 2048w, https:\/\/i0.wp.com\/www.jojoenherbe.com\/wp-content\/uploads\/2024\/02\/AAHM-Challenge-2024-PAL-scaled.jpg?resize=676%2C608 676w, https:\/\/i0.wp.com\/www.jojoenherbe.com\/wp-content\/uploads\/2024\/02\/AAHM-Challenge-2024-PAL-scaled.jpg?w=1352 1352w\" sizes=\"auto, (max-width: 300px) 100vw, 300px\" \/><\/a>Qu&rsquo;ai-je pr\u00e9vu de lire ce mois-ci? J&rsquo;ai emprunt\u00e9 \u00e0 la m\u00e9diath\u00e8que <span style=\"text-decoration: underline;\">Freedom! L\u2019incroyable histoire de l\u2019Underground Railroad<\/span> de Jennifer Dalrymphe et Justine Brax (\u00e9d. Albin Michel Jeunesse, septembre 2021, 91 pages), un documentaire jeunesse \u00e0 partir de 8 ans et 2 romans de Colson Whitehead: <span style=\"text-decoration: underline;\">Nickel boys<\/span> (\u00e9d. Albin Michel, ao\u00fbt 2020, 272 pages) et <span style=\"text-decoration: underline;\">Underground Railroad<\/span> (\u00e9d. Albin Michel, ao\u00fbt 2017, 416 pages) et en discutant de ce challenge avec l&rsquo;une des biblioth\u00e9caires, elle m&rsquo;a conseill\u00e9 <span style=\"text-decoration: underline;\">Du m\u00eame sang<\/span> de Denene Millner (\u00e9d. Le Cherche Midi, ao\u00fbt 2023, 624 pages). Je suis aussi repartie avec.<\/em><\/p>\n<ul>\n<li style=\"text-align: justify;\"><a href=\"https:\/\/i0.wp.com\/www.jojoenherbe.com\/wp-content\/uploads\/2024\/02\/LAmour-est-une-haine-comme-les-autres.jpg\"><img data-recalc-dims=\"1\" loading=\"lazy\" decoding=\"async\" data-attachment-id=\"34659\" data-permalink=\"http:\/\/www.jojoenherbe.com\/index.php\/2024\/02\/05\/point-lecture-hebdomadaire-2024-5\/lamour-est-une-haine-comme-les-autres\/\" data-orig-file=\"https:\/\/i0.wp.com\/www.jojoenherbe.com\/wp-content\/uploads\/2024\/02\/LAmour-est-une-haine-comme-les-autres.jpg?fit=750%2C1153\" data-orig-size=\"750,1153\" data-comments-opened=\"1\" data-image-meta=\"{&quot;aperture&quot;:&quot;0&quot;,&quot;credit&quot;:&quot;&quot;,&quot;camera&quot;:&quot;&quot;,&quot;caption&quot;:&quot;&quot;,&quot;created_timestamp&quot;:&quot;0&quot;,&quot;copyright&quot;:&quot;&quot;,&quot;focal_length&quot;:&quot;0&quot;,&quot;iso&quot;:&quot;0&quot;,&quot;shutter_speed&quot;:&quot;0&quot;,&quot;title&quot;:&quot;&quot;,&quot;orientation&quot;:&quot;1&quot;}\" data-image-title=\"L&amp;rsquo;Amour est une haine comme les autres\" data-image-description=\"\" data-image-caption=\"\" data-large-file=\"https:\/\/i0.wp.com\/www.jojoenherbe.com\/wp-content\/uploads\/2024\/02\/LAmour-est-une-haine-comme-les-autres.jpg?fit=666%2C1024\" class=\"alignleft size-thumbnail wp-image-34659\" src=\"https:\/\/i0.wp.com\/www.jojoenherbe.com\/wp-content\/uploads\/2024\/02\/LAmour-est-une-haine-comme-les-autres.jpg?resize=150%2C150\" alt=\"\" width=\"150\" height=\"150\" srcset=\"https:\/\/i0.wp.com\/www.jojoenherbe.com\/wp-content\/uploads\/2024\/02\/LAmour-est-une-haine-comme-les-autres.jpg?resize=150%2C150 150w, https:\/\/i0.wp.com\/www.jojoenherbe.com\/wp-content\/uploads\/2024\/02\/LAmour-est-une-haine-comme-les-autres.jpg?zoom=2&amp;resize=150%2C150 300w, https:\/\/i0.wp.com\/www.jojoenherbe.com\/wp-content\/uploads\/2024\/02\/LAmour-est-une-haine-comme-les-autres.jpg?zoom=3&amp;resize=150%2C150 450w\" sizes=\"auto, (max-width: 150px) 100vw, 150px\" \/><\/a><em>(BD adulte) <a href=\"https:\/\/www.jojoenherbe.com\/index.php\/2024\/02\/07\/au-fil-des-pages-avec-lamour-est-une-haine-comme-les-autres\/\"><span style=\"text-decoration: underline;\">L&rsquo;Amour est une haine comme les autres<\/span><\/a> de St\u00e9phane Louis et Lionel Marty (\u00e9d. Bamboo, f\u00e9vrier 2017, 72 pages)<\/em><\/li>\n<li style=\"text-align: justify;\"><em><a href=\"https:\/\/i0.wp.com\/www.jojoenherbe.com\/wp-content\/uploads\/2024\/02\/Freedom-Lincroyable-histoire-de-lUnderground-Railroad-scaled.jpg\"><img data-recalc-dims=\"1\" loading=\"lazy\" decoding=\"async\" data-attachment-id=\"34780\" data-permalink=\"http:\/\/www.jojoenherbe.com\/index.php\/2024\/02\/12\/point-lecture-hebdomadaire-2024-6\/freedom-lincroyable-histoire-de-lunderground-railroad\/\" data-orig-file=\"https:\/\/i0.wp.com\/www.jojoenherbe.com\/wp-content\/uploads\/2024\/02\/Freedom-Lincroyable-histoire-de-lUnderground-Railroad-scaled.jpg?fit=2560%2C1880\" data-orig-size=\"2560,1880\" data-comments-opened=\"1\" data-image-meta=\"{&quot;aperture&quot;:&quot;1.8&quot;,&quot;credit&quot;:&quot;&quot;,&quot;camera&quot;:&quot;iPhone 7&quot;,&quot;caption&quot;:&quot;&quot;,&quot;created_timestamp&quot;:&quot;1707837409&quot;,&quot;copyright&quot;:&quot;&quot;,&quot;focal_length&quot;:&quot;3.99&quot;,&quot;iso&quot;:&quot;80&quot;,&quot;shutter_speed&quot;:&quot;0.058823529411765&quot;,&quot;title&quot;:&quot;&quot;,&quot;orientation&quot;:&quot;1&quot;}\" data-image-title=\"Freedom! L\u2019incroyable histoire de l\u2019Underground Railroad\" data-image-description=\"\" data-image-caption=\"\" data-large-file=\"https:\/\/i0.wp.com\/www.jojoenherbe.com\/wp-content\/uploads\/2024\/02\/Freedom-Lincroyable-histoire-de-lUnderground-Railroad-scaled.jpg?fit=676%2C496\" class=\"size-thumbnail wp-image-34780 alignright\" src=\"https:\/\/i0.wp.com\/www.jojoenherbe.com\/wp-content\/uploads\/2024\/02\/Freedom-Lincroyable-histoire-de-lUnderground-Railroad.jpg?resize=150%2C150\" alt=\"\" width=\"150\" height=\"150\" srcset=\"https:\/\/i0.wp.com\/www.jojoenherbe.com\/wp-content\/uploads\/2024\/02\/Freedom-Lincroyable-histoire-de-lUnderground-Railroad-scaled.jpg?resize=150%2C150 150w, https:\/\/i0.wp.com\/www.jojoenherbe.com\/wp-content\/uploads\/2024\/02\/Freedom-Lincroyable-histoire-de-lUnderground-Railroad-scaled.jpg?zoom=2&amp;resize=150%2C150 300w, https:\/\/i0.wp.com\/www.jojoenherbe.com\/wp-content\/uploads\/2024\/02\/Freedom-Lincroyable-histoire-de-lUnderground-Railroad-scaled.jpg?zoom=3&amp;resize=150%2C150 450w\" sizes=\"auto, (max-width: 150px) 100vw, 150px\" \/><\/a>(Documentaire jeunesse) <a href=\"http:\/\/www.jojoenherbe.com\/index.php\/2024\/03\/15\/au-fil-des-pages-avec-freedom-lincroyable-histoire-de-lunderground-railroad\/\"><span style=\"text-decoration: underline;\">Freedom! L\u2019incroyable histoire de l\u2019Underground Railroad<\/span><\/a> de Jennifer Dalrymphe et Justine Brax (\u00e9d. Albin Michel Jeunesse, septembre 2021, 91 pages), un documentaire jeunesse \u00e0 partir de 8 ans<br \/><\/em><\/li>\n<li style=\"text-align: justify;\"><em><a href=\"https:\/\/i0.wp.com\/www.jojoenherbe.com\/wp-content\/uploads\/2024\/02\/Underground-Railroad.jpg\"><img data-recalc-dims=\"1\" loading=\"lazy\" decoding=\"async\" data-attachment-id=\"34769\" data-permalink=\"http:\/\/www.jojoenherbe.com\/index.php\/2024\/02\/12\/point-lecture-hebdomadaire-2024-6\/underground-railroad\/\" data-orig-file=\"https:\/\/i0.wp.com\/www.jojoenherbe.com\/wp-content\/uploads\/2024\/02\/Underground-Railroad.jpg?fit=750%2C1334\" data-orig-size=\"750,1334\" data-comments-opened=\"1\" data-image-meta=\"{&quot;aperture&quot;:&quot;0&quot;,&quot;credit&quot;:&quot;&quot;,&quot;camera&quot;:&quot;&quot;,&quot;caption&quot;:&quot;&quot;,&quot;created_timestamp&quot;:&quot;0&quot;,&quot;copyright&quot;:&quot;&quot;,&quot;focal_length&quot;:&quot;0&quot;,&quot;iso&quot;:&quot;0&quot;,&quot;shutter_speed&quot;:&quot;0&quot;,&quot;title&quot;:&quot;&quot;,&quot;orientation&quot;:&quot;1&quot;}\" data-image-title=\"Underground Railroad\" data-image-description=\"\" data-image-caption=\"\" data-large-file=\"https:\/\/i0.wp.com\/www.jojoenherbe.com\/wp-content\/uploads\/2024\/02\/Underground-Railroad.jpg?fit=576%2C1024\" class=\"alignleft size-thumbnail wp-image-34769\" src=\"https:\/\/i0.wp.com\/www.jojoenherbe.com\/wp-content\/uploads\/2024\/02\/Underground-Railroad.jpg?resize=150%2C150\" alt=\"\" width=\"150\" height=\"150\" srcset=\"https:\/\/i0.wp.com\/www.jojoenherbe.com\/wp-content\/uploads\/2024\/02\/Underground-Railroad.jpg?resize=150%2C150 150w, https:\/\/i0.wp.com\/www.jojoenherbe.com\/wp-content\/uploads\/2024\/02\/Underground-Railroad.jpg?zoom=2&amp;resize=150%2C150 300w, https:\/\/i0.wp.com\/www.jojoenherbe.com\/wp-content\/uploads\/2024\/02\/Underground-Railroad.jpg?zoom=3&amp;resize=150%2C150 450w\" sizes=\"auto, (max-width: 150px) 100vw, 150px\" \/><\/a>(Roman historique) <a href=\"http:\/\/www.jojoenherbe.com\/index.php\/2024\/03\/12\/au-fil-des-pages-avec-underground-railroad\/\"><span style=\"text-decoration: underline;\">Underground Railroad<\/span><\/a> de Colson Whitehead (\u00e9d. Albin Michel, ao\u00fbt 2017, 416 pages), un roman historique se d\u00e9roulant dans les ann\u00e9es 1850<\/em><\/li>\n<li style=\"text-align: justify;\"><em><a href=\"https:\/\/i0.wp.com\/www.jojoenherbe.com\/wp-content\/uploads\/2024\/02\/Du-meme-sang.jpg\"><img data-recalc-dims=\"1\" loading=\"lazy\" decoding=\"async\" data-attachment-id=\"34901\" data-permalink=\"http:\/\/www.jojoenherbe.com\/index.php\/2024\/02\/02\/billet-de-suivi-african-american-history-month-challenge-2024\/du-meme-sang\/\" data-orig-file=\"https:\/\/i0.wp.com\/www.jojoenherbe.com\/wp-content\/uploads\/2024\/02\/Du-meme-sang.jpg?fit=750%2C1334\" data-orig-size=\"750,1334\" data-comments-opened=\"1\" data-image-meta=\"{&quot;aperture&quot;:&quot;0&quot;,&quot;credit&quot;:&quot;&quot;,&quot;camera&quot;:&quot;&quot;,&quot;caption&quot;:&quot;&quot;,&quot;created_timestamp&quot;:&quot;0&quot;,&quot;copyright&quot;:&quot;&quot;,&quot;focal_length&quot;:&quot;0&quot;,&quot;iso&quot;:&quot;0&quot;,&quot;shutter_speed&quot;:&quot;0&quot;,&quot;title&quot;:&quot;&quot;,&quot;orientation&quot;:&quot;1&quot;}\" data-image-title=\"Du m\u00eame sang\" data-image-description=\"\" data-image-caption=\"\" data-large-file=\"https:\/\/i0.wp.com\/www.jojoenherbe.com\/wp-content\/uploads\/2024\/02\/Du-meme-sang.jpg?fit=576%2C1024\" class=\"size-thumbnail wp-image-34901 alignright\" src=\"https:\/\/i0.wp.com\/www.jojoenherbe.com\/wp-content\/uploads\/2024\/02\/Du-meme-sang.jpg?resize=150%2C150\" alt=\"\" width=\"150\" height=\"150\" srcset=\"https:\/\/i0.wp.com\/www.jojoenherbe.com\/wp-content\/uploads\/2024\/02\/Du-meme-sang.jpg?resize=150%2C150 150w, https:\/\/i0.wp.com\/www.jojoenherbe.com\/wp-content\/uploads\/2024\/02\/Du-meme-sang.jpg?zoom=2&amp;resize=150%2C150 300w, https:\/\/i0.wp.com\/www.jojoenherbe.com\/wp-content\/uploads\/2024\/02\/Du-meme-sang.jpg?zoom=3&amp;resize=150%2C150 450w\" sizes=\"auto, (max-width: 150px) 100vw, 150px\" \/><\/a>(Roman historique) <span style=\"text-decoration: underline;\">Du m\u00eame sang<\/span> de Denene Millner (\u00e9d. Le Cherche Midi, ao\u00fbt 2023, 624 pages), un roman historique en trois parties, suivant la vie de 3 g\u00e9n\u00e9rations de femmes afro-am\u00e9ricaines, de 1965 \u00e0 2004 (Grace, Dolor\u00e8s puis Rae)<br \/><\/em><\/li>\n<li style=\"text-align: justify;\">(Prochaine lecture) <em><span style=\"text-decoration: underline;\">Nickel boys<\/span> de Colson Whitehead (\u00e9d. Albin Michel, ao\u00fbt 2020, 272 pages)<\/em><\/li>\n<\/ul>\n\n\n<p><\/p>\n","protected":false},"excerpt":{"rendered":"<p>Cette ann\u00e9e, je participe \u00e0 l&rsquo;African-American History Month Challenge (AAHM Challenge) 2024 organis\u00e9 depuis plusieurs ann\u00e9es par Enna, tout au long du mois de f\u00e9vrier. Il s&rsquo;agit de parler des Afro-Am\u00e9ricains dans l\u2019histoire ou dans la fiction. Pour plus d\u2019infos, n\u2019h\u00e9sitez pas \u00e0 aller sur son blog ou sur le groupe FB: ici. Comme le [&hellip;]<\/p>\n","protected":false},"author":1,"featured_media":34625,"comment_status":"open","ping_status":"open","sticky":false,"template":"","format":"standard","meta":{"jetpack_post_was_ever_published":false,"_jetpack_newsletter_access":"","_jetpack_dont_email_post_to_subs":false,"_jetpack_newsletter_tier_id":0,"_jetpack_memberships_contains_paywalled_content":false,"_jetpack_memberships_contains_paid_content":false,"footnotes":""},"categories":[873,363],"tags":[4104,1724,1712],"class_list":["post-34637","post","type-post","status-publish","format-standard","has-post-thumbnail","hentry","category-mini-challenger","category-mini-lecteur","tag-aahm-challenge-2024","tag-etats-unis","tag-litterature-americaine","post-preview"],"jetpack_featured_media_url":"https:\/\/i0.wp.com\/www.jojoenherbe.com\/wp-content\/uploads\/2024\/02\/AAHM-Challenge-2024.jpg?fit=960%2C480","jetpack_sharing_enabled":true,"jetpack_shortlink":"https:\/\/wp.me\/p9zhGx-90F","jetpack_likes_enabled":true,"jetpack-related-posts":[{"id":42105,"url":"http:\/\/www.jojoenherbe.com\/index.php\/2026\/01\/03\/mes-challenges-livresques-2026\/","url_meta":{"origin":34637,"position":0},"title":"Mes challenges livresques 2026","author":"Jojo","date":"3 janvier 2026","format":false,"excerpt":"Avant de vous donner un avant-go\u00fbt de l\u2019\u00e9dition 2026 des diff\u00e9rents challenges livresques auxquels je participe, je tiens \u00e0 vous souhaiter, \u00e0 nouveau, une tr\u00e8s belle et heureuse nouvelle ann\u00e9e et \u00e0 vous pr\u00e9senter mes meilleurs v\u0153ux. Appr\u00e9ciant beaucoup mes participations et \u00e9changes autour des challenges livresques depuis quelques ann\u00e9es,\u2026","rel":"","context":"Dans &quot;Mini blogueur&quot;","block_context":{"text":"Mini blogueur","link":"http:\/\/www.jojoenherbe.com\/index.php\/category\/mini-blogueur\/"},"img":{"alt_text":"","src":"https:\/\/i0.wp.com\/www.jojoenherbe.com\/wp-content\/uploads\/2026\/01\/macareux-challenge-2026.jpg?fit=861%2C998&resize=350%2C200","width":350,"height":200,"srcset":"https:\/\/i0.wp.com\/www.jojoenherbe.com\/wp-content\/uploads\/2026\/01\/macareux-challenge-2026.jpg?fit=861%2C998&resize=350%2C200 1x, https:\/\/i0.wp.com\/www.jojoenherbe.com\/wp-content\/uploads\/2026\/01\/macareux-challenge-2026.jpg?fit=861%2C998&resize=525%2C300 1.5x, https:\/\/i0.wp.com\/www.jojoenherbe.com\/wp-content\/uploads\/2026\/01\/macareux-challenge-2026.jpg?fit=861%2C998&resize=700%2C400 2x"},"classes":[]},{"id":37690,"url":"http:\/\/www.jojoenherbe.com\/index.php\/2025\/01\/10\/mes-challenges-livresques-2025\/","url_meta":{"origin":34637,"position":1},"title":"Mes challenges livresques 2025","author":"Jojo","date":"10 janvier 2025","format":false,"excerpt":"Avant de vous donner un avant-go\u00fbt de l\u2019\u00e9dition 2025 des diff\u00e9rents challenges livresques auxquels je participe, je tiens \u00e0 vous souhaiter, \u00e0 nouveau, une tr\u00e8s belle et heureuse nouvelle ann\u00e9e et \u00e0 vous pr\u00e9senter mes meilleurs v\u0153ux. Appr\u00e9ciant beaucoup mes participations et \u00e9changes autour des challenges livresques depuis quelques ann\u00e9es,\u2026","rel":"","context":"Dans &quot;Mini blogueur&quot;","block_context":{"text":"Mini blogueur","link":"http:\/\/www.jojoenherbe.com\/index.php\/category\/mini-blogueur\/"},"img":{"alt_text":"","src":"https:\/\/i0.wp.com\/www.jojoenherbe.com\/wp-content\/uploads\/2025\/01\/Les-Etapes-Indiennes-2025-logo.jpg?resize=350%2C200","width":350,"height":200,"srcset":"https:\/\/i0.wp.com\/www.jojoenherbe.com\/wp-content\/uploads\/2025\/01\/Les-Etapes-Indiennes-2025-logo.jpg?resize=350%2C200 1x, https:\/\/i0.wp.com\/www.jojoenherbe.com\/wp-content\/uploads\/2025\/01\/Les-Etapes-Indiennes-2025-logo.jpg?resize=525%2C300 1.5x, https:\/\/i0.wp.com\/www.jojoenherbe.com\/wp-content\/uploads\/2025\/01\/Les-Etapes-Indiennes-2025-logo.jpg?resize=700%2C400 2x"},"classes":[]},{"id":33913,"url":"http:\/\/www.jojoenherbe.com\/index.php\/2024\/01\/02\/mes-challenges-livresques-2024\/","url_meta":{"origin":34637,"position":2},"title":"Mes challenges livresques 2024","author":"Jojo","date":"2 janvier 2024","format":false,"excerpt":"Avant de vous donner un avant-go\u00fbt de l\u2019\u00e9dition 2024 des diff\u00e9rents challenges livresques auxquels je participe, je tiens \u00e0 vous souhaiter une tr\u00e8s belle ann\u00e9e et \u00e0 vous pr\u00e9senter mes meilleurs v\u0153ux. Appr\u00e9ciant beaucoup mes participations et \u00e9changes autour des challenges livresques depuis quelques ann\u00e9es, je continue encore en 2024,\u2026","rel":"","context":"Dans &quot;Mini challenger&quot;","block_context":{"text":"Mini challenger","link":"http:\/\/www.jojoenherbe.com\/index.php\/category\/mini-challenger\/"},"img":{"alt_text":"","src":"https:\/\/i0.wp.com\/www.jojoenherbe.com\/wp-content\/uploads\/2024\/01\/DALL%C2%B7E-2023-Macareux-bibliophile.png?fit=1024%2C1024&resize=350%2C200","width":350,"height":200,"srcset":"https:\/\/i0.wp.com\/www.jojoenherbe.com\/wp-content\/uploads\/2024\/01\/DALL%C2%B7E-2023-Macareux-bibliophile.png?fit=1024%2C1024&resize=350%2C200 1x, https:\/\/i0.wp.com\/www.jojoenherbe.com\/wp-content\/uploads\/2024\/01\/DALL%C2%B7E-2023-Macareux-bibliophile.png?fit=1024%2C1024&resize=525%2C300 1.5x, https:\/\/i0.wp.com\/www.jojoenherbe.com\/wp-content\/uploads\/2024\/01\/DALL%C2%B7E-2023-Macareux-bibliophile.png?fit=1024%2C1024&resize=700%2C400 2x"},"classes":[]},{"id":34964,"url":"http:\/\/www.jojoenherbe.com\/index.php\/2024\/03\/04\/bilan-de-lecture-fevrier-2024\/","url_meta":{"origin":34637,"position":3},"title":"Bilan de lecture: f\u00e9vrier 2024","author":"Jojo","date":"4 mars 2024","format":false,"excerpt":"En ce d\u00e9but du mois de mars 2024, voici un petit retour livresque sur f\u00e9vrier 2024 qui a rim\u00e9 avec cr\u00eapes, mimosas, Nouvel An Chinois le 10 f\u00e9vrier 2024 (Dragon de bois) et vers la fin du mois, carnavals et vacances de f\u00e9vrier pour le mini lutin ou bien encore\u2026","rel":"","context":"Dans &quot;Mini blogueur&quot;","block_context":{"text":"Mini blogueur","link":"http:\/\/www.jojoenherbe.com\/index.php\/category\/mini-blogueur\/"},"img":{"alt_text":"","src":"https:\/\/i0.wp.com\/www.jojoenherbe.com\/wp-content\/uploads\/2024\/02\/Selection-fevrier-2024-scaled.jpg?fit=1200%2C761&resize=350%2C200","width":350,"height":200,"srcset":"https:\/\/i0.wp.com\/www.jojoenherbe.com\/wp-content\/uploads\/2024\/02\/Selection-fevrier-2024-scaled.jpg?fit=1200%2C761&resize=350%2C200 1x, https:\/\/i0.wp.com\/www.jojoenherbe.com\/wp-content\/uploads\/2024\/02\/Selection-fevrier-2024-scaled.jpg?fit=1200%2C761&resize=525%2C300 1.5x, https:\/\/i0.wp.com\/www.jojoenherbe.com\/wp-content\/uploads\/2024\/02\/Selection-fevrier-2024-scaled.jpg?fit=1200%2C761&resize=700%2C400 2x, https:\/\/i0.wp.com\/www.jojoenherbe.com\/wp-content\/uploads\/2024\/02\/Selection-fevrier-2024-scaled.jpg?fit=1200%2C761&resize=1050%2C600 3x"},"classes":[]},{"id":34864,"url":"http:\/\/www.jojoenherbe.com\/index.php\/2024\/03\/12\/au-fil-des-pages-avec-underground-railroad\/","url_meta":{"origin":34637,"position":4},"title":"Au fil des pages avec Underground Railroad","author":"Jojo","date":"12 mars 2024","format":false,"excerpt":"Dans le cadre de l'AAHM Challenge 2024 le mois dernier, j'ai lu Underground Railroad de Colson Whitehead (\u00e9d. Albin Michel, ao\u00fbt 2017, 416 pages), un roman historique qui a re\u00e7u le Prix Pulitzer en 2017 et se d\u00e9roulant dans les ann\u00e9es 1850 aux \u00c9tats-Unis. Abandonn\u00e9e quelques ann\u00e9es auparavant par sa\u2026","rel":"","context":"Dans &quot;Mini lecteur&quot;","block_context":{"text":"Mini lecteur","link":"http:\/\/www.jojoenherbe.com\/index.php\/category\/mini-lecteur\/"},"img":{"alt_text":"","src":"https:\/\/i0.wp.com\/www.jojoenherbe.com\/wp-content\/uploads\/2024\/03\/Underground-Railroad-2-scaled.jpg?fit=1200%2C891&resize=350%2C200","width":350,"height":200,"srcset":"https:\/\/i0.wp.com\/www.jojoenherbe.com\/wp-content\/uploads\/2024\/03\/Underground-Railroad-2-scaled.jpg?fit=1200%2C891&resize=350%2C200 1x, https:\/\/i0.wp.com\/www.jojoenherbe.com\/wp-content\/uploads\/2024\/03\/Underground-Railroad-2-scaled.jpg?fit=1200%2C891&resize=525%2C300 1.5x, https:\/\/i0.wp.com\/www.jojoenherbe.com\/wp-content\/uploads\/2024\/03\/Underground-Railroad-2-scaled.jpg?fit=1200%2C891&resize=700%2C400 2x, https:\/\/i0.wp.com\/www.jojoenherbe.com\/wp-content\/uploads\/2024\/03\/Underground-Railroad-2-scaled.jpg?fit=1200%2C891&resize=1050%2C600 3x"},"classes":[]},{"id":38578,"url":"http:\/\/www.jojoenherbe.com\/index.php\/2025\/03\/26\/au-fil-des-pages-avec-la-double-vie-de-dina-miller\/","url_meta":{"origin":34637,"position":5},"title":"Au fil des pages avec La double vie de Dina Miller","author":"Jojo","date":"26 mars 2025","format":false,"excerpt":"J'ai lu\u00a0La double vie de Dina Miller de Zo\u00e9 Brisby (\u00e9d. Albin Michel, mars 2024, 272 pages), un roman historique se d\u00e9roulant au d\u00e9but des ann\u00e9es 60, Dina Miller, agent du Mossad, devant exfiltrer des \u00c9tats-Unis, Otto van Maiden, un ancien m\u00e9decin nazi dans le camp de concentration de Buchenwald\u2026","rel":"","context":"Dans &quot;Mini lecteur&quot;","block_context":{"text":"Mini lecteur","link":"http:\/\/www.jojoenherbe.com\/index.php\/category\/mini-lecteur\/"},"img":{"alt_text":"","src":"https:\/\/i0.wp.com\/www.jojoenherbe.com\/wp-content\/uploads\/2025\/03\/La-double-vie-de-Dina-Miller.jpg?fit=750%2C1132&resize=350%2C200","width":350,"height":200,"srcset":"https:\/\/i0.wp.com\/www.jojoenherbe.com\/wp-content\/uploads\/2025\/03\/La-double-vie-de-Dina-Miller.jpg?fit=750%2C1132&resize=350%2C200 1x, https:\/\/i0.wp.com\/www.jojoenherbe.com\/wp-content\/uploads\/2025\/03\/La-double-vie-de-Dina-Miller.jpg?fit=750%2C1132&resize=525%2C300 1.5x, https:\/\/i0.wp.com\/www.jojoenherbe.com\/wp-content\/uploads\/2025\/03\/La-double-vie-de-Dina-Miller.jpg?fit=750%2C1132&resize=700%2C400 2x"},"classes":[]}],"_links":{"self":[{"href":"http:\/\/www.jojoenherbe.com\/index.php\/wp-json\/wp\/v2\/posts\/34637","targetHints":{"allow":["GET"]}}],"collection":[{"href":"http:\/\/www.jojoenherbe.com\/index.php\/wp-json\/wp\/v2\/posts"}],"about":[{"href":"http:\/\/www.jojoenherbe.com\/index.php\/wp-json\/wp\/v2\/types\/post"}],"author":[{"embeddable":true,"href":"http:\/\/www.jojoenherbe.com\/index.php\/wp-json\/wp\/v2\/users\/1"}],"replies":[{"embeddable":true,"href":"http:\/\/www.jojoenherbe.com\/index.php\/wp-json\/wp\/v2\/comments?post=34637"}],"version-history":[{"count":11,"href":"http:\/\/www.jojoenherbe.com\/index.php\/wp-json\/wp\/v2\/posts\/34637\/revisions"}],"predecessor-version":[{"id":35218,"href":"http:\/\/www.jojoenherbe.com\/index.php\/wp-json\/wp\/v2\/posts\/34637\/revisions\/35218"}],"wp:featuredmedia":[{"embeddable":true,"href":"http:\/\/www.jojoenherbe.com\/index.php\/wp-json\/wp\/v2\/media\/34625"}],"wp:attachment":[{"href":"http:\/\/www.jojoenherbe.com\/index.php\/wp-json\/wp\/v2\/media?parent=34637"}],"wp:term":[{"taxonomy":"category","embeddable":true,"href":"http:\/\/www.jojoenherbe.com\/index.php\/wp-json\/wp\/v2\/categories?post=34637"},{"taxonomy":"post_tag","embeddable":true,"href":"http:\/\/www.jojoenherbe.com\/index.php\/wp-json\/wp\/v2\/tags?post=34637"}],"curies":[{"name":"wp","href":"https:\/\/api.w.org\/{rel}","templated":true}]}}