{"id":34424,"date":"2024-01-22T17:22:36","date_gmt":"2024-01-22T16:22:36","guid":{"rendered":"https:\/\/www.jojoenherbe.com\/?p=34424"},"modified":"2024-01-30T15:31:30","modified_gmt":"2024-01-30T14:31:30","slug":"point-lecture-hebdomadaire-2024-3","status":"publish","type":"post","link":"http:\/\/www.jojoenherbe.com\/index.php\/2024\/01\/22\/point-lecture-hebdomadaire-2024-3\/","title":{"rendered":"Point lecture hebdomadaire 2024 #3"},"content":{"rendered":"<p style=\"text-align: justify;\"><em>En ce d\u00e9but de semaine, voici notre point lecture hebdomadaire avec un retour sur nos lectures de la semaine derni\u00e8re (mais pas nos relectures).<\/em><\/p>\n<p><strong><span style=\"text-decoration: underline;\">Nos lectures du 15 au 21 janvier 2024<\/span>:<\/strong><\/p>\n<p><em><span style=\"text-decoration: underline;\">Des lectures jeunesse<\/span>:<\/em><\/p>\n<ul>\n<li style=\"text-align: justify;\"><em>(BD jeunesse) <strong><span style=\"text-decoration: underline;\">Mortelle Ad\u00e8le et la galaxie des bizarres<\/span>, <span style=\"text-decoration: underline;\">Mortelle Ad\u00e8le, La rentr\u00e9e des claques<\/span> (T9) et <span style=\"text-decoration: underline;\">Ajax, Chaperlipopette!<\/span> (T3) <\/strong>de Mr Tan et Diane Le Feyer<\/em><\/li>\n<\/ul>\n<p style=\"text-align: justify;\"><em><a href=\"https:\/\/i0.wp.com\/www.jojoenherbe.com\/wp-content\/uploads\/2024\/01\/Mortelle-Adele-et-Ajax-BD-scaled.jpg\"><img data-recalc-dims=\"1\" loading=\"lazy\" decoding=\"async\" data-attachment-id=\"34366\" data-permalink=\"http:\/\/www.jojoenherbe.com\/index.php\/2024\/01\/21\/week-end-a-mille-janvier-2024\/mortelle-adele-et-ajax-bd\/\" data-orig-file=\"https:\/\/i0.wp.com\/www.jojoenherbe.com\/wp-content\/uploads\/2024\/01\/Mortelle-Adele-et-Ajax-BD-scaled.jpg?fit=2560%2C2171\" data-orig-size=\"2560,2171\" data-comments-opened=\"1\" data-image-meta=\"{&quot;aperture&quot;:&quot;1.8&quot;,&quot;credit&quot;:&quot;&quot;,&quot;camera&quot;:&quot;iPhone 7&quot;,&quot;caption&quot;:&quot;&quot;,&quot;created_timestamp&quot;:&quot;1705681337&quot;,&quot;copyright&quot;:&quot;&quot;,&quot;focal_length&quot;:&quot;3.99&quot;,&quot;iso&quot;:&quot;100&quot;,&quot;shutter_speed&quot;:&quot;0.25&quot;,&quot;title&quot;:&quot;&quot;,&quot;orientation&quot;:&quot;1&quot;}\" data-image-title=\"Mortelle Ad\u00e8le et Ajax BD\" data-image-description=\"\" data-image-caption=\"\" data-large-file=\"https:\/\/i0.wp.com\/www.jojoenherbe.com\/wp-content\/uploads\/2024\/01\/Mortelle-Adele-et-Ajax-BD-scaled.jpg?fit=676%2C573\" class=\"alignleft size-thumbnail wp-image-34366\" src=\"https:\/\/i0.wp.com\/www.jojoenherbe.com\/wp-content\/uploads\/2024\/01\/Mortelle-Adele-et-Ajax-BD.jpg?resize=150%2C150\" alt=\"\" width=\"150\" height=\"150\" srcset=\"https:\/\/i0.wp.com\/www.jojoenherbe.com\/wp-content\/uploads\/2024\/01\/Mortelle-Adele-et-Ajax-BD-scaled.jpg?resize=150%2C150 150w, https:\/\/i0.wp.com\/www.jojoenherbe.com\/wp-content\/uploads\/2024\/01\/Mortelle-Adele-et-Ajax-BD-scaled.jpg?zoom=2&amp;resize=150%2C150 300w, https:\/\/i0.wp.com\/www.jojoenherbe.com\/wp-content\/uploads\/2024\/01\/Mortelle-Adele-et-Ajax-BD-scaled.jpg?zoom=3&amp;resize=150%2C150 450w\" sizes=\"auto, (max-width: 150px) 100vw, 150px\" \/><\/a>Mon mini lutin a poursuivi encore cette semaine avec Mortelle Ad\u00e8le, des BD jeunesse \u00e0 partir de 7\/8 ans: <span style=\"text-decoration: underline;\">Mortelle Ad\u00e8le et la galaxie des bizarres<\/span> de Mr Tan et Diane Le Feyer (\u00e9d. Bayard Jeunesse, octobre 2020, 112 pages) et le tome 9 de <span style=\"text-decoration: underline;\">Mortelle Ad\u00e8le<\/span>, <span style=\"text-decoration: underline;\">La rentr\u00e9e des claques<\/span> de Mr Tan et Diane Le Feyer (\u00e9d. Bayard Jeunesse, d\u00e9cembre 2015, 78 pages) ainsi que le tome 3 d\u2019<span style=\"text-decoration: underline;\">Ajax<\/span>, <span style=\"text-decoration: underline;\">Chaperlipopette!<\/span> de Mr Tan et Diane Le Feyer (\u00e9d. Bayard Jeunesse, mars 2019, 64 pages). Encore des fous-rires garantis!<\/em><\/p>\n<ul>\n<li style=\"text-align: justify;\"><em>(BD jeunesse) <strong><span style=\"text-decoration: underline;\">Les C\u0153urs de ferraille, L\u2019inspiration<\/span><\/strong> de B\u00e9ka et Jose Luis Munuera <strong>(T2)<\/strong><\/em><\/li>\n<\/ul>\n<p style=\"text-align: justify;\"><em> <a href=\"https:\/\/i0.wp.com\/www.jojoenherbe.com\/wp-content\/uploads\/2024\/01\/Les-Coeurs-de-ferraille-T2.jpg\"><img data-recalc-dims=\"1\" loading=\"lazy\" decoding=\"async\" data-attachment-id=\"34370\" data-permalink=\"http:\/\/www.jojoenherbe.com\/index.php\/2024\/01\/21\/week-end-a-mille-janvier-2024\/les-coeurs-de-ferraille-t2\/\" data-orig-file=\"https:\/\/i0.wp.com\/www.jojoenherbe.com\/wp-content\/uploads\/2024\/01\/Les-Coeurs-de-ferraille-T2.jpg?fit=750%2C1194\" data-orig-size=\"750,1194\" data-comments-opened=\"1\" data-image-meta=\"{&quot;aperture&quot;:&quot;0&quot;,&quot;credit&quot;:&quot;&quot;,&quot;camera&quot;:&quot;&quot;,&quot;caption&quot;:&quot;&quot;,&quot;created_timestamp&quot;:&quot;0&quot;,&quot;copyright&quot;:&quot;&quot;,&quot;focal_length&quot;:&quot;0&quot;,&quot;iso&quot;:&quot;0&quot;,&quot;shutter_speed&quot;:&quot;0&quot;,&quot;title&quot;:&quot;&quot;,&quot;orientation&quot;:&quot;1&quot;}\" data-image-title=\"Les Coeurs de ferraille T2\" data-image-description=\"\" data-image-caption=\"\" data-large-file=\"https:\/\/i0.wp.com\/www.jojoenherbe.com\/wp-content\/uploads\/2024\/01\/Les-Coeurs-de-ferraille-T2.jpg?fit=643%2C1024\" class=\"size-thumbnail wp-image-34370 alignright\" src=\"https:\/\/i0.wp.com\/www.jojoenherbe.com\/wp-content\/uploads\/2024\/01\/Les-Coeurs-de-ferraille-T2.jpg?resize=150%2C150\" alt=\"\" width=\"150\" height=\"150\" srcset=\"https:\/\/i0.wp.com\/www.jojoenherbe.com\/wp-content\/uploads\/2024\/01\/Les-Coeurs-de-ferraille-T2.jpg?resize=150%2C150 150w, https:\/\/i0.wp.com\/www.jojoenherbe.com\/wp-content\/uploads\/2024\/01\/Les-Coeurs-de-ferraille-T2.jpg?zoom=2&amp;resize=150%2C150 300w, https:\/\/i0.wp.com\/www.jojoenherbe.com\/wp-content\/uploads\/2024\/01\/Les-Coeurs-de-ferraille-T2.jpg?zoom=3&amp;resize=150%2C150 450w\" sizes=\"auto, (max-width: 150px) 100vw, 150px\" \/><\/a>J&rsquo;ai lu le tome 2 des <span style=\"text-decoration: underline;\">C\u0153urs de ferraille, L\u2019inspiration<\/span> de B\u00e9ka (alias du couple Bertrand Escaich et Caroline Rosque) et Jose Luis Munuera (\u00e9d. Dupuis, juin 2023, 72 pages), une BD \u00e0 partir de 9 ans selon l&rsquo;\u00e9diteur mais class\u00e9e en adulte par ma m\u00e9diath\u00e8que et consultable en ligne, la version papier ayant d\u00e9j\u00e0 \u00e9t\u00e9 emprunt\u00e9e. Eva est une adolescente orpheline, vagabonde et d\u00e9brouillarde, chapardant de-ci de-l\u00e0 pour se\u00a0 nourrir avec son chien Jesper qui est \u00e0 ses c\u00f4t\u00e9s depuis le meurtre de ses parents par des robots Limiers lorsqu&rsquo;elle \u00e9tait enfant. Un jour, alors qu&rsquo;elle cambriole une maison, elle d\u00e9couvre un livre qui va la mettre en danger, ce livre \u00e9tant le dernier \u00e9crit par un robot. Un bon voire tr\u00e8s moment de lecture avec ce tome tout aussi r\u00e9ussi que le pr\u00e9c\u00e9dent, interrogeant encore sur la nature humaine et toujours aussi joliment dessin\u00e9 par Jose Luis Munuera!<\/em><\/p>\n<ul>\n<li><em>(BD jeunesse) <strong><span style=\"text-decoration: underline;\">Un chant de No\u00ebl<\/span><\/strong> de Maxe L\u2019Hermenier et Thomas Labourot<\/em><\/li>\n<\/ul>\n<p style=\"text-align: justify;\"><a href=\"https:\/\/i0.wp.com\/www.jojoenherbe.com\/wp-content\/uploads\/2024\/01\/Un-Chant-de-Noel-BD-1.jpg\"><img data-recalc-dims=\"1\" loading=\"lazy\" decoding=\"async\" data-attachment-id=\"34396\" data-permalink=\"http:\/\/www.jojoenherbe.com\/index.php\/2024\/01\/21\/week-end-a-mille-janvier-2024\/un-chant-de-noel-bd-11\/\" data-orig-file=\"https:\/\/i0.wp.com\/www.jojoenherbe.com\/wp-content\/uploads\/2024\/01\/Un-Chant-de-Noel-BD-1.jpg?fit=745%2C1224\" data-orig-size=\"745,1224\" data-comments-opened=\"1\" data-image-meta=\"{&quot;aperture&quot;:&quot;0&quot;,&quot;credit&quot;:&quot;&quot;,&quot;camera&quot;:&quot;&quot;,&quot;caption&quot;:&quot;&quot;,&quot;created_timestamp&quot;:&quot;0&quot;,&quot;copyright&quot;:&quot;&quot;,&quot;focal_length&quot;:&quot;0&quot;,&quot;iso&quot;:&quot;0&quot;,&quot;shutter_speed&quot;:&quot;0&quot;,&quot;title&quot;:&quot;&quot;,&quot;orientation&quot;:&quot;1&quot;}\" data-image-title=\"Un Chant de No\u00ebl BD\" data-image-description=\"\" data-image-caption=\"\" data-large-file=\"https:\/\/i0.wp.com\/www.jojoenherbe.com\/wp-content\/uploads\/2024\/01\/Un-Chant-de-Noel-BD-1.jpg?fit=623%2C1024\" class=\"alignleft size-thumbnail wp-image-34396\" src=\"https:\/\/i0.wp.com\/www.jojoenherbe.com\/wp-content\/uploads\/2024\/01\/Un-Chant-de-Noel-BD-1.jpg?resize=150%2C150\" alt=\"\" width=\"150\" height=\"150\" srcset=\"https:\/\/i0.wp.com\/www.jojoenherbe.com\/wp-content\/uploads\/2024\/01\/Un-Chant-de-Noel-BD-1.jpg?resize=150%2C150 150w, https:\/\/i0.wp.com\/www.jojoenherbe.com\/wp-content\/uploads\/2024\/01\/Un-Chant-de-Noel-BD-1.jpg?zoom=2&amp;resize=150%2C150 300w, https:\/\/i0.wp.com\/www.jojoenherbe.com\/wp-content\/uploads\/2024\/01\/Un-Chant-de-Noel-BD-1.jpg?zoom=3&amp;resize=150%2C150 450w\" sizes=\"auto, (max-width: 150px) 100vw, 150px\" \/><\/a><em>J&rsquo;ai \u00e9galement lu <span style=\"text-decoration: underline;\">Un chant de No\u00ebl<\/span> de Maxe L\u2019Hermenier et Thomas Labourot (\u00e9d. Jungle, octobre 2022, 64 pages), une BD jeunesse d\u2019apr\u00e8s le conte de No\u00ebl de Charles Dickens consultable en ligne gr\u00e2ce \u00e0 ma m\u00e9diath\u00e8que, la version papier ayant d\u00e9j\u00e0 \u00e9t\u00e9 emprunt\u00e9e. Une bien jolie version mettant en sc\u00e8ne Scrooge et les 3 esprits des No\u00ebls pass\u00e9s, pr\u00e9sent et futurs!<br \/><\/em><\/p>\n<ul>\n<li style=\"text-align: justify;\"><em>(BD jeunesse) <strong><span style=\"text-decoration: underline;\">Clochette au Pays des Merveilles<\/span><\/strong> de Didier Crisse et Roberto Pena<br \/><\/em><\/li>\n<\/ul>\n<p style=\"text-align: justify;\"><a href=\"https:\/\/i0.wp.com\/www.jojoenherbe.com\/wp-content\/uploads\/2024\/01\/Clochette-au-Pays-des-Merveilles.jpg\"><img data-recalc-dims=\"1\" loading=\"lazy\" decoding=\"async\" data-attachment-id=\"34393\" data-permalink=\"http:\/\/www.jojoenherbe.com\/index.php\/2024\/01\/21\/week-end-a-mille-janvier-2024\/clochette-au-pays-des-merveilles\/\" data-orig-file=\"https:\/\/i0.wp.com\/www.jojoenherbe.com\/wp-content\/uploads\/2024\/01\/Clochette-au-Pays-des-Merveilles.jpg?fit=750%2C1117\" data-orig-size=\"750,1117\" data-comments-opened=\"1\" data-image-meta=\"{&quot;aperture&quot;:&quot;0&quot;,&quot;credit&quot;:&quot;&quot;,&quot;camera&quot;:&quot;&quot;,&quot;caption&quot;:&quot;&quot;,&quot;created_timestamp&quot;:&quot;0&quot;,&quot;copyright&quot;:&quot;&quot;,&quot;focal_length&quot;:&quot;0&quot;,&quot;iso&quot;:&quot;0&quot;,&quot;shutter_speed&quot;:&quot;0&quot;,&quot;title&quot;:&quot;&quot;,&quot;orientation&quot;:&quot;1&quot;}\" data-image-title=\"Clochette au Pays des Merveilles\" data-image-description=\"\" data-image-caption=\"\" data-large-file=\"https:\/\/i0.wp.com\/www.jojoenherbe.com\/wp-content\/uploads\/2024\/01\/Clochette-au-Pays-des-Merveilles.jpg?fit=676%2C1006\" class=\"size-thumbnail wp-image-34393 alignright\" src=\"https:\/\/i0.wp.com\/www.jojoenherbe.com\/wp-content\/uploads\/2024\/01\/Clochette-au-Pays-des-Merveilles.jpg?resize=150%2C150\" alt=\"\" width=\"150\" height=\"150\" srcset=\"https:\/\/i0.wp.com\/www.jojoenherbe.com\/wp-content\/uploads\/2024\/01\/Clochette-au-Pays-des-Merveilles.jpg?resize=150%2C150 150w, https:\/\/i0.wp.com\/www.jojoenherbe.com\/wp-content\/uploads\/2024\/01\/Clochette-au-Pays-des-Merveilles.jpg?zoom=2&amp;resize=150%2C150 300w, https:\/\/i0.wp.com\/www.jojoenherbe.com\/wp-content\/uploads\/2024\/01\/Clochette-au-Pays-des-Merveilles.jpg?zoom=3&amp;resize=150%2C150 450w\" sizes=\"auto, (max-width: 150px) 100vw, 150px\" \/><\/a><em>J&rsquo;ai encha\u00een\u00e9 avec la lecture de <span style=\"text-decoration: underline;\">Clochette au Pays des Merveilles<\/span> de Didier Crisse et Roberto Pena (\u00e9d. Le Lombard, septembre 2014, 64 pages), une BD jeunesse \u00e0 partir de 9 ans selon l&rsquo;\u00e9diteur mais je dirai pour bien plus grands au vu de l&rsquo;allure tr\u00e8s sexy de la f\u00e9e et du vocabulaire employ\u00e9. Un soir, pensant voir y Peter Pan, la f\u00e9e Clochette rentre dans une librairie et en est chass\u00e9e par le libraire qui abat sur elle le livre d&rsquo;<span style=\"text-decoration: underline;\">Alice au pays des merveilles<\/span>, la plongeant dans cet \u00e9trange monde. Priv\u00e9e de ses pouvoirs, Clochette pourra-t-elle s&rsquo;\u00e9chapper gr\u00e2ce \u00e0 l&rsquo;aide d&rsquo;Alice qui est elle-m\u00eame perdue? Une histoire originale, un brin sombre dont j&rsquo;ai \u00e9t\u00e9 attir\u00e9e par l&rsquo;illustration de couverture et l&rsquo;id\u00e9e de m\u00e9langer deux classiques jeunesse anglais (l\u2019univers de Peter Pan se m\u00eale \u00e0 celui d\u2019Alice au pays des Merveilles) et se finissant en fin ouverte!<br \/><\/em><\/p>\n<p><em><span style=\"text-decoration: underline;\">Des lectures adulte<\/span>:<\/em><\/p>\n<ul>\n<li style=\"text-align: justify;\"><em>(Romance historique) <strong><span style=\"text-decoration: underline;\">Proph\u00e9tie d&rsquo;automne<\/span><\/strong> de Sarah M. Carr<\/em><\/li>\n<\/ul>\n<p style=\"text-align: justify;\"><a href=\"https:\/\/i0.wp.com\/www.jojoenherbe.com\/wp-content\/uploads\/2024\/01\/Prophetie-dautomne.jpg\"><img data-recalc-dims=\"1\" loading=\"lazy\" decoding=\"async\" data-attachment-id=\"34456\" data-permalink=\"http:\/\/www.jojoenherbe.com\/index.php\/2024\/01\/22\/point-lecture-hebdomadaire-2024-3\/prophetie-dautomne\/\" data-orig-file=\"https:\/\/i0.wp.com\/www.jojoenherbe.com\/wp-content\/uploads\/2024\/01\/Prophetie-dautomne.jpg?fit=750%2C1263\" data-orig-size=\"750,1263\" data-comments-opened=\"1\" data-image-meta=\"{&quot;aperture&quot;:&quot;0&quot;,&quot;credit&quot;:&quot;&quot;,&quot;camera&quot;:&quot;&quot;,&quot;caption&quot;:&quot;&quot;,&quot;created_timestamp&quot;:&quot;0&quot;,&quot;copyright&quot;:&quot;&quot;,&quot;focal_length&quot;:&quot;0&quot;,&quot;iso&quot;:&quot;0&quot;,&quot;shutter_speed&quot;:&quot;0&quot;,&quot;title&quot;:&quot;&quot;,&quot;orientation&quot;:&quot;1&quot;}\" data-image-title=\"Proph\u00e9tie d&amp;rsquo;automne\" data-image-description=\"\" data-image-caption=\"\" data-large-file=\"https:\/\/i0.wp.com\/www.jojoenherbe.com\/wp-content\/uploads\/2024\/01\/Prophetie-dautomne.jpg?fit=608%2C1024\" class=\"alignleft size-thumbnail wp-image-34456\" src=\"https:\/\/i0.wp.com\/www.jojoenherbe.com\/wp-content\/uploads\/2024\/01\/Prophetie-dautomne.jpg?resize=150%2C150\" alt=\"\" width=\"150\" height=\"150\" srcset=\"https:\/\/i0.wp.com\/www.jojoenherbe.com\/wp-content\/uploads\/2024\/01\/Prophetie-dautomne.jpg?resize=150%2C150 150w, https:\/\/i0.wp.com\/www.jojoenherbe.com\/wp-content\/uploads\/2024\/01\/Prophetie-dautomne.jpg?zoom=2&amp;resize=150%2C150 300w, https:\/\/i0.wp.com\/www.jojoenherbe.com\/wp-content\/uploads\/2024\/01\/Prophetie-dautomne.jpg?zoom=3&amp;resize=150%2C150 450w\" sizes=\"auto, (max-width: 150px) 100vw, 150px\" \/><\/a><em>J&rsquo;ai lu, en e-book, <strong><span style=\"text-decoration: underline;\">Proph\u00e9tie d&rsquo;automne<\/span><\/strong> de Sarah M. Carr (\u00e9d. BookMark, Collection Infinity, avril 2019, 330 pages), une romance historique se d\u00e9roulant dans les Highlands, en 1313 entre Ailsa, la fille cadette du chef de clan Cameron et Duncan Maclean, venant d&rsquo;h\u00e9riter du titre de son p\u00e8re r\u00e9cemment d\u00e9c\u00e9d\u00e9 et qui ne l&rsquo;a jamais accept\u00e9 comme fils a\u00een\u00e9 pensant qu&rsquo;il \u00e9tait le fruit d&rsquo;un adult\u00e8re. Une lecture qui se lit facilement, plaisante dans l&rsquo;ensemble m\u00eame si je n&rsquo;ai pas r\u00e9ussi \u00e0 croire \u00e0 ce duo, la jeune femme tr\u00e8s libre et rebelle pour l&rsquo;\u00e9poque, du haut de ses 18 ans acceptant au nom d&rsquo;une proph\u00e9tie bien trop de choses de la part de son mari qui se montre pourtant si froid et m\u00eame cruel \u00e0 son \u00e9gard et qui voit, un \u00e0 un, les hommes qui l&rsquo;approchent succomber \u00e0 son charme, que ce soit son beau-fr\u00e8re ou le mari de la ma\u00eetresse de Duncan&#8230; J&rsquo;ai vu que venait de para\u00eetre de cette autrice <span style=\"text-decoration: underline;\">Les feux de Beltaine<\/span> (\u00e9d. BookMark, Collection Infinity, d\u00e9cembre 2023, 428 pages), une romance historique se d\u00e9roulant aussi dans les Highlands entre Rory, h\u00e9ritier du clan MacDonell et M\u00e0iri, une intr\u00e9pide fille de laird.<br \/><\/em><\/p>\n<ul>\n<li style=\"text-align: justify;\"><em>(Romance historique gaslamp fantasy) <strong><span style=\"text-decoration: underline;\">Dangereuses demoiselles, La Ligue des sorci\u00e8res distingu\u00e9es<\/span><\/strong> d\u2019India Holton <strong>(T2)<\/strong><\/em><\/li>\n<\/ul>\n<p style=\"text-align: justify;\"><em><a href=\"https:\/\/i0.wp.com\/www.jojoenherbe.com\/wp-content\/uploads\/2024\/01\/La-ligue-des-sorcieres-distinguees-T2.jpg\"><img data-recalc-dims=\"1\" loading=\"lazy\" decoding=\"async\" data-attachment-id=\"34368\" data-permalink=\"http:\/\/www.jojoenherbe.com\/index.php\/2024\/01\/21\/week-end-a-mille-janvier-2024\/la-ligue-des-sorcieres-distinguees-t2\/\" data-orig-file=\"https:\/\/i0.wp.com\/www.jojoenherbe.com\/wp-content\/uploads\/2024\/01\/La-ligue-des-sorcieres-distinguees-T2.jpg?fit=750%2C1334\" data-orig-size=\"750,1334\" data-comments-opened=\"1\" data-image-meta=\"{&quot;aperture&quot;:&quot;0&quot;,&quot;credit&quot;:&quot;&quot;,&quot;camera&quot;:&quot;&quot;,&quot;caption&quot;:&quot;&quot;,&quot;created_timestamp&quot;:&quot;0&quot;,&quot;copyright&quot;:&quot;&quot;,&quot;focal_length&quot;:&quot;0&quot;,&quot;iso&quot;:&quot;0&quot;,&quot;shutter_speed&quot;:&quot;0&quot;,&quot;title&quot;:&quot;&quot;,&quot;orientation&quot;:&quot;1&quot;}\" data-image-title=\"La ligue des sorci\u00e8res distingu\u00e9es T2\" data-image-description=\"\" data-image-caption=\"\" data-large-file=\"https:\/\/i0.wp.com\/www.jojoenherbe.com\/wp-content\/uploads\/2024\/01\/La-ligue-des-sorcieres-distinguees-T2.jpg?fit=576%2C1024\" class=\"size-thumbnail wp-image-34368 alignright\" src=\"https:\/\/i0.wp.com\/www.jojoenherbe.com\/wp-content\/uploads\/2024\/01\/La-ligue-des-sorcieres-distinguees-T2.jpg?resize=150%2C150\" alt=\"\" width=\"150\" height=\"150\" srcset=\"https:\/\/i0.wp.com\/www.jojoenherbe.com\/wp-content\/uploads\/2024\/01\/La-ligue-des-sorcieres-distinguees-T2.jpg?resize=150%2C150 150w, https:\/\/i0.wp.com\/www.jojoenherbe.com\/wp-content\/uploads\/2024\/01\/La-ligue-des-sorcieres-distinguees-T2.jpg?zoom=2&amp;resize=150%2C150 300w, https:\/\/i0.wp.com\/www.jojoenherbe.com\/wp-content\/uploads\/2024\/01\/La-ligue-des-sorcieres-distinguees-T2.jpg?zoom=3&amp;resize=150%2C150 450w\" sizes=\"auto, (max-width: 150px) 100vw, 150px\" \/><\/a>J&rsquo;ai lu le tome 2 de <span style=\"text-decoration: underline;\">Dangereuses demoiselles, La Ligue des sorci\u00e8res distingu\u00e9es<\/span> d\u2019India Holton (\u00e9d. J&rsquo;ai lu, coll. Regency, n\u00b013964, novembre 2023, 352 pages), un tome avec une romance plus pr\u00e9sente entre Charlotte Pettifer, une lady sorci\u00e8re et le capitaine Alex O\u2019Riley, un pirate irlandais \u00e0 l\u2019\u00e9poque victorienne revisit\u00e9e et que j\u2019ai pr\u00e9f\u00e9r\u00e9 au pr\u00e9c\u00e9dent tome, <a href=\"https:\/\/www.jojoenherbe.com\/index.php\/2023\/11\/28\/au-fil-des-pages-avec-les-dames-pirates\/\"><span style=\"text-decoration: underline;\">Les dames pirates<\/span><\/a>. Les deux se retrouvent \u00e0 devoir faire \u00e9quipe pour retrouver, les premiers, l&rsquo;amulette de Simone la D\u00e9mone qui a \u00e9t\u00e9 d\u00e9rob\u00e9e au British Museum. Un bon moment de lecture avec le trope \u00ab\u00a0ennemies to lovers\u00a0\u00bb, les sorci\u00e8res et pirates \u00e9tant ennemies jur\u00e9s!<br \/><\/em><\/p>\n<ul>\n<li><em>(Romance historique) <strong><span style=\"text-decoration: underline;\">Les alliances impos\u00e9es, La Belle inconnue de No\u00ebl<\/span><\/strong> de Liv Fox <strong>(T4)<\/strong><\/em><\/li>\n<\/ul>\n<p style=\"text-align: justify;\"><a href=\"https:\/\/i0.wp.com\/www.jojoenherbe.com\/wp-content\/uploads\/2024\/01\/La-Belle-inconnue-de-Noel-T4.jpg\"><img data-recalc-dims=\"1\" loading=\"lazy\" decoding=\"async\" data-attachment-id=\"34367\" data-permalink=\"http:\/\/www.jojoenherbe.com\/index.php\/2024\/01\/21\/week-end-a-mille-janvier-2024\/la-belle-inconnue-de-noel-t4\/\" data-orig-file=\"https:\/\/i0.wp.com\/www.jojoenherbe.com\/wp-content\/uploads\/2024\/01\/La-Belle-inconnue-de-Noel-T4.jpg?fit=750%2C1334\" data-orig-size=\"750,1334\" data-comments-opened=\"1\" data-image-meta=\"{&quot;aperture&quot;:&quot;0&quot;,&quot;credit&quot;:&quot;&quot;,&quot;camera&quot;:&quot;&quot;,&quot;caption&quot;:&quot;&quot;,&quot;created_timestamp&quot;:&quot;0&quot;,&quot;copyright&quot;:&quot;&quot;,&quot;focal_length&quot;:&quot;0&quot;,&quot;iso&quot;:&quot;0&quot;,&quot;shutter_speed&quot;:&quot;0&quot;,&quot;title&quot;:&quot;&quot;,&quot;orientation&quot;:&quot;1&quot;}\" data-image-title=\"La Belle inconnue de No\u00ebl T4\" data-image-description=\"\" data-image-caption=\"\" data-large-file=\"https:\/\/i0.wp.com\/www.jojoenherbe.com\/wp-content\/uploads\/2024\/01\/La-Belle-inconnue-de-Noel-T4.jpg?fit=576%2C1024\" class=\"size-thumbnail wp-image-34367 alignleft\" src=\"https:\/\/i0.wp.com\/www.jojoenherbe.com\/wp-content\/uploads\/2024\/01\/La-Belle-inconnue-de-Noel-T4.jpg?resize=150%2C150\" alt=\"\" width=\"150\" height=\"150\" srcset=\"https:\/\/i0.wp.com\/www.jojoenherbe.com\/wp-content\/uploads\/2024\/01\/La-Belle-inconnue-de-Noel-T4.jpg?resize=150%2C150 150w, https:\/\/i0.wp.com\/www.jojoenherbe.com\/wp-content\/uploads\/2024\/01\/La-Belle-inconnue-de-Noel-T4.jpg?zoom=2&amp;resize=150%2C150 300w, https:\/\/i0.wp.com\/www.jojoenherbe.com\/wp-content\/uploads\/2024\/01\/La-Belle-inconnue-de-Noel-T4.jpg?zoom=3&amp;resize=150%2C150 450w\" sizes=\"auto, (max-width: 150px) 100vw, 150px\" \/><\/a>J<em>&lsquo;ai lu, en e-book, le tome bonus de la s\u00e9rie de romances historiques <span style=\"text-decoration: underline;\">Les alliances impos\u00e9es<\/span> : <span style=\"text-decoration: underline;\">La Belle inconnue de No\u00ebl<\/span> de Liv Fox (\u00e9d. Auto\u00e9dition, janvier 2024, 282 pages), une romance historique hivernale toute mignonne et impr\u00e9vue entre Lord Green, Duc de Stratford qui se fait pour un notaire de campagne se rendant \u00e0 Londres et Miss Cassandra Barton en chemin avec sa tante et son domestique pour le Yorkshire, tous \u00e9tant bloqu\u00e9s par la neige, comme d\u2019autres voyageurs dans une auberge, la Joyeuse Halte, le temps d\u2019un No\u00ebl et qui se poursuit par des \u00e9changes \u00e9pistolaires. Une romance qui rentre pile poil dans le th\u00e8me de janvier \u00ab\u00a0Amour interdit\/diff\u00e9rence de classes sociales\u00a0\u00bb du challenge livresque D\u00e9fi Romance historique 2024. <\/em><\/p>\n<ul>\n<li><em>(Essai\/Documentaire) <strong><span style=\"text-decoration: underline;\">Sambre, Radioscopie d&rsquo;un fait divers<\/span><\/strong> d\u2019Alice G\u00e9raud<\/em><\/li>\n<\/ul>\n<p style=\"text-align: justify;\"><em><a href=\"https:\/\/i0.wp.com\/www.jojoenherbe.com\/wp-content\/uploads\/2024\/01\/Sambre-Radioscopie-dun-fait-divers.jpg\"><img data-recalc-dims=\"1\" loading=\"lazy\" decoding=\"async\" data-attachment-id=\"34395\" data-permalink=\"http:\/\/www.jojoenherbe.com\/index.php\/2024\/01\/21\/week-end-a-mille-janvier-2024\/sambre-radioscopie-dun-fait-divers\/\" data-orig-file=\"https:\/\/i0.wp.com\/www.jojoenherbe.com\/wp-content\/uploads\/2024\/01\/Sambre-Radioscopie-dun-fait-divers.jpg?fit=750%2C1334\" data-orig-size=\"750,1334\" data-comments-opened=\"1\" data-image-meta=\"{&quot;aperture&quot;:&quot;0&quot;,&quot;credit&quot;:&quot;&quot;,&quot;camera&quot;:&quot;&quot;,&quot;caption&quot;:&quot;&quot;,&quot;created_timestamp&quot;:&quot;0&quot;,&quot;copyright&quot;:&quot;&quot;,&quot;focal_length&quot;:&quot;0&quot;,&quot;iso&quot;:&quot;0&quot;,&quot;shutter_speed&quot;:&quot;0&quot;,&quot;title&quot;:&quot;&quot;,&quot;orientation&quot;:&quot;1&quot;}\" data-image-title=\"Sambre, Radioscopie d&amp;rsquo;un fait divers\" data-image-description=\"\" data-image-caption=\"\" data-large-file=\"https:\/\/i0.wp.com\/www.jojoenherbe.com\/wp-content\/uploads\/2024\/01\/Sambre-Radioscopie-dun-fait-divers.jpg?fit=576%2C1024\" class=\"size-thumbnail wp-image-34395 alignright\" src=\"https:\/\/i0.wp.com\/www.jojoenherbe.com\/wp-content\/uploads\/2024\/01\/Sambre-Radioscopie-dun-fait-divers.jpg?resize=150%2C150\" alt=\"\" width=\"150\" height=\"150\" srcset=\"https:\/\/i0.wp.com\/www.jojoenherbe.com\/wp-content\/uploads\/2024\/01\/Sambre-Radioscopie-dun-fait-divers.jpg?resize=150%2C150 150w, https:\/\/i0.wp.com\/www.jojoenherbe.com\/wp-content\/uploads\/2024\/01\/Sambre-Radioscopie-dun-fait-divers.jpg?zoom=2&amp;resize=150%2C150 300w, https:\/\/i0.wp.com\/www.jojoenherbe.com\/wp-content\/uploads\/2024\/01\/Sambre-Radioscopie-dun-fait-divers.jpg?zoom=3&amp;resize=150%2C150 450w\" sizes=\"auto, (max-width: 150px) 100vw, 150px\" \/><\/a>J&rsquo;ai lu <a href=\"https:\/\/www.jojoenherbe.com\/index.php\/2024\/01\/23\/au-fil-des-pages-avec-sambre-radioscopie-dun-fait-divers\/\"><span style=\"text-decoration: underline;\">Sambre, Radioscopie d&rsquo;un fait divers<\/span><\/a> d\u2019Alice G\u00e9raud (\u00e9d. JC Latt\u00e8s, janvier 2023, 400 pages), un essai\/documentaire d&rsquo;une journaliste ayant suivi le proc\u00e8s d\u2019assises d&rsquo;un violeur en s\u00e9ries surnomm\u00e9 le \u00ab\u00a0violeur de la Sambre\u00a0\u00bb interpell\u00e9 en 2018, condamn\u00e9 d\u00e9finitivement en 2022 et ayant eu lieu 30 ans apr\u00e8s les premiers signalements et plaintes des victimes, les premi\u00e8res remontant \u00e0 1988, et m\u00eame 1986 (au moins au nombre de 56 c\u00f4t\u00e9 fran\u00e7ais et d&rsquo;autres c\u00f4t\u00e9 belge). Elle s&rsquo;interroge sur le sort des plaintes des victimes (la plupart \u00e9tant mineures au moment des faits!) et le dysfonctionnement institutionnel tant du c\u00f4t\u00e9 de la police\/gendarmerie que de la Justice, sous fond d&rsquo;\u00e9volutions l\u00e9gislatives, informatiques et scientifiques du traitement des affaires p\u00e9nales, en particulier celles de nature sexuelle. J&rsquo;ai trouv\u00e9 cette enqu\u00eate journalistique pertinente et int\u00e9ressante, m\u00eame si l&rsquo;autrice aurait pu plus insister sur l&rsquo;impact des politiques p\u00e9nales sur ces enqu\u00eates b\u00e2cl\u00e9es et du r\u00f4le du Parquet et m\u00eame si elle ne rel\u00e8ve rien de nouveau en la mati\u00e8re.<\/em><\/p>\n<ul>\n<li style=\"text-align: justify;\"><em>(Roman court\/Novella fantasy) <strong><span style=\"text-decoration: underline;\">Mysteries of Thorn Manor<\/span><\/strong> de Margaret Rogerson<\/em><\/li>\n<\/ul>\n<p style=\"text-align: justify;\"><em><a href=\"https:\/\/i0.wp.com\/www.jojoenherbe.com\/wp-content\/uploads\/2024\/01\/Mysteries-of-Thorn-Manor.jpg\"><img data-recalc-dims=\"1\" loading=\"lazy\" decoding=\"async\" data-attachment-id=\"34394\" data-permalink=\"http:\/\/www.jojoenherbe.com\/index.php\/2024\/01\/21\/week-end-a-mille-janvier-2024\/mysteries-of-thorn-manor\/\" data-orig-file=\"https:\/\/i0.wp.com\/www.jojoenherbe.com\/wp-content\/uploads\/2024\/01\/Mysteries-of-Thorn-Manor.jpg?fit=750%2C1235\" data-orig-size=\"750,1235\" data-comments-opened=\"1\" data-image-meta=\"{&quot;aperture&quot;:&quot;0&quot;,&quot;credit&quot;:&quot;&quot;,&quot;camera&quot;:&quot;&quot;,&quot;caption&quot;:&quot;&quot;,&quot;created_timestamp&quot;:&quot;0&quot;,&quot;copyright&quot;:&quot;&quot;,&quot;focal_length&quot;:&quot;0&quot;,&quot;iso&quot;:&quot;0&quot;,&quot;shutter_speed&quot;:&quot;0&quot;,&quot;title&quot;:&quot;&quot;,&quot;orientation&quot;:&quot;1&quot;}\" data-image-title=\"Mysteries of Thorn Manor\" data-image-description=\"\" data-image-caption=\"\" data-large-file=\"https:\/\/i0.wp.com\/www.jojoenherbe.com\/wp-content\/uploads\/2024\/01\/Mysteries-of-Thorn-Manor.jpg?fit=622%2C1024\" class=\"alignleft size-thumbnail wp-image-34394\" src=\"https:\/\/i0.wp.com\/www.jojoenherbe.com\/wp-content\/uploads\/2024\/01\/Mysteries-of-Thorn-Manor.jpg?resize=150%2C150\" alt=\"\" width=\"150\" height=\"150\" srcset=\"https:\/\/i0.wp.com\/www.jojoenherbe.com\/wp-content\/uploads\/2024\/01\/Mysteries-of-Thorn-Manor.jpg?resize=150%2C150 150w, https:\/\/i0.wp.com\/www.jojoenherbe.com\/wp-content\/uploads\/2024\/01\/Mysteries-of-Thorn-Manor.jpg?zoom=2&amp;resize=150%2C150 300w, https:\/\/i0.wp.com\/www.jojoenherbe.com\/wp-content\/uploads\/2024\/01\/Mysteries-of-Thorn-Manor.jpg?zoom=3&amp;resize=150%2C150 450w\" sizes=\"auto, (max-width: 150px) 100vw, 150px\" \/><\/a>J&rsquo;ai lu <span style=\"text-decoration: underline;\">Mysteries of Thorn Manor<\/span> de Margaret Rogerson (\u00e9d. BigBang, juin 2023, 192 pages), un court roman\/nouvelle qui permet de replonger dans l\u2019univers de <a href=\"https:\/\/www.jojoenherbe.com\/index.php\/2023\/02\/17\/au-fil-des-pages-avec-sorcery-of-thorns\/\">Sorcery of Thorns<\/a> aux c\u00f4t\u00e9s d&rsquo;Elizabeth Scrivener et Nathaniel Thorn, toujours aussi tendrement amoureux l&rsquo;un de l&rsquo;autre et de leur d\u00e9mon Silas toujours aussi \u00e9nigmatique. Alors que Nathaniel doit organiser le Bal de l&rsquo;Hiver, les protections magiques du manoir retiennent ses occupants \u00e0 l&rsquo;int\u00e9rieur. Quelle en est la raison? J&rsquo;ai appr\u00e9ci\u00e9 retrouv\u00e9 ce trio.<\/em><\/p>\n<p><strong><span style=\"text-decoration: underline;\">Ma lecture en cours<\/span>:<\/strong><\/p>\n<p style=\"text-align: justify;\"><em>(Roman &#8211; classique jeunesse am\u00e9ricain) <strong><span style=\"text-decoration: underline;\">Les Quatre filles du Docteur March<\/span><\/strong> de de Louisa May Alcott<\/em><\/p>\n<p style=\"text-align: justify;\"><em><a href=\"https:\/\/i0.wp.com\/www.jojoenherbe.com\/wp-content\/uploads\/2023\/10\/Les-4-filles-du-Dr.-March-5.jpg\"><img data-recalc-dims=\"1\" loading=\"lazy\" decoding=\"async\" data-attachment-id=\"32285\" data-permalink=\"http:\/\/www.jojoenherbe.com\/index.php\/2023\/09\/30\/au-fil-des-pages-avec-les-4-filles-du-docteur-march\/les-4-filles-du-dr-march-5\/\" data-orig-file=\"https:\/\/i0.wp.com\/www.jojoenherbe.com\/wp-content\/uploads\/2023\/10\/Les-4-filles-du-Dr.-March-5.jpg?fit=750%2C1334\" data-orig-size=\"750,1334\" data-comments-opened=\"1\" data-image-meta=\"{&quot;aperture&quot;:&quot;0&quot;,&quot;credit&quot;:&quot;&quot;,&quot;camera&quot;:&quot;&quot;,&quot;caption&quot;:&quot;&quot;,&quot;created_timestamp&quot;:&quot;0&quot;,&quot;copyright&quot;:&quot;&quot;,&quot;focal_length&quot;:&quot;0&quot;,&quot;iso&quot;:&quot;0&quot;,&quot;shutter_speed&quot;:&quot;0&quot;,&quot;title&quot;:&quot;&quot;,&quot;orientation&quot;:&quot;0&quot;}\" data-image-title=\"Les 4 filles du Dr. March 5\" data-image-description=\"\" data-image-caption=\"\" data-large-file=\"https:\/\/i0.wp.com\/www.jojoenherbe.com\/wp-content\/uploads\/2023\/10\/Les-4-filles-du-Dr.-March-5.jpg?fit=576%2C1024\" class=\"size-thumbnail wp-image-32285 alignright\" src=\"https:\/\/i0.wp.com\/www.jojoenherbe.com\/wp-content\/uploads\/2023\/10\/Les-4-filles-du-Dr.-March-5.jpg?resize=150%2C150\" alt=\"\" width=\"150\" height=\"150\" srcset=\"https:\/\/i0.wp.com\/www.jojoenherbe.com\/wp-content\/uploads\/2023\/10\/Les-4-filles-du-Dr.-March-5.jpg?resize=150%2C150 150w, https:\/\/i0.wp.com\/www.jojoenherbe.com\/wp-content\/uploads\/2023\/10\/Les-4-filles-du-Dr.-March-5.jpg?zoom=2&amp;resize=150%2C150 300w, https:\/\/i0.wp.com\/www.jojoenherbe.com\/wp-content\/uploads\/2023\/10\/Les-4-filles-du-Dr.-March-5.jpg?zoom=3&amp;resize=150%2C150 450w\" sizes=\"auto, (max-width: 150px) 100vw, 150px\" \/><\/a>J&rsquo;ai commenc\u00e9 \u00e0 lire la 2e partie (p.315), jusqu&rsquo;au chapitre 8, des <span style=\"text-decoration: underline;\">Quatre filles du Docteur March<\/span> de de Louisa May Alcott (\u00e9d. Gallmeister, Totem n\u00b0166, septembre 2020, 640 pages), dans une nouvelle traduction de J<span class=\"cr-widget-FocalReviews\" data-hook=\"cr-widget-FocalReviews\"><span class=\"a-size-base review-text\" data-hook=\"review-body\">anique Jouin-de Laurens<\/span><\/span> et dans le cadre d&rsquo;une lecture commune avec <a href=\"https:\/\/ribambelledhistoires.over-blog.com\/\">Isabelle<\/a>. L&rsquo;intrigue se d\u00e9roule 3 ans plus tard, au moment du mariage de l&rsquo;a\u00een\u00e9e des s\u0153urs, Meg et un chapitre se focalisant \u00e0 chaque fois sur une s\u0153ur avant de passer \u00e0 la vie quotidienne d&rsquo;une autre. Je continuerai la suite la semaine prochaine.<\/em><\/p>\n<p><strong><span style=\"text-decoration: underline;\">Ma prochaine lecture<\/span>:<\/strong><\/p>\n<p><em>(BD adulte) <strong><span style=\"text-decoration: underline;\">Hiver, \u00e0 l&rsquo;Op\u00e9ra<\/span><\/strong> de Philippe Pelaez et Alexis Chabert <strong>(T2)<\/strong><\/em><\/p>\n<p style=\"text-align: justify;\"><em><a href=\"https:\/\/i0.wp.com\/www.jojoenherbe.com\/wp-content\/uploads\/2024\/01\/Hiver-a-lOpera-T2.jpg\"><img data-recalc-dims=\"1\" loading=\"lazy\" decoding=\"async\" data-attachment-id=\"34468\" data-permalink=\"http:\/\/www.jojoenherbe.com\/index.php\/2024\/01\/22\/point-lecture-hebdomadaire-2024-3\/hiver-a-lopera-t2\/\" data-orig-file=\"https:\/\/i0.wp.com\/www.jojoenherbe.com\/wp-content\/uploads\/2024\/01\/Hiver-a-lOpera-T2.jpg?fit=750%2C1138\" data-orig-size=\"750,1138\" data-comments-opened=\"1\" data-image-meta=\"{&quot;aperture&quot;:&quot;0&quot;,&quot;credit&quot;:&quot;&quot;,&quot;camera&quot;:&quot;&quot;,&quot;caption&quot;:&quot;&quot;,&quot;created_timestamp&quot;:&quot;0&quot;,&quot;copyright&quot;:&quot;&quot;,&quot;focal_length&quot;:&quot;0&quot;,&quot;iso&quot;:&quot;0&quot;,&quot;shutter_speed&quot;:&quot;0&quot;,&quot;title&quot;:&quot;&quot;,&quot;orientation&quot;:&quot;1&quot;}\" data-image-title=\"Hiver \u00e0 l&amp;rsquo;Op\u00e9ra T2\" data-image-description=\"\" data-image-caption=\"\" data-large-file=\"https:\/\/i0.wp.com\/www.jojoenherbe.com\/wp-content\/uploads\/2024\/01\/Hiver-a-lOpera-T2.jpg?fit=675%2C1024\" class=\"alignleft size-thumbnail wp-image-34468\" src=\"https:\/\/i0.wp.com\/www.jojoenherbe.com\/wp-content\/uploads\/2024\/01\/Hiver-a-lOpera-T2.jpg?resize=150%2C150\" alt=\"\" width=\"150\" height=\"150\" srcset=\"https:\/\/i0.wp.com\/www.jojoenherbe.com\/wp-content\/uploads\/2024\/01\/Hiver-a-lOpera-T2.jpg?resize=150%2C150 150w, https:\/\/i0.wp.com\/www.jojoenherbe.com\/wp-content\/uploads\/2024\/01\/Hiver-a-lOpera-T2.jpg?zoom=2&amp;resize=150%2C150 300w, https:\/\/i0.wp.com\/www.jojoenherbe.com\/wp-content\/uploads\/2024\/01\/Hiver-a-lOpera-T2.jpg?zoom=3&amp;resize=150%2C150 450w\" sizes=\"auto, (max-width: 150px) 100vw, 150px\" \/><\/a>J&rsquo;ai pr\u00e9vu de lire le week-end dernier <span style=\"text-decoration: underline;\">Hiver, \u00e0 l&rsquo;Op\u00e9ra<\/span> de Philippe Pelaez et Alexis Chabert (\u00e9d. Grand Angle, octobre 2023, 72 pages), une BD adulte qui se passe quelques temps apr\u00e8s les faits d&rsquo;Automne en baie de Somme avec une nouvelle enqu\u00eate, en d\u00e9cembre 1896, \u00e0 Paris, d&rsquo;Amaury Broyan inspecteur r\u00e9voqu\u00e9 de la police.<br \/><\/em><\/p>\n\n\n<p><\/p>\n","protected":false},"excerpt":{"rendered":"<p>En ce d\u00e9but de semaine, voici notre point lecture hebdomadaire avec un retour sur nos lectures de la semaine derni\u00e8re (mais pas nos relectures). Nos lectures du 15 au 21 janvier 2024: Des lectures jeunesse: (BD jeunesse) Mortelle Ad\u00e8le et la galaxie des bizarres, Mortelle Ad\u00e8le, La rentr\u00e9e des claques (T9) et Ajax, Chaperlipopette! (T3) [&hellip;]<\/p>\n","protected":false},"author":1,"featured_media":0,"comment_status":"open","ping_status":"open","sticky":false,"template":"","format":"standard","meta":{"jetpack_post_was_ever_published":false,"_jetpack_newsletter_access":"","_jetpack_dont_email_post_to_subs":false,"_jetpack_newsletter_tier_id":0,"_jetpack_memberships_contains_paywalled_content":false,"_jetpack_memberships_contains_paid_content":false,"footnotes":""},"categories":[2140,363],"tags":[3938,4065,596,2087,1226,4074,1067,4070,4058,4067,4066,3895,3894,1085,367,4076,3311,3849,3436,3976,3937,2767,4078,844,3209,2903,4094,905,789,4077,4073],"class_list":["post-34424","post","type-post","status-publish","format-standard","hentry","category-mini-blogueur","category-mini-lecteur","tag-alexis-chabert","tag-alice-geraud","tag-bandes-dessinees","tag-bd-adulte","tag-bd-jeunesse","tag-beka","tag-charles-dickens","tag-didier-crisse","tag-documentaire","tag-enquete-journalistique","tag-essai","tag-gaslamp-fantasy","tag-india-holton","tag-lecture-adulte","tag-lecture-jeunesse","tag-les-coeurs-de-ferraille","tag-liv-fox","tag-louisa-may-alcott","tag-maxe-lhermenier","tag-mortelle-adele","tag-philippe-pelaez","tag-point-lecture-hebdo","tag-roberto-pena","tag-romance","tag-romance-historique","tag-romance-hivernale","tag-romance-medievale","tag-romans-adulte","tag-romans-jeunesse","tag-sarah-m-carr","tag-thomas-labourot","post-preview"],"jetpack_featured_media_url":"","jetpack_sharing_enabled":true,"jetpack_shortlink":"https:\/\/wp.me\/p9zhGx-8Xe","jetpack_likes_enabled":true,"jetpack-related-posts":[{"id":34536,"url":"http:\/\/www.jojoenherbe.com\/index.php\/2024\/01\/29\/point-lecture-hebdomadaire-2024-4\/","url_meta":{"origin":34424,"position":0},"title":"Point lecture hebdomadaire 2024 #4","author":"Jojo","date":"29 janvier 2024","format":false,"excerpt":"En ce d\u00e9but de semaine, voici notre point lecture hebdomadaire avec un retour sur nos lectures de la semaine derni\u00e8re (mais pas nos relectures). Nos lectures du 22 au 28 janvier 2024: Des lectures jeunesse: (BD jeunesse) Mortelle Ad\u00e8le au pays des Contes d\u00e9faits, Mortelle Ad\u00e8le, Choupidoulove (T10) et Extra\u2026","rel":"","context":"Dans &quot;Mini blogueur&quot;","block_context":{"text":"Mini blogueur","link":"http:\/\/www.jojoenherbe.com\/index.php\/category\/mini-blogueur\/"},"img":{"alt_text":"","src":"https:\/\/i0.wp.com\/www.jojoenherbe.com\/wp-content\/uploads\/2024\/01\/La-Semaine-a-1000-du-Pingouin-2024.jpg?resize=350%2C200","width":350,"height":200,"srcset":"https:\/\/i0.wp.com\/www.jojoenherbe.com\/wp-content\/uploads\/2024\/01\/La-Semaine-a-1000-du-Pingouin-2024.jpg?resize=350%2C200 1x, https:\/\/i0.wp.com\/www.jojoenherbe.com\/wp-content\/uploads\/2024\/01\/La-Semaine-a-1000-du-Pingouin-2024.jpg?resize=525%2C300 1.5x"},"classes":[]},{"id":34189,"url":"http:\/\/www.jojoenherbe.com\/index.php\/2024\/01\/08\/point-lecture-hebdomadaire-2024-1\/","url_meta":{"origin":34424,"position":1},"title":"Point lecture hebdomadaire 2024 #1","author":"Jojo","date":"8 janvier 2024","format":false,"excerpt":"En ce d\u00e9but de semaine, voici notre point lecture hebdomadaire avec un retour sur nos lectures de la semaine derni\u00e8re (mais pas nos relectures), la plupart encore de No\u00ebl puisque le week-end dernier s'est fini le challenge Il \u00e9tait 11 fois No\u00ebl avec un read-a-thon. Nos lectures du 1er au\u2026","rel":"","context":"Dans &quot;Mini blogueur&quot;","block_context":{"text":"Mini blogueur","link":"http:\/\/www.jojoenherbe.com\/index.php\/category\/mini-blogueur\/"},"img":{"alt_text":"","src":"https:\/\/i0.wp.com\/www.jojoenherbe.com\/wp-content\/uploads\/2024\/01\/Point-lecture-hebdo-2024-1-scaled.jpg?fit=1200%2C684&resize=350%2C200","width":350,"height":200,"srcset":"https:\/\/i0.wp.com\/www.jojoenherbe.com\/wp-content\/uploads\/2024\/01\/Point-lecture-hebdo-2024-1-scaled.jpg?fit=1200%2C684&resize=350%2C200 1x, https:\/\/i0.wp.com\/www.jojoenherbe.com\/wp-content\/uploads\/2024\/01\/Point-lecture-hebdo-2024-1-scaled.jpg?fit=1200%2C684&resize=525%2C300 1.5x, https:\/\/i0.wp.com\/www.jojoenherbe.com\/wp-content\/uploads\/2024\/01\/Point-lecture-hebdo-2024-1-scaled.jpg?fit=1200%2C684&resize=700%2C400 2x, https:\/\/i0.wp.com\/www.jojoenherbe.com\/wp-content\/uploads\/2024\/01\/Point-lecture-hebdo-2024-1-scaled.jpg?fit=1200%2C684&resize=1050%2C600 3x"},"classes":[]},{"id":34296,"url":"http:\/\/www.jojoenherbe.com\/index.php\/2024\/01\/15\/point-lecture-hebdomadaire-2024-2\/","url_meta":{"origin":34424,"position":2},"title":"Point lecture hebdomadaire 2024 #2","author":"Jojo","date":"15 janvier 2024","format":false,"excerpt":"En ce d\u00e9but de semaine, voici notre point lecture hebdomadaire avec un retour sur nos lectures de la semaine derni\u00e8re (mais pas nos relectures). Nos lectures du 8 au 14 janvier 2024: Des lectures jeunesse: (BD jeunesse) Mortelle Ad\u00e8le, Parents \u00e0 vendre et Toi, je te zut! de Mr Tan\u2026","rel":"","context":"Dans &quot;Mini blogueur&quot;","block_context":{"text":"Mini blogueur","link":"http:\/\/www.jojoenherbe.com\/index.php\/category\/mini-blogueur\/"},"img":{"alt_text":"","src":"https:\/\/i0.wp.com\/www.jojoenherbe.com\/wp-content\/uploads\/2024\/01\/Point-lecture-hebdo-2024-2-scaled.jpg?fit=1200%2C1146&resize=350%2C200","width":350,"height":200,"srcset":"https:\/\/i0.wp.com\/www.jojoenherbe.com\/wp-content\/uploads\/2024\/01\/Point-lecture-hebdo-2024-2-scaled.jpg?fit=1200%2C1146&resize=350%2C200 1x, https:\/\/i0.wp.com\/www.jojoenherbe.com\/wp-content\/uploads\/2024\/01\/Point-lecture-hebdo-2024-2-scaled.jpg?fit=1200%2C1146&resize=525%2C300 1.5x, https:\/\/i0.wp.com\/www.jojoenherbe.com\/wp-content\/uploads\/2024\/01\/Point-lecture-hebdo-2024-2-scaled.jpg?fit=1200%2C1146&resize=700%2C400 2x, https:\/\/i0.wp.com\/www.jojoenherbe.com\/wp-content\/uploads\/2024\/01\/Point-lecture-hebdo-2024-2-scaled.jpg?fit=1200%2C1146&resize=1050%2C600 3x"},"classes":[]},{"id":35130,"url":"http:\/\/www.jojoenherbe.com\/index.php\/2024\/03\/11\/point-lecture-hebdomadaire-2024-10\/","url_meta":{"origin":34424,"position":3},"title":"Point lecture hebdomadaire 2024 #10","author":"Jojo","date":"11 mars 2024","format":false,"excerpt":"En ce d\u00e9but de semaine, voici mon point lecture hebdomadaire avec un retour sur nos lectures de la semaine derni\u00e8re (mais pas nos relectures). J'ai moins lu cette semaine ayant profit\u00e9 d'\u00eatre en famille. Nos lectures du 4 au 10 mars 2024: Des lectures jeunesse: (Album jeunesse) Mon voyage \u00e0\u2026","rel":"","context":"Dans &quot;Mini blogueur&quot;","block_context":{"text":"Mini blogueur","link":"http:\/\/www.jojoenherbe.com\/index.php\/category\/mini-blogueur\/"},"img":{"alt_text":"","src":"https:\/\/i0.wp.com\/www.jojoenherbe.com\/wp-content\/uploads\/2024\/03\/Point-lecture-hebdo-2024-10-scaled.jpg?fit=1200%2C669&resize=350%2C200","width":350,"height":200,"srcset":"https:\/\/i0.wp.com\/www.jojoenherbe.com\/wp-content\/uploads\/2024\/03\/Point-lecture-hebdo-2024-10-scaled.jpg?fit=1200%2C669&resize=350%2C200 1x, https:\/\/i0.wp.com\/www.jojoenherbe.com\/wp-content\/uploads\/2024\/03\/Point-lecture-hebdo-2024-10-scaled.jpg?fit=1200%2C669&resize=525%2C300 1.5x, https:\/\/i0.wp.com\/www.jojoenherbe.com\/wp-content\/uploads\/2024\/03\/Point-lecture-hebdo-2024-10-scaled.jpg?fit=1200%2C669&resize=700%2C400 2x, https:\/\/i0.wp.com\/www.jojoenherbe.com\/wp-content\/uploads\/2024\/03\/Point-lecture-hebdo-2024-10-scaled.jpg?fit=1200%2C669&resize=1050%2C600 3x"},"classes":[]},{"id":42374,"url":"http:\/\/www.jojoenherbe.com\/index.php\/2026\/01\/21\/point-lecture-hebdomadaire-2026-3\/","url_meta":{"origin":34424,"position":4},"title":"Point lecture hebdomadaire 2026 #3","author":"Jojo","date":"21 janvier 2026","format":false,"excerpt":"En ce milieu de semaine, voici mon point lecture hebdomadaire avec un retour sur nos lectures (mais pas nos relectures) de la semaine derni\u00e8re qui a d\u00e9but\u00e9 avec le rangement du sapin et d\u00e9corations de No\u00ebl et qui s'est termin\u00e9 sur un week-end pluvieux dans le Var chez des amis\u2026","rel":"","context":"Dans &quot;Mini blogueur&quot;","block_context":{"text":"Mini blogueur","link":"http:\/\/www.jojoenherbe.com\/index.php\/category\/mini-blogueur\/"},"img":{"alt_text":"","src":"https:\/\/i0.wp.com\/www.jojoenherbe.com\/wp-content\/uploads\/2026\/01\/macareux-point-lecture-hebdo.jpg?fit=864%2C1012&resize=350%2C200","width":350,"height":200,"srcset":"https:\/\/i0.wp.com\/www.jojoenherbe.com\/wp-content\/uploads\/2026\/01\/macareux-point-lecture-hebdo.jpg?fit=864%2C1012&resize=350%2C200 1x, https:\/\/i0.wp.com\/www.jojoenherbe.com\/wp-content\/uploads\/2026\/01\/macareux-point-lecture-hebdo.jpg?fit=864%2C1012&resize=525%2C300 1.5x, https:\/\/i0.wp.com\/www.jojoenherbe.com\/wp-content\/uploads\/2026\/01\/macareux-point-lecture-hebdo.jpg?fit=864%2C1012&resize=700%2C400 2x"},"classes":[]},{"id":33622,"url":"http:\/\/www.jojoenherbe.com\/index.php\/2023\/12\/18\/point-lecture-hebdomadaire-2023-50\/","url_meta":{"origin":34424,"position":5},"title":"Point lecture hebdomadaire 2023 #50","author":"Jojo","date":"18 d\u00e9cembre 2023","format":false,"excerpt":"En ce d\u00e9but de semaine, voici notre point lecture hebdomadaire avec un retour sur nos lectures de la semaine derni\u00e8re (mais pas nos relectures), la plupart de No\u00ebl. Nos lectures du 11 au 17 d\u00e9cembre 2023: Des lectures jeunesse: Nous avons lu les chapitres 11 \u00e0 17 de nos deux\u2026","rel":"","context":"Dans &quot;Mini blogueur&quot;","block_context":{"text":"Mini blogueur","link":"http:\/\/www.jojoenherbe.com\/index.php\/category\/mini-blogueur\/"},"img":{"alt_text":"","src":"https:\/\/i0.wp.com\/www.jojoenherbe.com\/wp-content\/uploads\/2023\/12\/Point-lecture-hebdomadaire-2023-50-scaled.jpg?fit=1200%2C1045&resize=350%2C200","width":350,"height":200,"srcset":"https:\/\/i0.wp.com\/www.jojoenherbe.com\/wp-content\/uploads\/2023\/12\/Point-lecture-hebdomadaire-2023-50-scaled.jpg?fit=1200%2C1045&resize=350%2C200 1x, https:\/\/i0.wp.com\/www.jojoenherbe.com\/wp-content\/uploads\/2023\/12\/Point-lecture-hebdomadaire-2023-50-scaled.jpg?fit=1200%2C1045&resize=525%2C300 1.5x, https:\/\/i0.wp.com\/www.jojoenherbe.com\/wp-content\/uploads\/2023\/12\/Point-lecture-hebdomadaire-2023-50-scaled.jpg?fit=1200%2C1045&resize=700%2C400 2x, https:\/\/i0.wp.com\/www.jojoenherbe.com\/wp-content\/uploads\/2023\/12\/Point-lecture-hebdomadaire-2023-50-scaled.jpg?fit=1200%2C1045&resize=1050%2C600 3x"},"classes":[]}],"_links":{"self":[{"href":"http:\/\/www.jojoenherbe.com\/index.php\/wp-json\/wp\/v2\/posts\/34424","targetHints":{"allow":["GET"]}}],"collection":[{"href":"http:\/\/www.jojoenherbe.com\/index.php\/wp-json\/wp\/v2\/posts"}],"about":[{"href":"http:\/\/www.jojoenherbe.com\/index.php\/wp-json\/wp\/v2\/types\/post"}],"author":[{"embeddable":true,"href":"http:\/\/www.jojoenherbe.com\/index.php\/wp-json\/wp\/v2\/users\/1"}],"replies":[{"embeddable":true,"href":"http:\/\/www.jojoenherbe.com\/index.php\/wp-json\/wp\/v2\/comments?post=34424"}],"version-history":[{"count":35,"href":"http:\/\/www.jojoenherbe.com\/index.php\/wp-json\/wp\/v2\/posts\/34424\/revisions"}],"predecessor-version":[{"id":34539,"href":"http:\/\/www.jojoenherbe.com\/index.php\/wp-json\/wp\/v2\/posts\/34424\/revisions\/34539"}],"wp:attachment":[{"href":"http:\/\/www.jojoenherbe.com\/index.php\/wp-json\/wp\/v2\/media?parent=34424"}],"wp:term":[{"taxonomy":"category","embeddable":true,"href":"http:\/\/www.jojoenherbe.com\/index.php\/wp-json\/wp\/v2\/categories?post=34424"},{"taxonomy":"post_tag","embeddable":true,"href":"http:\/\/www.jojoenherbe.com\/index.php\/wp-json\/wp\/v2\/tags?post=34424"}],"curies":[{"name":"wp","href":"https:\/\/api.w.org\/{rel}","templated":true}]}}