{"id":34362,"date":"2024-01-21T10:43:13","date_gmt":"2024-01-21T09:43:13","guid":{"rendered":"https:\/\/www.jojoenherbe.com\/?p=34362"},"modified":"2024-02-03T15:23:04","modified_gmt":"2024-02-03T14:23:04","slug":"week-end-a-mille-janvier-2024","status":"publish","type":"post","link":"http:\/\/www.jojoenherbe.com\/index.php\/2024\/01\/21\/week-end-a-mille-janvier-2024\/","title":{"rendered":"Week-end \u00e0 1000 &#8211; janvier 2024"},"content":{"rendered":"<p style=\"text-align: justify;\"><em><a href=\"https:\/\/i0.wp.com\/www.jojoenherbe.com\/wp-content\/uploads\/2024\/01\/Week-end-a-1000-programme-2024.jpg\"><img data-recalc-dims=\"1\" loading=\"lazy\" decoding=\"async\" data-attachment-id=\"34364\" data-permalink=\"http:\/\/www.jojoenherbe.com\/index.php\/2024\/01\/21\/week-end-a-mille-janvier-2024\/week-end-a-1000-programme-2024\/\" data-orig-file=\"https:\/\/i0.wp.com\/www.jojoenherbe.com\/wp-content\/uploads\/2024\/01\/Week-end-a-1000-programme-2024.jpg?fit=1286%2C1712\" data-orig-size=\"1286,1712\" data-comments-opened=\"1\" data-image-meta=\"{&quot;aperture&quot;:&quot;0&quot;,&quot;credit&quot;:&quot;&quot;,&quot;camera&quot;:&quot;&quot;,&quot;caption&quot;:&quot;&quot;,&quot;created_timestamp&quot;:&quot;1705744080&quot;,&quot;copyright&quot;:&quot;&quot;,&quot;focal_length&quot;:&quot;0&quot;,&quot;iso&quot;:&quot;0&quot;,&quot;shutter_speed&quot;:&quot;0&quot;,&quot;title&quot;:&quot;&quot;,&quot;orientation&quot;:&quot;1&quot;}\" data-image-title=\"\" data-image-description=\"\" data-image-caption=\"\" data-large-file=\"https:\/\/i0.wp.com\/www.jojoenherbe.com\/wp-content\/uploads\/2024\/01\/Week-end-a-1000-programme-2024.jpg?fit=676%2C900\" class=\"alignleft wp-image-34364\" src=\"https:\/\/i0.wp.com\/www.jojoenherbe.com\/wp-content\/uploads\/2024\/01\/Week-end-a-1000-programme-2024.jpg?resize=141%2C188\" alt=\"\" width=\"141\" height=\"188\" srcset=\"https:\/\/i0.wp.com\/www.jojoenherbe.com\/wp-content\/uploads\/2024\/01\/Week-end-a-1000-programme-2024.jpg?w=1286 1286w, https:\/\/i0.wp.com\/www.jojoenherbe.com\/wp-content\/uploads\/2024\/01\/Week-end-a-1000-programme-2024.jpg?resize=225%2C300 225w, https:\/\/i0.wp.com\/www.jojoenherbe.com\/wp-content\/uploads\/2024\/01\/Week-end-a-1000-programme-2024.jpg?resize=769%2C1024 769w, https:\/\/i0.wp.com\/www.jojoenherbe.com\/wp-content\/uploads\/2024\/01\/Week-end-a-1000-programme-2024.jpg?resize=768%2C1022 768w, https:\/\/i0.wp.com\/www.jojoenherbe.com\/wp-content\/uploads\/2024\/01\/Week-end-a-1000-programme-2024.jpg?resize=1154%2C1536 1154w, https:\/\/i0.wp.com\/www.jojoenherbe.com\/wp-content\/uploads\/2024\/01\/Week-end-a-1000-programme-2024.jpg?resize=676%2C900 676w\" sizes=\"auto, (max-width: 141px) 100vw, 141px\" \/><\/a>Ce week-end, du vendredi 19 janvier 19h \u00e0 dimanche minuit se d\u00e9roule un week-end \u00e0 mille. Il s&rsquo;agit d&rsquo;un d\u00e9fi livresque o\u00f9 l&rsquo;objectif est de lire au moins 1000 pages, quel que soit le support ou genre (romans, albums illustr\u00e9s, BD, romans graphiques, mangas, livres audio&#8230;). Mais ce nombre de pages \u00e0 lire reste libre, chaque participant pouvant se fixer un objectif de lecture plus petit ou plus grand, en se constituant ou non une petite PAL pour l&rsquo;occasion. Un th\u00e8me facultatif a \u00e9t\u00e9 pr\u00e9vu ce week-end: \u00ab\u00a0l&rsquo;hiver\u00a0\u00bb. Pour plus d&rsquo;infos, n&rsquo;h\u00e9sitez pas \u00e0 y participer \u00e0 votre tour et \u00e0 rejoindre le groupe FB d\u00e9di\u00e9: <a href=\"https:\/\/www.facebook.com\/groups\/548425825168377\/\">ici<\/a>.<\/em><\/p>\n<p style=\"text-align: justify;\"><em>Ce billet de suivi sera actualis\u00e9 tout le long du week-end et sera ponctu\u00e9 aussi par les passages sur les blogs et\/ou r\u00e9seaux sociaux des autres participantes.<\/em><\/p>\n<p><span style=\"text-decoration: underline; color: #00ccff;\"><em>Vendredi 19 janvier 2024<\/em><\/span><\/p>\n<p style=\"text-align: justify;\"><em><a href=\"https:\/\/i0.wp.com\/www.jojoenherbe.com\/wp-content\/uploads\/2024\/01\/Mortelle-Adele-et-Ajax-BD-scaled.jpg\"><img data-recalc-dims=\"1\" loading=\"lazy\" decoding=\"async\" data-attachment-id=\"34366\" data-permalink=\"http:\/\/www.jojoenherbe.com\/index.php\/2024\/01\/21\/week-end-a-mille-janvier-2024\/mortelle-adele-et-ajax-bd\/\" data-orig-file=\"https:\/\/i0.wp.com\/www.jojoenherbe.com\/wp-content\/uploads\/2024\/01\/Mortelle-Adele-et-Ajax-BD-scaled.jpg?fit=2560%2C2171\" data-orig-size=\"2560,2171\" data-comments-opened=\"1\" data-image-meta=\"{&quot;aperture&quot;:&quot;1.8&quot;,&quot;credit&quot;:&quot;&quot;,&quot;camera&quot;:&quot;iPhone 7&quot;,&quot;caption&quot;:&quot;&quot;,&quot;created_timestamp&quot;:&quot;1705681337&quot;,&quot;copyright&quot;:&quot;&quot;,&quot;focal_length&quot;:&quot;3.99&quot;,&quot;iso&quot;:&quot;100&quot;,&quot;shutter_speed&quot;:&quot;0.25&quot;,&quot;title&quot;:&quot;&quot;,&quot;orientation&quot;:&quot;1&quot;}\" data-image-title=\"Mortelle Ad\u00e8le et Ajax BD\" data-image-description=\"\" data-image-caption=\"\" data-large-file=\"https:\/\/i0.wp.com\/www.jojoenherbe.com\/wp-content\/uploads\/2024\/01\/Mortelle-Adele-et-Ajax-BD-scaled.jpg?fit=676%2C573\" class=\"size-thumbnail wp-image-34366 alignright\" src=\"https:\/\/i0.wp.com\/www.jojoenherbe.com\/wp-content\/uploads\/2024\/01\/Mortelle-Adele-et-Ajax-BD.jpg?resize=150%2C150\" alt=\"\" width=\"150\" height=\"150\" srcset=\"https:\/\/i0.wp.com\/www.jojoenherbe.com\/wp-content\/uploads\/2024\/01\/Mortelle-Adele-et-Ajax-BD-scaled.jpg?resize=150%2C150 150w, https:\/\/i0.wp.com\/www.jojoenherbe.com\/wp-content\/uploads\/2024\/01\/Mortelle-Adele-et-Ajax-BD-scaled.jpg?zoom=2&amp;resize=150%2C150 300w, https:\/\/i0.wp.com\/www.jojoenherbe.com\/wp-content\/uploads\/2024\/01\/Mortelle-Adele-et-Ajax-BD-scaled.jpg?zoom=3&amp;resize=150%2C150 450w\" sizes=\"auto, (max-width: 150px) 100vw, 150px\" \/><\/a>Apr\u00e8s 19h, je commence \u00e0 comptabiliser les pages lues, sauf celles de mon mini lutin qui lit ce soir <span style=\"text-decoration: underline; color: #008000;\">Mortelle Ad\u00e8le et la galaxie des bizarres<\/span> de Mr Tan et Diane Le Feyer (\u00e9d. Bayard Jeunesse, octobre 2020, 112 pages), une BD jeunesse \u00e0 partir de 7\/8 ans.<\/em><\/p>\n<p style=\"text-align: justify;\"><em><a href=\"https:\/\/i0.wp.com\/www.jojoenherbe.com\/wp-content\/uploads\/2024\/01\/La-ligue-des-sorcieres-distinguees-T2.jpg\"><img data-recalc-dims=\"1\" loading=\"lazy\" decoding=\"async\" data-attachment-id=\"34368\" data-permalink=\"http:\/\/www.jojoenherbe.com\/index.php\/2024\/01\/21\/week-end-a-mille-janvier-2024\/la-ligue-des-sorcieres-distinguees-t2\/\" data-orig-file=\"https:\/\/i0.wp.com\/www.jojoenherbe.com\/wp-content\/uploads\/2024\/01\/La-ligue-des-sorcieres-distinguees-T2.jpg?fit=750%2C1334\" data-orig-size=\"750,1334\" data-comments-opened=\"1\" data-image-meta=\"{&quot;aperture&quot;:&quot;0&quot;,&quot;credit&quot;:&quot;&quot;,&quot;camera&quot;:&quot;&quot;,&quot;caption&quot;:&quot;&quot;,&quot;created_timestamp&quot;:&quot;0&quot;,&quot;copyright&quot;:&quot;&quot;,&quot;focal_length&quot;:&quot;0&quot;,&quot;iso&quot;:&quot;0&quot;,&quot;shutter_speed&quot;:&quot;0&quot;,&quot;title&quot;:&quot;&quot;,&quot;orientation&quot;:&quot;1&quot;}\" data-image-title=\"La ligue des sorci\u00e8res distingu\u00e9es T2\" data-image-description=\"\" data-image-caption=\"\" data-large-file=\"https:\/\/i0.wp.com\/www.jojoenherbe.com\/wp-content\/uploads\/2024\/01\/La-ligue-des-sorcieres-distinguees-T2.jpg?fit=576%2C1024\" class=\"alignleft size-thumbnail wp-image-34368\" src=\"https:\/\/i0.wp.com\/www.jojoenherbe.com\/wp-content\/uploads\/2024\/01\/La-ligue-des-sorcieres-distinguees-T2.jpg?resize=150%2C150\" alt=\"\" width=\"150\" height=\"150\" srcset=\"https:\/\/i0.wp.com\/www.jojoenherbe.com\/wp-content\/uploads\/2024\/01\/La-ligue-des-sorcieres-distinguees-T2.jpg?resize=150%2C150 150w, https:\/\/i0.wp.com\/www.jojoenherbe.com\/wp-content\/uploads\/2024\/01\/La-ligue-des-sorcieres-distinguees-T2.jpg?zoom=2&amp;resize=150%2C150 300w, https:\/\/i0.wp.com\/www.jojoenherbe.com\/wp-content\/uploads\/2024\/01\/La-ligue-des-sorcieres-distinguees-T2.jpg?zoom=3&amp;resize=150%2C150 450w\" sizes=\"auto, (max-width: 150px) 100vw, 150px\" \/><\/a>De mon c\u00f4t\u00e9, en soir\u00e9e, j&rsquo;ai repris au chapitre 12 la romance historique de style gaslamp fantasy commenc\u00e9e hier soir et l&rsquo;ai finie: le <span style=\"color: #00ccff;\">tome 2<\/span> de <span style=\"text-decoration: underline; color: #00ccff;\">Dangereuses demoiselles, La Ligue des sorci\u00e8res distingu\u00e9es<\/span> d\u2019India Holton (\u00e9d. J&rsquo;ai lu, coll. Regency, n\u00b013964, novembre 2023, 352 pages), un tome avec une romance \u00ab\u00a0ennemies to lovers\u00a0\u00bb plus pr\u00e9sente entre Charlotte Pettifer, une lady sorci\u00e8re et le capitaine Alex O\u2019Riley, un pirate irlandais \u00e0 l\u2019\u00e9poque victorienne revisit\u00e9e et que j\u2019ai pr\u00e9f\u00e9r\u00e9 au pr\u00e9c\u00e9dent, <a href=\"https:\/\/www.jojoenherbe.com\/index.php\/2023\/11\/28\/au-fil-des-pages-avec-les-dames-pirates\/\"><span style=\"text-decoration: underline;\">Les dames pirates<\/span><\/a>. J&rsquo;ai ainsi lu <strong>208 pages<\/strong>.<\/em><\/p>\n<p><span style=\"text-decoration: underline; color: #00ccff;\"><em>Samedi 20 janvier 2024<\/em><\/span><\/p>\n<p style=\"text-align: justify;\"><em><a href=\"https:\/\/i0.wp.com\/www.jojoenherbe.com\/wp-content\/uploads\/2024\/01\/La-Belle-inconnue-de-Noel-T4.jpg\"><img data-recalc-dims=\"1\" loading=\"lazy\" decoding=\"async\" data-attachment-id=\"34367\" data-permalink=\"http:\/\/www.jojoenherbe.com\/index.php\/2024\/01\/21\/week-end-a-mille-janvier-2024\/la-belle-inconnue-de-noel-t4\/\" data-orig-file=\"https:\/\/i0.wp.com\/www.jojoenherbe.com\/wp-content\/uploads\/2024\/01\/La-Belle-inconnue-de-Noel-T4.jpg?fit=750%2C1334\" data-orig-size=\"750,1334\" data-comments-opened=\"1\" data-image-meta=\"{&quot;aperture&quot;:&quot;0&quot;,&quot;credit&quot;:&quot;&quot;,&quot;camera&quot;:&quot;&quot;,&quot;caption&quot;:&quot;&quot;,&quot;created_timestamp&quot;:&quot;0&quot;,&quot;copyright&quot;:&quot;&quot;,&quot;focal_length&quot;:&quot;0&quot;,&quot;iso&quot;:&quot;0&quot;,&quot;shutter_speed&quot;:&quot;0&quot;,&quot;title&quot;:&quot;&quot;,&quot;orientation&quot;:&quot;1&quot;}\" data-image-title=\"La Belle inconnue de No\u00ebl T4\" data-image-description=\"\" data-image-caption=\"\" data-large-file=\"https:\/\/i0.wp.com\/www.jojoenherbe.com\/wp-content\/uploads\/2024\/01\/La-Belle-inconnue-de-Noel-T4.jpg?fit=576%2C1024\" class=\"size-thumbnail wp-image-34367 alignright\" src=\"https:\/\/i0.wp.com\/www.jojoenherbe.com\/wp-content\/uploads\/2024\/01\/La-Belle-inconnue-de-Noel-T4.jpg?resize=150%2C150\" alt=\"\" width=\"150\" height=\"150\" srcset=\"https:\/\/i0.wp.com\/www.jojoenherbe.com\/wp-content\/uploads\/2024\/01\/La-Belle-inconnue-de-Noel-T4.jpg?resize=150%2C150 150w, https:\/\/i0.wp.com\/www.jojoenherbe.com\/wp-content\/uploads\/2024\/01\/La-Belle-inconnue-de-Noel-T4.jpg?zoom=2&amp;resize=150%2C150 300w, https:\/\/i0.wp.com\/www.jojoenherbe.com\/wp-content\/uploads\/2024\/01\/La-Belle-inconnue-de-Noel-T4.jpg?zoom=3&amp;resize=150%2C150 450w\" sizes=\"auto, (max-width: 150px) 100vw, 150px\" \/><\/a>J&rsquo;ai lu dans la journ\u00e9e le tome bonus de la s\u00e9rie de romances historiques <span style=\"text-decoration: underline;\">Les alliances impos\u00e9es<\/span> : <span style=\"text-decoration: underline; color: #00ccff;\">La Belle inconnue de No\u00ebl<\/span> de Liv Fox (\u00e9d. Auto\u00e9dition, janvier 2024, 282 pages), une romance historique hivernale toute mignonne et impr\u00e9vue entre un duc qui se fait pour un notaire de campagne et une jeune femme bloqu\u00e9s par la neige, comme d\u2019autres voyageurs dans une auberge le temps d\u2019un No\u00ebl. Une romance qui rentre pile poil dans le th\u00e8me de janvier \u00ab\u00a0Amour interdit\/diff\u00e9rence de classes sociales\u00a0\u00bb du challenge livresque D\u00e9fi Romance historique 2024. Cela fait <strong>282 pages<\/strong> lues.<\/em><\/p>\n<p style=\"text-align: justify;\"><em><a href=\"https:\/\/i0.wp.com\/www.jojoenherbe.com\/wp-content\/uploads\/2024\/01\/Les-Coeurs-de-ferraille-T2.jpg\"><img data-recalc-dims=\"1\" loading=\"lazy\" decoding=\"async\" data-attachment-id=\"34370\" data-permalink=\"http:\/\/www.jojoenherbe.com\/index.php\/2024\/01\/21\/week-end-a-mille-janvier-2024\/les-coeurs-de-ferraille-t2\/\" data-orig-file=\"https:\/\/i0.wp.com\/www.jojoenherbe.com\/wp-content\/uploads\/2024\/01\/Les-Coeurs-de-ferraille-T2.jpg?fit=750%2C1194\" data-orig-size=\"750,1194\" data-comments-opened=\"1\" data-image-meta=\"{&quot;aperture&quot;:&quot;0&quot;,&quot;credit&quot;:&quot;&quot;,&quot;camera&quot;:&quot;&quot;,&quot;caption&quot;:&quot;&quot;,&quot;created_timestamp&quot;:&quot;0&quot;,&quot;copyright&quot;:&quot;&quot;,&quot;focal_length&quot;:&quot;0&quot;,&quot;iso&quot;:&quot;0&quot;,&quot;shutter_speed&quot;:&quot;0&quot;,&quot;title&quot;:&quot;&quot;,&quot;orientation&quot;:&quot;1&quot;}\" data-image-title=\"Les Coeurs de ferraille T2\" data-image-description=\"\" data-image-caption=\"\" data-large-file=\"https:\/\/i0.wp.com\/www.jojoenherbe.com\/wp-content\/uploads\/2024\/01\/Les-Coeurs-de-ferraille-T2.jpg?fit=643%2C1024\" class=\"alignleft size-thumbnail wp-image-34370\" src=\"https:\/\/i0.wp.com\/www.jojoenherbe.com\/wp-content\/uploads\/2024\/01\/Les-Coeurs-de-ferraille-T2.jpg?resize=150%2C150\" alt=\"\" width=\"150\" height=\"150\" srcset=\"https:\/\/i0.wp.com\/www.jojoenherbe.com\/wp-content\/uploads\/2024\/01\/Les-Coeurs-de-ferraille-T2.jpg?resize=150%2C150 150w, https:\/\/i0.wp.com\/www.jojoenherbe.com\/wp-content\/uploads\/2024\/01\/Les-Coeurs-de-ferraille-T2.jpg?zoom=2&amp;resize=150%2C150 300w, https:\/\/i0.wp.com\/www.jojoenherbe.com\/wp-content\/uploads\/2024\/01\/Les-Coeurs-de-ferraille-T2.jpg?zoom=3&amp;resize=150%2C150 450w\" sizes=\"auto, (max-width: 150px) 100vw, 150px\" \/><\/a>Dans l&rsquo;apr\u00e8s-midi, j&rsquo;ai lu le <span style=\"color: #00ccff;\">tome 2<\/span> de la BD, <span style=\"text-decoration: underline; color: #00ccff;\">Les C\u0153urs de ferraille, L\u2019inspiration<\/span> de Beka et Jose Luis Munuera (\u00e9d. Dupuis, juin 2023, 72 pages), une BD \u00e0 partir de 9 ans selon l&rsquo;\u00e9diteur mais class\u00e9e en adulte par ma m\u00e9diath\u00e8que. Un bon voire tr\u00e8s moment de lecture avec ce tome tout aussi r\u00e9ussi que le pr\u00e9c\u00e9dent, interrogeant encore sur la nature humaine et toujours aussi joliment dessin\u00e9e! Je rajoute <strong>72 pages<\/strong>.<br \/><\/em><\/p>\n<p style=\"text-align: justify;\"><em>Pour l&rsquo;histoire du soir, mon mini lutin a lu le <span style=\"color: #008000;\">tome 9<\/span> de la BD <span style=\"text-decoration: underline; color: #008000;\">Mortelle Ad\u00e8le, La rentr\u00e9e des claques<\/span> de Mr Tan et Diane Le Feyer (\u00e9d. Bayard Jeunesse, d\u00e9cembre 2015, 78 pages).<\/em><\/p>\n<p style=\"text-align: justify;\"><em><a href=\"https:\/\/i0.wp.com\/www.jojoenherbe.com\/wp-content\/uploads\/2024\/01\/Les-4-filles-du-Dr.-March-scaled.jpg\"><img data-recalc-dims=\"1\" loading=\"lazy\" decoding=\"async\" data-attachment-id=\"34348\" data-permalink=\"http:\/\/www.jojoenherbe.com\/index.php\/2024\/01\/15\/point-lecture-hebdomadaire-2024-2\/les-4-filles-du-dr-march-7\/\" data-orig-file=\"https:\/\/i0.wp.com\/www.jojoenherbe.com\/wp-content\/uploads\/2024\/01\/Les-4-filles-du-Dr.-March-scaled.jpg?fit=2560%2C2219\" data-orig-size=\"2560,2219\" data-comments-opened=\"1\" data-image-meta=\"{&quot;aperture&quot;:&quot;1.8&quot;,&quot;credit&quot;:&quot;&quot;,&quot;camera&quot;:&quot;iPhone 7&quot;,&quot;caption&quot;:&quot;&quot;,&quot;created_timestamp&quot;:&quot;1705687323&quot;,&quot;copyright&quot;:&quot;&quot;,&quot;focal_length&quot;:&quot;3.99&quot;,&quot;iso&quot;:&quot;80&quot;,&quot;shutter_speed&quot;:&quot;0.2&quot;,&quot;title&quot;:&quot;&quot;,&quot;orientation&quot;:&quot;1&quot;}\" data-image-title=\"Les 4 filles du Dr. March\" data-image-description=\"\" data-image-caption=\"\" data-large-file=\"https:\/\/i0.wp.com\/www.jojoenherbe.com\/wp-content\/uploads\/2024\/01\/Les-4-filles-du-Dr.-March-scaled.jpg?fit=676%2C586\" class=\"size-thumbnail wp-image-34348 alignright\" src=\"https:\/\/i0.wp.com\/www.jojoenherbe.com\/wp-content\/uploads\/2024\/01\/Les-4-filles-du-Dr.-March.jpg?resize=150%2C150\" alt=\"\" width=\"150\" height=\"150\" srcset=\"https:\/\/i0.wp.com\/www.jojoenherbe.com\/wp-content\/uploads\/2024\/01\/Les-4-filles-du-Dr.-March-scaled.jpg?resize=150%2C150 150w, https:\/\/i0.wp.com\/www.jojoenherbe.com\/wp-content\/uploads\/2024\/01\/Les-4-filles-du-Dr.-March-scaled.jpg?zoom=2&amp;resize=150%2C150 300w, https:\/\/i0.wp.com\/www.jojoenherbe.com\/wp-content\/uploads\/2024\/01\/Les-4-filles-du-Dr.-March-scaled.jpg?zoom=3&amp;resize=150%2C150 450w\" sizes=\"auto, (max-width: 150px) 100vw, 150px\" \/><\/a>En soir\u00e9e, j&rsquo;ai commenc\u00e9 \u00e0 lire la <span style=\"color: #00ccff;\">2e partie<\/span> (p.315) des <span style=\"text-decoration: underline; color: #00ccff;\">Quatre filles du Docteur March<\/span> de de Louisa May Alcott (\u00e9d. Gallmeister, Totem n\u00b0166, septembre 2020, 640 pages), dans une nouvelle traduction de J<span class=\"cr-widget-FocalReviews\" data-hook=\"cr-widget-FocalReviews\"><span class=\"a-size-base review-text\" data-hook=\"review-body\">anique Jouin-de Laurens<\/span><\/span>. Il s&rsquo;agit d&rsquo;une lecture commune avec <a href=\"https:\/\/ribambelledhistoires.over-blog.com\/\">Isabelle<\/a> et pour laquelle j\u2019ai pris du retard puisqu\u2019elle \u00e9tait pr\u00e9vue pour les challenges de No\u00ebl et qui sera donc d\u00e9sormais aussi une nouvelle participation pour le challenge 2024 sera classique aussi puisqu&rsquo;il s&rsquo;agit d&rsquo;un classique jeunesse am\u00e9ricain. J&rsquo;ai lu jusqu&rsquo;au chapitre 8, un chapitre se focalisant \u00e0 chaque fois sur une s\u0153ur avant de passer \u00e0 la vie quotidienne d&rsquo;une autre (<strong>+95 pages<\/strong>).<br \/><\/em><\/p>\n<p><span style=\"text-decoration: underline; color: #00ccff;\"><em>Dimanche 21 janvier 2024<\/em><\/span><\/p>\n<p style=\"text-align: justify;\"><em>Apr\u00e8s des passages hier sur Instagram et le groupe FB, je prends le temps, ce matin, de faire mon billet de suivi de lectures de ce week-end. De son c\u00f4t\u00e9, mon mini lutin a lu le <span style=\"color: #008000;\">tome 3<\/span> d&rsquo;<span style=\"text-decoration: underline; color: #008000;\">Ajax, Chaperlipopette!<\/span> de Mr Tan et Diane Le Feyer (\u00e9d. Bayard Jeunesse, mars 2019, 64 pages), apr\u00e8s avoir fait ses devoirs et avant de jouer un peu \u00e0 la console.<br \/><\/em><\/p>\n<p style=\"text-align: justify;\"><em><a href=\"https:\/\/i0.wp.com\/www.jojoenherbe.com\/wp-content\/uploads\/2024\/01\/Sambre-Radioscopie-dun-fait-divers.jpg\"><img data-recalc-dims=\"1\" loading=\"lazy\" decoding=\"async\" data-attachment-id=\"34395\" data-permalink=\"http:\/\/www.jojoenherbe.com\/index.php\/2024\/01\/21\/week-end-a-mille-janvier-2024\/sambre-radioscopie-dun-fait-divers\/\" data-orig-file=\"https:\/\/i0.wp.com\/www.jojoenherbe.com\/wp-content\/uploads\/2024\/01\/Sambre-Radioscopie-dun-fait-divers.jpg?fit=750%2C1334\" data-orig-size=\"750,1334\" data-comments-opened=\"1\" data-image-meta=\"{&quot;aperture&quot;:&quot;0&quot;,&quot;credit&quot;:&quot;&quot;,&quot;camera&quot;:&quot;&quot;,&quot;caption&quot;:&quot;&quot;,&quot;created_timestamp&quot;:&quot;0&quot;,&quot;copyright&quot;:&quot;&quot;,&quot;focal_length&quot;:&quot;0&quot;,&quot;iso&quot;:&quot;0&quot;,&quot;shutter_speed&quot;:&quot;0&quot;,&quot;title&quot;:&quot;&quot;,&quot;orientation&quot;:&quot;1&quot;}\" data-image-title=\"Sambre, Radioscopie d&amp;rsquo;un fait divers\" data-image-description=\"\" data-image-caption=\"\" data-large-file=\"https:\/\/i0.wp.com\/www.jojoenherbe.com\/wp-content\/uploads\/2024\/01\/Sambre-Radioscopie-dun-fait-divers.jpg?fit=576%2C1024\" class=\"alignleft size-thumbnail wp-image-34395\" src=\"https:\/\/i0.wp.com\/www.jojoenherbe.com\/wp-content\/uploads\/2024\/01\/Sambre-Radioscopie-dun-fait-divers.jpg?resize=150%2C150\" alt=\"\" width=\"150\" height=\"150\" srcset=\"https:\/\/i0.wp.com\/www.jojoenherbe.com\/wp-content\/uploads\/2024\/01\/Sambre-Radioscopie-dun-fait-divers.jpg?resize=150%2C150 150w, https:\/\/i0.wp.com\/www.jojoenherbe.com\/wp-content\/uploads\/2024\/01\/Sambre-Radioscopie-dun-fait-divers.jpg?zoom=2&amp;resize=150%2C150 300w, https:\/\/i0.wp.com\/www.jojoenherbe.com\/wp-content\/uploads\/2024\/01\/Sambre-Radioscopie-dun-fait-divers.jpg?zoom=3&amp;resize=150%2C150 450w\" sizes=\"auto, (max-width: 150px) 100vw, 150px\" \/><\/a>Dans la journ\u00e9e, j&rsquo;ai lu <span style=\"text-decoration: underline; color: #00ccff;\">Sambre, Radioscopie d&rsquo;un fait divers<\/span> d\u2019Alice G\u00e9raud (\u00e9d. JC Latt\u00e8s, janvier 2023, 400 pages), un essai\/documentaire d&rsquo;une journaliste ayant suivi le proc\u00e8s d\u2019assises d&rsquo;un violeur en s\u00e9ries surnomm\u00e9 le \u00ab\u00a0violeur de la Sambre\u00a0\u00bb interpell\u00e9 en 2018, condamn\u00e9 d\u00e9finitivement en 2022 et ayant eu lieu 30 ans apr\u00e8s les premiers signalements et plaintes des victimes, les premi\u00e8res remontant \u00e0 1988 (au moins au nombre de 56 c\u00f4t\u00e9 fran\u00e7ais et d&rsquo;autres c\u00f4t\u00e9 belge). Elle s&rsquo;interroge sur le sort des plaintes des victimes (la plupart \u00e9tant mineures au moment des faits!) et le dysfonctionnement institutionnel tant du c\u00f4t\u00e9 de la police\/gendarmerie que de la Justice, sous fond d&rsquo;\u00e9volutions l\u00e9gislatives, informatiques et scientifiques du traitement des affaires p\u00e9nales, en particulier celles de nature sexuelle. J&rsquo;ai trouv\u00e9 cette enqu\u00eate journalistique bien plus pertinente et int\u00e9ressante que le roman de Philippe Besson, <span style=\"text-decoration: underline;\">Ceci n&rsquo;est pas un fait divers<\/span>, m\u00eame si l&rsquo;autrice aurait pu plus insister sur l&rsquo;impact des politiques p\u00e9nales sur ces enqu\u00eates b\u00e2cl\u00e9es et du r\u00f4le du Parquet (plut\u00f4t que sur celui des Juges d&rsquo;instruction qui ne sont saisis d&rsquo;un dossier que sur r\u00e9quisition du Procureur de la R\u00e9publique) et m\u00eame si elle ne rel\u00e8ve rien de nouveau en la mati\u00e8re (+<strong>400 pages<\/strong> lues). <br \/><\/em><\/p>\n<p style=\"text-align: justify;\"><em><a href=\"https:\/\/i0.wp.com\/www.jojoenherbe.com\/wp-content\/uploads\/2024\/01\/Clochette-au-Pays-des-Merveilles.jpg\"><img data-recalc-dims=\"1\" loading=\"lazy\" decoding=\"async\" data-attachment-id=\"34393\" data-permalink=\"http:\/\/www.jojoenherbe.com\/index.php\/2024\/01\/21\/week-end-a-mille-janvier-2024\/clochette-au-pays-des-merveilles\/\" data-orig-file=\"https:\/\/i0.wp.com\/www.jojoenherbe.com\/wp-content\/uploads\/2024\/01\/Clochette-au-Pays-des-Merveilles.jpg?fit=750%2C1117\" data-orig-size=\"750,1117\" data-comments-opened=\"1\" data-image-meta=\"{&quot;aperture&quot;:&quot;0&quot;,&quot;credit&quot;:&quot;&quot;,&quot;camera&quot;:&quot;&quot;,&quot;caption&quot;:&quot;&quot;,&quot;created_timestamp&quot;:&quot;0&quot;,&quot;copyright&quot;:&quot;&quot;,&quot;focal_length&quot;:&quot;0&quot;,&quot;iso&quot;:&quot;0&quot;,&quot;shutter_speed&quot;:&quot;0&quot;,&quot;title&quot;:&quot;&quot;,&quot;orientation&quot;:&quot;1&quot;}\" data-image-title=\"Clochette au Pays des Merveilles\" data-image-description=\"\" data-image-caption=\"\" data-large-file=\"https:\/\/i0.wp.com\/www.jojoenherbe.com\/wp-content\/uploads\/2024\/01\/Clochette-au-Pays-des-Merveilles.jpg?fit=676%2C1006\" class=\"size-thumbnail wp-image-34393 alignright\" src=\"https:\/\/i0.wp.com\/www.jojoenherbe.com\/wp-content\/uploads\/2024\/01\/Clochette-au-Pays-des-Merveilles.jpg?resize=150%2C150\" alt=\"\" width=\"150\" height=\"150\" srcset=\"https:\/\/i0.wp.com\/www.jojoenherbe.com\/wp-content\/uploads\/2024\/01\/Clochette-au-Pays-des-Merveilles.jpg?resize=150%2C150 150w, https:\/\/i0.wp.com\/www.jojoenherbe.com\/wp-content\/uploads\/2024\/01\/Clochette-au-Pays-des-Merveilles.jpg?zoom=2&amp;resize=150%2C150 300w, https:\/\/i0.wp.com\/www.jojoenherbe.com\/wp-content\/uploads\/2024\/01\/Clochette-au-Pays-des-Merveilles.jpg?zoom=3&amp;resize=150%2C150 450w\" sizes=\"auto, (max-width: 150px) 100vw, 150px\" \/><\/a> <a href=\"https:\/\/i0.wp.com\/www.jojoenherbe.com\/wp-content\/uploads\/2024\/01\/Un-Chant-de-Noel-BD-1.jpg\"><img data-recalc-dims=\"1\" loading=\"lazy\" decoding=\"async\" data-attachment-id=\"34396\" data-permalink=\"http:\/\/www.jojoenherbe.com\/index.php\/2024\/01\/21\/week-end-a-mille-janvier-2024\/un-chant-de-noel-bd-11\/\" data-orig-file=\"https:\/\/i0.wp.com\/www.jojoenherbe.com\/wp-content\/uploads\/2024\/01\/Un-Chant-de-Noel-BD-1.jpg?fit=745%2C1224\" data-orig-size=\"745,1224\" data-comments-opened=\"1\" data-image-meta=\"{&quot;aperture&quot;:&quot;0&quot;,&quot;credit&quot;:&quot;&quot;,&quot;camera&quot;:&quot;&quot;,&quot;caption&quot;:&quot;&quot;,&quot;created_timestamp&quot;:&quot;0&quot;,&quot;copyright&quot;:&quot;&quot;,&quot;focal_length&quot;:&quot;0&quot;,&quot;iso&quot;:&quot;0&quot;,&quot;shutter_speed&quot;:&quot;0&quot;,&quot;title&quot;:&quot;&quot;,&quot;orientation&quot;:&quot;1&quot;}\" data-image-title=\"Un Chant de No\u00ebl BD\" data-image-description=\"\" data-image-caption=\"\" data-large-file=\"https:\/\/i0.wp.com\/www.jojoenherbe.com\/wp-content\/uploads\/2024\/01\/Un-Chant-de-Noel-BD-1.jpg?fit=623%2C1024\" class=\"size-thumbnail wp-image-34396 alignright\" src=\"https:\/\/i0.wp.com\/www.jojoenherbe.com\/wp-content\/uploads\/2024\/01\/Un-Chant-de-Noel-BD-1.jpg?resize=150%2C150\" alt=\"\" width=\"150\" height=\"150\" srcset=\"https:\/\/i0.wp.com\/www.jojoenherbe.com\/wp-content\/uploads\/2024\/01\/Un-Chant-de-Noel-BD-1.jpg?resize=150%2C150 150w, https:\/\/i0.wp.com\/www.jojoenherbe.com\/wp-content\/uploads\/2024\/01\/Un-Chant-de-Noel-BD-1.jpg?zoom=2&amp;resize=150%2C150 300w, https:\/\/i0.wp.com\/www.jojoenherbe.com\/wp-content\/uploads\/2024\/01\/Un-Chant-de-Noel-BD-1.jpg?zoom=3&amp;resize=150%2C150 450w\" sizes=\"auto, (max-width: 150px) 100vw, 150px\" \/><\/a>Apr\u00e8s cette lecture, je suis pass\u00e9e \u00e0 des BD plus l\u00e9g\u00e8res avec <span style=\"text-decoration: underline; color: #00ccff;\">Un chant de No\u00ebl<\/span> de Maxe L\u2019Hermenier et Thomas Labourot (\u00e9d. Jungle, octobre 2022, 64 pages), une BD d\u2019apr\u00e8s le conte de No\u00ebl de Charles Dickens et <span style=\"text-decoration: underline; color: #00ccff;\">Clochette au Pays des Merveilles<\/span> de Didier Crisse (\u00e9d. Le Lombard, septembre 2014, 64 pages), une BD jeunesse \u00e0 partir de 9 ans selon l&rsquo;\u00e9diteur et dans laquelle l\u2019univers de Peter Pan se m\u00eale \u00e0 celui d\u2019Alice au pays des Merveilles (<strong>+128 pages<\/strong>).<\/em><\/p>\n<p dir=\"auto\" style=\"text-align: justify;\"><em><a href=\"https:\/\/i0.wp.com\/www.jojoenherbe.com\/wp-content\/uploads\/2024\/01\/Mysteries-of-Thorn-Manor.jpg\"><img data-recalc-dims=\"1\" loading=\"lazy\" decoding=\"async\" data-attachment-id=\"34394\" data-permalink=\"http:\/\/www.jojoenherbe.com\/index.php\/2024\/01\/21\/week-end-a-mille-janvier-2024\/mysteries-of-thorn-manor\/\" data-orig-file=\"https:\/\/i0.wp.com\/www.jojoenherbe.com\/wp-content\/uploads\/2024\/01\/Mysteries-of-Thorn-Manor.jpg?fit=750%2C1235\" data-orig-size=\"750,1235\" data-comments-opened=\"1\" data-image-meta=\"{&quot;aperture&quot;:&quot;0&quot;,&quot;credit&quot;:&quot;&quot;,&quot;camera&quot;:&quot;&quot;,&quot;caption&quot;:&quot;&quot;,&quot;created_timestamp&quot;:&quot;0&quot;,&quot;copyright&quot;:&quot;&quot;,&quot;focal_length&quot;:&quot;0&quot;,&quot;iso&quot;:&quot;0&quot;,&quot;shutter_speed&quot;:&quot;0&quot;,&quot;title&quot;:&quot;&quot;,&quot;orientation&quot;:&quot;1&quot;}\" data-image-title=\"Mysteries of Thorn Manor\" data-image-description=\"\" data-image-caption=\"\" data-large-file=\"https:\/\/i0.wp.com\/www.jojoenherbe.com\/wp-content\/uploads\/2024\/01\/Mysteries-of-Thorn-Manor.jpg?fit=622%2C1024\" class=\"alignleft size-thumbnail wp-image-34394\" src=\"https:\/\/i0.wp.com\/www.jojoenherbe.com\/wp-content\/uploads\/2024\/01\/Mysteries-of-Thorn-Manor.jpg?resize=150%2C150\" alt=\"\" width=\"150\" height=\"150\" srcset=\"https:\/\/i0.wp.com\/www.jojoenherbe.com\/wp-content\/uploads\/2024\/01\/Mysteries-of-Thorn-Manor.jpg?resize=150%2C150 150w, https:\/\/i0.wp.com\/www.jojoenherbe.com\/wp-content\/uploads\/2024\/01\/Mysteries-of-Thorn-Manor.jpg?zoom=2&amp;resize=150%2C150 300w, https:\/\/i0.wp.com\/www.jojoenherbe.com\/wp-content\/uploads\/2024\/01\/Mysteries-of-Thorn-Manor.jpg?zoom=3&amp;resize=150%2C150 450w\" sizes=\"auto, (max-width: 150px) 100vw, 150px\" \/><\/a>Puis dans la soir\u00e9e, j&rsquo;ai lu <span style=\"text-decoration: underline; color: #00ccff;\">Mysteries of Thorn Manor<\/span> de Margaret Rogerson (\u00e9d. BigBang, juin 2023, 192 pages), un court roman\/nouvelle qui permet de replonger dans l\u2019univers de <a href=\"https:\/\/www.jojoenherbe.com\/index.php\/2023\/02\/17\/au-fil-des-pages-avec-sorcery-of-thorns\/\"><span style=\"text-decoration: underline;\">Sorcery of Thorns<\/span><\/a> aux c\u00f4t\u00e9s d&rsquo;Elizabeth Scrivener, Nathaniel Thorn, toujours aussi tendrement amoureux l&rsquo;un de l&rsquo;autre et de leur d\u00e9mon Silas toujours aussi \u00e9nigmatique. et du d\u00e9mon Silas (<strong>+192 pages<\/strong>). Alors que Nathaniel doit organiser le Bal de l&rsquo;Hiver, les protections magiques du manoir retiennent ses occupants \u00e0 l&rsquo;int\u00e9rieur. Quelle en est la raison? J&rsquo;ai appr\u00e9ci\u00e9 retrouv\u00e9 ce trio.<br \/><\/em><\/p>\n<p style=\"text-align: justify;\"><em><span style=\"text-decoration: underline;\">Petit bilan du lundi<\/span>: Alors combien ai-je lu de pages ce week-end? <strong>1.377 pages lues<\/strong> avec des lectures vari\u00e9es, avec une seule rentrant dans le th\u00e8me facultatif. Le mois prochain, c&rsquo;est une Semaine \u00e0 1000 qui est pr\u00e9vue, du lundi 19 au dimanche 25 f\u00e9vrier 2024. Rendez-vous est pris! <br \/><\/em><\/p>\n<div class=\"tiled-gallery type-rectangular tiled-gallery-unresized\" data-original-width=\"676\" data-carousel-extra='{&quot;blog_id&quot;:1,&quot;permalink&quot;:&quot;http:\\\/\\\/www.jojoenherbe.com\\\/index.php\\\/2024\\\/01\\\/21\\\/week-end-a-mille-janvier-2024\\\/&quot;,&quot;likes_blog_id&quot;:141396489}' itemscope itemtype=\"http:\/\/schema.org\/ImageGallery\" > <div class=\"gallery-row\" style=\"width: 676px; height: 271px;\" data-original-width=\"676\" data-original-height=\"271\" > <div class=\"gallery-group images-1\" style=\"width: 338px; height: 271px;\" data-original-width=\"338\" data-original-height=\"271\" > <div class=\"tiled-gallery-item tiled-gallery-item-large\" itemprop=\"associatedMedia\" itemscope itemtype=\"http:\/\/schema.org\/ImageObject\"> <meta itemprop=\"width\" content=\"334\"> <meta itemprop=\"height\" content=\"267\"> <img decoding=\"async\" class=\"\" data-attachment-id=\"34398\" data-orig-file=\"http:\/\/www.jojoenherbe.com\/wp-content\/uploads\/2024\/01\/Week-end-a-1000-01.24.png\" data-orig-size=\"2000,1600\" data-comments-opened=\"1\" data-image-meta=\"{&quot;aperture&quot;:&quot;0&quot;,&quot;credit&quot;:&quot;&quot;,&quot;camera&quot;:&quot;&quot;,&quot;caption&quot;:&quot;&quot;,&quot;created_timestamp&quot;:&quot;0&quot;,&quot;copyright&quot;:&quot;&quot;,&quot;focal_length&quot;:&quot;0&quot;,&quot;iso&quot;:&quot;0&quot;,&quot;shutter_speed&quot;:&quot;0&quot;,&quot;title&quot;:&quot;&quot;,&quot;orientation&quot;:&quot;0&quot;}\" data-image-title=\"Week-end \u00e0 1000 &amp;#8211; 01.24\" data-image-description=\"\" data-medium-file=\"https:\/\/i0.wp.com\/www.jojoenherbe.com\/wp-content\/uploads\/2024\/01\/Week-end-a-1000-01.24.png?fit=300%2C240\" data-large-file=\"https:\/\/i0.wp.com\/www.jojoenherbe.com\/wp-content\/uploads\/2024\/01\/Week-end-a-1000-01.24.png?fit=676%2C541\" src=\"https:\/\/i0.wp.com\/www.jojoenherbe.com\/wp-content\/uploads\/2024\/01\/Week-end-a-1000-01.24.png?w=334&#038;h=267\" srcset=\"https:\/\/i0.wp.com\/www.jojoenherbe.com\/wp-content\/uploads\/2024\/01\/Week-end-a-1000-01.24.png?w=2000 2000w, https:\/\/i0.wp.com\/www.jojoenherbe.com\/wp-content\/uploads\/2024\/01\/Week-end-a-1000-01.24.png?resize=300%2C240 300w, https:\/\/i0.wp.com\/www.jojoenherbe.com\/wp-content\/uploads\/2024\/01\/Week-end-a-1000-01.24.png?resize=1024%2C819 1024w, https:\/\/i0.wp.com\/www.jojoenherbe.com\/wp-content\/uploads\/2024\/01\/Week-end-a-1000-01.24.png?resize=768%2C614 768w, https:\/\/i0.wp.com\/www.jojoenherbe.com\/wp-content\/uploads\/2024\/01\/Week-end-a-1000-01.24.png?resize=1536%2C1229 1536w, https:\/\/i0.wp.com\/www.jojoenherbe.com\/wp-content\/uploads\/2024\/01\/Week-end-a-1000-01.24.png?resize=676%2C541 676w, https:\/\/i0.wp.com\/www.jojoenherbe.com\/wp-content\/uploads\/2024\/01\/Week-end-a-1000-01.24.png?w=1352 1352w\" width=\"334\" height=\"267\" loading=\"lazy\" data-original-width=\"334\" data-original-height=\"267\" itemprop=\"http:\/\/schema.org\/image\" title=\"Week-end \u00e0 1000 - 01.24\" alt=\"Week-end \u00e0 1000 - 01.24\" style=\"width: 334px; height: 267px;\" \/> <\/div> <\/div> <!-- close group --> <div class=\"gallery-group images-1\" style=\"width: 338px; height: 271px;\" data-original-width=\"338\" data-original-height=\"271\" > <div class=\"tiled-gallery-item tiled-gallery-item-large\" itemprop=\"associatedMedia\" itemscope itemtype=\"http:\/\/schema.org\/ImageObject\"> <meta itemprop=\"width\" content=\"334\"> <meta itemprop=\"height\" content=\"267\"> <img decoding=\"async\" class=\"\" data-attachment-id=\"34399\" data-orig-file=\"http:\/\/www.jojoenherbe.com\/wp-content\/uploads\/2024\/01\/Week-end-a-1000-01.24-2.png\" data-orig-size=\"2000,1600\" data-comments-opened=\"1\" data-image-meta=\"{&quot;aperture&quot;:&quot;0&quot;,&quot;credit&quot;:&quot;&quot;,&quot;camera&quot;:&quot;&quot;,&quot;caption&quot;:&quot;&quot;,&quot;created_timestamp&quot;:&quot;0&quot;,&quot;copyright&quot;:&quot;&quot;,&quot;focal_length&quot;:&quot;0&quot;,&quot;iso&quot;:&quot;0&quot;,&quot;shutter_speed&quot;:&quot;0&quot;,&quot;title&quot;:&quot;&quot;,&quot;orientation&quot;:&quot;0&quot;}\" data-image-title=\"Week-end \u00e0 1000 01.24 (2)\" data-image-description=\"\" data-medium-file=\"https:\/\/i0.wp.com\/www.jojoenherbe.com\/wp-content\/uploads\/2024\/01\/Week-end-a-1000-01.24-2.png?fit=300%2C240\" data-large-file=\"https:\/\/i0.wp.com\/www.jojoenherbe.com\/wp-content\/uploads\/2024\/01\/Week-end-a-1000-01.24-2.png?fit=676%2C541\" src=\"https:\/\/i0.wp.com\/www.jojoenherbe.com\/wp-content\/uploads\/2024\/01\/Week-end-a-1000-01.24-2.png?w=334&#038;h=267\" srcset=\"https:\/\/i0.wp.com\/www.jojoenherbe.com\/wp-content\/uploads\/2024\/01\/Week-end-a-1000-01.24-2.png?w=2000 2000w, https:\/\/i0.wp.com\/www.jojoenherbe.com\/wp-content\/uploads\/2024\/01\/Week-end-a-1000-01.24-2.png?resize=300%2C240 300w, https:\/\/i0.wp.com\/www.jojoenherbe.com\/wp-content\/uploads\/2024\/01\/Week-end-a-1000-01.24-2.png?resize=1024%2C819 1024w, https:\/\/i0.wp.com\/www.jojoenherbe.com\/wp-content\/uploads\/2024\/01\/Week-end-a-1000-01.24-2.png?resize=768%2C614 768w, https:\/\/i0.wp.com\/www.jojoenherbe.com\/wp-content\/uploads\/2024\/01\/Week-end-a-1000-01.24-2.png?resize=1536%2C1229 1536w, https:\/\/i0.wp.com\/www.jojoenherbe.com\/wp-content\/uploads\/2024\/01\/Week-end-a-1000-01.24-2.png?resize=676%2C541 676w, https:\/\/i0.wp.com\/www.jojoenherbe.com\/wp-content\/uploads\/2024\/01\/Week-end-a-1000-01.24-2.png?w=1352 1352w\" width=\"334\" height=\"267\" loading=\"lazy\" data-original-width=\"334\" data-original-height=\"267\" itemprop=\"http:\/\/schema.org\/image\" title=\"Week-end \u00e0 1000 01.24 (2)\" alt=\"Week-end \u00e0 1000 01.24 (2)\" style=\"width: 334px; height: 267px;\" \/> <\/div> <\/div> <!-- close group --> <\/div> <!-- close row --> <\/div>\n\n\n<p><\/p>\n","protected":false},"excerpt":{"rendered":"<p>Ce week-end, du vendredi 19 janvier 19h \u00e0 dimanche minuit se d\u00e9roule un week-end \u00e0 mille. Il s&rsquo;agit d&rsquo;un d\u00e9fi livresque o\u00f9 l&rsquo;objectif est de lire au moins 1000 pages, quel que soit le support ou genre (romans, albums illustr\u00e9s, BD, romans graphiques, mangas, livres audio&#8230;). Mais ce nombre de pages \u00e0 lire reste libre, [&hellip;]<\/p>\n","protected":false},"author":1,"featured_media":34372,"comment_status":"open","ping_status":"open","sticky":false,"template":"","format":"standard","meta":{"jetpack_post_was_ever_published":false,"_jetpack_newsletter_access":"","_jetpack_dont_email_post_to_subs":false,"_jetpack_newsletter_tier_id":0,"_jetpack_memberships_contains_paywalled_content":false,"_jetpack_memberships_contains_paid_content":false,"footnotes":""},"categories":[873,363],"tags":[596,2087,1226,2016,1085,367,3209,905,4057],"class_list":["post-34362","post","type-post","status-publish","format-standard","has-post-thumbnail","hentry","category-mini-challenger","category-mini-lecteur","tag-bandes-dessinees","tag-bd-adulte","tag-bd-jeunesse","tag-challenge-livresque","tag-lecture-adulte","tag-lecture-jeunesse","tag-romance-historique","tag-romans-adulte","tag-week-end-a-mille-2024","post-preview"],"jetpack_featured_media_url":"https:\/\/i0.wp.com\/www.jojoenherbe.com\/wp-content\/uploads\/2024\/01\/Week-end-a-1000-logo-2024-01.jpg?fit=706%2C758","jetpack_sharing_enabled":true,"jetpack_shortlink":"https:\/\/wp.me\/p9zhGx-8We","jetpack_likes_enabled":true,"jetpack-related-posts":[{"id":37330,"url":"http:\/\/www.jojoenherbe.com\/index.php\/2024\/11\/24\/week-end-a-1000-novembre-2024\/","url_meta":{"origin":34362,"position":0},"title":"Week-end \u00e0 1000 \u2013 novembre 2024","author":"Jojo","date":"24 novembre 2024","format":false,"excerpt":"Ce week-end, du vendredi 22 novembre 19h \u00e0 dimanche minuit se d\u00e9roule un week-end \u00e0 mille. Il s\u2019agit d\u2019un d\u00e9fi livresque o\u00f9 l\u2019objectif est de lire au moins 1000 pages, quel que soit le support ou genre (romans, albums illustr\u00e9s, BD, romans graphiques, mangas, livres audio\u2026). Mais ce nombre de\u2026","rel":"","context":"Dans &quot;Mini challenger&quot;","block_context":{"text":"Mini challenger","link":"http:\/\/www.jojoenherbe.com\/index.php\/category\/mini-challenger\/"},"img":{"alt_text":"","src":"https:\/\/i0.wp.com\/www.jojoenherbe.com\/wp-content\/uploads\/2024\/01\/Week-end-a-1000-logo-2024-01.jpg?fit=706%2C758&resize=350%2C200","width":350,"height":200,"srcset":"https:\/\/i0.wp.com\/www.jojoenherbe.com\/wp-content\/uploads\/2024\/01\/Week-end-a-1000-logo-2024-01.jpg?fit=706%2C758&resize=350%2C200 1x, https:\/\/i0.wp.com\/www.jojoenherbe.com\/wp-content\/uploads\/2024\/01\/Week-end-a-1000-logo-2024-01.jpg?fit=706%2C758&resize=525%2C300 1.5x, https:\/\/i0.wp.com\/www.jojoenherbe.com\/wp-content\/uploads\/2024\/01\/Week-end-a-1000-logo-2024-01.jpg?fit=706%2C758&resize=700%2C400 2x"},"classes":[]},{"id":38053,"url":"http:\/\/www.jojoenherbe.com\/index.php\/2025\/01\/17\/week-end-a-1000-janvier-2025\/","url_meta":{"origin":34362,"position":1},"title":"Week-end \u00e0 1000 \u2013 janvier 2025","author":"Jojo","date":"17 janvier 2025","format":false,"excerpt":"Ce week-end, du vendredi 17 janvier 19h \u00e0 dimanche minuit se d\u00e9roule un week-end \u00e0 mille. Il s\u2019agit d\u2019un d\u00e9fi livresque o\u00f9 l\u2019objectif est de lire au moins 1000 pages, quel que soit le support ou genre (romans, albums illustr\u00e9s, BD, romans graphiques, mangas, livres audio\u2026). Mais ce nombre de\u2026","rel":"","context":"Dans &quot;Mini blogueur&quot;","block_context":{"text":"Mini blogueur","link":"http:\/\/www.jojoenherbe.com\/index.php\/category\/mini-blogueur\/"},"img":{"alt_text":"","src":"https:\/\/i0.wp.com\/www.jojoenherbe.com\/wp-content\/uploads\/2024\/01\/Week-end-a-1000-logo-2024-01.jpg?fit=706%2C758&resize=350%2C200","width":350,"height":200,"srcset":"https:\/\/i0.wp.com\/www.jojoenherbe.com\/wp-content\/uploads\/2024\/01\/Week-end-a-1000-logo-2024-01.jpg?fit=706%2C758&resize=350%2C200 1x, https:\/\/i0.wp.com\/www.jojoenherbe.com\/wp-content\/uploads\/2024\/01\/Week-end-a-1000-logo-2024-01.jpg?fit=706%2C758&resize=525%2C300 1.5x, https:\/\/i0.wp.com\/www.jojoenherbe.com\/wp-content\/uploads\/2024\/01\/Week-end-a-1000-logo-2024-01.jpg?fit=706%2C758&resize=700%2C400 2x"},"classes":[]},{"id":36199,"url":"http:\/\/www.jojoenherbe.com\/index.php\/2024\/05\/17\/week-end-a-1000-mai-2024\/","url_meta":{"origin":34362,"position":2},"title":"Week-end \u00e0 1000 \u2013 mai 2024","author":"Jojo","date":"17 mai 2024","format":false,"excerpt":"Ce week-end, du vendredi 17 mai 19h \u00e0 dimanche minuit se d\u00e9roule un week-end \u00e0 mille. Il s\u2019agit d\u2019un d\u00e9fi livresque o\u00f9 l\u2019objectif est de lire au moins 1000 pages, quel que soit le support ou genre (romans, albums illustr\u00e9s, BD, romans graphiques, mangas, livres audio\u2026). Mais ce nombre de\u2026","rel":"","context":"Dans &quot;Mini challenger&quot;","block_context":{"text":"Mini challenger","link":"http:\/\/www.jojoenherbe.com\/index.php\/category\/mini-challenger\/"},"img":{"alt_text":"","src":"https:\/\/i0.wp.com\/www.jojoenherbe.com\/wp-content\/uploads\/2024\/01\/Week-end-a-1000-logo-2024-01.jpg?fit=706%2C758&resize=350%2C200","width":350,"height":200,"srcset":"https:\/\/i0.wp.com\/www.jojoenherbe.com\/wp-content\/uploads\/2024\/01\/Week-end-a-1000-logo-2024-01.jpg?fit=706%2C758&resize=350%2C200 1x, https:\/\/i0.wp.com\/www.jojoenherbe.com\/wp-content\/uploads\/2024\/01\/Week-end-a-1000-logo-2024-01.jpg?fit=706%2C758&resize=525%2C300 1.5x, https:\/\/i0.wp.com\/www.jojoenherbe.com\/wp-content\/uploads\/2024\/01\/Week-end-a-1000-logo-2024-01.jpg?fit=706%2C758&resize=700%2C400 2x"},"classes":[]},{"id":36718,"url":"http:\/\/www.jojoenherbe.com\/index.php\/2024\/07\/19\/week-end-a-1000-juillet-2024\/","url_meta":{"origin":34362,"position":3},"title":"Week-end \u00e0 1000 \u2013 juillet 2024","author":"Jojo","date":"19 juillet 2024","format":false,"excerpt":"Ce week-end, du vendredi 19 juillet 19h \u00e0 dimanche minuit se d\u00e9roule un week-end \u00e0 mille. Il s\u2019agit d\u2019un d\u00e9fi livresque o\u00f9 l\u2019objectif est de lire au moins 1000 pages, quel que soit le support ou genre (romans, albums illustr\u00e9s, BD, romans graphiques, mangas, livres audio\u2026). Mais ce nombre de\u2026","rel":"","context":"Dans &quot;Mini challenger&quot;","block_context":{"text":"Mini challenger","link":"http:\/\/www.jojoenherbe.com\/index.php\/category\/mini-challenger\/"},"img":{"alt_text":"","src":"https:\/\/i0.wp.com\/www.jojoenherbe.com\/wp-content\/uploads\/2024\/01\/Week-end-a-1000-logo-2024-01.jpg?fit=706%2C758&resize=350%2C200","width":350,"height":200,"srcset":"https:\/\/i0.wp.com\/www.jojoenherbe.com\/wp-content\/uploads\/2024\/01\/Week-end-a-1000-logo-2024-01.jpg?fit=706%2C758&resize=350%2C200 1x, https:\/\/i0.wp.com\/www.jojoenherbe.com\/wp-content\/uploads\/2024\/01\/Week-end-a-1000-logo-2024-01.jpg?fit=706%2C758&resize=525%2C300 1.5x, https:\/\/i0.wp.com\/www.jojoenherbe.com\/wp-content\/uploads\/2024\/01\/Week-end-a-1000-logo-2024-01.jpg?fit=706%2C758&resize=700%2C400 2x"},"classes":[]},{"id":39998,"url":"http:\/\/www.jojoenherbe.com\/index.php\/2025\/07\/05\/week-end-a-1000-juillet-2025\/","url_meta":{"origin":34362,"position":4},"title":"Week-end \u00e0 1000 \u2013 juillet 2025","author":"Jojo","date":"5 juillet 2025","format":false,"excerpt":"Ce week-end, du vendredi 4 juillet 19h00 \u00e0 dimanche minuit se d\u00e9roule un week-end \u00e0 mille. Il s\u2019agit d\u2019un d\u00e9fi livresque o\u00f9 l\u2019objectif est de lire au moins 1000 pages, quel que soit le support ou genre (romans, albums illustr\u00e9s, BD, romans graphiques, mangas, livres audio\u2026). Mais ce nombre de\u2026","rel":"","context":"Dans &quot;Mini blogueur&quot;","block_context":{"text":"Mini blogueur","link":"http:\/\/www.jojoenherbe.com\/index.php\/category\/mini-blogueur\/"},"img":{"alt_text":"","src":"https:\/\/i0.wp.com\/www.jojoenherbe.com\/wp-content\/uploads\/2024\/01\/Week-end-a-1000-logo-2024-01.jpg?fit=706%2C758&resize=350%2C200","width":350,"height":200,"srcset":"https:\/\/i0.wp.com\/www.jojoenherbe.com\/wp-content\/uploads\/2024\/01\/Week-end-a-1000-logo-2024-01.jpg?fit=706%2C758&resize=350%2C200 1x, https:\/\/i0.wp.com\/www.jojoenherbe.com\/wp-content\/uploads\/2024\/01\/Week-end-a-1000-logo-2024-01.jpg?fit=706%2C758&resize=525%2C300 1.5x, https:\/\/i0.wp.com\/www.jojoenherbe.com\/wp-content\/uploads\/2024\/01\/Week-end-a-1000-logo-2024-01.jpg?fit=706%2C758&resize=700%2C400 2x"},"classes":[]},{"id":35318,"url":"http:\/\/www.jojoenherbe.com\/index.php\/2024\/03\/22\/week-end-a-1000-mars-2024\/","url_meta":{"origin":34362,"position":5},"title":"Week-end \u00e0 1000 &#8211; mars 2024","author":"Jojo","date":"22 mars 2024","format":false,"excerpt":"Ce week-end, du vendredi 22 mars 19h \u00e0 dimanche minuit se d\u00e9roule un week-end \u00e0 mille. Il s\u2019agit d\u2019un d\u00e9fi livresque o\u00f9 l\u2019objectif est de lire au moins 1000 pages, quel que soit le support ou genre (romans, albums illustr\u00e9s, BD, romans graphiques, mangas, livres audio\u2026). Mais ce nombre de\u2026","rel":"","context":"Dans &quot;Mini challenger&quot;","block_context":{"text":"Mini challenger","link":"http:\/\/www.jojoenherbe.com\/index.php\/category\/mini-challenger\/"},"img":{"alt_text":"","src":"https:\/\/i0.wp.com\/www.jojoenherbe.com\/wp-content\/uploads\/2024\/01\/Week-end-a-1000-logo-2024-01.jpg?fit=706%2C758&resize=350%2C200","width":350,"height":200,"srcset":"https:\/\/i0.wp.com\/www.jojoenherbe.com\/wp-content\/uploads\/2024\/01\/Week-end-a-1000-logo-2024-01.jpg?fit=706%2C758&resize=350%2C200 1x, https:\/\/i0.wp.com\/www.jojoenherbe.com\/wp-content\/uploads\/2024\/01\/Week-end-a-1000-logo-2024-01.jpg?fit=706%2C758&resize=525%2C300 1.5x, https:\/\/i0.wp.com\/www.jojoenherbe.com\/wp-content\/uploads\/2024\/01\/Week-end-a-1000-logo-2024-01.jpg?fit=706%2C758&resize=700%2C400 2x"},"classes":[]}],"_links":{"self":[{"href":"http:\/\/www.jojoenherbe.com\/index.php\/wp-json\/wp\/v2\/posts\/34362","targetHints":{"allow":["GET"]}}],"collection":[{"href":"http:\/\/www.jojoenherbe.com\/index.php\/wp-json\/wp\/v2\/posts"}],"about":[{"href":"http:\/\/www.jojoenherbe.com\/index.php\/wp-json\/wp\/v2\/types\/post"}],"author":[{"embeddable":true,"href":"http:\/\/www.jojoenherbe.com\/index.php\/wp-json\/wp\/v2\/users\/1"}],"replies":[{"embeddable":true,"href":"http:\/\/www.jojoenherbe.com\/index.php\/wp-json\/wp\/v2\/comments?post=34362"}],"version-history":[{"count":25,"href":"http:\/\/www.jojoenherbe.com\/index.php\/wp-json\/wp\/v2\/posts\/34362\/revisions"}],"predecessor-version":[{"id":34650,"href":"http:\/\/www.jojoenherbe.com\/index.php\/wp-json\/wp\/v2\/posts\/34362\/revisions\/34650"}],"wp:featuredmedia":[{"embeddable":true,"href":"http:\/\/www.jojoenherbe.com\/index.php\/wp-json\/wp\/v2\/media\/34372"}],"wp:attachment":[{"href":"http:\/\/www.jojoenherbe.com\/index.php\/wp-json\/wp\/v2\/media?parent=34362"}],"wp:term":[{"taxonomy":"category","embeddable":true,"href":"http:\/\/www.jojoenherbe.com\/index.php\/wp-json\/wp\/v2\/categories?post=34362"},{"taxonomy":"post_tag","embeddable":true,"href":"http:\/\/www.jojoenherbe.com\/index.php\/wp-json\/wp\/v2\/tags?post=34362"}],"curies":[{"name":"wp","href":"https:\/\/api.w.org\/{rel}","templated":true}]}}