{"id":34308,"date":"2024-01-18T17:57:48","date_gmt":"2024-01-18T16:57:48","guid":{"rendered":"https:\/\/www.jojoenherbe.com\/?p=34308"},"modified":"2026-01-21T17:51:32","modified_gmt":"2026-01-21T16:51:32","slug":"au-fil-des-pages-avec-les-enfants-du-blizzard","status":"publish","type":"post","link":"http:\/\/www.jojoenherbe.com\/index.php\/2024\/01\/18\/au-fil-des-pages-avec-les-enfants-du-blizzard\/","title":{"rendered":"Au fil des pages avec Les enfants du blizzard"},"content":{"rendered":"<p style=\"text-align: justify;\"><em>J&rsquo;ai lu <span style=\"text-decoration: underline;\">Les enfants du blizzard<\/span> de Melanie Benjamin (\u00e9d. Albin Michel, novembre 2023, 400 pages), un roman historique retra\u00e7ant un terrible fait divers am\u00e9ricain et qui a co\u00fbt\u00e9 la vie \u00e0 de nombreux enfants, \u00e0 travers des personnages fictifs. Le 12 janvier 1888, la journ\u00e9e a commenc\u00e9 par un redoux inattendu dans les plaines du Nebraska et Dakota, invitant les fermiers et les \u00e9coliers \u00e0 sortir avec des habits plus l\u00e9gers, sans leurs longs manteaux d&rsquo;hiver. Mais, \u00e0 l&rsquo;heure de la sortie des classes, un blizzard s&rsquo;abat sur la r\u00e9gion, obligeant de jeunes institutrices, comme Raina et Gerda Olsen, deux s\u0153urs d&rsquo;\u00e0 peine 16 et 18 ans qui vont devoir faire un bien difficile choix pour sauver leurs \u00e9l\u00e8ves, les garder dans l&rsquo;\u00e9cole au risque de manquer de bois de chauffage ou les renvoyer chez en esp\u00e9rant qu&rsquo;ils survivent ou qu&rsquo;ils ne meurent pas de froid pi\u00e9g\u00e9s dans le blizzard. Pour ceux qui survivront, comment continuer \u00e0 vivre apr\u00e8s un tel \u00e9v\u00e9nement?<\/em><\/p>\n<p style=\"text-align: justify;\"><em>Le roman se d\u00e9compose en deux parties, la premi\u00e8re prenante, tout en tension, survie et suspense, est une course contre la montre contre le blizzard puis la seconde partie, plus introspective et journalistique \u00e0 partir de la moiti\u00e9 du livre (chapitre 12) qui s&rsquo;attache aux cons\u00e9quences pour les survivants, entre syndrome du survivant, culpabilit\u00e9, remords, volont\u00e9 de s&rsquo;en sortir et espoir \u00e0 travers la \u00ab\u00a0cagnotte des h\u00e9ro\u00efnes\u00a0\u00bb. J&rsquo;ai bien plus appr\u00e9ci\u00e9 la premi\u00e8re partie que la seconde qui se focalise plus sur le journaliste Gavin Woodson en pleine \u00e9piphanie et qui collecte pour son journal, l&rsquo;Ohama Daily Bee, les t\u00e9moignages des survivants alors qu&rsquo;il a particip\u00e9, article de presse apr\u00e8s article de presse pour le compte des compagnies ferroviaires, des promoteurs et du gouvernement am\u00e9ricain, \u00e0 faire venir en nombre des familles d&rsquo;immigr\u00e9s, souvent du Nord de l&rsquo;Europe (Scandinavie, Norv\u00e8ge par exemple), s\u00e9duites par les promesses d&rsquo;une vie meilleure. On d\u00e9couvre \u00e9galement le sort des deux s\u0153urs institutrices (Raina consid\u00e9r\u00e9e comme une h\u00e9ro\u00efne tandis que Gerda culpabilisant d&rsquo;avoir choisi de passer cet apr\u00e8s-midi l\u00e0 avec son amoureux Tiny), de l&rsquo;une des \u00e9l\u00e8ves de Raina, Anette \u00e2g\u00e9e de 10 ans et d&rsquo;autres familles de fermiers.\u00a0<\/em><\/p>\n<p style=\"text-align: justify;\"><em>Il y est ainsi question des conditions de vie rudes et pr\u00e9caires surtout des fermiers immigr\u00e9s (un peu des Indiens dans les r\u00e9serves ou des afro-am\u00e9ricains) devant faire face aux pr\u00e9jug\u00e9s et au climat dans l&rsquo;Ouest am\u00e9ricain, des politiques am\u00e9ricaines afin de peupler ces futurs \u00c9tats \u00e0 tout prix ou bien encore de la n\u00e9gligence et corruption dans le Service des transmissions m\u00e9t\u00e9orologiques, des opportunit\u00e9s offertes aux enfants de ces familles d&rsquo;immigr\u00e9s, les gar\u00e7ons n&rsquo;ayant pas vraiment le choix en continuant \u00e0 g\u00e9rer des terres durement acquises, au prix du sang et des sacrifices de leurs a\u00een\u00e9s&#8230;<\/em><\/p>\n<p style=\"text-align: justify;\"><em>Un bon voire tr\u00e8s bon moment de lecture, les choix faits dans ce roman pouvant tr\u00e8s bien se repr\u00e9senter \u00e0 notre \u00e9poque de d\u00e9r\u00e9glementation climatique! M\u00eame si, en France, des protocoles ont \u00e9t\u00e9 mis en place dans les \u00e9coles en cas d&rsquo;alerte rouge avec des exercices de mise en situation, que ce soit en cas de s\u00e9isme, de risque pluies-inondations&#8230;<\/em><\/p>\n<p style=\"text-align: justify;\"><em>Cela m&rsquo;a fait d&rsquo;ailleurs penser \u00e0 d&rsquo;autres fermiers am\u00e9ricains et \u00e0 une autre \u00e9poque, ceux du Dust Bowl dans les ann\u00e9es 30 (<span style=\"text-decoration: underline;\">Les raisins de la col\u00e8re<\/span> de John Steinbeck ou <span style=\"text-decoration: underline;\">Jours de sable<\/span> d\u2019Aim\u00e9e de Jongh).<\/em><\/p>\n<p style=\"text-align: justify;\"><em>Malgr\u00e9 ce r\u00e9cit difficile, j&rsquo;ai quand m\u00eame not\u00e9 quelques passages gourmands lorsque Gavin se rend au Gilded Lily, un bar tenu par Ollie Tenant \u00ab\u00a0Old Lieutenant\u00a0\u00bb qui sert par exemple, \u00e0 \u00ab\u00a0l&rsquo;heure du d\u00e9jeuner, les sempiternels \u0153ufs durs, betteraves au vinaigre et langue de b\u0153uf en tranches\u00a0\u00bb (p.21).<\/em><\/p>\n<div id=\"attachment_33586\" style=\"width: 119px\" class=\"wp-caption alignleft\"><img data-recalc-dims=\"1\" loading=\"lazy\" decoding=\"async\" aria-describedby=\"caption-attachment-33586\" data-attachment-id=\"33586\" data-permalink=\"http:\/\/www.jojoenherbe.com\/index.php\/2024\/03\/12\/billet-de-suivi-challenge-petit-bac-2024\/challenge-petit-bac-2024\/\" data-orig-file=\"https:\/\/i0.wp.com\/www.jojoenherbe.com\/wp-content\/uploads\/2023\/12\/Challenge-Petit-Bac-2024.jpg?fit=285%2C217\" data-orig-size=\"285,217\" data-comments-opened=\"1\" data-image-meta=\"{&quot;aperture&quot;:&quot;0&quot;,&quot;credit&quot;:&quot;&quot;,&quot;camera&quot;:&quot;&quot;,&quot;caption&quot;:&quot;&quot;,&quot;created_timestamp&quot;:&quot;1702656450&quot;,&quot;copyright&quot;:&quot;&quot;,&quot;focal_length&quot;:&quot;0&quot;,&quot;iso&quot;:&quot;0&quot;,&quot;shutter_speed&quot;:&quot;0&quot;,&quot;title&quot;:&quot;&quot;,&quot;orientation&quot;:&quot;0&quot;}\" data-image-title=\"Challenge Petit Bac 2024\" data-image-description=\"\" data-image-caption=\"\" data-large-file=\"https:\/\/i0.wp.com\/www.jojoenherbe.com\/wp-content\/uploads\/2023\/12\/Challenge-Petit-Bac-2024.jpg?fit=285%2C217\" class=\"wp-image-33586\" src=\"https:\/\/i0.wp.com\/www.jojoenherbe.com\/wp-content\/uploads\/2023\/12\/Challenge-Petit-Bac-2024.jpg?resize=109%2C83\" alt=\"\" width=\"109\" height=\"83\" \/><p id=\"caption-attachment-33586\" class=\"wp-caption-text\">Challenge Petit Bac d\u2019<a href=\"https:\/\/ennalit.wordpress.com\/2023\/12\/01\/challenge-petit-bac-2024-qui-veut-jouer\/\">Enna<\/a> #1 Cat\u00e9gorie Personne humaine: \u00ab Enfants \u00bb<\/p><\/div>\n<div id=\"attachment_19954\" style=\"width: 104px\" class=\"wp-caption alignleft\"><img loading=\"lazy\" decoding=\"async\" aria-describedby=\"caption-attachment-19954\" class=\"wp-image-19954\" src=\"https:\/\/i0.wp.com\/mapetitemediatheque.fr\/wp-content\/uploads\/2021\/11\/Inkedle-tour-du-monde-en-80-livres-2_LI.jpg?resize=116%2C87&amp;ssl=1\" sizes=\"auto, (max-width: 500px) 100vw, 500px\" srcset=\"https:\/\/i0.wp.com\/mapetitemediatheque.fr\/wp-content\/uploads\/2021\/11\/Inkedle-tour-du-monde-en-80-livres-2_LI.jpg?resize=116%2C87&amp;ssl=1 500w, https:\/\/mapetitemediatheque.fr\/wp-content\/uploads\/2021\/11\/Inkedle-tour-du-monde-en-80-livres-2_LI-300x226.jpg 300w, https:\/\/mapetitemediatheque.fr\/wp-content\/uploads\/2021\/11\/Inkedle-tour-du-monde-en-80-livres-2_LI-120x90.jpg 120w\" alt=\"\" width=\"94\" height=\"70\" aria-describedby=\"caption-attachment-19954\" \/><p id=\"caption-attachment-19954\" class=\"wp-caption-text\">Participation #2 (Parcours litt\u00e9raire) Challenge Le tour du monde en 80 livres 2024 de <em><a href=\"https:\/\/mapetitemediatheque.fr\/2023\/12\/le-tour-du-monde-en-80-livres-embarquez-pour-2024\/\">Bidib<\/a><\/em> #\u00c9tats-Unis<\/p><\/div>\n<div id=\"attachment_34172\" style=\"width: 116px\" class=\"wp-caption alignleft\"><img data-recalc-dims=\"1\" loading=\"lazy\" decoding=\"async\" aria-describedby=\"caption-attachment-34172\" data-attachment-id=\"34172\" data-permalink=\"http:\/\/www.jojoenherbe.com\/index.php\/2024\/01\/02\/mes-challenges-livresques-2024\/challenge-des-livres-et-des-ecrans-en-cuisine-2024-logo\/\" data-orig-file=\"https:\/\/i0.wp.com\/www.jojoenherbe.com\/wp-content\/uploads\/2024\/01\/Challenge-Des-livres-et-des-ecrans-en-cuisine-2024-logo.png?fit=1004%2C641\" data-orig-size=\"1004,641\" data-comments-opened=\"1\" data-image-meta=\"{&quot;aperture&quot;:&quot;0&quot;,&quot;credit&quot;:&quot;&quot;,&quot;camera&quot;:&quot;&quot;,&quot;caption&quot;:&quot;&quot;,&quot;created_timestamp&quot;:&quot;0&quot;,&quot;copyright&quot;:&quot;&quot;,&quot;focal_length&quot;:&quot;0&quot;,&quot;iso&quot;:&quot;0&quot;,&quot;shutter_speed&quot;:&quot;0&quot;,&quot;title&quot;:&quot;&quot;,&quot;orientation&quot;:&quot;0&quot;}\" data-image-title=\"Challenge Des livres (et des \u00e9crans) en cuisine 2024 &amp;#8211; logo\" data-image-description=\"\" data-image-caption=\"\" data-large-file=\"https:\/\/i0.wp.com\/www.jojoenherbe.com\/wp-content\/uploads\/2024\/01\/Challenge-Des-livres-et-des-ecrans-en-cuisine-2024-logo.png?fit=676%2C432\" class=\"wp-image-34172\" src=\"https:\/\/i0.wp.com\/www.jojoenherbe.com\/wp-content\/uploads\/2024\/01\/Challenge-Des-livres-et-des-ecrans-en-cuisine-2024-logo.png?resize=106%2C68\" alt=\"\" width=\"106\" height=\"68\" srcset=\"https:\/\/i0.wp.com\/www.jojoenherbe.com\/wp-content\/uploads\/2024\/01\/Challenge-Des-livres-et-des-ecrans-en-cuisine-2024-logo.png?w=1004 1004w, https:\/\/i0.wp.com\/www.jojoenherbe.com\/wp-content\/uploads\/2024\/01\/Challenge-Des-livres-et-des-ecrans-en-cuisine-2024-logo.png?resize=300%2C192 300w, https:\/\/i0.wp.com\/www.jojoenherbe.com\/wp-content\/uploads\/2024\/01\/Challenge-Des-livres-et-des-ecrans-en-cuisine-2024-logo.png?resize=768%2C490 768w, https:\/\/i0.wp.com\/www.jojoenherbe.com\/wp-content\/uploads\/2024\/01\/Challenge-Des-livres-et-des-ecrans-en-cuisine-2024-logo.png?resize=676%2C432 676w\" sizes=\"auto, (max-width: 106px) 100vw, 106px\" \/><p id=\"caption-attachment-34172\" class=\"wp-caption-text\">Participation #3 Challenge Des livres (et des \u00e9crans) en cuisine 2024 de <em><a href=\"https:\/\/mapetitemediatheque.fr\/2024\/01\/des-livres-et-des-ecrans-en-cuisine-2024\/\">Bidib<\/a> et <a href=\"http:\/\/croquerlespages.canalblog.com\/archives\/2024\/01\/08\/40165644.html\">Fondant<\/a><\/em> #Cuisine de l&rsquo;Ouest am\u00e9ricain<\/p><\/div>\n","protected":false},"excerpt":{"rendered":"<p>J&rsquo;ai lu Les enfants du blizzard de Melanie Benjamin (\u00e9d. Albin Michel, novembre 2023, 400 pages), un roman historique retra\u00e7ant un terrible fait divers am\u00e9ricain et qui a co\u00fbt\u00e9 la vie \u00e0 de nombreux enfants, \u00e0 travers des personnages fictifs. Le 12 janvier 1888, la journ\u00e9e a commenc\u00e9 par un redoux inattendu dans les plaines [&hellip;]<\/p>\n","protected":false},"author":1,"featured_media":42444,"comment_status":"open","ping_status":"open","sticky":false,"template":"","format":"standard","meta":{"jetpack_post_was_ever_published":false,"_jetpack_newsletter_access":"","_jetpack_dont_email_post_to_subs":false,"_jetpack_newsletter_tier_id":0,"_jetpack_memberships_contains_paywalled_content":false,"_jetpack_memberships_contains_paid_content":false,"footnotes":""},"categories":[363],"tags":[1347,2051,4047,3974,901,4051,935,4027,740,1080,390,1724,997,365,4048,2718,4014,1085,1016,1171,4046,4052,369,4050,1726,1818,905,388,2548,4049],"class_list":["post-34308","post","type-post","status-publish","format-standard","has-post-thumbnail","hentry","category-mini-lecteur","tag-18-ans-et-plus","tag-abnegation","tag-blizzard","tag-challenge-petit-bac-2024","tag-courage","tag-dakota","tag-deces","tag-des-livres-et-des-ecrans-en-cuisine-2024","tag-ecole","tag-enfant","tag-entraide","tag-etats-unis","tag-froid","tag-hiver","tag-inspire-de-faits-divers","tag-journaliste","tag-le-tour-du-monde-en-80-livres-2024","tag-lecture-adulte","tag-lectures-dhiver","tag-maltraitance","tag-melanie-benjamin","tag-nebraska","tag-neige","tag-plaine","tag-racisme","tag-roman-historique","tag-romans-adulte","tag-solidarite","tag-survie","tag-xixe-siecle","post-preview"],"jetpack_featured_media_url":"https:\/\/i0.wp.com\/www.jojoenherbe.com\/wp-content\/uploads\/2024\/01\/Les-enfants-du-blizzard-1.jpg?fit=750%2C1096","jetpack_sharing_enabled":true,"jetpack_shortlink":"https:\/\/wp.me\/p9zhGx-8Vm","jetpack_likes_enabled":true,"jetpack-related-posts":[{"id":42442,"url":"http:\/\/www.jojoenherbe.com\/index.php\/2026\/01\/22\/throwback-thursday-livresque-un-journaliste\/","url_meta":{"origin":34308,"position":0},"title":"Throwback Thursday Livresque: Un journaliste","author":"Jojo","date":"22 janvier 2026","format":false,"excerpt":"Ce jeudi 22 janvier 2026, je participe au Throwback Thursday Livresque, un rendez-vous livresque initialement chez Bettie Rose Books et repris depuis par Carole, les liens \u00e9tant \u00e0 d\u00e9poser chez My-Bo0ks. Le principe est de partager chaque jeudi un livre \"ancien\" de notre biblioth\u00e8que en fonction d\u2019un th\u00e8me donn\u00e9. Cette\u2026","rel":"","context":"Dans &quot;Mini blogueur&quot;","block_context":{"text":"Mini blogueur","link":"http:\/\/www.jojoenherbe.com\/index.php\/category\/mini-blogueur\/"},"img":{"alt_text":"","src":"https:\/\/i0.wp.com\/www.jojoenherbe.com\/wp-content\/uploads\/2023\/10\/TTL-logo.jpg?resize=350%2C200","width":350,"height":200},"classes":[]},{"id":34296,"url":"http:\/\/www.jojoenherbe.com\/index.php\/2024\/01\/15\/point-lecture-hebdomadaire-2024-2\/","url_meta":{"origin":34308,"position":1},"title":"Point lecture hebdomadaire 2024 #2","author":"Jojo","date":"15 janvier 2024","format":false,"excerpt":"En ce d\u00e9but de semaine, voici notre point lecture hebdomadaire avec un retour sur nos lectures de la semaine derni\u00e8re (mais pas nos relectures). Nos lectures du 8 au 14 janvier 2024: Des lectures jeunesse: (BD jeunesse) Mortelle Ad\u00e8le, Parents \u00e0 vendre et Toi, je te zut! de Mr Tan\u2026","rel":"","context":"Dans &quot;Mini blogueur&quot;","block_context":{"text":"Mini blogueur","link":"http:\/\/www.jojoenherbe.com\/index.php\/category\/mini-blogueur\/"},"img":{"alt_text":"","src":"https:\/\/i0.wp.com\/www.jojoenherbe.com\/wp-content\/uploads\/2024\/01\/Point-lecture-hebdo-2024-2-scaled.jpg?fit=1200%2C1146&resize=350%2C200","width":350,"height":200,"srcset":"https:\/\/i0.wp.com\/www.jojoenherbe.com\/wp-content\/uploads\/2024\/01\/Point-lecture-hebdo-2024-2-scaled.jpg?fit=1200%2C1146&resize=350%2C200 1x, https:\/\/i0.wp.com\/www.jojoenherbe.com\/wp-content\/uploads\/2024\/01\/Point-lecture-hebdo-2024-2-scaled.jpg?fit=1200%2C1146&resize=525%2C300 1.5x, https:\/\/i0.wp.com\/www.jojoenherbe.com\/wp-content\/uploads\/2024\/01\/Point-lecture-hebdo-2024-2-scaled.jpg?fit=1200%2C1146&resize=700%2C400 2x, https:\/\/i0.wp.com\/www.jojoenherbe.com\/wp-content\/uploads\/2024\/01\/Point-lecture-hebdo-2024-2-scaled.jpg?fit=1200%2C1146&resize=1050%2C600 3x"},"classes":[]},{"id":37431,"url":"http:\/\/www.jojoenherbe.com\/index.php\/2024\/12\/05\/throwback-thursday-livresque-couverture-avec-de-la-neige\/","url_meta":{"origin":34308,"position":2},"title":"Throwback Thursday Livresque: Couverture avec de la neige","author":"Jojo","date":"5 d\u00e9cembre 2024","format":false,"excerpt":"Ce jeudi 5 d\u00e9cembre 2024, je participe au Throwback Thursday Livresque, un rendez-vous livresque initialement chez Bettie Rose Books et repris depuis par Carole, les liens \u00e9tant \u00e0 d\u00e9poser chez My-Bo0ks. Le principe est de partager chaque jeudi un livre en fonction d\u2019un th\u00e8me donn\u00e9. Cette semaine, le th\u00e8me est\u2026","rel":"","context":"Dans &quot;Mini challenger&quot;","block_context":{"text":"Mini challenger","link":"http:\/\/www.jojoenherbe.com\/index.php\/category\/mini-challenger\/"},"img":{"alt_text":"","src":"https:\/\/i0.wp.com\/www.jojoenherbe.com\/wp-content\/uploads\/2023\/10\/TTL-logo.jpg?resize=350%2C200","width":350,"height":200},"classes":[]},{"id":34637,"url":"http:\/\/www.jojoenherbe.com\/index.php\/2024\/02\/02\/billet-de-suivi-african-american-history-month-challenge-2024\/","url_meta":{"origin":34308,"position":3},"title":"Billet de suivi: African-American History Month Challenge 2024","author":"Jojo","date":"2 f\u00e9vrier 2024","format":false,"excerpt":"Cette ann\u00e9e, je participe \u00e0 l'African-American History Month Challenge (AAHM Challenge) 2024 organis\u00e9 depuis plusieurs ann\u00e9es par Enna, tout au long du mois de f\u00e9vrier. Il s'agit de parler des Afro-Am\u00e9ricains dans l\u2019histoire ou dans la fiction. Pour plus d\u2019infos, n\u2019h\u00e9sitez pas \u00e0 aller sur son blog ou sur le\u2026","rel":"","context":"Dans &quot;Mini challenger&quot;","block_context":{"text":"Mini challenger","link":"http:\/\/www.jojoenherbe.com\/index.php\/category\/mini-challenger\/"},"img":{"alt_text":"","src":"https:\/\/i0.wp.com\/www.jojoenherbe.com\/wp-content\/uploads\/2024\/02\/AAHM-Challenge-2024.jpg?fit=960%2C480&resize=350%2C200","width":350,"height":200,"srcset":"https:\/\/i0.wp.com\/www.jojoenherbe.com\/wp-content\/uploads\/2024\/02\/AAHM-Challenge-2024.jpg?fit=960%2C480&resize=350%2C200 1x, https:\/\/i0.wp.com\/www.jojoenherbe.com\/wp-content\/uploads\/2024\/02\/AAHM-Challenge-2024.jpg?fit=960%2C480&resize=525%2C300 1.5x, https:\/\/i0.wp.com\/www.jojoenherbe.com\/wp-content\/uploads\/2024\/02\/AAHM-Challenge-2024.jpg?fit=960%2C480&resize=700%2C400 2x"},"classes":[]},{"id":37540,"url":"http:\/\/www.jojoenherbe.com\/index.php\/2024\/12\/18\/au-fil-des-pages-avec-le-noel-de-sidonie-souris\/","url_meta":{"origin":34308,"position":4},"title":"Au fil des pages avec Le No\u00ebl de Sidonie Souris","author":"Jojo","date":"18 d\u00e9cembre 2024","format":false,"excerpt":"Nous avons relu Le No\u00ebl de Sidonie Souris de Clothilde Delacroix (\u00e9d. L'\u00e9cole des loisirs, coll. Moucheron, novembre 2023, 64 pages), un roman jeunesse premi\u00e8res lectures pour les 5\/7 ans. La famille de Sidonie Souris se d\u00e9p\u00eachent de terminer les pr\u00e9paratifs de No\u00ebl. A la demande de leur m\u00e8re enceinte,\u2026","rel":"","context":"Dans &quot;Mini lecteur&quot;","block_context":{"text":"Mini lecteur","link":"http:\/\/www.jojoenherbe.com\/index.php\/category\/mini-lecteur\/"},"img":{"alt_text":"","src":"https:\/\/i0.wp.com\/www.jojoenherbe.com\/wp-content\/uploads\/2024\/12\/Le-Noel-de-Sidonie-Souris-scaled.jpg?fit=1200%2C1044&resize=350%2C200","width":350,"height":200,"srcset":"https:\/\/i0.wp.com\/www.jojoenherbe.com\/wp-content\/uploads\/2024\/12\/Le-Noel-de-Sidonie-Souris-scaled.jpg?fit=1200%2C1044&resize=350%2C200 1x, https:\/\/i0.wp.com\/www.jojoenherbe.com\/wp-content\/uploads\/2024\/12\/Le-Noel-de-Sidonie-Souris-scaled.jpg?fit=1200%2C1044&resize=525%2C300 1.5x, https:\/\/i0.wp.com\/www.jojoenherbe.com\/wp-content\/uploads\/2024\/12\/Le-Noel-de-Sidonie-Souris-scaled.jpg?fit=1200%2C1044&resize=700%2C400 2x, https:\/\/i0.wp.com\/www.jojoenherbe.com\/wp-content\/uploads\/2024\/12\/Le-Noel-de-Sidonie-Souris-scaled.jpg?fit=1200%2C1044&resize=1050%2C600 3x"},"classes":[]},{"id":33362,"url":"http:\/\/www.jojoenherbe.com\/index.php\/2023\/12\/12\/au-fil-des-pages-avec-la-malediction-de-satapur-t2\/","url_meta":{"origin":34308,"position":5},"title":"Au fil des pages avec La mal\u00e9diction de Satapur (T2)","author":"Jojo","date":"12 d\u00e9cembre 2023","format":false,"excerpt":"J\u2019ai lu la deuxi\u00e8me enqu\u00eate de Perveen Mistry, La mal\u00e9diction de Satapur de Sujata Massey (\u00e9d. Charleston, juin 2021, 485 pages), un roman policier historique se d\u00e9roulant en 1922 dans les Indes britanniques. Perveen Mistry, d\u00e9sormais avocate associ\u00e9e au sein du cabinet de son p\u00e8re accepte la mission du gouvernement\u2026","rel":"","context":"Dans &quot;Mini lecteur&quot;","block_context":{"text":"Mini lecteur","link":"http:\/\/www.jojoenherbe.com\/index.php\/category\/mini-lecteur\/"},"img":{"alt_text":"","src":"https:\/\/i0.wp.com\/www.jojoenherbe.com\/wp-content\/uploads\/2022\/10\/La-malediction-de-Satapur-scaled.jpg?fit=1200%2C1002&resize=350%2C200","width":350,"height":200,"srcset":"https:\/\/i0.wp.com\/www.jojoenherbe.com\/wp-content\/uploads\/2022\/10\/La-malediction-de-Satapur-scaled.jpg?fit=1200%2C1002&resize=350%2C200 1x, https:\/\/i0.wp.com\/www.jojoenherbe.com\/wp-content\/uploads\/2022\/10\/La-malediction-de-Satapur-scaled.jpg?fit=1200%2C1002&resize=525%2C300 1.5x, https:\/\/i0.wp.com\/www.jojoenherbe.com\/wp-content\/uploads\/2022\/10\/La-malediction-de-Satapur-scaled.jpg?fit=1200%2C1002&resize=700%2C400 2x, https:\/\/i0.wp.com\/www.jojoenherbe.com\/wp-content\/uploads\/2022\/10\/La-malediction-de-Satapur-scaled.jpg?fit=1200%2C1002&resize=1050%2C600 3x"},"classes":[]}],"_links":{"self":[{"href":"http:\/\/www.jojoenherbe.com\/index.php\/wp-json\/wp\/v2\/posts\/34308","targetHints":{"allow":["GET"]}}],"collection":[{"href":"http:\/\/www.jojoenherbe.com\/index.php\/wp-json\/wp\/v2\/posts"}],"about":[{"href":"http:\/\/www.jojoenherbe.com\/index.php\/wp-json\/wp\/v2\/types\/post"}],"author":[{"embeddable":true,"href":"http:\/\/www.jojoenherbe.com\/index.php\/wp-json\/wp\/v2\/users\/1"}],"replies":[{"embeddable":true,"href":"http:\/\/www.jojoenherbe.com\/index.php\/wp-json\/wp\/v2\/comments?post=34308"}],"version-history":[{"count":18,"href":"http:\/\/www.jojoenherbe.com\/index.php\/wp-json\/wp\/v2\/posts\/34308\/revisions"}],"predecessor-version":[{"id":34529,"href":"http:\/\/www.jojoenherbe.com\/index.php\/wp-json\/wp\/v2\/posts\/34308\/revisions\/34529"}],"wp:featuredmedia":[{"embeddable":true,"href":"http:\/\/www.jojoenherbe.com\/index.php\/wp-json\/wp\/v2\/media\/42444"}],"wp:attachment":[{"href":"http:\/\/www.jojoenherbe.com\/index.php\/wp-json\/wp\/v2\/media?parent=34308"}],"wp:term":[{"taxonomy":"category","embeddable":true,"href":"http:\/\/www.jojoenherbe.com\/index.php\/wp-json\/wp\/v2\/categories?post=34308"},{"taxonomy":"post_tag","embeddable":true,"href":"http:\/\/www.jojoenherbe.com\/index.php\/wp-json\/wp\/v2\/tags?post=34308"}],"curies":[{"name":"wp","href":"https:\/\/api.w.org\/{rel}","templated":true}]}}