{"id":34273,"date":"2024-01-13T16:43:01","date_gmt":"2024-01-13T15:43:01","guid":{"rendered":"https:\/\/www.jojoenherbe.com\/?p=34273"},"modified":"2024-03-08T17:38:10","modified_gmt":"2024-03-08T16:38:10","slug":"semaine-2-du-projet-52-2024-hiver","status":"publish","type":"post","link":"http:\/\/www.jojoenherbe.com\/index.php\/2024\/01\/13\/semaine-2-du-projet-52-2024-hiver\/","title":{"rendered":"Semaine 2 du Projet 52-2024: \u00ab\u00a0Hiver\u00a0\u00bb"},"content":{"rendered":"<p style=\"text-align: justify;\"><em>Pour la semaine 2 du Projet 52-2024 de Du c\u00f4t\u00e9 de chez Ma\u2019, le th\u00e8me est \u00ab <a href=\"https:\/\/ducotedechezma.fr\/2024\/01\/13\/projet-52-2024-semaine-2-hiver\/\">Hiver<\/a> \u00bb. J\u2019ai choisi pour illustrer ce th\u00e8me une fleur d&rsquo;hiver, le mimosa. Les mimosas ont commenc\u00e9 leur floraison depuis d\u00e9but janvier dans le Var et les Alpes-Maritimes. J&rsquo;aurai pu choisir cette photo pour le th\u00e8me de la semaine derni\u00e8re, \u00ab\u00a0C&rsquo;est parti\u00a0\u00bb. Bon week-end \u00e0 tous!<br \/><\/em><\/p>\n<p><a href=\"https:\/\/i0.wp.com\/www.jojoenherbe.com\/wp-content\/uploads\/2024\/01\/Projet-52-2024-Du-cote-de-chez-Ma.jpg\"><img data-recalc-dims=\"1\" loading=\"lazy\" decoding=\"async\" data-attachment-id=\"34278\" data-permalink=\"http:\/\/www.jojoenherbe.com\/index.php\/2024\/01\/13\/semaine-2-du-projet-52-2024-hiver\/projet-52-2024-du-cote-de-chez-ma\/\" data-orig-file=\"https:\/\/i0.wp.com\/www.jojoenherbe.com\/wp-content\/uploads\/2024\/01\/Projet-52-2024-Du-cote-de-chez-Ma.jpg?fit=940%2C788\" data-orig-size=\"940,788\" data-comments-opened=\"1\" data-image-meta=\"{&quot;aperture&quot;:&quot;0&quot;,&quot;credit&quot;:&quot;&quot;,&quot;camera&quot;:&quot;&quot;,&quot;caption&quot;:&quot;&quot;,&quot;created_timestamp&quot;:&quot;0&quot;,&quot;copyright&quot;:&quot;&quot;,&quot;focal_length&quot;:&quot;0&quot;,&quot;iso&quot;:&quot;0&quot;,&quot;shutter_speed&quot;:&quot;0&quot;,&quot;title&quot;:&quot;&quot;,&quot;orientation&quot;:&quot;0&quot;}\" data-image-title=\"Projet 52-2024 Du c\u00f4t\u00e9 de chez Ma&amp;rsquo;\" data-image-description=\"\" data-image-caption=\"\" data-large-file=\"https:\/\/i0.wp.com\/www.jojoenherbe.com\/wp-content\/uploads\/2024\/01\/Projet-52-2024-Du-cote-de-chez-Ma.jpg?fit=676%2C567\" class=\"aligncenter wp-image-34278\" src=\"https:\/\/i0.wp.com\/www.jojoenherbe.com\/wp-content\/uploads\/2024\/01\/Projet-52-2024-Du-cote-de-chez-Ma.jpg?resize=247%2C207\" alt=\"\" width=\"247\" height=\"207\" srcset=\"https:\/\/i0.wp.com\/www.jojoenherbe.com\/wp-content\/uploads\/2024\/01\/Projet-52-2024-Du-cote-de-chez-Ma.jpg?w=940 940w, https:\/\/i0.wp.com\/www.jojoenherbe.com\/wp-content\/uploads\/2024\/01\/Projet-52-2024-Du-cote-de-chez-Ma.jpg?resize=300%2C251 300w, https:\/\/i0.wp.com\/www.jojoenherbe.com\/wp-content\/uploads\/2024\/01\/Projet-52-2024-Du-cote-de-chez-Ma.jpg?resize=768%2C644 768w, https:\/\/i0.wp.com\/www.jojoenherbe.com\/wp-content\/uploads\/2024\/01\/Projet-52-2024-Du-cote-de-chez-Ma.jpg?resize=676%2C567 676w\" sizes=\"auto, (max-width: 247px) 100vw, 247px\" \/><\/a><\/p>\n\n\n<p><\/p>\n","protected":false},"excerpt":{"rendered":"<p>Pour la semaine 2 du Projet 52-2024 de Du c\u00f4t\u00e9 de chez Ma\u2019, le th\u00e8me est \u00ab Hiver \u00bb. J\u2019ai choisi pour illustrer ce th\u00e8me une fleur d&rsquo;hiver, le mimosa. Les mimosas ont commenc\u00e9 leur floraison depuis d\u00e9but janvier dans le Var et les Alpes-Maritimes. J&rsquo;aurai pu choisir cette photo pour le th\u00e8me de la [&hellip;]<\/p>\n","protected":false},"author":1,"featured_media":34277,"comment_status":"open","ping_status":"open","sticky":false,"template":"","format":"standard","meta":{"jetpack_post_was_ever_published":false,"_jetpack_newsletter_access":"","_jetpack_dont_email_post_to_subs":false,"_jetpack_newsletter_tier_id":0,"_jetpack_memberships_contains_paywalled_content":false,"_jetpack_memberships_contains_paid_content":false,"footnotes":""},"categories":[437],"tags":[2172,4044,43,365,590,1150,543,5,4043,1506,27],"class_list":["post-34273","post","type-post","status-publish","format-standard","has-post-thumbnail","hentry","category-mini-photographe","tag-fleur","tag-fleur-dhiver","tag-frejus","tag-hiver","tag-jardin","tag-mimosa","tag-nature","tag-paca","tag-projet-52-2024","tag-region-sud","tag-var","post-preview"],"jetpack_featured_media_url":"https:\/\/i0.wp.com\/www.jojoenherbe.com\/wp-content\/uploads\/2024\/01\/Mimosa-2024-scaled.jpg?fit=1920%2C2560","jetpack_sharing_enabled":true,"jetpack_shortlink":"https:\/\/wp.me\/p9zhGx-8UN","jetpack_likes_enabled":true,"jetpack-related-posts":[{"id":9682,"url":"http:\/\/www.jojoenherbe.com\/index.php\/2020\/01\/19\/semaine-3-du-projet-52-2020-motif\/","url_meta":{"origin":34273,"position":0},"title":"Semaine 3 du Projet 52-2020: Motif","author":"Jojo","date":"19 janvier 2020","format":false,"excerpt":"Pour la semaine 3 du Projet 52-2020 de Du c\u00f4t\u00e9 de chez Ma', le th\u00e8me est \"Motif\". J'aurai pu parler des motifs juridiques et le fameux \"par ces motifs\" des d\u00e9cisions de Justice qui r\u00e9pondent \u00e0 ceux d'une assignation ou d'une requ\u00eate ou de conclusions. Mais ce n'est pas tr\u00e8s\u2026","rel":"","context":"Dans &quot;Mini joueur&quot;","block_context":{"text":"Mini joueur","link":"http:\/\/www.jojoenherbe.com\/index.php\/category\/mini-decouvreur\/mini-joueur\/"},"img":{"alt_text":"","src":"https:\/\/i0.wp.com\/www.jojoenherbe.com\/wp-content\/uploads\/2020\/01\/Mandala-dhiver-scaled.jpg?fit=1200%2C793&resize=350%2C200","width":350,"height":200,"srcset":"https:\/\/i0.wp.com\/www.jojoenherbe.com\/wp-content\/uploads\/2020\/01\/Mandala-dhiver-scaled.jpg?fit=1200%2C793&resize=350%2C200 1x, https:\/\/i0.wp.com\/www.jojoenherbe.com\/wp-content\/uploads\/2020\/01\/Mandala-dhiver-scaled.jpg?fit=1200%2C793&resize=525%2C300 1.5x, https:\/\/i0.wp.com\/www.jojoenherbe.com\/wp-content\/uploads\/2020\/01\/Mandala-dhiver-scaled.jpg?fit=1200%2C793&resize=700%2C400 2x, https:\/\/i0.wp.com\/www.jojoenherbe.com\/wp-content\/uploads\/2020\/01\/Mandala-dhiver-scaled.jpg?fit=1200%2C793&resize=1050%2C600 3x"},"classes":[]},{"id":15311,"url":"http:\/\/www.jojoenherbe.com\/index.php\/2021\/01\/23\/semaine-3-du-projet-52-2021-hiver\/","url_meta":{"origin":34273,"position":1},"title":"Semaine 3 du Projet 52-2021: Hiver","author":"Jojo","date":"23 janvier 2021","format":false,"excerpt":"Pour la semaine 3 du Projet 52-2021 de Du c\u00f4t\u00e9 de chez Ma', le th\u00e8me est \"Hiver\". Voici une photo prise lors de notre journ\u00e9e au lac de Thorenc dimanche dernier. Comme chaque hiver, le lac \u00e9tait gel\u00e9 et il y avait suffisamment de neige, sous un ciel ensoleill\u00e9, pour\u2026","rel":"","context":"Dans &quot;mini photographe&quot;","block_context":{"text":"mini photographe","link":"http:\/\/www.jojoenherbe.com\/index.php\/category\/mini-photographe\/"},"img":{"alt_text":"","src":"https:\/\/i0.wp.com\/www.jojoenherbe.com\/wp-content\/uploads\/2021\/01\/Lac-de-Thorenc-scaled.jpg?fit=1200%2C1033&resize=350%2C200","width":350,"height":200,"srcset":"https:\/\/i0.wp.com\/www.jojoenherbe.com\/wp-content\/uploads\/2021\/01\/Lac-de-Thorenc-scaled.jpg?fit=1200%2C1033&resize=350%2C200 1x, https:\/\/i0.wp.com\/www.jojoenherbe.com\/wp-content\/uploads\/2021\/01\/Lac-de-Thorenc-scaled.jpg?fit=1200%2C1033&resize=525%2C300 1.5x, https:\/\/i0.wp.com\/www.jojoenherbe.com\/wp-content\/uploads\/2021\/01\/Lac-de-Thorenc-scaled.jpg?fit=1200%2C1033&resize=700%2C400 2x, https:\/\/i0.wp.com\/www.jojoenherbe.com\/wp-content\/uploads\/2021\/01\/Lac-de-Thorenc-scaled.jpg?fit=1200%2C1033&resize=1050%2C600 3x"},"classes":[]},{"id":9902,"url":"http:\/\/www.jojoenherbe.com\/index.php\/2020\/02\/03\/semaine-5-du-projet-52-2020-boutons\/","url_meta":{"origin":34273,"position":2},"title":"Semaine 5 du Projet 52-2020: Bouton(s)","author":"Jojo","date":"3 f\u00e9vrier 2020","format":false,"excerpt":"Pour la semaine 5 du Projet 52-2020 de Du c\u00f4t\u00e9 de chez Ma', le th\u00e8me est \"Bouton(s)\". J'ai choisi d'illustrer ce th\u00e8me avec des boutons de fleur. Si si il y a encore des boutons sur cette orchis photographi\u00e9e ce 1er f\u00e9vrier 2020 pendant le rallye-d\u00e9couverte organis\u00e9 par l'association Les\u2026","rel":"","context":"Dans &quot;mini photographe&quot;","block_context":{"text":"mini photographe","link":"http:\/\/www.jojoenherbe.com\/index.php\/category\/mini-photographe\/"},"img":{"alt_text":"","src":"https:\/\/i0.wp.com\/www.jojoenherbe.com\/wp-content\/uploads\/2020\/02\/Orchys-%C3%A9tangs-de-Villepey-scaled.jpg?fit=1005%2C1200&resize=350%2C200","width":350,"height":200,"srcset":"https:\/\/i0.wp.com\/www.jojoenherbe.com\/wp-content\/uploads\/2020\/02\/Orchys-%C3%A9tangs-de-Villepey-scaled.jpg?fit=1005%2C1200&resize=350%2C200 1x, https:\/\/i0.wp.com\/www.jojoenherbe.com\/wp-content\/uploads\/2020\/02\/Orchys-%C3%A9tangs-de-Villepey-scaled.jpg?fit=1005%2C1200&resize=525%2C300 1.5x, https:\/\/i0.wp.com\/www.jojoenherbe.com\/wp-content\/uploads\/2020\/02\/Orchys-%C3%A9tangs-de-Villepey-scaled.jpg?fit=1005%2C1200&resize=700%2C400 2x"},"classes":[]},{"id":36020,"url":"http:\/\/www.jojoenherbe.com\/index.php\/2024\/05\/04\/semaine-18-du-projet-52-2024-printemps\/","url_meta":{"origin":34273,"position":3},"title":"Semaine 18 du Projet 52-2024: \u00ab\u00a0Printemps\u00a0\u00bb","author":"Jojo","date":"4 mai 2024","format":false,"excerpt":"Pour la semaine 18 du Projet 52-2024 de Du c\u00f4t\u00e9 de chez Ma\u2019, le th\u00e8me est \u00ab Printemps\u00bb. J\u2019ai choisi pour illustrer ce th\u00e8me des fleurs printani\u00e8res du jardin comme le lilas et un petit curieux qui voletait de fleur en arbre avant de partir pour d'autres horizons. C'est aussi\u2026","rel":"","context":"Dans &quot;mini photographe&quot;","block_context":{"text":"mini photographe","link":"http:\/\/www.jojoenherbe.com\/index.php\/category\/mini-photographe\/"},"img":{"alt_text":"","src":"https:\/\/i0.wp.com\/www.jojoenherbe.com\/wp-content\/uploads\/2024\/05\/jardin-printemps-2024.png?fit=1080%2C1080&resize=350%2C200","width":350,"height":200,"srcset":"https:\/\/i0.wp.com\/www.jojoenherbe.com\/wp-content\/uploads\/2024\/05\/jardin-printemps-2024.png?fit=1080%2C1080&resize=350%2C200 1x, https:\/\/i0.wp.com\/www.jojoenherbe.com\/wp-content\/uploads\/2024\/05\/jardin-printemps-2024.png?fit=1080%2C1080&resize=525%2C300 1.5x, https:\/\/i0.wp.com\/www.jojoenherbe.com\/wp-content\/uploads\/2024\/05\/jardin-printemps-2024.png?fit=1080%2C1080&resize=700%2C400 2x, https:\/\/i0.wp.com\/www.jojoenherbe.com\/wp-content\/uploads\/2024\/05\/jardin-printemps-2024.png?fit=1080%2C1080&resize=1050%2C600 3x"},"classes":[]},{"id":40326,"url":"http:\/\/www.jojoenherbe.com\/index.php\/2025\/08\/09\/semaine-32-du-projet-52-2025-ete\/","url_meta":{"origin":34273,"position":4},"title":"Semaine 32 du Projet 52-2025: \u00ab\u00a0\u00c9t\u00e9\u00a0\u00bb","author":"Jojo","date":"9 ao\u00fbt 2025","format":false,"excerpt":"Pour la semaine 32 du Projet 52-2025 de Du c\u00f4t\u00e9 de chez Ma\u2019, le th\u00e8me est \"\u00c9t\u00e9\". Petit retour en arri\u00e8re, \u00e0 la mi-juillet avec cette photo prise dans un champ de tournesols en Charente-Maritime, pendant nos cong\u00e9s, lorsque nous \u00e9tions presque arriv\u00e9s \u00e0 destination de Meschers-sur-Gironde. Tout au long\u2026","rel":"","context":"Dans &quot;mini photographe&quot;","block_context":{"text":"mini photographe","link":"http:\/\/www.jojoenherbe.com\/index.php\/category\/mini-photographe\/"},"img":{"alt_text":"","src":"https:\/\/i0.wp.com\/www.jojoenherbe.com\/wp-content\/uploads\/2025\/08\/Tournesols-scaled.jpg?fit=900%2C1200&resize=350%2C200","width":350,"height":200,"srcset":"https:\/\/i0.wp.com\/www.jojoenherbe.com\/wp-content\/uploads\/2025\/08\/Tournesols-scaled.jpg?fit=900%2C1200&resize=350%2C200 1x, https:\/\/i0.wp.com\/www.jojoenherbe.com\/wp-content\/uploads\/2025\/08\/Tournesols-scaled.jpg?fit=900%2C1200&resize=525%2C300 1.5x, https:\/\/i0.wp.com\/www.jojoenherbe.com\/wp-content\/uploads\/2025\/08\/Tournesols-scaled.jpg?fit=900%2C1200&resize=700%2C400 2x"},"classes":[]},{"id":9546,"url":"http:\/\/www.jojoenherbe.com\/index.php\/2020\/01\/12\/semaine-2-du-projet-52-2020-debut\/","url_meta":{"origin":34273,"position":5},"title":"Semaine 2 du Projet 52-2020: D\u00e9but","author":"Jojo","date":"12 janvier 2020","format":false,"excerpt":"Pour la semaine 2 du Projet 52-2020 de Du c\u00f4t\u00e9 de chez Ma', le th\u00e8me est \"D\u00e9but\". Que de possibilit\u00e9s encore pour illustrer ce th\u00e8me inspirant! La nouvelle ann\u00e9e vient de d\u00e9buter avec la pr\u00e9sentation des v\u0153ux, mettant fin \u00e0 la p\u00e9riode de No\u00ebl. J'avais pens\u00e9 dans un premier temps\u2026","rel":"","context":"Dans &quot;mini photographe&quot;","block_context":{"text":"mini photographe","link":"http:\/\/www.jojoenherbe.com\/index.php\/category\/mini-photographe\/"},"img":{"alt_text":"","src":"https:\/\/i0.wp.com\/www.jojoenherbe.com\/wp-content\/uploads\/2020\/01\/Mimosa-Th%C3%A9oule-sur-Mer-scaled.jpg?fit=1200%2C900&resize=350%2C200","width":350,"height":200,"srcset":"https:\/\/i0.wp.com\/www.jojoenherbe.com\/wp-content\/uploads\/2020\/01\/Mimosa-Th%C3%A9oule-sur-Mer-scaled.jpg?fit=1200%2C900&resize=350%2C200 1x, https:\/\/i0.wp.com\/www.jojoenherbe.com\/wp-content\/uploads\/2020\/01\/Mimosa-Th%C3%A9oule-sur-Mer-scaled.jpg?fit=1200%2C900&resize=525%2C300 1.5x, https:\/\/i0.wp.com\/www.jojoenherbe.com\/wp-content\/uploads\/2020\/01\/Mimosa-Th%C3%A9oule-sur-Mer-scaled.jpg?fit=1200%2C900&resize=700%2C400 2x, https:\/\/i0.wp.com\/www.jojoenherbe.com\/wp-content\/uploads\/2020\/01\/Mimosa-Th%C3%A9oule-sur-Mer-scaled.jpg?fit=1200%2C900&resize=1050%2C600 3x"},"classes":[]}],"_links":{"self":[{"href":"http:\/\/www.jojoenherbe.com\/index.php\/wp-json\/wp\/v2\/posts\/34273","targetHints":{"allow":["GET"]}}],"collection":[{"href":"http:\/\/www.jojoenherbe.com\/index.php\/wp-json\/wp\/v2\/posts"}],"about":[{"href":"http:\/\/www.jojoenherbe.com\/index.php\/wp-json\/wp\/v2\/types\/post"}],"author":[{"embeddable":true,"href":"http:\/\/www.jojoenherbe.com\/index.php\/wp-json\/wp\/v2\/users\/1"}],"replies":[{"embeddable":true,"href":"http:\/\/www.jojoenherbe.com\/index.php\/wp-json\/wp\/v2\/comments?post=34273"}],"version-history":[{"count":5,"href":"http:\/\/www.jojoenherbe.com\/index.php\/wp-json\/wp\/v2\/posts\/34273\/revisions"}],"predecessor-version":[{"id":35127,"href":"http:\/\/www.jojoenherbe.com\/index.php\/wp-json\/wp\/v2\/posts\/34273\/revisions\/35127"}],"wp:featuredmedia":[{"embeddable":true,"href":"http:\/\/www.jojoenherbe.com\/index.php\/wp-json\/wp\/v2\/media\/34277"}],"wp:attachment":[{"href":"http:\/\/www.jojoenherbe.com\/index.php\/wp-json\/wp\/v2\/media?parent=34273"}],"wp:term":[{"taxonomy":"category","embeddable":true,"href":"http:\/\/www.jojoenherbe.com\/index.php\/wp-json\/wp\/v2\/categories?post=34273"},{"taxonomy":"post_tag","embeddable":true,"href":"http:\/\/www.jojoenherbe.com\/index.php\/wp-json\/wp\/v2\/tags?post=34273"}],"curies":[{"name":"wp","href":"https:\/\/api.w.org\/{rel}","templated":true}]}}