{"id":33891,"date":"2024-01-01T11:02:26","date_gmt":"2024-01-01T10:02:26","guid":{"rendered":"https:\/\/www.jojoenherbe.com\/?p=33891"},"modified":"2024-01-01T20:08:06","modified_gmt":"2024-01-01T19:08:06","slug":"bilan-de-lecture-decembre-2023","status":"publish","type":"post","link":"http:\/\/www.jojoenherbe.com\/index.php\/2024\/01\/01\/bilan-de-lecture-decembre-2023\/","title":{"rendered":"Bilan de lecture: d\u00e9cembre 2023"},"content":{"rendered":"<p style=\"text-align: justify;\"><em>C\u2019est le premier du mois de janvier alors voici un petit retour livresque sur d\u00e9cembre 2023 avec un peu plus de billets publi\u00e9s <\/em><em>surtout pour les challenges de No\u00ebl que j&rsquo;appr\u00e9cie tout particuli\u00e8rement: <a href=\"https:\/\/www.jojoenherbe.com\/index.php\/2023\/11\/10\/billet-de-suivi-il-etait-11-fois-noel\/\">Il \u00e9tait 11 fois No\u00ebl<\/a> de Chicky Poo et Samarian, les portes de leur Chalet fermant ses portes le 7 janvier 2024 et le <a href=\"https:\/\/www.jojoenherbe.com\/index.php\/2023\/11\/15\/billet-de-suivi-challenge-christmas-time-2023\/\">challenge Christmas Time 2023<\/a> de MyaRosa\u00a0 qui se d\u00e9roule jusqu&rsquo;au 15 janvier 2024. <\/em><\/p>\n<p style=\"text-align: justify;\"><em><img data-recalc-dims=\"1\" loading=\"lazy\" decoding=\"async\" data-attachment-id=\"33333\" data-permalink=\"http:\/\/www.jojoenherbe.com\/index.php\/page-d-exemple\/dall%c2%b7e-2023-macareux-noel\/\" data-orig-file=\"https:\/\/i0.wp.com\/www.jojoenherbe.com\/wp-content\/uploads\/2023\/12\/DALL%C2%B7E-2023-Macareux-Noel.png?fit=1024%2C1024\" data-orig-size=\"1024,1024\" data-comments-opened=\"1\" data-image-meta=\"{&quot;aperture&quot;:&quot;0&quot;,&quot;credit&quot;:&quot;&quot;,&quot;camera&quot;:&quot;&quot;,&quot;caption&quot;:&quot;&quot;,&quot;created_timestamp&quot;:&quot;0&quot;,&quot;copyright&quot;:&quot;&quot;,&quot;focal_length&quot;:&quot;0&quot;,&quot;iso&quot;:&quot;0&quot;,&quot;shutter_speed&quot;:&quot;0&quot;,&quot;title&quot;:&quot;&quot;,&quot;orientation&quot;:&quot;0&quot;}\" data-image-title=\"\" data-image-description=\"\" data-image-caption=\"\" data-large-file=\"https:\/\/i0.wp.com\/www.jojoenherbe.com\/wp-content\/uploads\/2023\/12\/DALL%C2%B7E-2023-Macareux-Noel.png?fit=676%2C676\" class=\"alignleft wp-image-33333 size-thumbnail\" src=\"https:\/\/i0.wp.com\/www.jojoenherbe.com\/wp-content\/uploads\/2023\/12\/DALL%C2%B7E-2023-Macareux-Noel.png?resize=150%2C150\" alt=\"\" width=\"150\" height=\"150\" srcset=\"https:\/\/i0.wp.com\/www.jojoenherbe.com\/wp-content\/uploads\/2023\/12\/DALL%C2%B7E-2023-Macareux-Noel.png?resize=150%2C150 150w, https:\/\/i0.wp.com\/www.jojoenherbe.com\/wp-content\/uploads\/2023\/12\/DALL%C2%B7E-2023-Macareux-Noel.png?resize=300%2C300 300w, https:\/\/i0.wp.com\/www.jojoenherbe.com\/wp-content\/uploads\/2023\/12\/DALL%C2%B7E-2023-Macareux-Noel.png?resize=768%2C768 768w, https:\/\/i0.wp.com\/www.jojoenherbe.com\/wp-content\/uploads\/2023\/12\/DALL%C2%B7E-2023-Macareux-Noel.png?resize=676%2C676 676w, https:\/\/i0.wp.com\/www.jojoenherbe.com\/wp-content\/uploads\/2023\/12\/DALL%C2%B7E-2023-Macareux-Noel.png?w=1024 1024w\" sizes=\"auto, (max-width: 150px) 100vw, 150px\" \/>Je me suis bien impr\u00e9gn\u00e9e de l&rsquo;ambiance de No\u00ebl en lectures surtout, la fin d&rsquo;ann\u00e9e ne s&rsquo;\u00e9tant pas pass\u00e9e, une fois n&rsquo;est pas coutume, comme attendue mais avec quand m\u00eame quelques jours de cong\u00e9s (et seulement un march\u00e9 de No\u00ebl). J&rsquo;ai ainsi lu de nombreuses histoires de No\u00ebl, en particulier deux livres de l&rsquo;Avent, avec mon mini lutin qui ne cesse d&rsquo;\u00e9couter les chansons de Mortelle Ad\u00e8le (dans le lot, j&rsquo;ai r\u00e9ussi \u00e0 d\u00e9nicher des chansons de No\u00ebl compl\u00e8tement loufoques comme \u00ab\u00a0Cher P\u00e8re No\u00ebl\u00a0\u00bb ou \u00ab\u00a0La hotline des petits lutins\u00a0\u00bb!). De mon c\u00f4t\u00e9, en soir\u00e9e, j&rsquo;ai surtout lu des romances de No\u00ebl et des policiers de No\u00ebl avec quelques \u00ab\u00a0\u00e9carts no\u00eblesques\u00a0\u00bb avec les derniers tomes de saga fantasy.<\/em><\/p>\n<p><em><strong><span style=\"text-decoration: underline;\">Voici d\u2019ailleurs mon petit bilan de participations pour ce mois de d\u00e9cembre 2023<\/span>:<\/strong><\/em><\/p>\n<ul>\n<li style=\"text-align: justify;\"><em><strong>Challenge Petit Bac <\/strong>d\u2019Enna: 5e et 6e lignes en cours<\/em><\/li>\n<li style=\"text-align: justify;\"><em><strong>Challenge Contes et L\u00e9gendes <\/strong>de Bidib<\/em><\/li>\n<li style=\"text-align: justify;\"><em><strong>Challenge Des livres (et des \u00e9crans) en cuisine<\/strong> de Bidib et Fondant: 8 participations gourmandes<\/em><\/li>\n<li style=\"text-align: justify;\"><em><strong>Challenge Le Tour du Monde en 80 livres<\/strong> de Bidib:\u00a0 5 participations avec 4 pays pour le parcours illustr\u00e9 (\u00c9tats-Unis, Italie, Belgique et Royaume-Uni) et\u00a0 2 participations avec\u00a0 2 pays pour le parcours litt\u00e9raire (\u00c9tats-Unis et Royaume-Uni)<\/em><\/li>\n<li style=\"text-align: justify;\"><em><strong>Challenge 2023 sera classique<\/strong> de Blandine et Nathalie<\/em><\/li>\n<li style=\"text-align: justify;\"><em><strong>Challenge Les \u00c9tapes Indiennes 2023<\/strong> de Hilde et Blandine: 1 participation<br \/>\n<\/em><\/li>\n<li style=\"text-align: justify;\"><em><strong>Challenge British Mysteries 2023<\/strong> de Lou et Hilde: 1 participation<\/em><\/li>\n<li><em><strong>Challenge Halloween 2023<\/strong> de Hilde et Lou: 1 participation <\/em><\/li>\n<li style=\"text-align: justify;\"><em><strong>Challenge Il \u00e9tait 11 fois No\u00ebl<\/strong> de Chicky Poo et Samarian:\u00a0 17 participations<br \/>\n<\/em><\/li>\n<li style=\"text-align: justify;\"><em><strong>Challenge Christmas Time 2023<\/strong> de MyaRosa: 16 participations<br \/>\n<\/em><\/li>\n<\/ul>\n<p style=\"text-align: justify;\"><em><a href=\"https:\/\/i0.wp.com\/www.jojoenherbe.com\/wp-content\/uploads\/2024\/01\/Cadeaux-de-Noel-2023-scaled.jpg\"><img data-recalc-dims=\"1\" loading=\"lazy\" decoding=\"async\" data-attachment-id=\"33920\" data-permalink=\"http:\/\/www.jojoenherbe.com\/index.php\/2024\/01\/01\/bilan-de-lecture-decembre-2023\/cadeaux-de-noel-2023\/\" data-orig-file=\"https:\/\/i0.wp.com\/www.jojoenherbe.com\/wp-content\/uploads\/2024\/01\/Cadeaux-de-Noel-2023-scaled.jpg?fit=2560%2C1482\" data-orig-size=\"2560,1482\" data-comments-opened=\"1\" data-image-meta=\"{&quot;aperture&quot;:&quot;1.8&quot;,&quot;credit&quot;:&quot;&quot;,&quot;camera&quot;:&quot;iPhone 7&quot;,&quot;caption&quot;:&quot;&quot;,&quot;created_timestamp&quot;:&quot;1704113898&quot;,&quot;copyright&quot;:&quot;&quot;,&quot;focal_length&quot;:&quot;3.99&quot;,&quot;iso&quot;:&quot;80&quot;,&quot;shutter_speed&quot;:&quot;0.058823529411765&quot;,&quot;title&quot;:&quot;&quot;,&quot;orientation&quot;:&quot;1&quot;}\" data-image-title=\"Cadeaux de No\u00ebl 2023\" data-image-description=\"\" data-image-caption=\"\" data-large-file=\"https:\/\/i0.wp.com\/www.jojoenherbe.com\/wp-content\/uploads\/2024\/01\/Cadeaux-de-Noel-2023-scaled.jpg?fit=676%2C391\" class=\"size-thumbnail wp-image-33920 alignright\" src=\"https:\/\/i0.wp.com\/www.jojoenherbe.com\/wp-content\/uploads\/2024\/01\/Cadeaux-de-Noel-2023.jpg?resize=150%2C150\" alt=\"\" width=\"150\" height=\"150\" srcset=\"https:\/\/i0.wp.com\/www.jojoenherbe.com\/wp-content\/uploads\/2024\/01\/Cadeaux-de-Noel-2023-scaled.jpg?resize=150%2C150 150w, https:\/\/i0.wp.com\/www.jojoenherbe.com\/wp-content\/uploads\/2024\/01\/Cadeaux-de-Noel-2023-scaled.jpg?zoom=2&amp;resize=150%2C150 300w, https:\/\/i0.wp.com\/www.jojoenherbe.com\/wp-content\/uploads\/2024\/01\/Cadeaux-de-Noel-2023-scaled.jpg?zoom=3&amp;resize=150%2C150 450w\" sizes=\"auto, (max-width: 150px) 100vw, 150px\" \/><\/a> <a href=\"https:\/\/i0.wp.com\/www.jojoenherbe.com\/wp-content\/uploads\/2024\/01\/Cadeaux-de-Noel-2023-2-scaled.jpg\"><img data-recalc-dims=\"1\" loading=\"lazy\" decoding=\"async\" data-attachment-id=\"33919\" data-permalink=\"http:\/\/www.jojoenherbe.com\/index.php\/2024\/01\/01\/bilan-de-lecture-decembre-2023\/cadeaux-de-noel-2023-2\/\" data-orig-file=\"https:\/\/i0.wp.com\/www.jojoenherbe.com\/wp-content\/uploads\/2024\/01\/Cadeaux-de-Noel-2023-2-scaled.jpg?fit=2560%2C1530\" data-orig-size=\"2560,1530\" data-comments-opened=\"1\" data-image-meta=\"{&quot;aperture&quot;:&quot;1.8&quot;,&quot;credit&quot;:&quot;&quot;,&quot;camera&quot;:&quot;iPhone 7&quot;,&quot;caption&quot;:&quot;&quot;,&quot;created_timestamp&quot;:&quot;1704113941&quot;,&quot;copyright&quot;:&quot;&quot;,&quot;focal_length&quot;:&quot;3.99&quot;,&quot;iso&quot;:&quot;64&quot;,&quot;shutter_speed&quot;:&quot;0.058823529411765&quot;,&quot;title&quot;:&quot;&quot;,&quot;orientation&quot;:&quot;1&quot;}\" data-image-title=\"Cadeaux de No\u00ebl 2023 (2)\" data-image-description=\"\" data-image-caption=\"\" data-large-file=\"https:\/\/i0.wp.com\/www.jojoenherbe.com\/wp-content\/uploads\/2024\/01\/Cadeaux-de-Noel-2023-2-scaled.jpg?fit=676%2C404\" class=\"size-thumbnail wp-image-33919 alignright\" src=\"https:\/\/i0.wp.com\/www.jojoenherbe.com\/wp-content\/uploads\/2024\/01\/Cadeaux-de-Noel-2023-2.jpg?resize=150%2C150\" alt=\"\" width=\"150\" height=\"150\" srcset=\"https:\/\/i0.wp.com\/www.jojoenherbe.com\/wp-content\/uploads\/2024\/01\/Cadeaux-de-Noel-2023-2-scaled.jpg?resize=150%2C150 150w, https:\/\/i0.wp.com\/www.jojoenherbe.com\/wp-content\/uploads\/2024\/01\/Cadeaux-de-Noel-2023-2-scaled.jpg?zoom=2&amp;resize=150%2C150 300w, https:\/\/i0.wp.com\/www.jojoenherbe.com\/wp-content\/uploads\/2024\/01\/Cadeaux-de-Noel-2023-2-scaled.jpg?zoom=3&amp;resize=150%2C150 450w\" sizes=\"auto, (max-width: 150px) 100vw, 150px\" \/><\/a>Sous le sapin, il y a eu parmi les cadeaux des livres pour mon mini lutin et pour moi. S&rsquo;y ajoutera d&rsquo;ici quelques jours le tome 2 d&rsquo;une BD tr\u00e8s attendue par mon mini lutin, <span style=\"text-decoration: underline;\">Brume et la for\u00eat des \u00e2mes perdues<\/span> de J\u00e9r\u00f4me P\u00e9lissier et Carine Hinder (\u00e9d. Gl\u00e9nat, coll. Tch\u00f4!, janvier 2024, 64 pages). <\/em><\/p>\n<p style=\"text-align: justify;\"><em>Jusqu&rsquo;\u00e0 la mi-janvier, nous continuerons de rester dans une ambiance no\u00eblesque, avec un RAT post-No\u00ebl les 5 au 7 janvier 2024 et mes derniers billets de lectures de No\u00ebl. Nous relirons \u00e9galement des histoires autour de la galette des rois tout en en d\u00e9gustant. Ce sera aussi la remise \u00e0 z\u00e9ro des challenges livresques avec \u00e0 n&rsquo;en pas douter les m\u00eames que l&rsquo;ann\u00e9e derni\u00e8re, s&rsquo;ils sont tous reconduits par leurs organisatrices et qui sait, peut-\u00eatre d&rsquo;autres. <\/em><\/p>\n<p style=\"text-align: justify;\"><em><img data-recalc-dims=\"1\" loading=\"lazy\" decoding=\"async\" data-attachment-id=\"33908\" data-permalink=\"http:\/\/www.jojoenherbe.com\/index.php\/2024\/01\/01\/bilan-de-lecture-decembre-2023\/dall%c2%b7e-2023-macareux-bibliophile\/\" data-orig-file=\"https:\/\/i0.wp.com\/www.jojoenherbe.com\/wp-content\/uploads\/2024\/01\/DALL%C2%B7E-2023-Macareux-bibliophile.png?fit=1024%2C1024\" data-orig-size=\"1024,1024\" data-comments-opened=\"1\" data-image-meta=\"{&quot;aperture&quot;:&quot;0&quot;,&quot;credit&quot;:&quot;&quot;,&quot;camera&quot;:&quot;&quot;,&quot;caption&quot;:&quot;&quot;,&quot;created_timestamp&quot;:&quot;0&quot;,&quot;copyright&quot;:&quot;&quot;,&quot;focal_length&quot;:&quot;0&quot;,&quot;iso&quot;:&quot;0&quot;,&quot;shutter_speed&quot;:&quot;0&quot;,&quot;title&quot;:&quot;&quot;,&quot;orientation&quot;:&quot;0&quot;}\" data-image-title=\"DALL\u00b7E 2023-Macareux bibliophile\" data-image-description=\"\" data-image-caption=\"\" data-large-file=\"https:\/\/i0.wp.com\/www.jojoenherbe.com\/wp-content\/uploads\/2024\/01\/DALL%C2%B7E-2023-Macareux-bibliophile.png?fit=676%2C676\" class=\"wp-image-33908 size-thumbnail alignleft\" src=\"https:\/\/i0.wp.com\/www.jojoenherbe.com\/wp-content\/uploads\/2024\/01\/DALL%C2%B7E-2023-Macareux-bibliophile.png?resize=150%2C150\" alt=\"\" width=\"150\" height=\"150\" srcset=\"https:\/\/i0.wp.com\/www.jojoenherbe.com\/wp-content\/uploads\/2024\/01\/DALL%C2%B7E-2023-Macareux-bibliophile.png?resize=150%2C150 150w, https:\/\/i0.wp.com\/www.jojoenherbe.com\/wp-content\/uploads\/2024\/01\/DALL%C2%B7E-2023-Macareux-bibliophile.png?resize=300%2C300 300w, https:\/\/i0.wp.com\/www.jojoenherbe.com\/wp-content\/uploads\/2024\/01\/DALL%C2%B7E-2023-Macareux-bibliophile.png?resize=768%2C768 768w, https:\/\/i0.wp.com\/www.jojoenherbe.com\/wp-content\/uploads\/2024\/01\/DALL%C2%B7E-2023-Macareux-bibliophile.png?resize=676%2C676 676w, https:\/\/i0.wp.com\/www.jojoenherbe.com\/wp-content\/uploads\/2024\/01\/DALL%C2%B7E-2023-Macareux-bibliophile.png?w=1024 1024w\" sizes=\"auto, (max-width: 150px) 100vw, 150px\" \/>C\u00f4t\u00e9 envies bloguesques pour 2024, j&rsquo;envisage de remodeler un peu mes billets \u00ab\u00a0point lecture hebdo\u00a0\u00bb, revenir \u00e0 des avis lecture un peu plus r\u00e9guliers, parler un peu plus de nos visionnages cin\u00e9\/s\u00e9ries, de jeux de soci\u00e9t\u00e9 ou bien encore de nos loisirs cr\u00e9atifs et refaire plus de sorties, que ce soit dans la Nature ou des expositions, spectacles&#8230;<br \/>\n<\/em><\/p>\n<p style=\"text-align: justify;\"><em>J&rsquo;en profite enfin pour vous remercier de vos passages et de nos \u00e9changes, souvent autour d&rsquo;un livre, et vous souhaiter une belle ann\u00e9e 2024 et un bon mois de janvier \u00e0 vous et \u00e0 vous proches, en lectures ou en toute autre passion. Au plaisir d&rsquo;\u00e9changer encore cette ann\u00e9e!<br \/>\n<\/em><\/p>\n<p><em>Et petit bonus Mortelle Ad\u00e8le \ud83d\ude09 Qui a dit qu&rsquo;il fallait \u00eatre sage?!<br \/>\n<\/em><\/p>\n<p><span class=\"embed-youtube\" style=\"text-align:center; display: block;\"><iframe loading=\"lazy\" class=\"youtube-player\" width=\"676\" height=\"381\" src=\"https:\/\/www.youtube.com\/embed\/AzSzXuo40UA?version=3&#038;rel=1&#038;showsearch=0&#038;showinfo=1&#038;iv_load_policy=1&#038;fs=1&#038;hl=fr-FR&#038;autohide=2&#038;wmode=transparent\" allowfullscreen=\"true\" style=\"border:0;\" sandbox=\"allow-scripts allow-same-origin allow-popups allow-presentation allow-popups-to-escape-sandbox\"><\/iframe><\/span><\/p>\n","protected":false},"excerpt":{"rendered":"<p>C\u2019est le premier du mois de janvier alors voici un petit retour livresque sur d\u00e9cembre 2023 avec un peu plus de billets publi\u00e9s surtout pour les challenges de No\u00ebl que j&rsquo;appr\u00e9cie tout particuli\u00e8rement: Il \u00e9tait 11 fois No\u00ebl de Chicky Poo et Samarian, les portes de leur Chalet fermant ses portes le 7 janvier 2024 [&hellip;]<\/p>\n","protected":false},"author":1,"featured_media":33374,"comment_status":"open","ping_status":"open","sticky":false,"template":"","format":"standard","meta":{"jetpack_post_was_ever_published":false,"_jetpack_newsletter_access":"","_jetpack_dont_email_post_to_subs":false,"_jetpack_newsletter_tier_id":0,"_jetpack_memberships_contains_paywalled_content":false,"_jetpack_memberships_contains_paid_content":false,"footnotes":""},"categories":[2140,873,363],"tags":[2016,1085,367,2843],"class_list":["post-33891","post","type-post","status-publish","format-standard","has-post-thumbnail","hentry","category-mini-blogueur","category-mini-challenger","category-mini-lecteur","tag-challenge-livresque","tag-lecture-adulte","tag-lecture-jeunesse","tag-mois-bloguesque","post-preview"],"jetpack_featured_media_url":"https:\/\/i0.wp.com\/www.jojoenherbe.com\/wp-content\/uploads\/2023\/12\/Selection-Decembre-2023-2-scaled.jpg?fit=2560%2C1645","jetpack_sharing_enabled":true,"jetpack_shortlink":"https:\/\/wp.me\/p9zhGx-8OD","jetpack_likes_enabled":true,"jetpack-related-posts":[{"id":33297,"url":"http:\/\/www.jojoenherbe.com\/index.php\/2023\/12\/01\/bilan-de-lecture-novembre-2023\/","url_meta":{"origin":33891,"position":0},"title":"Bilan de lecture: novembre 2023","author":"Jojo","date":"1 d\u00e9cembre 2023","format":false,"excerpt":"C\u2019est le premier du mois de d\u00e9cembre alors voici un petit retour livresque sur novembre 2023. Ce mois-ci a ressembl\u00e9 \u00e0 celui d'octobre avec des (re)lectures automnales et halloweenesques pour plonger doucement, dans les derniers jours, dans une ambiance douce, cosy et no\u00eblesque. D'ailleurs, avec les copinautes Hilde, Lou, Chicky\u2026","rel":"","context":"Dans &quot;Mini blogueur&quot;","block_context":{"text":"Mini blogueur","link":"http:\/\/www.jojoenherbe.com\/index.php\/category\/mini-blogueur\/"},"img":{"alt_text":"","src":"https:\/\/i0.wp.com\/www.jojoenherbe.com\/wp-content\/uploads\/2023\/11\/Selection-Novembre-2023-scaled.jpg?fit=1200%2C879&resize=350%2C200","width":350,"height":200,"srcset":"https:\/\/i0.wp.com\/www.jojoenherbe.com\/wp-content\/uploads\/2023\/11\/Selection-Novembre-2023-scaled.jpg?fit=1200%2C879&resize=350%2C200 1x, https:\/\/i0.wp.com\/www.jojoenherbe.com\/wp-content\/uploads\/2023\/11\/Selection-Novembre-2023-scaled.jpg?fit=1200%2C879&resize=525%2C300 1.5x, https:\/\/i0.wp.com\/www.jojoenherbe.com\/wp-content\/uploads\/2023\/11\/Selection-Novembre-2023-scaled.jpg?fit=1200%2C879&resize=700%2C400 2x, https:\/\/i0.wp.com\/www.jojoenherbe.com\/wp-content\/uploads\/2023\/11\/Selection-Novembre-2023-scaled.jpg?fit=1200%2C879&resize=1050%2C600 3x"},"classes":[]},{"id":37743,"url":"http:\/\/www.jojoenherbe.com\/index.php\/2025\/01\/01\/bilan-de-lecture-decembre-2024\/","url_meta":{"origin":33891,"position":1},"title":"Bilan de lecture: d\u00e9cembre 2024","author":"Jojo","date":"1 janvier 2025","format":false,"excerpt":"En ce premier janvier, voici le bilan de lecture du mois de d\u00e9cembre 2024 et pendant lequel nous nous sommes plong\u00e9s dans l'ambiance de No\u00ebl, le passage \u00e0 l'hiver s'\u00e9tant fait avec quelques lectures pour No\u00eblloween qui s\u2019est d\u00e9roul\u00e9e du 15 au 30 novembre 2024 et avec la fin du\u2026","rel":"","context":"Dans &quot;Mini blogueur&quot;","block_context":{"text":"Mini blogueur","link":"http:\/\/www.jojoenherbe.com\/index.php\/category\/mini-blogueur\/"},"img":{"alt_text":"","src":"https:\/\/i0.wp.com\/www.jojoenherbe.com\/wp-content\/uploads\/2025\/01\/Selection-Decembre-2024-scaled.jpg?fit=1200%2C913&resize=350%2C200","width":350,"height":200,"srcset":"https:\/\/i0.wp.com\/www.jojoenherbe.com\/wp-content\/uploads\/2025\/01\/Selection-Decembre-2024-scaled.jpg?fit=1200%2C913&resize=350%2C200 1x, https:\/\/i0.wp.com\/www.jojoenherbe.com\/wp-content\/uploads\/2025\/01\/Selection-Decembre-2024-scaled.jpg?fit=1200%2C913&resize=525%2C300 1.5x, https:\/\/i0.wp.com\/www.jojoenherbe.com\/wp-content\/uploads\/2025\/01\/Selection-Decembre-2024-scaled.jpg?fit=1200%2C913&resize=700%2C400 2x, https:\/\/i0.wp.com\/www.jojoenherbe.com\/wp-content\/uploads\/2025\/01\/Selection-Decembre-2024-scaled.jpg?fit=1200%2C913&resize=1050%2C600 3x"},"classes":[]},{"id":23081,"url":"http:\/\/www.jojoenherbe.com\/index.php\/2022\/01\/04\/notre-mois-bloguesque-de-decembre-2021\/","url_meta":{"origin":33891,"position":2},"title":"Notre mois bloguesque de d\u00e9cembre 2021","author":"Jojo","date":"4 janvier 2022","format":false,"excerpt":"C\u2019est le d\u00e9but du mois de janvier alors voici un petit retour bloguesque sur d\u00e9cembre 2021 et sa magie de No\u00ebl. Le 15 novembre 2021 a ainsi commenc\u00e9 le Challenge Christmas Time de MyaRosa et qui se d\u00e9roulera jusqu\u2019au 15 janvier 2022 et le 29 novembre 2021 celui de Chicky\u2026","rel":"","context":"Dans &quot;Mini blogueur&quot;","block_context":{"text":"Mini blogueur","link":"http:\/\/www.jojoenherbe.com\/index.php\/category\/mini-blogueur\/"},"img":{"alt_text":"","src":"https:\/\/i0.wp.com\/www.jojoenherbe.com\/wp-content\/uploads\/2021\/12\/Selection-decembre-2021-scaled.jpg?fit=1200%2C998&resize=350%2C200","width":350,"height":200,"srcset":"https:\/\/i0.wp.com\/www.jojoenherbe.com\/wp-content\/uploads\/2021\/12\/Selection-decembre-2021-scaled.jpg?fit=1200%2C998&resize=350%2C200 1x, https:\/\/i0.wp.com\/www.jojoenherbe.com\/wp-content\/uploads\/2021\/12\/Selection-decembre-2021-scaled.jpg?fit=1200%2C998&resize=525%2C300 1.5x, https:\/\/i0.wp.com\/www.jojoenherbe.com\/wp-content\/uploads\/2021\/12\/Selection-decembre-2021-scaled.jpg?fit=1200%2C998&resize=700%2C400 2x, https:\/\/i0.wp.com\/www.jojoenherbe.com\/wp-content\/uploads\/2021\/12\/Selection-decembre-2021-scaled.jpg?fit=1200%2C998&resize=1050%2C600 3x"},"classes":[]},{"id":42568,"url":"http:\/\/www.jojoenherbe.com\/index.php\/2026\/02\/04\/bilan-de-lecture-janvier-2026\/","url_meta":{"origin":33891,"position":3},"title":"Bilan de lecture: janvier 2026","author":"Jojo","date":"4 f\u00e9vrier 2026","format":false,"excerpt":"En ce d\u00e9but f\u00e9vrier, voici le bilan de lecture du mois de janvier 2026 qui est, une fois n'est pas coutume, pass\u00e9 tr\u00e8s vite m\u00eame si nous avons tard\u00e9 \u00e0 retirer les d\u00e9corations de No\u00ebl, ne le faisant qu'apr\u00e8s la fin des challenges de No\u00ebl,\u00a0Il \u00e9tait 13 fois No\u00ebl de\u2026","rel":"","context":"Dans &quot;Mini blogueur&quot;","block_context":{"text":"Mini blogueur","link":"http:\/\/www.jojoenherbe.com\/index.php\/category\/mini-blogueur\/"},"img":{"alt_text":"","src":"https:\/\/i0.wp.com\/www.jojoenherbe.com\/wp-content\/uploads\/2026\/01\/Selection-Janvier-2026-scaled.jpg?fit=1200%2C870&resize=350%2C200","width":350,"height":200,"srcset":"https:\/\/i0.wp.com\/www.jojoenherbe.com\/wp-content\/uploads\/2026\/01\/Selection-Janvier-2026-scaled.jpg?fit=1200%2C870&resize=350%2C200 1x, https:\/\/i0.wp.com\/www.jojoenherbe.com\/wp-content\/uploads\/2026\/01\/Selection-Janvier-2026-scaled.jpg?fit=1200%2C870&resize=525%2C300 1.5x, https:\/\/i0.wp.com\/www.jojoenherbe.com\/wp-content\/uploads\/2026\/01\/Selection-Janvier-2026-scaled.jpg?fit=1200%2C870&resize=700%2C400 2x, https:\/\/i0.wp.com\/www.jojoenherbe.com\/wp-content\/uploads\/2026\/01\/Selection-Janvier-2026-scaled.jpg?fit=1200%2C870&resize=1050%2C600 3x"},"classes":[]},{"id":37216,"url":"http:\/\/www.jojoenherbe.com\/index.php\/2024\/11\/12\/billet-de-suivi-il-etait-12-fois-noel\/","url_meta":{"origin":33891,"position":4},"title":"Billet de suivi: Il \u00e9tait 12 fois No\u00ebl","author":"Jojo","date":"12 novembre 2024","format":false,"excerpt":"Le mois de d\u00e9cembre approchant, c\u2019est le retour de Il \u00e9tait 12 fois No\u00ebl, un challenge de No\u00ebl coorganis\u00e9 par Chicky Poo et Samarian qui ouvrent les portes de leur Chalet du 15 novembre 2024 au 5 janvier 2025. Pour plus d\u2019infos, n\u2019h\u00e9sitez pas \u00e0 aller sur leurs blogs et\u2026","rel":"","context":"Dans &quot;Mini blogueur&quot;","block_context":{"text":"Mini blogueur","link":"http:\/\/www.jojoenherbe.com\/index.php\/category\/mini-blogueur\/"},"img":{"alt_text":"","src":"https:\/\/i0.wp.com\/www.jojoenherbe.com\/wp-content\/uploads\/2024\/11\/Il-etait-12-fois-Noel-logo.jpg?fit=768%2C636&resize=350%2C200","width":350,"height":200,"srcset":"https:\/\/i0.wp.com\/www.jojoenherbe.com\/wp-content\/uploads\/2024\/11\/Il-etait-12-fois-Noel-logo.jpg?fit=768%2C636&resize=350%2C200 1x, https:\/\/i0.wp.com\/www.jojoenherbe.com\/wp-content\/uploads\/2024\/11\/Il-etait-12-fois-Noel-logo.jpg?fit=768%2C636&resize=525%2C300 1.5x, https:\/\/i0.wp.com\/www.jojoenherbe.com\/wp-content\/uploads\/2024\/11\/Il-etait-12-fois-Noel-logo.jpg?fit=768%2C636&resize=700%2C400 2x"},"classes":[]},{"id":22494,"url":"http:\/\/www.jojoenherbe.com\/index.php\/2021\/11\/17\/billet-de-suivi-il-etait-9-fois-noel\/","url_meta":{"origin":33891,"position":5},"title":"Billet de suivi: Il \u00e9tait 9 fois No\u00ebl","author":"Jojo","date":"17 novembre 2021","format":false,"excerpt":"Le mois de d\u00e9cembre approchant, c\u2019est le retour de Il \u00e9tait 9 fois No\u00ebl, un challenge de No\u00ebl organis\u00e9 par Chicky Poo et Samarian qui ouvrent les portes de leur Chalet du 29 novembre 2021 au 2 janvier 2022. Pour plus d\u2019infos, n\u2019h\u00e9sitez pas \u00e0 aller sur leurs blogs. Ce\u2026","rel":"","context":"Dans &quot;Mini challenger&quot;","block_context":{"text":"Mini challenger","link":"http:\/\/www.jojoenherbe.com\/index.php\/category\/mini-challenger\/"},"img":{"alt_text":"","src":"https:\/\/i0.wp.com\/www.jojoenherbe.com\/wp-content\/uploads\/2021\/11\/Il-etait-9-fois-Noel-logo.jpg?fit=500%2C500&resize=350%2C200","width":350,"height":200},"classes":[]}],"_links":{"self":[{"href":"http:\/\/www.jojoenherbe.com\/index.php\/wp-json\/wp\/v2\/posts\/33891","targetHints":{"allow":["GET"]}}],"collection":[{"href":"http:\/\/www.jojoenherbe.com\/index.php\/wp-json\/wp\/v2\/posts"}],"about":[{"href":"http:\/\/www.jojoenherbe.com\/index.php\/wp-json\/wp\/v2\/types\/post"}],"author":[{"embeddable":true,"href":"http:\/\/www.jojoenherbe.com\/index.php\/wp-json\/wp\/v2\/users\/1"}],"replies":[{"embeddable":true,"href":"http:\/\/www.jojoenherbe.com\/index.php\/wp-json\/wp\/v2\/comments?post=33891"}],"version-history":[{"count":10,"href":"http:\/\/www.jojoenherbe.com\/index.php\/wp-json\/wp\/v2\/posts\/33891\/revisions"}],"predecessor-version":[{"id":33924,"href":"http:\/\/www.jojoenherbe.com\/index.php\/wp-json\/wp\/v2\/posts\/33891\/revisions\/33924"}],"wp:featuredmedia":[{"embeddable":true,"href":"http:\/\/www.jojoenherbe.com\/index.php\/wp-json\/wp\/v2\/media\/33374"}],"wp:attachment":[{"href":"http:\/\/www.jojoenherbe.com\/index.php\/wp-json\/wp\/v2\/media?parent=33891"}],"wp:term":[{"taxonomy":"category","embeddable":true,"href":"http:\/\/www.jojoenherbe.com\/index.php\/wp-json\/wp\/v2\/categories?post=33891"},{"taxonomy":"post_tag","embeddable":true,"href":"http:\/\/www.jojoenherbe.com\/index.php\/wp-json\/wp\/v2\/tags?post=33891"}],"curies":[{"name":"wp","href":"https:\/\/api.w.org\/{rel}","templated":true}]}}