{"id":33845,"date":"2023-12-31T13:40:51","date_gmt":"2023-12-31T12:40:51","guid":{"rendered":"https:\/\/www.jojoenherbe.com\/?p=33845"},"modified":"2024-01-02T15:05:30","modified_gmt":"2024-01-02T14:05:30","slug":"bilan-du-challenge-le-tour-du-monde-en-80-livres-2023","status":"publish","type":"post","link":"http:\/\/www.jojoenherbe.com\/index.php\/2023\/12\/31\/bilan-du-challenge-le-tour-du-monde-en-80-livres-2023\/","title":{"rendered":"Bilan du challenge Le tour du monde en 80 livres 2023"},"content":{"rendered":"<p style=\"text-align: justify;\"><em>Nous voici d\u00e9j\u00e0 le 31 d\u00e9cembre 2023 et il est temps de passer au bilan du challenge Le tour du monde en 80 livres 2023 de <a href=\"https:\/\/mapetitemediatheque.fr\/2022\/12\/le-tour-du-monde-en-80-livres-2023\/\">Bidib<\/a>. Il s&rsquo;agit d&rsquo;un challenge livresque qui s&rsquo;est d\u00e9roul\u00e9 du 1er janvier au 31 d\u00e9cembre 2023 autour de la litt\u00e9rature \u00e9trang\u00e8re (traduite ou pas) en d\u00e9couvrant des auteurs du monde entier avec quelques nouveaut\u00e9s cette ann\u00e9e: un pays de d\u00e9part (j\u2019ai choisi la France) et deux parcours distincts: un litt\u00e9raire et un illustr\u00e9. On valide chaque \u00e9tape (pays) en lisant un livre d\u2019un auteur\/illustrateur qui en est originaire. Pour plus d\u2019infos, n\u2019h\u00e9sitez pas \u00e0 aller sur son blog, ce challenge \u00e9tant reconduit en 2024.<\/em><\/p>\n<p style=\"text-align: justify;\"><em>Alors voici mes deux cartes r\u00e9alis\u00e9es sur le site<a href=\"https:\/\/douwe.com\/projects\/visited\"> Visited Countries<\/a><\/em>:<\/p>\n<p style=\"text-align: justify;\"><em><span style=\"text-decoration: underline;\"><strong>Ma carte pour le parcours illustr\u00e9 (tr\u00e8s souvent en commun avec mon mini lutin): 18 pays visit\u00e9s (8%) pour 43 participations<br \/>\n<\/strong><\/span><\/em><\/p>\n<p><img loading=\"lazy\" decoding=\"async\" class=\"aligncenter\" src=\"http:\/\/chart.apis.google.com\/chart?cht=map:fixed=-70,-180,80,180&amp;chs=450x300&amp;chf=bg,s,336699&amp;chco=d0d0d0,cc0000&amp;chd=s:999999999999999999&amp;chld=BE|GB|DE|IT|IE|NL|RU|CH|ES|AU|IN|KR|CN|JP|BR|US|CA|AR\" width=\"450\" height=\"300\" \/><\/p>\n<ul>\n<li style=\"text-align: justify;\"><em><strong>Europe<\/strong>: Belgique &#8211; Royaume-Uni\/Angleterre &#8211; Allemagne &#8211; Pays-Bas &#8211; Italie &#8211; Irlande &#8211; Russie &#8211; Suisse &#8211; Espagne<\/em><\/li>\n<li><strong><em>Afrique<\/em><\/strong><\/li>\n<li><em><strong>Am\u00e9rique<\/strong>: Br\u00e9sil &#8211; Canada &#8211; \u00c9tats-Unis &#8211; Argentine<\/em><\/li>\n<li><em><strong>Asie<\/strong>: Japon &#8211; Cor\u00e9e du Sud &#8211; Inde &#8211; Chine<br \/>\n<\/em><\/li>\n<li><em><strong>Oc\u00e9anie<\/strong>: Australie<\/em><\/li>\n<\/ul>\n<p><em><span style=\"text-decoration: underline;\"><strong>Ma carte pour le parcours litt\u00e9raire: 6 pays visit\u00e9s (2,66%) pour 16 participations<br \/>\n<\/strong><\/span><\/em><\/p>\n<p><img loading=\"lazy\" decoding=\"async\" class=\"aligncenter\" src=\"http:\/\/chart.apis.google.com\/chart?cht=map:fixed=-70,-180,80,180&amp;chs=450x300&amp;chf=bg,s,336699&amp;chco=d0d0d0,cc0000&amp;chd=s:999999&amp;chld=US|IN|NZ|GB|IE|DE\" width=\"450\" height=\"300\" \/><\/p>\n<ul>\n<li><em><strong>Europe<\/strong>: Royaume-Uni\/Angleterre &#8211; Irlande &#8211; Allemagne<\/em><\/li>\n<li><strong><em>Afrique<\/em><\/strong><\/li>\n<li><em><strong>Am\u00e9rique<\/strong>: \u00c9tats-Unis<\/em><\/li>\n<li><strong><em>Asie<\/em><\/strong><em>: Inde<\/em><strong><em><br \/>\n<\/em><\/strong><\/li>\n<li><strong><em>Oc\u00e9anie<\/em><\/strong><em>: Nouvelle-Z\u00e9lande<\/em><strong><em><br \/>\n<\/em><\/strong><\/li>\n<\/ul>\n<p style=\"text-align: center;\">* * *<\/p>\n<p style=\"text-align: justify;\"><em>Sans surprise, c&rsquo;est avec ma carte d&#8217;embarquement pour le parcours illustr\u00e9 que les \u00e9tapes sont plus nombreuses m\u00eame si ce sont souvent les m\u00eames pays qui reviennent (18 pays visit\u00e9s pour le parcours illustr\u00e9 et 6 pour celui litt\u00e9raire). Je n&rsquo;ai pris en compte que les livres chroniqu\u00e9s en 2023 (certains seulement dans mes points hebdo) car je ne tiens pas de liste des livres lus. Je fais \u00e0 nouveau mes bagages pour l&rsquo;ann\u00e9e prochaine. Qui sait, peut-\u00eatre vais-je d\u00e9couvrir, avec mon mini lutin ou non, de nouvelles destinations livresques! Encore merci \u00e0 Bidib d&rsquo;organiser ce challenge. Et \u00e0 l&rsquo;ann\u00e9e prochaine avec le d\u00e9fi perso d&rsquo;au moins une escale dans un pays africain!<\/em><\/p>\n","protected":false},"excerpt":{"rendered":"<p>Nous voici d\u00e9j\u00e0 le 31 d\u00e9cembre 2023 et il est temps de passer au bilan du challenge Le tour du monde en 80 livres 2023 de Bidib. Il s&rsquo;agit d&rsquo;un challenge livresque qui s&rsquo;est d\u00e9roul\u00e9 du 1er janvier au 31 d\u00e9cembre 2023 autour de la litt\u00e9rature \u00e9trang\u00e8re (traduite ou pas) en d\u00e9couvrant des auteurs du [&hellip;]<\/p>\n","protected":false},"author":1,"featured_media":33846,"comment_status":"open","ping_status":"open","sticky":false,"template":"","format":"standard","meta":{"jetpack_post_was_ever_published":false,"_jetpack_newsletter_access":"","_jetpack_dont_email_post_to_subs":false,"_jetpack_newsletter_tier_id":0,"_jetpack_memberships_contains_paywalled_content":false,"_jetpack_memberships_contains_paid_content":false,"footnotes":""},"categories":[2140,873,363],"tags":[2016,3536,3525,1085,367],"class_list":["post-33845","post","type-post","status-publish","format-standard","has-post-thumbnail","hentry","category-mini-blogueur","category-mini-challenger","category-mini-lecteur","tag-challenge-livresque","tag-le-tour-du-monde-en-80-livres","tag-le-tour-du-monde-en-80-livres-2023","tag-lecture-adulte","tag-lecture-jeunesse","post-preview"],"jetpack_featured_media_url":"https:\/\/i0.wp.com\/www.jojoenherbe.com\/wp-content\/uploads\/2023\/12\/Le-Tour-du-Monde-en-60-livres-logo.jpg?fit=500%2C376","jetpack_sharing_enabled":true,"jetpack_shortlink":"https:\/\/wp.me\/p9zhGx-8NT","jetpack_likes_enabled":true,"jetpack-related-posts":[{"id":34014,"url":"http:\/\/www.jojoenherbe.com\/index.php\/2022\/12\/31\/bilan-du-challenge-le-tour-du-monde-en-80-livres-2022\/","url_meta":{"origin":33845,"position":0},"title":"Bilan du challenge Le tour du monde en 80 livres 2022","author":"Jojo","date":"31 d\u00e9cembre 2022","format":false,"excerpt":"Nous voici d\u00e9j\u00e0 le 31 d\u00e9cembre 2022 et il est temps de passer au bilan du challenge Le tour du monde en 80 livres 2022 de Bidib. Il s'agit d'un challenge livresque qui s'est d\u00e9roul\u00e9 du 1er janvier au 31 d\u00e9cembre 2022 autour de la litt\u00e9rature \u00e9trang\u00e8re (traduite ou pas)\u2026","rel":"","context":"Dans &quot;Mini blogueur&quot;","block_context":{"text":"Mini blogueur","link":"http:\/\/www.jojoenherbe.com\/index.php\/category\/mini-blogueur\/"},"img":{"alt_text":"","src":"https:\/\/i0.wp.com\/www.jojoenherbe.com\/wp-content\/uploads\/2023\/12\/Le-Tour-du-Monde-en-60-livres-logo.jpg?fit=500%2C376&resize=350%2C200","width":350,"height":200},"classes":[]},{"id":38483,"url":"http:\/\/www.jojoenherbe.com\/index.php\/2025\/03\/01\/bilan-de-lecture-fevrier-2025\/","url_meta":{"origin":33845,"position":1},"title":"Bilan de lecture: f\u00e9vrier 2025","author":"Jojo","date":"1 mars 2025","format":false,"excerpt":"En ce 1er mars 2025, voici un petit retour livresque sur f\u00e9vrier 2025 qui a \u00e9t\u00e9 rythm\u00e9, malgr\u00e9 le temps pluvieux, par les carnavals (cr\u00eapes et bugnes aussi bien s\u00fbr!) et les vacances scolaires pour mon mini lutin. C\u2019\u00e9tait aussi l\u2019African-American History Month Challenge 2025 d\u2019Enna que je prolongerai le\u2026","rel":"","context":"Dans &quot;Mini blogueur&quot;","block_context":{"text":"Mini blogueur","link":"http:\/\/www.jojoenherbe.com\/index.php\/category\/mini-blogueur\/"},"img":{"alt_text":"","src":"https:\/\/i0.wp.com\/www.jojoenherbe.com\/wp-content\/uploads\/2025\/03\/Carnaval-Nice-2025-scaled.jpg?resize=350%2C200","width":350,"height":200,"srcset":"https:\/\/i0.wp.com\/www.jojoenherbe.com\/wp-content\/uploads\/2025\/03\/Carnaval-Nice-2025-scaled.jpg?resize=350%2C200 1x, https:\/\/i0.wp.com\/www.jojoenherbe.com\/wp-content\/uploads\/2025\/03\/Carnaval-Nice-2025-scaled.jpg?resize=525%2C300 1.5x, https:\/\/i0.wp.com\/www.jojoenherbe.com\/wp-content\/uploads\/2025\/03\/Carnaval-Nice-2025-scaled.jpg?resize=700%2C400 2x, https:\/\/i0.wp.com\/www.jojoenherbe.com\/wp-content\/uploads\/2025\/03\/Carnaval-Nice-2025-scaled.jpg?resize=1050%2C600 3x, https:\/\/i0.wp.com\/www.jojoenherbe.com\/wp-content\/uploads\/2025\/03\/Carnaval-Nice-2025-scaled.jpg?resize=1400%2C800 4x"},"classes":[]},{"id":37743,"url":"http:\/\/www.jojoenherbe.com\/index.php\/2025\/01\/01\/bilan-de-lecture-decembre-2024\/","url_meta":{"origin":33845,"position":2},"title":"Bilan de lecture: d\u00e9cembre 2024","author":"Jojo","date":"1 janvier 2025","format":false,"excerpt":"En ce premier janvier, voici le bilan de lecture du mois de d\u00e9cembre 2024 et pendant lequel nous nous sommes plong\u00e9s dans l'ambiance de No\u00ebl, le passage \u00e0 l'hiver s'\u00e9tant fait avec quelques lectures pour No\u00eblloween qui s\u2019est d\u00e9roul\u00e9e du 15 au 30 novembre 2024 et avec la fin du\u2026","rel":"","context":"Dans &quot;Mini blogueur&quot;","block_context":{"text":"Mini blogueur","link":"http:\/\/www.jojoenherbe.com\/index.php\/category\/mini-blogueur\/"},"img":{"alt_text":"","src":"https:\/\/i0.wp.com\/www.jojoenherbe.com\/wp-content\/uploads\/2025\/01\/Selection-Decembre-2024-scaled.jpg?fit=1200%2C913&resize=350%2C200","width":350,"height":200,"srcset":"https:\/\/i0.wp.com\/www.jojoenherbe.com\/wp-content\/uploads\/2025\/01\/Selection-Decembre-2024-scaled.jpg?fit=1200%2C913&resize=350%2C200 1x, https:\/\/i0.wp.com\/www.jojoenherbe.com\/wp-content\/uploads\/2025\/01\/Selection-Decembre-2024-scaled.jpg?fit=1200%2C913&resize=525%2C300 1.5x, https:\/\/i0.wp.com\/www.jojoenherbe.com\/wp-content\/uploads\/2025\/01\/Selection-Decembre-2024-scaled.jpg?fit=1200%2C913&resize=700%2C400 2x, https:\/\/i0.wp.com\/www.jojoenherbe.com\/wp-content\/uploads\/2025\/01\/Selection-Decembre-2024-scaled.jpg?fit=1200%2C913&resize=1050%2C600 3x"},"classes":[]},{"id":33297,"url":"http:\/\/www.jojoenherbe.com\/index.php\/2023\/12\/01\/bilan-de-lecture-novembre-2023\/","url_meta":{"origin":33845,"position":3},"title":"Bilan de lecture: novembre 2023","author":"Jojo","date":"1 d\u00e9cembre 2023","format":false,"excerpt":"C\u2019est le premier du mois de d\u00e9cembre alors voici un petit retour livresque sur novembre 2023. Ce mois-ci a ressembl\u00e9 \u00e0 celui d'octobre avec des (re)lectures automnales et halloweenesques pour plonger doucement, dans les derniers jours, dans une ambiance douce, cosy et no\u00eblesque. D'ailleurs, avec les copinautes Hilde, Lou, Chicky\u2026","rel":"","context":"Dans &quot;Mini blogueur&quot;","block_context":{"text":"Mini blogueur","link":"http:\/\/www.jojoenherbe.com\/index.php\/category\/mini-blogueur\/"},"img":{"alt_text":"","src":"https:\/\/i0.wp.com\/www.jojoenherbe.com\/wp-content\/uploads\/2023\/11\/Selection-Novembre-2023-scaled.jpg?fit=1200%2C879&resize=350%2C200","width":350,"height":200,"srcset":"https:\/\/i0.wp.com\/www.jojoenherbe.com\/wp-content\/uploads\/2023\/11\/Selection-Novembre-2023-scaled.jpg?fit=1200%2C879&resize=350%2C200 1x, https:\/\/i0.wp.com\/www.jojoenherbe.com\/wp-content\/uploads\/2023\/11\/Selection-Novembre-2023-scaled.jpg?fit=1200%2C879&resize=525%2C300 1.5x, https:\/\/i0.wp.com\/www.jojoenherbe.com\/wp-content\/uploads\/2023\/11\/Selection-Novembre-2023-scaled.jpg?fit=1200%2C879&resize=700%2C400 2x, https:\/\/i0.wp.com\/www.jojoenherbe.com\/wp-content\/uploads\/2023\/11\/Selection-Novembre-2023-scaled.jpg?fit=1200%2C879&resize=1050%2C600 3x"},"classes":[]},{"id":38824,"url":"http:\/\/www.jojoenherbe.com\/index.php\/2025\/04\/01\/bilan-de-lecture-mars-2025\/","url_meta":{"origin":33845,"position":4},"title":"Bilan de lecture: mars 2025","author":"Jojo","date":"1 avril 2025","format":false,"excerpt":"En ce 1er avril, voici mon bilan de lectures de mars 2025, mois qui est encore pass\u00e9 bien vite et propice \u00e0 la lecture vu le temps pluvieux ou nuageux (qui nous ne nous a pas permis de voir l'\u00e9clipse solaire partielle). J'ai continu\u00e9 \u00e0 lire et chroniquer pour l'African-American\u2026","rel":"","context":"Dans &quot;Mini blogueur&quot;","block_context":{"text":"Mini blogueur","link":"http:\/\/www.jojoenherbe.com\/index.php\/category\/mini-blogueur\/"},"img":{"alt_text":"","src":"https:\/\/i0.wp.com\/www.jojoenherbe.com\/wp-content\/uploads\/2025\/03\/Selection-mars-2025-scaled.jpg?fit=1200%2C930&resize=350%2C200","width":350,"height":200,"srcset":"https:\/\/i0.wp.com\/www.jojoenherbe.com\/wp-content\/uploads\/2025\/03\/Selection-mars-2025-scaled.jpg?fit=1200%2C930&resize=350%2C200 1x, https:\/\/i0.wp.com\/www.jojoenherbe.com\/wp-content\/uploads\/2025\/03\/Selection-mars-2025-scaled.jpg?fit=1200%2C930&resize=525%2C300 1.5x, https:\/\/i0.wp.com\/www.jojoenherbe.com\/wp-content\/uploads\/2025\/03\/Selection-mars-2025-scaled.jpg?fit=1200%2C930&resize=700%2C400 2x, https:\/\/i0.wp.com\/www.jojoenherbe.com\/wp-content\/uploads\/2025\/03\/Selection-mars-2025-scaled.jpg?fit=1200%2C930&resize=1050%2C600 3x"},"classes":[]},{"id":28955,"url":"http:\/\/www.jojoenherbe.com\/index.php\/2023\/01\/06\/mes-challenges-livresques-2023\/","url_meta":{"origin":33845,"position":5},"title":"Mes challenges livresques 2023","author":"Jojo","date":"6 janvier 2023","format":false,"excerpt":"Avant de vous donner un avant-go\u00fbt de l\u2019\u00e9dition 2023 des diff\u00e9rents challenges livresques auxquels je participe, je tiens \u00e0 vous souhaiter une tr\u00e8s belle ann\u00e9e et \u00e0 vous pr\u00e9senter mes meilleurs v\u0153ux. Appr\u00e9ciant beaucoup mes participations et \u00e9changes autour des challenges livresques depuis quelques ann\u00e9es, je continue encore en 2023,\u2026","rel":"","context":"Dans &quot;Mini challenger&quot;","block_context":{"text":"Mini challenger","link":"http:\/\/www.jojoenherbe.com\/index.php\/category\/mini-challenger\/"},"img":{"alt_text":"","src":"https:\/\/i0.wp.com\/www.jojoenherbe.com\/wp-content\/uploads\/2023\/01\/Challenge-Christmas-Time-2023-logo-2.jpg?resize=350%2C200","width":350,"height":200,"srcset":"https:\/\/i0.wp.com\/www.jojoenherbe.com\/wp-content\/uploads\/2023\/01\/Challenge-Christmas-Time-2023-logo-2.jpg?resize=350%2C200 1x, https:\/\/i0.wp.com\/www.jojoenherbe.com\/wp-content\/uploads\/2023\/01\/Challenge-Christmas-Time-2023-logo-2.jpg?resize=525%2C300 1.5x"},"classes":[]}],"_links":{"self":[{"href":"http:\/\/www.jojoenherbe.com\/index.php\/wp-json\/wp\/v2\/posts\/33845","targetHints":{"allow":["GET"]}}],"collection":[{"href":"http:\/\/www.jojoenherbe.com\/index.php\/wp-json\/wp\/v2\/posts"}],"about":[{"href":"http:\/\/www.jojoenherbe.com\/index.php\/wp-json\/wp\/v2\/types\/post"}],"author":[{"embeddable":true,"href":"http:\/\/www.jojoenherbe.com\/index.php\/wp-json\/wp\/v2\/users\/1"}],"replies":[{"embeddable":true,"href":"http:\/\/www.jojoenherbe.com\/index.php\/wp-json\/wp\/v2\/comments?post=33845"}],"version-history":[{"count":14,"href":"http:\/\/www.jojoenherbe.com\/index.php\/wp-json\/wp\/v2\/posts\/33845\/revisions"}],"predecessor-version":[{"id":34015,"href":"http:\/\/www.jojoenherbe.com\/index.php\/wp-json\/wp\/v2\/posts\/33845\/revisions\/34015"}],"wp:featuredmedia":[{"embeddable":true,"href":"http:\/\/www.jojoenherbe.com\/index.php\/wp-json\/wp\/v2\/media\/33846"}],"wp:attachment":[{"href":"http:\/\/www.jojoenherbe.com\/index.php\/wp-json\/wp\/v2\/media?parent=33845"}],"wp:term":[{"taxonomy":"category","embeddable":true,"href":"http:\/\/www.jojoenherbe.com\/index.php\/wp-json\/wp\/v2\/categories?post=33845"},{"taxonomy":"post_tag","embeddable":true,"href":"http:\/\/www.jojoenherbe.com\/index.php\/wp-json\/wp\/v2\/tags?post=33845"}],"curies":[{"name":"wp","href":"https:\/\/api.w.org\/{rel}","templated":true}]}}