{"id":33185,"date":"2023-11-24T16:20:00","date_gmt":"2023-11-24T15:20:00","guid":{"rendered":"https:\/\/www.jojoenherbe.com\/?p=33185"},"modified":"2026-01-03T19:17:13","modified_gmt":"2026-01-03T18:17:13","slug":"au-fil-des-pages-avec-apres-locean","status":"publish","type":"post","link":"http:\/\/www.jojoenherbe.com\/index.php\/2023\/11\/24\/au-fil-des-pages-avec-apres-locean\/","title":{"rendered":"Au fil des pages avec Apr\u00e8s l&rsquo;oc\u00e9an"},"content":{"rendered":"<p style=\"text-align: justify;\"><em>J&rsquo;ai lu, en e-book, <span style=\"text-decoration: underline;\">Apr\u00e8s l\u2019oc\u00e9an<\/span> de Laurence Peyrin (\u00e9d. De l\u2019\u00e9p\u00e9e, avril 2022, 346 pages), un roman historique qui suit la vie fictive de deux s\u0153urs rescap\u00e9es du Titanic. En avril 1912, Letta Alistair Keegan, \u00e2g\u00e9e de 24 ans et sa jeune s\u0153ur, Molly, surnomm\u00e9e Le P&rsquo;tit Chou et \u00e2g\u00e9e de 15 ans ont surv\u00e9cu, comme passag\u00e8res de deuxi\u00e8me classe, au naufrage de Titanic. Les deux s\u0153urs ont tout perdu, leur famille et leur argent. Letta, d\u00e9sormais veuve, tente de survivre dans New York, cette ville qu\u2019elle n\u2019appr\u00e9cie gu\u00e8re et qui ressemble si peu \u00e0 ce qu\u2019elle a connu \u00e0 Portsmouth et d\u2019aider Molly qui, depuis le drame, est plong\u00e9e dans un profond mutisme au point d\u2019\u00eatre consid\u00e9r\u00e9e comme folle. Parviendront-elles \u00e0 faire leur deuil et se remettre d\u2019une si \u00e9prouvante \u00e9preuve? Et si New York \u00e9tait finalement le lieu de tous les possibles? <\/em><\/p>\n<p style=\"text-align: justify;\"><em>J&rsquo;ai appr\u00e9ci\u00e9 l&rsquo;id\u00e9e de d\u00e9part de m\u00e9langer la petite histoire fictive dans la Grande Histoire m\u00eame si j&rsquo;ai trouv\u00e9 le rythme in\u00e9gal, tout s&rsquo;encha\u00eenant tr\u00e8s rapidement dans la premi\u00e8re partie pour ensuite ralentir et se concentrer sur le sort de Molly, lorsque celle-ci est enferm\u00e9e \u00e0 Blackwell. L&rsquo;intrigue s&rsquo;est r\u00e9v\u00e9l\u00e9e un peu trop convenue et avec des facilit\u00e9s sc\u00e9naristiques, m\u00eame si partant d&rsquo;un fait historique dramatique, elle finit sur une note d&rsquo;espoir. En effet, une fois install\u00e9e avec sa s\u0153ur dans un h\u00f4tel hupp\u00e9 de New York, Letta encha\u00eene les rencontres, que ce soit la gouvernante de l&rsquo;h\u00f4tel, Dorothy Woodford qui fournit du laudanum \u00e0 Molly et qui permet \u00e0 Letta d&rsquo;avoir un emploi dans une prestigieuse pharmacie-apothicaire, C.O. Bigelow, Anthony Collins, un journaliste travaillant au New York Times et \u00e0 qui elle raconte son histoire pour 40 dollars ou bien encore sa coll\u00e8gue de travail et ancien m\u00e9decin qui a perdu une jambe apr\u00e8s un accident de tramway, Natalie et son fr\u00e8re cadet Jacob, cette derni\u00e8re \u00e9tant de bons conseils et une aide amicale pr\u00e9cieuse pour aider Letta \u00e0 faire sortir Molly&#8230; \u00a0<\/em><\/p>\n<p style=\"text-align: justify;\"><em>Il y est ainsi question du traitement des rescap\u00e9s du naufrage, de voyeurisme, du r\u00f4le de la presse dans la couverture m\u00e9diatique du naufrage, de la condition de la femme, d&rsquo;in\u00e9galit\u00e9s sociales, du stress post-traumatique, du traitement des maladies mentales au d\u00e9but du XXe si\u00e8cle avec l&rsquo;utilisation de laudanum ou des \u00e9crits de Nellie Bly, journaliste d&rsquo;investigation, de r\u00e9silience, de seconde chance, d&rsquo;amiti\u00e9 et d&rsquo;amour, d&rsquo;entraide\u2026 Un bon moment de lecture dans l&rsquo;ensemble!<\/em><\/p>\n<p style=\"text-align: justify;\"><em>J&rsquo;ai enfin not\u00e9 de nombreux passages gourmands, la famille de Letta ayant tout quitt\u00e9 en Angleterre pour ouvrir une nouvelle boulangerie \u00e0 New York, un riche am\u00e9ricain, Charles Newton III ayant assur\u00e9 au p\u00e8re de Letta qu&rsquo;il ferait fortune avec ses tourtes. Il y a les plats sur le pouce pris dans les rues new-yorkaises comme les hot-dogs, les recettes de tourtes (sal\u00e9es ou sucr\u00e9es comme les apple pies, charlotte aux fraises)\u00a0 de la famille Alistair ou les plats russes de Natalie comme des pirojkis (p.197\/199)&#8230;<\/em><\/p>\n<div style=\"width: 118px\" class=\"wp-caption alignleft\"><img loading=\"lazy\" decoding=\"async\" src=\"https:\/\/lh3.googleusercontent.com\/pw\/AL9nZEWED5sOowfaAIivQoSsFwl6hy51lsnek_4EIHIPI8waW2MHjhj6cf1EWilIUD7SnvlDRky5UrFLm6lgTjQT1BDXKA7teG_K1CBqytzzkXj-pFGsHXBy_zmGvKTiD_gxxb6BAz3Fn3Q7E1EJdf1tGnU3MQ=w285-h217-no?authuser=0\" alt=\"\" width=\"108\" height=\"82\" \/><p class=\"wp-caption-text\">Challenge Petit Bac d\u2019<a href=\"https:\/\/ennalit.wordpress.com\/2022\/12\/01\/challenge-petit-bac-2023-qui-veut-jouer\/\" data-rich-text-format-boundary=\"true\">Enna<\/a> #6 Cat\u00e9gorie Paysage: \u00ab Oc\u00e9an \u00bb<\/p><\/div>\n<div id=\"attachment_22257\" style=\"width: 125px\" class=\"wp-caption alignleft\"><img loading=\"lazy\" decoding=\"async\" aria-describedby=\"caption-attachment-22257\" data-attachment-id=\"22257\" data-permalink=\"http:\/\/www.jojoenherbe.com\/index.php\/2021\/11\/09\/point-lecture-hebdomadaire-14\/les-incorrigibles-enfants-de-la-famille-ashton-t1\/\" data-orig-file=\"https:\/\/i0.wp.com\/www.jojoenherbe.com\/wp-content\/uploads\/2021\/11\/Les-incorrigibles-enfants-de-la-famille-Ashton-T1-scaled.jpg?fit=2560%2C1920\" data-orig-size=\"2560,1920\" data-comments-opened=\"1\" data-image-meta=\"{&quot;aperture&quot;:&quot;1.8&quot;,&quot;credit&quot;:&quot;&quot;,&quot;camera&quot;:&quot;iPhone 7&quot;,&quot;caption&quot;:&quot;&quot;,&quot;created_timestamp&quot;:&quot;1636384349&quot;,&quot;copyright&quot;:&quot;&quot;,&quot;focal_length&quot;:&quot;3.99&quot;,&quot;iso&quot;:&quot;80&quot;,&quot;shutter_speed&quot;:&quot;0.25&quot;,&quot;title&quot;:&quot;&quot;,&quot;orientation&quot;:&quot;1&quot;}\" data-image-title=\"Les incorrigibles enfants de la famille Ashton T1\" data-image-description=\"\" data-image-caption=\"\" data-large-file=\"https:\/\/i0.wp.com\/www.jojoenherbe.com\/wp-content\/uploads\/2021\/11\/Les-incorrigibles-enfants-de-la-famille-Ashton-T1-scaled.jpg?fit=676%2C507\" class=\"wp-image-22257\" src=\"https:\/\/i0.wp.com\/mapetitemediatheque.fr\/wp-content\/uploads\/2023\/01\/LivresCuisines2023b.png?resize=129%2C75&amp;ssl=1\" sizes=\"auto, (max-width: 320px) 100vw, 320px\" srcset=\"https:\/\/i0.wp.com\/mapetitemediatheque.fr\/wp-content\/uploads\/2023\/01\/LivresCuisines2023b.png?resize=129%2C75&amp;ssl=1 320w, https:\/\/mapetitemediatheque.fr\/wp-content\/uploads\/2023\/01\/LivresCuisines2023b-300x174.png 300w\" alt=\"\" width=\"115\" height=\"67\" aria-describedby=\"caption-attachment-22257\" data-attachment-id=\"22257\" data-permalink=\"https:\/\/www.jojoenherbe.com\/index.php\/2021\/11\/09\/point-lecture-hebdomadaire-14\/les-incorrigibles-enfants-de-la-famille-ashton-t1\/\" data-orig-file=\"https:\/\/i0.wp.com\/www.jojoenherbe.com\/wp-content\/uploads\/2021\/11\/Les-incorrigibles-enfants-de-la-famille-Ashton-T1-scaled.jpg?fit=2560%2C1920&amp;ssl=1\" data-orig-size=\"2560,1920\" data-comments-opened=\"1\" data-image-meta=\"{&quot;aperture&quot;:&quot;1.8&quot;,&quot;credit&quot;:&quot;&quot;,&quot;camera&quot;:&quot;iPhone 7&quot;,&quot;caption&quot;:&quot;&quot;,&quot;created_timestamp&quot;:&quot;1636384349&quot;,&quot;copyright&quot;:&quot;&quot;,&quot;focal_length&quot;:&quot;3.99&quot;,&quot;iso&quot;:&quot;80&quot;,&quot;shutter_speed&quot;:&quot;0.25&quot;,&quot;title&quot;:&quot;&quot;,&quot;orientation&quot;:&quot;1&quot;}\" data-image-title=\"Les incorrigibles enfants de la famille Ashton T1\" data-image-description=\"\" data-image-caption=\"\" data-medium-file=\"https:\/\/i0.wp.com\/www.jojoenherbe.com\/wp-content\/uploads\/2021\/11\/Les-incorrigibles-enfants-de-la-famille-Ashton-T1-scaled.jpg?fit=300%2C225&amp;ssl=1\" data-large-file=\"https:\/\/i0.wp.com\/www.jojoenherbe.com\/wp-content\/uploads\/2021\/11\/Les-incorrigibles-enfants-de-la-famille-Ashton-T1-scaled.jpg?fit=676%2C507&amp;ssl=1\" \/><p id=\"caption-attachment-22257\" class=\"wp-caption-text\">Participation # Challenge Des livres (et des \u00e9crans) en cuisine 2023 <em>de <a href=\"https:\/\/mapetitemediatheque.fr\/2023\/01\/des-livres-et-des-ecrans-en-cuisine-2023\/\">Bidib<\/a> et <a href=\"http:\/\/croquerlespages.canalblog.com\/archives\/2023\/01\/11\/39767634.html\">Fondant<\/a><\/em> #Cuisine anglaise, am\u00e9ricaine et russe<\/p><\/div>\n","protected":false},"excerpt":{"rendered":"<p>J&rsquo;ai lu, en e-book, Apr\u00e8s l\u2019oc\u00e9an de Laurence Peyrin (\u00e9d. De l\u2019\u00e9p\u00e9e, avril 2022, 346 pages), un roman historique qui suit la vie fictive de deux s\u0153urs rescap\u00e9es du Titanic. En avril 1912, Letta Alistair Keegan, \u00e2g\u00e9e de 24 ans et sa jeune s\u0153ur, Molly, surnomm\u00e9e Le P&rsquo;tit Chou et \u00e2g\u00e9e de 15 ans ont [&hellip;]<\/p>\n","protected":false},"author":1,"featured_media":42111,"comment_status":"open","ping_status":"open","sticky":false,"template":"","format":"standard","meta":{"jetpack_post_was_ever_published":false,"_jetpack_newsletter_access":"","_jetpack_dont_email_post_to_subs":false,"_jetpack_newsletter_tier_id":0,"_jetpack_memberships_contains_paywalled_content":false,"_jetpack_memberships_contains_paid_content":false,"footnotes":""},"categories":[363],"tags":[1347,386,2513,3519,1492,3522,3542,3296,1724,459,1725,3707,3727,1085,3911,1868,3931,3933,3934,3932,2081,1818,844,905,3930],"class_list":["post-33185","post","type-post","status-publish","format-standard","has-post-thumbnail","hentry","category-mini-lecteur","tag-18-ans-et-plus","tag-amitie","tag-boulangerie","tag-challenge-petit-bac-2023","tag-condition-de-la-femme","tag-des-livres-et-des-ecrans-en-cuisine-2023","tag-epoque-edouardienne","tag-espoir","tag-etats-unis","tag-famille","tag-folie","tag-inegalites-sociales","tag-laurence-peyrin","tag-lecture-adulte","tag-maladies-mentales","tag-nature-humaine","tag-naufrage","tag-new-york","tag-presse","tag-rescape","tag-resilience","tag-roman-historique","tag-romance","tag-romans-adulte","tag-titanic","post-preview"],"jetpack_featured_media_url":"https:\/\/i0.wp.com\/www.jojoenherbe.com\/wp-content\/uploads\/2023\/11\/Apres-locean.jpg?fit=747%2C1181","jetpack_sharing_enabled":true,"jetpack_shortlink":"https:\/\/wp.me\/p9zhGx-8Df","jetpack_likes_enabled":true,"jetpack-related-posts":[{"id":30869,"url":"http:\/\/www.jojoenherbe.com\/index.php\/2023\/05\/15\/point-lecture-hebdomadaire-2023-19\/","url_meta":{"origin":33185,"position":0},"title":"Point lecture hebdomadaire 2023 #19","author":"Jojo","date":"15 mai 2023","format":false,"excerpt":"En ce d\u00e9but de semaine, voici notre point lecture hebdomadaire avec un retour sur nos lectures de la semaine derni\u00e8re (mais pas nos relectures). Nos lectures du 8 au 14 mai 2023: Des lectures jeunesse: (Album jeunesse) Chevalier Chouette de Christopher Denise Nous avons lu Chevalier Chouette de Christopher Denise\u2026","rel":"","context":"Dans &quot;Mini blogueur&quot;","block_context":{"text":"Mini blogueur","link":"http:\/\/www.jojoenherbe.com\/index.php\/category\/mini-blogueur\/"},"img":{"alt_text":"","src":"https:\/\/i0.wp.com\/www.jojoenherbe.com\/wp-content\/uploads\/2023\/05\/Point-lecture-hebdomadaire-2023-19-scaled.jpg?fit=1200%2C1083&resize=350%2C200","width":350,"height":200,"srcset":"https:\/\/i0.wp.com\/www.jojoenherbe.com\/wp-content\/uploads\/2023\/05\/Point-lecture-hebdomadaire-2023-19-scaled.jpg?fit=1200%2C1083&resize=350%2C200 1x, https:\/\/i0.wp.com\/www.jojoenherbe.com\/wp-content\/uploads\/2023\/05\/Point-lecture-hebdomadaire-2023-19-scaled.jpg?fit=1200%2C1083&resize=525%2C300 1.5x, https:\/\/i0.wp.com\/www.jojoenherbe.com\/wp-content\/uploads\/2023\/05\/Point-lecture-hebdomadaire-2023-19-scaled.jpg?fit=1200%2C1083&resize=700%2C400 2x, https:\/\/i0.wp.com\/www.jojoenherbe.com\/wp-content\/uploads\/2023\/05\/Point-lecture-hebdomadaire-2023-19-scaled.jpg?fit=1200%2C1083&resize=1050%2C600 3x"},"classes":[]},{"id":32244,"url":"http:\/\/www.jojoenherbe.com\/index.php\/2023\/09\/30\/au-fil-des-pages-avec-les-4-filles-du-docteur-march\/","url_meta":{"origin":33185,"position":1},"title":"Au fil des pages avec Les 4 filles du Docteur March","author":"Jojo","date":"30 septembre 2023","format":false,"excerpt":"Dans le cadre du challenge 2023 sera classique, le mois de septembre est consacr\u00e9, comme les ann\u00e9es pr\u00e9c\u00e9dentes, \u00e0 un classique de la litt\u00e9rature am\u00e9ricaine. Nathalie a propos\u00e9 une lecture commune des Quatre filles du Docteur March. Je me suis jointe \u00e0 elle avec cette relecture tout comme Isabelle. J'ai\u2026","rel":"","context":"Dans &quot;Mini cin\u00e9phile&quot;","block_context":{"text":"Mini cin\u00e9phile","link":"http:\/\/www.jojoenherbe.com\/index.php\/category\/mini-cinephile\/"},"img":{"alt_text":"","src":"https:\/\/i0.wp.com\/www.jojoenherbe.com\/wp-content\/uploads\/2023\/10\/Les-4-filles-du-Dr.-March-2-scaled.jpg?fit=1200%2C1002&resize=350%2C200","width":350,"height":200,"srcset":"https:\/\/i0.wp.com\/www.jojoenherbe.com\/wp-content\/uploads\/2023\/10\/Les-4-filles-du-Dr.-March-2-scaled.jpg?fit=1200%2C1002&resize=350%2C200 1x, https:\/\/i0.wp.com\/www.jojoenherbe.com\/wp-content\/uploads\/2023\/10\/Les-4-filles-du-Dr.-March-2-scaled.jpg?fit=1200%2C1002&resize=525%2C300 1.5x, https:\/\/i0.wp.com\/www.jojoenherbe.com\/wp-content\/uploads\/2023\/10\/Les-4-filles-du-Dr.-March-2-scaled.jpg?fit=1200%2C1002&resize=700%2C400 2x, https:\/\/i0.wp.com\/www.jojoenherbe.com\/wp-content\/uploads\/2023\/10\/Les-4-filles-du-Dr.-March-2-scaled.jpg?fit=1200%2C1002&resize=1050%2C600 3x"},"classes":[]},{"id":36058,"url":"http:\/\/www.jojoenherbe.com\/index.php\/2024\/05\/13\/point-lecture-hebdomadaire-2024-19\/","url_meta":{"origin":33185,"position":2},"title":"Point lecture hebdomadaire 2024 #19","author":"Jojo","date":"13 mai 2024","format":false,"excerpt":"En ce d\u00e9but de semaine, voici mon point lecture hebdomadaire avec un retour sur nos lectures (mais pas nos relectures) de la semaine derni\u00e8re qui ont \u00e9t\u00e9 moins nombreuses que pr\u00e9vues puisque nous avons profit\u00e9 du retour du beau temps et fait le pont. Nos lectures du 6 au 12\u2026","rel":"","context":"Dans &quot;Mini blogueur&quot;","block_context":{"text":"Mini blogueur","link":"http:\/\/www.jojoenherbe.com\/index.php\/category\/mini-blogueur\/"},"img":{"alt_text":"","src":"https:\/\/i0.wp.com\/www.jojoenherbe.com\/wp-content\/uploads\/2024\/05\/Point-lecture-hebdo-2024-19.jpg?fit=1080%2C1080&resize=350%2C200","width":350,"height":200,"srcset":"https:\/\/i0.wp.com\/www.jojoenherbe.com\/wp-content\/uploads\/2024\/05\/Point-lecture-hebdo-2024-19.jpg?fit=1080%2C1080&resize=350%2C200 1x, https:\/\/i0.wp.com\/www.jojoenherbe.com\/wp-content\/uploads\/2024\/05\/Point-lecture-hebdo-2024-19.jpg?fit=1080%2C1080&resize=525%2C300 1.5x, https:\/\/i0.wp.com\/www.jojoenherbe.com\/wp-content\/uploads\/2024\/05\/Point-lecture-hebdo-2024-19.jpg?fit=1080%2C1080&resize=700%2C400 2x, https:\/\/i0.wp.com\/www.jojoenherbe.com\/wp-content\/uploads\/2024\/05\/Point-lecture-hebdo-2024-19.jpg?fit=1080%2C1080&resize=1050%2C600 3x"},"classes":[]},{"id":38575,"url":"http:\/\/www.jojoenherbe.com\/index.php\/2025\/03\/10\/point-lecture-hebdomadaire-2025-10\/","url_meta":{"origin":33185,"position":3},"title":"Point lecture hebdomadaire 2025 #10","author":"Jojo","date":"10 mars 2025","format":false,"excerpt":"En ce d\u00e9but de semaine, voici mon point lecture hebdomadaire avec un retour sur nos lectures (mais pas nos relectures) de la semaine derni\u00e8re. Nos lectures du\u00a0 3 au 9 mars 2025: Des lectures jeunesse: (Roman jeunesse) Le tour du monde en 80 jours de Jules Verne Nous continuons \u00e0\u2026","rel":"","context":"Dans &quot;Mini blogueur&quot;","block_context":{"text":"Mini blogueur","link":"http:\/\/www.jojoenherbe.com\/index.php\/category\/mini-blogueur\/"},"img":{"alt_text":"","src":"https:\/\/i0.wp.com\/www.jojoenherbe.com\/wp-content\/uploads\/2025\/03\/Point-lecture-hebdo-2025-10.jpg?fit=1200%2C960&resize=350%2C200","width":350,"height":200,"srcset":"https:\/\/i0.wp.com\/www.jojoenherbe.com\/wp-content\/uploads\/2025\/03\/Point-lecture-hebdo-2025-10.jpg?fit=1200%2C960&resize=350%2C200 1x, https:\/\/i0.wp.com\/www.jojoenherbe.com\/wp-content\/uploads\/2025\/03\/Point-lecture-hebdo-2025-10.jpg?fit=1200%2C960&resize=525%2C300 1.5x, https:\/\/i0.wp.com\/www.jojoenherbe.com\/wp-content\/uploads\/2025\/03\/Point-lecture-hebdo-2025-10.jpg?fit=1200%2C960&resize=700%2C400 2x, https:\/\/i0.wp.com\/www.jojoenherbe.com\/wp-content\/uploads\/2025\/03\/Point-lecture-hebdo-2025-10.jpg?fit=1200%2C960&resize=1050%2C600 3x"},"classes":[]},{"id":42575,"url":"http:\/\/www.jojoenherbe.com\/index.php\/2026\/02\/04\/au-fil-des-pages-avec-le-secret-de-miss-greene\/","url_meta":{"origin":33185,"position":4},"title":"Au fil des pages avec Le secret de Miss Greene","author":"Jojo","date":"4 f\u00e9vrier 2026","format":false,"excerpt":"J'ai lu, en version num\u00e9rique via ma m\u00e9diath\u00e8que, Le Secret de Miss Greene de Nicolas Antona et Nina Jacqmin (\u00e9d. Le Lombard, janvier 2025, 152 pages), un roman graphique pour adultes m\u00eame si class\u00e9 \u00e0 partir de 12 ans selon l'\u00e9diteur. Apr\u00e8s le d\u00e9c\u00e8s de sa grand-m\u00e8re maternelle, Belle Greener\u2026","rel":"","context":"Dans &quot;Mini lecteur&quot;","block_context":{"text":"Mini lecteur","link":"http:\/\/www.jojoenherbe.com\/index.php\/category\/mini-lecteur\/"},"img":{"alt_text":"","src":"https:\/\/i0.wp.com\/www.jojoenherbe.com\/wp-content\/uploads\/2026\/02\/Le-secret-de-Miss-Greene.jpg?fit=750%2C989&resize=350%2C200","width":350,"height":200,"srcset":"https:\/\/i0.wp.com\/www.jojoenherbe.com\/wp-content\/uploads\/2026\/02\/Le-secret-de-Miss-Greene.jpg?fit=750%2C989&resize=350%2C200 1x, https:\/\/i0.wp.com\/www.jojoenherbe.com\/wp-content\/uploads\/2026\/02\/Le-secret-de-Miss-Greene.jpg?fit=750%2C989&resize=525%2C300 1.5x, https:\/\/i0.wp.com\/www.jojoenherbe.com\/wp-content\/uploads\/2026\/02\/Le-secret-de-Miss-Greene.jpg?fit=750%2C989&resize=700%2C400 2x"},"classes":[]},{"id":31146,"url":"http:\/\/www.jojoenherbe.com\/index.php\/2023\/06\/26\/point-lecture-hebdomadaire-2023-25\/","url_meta":{"origin":33185,"position":5},"title":"Point lecture hebdomadaire 2023 #25","author":"Jojo","date":"26 juin 2023","format":false,"excerpt":"En ce d\u00e9but de semaine, voici notre point lecture hebdomadaire avec un retour sur nos lectures de la semaine derni\u00e8re (mais pas nos relectures). Nos lectures du 19 au 25 juin 2023: Des lectures jeunesse: (Album jeunesse) Allons aider l'\u00e9t\u00e9 de Laura Hedon Nous avons lu Allons aider l\u2019\u00e9t\u00e9 de\u2026","rel":"","context":"Dans &quot;Mini blogueur&quot;","block_context":{"text":"Mini blogueur","link":"http:\/\/www.jojoenherbe.com\/index.php\/category\/mini-blogueur\/"},"img":{"alt_text":"","src":"https:\/\/i0.wp.com\/www.jojoenherbe.com\/wp-content\/uploads\/2023\/06\/Point-lecture-hebdomadaire-2023-25-scaled.jpg?fit=1200%2C900&resize=350%2C200","width":350,"height":200,"srcset":"https:\/\/i0.wp.com\/www.jojoenherbe.com\/wp-content\/uploads\/2023\/06\/Point-lecture-hebdomadaire-2023-25-scaled.jpg?fit=1200%2C900&resize=350%2C200 1x, https:\/\/i0.wp.com\/www.jojoenherbe.com\/wp-content\/uploads\/2023\/06\/Point-lecture-hebdomadaire-2023-25-scaled.jpg?fit=1200%2C900&resize=525%2C300 1.5x, https:\/\/i0.wp.com\/www.jojoenherbe.com\/wp-content\/uploads\/2023\/06\/Point-lecture-hebdomadaire-2023-25-scaled.jpg?fit=1200%2C900&resize=700%2C400 2x, https:\/\/i0.wp.com\/www.jojoenherbe.com\/wp-content\/uploads\/2023\/06\/Point-lecture-hebdomadaire-2023-25-scaled.jpg?fit=1200%2C900&resize=1050%2C600 3x"},"classes":[]}],"_links":{"self":[{"href":"http:\/\/www.jojoenherbe.com\/index.php\/wp-json\/wp\/v2\/posts\/33185","targetHints":{"allow":["GET"]}}],"collection":[{"href":"http:\/\/www.jojoenherbe.com\/index.php\/wp-json\/wp\/v2\/posts"}],"about":[{"href":"http:\/\/www.jojoenherbe.com\/index.php\/wp-json\/wp\/v2\/types\/post"}],"author":[{"embeddable":true,"href":"http:\/\/www.jojoenherbe.com\/index.php\/wp-json\/wp\/v2\/users\/1"}],"replies":[{"embeddable":true,"href":"http:\/\/www.jojoenherbe.com\/index.php\/wp-json\/wp\/v2\/comments?post=33185"}],"version-history":[{"count":9,"href":"http:\/\/www.jojoenherbe.com\/index.php\/wp-json\/wp\/v2\/posts\/33185\/revisions"}],"predecessor-version":[{"id":33194,"href":"http:\/\/www.jojoenherbe.com\/index.php\/wp-json\/wp\/v2\/posts\/33185\/revisions\/33194"}],"wp:featuredmedia":[{"embeddable":true,"href":"http:\/\/www.jojoenherbe.com\/index.php\/wp-json\/wp\/v2\/media\/42111"}],"wp:attachment":[{"href":"http:\/\/www.jojoenherbe.com\/index.php\/wp-json\/wp\/v2\/media?parent=33185"}],"wp:term":[{"taxonomy":"category","embeddable":true,"href":"http:\/\/www.jojoenherbe.com\/index.php\/wp-json\/wp\/v2\/categories?post=33185"},{"taxonomy":"post_tag","embeddable":true,"href":"http:\/\/www.jojoenherbe.com\/index.php\/wp-json\/wp\/v2\/tags?post=33185"}],"curies":[{"name":"wp","href":"https:\/\/api.w.org\/{rel}","templated":true}]}}