{"id":33011,"date":"2023-11-25T18:53:59","date_gmt":"2023-11-25T17:53:59","guid":{"rendered":"https:\/\/www.jojoenherbe.com\/?p=33011"},"modified":"2023-11-30T18:57:10","modified_gmt":"2023-11-30T17:57:10","slug":"au-fil-des-pages-avec-le-tome-1-delizabeth-et-diego","status":"publish","type":"post","link":"http:\/\/www.jojoenherbe.com\/index.php\/2023\/11\/25\/au-fil-des-pages-avec-le-tome-1-delizabeth-et-diego\/","title":{"rendered":"Au fil des pages avec le tome 1 d\u2019Elizabeth et Diego"},"content":{"rendered":"<p style=\"text-align: justify;\"><em><a href=\"https:\/\/i0.wp.com\/www.jojoenherbe.com\/wp-content\/uploads\/2023\/11\/Elizabeth-et-Diego-T1-3.jpg\"><img data-recalc-dims=\"1\" loading=\"lazy\" decoding=\"async\" data-attachment-id=\"33288\" data-permalink=\"http:\/\/www.jojoenherbe.com\/index.php\/2023\/11\/25\/au-fil-des-pages-avec-le-tome-1-delizabeth-et-diego\/elizabeth-et-diego-t1-3\/\" data-orig-file=\"https:\/\/i0.wp.com\/www.jojoenherbe.com\/wp-content\/uploads\/2023\/11\/Elizabeth-et-Diego-T1-3.jpg?fit=749%2C1137\" data-orig-size=\"749,1137\" data-comments-opened=\"1\" data-image-meta=\"{&quot;aperture&quot;:&quot;0&quot;,&quot;credit&quot;:&quot;&quot;,&quot;camera&quot;:&quot;&quot;,&quot;caption&quot;:&quot;&quot;,&quot;created_timestamp&quot;:&quot;0&quot;,&quot;copyright&quot;:&quot;&quot;,&quot;focal_length&quot;:&quot;0&quot;,&quot;iso&quot;:&quot;0&quot;,&quot;shutter_speed&quot;:&quot;0&quot;,&quot;title&quot;:&quot;&quot;,&quot;orientation&quot;:&quot;0&quot;}\" data-image-title=\"Elizabeth et Diego T1 (3)\" data-image-description=\"\" data-image-caption=\"\" data-large-file=\"https:\/\/i0.wp.com\/www.jojoenherbe.com\/wp-content\/uploads\/2023\/11\/Elizabeth-et-Diego-T1-3.jpg?fit=675%2C1024\" class=\"alignleft size-thumbnail wp-image-33288\" src=\"https:\/\/i0.wp.com\/www.jojoenherbe.com\/wp-content\/uploads\/2023\/11\/Elizabeth-et-Diego-T1-3.jpg?resize=150%2C150\" alt=\"\" width=\"150\" height=\"150\" srcset=\"https:\/\/i0.wp.com\/www.jojoenherbe.com\/wp-content\/uploads\/2023\/11\/Elizabeth-et-Diego-T1-3.jpg?resize=150%2C150 150w, https:\/\/i0.wp.com\/www.jojoenherbe.com\/wp-content\/uploads\/2023\/11\/Elizabeth-et-Diego-T1-3.jpg?zoom=2&amp;resize=150%2C150 300w, https:\/\/i0.wp.com\/www.jojoenherbe.com\/wp-content\/uploads\/2023\/11\/Elizabeth-et-Diego-T1-3.jpg?zoom=3&amp;resize=150%2C150 450w\" sizes=\"auto, (max-width: 150px) 100vw, 150px\" \/><\/a> <a href=\"https:\/\/i0.wp.com\/www.jojoenherbe.com\/wp-content\/uploads\/2023\/11\/Elizabeth-et-Diego-T1-T4.jpg\"><img data-recalc-dims=\"1\" loading=\"lazy\" decoding=\"async\" data-attachment-id=\"33291\" data-permalink=\"http:\/\/www.jojoenherbe.com\/index.php\/2023\/11\/25\/au-fil-des-pages-avec-le-tome-1-delizabeth-et-diego\/elizabeth-et-diego-t1-t4\/\" data-orig-file=\"https:\/\/i0.wp.com\/www.jojoenherbe.com\/wp-content\/uploads\/2023\/11\/Elizabeth-et-Diego-T1-T4.jpg?fit=748%2C1178\" data-orig-size=\"748,1178\" data-comments-opened=\"1\" data-image-meta=\"{&quot;aperture&quot;:&quot;0&quot;,&quot;credit&quot;:&quot;&quot;,&quot;camera&quot;:&quot;&quot;,&quot;caption&quot;:&quot;&quot;,&quot;created_timestamp&quot;:&quot;0&quot;,&quot;copyright&quot;:&quot;&quot;,&quot;focal_length&quot;:&quot;0&quot;,&quot;iso&quot;:&quot;0&quot;,&quot;shutter_speed&quot;:&quot;0&quot;,&quot;title&quot;:&quot;&quot;,&quot;orientation&quot;:&quot;0&quot;}\" data-image-title=\"Elizabeth et Diego T1 (T4)\" data-image-description=\"\" data-image-caption=\"\" data-large-file=\"https:\/\/i0.wp.com\/www.jojoenherbe.com\/wp-content\/uploads\/2023\/11\/Elizabeth-et-Diego-T1-T4.jpg?fit=650%2C1024\" class=\"alignleft size-thumbnail wp-image-33291\" src=\"https:\/\/i0.wp.com\/www.jojoenherbe.com\/wp-content\/uploads\/2023\/11\/Elizabeth-et-Diego-T1-T4.jpg?resize=150%2C150\" alt=\"\" width=\"150\" height=\"150\" srcset=\"https:\/\/i0.wp.com\/www.jojoenherbe.com\/wp-content\/uploads\/2023\/11\/Elizabeth-et-Diego-T1-T4.jpg?resize=150%2C150 150w, https:\/\/i0.wp.com\/www.jojoenherbe.com\/wp-content\/uploads\/2023\/11\/Elizabeth-et-Diego-T1-T4.jpg?zoom=2&amp;resize=150%2C150 300w, https:\/\/i0.wp.com\/www.jojoenherbe.com\/wp-content\/uploads\/2023\/11\/Elizabeth-et-Diego-T1-T4.jpg?zoom=3&amp;resize=150%2C150 450w\" sizes=\"auto, (max-width: 150px) 100vw, 150px\" \/><\/a>J&rsquo;ai lu le tome 1 d\u2019<span style=\"text-decoration: underline;\">Elizabeth et Diego, Une vampire dans mon placard<\/span> de Swann M\u00e9ralli et Arthur du Coteau (\u00e9d. Dargaud, janvier 2023, 52 pages), une BD jeunesse \u00e0 partir de 9\/10 ans que j&rsquo;ai pu d&rsquo;abord consulter en ligne gr\u00e2ce \u00e0 ma m\u00e9diath\u00e8que puis, quelques jours plus tard, emprunter aussi en version papier. Elizabeth, une vampire qui aimerait avoir \u00e0 No\u00ebl un poney-licorne se lie d&rsquo;amiti\u00e9 avec Diego, un petit gar\u00e7on peureux qui a une main droite artificielle depuis un accident de voiture lorsqu\u2019il \u00e9tait petit et qui a co\u00fbt\u00e9 la vie de son p\u00e8re.<br \/>\n<\/em><\/p>\n<p style=\"text-align: justify;\"><em><a href=\"https:\/\/i0.wp.com\/www.jojoenherbe.com\/wp-content\/uploads\/2023\/10\/Elizabeth-et-Diego-T1-2.jpg\"><img data-recalc-dims=\"1\" loading=\"lazy\" decoding=\"async\" data-attachment-id=\"32780\" data-permalink=\"http:\/\/www.jojoenherbe.com\/index.php\/2023\/10\/20\/notre-selection-vampires-pour-le-challenge-halloween\/elizabeth-et-diego-t1-2\/\" data-orig-file=\"https:\/\/i0.wp.com\/www.jojoenherbe.com\/wp-content\/uploads\/2023\/10\/Elizabeth-et-Diego-T1-2.jpg?fit=745%2C897\" data-orig-size=\"745,897\" data-comments-opened=\"1\" data-image-meta=\"{&quot;aperture&quot;:&quot;0&quot;,&quot;credit&quot;:&quot;&quot;,&quot;camera&quot;:&quot;&quot;,&quot;caption&quot;:&quot;&quot;,&quot;created_timestamp&quot;:&quot;0&quot;,&quot;copyright&quot;:&quot;&quot;,&quot;focal_length&quot;:&quot;0&quot;,&quot;iso&quot;:&quot;0&quot;,&quot;shutter_speed&quot;:&quot;0&quot;,&quot;title&quot;:&quot;&quot;,&quot;orientation&quot;:&quot;0&quot;}\" data-image-title=\"Elizabeth et Diego T1 (2)\" data-image-description=\"\" data-image-caption=\"\" data-large-file=\"https:\/\/i0.wp.com\/www.jojoenherbe.com\/wp-content\/uploads\/2023\/10\/Elizabeth-et-Diego-T1-2.jpg?fit=676%2C814\" class=\"size-thumbnail wp-image-32780 alignright\" src=\"https:\/\/i0.wp.com\/www.jojoenherbe.com\/wp-content\/uploads\/2023\/10\/Elizabeth-et-Diego-T1-2.jpg?resize=150%2C150\" alt=\"\" width=\"150\" height=\"150\" srcset=\"https:\/\/i0.wp.com\/www.jojoenherbe.com\/wp-content\/uploads\/2023\/10\/Elizabeth-et-Diego-T1-2.jpg?resize=150%2C150 150w, https:\/\/i0.wp.com\/www.jojoenherbe.com\/wp-content\/uploads\/2023\/10\/Elizabeth-et-Diego-T1-2.jpg?zoom=2&amp;resize=150%2C150 300w, https:\/\/i0.wp.com\/www.jojoenherbe.com\/wp-content\/uploads\/2023\/10\/Elizabeth-et-Diego-T1-2.jpg?zoom=3&amp;resize=150%2C150 450w\" sizes=\"auto, (max-width: 150px) 100vw, 150px\" \/><\/a> <a href=\"https:\/\/i0.wp.com\/www.jojoenherbe.com\/wp-content\/uploads\/2023\/11\/Elizabeth-et-Diego-T1-5.jpg\"><img data-recalc-dims=\"1\" loading=\"lazy\" decoding=\"async\" data-attachment-id=\"33289\" data-permalink=\"http:\/\/www.jojoenherbe.com\/index.php\/2023\/11\/25\/au-fil-des-pages-avec-le-tome-1-delizabeth-et-diego\/elizabeth-et-diego-t1-5\/\" data-orig-file=\"https:\/\/i0.wp.com\/www.jojoenherbe.com\/wp-content\/uploads\/2023\/11\/Elizabeth-et-Diego-T1-5.jpg?fit=750%2C1137\" data-orig-size=\"750,1137\" data-comments-opened=\"1\" data-image-meta=\"{&quot;aperture&quot;:&quot;0&quot;,&quot;credit&quot;:&quot;&quot;,&quot;camera&quot;:&quot;&quot;,&quot;caption&quot;:&quot;&quot;,&quot;created_timestamp&quot;:&quot;0&quot;,&quot;copyright&quot;:&quot;&quot;,&quot;focal_length&quot;:&quot;0&quot;,&quot;iso&quot;:&quot;0&quot;,&quot;shutter_speed&quot;:&quot;0&quot;,&quot;title&quot;:&quot;&quot;,&quot;orientation&quot;:&quot;0&quot;}\" data-image-title=\"Elizabeth et Diego T1 (5)\" data-image-description=\"\" data-image-caption=\"\" data-large-file=\"https:\/\/i0.wp.com\/www.jojoenherbe.com\/wp-content\/uploads\/2023\/11\/Elizabeth-et-Diego-T1-5.jpg?fit=675%2C1024\" class=\"size-thumbnail wp-image-33289 alignright\" src=\"https:\/\/i0.wp.com\/www.jojoenherbe.com\/wp-content\/uploads\/2023\/11\/Elizabeth-et-Diego-T1-5.jpg?resize=150%2C150\" alt=\"\" width=\"150\" height=\"150\" srcset=\"https:\/\/i0.wp.com\/www.jojoenherbe.com\/wp-content\/uploads\/2023\/11\/Elizabeth-et-Diego-T1-5.jpg?resize=150%2C150 150w, https:\/\/i0.wp.com\/www.jojoenherbe.com\/wp-content\/uploads\/2023\/11\/Elizabeth-et-Diego-T1-5.jpg?zoom=2&amp;resize=150%2C150 300w, https:\/\/i0.wp.com\/www.jojoenherbe.com\/wp-content\/uploads\/2023\/11\/Elizabeth-et-Diego-T1-5.jpg?zoom=3&amp;resize=150%2C150 450w\" sizes=\"auto, (max-width: 150px) 100vw, 150px\" \/><\/a>J&rsquo;ai appr\u00e9ci\u00e9 l&rsquo;amiti\u00e9 improbable et pleine de pep&rsquo;s entre Elizabeth et Diego. Chacun a son petit caract\u00e8re, l&rsquo;une tr\u00e8s t\u00eatue et l&rsquo;autre peureux et capricieux mais sont pourtant compl\u00e9mentaires et complices surtout dans les b\u00eatises et chamailleries ou bien vis-\u00e0-vis du \u00ab\u00a0p\u00f4vre\u00a0\u00bb chat de Diego, Ronchon qui est entra\u00een\u00e9 bien malgr\u00e9 lui dans les p\u00e9rip\u00e9ties et aventures que seule l&rsquo;imagination enfantine peut inventer.<\/em><\/p>\n<p style=\"text-align: justify;\"><em>Il y est ainsi question d&rsquo;amiti\u00e9, d&rsquo;imagination enfantine, de r\u00e9silience, de relation m\u00e8re\/fils, la m\u00e8re de Diego aimante mais totalement d\u00e9pass\u00e9e dans l&rsquo;\u00e9ducation de son fils, de charge mentale&#8230;\u00a0 Un bon moment de lecture avec cette histoire compl\u00e8tement loufoque (parfois teint\u00e9e d&rsquo;humour noir) et qui rentre pile poil dans le th\u00e8me \u00ab\u00a0No\u00eblloween\u00a0\u00bb, l&rsquo;histoire se passant \u00e0 No\u00ebl et mettant en sc\u00e8ne une \u00ab\u00a0jeune\u00a0\u00bb vampire!<\/em><\/p>\n<div id=\"attachment_32981\" style=\"width: 117px\" class=\"wp-caption alignleft\"><img data-recalc-dims=\"1\" loading=\"lazy\" decoding=\"async\" aria-describedby=\"caption-attachment-32981\" data-attachment-id=\"32981\" data-permalink=\"http:\/\/www.jojoenherbe.com\/index.php\/2023\/11\/10\/billet-de-suivi-il-etait-11-fois-noel\/noellowen-2023-logo-2\/\" data-orig-file=\"https:\/\/i0.wp.com\/www.jojoenherbe.com\/wp-content\/uploads\/2023\/11\/Noellowen-2023-logo-2.jpg?fit=740%2C740\" data-orig-size=\"740,740\" data-comments-opened=\"1\" data-image-meta=\"{&quot;aperture&quot;:&quot;0&quot;,&quot;credit&quot;:&quot;&quot;,&quot;camera&quot;:&quot;&quot;,&quot;caption&quot;:&quot;&quot;,&quot;created_timestamp&quot;:&quot;1699026322&quot;,&quot;copyright&quot;:&quot;&quot;,&quot;focal_length&quot;:&quot;0&quot;,&quot;iso&quot;:&quot;0&quot;,&quot;shutter_speed&quot;:&quot;0&quot;,&quot;title&quot;:&quot;&quot;,&quot;orientation&quot;:&quot;0&quot;}\" data-image-title=\"No\u00ebllowen 2023 &amp;#8211; logo 2\" data-image-description=\"\" data-image-caption=\"\" data-large-file=\"https:\/\/i0.wp.com\/www.jojoenherbe.com\/wp-content\/uploads\/2023\/11\/Noellowen-2023-logo-2.jpg?fit=676%2C676\" class=\"wp-image-32981\" src=\"https:\/\/i0.wp.com\/www.jojoenherbe.com\/wp-content\/uploads\/2023\/11\/Noellowen-2023-logo-2.jpg?resize=107%2C107\" alt=\"\" width=\"107\" height=\"107\" srcset=\"https:\/\/i0.wp.com\/www.jojoenherbe.com\/wp-content\/uploads\/2023\/11\/Noellowen-2023-logo-2.jpg?w=740 740w, https:\/\/i0.wp.com\/www.jojoenherbe.com\/wp-content\/uploads\/2023\/11\/Noellowen-2023-logo-2.jpg?resize=300%2C300 300w, https:\/\/i0.wp.com\/www.jojoenherbe.com\/wp-content\/uploads\/2023\/11\/Noellowen-2023-logo-2.jpg?resize=150%2C150 150w, https:\/\/i0.wp.com\/www.jojoenherbe.com\/wp-content\/uploads\/2023\/11\/Noellowen-2023-logo-2.jpg?resize=676%2C676 676w\" sizes=\"auto, (max-width: 107px) 100vw, 107px\" \/><p id=\"caption-attachment-32981\" class=\"wp-caption-text\">Participation #1 No\u00eblloween 2023 avec <em><a href=\"https:\/\/lelivroblog.fr\/2023\/09\/19\/le-challenge-halloween-2023\/\">Hilde<\/a>, <a href=\"http:\/\/www.myloubook.com\/2023\/09\/19\/challenge-halloween-2023\/\">Lou<\/a><\/em>, <em><a href=\"https:\/\/www.laplanquealibellules.fr\/2023\/11\/il-etait-onze-fois-noel.html\/\">Chicky Poo<\/a> et <a href=\"http:\/\/viedecontedefee.blogspot.com\/2023\/11\/1744-its-time-il-etait-onze-fois-noel.html\">Samarian<\/a><\/em><\/p><\/div>\n<div id=\"attachment_33087\" style=\"width: 133px\" class=\"wp-caption alignleft\"><img data-recalc-dims=\"1\" loading=\"lazy\" decoding=\"async\" aria-describedby=\"caption-attachment-33087\" data-attachment-id=\"33087\" data-permalink=\"http:\/\/www.jojoenherbe.com\/index.php\/2023\/01\/06\/mes-challenges-livresques-2023\/challenge-christmas-time-2023-logo-2\/\" data-orig-file=\"https:\/\/i0.wp.com\/www.jojoenherbe.com\/wp-content\/uploads\/2023\/01\/Challenge-Christmas-Time-2023-logo-2.jpg?fit=564%2C410\" data-orig-size=\"564,410\" data-comments-opened=\"1\" data-image-meta=\"{&quot;aperture&quot;:&quot;0&quot;,&quot;credit&quot;:&quot;&quot;,&quot;camera&quot;:&quot;&quot;,&quot;caption&quot;:&quot;&quot;,&quot;created_timestamp&quot;:&quot;1700400496&quot;,&quot;copyright&quot;:&quot;&quot;,&quot;focal_length&quot;:&quot;0&quot;,&quot;iso&quot;:&quot;0&quot;,&quot;shutter_speed&quot;:&quot;0&quot;,&quot;title&quot;:&quot;&quot;,&quot;orientation&quot;:&quot;0&quot;}\" data-image-title=\"Challenge Christmas Time 2023 &amp;#8211; logo 2\" data-image-description=\"\" data-image-caption=\"&lt;p&gt;Participation # Challenge Christmas Time 2023 de MyaRosa #Illuminations&lt;\/p&gt;\n\" data-large-file=\"https:\/\/i0.wp.com\/www.jojoenherbe.com\/wp-content\/uploads\/2023\/01\/Challenge-Christmas-Time-2023-logo-2.jpg?fit=564%2C410\" class=\"wp-image-33087\" src=\"https:\/\/i0.wp.com\/www.jojoenherbe.com\/wp-content\/uploads\/2023\/01\/Challenge-Christmas-Time-2023-logo-2.jpg?resize=123%2C89\" alt=\"\" width=\"123\" height=\"89\" srcset=\"https:\/\/i0.wp.com\/www.jojoenherbe.com\/wp-content\/uploads\/2023\/01\/Challenge-Christmas-Time-2023-logo-2.jpg?w=564 564w, https:\/\/i0.wp.com\/www.jojoenherbe.com\/wp-content\/uploads\/2023\/01\/Challenge-Christmas-Time-2023-logo-2.jpg?resize=300%2C218 300w\" sizes=\"auto, (max-width: 123px) 100vw, 123px\" \/><p id=\"caption-attachment-33087\" class=\"wp-caption-text\">Participation #1 Challenge Christmas Time 2023 de <em><a href=\"http:\/\/mya-books.over-blog.com\/2023\/11\/challenge-christmas-time-2023.html\">MyaRosa<\/a><\/em> #BD jeunesse<\/p><\/div>\n<div style=\"width: 118px\" class=\"wp-caption alignleft\"><img loading=\"lazy\" decoding=\"async\" src=\"https:\/\/lh3.googleusercontent.com\/pw\/AL9nZEWED5sOowfaAIivQoSsFwl6hy51lsnek_4EIHIPI8waW2MHjhj6cf1EWilIUD7SnvlDRky5UrFLm6lgTjQT1BDXKA7teG_K1CBqytzzkXj-pFGsHXBy_zmGvKTiD_gxxb6BAz3Fn3Q7E1EJdf1tGnU3MQ=w285-h217-no?authuser=0\" alt=\"\" width=\"108\" height=\"82\" \/><p class=\"wp-caption-text\">Challenge Petit Bac d\u2019<a href=\"https:\/\/ennalit.wordpress.com\/2022\/12\/01\/challenge-petit-bac-2023-qui-veut-jouer\/\" data-rich-text-format-boundary=\"true\">Enna<\/a> #6 Cat\u00e9gorie Objet: \u00ab Placard \u00bb<\/p><\/div>\n","protected":false},"excerpt":{"rendered":"<p>J&rsquo;ai lu le tome 1 d\u2019Elizabeth et Diego, Une vampire dans mon placard de Swann M\u00e9ralli et Arthur du Coteau (\u00e9d. Dargaud, janvier 2023, 52 pages), une BD jeunesse \u00e0 partir de 9\/10 ans que j&rsquo;ai pu d&rsquo;abord consulter en ligne gr\u00e2ce \u00e0 ma m\u00e9diath\u00e8que puis, quelques jours plus tard, emprunter aussi en version papier. [&hellip;]<\/p>\n","protected":false},"author":1,"featured_media":33222,"comment_status":"open","ping_status":"open","sticky":false,"template":"","format":"standard","meta":{"jetpack_post_was_ever_published":false,"_jetpack_newsletter_access":"","_jetpack_dont_email_post_to_subs":false,"_jetpack_newsletter_tier_id":0,"_jetpack_memberships_contains_paywalled_content":false,"_jetpack_memberships_contains_paid_content":false,"footnotes":""},"categories":[363],"tags":[852,3903,386,3902,596,1226,3529,3526,3519,705,3904,893,538,3528,367,1797,1056,19,3900,1229,2408,3622,2081,3901,911],"class_list":["post-33011","post","type-post","status-publish","format-standard","has-post-thumbnail","hentry","category-mini-lecteur","tag-9-12-ans","tag-accident-de-la-circulation","tag-amitie","tag-arthur-de-coteau","tag-bandes-dessinees","tag-bd-jeunesse","tag-challenge-christmas-time-2023","tag-challenge-halloween-2023","tag-challenge-petit-bac-2023","tag-chat","tag-famille-monoparentale","tag-handicap","tag-humour","tag-il-etait-11-fois-noel","tag-lecture-jeunesse","tag-lectures-dhalloween","tag-lectures-de-noel","tag-noel","tag-noelloween-2023","tag-orphelin","tag-relation-enfant-animal","tag-relation-mere-enfant","tag-resilience","tag-swann-meralli","tag-vampire","post-preview"],"jetpack_featured_media_url":"https:\/\/i0.wp.com\/www.jojoenherbe.com\/wp-content\/uploads\/2023\/11\/Elizabeth-et-Diego-T1-8-scaled.jpg?fit=2560%2C2016","jetpack_sharing_enabled":true,"jetpack_shortlink":"https:\/\/wp.me\/p9zhGx-8Ar","jetpack_likes_enabled":true,"jetpack-related-posts":[{"id":33098,"url":"http:\/\/www.jojoenherbe.com\/index.php\/2023\/11\/15\/billet-de-suivi-challenge-christmas-time-2023\/","url_meta":{"origin":33011,"position":0},"title":"Billet de suivi: Challenge Christmas Time 2023","author":"Jojo","date":"15 novembre 2023","format":false,"excerpt":"Le mois de d\u00e9cembre approchant, c\u2019est le retour du Challenge Christmas Time 2023, un challenge de No\u00ebl organis\u00e9 par MyaRosa et qui se d\u00e9roule du 15 novembre 2023 au 15 janvier 2024. Encore cette ann\u00e9e, MyaRosa a r\u00e9alis\u00e9 de tr\u00e8s jolis logos et un planning facultatif \u00e0 partir du 1er\u2026","rel":"","context":"Dans &quot;Mini challenger&quot;","block_context":{"text":"Mini challenger","link":"http:\/\/www.jojoenherbe.com\/index.php\/category\/mini-challenger\/"},"img":{"alt_text":"","src":"https:\/\/i0.wp.com\/www.jojoenherbe.com\/wp-content\/uploads\/2023\/01\/Challenge-Christmas-Time-2023-logo-2.jpg?fit=564%2C410&resize=350%2C200","width":350,"height":200,"srcset":"https:\/\/i0.wp.com\/www.jojoenherbe.com\/wp-content\/uploads\/2023\/01\/Challenge-Christmas-Time-2023-logo-2.jpg?fit=564%2C410&resize=350%2C200 1x, https:\/\/i0.wp.com\/www.jojoenherbe.com\/wp-content\/uploads\/2023\/01\/Challenge-Christmas-Time-2023-logo-2.jpg?fit=564%2C410&resize=525%2C300 1.5x"},"classes":[]},{"id":32973,"url":"http:\/\/www.jojoenherbe.com\/index.php\/2023\/11\/10\/billet-de-suivi-il-etait-11-fois-noel\/","url_meta":{"origin":33011,"position":1},"title":"Billet de suivi: Il \u00e9tait 11 fois No\u00ebl","author":"Jojo","date":"10 novembre 2023","format":false,"excerpt":"Le mois de d\u00e9cembre approchant, c\u2019est le retour de Il \u00e9tait 11 fois No\u00ebl, un challenge de No\u00ebl coorganis\u00e9 par Chicky Poo et Samarian qui ouvrent les portes de leur Chalet du 9 novembre 2023 au 7 janvier 2024. Pour plus d\u2019infos, n\u2019h\u00e9sitez pas \u00e0 aller sur leurs blogs. Ce\u2026","rel":"","context":"Dans &quot;Mini challenger&quot;","block_context":{"text":"Mini challenger","link":"http:\/\/www.jojoenherbe.com\/index.php\/category\/mini-challenger\/"},"img":{"alt_text":"","src":"https:\/\/i0.wp.com\/www.jojoenherbe.com\/wp-content\/uploads\/2023\/01\/Il-etait-11-fois-Noel-logo.jpg?fit=622%2C622&resize=350%2C200","width":350,"height":200,"srcset":"https:\/\/i0.wp.com\/www.jojoenherbe.com\/wp-content\/uploads\/2023\/01\/Il-etait-11-fois-Noel-logo.jpg?fit=622%2C622&resize=350%2C200 1x, https:\/\/i0.wp.com\/www.jojoenherbe.com\/wp-content\/uploads\/2023\/01\/Il-etait-11-fois-Noel-logo.jpg?fit=622%2C622&resize=525%2C300 1.5x"},"classes":[]},{"id":12976,"url":"http:\/\/www.jojoenherbe.com\/index.php\/2023\/10\/20\/notre-selection-vampires-pour-le-challenge-halloween\/","url_meta":{"origin":33011,"position":2},"title":"Notre s\u00e9lection \u00ab\u00a0Vampires\u00a0\u00bb pour le Challenge Halloween","author":"Jojo","date":"20 octobre 2023","format":false,"excerpt":"Apr\u00e8s les sorci\u00e8res, les ogres et les fant\u00f4mes en 2020, voici notre s\u00e9lection \"Vampires\" avec des livres aussi d\u00e9j\u00e0 lus et\/ou chroniqu\u00e9s les ann\u00e9es pr\u00e9c\u00e9dentes. Lorsqu'il s'agit d'une s\u00e9rie, je n'ai mentionn\u00e9 que le premier tome ou celui o\u00f9 il y a le plus de vampires. Et pour changer de\u2026","rel":"","context":"Dans &quot;Mini challenger&quot;","block_context":{"text":"Mini challenger","link":"http:\/\/www.jojoenherbe.com\/index.php\/category\/mini-challenger\/"},"img":{"alt_text":"","src":"https:\/\/i0.wp.com\/www.jojoenherbe.com\/wp-content\/uploads\/2023\/10\/Selection-Vampires-2023-scaled.jpg?fit=1200%2C857&resize=350%2C200","width":350,"height":200,"srcset":"https:\/\/i0.wp.com\/www.jojoenherbe.com\/wp-content\/uploads\/2023\/10\/Selection-Vampires-2023-scaled.jpg?fit=1200%2C857&resize=350%2C200 1x, https:\/\/i0.wp.com\/www.jojoenherbe.com\/wp-content\/uploads\/2023\/10\/Selection-Vampires-2023-scaled.jpg?fit=1200%2C857&resize=525%2C300 1.5x, https:\/\/i0.wp.com\/www.jojoenherbe.com\/wp-content\/uploads\/2023\/10\/Selection-Vampires-2023-scaled.jpg?fit=1200%2C857&resize=700%2C400 2x, https:\/\/i0.wp.com\/www.jojoenherbe.com\/wp-content\/uploads\/2023\/10\/Selection-Vampires-2023-scaled.jpg?fit=1200%2C857&resize=1050%2C600 3x"},"classes":[]},{"id":42152,"url":"http:\/\/www.jojoenherbe.com\/index.php\/2026\/01\/07\/au-fil-des-pages-avec-le-tome-1-de-maiana\/","url_meta":{"origin":33011,"position":3},"title":"Au fil des pages avec le tome 1 de Ma\u00efana","author":"Jojo","date":"7 janvier 2026","format":false,"excerpt":"Pour la BD de la Semaine, j'ai choisi le tome 1 de Ma\u00efana, Le calendrier de l'Avant de Carbone et Pauline Berdal (\u00e9d. Jungle, octobre 2019, 48 pages), une BD jeunesse \u00e0 partir de 9\/10 ans et que j'avais lue, en d\u00e9cembre 2023, en version num\u00e9rique via ma m\u00e9diath\u00e8que. A\u2026","rel":"","context":"Dans &quot;Mini lecteur&quot;","block_context":{"text":"Mini lecteur","link":"http:\/\/www.jojoenherbe.com\/index.php\/category\/mini-lecteur\/"},"img":{"alt_text":"","src":"https:\/\/i0.wp.com\/www.jojoenherbe.com\/wp-content\/uploads\/2026\/01\/Maiana-T1.jpg?fit=750%2C1006&resize=350%2C200","width":350,"height":200,"srcset":"https:\/\/i0.wp.com\/www.jojoenherbe.com\/wp-content\/uploads\/2026\/01\/Maiana-T1.jpg?fit=750%2C1006&resize=350%2C200 1x, https:\/\/i0.wp.com\/www.jojoenherbe.com\/wp-content\/uploads\/2026\/01\/Maiana-T1.jpg?fit=750%2C1006&resize=525%2C300 1.5x, https:\/\/i0.wp.com\/www.jojoenherbe.com\/wp-content\/uploads\/2026\/01\/Maiana-T1.jpg?fit=750%2C1006&resize=700%2C400 2x"},"classes":[]},{"id":22845,"url":"http:\/\/www.jojoenherbe.com\/index.php\/2023\/12\/24\/au-fil-des-pages-avec-le-noel-de-nicodeme\/","url_meta":{"origin":33011,"position":4},"title":"Au fil des pages avec Le No\u00ebl de Nicod\u00e8me","author":"Jojo","date":"24 d\u00e9cembre 2023","format":false,"excerpt":"Cela fait plusieurs ann\u00e9es de suite que nous empruntons \u00e0 la m\u00e9diath\u00e8que Le No\u00ebl de Nicod\u00e8me d'Agn\u00e8s Laroche et St\u00e9phanie Augusseau (\u00e9d. Alice Jeunesse, octobre 2015, 40 pages), un album jeunesse \u00e0 partir de 3 ans. En ce soir de No\u00ebl, Nicod\u00e8me, un petit gar\u00e7on est bien d\u00e9cid\u00e9 \u00e0 rencontrer\u2026","rel":"","context":"Dans &quot;Mini lecteur&quot;","block_context":{"text":"Mini lecteur","link":"http:\/\/www.jojoenherbe.com\/index.php\/category\/mini-lecteur\/"},"img":{"alt_text":"","src":"https:\/\/i0.wp.com\/www.jojoenherbe.com\/wp-content\/uploads\/2023\/12\/Le-Noel-de-Nicodeme-scaled.jpg?fit=1200%2C900&resize=350%2C200","width":350,"height":200,"srcset":"https:\/\/i0.wp.com\/www.jojoenherbe.com\/wp-content\/uploads\/2023\/12\/Le-Noel-de-Nicodeme-scaled.jpg?fit=1200%2C900&resize=350%2C200 1x, https:\/\/i0.wp.com\/www.jojoenherbe.com\/wp-content\/uploads\/2023\/12\/Le-Noel-de-Nicodeme-scaled.jpg?fit=1200%2C900&resize=525%2C300 1.5x, https:\/\/i0.wp.com\/www.jojoenherbe.com\/wp-content\/uploads\/2023\/12\/Le-Noel-de-Nicodeme-scaled.jpg?fit=1200%2C900&resize=700%2C400 2x, https:\/\/i0.wp.com\/www.jojoenherbe.com\/wp-content\/uploads\/2023\/12\/Le-Noel-de-Nicodeme-scaled.jpg?fit=1200%2C900&resize=1050%2C600 3x"},"classes":[]},{"id":33712,"url":"http:\/\/www.jojoenherbe.com\/index.php\/2023\/12\/23\/au-fil-des-pages-avec-le-tome-5-de-rita-et-machin\/","url_meta":{"origin":33011,"position":5},"title":"Au fil des pages avec le tome 5 de Rita et Machin","author":"Jojo","date":"23 d\u00e9cembre 2023","format":false,"excerpt":"Lors du RAT de No\u00ebl 2019, nous avions lu le tome 5 de Rita et Machin, Le No\u00ebl de Rita et Machin de Jean-Philippe Arrou-Vignod et Olivier Tallec (\u00e9d. Gallimard Jeunesse, 2006, 28 pages), un album jeunesse \u00e0 partir de 4 ans. Ce soir, c'est la nuit de No\u00ebl mais\u2026","rel":"","context":"Dans &quot;Mini lecteur&quot;","block_context":{"text":"Mini lecteur","link":"http:\/\/www.jojoenherbe.com\/index.php\/category\/mini-lecteur\/"},"img":{"alt_text":"","src":"https:\/\/i0.wp.com\/www.jojoenherbe.com\/wp-content\/uploads\/2023\/12\/Le-Noel-de-Rita-et-Machin-scaled.jpg?fit=1200%2C833&resize=350%2C200","width":350,"height":200,"srcset":"https:\/\/i0.wp.com\/www.jojoenherbe.com\/wp-content\/uploads\/2023\/12\/Le-Noel-de-Rita-et-Machin-scaled.jpg?fit=1200%2C833&resize=350%2C200 1x, https:\/\/i0.wp.com\/www.jojoenherbe.com\/wp-content\/uploads\/2023\/12\/Le-Noel-de-Rita-et-Machin-scaled.jpg?fit=1200%2C833&resize=525%2C300 1.5x, https:\/\/i0.wp.com\/www.jojoenherbe.com\/wp-content\/uploads\/2023\/12\/Le-Noel-de-Rita-et-Machin-scaled.jpg?fit=1200%2C833&resize=700%2C400 2x, https:\/\/i0.wp.com\/www.jojoenherbe.com\/wp-content\/uploads\/2023\/12\/Le-Noel-de-Rita-et-Machin-scaled.jpg?fit=1200%2C833&resize=1050%2C600 3x"},"classes":[]}],"_links":{"self":[{"href":"http:\/\/www.jojoenherbe.com\/index.php\/wp-json\/wp\/v2\/posts\/33011","targetHints":{"allow":["GET"]}}],"collection":[{"href":"http:\/\/www.jojoenherbe.com\/index.php\/wp-json\/wp\/v2\/posts"}],"about":[{"href":"http:\/\/www.jojoenherbe.com\/index.php\/wp-json\/wp\/v2\/types\/post"}],"author":[{"embeddable":true,"href":"http:\/\/www.jojoenherbe.com\/index.php\/wp-json\/wp\/v2\/users\/1"}],"replies":[{"embeddable":true,"href":"http:\/\/www.jojoenherbe.com\/index.php\/wp-json\/wp\/v2\/comments?post=33011"}],"version-history":[{"count":12,"href":"http:\/\/www.jojoenherbe.com\/index.php\/wp-json\/wp\/v2\/posts\/33011\/revisions"}],"predecessor-version":[{"id":33293,"href":"http:\/\/www.jojoenherbe.com\/index.php\/wp-json\/wp\/v2\/posts\/33011\/revisions\/33293"}],"wp:featuredmedia":[{"embeddable":true,"href":"http:\/\/www.jojoenherbe.com\/index.php\/wp-json\/wp\/v2\/media\/33222"}],"wp:attachment":[{"href":"http:\/\/www.jojoenherbe.com\/index.php\/wp-json\/wp\/v2\/media?parent=33011"}],"wp:term":[{"taxonomy":"category","embeddable":true,"href":"http:\/\/www.jojoenherbe.com\/index.php\/wp-json\/wp\/v2\/categories?post=33011"},{"taxonomy":"post_tag","embeddable":true,"href":"http:\/\/www.jojoenherbe.com\/index.php\/wp-json\/wp\/v2\/tags?post=33011"}],"curies":[{"name":"wp","href":"https:\/\/api.w.org\/{rel}","templated":true}]}}