{"id":32823,"date":"2023-10-23T11:20:31","date_gmt":"2023-10-23T09:20:31","guid":{"rendered":"https:\/\/www.jojoenherbe.com\/?p=32823"},"modified":"2023-11-11T11:21:35","modified_gmt":"2023-11-11T10:21:35","slug":"point-lecture-hebdomadaire-2023-42","status":"publish","type":"post","link":"http:\/\/www.jojoenherbe.com\/index.php\/2023\/10\/23\/point-lecture-hebdomadaire-2023-42\/","title":{"rendered":"Point lecture hebdomadaire 2023 #42"},"content":{"rendered":"<p style=\"text-align: justify;\"><em>En ce d\u00e9but de semaine, voici notre point lecture hebdomadaire avec un retour sur nos lectures de la semaine derni\u00e8re (mais pas nos relectures) et qui sont encore pour la plupart halloweenesques.<br \/><\/em><\/p>\n<p><span style=\"text-decoration: underline;\"><strong>Nos lectures du 16 au 22 octobre 2023<\/strong><\/span><strong>:<\/strong><\/p>\n<p><em><span style=\"text-decoration: underline;\">Des lectures jeunesse<\/span>:<\/em><\/p>\n<p style=\"text-align: justify;\"><em>Cela faisait longtemps que mon mini sorcier ne s&rsquo;\u00e9tait pas plong\u00e9 dans autant de nouvelles lectures. Peut-\u00eatre le fait que les vacances aient commenc\u00e9 plus t\u00f4t en raison de la fermeture des \u00e9coles vendredi en raison de l&rsquo;alerte rouge pluie-inondations y a contribu\u00e9 et que le samedi pr\u00e9c\u00e9dent nous \u00e9tions all\u00e9s \u00e0 la m\u00e9diath\u00e8que.<\/em><\/p>\n<ul>\n<li style=\"text-align: justify;\"><em>(Roman jeunesse illustr\u00e9) <strong><span style=\"text-decoration: underline;\">Mortina, Les Vacances au lac Myst\u00e8re<\/span><\/strong> de Barbara Cantini <strong>(T4)<\/strong><\/em><\/li>\n<\/ul>\n<p style=\"text-align: justify;\"><a href=\"https:\/\/i0.wp.com\/www.jojoenherbe.com\/wp-content\/uploads\/2023\/10\/Mortina-T4-scaled.jpg\"><img data-recalc-dims=\"1\" loading=\"lazy\" decoding=\"async\" data-attachment-id=\"32708\" data-permalink=\"http:\/\/www.jojoenherbe.com\/index.php\/2023\/10\/18\/au-fil-des-pages-avec-le-tome-4-de-mortina\/mortina-t4-6\/\" data-orig-file=\"https:\/\/i0.wp.com\/www.jojoenherbe.com\/wp-content\/uploads\/2023\/10\/Mortina-T4-scaled.jpg?fit=2560%2C2065\" data-orig-size=\"2560,2065\" data-comments-opened=\"1\" data-image-meta=\"{&quot;aperture&quot;:&quot;1.8&quot;,&quot;credit&quot;:&quot;&quot;,&quot;camera&quot;:&quot;iPhone 7&quot;,&quot;caption&quot;:&quot;&quot;,&quot;created_timestamp&quot;:&quot;1697642690&quot;,&quot;copyright&quot;:&quot;&quot;,&quot;focal_length&quot;:&quot;3.99&quot;,&quot;iso&quot;:&quot;80&quot;,&quot;shutter_speed&quot;:&quot;0.2&quot;,&quot;title&quot;:&quot;&quot;,&quot;orientation&quot;:&quot;1&quot;}\" data-image-title=\"Mortina T4\" data-image-description=\"\" data-image-caption=\"\" data-large-file=\"https:\/\/i0.wp.com\/www.jojoenherbe.com\/wp-content\/uploads\/2023\/10\/Mortina-T4-scaled.jpg?fit=676%2C545\" class=\"alignleft size-thumbnail wp-image-32708\" src=\"https:\/\/i0.wp.com\/www.jojoenherbe.com\/wp-content\/uploads\/2023\/10\/Mortina-T4.jpg?resize=150%2C150\" alt=\"\" width=\"150\" height=\"150\" srcset=\"https:\/\/i0.wp.com\/www.jojoenherbe.com\/wp-content\/uploads\/2023\/10\/Mortina-T4-scaled.jpg?resize=150%2C150 150w, https:\/\/i0.wp.com\/www.jojoenherbe.com\/wp-content\/uploads\/2023\/10\/Mortina-T4-scaled.jpg?zoom=2&amp;resize=150%2C150 300w, https:\/\/i0.wp.com\/www.jojoenherbe.com\/wp-content\/uploads\/2023\/10\/Mortina-T4-scaled.jpg?zoom=3&amp;resize=150%2C150 450w\" sizes=\"auto, (max-width: 150px) 100vw, 150px\" \/><\/a><em>J&rsquo;ai lu le <a href=\"https:\/\/www.jojoenherbe.com\/index.php\/2023\/10\/18\/au-fil-des-pages-avec-le-tome-4-de-mortina\/\">tome 4<\/a> de Mortina, Les Vacances au lac Myst\u00e8re de Barbara Cantini (\u00e9d. Albin Michel Jeunesse, octobre 2020, 50 pages), un un roman jeunesse illustr\u00e9 (premi\u00e8res lectures) \u00e0 partir de 6 ans, Mortina et sa famille de la villa D\u00e9cadente \u00e9tant invit\u00e9es en vacances pour le solstice d\u2019\u00e9t\u00e9 chez Tante M\u00e9g\u00e8re, la s\u0153ur de Tante Tr\u00e9pass\u00e9e et m\u00e8re du cousin Dilbert, \u00e0 la villa Falbala sur les rives du lac Myst\u00e8re qui est sur le point d&rsquo;\u00eatre mis aux ench\u00e8res, faute d&rsquo;h\u00e9ritier connu. Encore un bon moment de lecture avec cette histoire rigolote, \u00e0 l\u2019ambiance gothique et qui finit comme \u00e0 chaque fois sur une chouette morale! Un tome 5, <span style=\"text-decoration: underline;\">Une effroyable surprise<\/span> est paru le 2 octobre 2023.<\/em><\/p>\n<ul>\n<li style=\"text-align: justify;\"><em>(Album jeunesse) <strong><span style=\"text-decoration: underline;\">\u00c7a d\u00e9m\u00e9nage!<\/span><\/strong> de Fred Paronuzzi et Marianne Barcilon<\/em><\/li>\n<\/ul>\n<p style=\"text-align: justify;\"><em><a href=\"https:\/\/i0.wp.com\/www.jojoenherbe.com\/wp-content\/uploads\/2023\/10\/ca-demenage-scaled.jpg\"><img data-recalc-dims=\"1\" loading=\"lazy\" decoding=\"async\" data-attachment-id=\"32857\" data-permalink=\"http:\/\/www.jojoenherbe.com\/index.php\/2023\/10\/23\/point-lecture-hebdomadaire-2023-42\/ca-demenage\/\" data-orig-file=\"https:\/\/i0.wp.com\/www.jojoenherbe.com\/wp-content\/uploads\/2023\/10\/ca-demenage-scaled.jpg?fit=2560%2C1704\" data-orig-size=\"2560,1704\" data-comments-opened=\"1\" data-image-meta=\"{&quot;aperture&quot;:&quot;1.8&quot;,&quot;credit&quot;:&quot;&quot;,&quot;camera&quot;:&quot;iPhone 7&quot;,&quot;caption&quot;:&quot;&quot;,&quot;created_timestamp&quot;:&quot;1698165315&quot;,&quot;copyright&quot;:&quot;&quot;,&quot;focal_length&quot;:&quot;3.99&quot;,&quot;iso&quot;:&quot;100&quot;,&quot;shutter_speed&quot;:&quot;0.058823529411765&quot;,&quot;title&quot;:&quot;&quot;,&quot;orientation&quot;:&quot;1&quot;}\" data-image-title=\"\u00e7a d\u00e9m\u00e9nage\" data-image-description=\"\" data-image-caption=\"\" data-large-file=\"https:\/\/i0.wp.com\/www.jojoenherbe.com\/wp-content\/uploads\/2023\/10\/ca-demenage-scaled.jpg?fit=676%2C450\" class=\"size-thumbnail wp-image-32857 alignright\" src=\"https:\/\/i0.wp.com\/www.jojoenherbe.com\/wp-content\/uploads\/2023\/10\/ca-demenage.jpg?resize=150%2C150\" alt=\"\" width=\"150\" height=\"150\" srcset=\"https:\/\/i0.wp.com\/www.jojoenherbe.com\/wp-content\/uploads\/2023\/10\/ca-demenage-scaled.jpg?resize=150%2C150 150w, https:\/\/i0.wp.com\/www.jojoenherbe.com\/wp-content\/uploads\/2023\/10\/ca-demenage-scaled.jpg?zoom=2&amp;resize=150%2C150 300w, https:\/\/i0.wp.com\/www.jojoenherbe.com\/wp-content\/uploads\/2023\/10\/ca-demenage-scaled.jpg?zoom=3&amp;resize=150%2C150 450w\" sizes=\"auto, (max-width: 150px) 100vw, 150px\" \/><\/a>Nous avons lu <span style=\"text-decoration: underline;\">\u00c7a d\u00e9m\u00e9nage!<\/span> de Fred Paronuzzi et Marianne Barcilon (\u00e9d. Kal\u00e9idoscope, diff. L&rsquo;\u00e9cole des loisirs, septembre 2019, 40 pages), un album jeunesse \u00e0 partir de 3\/4 ans et au format \u00e0 l&rsquo;italienne. Au beau milieu de la nuit, Marcel, le p\u00e8re chauve-souris se r\u00e9veille en d\u00e9cidant qu&rsquo;il est temps de d\u00e9m\u00e9nager afin de trouver un meilleur cadre de vie. Mais l&rsquo;herbe est-elle plus verte ailleurs? Une histoire toute rigolote avec cette famille de chauve-souris qui d\u00e9sesp\u00e8re, de rencontre en rencontre, \u00e0 trouver un endroit pour vivre! Les illustrations de Marianne Barcilon au trait si reconnaissable sont toujours aussi douces, mignonnes et pleines d&rsquo;espi\u00e8glerie.<\/em><\/p>\n<ul>\n<li style=\"text-align: justify;\"><em>(Album jeunesse) <strong><span style=\"text-decoration: underline;\">Dessine-moi une histoire<\/span><\/strong> d&rsquo;Olivier Dupin et Genevi\u00e8ve Despr\u00e9s<\/em><\/li>\n<\/ul>\n<p style=\"text-align: justify;\"><a href=\"https:\/\/i0.wp.com\/www.jojoenherbe.com\/wp-content\/uploads\/2023\/10\/Dessine-moi-une-histoire-scaled.jpg\"><img data-recalc-dims=\"1\" loading=\"lazy\" decoding=\"async\" data-attachment-id=\"32878\" data-permalink=\"http:\/\/www.jojoenherbe.com\/index.php\/2023\/10\/23\/point-lecture-hebdomadaire-2023-42\/dessine-moi-une-histoire\/\" data-orig-file=\"https:\/\/i0.wp.com\/www.jojoenherbe.com\/wp-content\/uploads\/2023\/10\/Dessine-moi-une-histoire-scaled.jpg?fit=2560%2C2047\" data-orig-size=\"2560,2047\" data-comments-opened=\"1\" data-image-meta=\"{&quot;aperture&quot;:&quot;1.8&quot;,&quot;credit&quot;:&quot;&quot;,&quot;camera&quot;:&quot;iPhone 7&quot;,&quot;caption&quot;:&quot;&quot;,&quot;created_timestamp&quot;:&quot;1698165336&quot;,&quot;copyright&quot;:&quot;&quot;,&quot;focal_length&quot;:&quot;3.99&quot;,&quot;iso&quot;:&quot;100&quot;,&quot;shutter_speed&quot;:&quot;0.058823529411765&quot;,&quot;title&quot;:&quot;&quot;,&quot;orientation&quot;:&quot;1&quot;}\" data-image-title=\"Dessine-moi une histoire\" data-image-description=\"\" data-image-caption=\"\" data-large-file=\"https:\/\/i0.wp.com\/www.jojoenherbe.com\/wp-content\/uploads\/2023\/10\/Dessine-moi-une-histoire-scaled.jpg?fit=676%2C541\" class=\"alignleft size-thumbnail wp-image-32878\" src=\"https:\/\/i0.wp.com\/www.jojoenherbe.com\/wp-content\/uploads\/2023\/10\/Dessine-moi-une-histoire.jpg?resize=150%2C150\" alt=\"\" width=\"150\" height=\"150\" srcset=\"https:\/\/i0.wp.com\/www.jojoenherbe.com\/wp-content\/uploads\/2023\/10\/Dessine-moi-une-histoire-scaled.jpg?resize=150%2C150 150w, https:\/\/i0.wp.com\/www.jojoenherbe.com\/wp-content\/uploads\/2023\/10\/Dessine-moi-une-histoire-scaled.jpg?zoom=2&amp;resize=150%2C150 300w, https:\/\/i0.wp.com\/www.jojoenherbe.com\/wp-content\/uploads\/2023\/10\/Dessine-moi-une-histoire-scaled.jpg?zoom=3&amp;resize=150%2C150 450w\" sizes=\"auto, (max-width: 150px) 100vw, 150px\" \/><\/a><em>Nous avons lu <span style=\"text-decoration: underline;\">Dessine-moi une histoire<\/span> d&rsquo;Olivier Dupin et Genevi\u00e8ve Despr\u00e9s (\u00e9d. Mijade, octobre 2019, 32 pages), un album jeunesse \u00e0 partir de 4\/5 ans. Tous les soirs, Marceline, une petite fille, adore se replonger dans la lecture de ses contes pr\u00e9f\u00e9r\u00e9s. Mais un soir, les personnages principaux lui font comprendre qu&rsquo;ils en ont assez de revivre encore et encore les m\u00eames aventures, comme par exemple le Petit Chaperon rouge qui ne veut plus se faire d\u00e9vorer par le Grand M\u00e9chant Loup. Quelle nouvelle histoire la petite fille va-t-elle leur inventer? Mais cela va-t-il plaire aux grands m\u00e9chants des contes? Un bon moment de lecture rigolo avec cet album jeunesse qui fait la part belle \u00e0 l&rsquo;imagination enfantine et la cr\u00e9ativit\u00e9 artistique!<br \/><\/em><\/p>\n<ul>\n<li style=\"text-align: justify;\"><em>(Album jeunesse) <strong><span style=\"text-decoration: underline;\">Peureux toi-m\u00eame!<\/span><\/strong> de Seth Meyers et Rob Sayegh Jr.<\/em><\/li>\n<\/ul>\n<p style=\"text-align: justify;\"><a href=\"https:\/\/i0.wp.com\/www.jojoenherbe.com\/wp-content\/uploads\/2023\/10\/Peureux-toi-meme-scaled.jpg\"><img data-recalc-dims=\"1\" loading=\"lazy\" decoding=\"async\" data-attachment-id=\"32880\" data-permalink=\"http:\/\/www.jojoenherbe.com\/index.php\/2023\/10\/23\/point-lecture-hebdomadaire-2023-42\/peureux-toi-meme\/\" data-orig-file=\"https:\/\/i0.wp.com\/www.jojoenherbe.com\/wp-content\/uploads\/2023\/10\/Peureux-toi-meme-scaled.jpg?fit=2560%2C1675\" data-orig-size=\"2560,1675\" data-comments-opened=\"1\" data-image-meta=\"{&quot;aperture&quot;:&quot;1.8&quot;,&quot;credit&quot;:&quot;&quot;,&quot;camera&quot;:&quot;iPhone 7&quot;,&quot;caption&quot;:&quot;&quot;,&quot;created_timestamp&quot;:&quot;1698165324&quot;,&quot;copyright&quot;:&quot;&quot;,&quot;focal_length&quot;:&quot;3.99&quot;,&quot;iso&quot;:&quot;100&quot;,&quot;shutter_speed&quot;:&quot;0.071428571428571&quot;,&quot;title&quot;:&quot;&quot;,&quot;orientation&quot;:&quot;1&quot;}\" data-image-title=\"Peureux toi-m\u00eame!\" data-image-description=\"\" data-image-caption=\"\" data-large-file=\"https:\/\/i0.wp.com\/www.jojoenherbe.com\/wp-content\/uploads\/2023\/10\/Peureux-toi-meme-scaled.jpg?fit=676%2C442\" class=\"size-thumbnail wp-image-32880 alignright\" src=\"https:\/\/i0.wp.com\/www.jojoenherbe.com\/wp-content\/uploads\/2023\/10\/Peureux-toi-meme.jpg?resize=150%2C150\" alt=\"\" width=\"150\" height=\"150\" srcset=\"https:\/\/i0.wp.com\/www.jojoenherbe.com\/wp-content\/uploads\/2023\/10\/Peureux-toi-meme-scaled.jpg?resize=150%2C150 150w, https:\/\/i0.wp.com\/www.jojoenherbe.com\/wp-content\/uploads\/2023\/10\/Peureux-toi-meme-scaled.jpg?zoom=2&amp;resize=150%2C150 300w, https:\/\/i0.wp.com\/www.jojoenherbe.com\/wp-content\/uploads\/2023\/10\/Peureux-toi-meme-scaled.jpg?zoom=3&amp;resize=150%2C150 450w\" sizes=\"auto, (max-width: 150px) 100vw, 150px\" \/><\/a><em>Nous avons lu et relu <span style=\"text-decoration: underline;\">Peureux toi-m\u00eame!<\/span> de Seth Meyers et Rob Sayegh Jr. (\u00e9d. Kimane, ao\u00fbt 2022, 40 pages), un album jeunesse \u00e0 partir de 4 ans. Un ours a tellement peur de tout qu&rsquo;il a m\u00eame peur de se regarder dans un miroir pour se brosser les dents tandis que son seul ami, un lapin, n&rsquo;a peur de rien. Un jour, le lapin entra\u00eene l&rsquo;ours dans une aventure dans laquelle tout \u00e9l\u00e9ment lui para\u00eet un obstacle infranchissable: une rivi\u00e8re trop profonde, une for\u00eat bien trop dense ou bien encore un pont trop d\u00e9labr\u00e9. Et si finalement reconna\u00eetre sa peur serait la preuve d&rsquo;un grand courage? Il y est ainsi question d&rsquo;amiti\u00e9, de peur, de courage et d&rsquo;entraide. Un tr\u00e8s bon moment de lecture joliment illustr\u00e9 et m\u00eame un coup de c\u0153ur pour mon mini sorcier!<br \/><\/em><\/p>\n<ul>\n<li style=\"text-align: justify;\"><em>(Album jeunesse) <strong><span style=\"text-decoration: underline;\">Le plat du loup plat<\/span><\/strong> de Michel Van Zeveren<\/em><\/li>\n<\/ul>\n<p style=\"text-align: justify;\"><em><a href=\"https:\/\/i0.wp.com\/www.jojoenherbe.com\/wp-content\/uploads\/2023\/10\/Le-plat-du-loup-plat-scaled.jpg\"><img data-recalc-dims=\"1\" loading=\"lazy\" decoding=\"async\" data-attachment-id=\"32868\" data-permalink=\"http:\/\/www.jojoenherbe.com\/index.php\/2023\/10\/23\/point-lecture-hebdomadaire-2023-42\/le-plat-du-loup-plat\/\" data-orig-file=\"https:\/\/i0.wp.com\/www.jojoenherbe.com\/wp-content\/uploads\/2023\/10\/Le-plat-du-loup-plat-scaled.jpg?fit=2560%2C2292\" data-orig-size=\"2560,2292\" data-comments-opened=\"1\" data-image-meta=\"{&quot;aperture&quot;:&quot;1.8&quot;,&quot;credit&quot;:&quot;&quot;,&quot;camera&quot;:&quot;iPhone 7&quot;,&quot;caption&quot;:&quot;&quot;,&quot;created_timestamp&quot;:&quot;1698165485&quot;,&quot;copyright&quot;:&quot;&quot;,&quot;focal_length&quot;:&quot;3.99&quot;,&quot;iso&quot;:&quot;100&quot;,&quot;shutter_speed&quot;:&quot;0.058823529411765&quot;,&quot;title&quot;:&quot;&quot;,&quot;orientation&quot;:&quot;1&quot;}\" data-image-title=\"Le plat du loup plat\" data-image-description=\"\" data-image-caption=\"\" data-large-file=\"https:\/\/i0.wp.com\/www.jojoenherbe.com\/wp-content\/uploads\/2023\/10\/Le-plat-du-loup-plat-scaled.jpg?fit=676%2C605\" class=\"alignleft size-thumbnail wp-image-32868\" src=\"https:\/\/i0.wp.com\/www.jojoenherbe.com\/wp-content\/uploads\/2023\/10\/Le-plat-du-loup-plat.jpg?resize=150%2C150\" alt=\"\" width=\"150\" height=\"150\" srcset=\"https:\/\/i0.wp.com\/www.jojoenherbe.com\/wp-content\/uploads\/2023\/10\/Le-plat-du-loup-plat-scaled.jpg?resize=150%2C150 150w, https:\/\/i0.wp.com\/www.jojoenherbe.com\/wp-content\/uploads\/2023\/10\/Le-plat-du-loup-plat-scaled.jpg?zoom=2&amp;resize=150%2C150 300w, https:\/\/i0.wp.com\/www.jojoenherbe.com\/wp-content\/uploads\/2023\/10\/Le-plat-du-loup-plat-scaled.jpg?zoom=3&amp;resize=150%2C150 450w\" sizes=\"auto, (max-width: 150px) 100vw, 150px\" \/><\/a>Nous avons lu <span style=\"text-decoration: underline;\">Le plat du loup plat<\/span> de Michel Van Zeveren (\u00e9d. L&rsquo;\u00e9cole des loisirs, coll. Pastel, mars 2021, 40 pages), un album jeunesse \u00e0 partir de 3\/4 ans que j&rsquo;avais rep\u00e9r\u00e9 chez <a href=\"https:\/\/mapetitemediatheque.fr\/2021\/04\/le-plat-du-loup-plat-album-jeunesse\/\">Bidib<\/a> et qui avait aussi bien plu \u00e0 <a href=\"https:\/\/delivrer-des-livres.fr\/le-plat-du-loup-plat-de-michel-van-zeveren\/\">M\u00e9lissande<\/a>. C&rsquo;est bien connu, les loups n&rsquo;existent plus que dans les livres. A force de passer de page en page, un loup est devenu tout plat et est bien affam\u00e9. Pourra-t-il se rassasier en mangeant 3 petits cochons crois\u00e9s dans une for\u00eat hivernale? Nous retrouvons avec plaisir l&rsquo;humour et le coup de crayon de Michel Van Zeveren. Un tr\u00e8s bon moment de lecture rigolo avec ce conte d\u00e9tourn\u00e9 avec 2 petits cochons bien inconscients, malgr\u00e9 les mises en garde du plus jeune et face \u00e0 un loup bien rus\u00e9!<\/em><\/p>\n<ul>\n<li style=\"text-align: justify;\"><em>(Album jeunesse) <strong><span style=\"text-decoration: underline;\">Gromislav, le g\u00e9ant qui couvait la Terre<\/span><\/strong> de Carole Tr\u00e9bor et Tristan Gion<\/em><\/li>\n<\/ul>\n<p style=\"text-align: justify;\"><a href=\"https:\/\/i0.wp.com\/www.jojoenherbe.com\/wp-content\/uploads\/2023\/10\/Gromislav-scaled.jpg\"><img data-recalc-dims=\"1\" loading=\"lazy\" decoding=\"async\" data-attachment-id=\"32846\" data-permalink=\"http:\/\/www.jojoenherbe.com\/index.php\/2023\/10\/23\/point-lecture-hebdomadaire-2023-42\/gromislav\/\" data-orig-file=\"https:\/\/i0.wp.com\/www.jojoenherbe.com\/wp-content\/uploads\/2023\/10\/Gromislav-scaled.jpg?fit=2560%2C2066\" data-orig-size=\"2560,2066\" data-comments-opened=\"1\" data-image-meta=\"{&quot;aperture&quot;:&quot;1.8&quot;,&quot;credit&quot;:&quot;&quot;,&quot;camera&quot;:&quot;iPhone 7&quot;,&quot;caption&quot;:&quot;&quot;,&quot;created_timestamp&quot;:&quot;1697894926&quot;,&quot;copyright&quot;:&quot;&quot;,&quot;focal_length&quot;:&quot;3.99&quot;,&quot;iso&quot;:&quot;64&quot;,&quot;shutter_speed&quot;:&quot;0.066666666666667&quot;,&quot;title&quot;:&quot;&quot;,&quot;orientation&quot;:&quot;1&quot;}\" data-image-title=\"Gromislav\" data-image-description=\"\" data-image-caption=\"\" data-large-file=\"https:\/\/i0.wp.com\/www.jojoenherbe.com\/wp-content\/uploads\/2023\/10\/Gromislav-scaled.jpg?fit=676%2C545\" class=\"size-thumbnail wp-image-32846 alignright\" src=\"https:\/\/i0.wp.com\/www.jojoenherbe.com\/wp-content\/uploads\/2023\/10\/Gromislav.jpg?resize=150%2C150\" alt=\"\" width=\"150\" height=\"150\" srcset=\"https:\/\/i0.wp.com\/www.jojoenherbe.com\/wp-content\/uploads\/2023\/10\/Gromislav-scaled.jpg?resize=150%2C150 150w, https:\/\/i0.wp.com\/www.jojoenherbe.com\/wp-content\/uploads\/2023\/10\/Gromislav-scaled.jpg?zoom=2&amp;resize=150%2C150 300w, https:\/\/i0.wp.com\/www.jojoenherbe.com\/wp-content\/uploads\/2023\/10\/Gromislav-scaled.jpg?zoom=3&amp;resize=150%2C150 450w\" sizes=\"auto, (max-width: 150px) 100vw, 150px\" \/><\/a><em>Nous avons lu <span style=\"text-decoration: underline;\">Gromislav, le g\u00e9ant qui couvait la Terre<\/span> de Carole Tr\u00e9bor et Tristan Gion (\u00e9d. Aleph Editions, ao\u00fbt 2019, 48 pages), un album jeunesse \u00e0 partir de 6 ans selon l&rsquo;\u00e9diteur mais je dirai pour les plus grands, \u00e0 partir de 9\/10 ans autour de la mythologie slave. Gromislav est un g\u00e9ant au caract\u00e8re bien diff\u00e9rent de ses fr\u00e8res, amoureux des oiseaux et protecteur de la Nature. Lorsqu&rsquo;avec ses fr\u00e8res, il est chass\u00e9 par les Dieux sur une nouvelle plan\u00e8te, la Terre, ses fr\u00e8res recommencent \u00e0 tout d\u00e9truire et concoctent une vengeance avec un d\u00e9mon. Grosmilav parviendra-t-il \u00e0 d\u00e9jouer leur plan et prot\u00e9ger leur nouvelle plan\u00e8te? Un bon moment de lecture avec ce mythe de cosmogonie \u00e0 la port\u00e9e \u00e9cologique!<\/em><\/p>\n<ul>\n<li style=\"text-align: justify;\"><em>(Album jeunesse) <strong><span style=\"text-decoration: underline;\">La v\u00e9rit\u00e9 sur l&rsquo;affaire des trois petits cochons<\/span><\/strong> de Jon Scieszka et Lane Smith<\/em><\/li>\n<\/ul>\n<p style=\"text-align: justify;\"><a href=\"https:\/\/i0.wp.com\/www.jojoenherbe.com\/wp-content\/uploads\/2023\/10\/La-verite-sur-laffaire-des-trois-petits-cochons-scaled.jpg\"><img data-recalc-dims=\"1\" loading=\"lazy\" decoding=\"async\" data-attachment-id=\"32879\" data-permalink=\"http:\/\/www.jojoenherbe.com\/index.php\/2023\/10\/23\/point-lecture-hebdomadaire-2023-42\/la-verite-sur-laffaire-des-trois-petits-cochons\/\" data-orig-file=\"https:\/\/i0.wp.com\/www.jojoenherbe.com\/wp-content\/uploads\/2023\/10\/La-verite-sur-laffaire-des-trois-petits-cochons-scaled.jpg?fit=2560%2C2043\" data-orig-size=\"2560,2043\" data-comments-opened=\"1\" data-image-meta=\"{&quot;aperture&quot;:&quot;1.8&quot;,&quot;credit&quot;:&quot;&quot;,&quot;camera&quot;:&quot;iPhone 7&quot;,&quot;caption&quot;:&quot;&quot;,&quot;created_timestamp&quot;:&quot;1698165308&quot;,&quot;copyright&quot;:&quot;&quot;,&quot;focal_length&quot;:&quot;3.99&quot;,&quot;iso&quot;:&quot;100&quot;,&quot;shutter_speed&quot;:&quot;0.1&quot;,&quot;title&quot;:&quot;&quot;,&quot;orientation&quot;:&quot;1&quot;}\" data-image-title=\"La v\u00e9rit\u00e9 sur l&amp;rsquo;affaire des trois petits cochons\" data-image-description=\"\" data-image-caption=\"\" data-large-file=\"https:\/\/i0.wp.com\/www.jojoenherbe.com\/wp-content\/uploads\/2023\/10\/La-verite-sur-laffaire-des-trois-petits-cochons-scaled.jpg?fit=676%2C539\" class=\"alignleft size-thumbnail wp-image-32879\" src=\"https:\/\/i0.wp.com\/www.jojoenherbe.com\/wp-content\/uploads\/2023\/10\/La-verite-sur-laffaire-des-trois-petits-cochons.jpg?resize=150%2C150\" alt=\"\" width=\"150\" height=\"150\" srcset=\"https:\/\/i0.wp.com\/www.jojoenherbe.com\/wp-content\/uploads\/2023\/10\/La-verite-sur-laffaire-des-trois-petits-cochons-scaled.jpg?resize=150%2C150 150w, https:\/\/i0.wp.com\/www.jojoenherbe.com\/wp-content\/uploads\/2023\/10\/La-verite-sur-laffaire-des-trois-petits-cochons-scaled.jpg?zoom=2&amp;resize=150%2C150 300w, https:\/\/i0.wp.com\/www.jojoenherbe.com\/wp-content\/uploads\/2023\/10\/La-verite-sur-laffaire-des-trois-petits-cochons-scaled.jpg?zoom=3&amp;resize=150%2C150 450w\" sizes=\"auto, (max-width: 150px) 100vw, 150px\" \/><\/a><em>Nous avons lu <span style=\"text-decoration: underline;\">La v\u00e9rit\u00e9 sur l&rsquo;affaire des trois petits cochons<\/span> de Jon Scieszka et Lane Smith (\u00e9d. Nathan, septembre 1991, 32 pages), un album jeunesse \u00e0 partir de 5 ans. En effet, mon mini sorcier l&rsquo;a \u00e9tudi\u00e9 \u00e0 l&rsquo;\u00e9cole sous forme de tapuscrit en noir et blanc et m&rsquo;avait demand\u00e9 de voir s&rsquo;il y avait un exemplaire \u00e0 notre m\u00e9diath\u00e8que. Il s&rsquo;agit d&rsquo;une r\u00e9\u00e9criture loufoque du conte des <span style=\"text-decoration: underline;\">Trois petits cochons<\/span> sous le point de vue du loup qui donne une interview exclusif \u00e0 la Gazette du Loup. Et dire que le loup ne voulait au d\u00e9part que du sucre pour faire un g\u00e2teau \u00e0 sa vieille grand-m\u00e8re! Tout en mauvaise foi, il se justifie en disant qu&rsquo;il \u00e9tait enrhum\u00e9 et que c&rsquo;\u00e9tait un malheureux concours de circonstance, les \u00e9v\u00e9nements s&rsquo;\u00e9tant encha\u00een\u00e9s sans qu&rsquo;il ne puisse arr\u00eater l&rsquo;in\u00e9vitable et d\u00e9vorer les trois petits cochons. Un innocent aurait-il \u00eatre envoyer \u00e0 tort en prison? Un bon voire tr\u00e8s bon moment de lecture!<\/em> <\/p>\n<ul>\n<li style=\"text-align: justify;\"><em>(Album jeunesse) <strong><span style=\"text-decoration: underline;\">La soupe Lepron<\/span><\/strong> de Giovanna Zoboli et Mariachiara Di Giorgio<\/em><\/li>\n<\/ul>\n<p style=\"text-align: justify;\"><em><a href=\"https:\/\/i0.wp.com\/www.jojoenherbe.com\/wp-content\/uploads\/2023\/10\/La-soupe-Lepron-scaled.jpg\"><img data-recalc-dims=\"1\" loading=\"lazy\" decoding=\"async\" data-attachment-id=\"32862\" data-permalink=\"http:\/\/www.jojoenherbe.com\/index.php\/2023\/10\/23\/point-lecture-hebdomadaire-2023-42\/la-soupe-lepron\/\" data-orig-file=\"https:\/\/i0.wp.com\/www.jojoenherbe.com\/wp-content\/uploads\/2023\/10\/La-soupe-Lepron-scaled.jpg?fit=2560%2C2183\" data-orig-size=\"2560,2183\" data-comments-opened=\"1\" data-image-meta=\"{&quot;aperture&quot;:&quot;1.8&quot;,&quot;credit&quot;:&quot;&quot;,&quot;camera&quot;:&quot;iPhone 7&quot;,&quot;caption&quot;:&quot;&quot;,&quot;created_timestamp&quot;:&quot;1698165296&quot;,&quot;copyright&quot;:&quot;&quot;,&quot;focal_length&quot;:&quot;3.99&quot;,&quot;iso&quot;:&quot;100&quot;,&quot;shutter_speed&quot;:&quot;0.071428571428571&quot;,&quot;title&quot;:&quot;&quot;,&quot;orientation&quot;:&quot;1&quot;}\" data-image-title=\"La soupe Lepron\" data-image-description=\"\" data-image-caption=\"\" data-large-file=\"https:\/\/i0.wp.com\/www.jojoenherbe.com\/wp-content\/uploads\/2023\/10\/La-soupe-Lepron-scaled.jpg?fit=676%2C576\" class=\"size-thumbnail wp-image-32862 alignright\" src=\"https:\/\/i0.wp.com\/www.jojoenherbe.com\/wp-content\/uploads\/2023\/10\/La-soupe-Lepron.jpg?resize=150%2C150\" alt=\"\" width=\"150\" height=\"150\" srcset=\"https:\/\/i0.wp.com\/www.jojoenherbe.com\/wp-content\/uploads\/2023\/10\/La-soupe-Lepron-scaled.jpg?resize=150%2C150 150w, https:\/\/i0.wp.com\/www.jojoenherbe.com\/wp-content\/uploads\/2023\/10\/La-soupe-Lepron-scaled.jpg?zoom=2&amp;resize=150%2C150 300w, https:\/\/i0.wp.com\/www.jojoenherbe.com\/wp-content\/uploads\/2023\/10\/La-soupe-Lepron-scaled.jpg?zoom=3&amp;resize=150%2C150 450w\" sizes=\"auto, (max-width: 150px) 100vw, 150px\" \/><\/a>Nous avons lu <span style=\"text-decoration: underline;\">La soupe Lepron<\/span> de Giovanna Zoboli et Mariachiara Di Giorgio (\u00e9d. Les fourmis rouges, novembre 2022, 48 pages), un album jeunesse aux jolies illustrations vintage, \u00e0 partir de 4 ans selon l&rsquo;\u00e9diteur et qui aborde \u00e0 travers l&rsquo;histoire d&rsquo;un li\u00e8vre, Monsieur Lepron qui industrialise sa production de soupe, face \u00e0 sa notori\u00e9t\u00e9 de plus en plus grande, en oubliant de vivre simplement, aupr\u00e8s de sa famille, tellement il devient obnubil\u00e9 par la gestion de son usine et le profit. Un bon moment de lecture avec cet album jeunesse qui aborde non sans humour le capitalisme et le bonheur simple!<\/em><\/p>\n<p><em><span style=\"text-decoration: underline;\">Des lectures ados\/YA<\/span>:<\/em><\/p>\n<p style=\"text-align: justify;\"><em>J&rsquo;ai lu le premier tome de deux s\u00e9ries de mangas que j&rsquo;avais envie de d\u00e9couvrir, depuis un moment et que je conseillerai plut\u00f4t pour un lectorat adolescent; les 2 ayant \u00e9t\u00e9 mis au rayon adulte de ma m\u00e9diath\u00e8que. Ne connaissant pas grand chose en manga, je sais juste qu&rsquo;ils sont class\u00e9s en Seinen c&rsquo;est-\u00e0-dire pour un lectorat plut\u00f4t de jeunes hommes adultes m\u00eame si les avis positifs que j&rsquo;ai pu lire viennent de blogueuses.<\/em><\/p>\n<ul>\n<li><em>(Manga Seinen) <strong><span style=\"text-decoration: underline;\">L&rsquo;Atelier des Sorciers<\/span><\/strong> de Kamome Shirahama <strong>(T1)<\/strong><\/em><\/li>\n<\/ul>\n<p style=\"text-align: justify;\"><em><a href=\"https:\/\/i0.wp.com\/www.jojoenherbe.com\/wp-content\/uploads\/2023\/10\/LAtelier-des-Sorciers-scaled.jpg\"><img data-recalc-dims=\"1\" loading=\"lazy\" decoding=\"async\" data-attachment-id=\"32834\" data-permalink=\"http:\/\/www.jojoenherbe.com\/index.php\/2023\/10\/23\/point-lecture-hebdomadaire-2023-42\/latelier-des-sorciers\/\" data-orig-file=\"https:\/\/i0.wp.com\/www.jojoenherbe.com\/wp-content\/uploads\/2023\/10\/LAtelier-des-Sorciers-scaled.jpg?fit=2560%2C2005\" data-orig-size=\"2560,2005\" data-comments-opened=\"1\" data-image-meta=\"{&quot;aperture&quot;:&quot;1.8&quot;,&quot;credit&quot;:&quot;&quot;,&quot;camera&quot;:&quot;iPhone 7&quot;,&quot;caption&quot;:&quot;&quot;,&quot;created_timestamp&quot;:&quot;1697894152&quot;,&quot;copyright&quot;:&quot;&quot;,&quot;focal_length&quot;:&quot;3.99&quot;,&quot;iso&quot;:&quot;80&quot;,&quot;shutter_speed&quot;:&quot;0.14285714285714&quot;,&quot;title&quot;:&quot;&quot;,&quot;orientation&quot;:&quot;1&quot;}\" data-image-title=\"L&amp;rsquo;Atelier des Sorciers\" data-image-description=\"\" data-image-caption=\"\" data-large-file=\"https:\/\/i0.wp.com\/www.jojoenherbe.com\/wp-content\/uploads\/2023\/10\/LAtelier-des-Sorciers-scaled.jpg?fit=676%2C529\" class=\"alignleft size-thumbnail wp-image-32834\" src=\"https:\/\/i0.wp.com\/www.jojoenherbe.com\/wp-content\/uploads\/2023\/10\/LAtelier-des-Sorciers.jpg?resize=150%2C150\" alt=\"\" width=\"150\" height=\"150\" srcset=\"https:\/\/i0.wp.com\/www.jojoenherbe.com\/wp-content\/uploads\/2023\/10\/LAtelier-des-Sorciers-scaled.jpg?resize=150%2C150 150w, https:\/\/i0.wp.com\/www.jojoenherbe.com\/wp-content\/uploads\/2023\/10\/LAtelier-des-Sorciers-scaled.jpg?zoom=2&amp;resize=150%2C150 300w, https:\/\/i0.wp.com\/www.jojoenherbe.com\/wp-content\/uploads\/2023\/10\/LAtelier-des-Sorciers-scaled.jpg?zoom=3&amp;resize=150%2C150 450w\" sizes=\"auto, (max-width: 150px) 100vw, 150px\" \/><\/a>J&rsquo;ai lu le tome 1 de L&rsquo;Atelier des Sorciers de Kamome Shirahama (\u00e9d. Pika, coll. Pika Seinen, mars 2018, 208 pages), un manga Seinen \u00e0 partir de 13 ans se d\u00e9roulant dans un univers de fantasy m\u00e9di\u00e9vale avec l&rsquo;histoire initiatique de Coco, une jeune couturi\u00e8re comme sa m\u00e8re, orpheline de p\u00e8re qui apr\u00e8s avoir d\u00e9couvert que la v\u00e9ritable nature de la magie, lance par m\u00e9garde un sortil\u00e8ge interdit et est initi\u00e9, \u00e0 la magie, par un jeune sorcier, Kieffrey. M\u00eame si elle est humaine, parviendra-t-elle \u00e0 devenir une v\u00e9ritable sorci\u00e8re comme les 3 autres apprenties sorci\u00e8res de Kieffrey, Agathe, Trice et Tetia? Un bon voire tr\u00e8s bon moment de lecture tant au niveau de l&rsquo;intrigue que des illustrations et avec une jeune h\u00e9ro\u00efne attachante et pleine d&rsquo;exub\u00e9rance enfantine en d\u00e9couvrant la magie! Je lirai volontiers la suite. Un tome 12 para\u00eetra le 15 novembre 2023.<\/em><\/p>\n<ul>\n<li style=\"text-align: justify;\"><em>(Manga Seinen) <strong><span style=\"text-decoration: underline;\">Les Carnets de l&rsquo;Apothicaire<\/span><\/strong> de Natsu Hyuuga et Itsuki Nanao <strong>(T1)<\/strong><\/em><\/li>\n<\/ul>\n<p style=\"text-align: justify;\"><a href=\"https:\/\/i0.wp.com\/www.jojoenherbe.com\/wp-content\/uploads\/2023\/10\/Les-Carnets-de-lApothicaire-T1-scaled.jpg\"><img data-recalc-dims=\"1\" loading=\"lazy\" decoding=\"async\" data-attachment-id=\"32836\" data-permalink=\"http:\/\/www.jojoenherbe.com\/index.php\/2023\/10\/23\/point-lecture-hebdomadaire-2023-42\/les-carnets-de-lapothicaire-t1\/\" data-orig-file=\"https:\/\/i0.wp.com\/www.jojoenherbe.com\/wp-content\/uploads\/2023\/10\/Les-Carnets-de-lApothicaire-T1-scaled.jpg?fit=2560%2C1946\" data-orig-size=\"2560,1946\" data-comments-opened=\"1\" data-image-meta=\"{&quot;aperture&quot;:&quot;1.8&quot;,&quot;credit&quot;:&quot;&quot;,&quot;camera&quot;:&quot;iPhone 7&quot;,&quot;caption&quot;:&quot;&quot;,&quot;created_timestamp&quot;:&quot;1697824030&quot;,&quot;copyright&quot;:&quot;&quot;,&quot;focal_length&quot;:&quot;3.99&quot;,&quot;iso&quot;:&quot;100&quot;,&quot;shutter_speed&quot;:&quot;0.2&quot;,&quot;title&quot;:&quot;&quot;,&quot;orientation&quot;:&quot;1&quot;}\" data-image-title=\"Les Carnets de l&amp;rsquo;Apothicaire T1\" data-image-description=\"\" data-image-caption=\"\" data-large-file=\"https:\/\/i0.wp.com\/www.jojoenherbe.com\/wp-content\/uploads\/2023\/10\/Les-Carnets-de-lApothicaire-T1-scaled.jpg?fit=676%2C514\" class=\"size-thumbnail wp-image-32836 alignright\" src=\"https:\/\/i0.wp.com\/www.jojoenherbe.com\/wp-content\/uploads\/2023\/10\/Les-Carnets-de-lApothicaire-T1.jpg?resize=150%2C150\" alt=\"\" width=\"150\" height=\"150\" srcset=\"https:\/\/i0.wp.com\/www.jojoenherbe.com\/wp-content\/uploads\/2023\/10\/Les-Carnets-de-lApothicaire-T1-scaled.jpg?resize=150%2C150 150w, https:\/\/i0.wp.com\/www.jojoenherbe.com\/wp-content\/uploads\/2023\/10\/Les-Carnets-de-lApothicaire-T1-scaled.jpg?zoom=2&amp;resize=150%2C150 300w, https:\/\/i0.wp.com\/www.jojoenherbe.com\/wp-content\/uploads\/2023\/10\/Les-Carnets-de-lApothicaire-T1-scaled.jpg?zoom=3&amp;resize=150%2C150 450w\" sizes=\"auto, (max-width: 150px) 100vw, 150px\" \/><\/a><em>J&rsquo;ai lu le tome 1 des <span style=\"text-decoration: underline;\">Carnets de l&rsquo;Apothicaire<\/span> de Natsu Hyuuga et Itsuki Nanao (\u00e9d. Ki-oon, janvier 2021, 178 pages), un manga Seinen \u00e0 partir de 15 ans avec l&rsquo;histoire de Mao Mao qui a \u00e9t\u00e9 form\u00e9e, d\u00e8s son plus jeune \u00e2ge par un apothicaire du quartier des plaisirs et qui, \u00e0\u00a0 17 ans, a \u00e9t\u00e9 enlev\u00e9e pour devenir servante dans le quartier des femmes du Palais Imp\u00e9rial. Elle ne tente de passer inaper\u00e7ue parmi les servantes, dames de compagnie et concubines de l&rsquo;Empereur. Mais lorsque des princes nouveaux-n\u00e9s meurent myst\u00e9rieusement, elle ne peut rester sans agir et est rep\u00e9rer par le myst\u00e9rieux et androgyne Jinshi qui la fait devenir go\u00fbteuse pour l&rsquo;une des favorites de l&rsquo;Empereur. Ce manga est plus adulte que le pr\u00e9c\u00e9dent lu malgr\u00e9 le jeune \u00e2ge de l&rsquo;h\u00e9ro\u00efne, tr\u00e8s mature et perspicace qui aurait pu \u00eatre plus \u00e2g\u00e9e, surtout au regard du comportement d\u00e9rangeant de Jinshi. L&rsquo;intrigue fait de nombreux sauts dans le temps, au fil des chapitres et des enqu\u00eates men\u00e9es par Mao Mao. Un bon moment de lecture! J&rsquo;ai \u00e9galement appr\u00e9ci\u00e9 les illustrations et lirai volontiers la suite. Un tome 12 para\u00eetra le 16 novembre 2023.<\/em><\/p>\n<p><em><span style=\"text-decoration: underline;\">Des lectures adulte<\/span>:<\/em><\/p>\n<ul>\n<li style=\"text-align: justify;\"><em>(Romance cosy mystery) <span style=\"text-decoration: underline;\"><strong>Une enqu\u00eate de Beatrice Hyde-Clare, Une perfide performance<\/strong><\/span> de Lynn Messina<strong> (<\/strong><strong>T5)<\/strong><\/em><\/li>\n<\/ul>\n<p style=\"text-align: justify;\"><em><a href=\"https:\/\/i0.wp.com\/www.jojoenherbe.com\/wp-content\/uploads\/2023\/10\/Une-perfide-performance-T4.jpg\"><img data-recalc-dims=\"1\" loading=\"lazy\" decoding=\"async\" data-attachment-id=\"32752\" data-permalink=\"http:\/\/www.jojoenherbe.com\/index.php\/2023\/10\/08\/notre-wishlist-dans-les-sorties-litteraires-doctobre-2023\/une-perfide-performance-t4\/\" data-orig-file=\"https:\/\/i0.wp.com\/www.jojoenherbe.com\/wp-content\/uploads\/2023\/10\/Une-perfide-performance-T4.jpg?fit=750%2C1334\" data-orig-size=\"750,1334\" data-comments-opened=\"1\" data-image-meta=\"{&quot;aperture&quot;:&quot;0&quot;,&quot;credit&quot;:&quot;&quot;,&quot;camera&quot;:&quot;&quot;,&quot;caption&quot;:&quot;&quot;,&quot;created_timestamp&quot;:&quot;0&quot;,&quot;copyright&quot;:&quot;&quot;,&quot;focal_length&quot;:&quot;0&quot;,&quot;iso&quot;:&quot;0&quot;,&quot;shutter_speed&quot;:&quot;0&quot;,&quot;title&quot;:&quot;&quot;,&quot;orientation&quot;:&quot;0&quot;}\" data-image-title=\"Une perfide performance T4\" data-image-description=\"\" data-image-caption=\"\" data-large-file=\"https:\/\/i0.wp.com\/www.jojoenherbe.com\/wp-content\/uploads\/2023\/10\/Une-perfide-performance-T4.jpg?fit=576%2C1024\" class=\"alignleft size-thumbnail wp-image-32752\" src=\"https:\/\/i0.wp.com\/www.jojoenherbe.com\/wp-content\/uploads\/2023\/10\/Une-perfide-performance-T4.jpg?resize=150%2C150\" alt=\"\" width=\"150\" height=\"150\" srcset=\"https:\/\/i0.wp.com\/www.jojoenherbe.com\/wp-content\/uploads\/2023\/10\/Une-perfide-performance-T4.jpg?resize=150%2C150 150w, https:\/\/i0.wp.com\/www.jojoenherbe.com\/wp-content\/uploads\/2023\/10\/Une-perfide-performance-T4.jpg?zoom=2&amp;resize=150%2C150 300w, https:\/\/i0.wp.com\/www.jojoenherbe.com\/wp-content\/uploads\/2023\/10\/Une-perfide-performance-T4.jpg?zoom=3&amp;resize=150%2C150 450w\" sizes=\"auto, (max-width: 150px) 100vw, 150px\" \/><\/a>D\u00e8s le jour de sa parution, j&rsquo;ai lu en e-book, le tome 5 d\u2019<span style=\"text-decoration: underline;\">Une enqu\u00eate de Beatrice Hyde-Clare<\/span>, Une perfide performance de Lynn Messina (\u00e9d. Les Escales, octobre 2023, 392 pages), une romance cosy mystery reprenant le lendemain des \u00e9v\u00e8nements du tome pr\u00e9c\u00e9dent. D\u00e9sormais fianc\u00e9e \u00e0 Damien Matloc, Duc de Kesgrave, Beatrice entend bien l&rsquo;\u00e9pouser le plus rapidement possible, quoiqu&rsquo;en dise son entourage, chacun ayant une raison de vouloir retarder les noces, au grand dam des deux fianc\u00e9s. La jeune femme se voit confier une enqu\u00eate par Melle Brougham, son ennemie jur\u00e9e. Mais ne devrait-elle pas se m\u00e9fier? C&rsquo;est avec un grand plaisir que je retrouve ce duo tr\u00e8s attachant et toujours aussi complice. Encore un tr\u00e8s bon moment de lecture! Il me reste \u00e0 patienter plusieurs mois pour la parution du tome suivant.<\/em><\/p>\n<ul>\n<li style=\"text-align: justify;\"><em>(Romance d&rsquo;urban fantasy) <span style=\"text-decoration: underline;\"><strong>D\u00e9mons de cendre, L&rsquo;ange perdu<\/strong><\/span> de Laura Black <strong>(T4)<\/strong><\/em><\/li>\n<\/ul>\n<p style=\"text-align: justify;\"><em><a href=\"https:\/\/i0.wp.com\/www.jojoenherbe.com\/wp-content\/uploads\/2023\/10\/Demons-de-cendre-T4.jpg\"><img data-recalc-dims=\"1\" loading=\"lazy\" decoding=\"async\" data-attachment-id=\"32827\" data-permalink=\"http:\/\/www.jojoenherbe.com\/index.php\/2023\/10\/08\/notre-wishlist-dans-les-sorties-litteraires-doctobre-2023\/demons-de-cendre-t4\/\" data-orig-file=\"https:\/\/i0.wp.com\/www.jojoenherbe.com\/wp-content\/uploads\/2023\/10\/Demons-de-cendre-T4.jpg?fit=750%2C1334\" data-orig-size=\"750,1334\" data-comments-opened=\"1\" data-image-meta=\"{&quot;aperture&quot;:&quot;0&quot;,&quot;credit&quot;:&quot;&quot;,&quot;camera&quot;:&quot;&quot;,&quot;caption&quot;:&quot;&quot;,&quot;created_timestamp&quot;:&quot;0&quot;,&quot;copyright&quot;:&quot;&quot;,&quot;focal_length&quot;:&quot;0&quot;,&quot;iso&quot;:&quot;0&quot;,&quot;shutter_speed&quot;:&quot;0&quot;,&quot;title&quot;:&quot;&quot;,&quot;orientation&quot;:&quot;0&quot;}\" data-image-title=\"D\u00e9mons de cendre T4\" data-image-description=\"\" data-image-caption=\"\" data-large-file=\"https:\/\/i0.wp.com\/www.jojoenherbe.com\/wp-content\/uploads\/2023\/10\/Demons-de-cendre-T4.jpg?fit=576%2C1024\" class=\"size-thumbnail wp-image-32827 alignright\" src=\"https:\/\/i0.wp.com\/www.jojoenherbe.com\/wp-content\/uploads\/2023\/10\/Demons-de-cendre-T4.jpg?resize=150%2C150\" alt=\"\" width=\"150\" height=\"150\" srcset=\"https:\/\/i0.wp.com\/www.jojoenherbe.com\/wp-content\/uploads\/2023\/10\/Demons-de-cendre-T4.jpg?resize=150%2C150 150w, https:\/\/i0.wp.com\/www.jojoenherbe.com\/wp-content\/uploads\/2023\/10\/Demons-de-cendre-T4.jpg?zoom=2&amp;resize=150%2C150 300w, https:\/\/i0.wp.com\/www.jojoenherbe.com\/wp-content\/uploads\/2023\/10\/Demons-de-cendre-T4.jpg?zoom=3&amp;resize=150%2C150 450w\" sizes=\"auto, (max-width: 150px) 100vw, 150px\" \/><\/a>J&rsquo;ai lu le tome 4 de <span style=\"text-decoration: underline;\">D\u00e9mons de cendre, L&rsquo;ange perdu<\/span> de Laura Black (\u00e9d. Auto\u00e9dition, octobre 2023, 520 pages), qui reprend la suite de l&rsquo;intrigue principale en se focalisant sur la romance entre Oph\u00e9e Shaeman, la plus jeune des s\u0153urs qui a \u00e9t\u00e9 enlev\u00e9e enceinte et Hunter Lucifer. L&rsquo;enqu\u00eate principale se poursuit et n&rsquo;a pas livr\u00e9 tous ses secrets. Encore un tr\u00e8s bon moment de lecture plein d&rsquo;actions, de rebondissements entre alliances et trahisons! Peut-\u00eatre que tout sera r\u00e9v\u00e9l\u00e9 dans le tome 5? Je suppose que la romance sera entre le fr\u00e8re a\u00een\u00e9 des quintupl\u00e9s, Trey. J&rsquo;ai d\u00e9j\u00e0 quelques id\u00e9es sur sa rencontre avec Autumn, une sorci\u00e8re qui avait r\u00e9ussi fuir dans le tome 3 avec des enfants enlev\u00e9s. <\/em><\/p>\n<ul>\n<li style=\"text-align: justify;\"><em>(Romance surnaturelle\/d&rsquo;urban fantasy)<strong> <span style=\"text-decoration: underline;\">Cr\u00e9atures, gourmandises et contretemps: Cerb\u00e8re, cookie et autres cataclysmes<\/span><\/strong> de Darcy Mulligan <strong>(T3)<\/strong><\/em><\/li>\n<\/ul>\n<p style=\"text-align: justify;\"><em><a href=\"https:\/\/i0.wp.com\/www.jojoenherbe.com\/wp-content\/uploads\/2023\/10\/Cerbere-cookie-et-autres-cataclysmes-T3.jpg\"><img data-recalc-dims=\"1\" loading=\"lazy\" decoding=\"async\" data-attachment-id=\"32824\" data-permalink=\"http:\/\/www.jojoenherbe.com\/index.php\/2023\/10\/23\/point-lecture-hebdomadaire-2023-42\/cerbere-cookie-et-autres-cataclysmes-t3\/\" data-orig-file=\"https:\/\/i0.wp.com\/www.jojoenherbe.com\/wp-content\/uploads\/2023\/10\/Cerbere-cookie-et-autres-cataclysmes-T3.jpg?fit=750%2C1334\" data-orig-size=\"750,1334\" data-comments-opened=\"1\" data-image-meta=\"{&quot;aperture&quot;:&quot;0&quot;,&quot;credit&quot;:&quot;&quot;,&quot;camera&quot;:&quot;&quot;,&quot;caption&quot;:&quot;&quot;,&quot;created_timestamp&quot;:&quot;0&quot;,&quot;copyright&quot;:&quot;&quot;,&quot;focal_length&quot;:&quot;0&quot;,&quot;iso&quot;:&quot;0&quot;,&quot;shutter_speed&quot;:&quot;0&quot;,&quot;title&quot;:&quot;&quot;,&quot;orientation&quot;:&quot;0&quot;}\" data-image-title=\"Cerb\u00e8re, cookie et autres cataclysmes T3\" data-image-description=\"\" data-image-caption=\"\" data-large-file=\"https:\/\/i0.wp.com\/www.jojoenherbe.com\/wp-content\/uploads\/2023\/10\/Cerbere-cookie-et-autres-cataclysmes-T3.jpg?fit=576%2C1024\" class=\"alignleft size-thumbnail wp-image-32824\" src=\"https:\/\/i0.wp.com\/www.jojoenherbe.com\/wp-content\/uploads\/2023\/10\/Cerbere-cookie-et-autres-cataclysmes-T3.jpg?resize=150%2C150\" alt=\"\" width=\"150\" height=\"150\" srcset=\"https:\/\/i0.wp.com\/www.jojoenherbe.com\/wp-content\/uploads\/2023\/10\/Cerbere-cookie-et-autres-cataclysmes-T3.jpg?resize=150%2C150 150w, https:\/\/i0.wp.com\/www.jojoenherbe.com\/wp-content\/uploads\/2023\/10\/Cerbere-cookie-et-autres-cataclysmes-T3.jpg?zoom=2&amp;resize=150%2C150 300w, https:\/\/i0.wp.com\/www.jojoenherbe.com\/wp-content\/uploads\/2023\/10\/Cerbere-cookie-et-autres-cataclysmes-T3.jpg?zoom=3&amp;resize=150%2C150 450w\" sizes=\"auto, (max-width: 150px) 100vw, 150px\" \/><\/a>J&rsquo;ai lu en e-book le tome 3 de la trilogie <span style=\"text-decoration: underline;\">Cr\u00e9atures, gourmandises et contretemps<\/span>, <span style=\"text-decoration: underline;\">Cerb\u00e8re, cookie et autres cataclysmes<\/span> de Darcy Mulligan (\u00e9d. Auto\u00e9dition, octobre 2023, 442 pages), une romance surnaturelle\/d&rsquo;urban fantasy qui revient un an en arri\u00e8re par rapport au tome pr\u00e9c\u00e9dent pour reprendre l\u00e0 o\u00f9 s&rsquo;\u00e9tait arr\u00eat\u00e9 le tome 2, en se concentrant sur la 3e nouvelle s\u0153ur, Andy qui a \u00e9t\u00e9 tu\u00e9e par sa petite amie, Deliah une charmeuse qui est entretemps devenue la fianc\u00e9e de F\u00e9lix dans le tome 2 et qui, en arrivant aux Enfers, a \u00e9t\u00e9 forc\u00e9e \u00e0 devenir la nouvelle \u00e9pouse du Dieu des Enfers, Hard et surveill\u00e9e par l&rsquo;un des trois cerb\u00e8res, Khaos. Il me tardait de d\u00e9couvrir la suite des aventures des nouvelles Parques, deux d&rsquo;entre elles, Emery et Hortense \u00e9tant poursuivies par les hydres et plus particuli\u00e8rement du sort incertain de F\u00e9lix \u00e0 l&rsquo;issue du tome 2. L&rsquo;intrigue est toujours aussi plaisante et rigolote avec de nombreux rebondissements au sein des Enfers et de la transmission des pouvoirs des vieilles Parques.<br \/><\/em><\/p>\n\n\n<p><\/p>\n","protected":false},"excerpt":{"rendered":"<p>En ce d\u00e9but de semaine, voici notre point lecture hebdomadaire avec un retour sur nos lectures de la semaine derni\u00e8re (mais pas nos relectures) et qui sont encore pour la plupart halloweenesques. Nos lectures du 16 au 22 octobre 2023: Des lectures jeunesse: Cela faisait longtemps que mon mini sorcier ne s&rsquo;\u00e9tait pas plong\u00e9 dans [&hellip;]<\/p>\n","protected":false},"author":1,"featured_media":32838,"comment_status":"open","ping_status":"open","sticky":false,"template":"","format":"standard","meta":{"jetpack_post_was_ever_published":false,"_jetpack_newsletter_access":"","_jetpack_dont_email_post_to_subs":false,"_jetpack_newsletter_tier_id":0,"_jetpack_memberships_contains_paywalled_content":false,"_jetpack_memberships_contains_paid_content":false,"footnotes":""},"categories":[2140,363],"tags":[409,2869,3883,1334,3876,3884,3186,3886,3880,3882,3881,1085,367,1797,3878,942,3887,1476,1001,2868,3879,1686,2767,2945,3889,844,3209,3557,905,789,3877,3888,3517,3457,3010],"class_list":["post-32823","post","type-post","status-publish","format-standard","has-post-thumbnail","hentry","category-mini-blogueur","category-mini-lecteur","tag-albums-jeunesse","tag-barbara-cantini","tag-carole-trebor","tag-cosy-mystery","tag-darcy-mulligan","tag-fred-paronuzzi","tag-genevieve-despres","tag-giovanna-zoboli","tag-itsuki-nanao","tag-kamome-shirahama","tag-latelier-des-sorciers","tag-lecture-adulte","tag-lecture-jeunesse","tag-lectures-dhalloween","tag-les-carnets-de-lapothicaire","tag-manga","tag-mariachiara-di-giorgio","tag-marianne-barcilon","tag-michel-van-zeveren","tag-mortina","tag-natsu-hyuuga","tag-olivier-dupin","tag-point-lecture-hebdo","tag-premieres-lectures","tag-rob-sayegh-jr","tag-romance","tag-romance-historique","tag-romance-surnaturelle","tag-romans-adulte","tag-romans-jeunesse","tag-seinen","tag-seth-meyers","tag-tristan-gion","tag-une-enquete-de-beatrice-hyde-clare","tag-urban-fantasy","post-preview"],"jetpack_featured_media_url":"https:\/\/i0.wp.com\/www.jojoenherbe.com\/wp-content\/uploads\/2023\/10\/Point-lecture-hebdomadaire-2023-42-scaled.jpg?fit=2560%2C1534","jetpack_sharing_enabled":true,"jetpack_shortlink":"https:\/\/wp.me\/p9zhGx-8xp","jetpack_likes_enabled":true,"jetpack-related-posts":[{"id":37057,"url":"http:\/\/www.jojoenherbe.com\/index.php\/2024\/09\/30\/point-lecture-hebdomadaire-2024-39\/","url_meta":{"origin":32823,"position":0},"title":"Point lecture hebdomadaire 2024 #39","author":"Jojo","date":"30 septembre 2024","format":false,"excerpt":"En ce d\u00e9but de semaine, voici mon point lecture hebdomadaire avec un retour sur nos lectures (mais pas nos relectures) de la semaine derni\u00e8re. Nos lectures du 23 au 29 septembre 2024: Des lectures jeunesse: Nous avons continu\u00e9 chaque soir et presque fini de lire Le jardin secret de Frances\u2026","rel":"","context":"Dans &quot;Mini blogueur&quot;","block_context":{"text":"Mini blogueur","link":"http:\/\/www.jojoenherbe.com\/index.php\/category\/mini-blogueur\/"},"img":{"alt_text":"","src":"https:\/\/i0.wp.com\/www.jojoenherbe.com\/wp-content\/uploads\/2020\/04\/Le-jardin-secret-150x150.jpg?resize=350%2C200","width":350,"height":200},"classes":[]},{"id":31501,"url":"http:\/\/www.jojoenherbe.com\/index.php\/2023\/08\/21\/point-lecture-hebdomadaire-2023-33\/","url_meta":{"origin":32823,"position":1},"title":"Point lecture hebdomadaire 2023 #33","author":"Jojo","date":"21 ao\u00fbt 2023","format":false,"excerpt":"En ce d\u00e9but de semaine, voici notre point lecture hebdomadaire avec un retour sur nos lectures de la semaine derni\u00e8re (mais pas nos relectures). Nos lectures du 14 au 20 ao\u00fbt 2023: Des lectures jeunesse: (Roman jeunesse) Vol d\u2019\u00e9t\u00e9 de Marie-Anne Abesdris Nous avons lu Vol d\u2019\u00e9t\u00e9 de Marie-Anne Abesdris\u2026","rel":"","context":"Dans &quot;Mini blogueur&quot;","block_context":{"text":"Mini blogueur","link":"http:\/\/www.jojoenherbe.com\/index.php\/category\/mini-blogueur\/"},"img":{"alt_text":"","src":"https:\/\/i0.wp.com\/www.jojoenherbe.com\/wp-content\/uploads\/2023\/08\/Vol-dete-150x150.jpg?resize=350%2C200","width":350,"height":200},"classes":[]},{"id":25915,"url":"http:\/\/www.jojoenherbe.com\/index.php\/2022\/06\/20\/point-lecture-hebdomadaire-46\/","url_meta":{"origin":32823,"position":2},"title":"Point lecture hebdomadaire #46","author":"Jojo","date":"20 juin 2022","format":false,"excerpt":"En ce d\u00e9but de semaine, voici notre point lecture hebdomadaire avec un retour sur nos lectures de la semaine derni\u00e8re (mais pas nos relectures) et ma lecture en cours. j'ai surtout pioch\u00e9 dans ma PAL anglo-saxonne puisqu'en juin, c'est le Mois Anglais 2022 coorganis\u00e9e par Lou et Titine. Nos lectures\u2026","rel":"","context":"Dans &quot;Mini blogueur&quot;","block_context":{"text":"Mini blogueur","link":"http:\/\/www.jojoenherbe.com\/index.php\/category\/mini-blogueur\/"},"img":{"alt_text":"","src":"https:\/\/i0.wp.com\/www.jojoenherbe.com\/wp-content\/uploads\/2022\/07\/Point-lecture-hebdo-46-scaled.jpg?fit=1200%2C795&resize=350%2C200","width":350,"height":200,"srcset":"https:\/\/i0.wp.com\/www.jojoenherbe.com\/wp-content\/uploads\/2022\/07\/Point-lecture-hebdo-46-scaled.jpg?fit=1200%2C795&resize=350%2C200 1x, https:\/\/i0.wp.com\/www.jojoenherbe.com\/wp-content\/uploads\/2022\/07\/Point-lecture-hebdo-46-scaled.jpg?fit=1200%2C795&resize=525%2C300 1.5x, https:\/\/i0.wp.com\/www.jojoenherbe.com\/wp-content\/uploads\/2022\/07\/Point-lecture-hebdo-46-scaled.jpg?fit=1200%2C795&resize=700%2C400 2x, https:\/\/i0.wp.com\/www.jojoenherbe.com\/wp-content\/uploads\/2022\/07\/Point-lecture-hebdo-46-scaled.jpg?fit=1200%2C795&resize=1050%2C600 3x"},"classes":[]},{"id":34536,"url":"http:\/\/www.jojoenherbe.com\/index.php\/2024\/01\/29\/point-lecture-hebdomadaire-2024-4\/","url_meta":{"origin":32823,"position":3},"title":"Point lecture hebdomadaire 2024 #4","author":"Jojo","date":"29 janvier 2024","format":false,"excerpt":"En ce d\u00e9but de semaine, voici notre point lecture hebdomadaire avec un retour sur nos lectures de la semaine derni\u00e8re (mais pas nos relectures). Nos lectures du 22 au 28 janvier 2024: Des lectures jeunesse: (BD jeunesse) Mortelle Ad\u00e8le au pays des Contes d\u00e9faits, Mortelle Ad\u00e8le, Choupidoulove (T10) et Extra\u2026","rel":"","context":"Dans &quot;Mini blogueur&quot;","block_context":{"text":"Mini blogueur","link":"http:\/\/www.jojoenherbe.com\/index.php\/category\/mini-blogueur\/"},"img":{"alt_text":"","src":"https:\/\/i0.wp.com\/www.jojoenherbe.com\/wp-content\/uploads\/2024\/01\/La-Semaine-a-1000-du-Pingouin-2024.jpg?resize=350%2C200","width":350,"height":200,"srcset":"https:\/\/i0.wp.com\/www.jojoenherbe.com\/wp-content\/uploads\/2024\/01\/La-Semaine-a-1000-du-Pingouin-2024.jpg?resize=350%2C200 1x, https:\/\/i0.wp.com\/www.jojoenherbe.com\/wp-content\/uploads\/2024\/01\/La-Semaine-a-1000-du-Pingouin-2024.jpg?resize=525%2C300 1.5x"},"classes":[]},{"id":41643,"url":"http:\/\/www.jojoenherbe.com\/index.php\/2025\/12\/12\/point-lecture-hebdomadaire-2025-49\/","url_meta":{"origin":32823,"position":4},"title":"Point lecture hebdomadaire 2025 #49","author":"Jojo","date":"12 d\u00e9cembre 2025","format":false,"excerpt":"En cette fin de semaine, voici mon point lecture hebdomadaire avec un retour sur nos lectures (mais pas nos relectures) de la semaine derni\u00e8re au cours de laquelle nous avons commenc\u00e9 nos lectures de No\u00ebl, avec deux livres de l'Avent qui vont nous accompagner chaque soir jusqu'\u00e0 No\u00ebl: La BD\u2026","rel":"","context":"Dans &quot;Mini blogueur&quot;","block_context":{"text":"Mini blogueur","link":"http:\/\/www.jojoenherbe.com\/index.php\/category\/mini-blogueur\/"},"img":{"alt_text":"","src":"https:\/\/i0.wp.com\/www.jojoenherbe.com\/wp-content\/uploads\/2025\/12\/Point-lecture-hebdo-2025-49-scaled.jpg?fit=1200%2C844&resize=350%2C200","width":350,"height":200,"srcset":"https:\/\/i0.wp.com\/www.jojoenherbe.com\/wp-content\/uploads\/2025\/12\/Point-lecture-hebdo-2025-49-scaled.jpg?fit=1200%2C844&resize=350%2C200 1x, https:\/\/i0.wp.com\/www.jojoenherbe.com\/wp-content\/uploads\/2025\/12\/Point-lecture-hebdo-2025-49-scaled.jpg?fit=1200%2C844&resize=525%2C300 1.5x, https:\/\/i0.wp.com\/www.jojoenherbe.com\/wp-content\/uploads\/2025\/12\/Point-lecture-hebdo-2025-49-scaled.jpg?fit=1200%2C844&resize=700%2C400 2x, https:\/\/i0.wp.com\/www.jojoenherbe.com\/wp-content\/uploads\/2025\/12\/Point-lecture-hebdo-2025-49-scaled.jpg?fit=1200%2C844&resize=1050%2C600 3x"},"classes":[]},{"id":31146,"url":"http:\/\/www.jojoenherbe.com\/index.php\/2023\/06\/26\/point-lecture-hebdomadaire-2023-25\/","url_meta":{"origin":32823,"position":5},"title":"Point lecture hebdomadaire 2023 #25","author":"Jojo","date":"26 juin 2023","format":false,"excerpt":"En ce d\u00e9but de semaine, voici notre point lecture hebdomadaire avec un retour sur nos lectures de la semaine derni\u00e8re (mais pas nos relectures). Nos lectures du 19 au 25 juin 2023: Des lectures jeunesse: (Album jeunesse) Allons aider l'\u00e9t\u00e9 de Laura Hedon Nous avons lu Allons aider l\u2019\u00e9t\u00e9 de\u2026","rel":"","context":"Dans &quot;Mini blogueur&quot;","block_context":{"text":"Mini blogueur","link":"http:\/\/www.jojoenherbe.com\/index.php\/category\/mini-blogueur\/"},"img":{"alt_text":"","src":"https:\/\/i0.wp.com\/www.jojoenherbe.com\/wp-content\/uploads\/2023\/06\/Point-lecture-hebdomadaire-2023-25-scaled.jpg?fit=1200%2C900&resize=350%2C200","width":350,"height":200,"srcset":"https:\/\/i0.wp.com\/www.jojoenherbe.com\/wp-content\/uploads\/2023\/06\/Point-lecture-hebdomadaire-2023-25-scaled.jpg?fit=1200%2C900&resize=350%2C200 1x, https:\/\/i0.wp.com\/www.jojoenherbe.com\/wp-content\/uploads\/2023\/06\/Point-lecture-hebdomadaire-2023-25-scaled.jpg?fit=1200%2C900&resize=525%2C300 1.5x, https:\/\/i0.wp.com\/www.jojoenherbe.com\/wp-content\/uploads\/2023\/06\/Point-lecture-hebdomadaire-2023-25-scaled.jpg?fit=1200%2C900&resize=700%2C400 2x, https:\/\/i0.wp.com\/www.jojoenherbe.com\/wp-content\/uploads\/2023\/06\/Point-lecture-hebdomadaire-2023-25-scaled.jpg?fit=1200%2C900&resize=1050%2C600 3x"},"classes":[]}],"_links":{"self":[{"href":"http:\/\/www.jojoenherbe.com\/index.php\/wp-json\/wp\/v2\/posts\/32823","targetHints":{"allow":["GET"]}}],"collection":[{"href":"http:\/\/www.jojoenherbe.com\/index.php\/wp-json\/wp\/v2\/posts"}],"about":[{"href":"http:\/\/www.jojoenherbe.com\/index.php\/wp-json\/wp\/v2\/types\/post"}],"author":[{"embeddable":true,"href":"http:\/\/www.jojoenherbe.com\/index.php\/wp-json\/wp\/v2\/users\/1"}],"replies":[{"embeddable":true,"href":"http:\/\/www.jojoenherbe.com\/index.php\/wp-json\/wp\/v2\/comments?post=32823"}],"version-history":[{"count":34,"href":"http:\/\/www.jojoenherbe.com\/index.php\/wp-json\/wp\/v2\/posts\/32823\/revisions"}],"predecessor-version":[{"id":32993,"href":"http:\/\/www.jojoenherbe.com\/index.php\/wp-json\/wp\/v2\/posts\/32823\/revisions\/32993"}],"wp:featuredmedia":[{"embeddable":true,"href":"http:\/\/www.jojoenherbe.com\/index.php\/wp-json\/wp\/v2\/media\/32838"}],"wp:attachment":[{"href":"http:\/\/www.jojoenherbe.com\/index.php\/wp-json\/wp\/v2\/media?parent=32823"}],"wp:term":[{"taxonomy":"category","embeddable":true,"href":"http:\/\/www.jojoenherbe.com\/index.php\/wp-json\/wp\/v2\/categories?post=32823"},{"taxonomy":"post_tag","embeddable":true,"href":"http:\/\/www.jojoenherbe.com\/index.php\/wp-json\/wp\/v2\/tags?post=32823"}],"curies":[{"name":"wp","href":"https:\/\/api.w.org\/{rel}","templated":true}]}}