{"id":32591,"date":"2023-10-12T17:50:18","date_gmt":"2023-10-12T15:50:18","guid":{"rendered":"https:\/\/www.jojoenherbe.com\/?p=32591"},"modified":"2023-10-12T17:50:18","modified_gmt":"2023-10-12T15:50:18","slug":"throwback-thursday-livresque-voyage-dans-le-temps","status":"publish","type":"post","link":"http:\/\/www.jojoenherbe.com\/index.php\/2023\/10\/12\/throwback-thursday-livresque-voyage-dans-le-temps\/","title":{"rendered":"Throwback Thursday Livresque: Voyage dans le temps"},"content":{"rendered":"<p style=\"text-align: justify;\"><em><img data-recalc-dims=\"1\" loading=\"lazy\" decoding=\"async\" data-attachment-id=\"29927\" data-permalink=\"http:\/\/www.jojoenherbe.com\/index.php\/2023\/02\/20\/point-lecture-hebdomadaire-2023-7\/jadis-je-taime\/\" data-orig-file=\"https:\/\/i0.wp.com\/www.jojoenherbe.com\/wp-content\/uploads\/2023\/02\/Jadis-je-taime.jpg?fit=750%2C1334\" data-orig-size=\"750,1334\" data-comments-opened=\"1\" data-image-meta=\"{&quot;aperture&quot;:&quot;0&quot;,&quot;credit&quot;:&quot;&quot;,&quot;camera&quot;:&quot;&quot;,&quot;caption&quot;:&quot;&quot;,&quot;created_timestamp&quot;:&quot;0&quot;,&quot;copyright&quot;:&quot;&quot;,&quot;focal_length&quot;:&quot;0&quot;,&quot;iso&quot;:&quot;0&quot;,&quot;shutter_speed&quot;:&quot;0&quot;,&quot;title&quot;:&quot;&quot;,&quot;orientation&quot;:&quot;0&quot;}\" data-image-title=\"Jadis, je t&amp;rsquo;aime\" data-image-description=\"\" data-image-caption=\"\" data-large-file=\"https:\/\/i0.wp.com\/www.jojoenherbe.com\/wp-content\/uploads\/2023\/02\/Jadis-je-taime.jpg?fit=576%2C1024\" class=\"alignleft  wp-image-29927\" src=\"https:\/\/i0.wp.com\/www.jojoenherbe.com\/wp-content\/uploads\/2023\/02\/Jadis-je-taime.jpg?resize=126%2C224\" alt=\"\" width=\"126\" height=\"224\" srcset=\"https:\/\/i0.wp.com\/www.jojoenherbe.com\/wp-content\/uploads\/2023\/02\/Jadis-je-taime.jpg?w=750 750w, https:\/\/i0.wp.com\/www.jojoenherbe.com\/wp-content\/uploads\/2023\/02\/Jadis-je-taime.jpg?resize=169%2C300 169w, https:\/\/i0.wp.com\/www.jojoenherbe.com\/wp-content\/uploads\/2023\/02\/Jadis-je-taime.jpg?resize=576%2C1024 576w, https:\/\/i0.wp.com\/www.jojoenherbe.com\/wp-content\/uploads\/2023\/02\/Jadis-je-taime.jpg?resize=676%2C1202 676w\" sizes=\"auto, (max-width: 126px) 100vw, 126px\" \/>Ce jeudi 12 octobre 2023, je participe pour la premi\u00e8re fois au Throwback Thursday Livresque, un rendez-vous livresque initialement chez Bettie Rose Books et repris depuis par Carole, les liens \u00e9tant \u00e0 d\u00e9poser chez <a href=\"https:\/\/my-bo0ks.over-blog.com\/\">My-Bo0ks<\/a>. Le principe est de partager chaque jeudi un livre en fonction d&rsquo;un th\u00e8me donn\u00e9. Cette semaine, le th\u00e8me est \u00ab\u00a0Voyage dans le temps\u00a0\u00bb. J&rsquo;ai imm\u00e9diatement pens\u00e9 \u00e0 une de mes lectures de d\u00e9but d&rsquo;ann\u00e9e: <span style=\"text-decoration: underline;\">Jadis, je t\u2019aime<\/span> de Romane Clessie (\u00e9d. CyPLoG, 2018, r\u00e9\u00e9d. 2023, 493 pages), le dernier roman de cette autrice venant de para\u00eetre le 3 octobre 2023, <span style=\"text-decoration: underline;\">Ce que r\u00eavent les roses<\/span>. <\/em><\/p>\n<p style=\"text-align: justify;\"><em>Il s&rsquo;agit d&rsquo;une romantasy se d\u00e9roulant \u00e0 Paris en 2014. Samuel porte secours \u00e0 une belle jeune femme amn\u00e9sique, habill\u00e9e comme dans les ann\u00e9es 50 et qui vient de lui appara\u00eetre comme par magie en pleine rue parisienne. Qui est-elle? Que fuit-elle? <\/em><\/p>\n<p style=\"text-align: justify;\"><em>J\u2019avais bien appr\u00e9ci\u00e9 la construction du r\u00e9cit avec la part de myst\u00e8re entourant cette jolie romance entre deux \u00e2mes s\u0153urs \u00e0 jamais li\u00e9es et agr\u00e9ment\u00e9e par des sauts dans le temps dans les grandes p\u00e9riodes de l\u2019Histoire fran\u00e7aise. Il y est question d\u2019amour, de voyage dans le temps, d\u2019\u00eatres immortels qui maintiennent l\u2019\u00e9quilibre du monde\u2026 Ce fut un bon voire tr\u00e8s bon moment de lecture.<\/em><\/p>\n<p style=\"text-align: justify;\"><em>Et vous, quel livre auriez-vous choisi pour cette th\u00e9matique? La semaine prochaine, le th\u00e8me sera: \u00ab\u00a0Se passe dans une for\u00eat\u00a0\u00bb.<\/em><\/p>\n","protected":false},"excerpt":{"rendered":"<p>Ce jeudi 12 octobre 2023, je participe pour la premi\u00e8re fois au Throwback Thursday Livresque, un rendez-vous livresque initialement chez Bettie Rose Books et repris depuis par Carole, les liens \u00e9tant \u00e0 d\u00e9poser chez My-Bo0ks. Le principe est de partager chaque jeudi un livre en fonction d&rsquo;un th\u00e8me donn\u00e9. Cette semaine, le th\u00e8me est \u00ab\u00a0Voyage [&hellip;]<\/p>\n","protected":false},"author":1,"featured_media":32593,"comment_status":"open","ping_status":"open","sticky":false,"template":"","format":"standard","meta":{"jetpack_post_was_ever_published":false,"_jetpack_newsletter_access":"","_jetpack_dont_email_post_to_subs":false,"_jetpack_newsletter_tier_id":0,"_jetpack_memberships_contains_paywalled_content":false,"_jetpack_memberships_contains_paid_content":false,"footnotes":""},"categories":[873,363],"tags":[1347,2016,1085,3630,905,3570,3868,3869],"class_list":["post-32591","post","type-post","status-publish","format-standard","has-post-thumbnail","hentry","category-mini-challenger","category-mini-lecteur","tag-18-ans-et-plus","tag-challenge-livresque","tag-lecture-adulte","tag-romane-clessie","tag-romans-adulte","tag-romantasy","tag-throwback-thursday-livresque","tag-voyage-dans-le-temps","post-preview"],"jetpack_featured_media_url":"https:\/\/i0.wp.com\/www.jojoenherbe.com\/wp-content\/uploads\/2023\/10\/TTL-logo.jpg?fit=540%2C174","jetpack_sharing_enabled":true,"jetpack_shortlink":"https:\/\/wp.me\/p9zhGx-8tF","jetpack_likes_enabled":true,"jetpack-related-posts":[{"id":37064,"url":"http:\/\/www.jojoenherbe.com\/index.php\/2024\/10\/03\/throwback-thursday-livresque-animal-de-compagnie\/","url_meta":{"origin":32591,"position":0},"title":"Throwback Thursday Livresque: Animal de compagnie","author":"Jojo","date":"3 octobre 2024","format":false,"excerpt":"Ce jeudi 3 octobre 2024, je participe au Throwback Thursday Livresque, un rendez-vous livresque initialement chez Bettie Rose Books et repris depuis par Carole, les liens \u00e9tant \u00e0 d\u00e9poser chez My-Bo0ks. Le principe est de partager chaque jeudi un livre en fonction d\u2019un th\u00e8me donn\u00e9. Cette semaine, le th\u00e8me est\u2026","rel":"","context":"Dans &quot;Mini challenger&quot;","block_context":{"text":"Mini challenger","link":"http:\/\/www.jojoenherbe.com\/index.php\/category\/mini-challenger\/"},"img":{"alt_text":"","src":"https:\/\/i0.wp.com\/www.jojoenherbe.com\/wp-content\/uploads\/2023\/10\/TTL-logo.jpg?resize=350%2C200","width":350,"height":200},"classes":[]},{"id":38474,"url":"http:\/\/www.jojoenherbe.com\/index.php\/2025\/02\/27\/throwback-thursday-livresque-malediction\/","url_meta":{"origin":32591,"position":1},"title":"Throwback Thursday Livresque: Mal\u00e9diction","author":"Jojo","date":"27 f\u00e9vrier 2025","format":false,"excerpt":"Ce jeudi 27 f\u00e9vrier 2025, je participe au Throwback Thursday Livresque, un rendez-vous livresque initialement chez Bettie Rose Books et repris depuis par Carole, les liens \u00e9tant \u00e0 d\u00e9poser chez My-Bo0ks. Le principe est de partager chaque jeudi un livre en fonction d\u2019un th\u00e8me donn\u00e9. Cette semaine, le th\u00e8me est\u2026","rel":"","context":"Dans &quot;Mini blogueur&quot;","block_context":{"text":"Mini blogueur","link":"http:\/\/www.jojoenherbe.com\/index.php\/category\/mini-blogueur\/"},"img":{"alt_text":"","src":"https:\/\/i0.wp.com\/www.jojoenherbe.com\/wp-content\/uploads\/2023\/10\/TTL-logo.jpg?resize=350%2C200","width":350,"height":200},"classes":[]},{"id":36734,"url":"http:\/\/www.jojoenherbe.com\/index.php\/2024\/07\/25\/throwback-thursday-livresque-romance-dans-un-pays-chaud\/","url_meta":{"origin":32591,"position":2},"title":"Throwback Thursday Livresque: Romance dans un pays chaud","author":"Jojo","date":"25 juillet 2024","format":false,"excerpt":"Ce jeudi 25 juillet 2024, je participe au Throwback Thursday Livresque, un rendez-vous livresque initialement chez Bettie Rose Books et repris depuis par Carole, les liens \u00e9tant \u00e0 d\u00e9poser chez My-Bo0ks. Le principe est de partager chaque jeudi un livre en fonction d\u2019un th\u00e8me donn\u00e9. Cette semaine, le th\u00e8me est\u2026","rel":"","context":"Dans &quot;Mini blogueur&quot;","block_context":{"text":"Mini blogueur","link":"http:\/\/www.jojoenherbe.com\/index.php\/category\/mini-blogueur\/"},"img":{"alt_text":"","src":"https:\/\/i0.wp.com\/www.jojoenherbe.com\/wp-content\/uploads\/2023\/10\/TTL-logo.jpg?resize=350%2C200","width":350,"height":200},"classes":[]},{"id":36739,"url":"http:\/\/www.jojoenherbe.com\/index.php\/2024\/08\/01\/throwback-thursday-livresque-couverture-avec-du-sable\/","url_meta":{"origin":32591,"position":3},"title":"Throwback Thursday Livresque: Couverture avec du sable","author":"Jojo","date":"1 ao\u00fbt 2024","format":false,"excerpt":"Ce jeudi 1er ao\u00fbt 2024, je participe au Throwback Thursday Livresque, un rendez-vous livresque initialement chez Bettie Rose Books et repris depuis par Carole, les liens \u00e9tant \u00e0 d\u00e9poser chez My-Bo0ks. Le principe est de partager chaque jeudi un livre en fonction d\u2019un th\u00e8me donn\u00e9. Cette semaine, le th\u00e8me est\u2026","rel":"","context":"Dans &quot;Mini challenger&quot;","block_context":{"text":"Mini challenger","link":"http:\/\/www.jojoenherbe.com\/index.php\/category\/mini-challenger\/"},"img":{"alt_text":"","src":"https:\/\/i0.wp.com\/www.jojoenherbe.com\/wp-content\/uploads\/2023\/10\/TTL-logo.jpg?resize=350%2C200","width":350,"height":200},"classes":[]},{"id":36936,"url":"http:\/\/www.jojoenherbe.com\/index.php\/2024\/08\/29\/throwback-thursday-livresque-romantasy\/","url_meta":{"origin":32591,"position":4},"title":"Throwback Thursday Livresque: Romantasy","author":"Jojo","date":"29 ao\u00fbt 2024","format":false,"excerpt":"Ce jeudi 26 ao\u00fbt 2024, je participe au Throwback Thursday Livresque, un rendez-vous livresque initialement chez Bettie Rose Books et repris depuis par Carole, les liens \u00e9tant \u00e0 d\u00e9poser chez My-Bo0ks. Le principe est de partager chaque jeudi un livre en fonction d\u2019un th\u00e8me donn\u00e9. Cette semaine, le th\u00e8me est\u2026","rel":"","context":"Dans &quot;Mini challenger&quot;","block_context":{"text":"Mini challenger","link":"http:\/\/www.jojoenherbe.com\/index.php\/category\/mini-challenger\/"},"img":{"alt_text":"","src":"https:\/\/i0.wp.com\/www.jojoenherbe.com\/wp-content\/uploads\/2023\/10\/TTL-logo.jpg?resize=350%2C200","width":350,"height":200},"classes":[]},{"id":36700,"url":"http:\/\/www.jojoenherbe.com\/index.php\/2024\/07\/18\/throwback-thursday-livresque-couverture-avec-du-ciel\/","url_meta":{"origin":32591,"position":5},"title":"Throwback Thursday Livresque: Couverture avec du ciel","author":"Jojo","date":"18 juillet 2024","format":false,"excerpt":"Ce jeudi 18 juillet 2024, je participe au Throwback Thursday Livresque, un rendez-vous livresque initialement chez Bettie Rose Books et repris depuis par Carole, les liens \u00e9tant \u00e0 d\u00e9poser chez My-Bo0ks. Le principe est de partager chaque jeudi un livre en fonction d\u2019un th\u00e8me donn\u00e9. Cette semaine, le th\u00e8me est\u2026","rel":"","context":"Dans &quot;Mini blogueur&quot;","block_context":{"text":"Mini blogueur","link":"http:\/\/www.jojoenherbe.com\/index.php\/category\/mini-blogueur\/"},"img":{"alt_text":"","src":"https:\/\/i0.wp.com\/www.jojoenherbe.com\/wp-content\/uploads\/2023\/10\/TTL-logo.jpg?resize=350%2C200","width":350,"height":200},"classes":[]}],"_links":{"self":[{"href":"http:\/\/www.jojoenherbe.com\/index.php\/wp-json\/wp\/v2\/posts\/32591","targetHints":{"allow":["GET"]}}],"collection":[{"href":"http:\/\/www.jojoenherbe.com\/index.php\/wp-json\/wp\/v2\/posts"}],"about":[{"href":"http:\/\/www.jojoenherbe.com\/index.php\/wp-json\/wp\/v2\/types\/post"}],"author":[{"embeddable":true,"href":"http:\/\/www.jojoenherbe.com\/index.php\/wp-json\/wp\/v2\/users\/1"}],"replies":[{"embeddable":true,"href":"http:\/\/www.jojoenherbe.com\/index.php\/wp-json\/wp\/v2\/comments?post=32591"}],"version-history":[{"count":5,"href":"http:\/\/www.jojoenherbe.com\/index.php\/wp-json\/wp\/v2\/posts\/32591\/revisions"}],"predecessor-version":[{"id":32597,"href":"http:\/\/www.jojoenherbe.com\/index.php\/wp-json\/wp\/v2\/posts\/32591\/revisions\/32597"}],"wp:featuredmedia":[{"embeddable":true,"href":"http:\/\/www.jojoenherbe.com\/index.php\/wp-json\/wp\/v2\/media\/32593"}],"wp:attachment":[{"href":"http:\/\/www.jojoenherbe.com\/index.php\/wp-json\/wp\/v2\/media?parent=32591"}],"wp:term":[{"taxonomy":"category","embeddable":true,"href":"http:\/\/www.jojoenherbe.com\/index.php\/wp-json\/wp\/v2\/categories?post=32591"},{"taxonomy":"post_tag","embeddable":true,"href":"http:\/\/www.jojoenherbe.com\/index.php\/wp-json\/wp\/v2\/tags?post=32591"}],"curies":[{"name":"wp","href":"https:\/\/api.w.org\/{rel}","templated":true}]}}