{"id":32584,"date":"2023-10-13T16:19:40","date_gmt":"2023-10-13T14:19:40","guid":{"rendered":"http:\/\/www.jojoenherbe.com\/?p=32584"},"modified":"2023-10-16T15:54:46","modified_gmt":"2023-10-16T13:54:46","slug":"rat-dhalloween-2023","status":"publish","type":"post","link":"http:\/\/www.jojoenherbe.com\/index.php\/2023\/10\/13\/rat-dhalloween-2023\/","title":{"rendered":"RAT d&rsquo;Halloween 2023"},"content":{"rendered":"<p style=\"text-align: justify;\"><em>Nos 2 vampirettes coorganisatrices, Hilde et Lou ont pr\u00e9vu du 13 au 15 octobre 2023 un RAT (un marathon de lectures mais pas que) dans le cadre de leur challenge Halloween 2023. <\/em><em>\u00c2mes sensibles et superstitieuses n&rsquo;ont qu&rsquo;\u00e0 bien se tenir, le RAT commen\u00e7ant un vendredi 13! N&rsquo;h\u00e9sitez pas \u00e0 vous rapprocher du sombre et patibulaire mais \u00f4 combien serviable majordome Vlad en cas de besoin! De nombreuses cr\u00e9atures surnaturelles se sont jointes \u00e0 l&rsquo;\u00e9v\u00e9nement.\u00a0 <\/em><\/p>\n<p style=\"text-align: justify;\"><em>Pour l&rsquo;occasion, je ferai un journal de bord de ce read-a-thon halloweenesque tout en continuant de mettre \u00e0 jour r\u00e9guli\u00e8rement mon <a href=\"https:\/\/www.jojoenherbe.com\/index.php\/2022\/09\/14\/billet-de-suivi-challenge-halloween-2022\/\">billet de suivi<\/a>. C\u00f4t\u00e9 lectures, j&rsquo;ai concoct\u00e9 une petite PAL sp\u00e9cialement pour ce week-end ainsi que quelques gourmandises pour dimanche, Isabelle ayant propos\u00e9 une cuisine cr\u00e9ative halloweenesque pour dimanche. Voici une petite s\u00e9lection de nos prochaines lectures mais qui ne comprend pas celles qui sont dans ma liseuse.<br \/><\/em><\/p>\n<div class=\"tiled-gallery type-rectangular tiled-gallery-unresized\" data-original-width=\"676\" data-carousel-extra='{&quot;blog_id&quot;:1,&quot;permalink&quot;:&quot;http:\\\/\\\/www.jojoenherbe.com\\\/index.php\\\/2023\\\/10\\\/13\\\/rat-dhalloween-2023\\\/&quot;,&quot;likes_blog_id&quot;:141396489}' itemscope itemtype=\"http:\/\/schema.org\/ImageGallery\" > <div class=\"gallery-row\" style=\"width: 676px; height: 368px;\" data-original-width=\"676\" data-original-height=\"368\" > <div class=\"gallery-group images-1\" style=\"width: 492px; height: 368px;\" data-original-width=\"492\" data-original-height=\"368\" > <div class=\"tiled-gallery-item tiled-gallery-item-large\" itemprop=\"associatedMedia\" itemscope itemtype=\"http:\/\/schema.org\/ImageObject\"> <a href=\"http:\/\/www.jojoenherbe.com\/index.php\/2023\/10\/13\/rat-dhalloween-2023\/rat-halloween-2023-selection\/\" border=\"0\" itemprop=\"url\"> <meta itemprop=\"width\" content=\"488\"> <meta itemprop=\"height\" content=\"364\"> <img decoding=\"async\" class=\"\" data-attachment-id=\"32609\" data-orig-file=\"http:\/\/www.jojoenherbe.com\/wp-content\/uploads\/2023\/10\/RAT-Halloween-2023-Selection-scaled.jpg\" data-orig-size=\"2560,1910\" data-comments-opened=\"1\" data-image-meta=\"{&quot;aperture&quot;:&quot;1.8&quot;,&quot;credit&quot;:&quot;&quot;,&quot;camera&quot;:&quot;iPhone 7&quot;,&quot;caption&quot;:&quot;&quot;,&quot;created_timestamp&quot;:&quot;1697212326&quot;,&quot;copyright&quot;:&quot;&quot;,&quot;focal_length&quot;:&quot;3.99&quot;,&quot;iso&quot;:&quot;32&quot;,&quot;shutter_speed&quot;:&quot;0.04&quot;,&quot;title&quot;:&quot;&quot;,&quot;orientation&quot;:&quot;1&quot;}\" data-image-title=\"RAT Halloween 2023 S\u00e9lection\" data-image-description=\"\" data-medium-file=\"https:\/\/i0.wp.com\/www.jojoenherbe.com\/wp-content\/uploads\/2023\/10\/RAT-Halloween-2023-Selection-scaled.jpg?fit=300%2C224\" data-large-file=\"https:\/\/i0.wp.com\/www.jojoenherbe.com\/wp-content\/uploads\/2023\/10\/RAT-Halloween-2023-Selection-scaled.jpg?fit=676%2C504\" src=\"https:\/\/i0.wp.com\/www.jojoenherbe.com\/wp-content\/uploads\/2023\/10\/RAT-Halloween-2023-Selection-scaled.jpg?w=488&#038;h=364\" srcset=\"https:\/\/i0.wp.com\/www.jojoenherbe.com\/wp-content\/uploads\/2023\/10\/RAT-Halloween-2023-Selection-scaled.jpg?w=2560 2560w, https:\/\/i0.wp.com\/www.jojoenherbe.com\/wp-content\/uploads\/2023\/10\/RAT-Halloween-2023-Selection-scaled.jpg?resize=300%2C224 300w, https:\/\/i0.wp.com\/www.jojoenherbe.com\/wp-content\/uploads\/2023\/10\/RAT-Halloween-2023-Selection-scaled.jpg?resize=1024%2C764 1024w, https:\/\/i0.wp.com\/www.jojoenherbe.com\/wp-content\/uploads\/2023\/10\/RAT-Halloween-2023-Selection-scaled.jpg?resize=768%2C573 768w, https:\/\/i0.wp.com\/www.jojoenherbe.com\/wp-content\/uploads\/2023\/10\/RAT-Halloween-2023-Selection-scaled.jpg?resize=1536%2C1146 1536w, https:\/\/i0.wp.com\/www.jojoenherbe.com\/wp-content\/uploads\/2023\/10\/RAT-Halloween-2023-Selection-scaled.jpg?resize=2048%2C1528 2048w, https:\/\/i0.wp.com\/www.jojoenherbe.com\/wp-content\/uploads\/2023\/10\/RAT-Halloween-2023-Selection-scaled.jpg?resize=676%2C504 676w, https:\/\/i0.wp.com\/www.jojoenherbe.com\/wp-content\/uploads\/2023\/10\/RAT-Halloween-2023-Selection-scaled.jpg?w=1352 1352w\" width=\"488\" height=\"364\" loading=\"lazy\" data-original-width=\"488\" data-original-height=\"364\" itemprop=\"http:\/\/schema.org\/image\" title=\"RAT Halloween 2023 S\u00e9lection\" alt=\"RAT Halloween 2023 S\u00e9lection\" style=\"width: 488px; height: 364px;\" \/> <\/a> <\/div> <\/div> <!-- close group --> <div class=\"gallery-group images-2\" style=\"width: 184px; height: 368px;\" data-original-width=\"184\" data-original-height=\"368\" > <div class=\"tiled-gallery-item tiled-gallery-item-small\" itemprop=\"associatedMedia\" itemscope itemtype=\"http:\/\/schema.org\/ImageObject\"> <a href=\"http:\/\/www.jojoenherbe.com\/index.php\/2023\/10\/13\/rat-dhalloween-2023\/les-marmitonnes-logo-halloween\/\" border=\"0\" itemprop=\"url\"> <meta itemprop=\"width\" content=\"180\"> <meta itemprop=\"height\" content=\"180\"> <img decoding=\"async\" class=\"\" data-attachment-id=\"32610\" data-orig-file=\"http:\/\/www.jojoenherbe.com\/wp-content\/uploads\/2023\/10\/Les-Marmitonnes-logo-Halloween.jpg\" data-orig-size=\"960,960\" data-comments-opened=\"1\" data-image-meta=\"{&quot;aperture&quot;:&quot;0&quot;,&quot;credit&quot;:&quot;&quot;,&quot;camera&quot;:&quot;&quot;,&quot;caption&quot;:&quot;&quot;,&quot;created_timestamp&quot;:&quot;1696966827&quot;,&quot;copyright&quot;:&quot;&quot;,&quot;focal_length&quot;:&quot;0&quot;,&quot;iso&quot;:&quot;0&quot;,&quot;shutter_speed&quot;:&quot;0&quot;,&quot;title&quot;:&quot;&quot;,&quot;orientation&quot;:&quot;1&quot;}\" data-image-title=\"Les Marmitonnes &amp;#8211; logo Halloween\" data-image-description=\"\" data-medium-file=\"https:\/\/i0.wp.com\/www.jojoenherbe.com\/wp-content\/uploads\/2023\/10\/Les-Marmitonnes-logo-Halloween.jpg?fit=300%2C300\" data-large-file=\"https:\/\/i0.wp.com\/www.jojoenherbe.com\/wp-content\/uploads\/2023\/10\/Les-Marmitonnes-logo-Halloween.jpg?fit=676%2C676\" src=\"https:\/\/i0.wp.com\/www.jojoenherbe.com\/wp-content\/uploads\/2023\/10\/Les-Marmitonnes-logo-Halloween.jpg?w=180&#038;h=180&#038;crop=1\" srcset=\"https:\/\/i0.wp.com\/www.jojoenherbe.com\/wp-content\/uploads\/2023\/10\/Les-Marmitonnes-logo-Halloween.jpg?w=960 960w, https:\/\/i0.wp.com\/www.jojoenherbe.com\/wp-content\/uploads\/2023\/10\/Les-Marmitonnes-logo-Halloween.jpg?resize=300%2C300 300w, https:\/\/i0.wp.com\/www.jojoenherbe.com\/wp-content\/uploads\/2023\/10\/Les-Marmitonnes-logo-Halloween.jpg?resize=150%2C150 150w, https:\/\/i0.wp.com\/www.jojoenherbe.com\/wp-content\/uploads\/2023\/10\/Les-Marmitonnes-logo-Halloween.jpg?resize=768%2C768 768w, https:\/\/i0.wp.com\/www.jojoenherbe.com\/wp-content\/uploads\/2023\/10\/Les-Marmitonnes-logo-Halloween.jpg?resize=676%2C676 676w\" width=\"180\" height=\"180\" loading=\"lazy\" data-original-width=\"180\" data-original-height=\"180\" itemprop=\"http:\/\/schema.org\/image\" title=\"Les Marmitonnes - logo Halloween\" alt=\"Les Marmitonnes - logo Halloween\" style=\"width: 180px; height: 180px;\" \/> <\/a> <\/div> <div class=\"tiled-gallery-item tiled-gallery-item-small\" itemprop=\"associatedMedia\" itemscope itemtype=\"http:\/\/schema.org\/ImageObject\"> <a href=\"http:\/\/www.jojoenherbe.com\/index.php\/2023\/10\/11\/au-fil-des-pages-avec-le-tome-1-de-brume\/challenge-halloween-2023-logo-jeunesse\/\" border=\"0\" itemprop=\"url\"> <meta itemprop=\"width\" content=\"180\"> <meta itemprop=\"height\" content=\"180\"> <img decoding=\"async\" class=\"\" data-attachment-id=\"32547\" data-orig-file=\"http:\/\/www.jojoenherbe.com\/wp-content\/uploads\/2023\/10\/Challenge-Halloween-2023-logo-jeunesse.png\" data-orig-size=\"768,768\" data-comments-opened=\"1\" data-image-meta=\"{&quot;aperture&quot;:&quot;0&quot;,&quot;credit&quot;:&quot;&quot;,&quot;camera&quot;:&quot;&quot;,&quot;caption&quot;:&quot;&quot;,&quot;created_timestamp&quot;:&quot;0&quot;,&quot;copyright&quot;:&quot;&quot;,&quot;focal_length&quot;:&quot;0&quot;,&quot;iso&quot;:&quot;0&quot;,&quot;shutter_speed&quot;:&quot;0&quot;,&quot;title&quot;:&quot;&quot;,&quot;orientation&quot;:&quot;0&quot;}\" data-image-title=\"Challenge Halloween 2023 &amp;#8211; logo jeunesse\" data-image-description=\"\" data-medium-file=\"https:\/\/i0.wp.com\/www.jojoenherbe.com\/wp-content\/uploads\/2023\/10\/Challenge-Halloween-2023-logo-jeunesse.png?fit=300%2C300\" data-large-file=\"https:\/\/i0.wp.com\/www.jojoenherbe.com\/wp-content\/uploads\/2023\/10\/Challenge-Halloween-2023-logo-jeunesse.png?fit=676%2C676\" src=\"https:\/\/i0.wp.com\/www.jojoenherbe.com\/wp-content\/uploads\/2023\/10\/Challenge-Halloween-2023-logo-jeunesse.png?w=180&#038;h=180&#038;crop=1\" srcset=\"https:\/\/i0.wp.com\/www.jojoenherbe.com\/wp-content\/uploads\/2023\/10\/Challenge-Halloween-2023-logo-jeunesse.png?w=768 768w, https:\/\/i0.wp.com\/www.jojoenherbe.com\/wp-content\/uploads\/2023\/10\/Challenge-Halloween-2023-logo-jeunesse.png?resize=300%2C300 300w, https:\/\/i0.wp.com\/www.jojoenherbe.com\/wp-content\/uploads\/2023\/10\/Challenge-Halloween-2023-logo-jeunesse.png?resize=150%2C150 150w, https:\/\/i0.wp.com\/www.jojoenherbe.com\/wp-content\/uploads\/2023\/10\/Challenge-Halloween-2023-logo-jeunesse.png?resize=676%2C676 676w\" width=\"180\" height=\"180\" loading=\"lazy\" data-original-width=\"180\" data-original-height=\"180\" itemprop=\"http:\/\/schema.org\/image\" title=\"Challenge Halloween 2023 - logo jeunesse\" alt=\"Challenge Halloween 2023 - logo jeunesse\" style=\"width: 180px; height: 180px;\" \/> <\/a> <\/div> <\/div> <!-- close group --> <\/div> <!-- close row --> <\/div>\n<p style=\"text-align: justify;\"><em>Pour d\u2019autres id\u00e9es halloweenesques (lectures, recettes et autres activit\u00e9s), les autres participantes: <a href=\"https:\/\/lelivroblog.fr\/2023\/10\/13\/journal-de-bord-du-read-a-thon-dhalloween-2023\">Hilde<\/a>, <a href=\"http:\/\/www.myloubook.com\/2023\/10\/13\/readathon-dhalloween-13-au-15-octobre-2023\">Lou<\/a>, <a href=\"https:\/\/lorouge.wordpress.com\/2023\/10\/13\/read-a-thon-dhalloween-2023-journal-de-bord\/\">Lorouge<\/a>, <a href=\"https:\/\/aujourdhui-je-maime.com\/2023\/10\/13\/journal-de-bord-du-read-a-thon-dhalloween-2023\/\">Isa<\/a>, <a href=\"http:\/\/croquerlespages.canalblog.com\/archives\/2023\/10\/13\/40057520.html\">Fondant<\/a>, <a href=\"https:\/\/artdelire.org\/2023\/10\/13\/read-a-thon-challenge-le-mois-halloween-2023-billet-de-suivi\/\">MissyCornish<\/a>, <a href=\"https:\/\/mapetitemediatheque.fr\/2023\/10\/read-a-thon-halloween-2\/\">Bidib<\/a>, Nath (IG), Allison (IG), Amandine (IG), Sissi (IG) et <a href=\"https:\/\/chroniqueslitteraires.wordpress.com\/2023\/10\/13\/journal-de-bord-du-read-a-thon-dhalloween-2023\/\">Chroniques Litt\u00e9raires<\/a>.<br \/><\/em><\/p>\n<p><span style=\"text-decoration: underline; color: #800080;\">Vendredi 13 octobre 2023<\/span><\/p>\n<p style=\"text-align: justify;\"><em><a href=\"https:\/\/i0.wp.com\/www.jojoenherbe.com\/wp-content\/uploads\/2021\/09\/Dans-la-foret-scaled.jpg\"><img data-recalc-dims=\"1\" loading=\"lazy\" decoding=\"async\" data-attachment-id=\"20810\" data-permalink=\"http:\/\/www.jojoenherbe.com\/index.php\/2021\/09\/20\/point-lecture-hebdomadaire-7\/dans-la-foret\/\" data-orig-file=\"https:\/\/i0.wp.com\/www.jojoenherbe.com\/wp-content\/uploads\/2021\/09\/Dans-la-foret-scaled.jpg?fit=2560%2C1920\" data-orig-size=\"2560,1920\" data-comments-opened=\"1\" data-image-meta=\"{&quot;aperture&quot;:&quot;1.8&quot;,&quot;credit&quot;:&quot;&quot;,&quot;camera&quot;:&quot;iPhone 7&quot;,&quot;caption&quot;:&quot;&quot;,&quot;created_timestamp&quot;:&quot;1632133565&quot;,&quot;copyright&quot;:&quot;&quot;,&quot;focal_length&quot;:&quot;3.99&quot;,&quot;iso&quot;:&quot;100&quot;,&quot;shutter_speed&quot;:&quot;0.071428571428571&quot;,&quot;title&quot;:&quot;&quot;,&quot;orientation&quot;:&quot;1&quot;}\" data-image-title=\"Dans la for\u00eat\" data-image-description=\"\" data-image-caption=\"\" data-large-file=\"https:\/\/i0.wp.com\/www.jojoenherbe.com\/wp-content\/uploads\/2021\/09\/Dans-la-foret-scaled.jpg?fit=676%2C507\" class=\"alignleft size-thumbnail wp-image-20810\" src=\"https:\/\/i0.wp.com\/www.jojoenherbe.com\/wp-content\/uploads\/2021\/09\/Dans-la-foret.jpg?resize=150%2C150\" alt=\"\" width=\"150\" height=\"150\" srcset=\"https:\/\/i0.wp.com\/www.jojoenherbe.com\/wp-content\/uploads\/2021\/09\/Dans-la-foret-scaled.jpg?resize=150%2C150 150w, https:\/\/i0.wp.com\/www.jojoenherbe.com\/wp-content\/uploads\/2021\/09\/Dans-la-foret-scaled.jpg?zoom=2&amp;resize=150%2C150 300w, https:\/\/i0.wp.com\/www.jojoenherbe.com\/wp-content\/uploads\/2021\/09\/Dans-la-foret-scaled.jpg?zoom=3&amp;resize=150%2C150 450w\" sizes=\"auto, (max-width: 150px) 100vw, 150px\" \/><\/a>Pendant la pause d\u00e9jeuner, mon mini vampire a voulu relire <strong><span style=\"text-decoration: underline;\">Dans la for\u00eat<\/span><\/strong> de Rob Hodgson (\u00e9d. Clorophyl, 1,2,3,Soleil!, 2020), un album jeunesse tr\u00e8s rigolo \u00e0 partir de 3 avec l&rsquo;histoire de 3 renards qui partent sur la piste de lapins. <br \/><\/em><\/p>\n<p style=\"text-align: justify;\"><em>Dans l&rsquo;apr\u00e8s-midi, je prends le temps d&rsquo;\u00e9crire mon billet pour ce week-end et de faire un tour chez les participantes, que ce soit leurs blogs et\/ou les r\u00e9seaux sociaux: Lorouge en pleine lecture d&rsquo;un roman que j&rsquo;ai d\u00e9j\u00e0 lu, <span style=\"text-decoration: underline;\">Les Sorci\u00e8res de Pendle<\/span> de Stacey Halls, Lou du tome 2 de <span style=\"text-decoration: underline;\">Vampyria<\/span>, Hilde d&rsquo;<span style=\"text-decoration: underline;\">\u00c0 chaque g\u00e9n\u00e9ration<\/span> de Kendare Blake (roman se d\u00e9roulant dans l&rsquo;univers de Buffy), Fondant avec une BD que j&rsquo;ai d\u00e9j\u00e0 lue, le tome 1 de <span style=\"text-decoration: underline;\">109, Rue des Soupirs, Fant\u00f4mes \u00e0 domicile<\/span> de Mr Tran et Yomgui Dumont\u00a0 et Bidib du <span style=\"text-decoration: underline;\">Grimoire de Samhain<\/span> de Ketty Orain-Ferella et de <span style=\"text-decoration: underline;\">L&rsquo;Historienne et Drakula<\/span> d\u2019Elizabeth Kostova.<\/em><\/p>\n<p style=\"text-align: justify;\"><em><a href=\"https:\/\/i0.wp.com\/www.jojoenherbe.com\/wp-content\/uploads\/2023\/09\/Brume-T1-scaled.jpg\"><img data-recalc-dims=\"1\" loading=\"lazy\" decoding=\"async\" data-attachment-id=\"32362\" data-permalink=\"http:\/\/www.jojoenherbe.com\/index.php\/2023\/09\/23\/billet-de-suivi-challenge-halloween-2023\/brume-t1\/\" data-orig-file=\"https:\/\/i0.wp.com\/www.jojoenherbe.com\/wp-content\/uploads\/2023\/09\/Brume-T1-scaled.jpg?fit=2560%2C2313\" data-orig-size=\"2560,2313\" data-comments-opened=\"1\" data-image-meta=\"{&quot;aperture&quot;:&quot;1.8&quot;,&quot;credit&quot;:&quot;&quot;,&quot;camera&quot;:&quot;iPhone 7&quot;,&quot;caption&quot;:&quot;&quot;,&quot;created_timestamp&quot;:&quot;1696257962&quot;,&quot;copyright&quot;:&quot;&quot;,&quot;focal_length&quot;:&quot;3.99&quot;,&quot;iso&quot;:&quot;50&quot;,&quot;shutter_speed&quot;:&quot;0.058823529411765&quot;,&quot;title&quot;:&quot;&quot;,&quot;orientation&quot;:&quot;1&quot;}\" data-image-title=\"Brume T1\" data-image-description=\"\" data-image-caption=\"\" data-large-file=\"https:\/\/i0.wp.com\/www.jojoenherbe.com\/wp-content\/uploads\/2023\/09\/Brume-T1-scaled.jpg?fit=676%2C611\" class=\"size-thumbnail wp-image-32362 alignright\" src=\"https:\/\/i0.wp.com\/www.jojoenherbe.com\/wp-content\/uploads\/2023\/09\/Brume-T1.jpg?resize=150%2C150\" alt=\"\" width=\"150\" height=\"150\" srcset=\"https:\/\/i0.wp.com\/www.jojoenherbe.com\/wp-content\/uploads\/2023\/09\/Brume-T1-scaled.jpg?resize=150%2C150 150w, https:\/\/i0.wp.com\/www.jojoenherbe.com\/wp-content\/uploads\/2023\/09\/Brume-T1-scaled.jpg?zoom=2&amp;resize=150%2C150 300w, https:\/\/i0.wp.com\/www.jojoenherbe.com\/wp-content\/uploads\/2023\/09\/Brume-T1-scaled.jpg?zoom=3&amp;resize=150%2C150 450w\" sizes=\"auto, (max-width: 150px) 100vw, 150px\" \/><\/a>Pour l&rsquo;histoire du soir et comme c&rsquo;est le cas depuis la semaine derni\u00e8re, mon mini vampire a lu une nouvelle le <a href=\"https:\/\/www.jojoenherbe.com\/index.php\/2023\/10\/11\/au-fil-des-pages-avec-le-tome-1-de-brume\/\"><strong>tome 1<\/strong><\/a> de <strong><span style=\"text-decoration: underline;\">Brume, Le r\u00e9veil du dragon<\/span><\/strong> de J\u00e9r\u00f4me P\u00e9lissier et Carine Hinder (\u00e9d. Gl\u00e9nat, coll. Tch\u00f4!, avril 2023, 64 pages), une BD jeunesse \u00e0 partir de 7 ans. En soir\u00e9e, j&rsquo;ai fini la romance historique commenc\u00e9e hier soir, le <strong>tome 12<\/strong> des <span style=\"text-decoration: underline;\">Fr\u00e8res Mackenzie<\/span> et le premier que je lis de la s\u00e9rie, <strong><span style=\"text-decoration: underline;\">L&rsquo;Irr\u00e9sistible Jaimie Mackenzie<\/span><\/strong> de Jennifer Ashley (\u00e9d. octobre 2023, 388 pages).<\/em><\/p>\n<p><span style=\"text-decoration: underline; color: #800080;\">Samedi 14 octobre 2023<\/span><\/p>\n<p style=\"text-align: justify;\"><em><a href=\"https:\/\/i0.wp.com\/www.jojoenherbe.com\/wp-content\/uploads\/2023\/10\/Maudite-poupee-scaled.jpg\"><img data-recalc-dims=\"1\" loading=\"lazy\" decoding=\"async\" data-attachment-id=\"32634\" data-permalink=\"http:\/\/www.jojoenherbe.com\/index.php\/2023\/10\/13\/rat-dhalloween-2023\/maudite-poupee\/\" data-orig-file=\"https:\/\/i0.wp.com\/www.jojoenherbe.com\/wp-content\/uploads\/2023\/10\/Maudite-poupee-scaled.jpg?fit=2560%2C1876\" data-orig-size=\"2560,1876\" data-comments-opened=\"1\" data-image-meta=\"{&quot;aperture&quot;:&quot;1.8&quot;,&quot;credit&quot;:&quot;&quot;,&quot;camera&quot;:&quot;iPhone 7&quot;,&quot;caption&quot;:&quot;&quot;,&quot;created_timestamp&quot;:&quot;1697289845&quot;,&quot;copyright&quot;:&quot;&quot;,&quot;focal_length&quot;:&quot;3.99&quot;,&quot;iso&quot;:&quot;80&quot;,&quot;shutter_speed&quot;:&quot;0.16666666666667&quot;,&quot;title&quot;:&quot;&quot;,&quot;orientation&quot;:&quot;1&quot;}\" data-image-title=\"Maudite poup\u00e9e\" data-image-description=\"\" data-image-caption=\"\" data-large-file=\"https:\/\/i0.wp.com\/www.jojoenherbe.com\/wp-content\/uploads\/2023\/10\/Maudite-poupee-scaled.jpg?fit=676%2C496\" class=\"alignleft size-thumbnail wp-image-32634\" src=\"https:\/\/i0.wp.com\/www.jojoenherbe.com\/wp-content\/uploads\/2023\/10\/Maudite-poupee.jpg?resize=150%2C150\" alt=\"\" width=\"150\" height=\"150\" srcset=\"https:\/\/i0.wp.com\/www.jojoenherbe.com\/wp-content\/uploads\/2023\/10\/Maudite-poupee-scaled.jpg?resize=150%2C150 150w, https:\/\/i0.wp.com\/www.jojoenherbe.com\/wp-content\/uploads\/2023\/10\/Maudite-poupee-scaled.jpg?zoom=2&amp;resize=150%2C150 300w, https:\/\/i0.wp.com\/www.jojoenherbe.com\/wp-content\/uploads\/2023\/10\/Maudite-poupee-scaled.jpg?zoom=3&amp;resize=150%2C150 450w\" sizes=\"auto, (max-width: 150px) 100vw, 150px\" \/><\/a>J&rsquo;ai lu ce matin <strong><span style=\"text-decoration: underline;\">Maudite poup\u00e9e<\/span><\/strong> d&rsquo;Am\u00e9lie Antoine (\u00e9d. Casterman, coll. Hant\u00e9, 2021, pages), un roman jeunesse \u00e0 partir de 10 ans et que j&rsquo;avais rep\u00e9r\u00e9 chez les copinautes <a href=\"https:\/\/lelivroblog.fr\/2021\/10\/29\/amelie-antoine-maudite-poupee\/\">Hilde<\/a>, <a href=\"https:\/\/vivrelivre19.over-blog.com\/2021\/10\/maudite-poupee.2021.html\">Blandine<\/a> et <a href=\"http:\/\/mya-books.over-blog.com\/2021\/10\/maudite-poupee.html\">MyaRosa<\/a> lors de leur lecture commune en 2021. <br \/><\/em><\/p>\n<p style=\"text-align: justify;\"><em>Apr\u00e8s cette lecture horrifique avec une vieille poup\u00e9e en porcelaine, il \u00e9tait temps de reprendre des forces ce midi. Apr\u00e8s un passage chez les autres participantes, MissyCornish et Bidib nous ayant rejointes, je vois que nous sommes toutes plong\u00e9es dans des lectures bien diff\u00e9rentes tandis que Hilde participe ce matin \u00e0 une animation aupr\u00e8s des tout-petits de sa m\u00e9diath\u00e8que (peut-\u00eatre halloweenesque?). <br \/><\/em><\/p>\n<p style=\"text-align: justify;\"><em><a href=\"https:\/\/i0.wp.com\/www.jojoenherbe.com\/wp-content\/uploads\/2023\/10\/Letrange-vie-de-Nobody-Owens-3-scaled.jpg\"><img data-recalc-dims=\"1\" loading=\"lazy\" decoding=\"async\" data-attachment-id=\"32644\" data-permalink=\"http:\/\/www.jojoenherbe.com\/index.php\/2023\/10\/13\/rat-dhalloween-2023\/letrange-vie-de-nobody-owens-3\/\" data-orig-file=\"https:\/\/i0.wp.com\/www.jojoenherbe.com\/wp-content\/uploads\/2023\/10\/Letrange-vie-de-Nobody-Owens-3-scaled.jpg?fit=2560%2C1920\" data-orig-size=\"2560,1920\" data-comments-opened=\"1\" data-image-meta=\"{&quot;aperture&quot;:&quot;1.8&quot;,&quot;credit&quot;:&quot;&quot;,&quot;camera&quot;:&quot;iPhone 7&quot;,&quot;caption&quot;:&quot;&quot;,&quot;created_timestamp&quot;:&quot;1697388235&quot;,&quot;copyright&quot;:&quot;&quot;,&quot;focal_length&quot;:&quot;3.99&quot;,&quot;iso&quot;:&quot;100&quot;,&quot;shutter_speed&quot;:&quot;0.25&quot;,&quot;title&quot;:&quot;&quot;,&quot;orientation&quot;:&quot;1&quot;}\" data-image-title=\"L&amp;rsquo;\u00e9trange vie de Nobody Owens 3\" data-image-description=\"\" data-image-caption=\"\" data-large-file=\"https:\/\/i0.wp.com\/www.jojoenherbe.com\/wp-content\/uploads\/2023\/10\/Letrange-vie-de-Nobody-Owens-3-scaled.jpg?fit=676%2C507\" class=\"size-thumbnail wp-image-32644 alignright\" src=\"https:\/\/i0.wp.com\/www.jojoenherbe.com\/wp-content\/uploads\/2023\/10\/Letrange-vie-de-Nobody-Owens-3.jpg?resize=150%2C150\" alt=\"\" width=\"150\" height=\"150\" srcset=\"https:\/\/i0.wp.com\/www.jojoenherbe.com\/wp-content\/uploads\/2023\/10\/Letrange-vie-de-Nobody-Owens-3-scaled.jpg?resize=150%2C150 150w, https:\/\/i0.wp.com\/www.jojoenherbe.com\/wp-content\/uploads\/2023\/10\/Letrange-vie-de-Nobody-Owens-3-scaled.jpg?zoom=2&amp;resize=150%2C150 300w, https:\/\/i0.wp.com\/www.jojoenherbe.com\/wp-content\/uploads\/2023\/10\/Letrange-vie-de-Nobody-Owens-3-scaled.jpg?zoom=3&amp;resize=150%2C150 450w\" sizes=\"auto, (max-width: 150px) 100vw, 150px\" \/><\/a>Je commence ensuite en d\u00e9but d&rsquo;apr\u00e8s-midi un autre roman jeunesse \u00e0 partir de 11 ans selon l&rsquo;\u00e9diteur: <strong><span style=\"text-decoration: underline;\">L&rsquo;\u00e9trange vie de Nobody Owens<\/span> <\/strong>de Neil Gaiman et illustr\u00e9 par Dave Mckean (\u00e9d. Albin Michel Jeunesse, coll. Wiz, mars 2009, 311 pages) avec l&rsquo;histoire d&rsquo;un jeune gar\u00e7on recueilli b\u00e9b\u00e9 par les \u00ab\u00a0habitants\u00a0\u00bb d&rsquo;un cimeti\u00e8re, \u00e9lev\u00e9 par les \u00e9poux Owens, des fant\u00f4mes et avec l&rsquo;aide d&rsquo;un tuteur vampire, Silas.<\/em><\/p>\n<p style=\"text-align: justify;\"><em><a href=\"https:\/\/i0.wp.com\/www.jojoenherbe.com\/wp-content\/uploads\/2023\/10\/Letrange-vie-de-Nobody-Owens-2-scaled.jpg\"><img data-recalc-dims=\"1\" loading=\"lazy\" decoding=\"async\" data-attachment-id=\"32632\" data-permalink=\"http:\/\/www.jojoenherbe.com\/index.php\/2023\/10\/13\/rat-dhalloween-2023\/letrange-vie-de-nobody-owens-2\/\" data-orig-file=\"https:\/\/i0.wp.com\/www.jojoenherbe.com\/wp-content\/uploads\/2023\/10\/Letrange-vie-de-Nobody-Owens-2-scaled.jpg?fit=2560%2C2001\" data-orig-size=\"2560,2001\" data-comments-opened=\"1\" data-image-meta=\"{&quot;aperture&quot;:&quot;1.8&quot;,&quot;credit&quot;:&quot;&quot;,&quot;camera&quot;:&quot;iPhone 7&quot;,&quot;caption&quot;:&quot;&quot;,&quot;created_timestamp&quot;:&quot;1697306878&quot;,&quot;copyright&quot;:&quot;&quot;,&quot;focal_length&quot;:&quot;3.99&quot;,&quot;iso&quot;:&quot;64&quot;,&quot;shutter_speed&quot;:&quot;0.058823529411765&quot;,&quot;title&quot;:&quot;&quot;,&quot;orientation&quot;:&quot;1&quot;}\" data-image-title=\"L&amp;rsquo;\u00e9trange vie de Nobody Owens 2\" data-image-description=\"\" data-image-caption=\"\" data-large-file=\"https:\/\/i0.wp.com\/www.jojoenherbe.com\/wp-content\/uploads\/2023\/10\/Letrange-vie-de-Nobody-Owens-2-scaled.jpg?fit=676%2C528\" class=\"alignleft size-thumbnail wp-image-32632\" src=\"https:\/\/i0.wp.com\/www.jojoenherbe.com\/wp-content\/uploads\/2023\/10\/Letrange-vie-de-Nobody-Owens-2.jpg?resize=150%2C150\" alt=\"\" width=\"150\" height=\"150\" srcset=\"https:\/\/i0.wp.com\/www.jojoenherbe.com\/wp-content\/uploads\/2023\/10\/Letrange-vie-de-Nobody-Owens-2-scaled.jpg?resize=150%2C150 150w, https:\/\/i0.wp.com\/www.jojoenherbe.com\/wp-content\/uploads\/2023\/10\/Letrange-vie-de-Nobody-Owens-2-scaled.jpg?zoom=2&amp;resize=150%2C150 300w, https:\/\/i0.wp.com\/www.jojoenherbe.com\/wp-content\/uploads\/2023\/10\/Letrange-vie-de-Nobody-Owens-2-scaled.jpg?zoom=3&amp;resize=150%2C150 450w\" sizes=\"auto, (max-width: 150px) 100vw, 150px\" \/><\/a>Avant le repas du soir, j&rsquo;arr\u00eate ma lecture \u00e0 la fin du chapitre 6, en ayant altern\u00e9 ma lecture \u00e0 chaque fin de chapitre avec l&rsquo;adaptation en BD du roman, le tome 1 de Neil Gaiman et P. Craig Russell (\u00e9d. Delcourt, mai 2015, 192 pages), une BD class\u00e9e en adulte par ma m\u00e9diath\u00e8que qui s&rsquo;arr\u00eate juste apr\u00e8s l&rsquo;interlude, juste avant le chapitre 6. Le jeune gar\u00e7on, \u00ab\u00a0Bod\u00a0\u00bb \u00e9tant d\u00e9sormais un tout jeune adolescent qui a tent\u00e9 une incursion dans le monde des vivants en allant au coll\u00e8ge. <\/em><\/p>\n<p style=\"text-align: justify;\"><em>En soir\u00e9e, je finis de lire <span style=\"text-decoration: underline;\">L&rsquo;\u00e9trange vie de Nobody Owens<\/span> et me note d&rsquo;aller emprunter le second tome de son adaptation en BD, m\u00eame si dans le premier tome je n&rsquo;ai pas vraiment accroch\u00e9 \u00e0 tous les styles des dessinateurs, avec une nette pr\u00e9f\u00e9rence pour le chapitre 4 illustr\u00e9 par Galen Showman. Un bon moment de lecture avec ce roman initiatique qui se termine aux 15 ans du gar\u00e7on!<\/em><\/p>\n<p><span style=\"text-decoration: underline; color: #800080;\">Dimanche 15 octobre 2023<\/span><\/p>\n<p style=\"text-align: justify;\"><em><a href=\"https:\/\/i0.wp.com\/www.jojoenherbe.com\/wp-content\/uploads\/2023\/10\/Selection-jeunesse-RAT-scaled.jpg\"><img data-recalc-dims=\"1\" loading=\"lazy\" decoding=\"async\" data-attachment-id=\"32645\" data-permalink=\"http:\/\/www.jojoenherbe.com\/index.php\/2023\/10\/13\/rat-dhalloween-2023\/selection-jeunesse-rat\/\" data-orig-file=\"https:\/\/i0.wp.com\/www.jojoenherbe.com\/wp-content\/uploads\/2023\/10\/Selection-jeunesse-RAT-scaled.jpg?fit=2560%2C1697\" data-orig-size=\"2560,1697\" data-comments-opened=\"1\" data-image-meta=\"{&quot;aperture&quot;:&quot;1.8&quot;,&quot;credit&quot;:&quot;&quot;,&quot;camera&quot;:&quot;iPhone 7&quot;,&quot;caption&quot;:&quot;&quot;,&quot;created_timestamp&quot;:&quot;1697388197&quot;,&quot;copyright&quot;:&quot;&quot;,&quot;focal_length&quot;:&quot;3.99&quot;,&quot;iso&quot;:&quot;100&quot;,&quot;shutter_speed&quot;:&quot;0.2&quot;,&quot;title&quot;:&quot;&quot;,&quot;orientation&quot;:&quot;1&quot;}\" data-image-title=\"S\u00e9lection jeunesse RAT\" data-image-description=\"\" data-image-caption=\"\" data-large-file=\"https:\/\/i0.wp.com\/www.jojoenherbe.com\/wp-content\/uploads\/2023\/10\/Selection-jeunesse-RAT-scaled.jpg?fit=676%2C448\" class=\"size-thumbnail wp-image-32645 alignright\" src=\"https:\/\/i0.wp.com\/www.jojoenherbe.com\/wp-content\/uploads\/2023\/10\/Selection-jeunesse-RAT.jpg?resize=150%2C150\" alt=\"\" width=\"150\" height=\"150\" srcset=\"https:\/\/i0.wp.com\/www.jojoenherbe.com\/wp-content\/uploads\/2023\/10\/Selection-jeunesse-RAT-scaled.jpg?resize=150%2C150 150w, https:\/\/i0.wp.com\/www.jojoenherbe.com\/wp-content\/uploads\/2023\/10\/Selection-jeunesse-RAT-scaled.jpg?zoom=2&amp;resize=150%2C150 300w, https:\/\/i0.wp.com\/www.jojoenherbe.com\/wp-content\/uploads\/2023\/10\/Selection-jeunesse-RAT-scaled.jpg?zoom=3&amp;resize=150%2C150 450w\" sizes=\"auto, (max-width: 150px) 100vw, 150px\" \/><\/a>Apr\u00e8s le petit d\u00e9jeuner, nous lisons <strong><span style=\"text-decoration: underline;\">Ton r\u00eave \u00e0 toi<\/span><\/strong> de Laura Hedon (\u00e9d. Gautier-Languereau, septembre 2023, 32 pages), un album jeunesse joliment illustr\u00e9 et \u00e0 partir de 3 ans achet\u00e9 le jour de sa parution et le <strong>tome 1<\/strong> d&rsquo;<strong><span style=\"text-decoration: underline;\">Armelle et Mirko, L&rsquo;\u00e9tincelle<\/span><\/strong> d&rsquo;Anne Montel, Lo\u00efc Cl\u00e9ment et Julien Arnal (\u00e9d. Delcourt, mars 2023, 32 pages), une BD jeunesse \u00e0 partir de 6\/7 ans que j&rsquo;avais gard\u00e9e de c\u00f4t\u00e9 pour cet automne et qu&rsquo;<a href=\"https:\/\/lelivroblog.fr\/2023\/03\/22\/armelle-et-mirko-letincelle-1\/\">Hilde<\/a> et <a href=\"https:\/\/mapetitemediatheque.fr\/2023\/03\/armelle-et-mirko-tome-1-letincelle-bd-jeunesse\/\">Bidib<\/a> avait bien appr\u00e9ci\u00e9e aussi.<\/em><\/p>\n<p style=\"text-align: justify;\"><em>Puis je lis jusqu&rsquo;au chapitre 14 le <strong>tome 3<\/strong> des<strong> <span style=\"text-decoration: underline;\">Alliances impos\u00e9es, La fianc\u00e9e d\u00e9shonor\u00e9e<\/span><\/strong> de Liv Fox (\u00e9d. Auto\u00e9dition, octobre 2023, 424 pages), une romance historique se d\u00e9roulant en 1817 entre la s\u0153ur cadette de James Covington (du tome 1), Sophia, \u00e2g\u00e9e de 22 ans et Maximilien Reid, capitaine dans l&rsquo;arm\u00e9e et qui rentre, \u00e0 25 ans, en tant que fils h\u00e9ritier d&rsquo;un comte, apr\u00e8s 7 ans, pour reprendre en main le domaine familial.<\/em><\/p>\n<p style=\"text-align: justify;\"><em><a href=\"https:\/\/i0.wp.com\/www.jojoenherbe.com\/wp-content\/uploads\/2023\/10\/Castagniers-automne-2023-scaled.jpg\"><img data-recalc-dims=\"1\" loading=\"lazy\" decoding=\"async\" data-attachment-id=\"32647\" data-permalink=\"http:\/\/www.jojoenherbe.com\/index.php\/2023\/10\/13\/rat-dhalloween-2023\/castagniers-automne-2023\/\" data-orig-file=\"https:\/\/i0.wp.com\/www.jojoenherbe.com\/wp-content\/uploads\/2023\/10\/Castagniers-automne-2023-scaled.jpg?fit=2560%2C1920\" data-orig-size=\"2560,1920\" data-comments-opened=\"1\" data-image-meta=\"{&quot;aperture&quot;:&quot;1.8&quot;,&quot;credit&quot;:&quot;&quot;,&quot;camera&quot;:&quot;iPhone 7&quot;,&quot;caption&quot;:&quot;&quot;,&quot;created_timestamp&quot;:&quot;1697375114&quot;,&quot;copyright&quot;:&quot;&quot;,&quot;focal_length&quot;:&quot;3.99&quot;,&quot;iso&quot;:&quot;20&quot;,&quot;shutter_speed&quot;:&quot;0.0026954177897574&quot;,&quot;title&quot;:&quot;&quot;,&quot;orientation&quot;:&quot;1&quot;}\" data-image-title=\"Castagniers &amp;#8211; automne 2023\" data-image-description=\"\" data-image-caption=\"\" data-large-file=\"https:\/\/i0.wp.com\/www.jojoenherbe.com\/wp-content\/uploads\/2023\/10\/Castagniers-automne-2023-scaled.jpg?fit=676%2C507\" class=\"alignleft size-thumbnail wp-image-32647\" src=\"https:\/\/i0.wp.com\/www.jojoenherbe.com\/wp-content\/uploads\/2023\/10\/Castagniers-automne-2023.jpg?resize=150%2C150\" alt=\"\" width=\"150\" height=\"150\" srcset=\"https:\/\/i0.wp.com\/www.jojoenherbe.com\/wp-content\/uploads\/2023\/10\/Castagniers-automne-2023-scaled.jpg?resize=150%2C150 150w, https:\/\/i0.wp.com\/www.jojoenherbe.com\/wp-content\/uploads\/2023\/10\/Castagniers-automne-2023-scaled.jpg?zoom=2&amp;resize=150%2C150 300w, https:\/\/i0.wp.com\/www.jojoenherbe.com\/wp-content\/uploads\/2023\/10\/Castagniers-automne-2023-scaled.jpg?zoom=3&amp;resize=150%2C150 450w\" sizes=\"auto, (max-width: 150px) 100vw, 150px\" \/><\/a>Puis nous sortons jusqu&rsquo;en milieu d&rsquo;apr\u00e8s-midi (pique-nique, jeux au parc et vide ta chambre) et l&rsquo;occasion de voir un peu d&rsquo;automne dans la Nature encore bien verte et malgr\u00e9 les fortes temp\u00e9ratures.<\/em><\/p>\n<p style=\"text-align: justify;\"><em>De retour chez nous et avant le go\u00fbter, je pr\u00e9pare un far breton aux prunes ainsi qu&rsquo;un g\u00e2teau aux yaourts. Peut-\u00eatre vais-je le transformer comme <a href=\"https:\/\/ribambelledhistoires.over-blog.com\/2023\/10\/gateau-chauve-souris.html\">Isabelle<\/a> en chauve-souris? Finalement, nous sommes trop gourmands et nous d\u00e9gustons des morceaux encore ti\u00e8des.<br \/><\/em><\/p>\n<p style=\"text-align: justify;\"><em><a href=\"https:\/\/i0.wp.com\/www.jojoenherbe.com\/wp-content\/uploads\/2023\/10\/Gouter-RAT-scaled.jpg\"><img data-recalc-dims=\"1\" loading=\"lazy\" decoding=\"async\" data-attachment-id=\"32651\" data-permalink=\"http:\/\/www.jojoenherbe.com\/index.php\/2023\/10\/13\/rat-dhalloween-2023\/gouter-rat\/\" data-orig-file=\"https:\/\/i0.wp.com\/www.jojoenherbe.com\/wp-content\/uploads\/2023\/10\/Gouter-RAT-scaled.jpg?fit=2560%2C1920\" data-orig-size=\"2560,1920\" data-comments-opened=\"1\" data-image-meta=\"{&quot;aperture&quot;:&quot;1.8&quot;,&quot;credit&quot;:&quot;&quot;,&quot;camera&quot;:&quot;iPhone 7&quot;,&quot;caption&quot;:&quot;&quot;,&quot;created_timestamp&quot;:&quot;1697394135&quot;,&quot;copyright&quot;:&quot;&quot;,&quot;focal_length&quot;:&quot;3.99&quot;,&quot;iso&quot;:&quot;200&quot;,&quot;shutter_speed&quot;:&quot;0.25&quot;,&quot;title&quot;:&quot;&quot;,&quot;orientation&quot;:&quot;1&quot;}\" data-image-title=\"Go\u00fbter RAT\" data-image-description=\"\" data-image-caption=\"\" data-large-file=\"https:\/\/i0.wp.com\/www.jojoenherbe.com\/wp-content\/uploads\/2023\/10\/Gouter-RAT-scaled.jpg?fit=676%2C507\" class=\"size-thumbnail wp-image-32651 alignright\" src=\"https:\/\/i0.wp.com\/www.jojoenherbe.com\/wp-content\/uploads\/2023\/10\/Gouter-RAT.jpg?resize=150%2C150\" alt=\"\" width=\"150\" height=\"150\" srcset=\"https:\/\/i0.wp.com\/www.jojoenherbe.com\/wp-content\/uploads\/2023\/10\/Gouter-RAT-scaled.jpg?resize=150%2C150 150w, https:\/\/i0.wp.com\/www.jojoenherbe.com\/wp-content\/uploads\/2023\/10\/Gouter-RAT-scaled.jpg?zoom=2&amp;resize=150%2C150 300w, https:\/\/i0.wp.com\/www.jojoenherbe.com\/wp-content\/uploads\/2023\/10\/Gouter-RAT-scaled.jpg?zoom=3&amp;resize=150%2C150 450w\" sizes=\"auto, (max-width: 150px) 100vw, 150px\" \/><\/a>Pendant que le repas du soir est en train de cuire, petit passage chez les autres participantes, Hilde et Bidib ayant crochet\u00e9 cet apr\u00e8s-midi des chauve-souris toutes mignonnes, celle de Hilde devenant la mascotte de notre RAT. Cat (Lorouge) a bien avanc\u00e9 dans ses lectures avec <span style=\"text-decoration: underline;\">Kenny et le dragon<\/span>, un roman jeunesse et <span style=\"text-decoration: underline;\">Les jours sucr\u00e9s<\/span>, une BD que j&rsquo;ai pr\u00e9vu de lire cet automne. Tout comme Isa et Fondant qui ont toutes les deux lu la BD jeunesse <span style=\"text-decoration: underline;\">D&rsquo;Ambre et de Feu<\/span>. <a href=\"https:\/\/asia4ever2.wordpress.com\/2023\/10\/14\/challenge-halloween-journal-de-bord-du-7-au-13-octobre\/\">Carfax<\/a> a aussi pris un peu de lecture avec le tome 1 de <span style=\"text-decoration: underline;\">Tarot, Le dernier soleil<\/span> pour nous accompagner.\u00a0<\/em><\/p>\n<p style=\"text-align: justify;\"><em>Pour l&rsquo;histoire du soir, mon mini sorcier relit les deux m\u00eames histoires de ce matin: le <strong>tome 1<\/strong> d&rsquo;<span style=\"text-decoration: underline;\"><strong>Armelle et Mirko, L&rsquo;\u00e9tincelle<\/strong> <\/span>avec l&rsquo;amiti\u00e9 toute mignonne entre Armelle, une tortue qui a une peur du noir et Mirko, une luciole ainsi que <span style=\"text-decoration: underline;\"><strong>Ton r\u00eave \u00e0 toi<\/strong><\/span> invitant le jeune lecteur \u00e0 ne jamais cesser de r\u00eaver et \u00e0 trouver sa voie (son r\u00eave).<\/em><\/p>\n<p style=\"text-align: justify;\"><em><a href=\"https:\/\/i0.wp.com\/www.jojoenherbe.com\/wp-content\/uploads\/2023\/10\/Magic-Charly-T3-2-scaled.jpg\"><img data-recalc-dims=\"1\" loading=\"lazy\" decoding=\"async\" data-attachment-id=\"32688\" data-permalink=\"http:\/\/www.jojoenherbe.com\/index.php\/2023\/10\/13\/rat-dhalloween-2023\/magic-charly-t3-2-2\/\" data-orig-file=\"https:\/\/i0.wp.com\/www.jojoenherbe.com\/wp-content\/uploads\/2023\/10\/Magic-Charly-T3-2-scaled.jpg?fit=2560%2C2118\" data-orig-size=\"2560,2118\" data-comments-opened=\"1\" data-image-meta=\"{&quot;aperture&quot;:&quot;1.8&quot;,&quot;credit&quot;:&quot;&quot;,&quot;camera&quot;:&quot;iPhone 7&quot;,&quot;caption&quot;:&quot;&quot;,&quot;created_timestamp&quot;:&quot;1697465060&quot;,&quot;copyright&quot;:&quot;&quot;,&quot;focal_length&quot;:&quot;3.99&quot;,&quot;iso&quot;:&quot;100&quot;,&quot;shutter_speed&quot;:&quot;0.076923076923077&quot;,&quot;title&quot;:&quot;&quot;,&quot;orientation&quot;:&quot;1&quot;}\" data-image-title=\"Magic Charly T3 (2)\" data-image-description=\"\" data-image-caption=\"\" data-large-file=\"https:\/\/i0.wp.com\/www.jojoenherbe.com\/wp-content\/uploads\/2023\/10\/Magic-Charly-T3-2-scaled.jpg?fit=676%2C559\" class=\"alignleft size-thumbnail wp-image-32688\" src=\"https:\/\/i0.wp.com\/www.jojoenherbe.com\/wp-content\/uploads\/2023\/10\/Magic-Charly-T3-2.jpg?resize=150%2C150\" alt=\"\" width=\"150\" height=\"150\" srcset=\"https:\/\/i0.wp.com\/www.jojoenherbe.com\/wp-content\/uploads\/2023\/10\/Magic-Charly-T3-2-scaled.jpg?resize=150%2C150 150w, https:\/\/i0.wp.com\/www.jojoenherbe.com\/wp-content\/uploads\/2023\/10\/Magic-Charly-T3-2-scaled.jpg?zoom=2&amp;resize=150%2C150 300w, https:\/\/i0.wp.com\/www.jojoenherbe.com\/wp-content\/uploads\/2023\/10\/Magic-Charly-T3-2-scaled.jpg?zoom=3&amp;resize=150%2C150 450w\" sizes=\"auto, (max-width: 150px) 100vw, 150px\" \/><\/a>En soir\u00e9e, j&rsquo;ai fini de lire <span style=\"text-decoration: underline;\"><strong>La fianc\u00e9e d\u00e9shonor\u00e9e<\/strong><\/span> de Liv Fox puis j&rsquo;ai commenc\u00e9 \u00e0 lire jusqu\u2019au chapitre 3 (58 pages lues) le <strong>tome 3<\/strong> de la trilogie <strong><span style=\"text-decoration: underline;\">Magic Charly, Justice soit faite!<\/span><\/strong> d\u2019Audrey Alwett (\u00e9d. Gallimard Jeunesse, novembre 2022, 544 pages), un roman jeunesse fantasy \u00e0 partir de 12 ans et avec une magnifique illustration de couverture de Stan Manoukian. Thandam \u00e9tant en danger, Sapotille arrivera-t-elle \u00e0 retrouver \u00e0 temps Charly afin de d\u00e9jouer ensemble les plans du juge Dendelion et de l\u2019Acad\u00e9mie? Je suis bien contente de me replonger dans l\u2019univers fantastique de Magic Charly. <\/em><\/p>\n\n\n<p><\/p>\n\n\n\n<p><\/p>\n","protected":false},"excerpt":{"rendered":"<p>Nos 2 vampirettes coorganisatrices, Hilde et Lou ont pr\u00e9vu du 13 au 15 octobre 2023 un RAT (un marathon de lectures mais pas que) dans le cadre de leur challenge Halloween 2023. \u00c2mes sensibles et superstitieuses n&rsquo;ont qu&rsquo;\u00e0 bien se tenir, le RAT commen\u00e7ant un vendredi 13! N&rsquo;h\u00e9sitez pas \u00e0 vous rapprocher du sombre et [&hellip;]<\/p>\n","protected":false},"author":1,"featured_media":32608,"comment_status":"open","ping_status":"open","sticky":false,"template":"","format":"standard","meta":{"jetpack_post_was_ever_published":false,"_jetpack_newsletter_access":"","_jetpack_dont_email_post_to_subs":false,"_jetpack_newsletter_tier_id":0,"_jetpack_memberships_contains_paywalled_content":false,"_jetpack_memberships_contains_paid_content":false,"footnotes":""},"categories":[873,363],"tags":[3526,2016,1085,367,1014,1797,3838,2310],"class_list":["post-32584","post","type-post","status-publish","format-standard","has-post-thumbnail","hentry","category-mini-challenger","category-mini-lecteur","tag-challenge-halloween-2023","tag-challenge-livresque","tag-lecture-adulte","tag-lecture-jeunesse","tag-lectures-dautomne","tag-lectures-dhalloween","tag-les-gourmandises-2023","tag-read-a-thon","post-preview"],"jetpack_featured_media_url":"https:\/\/i0.wp.com\/www.jojoenherbe.com\/wp-content\/uploads\/2023\/10\/RAT-Halloween-13-15.10.23-logo.jpg?fit=1080%2C1080","jetpack_sharing_enabled":true,"jetpack_shortlink":"https:\/\/wp.me\/p9zhGx-8ty","jetpack_likes_enabled":true,"jetpack-related-posts":[{"id":7649,"url":"http:\/\/www.jojoenherbe.com\/index.php\/2019\/09\/27\/des-livres-pour-les-grands-et-les-petits-pour-le-halloween-rat-2019\/","url_meta":{"origin":32584,"position":0},"title":"Des livres pour les grands et les petits pour le Halloween RAT 2019","author":"Jojo","date":"27 septembre 2019","format":false,"excerpt":"Comme indiqu\u00e9 dans mon pr\u00e9c\u00e9dent article, le Halloween Challenge 2019 commence par un RAT (read-a-thon) ce jour jusqu'au 29 septembre 2019. Apr\u00e8s une pause dans ma lecture du Crime d'Halloween d'Agatha Christie, me revoil\u00e0 avec des albums, romans et BD jeunesse emprunt\u00e9s \u00e0 la biblioth\u00e8que sur le th\u00e8me des fant\u00f4mes\u2026","rel":"","context":"Dans &quot;Mini challenger&quot;","block_context":{"text":"Mini challenger","link":"http:\/\/www.jojoenherbe.com\/index.php\/category\/mini-challenger\/"},"img":{"alt_text":"","src":"https:\/\/i0.wp.com\/www.jojoenherbe.com\/wp-content\/uploads\/2019\/09\/Halloween-RAT-2.jpg?fit=1200%2C951&resize=350%2C200","width":350,"height":200,"srcset":"https:\/\/i0.wp.com\/www.jojoenherbe.com\/wp-content\/uploads\/2019\/09\/Halloween-RAT-2.jpg?fit=1200%2C951&resize=350%2C200 1x, https:\/\/i0.wp.com\/www.jojoenherbe.com\/wp-content\/uploads\/2019\/09\/Halloween-RAT-2.jpg?fit=1200%2C951&resize=525%2C300 1.5x, https:\/\/i0.wp.com\/www.jojoenherbe.com\/wp-content\/uploads\/2019\/09\/Halloween-RAT-2.jpg?fit=1200%2C951&resize=700%2C400 2x, https:\/\/i0.wp.com\/www.jojoenherbe.com\/wp-content\/uploads\/2019\/09\/Halloween-RAT-2.jpg?fit=1200%2C951&resize=1050%2C600 3x"},"classes":[]},{"id":37072,"url":"http:\/\/www.jojoenherbe.com\/index.php\/2024\/10\/05\/rat-dhalloween-2024\/","url_meta":{"origin":32584,"position":1},"title":"RAT d&rsquo;Halloween 2024","author":"Jojo","date":"5 octobre 2024","format":false,"excerpt":"Nos 2 sorci\u00e8res coorganisatrices, Hilde et Lou ont pr\u00e9vu du 4 au 6 octobre 2024 un RAT (un marathon de lectures mais pas que) dans le cadre de leur challenge Halloween 2024. Pour l\u2019occasion, je ferai un journal de bord de ce read-a-thon halloweenesque tout en continuant de mettre \u00e0\u2026","rel":"","context":"Dans &quot;Mini blogueur&quot;","block_context":{"text":"Mini blogueur","link":"http:\/\/www.jojoenherbe.com\/index.php\/category\/mini-blogueur\/"},"img":{"alt_text":"","src":"https:\/\/i0.wp.com\/www.jojoenherbe.com\/wp-content\/uploads\/2024\/10\/logo-Challenge-Halloween-2024-2.jpg?fit=1080%2C1080&resize=350%2C200","width":350,"height":200,"srcset":"https:\/\/i0.wp.com\/www.jojoenherbe.com\/wp-content\/uploads\/2024\/10\/logo-Challenge-Halloween-2024-2.jpg?fit=1080%2C1080&resize=350%2C200 1x, https:\/\/i0.wp.com\/www.jojoenherbe.com\/wp-content\/uploads\/2024\/10\/logo-Challenge-Halloween-2024-2.jpg?fit=1080%2C1080&resize=525%2C300 1.5x, https:\/\/i0.wp.com\/www.jojoenherbe.com\/wp-content\/uploads\/2024\/10\/logo-Challenge-Halloween-2024-2.jpg?fit=1080%2C1080&resize=700%2C400 2x, https:\/\/i0.wp.com\/www.jojoenherbe.com\/wp-content\/uploads\/2024\/10\/logo-Challenge-Halloween-2024-2.jpg?fit=1080%2C1080&resize=1050%2C600 3x"},"classes":[]},{"id":7632,"url":"http:\/\/www.jojoenherbe.com\/index.php\/2019\/09\/27\/challenge-halloween-2019\/","url_meta":{"origin":32584,"position":2},"title":"Challenge Halloween 2019","author":"Jojo","date":"27 septembre 2019","format":false,"excerpt":"Le mois d'octobre approchant, je viens de d\u00e9couvrir un nouveau challenge diaboliquement tentant: le Challenge Halloween 2019 coorganis\u00e9 par Hilde et Lou et qui se d\u00e9roule du 27 septembre au 31 octobre 2019. Pour plus d'infos, n'h\u00e9sitez pas \u00e0 aller sur leur blog et\/ou \u00e0 y participer \u00e0 votre tour.\u2026","rel":"","context":"Dans &quot;Mini challenger&quot;","block_context":{"text":"Mini challenger","link":"http:\/\/www.jojoenherbe.com\/index.php\/category\/mini-challenger\/"},"img":{"alt_text":"","src":"https:\/\/i0.wp.com\/www.jojoenherbe.com\/wp-content\/uploads\/2019\/09\/Halloween-RAT.jpg?fit=1200%2C847&resize=350%2C200","width":350,"height":200,"srcset":"https:\/\/i0.wp.com\/www.jojoenherbe.com\/wp-content\/uploads\/2019\/09\/Halloween-RAT.jpg?fit=1200%2C847&resize=350%2C200 1x, https:\/\/i0.wp.com\/www.jojoenherbe.com\/wp-content\/uploads\/2019\/09\/Halloween-RAT.jpg?fit=1200%2C847&resize=525%2C300 1.5x, https:\/\/i0.wp.com\/www.jojoenherbe.com\/wp-content\/uploads\/2019\/09\/Halloween-RAT.jpg?fit=1200%2C847&resize=700%2C400 2x, https:\/\/i0.wp.com\/www.jojoenherbe.com\/wp-content\/uploads\/2019\/09\/Halloween-RAT.jpg?fit=1200%2C847&resize=1050%2C600 3x"},"classes":[]},{"id":7964,"url":"http:\/\/www.jojoenherbe.com\/index.php\/2019\/10\/11\/un-second-hallow-rat-2019\/","url_meta":{"origin":32584,"position":3},"title":"Un second Hallow RAT 2019","author":"Jojo","date":"11 octobre 2019","format":false,"excerpt":"Et c'est reparti pour un second week-end Hallow RAT du 11 octobre minuit au 13 octobre 2019. J'ai d\u00e9j\u00e0 pr\u00e9vu une \"petite\" pile de lectures pour ce RAT avec des livres achet\u00e9s ou emprunt\u00e9s \u00e0 la biblioth\u00e8que, en reprenant parfois des id\u00e9es de lecture rep\u00e9r\u00e9es chez d'autres participants depuis le\u2026","rel":"","context":"Dans &quot;Mini challenger&quot;","block_context":{"text":"Mini challenger","link":"http:\/\/www.jojoenherbe.com\/index.php\/category\/mini-challenger\/"},"img":{"alt_text":"","src":"https:\/\/i0.wp.com\/www.jojoenherbe.com\/wp-content\/uploads\/2019\/10\/Hallow-RAT.jpg?fit=1200%2C759&resize=350%2C200","width":350,"height":200,"srcset":"https:\/\/i0.wp.com\/www.jojoenherbe.com\/wp-content\/uploads\/2019\/10\/Hallow-RAT.jpg?fit=1200%2C759&resize=350%2C200 1x, https:\/\/i0.wp.com\/www.jojoenherbe.com\/wp-content\/uploads\/2019\/10\/Hallow-RAT.jpg?fit=1200%2C759&resize=525%2C300 1.5x, https:\/\/i0.wp.com\/www.jojoenherbe.com\/wp-content\/uploads\/2019\/10\/Hallow-RAT.jpg?fit=1200%2C759&resize=700%2C400 2x, https:\/\/i0.wp.com\/www.jojoenherbe.com\/wp-content\/uploads\/2019\/10\/Hallow-RAT.jpg?fit=1200%2C759&resize=1050%2C600 3x"},"classes":[]},{"id":32176,"url":"http:\/\/www.jojoenherbe.com\/index.php\/2023\/10\/01\/bilan-de-lecture-septembre-2023\/","url_meta":{"origin":32584,"position":4},"title":"Bilan de lecture: septembre 2023","author":"Jojo","date":"1 octobre 2023","format":false,"excerpt":"C\u2019est le premier du mois alors voici un petit retour bloguesque sur septembre 2023, un mois marqu\u00e9 par la fin des vacances estivales et la rentr\u00e9e des classes. Avec une derni\u00e8re semaine d\u2019ao\u00fbt gris\u00e2tre et pluvieuse et m\u00eame si c\u2019\u00e9tait toujours l\u2019\u00e9t\u00e9 jusqu\u2019au 23 septembre, nous nous sommes tourn\u00e9s vers\u2026","rel":"","context":"Dans &quot;Mini blogueur&quot;","block_context":{"text":"Mini blogueur","link":"http:\/\/www.jojoenherbe.com\/index.php\/category\/mini-blogueur\/"},"img":{"alt_text":"","src":"https:\/\/i0.wp.com\/www.jojoenherbe.com\/wp-content\/uploads\/2023\/09\/Selection-Septembre-2023-scaled.jpg?fit=1140%2C1200&resize=350%2C200","width":350,"height":200,"srcset":"https:\/\/i0.wp.com\/www.jojoenherbe.com\/wp-content\/uploads\/2023\/09\/Selection-Septembre-2023-scaled.jpg?fit=1140%2C1200&resize=350%2C200 1x, https:\/\/i0.wp.com\/www.jojoenherbe.com\/wp-content\/uploads\/2023\/09\/Selection-Septembre-2023-scaled.jpg?fit=1140%2C1200&resize=525%2C300 1.5x, https:\/\/i0.wp.com\/www.jojoenherbe.com\/wp-content\/uploads\/2023\/09\/Selection-Septembre-2023-scaled.jpg?fit=1140%2C1200&resize=700%2C400 2x, https:\/\/i0.wp.com\/www.jojoenherbe.com\/wp-content\/uploads\/2023\/09\/Selection-Septembre-2023-scaled.jpg?fit=1140%2C1200&resize=1050%2C600 3x"},"classes":[]},{"id":12692,"url":"http:\/\/www.jojoenherbe.com\/index.php\/2020\/10\/09\/un-rat-gourmand-dhalloween-2020\/","url_meta":{"origin":32584,"position":5},"title":"Un RAT gourmand d&rsquo;Halloween 2020","author":"Jojo","date":"9 octobre 2020","format":false,"excerpt":"Du 9 au 11 octobre 2020 a lieu un RAT gourmand d'Halloween organis\u00e9 par Hilde, Lou, Bidib et FondantGrignote. Il s'agit d'un inter-challenges entre le Challenge d'Halloween et celui Des livres (et des \u00e9crans) en cuisine. Au menu de ce week-end, des d\u00e9fis facultatifs sont pr\u00e9vus: les d\u00e9fis classiques propos\u00e9s\u2026","rel":"","context":"Dans &quot;Mini challenger&quot;","block_context":{"text":"Mini challenger","link":"http:\/\/www.jojoenherbe.com\/index.php\/category\/mini-challenger\/"},"img":{"alt_text":"","src":"https:\/\/i0.wp.com\/www.jojoenherbe.com\/wp-content\/uploads\/2020\/10\/PAL-RAT-Gourmand-dHalloween-scaled.jpg?fit=1200%2C769&resize=350%2C200","width":350,"height":200,"srcset":"https:\/\/i0.wp.com\/www.jojoenherbe.com\/wp-content\/uploads\/2020\/10\/PAL-RAT-Gourmand-dHalloween-scaled.jpg?fit=1200%2C769&resize=350%2C200 1x, https:\/\/i0.wp.com\/www.jojoenherbe.com\/wp-content\/uploads\/2020\/10\/PAL-RAT-Gourmand-dHalloween-scaled.jpg?fit=1200%2C769&resize=525%2C300 1.5x, https:\/\/i0.wp.com\/www.jojoenherbe.com\/wp-content\/uploads\/2020\/10\/PAL-RAT-Gourmand-dHalloween-scaled.jpg?fit=1200%2C769&resize=700%2C400 2x, https:\/\/i0.wp.com\/www.jojoenherbe.com\/wp-content\/uploads\/2020\/10\/PAL-RAT-Gourmand-dHalloween-scaled.jpg?fit=1200%2C769&resize=1050%2C600 3x"},"classes":[]}],"_links":{"self":[{"href":"http:\/\/www.jojoenherbe.com\/index.php\/wp-json\/wp\/v2\/posts\/32584","targetHints":{"allow":["GET"]}}],"collection":[{"href":"http:\/\/www.jojoenherbe.com\/index.php\/wp-json\/wp\/v2\/posts"}],"about":[{"href":"http:\/\/www.jojoenherbe.com\/index.php\/wp-json\/wp\/v2\/types\/post"}],"author":[{"embeddable":true,"href":"http:\/\/www.jojoenherbe.com\/index.php\/wp-json\/wp\/v2\/users\/1"}],"replies":[{"embeddable":true,"href":"http:\/\/www.jojoenherbe.com\/index.php\/wp-json\/wp\/v2\/comments?post=32584"}],"version-history":[{"count":36,"href":"http:\/\/www.jojoenherbe.com\/index.php\/wp-json\/wp\/v2\/posts\/32584\/revisions"}],"predecessor-version":[{"id":32690,"href":"http:\/\/www.jojoenherbe.com\/index.php\/wp-json\/wp\/v2\/posts\/32584\/revisions\/32690"}],"wp:featuredmedia":[{"embeddable":true,"href":"http:\/\/www.jojoenherbe.com\/index.php\/wp-json\/wp\/v2\/media\/32608"}],"wp:attachment":[{"href":"http:\/\/www.jojoenherbe.com\/index.php\/wp-json\/wp\/v2\/media?parent=32584"}],"wp:term":[{"taxonomy":"category","embeddable":true,"href":"http:\/\/www.jojoenherbe.com\/index.php\/wp-json\/wp\/v2\/categories?post=32584"},{"taxonomy":"post_tag","embeddable":true,"href":"http:\/\/www.jojoenherbe.com\/index.php\/wp-json\/wp\/v2\/tags?post=32584"}],"curies":[{"name":"wp","href":"https:\/\/api.w.org\/{rel}","templated":true}]}}