{"id":32394,"date":"2023-10-04T06:00:00","date_gmt":"2023-10-04T04:00:00","guid":{"rendered":"https:\/\/www.jojoenherbe.com\/?p=32394"},"modified":"2023-10-03T18:41:59","modified_gmt":"2023-10-03T16:41:59","slug":"au-fil-des-pages-avec-dambre-et-de-feu","status":"publish","type":"post","link":"http:\/\/www.jojoenherbe.com\/index.php\/2023\/10\/04\/au-fil-des-pages-avec-dambre-et-de-feu\/","title":{"rendered":"Au fil des pages avec D&rsquo;Ambre et de Feu"},"content":{"rendered":"<p style=\"text-align: justify;\"><em>Achet\u00e9 l&rsquo;ann\u00e9e derni\u00e8re peu apr\u00e8s sa parution et ayant bien appr\u00e9ci\u00e9 <a href=\"https:\/\/www.jojoenherbe.com\/index.php\/2021\/04\/23\/au-fil-des-pages-avec-entre-neige-et-loup\/\"><span style=\"text-decoration: underline;\">Entre Neige et Loup<\/span><\/a>, j&rsquo;avais gard\u00e9 pour cet automne la lecture <span style=\"text-decoration: underline;\">D\u2019Ambre et de Feu<\/span> d\u2019Agn\u00e8s Domergue et H\u00e9l\u00e8ne Canac (\u00e9d. Jungle, septembre 2022, 93 pages), une BD jeunesse \u00e0 partir de 9 ans et une lecture commune avec Hilde dans le cadre du Challenge Halloween 2023.<br \/><\/em><\/p>\n<p style=\"text-align: justify;\"><em><a href=\"https:\/\/i0.wp.com\/www.jojoenherbe.com\/wp-content\/uploads\/2023\/10\/DAmbre-et-de-Feu-2-scaled.jpg\"><img data-recalc-dims=\"1\" loading=\"lazy\" decoding=\"async\" data-attachment-id=\"32417\" data-permalink=\"http:\/\/www.jojoenherbe.com\/index.php\/2023\/10\/04\/au-fil-des-pages-avec-dambre-et-de-feu\/dambre-et-de-feu-2\/\" data-orig-file=\"https:\/\/i0.wp.com\/www.jojoenherbe.com\/wp-content\/uploads\/2023\/10\/DAmbre-et-de-Feu-2-scaled.jpg?fit=2560%2C1917\" data-orig-size=\"2560,1917\" data-comments-opened=\"1\" data-image-meta=\"{&quot;aperture&quot;:&quot;1.8&quot;,&quot;credit&quot;:&quot;&quot;,&quot;camera&quot;:&quot;iPhone 7&quot;,&quot;caption&quot;:&quot;&quot;,&quot;created_timestamp&quot;:&quot;1696349512&quot;,&quot;copyright&quot;:&quot;&quot;,&quot;focal_length&quot;:&quot;3.99&quot;,&quot;iso&quot;:&quot;40&quot;,&quot;shutter_speed&quot;:&quot;0.05&quot;,&quot;title&quot;:&quot;&quot;,&quot;orientation&quot;:&quot;1&quot;}\" data-image-title=\"D&amp;rsquo;Ambre et de Feu 2\" data-image-description=\"\" data-image-caption=\"\" data-large-file=\"https:\/\/i0.wp.com\/www.jojoenherbe.com\/wp-content\/uploads\/2023\/10\/DAmbre-et-de-Feu-2-scaled.jpg?fit=676%2C506\" class=\"alignleft size-thumbnail wp-image-32417\" src=\"https:\/\/i0.wp.com\/www.jojoenherbe.com\/wp-content\/uploads\/2023\/10\/DAmbre-et-de-Feu-2.jpg?resize=150%2C150\" alt=\"\" width=\"150\" height=\"150\" srcset=\"https:\/\/i0.wp.com\/www.jojoenherbe.com\/wp-content\/uploads\/2023\/10\/DAmbre-et-de-Feu-2-scaled.jpg?resize=150%2C150 150w, https:\/\/i0.wp.com\/www.jojoenherbe.com\/wp-content\/uploads\/2023\/10\/DAmbre-et-de-Feu-2-scaled.jpg?zoom=2&amp;resize=150%2C150 300w, https:\/\/i0.wp.com\/www.jojoenherbe.com\/wp-content\/uploads\/2023\/10\/DAmbre-et-de-Feu-2-scaled.jpg?zoom=3&amp;resize=150%2C150 450w\" sizes=\"auto, (max-width: 150px) 100vw, 150px\" \/><\/a> <a href=\"https:\/\/i0.wp.com\/www.jojoenherbe.com\/wp-content\/uploads\/2023\/10\/DAmbre-et-de-Feu-3-scaled.jpg\"><img data-recalc-dims=\"1\" loading=\"lazy\" decoding=\"async\" data-attachment-id=\"32418\" data-permalink=\"http:\/\/www.jojoenherbe.com\/index.php\/2023\/10\/04\/au-fil-des-pages-avec-dambre-et-de-feu\/dambre-et-de-feu-3\/\" data-orig-file=\"https:\/\/i0.wp.com\/www.jojoenherbe.com\/wp-content\/uploads\/2023\/10\/DAmbre-et-de-Feu-3-scaled.jpg?fit=2560%2C2039\" data-orig-size=\"2560,2039\" data-comments-opened=\"1\" data-image-meta=\"{&quot;aperture&quot;:&quot;1.8&quot;,&quot;credit&quot;:&quot;&quot;,&quot;camera&quot;:&quot;iPhone 7&quot;,&quot;caption&quot;:&quot;&quot;,&quot;created_timestamp&quot;:&quot;1696349544&quot;,&quot;copyright&quot;:&quot;&quot;,&quot;focal_length&quot;:&quot;3.99&quot;,&quot;iso&quot;:&quot;40&quot;,&quot;shutter_speed&quot;:&quot;0.05&quot;,&quot;title&quot;:&quot;&quot;,&quot;orientation&quot;:&quot;1&quot;}\" data-image-title=\"D&amp;rsquo;Ambre et de Feu 3\" data-image-description=\"\" data-image-caption=\"\" data-large-file=\"https:\/\/i0.wp.com\/www.jojoenherbe.com\/wp-content\/uploads\/2023\/10\/DAmbre-et-de-Feu-3-scaled.jpg?fit=676%2C539\" class=\"alignleft size-thumbnail wp-image-32418\" src=\"https:\/\/i0.wp.com\/www.jojoenherbe.com\/wp-content\/uploads\/2023\/10\/DAmbre-et-de-Feu-3.jpg?resize=150%2C150\" alt=\"\" width=\"150\" height=\"150\" srcset=\"https:\/\/i0.wp.com\/www.jojoenherbe.com\/wp-content\/uploads\/2023\/10\/DAmbre-et-de-Feu-3-scaled.jpg?resize=150%2C150 150w, https:\/\/i0.wp.com\/www.jojoenherbe.com\/wp-content\/uploads\/2023\/10\/DAmbre-et-de-Feu-3-scaled.jpg?zoom=2&amp;resize=150%2C150 300w, https:\/\/i0.wp.com\/www.jojoenherbe.com\/wp-content\/uploads\/2023\/10\/DAmbre-et-de-Feu-3-scaled.jpg?zoom=3&amp;resize=150%2C150 450w\" sizes=\"auto, (max-width: 150px) 100vw, 150px\" \/><\/a>Au Pays de l&rsquo;Automne, le Roi a d\u00e9truit le dernier village de Kitsunes, laissant comme seule survivante une jeune kitsune mi-humaine mi-renarde d\u00e9nomm\u00e9e Kitsune. Cette derni\u00e8re r\u00e9clame vengeance et la mort du cruel Roi d&rsquo;Automne, ce dernier souhaitant tout dominer et contr\u00f4ler (tant sa femme que la Nature). Apr\u00e8s avoir pass\u00e9 un march\u00e9 avec les onibis, des cr\u00e9atures mal\u00e9fiques, en \u00e9change d&rsquo;une ambre perdue qu&rsquo;elle avait re\u00e7ue peu de temps auparavant de la d\u00e9esse Amaterasu, Kitsune enl\u00e8ve le jeune fils du Roi, Koyo. Et si cette rencontre allait changer son destin?<br \/><\/em><\/p>\n<p style=\"text-align: justify;\"><em><a href=\"https:\/\/i0.wp.com\/www.jojoenherbe.com\/wp-content\/uploads\/2023\/10\/DAmbre-et-de-Feu-6-scaled.jpg\"><img data-recalc-dims=\"1\" loading=\"lazy\" decoding=\"async\" data-attachment-id=\"32421\" data-permalink=\"http:\/\/www.jojoenherbe.com\/index.php\/2023\/10\/04\/au-fil-des-pages-avec-dambre-et-de-feu\/dambre-et-de-feu-6\/\" data-orig-file=\"https:\/\/i0.wp.com\/www.jojoenherbe.com\/wp-content\/uploads\/2023\/10\/DAmbre-et-de-Feu-6-scaled.jpg?fit=2560%2C1920\" data-orig-size=\"2560,1920\" data-comments-opened=\"1\" data-image-meta=\"{&quot;aperture&quot;:&quot;1.8&quot;,&quot;credit&quot;:&quot;&quot;,&quot;camera&quot;:&quot;iPhone 7&quot;,&quot;caption&quot;:&quot;&quot;,&quot;created_timestamp&quot;:&quot;1696349589&quot;,&quot;copyright&quot;:&quot;&quot;,&quot;focal_length&quot;:&quot;3.99&quot;,&quot;iso&quot;:&quot;40&quot;,&quot;shutter_speed&quot;:&quot;0.05&quot;,&quot;title&quot;:&quot;&quot;,&quot;orientation&quot;:&quot;1&quot;}\" data-image-title=\"D&amp;rsquo;Ambre et de Feu 6\" data-image-description=\"\" data-image-caption=\"\" data-large-file=\"https:\/\/i0.wp.com\/www.jojoenherbe.com\/wp-content\/uploads\/2023\/10\/DAmbre-et-de-Feu-6-scaled.jpg?fit=676%2C507\" class=\"size-thumbnail wp-image-32421 alignright\" src=\"https:\/\/i0.wp.com\/www.jojoenherbe.com\/wp-content\/uploads\/2023\/10\/DAmbre-et-de-Feu-6.jpg?resize=150%2C150\" alt=\"\" width=\"150\" height=\"150\" srcset=\"https:\/\/i0.wp.com\/www.jojoenherbe.com\/wp-content\/uploads\/2023\/10\/DAmbre-et-de-Feu-6-scaled.jpg?resize=150%2C150 150w, https:\/\/i0.wp.com\/www.jojoenherbe.com\/wp-content\/uploads\/2023\/10\/DAmbre-et-de-Feu-6-scaled.jpg?zoom=2&amp;resize=150%2C150 300w, https:\/\/i0.wp.com\/www.jojoenherbe.com\/wp-content\/uploads\/2023\/10\/DAmbre-et-de-Feu-6-scaled.jpg?zoom=3&amp;resize=150%2C150 450w\" sizes=\"auto, (max-width: 150px) 100vw, 150px\" \/><\/a> <a href=\"https:\/\/i0.wp.com\/www.jojoenherbe.com\/wp-content\/uploads\/2023\/10\/DAmbre-et-de-Feu-4-scaled.jpg\"><img data-recalc-dims=\"1\" loading=\"lazy\" decoding=\"async\" data-attachment-id=\"32419\" data-permalink=\"http:\/\/www.jojoenherbe.com\/index.php\/2023\/10\/04\/au-fil-des-pages-avec-dambre-et-de-feu\/dambre-et-de-feu-4\/\" data-orig-file=\"https:\/\/i0.wp.com\/www.jojoenherbe.com\/wp-content\/uploads\/2023\/10\/DAmbre-et-de-Feu-4-scaled.jpg?fit=2560%2C1920\" data-orig-size=\"2560,1920\" data-comments-opened=\"1\" data-image-meta=\"{&quot;aperture&quot;:&quot;1.8&quot;,&quot;credit&quot;:&quot;&quot;,&quot;camera&quot;:&quot;iPhone 7&quot;,&quot;caption&quot;:&quot;&quot;,&quot;created_timestamp&quot;:&quot;1696349383&quot;,&quot;copyright&quot;:&quot;&quot;,&quot;focal_length&quot;:&quot;3.99&quot;,&quot;iso&quot;:&quot;40&quot;,&quot;shutter_speed&quot;:&quot;0.01&quot;,&quot;title&quot;:&quot;&quot;,&quot;orientation&quot;:&quot;1&quot;}\" data-image-title=\"D&amp;rsquo;Ambre et de Feu 4\" data-image-description=\"\" data-image-caption=\"\" data-large-file=\"https:\/\/i0.wp.com\/www.jojoenherbe.com\/wp-content\/uploads\/2023\/10\/DAmbre-et-de-Feu-4-scaled.jpg?fit=676%2C507\" class=\"size-thumbnail wp-image-32419 alignright\" src=\"https:\/\/i0.wp.com\/www.jojoenherbe.com\/wp-content\/uploads\/2023\/10\/DAmbre-et-de-Feu-4.jpg?resize=150%2C150\" alt=\"\" width=\"150\" height=\"150\" srcset=\"https:\/\/i0.wp.com\/www.jojoenherbe.com\/wp-content\/uploads\/2023\/10\/DAmbre-et-de-Feu-4-scaled.jpg?resize=150%2C150 150w, https:\/\/i0.wp.com\/www.jojoenherbe.com\/wp-content\/uploads\/2023\/10\/DAmbre-et-de-Feu-4-scaled.jpg?zoom=2&amp;resize=150%2C150 300w, https:\/\/i0.wp.com\/www.jojoenherbe.com\/wp-content\/uploads\/2023\/10\/DAmbre-et-de-Feu-4-scaled.jpg?zoom=3&amp;resize=150%2C150 450w\" sizes=\"auto, (max-width: 150px) 100vw, 150px\" \/><\/a>Au fil du chemin pour rejoindre les onibis, Kitsune se m\u00e9tamorphose au contact de Koyo, ce dernier apprivoisant la premi\u00e8re. Au d\u00e9part, Kitsune appara\u00eet tr\u00e8s bougonne et peu encline au contact humain. Puis petit \u00e0 petit elle fait preuve de moins de d\u00e9tachement et de plus d&#8217;empathie, en s&rsquo;ouvrant \u00e0 l&rsquo;Autre. Quelle voie choisira-t-elle, la vengeance en livrant le c\u0153ur pur du jeune prince aux onibis ou l&rsquo;amiti\u00e9 et le pardon? Quant au jeune prince, respectueux de la Nature et des animaux, saura-t-il se d\u00e9marquer de son h\u00e9ritage paternel?<br \/><\/em><\/p>\n<p style=\"text-align: justify;\"><em><a href=\"https:\/\/i0.wp.com\/www.jojoenherbe.com\/wp-content\/uploads\/2023\/10\/DAmbre-et-de-Feu-7-scaled.jpg\"><img data-recalc-dims=\"1\" loading=\"lazy\" decoding=\"async\" data-attachment-id=\"32422\" data-permalink=\"http:\/\/www.jojoenherbe.com\/index.php\/2023\/10\/04\/au-fil-des-pages-avec-dambre-et-de-feu\/dambre-et-de-feu-7\/\" data-orig-file=\"https:\/\/i0.wp.com\/www.jojoenherbe.com\/wp-content\/uploads\/2023\/10\/DAmbre-et-de-Feu-7-scaled.jpg?fit=2560%2C2205\" data-orig-size=\"2560,2205\" data-comments-opened=\"1\" data-image-meta=\"{&quot;aperture&quot;:&quot;1.8&quot;,&quot;credit&quot;:&quot;&quot;,&quot;camera&quot;:&quot;iPhone 7&quot;,&quot;caption&quot;:&quot;&quot;,&quot;created_timestamp&quot;:&quot;1696356490&quot;,&quot;copyright&quot;:&quot;&quot;,&quot;focal_length&quot;:&quot;3.99&quot;,&quot;iso&quot;:&quot;100&quot;,&quot;shutter_speed&quot;:&quot;0.090909090909091&quot;,&quot;title&quot;:&quot;&quot;,&quot;orientation&quot;:&quot;1&quot;}\" data-image-title=\"D&amp;rsquo;Ambre et de Feu 7\" data-image-description=\"\" data-image-caption=\"\" data-large-file=\"https:\/\/i0.wp.com\/www.jojoenherbe.com\/wp-content\/uploads\/2023\/10\/DAmbre-et-de-Feu-7-scaled.jpg?fit=676%2C582\" class=\"alignleft size-thumbnail wp-image-32422\" src=\"https:\/\/i0.wp.com\/www.jojoenherbe.com\/wp-content\/uploads\/2023\/10\/DAmbre-et-de-Feu-7.jpg?resize=150%2C150\" alt=\"\" width=\"150\" height=\"150\" srcset=\"https:\/\/i0.wp.com\/www.jojoenherbe.com\/wp-content\/uploads\/2023\/10\/DAmbre-et-de-Feu-7-scaled.jpg?resize=150%2C150 150w, https:\/\/i0.wp.com\/www.jojoenherbe.com\/wp-content\/uploads\/2023\/10\/DAmbre-et-de-Feu-7-scaled.jpg?zoom=2&amp;resize=150%2C150 300w, https:\/\/i0.wp.com\/www.jojoenherbe.com\/wp-content\/uploads\/2023\/10\/DAmbre-et-de-Feu-7-scaled.jpg?zoom=3&amp;resize=150%2C150 450w\" sizes=\"auto, (max-width: 150px) 100vw, 150px\" \/><\/a> <a href=\"https:\/\/i0.wp.com\/www.jojoenherbe.com\/wp-content\/uploads\/2023\/10\/DAmbre-et-de-Feu-5-scaled.jpg\"><img data-recalc-dims=\"1\" loading=\"lazy\" decoding=\"async\" data-attachment-id=\"32420\" data-permalink=\"http:\/\/www.jojoenherbe.com\/index.php\/2023\/10\/04\/au-fil-des-pages-avec-dambre-et-de-feu\/dambre-et-de-feu-5\/\" data-orig-file=\"https:\/\/i0.wp.com\/www.jojoenherbe.com\/wp-content\/uploads\/2023\/10\/DAmbre-et-de-Feu-5-scaled.jpg?fit=1920%2C2560\" data-orig-size=\"1920,2560\" data-comments-opened=\"1\" data-image-meta=\"{&quot;aperture&quot;:&quot;1.8&quot;,&quot;credit&quot;:&quot;&quot;,&quot;camera&quot;:&quot;iPhone 7&quot;,&quot;caption&quot;:&quot;&quot;,&quot;created_timestamp&quot;:&quot;1696349062&quot;,&quot;copyright&quot;:&quot;&quot;,&quot;focal_length&quot;:&quot;3.99&quot;,&quot;iso&quot;:&quot;20&quot;,&quot;shutter_speed&quot;:&quot;0.0072463768115942&quot;,&quot;title&quot;:&quot;&quot;,&quot;orientation&quot;:&quot;1&quot;}\" data-image-title=\"D&amp;rsquo;Ambre et de Feu 5\" data-image-description=\"\" data-image-caption=\"\" data-large-file=\"https:\/\/i0.wp.com\/www.jojoenherbe.com\/wp-content\/uploads\/2023\/10\/DAmbre-et-de-Feu-5-scaled.jpg?fit=676%2C901\" class=\"alignleft size-thumbnail wp-image-32420\" src=\"https:\/\/i0.wp.com\/www.jojoenherbe.com\/wp-content\/uploads\/2023\/10\/DAmbre-et-de-Feu-5.jpg?resize=150%2C150\" alt=\"\" width=\"150\" height=\"150\" srcset=\"https:\/\/i0.wp.com\/www.jojoenherbe.com\/wp-content\/uploads\/2023\/10\/DAmbre-et-de-Feu-5-scaled.jpg?resize=150%2C150 150w, https:\/\/i0.wp.com\/www.jojoenherbe.com\/wp-content\/uploads\/2023\/10\/DAmbre-et-de-Feu-5-scaled.jpg?zoom=2&amp;resize=150%2C150 300w, https:\/\/i0.wp.com\/www.jojoenherbe.com\/wp-content\/uploads\/2023\/10\/DAmbre-et-de-Feu-5-scaled.jpg?zoom=3&amp;resize=150%2C150 450w\" sizes=\"auto, (max-width: 150px) 100vw, 150px\" \/><\/a>J&rsquo;ai une nouvelle fois beaucoup appr\u00e9ci\u00e9 les illustrations d&rsquo;H\u00e9l\u00e8ne Canac ainsi que le po\u00e8me final de Kitsune. Toutefois, j&rsquo;ai regrett\u00e9 que certains rebondissements soient un peu trop rapides et qui, \u00e0 mon avis, n&rsquo;ont pu \u00eatre plus d\u00e9velopp\u00e9s en raison du format de l&rsquo;histoire, un one-shot. L&rsquo;ambiance automnale et le folklore japonais apportent douceur et onirisme \u00e0 ce conte initiatique, att\u00e9nuant ainsi les situations les plus sombres <\/em><em>comme le g\u00e9nocide du peuple kitsune ordonn\u00e9 par le Roi d&rsquo;automne ou l&rsquo;enl\u00e8vement (et m\u00eame le viol) de sa premi\u00e8re femme. D&rsquo;ailleurs, ces passages ont \u00e9t\u00e9 \u00e9dulcor\u00e9es par le duo autrice\/illustratrice, la BD s&rsquo;adressant \u00e0 un lectorat jeune qui ne comprendra sans doute pas toute leur horreur.\u00a0 <\/em><\/p>\n<p style=\"text-align: justify;\"><em>Il y est ainsi question de qu\u00eate d&rsquo;identit\u00e9, du rapport des Humains \u00e0 la Nature, de famille, de filiation, de deuil, de vengeance, de pardon, d&rsquo;amiti\u00e9, de la condition de la femme&#8230; <\/em><em>Un bon voire tr\u00e8s bon moment de lecture avec cette BD jeunesse m\u00ealant conte fantastique et initiatique, folklore japonais et douce ambiance automnale! Sans oublier de nombreuses r\u00e9f\u00e9rences au <span style=\"text-decoration: underline;\">Petit Prince<\/span> d&rsquo;Antoine de Saint-Exup\u00e9ry (le renard, la rose, les \u00e9toiles&#8230;) et tout en cr\u00e9ant un lien t\u00e9nu \u00e0 <span style=\"text-decoration: underline;\">Entre Neige et Loup<\/span> avec l&rsquo;av\u00e8nement de l&rsquo;hiver et des th\u00e8mes communs comme le fait de grandir.<\/em><\/p>\n<p style=\"text-align: justify;\"><em>Pour un autre avis enthousiaste sur cette BD jeunesse: <a href=\"https:\/\/lelivroblog.fr\/2023\/09\/27\/dambre-et-de-feu\/\">Hilde<\/a>.<\/em><\/p>\n<div id=\"attachment_32396\" style=\"width: 100px\" class=\"wp-caption alignleft\"><img data-recalc-dims=\"1\" loading=\"lazy\" decoding=\"async\" aria-describedby=\"caption-attachment-32396\" data-attachment-id=\"32396\" data-permalink=\"http:\/\/www.jojoenherbe.com\/index.php\/2023\/10\/04\/au-fil-des-pages-avec-dambre-et-de-feu\/challenge-halloween-automne\/\" data-orig-file=\"https:\/\/i0.wp.com\/www.jojoenherbe.com\/wp-content\/uploads\/2023\/10\/Challenge-Halloween-automne.jpg?fit=1080%2C1080\" data-orig-size=\"1080,1080\" data-comments-opened=\"1\" data-image-meta=\"{&quot;aperture&quot;:&quot;0&quot;,&quot;credit&quot;:&quot;&quot;,&quot;camera&quot;:&quot;&quot;,&quot;caption&quot;:&quot;&quot;,&quot;created_timestamp&quot;:&quot;1663139783&quot;,&quot;copyright&quot;:&quot;&quot;,&quot;focal_length&quot;:&quot;0&quot;,&quot;iso&quot;:&quot;0&quot;,&quot;shutter_speed&quot;:&quot;0&quot;,&quot;title&quot;:&quot;&quot;,&quot;orientation&quot;:&quot;1&quot;}\" data-image-title=\"Challenge Halloween &amp;#8211; automne\" data-image-description=\"\" data-image-caption=\"\" data-large-file=\"https:\/\/i0.wp.com\/www.jojoenherbe.com\/wp-content\/uploads\/2023\/10\/Challenge-Halloween-automne.jpg?fit=676%2C676\" class=\"wp-image-32396\" src=\"https:\/\/i0.wp.com\/www.jojoenherbe.com\/wp-content\/uploads\/2023\/10\/Challenge-Halloween-automne.jpg?resize=90%2C90\" alt=\"\" width=\"90\" height=\"90\" srcset=\"https:\/\/i0.wp.com\/www.jojoenherbe.com\/wp-content\/uploads\/2023\/10\/Challenge-Halloween-automne.jpg?w=1080 1080w, https:\/\/i0.wp.com\/www.jojoenherbe.com\/wp-content\/uploads\/2023\/10\/Challenge-Halloween-automne.jpg?resize=300%2C300 300w, https:\/\/i0.wp.com\/www.jojoenherbe.com\/wp-content\/uploads\/2023\/10\/Challenge-Halloween-automne.jpg?resize=1024%2C1024 1024w, https:\/\/i0.wp.com\/www.jojoenherbe.com\/wp-content\/uploads\/2023\/10\/Challenge-Halloween-automne.jpg?resize=150%2C150 150w, https:\/\/i0.wp.com\/www.jojoenherbe.com\/wp-content\/uploads\/2023\/10\/Challenge-Halloween-automne.jpg?resize=768%2C768 768w, https:\/\/i0.wp.com\/www.jojoenherbe.com\/wp-content\/uploads\/2023\/10\/Challenge-Halloween-automne.jpg?resize=676%2C676 676w\" sizes=\"auto, (max-width: 90px) 100vw, 90px\" \/><p id=\"caption-attachment-32396\" class=\"wp-caption-text\">Participation # Challenge Halloween 2023 de <em><a href=\"https:\/\/lelivroblog.fr\/2023\/09\/19\/le-challenge-halloween-2023\/\">Hilde<\/a> et <a href=\"http:\/\/www.myloubook.com\/2023\/09\/19\/challenge-halloween-2023\/\">Lou<\/a><\/em> #Automne<\/p><\/div>\n<div style=\"width: 103px\" class=\"wp-caption alignleft\"><img loading=\"lazy\" decoding=\"async\" src=\"https:\/\/lh3.googleusercontent.com\/pw\/AL9nZEWED5sOowfaAIivQoSsFwl6hy51lsnek_4EIHIPI8waW2MHjhj6cf1EWilIUD7SnvlDRky5UrFLm6lgTjQT1BDXKA7teG_K1CBqytzzkXj-pFGsHXBy_zmGvKTiD_gxxb6BAz3Fn3Q7E1EJdf1tGnU3MQ=w285-h217-no?authuser=0\" alt=\"\" width=\"93\" height=\"71\" \/><p class=\"wp-caption-text\">Challenge Petit Bac d\u2019<a href=\"https:\/\/ennalit.wordpress.com\/2022\/12\/01\/challenge-petit-bac-2023-qui-veut-jouer\/\" data-rich-text-format-boundary=\"true\">Enna<\/a> #5 Cat\u00e9gorie Couleur: \u00ab Ambre \u00bb<\/p><\/div>\n<div style=\"width: 92px\" class=\"wp-caption alignleft\"><img loading=\"lazy\" decoding=\"async\" src=\"https:\/\/i2.wp.com\/mapetitemediatheque.fr\/wp-content\/uploads\/2021\/07\/challenge-contes-et-legendes-239x300-1.jpg?resize=137%2C172\" alt=\"\" width=\"82\" height=\"103\" \/><p class=\"wp-caption-text\">Participation #11 Challenge Contes &amp; L\u00e9gendes 2023 de <a href=\"https:\/\/mapetitemediatheque.fr\/2023\/01\/challenge-contes-et-legendes-2023\/\">Bidib<\/a> #Conte moderne initiatique et folklore japonais<\/p><\/div>\n\n\n<p><\/p>\n","protected":false},"excerpt":{"rendered":"<p>Achet\u00e9 l&rsquo;ann\u00e9e derni\u00e8re peu apr\u00e8s sa parution et ayant bien appr\u00e9ci\u00e9 Entre Neige et Loup, j&rsquo;avais gard\u00e9 pour cet automne la lecture D\u2019Ambre et de Feu d\u2019Agn\u00e8s Domergue et H\u00e9l\u00e8ne Canac (\u00e9d. Jungle, septembre 2022, 93 pages), une BD jeunesse \u00e0 partir de 9 ans et une lecture commune avec Hilde dans le cadre du [&hellip;]<\/p>\n","protected":false},"author":1,"featured_media":32363,"comment_status":"open","ping_status":"open","sticky":false,"template":"","format":"standard","meta":{"jetpack_post_was_ever_published":false,"_jetpack_newsletter_access":"","_jetpack_dont_email_post_to_subs":false,"_jetpack_newsletter_tier_id":0,"_jetpack_memberships_contains_paywalled_content":false,"_jetpack_memberships_contains_paid_content":false,"footnotes":""},"categories":[363],"tags":[852,1222,386,321,601,596,1226,3521,3526,3519,987,1599,936,459,3051,2238,367,1014,2237,775,543,1229,1275,1295,1543,1203,394,3531,2519],"class_list":["post-32394","post","type-post","status-publish","format-standard","has-post-thumbnail","hentry","category-mini-lecteur","tag-9-12-ans","tag-agnes-domergue","tag-amitie","tag-automne","tag-aventure","tag-bandes-dessinees","tag-bd-jeunesse","tag-challenge-contes-et-legendes-2023","tag-challenge-halloween-2023","tag-challenge-petit-bac-2023","tag-contes-modernes","tag-cycle-des-saisons","tag-deuil","tag-famille","tag-filiation","tag-helene-canac","tag-lecture-jeunesse","tag-lectures-dautomne","tag-legende-japonaise","tag-legendes","tag-nature","tag-orphelin","tag-quete","tag-quete-didentite","tag-quete-initiatique","tag-relation-pere-fils","tag-renard","tag-un-mois-au-japon-2023","tag-vengeance","post-preview"],"jetpack_featured_media_url":"https:\/\/i0.wp.com\/www.jojoenherbe.com\/wp-content\/uploads\/2023\/09\/DAmbre-et-de-Feu-scaled.jpg?fit=2560%2C1987","jetpack_sharing_enabled":true,"jetpack_shortlink":"https:\/\/wp.me\/p9zhGx-8qu","jetpack_likes_enabled":true,"jetpack-related-posts":[{"id":16016,"url":"http:\/\/www.jojoenherbe.com\/index.php\/2021\/04\/23\/au-fil-des-pages-avec-entre-neige-et-loup\/","url_meta":{"origin":32394,"position":0},"title":"Au fil des pages avec Entre neige et loup","author":"Jojo","date":"23 avril 2021","format":false,"excerpt":"D\u00e9j\u00e0 en janvier 2020 puis encore cette ann\u00e9e, en f\u00e9vrier, j'ai lu Entre Neige et Loup d'Agn\u00e8s Domergue et H\u00e9l\u00e8ne Canac (\u00e9d. Jungle, 2019), une BD jeunesse \u00e0 partir de 7 ans. Je ne prends qu'aujourd'hui le temps d'en parler dans un billet, tout en ayant pris plaisir \u00e0 le\u2026","rel":"","context":"Dans &quot;Mini lecteur&quot;","block_context":{"text":"Mini lecteur","link":"http:\/\/www.jojoenherbe.com\/index.php\/category\/mini-lecteur\/"},"img":{"alt_text":"","src":"https:\/\/i0.wp.com\/www.jojoenherbe.com\/wp-content\/uploads\/2021\/01\/Entre-neige-et-loup-scaled.jpg?fit=1200%2C881&resize=350%2C200","width":350,"height":200,"srcset":"https:\/\/i0.wp.com\/www.jojoenherbe.com\/wp-content\/uploads\/2021\/01\/Entre-neige-et-loup-scaled.jpg?fit=1200%2C881&resize=350%2C200 1x, https:\/\/i0.wp.com\/www.jojoenherbe.com\/wp-content\/uploads\/2021\/01\/Entre-neige-et-loup-scaled.jpg?fit=1200%2C881&resize=525%2C300 1.5x, https:\/\/i0.wp.com\/www.jojoenherbe.com\/wp-content\/uploads\/2021\/01\/Entre-neige-et-loup-scaled.jpg?fit=1200%2C881&resize=700%2C400 2x, https:\/\/i0.wp.com\/www.jojoenherbe.com\/wp-content\/uploads\/2021\/01\/Entre-neige-et-loup-scaled.jpg?fit=1200%2C881&resize=1050%2C600 3x"},"classes":[]},{"id":32125,"url":"http:\/\/www.jojoenherbe.com\/index.php\/2023\/09\/23\/billet-de-suivi-challenge-halloween-2023\/","url_meta":{"origin":32394,"position":1},"title":"Billet de suivi: Challenge Halloween 2023","author":"Jojo","date":"23 septembre 2023","format":false,"excerpt":"Je participe \u00e0 nouveau cette ann\u00e9e au Challenge Halloween organis\u00e9 par Hilde et Lou. D\u00e8s le 23 septembre 2023, nos deux vampirettes coorganisatrices ouvrent les portes non du Manoir habituel mais celles d\u2019un ch\u00e2teau en ruines en Transylvanie, les Vampires \u00e9tant \u00e0 l\u2019honneur cette ann\u00e9e.\u00a0 Le challenge commence en douceur\u2026","rel":"","context":"Dans &quot;Mini challenger&quot;","block_context":{"text":"Mini challenger","link":"http:\/\/www.jojoenherbe.com\/index.php\/category\/mini-challenger\/"},"img":{"alt_text":"","src":"https:\/\/i0.wp.com\/www.jojoenherbe.com\/wp-content\/uploads\/2023\/09\/Logo-Challenge-Halloween-2023.jpg?fit=960%2C960&resize=350%2C200","width":350,"height":200,"srcset":"https:\/\/i0.wp.com\/www.jojoenherbe.com\/wp-content\/uploads\/2023\/09\/Logo-Challenge-Halloween-2023.jpg?fit=960%2C960&resize=350%2C200 1x, https:\/\/i0.wp.com\/www.jojoenherbe.com\/wp-content\/uploads\/2023\/09\/Logo-Challenge-Halloween-2023.jpg?fit=960%2C960&resize=525%2C300 1.5x, https:\/\/i0.wp.com\/www.jojoenherbe.com\/wp-content\/uploads\/2023\/09\/Logo-Challenge-Halloween-2023.jpg?fit=960%2C960&resize=700%2C400 2x"},"classes":[]},{"id":32471,"url":"http:\/\/www.jojoenherbe.com\/index.php\/2023\/10\/11\/au-fil-des-pages-avec-le-tome-1-de-brume\/","url_meta":{"origin":32394,"position":2},"title":"Au fil des pages avec le tome 1 de Brume","author":"Jojo","date":"11 octobre 2023","format":false,"excerpt":"Nous avons lu et relu le tome 1 de Brume, Le r\u00e9veil du dragon de J\u00e9r\u00f4me P\u00e9lissier et Carine Hinder (\u00e9d. Gl\u00e9nat, coll. Tch\u00f4!, avril 2023, 64 pages), une BD jeunesse \u00e9crite en lettres majuscules et \u00e0 partir de 7 ans que j'avais achet\u00e9e le jour de sa parution mais\u2026","rel":"","context":"Dans &quot;Mini lecteur&quot;","block_context":{"text":"Mini lecteur","link":"http:\/\/www.jojoenherbe.com\/index.php\/category\/mini-lecteur\/"},"img":{"alt_text":"","src":"https:\/\/i0.wp.com\/www.jojoenherbe.com\/wp-content\/uploads\/2023\/09\/Brume-T1-scaled.jpg?fit=1200%2C1084&resize=350%2C200","width":350,"height":200,"srcset":"https:\/\/i0.wp.com\/www.jojoenherbe.com\/wp-content\/uploads\/2023\/09\/Brume-T1-scaled.jpg?fit=1200%2C1084&resize=350%2C200 1x, https:\/\/i0.wp.com\/www.jojoenherbe.com\/wp-content\/uploads\/2023\/09\/Brume-T1-scaled.jpg?fit=1200%2C1084&resize=525%2C300 1.5x, https:\/\/i0.wp.com\/www.jojoenherbe.com\/wp-content\/uploads\/2023\/09\/Brume-T1-scaled.jpg?fit=1200%2C1084&resize=700%2C400 2x, https:\/\/i0.wp.com\/www.jojoenherbe.com\/wp-content\/uploads\/2023\/09\/Brume-T1-scaled.jpg?fit=1200%2C1084&resize=1050%2C600 3x"},"classes":[]},{"id":29218,"url":"http:\/\/www.jojoenherbe.com\/index.php\/2023\/01\/18\/au-fil-des-pages-avec-le-dernier-des-loups\/","url_meta":{"origin":32394,"position":3},"title":"Au fil des pages avec Le dernier des loups","author":"Jojo","date":"18 janvier 2023","format":false,"excerpt":"Le week-end dernier, nous avons relu Le dernier des loups de S\u00e9bastien Perez et Justine Brax (\u00e9d. Albin Michel Jeunesse, 2020), un album jeunesse grand format \u00e0 partir de 6 ans et que j'avais achet\u00e9 \u00e0 sa parution, en septembre 2020. Il est bien difficile de se remettre de la\u2026","rel":"","context":"Dans &quot;Mini lecteur&quot;","block_context":{"text":"Mini lecteur","link":"http:\/\/www.jojoenherbe.com\/index.php\/category\/mini-lecteur\/"},"img":{"alt_text":"","src":"https:\/\/i0.wp.com\/www.jojoenherbe.com\/wp-content\/uploads\/2021\/01\/Le-dernier-des-loups-scaled.jpg?fit=1200%2C1011&resize=350%2C200","width":350,"height":200,"srcset":"https:\/\/i0.wp.com\/www.jojoenherbe.com\/wp-content\/uploads\/2021\/01\/Le-dernier-des-loups-scaled.jpg?fit=1200%2C1011&resize=350%2C200 1x, https:\/\/i0.wp.com\/www.jojoenherbe.com\/wp-content\/uploads\/2021\/01\/Le-dernier-des-loups-scaled.jpg?fit=1200%2C1011&resize=525%2C300 1.5x, https:\/\/i0.wp.com\/www.jojoenherbe.com\/wp-content\/uploads\/2021\/01\/Le-dernier-des-loups-scaled.jpg?fit=1200%2C1011&resize=700%2C400 2x, https:\/\/i0.wp.com\/www.jojoenherbe.com\/wp-content\/uploads\/2021\/01\/Le-dernier-des-loups-scaled.jpg?fit=1200%2C1011&resize=1050%2C600 3x"},"classes":[]},{"id":17760,"url":"http:\/\/www.jojoenherbe.com\/index.php\/2021\/04\/23\/au-fil-des-pages-avec-la-balade-de-koishi\/","url_meta":{"origin":32394,"position":4},"title":"Au fil des pages avec La balade de Ko\u00efshi","author":"Jojo","date":"23 avril 2021","format":false,"excerpt":"Nous lisons aussi La balade de Ko\u00efshi d\u2019Agn\u00e8s Domergue et C\u00e9cile Hudrisier (\u00e9d. Grasset Jeunesse, 2019), un album jeunesse \u00e0 partir de 3 ans en forme de livre-accord\u00e9on dont les deux extr\u00e9mit\u00e9s peuvent se rejoindre. Nous suivons de sa naissance \u00e0 sa mort, Ko\u00efshi, un petit \u00eatre \"n\u00e9 d'une rizi\u00e8re\u2026","rel":"","context":"Dans &quot;Mini lecteur&quot;","block_context":{"text":"Mini lecteur","link":"http:\/\/www.jojoenherbe.com\/index.php\/category\/mini-lecteur\/"},"img":{"alt_text":"","src":"https:\/\/i0.wp.com\/www.jojoenherbe.com\/wp-content\/uploads\/2021\/04\/La-balade-de-Koishi-scaled.jpg?fit=1200%2C900&resize=350%2C200","width":350,"height":200,"srcset":"https:\/\/i0.wp.com\/www.jojoenherbe.com\/wp-content\/uploads\/2021\/04\/La-balade-de-Koishi-scaled.jpg?fit=1200%2C900&resize=350%2C200 1x, https:\/\/i0.wp.com\/www.jojoenherbe.com\/wp-content\/uploads\/2021\/04\/La-balade-de-Koishi-scaled.jpg?fit=1200%2C900&resize=525%2C300 1.5x, https:\/\/i0.wp.com\/www.jojoenherbe.com\/wp-content\/uploads\/2021\/04\/La-balade-de-Koishi-scaled.jpg?fit=1200%2C900&resize=700%2C400 2x, https:\/\/i0.wp.com\/www.jojoenherbe.com\/wp-content\/uploads\/2021\/04\/La-balade-de-Koishi-scaled.jpg?fit=1200%2C900&resize=1050%2C600 3x"},"classes":[]},{"id":32882,"url":"http:\/\/www.jojoenherbe.com\/index.php\/2023\/10\/27\/au-fil-des-pages-avec-la-princesse-aux-perles\/","url_meta":{"origin":32394,"position":5},"title":"Au fil des pages avec La princesse aux perles","author":"Jojo","date":"27 octobre 2023","format":false,"excerpt":"Fin ao\u00fbt 2023, j\u2019ai lu La Princesse aux perles de Mary de Morgan et Yvonne Gilbert (\u00e9d. des \u00c9l\u00e9phants, novembre 2015, 64 pages), un conte de f\u00e9es anglais paru pour la premi\u00e8re fois en 1880 et \u00e0 partir de 9 ans. Fiorimonde est une princesse d'une grande beaut\u00e9 gr\u00e2ce \u00e0\u2026","rel":"","context":"Dans &quot;Mini lecteur&quot;","block_context":{"text":"Mini lecteur","link":"http:\/\/www.jojoenherbe.com\/index.php\/category\/mini-lecteur\/"},"img":{"alt_text":"","src":"https:\/\/i0.wp.com\/www.jojoenherbe.com\/wp-content\/uploads\/2023\/09\/La-princesse-aux-perles-scaled.jpg?fit=1200%2C968&resize=350%2C200","width":350,"height":200,"srcset":"https:\/\/i0.wp.com\/www.jojoenherbe.com\/wp-content\/uploads\/2023\/09\/La-princesse-aux-perles-scaled.jpg?fit=1200%2C968&resize=350%2C200 1x, https:\/\/i0.wp.com\/www.jojoenherbe.com\/wp-content\/uploads\/2023\/09\/La-princesse-aux-perles-scaled.jpg?fit=1200%2C968&resize=525%2C300 1.5x, https:\/\/i0.wp.com\/www.jojoenherbe.com\/wp-content\/uploads\/2023\/09\/La-princesse-aux-perles-scaled.jpg?fit=1200%2C968&resize=700%2C400 2x, https:\/\/i0.wp.com\/www.jojoenherbe.com\/wp-content\/uploads\/2023\/09\/La-princesse-aux-perles-scaled.jpg?fit=1200%2C968&resize=1050%2C600 3x"},"classes":[]}],"_links":{"self":[{"href":"http:\/\/www.jojoenherbe.com\/index.php\/wp-json\/wp\/v2\/posts\/32394","targetHints":{"allow":["GET"]}}],"collection":[{"href":"http:\/\/www.jojoenherbe.com\/index.php\/wp-json\/wp\/v2\/posts"}],"about":[{"href":"http:\/\/www.jojoenherbe.com\/index.php\/wp-json\/wp\/v2\/types\/post"}],"author":[{"embeddable":true,"href":"http:\/\/www.jojoenherbe.com\/index.php\/wp-json\/wp\/v2\/users\/1"}],"replies":[{"embeddable":true,"href":"http:\/\/www.jojoenherbe.com\/index.php\/wp-json\/wp\/v2\/comments?post=32394"}],"version-history":[{"count":27,"href":"http:\/\/www.jojoenherbe.com\/index.php\/wp-json\/wp\/v2\/posts\/32394\/revisions"}],"predecessor-version":[{"id":32445,"href":"http:\/\/www.jojoenherbe.com\/index.php\/wp-json\/wp\/v2\/posts\/32394\/revisions\/32445"}],"wp:featuredmedia":[{"embeddable":true,"href":"http:\/\/www.jojoenherbe.com\/index.php\/wp-json\/wp\/v2\/media\/32363"}],"wp:attachment":[{"href":"http:\/\/www.jojoenherbe.com\/index.php\/wp-json\/wp\/v2\/media?parent=32394"}],"wp:term":[{"taxonomy":"category","embeddable":true,"href":"http:\/\/www.jojoenherbe.com\/index.php\/wp-json\/wp\/v2\/categories?post=32394"},{"taxonomy":"post_tag","embeddable":true,"href":"http:\/\/www.jojoenherbe.com\/index.php\/wp-json\/wp\/v2\/tags?post=32394"}],"curies":[{"name":"wp","href":"https:\/\/api.w.org\/{rel}","templated":true}]}}