{"id":32343,"date":"2023-10-02T18:23:48","date_gmt":"2023-10-02T16:23:48","guid":{"rendered":"https:\/\/www.jojoenherbe.com\/?p=32343"},"modified":"2023-10-02T18:23:48","modified_gmt":"2023-10-02T16:23:48","slug":"point-lecture-hebdomadaire-2023-39","status":"publish","type":"post","link":"http:\/\/www.jojoenherbe.com\/index.php\/2023\/10\/02\/point-lecture-hebdomadaire-2023-39\/","title":{"rendered":"Point lecture hebdomadaire 2023 #39"},"content":{"rendered":"<p style=\"text-align: justify;\"><em>En ce d\u00e9but de semaine, voici notre point lecture hebdomadaire avec un retour sur nos lectures de la semaine derni\u00e8re (mais pas nos relectures) qui rentrent presque toutes dans le cadre du Challenge Halloween 2023 qui a commenc\u00e9 depuis le 23 septembre dernier.<\/em><\/p>\n<p><span style=\"text-decoration: underline;\"><strong>Nos lectures du 25 septembre au 1er octobre 2023<\/strong><\/span><strong>:<\/strong><\/p>\n<p><em><span style=\"text-decoration: underline;\">Des lectures jeunesse<\/span>:<\/em><\/p>\n<p style=\"text-align: justify;\"><em>Mon mini vampire a voulu lire, presque tous les soirs, les 3 albums jeunesse de la s\u00e9rie de \u00ab\u00a0No\u00e9 et la baleine\u00a0\u00bb de Benji Davies. Nous avons \u00e9galement relu <span style=\"text-decoration: underline;\">Au bois dormant<\/span> de Karen Jameson et Marc Boutavant, m\u00eame s&rsquo;il fait encore bien trop chaud pour la saison et que l&rsquo;automne tarde \u00e0 venir cette ann\u00e9e.<\/em><\/p>\n<ul>\n<li style=\"text-align: justify;\"><em>(Roman jeunesse)<\/em> <em><strong><span style=\"text-decoration: underline;\">Manu et Nono, Les fleurs et la planche<\/span><\/strong> de Catharina Valckx<\/em><\/li>\n<\/ul>\n<p style=\"text-align: justify;\"><em><a href=\"https:\/\/i0.wp.com\/www.jojoenherbe.com\/wp-content\/uploads\/2023\/10\/Manu-et-Nono-Les-fleurs-et-la-planche-scaled.jpg\"><img data-recalc-dims=\"1\" loading=\"lazy\" decoding=\"async\" data-attachment-id=\"32377\" data-permalink=\"http:\/\/www.jojoenherbe.com\/index.php\/2023\/10\/02\/point-lecture-hebdomadaire-2023-39\/manu-et-nono-les-fleurs-et-la-planche\/\" data-orig-file=\"https:\/\/i0.wp.com\/www.jojoenherbe.com\/wp-content\/uploads\/2023\/10\/Manu-et-Nono-Les-fleurs-et-la-planche-scaled.jpg?fit=2560%2C1888\" data-orig-size=\"2560,1888\" data-comments-opened=\"1\" data-image-meta=\"{&quot;aperture&quot;:&quot;1.8&quot;,&quot;credit&quot;:&quot;&quot;,&quot;camera&quot;:&quot;iPhone 7&quot;,&quot;caption&quot;:&quot;&quot;,&quot;created_timestamp&quot;:&quot;1696261617&quot;,&quot;copyright&quot;:&quot;&quot;,&quot;focal_length&quot;:&quot;3.99&quot;,&quot;iso&quot;:&quot;40&quot;,&quot;shutter_speed&quot;:&quot;0.058823529411765&quot;,&quot;title&quot;:&quot;&quot;,&quot;orientation&quot;:&quot;1&quot;}\" data-image-title=\"Manu et Nono, Les fleurs et la planche\" data-image-description=\"\" data-image-caption=\"\" data-large-file=\"https:\/\/i0.wp.com\/www.jojoenherbe.com\/wp-content\/uploads\/2023\/10\/Manu-et-Nono-Les-fleurs-et-la-planche-scaled.jpg?fit=676%2C498\" class=\"alignleft size-thumbnail wp-image-32377\" src=\"https:\/\/i0.wp.com\/www.jojoenherbe.com\/wp-content\/uploads\/2023\/10\/Manu-et-Nono-Les-fleurs-et-la-planche.jpg?resize=150%2C150\" alt=\"\" width=\"150\" height=\"150\" srcset=\"https:\/\/i0.wp.com\/www.jojoenherbe.com\/wp-content\/uploads\/2023\/10\/Manu-et-Nono-Les-fleurs-et-la-planche-scaled.jpg?resize=150%2C150 150w, https:\/\/i0.wp.com\/www.jojoenherbe.com\/wp-content\/uploads\/2023\/10\/Manu-et-Nono-Les-fleurs-et-la-planche-scaled.jpg?zoom=2&amp;resize=150%2C150 300w, https:\/\/i0.wp.com\/www.jojoenherbe.com\/wp-content\/uploads\/2023\/10\/Manu-et-Nono-Les-fleurs-et-la-planche-scaled.jpg?zoom=3&amp;resize=150%2C150 450w\" sizes=\"auto, (max-width: 150px) 100vw, 150px\" \/><\/a>Mon mini vampire a lu mercredi <span style=\"text-decoration: underline;\">Manu et Nono, Les fleurs et la planche<\/span> de Catharina Valckx (\u00e9d. L&rsquo;\u00e9cole des loisirs, coll. Moucheron, 2021, r\u00e9\u00e9d. 2023), un roman jeunesse \u00e0 partir de 6\/7 ans regroupant 4 histoires,<\/em> <em>m\u00eame si nous l&rsquo;avions re\u00e7u dans l&rsquo;abonnement Kilimax 2022\/2023 en f\u00e9vrier dernier. Il a eu une nette pr\u00e9f\u00e9rence pour \u00ab\u00a0Le bonheur\u00a0\u00bb, les deux oiseaux offrant un cadeau \u00e0 leur amie Ursule. Un moment de lecture tendre et rigolo! Et clin d\u2019\u0153il au challenge Halloween, la pauvre Ursule se retrouvant emmaillot\u00e9e par de longs bandages comme une momie, apr\u00e8s avoir \u00e9t\u00e9 bless\u00e9e par un fer \u00e0 cheval.<\/em><\/p>\n<ul>\n<li style=\"text-align: justify;\"><em>(Roman jeunesse) <strong><span style=\"text-decoration: underline;\">Les quatre filles du Docteur March<\/span><\/strong> de Louisa May Alcott et illustr\u00e9 par Thomas Gilbert<\/em><\/li>\n<\/ul>\n<p style=\"text-align: justify;\"><em><a href=\"https:\/\/i0.wp.com\/www.jojoenherbe.com\/wp-content\/uploads\/2023\/10\/Les-4-filles-du-Dr.-March-2-scaled.jpg\"><img data-recalc-dims=\"1\" loading=\"lazy\" decoding=\"async\" data-attachment-id=\"32297\" data-permalink=\"http:\/\/www.jojoenherbe.com\/index.php\/2023\/09\/30\/au-fil-des-pages-avec-les-4-filles-du-docteur-march\/les-4-filles-du-dr-march-2\/\" data-orig-file=\"https:\/\/i0.wp.com\/www.jojoenherbe.com\/wp-content\/uploads\/2023\/10\/Les-4-filles-du-Dr.-March-2-scaled.jpg?fit=2560%2C2138\" data-orig-size=\"2560,2138\" data-comments-opened=\"1\" data-image-meta=\"{&quot;aperture&quot;:&quot;1.8&quot;,&quot;credit&quot;:&quot;&quot;,&quot;camera&quot;:&quot;iPhone 7&quot;,&quot;caption&quot;:&quot;&quot;,&quot;created_timestamp&quot;:&quot;1696163877&quot;,&quot;copyright&quot;:&quot;&quot;,&quot;focal_length&quot;:&quot;3.99&quot;,&quot;iso&quot;:&quot;100&quot;,&quot;shutter_speed&quot;:&quot;0.076923076923077&quot;,&quot;title&quot;:&quot;&quot;,&quot;orientation&quot;:&quot;1&quot;}\" data-image-title=\"Les 4 filles du Dr. March 2\" data-image-description=\"\" data-image-caption=\"\" data-large-file=\"https:\/\/i0.wp.com\/www.jojoenherbe.com\/wp-content\/uploads\/2023\/10\/Les-4-filles-du-Dr.-March-2-scaled.jpg?fit=676%2C564\" class=\"size-thumbnail wp-image-32297 alignright\" src=\"https:\/\/i0.wp.com\/www.jojoenherbe.com\/wp-content\/uploads\/2023\/10\/Les-4-filles-du-Dr.-March-2.jpg?resize=150%2C150\" alt=\"\" width=\"150\" height=\"150\" srcset=\"https:\/\/i0.wp.com\/www.jojoenherbe.com\/wp-content\/uploads\/2023\/10\/Les-4-filles-du-Dr.-March-2-scaled.jpg?resize=150%2C150 150w, https:\/\/i0.wp.com\/www.jojoenherbe.com\/wp-content\/uploads\/2023\/10\/Les-4-filles-du-Dr.-March-2-scaled.jpg?zoom=2&amp;resize=150%2C150 300w, https:\/\/i0.wp.com\/www.jojoenherbe.com\/wp-content\/uploads\/2023\/10\/Les-4-filles-du-Dr.-March-2-scaled.jpg?zoom=3&amp;resize=150%2C150 450w\" sizes=\"auto, (max-width: 150px) 100vw, 150px\" \/><\/a>J&rsquo;ai relu pour une lecture commune le 30 septembre 2023 avec Nathalie et Isabelle <a href=\"https:\/\/www.jojoenherbe.com\/index.php\/2023\/09\/30\/au-fil-des-pages-avec-les-4-filles-du-docteur-march\/\"><span style=\"text-decoration: underline;\">Les quatre filles du Docteur March<\/span><\/a> de Louisa May Alcott et illustr\u00e9 par Thomas Gilbert (\u00e9d. L\u2019\u00e9cole des loisirs, coll. Illustres classiques, novembre 2019, 208 pages), un roman jeunesse pour les 8\/11 ans selon l\u2019\u00e9diteur et qui est une version traduite et abr\u00e9g\u00e9e par Malika Ferdjoukh du texte originel, Little Women paru pour la premi\u00e8re fois aux \u00c9tats-Unis en 1868 pour le premier volume. Un bon moment de lecture plein de bons sentiments, parfois un peu trop moralisateur, avec ce roman d\u2019apprentissage aux personnages attachants et qui donne envie de conna\u00eetre la suite de la vie des 4 s\u0153urs March et de Laurie, l\u2019histoire s\u2019arr\u00eatant sur les fian\u00e7ailles de Meg! Une prochaine LC avec Isabelle d&rsquo;ici No\u00ebl pour le volume 2 est d&rsquo;ores et d\u00e9j\u00e0 pr\u00e9vue, son \u00e9dition s&rsquo;arr\u00eatant \u00e9galement au m\u00eame endroit que la mienne. Une lecture id\u00e9ale pour No\u00ebl m\u00eame si j&rsquo;ai rep\u00e9r\u00e9 un passage halloweenesque avec une des pi\u00e8ces de th\u00e9\u00e2tre \u00e9crite par Jo au d\u00e9but du roman!<\/em><\/p>\n<p><em><span style=\"text-decoration: underline;\">Des lectures adulte<\/span>:<\/em><\/p>\n<p style=\"text-align: justify;\"><em>Parmi les romans adultes que j\u2019ai lus cette semaine, je ne parlerai dans ce billet que de certains<\/em>.<\/p>\n<ul>\n<li style=\"text-align: justify;\"><em>(Roman d&rsquo;urban fantasy) <span style=\"text-decoration: underline;\"><strong>Les Tribulations d\u2019une p\u00e2tissi\u00e8re, Sortil\u00e8ges et descendance: Donald<\/strong><\/span> de Bones Vercetti <strong>(T7)<\/strong><\/em><\/li>\n<\/ul>\n<p style=\"text-align: justify;\"><em><a href=\"https:\/\/i0.wp.com\/www.jojoenherbe.com\/wp-content\/uploads\/2023\/10\/Sortileges-Descendance-Donald-T7.jpg\"><img data-recalc-dims=\"1\" loading=\"lazy\" decoding=\"async\" data-attachment-id=\"32352\" data-permalink=\"http:\/\/www.jojoenherbe.com\/index.php\/2023\/10\/02\/point-lecture-hebdomadaire-2023-39\/sortileges-descendance-donald-t7\/\" data-orig-file=\"https:\/\/i0.wp.com\/www.jojoenherbe.com\/wp-content\/uploads\/2023\/10\/Sortileges-Descendance-Donald-T7.jpg?fit=750%2C1334\" data-orig-size=\"750,1334\" data-comments-opened=\"1\" data-image-meta=\"{&quot;aperture&quot;:&quot;0&quot;,&quot;credit&quot;:&quot;&quot;,&quot;camera&quot;:&quot;&quot;,&quot;caption&quot;:&quot;&quot;,&quot;created_timestamp&quot;:&quot;0&quot;,&quot;copyright&quot;:&quot;&quot;,&quot;focal_length&quot;:&quot;0&quot;,&quot;iso&quot;:&quot;0&quot;,&quot;shutter_speed&quot;:&quot;0&quot;,&quot;title&quot;:&quot;&quot;,&quot;orientation&quot;:&quot;0&quot;}\" data-image-title=\"Sortil\u00e8ges &amp;#038; Descendance Donald T7\" data-image-description=\"\" data-image-caption=\"\" data-large-file=\"https:\/\/i0.wp.com\/www.jojoenherbe.com\/wp-content\/uploads\/2023\/10\/Sortileges-Descendance-Donald-T7.jpg?fit=576%2C1024\" class=\"alignleft size-thumbnail wp-image-32352\" src=\"https:\/\/i0.wp.com\/www.jojoenherbe.com\/wp-content\/uploads\/2023\/10\/Sortileges-Descendance-Donald-T7.jpg?resize=150%2C150\" alt=\"\" width=\"150\" height=\"150\" srcset=\"https:\/\/i0.wp.com\/www.jojoenherbe.com\/wp-content\/uploads\/2023\/10\/Sortileges-Descendance-Donald-T7.jpg?resize=150%2C150 150w, https:\/\/i0.wp.com\/www.jojoenherbe.com\/wp-content\/uploads\/2023\/10\/Sortileges-Descendance-Donald-T7.jpg?zoom=2&amp;resize=150%2C150 300w, https:\/\/i0.wp.com\/www.jojoenherbe.com\/wp-content\/uploads\/2023\/10\/Sortileges-Descendance-Donald-T7.jpg?zoom=3&amp;resize=150%2C150 450w\" sizes=\"auto, (max-width: 150px) 100vw, 150px\" \/><\/a>J&rsquo;ai lu, en e-book, le tome 3 du spin-off des <span style=\"text-decoration: underline;\">Tribulations d\u2019une p\u00e2tissi\u00e8re<\/span><span style=\"text-decoration: underline;\">,Sortil\u00e8ges et descendance: Donald<\/span> de Bones Vercetti (\u00e9d. Auto\u00e9dition, octobre 2023, 223 pages), un roman d&rsquo;urban fantasy qui se d\u00e9roule dans le m\u00eame temps que le tome pr\u00e9c\u00e9dent tout en allant plus loin \u00e0 travers le couple de Cambridge, la louve r\u00e9pudi\u00e9e par Erwann 15 ans auparavant, cette derni\u00e8re ayant pris pour compagnon Donald Payot, h\u00e9ritier d&rsquo;une redoutable et puissante famille de sorciers. Le couple vit d\u00e9sormais dans un vignoble pr\u00e8s de Bordeaux et contre toute attente, Cambridge est enceinte. Mais une s\u00e9rie de meurtres de femmes enceintes vient perturber leur quotidien. Le fils de Baba Yaga serait-il le coupable alors que la derni\u00e8re fois o\u00f9 on avait trouv\u00e9 sa trace \u00e9tait en Irlande? <\/em><\/p>\n<p style=\"text-align: justify;\"><em>L&rsquo;autrice prend son temps pour installer la grossesse du couple et faire revenir l&rsquo;intrigue l\u00e0 o\u00f9 on s&rsquo;\u00e9tait arr\u00eat\u00e9 avec Callum, ce qui \u00e9tait assez frustrant. On arrive vite \u00e0 la fin en laissant des personnages, dans un \u00e9tat incertain, face \u00e0 la redoutable Baba Yaga. Le prochain spin-off sera-t-il le d\u00e9but de nouveaux affrontements que Lola et ses amis avaient r\u00e9ussi \u00e0 contenir jusque-l\u00e0? Peut-\u00eatre avec cette fois le couple qui se dessine entre Landon et Savannah? J&rsquo;ai appr\u00e9ci\u00e9 une nouvelle fois retrouv\u00e9 l&rsquo;univers des <span style=\"text-decoration: underline;\">Tribulations d&rsquo;une p\u00e2tissi\u00e8re<\/span> m\u00eame si l&rsquo;humour est moins pr\u00e9sent, si ce n&rsquo;est dans la (non-)relation toujours aussi tumultueuse entre Erwann et Ya\u00eblle. J&rsquo;ai \u00e9t\u00e9 \u00e9tonn\u00e9e par Donald qui n&rsquo;apparaissait pas vraiment sous un bon jour dans les pr\u00e9c\u00e9dents tomes. \u00c0 quand la suite?<br \/>\n<\/em><\/p>\n<p><strong><span style=\"text-decoration: underline;\">Ma lecture en cours<\/span>:<\/strong><\/p>\n<p style=\"text-align: justify;\"><em>(Romance historique) <strong><span style=\"text-decoration: underline;\">H\u00e9ros malgr\u00e9 eux, La belle des hautes terres<\/span><\/strong> de Betina Krahn <strong>(T2)<\/strong><\/em><\/p>\n<p style=\"text-align: justify;\"><em><a href=\"https:\/\/i0.wp.com\/www.jojoenherbe.com\/wp-content\/uploads\/2023\/10\/Heros-malgre-eux-T2.jpg\"><img data-recalc-dims=\"1\" loading=\"lazy\" decoding=\"async\" data-attachment-id=\"32373\" data-permalink=\"http:\/\/www.jojoenherbe.com\/index.php\/2023\/10\/02\/point-lecture-hebdomadaire-2023-39\/heros-malgre-eux-t2\/\" data-orig-file=\"https:\/\/i0.wp.com\/www.jojoenherbe.com\/wp-content\/uploads\/2023\/10\/Heros-malgre-eux-T2.jpg?fit=750%2C1334\" data-orig-size=\"750,1334\" data-comments-opened=\"1\" data-image-meta=\"{&quot;aperture&quot;:&quot;0&quot;,&quot;credit&quot;:&quot;&quot;,&quot;camera&quot;:&quot;&quot;,&quot;caption&quot;:&quot;&quot;,&quot;created_timestamp&quot;:&quot;0&quot;,&quot;copyright&quot;:&quot;&quot;,&quot;focal_length&quot;:&quot;0&quot;,&quot;iso&quot;:&quot;0&quot;,&quot;shutter_speed&quot;:&quot;0&quot;,&quot;title&quot;:&quot;&quot;,&quot;orientation&quot;:&quot;0&quot;}\" data-image-title=\"H\u00e9ros malgr\u00e9 eux T2\" data-image-description=\"\" data-image-caption=\"\" data-large-file=\"https:\/\/i0.wp.com\/www.jojoenherbe.com\/wp-content\/uploads\/2023\/10\/Heros-malgre-eux-T2.jpg?fit=576%2C1024\" class=\"size-thumbnail wp-image-32373 alignright\" src=\"https:\/\/i0.wp.com\/www.jojoenherbe.com\/wp-content\/uploads\/2023\/10\/Heros-malgre-eux-T2.jpg?resize=150%2C150\" alt=\"\" width=\"150\" height=\"150\" srcset=\"https:\/\/i0.wp.com\/www.jojoenherbe.com\/wp-content\/uploads\/2023\/10\/Heros-malgre-eux-T2.jpg?resize=150%2C150 150w, https:\/\/i0.wp.com\/www.jojoenherbe.com\/wp-content\/uploads\/2023\/10\/Heros-malgre-eux-T2.jpg?zoom=2&amp;resize=150%2C150 300w, https:\/\/i0.wp.com\/www.jojoenherbe.com\/wp-content\/uploads\/2023\/10\/Heros-malgre-eux-T2.jpg?zoom=3&amp;resize=150%2C150 450w\" sizes=\"auto, (max-width: 150px) 100vw, 150px\" \/><\/a>J&rsquo;ai commenc\u00e9 \u00e0 lire jusqu&rsquo;au chapitre 5 (page 59) le tome 2 de <span style=\"text-decoration: underline;\">H\u00e9ros malgr\u00e9 eux, La belle des hautes terres<\/span> de Betina Krahn (\u00e9d. J&rsquo;ai lu pour elle (n\u00b0 13884), coll. Aventures &amp; Passions, ao\u00fbt 2023, 384 pages), une romance historique se d\u00e9roulant en Angleterre en 1883. Barclay Howard vient d&rsquo;\u00eatre d\u00e9sign\u00e9 tuteur de son jeune cousin de 6 ans par le testament de son grand-p\u00e8re. Apr\u00e8s lui \u00eatre venu en aide \u00e0 deux reprises et sur l&rsquo;id\u00e9e de son meilleur ami Rafe, il engage Norah Capshaw comme pr\u00e9ceptrice. J&rsquo;ai appr\u00e9ci\u00e9 leur rencontre improbable lors d&rsquo;une conf\u00e9rence sur l&rsquo;amour libre et les droits des femmes o\u00f9 ils sont tous les deux arr\u00eat\u00e9s par la police, la conf\u00e9rence \u00e9tant interdite car contraire aux bonnes m\u0153urs. Cela pr\u00e9sage-t-il d&rsquo;un slowburn avec le trope \u00ab\u00a0ennemies to lovers\u00a0\u00bb comme je l&rsquo;appr\u00e9cie, m\u00eame si le duo appara\u00eet convenu entre un homme riche, au physique de grand m\u00e9chant et qui se prend pour un chevalier blanc du type \u00ab\u00a0Ivanho\u00e9\u00a0\u00bb et une jeune femme \u00e9cossaise, pauvre, orpheline et dont la vie semble en danger? J&rsquo;esp\u00e8re appr\u00e9cier autant ce tome que le pr\u00e9c\u00e9dent.<br \/>\n<\/em><\/p>\n","protected":false},"excerpt":{"rendered":"<p>En ce d\u00e9but de semaine, voici notre point lecture hebdomadaire avec un retour sur nos lectures de la semaine derni\u00e8re (mais pas nos relectures) qui rentrent presque toutes dans le cadre du Challenge Halloween 2023 qui a commenc\u00e9 depuis le 23 septembre dernier. Nos lectures du 25 septembre au 1er octobre 2023: Des lectures jeunesse: [&hellip;]<\/p>\n","protected":false},"author":1,"featured_media":32378,"comment_status":"open","ping_status":"open","sticky":false,"template":"","format":"standard","meta":{"jetpack_post_was_ever_published":false,"_jetpack_newsletter_access":"","_jetpack_dont_email_post_to_subs":false,"_jetpack_newsletter_tier_id":0,"_jetpack_memberships_contains_paywalled_content":false,"_jetpack_memberships_contains_paid_content":false,"footnotes":""},"categories":[2140,363],"tags":[3850,3014,2008,1085,367,3849,3851,2767,844,3209,905,789,2791,3010],"class_list":["post-32343","post","type-post","status-publish","format-standard","has-post-thumbnail","hentry","category-mini-blogueur","category-mini-lecteur","tag-betina-krahn","tag-bones-vercetti","tag-catharina-valckx","tag-lecture-adulte","tag-lecture-jeunesse","tag-louisa-may-alcott","tag-manu-et-nono","tag-point-lecture-hebdo","tag-romance","tag-romance-historique","tag-romans-adulte","tag-romans-jeunesse","tag-thomas-gilbert","tag-urban-fantasy","post-preview"],"jetpack_featured_media_url":"https:\/\/i0.wp.com\/www.jojoenherbe.com\/wp-content\/uploads\/2023\/10\/Point-lecture-hebdomadaire-2023-39-scaled.jpg?fit=2560%2C2172","jetpack_sharing_enabled":true,"jetpack_shortlink":"https:\/\/wp.me\/p9zhGx-8pF","jetpack_likes_enabled":true,"jetpack-related-posts":[{"id":37057,"url":"http:\/\/www.jojoenherbe.com\/index.php\/2024\/09\/30\/point-lecture-hebdomadaire-2024-39\/","url_meta":{"origin":32343,"position":0},"title":"Point lecture hebdomadaire 2024 #39","author":"Jojo","date":"30 septembre 2024","format":false,"excerpt":"En ce d\u00e9but de semaine, voici mon point lecture hebdomadaire avec un retour sur nos lectures (mais pas nos relectures) de la semaine derni\u00e8re. Nos lectures du 23 au 29 septembre 2024: Des lectures jeunesse: Nous avons continu\u00e9 chaque soir et presque fini de lire Le jardin secret de Frances\u2026","rel":"","context":"Dans &quot;Mini blogueur&quot;","block_context":{"text":"Mini blogueur","link":"http:\/\/www.jojoenherbe.com\/index.php\/category\/mini-blogueur\/"},"img":{"alt_text":"","src":"https:\/\/i0.wp.com\/www.jojoenherbe.com\/wp-content\/uploads\/2020\/04\/Le-jardin-secret-150x150.jpg?resize=350%2C200","width":350,"height":200},"classes":[]},{"id":31501,"url":"http:\/\/www.jojoenherbe.com\/index.php\/2023\/08\/21\/point-lecture-hebdomadaire-2023-33\/","url_meta":{"origin":32343,"position":1},"title":"Point lecture hebdomadaire 2023 #33","author":"Jojo","date":"21 ao\u00fbt 2023","format":false,"excerpt":"En ce d\u00e9but de semaine, voici notre point lecture hebdomadaire avec un retour sur nos lectures de la semaine derni\u00e8re (mais pas nos relectures). Nos lectures du 14 au 20 ao\u00fbt 2023: Des lectures jeunesse: (Roman jeunesse) Vol d\u2019\u00e9t\u00e9 de Marie-Anne Abesdris Nous avons lu Vol d\u2019\u00e9t\u00e9 de Marie-Anne Abesdris\u2026","rel":"","context":"Dans &quot;Mini blogueur&quot;","block_context":{"text":"Mini blogueur","link":"http:\/\/www.jojoenherbe.com\/index.php\/category\/mini-blogueur\/"},"img":{"alt_text":"","src":"https:\/\/i0.wp.com\/www.jojoenherbe.com\/wp-content\/uploads\/2023\/08\/Vol-dete-150x150.jpg?resize=350%2C200","width":350,"height":200},"classes":[]},{"id":33306,"url":"http:\/\/www.jojoenherbe.com\/index.php\/2023\/12\/04\/point-lecture-hebdomadaire-2023-48\/","url_meta":{"origin":32343,"position":2},"title":"Point lecture hebdomadaire 2023 #48","author":"Jojo","date":"4 d\u00e9cembre 2023","format":false,"excerpt":"En ce d\u00e9but de semaine, voici notre point lecture hebdomadaire avec un retour sur nos lectures de la semaine derni\u00e8re (mais pas nos relectures) et qui sont encore un peu halloweenesques mais d\u00e9sormais de plus en plus no\u00eblesques. D'ailleurs, du 10 au 30 novembre, c'\u00e9tait No\u00eblloween avec les copinautes, Hilde,\u2026","rel":"","context":"Dans &quot;Mini blogueur&quot;","block_context":{"text":"Mini blogueur","link":"http:\/\/www.jojoenherbe.com\/index.php\/category\/mini-blogueur\/"},"img":{"alt_text":"","src":"https:\/\/i0.wp.com\/www.jojoenherbe.com\/wp-content\/uploads\/2023\/12\/Point-lecture-hebdomadaire-2023-48-scaled.jpg?fit=1153%2C1200&resize=350%2C200","width":350,"height":200,"srcset":"https:\/\/i0.wp.com\/www.jojoenherbe.com\/wp-content\/uploads\/2023\/12\/Point-lecture-hebdomadaire-2023-48-scaled.jpg?fit=1153%2C1200&resize=350%2C200 1x, https:\/\/i0.wp.com\/www.jojoenherbe.com\/wp-content\/uploads\/2023\/12\/Point-lecture-hebdomadaire-2023-48-scaled.jpg?fit=1153%2C1200&resize=525%2C300 1.5x, https:\/\/i0.wp.com\/www.jojoenherbe.com\/wp-content\/uploads\/2023\/12\/Point-lecture-hebdomadaire-2023-48-scaled.jpg?fit=1153%2C1200&resize=700%2C400 2x, https:\/\/i0.wp.com\/www.jojoenherbe.com\/wp-content\/uploads\/2023\/12\/Point-lecture-hebdomadaire-2023-48-scaled.jpg?fit=1153%2C1200&resize=1050%2C600 3x"},"classes":[]},{"id":34296,"url":"http:\/\/www.jojoenherbe.com\/index.php\/2024\/01\/15\/point-lecture-hebdomadaire-2024-2\/","url_meta":{"origin":32343,"position":3},"title":"Point lecture hebdomadaire 2024 #2","author":"Jojo","date":"15 janvier 2024","format":false,"excerpt":"En ce d\u00e9but de semaine, voici notre point lecture hebdomadaire avec un retour sur nos lectures de la semaine derni\u00e8re (mais pas nos relectures). Nos lectures du 8 au 14 janvier 2024: Des lectures jeunesse: (BD jeunesse) Mortelle Ad\u00e8le, Parents \u00e0 vendre et Toi, je te zut! de Mr Tan\u2026","rel":"","context":"Dans &quot;Mini blogueur&quot;","block_context":{"text":"Mini blogueur","link":"http:\/\/www.jojoenherbe.com\/index.php\/category\/mini-blogueur\/"},"img":{"alt_text":"","src":"https:\/\/i0.wp.com\/www.jojoenherbe.com\/wp-content\/uploads\/2024\/01\/Point-lecture-hebdo-2024-2-scaled.jpg?fit=1200%2C1146&resize=350%2C200","width":350,"height":200,"srcset":"https:\/\/i0.wp.com\/www.jojoenherbe.com\/wp-content\/uploads\/2024\/01\/Point-lecture-hebdo-2024-2-scaled.jpg?fit=1200%2C1146&resize=350%2C200 1x, https:\/\/i0.wp.com\/www.jojoenherbe.com\/wp-content\/uploads\/2024\/01\/Point-lecture-hebdo-2024-2-scaled.jpg?fit=1200%2C1146&resize=525%2C300 1.5x, https:\/\/i0.wp.com\/www.jojoenherbe.com\/wp-content\/uploads\/2024\/01\/Point-lecture-hebdo-2024-2-scaled.jpg?fit=1200%2C1146&resize=700%2C400 2x, https:\/\/i0.wp.com\/www.jojoenherbe.com\/wp-content\/uploads\/2024\/01\/Point-lecture-hebdo-2024-2-scaled.jpg?fit=1200%2C1146&resize=1050%2C600 3x"},"classes":[]},{"id":34536,"url":"http:\/\/www.jojoenherbe.com\/index.php\/2024\/01\/29\/point-lecture-hebdomadaire-2024-4\/","url_meta":{"origin":32343,"position":4},"title":"Point lecture hebdomadaire 2024 #4","author":"Jojo","date":"29 janvier 2024","format":false,"excerpt":"En ce d\u00e9but de semaine, voici notre point lecture hebdomadaire avec un retour sur nos lectures de la semaine derni\u00e8re (mais pas nos relectures). Nos lectures du 22 au 28 janvier 2024: Des lectures jeunesse: (BD jeunesse) Mortelle Ad\u00e8le au pays des Contes d\u00e9faits, Mortelle Ad\u00e8le, Choupidoulove (T10) et Extra\u2026","rel":"","context":"Dans &quot;Mini blogueur&quot;","block_context":{"text":"Mini blogueur","link":"http:\/\/www.jojoenherbe.com\/index.php\/category\/mini-blogueur\/"},"img":{"alt_text":"","src":"https:\/\/i0.wp.com\/www.jojoenherbe.com\/wp-content\/uploads\/2024\/01\/La-Semaine-a-1000-du-Pingouin-2024.jpg?resize=350%2C200","width":350,"height":200,"srcset":"https:\/\/i0.wp.com\/www.jojoenherbe.com\/wp-content\/uploads\/2024\/01\/La-Semaine-a-1000-du-Pingouin-2024.jpg?resize=350%2C200 1x, https:\/\/i0.wp.com\/www.jojoenherbe.com\/wp-content\/uploads\/2024\/01\/La-Semaine-a-1000-du-Pingouin-2024.jpg?resize=525%2C300 1.5x"},"classes":[]},{"id":41643,"url":"http:\/\/www.jojoenherbe.com\/index.php\/2025\/12\/12\/point-lecture-hebdomadaire-2025-49\/","url_meta":{"origin":32343,"position":5},"title":"Point lecture hebdomadaire 2025 #49","author":"Jojo","date":"12 d\u00e9cembre 2025","format":false,"excerpt":"En cette fin de semaine, voici mon point lecture hebdomadaire avec un retour sur nos lectures (mais pas nos relectures) de la semaine derni\u00e8re au cours de laquelle nous avons commenc\u00e9 nos lectures de No\u00ebl, avec deux livres de l'Avent qui vont nous accompagner chaque soir jusqu'\u00e0 No\u00ebl: La BD\u2026","rel":"","context":"Dans &quot;Mini blogueur&quot;","block_context":{"text":"Mini blogueur","link":"http:\/\/www.jojoenherbe.com\/index.php\/category\/mini-blogueur\/"},"img":{"alt_text":"","src":"https:\/\/i0.wp.com\/www.jojoenherbe.com\/wp-content\/uploads\/2025\/12\/Point-lecture-hebdo-2025-49-scaled.jpg?fit=1200%2C844&resize=350%2C200","width":350,"height":200,"srcset":"https:\/\/i0.wp.com\/www.jojoenherbe.com\/wp-content\/uploads\/2025\/12\/Point-lecture-hebdo-2025-49-scaled.jpg?fit=1200%2C844&resize=350%2C200 1x, https:\/\/i0.wp.com\/www.jojoenherbe.com\/wp-content\/uploads\/2025\/12\/Point-lecture-hebdo-2025-49-scaled.jpg?fit=1200%2C844&resize=525%2C300 1.5x, https:\/\/i0.wp.com\/www.jojoenherbe.com\/wp-content\/uploads\/2025\/12\/Point-lecture-hebdo-2025-49-scaled.jpg?fit=1200%2C844&resize=700%2C400 2x, https:\/\/i0.wp.com\/www.jojoenherbe.com\/wp-content\/uploads\/2025\/12\/Point-lecture-hebdo-2025-49-scaled.jpg?fit=1200%2C844&resize=1050%2C600 3x"},"classes":[]}],"_links":{"self":[{"href":"http:\/\/www.jojoenherbe.com\/index.php\/wp-json\/wp\/v2\/posts\/32343","targetHints":{"allow":["GET"]}}],"collection":[{"href":"http:\/\/www.jojoenherbe.com\/index.php\/wp-json\/wp\/v2\/posts"}],"about":[{"href":"http:\/\/www.jojoenherbe.com\/index.php\/wp-json\/wp\/v2\/types\/post"}],"author":[{"embeddable":true,"href":"http:\/\/www.jojoenherbe.com\/index.php\/wp-json\/wp\/v2\/users\/1"}],"replies":[{"embeddable":true,"href":"http:\/\/www.jojoenherbe.com\/index.php\/wp-json\/wp\/v2\/comments?post=32343"}],"version-history":[{"count":23,"href":"http:\/\/www.jojoenherbe.com\/index.php\/wp-json\/wp\/v2\/posts\/32343\/revisions"}],"predecessor-version":[{"id":32389,"href":"http:\/\/www.jojoenherbe.com\/index.php\/wp-json\/wp\/v2\/posts\/32343\/revisions\/32389"}],"wp:featuredmedia":[{"embeddable":true,"href":"http:\/\/www.jojoenherbe.com\/index.php\/wp-json\/wp\/v2\/media\/32378"}],"wp:attachment":[{"href":"http:\/\/www.jojoenherbe.com\/index.php\/wp-json\/wp\/v2\/media?parent=32343"}],"wp:term":[{"taxonomy":"category","embeddable":true,"href":"http:\/\/www.jojoenherbe.com\/index.php\/wp-json\/wp\/v2\/categories?post=32343"},{"taxonomy":"post_tag","embeddable":true,"href":"http:\/\/www.jojoenherbe.com\/index.php\/wp-json\/wp\/v2\/tags?post=32343"}],"curies":[{"name":"wp","href":"https:\/\/api.w.org\/{rel}","templated":true}]}}