{"id":31864,"date":"2023-09-11T19:09:16","date_gmt":"2023-09-11T17:09:16","guid":{"rendered":"https:\/\/www.jojoenherbe.com\/?p=31864"},"modified":"2023-09-11T19:09:16","modified_gmt":"2023-09-11T17:09:16","slug":"au-fil-des-pages-avec-le-tome-4-des-quiquoi","status":"publish","type":"post","link":"http:\/\/www.jojoenherbe.com\/index.php\/2023\/09\/11\/au-fil-des-pages-avec-le-tome-4-des-quiquoi\/","title":{"rendered":"Au fil des pages avec le tome 4 des Quiquoi"},"content":{"rendered":"<p style=\"text-align: justify;\"><em><a href=\"https:\/\/i0.wp.com\/www.jojoenherbe.com\/wp-content\/uploads\/2023\/09\/Les-Quiquoi-T4-2-scaled.jpg\"><img data-recalc-dims=\"1\" loading=\"lazy\" decoding=\"async\" data-attachment-id=\"31908\" data-permalink=\"http:\/\/www.jojoenherbe.com\/index.php\/2023\/09\/11\/au-fil-des-pages-avec-le-tome-4-des-quiquoi\/les-quiquoi-t4-2\/\" data-orig-file=\"https:\/\/i0.wp.com\/www.jojoenherbe.com\/wp-content\/uploads\/2023\/09\/Les-Quiquoi-T4-2-scaled.jpg?fit=2560%2C1488\" data-orig-size=\"2560,1488\" data-comments-opened=\"1\" data-image-meta=\"{&quot;aperture&quot;:&quot;1.8&quot;,&quot;credit&quot;:&quot;&quot;,&quot;camera&quot;:&quot;iPhone 7&quot;,&quot;caption&quot;:&quot;&quot;,&quot;created_timestamp&quot;:&quot;1694458607&quot;,&quot;copyright&quot;:&quot;&quot;,&quot;focal_length&quot;:&quot;3.99&quot;,&quot;iso&quot;:&quot;80&quot;,&quot;shutter_speed&quot;:&quot;0.2&quot;,&quot;title&quot;:&quot;&quot;,&quot;orientation&quot;:&quot;1&quot;}\" data-image-title=\"Les Quiquoi T4 (2)\" data-image-description=\"\" data-image-caption=\"\" data-large-file=\"https:\/\/i0.wp.com\/www.jojoenherbe.com\/wp-content\/uploads\/2023\/09\/Les-Quiquoi-T4-2-scaled.jpg?fit=676%2C393\" class=\"alignleft size-thumbnail wp-image-31908\" src=\"https:\/\/i0.wp.com\/www.jojoenherbe.com\/wp-content\/uploads\/2023\/09\/Les-Quiquoi-T4-2.jpg?resize=150%2C150\" alt=\"\" width=\"150\" height=\"150\" srcset=\"https:\/\/i0.wp.com\/www.jojoenherbe.com\/wp-content\/uploads\/2023\/09\/Les-Quiquoi-T4-2-scaled.jpg?resize=150%2C150 150w, https:\/\/i0.wp.com\/www.jojoenherbe.com\/wp-content\/uploads\/2023\/09\/Les-Quiquoi-T4-2-scaled.jpg?zoom=2&amp;resize=150%2C150 300w, https:\/\/i0.wp.com\/www.jojoenherbe.com\/wp-content\/uploads\/2023\/09\/Les-Quiquoi-T4-2-scaled.jpg?zoom=3&amp;resize=150%2C150 450w\" sizes=\"auto, (max-width: 150px) 100vw, 150px\" \/><\/a> <a href=\"https:\/\/i0.wp.com\/www.jojoenherbe.com\/wp-content\/uploads\/2023\/09\/Les-Quiquoi-T4-T3-scaled.jpg\"><img data-recalc-dims=\"1\" loading=\"lazy\" decoding=\"async\" data-attachment-id=\"31909\" data-permalink=\"http:\/\/www.jojoenherbe.com\/index.php\/2023\/09\/11\/au-fil-des-pages-avec-le-tome-4-des-quiquoi\/les-quiquoi-t4-t3\/\" data-orig-file=\"https:\/\/i0.wp.com\/www.jojoenherbe.com\/wp-content\/uploads\/2023\/09\/Les-Quiquoi-T4-T3-scaled.jpg?fit=2560%2C1508\" data-orig-size=\"2560,1508\" data-comments-opened=\"1\" data-image-meta=\"{&quot;aperture&quot;:&quot;1.8&quot;,&quot;credit&quot;:&quot;&quot;,&quot;camera&quot;:&quot;iPhone 7&quot;,&quot;caption&quot;:&quot;&quot;,&quot;created_timestamp&quot;:&quot;1694458624&quot;,&quot;copyright&quot;:&quot;&quot;,&quot;focal_length&quot;:&quot;3.99&quot;,&quot;iso&quot;:&quot;80&quot;,&quot;shutter_speed&quot;:&quot;0.2&quot;,&quot;title&quot;:&quot;&quot;,&quot;orientation&quot;:&quot;1&quot;}\" data-image-title=\"Les Quiquoi T4 (T3)\" data-image-description=\"\" data-image-caption=\"\" data-large-file=\"https:\/\/i0.wp.com\/www.jojoenherbe.com\/wp-content\/uploads\/2023\/09\/Les-Quiquoi-T4-T3-scaled.jpg?fit=676%2C398\" class=\"alignleft size-thumbnail wp-image-31909\" src=\"https:\/\/i0.wp.com\/www.jojoenherbe.com\/wp-content\/uploads\/2023\/09\/Les-Quiquoi-T4-T3.jpg?resize=150%2C150\" alt=\"\" width=\"150\" height=\"150\" srcset=\"https:\/\/i0.wp.com\/www.jojoenherbe.com\/wp-content\/uploads\/2023\/09\/Les-Quiquoi-T4-T3-scaled.jpg?resize=150%2C150 150w, https:\/\/i0.wp.com\/www.jojoenherbe.com\/wp-content\/uploads\/2023\/09\/Les-Quiquoi-T4-T3-scaled.jpg?zoom=2&amp;resize=150%2C150 300w, https:\/\/i0.wp.com\/www.jojoenherbe.com\/wp-content\/uploads\/2023\/09\/Les-Quiquoi-T4-T3-scaled.jpg?zoom=3&amp;resize=150%2C150 450w\" sizes=\"auto, (max-width: 150px) 100vw, 150px\" \/><\/a>Nous avons relu, encore cet \u00e9t\u00e9, le tome 4 des <span style=\"text-decoration: underline;\">Quiquoi<\/span>, <span style=\"text-decoration: underline;\">Les Quiquoi et l\u2019\u00e9trange attaque du coup de soleil g\u00e9ant<\/span> de Laurent Rivelaygue et Olivier Tallec (\u00e9d. Actes Sud Junior, 2017), une BD jeunesse \u00e0 partir de 6 ans, au format \u00e0 l\u2019italienne et proche d\u2019un album illustr\u00e9. Olive a dessin\u00e9 un \u00e9norme soleil. Ses amis ont bien chaud. Olive d\u00e9cide de faire appara\u00eetre un ventilateur mais qui s\u2019av\u00e8re trop puissant, Raoul \u00e9tant emport\u00e9 au loin avec son parasol, vers la for\u00eat de cactus. Ses amis arriveront-ils \u00e0 temps pour le chercher, Raoul \u00e9tant menac\u00e9 par un m\u00e9chant coup de soleil ayant pris l&rsquo;aspect d&rsquo;un \u00e9norme monstre rouge?<br \/>\n<\/em><\/p>\n<p style=\"text-align: justify;\"><em><a href=\"https:\/\/i0.wp.com\/www.jojoenherbe.com\/wp-content\/uploads\/2023\/09\/Les-Quiquoi-T4-T4-scaled.jpg\"><img data-recalc-dims=\"1\" loading=\"lazy\" decoding=\"async\" data-attachment-id=\"31910\" data-permalink=\"http:\/\/www.jojoenherbe.com\/index.php\/2023\/09\/11\/au-fil-des-pages-avec-le-tome-4-des-quiquoi\/les-quiquoi-t4-t4\/\" data-orig-file=\"https:\/\/i0.wp.com\/www.jojoenherbe.com\/wp-content\/uploads\/2023\/09\/Les-Quiquoi-T4-T4-scaled.jpg?fit=2560%2C1804\" data-orig-size=\"2560,1804\" data-comments-opened=\"1\" data-image-meta=\"{&quot;aperture&quot;:&quot;1.8&quot;,&quot;credit&quot;:&quot;&quot;,&quot;camera&quot;:&quot;iPhone 7&quot;,&quot;caption&quot;:&quot;&quot;,&quot;created_timestamp&quot;:&quot;1694458675&quot;,&quot;copyright&quot;:&quot;&quot;,&quot;focal_length&quot;:&quot;3.99&quot;,&quot;iso&quot;:&quot;100&quot;,&quot;shutter_speed&quot;:&quot;0.16666666666667&quot;,&quot;title&quot;:&quot;&quot;,&quot;orientation&quot;:&quot;1&quot;}\" data-image-title=\"Les Quiquoi T4 (T4)\" data-image-description=\"\" data-image-caption=\"\" data-large-file=\"https:\/\/i0.wp.com\/www.jojoenherbe.com\/wp-content\/uploads\/2023\/09\/Les-Quiquoi-T4-T4-scaled.jpg?fit=676%2C477\" class=\"size-thumbnail wp-image-31910 alignright\" src=\"https:\/\/i0.wp.com\/www.jojoenherbe.com\/wp-content\/uploads\/2023\/09\/Les-Quiquoi-T4-T4.jpg?resize=150%2C150\" alt=\"\" width=\"150\" height=\"150\" srcset=\"https:\/\/i0.wp.com\/www.jojoenherbe.com\/wp-content\/uploads\/2023\/09\/Les-Quiquoi-T4-T4-scaled.jpg?resize=150%2C150 150w, https:\/\/i0.wp.com\/www.jojoenherbe.com\/wp-content\/uploads\/2023\/09\/Les-Quiquoi-T4-T4-scaled.jpg?zoom=2&amp;resize=150%2C150 300w, https:\/\/i0.wp.com\/www.jojoenherbe.com\/wp-content\/uploads\/2023\/09\/Les-Quiquoi-T4-T4-scaled.jpg?zoom=3&amp;resize=150%2C150 450w\" sizes=\"auto, (max-width: 150px) 100vw, 150px\" \/><\/a>Nous avons retrouv\u00e9 toujours avec grand plaisir et fous-rires la bande d&rsquo;amis ins\u00e9parables que forment les Quiquoi: Olive l&rsquo;artiste, P\u00e9tole la t\u00eate br\u00fbl\u00e9e, Pamela l&rsquo;ind\u00e9cise, Boulard le r\u00e2leur, Raoul le trouillard et Mixo l&rsquo;intello. Ils ont chacun leur temp\u00e9rament bien tremp\u00e9 et jamais \u00e0 court d&rsquo;imagination; ce qui entra\u00eene son lots d&rsquo;aventures, de rebondissements et de gags plus loufoques les uns que les autres, que ce soit le chapeau de Pamela ou les dessins magiques d&rsquo;Olive par exemple. <\/em><\/p>\n<p style=\"text-align: justify;\"><em><a href=\"https:\/\/i0.wp.com\/www.jojoenherbe.com\/wp-content\/uploads\/2023\/09\/Les-Quiquoi-et-letrange-attaque-du-coup-de-soleil-geant-2-scaled.jpg\"><img data-recalc-dims=\"1\" loading=\"lazy\" decoding=\"async\" data-attachment-id=\"31907\" data-permalink=\"http:\/\/www.jojoenherbe.com\/index.php\/2023\/09\/11\/au-fil-des-pages-avec-le-tome-4-des-quiquoi\/les-quiquoi-et-letrange-attaque-du-coup-de-soleil-geant-2\/\" data-orig-file=\"https:\/\/i0.wp.com\/www.jojoenherbe.com\/wp-content\/uploads\/2023\/09\/Les-Quiquoi-et-letrange-attaque-du-coup-de-soleil-geant-2-scaled.jpg?fit=2079%2C2560\" data-orig-size=\"2079,2560\" data-comments-opened=\"1\" data-image-meta=\"{&quot;aperture&quot;:&quot;1.8&quot;,&quot;credit&quot;:&quot;&quot;,&quot;camera&quot;:&quot;iPhone 7&quot;,&quot;caption&quot;:&quot;&quot;,&quot;created_timestamp&quot;:&quot;1694458585&quot;,&quot;copyright&quot;:&quot;&quot;,&quot;focal_length&quot;:&quot;3.99&quot;,&quot;iso&quot;:&quot;100&quot;,&quot;shutter_speed&quot;:&quot;0.14285714285714&quot;,&quot;title&quot;:&quot;&quot;,&quot;orientation&quot;:&quot;1&quot;}\" data-image-title=\"Les Quiquoi et l\u2019\u00e9trange attaque du coup de soleil g\u00e9ant 2\" data-image-description=\"\" data-image-caption=\"\" data-large-file=\"https:\/\/i0.wp.com\/www.jojoenherbe.com\/wp-content\/uploads\/2023\/09\/Les-Quiquoi-et-letrange-attaque-du-coup-de-soleil-geant-2-scaled.jpg?fit=676%2C832\" class=\"alignleft size-thumbnail wp-image-31907\" src=\"https:\/\/i0.wp.com\/www.jojoenherbe.com\/wp-content\/uploads\/2023\/09\/Les-Quiquoi-et-letrange-attaque-du-coup-de-soleil-geant-2.jpg?resize=150%2C150\" alt=\"\" width=\"150\" height=\"150\" srcset=\"https:\/\/i0.wp.com\/www.jojoenherbe.com\/wp-content\/uploads\/2023\/09\/Les-Quiquoi-et-letrange-attaque-du-coup-de-soleil-geant-2-scaled.jpg?resize=150%2C150 150w, https:\/\/i0.wp.com\/www.jojoenherbe.com\/wp-content\/uploads\/2023\/09\/Les-Quiquoi-et-letrange-attaque-du-coup-de-soleil-geant-2-scaled.jpg?zoom=2&amp;resize=150%2C150 300w, https:\/\/i0.wp.com\/www.jojoenherbe.com\/wp-content\/uploads\/2023\/09\/Les-Quiquoi-et-letrange-attaque-du-coup-de-soleil-geant-2-scaled.jpg?zoom=3&amp;resize=150%2C150 450w\" sizes=\"auto, (max-width: 150px) 100vw, 150px\" \/><\/a>Avec cette chaleur caniculaire de fin d&rsquo;\u00e9t\u00e9, nous nous retrouvons dans les attitudes de cette bande d&rsquo;amis, les personnages croqu\u00e9s par Olivier Tallec \u00e9tant toujours aussi expressifs.Tant le texte que les illustrations participent \u00e0 l&rsquo;humour d\u00e9cal\u00e9. Un bon voire tr\u00e8s bon moment de lecture loufoque avec cette histoire estivale qui rappelle avec humour les dangers de l\u2019exposition au soleil et l\u2019importance de s\u2019en prot\u00e9ger (merci Mixo!) tout en faisant la part \u00e0 l&rsquo;imagination enfantine! <\/em><\/p>\n<p style=\"text-align: justify;\"><em>D&rsquo;ailleurs, nous avons d&rsquo;ores et d\u00e9j\u00e0 pr\u00e9vu de relire pour Halloween deux autres tomes: <span style=\"text-decoration: underline;\">Les Quiquoi et la v\u00e9ritable histoire d\u2019Halloween (\u00e0 peu pr\u00e8s)<\/span>\u00a0 et <span style=\"text-decoration: underline;\">Les Quiquoi et l&rsquo;\u00e9trange sorci\u00e8re tomb\u00e9e du ciel<\/span>.<\/em><\/p>\n<p style=\"text-align: justify;\"><em>Juste un tout petit b\u00e9mol: dommage que parfois le vocabulaire ne soit pas adapt\u00e9 pour les plus jeunes lecteurs. Quand mon mini sorcier \u00e9tait plus jeune et qu&rsquo;il ne pouvait pas le lire tout seul, je changeais par exemple \u00ab engueuler \u00bb en \u00ab gronder \u00bb.<\/em><\/p>\n<div style=\"width: 116px\" class=\"wp-caption aligncenter\"><img loading=\"lazy\" decoding=\"async\" src=\"https:\/\/lh3.googleusercontent.com\/pw\/AL9nZEWED5sOowfaAIivQoSsFwl6hy51lsnek_4EIHIPI8waW2MHjhj6cf1EWilIUD7SnvlDRky5UrFLm6lgTjQT1BDXKA7teG_K1CBqytzzkXj-pFGsHXBy_zmGvKTiD_gxxb6BAz3Fn3Q7E1EJdf1tGnU3MQ=w285-h217-no?authuser=0\" alt=\"\" width=\"106\" height=\"81\" \/><p class=\"wp-caption-text\">Challenge Petit Bac d\u2019<a href=\"https:\/\/ennalit.wordpress.com\/2022\/12\/01\/challenge-petit-bac-2023-qui-veut-jouer\/\" data-rich-text-format-boundary=\"true\">Enna<\/a> #3 Cat\u00e9gorie Maladie\/Mort: \u00ab Coup de soleil \u00bb<\/p><\/div>\n","protected":false},"excerpt":{"rendered":"<p>Nous avons relu, encore cet \u00e9t\u00e9, le tome 4 des Quiquoi, Les Quiquoi et l\u2019\u00e9trange attaque du coup de soleil g\u00e9ant de Laurent Rivelaygue et Olivier Tallec (\u00e9d. Actes Sud Junior, 2017), une BD jeunesse \u00e0 partir de 6 ans, au format \u00e0 l\u2019italienne et proche d\u2019un album illustr\u00e9. Olive a dessin\u00e9 un \u00e9norme soleil. [&hellip;]<\/p>\n","protected":false},"author":1,"featured_media":25058,"comment_status":"open","ping_status":"open","sticky":false,"template":"","format":"standard","meta":{"jetpack_post_was_ever_published":false,"_jetpack_newsletter_access":"","_jetpack_dont_email_post_to_subs":false,"_jetpack_newsletter_tier_id":0,"_jetpack_memberships_contains_paywalled_content":false,"_jetpack_memberships_contains_paid_content":false,"footnotes":""},"categories":[363],"tags":[788,386,601,596,1226,3817,1575,3519,3816,3815,868,390,611,538,453,3124,367,1020,3504,770,1714,708],"class_list":["post-31864","post","type-post","status-publish","format-standard","has-post-thumbnail","hentry","category-mini-lecteur","tag-6-9-ans","tag-amitie","tag-aventure","tag-bandes-dessinees","tag-bd-jeunesse","tag-cactus","tag-chaleur","tag-challenge-petit-bac-2023","tag-coup-de-soleil","tag-creme-solaire","tag-enfance","tag-entraide","tag-ete","tag-humour","tag-imagination","tag-laurent-rivelaygue","tag-lecture-jeunesse","tag-lectures-dete","tag-les-quiquoi","tag-monstre","tag-olivier-tallec","tag-soleil","post-preview"],"jetpack_featured_media_url":"https:\/\/i0.wp.com\/www.jojoenherbe.com\/wp-content\/uploads\/2022\/04\/Les-Quiquoi-BD-scaled.jpg?fit=2560%2C1556","jetpack_sharing_enabled":true,"jetpack_shortlink":"https:\/\/wp.me\/p9zhGx-8hW","jetpack_likes_enabled":true,"jetpack-related-posts":[{"id":33983,"url":"http:\/\/www.jojoenherbe.com\/index.php\/2024\/01\/04\/pause-cine-la-serie-jeunesse-les-quiquoi\/","url_meta":{"origin":31864,"position":0},"title":"Pause cin\u00e9: la s\u00e9rie jeunesse Les Quiquoi","author":"Jojo","date":"4 janvier 2024","format":false,"excerpt":"Pendant les vacances de No\u00ebl, nous avons regard\u00e9 l'adaptation audiovisuelle des Quiquoi avec la premi\u00e8re saison (26 \u00e9pisodes de 7 min) r\u00e9alis\u00e9e en 2D par Eug\u00e8ne Boitsov et coproduite par Silex Films et Doncvoil\u00e0 productions, d'apr\u00e8s la BD jeunesse de Laurent Rivelaygue et Olivier Tallec (\u00e9d. Actes Sud Junior) pour\u2026","rel":"","context":"Dans &quot;Mini cin\u00e9phile&quot;","block_context":{"text":"Mini cin\u00e9phile","link":"http:\/\/www.jojoenherbe.com\/index.php\/category\/mini-cinephile\/"},"img":{"alt_text":"","src":"https:\/\/i0.wp.com\/www.jojoenherbe.com\/wp-content\/uploads\/2024\/01\/Les-quiquoi-serie-jeunesse.png?fit=1200%2C675&resize=350%2C200","width":350,"height":200,"srcset":"https:\/\/i0.wp.com\/www.jojoenherbe.com\/wp-content\/uploads\/2024\/01\/Les-quiquoi-serie-jeunesse.png?fit=1200%2C675&resize=350%2C200 1x, https:\/\/i0.wp.com\/www.jojoenherbe.com\/wp-content\/uploads\/2024\/01\/Les-quiquoi-serie-jeunesse.png?fit=1200%2C675&resize=525%2C300 1.5x, https:\/\/i0.wp.com\/www.jojoenherbe.com\/wp-content\/uploads\/2024\/01\/Les-quiquoi-serie-jeunesse.png?fit=1200%2C675&resize=700%2C400 2x, https:\/\/i0.wp.com\/www.jojoenherbe.com\/wp-content\/uploads\/2024\/01\/Les-quiquoi-serie-jeunesse.png?fit=1200%2C675&resize=1050%2C600 3x"},"classes":[]},{"id":39257,"url":"http:\/\/www.jojoenherbe.com\/index.php\/2025\/05\/01\/throwback-thursday-livresque-un-livre-dont-le-titre-comporte-le-mot-soleil\/","url_meta":{"origin":31864,"position":1},"title":"Throwback Thursday Livresque: Un livre dont le titre comporte le mot \u00ab\u00a0soleil\u00a0\u00bb","author":"Jojo","date":"1 mai 2025","format":false,"excerpt":"Ce jeudi1er mai 2025, je participe au Throwback Thursday Livresque, un rendez-vous livresque initialement chez Bettie Rose Books et repris depuis par Carole, les liens \u00e9tant \u00e0 d\u00e9poser chez My-Bo0ks. Le principe est de partager chaque jeudi un livre en fonction d\u2019un th\u00e8me donn\u00e9. Cette semaine, le th\u00e8me est \u00ab\u2026","rel":"","context":"Dans &quot;Mini blogueur&quot;","block_context":{"text":"Mini blogueur","link":"http:\/\/www.jojoenherbe.com\/index.php\/category\/mini-blogueur\/"},"img":{"alt_text":"","src":"https:\/\/i0.wp.com\/www.jojoenherbe.com\/wp-content\/uploads\/2023\/10\/TTL-logo.jpg?resize=350%2C200","width":350,"height":200},"classes":[]},{"id":28715,"url":"http:\/\/www.jojoenherbe.com\/index.php\/2023\/09\/27\/au-fil-des-pages-avec-le-tome-8-des-quiquoi\/","url_meta":{"origin":31864,"position":2},"title":"Au fil des pages avec le tome 8 des Quiquoi","author":"Jojo","date":"27 septembre 2023","format":false,"excerpt":"Nous lisons et relisons encore cette ann\u00e9e le tome 8 des Quiquoi, Les Quiquoi et la v\u00e9ritable histoire d\u2019Halloween (\u00e0 peu pr\u00e8s) de Laurent Rivelaygue et Olivier Tallec (\u00e9d. Actes Sud Junior, 2022, 32 pages), une BD jeunesse au format \u00e0 l\u2019italienne et \u00e0 partir de 6 ans. En ce\u2026","rel":"","context":"Dans &quot;Mini lecteur&quot;","block_context":{"text":"Mini lecteur","link":"http:\/\/www.jojoenherbe.com\/index.php\/category\/mini-lecteur\/"},"img":{"alt_text":"","src":"https:\/\/i0.wp.com\/www.jojoenherbe.com\/wp-content\/uploads\/2023\/09\/Les-Quiquoi-T8-scaled.jpg?fit=1200%2C792&resize=350%2C200","width":350,"height":200,"srcset":"https:\/\/i0.wp.com\/www.jojoenherbe.com\/wp-content\/uploads\/2023\/09\/Les-Quiquoi-T8-scaled.jpg?fit=1200%2C792&resize=350%2C200 1x, https:\/\/i0.wp.com\/www.jojoenherbe.com\/wp-content\/uploads\/2023\/09\/Les-Quiquoi-T8-scaled.jpg?fit=1200%2C792&resize=525%2C300 1.5x, https:\/\/i0.wp.com\/www.jojoenherbe.com\/wp-content\/uploads\/2023\/09\/Les-Quiquoi-T8-scaled.jpg?fit=1200%2C792&resize=700%2C400 2x, https:\/\/i0.wp.com\/www.jojoenherbe.com\/wp-content\/uploads\/2023\/09\/Les-Quiquoi-T8-scaled.jpg?fit=1200%2C792&resize=1050%2C600 3x"},"classes":[]},{"id":24833,"url":"http:\/\/www.jojoenherbe.com\/index.php\/2022\/04\/20\/point-lecture-hebdomadaire-37\/","url_meta":{"origin":31864,"position":3},"title":"Point lecture hebdomadaire #37","author":"Jojo","date":"20 avril 2022","format":false,"excerpt":"En ce (presque) d\u00e9but de semaine, voici notre point lecture hebdomadaire avec un retour sur nos lectures de la semaine derni\u00e8re (mais pas nos relectures) et ma lecture en cours. Nos lectures du\u00a0 11 au 17 avril 2022: Des lectures jeunesse: (Album jeunesse) Interdit aux \u00e9l\u00e9phants de Lisa Mantchev et\u2026","rel":"","context":"Dans &quot;Mini blogueur&quot;","block_context":{"text":"Mini blogueur","link":"http:\/\/www.jojoenherbe.com\/index.php\/category\/mini-blogueur\/"},"img":{"alt_text":"","src":"https:\/\/i0.wp.com\/www.jojoenherbe.com\/wp-content\/uploads\/2022\/04\/Point-lecture-hebdo-37-scaled.jpg?fit=1200%2C900&resize=350%2C200","width":350,"height":200,"srcset":"https:\/\/i0.wp.com\/www.jojoenherbe.com\/wp-content\/uploads\/2022\/04\/Point-lecture-hebdo-37-scaled.jpg?fit=1200%2C900&resize=350%2C200 1x, https:\/\/i0.wp.com\/www.jojoenherbe.com\/wp-content\/uploads\/2022\/04\/Point-lecture-hebdo-37-scaled.jpg?fit=1200%2C900&resize=525%2C300 1.5x, https:\/\/i0.wp.com\/www.jojoenherbe.com\/wp-content\/uploads\/2022\/04\/Point-lecture-hebdo-37-scaled.jpg?fit=1200%2C900&resize=700%2C400 2x, https:\/\/i0.wp.com\/www.jojoenherbe.com\/wp-content\/uploads\/2022\/04\/Point-lecture-hebdo-37-scaled.jpg?fit=1200%2C900&resize=1050%2C600 3x"},"classes":[]},{"id":41071,"url":"http:\/\/www.jojoenherbe.com\/index.php\/2025\/10\/30\/throwback-thursday-livresque-livre-dont-au-moins-une-scene-se-deroule-a-halloween\/","url_meta":{"origin":31864,"position":4},"title":"Throwback Thursday Livresque: Livre dont (au moins) une sc\u00e8ne se d\u00e9roule \u00e0 Halloween","author":"Jojo","date":"30 octobre 2025","format":false,"excerpt":"Ce jeudi 30 octobre 2025, je participe au Throwback Thursday Livresque, un rendez-vous livresque initialement chez Bettie Rose Books et repris depuis par Carole, les liens \u00e9tant \u00e0 d\u00e9poser chez My-Bo0ks. Le principe est de partager chaque jeudi un livre \"ancien\" de notre biblioth\u00e8que en fonction d\u2019un th\u00e8me donn\u00e9. Cette\u2026","rel":"","context":"Dans &quot;Mini blogueur&quot;","block_context":{"text":"Mini blogueur","link":"http:\/\/www.jojoenherbe.com\/index.php\/category\/mini-blogueur\/"},"img":{"alt_text":"","src":"https:\/\/i0.wp.com\/www.jojoenherbe.com\/wp-content\/uploads\/2023\/10\/TTL-logo.jpg?resize=350%2C200","width":350,"height":200},"classes":[]},{"id":25117,"url":"http:\/\/www.jojoenherbe.com\/index.php\/2022\/05\/05\/point-lecture-hebdomadaire-39\/","url_meta":{"origin":31864,"position":5},"title":"Point lecture hebdomadaire #39","author":"Jojo","date":"5 mai 2022","format":false,"excerpt":"En cette fin de semaine, voici notre point lecture hebdomadaire avec un retour sur nos lectures de la semaine derni\u00e8re (mais pas nos relectures) et ma lecture en cours. Nos lectures du\u00a0 25 avril au 1er mai 2022: Des lectures jeunesse: (Album jeunesse) L'Arbre de Sobo de Marie Sellier et\u2026","rel":"","context":"Dans &quot;Mini blogueur&quot;","block_context":{"text":"Mini blogueur","link":"http:\/\/www.jojoenherbe.com\/index.php\/category\/mini-blogueur\/"},"img":{"alt_text":"","src":"https:\/\/i0.wp.com\/www.jojoenherbe.com\/wp-content\/uploads\/2022\/05\/Point-lecture-hebdo-39-scaled.jpg?fit=1200%2C900&resize=350%2C200","width":350,"height":200,"srcset":"https:\/\/i0.wp.com\/www.jojoenherbe.com\/wp-content\/uploads\/2022\/05\/Point-lecture-hebdo-39-scaled.jpg?fit=1200%2C900&resize=350%2C200 1x, https:\/\/i0.wp.com\/www.jojoenherbe.com\/wp-content\/uploads\/2022\/05\/Point-lecture-hebdo-39-scaled.jpg?fit=1200%2C900&resize=525%2C300 1.5x, https:\/\/i0.wp.com\/www.jojoenherbe.com\/wp-content\/uploads\/2022\/05\/Point-lecture-hebdo-39-scaled.jpg?fit=1200%2C900&resize=700%2C400 2x, https:\/\/i0.wp.com\/www.jojoenherbe.com\/wp-content\/uploads\/2022\/05\/Point-lecture-hebdo-39-scaled.jpg?fit=1200%2C900&resize=1050%2C600 3x"},"classes":[]}],"_links":{"self":[{"href":"http:\/\/www.jojoenherbe.com\/index.php\/wp-json\/wp\/v2\/posts\/31864","targetHints":{"allow":["GET"]}}],"collection":[{"href":"http:\/\/www.jojoenherbe.com\/index.php\/wp-json\/wp\/v2\/posts"}],"about":[{"href":"http:\/\/www.jojoenherbe.com\/index.php\/wp-json\/wp\/v2\/types\/post"}],"author":[{"embeddable":true,"href":"http:\/\/www.jojoenherbe.com\/index.php\/wp-json\/wp\/v2\/users\/1"}],"replies":[{"embeddable":true,"href":"http:\/\/www.jojoenherbe.com\/index.php\/wp-json\/wp\/v2\/comments?post=31864"}],"version-history":[{"count":10,"href":"http:\/\/www.jojoenherbe.com\/index.php\/wp-json\/wp\/v2\/posts\/31864\/revisions"}],"predecessor-version":[{"id":31912,"href":"http:\/\/www.jojoenherbe.com\/index.php\/wp-json\/wp\/v2\/posts\/31864\/revisions\/31912"}],"wp:featuredmedia":[{"embeddable":true,"href":"http:\/\/www.jojoenherbe.com\/index.php\/wp-json\/wp\/v2\/media\/25058"}],"wp:attachment":[{"href":"http:\/\/www.jojoenherbe.com\/index.php\/wp-json\/wp\/v2\/media?parent=31864"}],"wp:term":[{"taxonomy":"category","embeddable":true,"href":"http:\/\/www.jojoenherbe.com\/index.php\/wp-json\/wp\/v2\/categories?post=31864"},{"taxonomy":"post_tag","embeddable":true,"href":"http:\/\/www.jojoenherbe.com\/index.php\/wp-json\/wp\/v2\/tags?post=31864"}],"curies":[{"name":"wp","href":"https:\/\/api.w.org\/{rel}","templated":true}]}}