{"id":31830,"date":"2023-09-11T16:23:01","date_gmt":"2023-09-11T14:23:01","guid":{"rendered":"http:\/\/www.jojoenherbe.com\/?p=31830"},"modified":"2023-09-12T14:27:30","modified_gmt":"2023-09-12T12:27:30","slug":"point-lecture-hebdomadaire-2023-36","status":"publish","type":"post","link":"http:\/\/www.jojoenherbe.com\/index.php\/2023\/09\/11\/point-lecture-hebdomadaire-2023-36\/","title":{"rendered":"Point lecture hebdomadaire 2023 #36"},"content":{"rendered":"<p style=\"text-align: justify;\"><em>En ce d\u00e9but de semaine, voici notre point lecture hebdomadaire avec un retour sur nos lectures de la semaine derni\u00e8re (mais pas nos relectures).<\/em><\/p>\n<p><span style=\"text-decoration: underline;\"><strong>Nos lectures du 4 au 10 septembre 2023<\/strong><\/span><strong>:<\/strong><\/p>\n<p><em><span style=\"text-decoration: underline;\">Des lectures jeunesse<\/span>:<\/em><\/p>\n<p style=\"text-align: justify;\"><em>Cette semaine, mon mini sorcier a encore voulu relire, pour les histoires du soir, des <span style=\"text-decoration: underline;\">Ana Ana<\/span>, le <a href=\"https:\/\/www.jojoenherbe.com\/index.php\/2023\/03\/04\/au-fil-des-pages-avec-le-tome-2-des-chiens-pirates\/\">tome 2<\/a> des <span style=\"text-decoration: underline;\">Chiens Pirates<\/span> ainsi que <span style=\"text-decoration: underline;\">Les Quiquoi et l\u2019\u00e9trange attaque du coup de soleil g\u00e9ant<\/span>. Mais nous avons aussi \u00ab\u00a0pioch\u00e9\u00a0\u00bb dans nos derniers achats livresques.<\/em><\/p>\n<p><em>(Albums jeunesse) <span style=\"text-decoration: underline;\"><strong>Les Chatvaliers, \u00c0 la recherche du Grrrall!<\/strong><\/span> et <span style=\"text-decoration: underline;\"><strong>Les Chatvaliers contre les Ratons baveurs!<\/strong><\/span> de Charles Falque-Pierrotin et Oriana Berthomieu <strong>(T1&amp;2)<\/strong><\/em><\/p>\n<p style=\"text-align: justify;\"><em><a href=\"https:\/\/i0.wp.com\/www.jojoenherbe.com\/wp-content\/uploads\/2023\/09\/Les-Chatvaliers-T1T2-scaled.jpg\"><img data-recalc-dims=\"1\" loading=\"lazy\" decoding=\"async\" data-attachment-id=\"31820\" data-permalink=\"http:\/\/www.jojoenherbe.com\/index.php\/2023\/09\/07\/pause-lecture-les-chatvaliers\/les-chatvaliers-t1t2\/\" data-orig-file=\"https:\/\/i0.wp.com\/www.jojoenherbe.com\/wp-content\/uploads\/2023\/09\/Les-Chatvaliers-T1T2-scaled.jpg?fit=2560%2C1818\" data-orig-size=\"2560,1818\" data-comments-opened=\"1\" data-image-meta=\"{&quot;aperture&quot;:&quot;1.8&quot;,&quot;credit&quot;:&quot;&quot;,&quot;camera&quot;:&quot;iPhone 7&quot;,&quot;caption&quot;:&quot;&quot;,&quot;created_timestamp&quot;:&quot;1694101336&quot;,&quot;copyright&quot;:&quot;&quot;,&quot;focal_length&quot;:&quot;3.99&quot;,&quot;iso&quot;:&quot;64&quot;,&quot;shutter_speed&quot;:&quot;0.058823529411765&quot;,&quot;title&quot;:&quot;&quot;,&quot;orientation&quot;:&quot;1&quot;}\" data-image-title=\"Les Chatvaliers T1&amp;#038;T2\" data-image-description=\"\" data-image-caption=\"\" data-large-file=\"https:\/\/i0.wp.com\/www.jojoenherbe.com\/wp-content\/uploads\/2023\/09\/Les-Chatvaliers-T1T2-scaled.jpg?fit=676%2C480\" class=\"alignleft size-thumbnail wp-image-31820\" src=\"https:\/\/i0.wp.com\/www.jojoenherbe.com\/wp-content\/uploads\/2023\/09\/Les-Chatvaliers-T1T2.jpg?resize=150%2C150\" alt=\"\" width=\"150\" height=\"150\" srcset=\"https:\/\/i0.wp.com\/www.jojoenherbe.com\/wp-content\/uploads\/2023\/09\/Les-Chatvaliers-T1T2-scaled.jpg?resize=150%2C150 150w, https:\/\/i0.wp.com\/www.jojoenherbe.com\/wp-content\/uploads\/2023\/09\/Les-Chatvaliers-T1T2-scaled.jpg?zoom=2&amp;resize=150%2C150 300w, https:\/\/i0.wp.com\/www.jojoenherbe.com\/wp-content\/uploads\/2023\/09\/Les-Chatvaliers-T1T2-scaled.jpg?zoom=3&amp;resize=150%2C150 450w\" sizes=\"auto, (max-width: 150px) 100vw, 150px\" \/><\/a>Nous avons lu les <a href=\"https:\/\/www.jojoenherbe.com\/index.php\/2023\/09\/07\/pause-lecture-les-chatvaliers\/\">deux tomes<\/a> des Chatvaliers de Charles Falque-Pierrotin et Oriana Berthomieu: <span style=\"text-decoration: underline;\">\u00c0 la recherche du Grrrall!<\/span> (\u00e9d. Gr\u00fcnd, 2022, 40 pages) et <span style=\"text-decoration: underline;\">Les Chatvaliers contre les Ratons baveurs!<\/span> (\u00e9d. Gr\u00fcnd, 2023, 40 pages), des albums jeunesse \u00e0 partir de 4 ans selon l\u2019\u00e9diteur. <\/em><em>Outre les r\u00e9f\u00e9rences au Roi Arthur, Excalibur et les chevaliers de la Table Ronde, il y a de nombreux jeux de mots, des r\u00e9f\u00e9rences \u00e0 la pop culture, \u00e0 l\u2019Art ou bien encore \u00e0 la mythologie grecque\u2026 <\/em><em>Les illustrations color\u00e9es sont pleines de pep\u2019s et les personnages tr\u00e8s expressifs, participant au rythme des histoires. Une bien chouette mani\u00e8re de revisiter les l\u00e9gendes arthuriennes avec des chats comme personnages principaux!<\/em><\/p>\n<p><em><span style=\"text-decoration: underline;\">Des lectures adulte<\/span>:<\/em><\/p>\n<ul>\n<li style=\"text-align: justify;\"><em>(Global manga\/Roman graphique) <strong><span style=\"text-decoration: underline;\">Sans forme<\/span> <\/strong>et<span style=\"text-decoration: underline;\"><strong> Sans honte, Une aventure d\u2019Alexia Tarabotti<\/strong><\/span> de Gail Carriger et REM\u00a0 <strong>(T2&amp;3)<\/strong><\/em><\/li>\n<\/ul>\n<p style=\"text-align: justify;\"><em><a href=\"https:\/\/i0.wp.com\/www.jojoenherbe.com\/wp-content\/uploads\/2023\/09\/Sans-forme-T2Sans-honte-T3-scaled.jpg\"><img data-recalc-dims=\"1\" loading=\"lazy\" decoding=\"async\" data-attachment-id=\"31862\" data-permalink=\"http:\/\/www.jojoenherbe.com\/index.php\/2023\/09\/11\/point-lecture-hebdomadaire-2023-36\/sans-forme-t2sans-honte-t3\/\" data-orig-file=\"https:\/\/i0.wp.com\/www.jojoenherbe.com\/wp-content\/uploads\/2023\/09\/Sans-forme-T2Sans-honte-T3-scaled.jpg?fit=2560%2C2068\" data-orig-size=\"2560,2068\" data-comments-opened=\"1\" data-image-meta=\"{&quot;aperture&quot;:&quot;1.8&quot;,&quot;credit&quot;:&quot;&quot;,&quot;camera&quot;:&quot;iPhone 7&quot;,&quot;caption&quot;:&quot;&quot;,&quot;created_timestamp&quot;:&quot;1694108110&quot;,&quot;copyright&quot;:&quot;&quot;,&quot;focal_length&quot;:&quot;3.99&quot;,&quot;iso&quot;:&quot;100&quot;,&quot;shutter_speed&quot;:&quot;0.14285714285714&quot;,&quot;title&quot;:&quot;&quot;,&quot;orientation&quot;:&quot;1&quot;}\" data-image-title=\"Sans forme T2&amp;#038;Sans honte T3\" data-image-description=\"\" data-image-caption=\"\" data-large-file=\"https:\/\/i0.wp.com\/www.jojoenherbe.com\/wp-content\/uploads\/2023\/09\/Sans-forme-T2Sans-honte-T3-scaled.jpg?fit=676%2C546\" class=\"size-thumbnail wp-image-31862 alignright\" src=\"https:\/\/i0.wp.com\/www.jojoenherbe.com\/wp-content\/uploads\/2023\/09\/Sans-forme-T2Sans-honte-T3.jpg?resize=150%2C150\" alt=\"\" width=\"150\" height=\"150\" srcset=\"https:\/\/i0.wp.com\/www.jojoenherbe.com\/wp-content\/uploads\/2023\/09\/Sans-forme-T2Sans-honte-T3-scaled.jpg?resize=150%2C150 150w, https:\/\/i0.wp.com\/www.jojoenherbe.com\/wp-content\/uploads\/2023\/09\/Sans-forme-T2Sans-honte-T3-scaled.jpg?zoom=2&amp;resize=150%2C150 300w, https:\/\/i0.wp.com\/www.jojoenherbe.com\/wp-content\/uploads\/2023\/09\/Sans-forme-T2Sans-honte-T3-scaled.jpg?zoom=3&amp;resize=150%2C150 450w\" sizes=\"auto, (max-width: 150px) 100vw, 150px\" \/><\/a>J&rsquo;ai lu les deux autres tomes adaptant en mangas les 2e et 3e romans \u00e9ponymes du <span style=\"text-decoration: underline;\">Protectorat de l\u2019ombrelle<\/span>. J\u2019ai ainsi lu le tome 2, <span style=\"text-decoration: underline;\">Sans forme, Une aventure d\u2019Alexia Tarabotti<\/span> de Gail Carriger et REM (\u00e9d. 2014, Pika, coll. Black Moon Graphics, 233 pages) puis le tome 3, <span style=\"text-decoration: underline;\">Sans honte<\/span> (\u00e9d. 2014, Pika, coll. Black Moon Graphics, 207 pages), une romantasy steampunk \u00e0 partir de 14 ans selon l\u2019\u00e9diteur mais que je conseillerai plut\u00f4t pour des lecteurs plus \u00e2g\u00e9s. Je ne les avais pas lu en romans car seul le tome 2 est disponible en e-book et j&rsquo;avais lu qu&rsquo;il se finissait en cliffhanger n\u00e9cessitant de pouvoir encha\u00eener avec le tome 3. Je pense que l&rsquo;adaptation est fid\u00e8le aux romans, comme l&rsquo;\u00e9tait d\u00e9j\u00e0 le tome 1. L&rsquo;action se focalise sur Alexia Tarabotti, jeune mari\u00e9e qui doit d\u00e9fendre sur tous les fronts, que ce soit vis-\u00e0-vis de sa nature de Paranaturelle (une \u00e9pid\u00e9mie rendant loups-garous et vampires humains, en particulier dans la meute \u00e9cossaise de Conall),\u00a0 son statut de Muhjah au sein du Cabinet Fant\u00f4me de la Reine Victoria ou bien encore vis-\u00e0-vis de son mariage (partant allant en Italie, chez les Templiers lorsqu&rsquo;elle apprend qu&rsquo;elle est enceinte). Un bon moment de lecture m\u00eame si j&rsquo;aurai pr\u00e9f\u00e9r\u00e9 que Lord Conall Maccon soit plus pr\u00e9sent!<br \/><\/em><\/p>\n<ul>\n<li style=\"text-align: justify;\"><em>(Romantasy) <strong><span style=\"text-decoration: underline;\">Les Joyaux d&rsquo;Ombre et de Lumi\u00e8re, D&rsquo;ambre et d&rsquo;obsidienne<\/span><\/strong> d&rsquo;E.J. Jann <strong>(T1)<\/strong><\/em><\/li>\n<\/ul>\n<p style=\"text-align: justify;\"><em><a href=\"https:\/\/i0.wp.com\/www.jojoenherbe.com\/wp-content\/uploads\/2023\/09\/Dambre-dobsidienne-T1.jpg\"><img data-recalc-dims=\"1\" loading=\"lazy\" decoding=\"async\" data-attachment-id=\"31874\" data-permalink=\"http:\/\/www.jojoenherbe.com\/index.php\/2023\/09\/11\/point-lecture-hebdomadaire-2023-36\/dambre-dobsidienne-t1\/\" data-orig-file=\"https:\/\/i0.wp.com\/www.jojoenherbe.com\/wp-content\/uploads\/2023\/09\/Dambre-dobsidienne-T1.jpg?fit=750%2C1334\" data-orig-size=\"750,1334\" data-comments-opened=\"1\" data-image-meta=\"{&quot;aperture&quot;:&quot;0&quot;,&quot;credit&quot;:&quot;&quot;,&quot;camera&quot;:&quot;&quot;,&quot;caption&quot;:&quot;&quot;,&quot;created_timestamp&quot;:&quot;0&quot;,&quot;copyright&quot;:&quot;&quot;,&quot;focal_length&quot;:&quot;0&quot;,&quot;iso&quot;:&quot;0&quot;,&quot;shutter_speed&quot;:&quot;0&quot;,&quot;title&quot;:&quot;&quot;,&quot;orientation&quot;:&quot;0&quot;}\" data-image-title=\"D&amp;rsquo;ambre &amp;#038; d&amp;rsquo;obsidienne T1\" data-image-description=\"\" data-image-caption=\"\" data-large-file=\"https:\/\/i0.wp.com\/www.jojoenherbe.com\/wp-content\/uploads\/2023\/09\/Dambre-dobsidienne-T1.jpg?fit=576%2C1024\" class=\"alignleft size-thumbnail wp-image-31874\" src=\"https:\/\/i0.wp.com\/www.jojoenherbe.com\/wp-content\/uploads\/2023\/09\/Dambre-dobsidienne-T1.jpg?resize=150%2C150\" alt=\"\" width=\"150\" height=\"150\" srcset=\"https:\/\/i0.wp.com\/www.jojoenherbe.com\/wp-content\/uploads\/2023\/09\/Dambre-dobsidienne-T1.jpg?resize=150%2C150 150w, https:\/\/i0.wp.com\/www.jojoenherbe.com\/wp-content\/uploads\/2023\/09\/Dambre-dobsidienne-T1.jpg?zoom=2&amp;resize=150%2C150 300w, https:\/\/i0.wp.com\/www.jojoenherbe.com\/wp-content\/uploads\/2023\/09\/Dambre-dobsidienne-T1.jpg?zoom=3&amp;resize=150%2C150 450w\" sizes=\"auto, (max-width: 150px) 100vw, 150px\" \/><\/a>J&rsquo;ai lu, en e-book, le tome 1 de la trilogie <span style=\"text-decoration: underline;\">Les Joyaux d&rsquo;Ombre et de Lumi\u00e8re, D&rsquo;ambre et d&rsquo;obsidienne<\/span> d&rsquo;E.J. Jann (\u00e9d. Auto\u00e9dition, ao\u00fbt 2023, 627 pages), une romantasy d\u00e9crite comme une dark romance par l&rsquo;autrice et que je qualifierai plut\u00f4t de sombre. L&rsquo;histoire se d\u00e9roule dans un monde divis\u00e9 en 4 royaumes &#8211; Nautil\u00e9a, Crystalia, C\u00e9r\u00e9sen et s\u00e9par\u00e9s des 3 premiers, Abadonne &#8211; et o\u00f9 la magie existe. Malgr\u00e9 l\u2019\u00c9veil qui conf\u00e8re \u00e0 chaque si\u00e8cle le pouvoir \u00e0 l&rsquo;un des royaumes, la paix reste pr\u00e9caire et les jalousies et animosit\u00e9s perdurent entre les royaumes, surtout de la part du couple royal d&rsquo;Abadonne. C&rsquo;est ainsi que le Servus Mortis &#8211; Kalhan accepte le contrat de tuer Neysa, la princesse h\u00e9riti\u00e8re de Crystalia \u00e2g\u00e9e de 23 ans. Mais au dernier mot, il y renonce. <\/em><em>Apr\u00e8s avoir conclu tous les deux un pacte d&rsquo;\u00e2mes, ils se retrouvent li\u00e9s malgr\u00e9 eux et entendent bien mener chacun leur propre vengeance, en particulier Neysa \u00e0 l&rsquo;\u00e9gard des souverains d&rsquo;Abadonne. Nous sommes dans un sch\u00e9ma classique de slow burn ennemies to lovers, un trope que j&rsquo;appr\u00e9cie, avec une intrigue qui se lit vite mais dont j&rsquo;avais rep\u00e9r\u00e9 le principal plot twist final et avec un duo Neysa\/Kahlan qui s&rsquo;attirent autant qu&rsquo;il se repoussent (et dont la premi\u00e8re rencontre 10 ans auparavant me semble de trop). Je continuerai de lire les tomes suivants.<\/em><\/p>\n<ul>\n<li style=\"text-align: justify;\"><em>(Roman historique) <strong><span style=\"text-decoration: underline;\">Une Sorci\u00e8re \u00e0 la Cour<\/span><\/strong> de Philippe Madral<\/em><\/li>\n<\/ul>\n<p style=\"text-align: justify;\"><em><a href=\"https:\/\/i0.wp.com\/www.jojoenherbe.com\/wp-content\/uploads\/2023\/09\/Une-Sorciere-a-la-Cour.jpg\"><img data-recalc-dims=\"1\" loading=\"lazy\" decoding=\"async\" data-attachment-id=\"31861\" data-permalink=\"http:\/\/www.jojoenherbe.com\/index.php\/2023\/09\/11\/point-lecture-hebdomadaire-2023-36\/une-sorciere-a-la-cour\/\" data-orig-file=\"https:\/\/i0.wp.com\/www.jojoenherbe.com\/wp-content\/uploads\/2023\/09\/Une-Sorciere-a-la-Cour.jpg?fit=750%2C1334\" data-orig-size=\"750,1334\" data-comments-opened=\"1\" data-image-meta=\"{&quot;aperture&quot;:&quot;0&quot;,&quot;credit&quot;:&quot;&quot;,&quot;camera&quot;:&quot;&quot;,&quot;caption&quot;:&quot;&quot;,&quot;created_timestamp&quot;:&quot;0&quot;,&quot;copyright&quot;:&quot;&quot;,&quot;focal_length&quot;:&quot;0&quot;,&quot;iso&quot;:&quot;0&quot;,&quot;shutter_speed&quot;:&quot;0&quot;,&quot;title&quot;:&quot;&quot;,&quot;orientation&quot;:&quot;0&quot;}\" data-image-title=\"Une Sorci\u00e8re \u00e0 la Cour\" data-image-description=\"\" data-image-caption=\"\" data-large-file=\"https:\/\/i0.wp.com\/www.jojoenherbe.com\/wp-content\/uploads\/2023\/09\/Une-Sorciere-a-la-Cour.jpg?fit=576%2C1024\" class=\"size-thumbnail wp-image-31861 alignright\" src=\"https:\/\/i0.wp.com\/www.jojoenherbe.com\/wp-content\/uploads\/2023\/09\/Une-Sorciere-a-la-Cour.jpg?resize=150%2C150\" alt=\"\" width=\"150\" height=\"150\" srcset=\"https:\/\/i0.wp.com\/www.jojoenherbe.com\/wp-content\/uploads\/2023\/09\/Une-Sorciere-a-la-Cour.jpg?resize=150%2C150 150w, https:\/\/i0.wp.com\/www.jojoenherbe.com\/wp-content\/uploads\/2023\/09\/Une-Sorciere-a-la-Cour.jpg?zoom=2&amp;resize=150%2C150 300w, https:\/\/i0.wp.com\/www.jojoenherbe.com\/wp-content\/uploads\/2023\/09\/Une-Sorciere-a-la-Cour.jpg?zoom=3&amp;resize=150%2C150 450w\" sizes=\"auto, (max-width: 150px) 100vw, 150px\" \/><\/a>J&rsquo;ai lu, pour une lecture commune avec <a href=\"https:\/\/ribambelledhistoires.over-blog.com\/\">Isabelle<\/a>, <span style=\"text-decoration: underline;\">Une Sorci\u00e8re \u00e0 la Cour<\/span> de Philippe Madral (\u00e9d. du Masque, 2019, r\u00e9\u00e9d. 2021, 500 pages), un roman historique relatant l&rsquo;Affaire des Poisons, sous le r\u00e8gne de Louis XIV, entre 1678 et 1682, sous le point de vue romanc\u00e9 des m\u00e9moires de La Reynie, lieutenant de police charg\u00e9 par Louis XIV d&rsquo;enqu\u00eater et de poursuivre devant la Chambre ardente les coupables, qu&rsquo;ils soient issus du peuple ou de la Noblesse. J&rsquo;en reparle tr\u00e8s vite lors du Challenge Halloween.<\/em><\/p>\n<ul>\n<li style=\"text-align: justify;\"><em>(BD adulte\/Roman graphique) <strong><span style=\"text-decoration: underline;\">Bleu \u00e0 la lumi\u00e8re du jour<\/span><\/strong> de Borja Gonzalez <\/em><\/li>\n<\/ul>\n<p style=\"text-align: justify;\"><em><a href=\"https:\/\/i0.wp.com\/www.jojoenherbe.com\/wp-content\/uploads\/2023\/09\/Bleu-a-la-lumiere-du-jour.jpg\"><img data-recalc-dims=\"1\" loading=\"lazy\" decoding=\"async\" data-attachment-id=\"31883\" data-permalink=\"http:\/\/www.jojoenherbe.com\/index.php\/2023\/09\/11\/point-lecture-hebdomadaire-2023-36\/bleu-a-la-lumiere-du-jour\/\" data-orig-file=\"https:\/\/i0.wp.com\/www.jojoenherbe.com\/wp-content\/uploads\/2023\/09\/Bleu-a-la-lumiere-du-jour.jpg?fit=750%2C1193\" data-orig-size=\"750,1193\" data-comments-opened=\"1\" data-image-meta=\"{&quot;aperture&quot;:&quot;0&quot;,&quot;credit&quot;:&quot;&quot;,&quot;camera&quot;:&quot;&quot;,&quot;caption&quot;:&quot;&quot;,&quot;created_timestamp&quot;:&quot;0&quot;,&quot;copyright&quot;:&quot;&quot;,&quot;focal_length&quot;:&quot;0&quot;,&quot;iso&quot;:&quot;0&quot;,&quot;shutter_speed&quot;:&quot;0&quot;,&quot;title&quot;:&quot;&quot;,&quot;orientation&quot;:&quot;0&quot;}\" data-image-title=\"Bleu \u00e0 la lumi\u00e8re du jour\" data-image-description=\"\" data-image-caption=\"\" data-large-file=\"https:\/\/i0.wp.com\/www.jojoenherbe.com\/wp-content\/uploads\/2023\/09\/Bleu-a-la-lumiere-du-jour.jpg?fit=644%2C1024\" class=\"alignleft size-thumbnail wp-image-31883\" src=\"https:\/\/i0.wp.com\/www.jojoenherbe.com\/wp-content\/uploads\/2023\/09\/Bleu-a-la-lumiere-du-jour.jpg?resize=150%2C150\" alt=\"\" width=\"150\" height=\"150\" srcset=\"https:\/\/i0.wp.com\/www.jojoenherbe.com\/wp-content\/uploads\/2023\/09\/Bleu-a-la-lumiere-du-jour.jpg?resize=150%2C150 150w, https:\/\/i0.wp.com\/www.jojoenherbe.com\/wp-content\/uploads\/2023\/09\/Bleu-a-la-lumiere-du-jour.jpg?zoom=2&amp;resize=150%2C150 300w, https:\/\/i0.wp.com\/www.jojoenherbe.com\/wp-content\/uploads\/2023\/09\/Bleu-a-la-lumiere-du-jour.jpg?zoom=3&amp;resize=150%2C150 450w\" sizes=\"auto, (max-width: 150px) 100vw, 150px\" \/><\/a>Pouvant consulter en ligne des BD\/romans graphiques gr\u00e2ce \u00e0 ma m\u00e9diath\u00e8que, j&rsquo;ai lu <span style=\"text-decoration: underline;\">Bleu \u00e0 la lumi\u00e8re du jour<\/span> de Borja Gonzalez (\u00e9d. Dargaud, coll. Hors Collection Dargaud, ao\u00fbt 2023, 184 pages), un roman graphique se d\u00e9roulant \u00e0 une \u00e9poque ind\u00e9termin\u00e9e ressemblant au Moyen-\u00c2ge, d\u00e9crit par la maison d&rsquo;\u00e9dition comme \u00ab\u00a0un conte noir, entrem\u00ealant r\u00e9cit d&rsquo;horreur et d\u00e9nonciation de l&rsquo;oppression f\u00e9minine et relev\u00e9 d&rsquo;une touche de fantastique\u00a0\u00bb et qui m&rsquo;avait intrigu\u00e9e \u00e0 sa parution.\u00a0 <\/em><\/p>\n<p style=\"text-align: justify;\"><em>Dans un ch\u00e2teau d\u00e9labr\u00e9 envahi par la Nature, les femmes et enfants attendent le retour des hommes de la chasse, non sans animosit\u00e9s et ranc\u0153urs familiales entre eux, en particulier \u00e0 l&rsquo;\u00e9gard de Mathilde dont la vie semble sur le point d&rsquo;\u00eatre sacrifi\u00e9e, malgr\u00e9 la pr\u00e9sence de sa s\u0153ur Teresa et le fait qu&rsquo;un myst\u00e9rieux oiseau bleu ait pris possession de son esprit. Que se passe-t-il donc au sein de ce ch\u00e2teau?<\/em><\/p>\n<p style=\"text-align: justify;\"><em>D\u00e9rout\u00e9e par ma lecture et apr\u00e8s avoir pris connaissance du postface de l&rsquo;auteur, j&rsquo;ai voulu en savoir plus et me suis aper\u00e7ue que c&rsquo;\u00e9tait son 3e roman graphique et qu&rsquo;il rentrait dans l&rsquo;univers des deux premiers, <span style=\"text-decoration: underline;\">The Black Holes<\/span> (janvier 2019, 128 pages) et <span style=\"text-decoration: underline;\">Nuit couleur larme<\/span> (mai 2021, 144 pages), le personnage de Teresa semblant r\u00e9current. \u00c9galement accessibles en ligne via ma m\u00e9diath\u00e8que, je les lirai la semaine prochaine en m\u00eame temps que celui-ci et en reparlerai tr\u00e8s certainement dans le cadre du Challenge Halloween.\u00a0<\/em><\/p>\n<p style=\"text-align: justify;\"><em>En effet, bien que parfois perdue dans l&rsquo;intrigue, j&rsquo;ai bien appr\u00e9ci\u00e9 les illustrations de Borja Gonzalez dont il se d\u00e9gage un certain onirisme, \u00e9sot\u00e9risme avec ces personnages sans visage ni mains et l&rsquo;ambiance oppressante et angoissante qui se referme, in\u00e9luctablement sur Mathilde, m\u00eame si j&rsquo;ai \u00e9t\u00e9 d\u00e9stabilis\u00e9e par le langage cru et vulgaire de certains protagonistes qui d\u00e9note avec le d\u00e9cor m\u00e9di\u00e9val.<\/em><\/p>\n<p><strong><span style=\"text-decoration: underline;\">Notre lecture en cours<\/span>:<\/strong><\/p>\n<p style=\"text-align: justify;\"><em>(Roman jeunesse) <strong><span style=\"text-decoration: underline;\">Les Lapins de la Couronne d&rsquo;Angleterre, Le complot<\/span><\/strong> de Santa &amp; Simon S. Montefiore et Kate Hindley <strong>(T1)<\/strong><\/em><\/p>\n<p style=\"text-align: justify;\"><em><a href=\"https:\/\/i0.wp.com\/www.jojoenherbe.com\/wp-content\/uploads\/2023\/09\/Les-Lapins-de-la-Couronne-dAngleterre-T1-scaled.jpg\"><img data-recalc-dims=\"1\" loading=\"lazy\" decoding=\"async\" data-attachment-id=\"31880\" data-permalink=\"http:\/\/www.jojoenherbe.com\/index.php\/2023\/09\/11\/point-lecture-hebdomadaire-2023-36\/les-lapins-de-la-couronne-dangleterre-t1-2\/\" data-orig-file=\"https:\/\/i0.wp.com\/www.jojoenherbe.com\/wp-content\/uploads\/2023\/09\/Les-Lapins-de-la-Couronne-dAngleterre-T1-scaled.jpg?fit=2560%2C1930\" data-orig-size=\"2560,1930\" data-comments-opened=\"1\" data-image-meta=\"{&quot;aperture&quot;:&quot;1.8&quot;,&quot;credit&quot;:&quot;&quot;,&quot;camera&quot;:&quot;iPhone 7&quot;,&quot;caption&quot;:&quot;&quot;,&quot;created_timestamp&quot;:&quot;1694438925&quot;,&quot;copyright&quot;:&quot;&quot;,&quot;focal_length&quot;:&quot;3.99&quot;,&quot;iso&quot;:&quot;100&quot;,&quot;shutter_speed&quot;:&quot;0.125&quot;,&quot;title&quot;:&quot;&quot;,&quot;orientation&quot;:&quot;1&quot;}\" data-image-title=\"Les Lapins de la Couronne d&amp;rsquo;Angleterre T1\" data-image-description=\"\" data-image-caption=\"\" data-large-file=\"https:\/\/i0.wp.com\/www.jojoenherbe.com\/wp-content\/uploads\/2023\/09\/Les-Lapins-de-la-Couronne-dAngleterre-T1-scaled.jpg?fit=676%2C510\" class=\"alignleft size-thumbnail wp-image-31880\" src=\"https:\/\/i0.wp.com\/www.jojoenherbe.com\/wp-content\/uploads\/2023\/09\/Les-Lapins-de-la-Couronne-dAngleterre-T1.jpg?resize=150%2C150\" alt=\"\" width=\"150\" height=\"150\" srcset=\"https:\/\/i0.wp.com\/www.jojoenherbe.com\/wp-content\/uploads\/2023\/09\/Les-Lapins-de-la-Couronne-dAngleterre-T1-scaled.jpg?resize=150%2C150 150w, https:\/\/i0.wp.com\/www.jojoenherbe.com\/wp-content\/uploads\/2023\/09\/Les-Lapins-de-la-Couronne-dAngleterre-T1-scaled.jpg?zoom=2&amp;resize=150%2C150 300w, https:\/\/i0.wp.com\/www.jojoenherbe.com\/wp-content\/uploads\/2023\/09\/Les-Lapins-de-la-Couronne-dAngleterre-T1-scaled.jpg?zoom=3&amp;resize=150%2C150 450w\" sizes=\"auto, (max-width: 150px) 100vw, 150px\" \/><\/a>Apr\u00e8s avoir lu avec mon mini sorcier <span style=\"text-decoration: underline;\">H\u00f4tel Heartwood<\/span> les ann\u00e9es pr\u00e9c\u00e9dentes et avec la rentr\u00e9e des classes, nous commen\u00e7ons une nouvelle s\u00e9rie livresque (4 tomes parus) que nous lirons surtout pendant nos trajets en tram, \u00e0 savoir le tome 1 des <span style=\"text-decoration: underline;\">Lapins de la Couronne d&rsquo;Angleterre, Le complot<\/span> de Santa &amp; Simon S. Montefiore et Kate Hindley (\u00e9d. Little Urban, 2020, 208 pages), un roman jeunesse pour les 9\/12 ans. Nous avons ainsi fait connaissance avec Timmy Poil-Fauve (1er chapitre lu).<\/em><\/p>\n\n\n<p><\/p>\n","protected":false},"excerpt":{"rendered":"<p>En ce d\u00e9but de semaine, voici notre point lecture hebdomadaire avec un retour sur nos lectures de la semaine derni\u00e8re (mais pas nos relectures). Nos lectures du 4 au 10 septembre 2023: Des lectures jeunesse: Cette semaine, mon mini sorcier a encore voulu relire, pour les histoires du soir, des Ana Ana, le tome 2 [&hellip;]<\/p>\n","protected":false},"author":1,"featured_media":31876,"comment_status":"open","ping_status":"open","sticky":false,"template":"","format":"standard","meta":{"jetpack_post_was_ever_published":false,"_jetpack_newsletter_access":"","_jetpack_dont_email_post_to_subs":false,"_jetpack_newsletter_tier_id":0,"_jetpack_memberships_contains_paywalled_content":false,"_jetpack_memberships_contains_paid_content":false,"footnotes":""},"categories":[2140,363],"tags":[409,2087,3814,3810,843,3593,3797,1955,2967,1085,367,3800,3811,942,3809,2767,3808,2088,1818,844,905,789,3570,3812,3813,1345],"class_list":["post-31830","post","type-post","status-publish","format-standard","has-post-thumbnail","hentry","category-mini-blogueur","category-mini-lecteur","tag-albums-jeunesse","tag-bd-adulte","tag-borja-gonzalez","tag-e-j-jann","tag-fantastique","tag-gail-carriger","tag-global-manga","tag-heroic-fantasy","tag-kate-hindley","tag-lecture-adulte","tag-lecture-jeunesse","tag-les-chatvaliers","tag-les-lapins-de-la-couronne-dangleterre","tag-manga","tag-philippe-madral","tag-point-lecture-hebdo","tag-rem","tag-roman-graphique","tag-roman-historique","tag-romance","tag-romans-adulte","tag-romans-jeunesse","tag-romantasy","tag-santa-montefiore","tag-simon-s-montefiore","tag-steampunk","post-preview"],"jetpack_featured_media_url":"https:\/\/i0.wp.com\/www.jojoenherbe.com\/wp-content\/uploads\/2023\/09\/Point-lecture-hebdomadaire-2023-36-scaled.jpg?fit=2560%2C1888","jetpack_sharing_enabled":true,"jetpack_shortlink":"https:\/\/wp.me\/p9zhGx-8ho","jetpack_likes_enabled":true,"jetpack-related-posts":[{"id":37057,"url":"http:\/\/www.jojoenherbe.com\/index.php\/2024\/09\/30\/point-lecture-hebdomadaire-2024-39\/","url_meta":{"origin":31830,"position":0},"title":"Point lecture hebdomadaire 2024 #39","author":"Jojo","date":"30 septembre 2024","format":false,"excerpt":"En ce d\u00e9but de semaine, voici mon point lecture hebdomadaire avec un retour sur nos lectures (mais pas nos relectures) de la semaine derni\u00e8re. Nos lectures du 23 au 29 septembre 2024: Des lectures jeunesse: Nous avons continu\u00e9 chaque soir et presque fini de lire Le jardin secret de Frances\u2026","rel":"","context":"Dans &quot;Mini blogueur&quot;","block_context":{"text":"Mini blogueur","link":"http:\/\/www.jojoenherbe.com\/index.php\/category\/mini-blogueur\/"},"img":{"alt_text":"","src":"https:\/\/i0.wp.com\/www.jojoenherbe.com\/wp-content\/uploads\/2020\/04\/Le-jardin-secret-150x150.jpg?resize=350%2C200","width":350,"height":200},"classes":[]},{"id":41939,"url":"http:\/\/www.jojoenherbe.com\/index.php\/2026\/01\/04\/point-lecture-hebdomadaire-2025-52\/","url_meta":{"origin":31830,"position":1},"title":"Point lecture hebdomadaire 2025 #52","author":"Jojo","date":"4 janvier 2026","format":false,"excerpt":"En cette fin de semaine, voici mon point lecture hebdomadaire avec un retour sur nos lectures (mais pas nos relectures) de la semaine derni\u00e8re, m\u00eame si j'ai peu lu jusqu'\u00e0 No\u00ebl puisque nous avions pris une semaine de cong\u00e9s, avec le d\u00e9but de semaine pass\u00e9 dans la Dr\u00f4me puis pour\u2026","rel":"","context":"Dans &quot;Mini blogueur&quot;","block_context":{"text":"Mini blogueur","link":"http:\/\/www.jojoenherbe.com\/index.php\/category\/mini-blogueur\/"},"img":{"alt_text":"","src":"https:\/\/i0.wp.com\/www.jojoenherbe.com\/wp-content\/uploads\/2026\/01\/Minecraft-T2-a-T5-150x150.jpg?resize=350%2C200","width":350,"height":200},"classes":[]},{"id":25915,"url":"http:\/\/www.jojoenherbe.com\/index.php\/2022\/06\/20\/point-lecture-hebdomadaire-46\/","url_meta":{"origin":31830,"position":2},"title":"Point lecture hebdomadaire #46","author":"Jojo","date":"20 juin 2022","format":false,"excerpt":"En ce d\u00e9but de semaine, voici notre point lecture hebdomadaire avec un retour sur nos lectures de la semaine derni\u00e8re (mais pas nos relectures) et ma lecture en cours. j'ai surtout pioch\u00e9 dans ma PAL anglo-saxonne puisqu'en juin, c'est le Mois Anglais 2022 coorganis\u00e9e par Lou et Titine. Nos lectures\u2026","rel":"","context":"Dans &quot;Mini blogueur&quot;","block_context":{"text":"Mini blogueur","link":"http:\/\/www.jojoenherbe.com\/index.php\/category\/mini-blogueur\/"},"img":{"alt_text":"","src":"https:\/\/i0.wp.com\/www.jojoenherbe.com\/wp-content\/uploads\/2022\/07\/Point-lecture-hebdo-46-scaled.jpg?fit=1200%2C795&resize=350%2C200","width":350,"height":200,"srcset":"https:\/\/i0.wp.com\/www.jojoenherbe.com\/wp-content\/uploads\/2022\/07\/Point-lecture-hebdo-46-scaled.jpg?fit=1200%2C795&resize=350%2C200 1x, https:\/\/i0.wp.com\/www.jojoenherbe.com\/wp-content\/uploads\/2022\/07\/Point-lecture-hebdo-46-scaled.jpg?fit=1200%2C795&resize=525%2C300 1.5x, https:\/\/i0.wp.com\/www.jojoenherbe.com\/wp-content\/uploads\/2022\/07\/Point-lecture-hebdo-46-scaled.jpg?fit=1200%2C795&resize=700%2C400 2x, https:\/\/i0.wp.com\/www.jojoenherbe.com\/wp-content\/uploads\/2022\/07\/Point-lecture-hebdo-46-scaled.jpg?fit=1200%2C795&resize=1050%2C600 3x"},"classes":[]},{"id":42374,"url":"http:\/\/www.jojoenherbe.com\/index.php\/2026\/01\/21\/point-lecture-hebdomadaire-2026-3\/","url_meta":{"origin":31830,"position":3},"title":"Point lecture hebdomadaire 2026 #3","author":"Jojo","date":"21 janvier 2026","format":false,"excerpt":"En ce milieu de semaine, voici mon point lecture hebdomadaire avec un retour sur nos lectures (mais pas nos relectures) de la semaine derni\u00e8re qui a d\u00e9but\u00e9 avec le rangement du sapin et d\u00e9corations de No\u00ebl et qui s'est termin\u00e9 sur un week-end pluvieux dans le Var chez des amis\u2026","rel":"","context":"Dans &quot;Mini blogueur&quot;","block_context":{"text":"Mini blogueur","link":"http:\/\/www.jojoenherbe.com\/index.php\/category\/mini-blogueur\/"},"img":{"alt_text":"","src":"https:\/\/i0.wp.com\/www.jojoenherbe.com\/wp-content\/uploads\/2026\/01\/macareux-point-lecture-hebdo.jpg?fit=864%2C1012&resize=350%2C200","width":350,"height":200,"srcset":"https:\/\/i0.wp.com\/www.jojoenherbe.com\/wp-content\/uploads\/2026\/01\/macareux-point-lecture-hebdo.jpg?fit=864%2C1012&resize=350%2C200 1x, https:\/\/i0.wp.com\/www.jojoenherbe.com\/wp-content\/uploads\/2026\/01\/macareux-point-lecture-hebdo.jpg?fit=864%2C1012&resize=525%2C300 1.5x, https:\/\/i0.wp.com\/www.jojoenherbe.com\/wp-content\/uploads\/2026\/01\/macareux-point-lecture-hebdo.jpg?fit=864%2C1012&resize=700%2C400 2x"},"classes":[]},{"id":31501,"url":"http:\/\/www.jojoenherbe.com\/index.php\/2023\/08\/21\/point-lecture-hebdomadaire-2023-33\/","url_meta":{"origin":31830,"position":4},"title":"Point lecture hebdomadaire 2023 #33","author":"Jojo","date":"21 ao\u00fbt 2023","format":false,"excerpt":"En ce d\u00e9but de semaine, voici notre point lecture hebdomadaire avec un retour sur nos lectures de la semaine derni\u00e8re (mais pas nos relectures). Nos lectures du 14 au 20 ao\u00fbt 2023: Des lectures jeunesse: (Roman jeunesse) Vol d\u2019\u00e9t\u00e9 de Marie-Anne Abesdris Nous avons lu Vol d\u2019\u00e9t\u00e9 de Marie-Anne Abesdris\u2026","rel":"","context":"Dans &quot;Mini blogueur&quot;","block_context":{"text":"Mini blogueur","link":"http:\/\/www.jojoenherbe.com\/index.php\/category\/mini-blogueur\/"},"img":{"alt_text":"","src":"https:\/\/i0.wp.com\/www.jojoenherbe.com\/wp-content\/uploads\/2023\/08\/Vol-dete-150x150.jpg?resize=350%2C200","width":350,"height":200},"classes":[]},{"id":27668,"url":"http:\/\/www.jojoenherbe.com\/index.php\/2022\/09\/19\/point-lecture-hebdomadaire-59\/","url_meta":{"origin":31830,"position":5},"title":"Point lecture hebdomadaire #59","author":"Jojo","date":"19 septembre 2022","format":false,"excerpt":"En ce d\u00e9but de semaine, voici notre point lecture hebdomadaire avec un retour sur nos lectures de la semaine derni\u00e8re (mais pas nos relectures) ainsi que ma lecture en cours. Nos lectures du 12 au 18 septembre 2022: Des lectures jeunesse: (Roman jeunesse) Oscar et Carrosse, La f\u00eate foraine de\u2026","rel":"","context":"Dans &quot;Mini blogueur&quot;","block_context":{"text":"Mini blogueur","link":"http:\/\/www.jojoenherbe.com\/index.php\/category\/mini-blogueur\/"},"img":{"alt_text":"","src":"https:\/\/i0.wp.com\/www.jojoenherbe.com\/wp-content\/uploads\/2022\/09\/Point-lecture-hebdo-59-scaled.jpg?fit=1200%2C698&resize=350%2C200","width":350,"height":200,"srcset":"https:\/\/i0.wp.com\/www.jojoenherbe.com\/wp-content\/uploads\/2022\/09\/Point-lecture-hebdo-59-scaled.jpg?fit=1200%2C698&resize=350%2C200 1x, https:\/\/i0.wp.com\/www.jojoenherbe.com\/wp-content\/uploads\/2022\/09\/Point-lecture-hebdo-59-scaled.jpg?fit=1200%2C698&resize=525%2C300 1.5x, https:\/\/i0.wp.com\/www.jojoenherbe.com\/wp-content\/uploads\/2022\/09\/Point-lecture-hebdo-59-scaled.jpg?fit=1200%2C698&resize=700%2C400 2x, https:\/\/i0.wp.com\/www.jojoenherbe.com\/wp-content\/uploads\/2022\/09\/Point-lecture-hebdo-59-scaled.jpg?fit=1200%2C698&resize=1050%2C600 3x"},"classes":[]}],"_links":{"self":[{"href":"http:\/\/www.jojoenherbe.com\/index.php\/wp-json\/wp\/v2\/posts\/31830","targetHints":{"allow":["GET"]}}],"collection":[{"href":"http:\/\/www.jojoenherbe.com\/index.php\/wp-json\/wp\/v2\/posts"}],"about":[{"href":"http:\/\/www.jojoenherbe.com\/index.php\/wp-json\/wp\/v2\/types\/post"}],"author":[{"embeddable":true,"href":"http:\/\/www.jojoenherbe.com\/index.php\/wp-json\/wp\/v2\/users\/1"}],"replies":[{"embeddable":true,"href":"http:\/\/www.jojoenherbe.com\/index.php\/wp-json\/wp\/v2\/comments?post=31830"}],"version-history":[{"count":30,"href":"http:\/\/www.jojoenherbe.com\/index.php\/wp-json\/wp\/v2\/posts\/31830\/revisions"}],"predecessor-version":[{"id":31919,"href":"http:\/\/www.jojoenherbe.com\/index.php\/wp-json\/wp\/v2\/posts\/31830\/revisions\/31919"}],"wp:featuredmedia":[{"embeddable":true,"href":"http:\/\/www.jojoenherbe.com\/index.php\/wp-json\/wp\/v2\/media\/31876"}],"wp:attachment":[{"href":"http:\/\/www.jojoenherbe.com\/index.php\/wp-json\/wp\/v2\/media?parent=31830"}],"wp:term":[{"taxonomy":"category","embeddable":true,"href":"http:\/\/www.jojoenherbe.com\/index.php\/wp-json\/wp\/v2\/categories?post=31830"},{"taxonomy":"post_tag","embeddable":true,"href":"http:\/\/www.jojoenherbe.com\/index.php\/wp-json\/wp\/v2\/tags?post=31830"}],"curies":[{"name":"wp","href":"https:\/\/api.w.org\/{rel}","templated":true}]}}