{"id":31812,"date":"2023-09-07T16:14:32","date_gmt":"2023-09-07T14:14:32","guid":{"rendered":"https:\/\/www.jojoenherbe.com\/?p=31812"},"modified":"2023-09-10T16:45:02","modified_gmt":"2023-09-10T14:45:02","slug":"pause-lecture-les-chatvaliers","status":"publish","type":"post","link":"http:\/\/www.jojoenherbe.com\/index.php\/2023\/09\/07\/pause-lecture-les-chatvaliers\/","title":{"rendered":"Pause lecture: Les Chatvaliers"},"content":{"rendered":"<p style=\"text-align: justify;\"><em>Nous avons d\u00e9couvert cette semaine une nouvelle s\u00e9rie livresque: <span style=\"text-decoration: underline;\">Les Chatvaliers<\/span> de Charles Falque-Pierrotin et Oriana Berthomieu (\u00e9d. Gr\u00fcnd). Il y a actuellement 2 tomes parus, le dernier \u00e9tant paru le 17 ao\u00fbt 2023. Ce sont des albums jeunesse \u00e0 partir de 4 ans selon l&rsquo;\u00e9diteur.<\/em><\/p>\n<ul>\n<li style=\"text-align: justify;\"><em>(Album jeunesse) <strong><span style=\"text-decoration: underline;\">\u00c0\u00a0la recherche du Grrrall!<\/span><\/strong> <strong>(T1)<\/strong><\/em><\/li>\n<\/ul>\n<p style=\"text-align: justify;\"><em><a href=\"https:\/\/i0.wp.com\/www.jojoenherbe.com\/wp-content\/uploads\/2023\/09\/Les-Chatvaliers-T1-scaled.jpg\"><img data-recalc-dims=\"1\" loading=\"lazy\" decoding=\"async\" data-attachment-id=\"31821\" data-permalink=\"http:\/\/www.jojoenherbe.com\/index.php\/2023\/09\/07\/pause-lecture-les-chatvaliers\/les-chatvaliers-t1\/\" data-orig-file=\"https:\/\/i0.wp.com\/www.jojoenherbe.com\/wp-content\/uploads\/2023\/09\/Les-Chatvaliers-T1-scaled.jpg?fit=2560%2C2001\" data-orig-size=\"2560,2001\" data-comments-opened=\"1\" data-image-meta=\"{&quot;aperture&quot;:&quot;1.8&quot;,&quot;credit&quot;:&quot;&quot;,&quot;camera&quot;:&quot;iPhone 7&quot;,&quot;caption&quot;:&quot;&quot;,&quot;created_timestamp&quot;:&quot;1694101343&quot;,&quot;copyright&quot;:&quot;&quot;,&quot;focal_length&quot;:&quot;3.99&quot;,&quot;iso&quot;:&quot;64&quot;,&quot;shutter_speed&quot;:&quot;0.058823529411765&quot;,&quot;title&quot;:&quot;&quot;,&quot;orientation&quot;:&quot;1&quot;}\" data-image-title=\"Les Chatvaliers T1\" data-image-description=\"\" data-image-caption=\"\" data-large-file=\"https:\/\/i0.wp.com\/www.jojoenherbe.com\/wp-content\/uploads\/2023\/09\/Les-Chatvaliers-T1-scaled.jpg?fit=676%2C529\" class=\"alignleft size-thumbnail wp-image-31821\" src=\"https:\/\/i0.wp.com\/www.jojoenherbe.com\/wp-content\/uploads\/2023\/09\/Les-Chatvaliers-T1.jpg?resize=150%2C150\" alt=\"\" width=\"150\" height=\"150\" srcset=\"https:\/\/i0.wp.com\/www.jojoenherbe.com\/wp-content\/uploads\/2023\/09\/Les-Chatvaliers-T1-scaled.jpg?resize=150%2C150 150w, https:\/\/i0.wp.com\/www.jojoenherbe.com\/wp-content\/uploads\/2023\/09\/Les-Chatvaliers-T1-scaled.jpg?zoom=2&amp;resize=150%2C150 300w, https:\/\/i0.wp.com\/www.jojoenherbe.com\/wp-content\/uploads\/2023\/09\/Les-Chatvaliers-T1-scaled.jpg?zoom=3&amp;resize=150%2C150 450w\" sizes=\"auto, (max-width: 150px) 100vw, 150px\" \/><\/a>Nous avons commenc\u00e9 par le tome 1, <span style=\"text-decoration: underline;\">\u00c0 la recherche du Grrrall!<\/span> (2022, 40 pages). Au royaume de Grrretagne, le roi Charthur et la reine Grrreni\u00e8vre vivent dans le ch\u00e2teau de Chamelot, prot\u00e9g\u00e9s par les chevaliers de la Table Ronde, les Chatvaliers: <\/em><span class=\"sencera\"><em>Lancelotte, la courageuse, Chaben\u00eat,<\/em>\u00a0le<em> grand b\u00eata, Chavante, la cultiv\u00e9e ainsi que Percheval, le destrier. Sans oublier leur fils, Fauvain et F\u00e9lin l&rsquo;Enchanteur.<\/em> <\/span><\/p>\n<p style=\"text-align: justify;\"><em><a href=\"https:\/\/i0.wp.com\/www.jojoenherbe.com\/wp-content\/uploads\/2023\/09\/Les-Chatvaliers-T1-2-scaled.jpg\"><img data-recalc-dims=\"1\" loading=\"lazy\" decoding=\"async\" data-attachment-id=\"31819\" data-permalink=\"http:\/\/www.jojoenherbe.com\/index.php\/2023\/09\/07\/pause-lecture-les-chatvaliers\/les-chatvaliers-t1-2\/\" data-orig-file=\"https:\/\/i0.wp.com\/www.jojoenherbe.com\/wp-content\/uploads\/2023\/09\/Les-Chatvaliers-T1-2-scaled.jpg?fit=2560%2C1840\" data-orig-size=\"2560,1840\" data-comments-opened=\"1\" data-image-meta=\"{&quot;aperture&quot;:&quot;1.8&quot;,&quot;credit&quot;:&quot;&quot;,&quot;camera&quot;:&quot;iPhone 7&quot;,&quot;caption&quot;:&quot;&quot;,&quot;created_timestamp&quot;:&quot;1694101486&quot;,&quot;copyright&quot;:&quot;&quot;,&quot;focal_length&quot;:&quot;3.99&quot;,&quot;iso&quot;:&quot;40&quot;,&quot;shutter_speed&quot;:&quot;0.058823529411765&quot;,&quot;title&quot;:&quot;&quot;,&quot;orientation&quot;:&quot;1&quot;}\" data-image-title=\"Les Chatvaliers T1 (2)\" data-image-description=\"\" data-image-caption=\"\" data-large-file=\"https:\/\/i0.wp.com\/www.jojoenherbe.com\/wp-content\/uploads\/2023\/09\/Les-Chatvaliers-T1-2-scaled.jpg?fit=676%2C486\" class=\"size-thumbnail wp-image-31819 alignright\" src=\"https:\/\/i0.wp.com\/www.jojoenherbe.com\/wp-content\/uploads\/2023\/09\/Les-Chatvaliers-T1-2.jpg?resize=150%2C150\" alt=\"\" width=\"150\" height=\"150\" srcset=\"https:\/\/i0.wp.com\/www.jojoenherbe.com\/wp-content\/uploads\/2023\/09\/Les-Chatvaliers-T1-2-scaled.jpg?resize=150%2C150 150w, https:\/\/i0.wp.com\/www.jojoenherbe.com\/wp-content\/uploads\/2023\/09\/Les-Chatvaliers-T1-2-scaled.jpg?zoom=2&amp;resize=150%2C150 300w, https:\/\/i0.wp.com\/www.jojoenherbe.com\/wp-content\/uploads\/2023\/09\/Les-Chatvaliers-T1-2-scaled.jpg?zoom=3&amp;resize=150%2C150 450w\" sizes=\"auto, (max-width: 150px) 100vw, 150px\" \/><\/a>Un jour, le roi Charthur d\u00e9couvre que sa pr\u00e9cieuse gamelle qu&rsquo;il voulait offrir \u00e0 la reine pour son anniversaire a disparu. Qui a bien pu la prendre? Second\u00e9 par Lancelotte, le roi r\u00e9ussira-t-il \u00e0 mener l&rsquo;enqu\u00eate et d\u00e9nicher le responsable? Cette enqu\u00eate est ainsi pr\u00e9texte \u00e0 d\u00e9couvrir les habitants du ch\u00e2teau et leur r\u00f4le. Un bon moment de lecture hilarant avec ce premier tome introductif et qui se termine sur une autre origine des 9 vies du chat (croyance qui n&rsquo;est plus ici h\u00e9rit\u00e9e de l\u2019\u00c9gypte antique)!<\/em><\/p>\n<ul>\n<li style=\"text-align: justify;\"><em>(Album jeunesse) <strong><span style=\"text-decoration: underline;\">Les Chatvaliers contre les Ratons baveurs!<\/span> (T2)<\/strong><\/em><\/li>\n<\/ul>\n<p style=\"text-align: justify;\"><em><a href=\"https:\/\/i0.wp.com\/www.jojoenherbe.com\/wp-content\/uploads\/2023\/09\/Les-Chatvaliers-T2-scaled.jpg\"><img data-recalc-dims=\"1\" loading=\"lazy\" decoding=\"async\" data-attachment-id=\"31823\" data-permalink=\"http:\/\/www.jojoenherbe.com\/index.php\/2023\/09\/07\/pause-lecture-les-chatvaliers\/les-chatvaliers-t2\/\" data-orig-file=\"https:\/\/i0.wp.com\/www.jojoenherbe.com\/wp-content\/uploads\/2023\/09\/Les-Chatvaliers-T2-scaled.jpg?fit=2560%2C2146\" data-orig-size=\"2560,2146\" data-comments-opened=\"1\" data-image-meta=\"{&quot;aperture&quot;:&quot;1.8&quot;,&quot;credit&quot;:&quot;&quot;,&quot;camera&quot;:&quot;iPhone 7&quot;,&quot;caption&quot;:&quot;&quot;,&quot;created_timestamp&quot;:&quot;1694101360&quot;,&quot;copyright&quot;:&quot;&quot;,&quot;focal_length&quot;:&quot;3.99&quot;,&quot;iso&quot;:&quot;64&quot;,&quot;shutter_speed&quot;:&quot;0.058823529411765&quot;,&quot;title&quot;:&quot;&quot;,&quot;orientation&quot;:&quot;1&quot;}\" data-image-title=\"Les Chatvaliers T2\" data-image-description=\"\" data-image-caption=\"\" data-large-file=\"https:\/\/i0.wp.com\/www.jojoenherbe.com\/wp-content\/uploads\/2023\/09\/Les-Chatvaliers-T2-scaled.jpg?fit=676%2C566\" class=\"alignleft size-thumbnail wp-image-31823\" src=\"https:\/\/i0.wp.com\/www.jojoenherbe.com\/wp-content\/uploads\/2023\/09\/Les-Chatvaliers-T2.jpg?resize=150%2C150\" alt=\"\" width=\"150\" height=\"150\" srcset=\"https:\/\/i0.wp.com\/www.jojoenherbe.com\/wp-content\/uploads\/2023\/09\/Les-Chatvaliers-T2-scaled.jpg?resize=150%2C150 150w, https:\/\/i0.wp.com\/www.jojoenherbe.com\/wp-content\/uploads\/2023\/09\/Les-Chatvaliers-T2-scaled.jpg?zoom=2&amp;resize=150%2C150 300w, https:\/\/i0.wp.com\/www.jojoenherbe.com\/wp-content\/uploads\/2023\/09\/Les-Chatvaliers-T2-scaled.jpg?zoom=3&amp;resize=150%2C150 450w\" sizes=\"auto, (max-width: 150px) 100vw, 150px\" \/><\/a>Nous avons encha\u00een\u00e9 avec le tome 2, <span style=\"text-decoration: underline;\">Les Chatvaliers contre les Ratons baveurs<\/span>! (2023, 40 pages).<\/em> <em>Alors que tout est paisible au ch\u00e2teau de Chamelot, les Ratons baveurs, voisins du royaume, avec \u00e0 leur t\u00eate Ratatine, ont bien l&rsquo;intention de s&#8217;emparer d&rsquo;Exchalibur. Les Chatvaliers parviendront-ils \u00e0 d\u00e9jouer leur plan? Ce tome est aussi dr\u00f4le que le premier tout en finissant sur l&rsquo;explication de l&rsquo;origine du nom \u00ab\u00a0raton laveur\u00a0\u00bb.<\/em><\/p>\n<p style=\"text-align: justify;\"><em><a href=\"https:\/\/i0.wp.com\/www.jojoenherbe.com\/wp-content\/uploads\/2023\/09\/Les-Chatvaliers-T2-2-scaled.jpg\"><img data-recalc-dims=\"1\" loading=\"lazy\" decoding=\"async\" data-attachment-id=\"31822\" data-permalink=\"http:\/\/www.jojoenherbe.com\/index.php\/2023\/09\/07\/pause-lecture-les-chatvaliers\/les-chatvaliers-t2-2\/\" data-orig-file=\"https:\/\/i0.wp.com\/www.jojoenherbe.com\/wp-content\/uploads\/2023\/09\/Les-Chatvaliers-T2-2-scaled.jpg?fit=2560%2C2013\" data-orig-size=\"2560,2013\" data-comments-opened=\"1\" data-image-meta=\"{&quot;aperture&quot;:&quot;1.8&quot;,&quot;credit&quot;:&quot;&quot;,&quot;camera&quot;:&quot;iPhone 7&quot;,&quot;caption&quot;:&quot;&quot;,&quot;created_timestamp&quot;:&quot;1694101640&quot;,&quot;copyright&quot;:&quot;&quot;,&quot;focal_length&quot;:&quot;3.99&quot;,&quot;iso&quot;:&quot;50&quot;,&quot;shutter_speed&quot;:&quot;0.058823529411765&quot;,&quot;title&quot;:&quot;&quot;,&quot;orientation&quot;:&quot;1&quot;}\" data-image-title=\"Les Chatvaliers T2 (2)\" data-image-description=\"\" data-image-caption=\"\" data-large-file=\"https:\/\/i0.wp.com\/www.jojoenherbe.com\/wp-content\/uploads\/2023\/09\/Les-Chatvaliers-T2-2-scaled.jpg?fit=676%2C531\" class=\"size-thumbnail wp-image-31822 alignright\" src=\"https:\/\/i0.wp.com\/www.jojoenherbe.com\/wp-content\/uploads\/2023\/09\/Les-Chatvaliers-T2-2.jpg?resize=150%2C150\" alt=\"\" width=\"150\" height=\"150\" srcset=\"https:\/\/i0.wp.com\/www.jojoenherbe.com\/wp-content\/uploads\/2023\/09\/Les-Chatvaliers-T2-2-scaled.jpg?resize=150%2C150 150w, https:\/\/i0.wp.com\/www.jojoenherbe.com\/wp-content\/uploads\/2023\/09\/Les-Chatvaliers-T2-2-scaled.jpg?zoom=2&amp;resize=150%2C150 300w, https:\/\/i0.wp.com\/www.jojoenherbe.com\/wp-content\/uploads\/2023\/09\/Les-Chatvaliers-T2-2-scaled.jpg?zoom=3&amp;resize=150%2C150 450w\" sizes=\"auto, (max-width: 150px) 100vw, 150px\" \/><\/a>Outre les r\u00e9f\u00e9rences au Roi Arthur, Excalibur et les chevaliers de la Table Ronde, il y a de nombreux jeux de mots, des r\u00e9f\u00e9rences \u00e0 la pop culture, \u00e0 l&rsquo;Art (les tableaux de L\u00e9opard de Vinci ou les livres de la biblioth\u00e8que du ch\u00e2teau dans le premier tome) ou bien encore \u00e0 la mythologie grecque (le cheval de Troie dans le tome 2)&#8230; Certes, les plus jeunes lecteurs n&rsquo;auront sans doute pas toutes les r\u00e9f\u00e9rences que le parent lecteur aura mais cela reste accessible pour eux, surtout s&rsquo;ils appr\u00e9cient les chats. Quand ils seront bien plus grands, ils pourront alors d\u00e9couvrir la version d&rsquo;Alexandre Astier avec <span style=\"text-decoration: underline;\">Kaamelott<\/span>.<\/em><\/p>\n<p style=\"text-align: justify;\"><em>Les illustrations color\u00e9es sont pleines de pep&rsquo;s et les personnages tr\u00e8s expressifs, participant au rythme des histoires. Une bien chouette mani\u00e8re de revisiter les l\u00e9gendes arthuriennes avec des chats comme personnages principaux! Nous n&rsquo;h\u00e9siterons pas \u00e0 lire les prochains tomes s&rsquo;il y a en d&rsquo;autres.<\/em><\/p>\n<p style=\"text-align: justify;\"><em>J&rsquo;ai enfin not\u00e9 des passages gourmands tant dans le premier tome que le second avec les repas pris par le gourmand Chaben\u00eat, les banquets ou le fromage tant appr\u00e9ci\u00e9 par les Ratons baveurs (que je leur laisse bien volontiers).<\/em><\/p>\n<div style=\"width: 91px\" class=\"wp-caption alignleft\"><img loading=\"lazy\" decoding=\"async\" src=\"https:\/\/i0.wp.com\/mapetitemediatheque.fr\/wp-content\/uploads\/2021\/07\/challenge-contes-et-legendes-239x300-1.jpg?resize=137%2C172\" alt=\"\" width=\"81\" height=\"102\" \/><p class=\"wp-caption-text\">Participation #9 Challenge Contes et L\u00e9gendes 2023 de <a href=\"https:\/\/mapetitemediatheque.fr\/2023\/01\/challenge-contes-et-legendes-2023\/\">Bidib<\/a> #L\u00e9gendes arthuriennes<\/p><\/div>\n<div id=\"attachment_22257\" style=\"width: 127px\" class=\"wp-caption alignleft\"><img loading=\"lazy\" decoding=\"async\" aria-describedby=\"caption-attachment-22257\" data-attachment-id=\"22257\" data-permalink=\"http:\/\/www.jojoenherbe.com\/index.php\/2021\/11\/09\/point-lecture-hebdomadaire-14\/les-incorrigibles-enfants-de-la-famille-ashton-t1\/\" data-orig-file=\"https:\/\/i0.wp.com\/www.jojoenherbe.com\/wp-content\/uploads\/2021\/11\/Les-incorrigibles-enfants-de-la-famille-Ashton-T1-scaled.jpg?fit=2560%2C1920\" data-orig-size=\"2560,1920\" data-comments-opened=\"1\" data-image-meta=\"{&quot;aperture&quot;:&quot;1.8&quot;,&quot;credit&quot;:&quot;&quot;,&quot;camera&quot;:&quot;iPhone 7&quot;,&quot;caption&quot;:&quot;&quot;,&quot;created_timestamp&quot;:&quot;1636384349&quot;,&quot;copyright&quot;:&quot;&quot;,&quot;focal_length&quot;:&quot;3.99&quot;,&quot;iso&quot;:&quot;80&quot;,&quot;shutter_speed&quot;:&quot;0.25&quot;,&quot;title&quot;:&quot;&quot;,&quot;orientation&quot;:&quot;1&quot;}\" data-image-title=\"Les incorrigibles enfants de la famille Ashton T1\" data-image-description=\"\" data-image-caption=\"\" data-large-file=\"https:\/\/i0.wp.com\/www.jojoenherbe.com\/wp-content\/uploads\/2021\/11\/Les-incorrigibles-enfants-de-la-famille-Ashton-T1-scaled.jpg?fit=676%2C507\" class=\"wp-image-22257\" src=\"https:\/\/i0.wp.com\/mapetitemediatheque.fr\/wp-content\/uploads\/2023\/01\/LivresCuisines2023b.png?resize=129%2C75&amp;ssl=1\" sizes=\"auto, (max-width: 320px) 100vw, 320px\" srcset=\"https:\/\/i0.wp.com\/mapetitemediatheque.fr\/wp-content\/uploads\/2023\/01\/LivresCuisines2023b.png?resize=129%2C75&amp;ssl=1 320w, https:\/\/mapetitemediatheque.fr\/wp-content\/uploads\/2023\/01\/LivresCuisines2023b-300x174.png 300w\" alt=\"\" width=\"117\" height=\"68\" aria-describedby=\"caption-attachment-22257\" data-attachment-id=\"22257\" data-permalink=\"https:\/\/www.jojoenherbe.com\/index.php\/2021\/11\/09\/point-lecture-hebdomadaire-14\/les-incorrigibles-enfants-de-la-famille-ashton-t1\/\" data-orig-file=\"https:\/\/i0.wp.com\/www.jojoenherbe.com\/wp-content\/uploads\/2021\/11\/Les-incorrigibles-enfants-de-la-famille-Ashton-T1-scaled.jpg?fit=2560%2C1920&amp;ssl=1\" data-orig-size=\"2560,1920\" data-comments-opened=\"1\" data-image-meta=\"{&quot;aperture&quot;:&quot;1.8&quot;,&quot;credit&quot;:&quot;&quot;,&quot;camera&quot;:&quot;iPhone 7&quot;,&quot;caption&quot;:&quot;&quot;,&quot;created_timestamp&quot;:&quot;1636384349&quot;,&quot;copyright&quot;:&quot;&quot;,&quot;focal_length&quot;:&quot;3.99&quot;,&quot;iso&quot;:&quot;80&quot;,&quot;shutter_speed&quot;:&quot;0.25&quot;,&quot;title&quot;:&quot;&quot;,&quot;orientation&quot;:&quot;1&quot;}\" data-image-title=\"Les incorrigibles enfants de la famille Ashton T1\" data-image-description=\"\" data-image-caption=\"\" data-medium-file=\"https:\/\/i0.wp.com\/www.jojoenherbe.com\/wp-content\/uploads\/2021\/11\/Les-incorrigibles-enfants-de-la-famille-Ashton-T1-scaled.jpg?fit=300%2C225&amp;ssl=1\" data-large-file=\"https:\/\/i0.wp.com\/www.jojoenherbe.com\/wp-content\/uploads\/2021\/11\/Les-incorrigibles-enfants-de-la-famille-Ashton-T1-scaled.jpg?fit=676%2C507&amp;ssl=1\" \/><p id=\"caption-attachment-22257\" class=\"wp-caption-text\">Participation # Challenge Des livres (et des \u00e9crans) en cuisine 2023 <em>de <a href=\"https:\/\/mapetitemediatheque.fr\/2023\/01\/des-livres-et-des-ecrans-en-cuisine-2023\/\">Bidib<\/a> et <a href=\"http:\/\/croquerlespages.canalblog.com\/archives\/2023\/01\/11\/39767634.html\">Fondant<\/a><\/em><\/p><\/div>\n","protected":false},"excerpt":{"rendered":"<p>Nous avons d\u00e9couvert cette semaine une nouvelle s\u00e9rie livresque: Les Chatvaliers de Charles Falque-Pierrotin et Oriana Berthomieu (\u00e9d. Gr\u00fcnd). Il y a actuellement 2 tomes parus, le dernier \u00e9tant paru le 17 ao\u00fbt 2023. Ce sont des albums jeunesse \u00e0 partir de 4 ans selon l&rsquo;\u00e9diteur. (Album jeunesse) \u00c0\u00a0la recherche du Grrrall! (T1) Nous avons [&hellip;]<\/p>\n","protected":false},"author":1,"featured_media":31820,"comment_status":"open","ping_status":"open","sticky":false,"template":"","format":"standard","meta":{"jetpack_post_was_ever_published":false,"_jetpack_newsletter_access":"","_jetpack_dont_email_post_to_subs":false,"_jetpack_newsletter_tier_id":0,"_jetpack_memberships_contains_paywalled_content":false,"_jetpack_memberships_contains_paid_content":false,"footnotes":""},"categories":[363],"tags":[1031,409,3521,3801,705,1285,3522,538,1677,1391,1390,3800,645,3803,2533,3802,3804,851],"class_list":["post-31812","post","type-post","status-publish","format-standard","has-post-thumbnail","hentry","category-mini-lecteur","tag-4-7-ans","tag-albums-jeunesse","tag-challenge-contes-et-legendes-2023","tag-charles-falque-pierrotin","tag-chat","tag-chevalier","tag-des-livres-et-des-ecrans-en-cuisine-2023","tag-humour","tag-legende","tag-legende-de-la-table-ronde","tag-legendes-arthuriennes","tag-les-chatvaliers","tag-moyen-age","tag-mythologie-egyptienne","tag-mythologie-grecque","tag-oriana-berthomieu","tag-pop-culture","tag-raton-laveur","post-preview"],"jetpack_featured_media_url":"https:\/\/i0.wp.com\/www.jojoenherbe.com\/wp-content\/uploads\/2023\/09\/Les-Chatvaliers-T1T2-scaled.jpg?fit=2560%2C1818","jetpack_sharing_enabled":true,"jetpack_shortlink":"https:\/\/wp.me\/p9zhGx-8h6","jetpack_likes_enabled":true,"jetpack-related-posts":[{"id":31830,"url":"http:\/\/www.jojoenherbe.com\/index.php\/2023\/09\/11\/point-lecture-hebdomadaire-2023-36\/","url_meta":{"origin":31812,"position":0},"title":"Point lecture hebdomadaire 2023 #36","author":"Jojo","date":"11 septembre 2023","format":false,"excerpt":"En ce d\u00e9but de semaine, voici notre point lecture hebdomadaire avec un retour sur nos lectures de la semaine derni\u00e8re (mais pas nos relectures). Nos lectures du 4 au 10 septembre 2023: Des lectures jeunesse: Cette semaine, mon mini sorcier a encore voulu relire, pour les histoires du soir, des\u2026","rel":"","context":"Dans &quot;Mini blogueur&quot;","block_context":{"text":"Mini blogueur","link":"http:\/\/www.jojoenherbe.com\/index.php\/category\/mini-blogueur\/"},"img":{"alt_text":"","src":"https:\/\/i0.wp.com\/www.jojoenherbe.com\/wp-content\/uploads\/2023\/09\/Point-lecture-hebdomadaire-2023-36-scaled.jpg?fit=1200%2C885&resize=350%2C200","width":350,"height":200,"srcset":"https:\/\/i0.wp.com\/www.jojoenherbe.com\/wp-content\/uploads\/2023\/09\/Point-lecture-hebdomadaire-2023-36-scaled.jpg?fit=1200%2C885&resize=350%2C200 1x, https:\/\/i0.wp.com\/www.jojoenherbe.com\/wp-content\/uploads\/2023\/09\/Point-lecture-hebdomadaire-2023-36-scaled.jpg?fit=1200%2C885&resize=525%2C300 1.5x, https:\/\/i0.wp.com\/www.jojoenherbe.com\/wp-content\/uploads\/2023\/09\/Point-lecture-hebdomadaire-2023-36-scaled.jpg?fit=1200%2C885&resize=700%2C400 2x, https:\/\/i0.wp.com\/www.jojoenherbe.com\/wp-content\/uploads\/2023\/09\/Point-lecture-hebdomadaire-2023-36-scaled.jpg?fit=1200%2C885&resize=1050%2C600 3x"},"classes":[]},{"id":26661,"url":"http:\/\/www.jojoenherbe.com\/index.php\/2022\/07\/22\/au-fil-des-pages-avec-mon-amie-la-sirene\/","url_meta":{"origin":31812,"position":1},"title":"Au fil des pages avec Mon amie la sir\u00e8ne","author":"Jojo","date":"22 juillet 2022","format":false,"excerpt":"En janvier 2022, nous avons lu Mon amie la sir\u00e8ne de Nathalie Minne\u00a0 (\u00e9d. Casterman, 2016), un album jeunesse grand format \u00e0 partir de 3 ans. En se promenant sur la plage un matin apr\u00e8s une nuit de temp\u00eate, Malo d\u00e9couvre une petite fille bless\u00e9e derri\u00e8re un rocher. En r\u00e9alit\u00e9,\u2026","rel":"","context":"Dans &quot;Mini lecteur&quot;","block_context":{"text":"Mini lecteur","link":"http:\/\/www.jojoenherbe.com\/index.php\/category\/mini-lecteur\/"},"img":{"alt_text":"","src":"https:\/\/i0.wp.com\/www.jojoenherbe.com\/wp-content\/uploads\/2022\/01\/Mon-amie-la-sirene-2-scaled.jpg?fit=1200%2C1045&resize=350%2C200","width":350,"height":200,"srcset":"https:\/\/i0.wp.com\/www.jojoenherbe.com\/wp-content\/uploads\/2022\/01\/Mon-amie-la-sirene-2-scaled.jpg?fit=1200%2C1045&resize=350%2C200 1x, https:\/\/i0.wp.com\/www.jojoenherbe.com\/wp-content\/uploads\/2022\/01\/Mon-amie-la-sirene-2-scaled.jpg?fit=1200%2C1045&resize=525%2C300 1.5x, https:\/\/i0.wp.com\/www.jojoenherbe.com\/wp-content\/uploads\/2022\/01\/Mon-amie-la-sirene-2-scaled.jpg?fit=1200%2C1045&resize=700%2C400 2x, https:\/\/i0.wp.com\/www.jojoenherbe.com\/wp-content\/uploads\/2022\/01\/Mon-amie-la-sirene-2-scaled.jpg?fit=1200%2C1045&resize=1050%2C600 3x"},"classes":[]},{"id":32894,"url":"http:\/\/www.jojoenherbe.com\/index.php\/2023\/10\/26\/au-fil-des-pages-avec-gromislav-le-geant-qui-couvait-la-terre\/","url_meta":{"origin":31812,"position":2},"title":"Au fil des pages avec Gromislav, le g\u00e9ant qui couvait la Terre","author":"Jojo","date":"26 octobre 2023","format":false,"excerpt":"Nous avons lu Gromislav, le g\u00e9ant qui couvait la Terre de Carole Tr\u00e9bor et Tristan Gion (\u00e9d. Aleph Editions, ao\u00fbt 2019, 48 pages), un album jeunesse \u00e0 partir de 6 ans selon l'\u00e9diteur mais je dirai pour les plus grands, \u00e0 partir de 9\/10 ans autour de la mythologie slave.\u2026","rel":"","context":"Dans &quot;Mini lecteur&quot;","block_context":{"text":"Mini lecteur","link":"http:\/\/www.jojoenherbe.com\/index.php\/category\/mini-lecteur\/"},"img":{"alt_text":"","src":"https:\/\/i0.wp.com\/www.jojoenherbe.com\/wp-content\/uploads\/2023\/10\/Gromislav-scaled.jpg?fit=1200%2C968&resize=350%2C200","width":350,"height":200,"srcset":"https:\/\/i0.wp.com\/www.jojoenherbe.com\/wp-content\/uploads\/2023\/10\/Gromislav-scaled.jpg?fit=1200%2C968&resize=350%2C200 1x, https:\/\/i0.wp.com\/www.jojoenherbe.com\/wp-content\/uploads\/2023\/10\/Gromislav-scaled.jpg?fit=1200%2C968&resize=525%2C300 1.5x, https:\/\/i0.wp.com\/www.jojoenherbe.com\/wp-content\/uploads\/2023\/10\/Gromislav-scaled.jpg?fit=1200%2C968&resize=700%2C400 2x, https:\/\/i0.wp.com\/www.jojoenherbe.com\/wp-content\/uploads\/2023\/10\/Gromislav-scaled.jpg?fit=1200%2C968&resize=1050%2C600 3x"},"classes":[]},{"id":35528,"url":"http:\/\/www.jojoenherbe.com\/index.php\/2024\/04\/03\/au-fil-des-pages-avec-la-naissance-du-printemps\/","url_meta":{"origin":31812,"position":3},"title":"Au fil des pages avec La naissance du printemps","author":"Jojo","date":"3 avril 2024","format":false,"excerpt":"Nous avons lu hier soir La naissance du printemps de Roxane Marie Galliez et Eric Puybaret (\u00e9d. Balivernes, avril 2019,\u00a0 32 pages), un album jeunesse \u00e0 partir de 6 ans. Bien avant l'arriv\u00e9e des \u00eatres humains, vivaient Orithye la nymphe dont le pouvoir \u00e9tait de donner des couleurs \u00e0 la\u2026","rel":"","context":"Dans &quot;Mini lecteur&quot;","block_context":{"text":"Mini lecteur","link":"http:\/\/www.jojoenherbe.com\/index.php\/category\/mini-lecteur\/"},"img":{"alt_text":"","src":"https:\/\/i0.wp.com\/www.jojoenherbe.com\/wp-content\/uploads\/2024\/04\/La-naissance-du-printemps-scaled.jpg?fit=1200%2C910&resize=350%2C200","width":350,"height":200,"srcset":"https:\/\/i0.wp.com\/www.jojoenherbe.com\/wp-content\/uploads\/2024\/04\/La-naissance-du-printemps-scaled.jpg?fit=1200%2C910&resize=350%2C200 1x, https:\/\/i0.wp.com\/www.jojoenherbe.com\/wp-content\/uploads\/2024\/04\/La-naissance-du-printemps-scaled.jpg?fit=1200%2C910&resize=525%2C300 1.5x, https:\/\/i0.wp.com\/www.jojoenherbe.com\/wp-content\/uploads\/2024\/04\/La-naissance-du-printemps-scaled.jpg?fit=1200%2C910&resize=700%2C400 2x, https:\/\/i0.wp.com\/www.jojoenherbe.com\/wp-content\/uploads\/2024\/04\/La-naissance-du-printemps-scaled.jpg?fit=1200%2C910&resize=1050%2C600 3x"},"classes":[]},{"id":30468,"url":"http:\/\/www.jojoenherbe.com\/index.php\/2023\/04\/03\/au-fil-des-pages-avec-le-neige-express\/","url_meta":{"origin":31812,"position":4},"title":"Au fil des pages avec Le Neige Express","author":"Jojo","date":"3 avril 2023","format":false,"excerpt":"Parmi nos derni\u00e8res relectures hivernales, nous avons encore relu cette ann\u00e9e Le Neige Express de Naokata Mase (\u00e9d. Seuil Jeunesse, 2013), un album jeunesse \u00e0 partir de 3 ans et avec un double rabat. Dans la Prairie des neiges vit un renard qui adore les trains et les voir passer,\u2026","rel":"","context":"Dans &quot;Mini lecteur&quot;","block_context":{"text":"Mini lecteur","link":"http:\/\/www.jojoenherbe.com\/index.php\/category\/mini-lecteur\/"},"img":{"alt_text":"","src":"https:\/\/i0.wp.com\/www.jojoenherbe.com\/wp-content\/uploads\/2023\/04\/Le-Neige-Express-2-scaled.jpg?fit=1200%2C918&resize=350%2C200","width":350,"height":200,"srcset":"https:\/\/i0.wp.com\/www.jojoenherbe.com\/wp-content\/uploads\/2023\/04\/Le-Neige-Express-2-scaled.jpg?fit=1200%2C918&resize=350%2C200 1x, https:\/\/i0.wp.com\/www.jojoenherbe.com\/wp-content\/uploads\/2023\/04\/Le-Neige-Express-2-scaled.jpg?fit=1200%2C918&resize=525%2C300 1.5x, https:\/\/i0.wp.com\/www.jojoenherbe.com\/wp-content\/uploads\/2023\/04\/Le-Neige-Express-2-scaled.jpg?fit=1200%2C918&resize=700%2C400 2x, https:\/\/i0.wp.com\/www.jojoenherbe.com\/wp-content\/uploads\/2023\/04\/Le-Neige-Express-2-scaled.jpg?fit=1200%2C918&resize=1050%2C600 3x"},"classes":[]},{"id":8243,"url":"http:\/\/www.jojoenherbe.com\/index.php\/2019\/10\/28\/au-fil-des-pages-avec-le-sortilege-des-enfants-squelettes\/","url_meta":{"origin":31812,"position":5},"title":"Au fil des pages avec Le sortil\u00e8ge des enfants squelettes","author":"Jojo","date":"28 octobre 2019","format":false,"excerpt":"J'emprunte \u00e0 la biblioth\u00e8que Le sortil\u00e8ge des enfants squelettes de S\u00e9bastiaan Van Doninck (\u00e9d. Alice Jeunesse, 2018), un album jeunesse \u00e0 partir de 6 ans et sous-titr\u00e9 \"Une histoire un peu effrayante\". Cet album conte l'histoire d'une petite fille qui, allant seule dans la for\u00eat ramasser des baies, est transform\u00e9e\u2026","rel":"","context":"Dans &quot;Mini lecteur&quot;","block_context":{"text":"Mini lecteur","link":"http:\/\/www.jojoenherbe.com\/index.php\/category\/mini-lecteur\/"},"img":{"alt_text":"","src":"https:\/\/i0.wp.com\/www.jojoenherbe.com\/wp-content\/uploads\/2019\/10\/Le-sortil%C3%A8ge-des-enfants-squelettes.jpg?fit=1151%2C1200&resize=350%2C200","width":350,"height":200,"srcset":"https:\/\/i0.wp.com\/www.jojoenherbe.com\/wp-content\/uploads\/2019\/10\/Le-sortil%C3%A8ge-des-enfants-squelettes.jpg?fit=1151%2C1200&resize=350%2C200 1x, https:\/\/i0.wp.com\/www.jojoenherbe.com\/wp-content\/uploads\/2019\/10\/Le-sortil%C3%A8ge-des-enfants-squelettes.jpg?fit=1151%2C1200&resize=525%2C300 1.5x, https:\/\/i0.wp.com\/www.jojoenherbe.com\/wp-content\/uploads\/2019\/10\/Le-sortil%C3%A8ge-des-enfants-squelettes.jpg?fit=1151%2C1200&resize=700%2C400 2x, https:\/\/i0.wp.com\/www.jojoenherbe.com\/wp-content\/uploads\/2019\/10\/Le-sortil%C3%A8ge-des-enfants-squelettes.jpg?fit=1151%2C1200&resize=1050%2C600 3x"},"classes":[]}],"_links":{"self":[{"href":"http:\/\/www.jojoenherbe.com\/index.php\/wp-json\/wp\/v2\/posts\/31812","targetHints":{"allow":["GET"]}}],"collection":[{"href":"http:\/\/www.jojoenherbe.com\/index.php\/wp-json\/wp\/v2\/posts"}],"about":[{"href":"http:\/\/www.jojoenherbe.com\/index.php\/wp-json\/wp\/v2\/types\/post"}],"author":[{"embeddable":true,"href":"http:\/\/www.jojoenherbe.com\/index.php\/wp-json\/wp\/v2\/users\/1"}],"replies":[{"embeddable":true,"href":"http:\/\/www.jojoenherbe.com\/index.php\/wp-json\/wp\/v2\/comments?post=31812"}],"version-history":[{"count":10,"href":"http:\/\/www.jojoenherbe.com\/index.php\/wp-json\/wp\/v2\/posts\/31812\/revisions"}],"predecessor-version":[{"id":31859,"href":"http:\/\/www.jojoenherbe.com\/index.php\/wp-json\/wp\/v2\/posts\/31812\/revisions\/31859"}],"wp:featuredmedia":[{"embeddable":true,"href":"http:\/\/www.jojoenherbe.com\/index.php\/wp-json\/wp\/v2\/media\/31820"}],"wp:attachment":[{"href":"http:\/\/www.jojoenherbe.com\/index.php\/wp-json\/wp\/v2\/media?parent=31812"}],"wp:term":[{"taxonomy":"category","embeddable":true,"href":"http:\/\/www.jojoenherbe.com\/index.php\/wp-json\/wp\/v2\/categories?post=31812"},{"taxonomy":"post_tag","embeddable":true,"href":"http:\/\/www.jojoenherbe.com\/index.php\/wp-json\/wp\/v2\/tags?post=31812"}],"curies":[{"name":"wp","href":"https:\/\/api.w.org\/{rel}","templated":true}]}}