{"id":31501,"date":"2023-08-21T19:00:43","date_gmt":"2023-08-21T17:00:43","guid":{"rendered":"https:\/\/www.jojoenherbe.com\/?p=31501"},"modified":"2023-09-02T09:49:15","modified_gmt":"2023-09-02T07:49:15","slug":"point-lecture-hebdomadaire-2023-33","status":"publish","type":"post","link":"http:\/\/www.jojoenherbe.com\/index.php\/2023\/08\/21\/point-lecture-hebdomadaire-2023-33\/","title":{"rendered":"Point lecture hebdomadaire 2023 #33"},"content":{"rendered":"<p style=\"text-align: justify;\"><em>En ce d\u00e9but de semaine, voici notre point lecture hebdomadaire avec un retour sur nos lectures de la semaine derni\u00e8re (mais pas nos relectures).<\/em><\/p>\n<p><span style=\"text-decoration: underline;\"><strong>Nos lectures du 14 au 20 ao\u00fbt 2023<\/strong><\/span><strong>:<\/strong><\/p>\n<p><em><span style=\"text-decoration: underline;\">Des lectures jeunesse<\/span>:<\/em><\/p>\n<ul>\n<li style=\"text-align: justify;\"><em>(Roman jeunesse) <strong><span style=\"text-decoration: underline;\">Vol d\u2019\u00e9t\u00e9<\/span><\/strong> de Marie-Anne Abesdris<\/em><\/li>\n<\/ul>\n<p style=\"text-align: justify;\"><em><a href=\"https:\/\/i0.wp.com\/www.jojoenherbe.com\/wp-content\/uploads\/2023\/08\/Vol-dete-scaled.jpg\"><img data-recalc-dims=\"1\" loading=\"lazy\" decoding=\"async\" data-attachment-id=\"31625\" data-permalink=\"http:\/\/www.jojoenherbe.com\/index.php\/2023\/08\/20\/au-fil-des-pages-avec-vol-dete\/vol-dete\/\" data-orig-file=\"https:\/\/i0.wp.com\/www.jojoenherbe.com\/wp-content\/uploads\/2023\/08\/Vol-dete-scaled.jpg?fit=2560%2C2127\" data-orig-size=\"2560,2127\" data-comments-opened=\"1\" data-image-meta=\"{&quot;aperture&quot;:&quot;1.8&quot;,&quot;credit&quot;:&quot;&quot;,&quot;camera&quot;:&quot;iPhone 7&quot;,&quot;caption&quot;:&quot;&quot;,&quot;created_timestamp&quot;:&quot;1692528408&quot;,&quot;copyright&quot;:&quot;&quot;,&quot;focal_length&quot;:&quot;3.99&quot;,&quot;iso&quot;:&quot;100&quot;,&quot;shutter_speed&quot;:&quot;0.11111111111111&quot;,&quot;title&quot;:&quot;&quot;,&quot;orientation&quot;:&quot;1&quot;}\" data-image-title=\"Vol d&amp;rsquo;\u00e9t\u00e9\" data-image-description=\"\" data-image-caption=\"\" data-large-file=\"https:\/\/i0.wp.com\/www.jojoenherbe.com\/wp-content\/uploads\/2023\/08\/Vol-dete-scaled.jpg?fit=676%2C562\" class=\"alignleft size-thumbnail wp-image-31625\" src=\"https:\/\/i0.wp.com\/www.jojoenherbe.com\/wp-content\/uploads\/2023\/08\/Vol-dete.jpg?resize=150%2C150\" alt=\"\" width=\"150\" height=\"150\" srcset=\"https:\/\/i0.wp.com\/www.jojoenherbe.com\/wp-content\/uploads\/2023\/08\/Vol-dete-scaled.jpg?resize=150%2C150 150w, https:\/\/i0.wp.com\/www.jojoenherbe.com\/wp-content\/uploads\/2023\/08\/Vol-dete-scaled.jpg?zoom=2&amp;resize=150%2C150 300w, https:\/\/i0.wp.com\/www.jojoenherbe.com\/wp-content\/uploads\/2023\/08\/Vol-dete-scaled.jpg?zoom=3&amp;resize=150%2C150 450w\" sizes=\"auto, (max-width: 150px) 100vw, 150px\" \/><\/a>Nous avons lu <a href=\"https:\/\/www.jojoenherbe.com\/index.php\/2023\/08\/20\/au-fil-des-pages-avec-vol-dete\/\"><span style=\"text-decoration: underline;\">Vol d\u2019\u00e9t\u00e9<\/span><\/a> de Marie-Anne Abesdris (\u00e9d. L\u2019\u00e9cole des loisirs, coll. Moucheron, 2020, 40 pages), un roman jeunesse \u00ab premi\u00e8res lectures \u00bb pour les 6\/8 ans et joliment illustr\u00e9. C\u2019est le dernier jour d\u2019\u00e9cole avant le d\u00e9part en vacances \u00e0 la campagne. Un long trajet en voiture attend le narrateur, un jeune gar\u00e7on citadin qui, le temps du trajet, se rem\u00e9more l\u2019ann\u00e9e scolaire \u00e9coul\u00e9e. Le texte \u00e9pur\u00e9 est facile \u00e0 lire pour un jeune lecteur. Un bon voire tr\u00e8s bon moment de lecture tout en douceur et en nostalgie avec ce roman jeunesse!<\/em><\/p>\n<p><em><span style=\"text-decoration: underline;\">Des lectures adulte<\/span>:<\/em><\/p>\n<p style=\"text-align: justify;\"><em>Parmi les 6 romans adultes que j\u2019ai lus cette semaine, je ne parlerai dans ce billet que de certains.<\/em><\/p>\n<ul>\n<li><em>(Cosy Mystery) <span style=\"text-decoration: underline;\"><strong>Un pique-nique presque parfait, une enqu\u00eate de Loveday &amp; Ryder<\/strong><\/span> de Faith Martin <strong>(T2)<\/strong><br \/>\n<\/em><\/li>\n<\/ul>\n<p style=\"text-align: justify;\"><span data-offset-key=\"9kvo-0-0\"><a href=\"https:\/\/i0.wp.com\/www.jojoenherbe.com\/wp-content\/uploads\/2023\/08\/Un-pique-nique-presque-parfait-T2.jpg\"><img data-recalc-dims=\"1\" loading=\"lazy\" decoding=\"async\" data-attachment-id=\"31596\" data-permalink=\"http:\/\/www.jojoenherbe.com\/index.php\/2023\/08\/19\/au-fil-des-pages-avec-le-tome-2-des-enquetes-de-loveday-ryder\/un-pique-nique-presque-parfait-t2\/\" data-orig-file=\"https:\/\/i0.wp.com\/www.jojoenherbe.com\/wp-content\/uploads\/2023\/08\/Un-pique-nique-presque-parfait-T2.jpg?fit=750%2C1334\" data-orig-size=\"750,1334\" data-comments-opened=\"1\" data-image-meta=\"{&quot;aperture&quot;:&quot;0&quot;,&quot;credit&quot;:&quot;&quot;,&quot;camera&quot;:&quot;&quot;,&quot;caption&quot;:&quot;&quot;,&quot;created_timestamp&quot;:&quot;0&quot;,&quot;copyright&quot;:&quot;&quot;,&quot;focal_length&quot;:&quot;0&quot;,&quot;iso&quot;:&quot;0&quot;,&quot;shutter_speed&quot;:&quot;0&quot;,&quot;title&quot;:&quot;&quot;,&quot;orientation&quot;:&quot;0&quot;}\" data-image-title=\"Un pique-nique presque parfait T2\" data-image-description=\"\" data-image-caption=\"\" data-large-file=\"https:\/\/i0.wp.com\/www.jojoenherbe.com\/wp-content\/uploads\/2023\/08\/Un-pique-nique-presque-parfait-T2.jpg?fit=576%2C1024\" class=\"size-thumbnail wp-image-31596 alignright\" src=\"https:\/\/i0.wp.com\/www.jojoenherbe.com\/wp-content\/uploads\/2023\/08\/Un-pique-nique-presque-parfait-T2.jpg?resize=150%2C150\" alt=\"\" width=\"150\" height=\"150\" srcset=\"https:\/\/i0.wp.com\/www.jojoenherbe.com\/wp-content\/uploads\/2023\/08\/Un-pique-nique-presque-parfait-T2.jpg?resize=150%2C150 150w, https:\/\/i0.wp.com\/www.jojoenherbe.com\/wp-content\/uploads\/2023\/08\/Un-pique-nique-presque-parfait-T2.jpg?zoom=2&amp;resize=150%2C150 300w, https:\/\/i0.wp.com\/www.jojoenherbe.com\/wp-content\/uploads\/2023\/08\/Un-pique-nique-presque-parfait-T2.jpg?zoom=3&amp;resize=150%2C150 450w\" sizes=\"auto, (max-width: 150px) 100vw, 150px\" \/><\/a><em>J&rsquo;ai lu , en e-book, <span style=\"text-decoration: underline;\">Un pique-nique presque parfait, une enqu\u00eate de Loveday &amp; Ryder<\/span> de Faith Martin (\u00e9d. Harper Collins, 2020, 281 pages), le <a href=\"http:\/\/www.jojoenherbe.com\/index.php\/2023\/08\/19\/au-fil-des-pages-avec-le-tome-2-des-enquetes-de-loveday-ryder\/\">tome 2<\/a> d\u2019une s\u00e9rie livresque \u00ab cosy mystery \u00bb qui se passe dans les ann\u00e9es 60, \u00e0 Oxford.\u00a0 <\/em><\/span><em>\u00c0 la mi-juin 1960, le corps de <span class=\"actual-text\">Derek Chadworth<\/span> est retrouv\u00e9 mort sur les berges dune rivi\u00e8re, aux abords du Port Meadow, l\u2019endroit m\u00eame ou des \u00e9tudiants hupp\u00e9s <span class=\"actual-text\">de St Bede\u2019s College<\/span> ont f\u00eat\u00e9 la fin d\u2019ann\u00e9e.\u00a0 Le duo Loveday &amp; Ryder parviendra-t-il \u00e0 r\u00e9soudre l\u2019enqu\u00eate? Il y est ainsi question de la condition de la femme dans les ann\u00e9es 60, d\u2019in\u00e9galit\u00e9s sociales et de corruption politico-judiciaire. J\u2019ai trouv\u00e9 que l\u2019enqu\u00eate \u00e9tait mieux construite que dans le premier tome. De quoi rendre la jeune stagiaire aussi cynique que son mentor? <\/em><span data-offset-key=\"9kvo-0-0\"><em>Un bon voire tr\u00e8s bon moment de lecture en compagnie de ce duo d&rsquo;enqu\u00eateurs dans une soci\u00e9t\u00e9 anglaise 60&rsquo;s sexiste et socialement in\u00e9galitaire. Ayant d\u00e9j\u00e0 lu le tome 3, <span style=\"text-decoration: underline;\">Meurtre en coulisse<\/span> (\u00e9d. Harper Collins, 2020, 284 pages) en ao\u00fbt 2021, j\u2019ai d\u2019ores et d\u00e9j\u00e0 rep\u00e9r\u00e9 que le tome 4,\u00a0 <span style=\"text-decoration: underline;\">Le secret de Briar\u2019s Hall<\/span> (\u00e9d. Harper Collins, 2021, 348 pages) \u00e9tait disponible \u00e0 ma m\u00e9diath\u00e8que. <\/em><\/span><\/p>\n<p><strong><span style=\"text-decoration: underline;\">Ma lecture en cours<\/span>:<\/strong><\/p>\n<p style=\"text-align: justify;\"><em>(Romance contemporaine) <strong><span style=\"text-decoration: underline;\">Puffin Island, \u00c0 l&rsquo;horizon, l&rsquo;Amour<\/span><\/strong> de Sarah Morgan <strong>(T1)<\/strong><\/em><\/p>\n<p style=\"text-align: justify;\"><em><a href=\"https:\/\/i0.wp.com\/www.jojoenherbe.com\/wp-content\/uploads\/2023\/08\/A-lhorizon-lAmour-T1.jpg\"><img data-recalc-dims=\"1\" loading=\"lazy\" decoding=\"async\" data-attachment-id=\"31652\" data-permalink=\"http:\/\/www.jojoenherbe.com\/index.php\/2023\/08\/21\/point-lecture-hebdomadaire-2023-33\/a-lhorizon-lamour-t1\/\" data-orig-file=\"https:\/\/i0.wp.com\/www.jojoenherbe.com\/wp-content\/uploads\/2023\/08\/A-lhorizon-lAmour-T1.jpg?fit=750%2C1334\" data-orig-size=\"750,1334\" data-comments-opened=\"1\" data-image-meta=\"{&quot;aperture&quot;:&quot;0&quot;,&quot;credit&quot;:&quot;&quot;,&quot;camera&quot;:&quot;&quot;,&quot;caption&quot;:&quot;&quot;,&quot;created_timestamp&quot;:&quot;0&quot;,&quot;copyright&quot;:&quot;&quot;,&quot;focal_length&quot;:&quot;0&quot;,&quot;iso&quot;:&quot;0&quot;,&quot;shutter_speed&quot;:&quot;0&quot;,&quot;title&quot;:&quot;&quot;,&quot;orientation&quot;:&quot;0&quot;}\" data-image-title=\"A l&amp;rsquo;horizon, l&amp;rsquo;Amour T1\" data-image-description=\"\" data-image-caption=\"\" data-large-file=\"https:\/\/i0.wp.com\/www.jojoenherbe.com\/wp-content\/uploads\/2023\/08\/A-lhorizon-lAmour-T1.jpg?fit=576%2C1024\" class=\"alignleft size-thumbnail wp-image-31652\" src=\"https:\/\/i0.wp.com\/www.jojoenherbe.com\/wp-content\/uploads\/2023\/08\/A-lhorizon-lAmour-T1.jpg?resize=150%2C150\" alt=\"\" width=\"150\" height=\"150\" srcset=\"https:\/\/i0.wp.com\/www.jojoenherbe.com\/wp-content\/uploads\/2023\/08\/A-lhorizon-lAmour-T1.jpg?resize=150%2C150 150w, https:\/\/i0.wp.com\/www.jojoenherbe.com\/wp-content\/uploads\/2023\/08\/A-lhorizon-lAmour-T1.jpg?zoom=2&amp;resize=150%2C150 300w, https:\/\/i0.wp.com\/www.jojoenherbe.com\/wp-content\/uploads\/2023\/08\/A-lhorizon-lAmour-T1.jpg?zoom=3&amp;resize=150%2C150 450w\" sizes=\"auto, (max-width: 150px) 100vw, 150px\" \/><\/a>Ayant bien appr\u00e9ci\u00e9 il y a quelques ann\u00e9es sa trilogie <span style=\"text-decoration: underline;\">Snow Crystal<\/span> et <span style=\"text-decoration: underline;\">Les v\u0153ux secrets des s\u0153urs McBride<\/span>, j&rsquo;ai commenc\u00e9 \u00e0 lire, en e-book, jusqu&rsquo;au chapitre 5 (108 pages lues) le tome 1 de la trilogie <span style=\"text-decoration: underline;\">Puffin Island<\/span> parue pour la premi\u00e8re fois aux \u00c9tats-Unis en 2015, <span style=\"text-decoration: underline;\">\u00c0 l&rsquo;horizon, l&rsquo;Amour<\/span> de Sarah Morgan (\u00e9d. HarperCollins, 2023, 403 pages), une romance contemporaine se d\u00e9roulant sur l&rsquo;\u00eele de Puffin Island, au large de New York. Suite au d\u00e9c\u00e8s de sa s\u0153ur cadette, Emily se voit confier la garde soudaine de sa ni\u00e8ce de 6 ans qu&rsquo;elle ne connaissait pas, Juliette, appel\u00e9e Lizzy afin d&rsquo;\u00e9viter les journalistes people et paparazzis. Il lui est bien difficile de devenir m\u00e8re du jour au lendemain et de s&rsquo;occuper de la fillette d&rsquo;autant qu&rsquo;elle s&rsquo;est r\u00e9fugi\u00e9e sur une \u00eele, elle qui a peur de l&rsquo;eau et qui n&rsquo;entend s&rsquo;attacher \u00e0 personne. Emily r\u00e9ussira-t-elle \u00e0 surmonter ses peurs en trouvant refuge \u00e0 Castaway Cottage et en acceptant l&rsquo;aide de Ryan Cooper, un ami de Brittany qui lui a demand\u00e9 de veiller sur elle? Pour le moment, l&rsquo;histoire avance peu et est focalis\u00e9e sur les \u00e9tats d&rsquo;\u00e2mes et peur d&rsquo;Emily, de fa\u00e7on un peu trop grossi\u00e8re et trop prononc\u00e9e \u00e0 mon go\u00fbt. J&rsquo;esp\u00e8re que ce sera plus int\u00e9ressant pour la suite.<\/em><\/p>\n","protected":false},"excerpt":{"rendered":"<p>En ce d\u00e9but de semaine, voici notre point lecture hebdomadaire avec un retour sur nos lectures de la semaine derni\u00e8re (mais pas nos relectures). Nos lectures du 14 au 20 ao\u00fbt 2023: Des lectures jeunesse: (Roman jeunesse) Vol d\u2019\u00e9t\u00e9 de Marie-Anne Abesdris Nous avons lu Vol d\u2019\u00e9t\u00e9 de Marie-Anne Abesdris (\u00e9d. L\u2019\u00e9cole des loisirs, coll. [&hellip;]<\/p>\n","protected":false},"author":1,"featured_media":0,"comment_status":"open","ping_status":"open","sticky":false,"template":"","format":"standard","meta":{"jetpack_post_was_ever_published":false,"_jetpack_newsletter_access":"","_jetpack_dont_email_post_to_subs":false,"_jetpack_newsletter_tier_id":0,"_jetpack_memberships_contains_paywalled_content":false,"_jetpack_memberships_contains_paid_content":false,"footnotes":""},"categories":[2140,363],"tags":[1334,2599,1085,367,3780,3786,2767,2945,844,3236,789,1994],"class_list":["post-31501","post","type-post","status-publish","format-standard","hentry","category-mini-blogueur","category-mini-lecteur","tag-cosy-mystery","tag-faith-martin","tag-lecture-adulte","tag-lecture-jeunesse","tag-loveday-ryder","tag-marie-anne-abesdris","tag-point-lecture-hebdo","tag-premieres-lectures","tag-romance","tag-romance-contemporaine","tag-romans-jeunesse","tag-sarah-morgan","post-preview"],"jetpack_featured_media_url":"","jetpack_sharing_enabled":true,"jetpack_shortlink":"https:\/\/wp.me\/p9zhGx-8c5","jetpack_likes_enabled":true,"jetpack-related-posts":[{"id":31618,"url":"http:\/\/www.jojoenherbe.com\/index.php\/2023\/08\/20\/au-fil-des-pages-avec-vol-dete\/","url_meta":{"origin":31501,"position":0},"title":"Au fil des pages avec Vol d&rsquo;\u00e9t\u00e9","author":"Jojo","date":"20 ao\u00fbt 2023","format":false,"excerpt":"Nous avons lu Vol d'\u00e9t\u00e9 de Marie-Anne Abesdris (\u00e9d. L'\u00e9cole des loisirs, coll. Moucheron, 2020, 40 pages), un roman jeunesse \"premi\u00e8res lectures\" pour les 6\/8 ans. C'est le dernier jour d'\u00e9cole avant le d\u00e9part en vacances \u00e0 la campagne. Un long trajet en voiture attend le narrateur, un jeune gar\u00e7on\u2026","rel":"","context":"Dans &quot;Mini lecteur&quot;","block_context":{"text":"Mini lecteur","link":"http:\/\/www.jojoenherbe.com\/index.php\/category\/mini-lecteur\/"},"img":{"alt_text":"","src":"https:\/\/i0.wp.com\/www.jojoenherbe.com\/wp-content\/uploads\/2023\/08\/Vol-dete-scaled.jpg?fit=1200%2C997&resize=350%2C200","width":350,"height":200,"srcset":"https:\/\/i0.wp.com\/www.jojoenherbe.com\/wp-content\/uploads\/2023\/08\/Vol-dete-scaled.jpg?fit=1200%2C997&resize=350%2C200 1x, https:\/\/i0.wp.com\/www.jojoenherbe.com\/wp-content\/uploads\/2023\/08\/Vol-dete-scaled.jpg?fit=1200%2C997&resize=525%2C300 1.5x, https:\/\/i0.wp.com\/www.jojoenherbe.com\/wp-content\/uploads\/2023\/08\/Vol-dete-scaled.jpg?fit=1200%2C997&resize=700%2C400 2x, https:\/\/i0.wp.com\/www.jojoenherbe.com\/wp-content\/uploads\/2023\/08\/Vol-dete-scaled.jpg?fit=1200%2C997&resize=1050%2C600 3x"},"classes":[]},{"id":37057,"url":"http:\/\/www.jojoenherbe.com\/index.php\/2024\/09\/30\/point-lecture-hebdomadaire-2024-39\/","url_meta":{"origin":31501,"position":1},"title":"Point lecture hebdomadaire 2024 #39","author":"Jojo","date":"30 septembre 2024","format":false,"excerpt":"En ce d\u00e9but de semaine, voici mon point lecture hebdomadaire avec un retour sur nos lectures (mais pas nos relectures) de la semaine derni\u00e8re. Nos lectures du 23 au 29 septembre 2024: Des lectures jeunesse: Nous avons continu\u00e9 chaque soir et presque fini de lire Le jardin secret de Frances\u2026","rel":"","context":"Dans &quot;Mini blogueur&quot;","block_context":{"text":"Mini blogueur","link":"http:\/\/www.jojoenherbe.com\/index.php\/category\/mini-blogueur\/"},"img":{"alt_text":"","src":"https:\/\/i0.wp.com\/www.jojoenherbe.com\/wp-content\/uploads\/2020\/04\/Le-jardin-secret-150x150.jpg?resize=350%2C200","width":350,"height":200},"classes":[]},{"id":31146,"url":"http:\/\/www.jojoenherbe.com\/index.php\/2023\/06\/26\/point-lecture-hebdomadaire-2023-25\/","url_meta":{"origin":31501,"position":2},"title":"Point lecture hebdomadaire 2023 #25","author":"Jojo","date":"26 juin 2023","format":false,"excerpt":"En ce d\u00e9but de semaine, voici notre point lecture hebdomadaire avec un retour sur nos lectures de la semaine derni\u00e8re (mais pas nos relectures). Nos lectures du 19 au 25 juin 2023: Des lectures jeunesse: (Album jeunesse) Allons aider l'\u00e9t\u00e9 de Laura Hedon Nous avons lu Allons aider l\u2019\u00e9t\u00e9 de\u2026","rel":"","context":"Dans &quot;Mini blogueur&quot;","block_context":{"text":"Mini blogueur","link":"http:\/\/www.jojoenherbe.com\/index.php\/category\/mini-blogueur\/"},"img":{"alt_text":"","src":"https:\/\/i0.wp.com\/www.jojoenherbe.com\/wp-content\/uploads\/2023\/06\/Point-lecture-hebdomadaire-2023-25-scaled.jpg?fit=1200%2C900&resize=350%2C200","width":350,"height":200,"srcset":"https:\/\/i0.wp.com\/www.jojoenherbe.com\/wp-content\/uploads\/2023\/06\/Point-lecture-hebdomadaire-2023-25-scaled.jpg?fit=1200%2C900&resize=350%2C200 1x, https:\/\/i0.wp.com\/www.jojoenherbe.com\/wp-content\/uploads\/2023\/06\/Point-lecture-hebdomadaire-2023-25-scaled.jpg?fit=1200%2C900&resize=525%2C300 1.5x, https:\/\/i0.wp.com\/www.jojoenherbe.com\/wp-content\/uploads\/2023\/06\/Point-lecture-hebdomadaire-2023-25-scaled.jpg?fit=1200%2C900&resize=700%2C400 2x, https:\/\/i0.wp.com\/www.jojoenherbe.com\/wp-content\/uploads\/2023\/06\/Point-lecture-hebdomadaire-2023-25-scaled.jpg?fit=1200%2C900&resize=1050%2C600 3x"},"classes":[]},{"id":25915,"url":"http:\/\/www.jojoenherbe.com\/index.php\/2022\/06\/20\/point-lecture-hebdomadaire-46\/","url_meta":{"origin":31501,"position":3},"title":"Point lecture hebdomadaire #46","author":"Jojo","date":"20 juin 2022","format":false,"excerpt":"En ce d\u00e9but de semaine, voici notre point lecture hebdomadaire avec un retour sur nos lectures de la semaine derni\u00e8re (mais pas nos relectures) et ma lecture en cours. j'ai surtout pioch\u00e9 dans ma PAL anglo-saxonne puisqu'en juin, c'est le Mois Anglais 2022 coorganis\u00e9e par Lou et Titine. Nos lectures\u2026","rel":"","context":"Dans &quot;Mini blogueur&quot;","block_context":{"text":"Mini blogueur","link":"http:\/\/www.jojoenherbe.com\/index.php\/category\/mini-blogueur\/"},"img":{"alt_text":"","src":"https:\/\/i0.wp.com\/www.jojoenherbe.com\/wp-content\/uploads\/2022\/07\/Point-lecture-hebdo-46-scaled.jpg?fit=1200%2C795&resize=350%2C200","width":350,"height":200,"srcset":"https:\/\/i0.wp.com\/www.jojoenherbe.com\/wp-content\/uploads\/2022\/07\/Point-lecture-hebdo-46-scaled.jpg?fit=1200%2C795&resize=350%2C200 1x, https:\/\/i0.wp.com\/www.jojoenherbe.com\/wp-content\/uploads\/2022\/07\/Point-lecture-hebdo-46-scaled.jpg?fit=1200%2C795&resize=525%2C300 1.5x, https:\/\/i0.wp.com\/www.jojoenherbe.com\/wp-content\/uploads\/2022\/07\/Point-lecture-hebdo-46-scaled.jpg?fit=1200%2C795&resize=700%2C400 2x, https:\/\/i0.wp.com\/www.jojoenherbe.com\/wp-content\/uploads\/2022\/07\/Point-lecture-hebdo-46-scaled.jpg?fit=1200%2C795&resize=1050%2C600 3x"},"classes":[]},{"id":35040,"url":"http:\/\/www.jojoenherbe.com\/index.php\/2024\/03\/04\/point-lecture-hebdomadaire-2024-9\/","url_meta":{"origin":31501,"position":4},"title":"Point lecture hebdomadaire 2024 #9","author":"Jojo","date":"4 mars 2024","format":false,"excerpt":"En ce d\u00e9but de semaine, voici mon point lecture hebdomadaire avec un retour sur nos lectures de la semaine derni\u00e8re (mais pas nos relectures). Nos lectures du 26 f\u00e9vrier au 3 mars 2024: Des lectures jeunesse: Mon mini lecteur a encore relu cette semaine plusieurs tomes de Mortelle Ad\u00e8le et\u2026","rel":"","context":"Dans &quot;Mini blogueur&quot;","block_context":{"text":"Mini blogueur","link":"http:\/\/www.jojoenherbe.com\/index.php\/category\/mini-blogueur\/"},"img":{"alt_text":"","src":"https:\/\/i0.wp.com\/www.jojoenherbe.com\/wp-content\/uploads\/2024\/03\/Point-lecture-hebdo-2024-9-scaled.jpg?fit=1200%2C745&resize=350%2C200","width":350,"height":200,"srcset":"https:\/\/i0.wp.com\/www.jojoenherbe.com\/wp-content\/uploads\/2024\/03\/Point-lecture-hebdo-2024-9-scaled.jpg?fit=1200%2C745&resize=350%2C200 1x, https:\/\/i0.wp.com\/www.jojoenherbe.com\/wp-content\/uploads\/2024\/03\/Point-lecture-hebdo-2024-9-scaled.jpg?fit=1200%2C745&resize=525%2C300 1.5x, https:\/\/i0.wp.com\/www.jojoenherbe.com\/wp-content\/uploads\/2024\/03\/Point-lecture-hebdo-2024-9-scaled.jpg?fit=1200%2C745&resize=700%2C400 2x, https:\/\/i0.wp.com\/www.jojoenherbe.com\/wp-content\/uploads\/2024\/03\/Point-lecture-hebdo-2024-9-scaled.jpg?fit=1200%2C745&resize=1050%2C600 3x"},"classes":[]},{"id":34189,"url":"http:\/\/www.jojoenherbe.com\/index.php\/2024\/01\/08\/point-lecture-hebdomadaire-2024-1\/","url_meta":{"origin":31501,"position":5},"title":"Point lecture hebdomadaire 2024 #1","author":"Jojo","date":"8 janvier 2024","format":false,"excerpt":"En ce d\u00e9but de semaine, voici notre point lecture hebdomadaire avec un retour sur nos lectures de la semaine derni\u00e8re (mais pas nos relectures), la plupart encore de No\u00ebl puisque le week-end dernier s'est fini le challenge Il \u00e9tait 11 fois No\u00ebl avec un read-a-thon. Nos lectures du 1er au\u2026","rel":"","context":"Dans &quot;Mini blogueur&quot;","block_context":{"text":"Mini blogueur","link":"http:\/\/www.jojoenherbe.com\/index.php\/category\/mini-blogueur\/"},"img":{"alt_text":"","src":"https:\/\/i0.wp.com\/www.jojoenherbe.com\/wp-content\/uploads\/2024\/01\/Point-lecture-hebdo-2024-1-scaled.jpg?fit=1200%2C684&resize=350%2C200","width":350,"height":200,"srcset":"https:\/\/i0.wp.com\/www.jojoenherbe.com\/wp-content\/uploads\/2024\/01\/Point-lecture-hebdo-2024-1-scaled.jpg?fit=1200%2C684&resize=350%2C200 1x, https:\/\/i0.wp.com\/www.jojoenherbe.com\/wp-content\/uploads\/2024\/01\/Point-lecture-hebdo-2024-1-scaled.jpg?fit=1200%2C684&resize=525%2C300 1.5x, https:\/\/i0.wp.com\/www.jojoenherbe.com\/wp-content\/uploads\/2024\/01\/Point-lecture-hebdo-2024-1-scaled.jpg?fit=1200%2C684&resize=700%2C400 2x, https:\/\/i0.wp.com\/www.jojoenherbe.com\/wp-content\/uploads\/2024\/01\/Point-lecture-hebdo-2024-1-scaled.jpg?fit=1200%2C684&resize=1050%2C600 3x"},"classes":[]}],"_links":{"self":[{"href":"http:\/\/www.jojoenherbe.com\/index.php\/wp-json\/wp\/v2\/posts\/31501","targetHints":{"allow":["GET"]}}],"collection":[{"href":"http:\/\/www.jojoenherbe.com\/index.php\/wp-json\/wp\/v2\/posts"}],"about":[{"href":"http:\/\/www.jojoenherbe.com\/index.php\/wp-json\/wp\/v2\/types\/post"}],"author":[{"embeddable":true,"href":"http:\/\/www.jojoenherbe.com\/index.php\/wp-json\/wp\/v2\/users\/1"}],"replies":[{"embeddable":true,"href":"http:\/\/www.jojoenherbe.com\/index.php\/wp-json\/wp\/v2\/comments?post=31501"}],"version-history":[{"count":16,"href":"http:\/\/www.jojoenherbe.com\/index.php\/wp-json\/wp\/v2\/posts\/31501\/revisions"}],"predecessor-version":[{"id":31731,"href":"http:\/\/www.jojoenherbe.com\/index.php\/wp-json\/wp\/v2\/posts\/31501\/revisions\/31731"}],"wp:attachment":[{"href":"http:\/\/www.jojoenherbe.com\/index.php\/wp-json\/wp\/v2\/media?parent=31501"}],"wp:term":[{"taxonomy":"category","embeddable":true,"href":"http:\/\/www.jojoenherbe.com\/index.php\/wp-json\/wp\/v2\/categories?post=31501"},{"taxonomy":"post_tag","embeddable":true,"href":"http:\/\/www.jojoenherbe.com\/index.php\/wp-json\/wp\/v2\/tags?post=31501"}],"curies":[{"name":"wp","href":"https:\/\/api.w.org\/{rel}","templated":true}]}}