{"id":31274,"date":"2023-04-09T09:59:02","date_gmt":"2023-04-09T07:59:02","guid":{"rendered":"https:\/\/www.jojoenherbe.com\/?p=31274"},"modified":"2023-12-31T13:12:08","modified_gmt":"2023-12-31T12:12:08","slug":"au-fil-des-pages-avec-hana-au-temps-des-tulipes","status":"publish","type":"post","link":"http:\/\/www.jojoenherbe.com\/index.php\/2023\/04\/09\/au-fil-des-pages-avec-hana-au-temps-des-tulipes\/","title":{"rendered":"Au fil des pages avec Hana au temps des tulipes"},"content":{"rendered":"<p style=\"text-align: justify;\"><em><a href=\"https:\/\/i0.wp.com\/www.jojoenherbe.com\/wp-content\/uploads\/2023\/06\/Hana-au-temps-des-tulipes-4-scaled.jpg\"><img data-recalc-dims=\"1\" loading=\"lazy\" decoding=\"async\" data-attachment-id=\"31278\" data-permalink=\"http:\/\/www.jojoenherbe.com\/index.php\/2023\/04\/09\/au-fil-des-pages-avec-hana-au-temps-des-tulipes\/hana-au-temps-des-tulipes-4\/\" data-orig-file=\"https:\/\/i0.wp.com\/www.jojoenherbe.com\/wp-content\/uploads\/2023\/06\/Hana-au-temps-des-tulipes-4-scaled.jpg?fit=2560%2C1223\" data-orig-size=\"2560,1223\" data-comments-opened=\"1\" data-image-title=\"Hana au temps des tulipes 4\" data-image-description=\"\" data-image-caption=\"\" data-large-file=\"https:\/\/i0.wp.com\/www.jojoenherbe.com\/wp-content\/uploads\/2023\/06\/Hana-au-temps-des-tulipes-4-scaled.jpg?fit=676%2C323\" class=\"alignleft size-thumbnail wp-image-31278\" src=\"https:\/\/i0.wp.com\/www.jojoenherbe.com\/wp-content\/uploads\/2023\/06\/Hana-au-temps-des-tulipes-4.jpg?resize=150%2C150\" alt=\"\" width=\"150\" height=\"150\" srcset=\"https:\/\/i0.wp.com\/www.jojoenherbe.com\/wp-content\/uploads\/2023\/06\/Hana-au-temps-des-tulipes-4-scaled.jpg?resize=150%2C150 150w, https:\/\/i0.wp.com\/www.jojoenherbe.com\/wp-content\/uploads\/2023\/06\/Hana-au-temps-des-tulipes-4-scaled.jpg?zoom=2&amp;resize=150%2C150 300w, https:\/\/i0.wp.com\/www.jojoenherbe.com\/wp-content\/uploads\/2023\/06\/Hana-au-temps-des-tulipes-4-scaled.jpg?zoom=3&amp;resize=150%2C150 450w\" sizes=\"auto, (max-width: 150px) 100vw, 150px\" \/><\/a> <a href=\"https:\/\/i0.wp.com\/www.jojoenherbe.com\/wp-content\/uploads\/2023\/06\/Hana-au-temps-des-tulipes-5-scaled.jpg\"><img data-recalc-dims=\"1\" loading=\"lazy\" decoding=\"async\" data-attachment-id=\"31279\" data-permalink=\"http:\/\/www.jojoenherbe.com\/index.php\/2023\/04\/09\/au-fil-des-pages-avec-hana-au-temps-des-tulipes\/hana-au-temps-des-tulipes-5\/\" data-orig-file=\"https:\/\/i0.wp.com\/www.jojoenherbe.com\/wp-content\/uploads\/2023\/06\/Hana-au-temps-des-tulipes-5-scaled.jpg?fit=2560%2C1321\" data-orig-size=\"2560,1321\" data-comments-opened=\"1\" data-image-title=\"Hana au temps des tulipes 5\" data-image-description=\"\" data-image-caption=\"\" data-large-file=\"https:\/\/i0.wp.com\/www.jojoenherbe.com\/wp-content\/uploads\/2023\/06\/Hana-au-temps-des-tulipes-5-scaled.jpg?fit=676%2C349\" class=\"alignleft size-thumbnail wp-image-31279\" src=\"https:\/\/i0.wp.com\/www.jojoenherbe.com\/wp-content\/uploads\/2023\/06\/Hana-au-temps-des-tulipes-5.jpg?resize=150%2C150\" alt=\"\" width=\"150\" height=\"150\" srcset=\"https:\/\/i0.wp.com\/www.jojoenherbe.com\/wp-content\/uploads\/2023\/06\/Hana-au-temps-des-tulipes-5-scaled.jpg?resize=150%2C150 150w, https:\/\/i0.wp.com\/www.jojoenherbe.com\/wp-content\/uploads\/2023\/06\/Hana-au-temps-des-tulipes-5-scaled.jpg?zoom=2&amp;resize=150%2C150 300w, https:\/\/i0.wp.com\/www.jojoenherbe.com\/wp-content\/uploads\/2023\/06\/Hana-au-temps-des-tulipes-5-scaled.jpg?zoom=3&amp;resize=150%2C150 450w\" sizes=\"auto, (max-width: 150px) 100vw, 150px\" \/><\/a>J&rsquo;avais lu \u00e0 l&rsquo;automne 2021 <span style=\"text-decoration: underline;\">Hana au temps des tulipes<\/span> de Deborah Noyes et Bagram Ibatoulline (\u00e9d. Gautier-Languereau, 2004, 29 pages), un album jeunesse \u00e0 partir de 5\/6 ans. Hana aime s&rsquo;amuser avec son p\u00e8re. Mais ce dernier n&rsquo;a plus de temps \u00e0 lui consacrer quand vient le temps des tulipes au point d&rsquo;en \u00eatre malade. L&rsquo;amour de la petite fille et la complicit\u00e9 d&rsquo;un ami de la famille, Rembrandt permettront-ils de soigner son p\u00e8re?<\/em><\/p>\n<p style=\"text-align: justify;\"><a href=\"https:\/\/i0.wp.com\/www.jojoenherbe.com\/wp-content\/uploads\/2023\/06\/Hana-au-temps-des-tulipes-2-scaled.jpg\"><img data-recalc-dims=\"1\" loading=\"lazy\" decoding=\"async\" data-attachment-id=\"31275\" data-permalink=\"http:\/\/www.jojoenherbe.com\/index.php\/2023\/04\/09\/au-fil-des-pages-avec-hana-au-temps-des-tulipes\/hana-au-temps-des-tulipes-2\/\" data-orig-file=\"https:\/\/i0.wp.com\/www.jojoenherbe.com\/wp-content\/uploads\/2023\/06\/Hana-au-temps-des-tulipes-2-scaled.jpg?fit=2560%2C1920\" data-orig-size=\"2560,1920\" data-comments-opened=\"1\" data-image-title=\"Hana au temps des tulipes 2\" data-image-description=\"\" data-image-caption=\"\" data-large-file=\"https:\/\/i0.wp.com\/www.jojoenherbe.com\/wp-content\/uploads\/2023\/06\/Hana-au-temps-des-tulipes-2-scaled.jpg?fit=676%2C507\" class=\"size-thumbnail wp-image-31275 alignright\" src=\"https:\/\/i0.wp.com\/www.jojoenherbe.com\/wp-content\/uploads\/2023\/06\/Hana-au-temps-des-tulipes-2.jpg?resize=150%2C150\" alt=\"\" width=\"150\" height=\"150\" srcset=\"https:\/\/i0.wp.com\/www.jojoenherbe.com\/wp-content\/uploads\/2023\/06\/Hana-au-temps-des-tulipes-2-scaled.jpg?resize=150%2C150 150w, https:\/\/i0.wp.com\/www.jojoenherbe.com\/wp-content\/uploads\/2023\/06\/Hana-au-temps-des-tulipes-2-scaled.jpg?zoom=2&amp;resize=150%2C150 300w, https:\/\/i0.wp.com\/www.jojoenherbe.com\/wp-content\/uploads\/2023\/06\/Hana-au-temps-des-tulipes-2-scaled.jpg?zoom=3&amp;resize=150%2C150 450w\" sizes=\"auto, (max-width: 150px) 100vw, 150px\" \/><\/a> <a href=\"https:\/\/i0.wp.com\/www.jojoenherbe.com\/wp-content\/uploads\/2023\/06\/Hana-au-temps-des-tulipes-3-scaled.jpg\"><img data-recalc-dims=\"1\" loading=\"lazy\" decoding=\"async\" data-attachment-id=\"31276\" data-permalink=\"http:\/\/www.jojoenherbe.com\/index.php\/2023\/04\/09\/au-fil-des-pages-avec-hana-au-temps-des-tulipes\/hana-au-temps-des-tulipes-3\/\" data-orig-file=\"https:\/\/i0.wp.com\/www.jojoenherbe.com\/wp-content\/uploads\/2023\/06\/Hana-au-temps-des-tulipes-3-scaled.jpg?fit=2560%2C1920\" data-orig-size=\"2560,1920\" data-comments-opened=\"1\" data-image-title=\"Hana au temps des tulipes 3\" data-image-description=\"\" data-image-caption=\"\" data-large-file=\"https:\/\/i0.wp.com\/www.jojoenherbe.com\/wp-content\/uploads\/2023\/06\/Hana-au-temps-des-tulipes-3-scaled.jpg?fit=676%2C507\" class=\"size-thumbnail wp-image-31276 alignright\" src=\"https:\/\/i0.wp.com\/www.jojoenherbe.com\/wp-content\/uploads\/2023\/06\/Hana-au-temps-des-tulipes-3.jpg?resize=150%2C150\" alt=\"\" width=\"150\" height=\"150\" srcset=\"https:\/\/i0.wp.com\/www.jojoenherbe.com\/wp-content\/uploads\/2023\/06\/Hana-au-temps-des-tulipes-3-scaled.jpg?resize=150%2C150 150w, https:\/\/i0.wp.com\/www.jojoenherbe.com\/wp-content\/uploads\/2023\/06\/Hana-au-temps-des-tulipes-3-scaled.jpg?zoom=2&amp;resize=150%2C150 300w, https:\/\/i0.wp.com\/www.jojoenherbe.com\/wp-content\/uploads\/2023\/06\/Hana-au-temps-des-tulipes-3-scaled.jpg?zoom=3&amp;resize=150%2C150 450w\" sizes=\"auto, (max-width: 150px) 100vw, 150px\" \/><\/a><em>Il y est question de relation p\u00e8re\/fille, du commerce des tulipes et de choix de vie. Apr\u00e8s l&rsquo;histoire, il y a une note de l&rsquo;autrice nous la remettant dans le contexte historique avec la fi\u00e8vre des tulipes entre 1634 et 1637, les commer\u00e7ant hollandais sp\u00e9culant sur le cours de la tulipe, quitte \u00e0 faire faillite. Les illustrations de Bagram Ibatoulline rappelle le style de Rembrandt, peintre et graveur n\u00e9erlandais du XVIIe si\u00e8cle. Un tr\u00e8s bon moment de lecture!<\/em><\/p>\n<div style=\"width: 116px\" class=\"wp-caption alignleft\"><img loading=\"lazy\" decoding=\"async\" src=\"https:\/\/lh3.googleusercontent.com\/pw\/AL9nZEWED5sOowfaAIivQoSsFwl6hy51lsnek_4EIHIPI8waW2MHjhj6cf1EWilIUD7SnvlDRky5UrFLm6lgTjQT1BDXKA7teG_K1CBqytzzkXj-pFGsHXBy_zmGvKTiD_gxxb6BAz3Fn3Q7E1EJdf1tGnU3MQ=w285-h217-no?authuser=0\" alt=\"\" width=\"106\" height=\"81\" \/><p class=\"wp-caption-text\">Challenge Petit Bac d\u2019<a href=\"https:\/\/ennalit.wordpress.com\/2022\/12\/01\/challenge-petit-bac-2023-qui-veut-jouer\/\" data-rich-text-format-boundary=\"true\">Enna<\/a> #4 Cat\u00e9gorie Pr\u00e9nom: \u00ab Hana \u00bb<\/p><\/div>\n<div id=\"attachment_19954\" style=\"width: 121px\" class=\"wp-caption alignleft\"><img loading=\"lazy\" decoding=\"async\" aria-describedby=\"caption-attachment-19954\" class=\"wp-image-19954\" src=\"https:\/\/i0.wp.com\/mapetitemediatheque.fr\/wp-content\/uploads\/2021\/11\/Inkedle-tour-du-monde-en-80-livres-2_LI.jpg?resize=116%2C87&amp;ssl=1\" sizes=\"auto, (max-width: 500px) 100vw, 500px\" srcset=\"https:\/\/i0.wp.com\/mapetitemediatheque.fr\/wp-content\/uploads\/2021\/11\/Inkedle-tour-du-monde-en-80-livres-2_LI.jpg?resize=116%2C87&amp;ssl=1 500w, https:\/\/mapetitemediatheque.fr\/wp-content\/uploads\/2021\/11\/Inkedle-tour-du-monde-en-80-livres-2_LI-300x226.jpg 300w, https:\/\/mapetitemediatheque.fr\/wp-content\/uploads\/2021\/11\/Inkedle-tour-du-monde-en-80-livres-2_LI-120x90.jpg 120w\" alt=\"\" width=\"111\" height=\"83\" aria-describedby=\"caption-attachment-19954\" \/><p id=\"caption-attachment-19954\" class=\"wp-caption-text\">Participation #20 (Parcours illustr\u00e9) Challenge Le tour du monde en 80 livres 2023 de <a href=\"https:\/\/mapetitemediatheque.fr\/2022\/12\/le-tour-du-monde-en-80-livres-2023\/\" data-rich-text-format-boundary=\"true\">Bidib<\/a> #\u00c9tats-Unis (autrice) et Russie (illustrateur)<\/p><\/div>\n","protected":false},"excerpt":{"rendered":"<p>J&rsquo;avais lu \u00e0 l&rsquo;automne 2021 Hana au temps des tulipes de Deborah Noyes et Bagram Ibatoulline (\u00e9d. Gautier-Languereau, 2004, 29 pages), un album jeunesse \u00e0 partir de 5\/6 ans. Hana aime s&rsquo;amuser avec son p\u00e8re. Mais ce dernier n&rsquo;a plus de temps \u00e0 lui consacrer quand vient le temps des tulipes au point d&rsquo;en \u00eatre [&hellip;]<\/p>\n","protected":false},"author":1,"featured_media":31280,"comment_status":"open","ping_status":"open","sticky":false,"template":"","format":"standard","meta":{"_jetpack_newsletter_access":"","_jetpack_dont_email_post_to_subs":false,"_jetpack_newsletter_tier_id":0,"_jetpack_memberships_contains_paywalled_content":false,"_jetpack_feature_clip_id":0,"_jetpack_memberships_contains_paid_content":false,"footnotes":"","jetpack_post_was_ever_published":false},"categories":[363],"tags":[995,409,3761,3519,3760,462,3525,367,1022,199,3406,207,1409,2235,3759,3758],"class_list":["post-31274","post","type-post","status-publish","format-standard","has-post-thumbnail","hentry","category-mini-lecteur","tag-5-8-ans","tag-albums-jeunesse","tag-bagram-ibatoulline","tag-challenge-petit-bac-2023","tag-deborah-noyes","tag-fleurs","tag-le-tour-du-monde-en-80-livres-2023","tag-lecture-jeunesse","tag-lectures-de-printemps","tag-oeuvres-dart","tag-pays-bas","tag-printemps","tag-relation-parent-enfant","tag-relation-pere-fille","tag-rembrandt","tag-tulipe","post-preview"],"jetpack_sharing_enabled":true,"jetpack_shortlink":"https:\/\/wp.me\/p9zhGx-88q","jetpack_likes_enabled":true,"jetpack-related-posts":[{"id":43889,"url":"http:\/\/www.jojoenherbe.com\/index.php\/2026\/04\/23\/au-fil-des-pages-avec-lhotel-tulipe\/","url_meta":{"origin":31274,"position":0},"title":"Au fil des pages avec L&rsquo;H\u00f4tel Tulipe","author":"Jojo","date":"23 avril 2026","format":false,"excerpt":"Nous avons lu L'H\u00f4tel Tulipe de Kim Ji-an (\u00e9d. Quilinn, f\u00e9vrier 2024), un album jeunesse \u00e0 partir de 3\/4 ans et \u00e0 lire tout seul, selon l'\u00e9diteur, d\u00e8s 6 ans. A l'arriv\u00e9e de l'automne, il est temps pour les souris des moissons de planter les bulbes de tulipes. Le temps\u2026","rel":"","context":"Dans &quot;Mini lecteur&quot;","block_context":{"text":"Mini lecteur","link":"http:\/\/www.jojoenherbe.com\/index.php\/category\/mini-lecteur\/"},"img":{"alt_text":"","src":"https:\/\/i0.wp.com\/www.jojoenherbe.com\/wp-content\/uploads\/2026\/04\/LHotel-Tulipe-scaled.jpeg?fit=1200%2C916&resize=350%2C200","width":350,"height":200,"srcset":"https:\/\/i0.wp.com\/www.jojoenherbe.com\/wp-content\/uploads\/2026\/04\/LHotel-Tulipe-scaled.jpeg?fit=1200%2C916&resize=350%2C200 1x, https:\/\/i0.wp.com\/www.jojoenherbe.com\/wp-content\/uploads\/2026\/04\/LHotel-Tulipe-scaled.jpeg?fit=1200%2C916&resize=525%2C300 1.5x, https:\/\/i0.wp.com\/www.jojoenherbe.com\/wp-content\/uploads\/2026\/04\/LHotel-Tulipe-scaled.jpeg?fit=1200%2C916&resize=700%2C400 2x, https:\/\/i0.wp.com\/www.jojoenherbe.com\/wp-content\/uploads\/2026\/04\/LHotel-Tulipe-scaled.jpeg?fit=1200%2C916&resize=1050%2C600 3x"},"classes":[]},{"id":31256,"url":"http:\/\/www.jojoenherbe.com\/index.php\/2023\/06\/16\/au-fil-des-pages-avec-le-temps-des-cerises\/","url_meta":{"origin":31274,"position":1},"title":"Au fil des pages avec Le temps des cerises","author":"Jojo","date":"16 juin 2023","format":false,"excerpt":"Nous avons lu Le temps des cerises d'Agn\u00e8s de Lestrade et Valeria Docampo (\u00e9d. Alice Jeunesse, 2022), un album jeunesse \u00e0 partir de 5\/6 ans. Apr\u00e8s le passage d'un cyclone, le pays de Nine, une petite fille joyeuse vivant chez ses parents et grands-parents avec son chat Bastien, a perdu\u2026","rel":"","context":"Dans &quot;Mini lecteur&quot;","block_context":{"text":"Mini lecteur","link":"http:\/\/www.jojoenherbe.com\/index.php\/category\/mini-lecteur\/"},"img":{"alt_text":"","src":"https:\/\/i0.wp.com\/www.jojoenherbe.com\/wp-content\/uploads\/2023\/06\/Le-temps-des-cerises-scaled.jpg?fit=1200%2C903&resize=350%2C200","width":350,"height":200,"srcset":"https:\/\/i0.wp.com\/www.jojoenherbe.com\/wp-content\/uploads\/2023\/06\/Le-temps-des-cerises-scaled.jpg?fit=1200%2C903&resize=350%2C200 1x, https:\/\/i0.wp.com\/www.jojoenherbe.com\/wp-content\/uploads\/2023\/06\/Le-temps-des-cerises-scaled.jpg?fit=1200%2C903&resize=525%2C300 1.5x, https:\/\/i0.wp.com\/www.jojoenherbe.com\/wp-content\/uploads\/2023\/06\/Le-temps-des-cerises-scaled.jpg?fit=1200%2C903&resize=700%2C400 2x, https:\/\/i0.wp.com\/www.jojoenherbe.com\/wp-content\/uploads\/2023\/06\/Le-temps-des-cerises-scaled.jpg?fit=1200%2C903&resize=1050%2C600 3x"},"classes":[]},{"id":29428,"url":"http:\/\/www.jojoenherbe.com\/index.php\/2023\/01\/26\/billet-de-suivi-challenge-petit-bac-2023\/","url_meta":{"origin":31274,"position":2},"title":"Billet de suivi: Challenge Petit Bac 2023","author":"Jojo","date":"26 janvier 2023","format":false,"excerpt":"Je participe pour la cinqui\u00e8me fois cons\u00e9cutive au Challenge Petit Bac d\u2019Enna, les cinq premi\u00e8res cat\u00e9gories restant identiques aux ann\u00e9es pr\u00e9c\u00e9dentes. Tous les mois, je vais actualiser ce billet et faire un point sur mes participations au challenge. Pour le moment, j\u2019ai termin\u00e9 mes deux premi\u00e8res lignes. Voici donc un\u2026","rel":"","context":"Dans &quot;Mini challenger&quot;","block_context":{"text":"Mini challenger","link":"http:\/\/www.jojoenherbe.com\/index.php\/category\/mini-challenger\/"},"img":{"alt_text":"","src":"https:\/\/i0.wp.com\/www.jojoenherbe.com\/wp-content\/uploads\/2023\/01\/Challenge-Petit-bac-2023.jpg?fit=285%2C217&resize=350%2C200","width":350,"height":200},"classes":[]},{"id":5283,"url":"http:\/\/www.jojoenherbe.com\/index.php\/2019\/03\/27\/au-fil-des-pages-avec-la-pomme-rouge\/","url_meta":{"origin":31274,"position":3},"title":"Au fil des pages avec La pomme rouge et F\u00fb, Hana et les pissenlits","author":"Jojo","date":"27 mars 2019","format":false,"excerpt":"Nous continuons notre exploration de l'univers litt\u00e9raire de Kazuo Iwamura avec deux nouveaux emprunts \u00e0 la biblioth\u00e8que cette semaine, apr\u00e8s la famille \u00c9cureuil et la famille Souris. La pomme rouge de Kazuo Iwamura Tout d'abord, un coup de c\u0153ur pour La pomme rouge (\u00e9d. L'\u00e9cole des Loisirs, 2010), un album\u2026","rel":"","context":"Dans &quot;Mini lecteur&quot;","block_context":{"text":"Mini lecteur","link":"http:\/\/www.jojoenherbe.com\/index.php\/category\/mini-lecteur\/"},"img":{"alt_text":"","src":"https:\/\/i0.wp.com\/www.jojoenherbe.com\/wp-content\/uploads\/2019\/03\/Fu-Hana-et-les-pissenlits-La-pomme-rouge-scaled.jpg?fit=1200%2C782&resize=350%2C200","width":350,"height":200,"srcset":"https:\/\/i0.wp.com\/www.jojoenherbe.com\/wp-content\/uploads\/2019\/03\/Fu-Hana-et-les-pissenlits-La-pomme-rouge-scaled.jpg?fit=1200%2C782&resize=350%2C200 1x, https:\/\/i0.wp.com\/www.jojoenherbe.com\/wp-content\/uploads\/2019\/03\/Fu-Hana-et-les-pissenlits-La-pomme-rouge-scaled.jpg?fit=1200%2C782&resize=525%2C300 1.5x, https:\/\/i0.wp.com\/www.jojoenherbe.com\/wp-content\/uploads\/2019\/03\/Fu-Hana-et-les-pissenlits-La-pomme-rouge-scaled.jpg?fit=1200%2C782&resize=700%2C400 2x, https:\/\/i0.wp.com\/www.jojoenherbe.com\/wp-content\/uploads\/2019\/03\/Fu-Hana-et-les-pissenlits-La-pomme-rouge-scaled.jpg?fit=1200%2C782&resize=1050%2C600 3x"},"classes":[]},{"id":44140,"url":"http:\/\/www.jojoenherbe.com\/index.php\/2026\/05\/12\/au-fil-des-pages-avec-on-a-vole-le-printemps\/","url_meta":{"origin":31274,"position":4},"title":"Au fil des pages avec On a vol\u00e9 le printemps","author":"Jojo","date":"12 mai 2026","format":false,"excerpt":"Nous avons lu On a vol\u00e9 le printemps d'Orianne Lallemand et Herv\u00e9 Le Goff (\u00e9d. Auzou, mars 2024, 32 pages), un album jeunesse \u00e0 partir de 3 ans et qui a fait partie de la s\u00e9lection CP du 37e Prix des Incos 2026. En ce premier jour du printemps, Violette\u2026","rel":"","context":"Dans &quot;Mini lecteur&quot;","block_context":{"text":"Mini lecteur","link":"http:\/\/www.jojoenherbe.com\/index.php\/category\/mini-lecteur\/"},"img":{"alt_text":"","src":"https:\/\/i0.wp.com\/www.jojoenherbe.com\/wp-content\/uploads\/2026\/05\/On-a-vole-le-printemps-scaled.jpeg?fit=1200%2C903&resize=350%2C200","width":350,"height":200,"srcset":"https:\/\/i0.wp.com\/www.jojoenherbe.com\/wp-content\/uploads\/2026\/05\/On-a-vole-le-printemps-scaled.jpeg?fit=1200%2C903&resize=350%2C200 1x, https:\/\/i0.wp.com\/www.jojoenherbe.com\/wp-content\/uploads\/2026\/05\/On-a-vole-le-printemps-scaled.jpeg?fit=1200%2C903&resize=525%2C300 1.5x, https:\/\/i0.wp.com\/www.jojoenherbe.com\/wp-content\/uploads\/2026\/05\/On-a-vole-le-printemps-scaled.jpeg?fit=1200%2C903&resize=700%2C400 2x, https:\/\/i0.wp.com\/www.jojoenherbe.com\/wp-content\/uploads\/2026\/05\/On-a-vole-le-printemps-scaled.jpeg?fit=1200%2C903&resize=1050%2C600 3x"},"classes":[]},{"id":38908,"url":"http:\/\/www.jojoenherbe.com\/index.php\/2025\/04\/06\/au-fil-des-pages-avec-au-lit-miyuki\/","url_meta":{"origin":31274,"position":5},"title":"Au fil des pages avec Au lit Miyuki","author":"Jojo","date":"6 avril 2025","format":false,"excerpt":"Nous avions lu Au lit Miyuki de Roxane Marie Galliez et Seng Soun Ratanavanh (\u00e9d. de La Martini\u00e8re, f\u00e9vrier 2017, 32 pages), un album jeunesse grand format \u00e0 partir de 4\/5 ans. Alors qu'il est temps pour la petite fille d'aller dormir, Miyuki s'emploie par tous les moyens \u00e0 retarder\u2026","rel":"","context":"Dans &quot;Mini lecteur&quot;","block_context":{"text":"Mini lecteur","link":"http:\/\/www.jojoenherbe.com\/index.php\/category\/mini-lecteur\/"},"img":{"alt_text":"","src":"https:\/\/i0.wp.com\/www.jojoenherbe.com\/wp-content\/uploads\/2025\/04\/Au-lit-Miyuki-scaled.jpg?fit=1200%2C1079&resize=350%2C200","width":350,"height":200,"srcset":"https:\/\/i0.wp.com\/www.jojoenherbe.com\/wp-content\/uploads\/2025\/04\/Au-lit-Miyuki-scaled.jpg?fit=1200%2C1079&resize=350%2C200 1x, https:\/\/i0.wp.com\/www.jojoenherbe.com\/wp-content\/uploads\/2025\/04\/Au-lit-Miyuki-scaled.jpg?fit=1200%2C1079&resize=525%2C300 1.5x, https:\/\/i0.wp.com\/www.jojoenherbe.com\/wp-content\/uploads\/2025\/04\/Au-lit-Miyuki-scaled.jpg?fit=1200%2C1079&resize=700%2C400 2x, https:\/\/i0.wp.com\/www.jojoenherbe.com\/wp-content\/uploads\/2025\/04\/Au-lit-Miyuki-scaled.jpg?fit=1200%2C1079&resize=1050%2C600 3x"},"classes":[]}],"jetpack_featured_media_url":"https:\/\/i0.wp.com\/www.jojoenherbe.com\/wp-content\/uploads\/2023\/06\/Hana-au-temps-des-tulipes-scaled.jpg?fit=2560%2C1744","_links":{"self":[{"href":"http:\/\/www.jojoenherbe.com\/index.php\/wp-json\/wp\/v2\/posts\/31274","targetHints":{"allow":["GET"]}}],"collection":[{"href":"http:\/\/www.jojoenherbe.com\/index.php\/wp-json\/wp\/v2\/posts"}],"about":[{"href":"http:\/\/www.jojoenherbe.com\/index.php\/wp-json\/wp\/v2\/types\/post"}],"author":[{"embeddable":true,"href":"http:\/\/www.jojoenherbe.com\/index.php\/wp-json\/wp\/v2\/users\/1"}],"replies":[{"embeddable":true,"href":"http:\/\/www.jojoenherbe.com\/index.php\/wp-json\/wp\/v2\/comments?post=31274"}],"version-history":[{"count":5,"href":"http:\/\/www.jojoenherbe.com\/index.php\/wp-json\/wp\/v2\/posts\/31274\/revisions"}],"predecessor-version":[{"id":33853,"href":"http:\/\/www.jojoenherbe.com\/index.php\/wp-json\/wp\/v2\/posts\/31274\/revisions\/33853"}],"wp:featuredmedia":[{"embeddable":true,"href":"http:\/\/www.jojoenherbe.com\/index.php\/wp-json\/wp\/v2\/media\/31280"}],"wp:attachment":[{"href":"http:\/\/www.jojoenherbe.com\/index.php\/wp-json\/wp\/v2\/media?parent=31274"}],"wp:term":[{"taxonomy":"category","embeddable":true,"href":"http:\/\/www.jojoenherbe.com\/index.php\/wp-json\/wp\/v2\/categories?post=31274"},{"taxonomy":"post_tag","embeddable":true,"href":"http:\/\/www.jojoenherbe.com\/index.php\/wp-json\/wp\/v2\/tags?post=31274"}],"curies":[{"name":"wp","href":"https:\/\/api.w.org\/{rel}","templated":true}]}}