{"id":3050,"date":"2007-08-22T21:25:48","date_gmt":"2007-08-22T19:25:48","guid":{"rendered":"http:\/\/www.jojoenherbe.com\/?p=3050"},"modified":"2019-04-11T13:51:23","modified_gmt":"2019-04-11T11:51:23","slug":"randonnee-dans-la-sierra-de-montserrat","status":"publish","type":"post","link":"http:\/\/www.jojoenherbe.com\/index.php\/2007\/08\/22\/randonnee-dans-la-sierra-de-montserrat\/","title":{"rendered":"Randonn\u00e9e dans la Sierra de Montserrat"},"content":{"rendered":"<p style=\"text-align: justify;\"><em><a href=\"https:\/\/i0.wp.com\/www.jojoenherbe.com\/wp-content\/uploads\/2018\/07\/Sierra-de-Montserrat.jpg\"><img data-recalc-dims=\"1\" loading=\"lazy\" decoding=\"async\" data-attachment-id=\"3065\" data-permalink=\"http:\/\/www.jojoenherbe.com\/index.php\/2007\/08\/22\/randonnee-dans-la-sierra-de-montserrat\/sierra-de-montserrat\/\" data-orig-file=\"https:\/\/i0.wp.com\/www.jojoenherbe.com\/wp-content\/uploads\/2018\/07\/Sierra-de-Montserrat.jpg?fit=2592%2C1944\" data-orig-size=\"2592,1944\" data-comments-opened=\"1\" data-image-meta=\"{&quot;aperture&quot;:&quot;5.6&quot;,&quot;credit&quot;:&quot;&quot;,&quot;camera&quot;:&quot;DSC-P100&quot;,&quot;caption&quot;:&quot;&quot;,&quot;created_timestamp&quot;:&quot;1187172856&quot;,&quot;copyright&quot;:&quot;&quot;,&quot;focal_length&quot;:&quot;7.9&quot;,&quot;iso&quot;:&quot;100&quot;,&quot;shutter_speed&quot;:&quot;0.0005&quot;,&quot;title&quot;:&quot;&quot;,&quot;orientation&quot;:&quot;1&quot;}\" data-image-title=\"Sierra de Montserrat\" data-image-description=\"\" data-image-caption=\"\" data-large-file=\"https:\/\/i0.wp.com\/www.jojoenherbe.com\/wp-content\/uploads\/2018\/07\/Sierra-de-Montserrat.jpg?fit=676%2C507\" class=\"alignleft size-thumbnail wp-image-3065\" src=\"https:\/\/i0.wp.com\/www.jojoenherbe.com\/wp-content\/uploads\/2018\/07\/Sierra-de-Montserrat.jpg?resize=150%2C150\" alt=\"\" width=\"150\" height=\"150\" srcset=\"https:\/\/i0.wp.com\/www.jojoenherbe.com\/wp-content\/uploads\/2018\/07\/Sierra-de-Montserrat.jpg?resize=150%2C150 150w, https:\/\/i0.wp.com\/www.jojoenherbe.com\/wp-content\/uploads\/2018\/07\/Sierra-de-Montserrat.jpg?zoom=2&amp;resize=150%2C150 300w, https:\/\/i0.wp.com\/www.jojoenherbe.com\/wp-content\/uploads\/2018\/07\/Sierra-de-Montserrat.jpg?zoom=3&amp;resize=150%2C150 450w\" sizes=\"auto, (max-width: 150px) 100vw, 150px\" \/><\/a> <a href=\"https:\/\/i0.wp.com\/www.jojoenherbe.com\/wp-content\/uploads\/2018\/07\/Sierra-de-Montserrat-2.jpg\"><img data-recalc-dims=\"1\" loading=\"lazy\" decoding=\"async\" data-attachment-id=\"3051\" data-permalink=\"http:\/\/www.jojoenherbe.com\/index.php\/2007\/08\/22\/randonnee-dans-la-sierra-de-montserrat\/sierra-de-montserrat-2\/\" data-orig-file=\"https:\/\/i0.wp.com\/www.jojoenherbe.com\/wp-content\/uploads\/2018\/07\/Sierra-de-Montserrat-2.jpg?fit=1944%2C2592\" data-orig-size=\"1944,2592\" data-comments-opened=\"1\" data-image-meta=\"{&quot;aperture&quot;:&quot;5.6&quot;,&quot;credit&quot;:&quot;&quot;,&quot;camera&quot;:&quot;DSC-P100&quot;,&quot;caption&quot;:&quot;&quot;,&quot;created_timestamp&quot;:&quot;1187175406&quot;,&quot;copyright&quot;:&quot;&quot;,&quot;focal_length&quot;:&quot;7.9&quot;,&quot;iso&quot;:&quot;100&quot;,&quot;shutter_speed&quot;:&quot;0.002&quot;,&quot;title&quot;:&quot;&quot;,&quot;orientation&quot;:&quot;0&quot;}\" data-image-title=\"Sierra de Montserrat 2\" data-image-description=\"\" data-image-caption=\"\" data-large-file=\"https:\/\/i0.wp.com\/www.jojoenherbe.com\/wp-content\/uploads\/2018\/07\/Sierra-de-Montserrat-2.jpg?fit=676%2C901\" class=\"alignleft size-thumbnail wp-image-3051\" src=\"https:\/\/i0.wp.com\/www.jojoenherbe.com\/wp-content\/uploads\/2018\/07\/Sierra-de-Montserrat-2.jpg?resize=150%2C150\" alt=\"\" width=\"150\" height=\"150\" srcset=\"https:\/\/i0.wp.com\/www.jojoenherbe.com\/wp-content\/uploads\/2018\/07\/Sierra-de-Montserrat-2.jpg?resize=150%2C150 150w, https:\/\/i0.wp.com\/www.jojoenherbe.com\/wp-content\/uploads\/2018\/07\/Sierra-de-Montserrat-2.jpg?zoom=2&amp;resize=150%2C150 300w, https:\/\/i0.wp.com\/www.jojoenherbe.com\/wp-content\/uploads\/2018\/07\/Sierra-de-Montserrat-2.jpg?zoom=3&amp;resize=150%2C150 450w\" sizes=\"auto, (max-width: 150px) 100vw, 150px\" \/><\/a> <a href=\"https:\/\/i0.wp.com\/www.jojoenherbe.com\/wp-content\/uploads\/2018\/07\/Sierra-de-Montserrat-3.jpg\"><img data-recalc-dims=\"1\" loading=\"lazy\" decoding=\"async\" data-attachment-id=\"3052\" data-permalink=\"http:\/\/www.jojoenherbe.com\/index.php\/2007\/08\/22\/randonnee-dans-la-sierra-de-montserrat\/sierra-de-montserrat-3\/\" data-orig-file=\"https:\/\/i0.wp.com\/www.jojoenherbe.com\/wp-content\/uploads\/2018\/07\/Sierra-de-Montserrat-3.jpg?fit=1941%2C2418\" data-orig-size=\"1941,2418\" data-comments-opened=\"1\" data-image-meta=\"{&quot;aperture&quot;:&quot;5.6&quot;,&quot;credit&quot;:&quot;&quot;,&quot;camera&quot;:&quot;DSC-P100&quot;,&quot;caption&quot;:&quot;&quot;,&quot;created_timestamp&quot;:&quot;1187176891&quot;,&quot;copyright&quot;:&quot;&quot;,&quot;focal_length&quot;:&quot;7.9&quot;,&quot;iso&quot;:&quot;100&quot;,&quot;shutter_speed&quot;:&quot;0.0008&quot;,&quot;title&quot;:&quot;&quot;,&quot;orientation&quot;:&quot;0&quot;}\" data-image-title=\"Sierra de Montserrat 3\" data-image-description=\"\" data-image-caption=\"\" data-large-file=\"https:\/\/i0.wp.com\/www.jojoenherbe.com\/wp-content\/uploads\/2018\/07\/Sierra-de-Montserrat-3.jpg?fit=676%2C842\" class=\"alignleft size-thumbnail wp-image-3052\" src=\"https:\/\/i0.wp.com\/www.jojoenherbe.com\/wp-content\/uploads\/2018\/07\/Sierra-de-Montserrat-3.jpg?resize=150%2C150\" alt=\"\" width=\"150\" height=\"150\" srcset=\"https:\/\/i0.wp.com\/www.jojoenherbe.com\/wp-content\/uploads\/2018\/07\/Sierra-de-Montserrat-3.jpg?resize=150%2C150 150w, https:\/\/i0.wp.com\/www.jojoenherbe.com\/wp-content\/uploads\/2018\/07\/Sierra-de-Montserrat-3.jpg?zoom=2&amp;resize=150%2C150 300w, https:\/\/i0.wp.com\/www.jojoenherbe.com\/wp-content\/uploads\/2018\/07\/Sierra-de-Montserrat-3.jpg?zoom=3&amp;resize=150%2C150 450w\" sizes=\"auto, (max-width: 150px) 100vw, 150px\" \/><\/a>Ce 15 ao\u00fbt 2007, nous partons de Barcelone pour nous rendre dans la Sierra de Montserrat, situ\u00e9e \u00e0 une cinquantaine de kilom\u00e8tres au Nord-Ouest. Nous nous garons, vers 9h30, sur un des parkings payants autour du Monast\u00e8re de Montserrat, \u00e0 720 m\u00e8tres d&rsquo;altitude. Puis nous prenons le funiculaire de Sant Joan qui emprunte une pente tr\u00e8s raide et qui permet d&rsquo;acc\u00e9der au d\u00e9part de nombreuses randonn\u00e9es avec des sentiers am\u00e9nag\u00e9s et balis\u00e9s dans le parc naturel.&nbsp;<\/em><\/p>\n<p style=\"text-align: justify;\"><em><a href=\"https:\/\/i0.wp.com\/www.jojoenherbe.com\/wp-content\/uploads\/2018\/07\/Sierra-de-Montserrat-6.jpg\"><img data-recalc-dims=\"1\" loading=\"lazy\" decoding=\"async\" data-attachment-id=\"3054\" data-permalink=\"http:\/\/www.jojoenherbe.com\/index.php\/2007\/08\/22\/randonnee-dans-la-sierra-de-montserrat\/sierra-de-montserrat-6\/\" data-orig-file=\"https:\/\/i0.wp.com\/www.jojoenherbe.com\/wp-content\/uploads\/2018\/07\/Sierra-de-Montserrat-6.jpg?fit=2592%2C1944\" data-orig-size=\"2592,1944\" data-comments-opened=\"1\" data-image-meta=\"{&quot;aperture&quot;:&quot;5.6&quot;,&quot;credit&quot;:&quot;&quot;,&quot;camera&quot;:&quot;DSC-P100&quot;,&quot;caption&quot;:&quot;&quot;,&quot;created_timestamp&quot;:&quot;1187178362&quot;,&quot;copyright&quot;:&quot;&quot;,&quot;focal_length&quot;:&quot;7.9&quot;,&quot;iso&quot;:&quot;100&quot;,&quot;shutter_speed&quot;:&quot;0.0005&quot;,&quot;title&quot;:&quot;&quot;,&quot;orientation&quot;:&quot;1&quot;}\" data-image-title=\"Sierra de Montserrat 6\" data-image-description=\"\" data-image-caption=\"\" data-large-file=\"https:\/\/i0.wp.com\/www.jojoenherbe.com\/wp-content\/uploads\/2018\/07\/Sierra-de-Montserrat-6.jpg?fit=676%2C507\" class=\"size-thumbnail wp-image-3054 alignright\" src=\"https:\/\/i0.wp.com\/www.jojoenherbe.com\/wp-content\/uploads\/2018\/07\/Sierra-de-Montserrat-6.jpg?resize=150%2C150\" alt=\"\" width=\"150\" height=\"150\" srcset=\"https:\/\/i0.wp.com\/www.jojoenherbe.com\/wp-content\/uploads\/2018\/07\/Sierra-de-Montserrat-6.jpg?resize=150%2C150 150w, https:\/\/i0.wp.com\/www.jojoenherbe.com\/wp-content\/uploads\/2018\/07\/Sierra-de-Montserrat-6.jpg?zoom=2&amp;resize=150%2C150 300w, https:\/\/i0.wp.com\/www.jojoenherbe.com\/wp-content\/uploads\/2018\/07\/Sierra-de-Montserrat-6.jpg?zoom=3&amp;resize=150%2C150 450w\" sizes=\"auto, (max-width: 150px) 100vw, 150px\" \/><\/a> <a href=\"https:\/\/i0.wp.com\/www.jojoenherbe.com\/wp-content\/uploads\/2018\/07\/Sierra-de-Montserrat-7.jpg\"><img data-recalc-dims=\"1\" loading=\"lazy\" decoding=\"async\" data-attachment-id=\"3055\" data-permalink=\"http:\/\/www.jojoenherbe.com\/index.php\/2007\/08\/22\/randonnee-dans-la-sierra-de-montserrat\/sierra-de-montserrat-7\/\" data-orig-file=\"https:\/\/i0.wp.com\/www.jojoenherbe.com\/wp-content\/uploads\/2018\/07\/Sierra-de-Montserrat-7.jpg?fit=2592%2C1944\" data-orig-size=\"2592,1944\" data-comments-opened=\"1\" data-image-meta=\"{&quot;aperture&quot;:&quot;5.6&quot;,&quot;credit&quot;:&quot;&quot;,&quot;camera&quot;:&quot;DSC-P100&quot;,&quot;caption&quot;:&quot;&quot;,&quot;created_timestamp&quot;:&quot;1187178624&quot;,&quot;copyright&quot;:&quot;&quot;,&quot;focal_length&quot;:&quot;7.9&quot;,&quot;iso&quot;:&quot;100&quot;,&quot;shutter_speed&quot;:&quot;0.0005&quot;,&quot;title&quot;:&quot;&quot;,&quot;orientation&quot;:&quot;1&quot;}\" data-image-title=\"Sierra de Montserrat 7\" data-image-description=\"\" data-image-caption=\"\" data-large-file=\"https:\/\/i0.wp.com\/www.jojoenherbe.com\/wp-content\/uploads\/2018\/07\/Sierra-de-Montserrat-7.jpg?fit=676%2C507\" class=\"size-thumbnail wp-image-3055 alignright\" src=\"https:\/\/i0.wp.com\/www.jojoenherbe.com\/wp-content\/uploads\/2018\/07\/Sierra-de-Montserrat-7.jpg?resize=150%2C150\" alt=\"\" width=\"150\" height=\"150\" srcset=\"https:\/\/i0.wp.com\/www.jojoenherbe.com\/wp-content\/uploads\/2018\/07\/Sierra-de-Montserrat-7.jpg?resize=150%2C150 150w, https:\/\/i0.wp.com\/www.jojoenherbe.com\/wp-content\/uploads\/2018\/07\/Sierra-de-Montserrat-7.jpg?zoom=2&amp;resize=150%2C150 300w, https:\/\/i0.wp.com\/www.jojoenherbe.com\/wp-content\/uploads\/2018\/07\/Sierra-de-Montserrat-7.jpg?zoom=3&amp;resize=150%2C150 450w\" sizes=\"auto, (max-width: 150px) 100vw, 150px\" \/><\/a> <a href=\"https:\/\/i0.wp.com\/www.jojoenherbe.com\/wp-content\/uploads\/2018\/07\/Sierra-de-Montserrat-10.jpg\"><img data-recalc-dims=\"1\" loading=\"lazy\" decoding=\"async\" data-attachment-id=\"3058\" data-permalink=\"http:\/\/www.jojoenherbe.com\/index.php\/2007\/08\/22\/randonnee-dans-la-sierra-de-montserrat\/sierra-de-montserrat-10\/\" data-orig-file=\"https:\/\/i0.wp.com\/www.jojoenherbe.com\/wp-content\/uploads\/2018\/07\/Sierra-de-Montserrat-10.jpg?fit=2592%2C1944\" data-orig-size=\"2592,1944\" data-comments-opened=\"1\" data-image-meta=\"{&quot;aperture&quot;:&quot;5.6&quot;,&quot;credit&quot;:&quot;&quot;,&quot;camera&quot;:&quot;DSC-P100&quot;,&quot;caption&quot;:&quot;&quot;,&quot;created_timestamp&quot;:&quot;1187182332&quot;,&quot;copyright&quot;:&quot;&quot;,&quot;focal_length&quot;:&quot;7.9&quot;,&quot;iso&quot;:&quot;100&quot;,&quot;shutter_speed&quot;:&quot;0.0005&quot;,&quot;title&quot;:&quot;&quot;,&quot;orientation&quot;:&quot;1&quot;}\" data-image-title=\"Sierra de Montserrat 10\" data-image-description=\"\" data-image-caption=\"\" data-large-file=\"https:\/\/i0.wp.com\/www.jojoenherbe.com\/wp-content\/uploads\/2018\/07\/Sierra-de-Montserrat-10.jpg?fit=676%2C507\" class=\"size-thumbnail wp-image-3058 alignright\" src=\"https:\/\/i0.wp.com\/www.jojoenherbe.com\/wp-content\/uploads\/2018\/07\/Sierra-de-Montserrat-10.jpg?resize=150%2C150\" alt=\"\" width=\"150\" height=\"150\" srcset=\"https:\/\/i0.wp.com\/www.jojoenherbe.com\/wp-content\/uploads\/2018\/07\/Sierra-de-Montserrat-10.jpg?resize=150%2C150 150w, https:\/\/i0.wp.com\/www.jojoenherbe.com\/wp-content\/uploads\/2018\/07\/Sierra-de-Montserrat-10.jpg?zoom=2&amp;resize=150%2C150 300w, https:\/\/i0.wp.com\/www.jojoenherbe.com\/wp-content\/uploads\/2018\/07\/Sierra-de-Montserrat-10.jpg?zoom=3&amp;resize=150%2C150 450w\" sizes=\"auto, (max-width: 150px) 100vw, 150px\" \/><\/a>Nous marchons sur le sentier \u00e0 travers les rochers ruiniformes qui se sont form\u00e9s, en fil du temps et de l&rsquo;\u00e9rosion, dans du poudingue. Le site porte bien son nom de \u00ab\u00a0Montserrat\u00a0\u00bb qui signifie \u00ab\u00a0montagne dentel\u00e9e\u00a0\u00bb en catalan. L&rsquo;un des rochers a la forme d&rsquo;un \u00e9l\u00e9phant (1.110 m\u00e8tres d&rsquo;altitude). Sur d&rsquo;autres rochers, nous voyons de nombreux grimpeurs. Le sentier monte jusqu&rsquo;\u00e0 une petite chapelle.<br \/>\n<\/em><\/p>\n<p style=\"text-align: justify;\"><a href=\"https:\/\/i0.wp.com\/www.jojoenherbe.com\/wp-content\/uploads\/2018\/07\/Sierra-de-Montserrat-13.jpg\"><img data-recalc-dims=\"1\" loading=\"lazy\" decoding=\"async\" data-attachment-id=\"3061\" data-permalink=\"http:\/\/www.jojoenherbe.com\/index.php\/2007\/08\/22\/randonnee-dans-la-sierra-de-montserrat\/sierra-de-montserrat-13\/\" data-orig-file=\"https:\/\/i0.wp.com\/www.jojoenherbe.com\/wp-content\/uploads\/2018\/07\/Sierra-de-Montserrat-13.jpg?fit=2592%2C1944\" data-orig-size=\"2592,1944\" data-comments-opened=\"1\" data-image-meta=\"{&quot;aperture&quot;:&quot;5.6&quot;,&quot;credit&quot;:&quot;&quot;,&quot;camera&quot;:&quot;DSC-P100&quot;,&quot;caption&quot;:&quot;&quot;,&quot;created_timestamp&quot;:&quot;1187183015&quot;,&quot;copyright&quot;:&quot;&quot;,&quot;focal_length&quot;:&quot;7.9&quot;,&quot;iso&quot;:&quot;100&quot;,&quot;shutter_speed&quot;:&quot;0.0005&quot;,&quot;title&quot;:&quot;&quot;,&quot;orientation&quot;:&quot;1&quot;}\" data-image-title=\"Sierra de Montserrat 13\" data-image-description=\"\" data-image-caption=\"\" data-large-file=\"https:\/\/i0.wp.com\/www.jojoenherbe.com\/wp-content\/uploads\/2018\/07\/Sierra-de-Montserrat-13.jpg?fit=676%2C507\" class=\"alignleft size-thumbnail wp-image-3061\" src=\"https:\/\/i0.wp.com\/www.jojoenherbe.com\/wp-content\/uploads\/2018\/07\/Sierra-de-Montserrat-13.jpg?resize=150%2C150\" alt=\"\" width=\"150\" height=\"150\" srcset=\"https:\/\/i0.wp.com\/www.jojoenherbe.com\/wp-content\/uploads\/2018\/07\/Sierra-de-Montserrat-13.jpg?resize=150%2C150 150w, https:\/\/i0.wp.com\/www.jojoenherbe.com\/wp-content\/uploads\/2018\/07\/Sierra-de-Montserrat-13.jpg?zoom=2&amp;resize=150%2C150 300w, https:\/\/i0.wp.com\/www.jojoenherbe.com\/wp-content\/uploads\/2018\/07\/Sierra-de-Montserrat-13.jpg?zoom=3&amp;resize=150%2C150 450w\" sizes=\"auto, (max-width: 150px) 100vw, 150px\" \/><\/a> <a href=\"https:\/\/i0.wp.com\/www.jojoenherbe.com\/wp-content\/uploads\/2018\/07\/Sierra-de-Montserrat-12.jpg\"><img data-recalc-dims=\"1\" loading=\"lazy\" decoding=\"async\" data-attachment-id=\"3060\" data-permalink=\"http:\/\/www.jojoenherbe.com\/index.php\/2007\/08\/22\/randonnee-dans-la-sierra-de-montserrat\/sierra-de-montserrat-12\/\" data-orig-file=\"https:\/\/i0.wp.com\/www.jojoenherbe.com\/wp-content\/uploads\/2018\/07\/Sierra-de-Montserrat-12.jpg?fit=2592%2C1944\" data-orig-size=\"2592,1944\" data-comments-opened=\"1\" data-image-meta=\"{&quot;aperture&quot;:&quot;5.6&quot;,&quot;credit&quot;:&quot;&quot;,&quot;camera&quot;:&quot;DSC-P100&quot;,&quot;caption&quot;:&quot;&quot;,&quot;created_timestamp&quot;:&quot;1187182981&quot;,&quot;copyright&quot;:&quot;&quot;,&quot;focal_length&quot;:&quot;7.9&quot;,&quot;iso&quot;:&quot;100&quot;,&quot;shutter_speed&quot;:&quot;0.0005&quot;,&quot;title&quot;:&quot;&quot;,&quot;orientation&quot;:&quot;1&quot;}\" data-image-title=\"Sierra de Montserrat 12\" data-image-description=\"\" data-image-caption=\"\" data-large-file=\"https:\/\/i0.wp.com\/www.jojoenherbe.com\/wp-content\/uploads\/2018\/07\/Sierra-de-Montserrat-12.jpg?fit=676%2C507\" class=\"alignleft size-thumbnail wp-image-3060\" src=\"https:\/\/i0.wp.com\/www.jojoenherbe.com\/wp-content\/uploads\/2018\/07\/Sierra-de-Montserrat-12.jpg?resize=150%2C150\" alt=\"\" width=\"150\" height=\"150\" srcset=\"https:\/\/i0.wp.com\/www.jojoenherbe.com\/wp-content\/uploads\/2018\/07\/Sierra-de-Montserrat-12.jpg?resize=150%2C150 150w, https:\/\/i0.wp.com\/www.jojoenherbe.com\/wp-content\/uploads\/2018\/07\/Sierra-de-Montserrat-12.jpg?zoom=2&amp;resize=150%2C150 300w, https:\/\/i0.wp.com\/www.jojoenherbe.com\/wp-content\/uploads\/2018\/07\/Sierra-de-Montserrat-12.jpg?zoom=3&amp;resize=150%2C150 450w\" sizes=\"auto, (max-width: 150px) 100vw, 150px\" \/><\/a> <a href=\"https:\/\/i0.wp.com\/www.jojoenherbe.com\/wp-content\/uploads\/2018\/07\/Sierra-de-Montserrat-11.jpg\"><img data-recalc-dims=\"1\" loading=\"lazy\" decoding=\"async\" data-attachment-id=\"3059\" data-permalink=\"http:\/\/www.jojoenherbe.com\/index.php\/2007\/08\/22\/randonnee-dans-la-sierra-de-montserrat\/sierra-de-montserrat-11\/\" data-orig-file=\"https:\/\/i0.wp.com\/www.jojoenherbe.com\/wp-content\/uploads\/2018\/07\/Sierra-de-Montserrat-11.jpg?fit=2592%2C1944\" data-orig-size=\"2592,1944\" data-comments-opened=\"1\" data-image-meta=\"{&quot;aperture&quot;:&quot;5.6&quot;,&quot;credit&quot;:&quot;&quot;,&quot;camera&quot;:&quot;DSC-P100&quot;,&quot;caption&quot;:&quot;&quot;,&quot;created_timestamp&quot;:&quot;1187182951&quot;,&quot;copyright&quot;:&quot;&quot;,&quot;focal_length&quot;:&quot;7.9&quot;,&quot;iso&quot;:&quot;100&quot;,&quot;shutter_speed&quot;:&quot;0.0005&quot;,&quot;title&quot;:&quot;&quot;,&quot;orientation&quot;:&quot;1&quot;}\" data-image-title=\"Sierra de Montserrat 11\" data-image-description=\"\" data-image-caption=\"\" data-large-file=\"https:\/\/i0.wp.com\/www.jojoenherbe.com\/wp-content\/uploads\/2018\/07\/Sierra-de-Montserrat-11.jpg?fit=676%2C507\" class=\"alignleft size-thumbnail wp-image-3059\" src=\"https:\/\/i0.wp.com\/www.jojoenherbe.com\/wp-content\/uploads\/2018\/07\/Sierra-de-Montserrat-11.jpg?resize=150%2C150\" alt=\"\" width=\"150\" height=\"150\" srcset=\"https:\/\/i0.wp.com\/www.jojoenherbe.com\/wp-content\/uploads\/2018\/07\/Sierra-de-Montserrat-11.jpg?resize=150%2C150 150w, https:\/\/i0.wp.com\/www.jojoenherbe.com\/wp-content\/uploads\/2018\/07\/Sierra-de-Montserrat-11.jpg?zoom=2&amp;resize=150%2C150 300w, https:\/\/i0.wp.com\/www.jojoenherbe.com\/wp-content\/uploads\/2018\/07\/Sierra-de-Montserrat-11.jpg?zoom=3&amp;resize=150%2C150 450w\" sizes=\"auto, (max-width: 150px) 100vw, 150px\" \/><\/a><em>Apr\u00e8s une courte pause d\u00e9jeuner, nous reprenons le sentier et arrivons, apr\u00e8s avoir march\u00e9 sur un long sentier am\u00e9nag\u00e9 en escaliers sur la cime de Sant Jeroni avec sa table d&rsquo;orientation. La vue est vertigineuse. Le sommet de Saint Jeroni est situ\u00e9 \u00e0 1.236 m\u00e8tres d&rsquo;altitude.<br \/>\n<\/em><\/p>\n<p style=\"text-align: justify;\"><em><a href=\"https:\/\/i0.wp.com\/www.jojoenherbe.com\/wp-content\/uploads\/2018\/07\/Sierra-de-Montserrat-14.jpg\"><img data-recalc-dims=\"1\" loading=\"lazy\" decoding=\"async\" data-attachment-id=\"3062\" data-permalink=\"http:\/\/www.jojoenherbe.com\/index.php\/2007\/08\/22\/randonnee-dans-la-sierra-de-montserrat\/sierra-de-montserrat-14\/\" data-orig-file=\"https:\/\/i0.wp.com\/www.jojoenherbe.com\/wp-content\/uploads\/2018\/07\/Sierra-de-Montserrat-14.jpg?fit=2592%2C1944\" data-orig-size=\"2592,1944\" data-comments-opened=\"1\" data-image-meta=\"{&quot;aperture&quot;:&quot;5.6&quot;,&quot;credit&quot;:&quot;&quot;,&quot;camera&quot;:&quot;DSC-P100&quot;,&quot;caption&quot;:&quot;&quot;,&quot;created_timestamp&quot;:&quot;1187186462&quot;,&quot;copyright&quot;:&quot;&quot;,&quot;focal_length&quot;:&quot;7.9&quot;,&quot;iso&quot;:&quot;100&quot;,&quot;shutter_speed&quot;:&quot;0.0005&quot;,&quot;title&quot;:&quot;&quot;,&quot;orientation&quot;:&quot;1&quot;}\" data-image-title=\"Sierra de Montserrat 14\" data-image-description=\"\" data-image-caption=\"\" data-large-file=\"https:\/\/i0.wp.com\/www.jojoenherbe.com\/wp-content\/uploads\/2018\/07\/Sierra-de-Montserrat-14.jpg?fit=676%2C507\" class=\"size-thumbnail wp-image-3062 alignright\" src=\"https:\/\/i0.wp.com\/www.jojoenherbe.com\/wp-content\/uploads\/2018\/07\/Sierra-de-Montserrat-14.jpg?resize=150%2C150\" alt=\"\" width=\"150\" height=\"150\" srcset=\"https:\/\/i0.wp.com\/www.jojoenherbe.com\/wp-content\/uploads\/2018\/07\/Sierra-de-Montserrat-14.jpg?resize=150%2C150 150w, https:\/\/i0.wp.com\/www.jojoenherbe.com\/wp-content\/uploads\/2018\/07\/Sierra-de-Montserrat-14.jpg?zoom=2&amp;resize=150%2C150 300w, https:\/\/i0.wp.com\/www.jojoenherbe.com\/wp-content\/uploads\/2018\/07\/Sierra-de-Montserrat-14.jpg?zoom=3&amp;resize=150%2C150 450w\" sizes=\"auto, (max-width: 150px) 100vw, 150px\" \/><\/a> <a href=\"https:\/\/i0.wp.com\/www.jojoenherbe.com\/wp-content\/uploads\/2018\/07\/Sierra-de-Montserrat-15.jpg\"><img data-recalc-dims=\"1\" loading=\"lazy\" decoding=\"async\" data-attachment-id=\"3063\" data-permalink=\"http:\/\/www.jojoenherbe.com\/index.php\/2007\/08\/22\/randonnee-dans-la-sierra-de-montserrat\/sierra-de-montserrat-15\/\" data-orig-file=\"https:\/\/i0.wp.com\/www.jojoenherbe.com\/wp-content\/uploads\/2018\/07\/Sierra-de-Montserrat-15.jpg?fit=1944%2C2592\" data-orig-size=\"1944,2592\" data-comments-opened=\"1\" data-image-meta=\"{&quot;aperture&quot;:&quot;5.6&quot;,&quot;credit&quot;:&quot;&quot;,&quot;camera&quot;:&quot;DSC-P100&quot;,&quot;caption&quot;:&quot;&quot;,&quot;created_timestamp&quot;:&quot;1187186853&quot;,&quot;copyright&quot;:&quot;&quot;,&quot;focal_length&quot;:&quot;7.9&quot;,&quot;iso&quot;:&quot;100&quot;,&quot;shutter_speed&quot;:&quot;0.00125&quot;,&quot;title&quot;:&quot;&quot;,&quot;orientation&quot;:&quot;0&quot;}\" data-image-title=\"Sierra de Montserrat 15\" data-image-description=\"\" data-image-caption=\"\" data-large-file=\"https:\/\/i0.wp.com\/www.jojoenherbe.com\/wp-content\/uploads\/2018\/07\/Sierra-de-Montserrat-15.jpg?fit=676%2C901\" class=\"size-thumbnail wp-image-3063 alignright\" src=\"https:\/\/i0.wp.com\/www.jojoenherbe.com\/wp-content\/uploads\/2018\/07\/Sierra-de-Montserrat-15.jpg?resize=150%2C150\" alt=\"\" width=\"150\" height=\"150\" srcset=\"https:\/\/i0.wp.com\/www.jojoenherbe.com\/wp-content\/uploads\/2018\/07\/Sierra-de-Montserrat-15.jpg?resize=150%2C150 150w, https:\/\/i0.wp.com\/www.jojoenherbe.com\/wp-content\/uploads\/2018\/07\/Sierra-de-Montserrat-15.jpg?zoom=2&amp;resize=150%2C150 300w, https:\/\/i0.wp.com\/www.jojoenherbe.com\/wp-content\/uploads\/2018\/07\/Sierra-de-Montserrat-15.jpg?zoom=3&amp;resize=150%2C150 450w\" sizes=\"auto, (max-width: 150px) 100vw, 150px\" \/><\/a>Puis nous redescendons pour reprendre le funiculaire, en passant par une for\u00eat. Nous essayons de chercher les formes qui pourraient se dessiner dans les rochers que nous observons. Vers 15h30, nous sommes de nouveau sur le site du Monast\u00e8re. Nous visitons un peu le lieu avant de prendre la route pour la Mer \u00e0 Sitges.<br \/>\n<\/em><\/p>\n<p style=\"text-align: justify;\"><iframe loading=\"lazy\" style=\"border: 0;\" src=\"https:\/\/www.google.com\/maps\/embed?pb=!1m18!1m12!1m3!1d23866.57392716524!2d1.793323710905261!3d41.605553771647045!2m3!1f0!2f0!3f0!3m2!1i1024!2i768!4f13.1!3m3!1m2!1s0x12a45fc041844abd%3A0x6d27ff52048df5d9!2sSierra+de+Montserrat!5e0!3m2!1sfr!2sfr!4v1531482218712\" allowfullscreen=\"allowfullscreen\" width=\"400\" height=\"300\" frameborder=\"0\"><\/iframe><\/p>\n","protected":false},"excerpt":{"rendered":"<p>Ce 15 ao\u00fbt 2007, nous partons de Barcelone pour nous rendre dans la Sierra de Montserrat, situ\u00e9e \u00e0 une cinquantaine de kilom\u00e8tres au Nord-Ouest. Nous nous garons, vers 9h30, sur un des parkings payants autour du Monast\u00e8re de Montserrat, \u00e0 720 m\u00e8tres d&rsquo;altitude. Puis nous prenons le funiculaire de Sant Joan qui emprunte une pente [&hellip;]<\/p>\n","protected":false},"author":1,"featured_media":3053,"comment_status":"open","ping_status":"open","sticky":false,"template":"","format":"standard","meta":{"jetpack_post_was_ever_published":false,"_jetpack_newsletter_access":"","_jetpack_dont_email_post_to_subs":false,"_jetpack_newsletter_tier_id":0,"_jetpack_memberships_contains_paywalled_content":false,"_jetpack_memberships_contains_paid_content":false,"footnotes":""},"categories":[120],"tags":[269,268,167,267,270,183,46],"class_list":["post-3050","post","type-post","status-publish","format-standard","has-post-thumbnail","hentry","category-mini-voyageur","tag-barcelone","tag-catalogne","tag-escalade","tag-espagne","tag-montserrat","tag-parcs-naturels","tag-randonnees","post-preview"],"jetpack_featured_media_url":"https:\/\/i0.wp.com\/www.jojoenherbe.com\/wp-content\/uploads\/2018\/07\/Sierra-de-Montserrat-4.jpg?fit=2592%2C1944","jetpack_sharing_enabled":true,"jetpack_shortlink":"https:\/\/wp.me\/p9zhGx-Nc","jetpack_likes_enabled":true,"jetpack-related-posts":[{"id":1998,"url":"http:\/\/www.jojoenherbe.com\/index.php\/2018\/03\/26\/les-gorges-du-cians-petite-et-grande-clues\/","url_meta":{"origin":3050,"position":0},"title":"Les Gorges du Cians &#8211; Petite et Grande Clues","author":"Jojo","date":"26 mars 2018","format":false,"excerpt":"Ce 25 mars 2018, nous passons en voiture Tou\u00ebt-sur-Var sur la D6202. A l'Ouest du village, en tournant \u00e0 droite, nous remontons la D28, apr\u00e8s avoir pass\u00e9 le fleuve Var, dont le Cians est un de ses affluents. Nous d\u00e9butons alors les Gorges du Cians passant, selon les lacets, tr\u00e8s\u2026","rel":"","context":"Dans &quot;Mini baladeur&quot;","block_context":{"text":"Mini baladeur","link":"http:\/\/www.jojoenherbe.com\/index.php\/category\/mini-crapahuteur\/mini-baladeur\/"},"img":{"alt_text":"","src":"https:\/\/i0.wp.com\/www.jojoenherbe.com\/wp-content\/uploads\/2018\/03\/Petite-Clue-du-Cians-8.jpg?fit=900%2C1200&resize=350%2C200","width":350,"height":200,"srcset":"https:\/\/i0.wp.com\/www.jojoenherbe.com\/wp-content\/uploads\/2018\/03\/Petite-Clue-du-Cians-8.jpg?fit=900%2C1200&resize=350%2C200 1x, https:\/\/i0.wp.com\/www.jojoenherbe.com\/wp-content\/uploads\/2018\/03\/Petite-Clue-du-Cians-8.jpg?fit=900%2C1200&resize=525%2C300 1.5x, https:\/\/i0.wp.com\/www.jojoenherbe.com\/wp-content\/uploads\/2018\/03\/Petite-Clue-du-Cians-8.jpg?fit=900%2C1200&resize=700%2C400 2x"},"classes":[]},{"id":3172,"url":"http:\/\/www.jojoenherbe.com\/index.php\/2006\/08\/26\/a-flanc-de-falaise-a-bonifacio\/","url_meta":{"origin":3050,"position":1},"title":"A flanc de falaise \u00e0 Bonifacio","author":"Jojo","date":"26 ao\u00fbt 2006","format":false,"excerpt":"\u00a0 Ce 21 ao\u00fbt 2006, nous partons \u00e0 Bonifacio, \u00e0 l'extr\u00eame Sud de la Corse. Peu apr\u00e8s midi, nous nous garons sur l'un des parkings payants jouxtant le port. Puis nous d\u00e9jeunons des cr\u00eapes sal\u00e9es sur la terrasse d'un des restaurants de la commune, avant de prendre une navette pour\u2026","rel":"","context":"Dans &quot;Mini baladeur&quot;","block_context":{"text":"Mini baladeur","link":"http:\/\/www.jojoenherbe.com\/index.php\/category\/mini-crapahuteur\/mini-baladeur\/"},"img":{"alt_text":"","src":"https:\/\/i0.wp.com\/www.jojoenherbe.com\/wp-content\/uploads\/2018\/07\/Bonifacio-12.jpg?fit=900%2C1200&resize=350%2C200","width":350,"height":200,"srcset":"https:\/\/i0.wp.com\/www.jojoenherbe.com\/wp-content\/uploads\/2018\/07\/Bonifacio-12.jpg?fit=900%2C1200&resize=350%2C200 1x, https:\/\/i0.wp.com\/www.jojoenherbe.com\/wp-content\/uploads\/2018\/07\/Bonifacio-12.jpg?fit=900%2C1200&resize=525%2C300 1.5x, https:\/\/i0.wp.com\/www.jojoenherbe.com\/wp-content\/uploads\/2018\/07\/Bonifacio-12.jpg?fit=900%2C1200&resize=700%2C400 2x"},"classes":[]},{"id":2370,"url":"http:\/\/www.jojoenherbe.com\/index.php\/2018\/04\/19\/sous-des-airs-de-printemps\/","url_meta":{"origin":3050,"position":2},"title":"Sous des airs de printemps","author":"Jojo","date":"19 avril 2018","format":false,"excerpt":"Le printemps ayant enfin d\u00e9cid\u00e9 de montrer le bout de son nez, nous pouvons nous amuser avec un bac sensoriel sur le th\u00e8me du printemps. Pour r\u00e9aliser ce bac sensoriel, nous avons r\u00e9alis\u00e9 des fleurs et une abeille en feutrine. Nous commen\u00e7ons par coudre une fleur de couleur violette. Sur\u2026","rel":"","context":"Dans &quot;Mini joueur&quot;","block_context":{"text":"Mini joueur","link":"http:\/\/www.jojoenherbe.com\/index.php\/category\/mini-decouvreur\/mini-joueur\/"},"img":{"alt_text":"","src":"https:\/\/i0.wp.com\/www.jojoenherbe.com\/wp-content\/uploads\/2018\/04\/Panorama-2.jpg?fit=1200%2C728&resize=350%2C200","width":350,"height":200,"srcset":"https:\/\/i0.wp.com\/www.jojoenherbe.com\/wp-content\/uploads\/2018\/04\/Panorama-2.jpg?fit=1200%2C728&resize=350%2C200 1x, https:\/\/i0.wp.com\/www.jojoenherbe.com\/wp-content\/uploads\/2018\/04\/Panorama-2.jpg?fit=1200%2C728&resize=525%2C300 1.5x, https:\/\/i0.wp.com\/www.jojoenherbe.com\/wp-content\/uploads\/2018\/04\/Panorama-2.jpg?fit=1200%2C728&resize=700%2C400 2x, https:\/\/i0.wp.com\/www.jojoenherbe.com\/wp-content\/uploads\/2018\/04\/Panorama-2.jpg?fit=1200%2C728&resize=1050%2C600 3x"},"classes":[]},{"id":3021,"url":"http:\/\/www.jojoenherbe.com\/index.php\/2008\/08\/17\/sur-les-pas-de-leonard-de-vinci-a-fiesole\/","url_meta":{"origin":3050,"position":3},"title":"Sur les pas de L\u00e9onard de Vinci \u00e0 Fiesole","author":"Jojo","date":"17 ao\u00fbt 2008","format":false,"excerpt":"Ce 7 ao\u00fbt 2008, nous nous rendons en fin d'apr\u00e8s-midi, en bus, \u00e0 Fiesole, commune situ\u00e9e \u00e0 un peu moins de 10 kilom\u00e8tres de Florence. Apr\u00e8s une petite pause pour nous rafra\u00eechir, nous d\u00e9ambulons un peu dans les rues de la commune. Puis nous d\u00e9laissons les lieux remplis de touristes\u2026","rel":"","context":"Dans &quot;Mini voyageur&quot;","block_context":{"text":"Mini voyageur","link":"http:\/\/www.jojoenherbe.com\/index.php\/category\/mini-crapahuteur\/mini-voyageur\/"},"img":{"alt_text":"","src":"https:\/\/i0.wp.com\/www.jojoenherbe.com\/wp-content\/uploads\/2018\/07\/Fiesole-parc-de-Montececeri-2.jpg?fit=900%2C1200&resize=350%2C200","width":350,"height":200,"srcset":"https:\/\/i0.wp.com\/www.jojoenherbe.com\/wp-content\/uploads\/2018\/07\/Fiesole-parc-de-Montececeri-2.jpg?fit=900%2C1200&resize=350%2C200 1x, https:\/\/i0.wp.com\/www.jojoenherbe.com\/wp-content\/uploads\/2018\/07\/Fiesole-parc-de-Montececeri-2.jpg?fit=900%2C1200&resize=525%2C300 1.5x, https:\/\/i0.wp.com\/www.jojoenherbe.com\/wp-content\/uploads\/2018\/07\/Fiesole-parc-de-Montececeri-2.jpg?fit=900%2C1200&resize=700%2C400 2x"},"classes":[]},{"id":4604,"url":"http:\/\/www.jojoenherbe.com\/index.php\/2019\/02\/16\/petite-pause-aux-observatoires-de-letang-de-vaugrenier\/","url_meta":{"origin":3050,"position":4},"title":"Petite pause aux observatoires de l&rsquo;\u00e9tang de Vaugrenier","author":"Jojo","date":"16 f\u00e9vrier 2019","format":false,"excerpt":"Ce 16 f\u00e9vrier 2019, direction le parc d\u00e9partemental de Vaugrenier et ses observatoires autour de l'\u00e9tang. Il y a un peu plus d'oiseaux \u00e0 observer que la fois pr\u00e9c\u00e9dente. Avant de nous rendre au bord de l'\u00e9tang, nous nous arr\u00eatons pour tenter de voir les rouge-gorges dont nous entendons les\u2026","rel":"","context":"Dans &quot;Mini baladeur&quot;","block_context":{"text":"Mini baladeur","link":"http:\/\/www.jojoenherbe.com\/index.php\/category\/mini-crapahuteur\/mini-baladeur\/"},"img":{"alt_text":"","src":"https:\/\/i0.wp.com\/www.jojoenherbe.com\/wp-content\/uploads\/2019\/02\/Etang-de-Vaugrenier-2.jpg?fit=1200%2C771&resize=350%2C200","width":350,"height":200,"srcset":"https:\/\/i0.wp.com\/www.jojoenherbe.com\/wp-content\/uploads\/2019\/02\/Etang-de-Vaugrenier-2.jpg?fit=1200%2C771&resize=350%2C200 1x, https:\/\/i0.wp.com\/www.jojoenherbe.com\/wp-content\/uploads\/2019\/02\/Etang-de-Vaugrenier-2.jpg?fit=1200%2C771&resize=525%2C300 1.5x, https:\/\/i0.wp.com\/www.jojoenherbe.com\/wp-content\/uploads\/2019\/02\/Etang-de-Vaugrenier-2.jpg?fit=1200%2C771&resize=700%2C400 2x, https:\/\/i0.wp.com\/www.jojoenherbe.com\/wp-content\/uploads\/2019\/02\/Etang-de-Vaugrenier-2.jpg?fit=1200%2C771&resize=1050%2C600 3x"},"classes":[]},{"id":196,"url":"http:\/\/www.jojoenherbe.com\/index.php\/2018\/01\/15\/melis-melos-des-marches-de-noel-2017\/","url_meta":{"origin":3050,"position":5},"title":"M\u00e9lis-m\u00e9los des march\u00e9s de No\u00ebl 2017","author":"Jojo","date":"15 janvier 2018","format":false,"excerpt":"D\u00e9but d\u00e9cembre, voire m\u00eame fin novembre pour certaines communes, fleurissent un peu partout les march\u00e9s de No\u00ebl et leurs illuminations, faisant la joie des petits et des grands. Cette ann\u00e9e, nous profitons du large choix dans les Alpes-Maritimes pour nous rendre sur certains d'entre eux. Le march\u00e9 de No\u00ebl de\u2026","rel":"","context":"Dans &quot;Mini visiteur&quot;","block_context":{"text":"Mini visiteur","link":"http:\/\/www.jojoenherbe.com\/index.php\/category\/mini-crapahuteur\/mini-visiteur\/"},"img":{"alt_text":"","src":"https:\/\/i0.wp.com\/www.jojoenherbe.com\/wp-content\/uploads\/2018\/01\/Nice-bo%C3%AEte-aux-lettes-du-P%C3%A8re-No%C3%ABl.jpg?fit=852%2C1200&resize=350%2C200","width":350,"height":200,"srcset":"https:\/\/i0.wp.com\/www.jojoenherbe.com\/wp-content\/uploads\/2018\/01\/Nice-bo%C3%AEte-aux-lettes-du-P%C3%A8re-No%C3%ABl.jpg?fit=852%2C1200&resize=350%2C200 1x, https:\/\/i0.wp.com\/www.jojoenherbe.com\/wp-content\/uploads\/2018\/01\/Nice-bo%C3%AEte-aux-lettes-du-P%C3%A8re-No%C3%ABl.jpg?fit=852%2C1200&resize=525%2C300 1.5x, https:\/\/i0.wp.com\/www.jojoenherbe.com\/wp-content\/uploads\/2018\/01\/Nice-bo%C3%AEte-aux-lettes-du-P%C3%A8re-No%C3%ABl.jpg?fit=852%2C1200&resize=700%2C400 2x"},"classes":[]}],"_links":{"self":[{"href":"http:\/\/www.jojoenherbe.com\/index.php\/wp-json\/wp\/v2\/posts\/3050","targetHints":{"allow":["GET"]}}],"collection":[{"href":"http:\/\/www.jojoenherbe.com\/index.php\/wp-json\/wp\/v2\/posts"}],"about":[{"href":"http:\/\/www.jojoenherbe.com\/index.php\/wp-json\/wp\/v2\/types\/post"}],"author":[{"embeddable":true,"href":"http:\/\/www.jojoenherbe.com\/index.php\/wp-json\/wp\/v2\/users\/1"}],"replies":[{"embeddable":true,"href":"http:\/\/www.jojoenherbe.com\/index.php\/wp-json\/wp\/v2\/comments?post=3050"}],"version-history":[{"count":0,"href":"http:\/\/www.jojoenherbe.com\/index.php\/wp-json\/wp\/v2\/posts\/3050\/revisions"}],"wp:featuredmedia":[{"embeddable":true,"href":"http:\/\/www.jojoenherbe.com\/index.php\/wp-json\/wp\/v2\/media\/3053"}],"wp:attachment":[{"href":"http:\/\/www.jojoenherbe.com\/index.php\/wp-json\/wp\/v2\/media?parent=3050"}],"wp:term":[{"taxonomy":"category","embeddable":true,"href":"http:\/\/www.jojoenherbe.com\/index.php\/wp-json\/wp\/v2\/categories?post=3050"},{"taxonomy":"post_tag","embeddable":true,"href":"http:\/\/www.jojoenherbe.com\/index.php\/wp-json\/wp\/v2\/tags?post=3050"}],"curies":[{"name":"wp","href":"https:\/\/api.w.org\/{rel}","templated":true}]}}