{"id":30127,"date":"2023-03-13T09:15:36","date_gmt":"2023-03-13T08:15:36","guid":{"rendered":"https:\/\/www.jojoenherbe.com\/?p=30127"},"modified":"2023-03-14T09:16:15","modified_gmt":"2023-03-14T08:16:15","slug":"point-lecture-hebdomadaire-2023-10","status":"publish","type":"post","link":"http:\/\/www.jojoenherbe.com\/index.php\/2023\/03\/13\/point-lecture-hebdomadaire-2023-10\/","title":{"rendered":"Point lecture hebdomadaire 2023 #10"},"content":{"rendered":"<p style=\"text-align: justify;\"><em>En ce d\u00e9but de semaine, voici notre point lecture hebdomadaire avec un retour sur nos lectures de la semaine derni\u00e8re (mais pas nos relectures), avec des lectures indiennes pour le <a href=\"https:\/\/www.jojoenherbe.com\/index.php\/2023\/03\/08\/rat-dholi\/\">RAT de Holi<\/a> coorganis\u00e9 par Hilde et Blandine dans le cadre de leur challenges Les \u00c9tapes Indiennes 2023 et qui a eu lieu du 8 au 12 mars 2023.<\/em><\/p>\n<p><span style=\"text-decoration: underline;\"><strong>Nos lectures du 6 au 12 mars 2023<\/strong><\/span><strong>:<\/strong><\/p>\n<p><em><span style=\"text-decoration: underline;\">Des lectures jeunesse<\/span>:<\/em><\/p>\n<ul>\n<li style=\"text-align: justify;\"><em>(Album jeunesse) <span style=\"text-decoration: underline;\"><strong>Cr\u00e9ation<\/strong><\/span> de Bhajju Shyam et Gita Wolf<\/em><\/li>\n<\/ul>\n<p style=\"text-align: justify;\"><em><a href=\"https:\/\/i0.wp.com\/www.jojoenherbe.com\/wp-content\/uploads\/2023\/03\/Creation-scaled.jpg\"><img data-recalc-dims=\"1\" loading=\"lazy\" decoding=\"async\" data-attachment-id=\"30168\" data-permalink=\"http:\/\/www.jojoenherbe.com\/index.php\/2023\/03\/13\/point-lecture-hebdomadaire-2023-10\/creation\/\" data-orig-file=\"https:\/\/i0.wp.com\/www.jojoenherbe.com\/wp-content\/uploads\/2023\/03\/Creation-scaled.jpg?fit=2560%2C1810\" data-orig-size=\"2560,1810\" data-comments-opened=\"1\" data-image-meta=\"{&quot;aperture&quot;:&quot;1.8&quot;,&quot;credit&quot;:&quot;&quot;,&quot;camera&quot;:&quot;iPhone 7&quot;,&quot;caption&quot;:&quot;&quot;,&quot;created_timestamp&quot;:&quot;1678446477&quot;,&quot;copyright&quot;:&quot;&quot;,&quot;focal_length&quot;:&quot;3.99&quot;,&quot;iso&quot;:&quot;80&quot;,&quot;shutter_speed&quot;:&quot;0.125&quot;,&quot;title&quot;:&quot;&quot;,&quot;orientation&quot;:&quot;1&quot;}\" data-image-title=\"Cr\u00e9ation\" data-image-description=\"\" data-image-caption=\"\" data-large-file=\"https:\/\/i0.wp.com\/www.jojoenherbe.com\/wp-content\/uploads\/2023\/03\/Creation-scaled.jpg?fit=676%2C478\" class=\"size-thumbnail wp-image-30168 alignleft\" src=\"https:\/\/i0.wp.com\/www.jojoenherbe.com\/wp-content\/uploads\/2023\/03\/Creation.jpg?resize=150%2C150\" alt=\"\" width=\"150\" height=\"150\" srcset=\"https:\/\/i0.wp.com\/www.jojoenherbe.com\/wp-content\/uploads\/2023\/03\/Creation-scaled.jpg?resize=150%2C150 150w, https:\/\/i0.wp.com\/www.jojoenherbe.com\/wp-content\/uploads\/2023\/03\/Creation-scaled.jpg?zoom=2&amp;resize=150%2C150 300w, https:\/\/i0.wp.com\/www.jojoenherbe.com\/wp-content\/uploads\/2023\/03\/Creation-scaled.jpg?zoom=3&amp;resize=150%2C150 450w\" sizes=\"auto, (max-width: 150px) 100vw, 150px\" \/><\/a>Nous avons lu <span style=\"text-decoration: underline;\">Cr\u00e9ation<\/span> de Bhajju Shyam et Gita Wolf (\u00e9d. Actes Sud Junior, 2015, 32 pages), un album illustr\u00e9 qui regroupe des \u0153uvres de l&rsquo;artiste Bhajju Shyam autour des mythes de la cr\u00e9ation et des coutumes des Gond, tribu du centre de l&rsquo;Inde. J&rsquo;ai bien appr\u00e9ci\u00e9 les illustrations en s\u00e9rigraphie de l\u2019art gond. Un bon moment de lecture avec ce livre d&rsquo;art surtout pour les illustrations en s\u00e9rigraphie!<br \/>\n<\/em><\/p>\n<ul>\n<li style=\"text-align: justify;\"><em>(Album jeunesse) <span style=\"text-decoration: underline;\"><strong>Les \u00e9l\u00e9phants n\u2019oublient jamais<\/strong><\/span> d\u2019Anushka Ravishankar<\/em><\/li>\n<\/ul>\n<p style=\"text-align: justify;\"><em><a href=\"https:\/\/i0.wp.com\/www.jojoenherbe.com\/wp-content\/uploads\/2023\/03\/Les-elephants-noublient-jamais-scaled.jpg\"><img data-recalc-dims=\"1\" loading=\"lazy\" decoding=\"async\" data-attachment-id=\"30170\" data-permalink=\"http:\/\/www.jojoenherbe.com\/index.php\/2023\/03\/13\/point-lecture-hebdomadaire-2023-10\/les-elephants-noublient-jamais\/\" data-orig-file=\"https:\/\/i0.wp.com\/www.jojoenherbe.com\/wp-content\/uploads\/2023\/03\/Les-elephants-noublient-jamais-scaled.jpg?fit=2560%2C2010\" data-orig-size=\"2560,2010\" data-comments-opened=\"1\" data-image-meta=\"{&quot;aperture&quot;:&quot;1.8&quot;,&quot;credit&quot;:&quot;&quot;,&quot;camera&quot;:&quot;iPhone 7&quot;,&quot;caption&quot;:&quot;&quot;,&quot;created_timestamp&quot;:&quot;1678446432&quot;,&quot;copyright&quot;:&quot;&quot;,&quot;focal_length&quot;:&quot;3.99&quot;,&quot;iso&quot;:&quot;100&quot;,&quot;shutter_speed&quot;:&quot;0.058823529411765&quot;,&quot;title&quot;:&quot;&quot;,&quot;orientation&quot;:&quot;1&quot;}\" data-image-title=\"Les \u00e9l\u00e9phants n&amp;rsquo;oublient jamais\" data-image-description=\"\" data-image-caption=\"\" data-large-file=\"https:\/\/i0.wp.com\/www.jojoenherbe.com\/wp-content\/uploads\/2023\/03\/Les-elephants-noublient-jamais-scaled.jpg?fit=676%2C531\" class=\"size-thumbnail wp-image-30170 alignright\" src=\"https:\/\/i0.wp.com\/www.jojoenherbe.com\/wp-content\/uploads\/2023\/03\/Les-elephants-noublient-jamais.jpg?resize=150%2C150\" alt=\"\" width=\"150\" height=\"150\" srcset=\"https:\/\/i0.wp.com\/www.jojoenherbe.com\/wp-content\/uploads\/2023\/03\/Les-elephants-noublient-jamais-scaled.jpg?resize=150%2C150 150w, https:\/\/i0.wp.com\/www.jojoenherbe.com\/wp-content\/uploads\/2023\/03\/Les-elephants-noublient-jamais-scaled.jpg?zoom=2&amp;resize=150%2C150 300w, https:\/\/i0.wp.com\/www.jojoenherbe.com\/wp-content\/uploads\/2023\/03\/Les-elephants-noublient-jamais-scaled.jpg?zoom=3&amp;resize=150%2C150 450w\" sizes=\"auto, (max-width: 150px) 100vw, 150px\" \/><\/a>Nous avons lu <span style=\"text-decoration: underline;\">Les \u00e9l\u00e9phants n\u2019oublient jamais<\/span> d\u2019Anushka Ravishankar (\u00e9d. Tourbillon, 2007), un album jeunesse \u00e0 partir de 3 ans avec l\u2019histoire d\u2019un \u00e9l\u00e9phanteau qui est adopt\u00e9 par un troupeau de mufles. Un bon moment de lecture avec cette histoire toute mignonne!<br \/>\n<\/em><\/p>\n<ul>\n<li style=\"text-align: justify;\"><em>(Album jeunesse) <span style=\"text-decoration: underline;\"><strong>Un royaume sans oiseaux<\/strong><\/span> de Gilles Baum et Thierry Dedieu<\/em><\/li>\n<\/ul>\n<p style=\"text-align: justify;\"><em><a href=\"https:\/\/i0.wp.com\/www.jojoenherbe.com\/wp-content\/uploads\/2023\/03\/Un-royaume-sans-oiseaux-scaled.jpg\"><img data-recalc-dims=\"1\" loading=\"lazy\" decoding=\"async\" data-attachment-id=\"30171\" data-permalink=\"http:\/\/www.jojoenherbe.com\/index.php\/2023\/03\/13\/point-lecture-hebdomadaire-2023-10\/un-royaume-sans-oiseaux\/\" data-orig-file=\"https:\/\/i0.wp.com\/www.jojoenherbe.com\/wp-content\/uploads\/2023\/03\/Un-royaume-sans-oiseaux-scaled.jpg?fit=2560%2C2226\" data-orig-size=\"2560,2226\" data-comments-opened=\"1\" data-image-meta=\"{&quot;aperture&quot;:&quot;1.8&quot;,&quot;credit&quot;:&quot;&quot;,&quot;camera&quot;:&quot;iPhone 7&quot;,&quot;caption&quot;:&quot;&quot;,&quot;created_timestamp&quot;:&quot;1678446465&quot;,&quot;copyright&quot;:&quot;&quot;,&quot;focal_length&quot;:&quot;3.99&quot;,&quot;iso&quot;:&quot;100&quot;,&quot;shutter_speed&quot;:&quot;0.11111111111111&quot;,&quot;title&quot;:&quot;&quot;,&quot;orientation&quot;:&quot;1&quot;}\" data-image-title=\"Un royaume sans oiseaux\" data-image-description=\"\" data-image-caption=\"\" data-large-file=\"https:\/\/i0.wp.com\/www.jojoenherbe.com\/wp-content\/uploads\/2023\/03\/Un-royaume-sans-oiseaux-scaled.jpg?fit=676%2C588\" class=\"size-thumbnail wp-image-30171 alignleft\" src=\"https:\/\/i0.wp.com\/www.jojoenherbe.com\/wp-content\/uploads\/2023\/03\/Un-royaume-sans-oiseaux.jpg?resize=150%2C150\" alt=\"\" width=\"150\" height=\"150\" srcset=\"https:\/\/i0.wp.com\/www.jojoenherbe.com\/wp-content\/uploads\/2023\/03\/Un-royaume-sans-oiseaux-scaled.jpg?resize=150%2C150 150w, https:\/\/i0.wp.com\/www.jojoenherbe.com\/wp-content\/uploads\/2023\/03\/Un-royaume-sans-oiseaux-scaled.jpg?zoom=2&amp;resize=150%2C150 300w, https:\/\/i0.wp.com\/www.jojoenherbe.com\/wp-content\/uploads\/2023\/03\/Un-royaume-sans-oiseaux-scaled.jpg?zoom=3&amp;resize=150%2C150 450w\" sizes=\"auto, (max-width: 150px) 100vw, 150px\" \/><\/a>Nous avons \u00e9galement lu <span style=\"text-decoration: underline;\">Un royaume sans oiseaux<\/span> de Gilles Baum et Thierry Dedieu (\u00e9d. Seuil Jeunesse, 2013), un album jeunesse \u00e0 partir de 6 ans et aux illustrations rappelant l\u2019ambiance des <span style=\"text-decoration: underline;\">Mille et une nuits<\/span> avec l\u2019histoire de Rahi qui tente de sauver les oiseaux apr\u00e8s l\u2019ordre du Maharadja de tous les tuer. J&rsquo;ai plus accroch\u00e9 \u00e0 l&rsquo;histoire qu&rsquo;aux illustrations que j&rsquo;aurai pr\u00e9f\u00e9r\u00e9 moins grossi\u00e8res et avec plus de finesse.<br \/>\n<\/em><\/p>\n<p><em><span style=\"text-decoration: underline;\">Des lectures adulte<\/span>:<\/em><\/p>\n<p style=\"text-align: justify;\"><em>Parmi les romans adultes que j\u2019ai lus cette semaine, je ne parlerai dans ce billet que de certains.<\/em><\/p>\n<ul>\n<li style=\"text-align: justify;\"><em>(Romantasy YA) <strong><span style=\"text-decoration: underline;\">Les chroniques d&rsquo;Elkma, Le chant des ab\u00eemes<\/span><\/strong> de Lydia Brasington <strong>(T2)<\/strong><br \/>\n<\/em><\/li>\n<\/ul>\n<p style=\"text-align: justify;\"><a href=\"https:\/\/i0.wp.com\/www.jojoenherbe.com\/wp-content\/uploads\/2023\/03\/Le-chant-des-abimes-T2.jpg\"><img data-recalc-dims=\"1\" loading=\"lazy\" decoding=\"async\" data-attachment-id=\"30128\" data-permalink=\"http:\/\/www.jojoenherbe.com\/index.php\/2023\/03\/13\/point-lecture-hebdomadaire-2023-10\/le-chant-des-abimes-t2\/\" data-orig-file=\"https:\/\/i0.wp.com\/www.jojoenherbe.com\/wp-content\/uploads\/2023\/03\/Le-chant-des-abimes-T2.jpg?fit=750%2C1334\" data-orig-size=\"750,1334\" data-comments-opened=\"1\" data-image-meta=\"{&quot;aperture&quot;:&quot;0&quot;,&quot;credit&quot;:&quot;&quot;,&quot;camera&quot;:&quot;&quot;,&quot;caption&quot;:&quot;&quot;,&quot;created_timestamp&quot;:&quot;0&quot;,&quot;copyright&quot;:&quot;&quot;,&quot;focal_length&quot;:&quot;0&quot;,&quot;iso&quot;:&quot;0&quot;,&quot;shutter_speed&quot;:&quot;0&quot;,&quot;title&quot;:&quot;&quot;,&quot;orientation&quot;:&quot;0&quot;}\" data-image-title=\"Le chant des ab\u00eemes T2\" data-image-description=\"\" data-image-caption=\"\" data-large-file=\"https:\/\/i0.wp.com\/www.jojoenherbe.com\/wp-content\/uploads\/2023\/03\/Le-chant-des-abimes-T2.jpg?fit=576%2C1024\" class=\"size-thumbnail wp-image-30128 alignright\" src=\"https:\/\/i0.wp.com\/www.jojoenherbe.com\/wp-content\/uploads\/2023\/03\/Le-chant-des-abimes-T2.jpg?resize=150%2C150\" alt=\"\" width=\"150\" height=\"150\" srcset=\"https:\/\/i0.wp.com\/www.jojoenherbe.com\/wp-content\/uploads\/2023\/03\/Le-chant-des-abimes-T2.jpg?resize=150%2C150 150w, https:\/\/i0.wp.com\/www.jojoenherbe.com\/wp-content\/uploads\/2023\/03\/Le-chant-des-abimes-T2.jpg?zoom=2&amp;resize=150%2C150 300w, https:\/\/i0.wp.com\/www.jojoenherbe.com\/wp-content\/uploads\/2023\/03\/Le-chant-des-abimes-T2.jpg?zoom=3&amp;resize=150%2C150 450w\" sizes=\"auto, (max-width: 150px) 100vw, 150px\" \/><\/a><em>J&rsquo;ai lu le tome 2 des <span style=\"text-decoration: underline;\">Chroniques d&rsquo;Elkma, Le chant des ab\u00eemes<\/span> de Lydia Brasington (\u00e9d. Auto\u00e9dition, 2023, 293 pages), une romance fantasy young adult et qui reprend 6 mois apr\u00e8s les \u00e9v\u00e9nements du tome pr\u00e9c\u00e9dent. Malgr\u00e9 la mort du roi Silas et l&rsquo;accession au pouvoir de son neveu Rex, Astra n&rsquo;arrive pas \u00e0 trouver sa place et ne se sent pas libre de choisir sa vie, la menace de la voir marier contre son gr\u00e9 avec le Prince Imp\u00e9rial, Taka n&rsquo;ayant pas disparu et la jeune femme n&rsquo;arrivant pas \u00e0 se remettre de la trahison de Kellan. Fuyant le palais, Astra se joint \u00e0 un groupe de rebelles royalistes pour retrouver son cousin Orion disparu \u00e0 la Moisson pr\u00e9c\u00e9dente et qui serait dans les territoires du Nord.<\/em><\/p>\n<p style=\"text-align: justify;\"><em>Sur fond de fuite pour retrouver Orion, ce tome se concentre sur les sentiments et les \u00e9tats d&rsquo;\u00e2me d&rsquo;Astra et de Kellan, la premi\u00e8re luttant contre ses propres sentiments (mais vaut-elle mieux que lui apr\u00e8s avoir tu\u00e9 son oncle?) et le second tentant de se reconstruire apr\u00e8s avoir subi les s\u00e9vices et tortures de Rex dans les ge\u00f4les du palais, se raccrochant \u00e0 la vie gr\u00e2ce \u00e0 son amour pour Astra. Un bon moment de lecture plus sombre que le pr\u00e9c\u00e9dent! Un troisi\u00e8me tome est d&rsquo;ores et d\u00e9j\u00e0 pr\u00e9vu et qui s&rsquo;annonce tout aussi sombre, mettant \u00e0 mal l&rsquo;amour que se porte Astra et Kellan, chacun ayant fait le choix de sauver l&rsquo;autre \u00e0 tout prix, au m\u00e9pris de leur propre vie.<\/em><\/p>\n<ul>\n<li><em>(Romantasy) <strong><span style=\"text-decoration: underline;\">Le Pont des Temp\u00eates<\/span><\/strong> de Danielle L. Jensen <strong>(T1)<\/strong><\/em><\/li>\n<\/ul>\n<p style=\"text-align: justify;\"><a href=\"https:\/\/i0.wp.com\/www.jojoenherbe.com\/wp-content\/uploads\/2023\/03\/Le-Pont-des-Tempetes-T1.jpg\"><img data-recalc-dims=\"1\" loading=\"lazy\" decoding=\"async\" data-attachment-id=\"30129\" data-permalink=\"http:\/\/www.jojoenherbe.com\/index.php\/2023\/03\/13\/point-lecture-hebdomadaire-2023-10\/le-pont-des-tempetes-t1\/\" data-orig-file=\"https:\/\/i0.wp.com\/www.jojoenherbe.com\/wp-content\/uploads\/2023\/03\/Le-Pont-des-Tempetes-T1.jpg?fit=750%2C1334\" data-orig-size=\"750,1334\" data-comments-opened=\"1\" data-image-meta=\"{&quot;aperture&quot;:&quot;0&quot;,&quot;credit&quot;:&quot;&quot;,&quot;camera&quot;:&quot;&quot;,&quot;caption&quot;:&quot;&quot;,&quot;created_timestamp&quot;:&quot;0&quot;,&quot;copyright&quot;:&quot;&quot;,&quot;focal_length&quot;:&quot;0&quot;,&quot;iso&quot;:&quot;0&quot;,&quot;shutter_speed&quot;:&quot;0&quot;,&quot;title&quot;:&quot;&quot;,&quot;orientation&quot;:&quot;0&quot;}\" data-image-title=\"Le Pont des Temp\u00eates T1\" data-image-description=\"\" data-image-caption=\"\" data-large-file=\"https:\/\/i0.wp.com\/www.jojoenherbe.com\/wp-content\/uploads\/2023\/03\/Le-Pont-des-Tempetes-T1.jpg?fit=576%2C1024\" class=\"alignleft size-thumbnail wp-image-30129\" src=\"https:\/\/i0.wp.com\/www.jojoenherbe.com\/wp-content\/uploads\/2023\/03\/Le-Pont-des-Tempetes-T1.jpg?resize=150%2C150\" alt=\"\" width=\"150\" height=\"150\" srcset=\"https:\/\/i0.wp.com\/www.jojoenherbe.com\/wp-content\/uploads\/2023\/03\/Le-Pont-des-Tempetes-T1.jpg?resize=150%2C150 150w, https:\/\/i0.wp.com\/www.jojoenherbe.com\/wp-content\/uploads\/2023\/03\/Le-Pont-des-Tempetes-T1.jpg?zoom=2&amp;resize=150%2C150 300w, https:\/\/i0.wp.com\/www.jojoenherbe.com\/wp-content\/uploads\/2023\/03\/Le-Pont-des-Tempetes-T1.jpg?zoom=3&amp;resize=150%2C150 450w\" sizes=\"auto, (max-width: 150px) 100vw, 150px\" \/><\/a><em>J&rsquo;ai lu le tome 1 du <span style=\"text-decoration: underline;\">Pont des Temp\u00eates<\/span> de Danielle L. Jensen (\u00e9d. Bragelonne, coll. Fantasy, 2023, 442 pages), une romantasy se d\u00e9roulant dans un monde ravag\u00e9 par des temp\u00eates sauvages, l&rsquo;unique voie de passage commerciale \u00e9tant le pont des temp\u00eates d\u00e9tenu par le roi d&rsquo;Ithicana. \u00c2g\u00e9e de 20 ans, Lara, fille du <span class=\"a-text-bold\">roi de Maridrina<\/span> a \u00e9t\u00e9 \u00e9lev\u00e9e pendant 15 ans dans le d\u00e9sert pour devenir une espionne tueuse afin de lib\u00e9rer son peuple du joug du royaume d&rsquo;Ithicana et de s&rsquo;accaparer le pont des temp\u00eates. Sous pr\u00e9texte d&rsquo;honorer un trait\u00e9 de paix entre Maridrina et Ithicana, le mariage de Lara est arrang\u00e9 avec Aren, roi d&rsquo;<span class=\"cr-widget-FocalReviews\" data-hook=\"cr-widget-FocalReviews\"><span class=\"a-size-base review-text\" data-hook=\"review-body\">Ithicana<\/span><\/span> \u00e2g\u00e9 de 24 ans. <\/em><em>Mais une fois arriv\u00e9 sur l&rsquo;\u00eele centrale d&rsquo;Ithicana, rien ne se passe comme pr\u00e9vu. Aren ne correspond pas du tout \u00e0 ce qui lui a \u00e9t\u00e9 enseign\u00e9. Certes il est un guerrier impitoyable mais il se r\u00e9v\u00e8le bien plus humain, juste et id\u00e9aliste, \u00e0 l&rsquo;\u00e9coute de son propre peuple qui subit les saisons des temp\u00eates. Lara remet alors petit \u00e0 petit en question tout ce qu&rsquo;elle a appris jusqu&rsquo;alors. Sa d\u00e9termination pour sauver son peuple suffira-t-elle pour mener \u00e0 bien sa mission?<\/em><\/p>\n<p style=\"text-align: justify;\"><em>J&rsquo;ai bien appr\u00e9ci\u00e9 l&rsquo;univers imagin\u00e9 par l&rsquo;autrice avec au centre de ce monde, le pont des temp\u00eates, objet de toutes les convoitises. Nous avons d&rsquo;un c\u00f4t\u00e9 le royaume d\u00e9sertique de Maridrina et dont le peuple souffre de famine et de l&rsquo;autre le royaume d&rsquo;Ithicana constitu\u00e9 de nombreuses \u00eeles reli\u00e9es par le pont des temp\u00eates et vivant sous le rythme des saisons des temp\u00eates. Le duo form\u00e9 par Lara et Aren est attachant, l&rsquo;un et l&rsquo;autre vouant leur vie \u00e0 sauver leur peuple, l&rsquo;une de la famine et l&rsquo;autre des attaques incessantes des autres royaumes.<\/em> <em>L&rsquo;\u00e9criture est fluide et addictive, la tension \u00e9tant palpable \u00e0 chaque page, Lara \u00e9tant amen\u00e9e \u00e0 faire un choix crucial qui peut faire ou non tomber le royaume d&rsquo;Ithicana.<\/em> <em>Un tr\u00e8s bon moment de lecture avec ce premier tome riche en actions, rebondissements, d&rsquo;intrigues politiques et mensonges sous fond de romance slow burn! J&rsquo;ai vu qu&rsquo;il existait en VO 5 tomes \u00e0 cette saga fantasy. J&rsquo;ai h\u00e2te que les tomes suivants soient traduits en fran\u00e7ais.<br \/>\n<\/em><\/p>\n<ul>\n<li style=\"text-align: justify;\"><em>(Roman d&rsquo;urban fantasy) <span style=\"text-decoration: underline;\"><strong>Recherche chasseurs de d\u00e9mons, Sorci\u00e8re &amp; Tueuse<\/strong><\/span> de Katie French <strong>(T1)<\/strong><\/em><\/li>\n<\/ul>\n<p style=\"text-align: justify;\"><em><a href=\"https:\/\/i0.wp.com\/www.jojoenherbe.com\/wp-content\/uploads\/2023\/03\/Sorciere-tueuse-T1.jpg\"><img data-recalc-dims=\"1\" loading=\"lazy\" decoding=\"async\" data-attachment-id=\"30189\" data-permalink=\"http:\/\/www.jojoenherbe.com\/index.php\/2023\/03\/08\/rat-dholi\/sorciere-tueuse-t1\/\" data-orig-file=\"https:\/\/i0.wp.com\/www.jojoenherbe.com\/wp-content\/uploads\/2023\/03\/Sorciere-tueuse-T1.jpg?fit=750%2C1334\" data-orig-size=\"750,1334\" data-comments-opened=\"1\" data-image-meta=\"{&quot;aperture&quot;:&quot;0&quot;,&quot;credit&quot;:&quot;&quot;,&quot;camera&quot;:&quot;&quot;,&quot;caption&quot;:&quot;&quot;,&quot;created_timestamp&quot;:&quot;0&quot;,&quot;copyright&quot;:&quot;&quot;,&quot;focal_length&quot;:&quot;0&quot;,&quot;iso&quot;:&quot;0&quot;,&quot;shutter_speed&quot;:&quot;0&quot;,&quot;title&quot;:&quot;&quot;,&quot;orientation&quot;:&quot;0&quot;}\" data-image-title=\"Sorci\u00e8re &amp;#038; tueuse T1\" data-image-description=\"\" data-image-caption=\"\" data-large-file=\"https:\/\/i0.wp.com\/www.jojoenherbe.com\/wp-content\/uploads\/2023\/03\/Sorciere-tueuse-T1.jpg?fit=576%2C1024\" class=\"size-thumbnail wp-image-30189 alignright\" src=\"https:\/\/i0.wp.com\/www.jojoenherbe.com\/wp-content\/uploads\/2023\/03\/Sorciere-tueuse-T1.jpg?resize=150%2C150\" alt=\"\" width=\"150\" height=\"150\" srcset=\"https:\/\/i0.wp.com\/www.jojoenherbe.com\/wp-content\/uploads\/2023\/03\/Sorciere-tueuse-T1.jpg?resize=150%2C150 150w, https:\/\/i0.wp.com\/www.jojoenherbe.com\/wp-content\/uploads\/2023\/03\/Sorciere-tueuse-T1.jpg?zoom=2&amp;resize=150%2C150 300w, https:\/\/i0.wp.com\/www.jojoenherbe.com\/wp-content\/uploads\/2023\/03\/Sorciere-tueuse-T1.jpg?zoom=3&amp;resize=150%2C150 450w\" sizes=\"auto, (max-width: 150px) 100vw, 150px\" \/><\/a>J\u2019ai lu le tome 1 de la trilogie <span style=\"text-decoration: underline;\">Recherche chasseurs de d\u00e9mons, Sorci\u00e8re &amp; Tueuse<\/span> de Katie French (\u00e9d. du Chat Noir, 2023, 282 pages), une romance d\u2019urban fantasy avec l\u2019histoire de Winter, une jeune femme sorci\u00e8re sans pouvoir qui tente d\u2019\u00eatre recrut\u00e9e dans une agence paranormale afin de tuer en toute l\u00e9galit\u00e9 des entit\u00e9s d\u00e9moniaques. Mais le si\u00e8ge de l\u2019agence est attaqu\u00e9 par les Vice-Rois. L\u2019histoire se lit rapidement, sans v\u00e9ritable souffle \u00e9pique, les rebondissements s\u2019encha\u00eenant rapidement et un peu trop facilement. Le petit groupe de stagiaires est somme toute bien sympathique mais manque un peu de profondeur, tout comme la romance ennemis to lovers qui se dessine entre Winter et Dax.<br \/>\n<\/em><\/p>\n<ul>\n<li style=\"text-align: justify;\"><em>(Roman soci\u00e9tal court) <span style=\"text-decoration: underline;\"><strong>Ceci n&rsquo;est pas un fait divers <\/strong><\/span>de Philippe Besson<\/em><\/li>\n<\/ul>\n<p style=\"text-align: justify;\"><em> <a href=\"https:\/\/i0.wp.com\/www.jojoenherbe.com\/wp-content\/uploads\/2023\/03\/Ceci-nest-pas-un-fait-divers.jpg\"><img data-recalc-dims=\"1\" loading=\"lazy\" decoding=\"async\" data-attachment-id=\"30181\" data-permalink=\"http:\/\/www.jojoenherbe.com\/index.php\/2023\/03\/08\/rat-dholi\/ceci-nest-pas-un-fait-divers\/\" data-orig-file=\"https:\/\/i0.wp.com\/www.jojoenherbe.com\/wp-content\/uploads\/2023\/03\/Ceci-nest-pas-un-fait-divers.jpg?fit=750%2C1334\" data-orig-size=\"750,1334\" data-comments-opened=\"1\" data-image-meta=\"{&quot;aperture&quot;:&quot;0&quot;,&quot;credit&quot;:&quot;&quot;,&quot;camera&quot;:&quot;&quot;,&quot;caption&quot;:&quot;&quot;,&quot;created_timestamp&quot;:&quot;0&quot;,&quot;copyright&quot;:&quot;&quot;,&quot;focal_length&quot;:&quot;0&quot;,&quot;iso&quot;:&quot;0&quot;,&quot;shutter_speed&quot;:&quot;0&quot;,&quot;title&quot;:&quot;&quot;,&quot;orientation&quot;:&quot;0&quot;}\" data-image-title=\"Ceci n&amp;rsquo;est pas un fait divers\" data-image-description=\"\" data-image-caption=\"\" data-large-file=\"https:\/\/i0.wp.com\/www.jojoenherbe.com\/wp-content\/uploads\/2023\/03\/Ceci-nest-pas-un-fait-divers.jpg?fit=576%2C1024\" class=\"alignleft size-thumbnail wp-image-30181\" src=\"https:\/\/i0.wp.com\/www.jojoenherbe.com\/wp-content\/uploads\/2023\/03\/Ceci-nest-pas-un-fait-divers.jpg?resize=150%2C150\" alt=\"\" width=\"150\" height=\"150\" srcset=\"https:\/\/i0.wp.com\/www.jojoenherbe.com\/wp-content\/uploads\/2023\/03\/Ceci-nest-pas-un-fait-divers.jpg?resize=150%2C150 150w, https:\/\/i0.wp.com\/www.jojoenherbe.com\/wp-content\/uploads\/2023\/03\/Ceci-nest-pas-un-fait-divers.jpg?zoom=2&amp;resize=150%2C150 300w, https:\/\/i0.wp.com\/www.jojoenherbe.com\/wp-content\/uploads\/2023\/03\/Ceci-nest-pas-un-fait-divers.jpg?zoom=3&amp;resize=150%2C150 450w\" sizes=\"auto, (max-width: 150px) 100vw, 150px\" \/><\/a>J&rsquo;ai lu <span style=\"text-decoration: underline;\">Ceci n&rsquo;est pas un fait divers<\/span> de Philippe Besson (\u00e9d. Juliard, 2023, 208 pages), un roman soci\u00e9tal court traitant d&rsquo;un f\u00e9minicide (ce qu&rsquo;on appelait autrefois un crime passionnel) du point de vue du fils a\u00een\u00e9 de la victime, danseur \u00e0 l&rsquo;Op\u00e9ra de Paris, homosexuel et \u00e2g\u00e9 de 19 ans. Le fils narrateur nous raconte les ann\u00e9es qui ont suivi le meurtre de sa m\u00e8re par son p\u00e8re, de l&rsquo;appel t\u00e9l\u00e9phonique de sa petite s\u0153ur de 13 ans qui a assist\u00e9 au drame, des premi\u00e8res heures de l&rsquo;enqu\u00eate polici\u00e8re, de la garde \u00e0 vue de son p\u00e8re, du proc\u00e8s puis de l&rsquo;apr\u00e8s et tous les sentiments et \u00e9motions ressentis sur le vif et les mois passant, entre tristesse, col\u00e8re et honte. <\/em><\/p>\n<p style=\"text-align: justify;\"><em>M\u00eame si j&rsquo;ai appr\u00e9ci\u00e9 le style et le fait de se placer du c\u00f4t\u00e9 des enfants victimes, j&rsquo;ai trouv\u00e9 que l&rsquo;auteur a utilis\u00e9 de nombreux clich\u00e9s et raccourcis journalistiques et qu&rsquo;il a commis de trop nombreuses erreurs dans le d\u00e9roul\u00e9 de la proc\u00e9dure judiciaire, me faisant lever les yeux au ciel \u00e0 de nombreuses reprises comme par exemple lors de la confrontation, faisant perdre en cr\u00e9dibilit\u00e9 le drame relat\u00e9. Je ne sais pas de quand date le fait divers qui a inspir\u00e9 ce roman mais la victime a le droit \u00e0 \u00eatre assist\u00e9e par un Avocat lors de la confrontation en garde \u00e0 vue, le mis en cause n&rsquo;a pas le droit de parler \u00e0 la victime, m\u00eame au cours de la confrontation et le choix d&rsquo;un repr\u00e9sentant l\u00e9gal pour la victime mineure en pareil cas se fera plus tard devant le Juge des Enfants. <\/em><\/p>\n<ul>\n<li style=\"text-align: justify;\"><em>(Roman dystopique post-apo ados\/YA) <span style=\"text-decoration: underline;\"><strong>Imperium, \u00c0 contre-courant<\/strong><\/span> d\u2019Amelia C. Jones <strong>(T1)<\/strong><\/em><\/li>\n<\/ul>\n<p style=\"text-align: justify;\"><em><a href=\"https:\/\/i0.wp.com\/www.jojoenherbe.com\/wp-content\/uploads\/2023\/03\/Imperium-T1.jpg\"><img data-recalc-dims=\"1\" loading=\"lazy\" decoding=\"async\" data-attachment-id=\"30200\" data-permalink=\"http:\/\/www.jojoenherbe.com\/index.php\/2023\/03\/08\/rat-dholi\/imperium-t1\/\" data-orig-file=\"https:\/\/i0.wp.com\/www.jojoenherbe.com\/wp-content\/uploads\/2023\/03\/Imperium-T1.jpg?fit=750%2C1334\" data-orig-size=\"750,1334\" data-comments-opened=\"1\" data-image-meta=\"{&quot;aperture&quot;:&quot;0&quot;,&quot;credit&quot;:&quot;&quot;,&quot;camera&quot;:&quot;&quot;,&quot;caption&quot;:&quot;&quot;,&quot;created_timestamp&quot;:&quot;0&quot;,&quot;copyright&quot;:&quot;&quot;,&quot;focal_length&quot;:&quot;0&quot;,&quot;iso&quot;:&quot;0&quot;,&quot;shutter_speed&quot;:&quot;0&quot;,&quot;title&quot;:&quot;&quot;,&quot;orientation&quot;:&quot;0&quot;}\" data-image-title=\"Imperium T1\" data-image-description=\"\" data-image-caption=\"\" data-large-file=\"https:\/\/i0.wp.com\/www.jojoenherbe.com\/wp-content\/uploads\/2023\/03\/Imperium-T1.jpg?fit=576%2C1024\" class=\"size-thumbnail wp-image-30200 alignright\" src=\"https:\/\/i0.wp.com\/www.jojoenherbe.com\/wp-content\/uploads\/2023\/03\/Imperium-T1.jpg?resize=150%2C150\" alt=\"\" width=\"150\" height=\"150\" srcset=\"https:\/\/i0.wp.com\/www.jojoenherbe.com\/wp-content\/uploads\/2023\/03\/Imperium-T1.jpg?resize=150%2C150 150w, https:\/\/i0.wp.com\/www.jojoenherbe.com\/wp-content\/uploads\/2023\/03\/Imperium-T1.jpg?zoom=2&amp;resize=150%2C150 300w, https:\/\/i0.wp.com\/www.jojoenherbe.com\/wp-content\/uploads\/2023\/03\/Imperium-T1.jpg?zoom=3&amp;resize=150%2C150 450w\" sizes=\"auto, (max-width: 150px) 100vw, 150px\" \/><\/a>J&rsquo;ai lu le tome 1 de la trilogie <span style=\"text-decoration: underline;\">Imperium, \u00c0 contre-courant<\/span> d\u2019Amelia C. Jones (\u00e9d. Auto\u00e9dition, 2022, 476 pages), un roman dystopique post-apocalyptique pour les adolescents, les humains vivant sous des d\u00f4mes apr\u00e8s le Grand D\u00e9sastre et sous la coupe de R\u00e9galia. Nora, \u00e2g\u00e9e de 22 ans, fait partie de la r\u00e9sistance, depuis l\u2019assassinat de ses parents, son p\u00e8re scientifique ayant compris qu&rsquo;il \u00e9tait possible de vivre en dehors des d\u00f4mes. Se faisant passer pour une chanteuse sous l\u2019identit\u00e9 de Louise, elle tente de s\u00e9duire des hauts responsables de ce syst\u00e8me tyrannique, en particulier Simon. Au sein de son r\u00e9seau de r\u00e9sistants, elle peut compter sur son chef, Chet qui vient d\u2019avoir le soutien d\u2019un r\u00e9sistant d\u2019un autre d\u00f4me, Declan. Nora arrivera-t-elle \u00e0 faire confiance \u00e0 ce Declan qui se r\u00e9v\u00e8le bien myst\u00e9rieux? <\/em><\/p>\n<p style=\"text-align: justify;\"><em>J\u2019ai appr\u00e9ci\u00e9 l\u2019univers post-apo d\u00e9crit par l\u2019autrice. <\/em><em>Un bon moment de lecture avec ce premier tome introductif, \u00e0 l&rsquo;\u00e9criture fluide et addictive, se terminant sur une fin qui tient en haleine, m\u00eame si parfois les personnages principaux manquaient un peu de maturit\u00e9, sans doute d\u00fb au jeune \u00e2ge de l\u2019autrice! Mais je lirai volontiers le tome 2 qui est en cours d\u2019\u00e9criture et dont l\u2019autrice annonce qu\u2019il sera plus sombre et mature et en r\u00e9v\u00e9lera un peu plus sur le Grand D\u00e9sastre et le pass\u00e9 d\u2019un des personnages masculins tout en adoptant son point de vue en plus de celui de Nora (j\u2019imagine que ce sera Declan). <\/em><\/p>\n<p><strong><span style=\"text-decoration: underline;\">Mes lectures en cours<\/span>:<\/strong><\/p>\n<ul>\n<li style=\"text-align: justify;\"><em>(Roman d\u2019urban fantasy ado\/YA) <span style=\"text-decoration: underline;\"><strong>Humana, L&rsquo;ultime sacrifice<\/strong><\/span> de Jocabel C. Caballero <strong>(T3)<\/strong><\/em><\/li>\n<\/ul>\n<p style=\"text-align: justify;\"><em><a href=\"https:\/\/i0.wp.com\/www.jojoenherbe.com\/wp-content\/uploads\/2023\/03\/Humana-T3.jpg\"><img data-recalc-dims=\"1\" loading=\"lazy\" decoding=\"async\" data-attachment-id=\"30199\" data-permalink=\"http:\/\/www.jojoenherbe.com\/index.php\/2023\/03\/08\/rat-dholi\/humana-t3\/\" data-orig-file=\"https:\/\/i0.wp.com\/www.jojoenherbe.com\/wp-content\/uploads\/2023\/03\/Humana-T3.jpg?fit=750%2C1334\" data-orig-size=\"750,1334\" data-comments-opened=\"1\" data-image-meta=\"{&quot;aperture&quot;:&quot;0&quot;,&quot;credit&quot;:&quot;&quot;,&quot;camera&quot;:&quot;&quot;,&quot;caption&quot;:&quot;&quot;,&quot;created_timestamp&quot;:&quot;0&quot;,&quot;copyright&quot;:&quot;&quot;,&quot;focal_length&quot;:&quot;0&quot;,&quot;iso&quot;:&quot;0&quot;,&quot;shutter_speed&quot;:&quot;0&quot;,&quot;title&quot;:&quot;&quot;,&quot;orientation&quot;:&quot;0&quot;}\" data-image-title=\"Humana T3\" data-image-description=\"\" data-image-caption=\"\" data-large-file=\"https:\/\/i0.wp.com\/www.jojoenherbe.com\/wp-content\/uploads\/2023\/03\/Humana-T3.jpg?fit=576%2C1024\" class=\"alignleft size-thumbnail wp-image-30199\" src=\"https:\/\/i0.wp.com\/www.jojoenherbe.com\/wp-content\/uploads\/2023\/03\/Humana-T3.jpg?resize=150%2C150\" alt=\"\" width=\"150\" height=\"150\" srcset=\"https:\/\/i0.wp.com\/www.jojoenherbe.com\/wp-content\/uploads\/2023\/03\/Humana-T3.jpg?resize=150%2C150 150w, https:\/\/i0.wp.com\/www.jojoenherbe.com\/wp-content\/uploads\/2023\/03\/Humana-T3.jpg?zoom=2&amp;resize=150%2C150 300w, https:\/\/i0.wp.com\/www.jojoenherbe.com\/wp-content\/uploads\/2023\/03\/Humana-T3.jpg?zoom=3&amp;resize=150%2C150 450w\" sizes=\"auto, (max-width: 150px) 100vw, 150px\" \/><\/a>J&rsquo;ai commenc\u00e9 \u00e0 lire jusqu\u2019au chapitre 17 (154 pages lues) le tome 3 de la trilogie <span style=\"text-decoration: underline;\">Humana, L\u2019ultime sacrifice<\/span> de Jocabel C. Caballero (\u00e9d. Auto\u00e9dition, 2023, 444 pages), un roman d\u2019urban fantasy pour adolescents et alternant principalement les points de vue entre S\u00e9rena et Ethan. Le retour de Marius met \u00e0 mal l\u2019alliance fragile entre les clans de Nocturnes et leur rappelant les sombres Ann\u00e9es Noires, ce dernier souhaitant exterminer tous les sangs-m\u00eal\u00e9s et la supr\u00e9matie des sangs-purs vampires. Avec son nouveau pouvoir de n\u00e9cromancien, S\u00e9rena\u00a0 parviendra-t-elle avec l\u2019aide de ses amis et de sa famille \u00e0 arr\u00eater Marius \u00e0 temps? L\u2019intrigue reprend l\u00e0 o\u00f9 s\u2019\u00e9tait arr\u00eat\u00e9 le tome pr\u00e9c\u00e9dent. Le rythme est toujours aussi addictif.\u00a0 <\/em><\/p>\n<ul>\n<li><em>(Roman contemporain) <span style=\"text-decoration: underline;\"><strong>Comparti<\/strong><\/span><span style=\"text-decoration: underline;\"><strong>ment<\/strong><\/span><span style=\"text-decoration: underline;\"><strong> pour dames<\/strong><\/span> d\u2019Anita Nair <\/em><\/li>\n<\/ul>\n<p style=\"text-align: justify;\"><em><a href=\"https:\/\/i0.wp.com\/www.jojoenherbe.com\/wp-content\/uploads\/2023\/03\/Compartiment-pour-dames-scaled.jpg\"><img data-recalc-dims=\"1\" loading=\"lazy\" decoding=\"async\" data-attachment-id=\"30222\" data-permalink=\"http:\/\/www.jojoenherbe.com\/index.php\/2023\/03\/08\/rat-dholi\/compartiment-pour-dames\/\" data-orig-file=\"https:\/\/i0.wp.com\/www.jojoenherbe.com\/wp-content\/uploads\/2023\/03\/Compartiment-pour-dames-scaled.jpg?fit=2560%2C2075\" data-orig-size=\"2560,2075\" data-comments-opened=\"1\" data-image-meta=\"{&quot;aperture&quot;:&quot;1.8&quot;,&quot;credit&quot;:&quot;&quot;,&quot;camera&quot;:&quot;iPhone 7&quot;,&quot;caption&quot;:&quot;&quot;,&quot;created_timestamp&quot;:&quot;1678698532&quot;,&quot;copyright&quot;:&quot;&quot;,&quot;focal_length&quot;:&quot;3.99&quot;,&quot;iso&quot;:&quot;100&quot;,&quot;shutter_speed&quot;:&quot;0.25&quot;,&quot;title&quot;:&quot;&quot;,&quot;orientation&quot;:&quot;1&quot;}\" data-image-title=\"Compartiment pour dames\" data-image-description=\"\" data-image-caption=\"\" data-large-file=\"https:\/\/i0.wp.com\/www.jojoenherbe.com\/wp-content\/uploads\/2023\/03\/Compartiment-pour-dames-scaled.jpg?fit=676%2C548\" class=\"size-thumbnail wp-image-30222 alignright\" src=\"https:\/\/i0.wp.com\/www.jojoenherbe.com\/wp-content\/uploads\/2023\/03\/Compartiment-pour-dames.jpg?resize=150%2C150\" alt=\"\" width=\"150\" height=\"150\" srcset=\"https:\/\/i0.wp.com\/www.jojoenherbe.com\/wp-content\/uploads\/2023\/03\/Compartiment-pour-dames-scaled.jpg?resize=150%2C150 150w, https:\/\/i0.wp.com\/www.jojoenherbe.com\/wp-content\/uploads\/2023\/03\/Compartiment-pour-dames-scaled.jpg?zoom=2&amp;resize=150%2C150 300w, https:\/\/i0.wp.com\/www.jojoenherbe.com\/wp-content\/uploads\/2023\/03\/Compartiment-pour-dames-scaled.jpg?zoom=3&amp;resize=150%2C150 450w\" sizes=\"auto, (max-width: 150px) 100vw, 150px\" \/><\/a>Lors du RAT de Holi, j&rsquo;ai commenc\u00e9 \u00e0 lire jusqu&rsquo;au chapitre 4 (126 pages lues) <span style=\"text-decoration: underline;\">Compartiment pour dames<\/span> d\u2019Anita Nair (\u00e9d. Picquier Poche, 2002, r\u00e9\u00e9d. 2004, 450 pages), un roman contemporain se d\u00e9roulant en Inde avec l\u2019histoire d\u2019Akikha, c\u00e9libataire de 45 ans qui d\u00e9cide un beau matin de partir seule en voyage et de prendre un train \u00e0 destination de l\u2019extr\u00e9mit\u00e9 sud de l\u2019Inde et qui fait alors connaissance des autres femmes du compartiment pour dames d\u2019un train de nuit. A travers le personnage d\u2019Akikha et de ses compagnes de voyage, l\u2019autrice aborde la condition de la femme en Inde, en particulier de la femme c\u00e9libataire, statut peu enviable en Inde. Comment s\u2019\u00e9manciper du poids des traditions et des castes pour trouve son bonheur?\u00a0 Le rythme est lent et introspectif mais correspond tr\u00e8s bien aux confidences des femmes de ce compartiment de train.<br \/>\n<\/em><\/p>\n","protected":false},"excerpt":{"rendered":"<p>En ce d\u00e9but de semaine, voici notre point lecture hebdomadaire avec un retour sur nos lectures de la semaine derni\u00e8re (mais pas nos relectures), avec des lectures indiennes pour le RAT de Holi coorganis\u00e9 par Hilde et Blandine dans le cadre de leur challenges Les \u00c9tapes Indiennes 2023 et qui a eu lieu du 8 [&hellip;]<\/p>\n","protected":false},"author":1,"featured_media":30232,"comment_status":"open","ping_status":"open","sticky":false,"template":"","format":"standard","meta":{"jetpack_post_was_ever_published":false,"_jetpack_newsletter_access":"","_jetpack_dont_email_post_to_subs":false,"_jetpack_newsletter_tier_id":0,"_jetpack_memberships_contains_paywalled_content":false,"_jetpack_memberships_contains_paid_content":false,"footnotes":""},"categories":[2140,363],"tags":[409,3665,3664,3668,3663,1752,3669,3184,3667,1085,367,3662,3666,2767,905,3570,1087],"class_list":["post-30127","post","type-post","status-publish","format-standard","has-post-thumbnail","hentry","category-mini-blogueur","category-mini-lecteur","tag-albums-jeunesse","tag-amelia-c-jones","tag-anita-nair","tag-bhajju-shyam","tag-danielle-l-jensen","tag-gilles-baum","tag-gita-wolf","tag-jocabel-c-caballero","tag-katie-french","tag-lecture-adulte","tag-lecture-jeunesse","tag-lydia-brasington","tag-philippe-besson","tag-point-lecture-hebdo","tag-romans-adulte","tag-romantasy","tag-thierry-dedieu","post-preview"],"jetpack_featured_media_url":"https:\/\/i0.wp.com\/www.jojoenherbe.com\/wp-content\/uploads\/2023\/03\/Point-lecture-hebdomadaire-2023-10-scaled.jpg?fit=2560%2C2028","jetpack_sharing_enabled":true,"jetpack_shortlink":"https:\/\/wp.me\/p9zhGx-7PV","jetpack_likes_enabled":true,"jetpack-related-posts":[{"id":37057,"url":"http:\/\/www.jojoenherbe.com\/index.php\/2024\/09\/30\/point-lecture-hebdomadaire-2024-39\/","url_meta":{"origin":30127,"position":0},"title":"Point lecture hebdomadaire 2024 #39","author":"Jojo","date":"30 septembre 2024","format":false,"excerpt":"En ce d\u00e9but de semaine, voici mon point lecture hebdomadaire avec un retour sur nos lectures (mais pas nos relectures) de la semaine derni\u00e8re. Nos lectures du 23 au 29 septembre 2024: Des lectures jeunesse: Nous avons continu\u00e9 chaque soir et presque fini de lire Le jardin secret de Frances\u2026","rel":"","context":"Dans &quot;Mini blogueur&quot;","block_context":{"text":"Mini blogueur","link":"http:\/\/www.jojoenherbe.com\/index.php\/category\/mini-blogueur\/"},"img":{"alt_text":"","src":"https:\/\/i0.wp.com\/www.jojoenherbe.com\/wp-content\/uploads\/2020\/04\/Le-jardin-secret-150x150.jpg?resize=350%2C200","width":350,"height":200},"classes":[]},{"id":42374,"url":"http:\/\/www.jojoenherbe.com\/index.php\/2026\/01\/21\/point-lecture-hebdomadaire-2026-3\/","url_meta":{"origin":30127,"position":1},"title":"Point lecture hebdomadaire 2026 #3","author":"Jojo","date":"21 janvier 2026","format":false,"excerpt":"En ce milieu de semaine, voici mon point lecture hebdomadaire avec un retour sur nos lectures (mais pas nos relectures) de la semaine derni\u00e8re qui a d\u00e9but\u00e9 avec le rangement du sapin et d\u00e9corations de No\u00ebl et qui s'est termin\u00e9 sur un week-end pluvieux dans le Var chez des amis\u2026","rel":"","context":"Dans &quot;Mini blogueur&quot;","block_context":{"text":"Mini blogueur","link":"http:\/\/www.jojoenherbe.com\/index.php\/category\/mini-blogueur\/"},"img":{"alt_text":"","src":"https:\/\/i0.wp.com\/www.jojoenherbe.com\/wp-content\/uploads\/2026\/01\/macareux-point-lecture-hebdo.jpg?fit=864%2C1012&resize=350%2C200","width":350,"height":200,"srcset":"https:\/\/i0.wp.com\/www.jojoenherbe.com\/wp-content\/uploads\/2026\/01\/macareux-point-lecture-hebdo.jpg?fit=864%2C1012&resize=350%2C200 1x, https:\/\/i0.wp.com\/www.jojoenherbe.com\/wp-content\/uploads\/2026\/01\/macareux-point-lecture-hebdo.jpg?fit=864%2C1012&resize=525%2C300 1.5x, https:\/\/i0.wp.com\/www.jojoenherbe.com\/wp-content\/uploads\/2026\/01\/macareux-point-lecture-hebdo.jpg?fit=864%2C1012&resize=700%2C400 2x"},"classes":[]},{"id":25915,"url":"http:\/\/www.jojoenherbe.com\/index.php\/2022\/06\/20\/point-lecture-hebdomadaire-46\/","url_meta":{"origin":30127,"position":2},"title":"Point lecture hebdomadaire #46","author":"Jojo","date":"20 juin 2022","format":false,"excerpt":"En ce d\u00e9but de semaine, voici notre point lecture hebdomadaire avec un retour sur nos lectures de la semaine derni\u00e8re (mais pas nos relectures) et ma lecture en cours. j'ai surtout pioch\u00e9 dans ma PAL anglo-saxonne puisqu'en juin, c'est le Mois Anglais 2022 coorganis\u00e9e par Lou et Titine. Nos lectures\u2026","rel":"","context":"Dans &quot;Mini blogueur&quot;","block_context":{"text":"Mini blogueur","link":"http:\/\/www.jojoenherbe.com\/index.php\/category\/mini-blogueur\/"},"img":{"alt_text":"","src":"https:\/\/i0.wp.com\/www.jojoenherbe.com\/wp-content\/uploads\/2022\/07\/Point-lecture-hebdo-46-scaled.jpg?fit=1200%2C795&resize=350%2C200","width":350,"height":200,"srcset":"https:\/\/i0.wp.com\/www.jojoenherbe.com\/wp-content\/uploads\/2022\/07\/Point-lecture-hebdo-46-scaled.jpg?fit=1200%2C795&resize=350%2C200 1x, https:\/\/i0.wp.com\/www.jojoenherbe.com\/wp-content\/uploads\/2022\/07\/Point-lecture-hebdo-46-scaled.jpg?fit=1200%2C795&resize=525%2C300 1.5x, https:\/\/i0.wp.com\/www.jojoenherbe.com\/wp-content\/uploads\/2022\/07\/Point-lecture-hebdo-46-scaled.jpg?fit=1200%2C795&resize=700%2C400 2x, https:\/\/i0.wp.com\/www.jojoenherbe.com\/wp-content\/uploads\/2022\/07\/Point-lecture-hebdo-46-scaled.jpg?fit=1200%2C795&resize=1050%2C600 3x"},"classes":[]},{"id":31501,"url":"http:\/\/www.jojoenherbe.com\/index.php\/2023\/08\/21\/point-lecture-hebdomadaire-2023-33\/","url_meta":{"origin":30127,"position":3},"title":"Point lecture hebdomadaire 2023 #33","author":"Jojo","date":"21 ao\u00fbt 2023","format":false,"excerpt":"En ce d\u00e9but de semaine, voici notre point lecture hebdomadaire avec un retour sur nos lectures de la semaine derni\u00e8re (mais pas nos relectures). Nos lectures du 14 au 20 ao\u00fbt 2023: Des lectures jeunesse: (Roman jeunesse) Vol d\u2019\u00e9t\u00e9 de Marie-Anne Abesdris Nous avons lu Vol d\u2019\u00e9t\u00e9 de Marie-Anne Abesdris\u2026","rel":"","context":"Dans &quot;Mini blogueur&quot;","block_context":{"text":"Mini blogueur","link":"http:\/\/www.jojoenherbe.com\/index.php\/category\/mini-blogueur\/"},"img":{"alt_text":"","src":"https:\/\/i0.wp.com\/www.jojoenherbe.com\/wp-content\/uploads\/2023\/08\/Vol-dete-150x150.jpg?resize=350%2C200","width":350,"height":200},"classes":[]},{"id":30302,"url":"http:\/\/www.jojoenherbe.com\/index.php\/2023\/03\/27\/point-lecture-hebdomadaire-2023-12\/","url_meta":{"origin":30127,"position":4},"title":"Point lecture hebdomadaire 2023 #12","author":"Jojo","date":"27 mars 2023","format":false,"excerpt":"En ce d\u00e9but de semaine, voici notre point lecture hebdomadaire avec un retour sur nos lectures de la semaine derni\u00e8re (mais pas nos relectures). Nos lectures du 20 au 26 mars 2023: Des lectures jeunesse: (Album jeunesse) L\u2019\u00e9cureuil et le printemps de Sebastian Meschenmoser Nous avons lu L\u2019\u00e9cureuil et le\u2026","rel":"","context":"Dans &quot;Mini blogueur&quot;","block_context":{"text":"Mini blogueur","link":"http:\/\/www.jojoenherbe.com\/index.php\/category\/mini-blogueur\/"},"img":{"alt_text":"","src":"https:\/\/i0.wp.com\/www.jojoenherbe.com\/wp-content\/uploads\/2023\/03\/Point-lecture-hebdomadaire-2023-12-scaled.jpg?fit=1200%2C764&resize=350%2C200","width":350,"height":200,"srcset":"https:\/\/i0.wp.com\/www.jojoenherbe.com\/wp-content\/uploads\/2023\/03\/Point-lecture-hebdomadaire-2023-12-scaled.jpg?fit=1200%2C764&resize=350%2C200 1x, https:\/\/i0.wp.com\/www.jojoenherbe.com\/wp-content\/uploads\/2023\/03\/Point-lecture-hebdomadaire-2023-12-scaled.jpg?fit=1200%2C764&resize=525%2C300 1.5x, https:\/\/i0.wp.com\/www.jojoenherbe.com\/wp-content\/uploads\/2023\/03\/Point-lecture-hebdomadaire-2023-12-scaled.jpg?fit=1200%2C764&resize=700%2C400 2x, https:\/\/i0.wp.com\/www.jojoenherbe.com\/wp-content\/uploads\/2023\/03\/Point-lecture-hebdomadaire-2023-12-scaled.jpg?fit=1200%2C764&resize=1050%2C600 3x"},"classes":[]},{"id":34536,"url":"http:\/\/www.jojoenherbe.com\/index.php\/2024\/01\/29\/point-lecture-hebdomadaire-2024-4\/","url_meta":{"origin":30127,"position":5},"title":"Point lecture hebdomadaire 2024 #4","author":"Jojo","date":"29 janvier 2024","format":false,"excerpt":"En ce d\u00e9but de semaine, voici notre point lecture hebdomadaire avec un retour sur nos lectures de la semaine derni\u00e8re (mais pas nos relectures). Nos lectures du 22 au 28 janvier 2024: Des lectures jeunesse: (BD jeunesse) Mortelle Ad\u00e8le au pays des Contes d\u00e9faits, Mortelle Ad\u00e8le, Choupidoulove (T10) et Extra\u2026","rel":"","context":"Dans &quot;Mini blogueur&quot;","block_context":{"text":"Mini blogueur","link":"http:\/\/www.jojoenherbe.com\/index.php\/category\/mini-blogueur\/"},"img":{"alt_text":"","src":"https:\/\/i0.wp.com\/www.jojoenherbe.com\/wp-content\/uploads\/2024\/01\/La-Semaine-a-1000-du-Pingouin-2024.jpg?resize=350%2C200","width":350,"height":200,"srcset":"https:\/\/i0.wp.com\/www.jojoenherbe.com\/wp-content\/uploads\/2024\/01\/La-Semaine-a-1000-du-Pingouin-2024.jpg?resize=350%2C200 1x, https:\/\/i0.wp.com\/www.jojoenherbe.com\/wp-content\/uploads\/2024\/01\/La-Semaine-a-1000-du-Pingouin-2024.jpg?resize=525%2C300 1.5x"},"classes":[]}],"_links":{"self":[{"href":"http:\/\/www.jojoenherbe.com\/index.php\/wp-json\/wp\/v2\/posts\/30127","targetHints":{"allow":["GET"]}}],"collection":[{"href":"http:\/\/www.jojoenherbe.com\/index.php\/wp-json\/wp\/v2\/posts"}],"about":[{"href":"http:\/\/www.jojoenherbe.com\/index.php\/wp-json\/wp\/v2\/types\/post"}],"author":[{"embeddable":true,"href":"http:\/\/www.jojoenherbe.com\/index.php\/wp-json\/wp\/v2\/users\/1"}],"replies":[{"embeddable":true,"href":"http:\/\/www.jojoenherbe.com\/index.php\/wp-json\/wp\/v2\/comments?post=30127"}],"version-history":[{"count":30,"href":"http:\/\/www.jojoenherbe.com\/index.php\/wp-json\/wp\/v2\/posts\/30127\/revisions"}],"predecessor-version":[{"id":30260,"href":"http:\/\/www.jojoenherbe.com\/index.php\/wp-json\/wp\/v2\/posts\/30127\/revisions\/30260"}],"wp:featuredmedia":[{"embeddable":true,"href":"http:\/\/www.jojoenherbe.com\/index.php\/wp-json\/wp\/v2\/media\/30232"}],"wp:attachment":[{"href":"http:\/\/www.jojoenherbe.com\/index.php\/wp-json\/wp\/v2\/media?parent=30127"}],"wp:term":[{"taxonomy":"category","embeddable":true,"href":"http:\/\/www.jojoenherbe.com\/index.php\/wp-json\/wp\/v2\/categories?post=30127"},{"taxonomy":"post_tag","embeddable":true,"href":"http:\/\/www.jojoenherbe.com\/index.php\/wp-json\/wp\/v2\/tags?post=30127"}],"curies":[{"name":"wp","href":"https:\/\/api.w.org\/{rel}","templated":true}]}}