{"id":29759,"date":"2023-02-14T18:52:00","date_gmt":"2023-02-14T17:52:00","guid":{"rendered":"https:\/\/www.jojoenherbe.com\/?p=29759"},"modified":"2023-02-15T14:33:42","modified_gmt":"2023-02-15T13:33:42","slug":"au-fil-des-pages-avec-quand-pierrot-cherchait-colombine","status":"publish","type":"post","link":"http:\/\/www.jojoenherbe.com\/index.php\/2023\/02\/14\/au-fil-des-pages-avec-quand-pierrot-cherchait-colombine\/","title":{"rendered":"Au fil des pages avec Quand Pierrot cherchait Colombine"},"content":{"rendered":"<p style=\"text-align: justify;\"><em><a href=\"https:\/\/i0.wp.com\/www.jojoenherbe.com\/wp-content\/uploads\/2023\/02\/Quand-Pierrot-cherchait-Colombine-3-scaled.jpg\"><img data-recalc-dims=\"1\" loading=\"lazy\" decoding=\"async\" data-attachment-id=\"29762\" data-permalink=\"http:\/\/www.jojoenherbe.com\/index.php\/2023\/02\/14\/au-fil-des-pages-avec-quand-pierrot-cherchait-colombine\/quand-pierrot-cherchait-colombine-3\/\" data-orig-file=\"https:\/\/i0.wp.com\/www.jojoenherbe.com\/wp-content\/uploads\/2023\/02\/Quand-Pierrot-cherchait-Colombine-3-scaled.jpg?fit=2560%2C1601\" data-orig-size=\"2560,1601\" data-comments-opened=\"1\" data-image-meta=\"{&quot;aperture&quot;:&quot;1.8&quot;,&quot;credit&quot;:&quot;&quot;,&quot;camera&quot;:&quot;iPhone 7&quot;,&quot;caption&quot;:&quot;&quot;,&quot;created_timestamp&quot;:&quot;1619780347&quot;,&quot;copyright&quot;:&quot;&quot;,&quot;focal_length&quot;:&quot;3.99&quot;,&quot;iso&quot;:&quot;100&quot;,&quot;shutter_speed&quot;:&quot;0.058823529411765&quot;,&quot;title&quot;:&quot;&quot;,&quot;orientation&quot;:&quot;1&quot;}\" data-image-title=\"Quand Pierrot cherchait Colombine 3\" data-image-description=\"\" data-image-caption=\"\" data-large-file=\"https:\/\/i0.wp.com\/www.jojoenherbe.com\/wp-content\/uploads\/2023\/02\/Quand-Pierrot-cherchait-Colombine-3-scaled.jpg?fit=676%2C423\" class=\"alignleft size-thumbnail wp-image-29762\" src=\"https:\/\/i0.wp.com\/www.jojoenherbe.com\/wp-content\/uploads\/2023\/02\/Quand-Pierrot-cherchait-Colombine-3.jpg?resize=150%2C150\" alt=\"\" width=\"150\" height=\"150\" srcset=\"https:\/\/i0.wp.com\/www.jojoenherbe.com\/wp-content\/uploads\/2023\/02\/Quand-Pierrot-cherchait-Colombine-3-scaled.jpg?resize=150%2C150 150w, https:\/\/i0.wp.com\/www.jojoenherbe.com\/wp-content\/uploads\/2023\/02\/Quand-Pierrot-cherchait-Colombine-3-scaled.jpg?zoom=2&amp;resize=150%2C150 300w, https:\/\/i0.wp.com\/www.jojoenherbe.com\/wp-content\/uploads\/2023\/02\/Quand-Pierrot-cherchait-Colombine-3-scaled.jpg?zoom=3&amp;resize=150%2C150 450w\" sizes=\"auto, (max-width: 150px) 100vw, 150px\" \/><\/a> <a href=\"https:\/\/i0.wp.com\/www.jojoenherbe.com\/wp-content\/uploads\/2023\/02\/Quand-Pierrot-cherchait-Colombine-4-scaled.jpg\"><img data-recalc-dims=\"1\" loading=\"lazy\" decoding=\"async\" data-attachment-id=\"29763\" data-permalink=\"http:\/\/www.jojoenherbe.com\/index.php\/2023\/02\/14\/au-fil-des-pages-avec-quand-pierrot-cherchait-colombine\/quand-pierrot-cherchait-colombine-4\/\" data-orig-file=\"https:\/\/i0.wp.com\/www.jojoenherbe.com\/wp-content\/uploads\/2023\/02\/Quand-Pierrot-cherchait-Colombine-4-scaled.jpg?fit=2560%2C1574\" data-orig-size=\"2560,1574\" data-comments-opened=\"1\" data-image-meta=\"{&quot;aperture&quot;:&quot;1.8&quot;,&quot;credit&quot;:&quot;&quot;,&quot;camera&quot;:&quot;iPhone 7&quot;,&quot;caption&quot;:&quot;&quot;,&quot;created_timestamp&quot;:&quot;1619780407&quot;,&quot;copyright&quot;:&quot;&quot;,&quot;focal_length&quot;:&quot;3.99&quot;,&quot;iso&quot;:&quot;100&quot;,&quot;shutter_speed&quot;:&quot;0.058823529411765&quot;,&quot;title&quot;:&quot;&quot;,&quot;orientation&quot;:&quot;1&quot;}\" data-image-title=\"Quand Pierrot cherchait Colombine 4\" data-image-description=\"\" data-image-caption=\"\" data-large-file=\"https:\/\/i0.wp.com\/www.jojoenherbe.com\/wp-content\/uploads\/2023\/02\/Quand-Pierrot-cherchait-Colombine-4-scaled.jpg?fit=676%2C415\" class=\"alignleft size-thumbnail wp-image-29763\" src=\"https:\/\/i0.wp.com\/www.jojoenherbe.com\/wp-content\/uploads\/2023\/02\/Quand-Pierrot-cherchait-Colombine-4.jpg?resize=150%2C150\" alt=\"\" width=\"150\" height=\"150\" srcset=\"https:\/\/i0.wp.com\/www.jojoenherbe.com\/wp-content\/uploads\/2023\/02\/Quand-Pierrot-cherchait-Colombine-4-scaled.jpg?resize=150%2C150 150w, https:\/\/i0.wp.com\/www.jojoenherbe.com\/wp-content\/uploads\/2023\/02\/Quand-Pierrot-cherchait-Colombine-4-scaled.jpg?zoom=2&amp;resize=150%2C150 300w, https:\/\/i0.wp.com\/www.jojoenherbe.com\/wp-content\/uploads\/2023\/02\/Quand-Pierrot-cherchait-Colombine-4-scaled.jpg?zoom=3&amp;resize=150%2C150 450w\" sizes=\"auto, (max-width: 150px) 100vw, 150px\" \/><\/a>Pendant les vacances de f\u00e9vrier 2021, j&rsquo;avais lu <span style=\"text-decoration: underline;\">Quand Pierrot cherchait Colombine<\/span> de Jean-Pierre Spilmont et Capucine Mazille (\u00e9d. Les Portes du monde, 2003), un album jeunesse \u00e0 partir de 8 ans. En hiver \u00e0 Venise, Pierrot part \u00e0 travers la ville \u00e0 la recherche de Colombine dont il est amoureux et qui a disparu. Arrivera-t-il \u00e0 la retrouver?<\/em><\/p>\n<p style=\"text-align: justify;\"><em><a href=\"https:\/\/i0.wp.com\/www.jojoenherbe.com\/wp-content\/uploads\/2023\/02\/Quand-Pierrot-cherchait-Colombine-2-scaled.jpg\"><img data-recalc-dims=\"1\" loading=\"lazy\" decoding=\"async\" data-attachment-id=\"29761\" data-permalink=\"http:\/\/www.jojoenherbe.com\/index.php\/2023\/02\/14\/au-fil-des-pages-avec-quand-pierrot-cherchait-colombine\/quand-pierrot-cherchait-colombine-2\/\" data-orig-file=\"https:\/\/i0.wp.com\/www.jojoenherbe.com\/wp-content\/uploads\/2023\/02\/Quand-Pierrot-cherchait-Colombine-2-scaled.jpg?fit=2560%2C1920\" data-orig-size=\"2560,1920\" data-comments-opened=\"1\" data-image-meta=\"{&quot;aperture&quot;:&quot;1.8&quot;,&quot;credit&quot;:&quot;&quot;,&quot;camera&quot;:&quot;iPhone 7&quot;,&quot;caption&quot;:&quot;&quot;,&quot;created_timestamp&quot;:&quot;1619780343&quot;,&quot;copyright&quot;:&quot;&quot;,&quot;focal_length&quot;:&quot;3.99&quot;,&quot;iso&quot;:&quot;64&quot;,&quot;shutter_speed&quot;:&quot;0.058823529411765&quot;,&quot;title&quot;:&quot;&quot;,&quot;orientation&quot;:&quot;1&quot;}\" data-image-title=\"Quand Pierrot cherchait Colombine 2\" data-image-description=\"\" data-image-caption=\"\" data-large-file=\"https:\/\/i0.wp.com\/www.jojoenherbe.com\/wp-content\/uploads\/2023\/02\/Quand-Pierrot-cherchait-Colombine-2-scaled.jpg?fit=676%2C507\" class=\"size-thumbnail wp-image-29761 alignright\" src=\"https:\/\/i0.wp.com\/www.jojoenherbe.com\/wp-content\/uploads\/2023\/02\/Quand-Pierrot-cherchait-Colombine-2.jpg?resize=150%2C150\" alt=\"\" width=\"150\" height=\"150\" srcset=\"https:\/\/i0.wp.com\/www.jojoenherbe.com\/wp-content\/uploads\/2023\/02\/Quand-Pierrot-cherchait-Colombine-2-scaled.jpg?resize=150%2C150 150w, https:\/\/i0.wp.com\/www.jojoenherbe.com\/wp-content\/uploads\/2023\/02\/Quand-Pierrot-cherchait-Colombine-2-scaled.jpg?zoom=2&amp;resize=150%2C150 300w, https:\/\/i0.wp.com\/www.jojoenherbe.com\/wp-content\/uploads\/2023\/02\/Quand-Pierrot-cherchait-Colombine-2-scaled.jpg?zoom=3&amp;resize=150%2C150 450w\" sizes=\"auto, (max-width: 150px) 100vw, 150px\" \/><\/a>A travers cette recherche men\u00e9e par un Pierrot d\u00e9termin\u00e9 bien que na\u00eff et malmen\u00e9 par les autres habitants de la ville aupr\u00e8s de qui il se renseigne, le jeune lecteur d\u00e9couvre les personnages de la Commedia dell&rsquo;arte, que ce soit Pierrot, Colombine, Polichinelle et Arlequin. Nous pouvons \u00e9galement voir une histoire secondaire qui se dessine \u00e0 travers les pages avec deux souris et un chat. Ici, tout se finit bien, Pierrot retrouvant Colombine alors que dans la Commedia dell&rsquo;arte, Colombine pr\u00e9f\u00e8re Arlequin \u00e0 Pierrot. Une lecture plaisante en cette p\u00e9riode de carnaval surtout pour les illustrations et qui se termine avec en derni\u00e8re double page le po\u00e8me <span style=\"text-decoration: underline;\">Colombine<\/span> de Paul Verlaine paru dans <span style=\"text-decoration: underline;\">F\u00eates Galantes<\/span> en 1869!<\/em><\/p>\n<div style=\"width: 125px\" class=\"wp-caption alignleft\"><img loading=\"lazy\" decoding=\"async\" src=\"https:\/\/lh3.googleusercontent.com\/pw\/AL9nZEWED5sOowfaAIivQoSsFwl6hy51lsnek_4EIHIPI8waW2MHjhj6cf1EWilIUD7SnvlDRky5UrFLm6lgTjQT1BDXKA7teG_K1CBqytzzkXj-pFGsHXBy_zmGvKTiD_gxxb6BAz3Fn3Q7E1EJdf1tGnU3MQ=w285-h217-no?authuser=0\" alt=\"\" width=\"115\" height=\"87\" \/><p class=\"wp-caption-text\">Challenge Petit Bac d\u2019<a href=\"https:\/\/ennalit.wordpress.com\/2022\/12\/01\/challenge-petit-bac-2023-qui-veut-jouer\/\">Enna<\/a> #1 Cat\u00e9gorie Pr\u00e9nom: \u00ab Pierrot \u00bb<\/p><\/div>\n<div id=\"attachment_19954\" style=\"width: 121px\" class=\"wp-caption alignleft\"><img loading=\"lazy\" decoding=\"async\" aria-describedby=\"caption-attachment-19954\" class=\"wp-image-19954\" src=\"https:\/\/i0.wp.com\/mapetitemediatheque.fr\/wp-content\/uploads\/2021\/11\/Inkedle-tour-du-monde-en-80-livres-2_LI.jpg?resize=116%2C87&amp;ssl=1\" sizes=\"auto, (max-width: 500px) 100vw, 500px\" srcset=\"https:\/\/i0.wp.com\/mapetitemediatheque.fr\/wp-content\/uploads\/2021\/11\/Inkedle-tour-du-monde-en-80-livres-2_LI.jpg?resize=116%2C87&amp;ssl=1 500w, https:\/\/mapetitemediatheque.fr\/wp-content\/uploads\/2021\/11\/Inkedle-tour-du-monde-en-80-livres-2_LI-300x226.jpg 300w, https:\/\/mapetitemediatheque.fr\/wp-content\/uploads\/2021\/11\/Inkedle-tour-du-monde-en-80-livres-2_LI-120x90.jpg 120w\" alt=\"\" width=\"111\" height=\"83\" aria-describedby=\"caption-attachment-19954\" \/><p id=\"caption-attachment-19954\" class=\"wp-caption-text\">Participation #7 (Parcours illustr\u00e9) Challenge Le tour du monde en 80 livres 2023 de <a href=\"https:\/\/mapetitemediatheque.fr\/2022\/12\/le-tour-du-monde-en-80-livres-2023\/\">Bidib<\/a> #Pays-Bas (illustratrice)<\/p><\/div>\n","protected":false},"excerpt":{"rendered":"<p>Pendant les vacances de f\u00e9vrier 2021, j&rsquo;avais lu Quand Pierrot cherchait Colombine de Jean-Pierre Spilmont et Capucine Mazille (\u00e9d. Les Portes du monde, 2003), un album jeunesse \u00e0 partir de 8 ans. En hiver \u00e0 Venise, Pierrot part \u00e0 travers la ville \u00e0 la recherche de Colombine dont il est amoureux et qui a disparu. [&hellip;]<\/p>\n","protected":false},"author":1,"featured_media":29764,"comment_status":"open","ping_status":"open","sticky":false,"template":"","format":"standard","meta":{"jetpack_post_was_ever_published":false,"_jetpack_newsletter_access":"","_jetpack_dont_email_post_to_subs":false,"_jetpack_newsletter_tier_id":0,"_jetpack_memberships_contains_paywalled_content":false,"_jetpack_memberships_contains_paid_content":false,"footnotes":""},"categories":[363],"tags":[788,409,777,3612,1234,3519,3617,365,103,3613,3525,367,3615,1235],"class_list":["post-29759","post","type-post","status-publish","format-standard","has-post-thumbnail","hentry","category-mini-lecteur","tag-6-9-ans","tag-albums-jeunesse","tag-amour","tag-capucine-mazille","tag-carnaval","tag-challenge-petit-bac-2023","tag-commedia-dellarte","tag-hiver","tag-italie","tag-jean-pierre-spilmont","tag-le-tour-du-monde-en-80-livres-2023","tag-lecture-jeunesse","tag-paul-verlaine","tag-venise","post-preview"],"jetpack_featured_media_url":"https:\/\/i0.wp.com\/www.jojoenherbe.com\/wp-content\/uploads\/2023\/02\/Quand-Pierrot-cherchait-Colombine-scaled.jpg?fit=2560%2C1519","jetpack_sharing_enabled":true,"jetpack_shortlink":"https:\/\/wp.me\/p9zhGx-7JZ","jetpack_likes_enabled":true,"jetpack-related-posts":[{"id":29428,"url":"http:\/\/www.jojoenherbe.com\/index.php\/2023\/01\/26\/billet-de-suivi-challenge-petit-bac-2023\/","url_meta":{"origin":29759,"position":0},"title":"Billet de suivi: Challenge Petit Bac 2023","author":"Jojo","date":"26 janvier 2023","format":false,"excerpt":"Je participe pour la cinqui\u00e8me fois cons\u00e9cutive au Challenge Petit Bac d\u2019Enna, les cinq premi\u00e8res cat\u00e9gories restant identiques aux ann\u00e9es pr\u00e9c\u00e9dentes. Tous les mois, je vais actualiser ce billet et faire un point sur mes participations au challenge. Pour le moment, j\u2019ai termin\u00e9 mes deux premi\u00e8res lignes. Voici donc un\u2026","rel":"","context":"Dans &quot;Mini challenger&quot;","block_context":{"text":"Mini challenger","link":"http:\/\/www.jojoenherbe.com\/index.php\/category\/mini-challenger\/"},"img":{"alt_text":"","src":"https:\/\/i0.wp.com\/www.jojoenherbe.com\/wp-content\/uploads\/2023\/01\/Challenge-Petit-bac-2023.jpg?fit=285%2C217&resize=350%2C200","width":350,"height":200},"classes":[]},{"id":21209,"url":"http:\/\/www.jojoenherbe.com\/index.php\/2021\/10\/06\/point-lecture-hebdomadaire-9\/","url_meta":{"origin":29759,"position":1},"title":"Point lecture hebdomadaire #9","author":"Jojo","date":"6 octobre 2021","format":false,"excerpt":"En ce d\u00e9but de semaine, voici notre point lecture hebdomadaire avec un retour sur nos lectures de la semaine derni\u00e8re, celle en cours et sans doute nos prochaines, avec un passage \u00e0 la m\u00e9diath\u00e8que. Nos lectures du 27 septembre au 3 octobre 2021: Des albums jeunesse: Cette semaine, nous avons\u2026","rel":"","context":"Dans &quot;Mini blogueur&quot;","block_context":{"text":"Mini blogueur","link":"http:\/\/www.jojoenherbe.com\/index.php\/category\/mini-blogueur\/"},"img":{"alt_text":"","src":"https:\/\/i0.wp.com\/www.jojoenherbe.com\/wp-content\/uploads\/2021\/10\/point-lecture-hebdo-9-scaled.jpg?fit=1200%2C900&resize=350%2C200","width":350,"height":200,"srcset":"https:\/\/i0.wp.com\/www.jojoenherbe.com\/wp-content\/uploads\/2021\/10\/point-lecture-hebdo-9-scaled.jpg?fit=1200%2C900&resize=350%2C200 1x, https:\/\/i0.wp.com\/www.jojoenherbe.com\/wp-content\/uploads\/2021\/10\/point-lecture-hebdo-9-scaled.jpg?fit=1200%2C900&resize=525%2C300 1.5x, https:\/\/i0.wp.com\/www.jojoenherbe.com\/wp-content\/uploads\/2021\/10\/point-lecture-hebdo-9-scaled.jpg?fit=1200%2C900&resize=700%2C400 2x, https:\/\/i0.wp.com\/www.jojoenherbe.com\/wp-content\/uploads\/2021\/10\/point-lecture-hebdo-9-scaled.jpg?fit=1200%2C900&resize=1050%2C600 3x"},"classes":[]},{"id":29327,"url":"http:\/\/www.jojoenherbe.com\/index.php\/2023\/03\/17\/au-fil-des-pages-avec-un-hiver-chez-bleuet\/","url_meta":{"origin":29759,"position":2},"title":"Au fil des pages avec Un hiver chez Bleuet","author":"Jojo","date":"17 mars 2023","format":false,"excerpt":"Nous avons lu Un hiver chez Bleuet de Heegyum Kim (\u00e9d. Michi, 2023, 40 pages), un album jeunesse \u00e0 partir de 4 ans et que j'ai achet\u00e9 \u00e0 sa parution. En pleins pr\u00e9paratifs pour son hibernation, Bleuet, un ours timide et solitaire se satisfait du confort douillet et rassurant de\u2026","rel":"","context":"Dans &quot;Mini lecteur&quot;","block_context":{"text":"Mini lecteur","link":"http:\/\/www.jojoenherbe.com\/index.php\/category\/mini-lecteur\/"},"img":{"alt_text":"","src":"https:\/\/i0.wp.com\/www.jojoenherbe.com\/wp-content\/uploads\/2023\/03\/Un-hiver-chez-Bleuet-2-scaled.jpg?fit=1200%2C1163&resize=350%2C200","width":350,"height":200,"srcset":"https:\/\/i0.wp.com\/www.jojoenherbe.com\/wp-content\/uploads\/2023\/03\/Un-hiver-chez-Bleuet-2-scaled.jpg?fit=1200%2C1163&resize=350%2C200 1x, https:\/\/i0.wp.com\/www.jojoenherbe.com\/wp-content\/uploads\/2023\/03\/Un-hiver-chez-Bleuet-2-scaled.jpg?fit=1200%2C1163&resize=525%2C300 1.5x, https:\/\/i0.wp.com\/www.jojoenherbe.com\/wp-content\/uploads\/2023\/03\/Un-hiver-chez-Bleuet-2-scaled.jpg?fit=1200%2C1163&resize=700%2C400 2x, https:\/\/i0.wp.com\/www.jojoenherbe.com\/wp-content\/uploads\/2023\/03\/Un-hiver-chez-Bleuet-2-scaled.jpg?fit=1200%2C1163&resize=1050%2C600 3x"},"classes":[]},{"id":16863,"url":"http:\/\/www.jojoenherbe.com\/index.php\/2021\/03\/28\/troisieme-alphabet-des-animaux-e-comme-elephant\/","url_meta":{"origin":29759,"position":3},"title":"Troisi\u00e8me alphabet des animaux: E comme \u00c9l\u00e9phant","author":"Jojo","date":"28 mars 2021","format":false,"excerpt":"Pour la semaine 50 de mon challenge de l'alphabet des animaux illustr\u00e9s sur Instagram #jojoenherbeetcieillustre qui associe la premi\u00e8re lettre d'un animal avec une illustration tir\u00e9e de la litt\u00e9rature jeunesse en suivant l'ordre de l'alphabet, il s'agit du E comme \u00c9l\u00e9phant. Alors voici notre s\u00e9lection d'\u00e9l\u00e9phants qui sera mise \u00e0\u2026","rel":"","context":"Dans &quot;Mini challenger&quot;","block_context":{"text":"Mini challenger","link":"http:\/\/www.jojoenherbe.com\/index.php\/category\/mini-challenger\/"},"img":{"alt_text":"","src":"https:\/\/i0.wp.com\/www.jojoenherbe.com\/wp-content\/uploads\/2021\/03\/Selection-Elephant-1-scaled.jpg?fit=1200%2C838&resize=350%2C200","width":350,"height":200,"srcset":"https:\/\/i0.wp.com\/www.jojoenherbe.com\/wp-content\/uploads\/2021\/03\/Selection-Elephant-1-scaled.jpg?fit=1200%2C838&resize=350%2C200 1x, https:\/\/i0.wp.com\/www.jojoenherbe.com\/wp-content\/uploads\/2021\/03\/Selection-Elephant-1-scaled.jpg?fit=1200%2C838&resize=525%2C300 1.5x, https:\/\/i0.wp.com\/www.jojoenherbe.com\/wp-content\/uploads\/2021\/03\/Selection-Elephant-1-scaled.jpg?fit=1200%2C838&resize=700%2C400 2x, https:\/\/i0.wp.com\/www.jojoenherbe.com\/wp-content\/uploads\/2021\/03\/Selection-Elephant-1-scaled.jpg?fit=1200%2C838&resize=1050%2C600 3x"},"classes":[]},{"id":20845,"url":"http:\/\/www.jojoenherbe.com\/index.php\/2021\/09\/22\/nos-lectures-automnales-2021\/","url_meta":{"origin":29759,"position":4},"title":"Nos lectures automnales 2021","author":"Jojo","date":"22 septembre 2021","format":false,"excerpt":"En ce premier jour d'automne 2021, je fais comme l'ann\u00e9e derni\u00e8re un billet th\u00e9matique sur nos lectures automnales pass\u00e9es, pr\u00e9sentes et \u00e0 venir. Voici donc notre s\u00e9lection qui \u00e9voluera au-fur-et-\u00e0-mesure de nos lectures, sans mentionner lorsqu'il s'agit de relectures des ann\u00e9es pr\u00e9c\u00e9dentes sauf lorsque je ne l'avais pas encore chroniqu\u00e9es\u2026","rel":"","context":"Dans &quot;Mini lecteur&quot;","block_context":{"text":"Mini lecteur","link":"http:\/\/www.jojoenherbe.com\/index.php\/category\/mini-lecteur\/"},"img":{"alt_text":"","src":"https:\/\/i0.wp.com\/www.jojoenherbe.com\/wp-content\/uploads\/2021\/09\/Nos-lectures-automnales-2021-scaled.jpg?fit=1200%2C862&resize=350%2C200","width":350,"height":200,"srcset":"https:\/\/i0.wp.com\/www.jojoenherbe.com\/wp-content\/uploads\/2021\/09\/Nos-lectures-automnales-2021-scaled.jpg?fit=1200%2C862&resize=350%2C200 1x, https:\/\/i0.wp.com\/www.jojoenherbe.com\/wp-content\/uploads\/2021\/09\/Nos-lectures-automnales-2021-scaled.jpg?fit=1200%2C862&resize=525%2C300 1.5x, https:\/\/i0.wp.com\/www.jojoenherbe.com\/wp-content\/uploads\/2021\/09\/Nos-lectures-automnales-2021-scaled.jpg?fit=1200%2C862&resize=700%2C400 2x, https:\/\/i0.wp.com\/www.jojoenherbe.com\/wp-content\/uploads\/2021\/09\/Nos-lectures-automnales-2021-scaled.jpg?fit=1200%2C862&resize=1050%2C600 3x"},"classes":[]},{"id":21320,"url":"http:\/\/www.jojoenherbe.com\/index.php\/2021\/10\/12\/point-lecture-hebdomadaire-10\/","url_meta":{"origin":29759,"position":5},"title":"Point lecture hebdomadaire #10","author":"Jojo","date":"12 octobre 2021","format":false,"excerpt":"En ce d\u00e9but de semaine, voici notre point lecture hebdomadaire avec un retour sur nos lectures de la semaine derni\u00e8re et celle en cours, avec un passage \u00e0 la m\u00e9diath\u00e8que et qui rentrent presque toutes dans le cadre du Challenge Halloween de Lou et Hilde. Nos lectures du 4 au\u2026","rel":"","context":"Dans &quot;Mini blogueur&quot;","block_context":{"text":"Mini blogueur","link":"http:\/\/www.jojoenherbe.com\/index.php\/category\/mini-blogueur\/"},"img":{"alt_text":"","src":"https:\/\/i0.wp.com\/www.jojoenherbe.com\/wp-content\/uploads\/2021\/10\/point-lecture-hebdo-10-scaled.jpg?fit=1200%2C900&resize=350%2C200","width":350,"height":200,"srcset":"https:\/\/i0.wp.com\/www.jojoenherbe.com\/wp-content\/uploads\/2021\/10\/point-lecture-hebdo-10-scaled.jpg?fit=1200%2C900&resize=350%2C200 1x, https:\/\/i0.wp.com\/www.jojoenherbe.com\/wp-content\/uploads\/2021\/10\/point-lecture-hebdo-10-scaled.jpg?fit=1200%2C900&resize=525%2C300 1.5x, https:\/\/i0.wp.com\/www.jojoenherbe.com\/wp-content\/uploads\/2021\/10\/point-lecture-hebdo-10-scaled.jpg?fit=1200%2C900&resize=700%2C400 2x, https:\/\/i0.wp.com\/www.jojoenherbe.com\/wp-content\/uploads\/2021\/10\/point-lecture-hebdo-10-scaled.jpg?fit=1200%2C900&resize=1050%2C600 3x"},"classes":[]}],"_links":{"self":[{"href":"http:\/\/www.jojoenherbe.com\/index.php\/wp-json\/wp\/v2\/posts\/29759","targetHints":{"allow":["GET"]}}],"collection":[{"href":"http:\/\/www.jojoenherbe.com\/index.php\/wp-json\/wp\/v2\/posts"}],"about":[{"href":"http:\/\/www.jojoenherbe.com\/index.php\/wp-json\/wp\/v2\/types\/post"}],"author":[{"embeddable":true,"href":"http:\/\/www.jojoenherbe.com\/index.php\/wp-json\/wp\/v2\/users\/1"}],"replies":[{"embeddable":true,"href":"http:\/\/www.jojoenherbe.com\/index.php\/wp-json\/wp\/v2\/comments?post=29759"}],"version-history":[{"count":6,"href":"http:\/\/www.jojoenherbe.com\/index.php\/wp-json\/wp\/v2\/posts\/29759\/revisions"}],"predecessor-version":[{"id":29839,"href":"http:\/\/www.jojoenherbe.com\/index.php\/wp-json\/wp\/v2\/posts\/29759\/revisions\/29839"}],"wp:featuredmedia":[{"embeddable":true,"href":"http:\/\/www.jojoenherbe.com\/index.php\/wp-json\/wp\/v2\/media\/29764"}],"wp:attachment":[{"href":"http:\/\/www.jojoenherbe.com\/index.php\/wp-json\/wp\/v2\/media?parent=29759"}],"wp:term":[{"taxonomy":"category","embeddable":true,"href":"http:\/\/www.jojoenherbe.com\/index.php\/wp-json\/wp\/v2\/categories?post=29759"},{"taxonomy":"post_tag","embeddable":true,"href":"http:\/\/www.jojoenherbe.com\/index.php\/wp-json\/wp\/v2\/tags?post=29759"}],"curies":[{"name":"wp","href":"https:\/\/api.w.org\/{rel}","templated":true}]}}