{"id":29647,"date":"2023-02-07T17:59:01","date_gmt":"2023-02-07T16:59:01","guid":{"rendered":"https:\/\/www.jojoenherbe.com\/?p=29647"},"modified":"2023-02-13T18:00:33","modified_gmt":"2023-02-13T17:00:33","slug":"au-fil-des-pages-avec-lecureuil-et-la-premiere-neige","status":"publish","type":"post","link":"http:\/\/www.jojoenherbe.com\/index.php\/2023\/02\/07\/au-fil-des-pages-avec-lecureuil-et-la-premiere-neige\/","title":{"rendered":"Au fil des pages avec L&rsquo;\u00e9cureuil et la premi\u00e8re neige"},"content":{"rendered":"<p style=\"text-align: justify;\"><em><a href=\"https:\/\/i0.wp.com\/www.jojoenherbe.com\/wp-content\/uploads\/2023\/02\/Lecureuil-et-la-premiere-neige-2-scaled.jpg\"><img data-recalc-dims=\"1\" loading=\"lazy\" decoding=\"async\" data-attachment-id=\"29655\" data-permalink=\"http:\/\/www.jojoenherbe.com\/index.php\/2023\/02\/07\/au-fil-des-pages-avec-lecureuil-et-la-premiere-neige\/lecureuil-et-la-premiere-neige-2\/\" data-orig-file=\"https:\/\/i0.wp.com\/www.jojoenherbe.com\/wp-content\/uploads\/2023\/02\/Lecureuil-et-la-premiere-neige-2-scaled.jpg?fit=2560%2C1568\" data-orig-size=\"2560,1568\" data-comments-opened=\"1\" data-image-meta=\"{&quot;aperture&quot;:&quot;1.8&quot;,&quot;credit&quot;:&quot;&quot;,&quot;camera&quot;:&quot;iPhone 7&quot;,&quot;caption&quot;:&quot;&quot;,&quot;created_timestamp&quot;:&quot;1676309245&quot;,&quot;copyright&quot;:&quot;&quot;,&quot;focal_length&quot;:&quot;3.99&quot;,&quot;iso&quot;:&quot;100&quot;,&quot;shutter_speed&quot;:&quot;0.25&quot;,&quot;title&quot;:&quot;&quot;,&quot;orientation&quot;:&quot;1&quot;}\" data-image-title=\"L&amp;rsquo;\u00e9cureuil et la premi\u00e8re neige 2\" data-image-description=\"\" data-image-caption=\"\" data-large-file=\"https:\/\/i0.wp.com\/www.jojoenherbe.com\/wp-content\/uploads\/2023\/02\/Lecureuil-et-la-premiere-neige-2-scaled.jpg?fit=676%2C414\" class=\"alignleft size-thumbnail wp-image-29655\" src=\"https:\/\/i0.wp.com\/www.jojoenherbe.com\/wp-content\/uploads\/2023\/02\/Lecureuil-et-la-premiere-neige-2.jpg?resize=150%2C150\" alt=\"\" width=\"150\" height=\"150\" srcset=\"https:\/\/i0.wp.com\/www.jojoenherbe.com\/wp-content\/uploads\/2023\/02\/Lecureuil-et-la-premiere-neige-2-scaled.jpg?resize=150%2C150 150w, https:\/\/i0.wp.com\/www.jojoenherbe.com\/wp-content\/uploads\/2023\/02\/Lecureuil-et-la-premiere-neige-2-scaled.jpg?zoom=2&amp;resize=150%2C150 300w, https:\/\/i0.wp.com\/www.jojoenherbe.com\/wp-content\/uploads\/2023\/02\/Lecureuil-et-la-premiere-neige-2-scaled.jpg?zoom=3&amp;resize=150%2C150 450w\" sizes=\"auto, (max-width: 150px) 100vw, 150px\" \/><\/a> <a href=\"https:\/\/i0.wp.com\/www.jojoenherbe.com\/wp-content\/uploads\/2023\/02\/Lecureuil-et-la-premiere-neige-3-scaled.jpg\"><img data-recalc-dims=\"1\" loading=\"lazy\" decoding=\"async\" data-attachment-id=\"29656\" data-permalink=\"http:\/\/www.jojoenherbe.com\/index.php\/2023\/02\/07\/au-fil-des-pages-avec-lecureuil-et-la-premiere-neige\/lecureuil-et-la-premiere-neige-3\/\" data-orig-file=\"https:\/\/i0.wp.com\/www.jojoenherbe.com\/wp-content\/uploads\/2023\/02\/Lecureuil-et-la-premiere-neige-3-scaled.jpg?fit=1920%2C2560\" data-orig-size=\"1920,2560\" data-comments-opened=\"1\" data-image-meta=\"{&quot;aperture&quot;:&quot;1.8&quot;,&quot;credit&quot;:&quot;&quot;,&quot;camera&quot;:&quot;iPhone 7&quot;,&quot;caption&quot;:&quot;&quot;,&quot;created_timestamp&quot;:&quot;1676310256&quot;,&quot;copyright&quot;:&quot;&quot;,&quot;focal_length&quot;:&quot;3.99&quot;,&quot;iso&quot;:&quot;80&quot;,&quot;shutter_speed&quot;:&quot;0.2&quot;,&quot;title&quot;:&quot;&quot;,&quot;orientation&quot;:&quot;1&quot;}\" data-image-title=\"L&amp;rsquo;\u00e9cureuil et la premi\u00e8re neige 3\" data-image-description=\"\" data-image-caption=\"\" data-large-file=\"https:\/\/i0.wp.com\/www.jojoenherbe.com\/wp-content\/uploads\/2023\/02\/Lecureuil-et-la-premiere-neige-3-scaled.jpg?fit=676%2C901\" class=\"alignleft size-thumbnail wp-image-29656\" src=\"https:\/\/i0.wp.com\/www.jojoenherbe.com\/wp-content\/uploads\/2023\/02\/Lecureuil-et-la-premiere-neige-3.jpg?resize=150%2C150\" alt=\"\" width=\"150\" height=\"150\" srcset=\"https:\/\/i0.wp.com\/www.jojoenherbe.com\/wp-content\/uploads\/2023\/02\/Lecureuil-et-la-premiere-neige-3-scaled.jpg?resize=150%2C150 150w, https:\/\/i0.wp.com\/www.jojoenherbe.com\/wp-content\/uploads\/2023\/02\/Lecureuil-et-la-premiere-neige-3-scaled.jpg?zoom=2&amp;resize=150%2C150 300w, https:\/\/i0.wp.com\/www.jojoenherbe.com\/wp-content\/uploads\/2023\/02\/Lecureuil-et-la-premiere-neige-3-scaled.jpg?zoom=3&amp;resize=150%2C150 450w\" sizes=\"auto, (max-width: 150px) 100vw, 150px\" \/><\/a>Apr\u00e8s avoir lu l&rsquo;ann\u00e9e derni\u00e8re <span style=\"text-decoration: underline;\">L\u2019\u00e9cureuil et la lune<\/span>, nous avons lu en janvier <span style=\"text-decoration: underline;\">L&rsquo;\u00e9cureuil et la premi\u00e8re neige<\/span> de Sebastian Meschenmoser (\u00e9d. Minedition, 2009), un album jeunesse \u00e0 partir de 3\/4 ans et joliment illustr\u00e9. Dans cette histoire, l&rsquo;\u00e9cureuil est bien d\u00e9cid\u00e9 \u00e0 retarder l&rsquo;heure d&rsquo;hiberner et a h\u00e2te de d\u00e9couvrir pour la premi\u00e8re fois la neige. Mais celle-ci se fait attendre au point que l&rsquo;\u00e9cureuil r\u00e9veille un h\u00e9risson et un ours qui se joignent \u00e0 lui, ces derniers ne connaissant pas non plus la neige. \u00c0 quoi peut-elle bien ressembler?<br \/>\n<\/em><\/p>\n<p style=\"text-align: justify;\"><em><a href=\"https:\/\/i0.wp.com\/www.jojoenherbe.com\/wp-content\/uploads\/2023\/02\/Lecureuil-et-la-premiere-neige-5-scaled.jpg\"><img data-recalc-dims=\"1\" loading=\"lazy\" decoding=\"async\" data-attachment-id=\"29658\" data-permalink=\"http:\/\/www.jojoenherbe.com\/index.php\/2023\/02\/07\/au-fil-des-pages-avec-lecureuil-et-la-premiere-neige\/lecureuil-et-la-premiere-neige-5\/\" data-orig-file=\"https:\/\/i0.wp.com\/www.jojoenherbe.com\/wp-content\/uploads\/2023\/02\/Lecureuil-et-la-premiere-neige-5-scaled.jpg?fit=2560%2C1670\" data-orig-size=\"2560,1670\" data-comments-opened=\"1\" data-image-meta=\"{&quot;aperture&quot;:&quot;1.8&quot;,&quot;credit&quot;:&quot;&quot;,&quot;camera&quot;:&quot;iPhone 7&quot;,&quot;caption&quot;:&quot;&quot;,&quot;created_timestamp&quot;:&quot;1676309400&quot;,&quot;copyright&quot;:&quot;&quot;,&quot;focal_length&quot;:&quot;3.99&quot;,&quot;iso&quot;:&quot;100&quot;,&quot;shutter_speed&quot;:&quot;0.25&quot;,&quot;title&quot;:&quot;&quot;,&quot;orientation&quot;:&quot;1&quot;}\" data-image-title=\"L&amp;rsquo;\u00e9cureuil et la premi\u00e8re neige 5\" data-image-description=\"\" data-image-caption=\"\" data-large-file=\"https:\/\/i0.wp.com\/www.jojoenherbe.com\/wp-content\/uploads\/2023\/02\/Lecureuil-et-la-premiere-neige-5-scaled.jpg?fit=676%2C441\" class=\"size-thumbnail wp-image-29658 alignright\" src=\"https:\/\/i0.wp.com\/www.jojoenherbe.com\/wp-content\/uploads\/2023\/02\/Lecureuil-et-la-premiere-neige-5.jpg?resize=150%2C150\" alt=\"\" width=\"150\" height=\"150\" srcset=\"https:\/\/i0.wp.com\/www.jojoenherbe.com\/wp-content\/uploads\/2023\/02\/Lecureuil-et-la-premiere-neige-5-scaled.jpg?resize=150%2C150 150w, https:\/\/i0.wp.com\/www.jojoenherbe.com\/wp-content\/uploads\/2023\/02\/Lecureuil-et-la-premiere-neige-5-scaled.jpg?zoom=2&amp;resize=150%2C150 300w, https:\/\/i0.wp.com\/www.jojoenherbe.com\/wp-content\/uploads\/2023\/02\/Lecureuil-et-la-premiere-neige-5-scaled.jpg?zoom=3&amp;resize=150%2C150 450w\" sizes=\"auto, (max-width: 150px) 100vw, 150px\" \/><\/a> <a href=\"https:\/\/i0.wp.com\/www.jojoenherbe.com\/wp-content\/uploads\/2023\/02\/Lecureuil-et-la-premiere-neige-4-scaled.jpg\"><img data-recalc-dims=\"1\" loading=\"lazy\" decoding=\"async\" data-attachment-id=\"29657\" data-permalink=\"http:\/\/www.jojoenherbe.com\/index.php\/2023\/02\/07\/au-fil-des-pages-avec-lecureuil-et-la-premiere-neige\/lecureuil-et-la-premiere-neige-4\/\" data-orig-file=\"https:\/\/i0.wp.com\/www.jojoenherbe.com\/wp-content\/uploads\/2023\/02\/Lecureuil-et-la-premiere-neige-4-scaled.jpg?fit=2560%2C1877\" data-orig-size=\"2560,1877\" data-comments-opened=\"1\" data-image-meta=\"{&quot;aperture&quot;:&quot;1.8&quot;,&quot;credit&quot;:&quot;&quot;,&quot;camera&quot;:&quot;iPhone 7&quot;,&quot;caption&quot;:&quot;&quot;,&quot;created_timestamp&quot;:&quot;1676310272&quot;,&quot;copyright&quot;:&quot;&quot;,&quot;focal_length&quot;:&quot;3.99&quot;,&quot;iso&quot;:&quot;80&quot;,&quot;shutter_speed&quot;:&quot;0.25&quot;,&quot;title&quot;:&quot;&quot;,&quot;orientation&quot;:&quot;1&quot;}\" data-image-title=\"L&amp;rsquo;\u00e9cureuil et la premi\u00e8re neige 4\" data-image-description=\"\" data-image-caption=\"\" data-large-file=\"https:\/\/i0.wp.com\/www.jojoenherbe.com\/wp-content\/uploads\/2023\/02\/Lecureuil-et-la-premiere-neige-4-scaled.jpg?fit=676%2C496\" class=\"size-thumbnail wp-image-29657 alignright\" src=\"https:\/\/i0.wp.com\/www.jojoenherbe.com\/wp-content\/uploads\/2023\/02\/Lecureuil-et-la-premiere-neige-4.jpg?resize=150%2C150\" alt=\"\" width=\"150\" height=\"150\" srcset=\"https:\/\/i0.wp.com\/www.jojoenherbe.com\/wp-content\/uploads\/2023\/02\/Lecureuil-et-la-premiere-neige-4-scaled.jpg?resize=150%2C150 150w, https:\/\/i0.wp.com\/www.jojoenherbe.com\/wp-content\/uploads\/2023\/02\/Lecureuil-et-la-premiere-neige-4-scaled.jpg?zoom=2&amp;resize=150%2C150 300w, https:\/\/i0.wp.com\/www.jojoenherbe.com\/wp-content\/uploads\/2023\/02\/Lecureuil-et-la-premiere-neige-4-scaled.jpg?zoom=3&amp;resize=150%2C150 450w\" sizes=\"auto, (max-width: 150px) 100vw, 150px\" \/><\/a>L&rsquo;attitude du trio nous rappelle celle similaire de Touffe de Poils lorsqu&rsquo;il d\u00e9couvre la neige pour la premi\u00e8re fois dans le <a href=\"https:\/\/www.jojoenherbe.com\/index.php\/2019\/12\/28\/au-fil-des-pages-avec-le-tome-14-dana-ana\/\">tome 14<\/a> d\u2019<span style=\"text-decoration: underline;\">Ana Ana, Un bel hiver<\/span> d\u2019Alexis Dormal et Dominique Roques ou plus r\u00e9cemment des souriceaux dans le tome 3 de <span style=\"text-decoration: underline;\">L&rsquo;\u00e9cole des souris, Premi\u00e8re neige<\/span> d\u2019Agn\u00e8s Mathieu-Daud\u00e9 et Marc Boutavant. <\/em><em>Nous avons une nouvelle fois bien appr\u00e9ci\u00e9 les douces et expressives illustrations couleurs pastel de Sebastian Meschenmoser dont le coup de crayon est si reconnaissable. Un bon moment de lecture tendre et rigolo, m\u00eame s&rsquo;il est d\u00e9solant de voir que les objets pris pour de la neige par le trio d&rsquo;animaux t\u00e9moignent de la pollution dans la for\u00eat!<\/em><\/p>\n<p style=\"text-align: justify;\"><em>Pour un autre avis: <a href=\"http:\/\/croquerlespages.canalblog.com\/archives\/2023\/01\/02\/39761087.html\">Fondant<\/a>.<\/em><\/p>\n<div style=\"width: 125px\" class=\"wp-caption alignleft\"><img loading=\"lazy\" decoding=\"async\" src=\"https:\/\/lh3.googleusercontent.com\/pw\/AL9nZEWED5sOowfaAIivQoSsFwl6hy51lsnek_4EIHIPI8waW2MHjhj6cf1EWilIUD7SnvlDRky5UrFLm6lgTjQT1BDXKA7teG_K1CBqytzzkXj-pFGsHXBy_zmGvKTiD_gxxb6BAz3Fn3Q7E1EJdf1tGnU3MQ=w285-h217-no?authuser=0\" alt=\"\" width=\"115\" height=\"87\" \/><p class=\"wp-caption-text\">Challenge Petit Bac d\u2019<a href=\"https:\/\/ennalit.wordpress.com\/2022\/12\/01\/challenge-petit-bac-2023-qui-veut-jouer\/\">Enna<\/a> #2 Cat\u00e9gorie Animal: \u00ab \u00c9cureuil \u00bb<\/p><\/div>\n<div id=\"attachment_19954\" style=\"width: 121px\" class=\"wp-caption alignleft\"><img loading=\"lazy\" decoding=\"async\" aria-describedby=\"caption-attachment-19954\" class=\"wp-image-19954\" src=\"https:\/\/i0.wp.com\/mapetitemediatheque.fr\/wp-content\/uploads\/2021\/11\/Inkedle-tour-du-monde-en-80-livres-2_LI.jpg?resize=116%2C87&amp;ssl=1\" sizes=\"auto, (max-width: 500px) 100vw, 500px\" srcset=\"https:\/\/i0.wp.com\/mapetitemediatheque.fr\/wp-content\/uploads\/2021\/11\/Inkedle-tour-du-monde-en-80-livres-2_LI.jpg?resize=116%2C87&amp;ssl=1 500w, https:\/\/mapetitemediatheque.fr\/wp-content\/uploads\/2021\/11\/Inkedle-tour-du-monde-en-80-livres-2_LI-300x226.jpg 300w, https:\/\/mapetitemediatheque.fr\/wp-content\/uploads\/2021\/11\/Inkedle-tour-du-monde-en-80-livres-2_LI-120x90.jpg 120w\" alt=\"\" width=\"111\" height=\"83\" aria-describedby=\"caption-attachment-19954\" \/><p id=\"caption-attachment-19954\" class=\"wp-caption-text\">Participation #5 (Parcours illustr\u00e9) Challenge Le tour du monde en 80 livres 2023 de <a href=\"https:\/\/mapetitemediatheque.fr\/2022\/12\/le-tour-du-monde-en-80-livres-2023\/\">Bidib<\/a> #Allemagne<\/p><\/div>\n","protected":false},"excerpt":{"rendered":"<p>Apr\u00e8s avoir lu l&rsquo;ann\u00e9e derni\u00e8re L\u2019\u00e9cureuil et la lune, nous avons lu en janvier L&rsquo;\u00e9cureuil et la premi\u00e8re neige de Sebastian Meschenmoser (\u00e9d. Minedition, 2009), un album jeunesse \u00e0 partir de 3\/4 ans et joliment illustr\u00e9. Dans cette histoire, l&rsquo;\u00e9cureuil est bien d\u00e9cid\u00e9 \u00e0 retarder l&rsquo;heure d&rsquo;hiberner et a h\u00e2te de d\u00e9couvrir pour la premi\u00e8re [&hellip;]<\/p>\n","protected":false},"author":1,"featured_media":29462,"comment_status":"open","ping_status":"open","sticky":false,"template":"","format":"standard","meta":{"jetpack_post_was_ever_published":false,"_jetpack_newsletter_access":"","_jetpack_dont_email_post_to_subs":false,"_jetpack_newsletter_tier_id":0,"_jetpack_memberships_contains_paywalled_content":false,"_jetpack_memberships_contains_paid_content":false,"footnotes":""},"categories":[363],"tags":[785,409,386,808,1262,3519,391,1277,3600,326,741,365,3525,367,1016,369,366,1258,491,2928],"class_list":["post-29647","post","type-post","status-publish","format-standard","has-post-thumbnail","hentry","category-mini-lecteur","tag-3-6-ans","tag-albums-jeunesse","tag-amitie","tag-animaux-de-la-foret","tag-attente","tag-challenge-petit-bac-2023","tag-ecureuil","tag-foret","tag-fromage","tag-herisson","tag-hibernation","tag-hiver","tag-le-tour-du-monde-en-80-livres-2023","tag-lecture-jeunesse","tag-lectures-dhiver","tag-neige","tag-ours","tag-petite-enfance","tag-pollution","tag-sebastian-meschenmoser","post-preview"],"jetpack_featured_media_url":"https:\/\/i0.wp.com\/www.jojoenherbe.com\/wp-content\/uploads\/2023\/01\/Lecureuil-et-la-premiere-neige-scaled.jpg?fit=2560%2C2233","jetpack_sharing_enabled":true,"jetpack_shortlink":"https:\/\/wp.me\/p9zhGx-7Ib","jetpack_likes_enabled":true,"jetpack-related-posts":[{"id":30336,"url":"http:\/\/www.jojoenherbe.com\/index.php\/2023\/03\/20\/au-fil-des-pages-avec-lecureuil-et-le-printemps\/","url_meta":{"origin":29647,"position":0},"title":"Au fil des pages avec L&rsquo;\u00e9cureuil et le printemps","author":"Jojo","date":"20 mars 2023","format":false,"excerpt":"En ce 20 mars 2023, nous avons lu L'\u00e9cureuil et le printemps de Sebastian Meschenmoser (\u00e9d. Minedition, 2009, 64 pages), un album jeunesse \u00e0 partir de 3\/4 ans et joliment illustr\u00e9. Nous avions laiss\u00e9 l'\u00e9cureuil, le h\u00e9risson et l'ours en pleine hibernation apr\u00e8s leur d\u00e9couverte de la neige et nous\u2026","rel":"","context":"Dans &quot;Mini lecteur&quot;","block_context":{"text":"Mini lecteur","link":"http:\/\/www.jojoenherbe.com\/index.php\/category\/mini-lecteur\/"},"img":{"alt_text":"","src":"https:\/\/i0.wp.com\/www.jojoenherbe.com\/wp-content\/uploads\/2023\/03\/Lecureuil-et-le-printemps-scaled.jpg?fit=1200%2C1020&resize=350%2C200","width":350,"height":200,"srcset":"https:\/\/i0.wp.com\/www.jojoenherbe.com\/wp-content\/uploads\/2023\/03\/Lecureuil-et-le-printemps-scaled.jpg?fit=1200%2C1020&resize=350%2C200 1x, https:\/\/i0.wp.com\/www.jojoenherbe.com\/wp-content\/uploads\/2023\/03\/Lecureuil-et-le-printemps-scaled.jpg?fit=1200%2C1020&resize=525%2C300 1.5x, https:\/\/i0.wp.com\/www.jojoenherbe.com\/wp-content\/uploads\/2023\/03\/Lecureuil-et-le-printemps-scaled.jpg?fit=1200%2C1020&resize=700%2C400 2x, https:\/\/i0.wp.com\/www.jojoenherbe.com\/wp-content\/uploads\/2023\/03\/Lecureuil-et-le-printemps-scaled.jpg?fit=1200%2C1020&resize=1050%2C600 3x"},"classes":[]},{"id":30009,"url":"http:\/\/www.jojoenherbe.com\/index.php\/2023\/03\/01\/bilan-de-lecture-fevrier-2023\/","url_meta":{"origin":29647,"position":1},"title":"Bilan de lecture: f\u00e9vrier 2023","author":"Jojo","date":"1 mars 2023","format":false,"excerpt":"C\u2019est le premier du mois alors voici un petit retour bloguesque sur f\u00e9vrier 2023. Avec la chandeleur, les vacances de f\u00e9vrier et le carnaval, nous avons lu ou relu des histoires festives et\/ou gourmandes comme Les rhinos ne mangent pas de cr\u00eapes d\u2019Anna Kemp et Sara Ogilvie et Caroline invite\u2026","rel":"","context":"Dans &quot;Mini blogueur&quot;","block_context":{"text":"Mini blogueur","link":"http:\/\/www.jojoenherbe.com\/index.php\/category\/mini-blogueur\/"},"img":{"alt_text":"","src":"https:\/\/i0.wp.com\/www.jojoenherbe.com\/wp-content\/uploads\/2023\/02\/Selection-Fevrier-2023-scaled.jpg?fit=1200%2C1078&resize=350%2C200","width":350,"height":200,"srcset":"https:\/\/i0.wp.com\/www.jojoenherbe.com\/wp-content\/uploads\/2023\/02\/Selection-Fevrier-2023-scaled.jpg?fit=1200%2C1078&resize=350%2C200 1x, https:\/\/i0.wp.com\/www.jojoenherbe.com\/wp-content\/uploads\/2023\/02\/Selection-Fevrier-2023-scaled.jpg?fit=1200%2C1078&resize=525%2C300 1.5x, https:\/\/i0.wp.com\/www.jojoenherbe.com\/wp-content\/uploads\/2023\/02\/Selection-Fevrier-2023-scaled.jpg?fit=1200%2C1078&resize=700%2C400 2x, https:\/\/i0.wp.com\/www.jojoenherbe.com\/wp-content\/uploads\/2023\/02\/Selection-Fevrier-2023-scaled.jpg?fit=1200%2C1078&resize=1050%2C600 3x"},"classes":[]},{"id":29278,"url":"http:\/\/www.jojoenherbe.com\/index.php\/2023\/01\/16\/point-lecture-hebdomadaire-2023-2\/","url_meta":{"origin":29647,"position":2},"title":"Point lecture hebdomadaire 2023 #2","author":"Jojo","date":"16 janvier 2023","format":false,"excerpt":"En ce d\u00e9but de semaine, voici notre point lecture hebdomadaire avec un retour sur nos lectures de la semaine derni\u00e8re (mais pas nos relectures). Nos lectures du 9 au 15 janvier 2023: Des lectures jeunesse: (Album jeunesse) L'\u00e9cureuil et la premi\u00e8re neige de Sebastian Meschenmoser Apr\u00e8s avoir lu l'ann\u00e9e derni\u00e8re\u2026","rel":"","context":"Dans &quot;Mini blogueur&quot;","block_context":{"text":"Mini blogueur","link":"http:\/\/www.jojoenherbe.com\/index.php\/category\/mini-blogueur\/"},"img":{"alt_text":"","src":"https:\/\/i0.wp.com\/www.jojoenherbe.com\/wp-content\/uploads\/2023\/01\/Point-lecture-hebdomadaire-2023-2-scaled.jpg?fit=1200%2C908&resize=350%2C200","width":350,"height":200,"srcset":"https:\/\/i0.wp.com\/www.jojoenherbe.com\/wp-content\/uploads\/2023\/01\/Point-lecture-hebdomadaire-2023-2-scaled.jpg?fit=1200%2C908&resize=350%2C200 1x, https:\/\/i0.wp.com\/www.jojoenherbe.com\/wp-content\/uploads\/2023\/01\/Point-lecture-hebdomadaire-2023-2-scaled.jpg?fit=1200%2C908&resize=525%2C300 1.5x, https:\/\/i0.wp.com\/www.jojoenherbe.com\/wp-content\/uploads\/2023\/01\/Point-lecture-hebdomadaire-2023-2-scaled.jpg?fit=1200%2C908&resize=700%2C400 2x, https:\/\/i0.wp.com\/www.jojoenherbe.com\/wp-content\/uploads\/2023\/01\/Point-lecture-hebdomadaire-2023-2-scaled.jpg?fit=1200%2C908&resize=1050%2C600 3x"},"classes":[]},{"id":30302,"url":"http:\/\/www.jojoenherbe.com\/index.php\/2023\/03\/27\/point-lecture-hebdomadaire-2023-12\/","url_meta":{"origin":29647,"position":3},"title":"Point lecture hebdomadaire 2023 #12","author":"Jojo","date":"27 mars 2023","format":false,"excerpt":"En ce d\u00e9but de semaine, voici notre point lecture hebdomadaire avec un retour sur nos lectures de la semaine derni\u00e8re (mais pas nos relectures). Nos lectures du 20 au 26 mars 2023: Des lectures jeunesse: (Album jeunesse) L\u2019\u00e9cureuil et le printemps de Sebastian Meschenmoser Nous avons lu L\u2019\u00e9cureuil et le\u2026","rel":"","context":"Dans &quot;Mini blogueur&quot;","block_context":{"text":"Mini blogueur","link":"http:\/\/www.jojoenherbe.com\/index.php\/category\/mini-blogueur\/"},"img":{"alt_text":"","src":"https:\/\/i0.wp.com\/www.jojoenherbe.com\/wp-content\/uploads\/2023\/03\/Point-lecture-hebdomadaire-2023-12-scaled.jpg?fit=1200%2C764&resize=350%2C200","width":350,"height":200,"srcset":"https:\/\/i0.wp.com\/www.jojoenherbe.com\/wp-content\/uploads\/2023\/03\/Point-lecture-hebdomadaire-2023-12-scaled.jpg?fit=1200%2C764&resize=350%2C200 1x, https:\/\/i0.wp.com\/www.jojoenherbe.com\/wp-content\/uploads\/2023\/03\/Point-lecture-hebdomadaire-2023-12-scaled.jpg?fit=1200%2C764&resize=525%2C300 1.5x, https:\/\/i0.wp.com\/www.jojoenherbe.com\/wp-content\/uploads\/2023\/03\/Point-lecture-hebdomadaire-2023-12-scaled.jpg?fit=1200%2C764&resize=700%2C400 2x, https:\/\/i0.wp.com\/www.jojoenherbe.com\/wp-content\/uploads\/2023\/03\/Point-lecture-hebdomadaire-2023-12-scaled.jpg?fit=1200%2C764&resize=1050%2C600 3x"},"classes":[]},{"id":18204,"url":"http:\/\/www.jojoenherbe.com\/index.php\/2021\/05\/12\/au-fil-des-pages-avec-cest-mon-arbre\/","url_meta":{"origin":29647,"position":4},"title":"Au fil des pages avec C&rsquo;est mon arbre","author":"Jojo","date":"12 mai 2021","format":false,"excerpt":"Nous lisons C'est mon arbre d'Olivier Tallec (\u00e9d. L'\u00e9cole des loisirs, 2019), un album jeunesse \u00e0 partir de 3 ans et sa suite, Un peu beaucoup (\u00e9d. L'\u00e9cole des loisirs, 2020). Dans une for\u00eat aux couleurs automnales, un \u00e9cureuil roux \u00e9go\u00efste et possessif s'est octroy\u00e9 un arbre avec ses pommes\u2026","rel":"","context":"Dans &quot;Mini lecteur&quot;","block_context":{"text":"Mini lecteur","link":"http:\/\/www.jojoenherbe.com\/index.php\/category\/mini-lecteur\/"},"img":{"alt_text":"","src":"https:\/\/i0.wp.com\/www.jojoenherbe.com\/wp-content\/uploads\/2021\/05\/Cest-mon-arbre-scaled.jpg?fit=1200%2C900&resize=350%2C200","width":350,"height":200,"srcset":"https:\/\/i0.wp.com\/www.jojoenherbe.com\/wp-content\/uploads\/2021\/05\/Cest-mon-arbre-scaled.jpg?fit=1200%2C900&resize=350%2C200 1x, https:\/\/i0.wp.com\/www.jojoenherbe.com\/wp-content\/uploads\/2021\/05\/Cest-mon-arbre-scaled.jpg?fit=1200%2C900&resize=525%2C300 1.5x, https:\/\/i0.wp.com\/www.jojoenherbe.com\/wp-content\/uploads\/2021\/05\/Cest-mon-arbre-scaled.jpg?fit=1200%2C900&resize=700%2C400 2x, https:\/\/i0.wp.com\/www.jojoenherbe.com\/wp-content\/uploads\/2021\/05\/Cest-mon-arbre-scaled.jpg?fit=1200%2C900&resize=1050%2C600 3x"},"classes":[]},{"id":18210,"url":"http:\/\/www.jojoenherbe.com\/index.php\/2021\/05\/13\/au-fil-des-pages-avec-un-peu-beaucoup\/","url_meta":{"origin":29647,"position":5},"title":"Au fil des pages avec Un peu beaucoup","author":"Jojo","date":"13 mai 2021","format":false,"excerpt":"Apr\u00e8s avoir lu C'est mon arbre, nous lisons Un peu beaucoup d'Olivier Tallec (\u00e9d. L'\u00e9cole des loisirs, 2020), un album jeunesse \u00e0 partir de 3 ans. J'ai d'ailleurs pr\u00e9f\u00e9r\u00e9 cette suite. Nous retrouvons le petit \u00e9cureuil roux possessif qui se d\u00e9lecte de ses pommes de pin. Il ne cesse de\u2026","rel":"","context":"Dans &quot;Mini lecteur&quot;","block_context":{"text":"Mini lecteur","link":"http:\/\/www.jojoenherbe.com\/index.php\/category\/mini-lecteur\/"},"img":{"alt_text":"","src":"https:\/\/i0.wp.com\/www.jojoenherbe.com\/wp-content\/uploads\/2021\/05\/Un-peu-beaucoup-scaled.jpg?fit=1200%2C900&resize=350%2C200","width":350,"height":200,"srcset":"https:\/\/i0.wp.com\/www.jojoenherbe.com\/wp-content\/uploads\/2021\/05\/Un-peu-beaucoup-scaled.jpg?fit=1200%2C900&resize=350%2C200 1x, https:\/\/i0.wp.com\/www.jojoenherbe.com\/wp-content\/uploads\/2021\/05\/Un-peu-beaucoup-scaled.jpg?fit=1200%2C900&resize=525%2C300 1.5x, https:\/\/i0.wp.com\/www.jojoenherbe.com\/wp-content\/uploads\/2021\/05\/Un-peu-beaucoup-scaled.jpg?fit=1200%2C900&resize=700%2C400 2x, https:\/\/i0.wp.com\/www.jojoenherbe.com\/wp-content\/uploads\/2021\/05\/Un-peu-beaucoup-scaled.jpg?fit=1200%2C900&resize=1050%2C600 3x"},"classes":[]}],"_links":{"self":[{"href":"http:\/\/www.jojoenherbe.com\/index.php\/wp-json\/wp\/v2\/posts\/29647","targetHints":{"allow":["GET"]}}],"collection":[{"href":"http:\/\/www.jojoenherbe.com\/index.php\/wp-json\/wp\/v2\/posts"}],"about":[{"href":"http:\/\/www.jojoenherbe.com\/index.php\/wp-json\/wp\/v2\/types\/post"}],"author":[{"embeddable":true,"href":"http:\/\/www.jojoenherbe.com\/index.php\/wp-json\/wp\/v2\/users\/1"}],"replies":[{"embeddable":true,"href":"http:\/\/www.jojoenherbe.com\/index.php\/wp-json\/wp\/v2\/comments?post=29647"}],"version-history":[{"count":6,"href":"http:\/\/www.jojoenherbe.com\/index.php\/wp-json\/wp\/v2\/posts\/29647\/revisions"}],"predecessor-version":[{"id":29660,"href":"http:\/\/www.jojoenherbe.com\/index.php\/wp-json\/wp\/v2\/posts\/29647\/revisions\/29660"}],"wp:featuredmedia":[{"embeddable":true,"href":"http:\/\/www.jojoenherbe.com\/index.php\/wp-json\/wp\/v2\/media\/29462"}],"wp:attachment":[{"href":"http:\/\/www.jojoenherbe.com\/index.php\/wp-json\/wp\/v2\/media?parent=29647"}],"wp:term":[{"taxonomy":"category","embeddable":true,"href":"http:\/\/www.jojoenherbe.com\/index.php\/wp-json\/wp\/v2\/categories?post=29647"},{"taxonomy":"post_tag","embeddable":true,"href":"http:\/\/www.jojoenherbe.com\/index.php\/wp-json\/wp\/v2\/tags?post=29647"}],"curies":[{"name":"wp","href":"https:\/\/api.w.org\/{rel}","templated":true}]}}