{"id":2962,"date":"2018-06-25T23:12:45","date_gmt":"2018-06-25T21:12:45","guid":{"rendered":"http:\/\/www.jojoenherbe.com\/?p=2962"},"modified":"2018-06-25T23:12:45","modified_gmt":"2018-06-25T21:12:45","slug":"sortie-au-plateau-de-la-justice-eze","status":"publish","type":"post","link":"http:\/\/www.jojoenherbe.com\/index.php\/2018\/06\/25\/sortie-au-plateau-de-la-justice-eze\/","title":{"rendered":"Sortie au Plateau de la Justice &#8211; Eze"},"content":{"rendered":"<p style=\"text-align: justify;\"><em><a href=\"https:\/\/i0.wp.com\/www.jojoenherbe.com\/wp-content\/uploads\/2018\/06\/Plateau-de-la-Justice-Eze-1.jpg\"><img data-recalc-dims=\"1\" loading=\"lazy\" decoding=\"async\" data-attachment-id=\"2978\" data-permalink=\"http:\/\/www.jojoenherbe.com\/index.php\/2018\/06\/25\/sortie-au-plateau-de-la-justice-eze\/plateau-de-la-justice-eze-12\/\" data-orig-file=\"https:\/\/i0.wp.com\/www.jojoenherbe.com\/wp-content\/uploads\/2018\/06\/Plateau-de-la-Justice-Eze-1.jpg?fit=3888%2C5184\" data-orig-size=\"3888,5184\" data-comments-opened=\"1\" data-image-meta=\"{&quot;aperture&quot;:&quot;3.2&quot;,&quot;credit&quot;:&quot;&quot;,&quot;camera&quot;:&quot;DSC-HX400V&quot;,&quot;caption&quot;:&quot;&quot;,&quot;created_timestamp&quot;:&quot;1529163907&quot;,&quot;copyright&quot;:&quot;&quot;,&quot;focal_length&quot;:&quot;4.3&quot;,&quot;iso&quot;:&quot;80&quot;,&quot;shutter_speed&quot;:&quot;0.001&quot;,&quot;title&quot;:&quot;&quot;,&quot;orientation&quot;:&quot;1&quot;}\" data-image-title=\"Plateau de la Justice &amp;#8211; Eze\" data-image-description=\"\" data-image-caption=\"\" data-large-file=\"https:\/\/i0.wp.com\/www.jojoenherbe.com\/wp-content\/uploads\/2018\/06\/Plateau-de-la-Justice-Eze-1.jpg?fit=676%2C901\" class=\"alignleft size-thumbnail wp-image-2978\" src=\"https:\/\/i0.wp.com\/www.jojoenherbe.com\/wp-content\/uploads\/2018\/06\/Plateau-de-la-Justice-Eze-1.jpg?resize=150%2C150\" alt=\"\" width=\"150\" height=\"150\" srcset=\"https:\/\/i0.wp.com\/www.jojoenherbe.com\/wp-content\/uploads\/2018\/06\/Plateau-de-la-Justice-Eze-1.jpg?resize=150%2C150 150w, https:\/\/i0.wp.com\/www.jojoenherbe.com\/wp-content\/uploads\/2018\/06\/Plateau-de-la-Justice-Eze-1.jpg?zoom=2&amp;resize=150%2C150 300w, https:\/\/i0.wp.com\/www.jojoenherbe.com\/wp-content\/uploads\/2018\/06\/Plateau-de-la-Justice-Eze-1.jpg?zoom=3&amp;resize=150%2C150 450w\" sizes=\"auto, (max-width: 150px) 100vw, 150px\" \/><\/a> <a href=\"https:\/\/i0.wp.com\/www.jojoenherbe.com\/wp-content\/uploads\/2018\/06\/Plateau-de-la-Justice-Eze-9.jpg\"><img data-recalc-dims=\"1\" loading=\"lazy\" decoding=\"async\" data-attachment-id=\"2975\" data-permalink=\"http:\/\/www.jojoenherbe.com\/index.php\/2018\/06\/25\/sortie-au-plateau-de-la-justice-eze\/plateau-de-la-justice-eze-9\/\" data-orig-file=\"https:\/\/i0.wp.com\/www.jojoenherbe.com\/wp-content\/uploads\/2018\/06\/Plateau-de-la-Justice-Eze-9.jpg?fit=5184%2C3888\" data-orig-size=\"5184,3888\" data-comments-opened=\"1\" data-image-meta=\"{&quot;aperture&quot;:&quot;3.2&quot;,&quot;credit&quot;:&quot;&quot;,&quot;camera&quot;:&quot;DSC-HX400V&quot;,&quot;caption&quot;:&quot;&quot;,&quot;created_timestamp&quot;:&quot;1529168585&quot;,&quot;copyright&quot;:&quot;&quot;,&quot;focal_length&quot;:&quot;4.3&quot;,&quot;iso&quot;:&quot;80&quot;,&quot;shutter_speed&quot;:&quot;0.016666666666667&quot;,&quot;title&quot;:&quot;&quot;,&quot;orientation&quot;:&quot;1&quot;}\" data-image-title=\"Plateau de la Justice &amp;#8211; Eze 9\" data-image-description=\"\" data-image-caption=\"\" data-large-file=\"https:\/\/i0.wp.com\/www.jojoenherbe.com\/wp-content\/uploads\/2018\/06\/Plateau-de-la-Justice-Eze-9.jpg?fit=676%2C507\" class=\"alignleft size-thumbnail wp-image-2975\" src=\"https:\/\/i0.wp.com\/www.jojoenherbe.com\/wp-content\/uploads\/2018\/06\/Plateau-de-la-Justice-Eze-9.jpg?resize=150%2C150\" alt=\"\" width=\"150\" height=\"150\" srcset=\"https:\/\/i0.wp.com\/www.jojoenherbe.com\/wp-content\/uploads\/2018\/06\/Plateau-de-la-Justice-Eze-9.jpg?resize=150%2C150 150w, https:\/\/i0.wp.com\/www.jojoenherbe.com\/wp-content\/uploads\/2018\/06\/Plateau-de-la-Justice-Eze-9.jpg?zoom=2&amp;resize=150%2C150 300w, https:\/\/i0.wp.com\/www.jojoenherbe.com\/wp-content\/uploads\/2018\/06\/Plateau-de-la-Justice-Eze-9.jpg?zoom=3&amp;resize=150%2C150 450w\" sizes=\"auto, (max-width: 150px) 100vw, 150px\" \/><\/a> <a href=\"https:\/\/i0.wp.com\/www.jojoenherbe.com\/wp-content\/uploads\/2018\/06\/Plateau-de-la-Justice-Eze-10.jpg\"><img data-recalc-dims=\"1\" loading=\"lazy\" decoding=\"async\" data-attachment-id=\"2976\" data-permalink=\"http:\/\/www.jojoenherbe.com\/index.php\/2018\/06\/25\/sortie-au-plateau-de-la-justice-eze\/plateau-de-la-justice-eze-10\/\" data-orig-file=\"https:\/\/i0.wp.com\/www.jojoenherbe.com\/wp-content\/uploads\/2018\/06\/Plateau-de-la-Justice-Eze-10.jpg?fit=3888%2C5184\" data-orig-size=\"3888,5184\" data-comments-opened=\"1\" data-image-meta=\"{&quot;aperture&quot;:&quot;3.5&quot;,&quot;credit&quot;:&quot;&quot;,&quot;camera&quot;:&quot;DSC-HX400V&quot;,&quot;caption&quot;:&quot;&quot;,&quot;created_timestamp&quot;:&quot;1529169644&quot;,&quot;copyright&quot;:&quot;&quot;,&quot;focal_length&quot;:&quot;9.27&quot;,&quot;iso&quot;:&quot;80&quot;,&quot;shutter_speed&quot;:&quot;0.008&quot;,&quot;title&quot;:&quot;&quot;,&quot;orientation&quot;:&quot;1&quot;}\" data-image-title=\"Plateau de la Justice &amp;#8211; Eze 10\" data-image-description=\"\" data-image-caption=\"\" data-large-file=\"https:\/\/i0.wp.com\/www.jojoenherbe.com\/wp-content\/uploads\/2018\/06\/Plateau-de-la-Justice-Eze-10.jpg?fit=676%2C901\" class=\"alignleft size-thumbnail wp-image-2976\" src=\"https:\/\/i0.wp.com\/www.jojoenherbe.com\/wp-content\/uploads\/2018\/06\/Plateau-de-la-Justice-Eze-10.jpg?resize=150%2C150\" alt=\"\" width=\"150\" height=\"150\" srcset=\"https:\/\/i0.wp.com\/www.jojoenherbe.com\/wp-content\/uploads\/2018\/06\/Plateau-de-la-Justice-Eze-10.jpg?resize=150%2C150 150w, https:\/\/i0.wp.com\/www.jojoenherbe.com\/wp-content\/uploads\/2018\/06\/Plateau-de-la-Justice-Eze-10.jpg?zoom=2&amp;resize=150%2C150 300w, https:\/\/i0.wp.com\/www.jojoenherbe.com\/wp-content\/uploads\/2018\/06\/Plateau-de-la-Justice-Eze-10.jpg?zoom=3&amp;resize=150%2C150 450w\" sizes=\"auto, (max-width: 150px) 100vw, 150px\" \/><\/a>Nous allons r\u00e9guli\u00e8rement nous balader sur le Plateau de la Justice, pr\u00e8s d&rsquo;Eze. Nous y acc\u00e9dons par la route M2564 puis en prenant l&rsquo;ancienne voie romaine donnant d&rsquo;un c\u00f4t\u00e9 sur le littoral m\u00e9diterran\u00e9en et de l&rsquo;autre sur les monts du Mercantour, dont certains encore enneig\u00e9s en ce mois de juin 2018. Nous nous garons le plus souvent au niveau du parking permettant d&rsquo;acc\u00e9der directement au parcours de sant\u00e9. D&rsquo;autres fois, sur les parkings situ\u00e9s plus bas.<\/em><\/p>\n<p style=\"text-align: justify;\"><em><a href=\"https:\/\/i0.wp.com\/www.jojoenherbe.com\/wp-content\/uploads\/2018\/06\/Plateau-de-la-Justice-Eze-3-1.jpg\"><img data-recalc-dims=\"1\" loading=\"lazy\" decoding=\"async\" data-attachment-id=\"2969\" data-permalink=\"http:\/\/www.jojoenherbe.com\/index.php\/2018\/06\/25\/sortie-au-plateau-de-la-justice-eze\/plateau-de-la-justice-eze-3-2\/\" data-orig-file=\"https:\/\/i0.wp.com\/www.jojoenherbe.com\/wp-content\/uploads\/2018\/06\/Plateau-de-la-Justice-Eze-3-1.jpg?fit=3888%2C5184\" data-orig-size=\"3888,5184\" data-comments-opened=\"1\" data-image-meta=\"{&quot;aperture&quot;:&quot;3.2&quot;,&quot;credit&quot;:&quot;&quot;,&quot;camera&quot;:&quot;DSC-HX400V&quot;,&quot;caption&quot;:&quot;&quot;,&quot;created_timestamp&quot;:&quot;1529165594&quot;,&quot;copyright&quot;:&quot;&quot;,&quot;focal_length&quot;:&quot;4.3&quot;,&quot;iso&quot;:&quot;80&quot;,&quot;shutter_speed&quot;:&quot;0.02&quot;,&quot;title&quot;:&quot;&quot;,&quot;orientation&quot;:&quot;1&quot;}\" data-image-title=\"Plateau de la Justice &amp;#8211; Eze 3\" data-image-description=\"\" data-image-caption=\"\" data-large-file=\"https:\/\/i0.wp.com\/www.jojoenherbe.com\/wp-content\/uploads\/2018\/06\/Plateau-de-la-Justice-Eze-3-1.jpg?fit=676%2C901\" class=\"size-thumbnail wp-image-2969 alignright\" src=\"https:\/\/i0.wp.com\/www.jojoenherbe.com\/wp-content\/uploads\/2018\/06\/Plateau-de-la-Justice-Eze-3-1.jpg?resize=150%2C150\" alt=\"\" width=\"150\" height=\"150\" srcset=\"https:\/\/i0.wp.com\/www.jojoenherbe.com\/wp-content\/uploads\/2018\/06\/Plateau-de-la-Justice-Eze-3-1.jpg?resize=150%2C150 150w, https:\/\/i0.wp.com\/www.jojoenherbe.com\/wp-content\/uploads\/2018\/06\/Plateau-de-la-Justice-Eze-3-1.jpg?zoom=2&amp;resize=150%2C150 300w, https:\/\/i0.wp.com\/www.jojoenherbe.com\/wp-content\/uploads\/2018\/06\/Plateau-de-la-Justice-Eze-3-1.jpg?zoom=3&amp;resize=150%2C150 450w\" sizes=\"auto, (max-width: 150px) 100vw, 150px\" \/><\/a> <a href=\"https:\/\/i0.wp.com\/www.jojoenherbe.com\/wp-content\/uploads\/2018\/06\/Plateau-de-la-Justice-Eze-4.jpg\"><img data-recalc-dims=\"1\" loading=\"lazy\" decoding=\"async\" data-attachment-id=\"2970\" data-permalink=\"http:\/\/www.jojoenherbe.com\/index.php\/2018\/06\/25\/sortie-au-plateau-de-la-justice-eze\/plateau-de-la-justice-eze-4\/\" data-orig-file=\"https:\/\/i0.wp.com\/www.jojoenherbe.com\/wp-content\/uploads\/2018\/06\/Plateau-de-la-Justice-Eze-4.jpg?fit=5184%2C3888\" data-orig-size=\"5184,3888\" data-comments-opened=\"1\" data-image-meta=\"{&quot;aperture&quot;:&quot;3.2&quot;,&quot;credit&quot;:&quot;&quot;,&quot;camera&quot;:&quot;DSC-HX400V&quot;,&quot;caption&quot;:&quot;&quot;,&quot;created_timestamp&quot;:&quot;1529165750&quot;,&quot;copyright&quot;:&quot;&quot;,&quot;focal_length&quot;:&quot;4.3&quot;,&quot;iso&quot;:&quot;80&quot;,&quot;shutter_speed&quot;:&quot;0.033333333333333&quot;,&quot;title&quot;:&quot;&quot;,&quot;orientation&quot;:&quot;1&quot;}\" data-image-title=\"Plateau de la Justice &amp;#8211; Eze 4\" data-image-description=\"\" data-image-caption=\"\" data-large-file=\"https:\/\/i0.wp.com\/www.jojoenherbe.com\/wp-content\/uploads\/2018\/06\/Plateau-de-la-Justice-Eze-4.jpg?fit=676%2C507\" class=\"size-thumbnail wp-image-2970 alignright\" src=\"https:\/\/i0.wp.com\/www.jojoenherbe.com\/wp-content\/uploads\/2018\/06\/Plateau-de-la-Justice-Eze-4.jpg?resize=150%2C150\" alt=\"\" width=\"150\" height=\"150\" srcset=\"https:\/\/i0.wp.com\/www.jojoenherbe.com\/wp-content\/uploads\/2018\/06\/Plateau-de-la-Justice-Eze-4.jpg?resize=150%2C150 150w, https:\/\/i0.wp.com\/www.jojoenherbe.com\/wp-content\/uploads\/2018\/06\/Plateau-de-la-Justice-Eze-4.jpg?zoom=2&amp;resize=150%2C150 300w, https:\/\/i0.wp.com\/www.jojoenherbe.com\/wp-content\/uploads\/2018\/06\/Plateau-de-la-Justice-Eze-4.jpg?zoom=3&amp;resize=150%2C150 450w\" sizes=\"auto, (max-width: 150px) 100vw, 150px\" \/><\/a> <a href=\"https:\/\/i0.wp.com\/www.jojoenherbe.com\/wp-content\/uploads\/2018\/06\/Plateau-de-la-Justice-Eze-6.jpg\"><img data-recalc-dims=\"1\" loading=\"lazy\" decoding=\"async\" data-attachment-id=\"2972\" data-permalink=\"http:\/\/www.jojoenherbe.com\/index.php\/2018\/06\/25\/sortie-au-plateau-de-la-justice-eze\/plateau-de-la-justice-eze-6\/\" data-orig-file=\"https:\/\/i0.wp.com\/www.jojoenherbe.com\/wp-content\/uploads\/2018\/06\/Plateau-de-la-Justice-Eze-6.jpg?fit=5184%2C3888\" data-orig-size=\"5184,3888\" data-comments-opened=\"1\" data-image-meta=\"{&quot;aperture&quot;:&quot;5&quot;,&quot;credit&quot;:&quot;&quot;,&quot;camera&quot;:&quot;DSC-HX400V&quot;,&quot;caption&quot;:&quot;&quot;,&quot;created_timestamp&quot;:&quot;1529167541&quot;,&quot;copyright&quot;:&quot;&quot;,&quot;focal_length&quot;:&quot;37.9&quot;,&quot;iso&quot;:&quot;100&quot;,&quot;shutter_speed&quot;:&quot;0.004&quot;,&quot;title&quot;:&quot;&quot;,&quot;orientation&quot;:&quot;1&quot;}\" data-image-title=\"Plateau de la Justice &amp;#8211; Eze 6\" data-image-description=\"\" data-image-caption=\"\" data-large-file=\"https:\/\/i0.wp.com\/www.jojoenherbe.com\/wp-content\/uploads\/2018\/06\/Plateau-de-la-Justice-Eze-6.jpg?fit=676%2C507\" class=\"size-thumbnail wp-image-2972 alignright\" src=\"https:\/\/i0.wp.com\/www.jojoenherbe.com\/wp-content\/uploads\/2018\/06\/Plateau-de-la-Justice-Eze-6.jpg?resize=150%2C150\" alt=\"\" width=\"150\" height=\"150\" srcset=\"https:\/\/i0.wp.com\/www.jojoenherbe.com\/wp-content\/uploads\/2018\/06\/Plateau-de-la-Justice-Eze-6.jpg?resize=150%2C150 150w, https:\/\/i0.wp.com\/www.jojoenherbe.com\/wp-content\/uploads\/2018\/06\/Plateau-de-la-Justice-Eze-6.jpg?zoom=2&amp;resize=150%2C150 300w, https:\/\/i0.wp.com\/www.jojoenherbe.com\/wp-content\/uploads\/2018\/06\/Plateau-de-la-Justice-Eze-6.jpg?zoom=3&amp;resize=150%2C150 450w\" sizes=\"auto, (max-width: 150px) 100vw, 150px\" \/><\/a>De-ci de-l\u00e0 sur les sentiers du parc ont \u00e9t\u00e9 install\u00e9es des tables de pique-nique. L&rsquo;endroit permet de multiples activit\u00e9s d&rsquo;ext\u00e9rieur. Il y a l&#8217;embarras du choix, entre ceux venus courir, promener leur chien, jouer \u00e0 la p\u00e9tanque ou tout simplement marcher en famille ou en amoureux&#8230; Il y en a m\u00eame qui s&rsquo;installent avec leur chevalet pour peindre.<\/em><\/p>\n<p style=\"text-align: justify;\"><em><a href=\"https:\/\/i0.wp.com\/www.jojoenherbe.com\/wp-content\/uploads\/2018\/06\/Plateau-de-la-Justice-Eze-2-1.jpg\"><img data-recalc-dims=\"1\" loading=\"lazy\" decoding=\"async\" data-attachment-id=\"2968\" data-permalink=\"http:\/\/www.jojoenherbe.com\/index.php\/2018\/06\/25\/sortie-au-plateau-de-la-justice-eze\/plateau-de-la-justice-eze-2-2\/\" data-orig-file=\"https:\/\/i0.wp.com\/www.jojoenherbe.com\/wp-content\/uploads\/2018\/06\/Plateau-de-la-Justice-Eze-2-1.jpg?fit=5184%2C3888\" data-orig-size=\"5184,3888\" data-comments-opened=\"1\" data-image-meta=\"{&quot;aperture&quot;:&quot;3.5&quot;,&quot;credit&quot;:&quot;&quot;,&quot;camera&quot;:&quot;DSC-HX400V&quot;,&quot;caption&quot;:&quot;&quot;,&quot;created_timestamp&quot;:&quot;1529165154&quot;,&quot;copyright&quot;:&quot;&quot;,&quot;focal_length&quot;:&quot;13.35&quot;,&quot;iso&quot;:&quot;125&quot;,&quot;shutter_speed&quot;:&quot;0.0125&quot;,&quot;title&quot;:&quot;&quot;,&quot;orientation&quot;:&quot;1&quot;}\" data-image-title=\"Plateau de la Justice &amp;#8211; Eze 2\" data-image-description=\"\" data-image-caption=\"\" data-large-file=\"https:\/\/i0.wp.com\/www.jojoenherbe.com\/wp-content\/uploads\/2018\/06\/Plateau-de-la-Justice-Eze-2-1.jpg?fit=676%2C507\" class=\"alignleft size-thumbnail wp-image-2968\" src=\"https:\/\/i0.wp.com\/www.jojoenherbe.com\/wp-content\/uploads\/2018\/06\/Plateau-de-la-Justice-Eze-2-1.jpg?resize=150%2C150\" alt=\"\" width=\"150\" height=\"150\" srcset=\"https:\/\/i0.wp.com\/www.jojoenherbe.com\/wp-content\/uploads\/2018\/06\/Plateau-de-la-Justice-Eze-2-1.jpg?resize=150%2C150 150w, https:\/\/i0.wp.com\/www.jojoenherbe.com\/wp-content\/uploads\/2018\/06\/Plateau-de-la-Justice-Eze-2-1.jpg?zoom=2&amp;resize=150%2C150 300w, https:\/\/i0.wp.com\/www.jojoenherbe.com\/wp-content\/uploads\/2018\/06\/Plateau-de-la-Justice-Eze-2-1.jpg?zoom=3&amp;resize=150%2C150 450w\" sizes=\"auto, (max-width: 150px) 100vw, 150px\" \/><\/a> <a href=\"https:\/\/i0.wp.com\/www.jojoenherbe.com\/wp-content\/uploads\/2018\/06\/Plateau-de-la-Justice-Eze-2.jpg\"><img data-recalc-dims=\"1\" loading=\"lazy\" decoding=\"async\" data-attachment-id=\"2965\" data-permalink=\"http:\/\/www.jojoenherbe.com\/index.php\/2018\/06\/25\/sortie-au-plateau-de-la-justice-eze\/plateau-de-la-justice-eze-2\/\" data-orig-file=\"https:\/\/i0.wp.com\/www.jojoenherbe.com\/wp-content\/uploads\/2018\/06\/Plateau-de-la-Justice-Eze-2.jpg?fit=5184%2C3888\" data-orig-size=\"5184,3888\" data-comments-opened=\"1\" data-image-meta=\"{&quot;aperture&quot;:&quot;5&quot;,&quot;credit&quot;:&quot;&quot;,&quot;camera&quot;:&quot;DSC-HX400V&quot;,&quot;caption&quot;:&quot;&quot;,&quot;created_timestamp&quot;:&quot;1529940325&quot;,&quot;copyright&quot;:&quot;&quot;,&quot;focal_length&quot;:&quot;51.09&quot;,&quot;iso&quot;:&quot;80&quot;,&quot;shutter_speed&quot;:&quot;0.002&quot;,&quot;title&quot;:&quot;&quot;,&quot;orientation&quot;:&quot;1&quot;}\" data-image-title=\"Plateau de la Justice &amp;#8211; Eze 2\" data-image-description=\"\" data-image-caption=\"\" data-large-file=\"https:\/\/i0.wp.com\/www.jojoenherbe.com\/wp-content\/uploads\/2018\/06\/Plateau-de-la-Justice-Eze-2.jpg?fit=676%2C507\" class=\"alignleft size-thumbnail wp-image-2965\" src=\"https:\/\/i0.wp.com\/www.jojoenherbe.com\/wp-content\/uploads\/2018\/06\/Plateau-de-la-Justice-Eze-2.jpg?resize=150%2C150\" alt=\"\" width=\"150\" height=\"150\" srcset=\"https:\/\/i0.wp.com\/www.jojoenherbe.com\/wp-content\/uploads\/2018\/06\/Plateau-de-la-Justice-Eze-2.jpg?resize=150%2C150 150w, https:\/\/i0.wp.com\/www.jojoenherbe.com\/wp-content\/uploads\/2018\/06\/Plateau-de-la-Justice-Eze-2.jpg?zoom=2&amp;resize=150%2C150 300w, https:\/\/i0.wp.com\/www.jojoenherbe.com\/wp-content\/uploads\/2018\/06\/Plateau-de-la-Justice-Eze-2.jpg?zoom=3&amp;resize=150%2C150 450w\" sizes=\"auto, (max-width: 150px) 100vw, 150px\" \/><\/a> <a href=\"https:\/\/i0.wp.com\/www.jojoenherbe.com\/wp-content\/uploads\/2018\/06\/Plateau-de-la-Justice-Eze-3.jpg\"><img data-recalc-dims=\"1\" loading=\"lazy\" decoding=\"async\" data-attachment-id=\"2966\" data-permalink=\"http:\/\/www.jojoenherbe.com\/index.php\/2018\/06\/25\/sortie-au-plateau-de-la-justice-eze\/plateau-de-la-justice-eze-3\/\" data-orig-file=\"https:\/\/i0.wp.com\/www.jojoenherbe.com\/wp-content\/uploads\/2018\/06\/Plateau-de-la-Justice-Eze-3.jpg?fit=5184%2C3888\" data-orig-size=\"5184,3888\" data-comments-opened=\"1\" data-image-meta=\"{&quot;aperture&quot;:&quot;6.3&quot;,&quot;credit&quot;:&quot;&quot;,&quot;camera&quot;:&quot;DSC-HX400V&quot;,&quot;caption&quot;:&quot;&quot;,&quot;created_timestamp&quot;:&quot;1529942264&quot;,&quot;copyright&quot;:&quot;&quot;,&quot;focal_length&quot;:&quot;205.15&quot;,&quot;iso&quot;:&quot;80&quot;,&quot;shutter_speed&quot;:&quot;0.003125&quot;,&quot;title&quot;:&quot;&quot;,&quot;orientation&quot;:&quot;1&quot;}\" data-image-title=\"Plateau de la Justice &amp;#8211; Eze 3\" data-image-description=\"\" data-image-caption=\"\" data-large-file=\"https:\/\/i0.wp.com\/www.jojoenherbe.com\/wp-content\/uploads\/2018\/06\/Plateau-de-la-Justice-Eze-3.jpg?fit=676%2C507\" class=\"alignleft size-thumbnail wp-image-2966\" src=\"https:\/\/i0.wp.com\/www.jojoenherbe.com\/wp-content\/uploads\/2018\/06\/Plateau-de-la-Justice-Eze-3.jpg?resize=150%2C150\" alt=\"\" width=\"150\" height=\"150\" srcset=\"https:\/\/i0.wp.com\/www.jojoenherbe.com\/wp-content\/uploads\/2018\/06\/Plateau-de-la-Justice-Eze-3.jpg?resize=150%2C150 150w, https:\/\/i0.wp.com\/www.jojoenherbe.com\/wp-content\/uploads\/2018\/06\/Plateau-de-la-Justice-Eze-3.jpg?zoom=2&amp;resize=150%2C150 300w, https:\/\/i0.wp.com\/www.jojoenherbe.com\/wp-content\/uploads\/2018\/06\/Plateau-de-la-Justice-Eze-3.jpg?zoom=3&amp;resize=150%2C150 450w\" sizes=\"auto, (max-width: 150px) 100vw, 150px\" \/><\/a>C&rsquo;est aussi l&rsquo;occasion d&rsquo;observer la faune et la flore des lieux, que ce soit dans le ciel avec, en cette saison, les nombreux martinets ou dans les sous-bois avec les \u00e9cureuils qui se faufilent \u00e0 travers les arbres et rochers. De nombreux papillons passent \u00e9galement de fleurs en fleurs, \u00e0 l&rsquo;instar des sauterelles.<br \/>\n<\/em><\/p>\n<p><iframe loading=\"lazy\" style=\"border: 0;\" src=\"https:\/\/www.google.com\/maps\/embed?pb=!1m18!1m12!1m3!1d2883.3827553911997!2d7.328994315499991!3d43.723374979118915!2m3!1f0!2f0!3f0!3m2!1i1024!2i768!4f13.1!3m3!1m2!1s0x12cdc4bf3606a9ad%3A0x43818154ddfc752!2sPlateau+de+la+Justice%2C+06360+%C3%88ze!5e0!3m2!1sfr!2sfr!4v1529959084744\" width=\"400\" height=\"300\" frameborder=\"0\" allowfullscreen=\"allowfullscreen\"><\/iframe><\/p>\n","protected":false},"excerpt":{"rendered":"<p>Nous allons r\u00e9guli\u00e8rement nous balader sur le Plateau de la Justice, pr\u00e8s d&rsquo;Eze. Nous y acc\u00e9dons par la route M2564 puis en prenant l&rsquo;ancienne voie romaine donnant d&rsquo;un c\u00f4t\u00e9 sur le littoral m\u00e9diterran\u00e9en et de l&rsquo;autre sur les monts du Mercantour, dont certains encore enneig\u00e9s en ce mois de juin 2018. Nous nous garons le [&hellip;]<\/p>\n","protected":false},"author":1,"featured_media":2967,"comment_status":"open","ping_status":"open","sticky":false,"template":"","format":"standard","meta":{"jetpack_post_was_ever_published":false,"_jetpack_newsletter_access":"","_jetpack_dont_email_post_to_subs":false,"_jetpack_newsletter_tier_id":0,"_jetpack_memberships_contains_paywalled_content":false,"_jetpack_memberships_contains_paid_content":false,"footnotes":""},"categories":[128],"tags":[25,249,5,37,255,254],"class_list":["post-2962","post","type-post","status-publish","format-standard","has-post-thumbnail","hentry","category-mini-baladeur","tag-alpes-maritimes","tag-eze","tag-paca","tag-parc-naturel-departemental","tag-parcours-sante","tag-plateau-de-la-justice","post-preview"],"jetpack_featured_media_url":"https:\/\/i0.wp.com\/www.jojoenherbe.com\/wp-content\/uploads\/2018\/06\/Plateau-de-la-Justice-Eze.jpg?fit=5184%2C3888","jetpack_sharing_enabled":true,"jetpack_shortlink":"https:\/\/wp.me\/p9zhGx-LM","jetpack_likes_enabled":true,"jetpack-related-posts":[{"id":17811,"url":"http:\/\/www.jojoenherbe.com\/index.php\/2021\/04\/24\/semaine-16-du-projet-52-2021-petales\/","url_meta":{"origin":2962,"position":0},"title":"Semaine 16 du Projet 52-2021: P\u00e9tales","author":"Jojo","date":"24 avril 2021","format":false,"excerpt":"Pour la semaine 16 du Projet 52-2021 de Du c\u00f4t\u00e9 de chez Ma', le th\u00e8me est \"P\u00e9tales\". Je profite de notre balade de cet apr\u00e8s-midi sous le soleil et dans les moins de 10 km au Plateau de la Justice, \u00e0 \u00c8ze dans le parc d\u00e9partemental de la Grande Corniche\u2026","rel":"","context":"Dans &quot;mini photographe&quot;","block_context":{"text":"mini photographe","link":"http:\/\/www.jojoenherbe.com\/index.php\/category\/mini-photographe\/"},"img":{"alt_text":"","src":"https:\/\/i0.wp.com\/www.jojoenherbe.com\/wp-content\/uploads\/2021\/04\/Ciste-cotonneux-Plateau-de-la-Justice-dEze-scaled.jpg?fit=900%2C1200&resize=350%2C200","width":350,"height":200,"srcset":"https:\/\/i0.wp.com\/www.jojoenherbe.com\/wp-content\/uploads\/2021\/04\/Ciste-cotonneux-Plateau-de-la-Justice-dEze-scaled.jpg?fit=900%2C1200&resize=350%2C200 1x, https:\/\/i0.wp.com\/www.jojoenherbe.com\/wp-content\/uploads\/2021\/04\/Ciste-cotonneux-Plateau-de-la-Justice-dEze-scaled.jpg?fit=900%2C1200&resize=525%2C300 1.5x, https:\/\/i0.wp.com\/www.jojoenherbe.com\/wp-content\/uploads\/2021\/04\/Ciste-cotonneux-Plateau-de-la-Justice-dEze-scaled.jpg?fit=900%2C1200&resize=700%2C400 2x"},"classes":[]},{"id":3490,"url":"http:\/\/www.jojoenherbe.com\/index.php\/2018\/08\/17\/balade-au-plateau-de-calern\/","url_meta":{"origin":2962,"position":1},"title":"Balade estivale au plateau de Calern","author":"Jojo","date":"17 ao\u00fbt 2018","format":false,"excerpt":"Ce 15 ao\u00fbt 2018, nous montons \u00e0 Caussols et m\u00eame un peu plus haut, sur le plateau de Calern o\u00f9 se situe l'Observatoire de Caussols, inaugur\u00e9 en 1974 et toujours en activit\u00e9. Arriv\u00e9s \u00e0 Gourdon au-dessus duquel gravitent des parapentes, nous prenons la D3 puis la D12 pour atteindre le\u2026","rel":"","context":"Dans &quot;Mini baladeur&quot;","block_context":{"text":"Mini baladeur","link":"http:\/\/www.jojoenherbe.com\/index.php\/category\/mini-crapahuteur\/mini-baladeur\/"},"img":{"alt_text":"","src":"https:\/\/i0.wp.com\/www.jojoenherbe.com\/wp-content\/uploads\/2018\/08\/Plateau-de-Calern-7.jpg?fit=1200%2C900&resize=350%2C200","width":350,"height":200,"srcset":"https:\/\/i0.wp.com\/www.jojoenherbe.com\/wp-content\/uploads\/2018\/08\/Plateau-de-Calern-7.jpg?fit=1200%2C900&resize=350%2C200 1x, https:\/\/i0.wp.com\/www.jojoenherbe.com\/wp-content\/uploads\/2018\/08\/Plateau-de-Calern-7.jpg?fit=1200%2C900&resize=525%2C300 1.5x, https:\/\/i0.wp.com\/www.jojoenherbe.com\/wp-content\/uploads\/2018\/08\/Plateau-de-Calern-7.jpg?fit=1200%2C900&resize=700%2C400 2x, https:\/\/i0.wp.com\/www.jojoenherbe.com\/wp-content\/uploads\/2018\/08\/Plateau-de-Calern-7.jpg?fit=1200%2C900&resize=1050%2C600 3x"},"classes":[]},{"id":23192,"url":"http:\/\/www.jojoenherbe.com\/index.php\/2022\/01\/04\/pause-nature-les-gorges-du-verdon\/","url_meta":{"origin":2962,"position":2},"title":"Pause Nature: les Gorges du Verdon","author":"Jojo","date":"4 janvier 2022","format":false,"excerpt":"En revenant de Sisteron et des gorges de la M\u00e9ouge, nous sommes pass\u00e9s par le plateau de Valensole avant de rejoindre les gorges du Verdon et le lac de Sainte-Croix le 19 d\u00e9cembre 2021. Au loin, nous pouvons voir au-dessus des champs de lavandes et des amandiers les Alpes enneig\u00e9es.\u2026","rel":"","context":"Dans &quot;Mini baladeur&quot;","block_context":{"text":"Mini baladeur","link":"http:\/\/www.jojoenherbe.com\/index.php\/category\/mini-crapahuteur\/mini-baladeur\/"},"img":{"alt_text":"","src":"https:\/\/i0.wp.com\/www.jojoenherbe.com\/wp-content\/uploads\/2022\/01\/Gorges-du-Verdon-6-scaled.jpg?fit=900%2C1200&resize=350%2C200","width":350,"height":200,"srcset":"https:\/\/i0.wp.com\/www.jojoenherbe.com\/wp-content\/uploads\/2022\/01\/Gorges-du-Verdon-6-scaled.jpg?fit=900%2C1200&resize=350%2C200 1x, https:\/\/i0.wp.com\/www.jojoenherbe.com\/wp-content\/uploads\/2022\/01\/Gorges-du-Verdon-6-scaled.jpg?fit=900%2C1200&resize=525%2C300 1.5x, https:\/\/i0.wp.com\/www.jojoenherbe.com\/wp-content\/uploads\/2022\/01\/Gorges-du-Verdon-6-scaled.jpg?fit=900%2C1200&resize=700%2C400 2x"},"classes":[]},{"id":3993,"url":"http:\/\/www.jojoenherbe.com\/index.php\/2018\/10\/25\/le-fort-de-la-revere-encore-et-toujours\/","url_meta":{"origin":2962,"position":3},"title":"Le Fort de la Rev\u00e8re encore et toujours","author":"Jojo","date":"25 octobre 2018","format":false,"excerpt":"Ce 18 octobre 2018, nous partons, une nouvelle fois, balader au Fort de la Rev\u00e8re. Du c\u00f4t\u00e9 de l'observatoire ornithologique, de nombreux oiseaux passent d'arbuste en arbuste. Sur l'un d'eux, nous pouvons apercevoir une fauvette \u00e0 t\u00eate noire en train de grignoter des baies. D'ailleurs, nous sommes sur la fin\u2026","rel":"","context":"Dans &quot;Mini baladeur&quot;","block_context":{"text":"Mini baladeur","link":"http:\/\/www.jojoenherbe.com\/index.php\/category\/mini-crapahuteur\/mini-baladeur\/"},"img":{"alt_text":"","src":"https:\/\/i0.wp.com\/www.jojoenherbe.com\/wp-content\/uploads\/2018\/10\/Fort-de-la-Rev%C3%A8re-1.jpg?fit=1200%2C900&resize=350%2C200","width":350,"height":200,"srcset":"https:\/\/i0.wp.com\/www.jojoenherbe.com\/wp-content\/uploads\/2018\/10\/Fort-de-la-Rev%C3%A8re-1.jpg?fit=1200%2C900&resize=350%2C200 1x, https:\/\/i0.wp.com\/www.jojoenherbe.com\/wp-content\/uploads\/2018\/10\/Fort-de-la-Rev%C3%A8re-1.jpg?fit=1200%2C900&resize=525%2C300 1.5x, https:\/\/i0.wp.com\/www.jojoenherbe.com\/wp-content\/uploads\/2018\/10\/Fort-de-la-Rev%C3%A8re-1.jpg?fit=1200%2C900&resize=700%2C400 2x, https:\/\/i0.wp.com\/www.jojoenherbe.com\/wp-content\/uploads\/2018\/10\/Fort-de-la-Rev%C3%A8re-1.jpg?fit=1200%2C900&resize=1050%2C600 3x"},"classes":[]},{"id":6655,"url":"http:\/\/www.jojoenherbe.com\/index.php\/2019\/07\/07\/le-temps-dune-visite-a-la-20e-nuit-des-coupoles-ouvertes\/","url_meta":{"origin":2962,"position":4},"title":"Le temps d&rsquo;une visite \u00e0 la 20e Nuit des Coupoles Ouvertes","author":"Jojo","date":"7 juillet 2019","format":false,"excerpt":"Ce 6 juillet 2019, nous nous rendons \u00e0 la 20e \u00e9dition de la Nuit Coupoles Ouvertes qui a lieu, comme tous les deux ans, sur le plateau de Calern, de 14h \u00e0 minuit. L'observatoire de Caussols ouvre ainsi ses portes, ou plut\u00f4t ses coupoles, au public, pour la plus grande\u2026","rel":"","context":"Dans &quot;Mini astronome&quot;","block_context":{"text":"Mini astronome","link":"http:\/\/www.jojoenherbe.com\/index.php\/category\/mini-decouvreur\/mini-astronome\/"},"img":{"alt_text":"","src":"https:\/\/i0.wp.com\/www.jojoenherbe.com\/wp-content\/uploads\/2019\/07\/20e-Nuit-des-Coupoles-Ouvertes.jpg?fit=1200%2C900&resize=350%2C200","width":350,"height":200,"srcset":"https:\/\/i0.wp.com\/www.jojoenherbe.com\/wp-content\/uploads\/2019\/07\/20e-Nuit-des-Coupoles-Ouvertes.jpg?fit=1200%2C900&resize=350%2C200 1x, https:\/\/i0.wp.com\/www.jojoenherbe.com\/wp-content\/uploads\/2019\/07\/20e-Nuit-des-Coupoles-Ouvertes.jpg?fit=1200%2C900&resize=525%2C300 1.5x, https:\/\/i0.wp.com\/www.jojoenherbe.com\/wp-content\/uploads\/2019\/07\/20e-Nuit-des-Coupoles-Ouvertes.jpg?fit=1200%2C900&resize=700%2C400 2x, https:\/\/i0.wp.com\/www.jojoenherbe.com\/wp-content\/uploads\/2019\/07\/20e-Nuit-des-Coupoles-Ouvertes.jpg?fit=1200%2C900&resize=1050%2C600 3x"},"classes":[]},{"id":2610,"url":"http:\/\/www.jojoenherbe.com\/index.php\/2018\/05\/14\/petite-balade-sur-la-route-de-coursegoules\/","url_meta":{"origin":2962,"position":5},"title":"Petite balade sur la route de Coursegoules","author":"Jojo","date":"14 mai 2018","format":false,"excerpt":"Ce 8 mai 2018, nous d\u00e9cidons de faire un tour en voiture dans les Pr\u00e9alpes de Grasse, malgr\u00e9 un temps de pluie annonc\u00e9. Pour le moment, le soleil est au rendez-vous avec une temp\u00e9rature autour de 20 degr\u00e9s. Nous partons pour le lac de Thorenc. Mais plus nous approchons de\u2026","rel":"","context":"Dans &quot;Mini baladeur&quot;","block_context":{"text":"Mini baladeur","link":"http:\/\/www.jojoenherbe.com\/index.php\/category\/mini-crapahuteur\/mini-baladeur\/"},"img":{"alt_text":"","src":"https:\/\/i0.wp.com\/www.jojoenherbe.com\/wp-content\/uploads\/2018\/05\/La-Garussi%C3%A8re-2.jpg?fit=900%2C1200&resize=350%2C200","width":350,"height":200,"srcset":"https:\/\/i0.wp.com\/www.jojoenherbe.com\/wp-content\/uploads\/2018\/05\/La-Garussi%C3%A8re-2.jpg?fit=900%2C1200&resize=350%2C200 1x, https:\/\/i0.wp.com\/www.jojoenherbe.com\/wp-content\/uploads\/2018\/05\/La-Garussi%C3%A8re-2.jpg?fit=900%2C1200&resize=525%2C300 1.5x, https:\/\/i0.wp.com\/www.jojoenherbe.com\/wp-content\/uploads\/2018\/05\/La-Garussi%C3%A8re-2.jpg?fit=900%2C1200&resize=700%2C400 2x"},"classes":[]}],"_links":{"self":[{"href":"http:\/\/www.jojoenherbe.com\/index.php\/wp-json\/wp\/v2\/posts\/2962","targetHints":{"allow":["GET"]}}],"collection":[{"href":"http:\/\/www.jojoenherbe.com\/index.php\/wp-json\/wp\/v2\/posts"}],"about":[{"href":"http:\/\/www.jojoenherbe.com\/index.php\/wp-json\/wp\/v2\/types\/post"}],"author":[{"embeddable":true,"href":"http:\/\/www.jojoenherbe.com\/index.php\/wp-json\/wp\/v2\/users\/1"}],"replies":[{"embeddable":true,"href":"http:\/\/www.jojoenherbe.com\/index.php\/wp-json\/wp\/v2\/comments?post=2962"}],"version-history":[{"count":0,"href":"http:\/\/www.jojoenherbe.com\/index.php\/wp-json\/wp\/v2\/posts\/2962\/revisions"}],"wp:featuredmedia":[{"embeddable":true,"href":"http:\/\/www.jojoenherbe.com\/index.php\/wp-json\/wp\/v2\/media\/2967"}],"wp:attachment":[{"href":"http:\/\/www.jojoenherbe.com\/index.php\/wp-json\/wp\/v2\/media?parent=2962"}],"wp:term":[{"taxonomy":"category","embeddable":true,"href":"http:\/\/www.jojoenherbe.com\/index.php\/wp-json\/wp\/v2\/categories?post=2962"},{"taxonomy":"post_tag","embeddable":true,"href":"http:\/\/www.jojoenherbe.com\/index.php\/wp-json\/wp\/v2\/tags?post=2962"}],"curies":[{"name":"wp","href":"https:\/\/api.w.org\/{rel}","templated":true}]}}