{"id":29327,"date":"2023-03-17T17:49:13","date_gmt":"2023-03-17T16:49:13","guid":{"rendered":"https:\/\/www.jojoenherbe.com\/?p=29327"},"modified":"2023-03-29T17:49:47","modified_gmt":"2023-03-29T15:49:47","slug":"au-fil-des-pages-avec-un-hiver-chez-bleuet","status":"publish","type":"post","link":"http:\/\/www.jojoenherbe.com\/index.php\/2023\/03\/17\/au-fil-des-pages-avec-un-hiver-chez-bleuet\/","title":{"rendered":"Au fil des pages avec Un hiver chez Bleuet"},"content":{"rendered":"<p style=\"text-align: justify;\"><em><a href=\"https:\/\/i0.wp.com\/www.jojoenherbe.com\/wp-content\/uploads\/2023\/03\/Un-hiver-chez-Bleuet-3-scaled.jpg\"><img data-recalc-dims=\"1\" loading=\"lazy\" decoding=\"async\" data-attachment-id=\"30426\" data-permalink=\"http:\/\/www.jojoenherbe.com\/index.php\/2023\/03\/17\/au-fil-des-pages-avec-un-hiver-chez-bleuet\/un-hiver-chez-bleuet-3\/\" data-orig-file=\"https:\/\/i0.wp.com\/www.jojoenherbe.com\/wp-content\/uploads\/2023\/03\/Un-hiver-chez-Bleuet-3-scaled.jpg?fit=2560%2C1796\" data-orig-size=\"2560,1796\" data-comments-opened=\"1\" data-image-meta=\"{&quot;aperture&quot;:&quot;1.8&quot;,&quot;credit&quot;:&quot;&quot;,&quot;camera&quot;:&quot;iPhone 7&quot;,&quot;caption&quot;:&quot;&quot;,&quot;created_timestamp&quot;:&quot;1680110223&quot;,&quot;copyright&quot;:&quot;&quot;,&quot;focal_length&quot;:&quot;3.99&quot;,&quot;iso&quot;:&quot;64&quot;,&quot;shutter_speed&quot;:&quot;0.058823529411765&quot;,&quot;title&quot;:&quot;&quot;,&quot;orientation&quot;:&quot;1&quot;}\" data-image-title=\"Un hiver chez Bleuet 3\" data-image-description=\"\" data-image-caption=\"\" data-large-file=\"https:\/\/i0.wp.com\/www.jojoenherbe.com\/wp-content\/uploads\/2023\/03\/Un-hiver-chez-Bleuet-3-scaled.jpg?fit=676%2C474\" class=\"alignleft size-thumbnail wp-image-30426\" src=\"https:\/\/i0.wp.com\/www.jojoenherbe.com\/wp-content\/uploads\/2023\/03\/Un-hiver-chez-Bleuet-3.jpg?resize=150%2C150\" alt=\"\" width=\"150\" height=\"150\" srcset=\"https:\/\/i0.wp.com\/www.jojoenherbe.com\/wp-content\/uploads\/2023\/03\/Un-hiver-chez-Bleuet-3-scaled.jpg?resize=150%2C150 150w, https:\/\/i0.wp.com\/www.jojoenherbe.com\/wp-content\/uploads\/2023\/03\/Un-hiver-chez-Bleuet-3-scaled.jpg?zoom=2&amp;resize=150%2C150 300w, https:\/\/i0.wp.com\/www.jojoenherbe.com\/wp-content\/uploads\/2023\/03\/Un-hiver-chez-Bleuet-3-scaled.jpg?zoom=3&amp;resize=150%2C150 450w\" sizes=\"auto, (max-width: 150px) 100vw, 150px\" \/><\/a> <a href=\"https:\/\/i0.wp.com\/www.jojoenherbe.com\/wp-content\/uploads\/2023\/03\/Un-hiver-chez-Bleuet-4-scaled.jpg\"><img data-recalc-dims=\"1\" loading=\"lazy\" decoding=\"async\" data-attachment-id=\"30427\" data-permalink=\"http:\/\/www.jojoenherbe.com\/index.php\/2023\/03\/17\/au-fil-des-pages-avec-un-hiver-chez-bleuet\/un-hiver-chez-bleuet-4\/\" data-orig-file=\"https:\/\/i0.wp.com\/www.jojoenherbe.com\/wp-content\/uploads\/2023\/03\/Un-hiver-chez-Bleuet-4-scaled.jpg?fit=2560%2C1920\" data-orig-size=\"2560,1920\" data-comments-opened=\"1\" data-image-meta=\"{&quot;aperture&quot;:&quot;1.8&quot;,&quot;credit&quot;:&quot;&quot;,&quot;camera&quot;:&quot;iPhone 7&quot;,&quot;caption&quot;:&quot;&quot;,&quot;created_timestamp&quot;:&quot;1680110278&quot;,&quot;copyright&quot;:&quot;&quot;,&quot;focal_length&quot;:&quot;3.99&quot;,&quot;iso&quot;:&quot;50&quot;,&quot;shutter_speed&quot;:&quot;0.058823529411765&quot;,&quot;title&quot;:&quot;&quot;,&quot;orientation&quot;:&quot;1&quot;}\" data-image-title=\"Un hiver chez Bleuet 4\" data-image-description=\"\" data-image-caption=\"\" data-large-file=\"https:\/\/i0.wp.com\/www.jojoenherbe.com\/wp-content\/uploads\/2023\/03\/Un-hiver-chez-Bleuet-4-scaled.jpg?fit=676%2C507\" class=\"alignleft size-thumbnail wp-image-30427\" src=\"https:\/\/i0.wp.com\/www.jojoenherbe.com\/wp-content\/uploads\/2023\/03\/Un-hiver-chez-Bleuet-4.jpg?resize=150%2C150\" alt=\"\" width=\"150\" height=\"150\" srcset=\"https:\/\/i0.wp.com\/www.jojoenherbe.com\/wp-content\/uploads\/2023\/03\/Un-hiver-chez-Bleuet-4-scaled.jpg?resize=150%2C150 150w, https:\/\/i0.wp.com\/www.jojoenherbe.com\/wp-content\/uploads\/2023\/03\/Un-hiver-chez-Bleuet-4-scaled.jpg?zoom=2&amp;resize=150%2C150 300w, https:\/\/i0.wp.com\/www.jojoenherbe.com\/wp-content\/uploads\/2023\/03\/Un-hiver-chez-Bleuet-4-scaled.jpg?zoom=3&amp;resize=150%2C150 450w\" sizes=\"auto, (max-width: 150px) 100vw, 150px\" \/><\/a>Nous avons lu <span style=\"text-decoration: underline;\">Un hiver chez Bleuet<\/span> de Heegyum Kim (\u00e9d. Michi, 2023, 40 pages), un album jeunesse \u00e0 partir de 4 ans et que j&rsquo;ai achet\u00e9 \u00e0 sa parution. En pleins pr\u00e9paratifs pour son hibernation, Bleuet, un ours timide et solitaire se satisfait du confort douillet et rassurant de sa maison, passant ses journ\u00e9es seul \u00e0 lire, \u00e0 dormir ou bien encore \u00e0 boire du th\u00e9 au miel\u2026 Mais lorsqu\u2019il s\u2019aper\u00e7oit qu\u2019il manque de tartes aux myrtilles, il d\u00e9cide \u00e0 contrec\u0153ur et malgr\u00e9 son anxi\u00e9t\u00e9 de se rendre \u00e0 la p\u00e2tisserie la plus proche. Et si cet impr\u00e9vu bouleversait agr\u00e9ablement sa routine?<\/em><\/p>\n<p style=\"text-align: justify;\"><em><a href=\"https:\/\/i0.wp.com\/www.jojoenherbe.com\/wp-content\/uploads\/2023\/03\/Un-hiver-chez-Bleuet-6-scaled.jpg\"><img data-recalc-dims=\"1\" loading=\"lazy\" decoding=\"async\" data-attachment-id=\"30429\" data-permalink=\"http:\/\/www.jojoenherbe.com\/index.php\/2023\/03\/17\/au-fil-des-pages-avec-un-hiver-chez-bleuet\/un-hiver-chez-bleuet-6\/\" data-orig-file=\"https:\/\/i0.wp.com\/www.jojoenherbe.com\/wp-content\/uploads\/2023\/03\/Un-hiver-chez-Bleuet-6-scaled.jpg?fit=1920%2C2560\" data-orig-size=\"1920,2560\" data-comments-opened=\"1\" data-image-meta=\"{&quot;aperture&quot;:&quot;1.8&quot;,&quot;credit&quot;:&quot;&quot;,&quot;camera&quot;:&quot;iPhone 7&quot;,&quot;caption&quot;:&quot;&quot;,&quot;created_timestamp&quot;:&quot;1680110317&quot;,&quot;copyright&quot;:&quot;&quot;,&quot;focal_length&quot;:&quot;3.99&quot;,&quot;iso&quot;:&quot;64&quot;,&quot;shutter_speed&quot;:&quot;0.058823529411765&quot;,&quot;title&quot;:&quot;&quot;,&quot;orientation&quot;:&quot;1&quot;}\" data-image-title=\"Un hiver chez Bleuet 6\" data-image-description=\"\" data-image-caption=\"\" data-large-file=\"https:\/\/i0.wp.com\/www.jojoenherbe.com\/wp-content\/uploads\/2023\/03\/Un-hiver-chez-Bleuet-6-scaled.jpg?fit=676%2C901\" class=\"size-thumbnail wp-image-30429 alignright\" src=\"https:\/\/i0.wp.com\/www.jojoenherbe.com\/wp-content\/uploads\/2023\/03\/Un-hiver-chez-Bleuet-6.jpg?resize=150%2C150\" alt=\"\" width=\"150\" height=\"150\" srcset=\"https:\/\/i0.wp.com\/www.jojoenherbe.com\/wp-content\/uploads\/2023\/03\/Un-hiver-chez-Bleuet-6-scaled.jpg?resize=150%2C150 150w, https:\/\/i0.wp.com\/www.jojoenherbe.com\/wp-content\/uploads\/2023\/03\/Un-hiver-chez-Bleuet-6-scaled.jpg?zoom=2&amp;resize=150%2C150 300w, https:\/\/i0.wp.com\/www.jojoenherbe.com\/wp-content\/uploads\/2023\/03\/Un-hiver-chez-Bleuet-6-scaled.jpg?zoom=3&amp;resize=150%2C150 450w\" sizes=\"auto, (max-width: 150px) 100vw, 150px\" \/><\/a> <a href=\"https:\/\/i0.wp.com\/www.jojoenherbe.com\/wp-content\/uploads\/2023\/03\/Un-hiver-chez-Bleuet-5-scaled.jpg\"><img data-recalc-dims=\"1\" loading=\"lazy\" decoding=\"async\" data-attachment-id=\"30428\" data-permalink=\"http:\/\/www.jojoenherbe.com\/index.php\/2023\/03\/17\/au-fil-des-pages-avec-un-hiver-chez-bleuet\/un-hiver-chez-bleuet-5\/\" data-orig-file=\"https:\/\/i0.wp.com\/www.jojoenherbe.com\/wp-content\/uploads\/2023\/03\/Un-hiver-chez-Bleuet-5-scaled.jpg?fit=2560%2C1752\" data-orig-size=\"2560,1752\" data-comments-opened=\"1\" data-image-meta=\"{&quot;aperture&quot;:&quot;1.8&quot;,&quot;credit&quot;:&quot;&quot;,&quot;camera&quot;:&quot;iPhone 7&quot;,&quot;caption&quot;:&quot;&quot;,&quot;created_timestamp&quot;:&quot;1680110298&quot;,&quot;copyright&quot;:&quot;&quot;,&quot;focal_length&quot;:&quot;3.99&quot;,&quot;iso&quot;:&quot;50&quot;,&quot;shutter_speed&quot;:&quot;0.058823529411765&quot;,&quot;title&quot;:&quot;&quot;,&quot;orientation&quot;:&quot;1&quot;}\" data-image-title=\"Un hiver chez Bleuet 5\" data-image-description=\"\" data-image-caption=\"\" data-large-file=\"https:\/\/i0.wp.com\/www.jojoenherbe.com\/wp-content\/uploads\/2023\/03\/Un-hiver-chez-Bleuet-5-scaled.jpg?fit=676%2C463\" class=\"size-thumbnail wp-image-30428 alignright\" src=\"https:\/\/i0.wp.com\/www.jojoenherbe.com\/wp-content\/uploads\/2023\/03\/Un-hiver-chez-Bleuet-5.jpg?resize=150%2C150\" alt=\"\" width=\"150\" height=\"150\" srcset=\"https:\/\/i0.wp.com\/www.jojoenherbe.com\/wp-content\/uploads\/2023\/03\/Un-hiver-chez-Bleuet-5-scaled.jpg?resize=150%2C150 150w, https:\/\/i0.wp.com\/www.jojoenherbe.com\/wp-content\/uploads\/2023\/03\/Un-hiver-chez-Bleuet-5-scaled.jpg?zoom=2&amp;resize=150%2C150 300w, https:\/\/i0.wp.com\/www.jojoenherbe.com\/wp-content\/uploads\/2023\/03\/Un-hiver-chez-Bleuet-5-scaled.jpg?zoom=3&amp;resize=150%2C150 450w\" sizes=\"auto, (max-width: 150px) 100vw, 150px\" \/><\/a>Il est ainsi question de zone de confort, de peur de l\u2019inconnu et d\u2019aller vers les autres et d\u2019amiti\u00e9. \u00c0 l&rsquo;instar de Bleuet, cet ours bien attachant et tr\u00e8s expressif, il est parfois r\u00e9confortant de rester bien au chaud chez soi en plein hiver mais aussi d&rsquo;oser sortir et s&rsquo;ouvrir aux autres et cr\u00e9er ainsi de belles amiti\u00e9s. On ressent \u00e0 ses c\u00f4t\u00e9s sa timidit\u00e9, son anxi\u00e9t\u00e9 et sa peur puis ses sourires et les plaisirs partag\u00e9s avec ses amis. Les jolies illustrations bleut\u00e9es et crayonn\u00e9es sont douces, r\u00e9confortantes et chaleureuses. Coup de c\u0153ur pour cet album jeunesse cosy, tendre et gourmand \u00e0 lire et relire sans mod\u00e9ration!<\/em><\/p>\n<p style=\"text-align: justify;\"><em>En effet, j&rsquo;ai not\u00e9 de nombreux passages gourmands pour le challenge Des livres (et des \u00e9crans) en cuisine 2023, que ce soit les \u00e9tag\u00e8res de Bleuet remplis de livres de cuisine, ses go\u00fbters avec du th\u00e9 au miel ou les tartes au myrtilles&#8230;<\/em><\/p>\n<div id=\"attachment_22257\" style=\"width: 139px\" class=\"wp-caption alignleft\"><img loading=\"lazy\" decoding=\"async\" aria-describedby=\"caption-attachment-22257\" data-attachment-id=\"22257\" data-permalink=\"http:\/\/www.jojoenherbe.com\/index.php\/2021\/11\/09\/point-lecture-hebdomadaire-14\/les-incorrigibles-enfants-de-la-famille-ashton-t1\/\" data-orig-file=\"https:\/\/i0.wp.com\/www.jojoenherbe.com\/wp-content\/uploads\/2021\/11\/Les-incorrigibles-enfants-de-la-famille-Ashton-T1-scaled.jpg?fit=2560%2C1920\" data-orig-size=\"2560,1920\" data-comments-opened=\"1\" data-image-meta=\"{&quot;aperture&quot;:&quot;1.8&quot;,&quot;credit&quot;:&quot;&quot;,&quot;camera&quot;:&quot;iPhone 7&quot;,&quot;caption&quot;:&quot;&quot;,&quot;created_timestamp&quot;:&quot;1636384349&quot;,&quot;copyright&quot;:&quot;&quot;,&quot;focal_length&quot;:&quot;3.99&quot;,&quot;iso&quot;:&quot;80&quot;,&quot;shutter_speed&quot;:&quot;0.25&quot;,&quot;title&quot;:&quot;&quot;,&quot;orientation&quot;:&quot;1&quot;}\" data-image-title=\"Les incorrigibles enfants de la famille Ashton T1\" data-image-description=\"\" data-image-caption=\"\" data-large-file=\"https:\/\/i0.wp.com\/www.jojoenherbe.com\/wp-content\/uploads\/2021\/11\/Les-incorrigibles-enfants-de-la-famille-Ashton-T1-scaled.jpg?fit=676%2C507\" class=\"wp-image-22257\" src=\"https:\/\/i0.wp.com\/mapetitemediatheque.fr\/wp-content\/uploads\/2023\/01\/LivresCuisines2023b.png?resize=129%2C75&amp;ssl=1\" sizes=\"auto, (max-width: 320px) 100vw, 320px\" srcset=\"https:\/\/i0.wp.com\/mapetitemediatheque.fr\/wp-content\/uploads\/2023\/01\/LivresCuisines2023b.png?resize=129%2C75&amp;ssl=1 320w, https:\/\/mapetitemediatheque.fr\/wp-content\/uploads\/2023\/01\/LivresCuisines2023b-300x174.png 300w\" alt=\"\" width=\"129\" height=\"75\" aria-describedby=\"caption-attachment-22257\" data-attachment-id=\"22257\" data-permalink=\"https:\/\/www.jojoenherbe.com\/index.php\/2021\/11\/09\/point-lecture-hebdomadaire-14\/les-incorrigibles-enfants-de-la-famille-ashton-t1\/\" data-orig-file=\"https:\/\/i0.wp.com\/www.jojoenherbe.com\/wp-content\/uploads\/2021\/11\/Les-incorrigibles-enfants-de-la-famille-Ashton-T1-scaled.jpg?fit=2560%2C1920&amp;ssl=1\" data-orig-size=\"2560,1920\" data-comments-opened=\"1\" data-image-meta=\"{&quot;aperture&quot;:&quot;1.8&quot;,&quot;credit&quot;:&quot;&quot;,&quot;camera&quot;:&quot;iPhone 7&quot;,&quot;caption&quot;:&quot;&quot;,&quot;created_timestamp&quot;:&quot;1636384349&quot;,&quot;copyright&quot;:&quot;&quot;,&quot;focal_length&quot;:&quot;3.99&quot;,&quot;iso&quot;:&quot;80&quot;,&quot;shutter_speed&quot;:&quot;0.25&quot;,&quot;title&quot;:&quot;&quot;,&quot;orientation&quot;:&quot;1&quot;}\" data-image-title=\"Les incorrigibles enfants de la famille Ashton T1\" data-image-description=\"\" data-image-caption=\"\" data-medium-file=\"https:\/\/i0.wp.com\/www.jojoenherbe.com\/wp-content\/uploads\/2021\/11\/Les-incorrigibles-enfants-de-la-famille-Ashton-T1-scaled.jpg?fit=300%2C225&amp;ssl=1\" data-large-file=\"https:\/\/i0.wp.com\/www.jojoenherbe.com\/wp-content\/uploads\/2021\/11\/Les-incorrigibles-enfants-de-la-famille-Ashton-T1-scaled.jpg?fit=676%2C507&amp;ssl=1\" \/><p id=\"caption-attachment-22257\" class=\"wp-caption-text\">Participation #10 Challenge Des livres (et des \u00e9crans) en cuisine 2023 de <a href=\"https:\/\/mapetitemediatheque.fr\/2023\/01\/des-livres-et-des-ecrans-en-cuisine-2023\/\" data-rich-text-format-boundary=\"true\">Bidib<\/a> et <a href=\"http:\/\/croquerlespages.canalblog.com\/archives\/2023\/01\/11\/39767634.html\" data-rich-text-format-boundary=\"true\">Fondant<\/a> #Gourmandises<\/p><\/div>\n<div style=\"width: 127px\" class=\"wp-caption alignleft\"><img loading=\"lazy\" decoding=\"async\" src=\"https:\/\/lh3.googleusercontent.com\/pw\/AL9nZEWED5sOowfaAIivQoSsFwl6hy51lsnek_4EIHIPI8waW2MHjhj6cf1EWilIUD7SnvlDRky5UrFLm6lgTjQT1BDXKA7teG_K1CBqytzzkXj-pFGsHXBy_zmGvKTiD_gxxb6BAz3Fn3Q7E1EJdf1tGnU3MQ=w285-h217-no?authuser=0\" alt=\"\" width=\"117\" height=\"89\" \/><p class=\"wp-caption-text\">Challenge Petit Bac d\u2019<a href=\"https:\/\/ennalit.wordpress.com\/2022\/12\/01\/challenge-petit-bac-2023-qui-veut-jouer\/\" data-rich-text-format-boundary=\"true\">Enna<\/a> #3 Cat\u00e9gorie V\u00e9g\u00e9tal: \u00ab Bleuet \u00bb<\/p><\/div>\n<div id=\"attachment_19954\" style=\"width: 121px\" class=\"wp-caption alignleft\"><img loading=\"lazy\" decoding=\"async\" aria-describedby=\"caption-attachment-19954\" class=\"wp-image-19954\" src=\"https:\/\/i0.wp.com\/mapetitemediatheque.fr\/wp-content\/uploads\/2021\/11\/Inkedle-tour-du-monde-en-80-livres-2_LI.jpg?resize=116%2C87&amp;ssl=1\" sizes=\"auto, (max-width: 500px) 100vw, 500px\" srcset=\"https:\/\/i0.wp.com\/mapetitemediatheque.fr\/wp-content\/uploads\/2021\/11\/Inkedle-tour-du-monde-en-80-livres-2_LI.jpg?resize=116%2C87&amp;ssl=1 500w, https:\/\/mapetitemediatheque.fr\/wp-content\/uploads\/2021\/11\/Inkedle-tour-du-monde-en-80-livres-2_LI-300x226.jpg 300w, https:\/\/mapetitemediatheque.fr\/wp-content\/uploads\/2021\/11\/Inkedle-tour-du-monde-en-80-livres-2_LI-120x90.jpg 120w\" alt=\"\" width=\"111\" height=\"83\" aria-describedby=\"caption-attachment-19954\" \/><p id=\"caption-attachment-19954\" class=\"wp-caption-text\">Participation #16 (Parcours illustr\u00e9) Challenge Le tour du monde en 80 livres 2023 de <a href=\"https:\/\/mapetitemediatheque.fr\/2022\/12\/le-tour-du-monde-en-80-livres-2023\/\" data-rich-text-format-boundary=\"true\">Bidib<\/a> #Cor\u00e9e du Sud<\/p><\/div>\n","protected":false},"excerpt":{"rendered":"<p>Nous avons lu Un hiver chez Bleuet de Heegyum Kim (\u00e9d. Michi, 2023, 40 pages), un album jeunesse \u00e0 partir de 4 ans et que j&rsquo;ai achet\u00e9 \u00e0 sa parution. En pleins pr\u00e9paratifs pour son hibernation, Bleuet, un ours timide et solitaire se satisfait du confort douillet et rassurant de sa maison, passant ses journ\u00e9es [&hellip;]<\/p>\n","protected":false},"author":1,"featured_media":30425,"comment_status":"open","ping_status":"open","sticky":false,"template":"","format":"standard","meta":{"jetpack_post_was_ever_published":false,"_jetpack_newsletter_access":"","_jetpack_dont_email_post_to_subs":false,"_jetpack_newsletter_tier_id":0,"_jetpack_memberships_contains_paywalled_content":false,"_jetpack_memberships_contains_paid_content":false,"footnotes":""},"categories":[363],"tags":[1031,409,386,3565,3519,3522,576,3566,741,365,3525,367,366,613,615,619,1582,3564],"class_list":["post-29327","post","type-post","status-publish","format-standard","has-post-thumbnail","hentry","category-mini-lecteur","tag-4-7-ans","tag-albums-jeunesse","tag-amitie","tag-anxiete","tag-challenge-petit-bac-2023","tag-des-livres-et-des-ecrans-en-cuisine-2023","tag-emotions","tag-heegyum-kim","tag-hibernation","tag-hiver","tag-le-tour-du-monde-en-80-livres-2023","tag-lecture-jeunesse","tag-ours","tag-peur-de-lautre","tag-peur-de-linconnu","tag-solitude","tag-timidite","tag-zone-de-confort","post-preview"],"jetpack_featured_media_url":"https:\/\/i0.wp.com\/www.jojoenherbe.com\/wp-content\/uploads\/2023\/03\/Un-hiver-chez-Bleuet-2-scaled.jpg?fit=2560%2C2482","jetpack_sharing_enabled":true,"jetpack_shortlink":"https:\/\/wp.me\/p9zhGx-7D1","jetpack_likes_enabled":true,"jetpack-related-posts":[{"id":37431,"url":"http:\/\/www.jojoenherbe.com\/index.php\/2024\/12\/05\/throwback-thursday-livresque-couverture-avec-de-la-neige\/","url_meta":{"origin":29327,"position":0},"title":"Throwback Thursday Livresque: Couverture avec de la neige","author":"Jojo","date":"5 d\u00e9cembre 2024","format":false,"excerpt":"Ce jeudi 5 d\u00e9cembre 2024, je participe au Throwback Thursday Livresque, un rendez-vous livresque initialement chez Bettie Rose Books et repris depuis par Carole, les liens \u00e9tant \u00e0 d\u00e9poser chez My-Bo0ks. Le principe est de partager chaque jeudi un livre en fonction d\u2019un th\u00e8me donn\u00e9. Cette semaine, le th\u00e8me est\u2026","rel":"","context":"Dans &quot;Mini challenger&quot;","block_context":{"text":"Mini challenger","link":"http:\/\/www.jojoenherbe.com\/index.php\/category\/mini-challenger\/"},"img":{"alt_text":"","src":"https:\/\/i0.wp.com\/www.jojoenherbe.com\/wp-content\/uploads\/2023\/10\/TTL-logo.jpg?resize=350%2C200","width":350,"height":200},"classes":[]},{"id":29274,"url":"http:\/\/www.jojoenherbe.com\/index.php\/2023\/01\/23\/point-lecture-hebdomadaire-2023-3\/","url_meta":{"origin":29327,"position":1},"title":"Point lecture hebdomadaire 2023 #3","author":"Jojo","date":"23 janvier 2023","format":false,"excerpt":"En ce d\u00e9but de semaine, voici notre point lecture hebdomadaire avec un retour sur nos lectures de la semaine derni\u00e8re (mais pas nos relectures). Nos lectures du 16 au 22 janvier 2023: Des lectures jeunesse: (Album jeunesse) J'aurais voulu d'Olivier Tallec Apr\u00e8s C'est mon arbre et Un peu beaucoup, nous\u2026","rel":"","context":"Dans &quot;Mini lecteur&quot;","block_context":{"text":"Mini lecteur","link":"http:\/\/www.jojoenherbe.com\/index.php\/category\/mini-lecteur\/"},"img":{"alt_text":"","src":"https:\/\/i0.wp.com\/www.jojoenherbe.com\/wp-content\/uploads\/2023\/01\/Point-lecture-hebdomadaire-2023-3-scaled.jpg?fit=1200%2C568&resize=350%2C200","width":350,"height":200,"srcset":"https:\/\/i0.wp.com\/www.jojoenherbe.com\/wp-content\/uploads\/2023\/01\/Point-lecture-hebdomadaire-2023-3-scaled.jpg?fit=1200%2C568&resize=350%2C200 1x, https:\/\/i0.wp.com\/www.jojoenherbe.com\/wp-content\/uploads\/2023\/01\/Point-lecture-hebdomadaire-2023-3-scaled.jpg?fit=1200%2C568&resize=525%2C300 1.5x, https:\/\/i0.wp.com\/www.jojoenherbe.com\/wp-content\/uploads\/2023\/01\/Point-lecture-hebdomadaire-2023-3-scaled.jpg?fit=1200%2C568&resize=700%2C400 2x, https:\/\/i0.wp.com\/www.jojoenherbe.com\/wp-content\/uploads\/2023\/01\/Point-lecture-hebdomadaire-2023-3-scaled.jpg?fit=1200%2C568&resize=1050%2C600 3x"},"classes":[]},{"id":29554,"url":"http:\/\/www.jojoenherbe.com\/index.php\/2023\/02\/01\/bilan-livresque-janvier-2023\/","url_meta":{"origin":29327,"position":2},"title":"Bilan de lecture: janvier 2023","author":"Jojo","date":"1 f\u00e9vrier 2023","format":false,"excerpt":"C\u2019est le premier du mois alors voici un petit retour bloguesque sur janvier 2023 qui a d\u00e9marr\u00e9 avec des marathons de lecture et de nombreuses (re)lectures no\u00eblesques et hivernales ainsi que la remise \u00e0 z\u00e9ro des challenges livresques qui auront lieu tout au long de l\u2019ann\u00e9e 2023 et auxquels je\u2026","rel":"","context":"Dans &quot;Mini blogueur&quot;","block_context":{"text":"Mini blogueur","link":"http:\/\/www.jojoenherbe.com\/index.php\/category\/mini-blogueur\/"},"img":{"alt_text":"","src":"https:\/\/i0.wp.com\/www.jojoenherbe.com\/wp-content\/uploads\/2023\/01\/Selection-Janvier-2023-scaled.jpg?fit=1200%2C878&resize=350%2C200","width":350,"height":200,"srcset":"https:\/\/i0.wp.com\/www.jojoenherbe.com\/wp-content\/uploads\/2023\/01\/Selection-Janvier-2023-scaled.jpg?fit=1200%2C878&resize=350%2C200 1x, https:\/\/i0.wp.com\/www.jojoenherbe.com\/wp-content\/uploads\/2023\/01\/Selection-Janvier-2023-scaled.jpg?fit=1200%2C878&resize=525%2C300 1.5x, https:\/\/i0.wp.com\/www.jojoenherbe.com\/wp-content\/uploads\/2023\/01\/Selection-Janvier-2023-scaled.jpg?fit=1200%2C878&resize=700%2C400 2x, https:\/\/i0.wp.com\/www.jojoenherbe.com\/wp-content\/uploads\/2023\/01\/Selection-Janvier-2023-scaled.jpg?fit=1200%2C878&resize=1050%2C600 3x"},"classes":[]},{"id":29647,"url":"http:\/\/www.jojoenherbe.com\/index.php\/2023\/02\/07\/au-fil-des-pages-avec-lecureuil-et-la-premiere-neige\/","url_meta":{"origin":29327,"position":3},"title":"Au fil des pages avec L&rsquo;\u00e9cureuil et la premi\u00e8re neige","author":"Jojo","date":"7 f\u00e9vrier 2023","format":false,"excerpt":"Apr\u00e8s avoir lu l'ann\u00e9e derni\u00e8re L\u2019\u00e9cureuil et la lune, nous avons lu en janvier L'\u00e9cureuil et la premi\u00e8re neige de Sebastian Meschenmoser (\u00e9d. Minedition, 2009), un album jeunesse \u00e0 partir de 3\/4 ans et joliment illustr\u00e9. Dans cette histoire, l'\u00e9cureuil est bien d\u00e9cid\u00e9 \u00e0 retarder l'heure d'hiberner et a h\u00e2te\u2026","rel":"","context":"Dans &quot;Mini lecteur&quot;","block_context":{"text":"Mini lecteur","link":"http:\/\/www.jojoenherbe.com\/index.php\/category\/mini-lecteur\/"},"img":{"alt_text":"","src":"https:\/\/i0.wp.com\/www.jojoenherbe.com\/wp-content\/uploads\/2023\/01\/Lecureuil-et-la-premiere-neige-scaled.jpg?fit=1200%2C1047&resize=350%2C200","width":350,"height":200,"srcset":"https:\/\/i0.wp.com\/www.jojoenherbe.com\/wp-content\/uploads\/2023\/01\/Lecureuil-et-la-premiere-neige-scaled.jpg?fit=1200%2C1047&resize=350%2C200 1x, https:\/\/i0.wp.com\/www.jojoenherbe.com\/wp-content\/uploads\/2023\/01\/Lecureuil-et-la-premiere-neige-scaled.jpg?fit=1200%2C1047&resize=525%2C300 1.5x, https:\/\/i0.wp.com\/www.jojoenherbe.com\/wp-content\/uploads\/2023\/01\/Lecureuil-et-la-premiere-neige-scaled.jpg?fit=1200%2C1047&resize=700%2C400 2x, https:\/\/i0.wp.com\/www.jojoenherbe.com\/wp-content\/uploads\/2023\/01\/Lecureuil-et-la-premiere-neige-scaled.jpg?fit=1200%2C1047&resize=1050%2C600 3x"},"classes":[]},{"id":8557,"url":"http:\/\/www.jojoenherbe.com\/index.php\/2019\/11\/23\/au-fil-des-pages-avec-labri\/","url_meta":{"origin":29327,"position":4},"title":"Au fil des pages avec L&rsquo;abri","author":"Jojo","date":"23 novembre 2019","format":false,"excerpt":"Avec ces derniers jours aussi froids et pluvieux qu'en hiver, nous empruntons \u00e0 la biblioth\u00e8que L'abri de C\u00e9line Claire et Qin Leng (\u00e9d. Bayard Jeunesse, 2018), un album jeunesse \u00e0 partir de 3 ans. Un jour de temp\u00eate, les animaux de la for\u00eat se pr\u00e9parent \u00e0 l'affronter en pr\u00e9parant en\u2026","rel":"","context":"Dans &quot;Mini lecteur&quot;","block_context":{"text":"Mini lecteur","link":"http:\/\/www.jojoenherbe.com\/index.php\/category\/mini-lecteur\/"},"img":{"alt_text":"","src":"https:\/\/i0.wp.com\/www.jojoenherbe.com\/wp-content\/uploads\/2019\/11\/Labri.jpg?fit=1200%2C1032&resize=350%2C200","width":350,"height":200,"srcset":"https:\/\/i0.wp.com\/www.jojoenherbe.com\/wp-content\/uploads\/2019\/11\/Labri.jpg?fit=1200%2C1032&resize=350%2C200 1x, https:\/\/i0.wp.com\/www.jojoenherbe.com\/wp-content\/uploads\/2019\/11\/Labri.jpg?fit=1200%2C1032&resize=525%2C300 1.5x, https:\/\/i0.wp.com\/www.jojoenherbe.com\/wp-content\/uploads\/2019\/11\/Labri.jpg?fit=1200%2C1032&resize=700%2C400 2x, https:\/\/i0.wp.com\/www.jojoenherbe.com\/wp-content\/uploads\/2019\/11\/Labri.jpg?fit=1200%2C1032&resize=1050%2C600 3x"},"classes":[]},{"id":15151,"url":"http:\/\/www.jojoenherbe.com\/index.php\/2021\/01\/18\/au-fil-des-pages-avec-un-gouter-en-foret\/","url_meta":{"origin":29327,"position":5},"title":"Au fil des pages avec Un go\u00fbter en for\u00eat","author":"Jojo","date":"18 janvier 2021","format":false,"excerpt":"Nous empruntons \u00e0 la m\u00e9diath\u00e8que Un go\u00fbter en for\u00eat d'Akiko Miyakoshi (\u00e9d. Syros, 2011), un album jeunesse \u00e0 partir 4 ans et qui a fait partie de la s\u00e9lection CP du 25\u00e8me Prix des Incos en 2014. Son p\u00e8re ayant oubli\u00e9 le g\u00e2teau pr\u00e9vu pour sa grand-m\u00e8re, Akiko d\u00e9cide de\u2026","rel":"","context":"Dans &quot;Mini lecteur&quot;","block_context":{"text":"Mini lecteur","link":"http:\/\/www.jojoenherbe.com\/index.php\/category\/mini-lecteur\/"},"img":{"alt_text":"","src":"https:\/\/i0.wp.com\/www.jojoenherbe.com\/wp-content\/uploads\/2021\/01\/Un-gouter-en-foret-2-scaled.jpg?fit=1200%2C900&resize=350%2C200","width":350,"height":200,"srcset":"https:\/\/i0.wp.com\/www.jojoenherbe.com\/wp-content\/uploads\/2021\/01\/Un-gouter-en-foret-2-scaled.jpg?fit=1200%2C900&resize=350%2C200 1x, https:\/\/i0.wp.com\/www.jojoenherbe.com\/wp-content\/uploads\/2021\/01\/Un-gouter-en-foret-2-scaled.jpg?fit=1200%2C900&resize=525%2C300 1.5x, https:\/\/i0.wp.com\/www.jojoenherbe.com\/wp-content\/uploads\/2021\/01\/Un-gouter-en-foret-2-scaled.jpg?fit=1200%2C900&resize=700%2C400 2x, https:\/\/i0.wp.com\/www.jojoenherbe.com\/wp-content\/uploads\/2021\/01\/Un-gouter-en-foret-2-scaled.jpg?fit=1200%2C900&resize=1050%2C600 3x"},"classes":[]}],"_links":{"self":[{"href":"http:\/\/www.jojoenherbe.com\/index.php\/wp-json\/wp\/v2\/posts\/29327","targetHints":{"allow":["GET"]}}],"collection":[{"href":"http:\/\/www.jojoenherbe.com\/index.php\/wp-json\/wp\/v2\/posts"}],"about":[{"href":"http:\/\/www.jojoenherbe.com\/index.php\/wp-json\/wp\/v2\/types\/post"}],"author":[{"embeddable":true,"href":"http:\/\/www.jojoenherbe.com\/index.php\/wp-json\/wp\/v2\/users\/1"}],"replies":[{"embeddable":true,"href":"http:\/\/www.jojoenherbe.com\/index.php\/wp-json\/wp\/v2\/comments?post=29327"}],"version-history":[{"count":12,"href":"http:\/\/www.jojoenherbe.com\/index.php\/wp-json\/wp\/v2\/posts\/29327\/revisions"}],"predecessor-version":[{"id":30435,"href":"http:\/\/www.jojoenherbe.com\/index.php\/wp-json\/wp\/v2\/posts\/29327\/revisions\/30435"}],"wp:featuredmedia":[{"embeddable":true,"href":"http:\/\/www.jojoenherbe.com\/index.php\/wp-json\/wp\/v2\/media\/30425"}],"wp:attachment":[{"href":"http:\/\/www.jojoenherbe.com\/index.php\/wp-json\/wp\/v2\/media?parent=29327"}],"wp:term":[{"taxonomy":"category","embeddable":true,"href":"http:\/\/www.jojoenherbe.com\/index.php\/wp-json\/wp\/v2\/categories?post=29327"},{"taxonomy":"post_tag","embeddable":true,"href":"http:\/\/www.jojoenherbe.com\/index.php\/wp-json\/wp\/v2\/tags?post=29327"}],"curies":[{"name":"wp","href":"https:\/\/api.w.org\/{rel}","templated":true}]}}