{"id":29309,"date":"2023-01-22T15:59:03","date_gmt":"2023-01-22T14:59:03","guid":{"rendered":"https:\/\/www.jojoenherbe.com\/?p=29309"},"modified":"2023-01-22T15:59:03","modified_gmt":"2023-01-22T14:59:03","slug":"au-fil-des-pages-avec-un-amour-de-petite-soeur","status":"publish","type":"post","link":"http:\/\/www.jojoenherbe.com\/index.php\/2023\/01\/22\/au-fil-des-pages-avec-un-amour-de-petite-soeur\/","title":{"rendered":"Au fil des pages avec Un amour de petite s\u0153ur"},"content":{"rendered":"<p style=\"text-align: justify;\"><em><a href=\"https:\/\/i0.wp.com\/www.jojoenherbe.com\/wp-content\/uploads\/2023\/01\/Un-amour-de-petite-soeur-3-scaled.jpg\"><img data-recalc-dims=\"1\" loading=\"lazy\" decoding=\"async\" data-attachment-id=\"29311\" data-permalink=\"http:\/\/www.jojoenherbe.com\/index.php\/2023\/01\/22\/au-fil-des-pages-avec-un-amour-de-petite-soeur\/un-amour-de-petite-soeur-3\/\" data-orig-file=\"https:\/\/i0.wp.com\/www.jojoenherbe.com\/wp-content\/uploads\/2023\/01\/Un-amour-de-petite-soeur-3-scaled.jpg?fit=2560%2C1830\" data-orig-size=\"2560,1830\" data-comments-opened=\"1\" data-image-meta=\"{&quot;aperture&quot;:&quot;1.8&quot;,&quot;credit&quot;:&quot;&quot;,&quot;camera&quot;:&quot;iPhone 7&quot;,&quot;caption&quot;:&quot;&quot;,&quot;created_timestamp&quot;:&quot;1673346744&quot;,&quot;copyright&quot;:&quot;&quot;,&quot;focal_length&quot;:&quot;3.99&quot;,&quot;iso&quot;:&quot;80&quot;,&quot;shutter_speed&quot;:&quot;0.058823529411765&quot;,&quot;title&quot;:&quot;&quot;,&quot;orientation&quot;:&quot;1&quot;}\" data-image-title=\"Un amour de petite soeur 3\" data-image-description=\"\" data-image-caption=\"\" data-large-file=\"https:\/\/i0.wp.com\/www.jojoenherbe.com\/wp-content\/uploads\/2023\/01\/Un-amour-de-petite-soeur-3-scaled.jpg?fit=676%2C483\" class=\"alignleft size-thumbnail wp-image-29311\" src=\"https:\/\/i0.wp.com\/www.jojoenherbe.com\/wp-content\/uploads\/2023\/01\/Un-amour-de-petite-soeur-3.jpg?resize=150%2C150\" alt=\"\" width=\"150\" height=\"150\" srcset=\"https:\/\/i0.wp.com\/www.jojoenherbe.com\/wp-content\/uploads\/2023\/01\/Un-amour-de-petite-soeur-3-scaled.jpg?resize=150%2C150 150w, https:\/\/i0.wp.com\/www.jojoenherbe.com\/wp-content\/uploads\/2023\/01\/Un-amour-de-petite-soeur-3-scaled.jpg?zoom=2&amp;resize=150%2C150 300w, https:\/\/i0.wp.com\/www.jojoenherbe.com\/wp-content\/uploads\/2023\/01\/Un-amour-de-petite-soeur-3-scaled.jpg?zoom=3&amp;resize=150%2C150 450w\" sizes=\"auto, (max-width: 150px) 100vw, 150px\" \/><\/a> <a href=\"https:\/\/i0.wp.com\/www.jojoenherbe.com\/wp-content\/uploads\/2023\/01\/Un-amour-de-petite-soeur-4-scaled.jpg\"><img data-recalc-dims=\"1\" loading=\"lazy\" decoding=\"async\" data-attachment-id=\"29312\" data-permalink=\"http:\/\/www.jojoenherbe.com\/index.php\/2023\/01\/22\/au-fil-des-pages-avec-un-amour-de-petite-soeur\/un-amour-de-petite-soeur-4\/\" data-orig-file=\"https:\/\/i0.wp.com\/www.jojoenherbe.com\/wp-content\/uploads\/2023\/01\/Un-amour-de-petite-soeur-4-scaled.jpg?fit=2560%2C1874\" data-orig-size=\"2560,1874\" data-comments-opened=\"1\" data-image-meta=\"{&quot;aperture&quot;:&quot;1.8&quot;,&quot;credit&quot;:&quot;&quot;,&quot;camera&quot;:&quot;iPhone 7&quot;,&quot;caption&quot;:&quot;&quot;,&quot;created_timestamp&quot;:&quot;1673346761&quot;,&quot;copyright&quot;:&quot;&quot;,&quot;focal_length&quot;:&quot;3.99&quot;,&quot;iso&quot;:&quot;80&quot;,&quot;shutter_speed&quot;:&quot;0.058823529411765&quot;,&quot;title&quot;:&quot;&quot;,&quot;orientation&quot;:&quot;1&quot;}\" data-image-title=\"Un amour de petite soeur 4\" data-image-description=\"\" data-image-caption=\"\" data-large-file=\"https:\/\/i0.wp.com\/www.jojoenherbe.com\/wp-content\/uploads\/2023\/01\/Un-amour-de-petite-soeur-4-scaled.jpg?fit=676%2C494\" class=\"alignleft size-thumbnail wp-image-29312\" src=\"https:\/\/i0.wp.com\/www.jojoenherbe.com\/wp-content\/uploads\/2023\/01\/Un-amour-de-petite-soeur-4.jpg?resize=150%2C150\" alt=\"\" width=\"150\" height=\"150\" srcset=\"https:\/\/i0.wp.com\/www.jojoenherbe.com\/wp-content\/uploads\/2023\/01\/Un-amour-de-petite-soeur-4-scaled.jpg?resize=150%2C150 150w, https:\/\/i0.wp.com\/www.jojoenherbe.com\/wp-content\/uploads\/2023\/01\/Un-amour-de-petite-soeur-4-scaled.jpg?zoom=2&amp;resize=150%2C150 300w, https:\/\/i0.wp.com\/www.jojoenherbe.com\/wp-content\/uploads\/2023\/01\/Un-amour-de-petite-soeur-4-scaled.jpg?zoom=3&amp;resize=150%2C150 450w\" sizes=\"auto, (max-width: 150px) 100vw, 150px\" \/><\/a>Pendant les vacances de No\u00ebl, nous avons lu <span style=\"text-decoration: underline;\">Un amour de petite s\u0153ur<\/span> de Jean-Baptiste Baronian et Noris Kern (\u00e9d. Gallimard Jeunesse, 2005), un album jeunesse \u00e0 partir de 3 ans. En pleine hibernation, Valentine se r\u00e9veille pour poursuivre un oiseau, son grand fr\u00e8re Polo veillant sur elle. En chemin, ils rencontrent des pingouins qui les invitent \u00e0 une partie de p\u00eache sur la banquise.<br \/>\n<\/em><\/p>\n<p style=\"text-align: justify;\"><em><a href=\"https:\/\/i0.wp.com\/www.jojoenherbe.com\/wp-content\/uploads\/2023\/01\/Un-amour-de-petite-soeur-5-scaled.jpg\"><img data-recalc-dims=\"1\" loading=\"lazy\" decoding=\"async\" data-attachment-id=\"29313\" data-permalink=\"http:\/\/www.jojoenherbe.com\/index.php\/2023\/01\/22\/au-fil-des-pages-avec-un-amour-de-petite-soeur\/un-amour-de-petite-soeur-5\/\" data-orig-file=\"https:\/\/i0.wp.com\/www.jojoenherbe.com\/wp-content\/uploads\/2023\/01\/Un-amour-de-petite-soeur-5-scaled.jpg?fit=2560%2C2116\" data-orig-size=\"2560,2116\" data-comments-opened=\"1\" data-image-meta=\"{&quot;aperture&quot;:&quot;1.8&quot;,&quot;credit&quot;:&quot;&quot;,&quot;camera&quot;:&quot;iPhone 7&quot;,&quot;caption&quot;:&quot;&quot;,&quot;created_timestamp&quot;:&quot;1673346772&quot;,&quot;copyright&quot;:&quot;&quot;,&quot;focal_length&quot;:&quot;3.99&quot;,&quot;iso&quot;:&quot;50&quot;,&quot;shutter_speed&quot;:&quot;0.058823529411765&quot;,&quot;title&quot;:&quot;&quot;,&quot;orientation&quot;:&quot;1&quot;}\" data-image-title=\"Un amour de petite soeur 5\" data-image-description=\"\" data-image-caption=\"\" data-large-file=\"https:\/\/i0.wp.com\/www.jojoenherbe.com\/wp-content\/uploads\/2023\/01\/Un-amour-de-petite-soeur-5-scaled.jpg?fit=676%2C558\" class=\"size-thumbnail wp-image-29313 alignright\" src=\"https:\/\/i0.wp.com\/www.jojoenherbe.com\/wp-content\/uploads\/2023\/01\/Un-amour-de-petite-soeur-5.jpg?resize=150%2C150\" alt=\"\" width=\"150\" height=\"150\" srcset=\"https:\/\/i0.wp.com\/www.jojoenherbe.com\/wp-content\/uploads\/2023\/01\/Un-amour-de-petite-soeur-5-scaled.jpg?resize=150%2C150 150w, https:\/\/i0.wp.com\/www.jojoenherbe.com\/wp-content\/uploads\/2023\/01\/Un-amour-de-petite-soeur-5-scaled.jpg?zoom=2&amp;resize=150%2C150 300w, https:\/\/i0.wp.com\/www.jojoenherbe.com\/wp-content\/uploads\/2023\/01\/Un-amour-de-petite-soeur-5-scaled.jpg?zoom=3&amp;resize=150%2C150 450w\" sizes=\"auto, (max-width: 150px) 100vw, 150px\" \/><\/a>Il est question de complicit\u00e9 entre fr\u00e8re et s\u0153ur et d&rsquo;amiti\u00e9. Intr\u00e9pide, la jeune ourse polaire ne fait pas attention aux dangers. Heureusement, elle peut compter sur son fr\u00e8re et les pingouins (ou plus exactement les manchots empereurs). Un bon moment de lecture avec cet album jeunesse joliment illustr\u00e9 et tout mignon!<\/em><\/p>\n<div id=\"attachment_19954\" style=\"width: 129px\" class=\"wp-caption aligncenter\"><img loading=\"lazy\" decoding=\"async\" aria-describedby=\"caption-attachment-19954\" class=\"wp-image-19954\" src=\"https:\/\/i0.wp.com\/mapetitemediatheque.fr\/wp-content\/uploads\/2021\/11\/Inkedle-tour-du-monde-en-80-livres-2_LI.jpg?resize=104%2C78&amp;ssl=1\" sizes=\"auto, (max-width: 500px) 100vw, 500px\" srcset=\"https:\/\/i0.wp.com\/mapetitemediatheque.fr\/wp-content\/uploads\/2021\/11\/Inkedle-tour-du-monde-en-80-livres-2_LI.jpg?resize=104%2C78&amp;ssl=1 500w, https:\/\/mapetitemediatheque.fr\/wp-content\/uploads\/2021\/11\/Inkedle-tour-du-monde-en-80-livres-2_LI-300x226.jpg 300w, https:\/\/mapetitemediatheque.fr\/wp-content\/uploads\/2021\/11\/Inkedle-tour-du-monde-en-80-livres-2_LI-120x90.jpg 120w\" alt=\"\" width=\"119\" height=\"90\" aria-describedby=\"caption-attachment-19954\" data-recalc-dims=\"1\" \/><p id=\"caption-attachment-19954\" class=\"wp-caption-text\">Participation #3 (Parcours illustr\u00e9) Challenge Le tour du monde en 80 livres 2023 de <a href=\"https:\/\/mapetitemediatheque.fr\/2022\/12\/le-tour-du-monde-en-80-livres-2023\/\">Bidib<\/a> #Belgique (auteur) et Br\u00e9sil (illustratrice)<\/p><\/div>\n","protected":false},"excerpt":{"rendered":"<p>Pendant les vacances de No\u00ebl, nous avons lu Un amour de petite s\u0153ur de Jean-Baptiste Baronian et Noris Kern (\u00e9d. Gallimard Jeunesse, 2005), un album jeunesse \u00e0 partir de 3 ans. En pleine hibernation, Valentine se r\u00e9veille pour poursuivre un oiseau, son grand fr\u00e8re Polo veillant sur elle. En chemin, ils rencontrent des pingouins qui [&hellip;]<\/p>\n","protected":false},"author":1,"featured_media":29314,"comment_status":"open","ping_status":"open","sticky":false,"template":"","format":"standard","meta":{"jetpack_post_was_ever_published":false,"_jetpack_newsletter_access":"","_jetpack_dont_email_post_to_subs":false,"_jetpack_newsletter_tier_id":0,"_jetpack_memberships_contains_paywalled_content":false,"_jetpack_memberships_contains_paid_content":false,"footnotes":""},"categories":[363],"tags":[785,409,386,898,601,387,868,459,811,3560,3525,367,1016,520,369,3561,823,1576,235,2301,346,3562],"class_list":["post-29309","post","type-post","status-publish","format-standard","has-post-thumbnail","hentry","category-mini-lecteur","tag-3-6-ans","tag-albums-jeunesse","tag-amitie","tag-animaux-de-la-banquise","tag-aventure","tag-banquise","tag-enfance","tag-famille","tag-fratrie","tag-jean-baptiste-baronian","tag-le-tour-du-monde-en-80-livres-2023","tag-lecture-jeunesse","tag-lectures-dhiver","tag-manchot-empereur","tag-neige","tag-noris-kern","tag-ours-blanc","tag-ours-polaire","tag-peche","tag-phoque","tag-pingouin","tag-relation-frere-soeur","post-preview"],"jetpack_featured_media_url":"https:\/\/i0.wp.com\/www.jojoenherbe.com\/wp-content\/uploads\/2023\/01\/Un-amour-de-petite-soeur-scaled.jpg?fit=2560%2C1928","jetpack_sharing_enabled":true,"jetpack_shortlink":"https:\/\/wp.me\/p9zhGx-7CJ","jetpack_likes_enabled":true,"jetpack-related-posts":[{"id":7956,"url":"http:\/\/www.jojoenherbe.com\/index.php\/2019\/10\/10\/au-fil-des-pages-avec-alors-ca-mord\/","url_meta":{"origin":29309,"position":0},"title":"Au fil des pages avec Alors, \u00e7a mord?","author":"Jojo","date":"10 octobre 2019","format":false,"excerpt":"Nous empruntons \u00e0 la biblioth\u00e8que Alors, \u00e7a mord? de Jean Gourounas (\u00e9d. L'atelier du poisson soluble, 2016), un album jeunesse \u00e0 partir de 3 ans totalement loufoque, surr\u00e9aliste et qui n'est surtout pas un manuel de p\u00eache. Il fait d'ailleurs partie d'une s\u00e9rie avec les m\u00eames personnages: Elle est bonne?\u2026","rel":"","context":"Dans &quot;Mini lecteur&quot;","block_context":{"text":"Mini lecteur","link":"http:\/\/www.jojoenherbe.com\/index.php\/category\/mini-lecteur\/"},"img":{"alt_text":"","src":"https:\/\/i0.wp.com\/www.jojoenherbe.com\/wp-content\/uploads\/2019\/10\/Alors-ca-mord-scaled.jpg?fit=1200%2C900&resize=350%2C200","width":350,"height":200,"srcset":"https:\/\/i0.wp.com\/www.jojoenherbe.com\/wp-content\/uploads\/2019\/10\/Alors-ca-mord-scaled.jpg?fit=1200%2C900&resize=350%2C200 1x, https:\/\/i0.wp.com\/www.jojoenherbe.com\/wp-content\/uploads\/2019\/10\/Alors-ca-mord-scaled.jpg?fit=1200%2C900&resize=525%2C300 1.5x, https:\/\/i0.wp.com\/www.jojoenherbe.com\/wp-content\/uploads\/2019\/10\/Alors-ca-mord-scaled.jpg?fit=1200%2C900&resize=700%2C400 2x, https:\/\/i0.wp.com\/www.jojoenherbe.com\/wp-content\/uploads\/2019\/10\/Alors-ca-mord-scaled.jpg?fit=1200%2C900&resize=1050%2C600 3x"},"classes":[]},{"id":23884,"url":"http:\/\/www.jojoenherbe.com\/index.php\/2022\/02\/04\/au-fil-des-pages-avec-kiki-fait-des-crepes\/","url_meta":{"origin":29309,"position":1},"title":"Au fil des pages avec Kiki fait des cr\u00eapes","author":"Jojo","date":"4 f\u00e9vrier 2022","format":false,"excerpt":"Dans la s\u00e9rie livresque Kiki, King de la banquise, nous relisons cette ann\u00e9e pour la chandeleur Kiki fait des cr\u00eapes de Vincent Malone et Jean-Louis Cornalba (\u00e9d. Seuil Jeunesse, 2015), un album jeunesse \u00e0 partir de 3\/4 ans. Kiki organise une cr\u00eape party chez lui et a invit\u00e9 ses camarades\u2026","rel":"","context":"Dans &quot;Mini lecteur&quot;","block_context":{"text":"Mini lecteur","link":"http:\/\/www.jojoenherbe.com\/index.php\/category\/mini-lecteur\/"},"img":{"alt_text":"","src":"https:\/\/i0.wp.com\/www.jojoenherbe.com\/wp-content\/uploads\/2022\/02\/Kiki-fait-des-crepes-scaled.jpg?fit=1200%2C911&resize=350%2C200","width":350,"height":200,"srcset":"https:\/\/i0.wp.com\/www.jojoenherbe.com\/wp-content\/uploads\/2022\/02\/Kiki-fait-des-crepes-scaled.jpg?fit=1200%2C911&resize=350%2C200 1x, https:\/\/i0.wp.com\/www.jojoenherbe.com\/wp-content\/uploads\/2022\/02\/Kiki-fait-des-crepes-scaled.jpg?fit=1200%2C911&resize=525%2C300 1.5x, https:\/\/i0.wp.com\/www.jojoenherbe.com\/wp-content\/uploads\/2022\/02\/Kiki-fait-des-crepes-scaled.jpg?fit=1200%2C911&resize=700%2C400 2x, https:\/\/i0.wp.com\/www.jojoenherbe.com\/wp-content\/uploads\/2022\/02\/Kiki-fait-des-crepes-scaled.jpg?fit=1200%2C911&resize=1050%2C600 3x"},"classes":[]},{"id":5369,"url":"http:\/\/www.jojoenherbe.com\/index.php\/2019\/04\/02\/au-fil-des-pages-avec-banquise-blues\/","url_meta":{"origin":29309,"position":2},"title":"Au fil des pages avec Banquise blues","author":"Jojo","date":"2 avril 2019","format":false,"excerpt":"Un vrai petit r\u00e9gal que Banquise Blues de Jory John et Lane Smith (\u00e9d. Gallimard Jeunesse, 2018), un album jeunesse \u00e0 partir de 3 ans et qui a fait partie de la s\u00e9lection CP du 31e Prix des Incos en 2020. Nous lisons cet album jeunesse avec beaucoup de rire\u2026","rel":"","context":"Dans &quot;Mini lecteur&quot;","block_context":{"text":"Mini lecteur","link":"http:\/\/www.jojoenherbe.com\/index.php\/category\/mini-lecteur\/"},"img":{"alt_text":"","src":"https:\/\/i0.wp.com\/www.jojoenherbe.com\/wp-content\/uploads\/2019\/04\/Banquise-Blues-1-scaled.jpg?fit=1200%2C900&resize=350%2C200","width":350,"height":200,"srcset":"https:\/\/i0.wp.com\/www.jojoenherbe.com\/wp-content\/uploads\/2019\/04\/Banquise-Blues-1-scaled.jpg?fit=1200%2C900&resize=350%2C200 1x, https:\/\/i0.wp.com\/www.jojoenherbe.com\/wp-content\/uploads\/2019\/04\/Banquise-Blues-1-scaled.jpg?fit=1200%2C900&resize=525%2C300 1.5x, https:\/\/i0.wp.com\/www.jojoenherbe.com\/wp-content\/uploads\/2019\/04\/Banquise-Blues-1-scaled.jpg?fit=1200%2C900&resize=700%2C400 2x, https:\/\/i0.wp.com\/www.jojoenherbe.com\/wp-content\/uploads\/2019\/04\/Banquise-Blues-1-scaled.jpg?fit=1200%2C900&resize=1050%2C600 3x"},"classes":[]},{"id":11340,"url":"http:\/\/www.jojoenherbe.com\/index.php\/2020\/06\/25\/au-fil-des-pages-avec-un-jour-dete\/","url_meta":{"origin":29309,"position":3},"title":"Au fil des pages avec Un jour d&rsquo;\u00e9t\u00e9","author":"Jojo","date":"25 juin 2020","format":false,"excerpt":"Nous empruntons \u00e0 la m\u00e9diath\u00e8que Un jour d'\u00e9t\u00e9 de HeyJin Go (\u00e9d. Maison Eliza, 2019), un album jeunesse \u00e0 partir de 2 ans. Par un jour d'\u00e9t\u00e9, des ours blancs sont \u00e9puis\u00e9s par la chaleur assommante. Ils se jettent \u00e0 l'eau pour se rafra\u00eechir. D\u00e9bute alors une \u00e9trange danse jusqu'\u00e0\u2026","rel":"","context":"Dans &quot;Mini lecteur&quot;","block_context":{"text":"Mini lecteur","link":"http:\/\/www.jojoenherbe.com\/index.php\/category\/mini-lecteur\/"},"img":{"alt_text":"","src":"https:\/\/i0.wp.com\/www.jojoenherbe.com\/wp-content\/uploads\/2020\/06\/Un-jour-d%C3%A9t%C3%A9-scaled.jpg?fit=1200%2C900&resize=350%2C200","width":350,"height":200,"srcset":"https:\/\/i0.wp.com\/www.jojoenherbe.com\/wp-content\/uploads\/2020\/06\/Un-jour-d%C3%A9t%C3%A9-scaled.jpg?fit=1200%2C900&resize=350%2C200 1x, https:\/\/i0.wp.com\/www.jojoenherbe.com\/wp-content\/uploads\/2020\/06\/Un-jour-d%C3%A9t%C3%A9-scaled.jpg?fit=1200%2C900&resize=525%2C300 1.5x, https:\/\/i0.wp.com\/www.jojoenherbe.com\/wp-content\/uploads\/2020\/06\/Un-jour-d%C3%A9t%C3%A9-scaled.jpg?fit=1200%2C900&resize=700%2C400 2x, https:\/\/i0.wp.com\/www.jojoenherbe.com\/wp-content\/uploads\/2020\/06\/Un-jour-d%C3%A9t%C3%A9-scaled.jpg?fit=1200%2C900&resize=1050%2C600 3x"},"classes":[]},{"id":9964,"url":"http:\/\/www.jojoenherbe.com\/index.php\/2020\/02\/09\/au-fil-des-pages-avec-noulouk\/","url_meta":{"origin":29309,"position":4},"title":"Au fil des pages avec Noulouk","author":"Jojo","date":"9 f\u00e9vrier 2020","format":false,"excerpt":"Nous empruntons \u00e0 la m\u00e9diath\u00e8que Noulouk d'Agn\u00e8s Bertron-Martin et Gwen Keraval (\u00e9d. Flammarion, coll. Les albums du P\u00e8re Castor, 2010), un album jeunesse \u00e0 partir de 3 ans. Un jeune esquimau, \u00a0Noulouk vit dans la banquise dans le respect de la Nature, en pr\u00e9servant l'\u00e9quilibre de ses \u00e9l\u00e9ments comme le\u2026","rel":"","context":"Dans &quot;Mini lecteur&quot;","block_context":{"text":"Mini lecteur","link":"http:\/\/www.jojoenherbe.com\/index.php\/category\/mini-lecteur\/"},"img":{"alt_text":"","src":"https:\/\/i0.wp.com\/www.jojoenherbe.com\/wp-content\/uploads\/2020\/02\/Noulouk-scaled.jpg?fit=1200%2C900&resize=350%2C200","width":350,"height":200,"srcset":"https:\/\/i0.wp.com\/www.jojoenherbe.com\/wp-content\/uploads\/2020\/02\/Noulouk-scaled.jpg?fit=1200%2C900&resize=350%2C200 1x, https:\/\/i0.wp.com\/www.jojoenherbe.com\/wp-content\/uploads\/2020\/02\/Noulouk-scaled.jpg?fit=1200%2C900&resize=525%2C300 1.5x, https:\/\/i0.wp.com\/www.jojoenherbe.com\/wp-content\/uploads\/2020\/02\/Noulouk-scaled.jpg?fit=1200%2C900&resize=700%2C400 2x, https:\/\/i0.wp.com\/www.jojoenherbe.com\/wp-content\/uploads\/2020\/02\/Noulouk-scaled.jpg?fit=1200%2C900&resize=1050%2C600 3x"},"classes":[]},{"id":7137,"url":"http:\/\/www.jojoenherbe.com\/index.php\/2019\/08\/20\/au-fil-des-pages-avec-plume-senvole\/","url_meta":{"origin":29309,"position":5},"title":"Au fil des pages avec Plume s&rsquo;envole","author":"Jojo","date":"20 ao\u00fbt 2019","format":false,"excerpt":"Attir\u00e9s par la couverture de l'album (\"Oh Jojo!\"), nous empruntons \u00e0 la biblioth\u00e8que Plume s'envole de Hans de Beer (\u00e9d. Nord-Sud, 2002), un album jeunesse \u00e0 partir de 3 ans. Plume, un petit ours blanc r\u00eave de voler. Il rencontre Youri, un macareux moine tout mazout\u00e9 qui n'arrive plus \u00e0\u2026","rel":"","context":"Dans &quot;Mini lecteur&quot;","block_context":{"text":"Mini lecteur","link":"http:\/\/www.jojoenherbe.com\/index.php\/category\/mini-lecteur\/"},"img":{"alt_text":"","src":"https:\/\/i0.wp.com\/www.jojoenherbe.com\/wp-content\/uploads\/2019\/08\/Plume-senvole.jpg?fit=1200%2C1192&resize=350%2C200","width":350,"height":200,"srcset":"https:\/\/i0.wp.com\/www.jojoenherbe.com\/wp-content\/uploads\/2019\/08\/Plume-senvole.jpg?fit=1200%2C1192&resize=350%2C200 1x, https:\/\/i0.wp.com\/www.jojoenherbe.com\/wp-content\/uploads\/2019\/08\/Plume-senvole.jpg?fit=1200%2C1192&resize=525%2C300 1.5x, https:\/\/i0.wp.com\/www.jojoenherbe.com\/wp-content\/uploads\/2019\/08\/Plume-senvole.jpg?fit=1200%2C1192&resize=700%2C400 2x, https:\/\/i0.wp.com\/www.jojoenherbe.com\/wp-content\/uploads\/2019\/08\/Plume-senvole.jpg?fit=1200%2C1192&resize=1050%2C600 3x"},"classes":[]}],"_links":{"self":[{"href":"http:\/\/www.jojoenherbe.com\/index.php\/wp-json\/wp\/v2\/posts\/29309","targetHints":{"allow":["GET"]}}],"collection":[{"href":"http:\/\/www.jojoenherbe.com\/index.php\/wp-json\/wp\/v2\/posts"}],"about":[{"href":"http:\/\/www.jojoenherbe.com\/index.php\/wp-json\/wp\/v2\/types\/post"}],"author":[{"embeddable":true,"href":"http:\/\/www.jojoenherbe.com\/index.php\/wp-json\/wp\/v2\/users\/1"}],"replies":[{"embeddable":true,"href":"http:\/\/www.jojoenherbe.com\/index.php\/wp-json\/wp\/v2\/comments?post=29309"}],"version-history":[{"count":4,"href":"http:\/\/www.jojoenherbe.com\/index.php\/wp-json\/wp\/v2\/posts\/29309\/revisions"}],"predecessor-version":[{"id":29318,"href":"http:\/\/www.jojoenherbe.com\/index.php\/wp-json\/wp\/v2\/posts\/29309\/revisions\/29318"}],"wp:featuredmedia":[{"embeddable":true,"href":"http:\/\/www.jojoenherbe.com\/index.php\/wp-json\/wp\/v2\/media\/29314"}],"wp:attachment":[{"href":"http:\/\/www.jojoenherbe.com\/index.php\/wp-json\/wp\/v2\/media?parent=29309"}],"wp:term":[{"taxonomy":"category","embeddable":true,"href":"http:\/\/www.jojoenherbe.com\/index.php\/wp-json\/wp\/v2\/categories?post=29309"},{"taxonomy":"post_tag","embeddable":true,"href":"http:\/\/www.jojoenherbe.com\/index.php\/wp-json\/wp\/v2\/tags?post=29309"}],"curies":[{"name":"wp","href":"https:\/\/api.w.org\/{rel}","templated":true}]}}