{"id":2920,"date":"2018-06-18T13:46:57","date_gmt":"2018-06-18T11:46:57","guid":{"rendered":"http:\/\/www.jojoenherbe.com\/?p=2920"},"modified":"2018-06-18T20:31:07","modified_gmt":"2018-06-18T18:31:07","slug":"petite-balade-le-long-de-la-brague-valbonne","status":"publish","type":"post","link":"http:\/\/www.jojoenherbe.com\/index.php\/2018\/06\/18\/petite-balade-le-long-de-la-brague-valbonne\/","title":{"rendered":"Petite balade le long de la Brague &#8211; Valbonne"},"content":{"rendered":"<div id=\"attachment_2929\" style=\"width: 160px\" class=\"wp-caption alignleft\"><a href=\"https:\/\/i0.wp.com\/www.jojoenherbe.com\/wp-content\/uploads\/2018\/06\/La-Brague-Valbonne-8.jpg\"><img data-recalc-dims=\"1\" loading=\"lazy\" decoding=\"async\" aria-describedby=\"caption-attachment-2929\" data-attachment-id=\"2929\" data-permalink=\"http:\/\/www.jojoenherbe.com\/index.php\/2018\/06\/18\/petite-balade-le-long-de-la-brague-valbonne\/la-brague-valbonne-8\/\" data-orig-file=\"https:\/\/i0.wp.com\/www.jojoenherbe.com\/wp-content\/uploads\/2018\/06\/La-Brague-Valbonne-8.jpg?fit=3118%2C4680\" data-orig-size=\"3118,4680\" data-comments-opened=\"1\" data-image-meta=\"{&quot;aperture&quot;:&quot;3.2&quot;,&quot;credit&quot;:&quot;&quot;,&quot;camera&quot;:&quot;DSC-HX400V&quot;,&quot;caption&quot;:&quot;&quot;,&quot;created_timestamp&quot;:&quot;1529252337&quot;,&quot;copyright&quot;:&quot;&quot;,&quot;focal_length&quot;:&quot;4.3&quot;,&quot;iso&quot;:&quot;80&quot;,&quot;shutter_speed&quot;:&quot;0.0025&quot;,&quot;title&quot;:&quot;&quot;,&quot;orientation&quot;:&quot;1&quot;}\" data-image-title=\"La Brague &amp;#8211; Valbonne 8\" data-image-description=\"\" data-image-caption=\"&lt;p&gt;Abbaye de Valbonne&lt;\/p&gt;\n\" data-large-file=\"https:\/\/i0.wp.com\/www.jojoenherbe.com\/wp-content\/uploads\/2018\/06\/La-Brague-Valbonne-8.jpg?fit=676%2C1015\" class=\"size-thumbnail wp-image-2929\" src=\"https:\/\/i0.wp.com\/www.jojoenherbe.com\/wp-content\/uploads\/2018\/06\/La-Brague-Valbonne-8.jpg?resize=150%2C150\" alt=\"\" width=\"150\" height=\"150\" srcset=\"https:\/\/i0.wp.com\/www.jojoenherbe.com\/wp-content\/uploads\/2018\/06\/La-Brague-Valbonne-8.jpg?resize=150%2C150 150w, https:\/\/i0.wp.com\/www.jojoenherbe.com\/wp-content\/uploads\/2018\/06\/La-Brague-Valbonne-8.jpg?zoom=2&amp;resize=150%2C150 300w, https:\/\/i0.wp.com\/www.jojoenherbe.com\/wp-content\/uploads\/2018\/06\/La-Brague-Valbonne-8.jpg?zoom=3&amp;resize=150%2C150 450w\" sizes=\"auto, (max-width: 150px) 100vw, 150px\" \/><\/a><p id=\"caption-attachment-2929\" class=\"wp-caption-text\">Abbaye de Valbonne<\/p><\/div>\n<div id=\"attachment_2930\" style=\"width: 160px\" class=\"wp-caption alignleft\"><a href=\"https:\/\/i0.wp.com\/www.jojoenherbe.com\/wp-content\/uploads\/2018\/06\/La-Brague-Valbonne.jpg\"><img data-recalc-dims=\"1\" loading=\"lazy\" decoding=\"async\" aria-describedby=\"caption-attachment-2930\" data-attachment-id=\"2930\" data-permalink=\"http:\/\/www.jojoenherbe.com\/index.php\/2018\/06\/18\/petite-balade-le-long-de-la-brague-valbonne\/la-brague-valbonne\/\" data-orig-file=\"https:\/\/i0.wp.com\/www.jojoenherbe.com\/wp-content\/uploads\/2018\/06\/La-Brague-Valbonne.jpg?fit=3888%2C5184\" data-orig-size=\"3888,5184\" data-comments-opened=\"1\" data-image-meta=\"{&quot;aperture&quot;:&quot;3.2&quot;,&quot;credit&quot;:&quot;&quot;,&quot;camera&quot;:&quot;DSC-HX400V&quot;,&quot;caption&quot;:&quot;&quot;,&quot;created_timestamp&quot;:&quot;1529247345&quot;,&quot;copyright&quot;:&quot;&quot;,&quot;focal_length&quot;:&quot;4.34&quot;,&quot;iso&quot;:&quot;80&quot;,&quot;shutter_speed&quot;:&quot;0.00625&quot;,&quot;title&quot;:&quot;&quot;,&quot;orientation&quot;:&quot;1&quot;}\" data-image-title=\"La Brague &amp;#8211; Valbonne\" data-image-description=\"\" data-image-caption=\"&lt;p&gt;La Brague &amp;#8211; Valbonne&lt;\/p&gt;\n\" data-large-file=\"https:\/\/i0.wp.com\/www.jojoenherbe.com\/wp-content\/uploads\/2018\/06\/La-Brague-Valbonne.jpg?fit=676%2C901\" class=\"size-thumbnail wp-image-2930\" src=\"https:\/\/i0.wp.com\/www.jojoenherbe.com\/wp-content\/uploads\/2018\/06\/La-Brague-Valbonne.jpg?resize=150%2C150\" alt=\"\" width=\"150\" height=\"150\" srcset=\"https:\/\/i0.wp.com\/www.jojoenherbe.com\/wp-content\/uploads\/2018\/06\/La-Brague-Valbonne.jpg?resize=150%2C150 150w, https:\/\/i0.wp.com\/www.jojoenherbe.com\/wp-content\/uploads\/2018\/06\/La-Brague-Valbonne.jpg?zoom=2&amp;resize=150%2C150 300w, https:\/\/i0.wp.com\/www.jojoenherbe.com\/wp-content\/uploads\/2018\/06\/La-Brague-Valbonne.jpg?zoom=3&amp;resize=150%2C150 450w\" sizes=\"auto, (max-width: 150px) 100vw, 150px\" \/><\/a><p id=\"caption-attachment-2930\" class=\"wp-caption-text\">La Brague &#8211; Valbonne<\/p><\/div>\n<div id=\"attachment_2925\" style=\"width: 160px\" class=\"wp-caption alignleft\"><a href=\"https:\/\/i0.wp.com\/www.jojoenherbe.com\/wp-content\/uploads\/2018\/06\/La-Brague-Valbonne-4.jpg\"><img data-recalc-dims=\"1\" loading=\"lazy\" decoding=\"async\" aria-describedby=\"caption-attachment-2925\" data-attachment-id=\"2925\" data-permalink=\"http:\/\/www.jojoenherbe.com\/index.php\/2018\/06\/18\/petite-balade-le-long-de-la-brague-valbonne\/la-brague-valbonne-4\/\" data-orig-file=\"https:\/\/i0.wp.com\/www.jojoenherbe.com\/wp-content\/uploads\/2018\/06\/La-Brague-Valbonne-4.jpg?fit=5184%2C3888\" data-orig-size=\"5184,3888\" data-comments-opened=\"1\" data-image-meta=\"{&quot;aperture&quot;:&quot;5.6&quot;,&quot;credit&quot;:&quot;&quot;,&quot;camera&quot;:&quot;DSC-HX400V&quot;,&quot;caption&quot;:&quot;&quot;,&quot;created_timestamp&quot;:&quot;1529249228&quot;,&quot;copyright&quot;:&quot;&quot;,&quot;focal_length&quot;:&quot;125.86&quot;,&quot;iso&quot;:&quot;800&quot;,&quot;shutter_speed&quot;:&quot;0.00625&quot;,&quot;title&quot;:&quot;&quot;,&quot;orientation&quot;:&quot;1&quot;}\" data-image-title=\"La Brague &amp;#8211; Valbonne 4\" data-image-description=\"\" data-image-caption=\"&lt;p&gt;Calopt\u00e9rix h\u00e9morro\u00efdal&lt;\/p&gt;\n\" data-large-file=\"https:\/\/i0.wp.com\/www.jojoenherbe.com\/wp-content\/uploads\/2018\/06\/La-Brague-Valbonne-4.jpg?fit=676%2C507\" class=\"size-thumbnail wp-image-2925\" src=\"https:\/\/i0.wp.com\/www.jojoenherbe.com\/wp-content\/uploads\/2018\/06\/La-Brague-Valbonne-4.jpg?resize=150%2C150\" alt=\"\" width=\"150\" height=\"150\" srcset=\"https:\/\/i0.wp.com\/www.jojoenherbe.com\/wp-content\/uploads\/2018\/06\/La-Brague-Valbonne-4.jpg?resize=150%2C150 150w, https:\/\/i0.wp.com\/www.jojoenherbe.com\/wp-content\/uploads\/2018\/06\/La-Brague-Valbonne-4.jpg?zoom=2&amp;resize=150%2C150 300w, https:\/\/i0.wp.com\/www.jojoenherbe.com\/wp-content\/uploads\/2018\/06\/La-Brague-Valbonne-4.jpg?zoom=3&amp;resize=150%2C150 450w\" sizes=\"auto, (max-width: 150px) 100vw, 150px\" \/><\/a><p id=\"caption-attachment-2925\" class=\"wp-caption-text\">Calopt\u00e9rix h\u00e9morro\u00efdal<\/p><\/div>\n<p style=\"text-align: justify;\"><em>Ce 17 juin 2018, nous nous rendons \u00e0 Valbonne et nous garons sur l&rsquo;un des nombreux parkings gratuits, \u00e0 proximit\u00e9 de l&rsquo;abbaye de style roman et datant du XIIIe si\u00e8cle. Nous passons d&rsquo;abord un petit pont en bois autour duquel gravitent de nombreuses libellules &#8211; odonates &#8211; noires : le Calopt\u00e9rix h\u00e9morro\u00efdal. <\/em><\/p>\n<p style=\"text-align: justify;\"><em><a href=\"https:\/\/i0.wp.com\/www.jojoenherbe.com\/wp-content\/uploads\/2018\/06\/La-Brague-Valbonne-3.jpg\"><img data-recalc-dims=\"1\" loading=\"lazy\" decoding=\"async\" data-attachment-id=\"2924\" data-permalink=\"http:\/\/www.jojoenherbe.com\/index.php\/2018\/06\/18\/petite-balade-le-long-de-la-brague-valbonne\/la-brague-valbonne-3\/\" data-orig-file=\"https:\/\/i0.wp.com\/www.jojoenherbe.com\/wp-content\/uploads\/2018\/06\/La-Brague-Valbonne-3.jpg?fit=3888%2C5184\" data-orig-size=\"3888,5184\" data-comments-opened=\"1\" data-image-meta=\"{&quot;aperture&quot;:&quot;3.2&quot;,&quot;credit&quot;:&quot;&quot;,&quot;camera&quot;:&quot;DSC-HX400V&quot;,&quot;caption&quot;:&quot;&quot;,&quot;created_timestamp&quot;:&quot;1529248915&quot;,&quot;copyright&quot;:&quot;&quot;,&quot;focal_length&quot;:&quot;4.3&quot;,&quot;iso&quot;:&quot;80&quot;,&quot;shutter_speed&quot;:&quot;0.016666666666667&quot;,&quot;title&quot;:&quot;&quot;,&quot;orientation&quot;:&quot;1&quot;}\" data-image-title=\"La Brague &amp;#8211; Valbonne 3\" data-image-description=\"\" data-image-caption=\"\" data-large-file=\"https:\/\/i0.wp.com\/www.jojoenherbe.com\/wp-content\/uploads\/2018\/06\/La-Brague-Valbonne-3.jpg?fit=676%2C901\" class=\"size-thumbnail wp-image-2924 alignright\" src=\"https:\/\/i0.wp.com\/www.jojoenherbe.com\/wp-content\/uploads\/2018\/06\/La-Brague-Valbonne-3.jpg?resize=150%2C150\" alt=\"\" width=\"150\" height=\"150\" srcset=\"https:\/\/i0.wp.com\/www.jojoenherbe.com\/wp-content\/uploads\/2018\/06\/La-Brague-Valbonne-3.jpg?resize=150%2C150 150w, https:\/\/i0.wp.com\/www.jojoenherbe.com\/wp-content\/uploads\/2018\/06\/La-Brague-Valbonne-3.jpg?zoom=2&amp;resize=150%2C150 300w, https:\/\/i0.wp.com\/www.jojoenherbe.com\/wp-content\/uploads\/2018\/06\/La-Brague-Valbonne-3.jpg?zoom=3&amp;resize=150%2C150 450w\" sizes=\"auto, (max-width: 150px) 100vw, 150px\" \/><\/a> <a href=\"https:\/\/i0.wp.com\/www.jojoenherbe.com\/wp-content\/uploads\/2018\/06\/La-Brague-Valbonne-7.jpg\"><img data-recalc-dims=\"1\" loading=\"lazy\" decoding=\"async\" data-attachment-id=\"2928\" data-permalink=\"http:\/\/www.jojoenherbe.com\/index.php\/2018\/06\/18\/petite-balade-le-long-de-la-brague-valbonne\/la-brague-valbonne-7\/\" data-orig-file=\"https:\/\/i0.wp.com\/www.jojoenherbe.com\/wp-content\/uploads\/2018\/06\/La-Brague-Valbonne-7.jpg?fit=5184%2C3888\" data-orig-size=\"5184,3888\" data-comments-opened=\"1\" data-image-meta=\"{&quot;aperture&quot;:&quot;4.5&quot;,&quot;credit&quot;:&quot;&quot;,&quot;camera&quot;:&quot;DSC-HX400V&quot;,&quot;caption&quot;:&quot;&quot;,&quot;created_timestamp&quot;:&quot;1529250122&quot;,&quot;copyright&quot;:&quot;&quot;,&quot;focal_length&quot;:&quot;26.09&quot;,&quot;iso&quot;:&quot;80&quot;,&quot;shutter_speed&quot;:&quot;0.004&quot;,&quot;title&quot;:&quot;&quot;,&quot;orientation&quot;:&quot;1&quot;}\" data-image-title=\"La Brague &amp;#8211; Valbonne 7\" data-image-description=\"\" data-image-caption=\"\" data-large-file=\"https:\/\/i0.wp.com\/www.jojoenherbe.com\/wp-content\/uploads\/2018\/06\/La-Brague-Valbonne-7.jpg?fit=676%2C507\" class=\"size-thumbnail wp-image-2928 alignright\" src=\"https:\/\/i0.wp.com\/www.jojoenherbe.com\/wp-content\/uploads\/2018\/06\/La-Brague-Valbonne-7.jpg?resize=150%2C150\" alt=\"\" width=\"150\" height=\"150\" srcset=\"https:\/\/i0.wp.com\/www.jojoenherbe.com\/wp-content\/uploads\/2018\/06\/La-Brague-Valbonne-7.jpg?resize=150%2C150 150w, https:\/\/i0.wp.com\/www.jojoenherbe.com\/wp-content\/uploads\/2018\/06\/La-Brague-Valbonne-7.jpg?zoom=2&amp;resize=150%2C150 300w, https:\/\/i0.wp.com\/www.jojoenherbe.com\/wp-content\/uploads\/2018\/06\/La-Brague-Valbonne-7.jpg?zoom=3&amp;resize=150%2C150 450w\" sizes=\"auto, (max-width: 150px) 100vw, 150px\" \/><\/a>Un peu plus loin des papillons virevoltent \u00e9galement. <\/em><em>Nous continuons \u00e0 longer la Brague. Mais le sentier n&rsquo;est pas balis\u00e9 et nous arrivons bient\u00f4t devant une propri\u00e9t\u00e9 priv\u00e9e. <\/em><\/p>\n<p style=\"text-align: justify;\"><em><a href=\"https:\/\/i0.wp.com\/www.jojoenherbe.com\/wp-content\/uploads\/2018\/06\/La-Brague-Valbonne-5.jpg\"><img data-recalc-dims=\"1\" loading=\"lazy\" decoding=\"async\" data-attachment-id=\"2926\" data-permalink=\"http:\/\/www.jojoenherbe.com\/index.php\/2018\/06\/18\/petite-balade-le-long-de-la-brague-valbonne\/la-brague-valbonne-5\/\" data-orig-file=\"https:\/\/i0.wp.com\/www.jojoenherbe.com\/wp-content\/uploads\/2018\/06\/La-Brague-Valbonne-5.jpg?fit=5184%2C3888\" data-orig-size=\"5184,3888\" data-comments-opened=\"1\" data-image-meta=\"{&quot;aperture&quot;:&quot;4&quot;,&quot;credit&quot;:&quot;&quot;,&quot;camera&quot;:&quot;DSC-HX400V&quot;,&quot;caption&quot;:&quot;&quot;,&quot;created_timestamp&quot;:&quot;1529249951&quot;,&quot;copyright&quot;:&quot;&quot;,&quot;focal_length&quot;:&quot;21.47&quot;,&quot;iso&quot;:&quot;400&quot;,&quot;shutter_speed&quot;:&quot;0.008&quot;,&quot;title&quot;:&quot;&quot;,&quot;orientation&quot;:&quot;1&quot;}\" data-image-title=\"La Brague &amp;#8211; Valbonne 5\" data-image-description=\"\" data-image-caption=\"\" data-large-file=\"https:\/\/i0.wp.com\/www.jojoenherbe.com\/wp-content\/uploads\/2018\/06\/La-Brague-Valbonne-5.jpg?fit=676%2C507\" class=\"alignleft size-thumbnail wp-image-2926\" src=\"https:\/\/i0.wp.com\/www.jojoenherbe.com\/wp-content\/uploads\/2018\/06\/La-Brague-Valbonne-5.jpg?resize=150%2C150\" alt=\"\" width=\"150\" height=\"150\" srcset=\"https:\/\/i0.wp.com\/www.jojoenherbe.com\/wp-content\/uploads\/2018\/06\/La-Brague-Valbonne-5.jpg?resize=150%2C150 150w, https:\/\/i0.wp.com\/www.jojoenherbe.com\/wp-content\/uploads\/2018\/06\/La-Brague-Valbonne-5.jpg?zoom=2&amp;resize=150%2C150 300w, https:\/\/i0.wp.com\/www.jojoenherbe.com\/wp-content\/uploads\/2018\/06\/La-Brague-Valbonne-5.jpg?zoom=3&amp;resize=150%2C150 450w\" sizes=\"auto, (max-width: 150px) 100vw, 150px\" \/><\/a> <a href=\"https:\/\/i0.wp.com\/www.jojoenherbe.com\/wp-content\/uploads\/2018\/06\/La-Brague-Valbonne-6.jpg\"><img data-recalc-dims=\"1\" loading=\"lazy\" decoding=\"async\" data-attachment-id=\"2927\" data-permalink=\"http:\/\/www.jojoenherbe.com\/index.php\/2018\/06\/18\/petite-balade-le-long-de-la-brague-valbonne\/la-brague-valbonne-6\/\" data-orig-file=\"https:\/\/i0.wp.com\/www.jojoenherbe.com\/wp-content\/uploads\/2018\/06\/La-Brague-Valbonne-6.jpg?fit=5184%2C3888\" data-orig-size=\"5184,3888\" data-comments-opened=\"1\" data-image-meta=\"{&quot;aperture&quot;:&quot;4&quot;,&quot;credit&quot;:&quot;&quot;,&quot;camera&quot;:&quot;DSC-HX400V&quot;,&quot;caption&quot;:&quot;&quot;,&quot;created_timestamp&quot;:&quot;1529249977&quot;,&quot;copyright&quot;:&quot;&quot;,&quot;focal_length&quot;:&quot;21.47&quot;,&quot;iso&quot;:&quot;500&quot;,&quot;shutter_speed&quot;:&quot;0.008&quot;,&quot;title&quot;:&quot;&quot;,&quot;orientation&quot;:&quot;1&quot;}\" data-image-title=\"La Brague &amp;#8211; Valbonne 6\" data-image-description=\"\" data-image-caption=\"\" data-large-file=\"https:\/\/i0.wp.com\/www.jojoenherbe.com\/wp-content\/uploads\/2018\/06\/La-Brague-Valbonne-6.jpg?fit=676%2C507\" class=\"alignleft size-thumbnail wp-image-2927\" src=\"https:\/\/i0.wp.com\/www.jojoenherbe.com\/wp-content\/uploads\/2018\/06\/La-Brague-Valbonne-6.jpg?resize=150%2C150\" alt=\"\" width=\"150\" height=\"150\" srcset=\"https:\/\/i0.wp.com\/www.jojoenherbe.com\/wp-content\/uploads\/2018\/06\/La-Brague-Valbonne-6.jpg?resize=150%2C150 150w, https:\/\/i0.wp.com\/www.jojoenherbe.com\/wp-content\/uploads\/2018\/06\/La-Brague-Valbonne-6.jpg?zoom=2&amp;resize=150%2C150 300w, https:\/\/i0.wp.com\/www.jojoenherbe.com\/wp-content\/uploads\/2018\/06\/La-Brague-Valbonne-6.jpg?zoom=3&amp;resize=150%2C150 450w\" sizes=\"auto, (max-width: 150px) 100vw, 150px\" \/><\/a>Nous rebroussons chemin, \u00e0 travers les sous-bois, enjambant par endroits des arbres tomb\u00e9s sur ce que nous pensions \u00eatre le sentier. Nous traversons un cours d&rsquo;eau ass\u00e9ch\u00e9 et voyons, perdus dans la v\u00e9g\u00e9tation, une cabane en branches de bois. Des petits murets remplacent les troncs d&rsquo;arbres sur le sentier. Nous faisons demi-tour pour reprendre le sentier de d\u00e9part. Au niveau du pont en bois, nous prenons \u00e0 gauche en longeant la Brague jusqu&rsquo;\u00e0 arriver \u00e0 un pont menant au parking de l&rsquo;abbaye. La ripisylve est bien conserv\u00e9e. Nous ressortons des sous-bois.<br \/>\n<\/em><\/p>\n<p style=\"text-align: justify;\"><em>Un panneau, en face de l&rsquo;abbaye, indique la direction du chemin du Bruguet qui permet d&rsquo;ailleurs de gagner Biot. Nous laissons la Brague derri\u00e8re nous et montons la rue Grande. Dans le ciel, nous pouvons observer de nombreux martinets p\u00e2les. Nous d\u00e9ambulons dans les rues fleuries de la commune, d&rsquo;abord pour une petite glace puis avec la visite d&rsquo;une exposition d\u2019\u0153uvres d&rsquo;art.<br \/>\n<\/em><\/p>\n<p><iframe loading=\"lazy\" style=\"border: 0;\" src=\"https:\/\/www.google.com\/maps\/embed?pb=!1m18!1m12!1m3!1d46208.52019042783!2d6.994135581541682!3d43.62668225514336!2m3!1f0!2f0!3f0!3m2!1i1024!2i768!4f13.1!3m3!1m2!1s0x12cc2958679849bd%3A0x4ad705bc325c2295!2s06560+Valbonne!5e0!3m2!1sfr!2sfr!4v1529320231461\" width=\"400\" height=\"300\" frameborder=\"0\" allowfullscreen=\"allowfullscreen\"><\/iframe><\/p>\n","protected":false},"excerpt":{"rendered":"<p>Ce 17 juin 2018, nous nous rendons \u00e0 Valbonne et nous garons sur l&rsquo;un des nombreux parkings gratuits, \u00e0 proximit\u00e9 de l&rsquo;abbaye de style roman et datant du XIIIe si\u00e8cle. Nous passons d&rsquo;abord un petit pont en bois autour duquel gravitent de nombreuses libellules &#8211; odonates &#8211; noires : le Calopt\u00e9rix h\u00e9morro\u00efdal. Un peu plus [&hellip;]<\/p>\n","protected":false},"author":1,"featured_media":2923,"comment_status":"open","ping_status":"open","sticky":false,"template":"","format":"standard","meta":{"jetpack_post_was_ever_published":false,"_jetpack_newsletter_access":"","_jetpack_dont_email_post_to_subs":false,"_jetpack_newsletter_tier_id":0,"_jetpack_memberships_contains_paywalled_content":false,"_jetpack_memberships_contains_paid_content":false,"footnotes":""},"categories":[128],"tags":[25,22,251,5,250],"class_list":["post-2920","post","type-post","status-publish","format-standard","has-post-thumbnail","hentry","category-mini-baladeur","tag-alpes-maritimes","tag-balades","tag-la-brague","tag-paca","tag-valbonne","post-preview"],"jetpack_featured_media_url":"https:\/\/i0.wp.com\/www.jojoenherbe.com\/wp-content\/uploads\/2018\/06\/La-Brague-Valbonne-2.jpg?fit=1776%2C2604","jetpack_sharing_enabled":true,"jetpack_shortlink":"https:\/\/wp.me\/p9zhGx-L6","jetpack_likes_enabled":true,"jetpack-related-posts":[{"id":19888,"url":"http:\/\/www.jojoenherbe.com\/index.php\/2021\/07\/29\/balade-sur-le-sentier-de-la-brague\/","url_meta":{"origin":2920,"position":0},"title":"Balade sur le sentier de la Brague","author":"Jojo","date":"29 juillet 2021","format":false,"excerpt":"Le 25 juillet 2021, nous passons la journ\u00e9e au bord de la Brague en partant du village de Biot par le sentier de la Brague qui permet de joindre le pont des tamarins puis Valbonne. Le d\u00e9part se situe \u00e0 c\u00f4t\u00e9 des parkings gratuits, \u00e0 la balise n\u00b0350, enfance de\u2026","rel":"","context":"Dans &quot;Mini randonneur&quot;","block_context":{"text":"Mini randonneur","link":"http:\/\/www.jojoenherbe.com\/index.php\/category\/mini-crapahuteur\/mini-randonneur\/"},"img":{"alt_text":"","src":"https:\/\/i0.wp.com\/www.jojoenherbe.com\/wp-content\/uploads\/2021\/07\/Sentier-de-la-Brague-8-scaled.jpg?fit=900%2C1200&resize=350%2C200","width":350,"height":200,"srcset":"https:\/\/i0.wp.com\/www.jojoenherbe.com\/wp-content\/uploads\/2021\/07\/Sentier-de-la-Brague-8-scaled.jpg?fit=900%2C1200&resize=350%2C200 1x, https:\/\/i0.wp.com\/www.jojoenherbe.com\/wp-content\/uploads\/2021\/07\/Sentier-de-la-Brague-8-scaled.jpg?fit=900%2C1200&resize=525%2C300 1.5x, https:\/\/i0.wp.com\/www.jojoenherbe.com\/wp-content\/uploads\/2021\/07\/Sentier-de-la-Brague-8-scaled.jpg?fit=900%2C1200&resize=700%2C400 2x"},"classes":[]},{"id":19948,"url":"http:\/\/www.jojoenherbe.com\/index.php\/2021\/08\/01\/notre-mois-bloguesque-de-juillet-2021\/","url_meta":{"origin":2920,"position":1},"title":"Notre mois bloguesque de juillet 2021","author":"Jojo","date":"1 ao\u00fbt 2021","format":false,"excerpt":"C'est le premier du mois alors voici un petit retour bloguesque sur juillet 2021. Et hasard du blog, il s'agit (d\u00e9j\u00e0) de mon milli\u00e8me billet. J'ai \u00e9t\u00e9 un peu moins pr\u00e9sente ce mois-ci sur le blog mais nous avons continu\u00e9 nos lectures et surtout nous avons recommenc\u00e9 \u00e0 balader. Juillet\u2026","rel":"","context":"Dans &quot;Mini blogueur&quot;","block_context":{"text":"Mini blogueur","link":"http:\/\/www.jojoenherbe.com\/index.php\/category\/mini-blogueur\/"},"img":{"alt_text":"","src":"https:\/\/i0.wp.com\/www.jojoenherbe.com\/wp-content\/uploads\/2021\/07\/Selection-juillet-2021-scaled.jpg?fit=1200%2C769&resize=350%2C200","width":350,"height":200,"srcset":"https:\/\/i0.wp.com\/www.jojoenherbe.com\/wp-content\/uploads\/2021\/07\/Selection-juillet-2021-scaled.jpg?fit=1200%2C769&resize=350%2C200 1x, https:\/\/i0.wp.com\/www.jojoenherbe.com\/wp-content\/uploads\/2021\/07\/Selection-juillet-2021-scaled.jpg?fit=1200%2C769&resize=525%2C300 1.5x, https:\/\/i0.wp.com\/www.jojoenherbe.com\/wp-content\/uploads\/2021\/07\/Selection-juillet-2021-scaled.jpg?fit=1200%2C769&resize=700%2C400 2x, https:\/\/i0.wp.com\/www.jojoenherbe.com\/wp-content\/uploads\/2021\/07\/Selection-juillet-2021-scaled.jpg?fit=1200%2C769&resize=1050%2C600 3x"},"classes":[]},{"id":26087,"url":"http:\/\/www.jojoenherbe.com\/index.php\/2022\/07\/17\/pause-gourmande-avec-bobby-le-cookie\/","url_meta":{"origin":2920,"position":2},"title":"Pause gourmande avec Bobby le cookie","author":"Jojo","date":"17 juillet 2022","format":false,"excerpt":"Lors du RAT gourmand et indien de f\u00e9vrier 2022, j'avais emprunt\u00e9 \u00e0 la m\u00e9diath\u00e8que Bobby le cookie de Marie Quenotte et Lo\u00efc Limosin (\u00e9d. La Palissade, coll. Et si on mangeait..., 2013), un livre de cuisine permettant aux enfants de r\u00e9aliser eux-m\u00eames leurs cookies. Depuis lors, nous faisons r\u00e9guli\u00e8rement des\u2026","rel":"","context":"Dans &quot;Mini lecteur&quot;","block_context":{"text":"Mini lecteur","link":"http:\/\/www.jojoenherbe.com\/index.php\/category\/mini-lecteur\/"},"img":{"alt_text":"","src":"https:\/\/i0.wp.com\/www.jojoenherbe.com\/wp-content\/uploads\/2022\/07\/Bobby-le-cookie-3-scaled.jpg?fit=1200%2C1161&resize=350%2C200","width":350,"height":200,"srcset":"https:\/\/i0.wp.com\/www.jojoenherbe.com\/wp-content\/uploads\/2022\/07\/Bobby-le-cookie-3-scaled.jpg?fit=1200%2C1161&resize=350%2C200 1x, https:\/\/i0.wp.com\/www.jojoenherbe.com\/wp-content\/uploads\/2022\/07\/Bobby-le-cookie-3-scaled.jpg?fit=1200%2C1161&resize=525%2C300 1.5x, https:\/\/i0.wp.com\/www.jojoenherbe.com\/wp-content\/uploads\/2022\/07\/Bobby-le-cookie-3-scaled.jpg?fit=1200%2C1161&resize=700%2C400 2x, https:\/\/i0.wp.com\/www.jojoenherbe.com\/wp-content\/uploads\/2022\/07\/Bobby-le-cookie-3-scaled.jpg?fit=1200%2C1161&resize=1050%2C600 3x"},"classes":[]},{"id":15817,"url":"http:\/\/www.jojoenherbe.com\/index.php\/2021\/02\/15\/des-biscuits-pour-la-st-valentin\/","url_meta":{"origin":2920,"position":3},"title":"Des biscuits pour la St-Valentin","author":"Jojo","date":"15 f\u00e9vrier 2021","format":false,"excerpt":"Hier, pendant le RAT gourmand de St-Valentin, j'ai pr\u00e9par\u00e9 pour le go\u00fbter des petits biscuits en forme de c\u0153ur au miel, raisins secs et fruits confits. Comme il me reste de la p\u00e2te, j'en ai refait ce matin en faisant aussi d'autres en forme d'\u00e9toile. Pour la recette, voici les\u2026","rel":"","context":"Dans &quot;Mini toque&quot;","block_context":{"text":"Mini toque","link":"http:\/\/www.jojoenherbe.com\/index.php\/category\/mini-decouvreur\/mini-toque\/"},"img":{"alt_text":"","src":"https:\/\/i0.wp.com\/www.jojoenherbe.com\/wp-content\/uploads\/2021\/02\/Biscuits-de-St-Valentin-5-scaled.jpg?fit=1200%2C900&resize=350%2C200","width":350,"height":200,"srcset":"https:\/\/i0.wp.com\/www.jojoenherbe.com\/wp-content\/uploads\/2021\/02\/Biscuits-de-St-Valentin-5-scaled.jpg?fit=1200%2C900&resize=350%2C200 1x, https:\/\/i0.wp.com\/www.jojoenherbe.com\/wp-content\/uploads\/2021\/02\/Biscuits-de-St-Valentin-5-scaled.jpg?fit=1200%2C900&resize=525%2C300 1.5x, https:\/\/i0.wp.com\/www.jojoenherbe.com\/wp-content\/uploads\/2021\/02\/Biscuits-de-St-Valentin-5-scaled.jpg?fit=1200%2C900&resize=700%2C400 2x, https:\/\/i0.wp.com\/www.jojoenherbe.com\/wp-content\/uploads\/2021\/02\/Biscuits-de-St-Valentin-5-scaled.jpg?fit=1200%2C900&resize=1050%2C600 3x"},"classes":[]},{"id":41658,"url":"http:\/\/www.jojoenherbe.com\/index.php\/2025\/12\/08\/au-fil-des-pages-avec-la-chasse-aux-livres-de-noel\/","url_meta":{"origin":2920,"position":4},"title":"Au fil des pages avec La chasse aux livres de No\u00ebl","author":"Jojo","date":"8 d\u00e9cembre 2025","format":false,"excerpt":"En commen\u00e7ant la lecture de La biblioth\u00e8que secr\u00e8te de No\u00ebl, j'ai eu l'impression d'avoir affaire \u00e0 une suite et non un premier opus, tant les deux protagonistes \u00e9taient en froid apr\u00e8s une premi\u00e8re enqu\u00eate \u00e0 laquelle le lecteur est sans cesse renvoy\u00e9. J'ai donc arr\u00eat\u00e9 ma lecture pour lire, en\u2026","rel":"","context":"Dans &quot;Mini lecteur&quot;","block_context":{"text":"Mini lecteur","link":"http:\/\/www.jojoenherbe.com\/index.php\/category\/mini-lecteur\/"},"img":{"alt_text":"","src":"https:\/\/i0.wp.com\/www.jojoenherbe.com\/wp-content\/uploads\/2025\/12\/La-chasse-aux-livres-de-Noel.jpg?fit=750%2C1192&resize=350%2C200","width":350,"height":200,"srcset":"https:\/\/i0.wp.com\/www.jojoenherbe.com\/wp-content\/uploads\/2025\/12\/La-chasse-aux-livres-de-Noel.jpg?fit=750%2C1192&resize=350%2C200 1x, https:\/\/i0.wp.com\/www.jojoenherbe.com\/wp-content\/uploads\/2025\/12\/La-chasse-aux-livres-de-Noel.jpg?fit=750%2C1192&resize=525%2C300 1.5x, https:\/\/i0.wp.com\/www.jojoenherbe.com\/wp-content\/uploads\/2025\/12\/La-chasse-aux-livres-de-Noel.jpg?fit=750%2C1192&resize=700%2C400 2x"},"classes":[]},{"id":10003,"url":"http:\/\/www.jojoenherbe.com\/index.php\/2020\/02\/12\/au-fil-des-pages-avec-lamour-est-comme-un-arbre\/","url_meta":{"origin":2920,"position":5},"title":"Au fil des pages avec L&rsquo;amour est comme un arbre","author":"Jojo","date":"12 f\u00e9vrier 2020","format":false,"excerpt":"Nous empruntons \u00e0 la m\u00e9diath\u00e8que L'amour est comme un arbre de Shona Innes et Irisz Ag\u00f3cs (\u00e9d. Piccolia, 2015), un album jeunesse \u00e0 partir de 3 ans. En d\u00e9clinant avec des animaux les diff\u00e9rentes formes d'amour (envers un objet ou une personne, sa famille, etc.), cette histoire permet aux jeunes\u2026","rel":"","context":"Dans &quot;Mini lecteur&quot;","block_context":{"text":"Mini lecteur","link":"http:\/\/www.jojoenherbe.com\/index.php\/category\/mini-lecteur\/"},"img":{"alt_text":"","src":"https:\/\/i0.wp.com\/www.jojoenherbe.com\/wp-content\/uploads\/2020\/02\/Lamour-est-comme-un-arbre-scaled.jpg?fit=1200%2C927&resize=350%2C200","width":350,"height":200,"srcset":"https:\/\/i0.wp.com\/www.jojoenherbe.com\/wp-content\/uploads\/2020\/02\/Lamour-est-comme-un-arbre-scaled.jpg?fit=1200%2C927&resize=350%2C200 1x, https:\/\/i0.wp.com\/www.jojoenherbe.com\/wp-content\/uploads\/2020\/02\/Lamour-est-comme-un-arbre-scaled.jpg?fit=1200%2C927&resize=525%2C300 1.5x, https:\/\/i0.wp.com\/www.jojoenherbe.com\/wp-content\/uploads\/2020\/02\/Lamour-est-comme-un-arbre-scaled.jpg?fit=1200%2C927&resize=700%2C400 2x, https:\/\/i0.wp.com\/www.jojoenherbe.com\/wp-content\/uploads\/2020\/02\/Lamour-est-comme-un-arbre-scaled.jpg?fit=1200%2C927&resize=1050%2C600 3x"},"classes":[]}],"_links":{"self":[{"href":"http:\/\/www.jojoenherbe.com\/index.php\/wp-json\/wp\/v2\/posts\/2920","targetHints":{"allow":["GET"]}}],"collection":[{"href":"http:\/\/www.jojoenherbe.com\/index.php\/wp-json\/wp\/v2\/posts"}],"about":[{"href":"http:\/\/www.jojoenherbe.com\/index.php\/wp-json\/wp\/v2\/types\/post"}],"author":[{"embeddable":true,"href":"http:\/\/www.jojoenherbe.com\/index.php\/wp-json\/wp\/v2\/users\/1"}],"replies":[{"embeddable":true,"href":"http:\/\/www.jojoenherbe.com\/index.php\/wp-json\/wp\/v2\/comments?post=2920"}],"version-history":[{"count":0,"href":"http:\/\/www.jojoenherbe.com\/index.php\/wp-json\/wp\/v2\/posts\/2920\/revisions"}],"wp:featuredmedia":[{"embeddable":true,"href":"http:\/\/www.jojoenherbe.com\/index.php\/wp-json\/wp\/v2\/media\/2923"}],"wp:attachment":[{"href":"http:\/\/www.jojoenherbe.com\/index.php\/wp-json\/wp\/v2\/media?parent=2920"}],"wp:term":[{"taxonomy":"category","embeddable":true,"href":"http:\/\/www.jojoenherbe.com\/index.php\/wp-json\/wp\/v2\/categories?post=2920"},{"taxonomy":"post_tag","embeddable":true,"href":"http:\/\/www.jojoenherbe.com\/index.php\/wp-json\/wp\/v2\/tags?post=2920"}],"curies":[{"name":"wp","href":"https:\/\/api.w.org\/{rel}","templated":true}]}}