{"id":29087,"date":"2023-01-12T14:57:31","date_gmt":"2023-01-12T13:57:31","guid":{"rendered":"https:\/\/www.jojoenherbe.com\/?p=29087"},"modified":"2024-03-04T14:38:12","modified_gmt":"2024-03-04T13:38:12","slug":"au-fil-des-pages-avec-poster-girl","status":"publish","type":"post","link":"http:\/\/www.jojoenherbe.com\/index.php\/2023\/01\/12\/au-fil-des-pages-avec-poster-girl\/","title":{"rendered":"Au fil des pages avec Poster Girl"},"content":{"rendered":"<p style=\"text-align: justify;\"><em>Je viens de finir de lire <span style=\"text-decoration: underline;\">Poster Girl<\/span> de Veronica Roth (\u00e9d. Michel Lafon, 2022, 319 pages), un roman dystopique pour les adolescents. Dix ans apr\u00e8s la r\u00e9bellion ayant mis fin au r\u00e9gime totalitaire de la D\u00e9l\u00e9gation en portant au pouvoir le Triumvirat, Sonya Kantor croupit dans la ville-prison, l&rsquo;Objectif, avec d&rsquo;autres Enfants de la D\u00e9l\u00e9gation, des opposants politiques ayant adh\u00e9r\u00e9 \u00e0 divers niveaux \u00e0 l&rsquo;ancien r\u00e9gime, comme elle, surnomm\u00e9e \u00ab\u00a0Poster Girl\u00a0\u00bb et qui a \u00e9t\u00e9 la fille des affiches de propagande. Un jour, en \u00e9change de sa libert\u00e9, Alexander Price, le fr\u00e8re a\u00een\u00e9 de son fianc\u00e9 Aaron qui a \u00e9t\u00e9 tu\u00e9 pendant la r\u00e9bellion, lui propose de retrouver Grace Ward, une adolescente qui a \u00e9t\u00e9 retir\u00e9e \u00e0 sa famille sous la D\u00e9l\u00e9gation lorsqu&rsquo;elle avait 3 ans car con\u00e7ue dans l&rsquo;ill\u00e9galit\u00e9. O\u00f9 m\u00e8nera l&rsquo;enqu\u00eate de Sonya? La jeune femme peut-elle r\u00e9ellement esp\u00e9rer un autre avenir que celui de la prison? M\u00e9rite-elle une telle seconde chance? Ou restera-t-elle \u00e0 jamais ce visage fig\u00e9 dans le pass\u00e9?<br \/>\n<\/em><\/p>\n<p style=\"text-align: justify;\"><em>La narration lente et introspective plonge le lecteur dans un monde futuriste gris et sombre dans lequel chacun tente de se remettre de la D\u00e9l\u00e9gation qui avait format\u00e9 les individus \u00e0 vivre dans un sch\u00e9ma de vie conditionn\u00e9 par la Perception, un implant c\u00e9r\u00e9bral et oculaire qui surveillait la population et quantifiait la moindre parole ou le moindre geste en accordant un montant positif ou n\u00e9gatif de cryptodeniers tout en leur permettant d&rsquo;avoir acc\u00e8s \u00e0 une r\u00e9alit\u00e9 augment\u00e9e et \u00e0 un r\u00e9seau social amplifi\u00e9 directement reli\u00e9 au cerveau. Que ce soit Sonya ou Alexander, chacun doit vivre avec sa culpabilit\u00e9 et l&rsquo;apr\u00e8s-Perception. Comment survivre \u00e0 ses choix pass\u00e9s et \u00e0 une vie calcul\u00e9e? Malgr\u00e9 l&rsquo;endoctrinement technologique, chacun n&rsquo;avait-il pas malgr\u00e9 tout une part de choix, m\u00eame infime, autre que de l&rsquo;adh\u00e9sion totale, de l&rsquo;opportunisme ou \u00e0 tout le moins de la docilit\u00e9, certains ayant r\u00e9ussi \u00e0 r\u00e9sister?\u00a0<\/em><\/p>\n<p style=\"text-align: justify;\"><em>Au fil de l&rsquo;enqu\u00eate de Sonya sous la surveillance d&rsquo;Alexander qui n&rsquo;est pas sans dangers et qui s\u2019acc\u00e9l\u00e8re dans la derni\u00e8re partie du roman, nous en apprenons plus sur le fonctionnement de la D\u00e9l\u00e9gation et sur le pass\u00e9 de la famille de la jeune femme. Sonya n&rsquo;est plus la jeune fille na\u00efve et docile de 17 ans dont le visage est associ\u00e9 aux affiches de propagande, m\u00eame si dix ans plus tard elle est toujours consid\u00e9r\u00e9e comme la \u00ab\u00a0Poster Girl\u00a0\u00bb, que ce soit \u00e0 l&rsquo;int\u00e9rieur de la prison qu&rsquo;\u00e0 l&rsquo;ext\u00e9rieur. Au fil des ann\u00e9es, elle a pourtant d\u00e9velopp\u00e9 une personnalit\u00e9 bien diff\u00e9rente de celle que lui avait fa\u00e7onn\u00e9e sa Perception: elle est devenue plus mature et d\u00e9brouillarde m\u00eame si d&rsquo;apparence froide, elle conserve en elle, par peur et par habitude, les r\u00e9flexes, codes et usages de la D\u00e9l\u00e9gation (posture \u00e0 adopter dans les transports en commun, choix des mots quand elle s&rsquo;exprime&#8230;).\u00a0<\/em><\/p>\n<p style=\"text-align: justify;\"><em>Il est ainsi question d&rsquo;identit\u00e9, de libre-arbitre, de libert\u00e9, de conditionnement par la technologie et de la vie apr\u00e8s avoir v\u00e9cu en dictature. L&rsquo;intrigue m&rsquo;a fait penser \u00e0 des \u00e9pisodes de <span style=\"text-decoration: underline;\">Black Mirror<\/span> comme l&rsquo;\u00e9pisode 1 de la saison 3 \u00ab\u00a0Chute libre\u00a0\u00bb avec Bryce Dallas Howard. <\/em><em>Certes, il y a quelques facilit\u00e9s sc\u00e9naristiques mais j&rsquo;ai appr\u00e9ci\u00e9 que les personnages ne soient pas manich\u00e9ens, chacun ayant une part d&rsquo;ombre et que le monde d&rsquo;apr\u00e8s ne soit pas utopique bien qu&rsquo;ayant permis le retour de libert\u00e9s mais avec ses propres d\u00e9fauts: <\/em><em>d\u00e9labr\u00e9, pauvre, sans opulence, rempli d&rsquo;objets du quotidien venant du pass\u00e9 ou bien encore fortement marqu\u00e9 par le r\u00e9gime pr\u00e9c\u00e9dent et le r\u00e9chauffement climatique. Il n&rsquo;a pas non plus tranch\u00e9 le d\u00e9bat autour des technologies, permettant le retour des Pr\u00e9cepteurs et luttant contre l&rsquo;Arm\u00e9e analogique, un groupuscule d&rsquo;individus radicaux et violents qui souhaitent la disparition de toute technologie et qui pr\u00f4nent la d\u00e9m\u00e9dication pour tous.\u00a0<\/em><\/p>\n<p style=\"text-align: justify;\"><em>Un tr\u00e8s bon moment de lecture avec cette dystopie avec un zeste de romance qui d\u00e9crit un monde futuriste bien trop proche de l&rsquo;anticipation et qui questionne sur le r\u00f4le des nouvelles technologies sur la constitution de l&rsquo;identit\u00e9 d&rsquo;un individu et avec une fin ouverte! D&rsquo;ailleurs, ce questionnement soci\u00e9tal, philosophique et politique est tr\u00e8s actuel puisque l&rsquo;illustration de couverture de ce roman fait pol\u00e9mique ayant \u00e9t\u00e9 g\u00e9n\u00e9r\u00e9e par une intelligence artificielle, l&rsquo;IA MidJourn\u00e9e.<\/em><\/p>\n<p style=\"text-align: justify;\"><em>J&rsquo;ai enfin not\u00e9 quelques passages pour le challenge Des livres (et des \u00e9crans) en cuisine malgr\u00e9 les difficult\u00e9s \u00e0 se nourrir correctement dans ce monde dystopique: des l\u00e9gumes et fruits du potager de Sonya et Nikhil qui servent principalement au troc, des bo\u00eetes de conserve&#8230; La jeune femme se r\u00e9gale de peu: une tomate cerise croqu\u00e9e, un chocolat chaud et un croque-monsieur qui lui rappelle son enfance alors qu&rsquo;un simple jus d&rsquo;orange l\u2019\u00e9c\u0153ure par son c\u00f4t\u00e9 sucr\u00e9.\u00a0<\/em><\/p>\n<div style=\"width: 127px\" class=\"wp-caption alignleft\"><img loading=\"lazy\" decoding=\"async\" src=\"https:\/\/lh3.googleusercontent.com\/pw\/AL9nZEWED5sOowfaAIivQoSsFwl6hy51lsnek_4EIHIPI8waW2MHjhj6cf1EWilIUD7SnvlDRky5UrFLm6lgTjQT1BDXKA7teG_K1CBqytzzkXj-pFGsHXBy_zmGvKTiD_gxxb6BAz3Fn3Q7E1EJdf1tGnU3MQ=w285-h217-no?authuser=0\" alt=\"\" width=\"117\" height=\"89\" \/><p class=\"wp-caption-text\">Challenge Petit Bac d\u2019<a href=\"https:\/\/ennalit.wordpress.com\/2022\/12\/01\/challenge-petit-bac-2023-qui-veut-jouer\/\">Enna<\/a> #2 Cat\u00e9gorie Objet: \u00ab Poster \u00bb<\/p><\/div>\n<div id=\"attachment_19954\" style=\"width: 126px\" class=\"wp-caption alignleft\"><img loading=\"lazy\" decoding=\"async\" aria-describedby=\"caption-attachment-19954\" class=\"wp-image-19954\" src=\"https:\/\/i0.wp.com\/mapetitemediatheque.fr\/wp-content\/uploads\/2021\/11\/Inkedle-tour-du-monde-en-80-livres-2_LI.jpg?resize=116%2C87&amp;ssl=1\" sizes=\"auto, (max-width: 500px) 100vw, 500px\" srcset=\"https:\/\/i0.wp.com\/mapetitemediatheque.fr\/wp-content\/uploads\/2021\/11\/Inkedle-tour-du-monde-en-80-livres-2_LI.jpg?resize=116%2C87&amp;ssl=1 500w, https:\/\/mapetitemediatheque.fr\/wp-content\/uploads\/2021\/11\/Inkedle-tour-du-monde-en-80-livres-2_LI-300x226.jpg 300w, https:\/\/mapetitemediatheque.fr\/wp-content\/uploads\/2021\/11\/Inkedle-tour-du-monde-en-80-livres-2_LI-120x90.jpg 120w\" alt=\"\" width=\"116\" height=\"87\" aria-describedby=\"caption-attachment-19954\" \/><p id=\"caption-attachment-19954\" class=\"wp-caption-text\">Participation #1 (Parcours litt\u00e9raire) Challenge Le tour du monde en 80 livres 2023 de <a href=\"https:\/\/mapetitemediatheque.fr\/2022\/12\/le-tour-du-monde-en-80-livres-2023\/\">Bidib<\/a> #\u00c9tats-Unis<\/p><\/div>\n<div id=\"attachment_22257\" style=\"width: 139px\" class=\"wp-caption alignleft\"><img loading=\"lazy\" decoding=\"async\" aria-describedby=\"caption-attachment-22257\" data-attachment-id=\"22257\" data-permalink=\"http:\/\/www.jojoenherbe.com\/index.php\/2021\/11\/09\/point-lecture-hebdomadaire-14\/les-incorrigibles-enfants-de-la-famille-ashton-t1\/\" data-orig-file=\"https:\/\/i0.wp.com\/www.jojoenherbe.com\/wp-content\/uploads\/2021\/11\/Les-incorrigibles-enfants-de-la-famille-Ashton-T1-scaled.jpg?fit=2560%2C1920\" data-orig-size=\"2560,1920\" data-comments-opened=\"1\" data-image-meta=\"{&quot;aperture&quot;:&quot;1.8&quot;,&quot;credit&quot;:&quot;&quot;,&quot;camera&quot;:&quot;iPhone 7&quot;,&quot;caption&quot;:&quot;&quot;,&quot;created_timestamp&quot;:&quot;1636384349&quot;,&quot;copyright&quot;:&quot;&quot;,&quot;focal_length&quot;:&quot;3.99&quot;,&quot;iso&quot;:&quot;80&quot;,&quot;shutter_speed&quot;:&quot;0.25&quot;,&quot;title&quot;:&quot;&quot;,&quot;orientation&quot;:&quot;1&quot;}\" data-image-title=\"Les incorrigibles enfants de la famille Ashton T1\" data-image-description=\"\" data-image-caption=\"\" data-large-file=\"https:\/\/i0.wp.com\/www.jojoenherbe.com\/wp-content\/uploads\/2021\/11\/Les-incorrigibles-enfants-de-la-famille-Ashton-T1-scaled.jpg?fit=676%2C507\" class=\"wp-image-22257\" src=\"https:\/\/i0.wp.com\/mapetitemediatheque.fr\/wp-content\/uploads\/2023\/01\/LivresCuisines2023b.png?resize=129%2C75&amp;ssl=1\" sizes=\"auto, (max-width: 320px) 100vw, 320px\" srcset=\"https:\/\/i0.wp.com\/mapetitemediatheque.fr\/wp-content\/uploads\/2023\/01\/LivresCuisines2023b.png?resize=129%2C75&amp;ssl=1 320w, https:\/\/mapetitemediatheque.fr\/wp-content\/uploads\/2023\/01\/LivresCuisines2023b-300x174.png 300w\" alt=\"\" width=\"129\" height=\"75\" aria-describedby=\"caption-attachment-22257\" data-attachment-id=\"22257\" data-permalink=\"https:\/\/www.jojoenherbe.com\/index.php\/2021\/11\/09\/point-lecture-hebdomadaire-14\/les-incorrigibles-enfants-de-la-famille-ashton-t1\/\" data-orig-file=\"https:\/\/i0.wp.com\/www.jojoenherbe.com\/wp-content\/uploads\/2021\/11\/Les-incorrigibles-enfants-de-la-famille-Ashton-T1-scaled.jpg?fit=2560%2C1920&amp;ssl=1\" data-orig-size=\"2560,1920\" data-comments-opened=\"1\" data-image-meta=\"{&quot;aperture&quot;:&quot;1.8&quot;,&quot;credit&quot;:&quot;&quot;,&quot;camera&quot;:&quot;iPhone 7&quot;,&quot;caption&quot;:&quot;&quot;,&quot;created_timestamp&quot;:&quot;1636384349&quot;,&quot;copyright&quot;:&quot;&quot;,&quot;focal_length&quot;:&quot;3.99&quot;,&quot;iso&quot;:&quot;80&quot;,&quot;shutter_speed&quot;:&quot;0.25&quot;,&quot;title&quot;:&quot;&quot;,&quot;orientation&quot;:&quot;1&quot;}\" data-image-title=\"Les incorrigibles enfants de la famille Ashton T1\" data-image-description=\"\" data-image-caption=\"\" data-medium-file=\"https:\/\/i0.wp.com\/www.jojoenherbe.com\/wp-content\/uploads\/2021\/11\/Les-incorrigibles-enfants-de-la-famille-Ashton-T1-scaled.jpg?fit=300%2C225&amp;ssl=1\" data-large-file=\"https:\/\/i0.wp.com\/www.jojoenherbe.com\/wp-content\/uploads\/2021\/11\/Les-incorrigibles-enfants-de-la-famille-Ashton-T1-scaled.jpg?fit=676%2C507&amp;ssl=1\" \/><p id=\"caption-attachment-22257\" class=\"wp-caption-text\">Participation #2 Challenge Des livres (et des \u00e9crans) en cuisine 2023 de <a href=\"https:\/\/mapetitemediatheque.fr\/2023\/01\/des-livres-et-des-ecrans-en-cuisine-2023\/\">Bidib<\/a> et <a href=\"http:\/\/croquerlespages.canalblog.com\/archives\/2023\/01\/11\/39767634.html\">Fondant <\/a><\/p><\/div>\n","protected":false},"excerpt":{"rendered":"<p>Je viens de finir de lire Poster Girl de Veronica Roth (\u00e9d. Michel Lafon, 2022, 319 pages), un roman dystopique pour les adolescents. Dix ans apr\u00e8s la r\u00e9bellion ayant mis fin au r\u00e9gime totalitaire de la D\u00e9l\u00e9gation en portant au pouvoir le Triumvirat, Sonya Kantor croupit dans la ville-prison, l&rsquo;Objectif, avec d&rsquo;autres Enfants de la [&hellip;]<\/p>\n","protected":false},"author":1,"featured_media":29089,"comment_status":"open","ping_status":"open","sticky":false,"template":"","format":"standard","meta":{"jetpack_post_was_ever_published":false,"_jetpack_newsletter_access":"","_jetpack_dont_email_post_to_subs":false,"_jetpack_newsletter_tier_id":0,"_jetpack_memberships_contains_paywalled_content":false,"_jetpack_memberships_contains_paid_content":false,"footnotes":""},"categories":[363],"tags":[2169,3519,3522,3060,914,3525,739,3538,926,4152,844,2825,1330,2758,3537],"class_list":["post-29087","post","type-post","status-publish","format-standard","has-post-thumbnail","hentry","category-mini-lecteur","tag-16-18-ans","tag-challenge-petit-bac-2023","tag-des-livres-et-des-ecrans-en-cuisine-2023","tag-dystopie","tag-enquete","tag-le-tour-du-monde-en-80-livres-2023","tag-liberte","tag-nouvelles-technologies","tag-prison","tag-roman-sf","tag-romance","tag-romans-ado","tag-secrets-de-famille","tag-thriller","tag-veronica-roth","post-preview"],"jetpack_featured_media_url":"https:\/\/i0.wp.com\/www.jojoenherbe.com\/wp-content\/uploads\/2023\/01\/Poster-Girl-scaled.jpg?fit=2560%2C2151","jetpack_sharing_enabled":true,"jetpack_shortlink":"https:\/\/wp.me\/p9zhGx-7z9","jetpack_likes_enabled":true,"jetpack-related-posts":[{"id":29278,"url":"http:\/\/www.jojoenherbe.com\/index.php\/2023\/01\/16\/point-lecture-hebdomadaire-2023-2\/","url_meta":{"origin":29087,"position":0},"title":"Point lecture hebdomadaire 2023 #2","author":"Jojo","date":"16 janvier 2023","format":false,"excerpt":"En ce d\u00e9but de semaine, voici notre point lecture hebdomadaire avec un retour sur nos lectures de la semaine derni\u00e8re (mais pas nos relectures). Nos lectures du 9 au 15 janvier 2023: Des lectures jeunesse: (Album jeunesse) L'\u00e9cureuil et la premi\u00e8re neige de Sebastian Meschenmoser Apr\u00e8s avoir lu l'ann\u00e9e derni\u00e8re\u2026","rel":"","context":"Dans &quot;Mini blogueur&quot;","block_context":{"text":"Mini blogueur","link":"http:\/\/www.jojoenherbe.com\/index.php\/category\/mini-blogueur\/"},"img":{"alt_text":"","src":"https:\/\/i0.wp.com\/www.jojoenherbe.com\/wp-content\/uploads\/2023\/01\/Point-lecture-hebdomadaire-2023-2-scaled.jpg?fit=1200%2C908&resize=350%2C200","width":350,"height":200,"srcset":"https:\/\/i0.wp.com\/www.jojoenherbe.com\/wp-content\/uploads\/2023\/01\/Point-lecture-hebdomadaire-2023-2-scaled.jpg?fit=1200%2C908&resize=350%2C200 1x, https:\/\/i0.wp.com\/www.jojoenherbe.com\/wp-content\/uploads\/2023\/01\/Point-lecture-hebdomadaire-2023-2-scaled.jpg?fit=1200%2C908&resize=525%2C300 1.5x, https:\/\/i0.wp.com\/www.jojoenherbe.com\/wp-content\/uploads\/2023\/01\/Point-lecture-hebdomadaire-2023-2-scaled.jpg?fit=1200%2C908&resize=700%2C400 2x, https:\/\/i0.wp.com\/www.jojoenherbe.com\/wp-content\/uploads\/2023\/01\/Point-lecture-hebdomadaire-2023-2-scaled.jpg?fit=1200%2C908&resize=1050%2C600 3x"},"classes":[]},{"id":31954,"url":"http:\/\/www.jojoenherbe.com\/index.php\/2023\/09\/15\/au-fil-des-pages-avec-la-longue-marche-des-dindes-bd\/","url_meta":{"origin":29087,"position":1},"title":"Au fil des pages avec La longue marche des dindes (BD)","author":"Jojo","date":"15 septembre 2023","format":false,"excerpt":"Pouvant le consulter en ligne gr\u00e2ce \u00e0 ma m\u00e9diath\u00e8que, j'ai lu La longue marche des dindes de L\u00e9onie Bischoff, d'apr\u00e8s Kathleen Karr (\u00e9d. Rue des S\u00e8vres, septembre 2022, 144 pages), un roman graphique jeunesse \u00e0 partir de 9\/10 ans, joliment illustr\u00e9 et adoptant en BD le roman \u00e9ponyme de Kathleen\u2026","rel":"","context":"Dans &quot;Mini lecteur&quot;","block_context":{"text":"Mini lecteur","link":"http:\/\/www.jojoenherbe.com\/index.php\/category\/mini-lecteur\/"},"img":{"alt_text":"","src":"https:\/\/i0.wp.com\/www.jojoenherbe.com\/wp-content\/uploads\/2023\/09\/La-longue-marche-des-dindes.jpg?fit=750%2C1178&resize=350%2C200","width":350,"height":200,"srcset":"https:\/\/i0.wp.com\/www.jojoenherbe.com\/wp-content\/uploads\/2023\/09\/La-longue-marche-des-dindes.jpg?fit=750%2C1178&resize=350%2C200 1x, https:\/\/i0.wp.com\/www.jojoenherbe.com\/wp-content\/uploads\/2023\/09\/La-longue-marche-des-dindes.jpg?fit=750%2C1178&resize=525%2C300 1.5x, https:\/\/i0.wp.com\/www.jojoenherbe.com\/wp-content\/uploads\/2023\/09\/La-longue-marche-des-dindes.jpg?fit=750%2C1178&resize=700%2C400 2x"},"classes":[]},{"id":27750,"url":"http:\/\/www.jojoenherbe.com\/index.php\/2022\/09\/22\/au-fil-des-pages-avec-cinq-petits-cochons\/","url_meta":{"origin":29087,"position":2},"title":"Au fil des pages avec Cinq petits cochons","author":"Jojo","date":"22 septembre 2022","format":false,"excerpt":"J'ai lu Cinq petits cochons d'Agatha Christie (\u00e9d. du Masque, n\u00b07, r\u00e9\u00e9d. 2015, 284 pages), un roman policier paru pour la premi\u00e8re fois en 1942 aux \u00c9tats-Unis, Hercule Poirot \u00e9tant engag\u00e9e par Carla Lemarchant, la fille de Caroline Crale, depuis lors d\u00e9c\u00e9d\u00e9e en prison et qui avait \u00e9t\u00e9 condamn\u00e9e pour\u2026","rel":"","context":"Dans &quot;Mini lecteur&quot;","block_context":{"text":"Mini lecteur","link":"http:\/\/www.jojoenherbe.com\/index.php\/category\/mini-lecteur\/"},"img":{"alt_text":"","src":"https:\/\/i0.wp.com\/www.jojoenherbe.com\/wp-content\/uploads\/2022\/09\/Cinq-petits-cochons-scaled.jpg?fit=1200%2C953&resize=350%2C200","width":350,"height":200,"srcset":"https:\/\/i0.wp.com\/www.jojoenherbe.com\/wp-content\/uploads\/2022\/09\/Cinq-petits-cochons-scaled.jpg?fit=1200%2C953&resize=350%2C200 1x, https:\/\/i0.wp.com\/www.jojoenherbe.com\/wp-content\/uploads\/2022\/09\/Cinq-petits-cochons-scaled.jpg?fit=1200%2C953&resize=525%2C300 1.5x, https:\/\/i0.wp.com\/www.jojoenherbe.com\/wp-content\/uploads\/2022\/09\/Cinq-petits-cochons-scaled.jpg?fit=1200%2C953&resize=700%2C400 2x, https:\/\/i0.wp.com\/www.jojoenherbe.com\/wp-content\/uploads\/2022\/09\/Cinq-petits-cochons-scaled.jpg?fit=1200%2C953&resize=1050%2C600 3x"},"classes":[]},{"id":37942,"url":"http:\/\/www.jojoenherbe.com\/index.php\/2025\/01\/09\/au-fil-des-pages-avec-la-femme-de-menage\/","url_meta":{"origin":29087,"position":3},"title":"Au fil des pages avec La femme de m\u00e9nage","author":"Jojo","date":"9 janvier 2025","format":false,"excerpt":"J'ai lu La femme de m\u00e9nage de Freida McFadden (\u00e9d. City Editions, janvier 2023, 304 pages), un thriller psychologique contemporain qui avait \u00e9t\u00e9 choisie comme lecture commune lors de la Semaine \u00e0 1000 du 12 au 18 ao\u00fbt 2024 et dont le prologue d\u00e9bute par un drame, une jeune femme\u2026","rel":"","context":"Dans &quot;Mini lecteur&quot;","block_context":{"text":"Mini lecteur","link":"http:\/\/www.jojoenherbe.com\/index.php\/category\/mini-lecteur\/"},"img":{"alt_text":"","src":"https:\/\/i0.wp.com\/www.jojoenherbe.com\/wp-content\/uploads\/2024\/09\/La-femme-de-menage-T1.jpg?fit=743%2C1200&resize=350%2C200","width":350,"height":200,"srcset":"https:\/\/i0.wp.com\/www.jojoenherbe.com\/wp-content\/uploads\/2024\/09\/La-femme-de-menage-T1.jpg?fit=743%2C1200&resize=350%2C200 1x, https:\/\/i0.wp.com\/www.jojoenherbe.com\/wp-content\/uploads\/2024\/09\/La-femme-de-menage-T1.jpg?fit=743%2C1200&resize=525%2C300 1.5x, https:\/\/i0.wp.com\/www.jojoenherbe.com\/wp-content\/uploads\/2024\/09\/La-femme-de-menage-T1.jpg?fit=743%2C1200&resize=700%2C400 2x"},"classes":[]},{"id":24265,"url":"http:\/\/www.jojoenherbe.com\/index.php\/2022\/03\/10\/au-fil-des-pages-avec-le-royaume-assassine\/","url_meta":{"origin":29087,"position":4},"title":"Au fil des pages avec Le royaume assassin\u00e9","author":"Jojo","date":"10 mars 2022","format":false,"excerpt":"J'ai lu Le royaume assassin\u00e9 d'Alexandra Christo (\u00e9d. De Saxus, 2020, 500 pages), un romantasy \u00e0 partir de 16 ans avec quelques jolies illustrations en noir et blanc, sous fond de romance \"enemies to lovers\". Fille a\u00een\u00e9e de la Reine des Mers, Lira a \u00e9t\u00e9 \u00e9lev\u00e9e pour \u00eatre la sir\u00e8ne\u2026","rel":"","context":"Dans &quot;Mini lecteur&quot;","block_context":{"text":"Mini lecteur","link":"http:\/\/www.jojoenherbe.com\/index.php\/category\/mini-lecteur\/"},"img":{"alt_text":"","src":"https:\/\/i0.wp.com\/www.jojoenherbe.com\/wp-content\/uploads\/2022\/03\/Le-royaume-assassine-scaled.jpg?fit=1200%2C976&resize=350%2C200","width":350,"height":200,"srcset":"https:\/\/i0.wp.com\/www.jojoenherbe.com\/wp-content\/uploads\/2022\/03\/Le-royaume-assassine-scaled.jpg?fit=1200%2C976&resize=350%2C200 1x, https:\/\/i0.wp.com\/www.jojoenherbe.com\/wp-content\/uploads\/2022\/03\/Le-royaume-assassine-scaled.jpg?fit=1200%2C976&resize=525%2C300 1.5x, https:\/\/i0.wp.com\/www.jojoenherbe.com\/wp-content\/uploads\/2022\/03\/Le-royaume-assassine-scaled.jpg?fit=1200%2C976&resize=700%2C400 2x, https:\/\/i0.wp.com\/www.jojoenherbe.com\/wp-content\/uploads\/2022\/03\/Le-royaume-assassine-scaled.jpg?fit=1200%2C976&resize=1050%2C600 3x"},"classes":[]},{"id":38466,"url":"http:\/\/www.jojoenherbe.com\/index.php\/2025\/03\/08\/au-fil-des-pages-avec-panorama\/","url_meta":{"origin":29087,"position":5},"title":"Au fil des pages avec Panorama","author":"Jojo","date":"8 mars 2025","format":false,"excerpt":"Attir\u00e9e par le r\u00e9sum\u00e9 de la quatri\u00e8me de couverture, j'ai lu Panorama de Lilia Hassaine (\u00e9d. Gallimard, ao\u00fbt 2023, 240 pages), un court roman policier contre-utopique dans lequel la narratrice quinquag\u00e9naire, H\u00e9l\u00e8ne Dubern, ancienne commissaire de police devenue gardienne de protection, revient sur l'enqu\u00eate polici\u00e8re qu'elle a men\u00e9e avec son\u2026","rel":"","context":"Dans &quot;Mini lecteur&quot;","block_context":{"text":"Mini lecteur","link":"http:\/\/www.jojoenherbe.com\/index.php\/category\/mini-lecteur\/"},"img":{"alt_text":"","src":"https:\/\/i0.wp.com\/www.jojoenherbe.com\/wp-content\/uploads\/2025\/03\/Panorama-2.jpg?fit=264%2C384&resize=350%2C200","width":350,"height":200},"classes":[]}],"_links":{"self":[{"href":"http:\/\/www.jojoenherbe.com\/index.php\/wp-json\/wp\/v2\/posts\/29087","targetHints":{"allow":["GET"]}}],"collection":[{"href":"http:\/\/www.jojoenherbe.com\/index.php\/wp-json\/wp\/v2\/posts"}],"about":[{"href":"http:\/\/www.jojoenherbe.com\/index.php\/wp-json\/wp\/v2\/types\/post"}],"author":[{"embeddable":true,"href":"http:\/\/www.jojoenherbe.com\/index.php\/wp-json\/wp\/v2\/users\/1"}],"replies":[{"embeddable":true,"href":"http:\/\/www.jojoenherbe.com\/index.php\/wp-json\/wp\/v2\/comments?post=29087"}],"version-history":[{"count":29,"href":"http:\/\/www.jojoenherbe.com\/index.php\/wp-json\/wp\/v2\/posts\/29087\/revisions"}],"predecessor-version":[{"id":29244,"href":"http:\/\/www.jojoenherbe.com\/index.php\/wp-json\/wp\/v2\/posts\/29087\/revisions\/29244"}],"wp:featuredmedia":[{"embeddable":true,"href":"http:\/\/www.jojoenherbe.com\/index.php\/wp-json\/wp\/v2\/media\/29089"}],"wp:attachment":[{"href":"http:\/\/www.jojoenherbe.com\/index.php\/wp-json\/wp\/v2\/media?parent=29087"}],"wp:term":[{"taxonomy":"category","embeddable":true,"href":"http:\/\/www.jojoenherbe.com\/index.php\/wp-json\/wp\/v2\/categories?post=29087"},{"taxonomy":"post_tag","embeddable":true,"href":"http:\/\/www.jojoenherbe.com\/index.php\/wp-json\/wp\/v2\/tags?post=29087"}],"curies":[{"name":"wp","href":"https:\/\/api.w.org\/{rel}","templated":true}]}}