{"id":28987,"date":"2023-01-10T18:25:18","date_gmt":"2023-01-10T17:25:18","guid":{"rendered":"https:\/\/www.jojoenherbe.com\/?p=28987"},"modified":"2023-01-19T15:36:03","modified_gmt":"2023-01-19T14:36:03","slug":"au-fil-des-pages-avec-la-cape-magique","status":"publish","type":"post","link":"http:\/\/www.jojoenherbe.com\/index.php\/2023\/01\/10\/au-fil-des-pages-avec-la-cape-magique\/","title":{"rendered":"Au fil des pages avec La cape magique"},"content":{"rendered":"<p style=\"text-align: justify;\"><em><a href=\"https:\/\/i0.wp.com\/www.jojoenherbe.com\/wp-content\/uploads\/2023\/01\/La-cape-magique-2-scaled.jpg\"><img data-recalc-dims=\"1\" loading=\"lazy\" decoding=\"async\" data-attachment-id=\"29050\" data-permalink=\"http:\/\/www.jojoenherbe.com\/index.php\/2023\/01\/10\/au-fil-des-pages-avec-la-cape-magique\/la-cape-magique-2-2\/\" data-orig-file=\"https:\/\/i0.wp.com\/www.jojoenherbe.com\/wp-content\/uploads\/2023\/01\/La-cape-magique-2-scaled.jpg?fit=2560%2C1832\" data-orig-size=\"2560,1832\" data-comments-opened=\"1\" data-image-meta=\"{&quot;aperture&quot;:&quot;1.8&quot;,&quot;credit&quot;:&quot;&quot;,&quot;camera&quot;:&quot;iPhone 7&quot;,&quot;caption&quot;:&quot;&quot;,&quot;created_timestamp&quot;:&quot;1673347353&quot;,&quot;copyright&quot;:&quot;&quot;,&quot;focal_length&quot;:&quot;3.99&quot;,&quot;iso&quot;:&quot;64&quot;,&quot;shutter_speed&quot;:&quot;0.058823529411765&quot;,&quot;title&quot;:&quot;&quot;,&quot;orientation&quot;:&quot;1&quot;}\" data-image-title=\"La cape magique 2\" data-image-description=\"\" data-image-caption=\"\" data-large-file=\"https:\/\/i0.wp.com\/www.jojoenherbe.com\/wp-content\/uploads\/2023\/01\/La-cape-magique-2-scaled.jpg?fit=676%2C484\" class=\"alignleft size-thumbnail wp-image-29050\" src=\"https:\/\/i0.wp.com\/www.jojoenherbe.com\/wp-content\/uploads\/2023\/01\/La-cape-magique-2.jpg?resize=150%2C150\" alt=\"\" width=\"150\" height=\"150\" srcset=\"https:\/\/i0.wp.com\/www.jojoenherbe.com\/wp-content\/uploads\/2023\/01\/La-cape-magique-2-scaled.jpg?resize=150%2C150 150w, https:\/\/i0.wp.com\/www.jojoenherbe.com\/wp-content\/uploads\/2023\/01\/La-cape-magique-2-scaled.jpg?zoom=2&amp;resize=150%2C150 300w, https:\/\/i0.wp.com\/www.jojoenherbe.com\/wp-content\/uploads\/2023\/01\/La-cape-magique-2-scaled.jpg?zoom=3&amp;resize=150%2C150 450w\" sizes=\"auto, (max-width: 150px) 100vw, 150px\" \/><\/a> <a href=\"https:\/\/i0.wp.com\/www.jojoenherbe.com\/wp-content\/uploads\/2023\/01\/La-cape-magique-3-scaled.jpg\"><img data-recalc-dims=\"1\" loading=\"lazy\" decoding=\"async\" data-attachment-id=\"29051\" data-permalink=\"http:\/\/www.jojoenherbe.com\/index.php\/2023\/01\/10\/au-fil-des-pages-avec-la-cape-magique\/la-cape-magique-3\/\" data-orig-file=\"https:\/\/i0.wp.com\/www.jojoenherbe.com\/wp-content\/uploads\/2023\/01\/La-cape-magique-3-scaled.jpg?fit=2560%2C1801\" data-orig-size=\"2560,1801\" data-comments-opened=\"1\" data-image-meta=\"{&quot;aperture&quot;:&quot;1.8&quot;,&quot;credit&quot;:&quot;&quot;,&quot;camera&quot;:&quot;iPhone 7&quot;,&quot;caption&quot;:&quot;&quot;,&quot;created_timestamp&quot;:&quot;1673347374&quot;,&quot;copyright&quot;:&quot;&quot;,&quot;focal_length&quot;:&quot;3.99&quot;,&quot;iso&quot;:&quot;64&quot;,&quot;shutter_speed&quot;:&quot;0.058823529411765&quot;,&quot;title&quot;:&quot;&quot;,&quot;orientation&quot;:&quot;1&quot;}\" data-image-title=\"La cape magique 3\" data-image-description=\"\" data-image-caption=\"\" data-large-file=\"https:\/\/i0.wp.com\/www.jojoenherbe.com\/wp-content\/uploads\/2023\/01\/La-cape-magique-3-scaled.jpg?fit=676%2C475\" class=\"alignleft size-thumbnail wp-image-29051\" src=\"https:\/\/i0.wp.com\/www.jojoenherbe.com\/wp-content\/uploads\/2023\/01\/La-cape-magique-3.jpg?resize=150%2C150\" alt=\"\" width=\"150\" height=\"150\" srcset=\"https:\/\/i0.wp.com\/www.jojoenherbe.com\/wp-content\/uploads\/2023\/01\/La-cape-magique-3-scaled.jpg?resize=150%2C150 150w, https:\/\/i0.wp.com\/www.jojoenherbe.com\/wp-content\/uploads\/2023\/01\/La-cape-magique-3-scaled.jpg?zoom=2&amp;resize=150%2C150 300w, https:\/\/i0.wp.com\/www.jojoenherbe.com\/wp-content\/uploads\/2023\/01\/La-cape-magique-3-scaled.jpg?zoom=3&amp;resize=150%2C150 450w\" sizes=\"auto, (max-width: 150px) 100vw, 150px\" \/><\/a>D\u00e9couvert \u00e0 l\u2019ouverture de la case 20 de notre calendrier de No\u00ebl 2022, nous lisons et relisons depuis <span style=\"text-decoration: underline;\">La cape magique<\/span> de Nadine Brun-Cosme et Sibylle Delacroix (\u00e9d. Kal\u00e9idoscope, diff. L&rsquo;\u00e9cole des loisirs, 2022), un album jeunesse \u00e0 partir de 3 ans et que j&rsquo;avais achet\u00e9 \u00e0 sa parution attir\u00e9e par sa couverture intrigante. Dans la for\u00eat, un loup affam\u00e9 rep\u00e8re le Petit Chaperon rouge et s&rsquo;appr\u00eate \u00e0 la d\u00e9vorer lorsqu&rsquo;une bourrasque de vent l&rsquo;en emp\u00eache. Le loup finira-t-il par assouvir sa faim?<\/em><\/p>\n<p style=\"text-align: justify;\"><em><a href=\"https:\/\/i0.wp.com\/www.jojoenherbe.com\/wp-content\/uploads\/2023\/01\/La-cape-magique-4-scaled.jpg\"><img data-recalc-dims=\"1\" loading=\"lazy\" decoding=\"async\" data-attachment-id=\"29052\" data-permalink=\"http:\/\/www.jojoenherbe.com\/index.php\/2023\/01\/10\/au-fil-des-pages-avec-la-cape-magique\/la-cape-magique-4\/\" data-orig-file=\"https:\/\/i0.wp.com\/www.jojoenherbe.com\/wp-content\/uploads\/2023\/01\/La-cape-magique-4-scaled.jpg?fit=1920%2C2560\" data-orig-size=\"1920,2560\" data-comments-opened=\"1\" data-image-meta=\"{&quot;aperture&quot;:&quot;1.8&quot;,&quot;credit&quot;:&quot;&quot;,&quot;camera&quot;:&quot;iPhone 7&quot;,&quot;caption&quot;:&quot;&quot;,&quot;created_timestamp&quot;:&quot;1671806408&quot;,&quot;copyright&quot;:&quot;&quot;,&quot;focal_length&quot;:&quot;3.99&quot;,&quot;iso&quot;:&quot;32&quot;,&quot;shutter_speed&quot;:&quot;0.03030303030303&quot;,&quot;title&quot;:&quot;&quot;,&quot;orientation&quot;:&quot;1&quot;}\" data-image-title=\"La cape magique 4\" data-image-description=\"\" data-image-caption=\"\" data-large-file=\"https:\/\/i0.wp.com\/www.jojoenherbe.com\/wp-content\/uploads\/2023\/01\/La-cape-magique-4-scaled.jpg?fit=676%2C901\" class=\"size-thumbnail wp-image-29052 alignright\" src=\"https:\/\/i0.wp.com\/www.jojoenherbe.com\/wp-content\/uploads\/2023\/01\/La-cape-magique-4.jpg?resize=150%2C150\" alt=\"\" width=\"150\" height=\"150\" srcset=\"https:\/\/i0.wp.com\/www.jojoenherbe.com\/wp-content\/uploads\/2023\/01\/La-cape-magique-4-scaled.jpg?resize=150%2C150 150w, https:\/\/i0.wp.com\/www.jojoenherbe.com\/wp-content\/uploads\/2023\/01\/La-cape-magique-4-scaled.jpg?zoom=2&amp;resize=150%2C150 300w, https:\/\/i0.wp.com\/www.jojoenherbe.com\/wp-content\/uploads\/2023\/01\/La-cape-magique-4-scaled.jpg?zoom=3&amp;resize=150%2C150 450w\" sizes=\"auto, (max-width: 150px) 100vw, 150px\" \/><\/a> Construite en randonn\u00e9e, l&rsquo;histoire d\u00e9tourne avec malice le conte originel du <span style=\"text-decoration: underline;\">Petit Chaperon rouge<\/span>, la cape passant d&rsquo;un personnage \u00e0 un autre \u00e0 cause du vent. Pensant la cape magique, le loup salive devant les proies de plus en plus nombreuses alors que ces derni\u00e8res, insouciantes, ne se doutent de rien. <\/em><em>Il est amusant de retrouver les personnages des contes traditionnels comme le grand m\u00e9chant loup, le Petit Chaperon rouge et son panier rempli de galettes, un petit cochon et son chargement de bois ou des moutons joueurs. Ils prennent vie sous le coup de crayon tout en rondeur de Sibylle Delacroix dont j&rsquo;appr\u00e9cie toujours autant ses illustrations. Un tr\u00e8s bon moment de lecture avec ce conte d\u00e9tourn\u00e9 rigolo, gourmand et de douceur enfantine avec une fin heureuse pour tout le monde, m\u00eame pour le loup! Nous l&rsquo;avons d&rsquo;ailleurs relu avant de d\u00e9guster \u00e0 notre tour une part de galette des rois.<\/em><\/p>\n<p style=\"text-align: justify;\"><em><span style=\"text-decoration: underline;\">Mise \u00e0 jour du 11 janvier 2023<\/span>: Cette lecture rentre parfaitement dans le nouveau d\u00e9fi propos\u00e9 par Bidib et Fondant dans le cadre du challenge Des livres (et des \u00e9crans) en cuisine 2023: le d\u00e9fi accord mets\/livre avec pour cette lecture la galette des rois.<\/em><\/p>\n<p style=\"text-align: justify;\"><em>Je coche aussi au passage la case \u00ab\u00a0Conte et cuisine\u00a0\u00bb de ma grille de bingo (jeunesse) du challenge Contes et l\u00e9gendes 2023.<\/em><\/p>\n<div id=\"attachment_19954\" style=\"width: 114px\" class=\"wp-caption alignleft\"><img data-recalc-dims=\"1\" loading=\"lazy\" decoding=\"async\" aria-describedby=\"caption-attachment-19954\" class=\"wp-image-19954\" src=\"https:\/\/i0.wp.com\/mapetitemediatheque.fr\/wp-content\/uploads\/2021\/11\/Inkedle-tour-du-monde-en-80-livres-2_LI.jpg?resize=104%2C78&#038;ssl=1\" sizes=\"auto, (max-width: 500px) 100vw, 500px\" srcset=\"https:\/\/mapetitemediatheque.fr\/wp-content\/uploads\/2021\/11\/Inkedle-tour-du-monde-en-80-livres-2_LI.jpg 500w, https:\/\/mapetitemediatheque.fr\/wp-content\/uploads\/2021\/11\/Inkedle-tour-du-monde-en-80-livres-2_LI-300x226.jpg 300w, https:\/\/mapetitemediatheque.fr\/wp-content\/uploads\/2021\/11\/Inkedle-tour-du-monde-en-80-livres-2_LI-120x90.jpg 120w\" alt=\"\" width=\"104\" height=\"78\" \/><p id=\"caption-attachment-19954\" class=\"wp-caption-text\">Participation #1 (Parcours illustr\u00e9) Challenge Le tour du monde en 80 livres 2023 de <a href=\"https:\/\/mapetitemediatheque.fr\/2022\/12\/le-tour-du-monde-en-80-livres-2023\/\">Bidib<\/a> #Belgique (illustratrice)<\/p><\/div>\n<div style=\"width: 119px\" class=\"wp-caption alignleft\"><img loading=\"lazy\" decoding=\"async\" class=\"\" src=\"https:\/\/lh3.googleusercontent.com\/pw\/AL9nZEWED5sOowfaAIivQoSsFwl6hy51lsnek_4EIHIPI8waW2MHjhj6cf1EWilIUD7SnvlDRky5UrFLm6lgTjQT1BDXKA7teG_K1CBqytzzkXj-pFGsHXBy_zmGvKTiD_gxxb6BAz3Fn3Q7E1EJdf1tGnU3MQ=w285-h217-no?authuser=0\" alt=\"\" width=\"109\" height=\"83\" \/><p class=\"wp-caption-text\">Challenge Petit Bac d\u2019<a href=\"https:\/\/ennalit.wordpress.com\/2022\/12\/01\/challenge-petit-bac-2023-qui-veut-jouer\/\">Enna<\/a> #1 Cat\u00e9gorie Objet: \u00ab Cape \u00bb<\/p><\/div>\n<div id=\"attachment_22257\" style=\"width: 125px\" class=\"wp-caption alignleft\"><img data-recalc-dims=\"1\" loading=\"lazy\" decoding=\"async\" aria-describedby=\"caption-attachment-22257\" data-attachment-id=\"22257\" data-permalink=\"http:\/\/www.jojoenherbe.com\/index.php\/2021\/11\/09\/point-lecture-hebdomadaire-14\/les-incorrigibles-enfants-de-la-famille-ashton-t1\/\" data-orig-file=\"https:\/\/i0.wp.com\/www.jojoenherbe.com\/wp-content\/uploads\/2021\/11\/Les-incorrigibles-enfants-de-la-famille-Ashton-T1-scaled.jpg?fit=2560%2C1920\" data-orig-size=\"2560,1920\" data-comments-opened=\"1\" data-image-meta=\"{&quot;aperture&quot;:&quot;1.8&quot;,&quot;credit&quot;:&quot;&quot;,&quot;camera&quot;:&quot;iPhone 7&quot;,&quot;caption&quot;:&quot;&quot;,&quot;created_timestamp&quot;:&quot;1636384349&quot;,&quot;copyright&quot;:&quot;&quot;,&quot;focal_length&quot;:&quot;3.99&quot;,&quot;iso&quot;:&quot;80&quot;,&quot;shutter_speed&quot;:&quot;0.25&quot;,&quot;title&quot;:&quot;&quot;,&quot;orientation&quot;:&quot;1&quot;}\" data-image-title=\"Les incorrigibles enfants de la famille Ashton T1\" data-image-description=\"\" data-image-caption=\"\" data-large-file=\"https:\/\/i0.wp.com\/www.jojoenherbe.com\/wp-content\/uploads\/2021\/11\/Les-incorrigibles-enfants-de-la-famille-Ashton-T1-scaled.jpg?fit=676%2C507\" class=\"wp-image-22257\" src=\"https:\/\/i0.wp.com\/mapetitemediatheque.fr\/wp-content\/uploads\/2023\/01\/LivresCuisines2023b.png?resize=115%2C67&#038;ssl=1\" sizes=\"auto, (max-width: 320px) 100vw, 320px\" srcset=\"https:\/\/mapetitemediatheque.fr\/wp-content\/uploads\/2023\/01\/LivresCuisines2023b.png 320w, https:\/\/mapetitemediatheque.fr\/wp-content\/uploads\/2023\/01\/LivresCuisines2023b-300x174.png 300w\" alt=\"\" width=\"115\" height=\"67\" \/><p id=\"caption-attachment-22257\" class=\"wp-caption-text\">Participation #1 Challenge Des livres (et des \u00e9crans) en cuisine 2023 de <a href=\"https:\/\/mapetitemediatheque.fr\/2023\/01\/des-livres-et-des-ecrans-en-cuisine-2023\/\">Bidib<\/a> et <a href=\"http:\/\/croquerlespages.canalblog.com\/archives\/2023\/01\/11\/39767634.html\">Fondant<\/a> #Accord mets\/livre (galette des rois)<\/p><\/div>\n<div style=\"width: 90px\" class=\"wp-caption alignleft\"><img loading=\"lazy\" decoding=\"async\" class=\"\" src=\"https:\/\/i0.wp.com\/mapetitemediatheque.fr\/wp-content\/uploads\/2021\/07\/challenge-contes-et-legendes-239x300-1.jpg?resize=137%2C172\" alt=\"\" width=\"80\" height=\"100\" data-recalc-dims=\"1\" \/><p class=\"wp-caption-text\">Participation #1 Challenge Contes et L\u00e9gendes 2023 de <a href=\"https:\/\/mapetitemediatheque.fr\/2023\/01\/challenge-contes-et-legendes-2023\/\">Bidib<\/a> #conte d\u00e9tourn\u00e9<\/p><\/div>\n<div id=\"attachment_46786\" style=\"width: 104px\" class=\"wp-caption alignleft\"><img data-recalc-dims=\"1\" loading=\"lazy\" decoding=\"async\" aria-describedby=\"caption-attachment-46786\" class=\"wp-image-46786\" src=\"https:\/\/i0.wp.com\/delivrer-des-livres.fr\/wp-content\/uploads\/2023\/01\/20232-300x300.png?resize=94%2C94&#038;ssl=1\" sizes=\"auto, (max-width: 300px) 100vw, 300px\" srcset=\"https:\/\/delivrer-des-livres.fr\/wp-content\/uploads\/2023\/01\/20232-300x300.png 300w, https:\/\/delivrer-des-livres.fr\/wp-content\/uploads\/2023\/01\/20232-150x150.png 150w, https:\/\/delivrer-des-livres.fr\/wp-content\/uploads\/2023\/01\/20232-768x768.png 768w, https:\/\/delivrer-des-livres.fr\/wp-content\/uploads\/2023\/01\/20232-250x250.png 250w, https:\/\/delivrer-des-livres.fr\/wp-content\/uploads\/2023\/01\/20232-308x308.png 308w, https:\/\/delivrer-des-livres.fr\/wp-content\/uploads\/2023\/01\/20232.png 1024w\" alt=\"\" width=\"94\" height=\"94\" \/><p id=\"caption-attachment-46786\" class=\"wp-caption-text\">Participation #1 Challenge 2023 sera classique de <a href=\"https:\/\/vivrelivre19.over-blog.com\/2023\/01\/2023-sera-classique.html\">Blandine<\/a> et <a href=\"https:\/\/delivrer-des-livres.fr\/2023-sera-classique\/\">Nathalie<\/a> #conte d\u00e9tourn\u00e9<\/p><\/div>\n","protected":false},"excerpt":{"rendered":"<p>D\u00e9couvert \u00e0 l\u2019ouverture de la case 20 de notre calendrier de No\u00ebl 2022, nous lisons et relisons depuis La cape magique de Nadine Brun-Cosme et Sibylle Delacroix (\u00e9d. Kal\u00e9idoscope, diff. L&rsquo;\u00e9cole des loisirs, 2022), un album jeunesse \u00e0 partir de 3 ans et que j&rsquo;avais achet\u00e9 \u00e0 sa parution attir\u00e9e par sa couverture intrigante. Dans [&hellip;]<\/p>\n","protected":false},"author":1,"featured_media":29053,"comment_status":"open","ping_status":"open","sticky":false,"template":"","format":"standard","meta":{"jetpack_post_was_ever_published":false,"_jetpack_newsletter_access":"","_jetpack_dont_email_post_to_subs":false,"_jetpack_newsletter_tier_id":0,"_jetpack_memberships_contains_paywalled_content":false,"_jetpack_memberships_contains_paid_content":false,"footnotes":""},"categories":[363],"tags":[3540,785,386,3521,3519,245,485,3522,868,574,1277,1146,748,3525,541,3524,2280],"class_list":["post-28987","post","type-post","status-publish","format-standard","has-post-thumbnail","hentry","category-mini-lecteur","tag-2023-sera-classique","tag-3-6-ans","tag-amitie","tag-challenge-contes-et-legendes-2023","tag-challenge-petit-bac-2023","tag-contes","tag-contes-detournes","tag-des-livres-et-des-ecrans-en-cuisine-2023","tag-enfance","tag-faim","tag-foret","tag-galette","tag-le-petit-chaperon-rouge","tag-le-tour-du-monde-en-80-livres-2023","tag-loup","tag-nadine-brun-cosme","tag-sibylle-delacroix","post-preview"],"jetpack_featured_media_url":"https:\/\/i0.wp.com\/www.jojoenherbe.com\/wp-content\/uploads\/2023\/01\/La-cape-magique-scaled.jpg?fit=2560%2C2045","jetpack_sharing_enabled":true,"jetpack_shortlink":"https:\/\/wp.me\/p9zhGx-7xx","jetpack_likes_enabled":true,"jetpack-related-posts":[{"id":29173,"url":"http:\/\/www.jojoenherbe.com\/index.php\/2023\/01\/16\/bingo-du-challenge-contes-et-legendes-2023\/","url_meta":{"origin":28987,"position":0},"title":"Bingo du Challenge Contes et L\u00e9gendes 2023","author":"Jojo","date":"16 janvier 2023","format":false,"excerpt":"Cette ann\u00e9e, Bidib propose un bingo facultatif dans le cadre de son challenge annuel Contes et L\u00e9gendes 2023 avec une grille de 9 cases \u00e0 cocher et qui reprennent les th\u00e8mes de l'ann\u00e9e derni\u00e8re. Pour plus d\u2019infos, n\u2019h\u00e9sitez pas \u00e0 aller sur son blog. Voici mes deux grilles de bingo\u2026","rel":"","context":"Dans &quot;Mini challenger&quot;","block_context":{"text":"Mini challenger","link":"http:\/\/www.jojoenherbe.com\/index.php\/category\/mini-challenger\/"},"img":{"alt_text":"","src":"https:\/\/i0.wp.com\/www.jojoenherbe.com\/wp-content\/uploads\/2023\/01\/Bingo-Challenge-Contes-et-Legendes-2023.jpg?fit=675%2C1200&resize=350%2C200","width":350,"height":200,"srcset":"https:\/\/i0.wp.com\/www.jojoenherbe.com\/wp-content\/uploads\/2023\/01\/Bingo-Challenge-Contes-et-Legendes-2023.jpg?fit=675%2C1200&resize=350%2C200 1x, https:\/\/i0.wp.com\/www.jojoenherbe.com\/wp-content\/uploads\/2023\/01\/Bingo-Challenge-Contes-et-Legendes-2023.jpg?fit=675%2C1200&resize=525%2C300 1.5x"},"classes":[]},{"id":13283,"url":"http:\/\/www.jojoenherbe.com\/index.php\/2020\/10\/25\/nos-lectures-le-petit-chaperon-rouge\/","url_meta":{"origin":28987,"position":1},"title":"Nos lectures \u00ab\u00a0Le Petit Chaperon rouge\u00a0\u00bb","author":"Jojo","date":"25 octobre 2020","format":false,"excerpt":"Apr\u00e8s nos lectures de Blanche-Neige, voici celles du Petit Chaperon rouge pour continuer sur le th\u00e8me Contes et L\u00e9gendes du Challenge Halloween 2020. Comme pour le billet pr\u00e9c\u00e9dent, il sera mis \u00e0 jour r\u00e9guli\u00e8rement, au fur-et-\u00e0-mesure de nos lectures du Petit Chaperon rouge. Des versions classiques: Le Petit Chaperon rouge\u2026","rel":"","context":"Dans &quot;Mini lecteur&quot;","block_context":{"text":"Mini lecteur","link":"http:\/\/www.jojoenherbe.com\/index.php\/category\/mini-lecteur\/"},"img":{"alt_text":"","src":"https:\/\/i0.wp.com\/www.jojoenherbe.com\/wp-content\/uploads\/2020\/10\/Nos-lectures-Petit-Chaperon-rouge-2-scaled.jpg?fit=1200%2C852&resize=350%2C200","width":350,"height":200,"srcset":"https:\/\/i0.wp.com\/www.jojoenherbe.com\/wp-content\/uploads\/2020\/10\/Nos-lectures-Petit-Chaperon-rouge-2-scaled.jpg?fit=1200%2C852&resize=350%2C200 1x, https:\/\/i0.wp.com\/www.jojoenherbe.com\/wp-content\/uploads\/2020\/10\/Nos-lectures-Petit-Chaperon-rouge-2-scaled.jpg?fit=1200%2C852&resize=525%2C300 1.5x, https:\/\/i0.wp.com\/www.jojoenherbe.com\/wp-content\/uploads\/2020\/10\/Nos-lectures-Petit-Chaperon-rouge-2-scaled.jpg?fit=1200%2C852&resize=700%2C400 2x, https:\/\/i0.wp.com\/www.jojoenherbe.com\/wp-content\/uploads\/2020\/10\/Nos-lectures-Petit-Chaperon-rouge-2-scaled.jpg?fit=1200%2C852&resize=1050%2C600 3x"},"classes":[]},{"id":15835,"url":"http:\/\/www.jojoenherbe.com\/index.php\/2021\/02\/17\/au-fil-des-pages-avec-le-petit-chaperon-rouge-2\/","url_meta":{"origin":28987,"position":2},"title":"Au fil des pages avec Le petit chaperon rouge","author":"Jojo","date":"17 f\u00e9vrier 2021","format":false,"excerpt":"Nous empruntons \u00e0 la m\u00e9diath\u00e8que Le petit chaperon rouge illustr\u00e9 par Thomas Baas, d'apr\u00e8s les Fr\u00e8res Grimm (\u00e9d. Play Bac, 2017), un album jeunesse \u00e0 partir de 4 ans voire un peu plus grand. Une petite fille se rend chez sa grand-m\u00e8re malade pour lui apporter un bon g\u00e2teau et\u2026","rel":"","context":"Dans &quot;Mini lecteur&quot;","block_context":{"text":"Mini lecteur","link":"http:\/\/www.jojoenherbe.com\/index.php\/category\/mini-lecteur\/"},"img":{"alt_text":"","src":"https:\/\/i0.wp.com\/www.jojoenherbe.com\/wp-content\/uploads\/2021\/02\/Le-petit-chaperon-rouge-Thomas-Baas-scaled.jpg?fit=1200%2C916&resize=350%2C200","width":350,"height":200,"srcset":"https:\/\/i0.wp.com\/www.jojoenherbe.com\/wp-content\/uploads\/2021\/02\/Le-petit-chaperon-rouge-Thomas-Baas-scaled.jpg?fit=1200%2C916&resize=350%2C200 1x, https:\/\/i0.wp.com\/www.jojoenherbe.com\/wp-content\/uploads\/2021\/02\/Le-petit-chaperon-rouge-Thomas-Baas-scaled.jpg?fit=1200%2C916&resize=525%2C300 1.5x, https:\/\/i0.wp.com\/www.jojoenherbe.com\/wp-content\/uploads\/2021\/02\/Le-petit-chaperon-rouge-Thomas-Baas-scaled.jpg?fit=1200%2C916&resize=700%2C400 2x, https:\/\/i0.wp.com\/www.jojoenherbe.com\/wp-content\/uploads\/2021\/02\/Le-petit-chaperon-rouge-Thomas-Baas-scaled.jpg?fit=1200%2C916&resize=1050%2C600 3x"},"classes":[]},{"id":16190,"url":"http:\/\/www.jojoenherbe.com\/index.php\/2021\/03\/02\/au-fil-des-pages-avec-dans-les-yeux\/","url_meta":{"origin":28987,"position":3},"title":"Au fil des pages avec Dans les yeux","author":"Jojo","date":"2 mars 2021","format":false,"excerpt":"J'emprunte \u00e0 la m\u00e9diath\u00e8que Dans les yeux de Philippe Jalbert (\u00e9d. Gautier-Languereau, 2017), un album jeunesse \u00e0 partir de 6 ans et qui revisite le conte du Petit Chaperon rouge. La petite fille par chez sa grand-m\u00e8re \u00e0 travers la for\u00eat et croise un loup. Contrairement au loup qui se\u2026","rel":"","context":"Dans &quot;Mini lecteur&quot;","block_context":{"text":"Mini lecteur","link":"http:\/\/www.jojoenherbe.com\/index.php\/category\/mini-lecteur\/"},"img":{"alt_text":"","src":"https:\/\/i0.wp.com\/www.jojoenherbe.com\/wp-content\/uploads\/2020\/10\/Dans-les-yeux-scaled.jpg?fit=1200%2C1028&resize=350%2C200","width":350,"height":200,"srcset":"https:\/\/i0.wp.com\/www.jojoenherbe.com\/wp-content\/uploads\/2020\/10\/Dans-les-yeux-scaled.jpg?fit=1200%2C1028&resize=350%2C200 1x, https:\/\/i0.wp.com\/www.jojoenherbe.com\/wp-content\/uploads\/2020\/10\/Dans-les-yeux-scaled.jpg?fit=1200%2C1028&resize=525%2C300 1.5x, https:\/\/i0.wp.com\/www.jojoenherbe.com\/wp-content\/uploads\/2020\/10\/Dans-les-yeux-scaled.jpg?fit=1200%2C1028&resize=700%2C400 2x, https:\/\/i0.wp.com\/www.jojoenherbe.com\/wp-content\/uploads\/2020\/10\/Dans-les-yeux-scaled.jpg?fit=1200%2C1028&resize=1050%2C600 3x"},"classes":[]},{"id":6988,"url":"http:\/\/www.jojoenherbe.com\/index.php\/2020\/10\/19\/au-fil-des-pages-avec-le-petit-loup-rouge\/","url_meta":{"origin":28987,"position":4},"title":"Au fil des pages avec Le Petit Loup Rouge","author":"Jojo","date":"19 octobre 2020","format":false,"excerpt":"J'emprunte \u00e0 la biblioth\u00e8que Le Petit Loup Rouge d'Am\u00e9lie Fl\u00e9chais (\u00e9d. Ankama, coll. \u00c9tincelle, 2014), un album jeunesse \u00e0 partir de 8 ans, voire un peu plus et qui d\u00e9tourne, de fa\u00e7on tout aussi sombre que le conte \u00e9crit par Charles Perrault, Le Petit Chaperon Rouge. Un petit loup tout\u2026","rel":"","context":"Dans &quot;Mini lecteur&quot;","block_context":{"text":"Mini lecteur","link":"http:\/\/www.jojoenherbe.com\/index.php\/category\/mini-lecteur\/"},"img":{"alt_text":"","src":"https:\/\/i0.wp.com\/www.jojoenherbe.com\/wp-content\/uploads\/2020\/10\/Le-petit-loup-rouge-scaled.jpg?fit=1122%2C1200&resize=350%2C200","width":350,"height":200,"srcset":"https:\/\/i0.wp.com\/www.jojoenherbe.com\/wp-content\/uploads\/2020\/10\/Le-petit-loup-rouge-scaled.jpg?fit=1122%2C1200&resize=350%2C200 1x, https:\/\/i0.wp.com\/www.jojoenherbe.com\/wp-content\/uploads\/2020\/10\/Le-petit-loup-rouge-scaled.jpg?fit=1122%2C1200&resize=525%2C300 1.5x, https:\/\/i0.wp.com\/www.jojoenherbe.com\/wp-content\/uploads\/2020\/10\/Le-petit-loup-rouge-scaled.jpg?fit=1122%2C1200&resize=700%2C400 2x, https:\/\/i0.wp.com\/www.jojoenherbe.com\/wp-content\/uploads\/2020\/10\/Le-petit-loup-rouge-scaled.jpg?fit=1122%2C1200&resize=1050%2C600 3x"},"classes":[]},{"id":20019,"url":"http:\/\/www.jojoenherbe.com\/index.php\/2021\/08\/03\/au-fil-des-pages-avec-la-petite-soeur-du-chaperon-rouge\/","url_meta":{"origin":28987,"position":5},"title":"Au fil des pages avec La petite s\u0153ur du Chaperon rouge","author":"Jojo","date":"3 ao\u00fbt 2021","format":false,"excerpt":"Nous lisons La petite s\u0153ur du Chaperon rouge de Didier L\u00e9vy et Clotilde Perrin (\u00e9d. Milan, 2015), un album jeunesse \u00e0 partir de 4 ans. Devenue c\u00e9l\u00e8bre, le Petit Chaperon rouge voudrait \u00e9galement \u00eatre riche et projette, avec sa grand-m\u00e8re tout aussi c\u00e9l\u00e8bre qu'elle, de transformer la for\u00eat enchant\u00e9e en\u2026","rel":"","context":"Dans &quot;Mini lecteur&quot;","block_context":{"text":"Mini lecteur","link":"http:\/\/www.jojoenherbe.com\/index.php\/category\/mini-lecteur\/"},"img":{"alt_text":"","src":"https:\/\/i0.wp.com\/www.jojoenherbe.com\/wp-content\/uploads\/2021\/08\/La-petite-soeur-du-Petit-Chaperon-rouge-scaled.jpg?fit=1200%2C900&resize=350%2C200","width":350,"height":200,"srcset":"https:\/\/i0.wp.com\/www.jojoenherbe.com\/wp-content\/uploads\/2021\/08\/La-petite-soeur-du-Petit-Chaperon-rouge-scaled.jpg?fit=1200%2C900&resize=350%2C200 1x, https:\/\/i0.wp.com\/www.jojoenherbe.com\/wp-content\/uploads\/2021\/08\/La-petite-soeur-du-Petit-Chaperon-rouge-scaled.jpg?fit=1200%2C900&resize=525%2C300 1.5x, https:\/\/i0.wp.com\/www.jojoenherbe.com\/wp-content\/uploads\/2021\/08\/La-petite-soeur-du-Petit-Chaperon-rouge-scaled.jpg?fit=1200%2C900&resize=700%2C400 2x, https:\/\/i0.wp.com\/www.jojoenherbe.com\/wp-content\/uploads\/2021\/08\/La-petite-soeur-du-Petit-Chaperon-rouge-scaled.jpg?fit=1200%2C900&resize=1050%2C600 3x"},"classes":[]}],"_links":{"self":[{"href":"http:\/\/www.jojoenherbe.com\/index.php\/wp-json\/wp\/v2\/posts\/28987","targetHints":{"allow":["GET"]}}],"collection":[{"href":"http:\/\/www.jojoenherbe.com\/index.php\/wp-json\/wp\/v2\/posts"}],"about":[{"href":"http:\/\/www.jojoenherbe.com\/index.php\/wp-json\/wp\/v2\/types\/post"}],"author":[{"embeddable":true,"href":"http:\/\/www.jojoenherbe.com\/index.php\/wp-json\/wp\/v2\/users\/1"}],"replies":[{"embeddable":true,"href":"http:\/\/www.jojoenherbe.com\/index.php\/wp-json\/wp\/v2\/comments?post=28987"}],"version-history":[{"count":17,"href":"http:\/\/www.jojoenherbe.com\/index.php\/wp-json\/wp\/v2\/posts\/28987\/revisions"}],"predecessor-version":[{"id":29248,"href":"http:\/\/www.jojoenherbe.com\/index.php\/wp-json\/wp\/v2\/posts\/28987\/revisions\/29248"}],"wp:featuredmedia":[{"embeddable":true,"href":"http:\/\/www.jojoenherbe.com\/index.php\/wp-json\/wp\/v2\/media\/29053"}],"wp:attachment":[{"href":"http:\/\/www.jojoenherbe.com\/index.php\/wp-json\/wp\/v2\/media?parent=28987"}],"wp:term":[{"taxonomy":"category","embeddable":true,"href":"http:\/\/www.jojoenherbe.com\/index.php\/wp-json\/wp\/v2\/categories?post=28987"},{"taxonomy":"post_tag","embeddable":true,"href":"http:\/\/www.jojoenherbe.com\/index.php\/wp-json\/wp\/v2\/tags?post=28987"}],"curies":[{"name":"wp","href":"https:\/\/api.w.org\/{rel}","templated":true}]}}