{"id":28920,"date":"2022-12-26T12:53:05","date_gmt":"2022-12-26T11:53:05","guid":{"rendered":"https:\/\/www.jojoenherbe.com\/?p=28920"},"modified":"2024-01-04T17:47:32","modified_gmt":"2024-01-04T16:47:32","slug":"au-fil-des-pages-avec-le-renne-mysterieux","status":"publish","type":"post","link":"http:\/\/www.jojoenherbe.com\/index.php\/2022\/12\/26\/au-fil-des-pages-avec-le-renne-mysterieux\/","title":{"rendered":"Au fil des pages avec Le renne myst\u00e9rieux"},"content":{"rendered":"<p style=\"text-align: justify;\"><em><a href=\"https:\/\/i0.wp.com\/www.jojoenherbe.com\/wp-content\/uploads\/2022\/12\/Le-renne-mysterieux-2-scaled.jpg\"><img data-recalc-dims=\"1\" loading=\"lazy\" decoding=\"async\" data-attachment-id=\"28930\" data-permalink=\"http:\/\/www.jojoenherbe.com\/index.php\/2022\/12\/26\/au-fil-des-pages-avec-le-renne-mysterieux\/le-renne-mysterieux-2\/\" data-orig-file=\"https:\/\/i0.wp.com\/www.jojoenherbe.com\/wp-content\/uploads\/2022\/12\/Le-renne-mysterieux-2-scaled.jpg?fit=2560%2C1910\" data-orig-size=\"2560,1910\" data-comments-opened=\"1\" data-image-meta=\"{&quot;aperture&quot;:&quot;1.8&quot;,&quot;credit&quot;:&quot;&quot;,&quot;camera&quot;:&quot;iPhone 7&quot;,&quot;caption&quot;:&quot;&quot;,&quot;created_timestamp&quot;:&quot;1672404408&quot;,&quot;copyright&quot;:&quot;&quot;,&quot;focal_length&quot;:&quot;3.99&quot;,&quot;iso&quot;:&quot;32&quot;,&quot;shutter_speed&quot;:&quot;0.01&quot;,&quot;title&quot;:&quot;&quot;,&quot;orientation&quot;:&quot;1&quot;}\" data-image-title=\"Le renne myst\u00e9rieux 2\" data-image-description=\"\" data-image-caption=\"\" data-large-file=\"https:\/\/i0.wp.com\/www.jojoenherbe.com\/wp-content\/uploads\/2022\/12\/Le-renne-mysterieux-2-scaled.jpg?fit=676%2C504\" class=\"alignleft size-thumbnail wp-image-28930\" src=\"https:\/\/i0.wp.com\/www.jojoenherbe.com\/wp-content\/uploads\/2022\/12\/Le-renne-mysterieux-2.jpg?resize=150%2C150\" alt=\"\" width=\"150\" height=\"150\" srcset=\"https:\/\/i0.wp.com\/www.jojoenherbe.com\/wp-content\/uploads\/2022\/12\/Le-renne-mysterieux-2-scaled.jpg?resize=150%2C150 150w, https:\/\/i0.wp.com\/www.jojoenherbe.com\/wp-content\/uploads\/2022\/12\/Le-renne-mysterieux-2-scaled.jpg?zoom=2&amp;resize=150%2C150 300w, https:\/\/i0.wp.com\/www.jojoenherbe.com\/wp-content\/uploads\/2022\/12\/Le-renne-mysterieux-2-scaled.jpg?zoom=3&amp;resize=150%2C150 450w\" sizes=\"auto, (max-width: 150px) 100vw, 150px\" \/><\/a>Cette ann\u00e9e, nous avons lu tout au long du mois de d\u00e9cembre (du 1er au 24) un roman de l\u2019Avent: <span style=\"text-decoration: underline;\">Le renne myst\u00e9rieux<\/span> de Natacha Godeau et Tristan Gion (\u00e9d. Auzou, 2021, 196 pages), un roman jeunesse \u00e0 partir de 8\/9 ans et d\u00e9coup\u00e9 en 24 chapitres \u00e0 d\u00e9tacher chaque jour. Pour les f\u00eates de No\u00ebl, la cousine d&rsquo;Eliott, Flore vient passer les vacances dans l&rsquo;\u00e9levage de rennes tenus par les parents d&rsquo;Eliott. Alors que No\u00ebl approche, les deux enfants font face \u00e0 d&rsquo;\u00e9tranges et troublants ph\u00e9nom\u00e8nes<\/em><em>: un renne scintillant bless\u00e9, un auto-stoppeur barbu tenant un atelier de jouets en bois ou bien encore un inqui\u00e9tant gnome qui voudrait bien r\u00e9cup\u00e9rer son grelot\u2026 Les deux enfants parviendront-ils \u00e0 d\u00e9couvrir le fin mot de l&rsquo;histoire et passer un merveilleux r\u00e9veillon de No\u00ebl en famille?<br \/>\n<\/em><\/p>\n<p style=\"text-align: justify;\"><em><a href=\"https:\/\/i0.wp.com\/www.jojoenherbe.com\/wp-content\/uploads\/2022\/12\/Le-renne-mysterieux-3-scaled.jpg\"><img data-recalc-dims=\"1\" loading=\"lazy\" decoding=\"async\" data-attachment-id=\"28931\" data-permalink=\"http:\/\/www.jojoenherbe.com\/index.php\/2022\/12\/26\/au-fil-des-pages-avec-le-renne-mysterieux\/le-renne-mysterieux-3\/\" data-orig-file=\"https:\/\/i0.wp.com\/www.jojoenherbe.com\/wp-content\/uploads\/2022\/12\/Le-renne-mysterieux-3-scaled.jpg?fit=2560%2C2201\" data-orig-size=\"2560,2201\" data-comments-opened=\"1\" data-image-meta=\"{&quot;aperture&quot;:&quot;1.8&quot;,&quot;credit&quot;:&quot;&quot;,&quot;camera&quot;:&quot;iPhone 7&quot;,&quot;caption&quot;:&quot;&quot;,&quot;created_timestamp&quot;:&quot;1672404486&quot;,&quot;copyright&quot;:&quot;&quot;,&quot;focal_length&quot;:&quot;3.99&quot;,&quot;iso&quot;:&quot;20&quot;,&quot;shutter_speed&quot;:&quot;0.0081967213114754&quot;,&quot;title&quot;:&quot;&quot;,&quot;orientation&quot;:&quot;1&quot;}\" data-image-title=\"Le renne myst\u00e9rieux 3\" data-image-description=\"\" data-image-caption=\"\" data-large-file=\"https:\/\/i0.wp.com\/www.jojoenherbe.com\/wp-content\/uploads\/2022\/12\/Le-renne-mysterieux-3-scaled.jpg?fit=676%2C581\" class=\"size-thumbnail wp-image-28931 alignright\" src=\"https:\/\/i0.wp.com\/www.jojoenherbe.com\/wp-content\/uploads\/2022\/12\/Le-renne-mysterieux-3.jpg?resize=150%2C150\" alt=\"\" width=\"150\" height=\"150\" srcset=\"https:\/\/i0.wp.com\/www.jojoenherbe.com\/wp-content\/uploads\/2022\/12\/Le-renne-mysterieux-3-scaled.jpg?resize=150%2C150 150w, https:\/\/i0.wp.com\/www.jojoenherbe.com\/wp-content\/uploads\/2022\/12\/Le-renne-mysterieux-3-scaled.jpg?zoom=2&amp;resize=150%2C150 300w, https:\/\/i0.wp.com\/www.jojoenherbe.com\/wp-content\/uploads\/2022\/12\/Le-renne-mysterieux-3-scaled.jpg?zoom=3&amp;resize=150%2C150 450w\" sizes=\"auto, (max-width: 150px) 100vw, 150px\" \/><\/a>Chaque jour, nous attendions avec impatience la suite des aventures no\u00eblesques d&rsquo;Eliott et de Flore, surtout mon mini lutin qui s&rsquo;est m\u00eame r\u00e9veill\u00e9, plusieurs matins, plus t\u00f4t que pr\u00e9vu afin que je lise le chapitre du jour avant d&rsquo;aller \u00e0 l&rsquo;\u00e9cole et de voir si ses soup\u00e7ons quant \u00e0 l&rsquo;identit\u00e9 de certains personnages \u00e9taient confirm\u00e9s ou non. L&rsquo;histoire est rythm\u00e9 et plein de rebondissements avec une touche magique. Les chapitres sont courts et finissent \u00e0 chaque fois sur du suspense. Les deux enfants sont attachants et tr\u00e8s complices dans leur enqu\u00eate. <\/em><em>Un tr\u00e8s bon moment de lecture tr\u00e8s addictive et qui a ravi mon mini lutin! <\/em><\/p>\n<div style=\"width: 115px\" class=\"wp-caption alignleft\"><img loading=\"lazy\" decoding=\"async\" class=\"attachment-post-image  wp-post-image\" src=\"https:\/\/i0.wp.com\/www.jojoenherbe.com\/wp-content\/uploads\/2022\/11\/Il-etait-10-fois-Noel.jpg?fit=676%2C676&amp;ssl=1\" sizes=\"auto, (max-width: 676px) 100vw, 676px\" srcset=\"https:\/\/i0.wp.com\/www.jojoenherbe.com\/wp-content\/uploads\/2022\/11\/Il-etait-10-fois-Noel.jpg?w=824&amp;ssl=1 824w, https:\/\/i0.wp.com\/www.jojoenherbe.com\/wp-content\/uploads\/2022\/11\/Il-etait-10-fois-Noel.jpg?resize=300%2C300&amp;ssl=1 300w, https:\/\/i0.wp.com\/www.jojoenherbe.com\/wp-content\/uploads\/2022\/11\/Il-etait-10-fois-Noel.jpg?resize=150%2C150&amp;ssl=1 150w, https:\/\/i0.wp.com\/www.jojoenherbe.com\/wp-content\/uploads\/2022\/11\/Il-etait-10-fois-Noel.jpg?resize=768%2C768&amp;ssl=1 768w, https:\/\/i0.wp.com\/www.jojoenherbe.com\/wp-content\/uploads\/2022\/11\/Il-etait-10-fois-Noel.jpg?resize=676%2C676&amp;ssl=1 676w\" alt=\"\" width=\"105\" height=\"105\" data-attachment-id=\"28666\" data-permalink=\"https:\/\/www.jojoenherbe.com\/index.php\/2022\/11\/18\/billet-de-suivi-il-etait-10-fois-noel\/il-etait-10-fois-noel\/\" data-orig-file=\"https:\/\/i0.wp.com\/www.jojoenherbe.com\/wp-content\/uploads\/2022\/11\/Il-etait-10-fois-Noel.jpg?fit=824%2C824&amp;ssl=1\" data-orig-size=\"824,824\" data-comments-opened=\"1\" data-image-meta=\"{&quot;aperture&quot;:&quot;0&quot;,&quot;credit&quot;:&quot;&quot;,&quot;camera&quot;:&quot;&quot;,&quot;caption&quot;:&quot;&quot;,&quot;created_timestamp&quot;:&quot;1667392376&quot;,&quot;copyright&quot;:&quot;&quot;,&quot;focal_length&quot;:&quot;0&quot;,&quot;iso&quot;:&quot;0&quot;,&quot;shutter_speed&quot;:&quot;0&quot;,&quot;title&quot;:&quot;&quot;,&quot;orientation&quot;:&quot;1&quot;}\" data-image-title=\"Il \u00e9tait 10 fois No\u00ebl\" data-image-description=\"\" data-image-caption=\"\" data-medium-file=\"https:\/\/i0.wp.com\/www.jojoenherbe.com\/wp-content\/uploads\/2022\/11\/Il-etait-10-fois-Noel.jpg?fit=300%2C300&amp;ssl=1\" data-large-file=\"https:\/\/i0.wp.com\/www.jojoenherbe.com\/wp-content\/uploads\/2022\/11\/Il-etait-10-fois-Noel.jpg?fit=676%2C676&amp;ssl=1\" \/><p class=\"wp-caption-text\">Participation # Challenge Il \u00e9tait 10 fois No\u00ebl de <a href=\"https:\/\/www.laplanquealibellules.fr\/2022\/11\/il-etait-dix-fois-noel.html\/\">Chicky Poo<\/a> et Samarian #Roman de l&rsquo;Avent<\/p><\/div>\n<div style=\"width: 120px\" class=\"wp-caption alignleft\"><img loading=\"lazy\" decoding=\"async\" class=\"attachment-post-image  wp-post-image\" src=\"https:\/\/i0.wp.com\/www.jojoenherbe.com\/wp-content\/uploads\/2022\/11\/Challenge-Christmas-Time-2022-2.jpg?fit=367%2C356&amp;ssl=1\" sizes=\"auto, (max-width: 367px) 100vw, 367px\" srcset=\"https:\/\/i0.wp.com\/www.jojoenherbe.com\/wp-content\/uploads\/2022\/11\/Challenge-Christmas-Time-2022-2.jpg?w=367&amp;ssl=1 367w, https:\/\/i0.wp.com\/www.jojoenherbe.com\/wp-content\/uploads\/2022\/11\/Challenge-Christmas-Time-2022-2.jpg?resize=300%2C291&amp;ssl=1 300w\" alt=\"\" width=\"110\" height=\"107\" data-attachment-id=\"28737\" data-permalink=\"https:\/\/www.jojoenherbe.com\/index.php\/2022\/11\/15\/billet-de-suivi-challenge-christmas-time-2022\/challenge-christmas-time-2022-2\/\" data-orig-file=\"https:\/\/i0.wp.com\/www.jojoenherbe.com\/wp-content\/uploads\/2022\/11\/Challenge-Christmas-Time-2022-2.jpg?fit=367%2C356&amp;ssl=1\" data-orig-size=\"367,356\" data-comments-opened=\"1\" data-image-meta=\"{&quot;aperture&quot;:&quot;0&quot;,&quot;credit&quot;:&quot;&quot;,&quot;camera&quot;:&quot;&quot;,&quot;caption&quot;:&quot;&quot;,&quot;created_timestamp&quot;:&quot;1668775755&quot;,&quot;copyright&quot;:&quot;&quot;,&quot;focal_length&quot;:&quot;0&quot;,&quot;iso&quot;:&quot;0&quot;,&quot;shutter_speed&quot;:&quot;0&quot;,&quot;title&quot;:&quot;&quot;,&quot;orientation&quot;:&quot;0&quot;}\" data-image-title=\"Challenge Christmas Time 2022 (2)\" data-image-description=\"\" data-image-caption=\"\" data-medium-file=\"https:\/\/i0.wp.com\/www.jojoenherbe.com\/wp-content\/uploads\/2022\/11\/Challenge-Christmas-Time-2022-2.jpg?fit=300%2C291&amp;ssl=1\" data-large-file=\"https:\/\/i0.wp.com\/www.jojoenherbe.com\/wp-content\/uploads\/2022\/11\/Challenge-Christmas-Time-2022-2.jpg?fit=367%2C356&amp;ssl=1\" \/><p class=\"wp-caption-text\">Participation # Challenge Christmas Time 2022 de <a href=\"http:\/\/mya-books.over-blog.com\/2022\/11\/challenge-christmas-time-2022.html\">MyaRosa<\/a> #Roman de l&rsquo;Avent<\/p><\/div>\n<div style=\"width: 126px\" class=\"wp-caption alignleft\"><img loading=\"lazy\" decoding=\"async\" class=\"\" src=\"https:\/\/lh3.googleusercontent.com\/pw\/AM-JKLW-8Xy9BIRqinPzrRBz2J2pSlRnlFIwPEKmmv1zpAf3DZoC0nJGqVPx8b0ycvPVte06hr4gaDsphFfyIzipAAW1MPEwEpWUpvmIVdN6H4fs8knOaKBdlyDoMp3hCYeWKD_2Ax2fVRZYrtgs4qzmpYdYpQ=w285-h217-no?authuser=1\" alt=\"\" width=\"116\" height=\"88\" \/><p class=\"wp-caption-text\">Challenge Petit Bac d\u2019<a href=\"https:\/\/ennalit.wordpress.com\/2021\/12\/01\/challenge-petit-bac-2022-qui-veut-jouer\/\">Enna<\/a> #7 Cat\u00e9gorie Animal: \u00ab Renne \u00bb<\/p><\/div>\n<div style=\"width: 120px\" class=\"wp-caption alignleft\"><img loading=\"lazy\" decoding=\"async\" class=\"\" src=\"https:\/\/i2.wp.com\/mapetitemediatheque.fr\/wp-content\/uploads\/2021\/11\/Inkedle-tour-du-monde-en-80-livres-2_LI.jpg?resize=168%2C127&amp;ssl=1\" alt=\"\" width=\"110\" height=\"83\" \/><p class=\"wp-caption-text\">Participation #110 Challenge Le tour du monde en 80 livres de <a href=\"https:\/\/mapetitemediatheque.fr\/2021\/12\/le-tour-du-monde-en-80-livres-le-challenge-qui-vous-fait-aimer-la-litterature-etrangere\/\">Bidib<\/a> #France<\/p><\/div>\n","protected":false},"excerpt":{"rendered":"<p>Cette ann\u00e9e, nous avons lu tout au long du mois de d\u00e9cembre (du 1er au 24) un roman de l\u2019Avent: Le renne myst\u00e9rieux de Natacha Godeau et Tristan Gion (\u00e9d. Auzou, 2021, 196 pages), un roman jeunesse \u00e0 partir de 8\/9 ans et d\u00e9coup\u00e9 en 24 chapitres \u00e0 d\u00e9tacher chaque jour. Pour les f\u00eates de [&hellip;]<\/p>\n","protected":false},"author":1,"featured_media":28812,"comment_status":"open","ping_status":"open","sticky":false,"template":"","format":"standard","meta":{"jetpack_post_was_ever_published":false,"_jetpack_newsletter_access":"","_jetpack_dont_email_post_to_subs":false,"_jetpack_newsletter_tier_id":0,"_jetpack_memberships_contains_paywalled_content":false,"_jetpack_memberships_contains_paid_content":false,"footnotes":""},"categories":[363],"tags":[852,3368,2915,1664,868,914,459,3367,2918,367,1056,1901,727,1179,3516,19,698,1965,3507,789,3517],"class_list":["post-28920","post","type-post","status-publish","format-standard","has-post-thumbnail","hentry","category-mini-lecteur","tag-9-12-ans","tag-challenge-christmas-time-2022","tag-challenge-petit-bac-2022","tag-cousin","tag-enfance","tag-enquete","tag-famille","tag-il-etait-10-fois-noel","tag-le-tour-du-monde-en-80-livres-2022","tag-lecture-jeunesse","tag-lectures-de-noel","tag-lutin","tag-magie","tag-mystere","tag-natacha-godeau","tag-noel","tag-pere-noel","tag-renne","tag-roman-de-lavent","tag-romans-jeunesse","tag-tristan-gion","post-preview"],"jetpack_featured_media_url":"https:\/\/i0.wp.com\/www.jojoenherbe.com\/wp-content\/uploads\/2022\/12\/Le-renne-mysterieux-scaled.jpg?fit=2560%2C1958","jetpack_sharing_enabled":true,"jetpack_shortlink":"https:\/\/wp.me\/p9zhGx-7ws","jetpack_likes_enabled":true,"jetpack-related-posts":[{"id":28763,"url":"http:\/\/www.jojoenherbe.com\/index.php\/2022\/12\/01\/nos-calendriers-de-noel-2022\/","url_meta":{"origin":28920,"position":0},"title":"Nos calendriers de No\u00ebl 2022","author":"Jojo","date":"1 d\u00e9cembre 2022","format":false,"excerpt":"En ce 1er d\u00e9cembre 2022, il est temps d\u2019ouvrir la premi\u00e8re case de nos calendriers de No\u00ebl. Ce sera notre premier rituel de la journ\u00e9e tout au long du mois de d\u00e9cembre. Cela tombe bien puisque MyaRosa, Chicky Poo et Samarian nous proposent de pr\u00e9senter les calendriers de l\u2019Avent. Il\u2026","rel":"","context":"Dans &quot;Mini challenger&quot;","block_context":{"text":"Mini challenger","link":"http:\/\/www.jojoenherbe.com\/index.php\/category\/mini-challenger\/"},"img":{"alt_text":"","src":"https:\/\/i0.wp.com\/www.jojoenherbe.com\/wp-content\/uploads\/2022\/12\/Calendriers-de-Noel-2022-scaled.jpg?fit=1200%2C737&resize=350%2C200","width":350,"height":200,"srcset":"https:\/\/i0.wp.com\/www.jojoenherbe.com\/wp-content\/uploads\/2022\/12\/Calendriers-de-Noel-2022-scaled.jpg?fit=1200%2C737&resize=350%2C200 1x, https:\/\/i0.wp.com\/www.jojoenherbe.com\/wp-content\/uploads\/2022\/12\/Calendriers-de-Noel-2022-scaled.jpg?fit=1200%2C737&resize=525%2C300 1.5x, https:\/\/i0.wp.com\/www.jojoenherbe.com\/wp-content\/uploads\/2022\/12\/Calendriers-de-Noel-2022-scaled.jpg?fit=1200%2C737&resize=700%2C400 2x, https:\/\/i0.wp.com\/www.jojoenherbe.com\/wp-content\/uploads\/2022\/12\/Calendriers-de-Noel-2022-scaled.jpg?fit=1200%2C737&resize=1050%2C600 3x"},"classes":[]},{"id":28779,"url":"http:\/\/www.jojoenherbe.com\/index.php\/2022\/12\/09\/rat-de-noel-2022\/","url_meta":{"origin":28920,"position":1},"title":"RAT de No\u00ebl 2022","author":"Jojo","date":"9 d\u00e9cembre 2022","format":false,"excerpt":"Ce 9 d\u00e9cembre 2020 \u00e0 21h d\u00e9bute un RAT de No\u00ebl organis\u00e9 par Chicky Poo et Samarian et\u00a0 dans le cadre du challenge Il \u00e9tait 10 fois No\u00ebl, et ce jusqu\u2019au 11 d\u00e9cembre minuit avec au moins une lecture sur le th\u00e8me de l\u2019hiver et\/ou de No\u00ebl. Alors on se\u2026","rel":"","context":"Dans &quot;Mini challenger&quot;","block_context":{"text":"Mini challenger","link":"http:\/\/www.jojoenherbe.com\/index.php\/category\/mini-challenger\/"},"img":{"alt_text":"","src":"https:\/\/i0.wp.com\/www.jojoenherbe.com\/wp-content\/uploads\/2022\/12\/RAT-de-Noel-2022-PAL-scaled.jpg?fit=1200%2C890&resize=350%2C200","width":350,"height":200,"srcset":"https:\/\/i0.wp.com\/www.jojoenherbe.com\/wp-content\/uploads\/2022\/12\/RAT-de-Noel-2022-PAL-scaled.jpg?fit=1200%2C890&resize=350%2C200 1x, https:\/\/i0.wp.com\/www.jojoenherbe.com\/wp-content\/uploads\/2022\/12\/RAT-de-Noel-2022-PAL-scaled.jpg?fit=1200%2C890&resize=525%2C300 1.5x, https:\/\/i0.wp.com\/www.jojoenherbe.com\/wp-content\/uploads\/2022\/12\/RAT-de-Noel-2022-PAL-scaled.jpg?fit=1200%2C890&resize=700%2C400 2x, https:\/\/i0.wp.com\/www.jojoenherbe.com\/wp-content\/uploads\/2022\/12\/RAT-de-Noel-2022-PAL-scaled.jpg?fit=1200%2C890&resize=1050%2C600 3x"},"classes":[]},{"id":22696,"url":"http:\/\/www.jojoenherbe.com\/index.php\/2023\/12\/12\/au-fil-des-pages-avec-nina-et-le-renne-de-noel\/","url_meta":{"origin":28920,"position":2},"title":"Au fil des pages avec Nina et le renne de No\u00ebl","author":"Jojo","date":"12 d\u00e9cembre 2023","format":false,"excerpt":"Apr\u00e8s l'avoir d\u00e9couvert dans la case 2 de notre calendrier de No\u00ebl 2021, nous avons encore relu hier, pendant le RAT de No\u00ebl, Nina et le renne de No\u00ebl de Nicola Killen (\u00e9d. Quatre Fleuves, octobre 2017, 20 pages), un album jeunesse \u00e0 partir de 3 ans et avec des\u2026","rel":"","context":"Dans &quot;Mini lecteur&quot;","block_context":{"text":"Mini lecteur","link":"http:\/\/www.jojoenherbe.com\/index.php\/category\/mini-lecteur\/"},"img":{"alt_text":"","src":"https:\/\/i0.wp.com\/www.jojoenherbe.com\/wp-content\/uploads\/2021\/12\/Nina-et-le-renne-de-Noel-scaled.jpg?fit=1200%2C944&resize=350%2C200","width":350,"height":200,"srcset":"https:\/\/i0.wp.com\/www.jojoenherbe.com\/wp-content\/uploads\/2021\/12\/Nina-et-le-renne-de-Noel-scaled.jpg?fit=1200%2C944&resize=350%2C200 1x, https:\/\/i0.wp.com\/www.jojoenherbe.com\/wp-content\/uploads\/2021\/12\/Nina-et-le-renne-de-Noel-scaled.jpg?fit=1200%2C944&resize=525%2C300 1.5x, https:\/\/i0.wp.com\/www.jojoenherbe.com\/wp-content\/uploads\/2021\/12\/Nina-et-le-renne-de-Noel-scaled.jpg?fit=1200%2C944&resize=700%2C400 2x, https:\/\/i0.wp.com\/www.jojoenherbe.com\/wp-content\/uploads\/2021\/12\/Nina-et-le-renne-de-Noel-scaled.jpg?fit=1200%2C944&resize=1050%2C600 3x"},"classes":[]},{"id":42016,"url":"http:\/\/www.jojoenherbe.com\/index.php\/2025\/12\/29\/au-fil-des-pages-avec-lenfance-du-pere-noel\/","url_meta":{"origin":28920,"position":3},"title":"Au fil des pages avec L&rsquo;enfance du P\u00e8re No\u00ebl","author":"Jojo","date":"29 d\u00e9cembre 2025","format":false,"excerpt":"Nous avons lu L\u2019enfance du P\u00e8re No\u00ebl de S\u00e9bastien Perez et Benjamin Lacombe (\u00e9d. Margot, diff. L\u2019\u00c9cole des Loisirs, octobre 2025, 104 pages), un album jeunesse grand format aux magnifiques illustrations qui se lit comme un livre de l'Avent et \u00e0 partir de 5\/6 ans. Chaque double page comporte un\u2026","rel":"","context":"Dans &quot;Mini lecteur&quot;","block_context":{"text":"Mini lecteur","link":"http:\/\/www.jojoenherbe.com\/index.php\/category\/mini-lecteur\/"},"img":{"alt_text":"","src":"https:\/\/i0.wp.com\/www.jojoenherbe.com\/wp-content\/uploads\/2025\/12\/Lenfance-du-Pere-Noel-scaled.jpg?fit=1200%2C839&resize=350%2C200","width":350,"height":200,"srcset":"https:\/\/i0.wp.com\/www.jojoenherbe.com\/wp-content\/uploads\/2025\/12\/Lenfance-du-Pere-Noel-scaled.jpg?fit=1200%2C839&resize=350%2C200 1x, https:\/\/i0.wp.com\/www.jojoenherbe.com\/wp-content\/uploads\/2025\/12\/Lenfance-du-Pere-Noel-scaled.jpg?fit=1200%2C839&resize=525%2C300 1.5x, https:\/\/i0.wp.com\/www.jojoenherbe.com\/wp-content\/uploads\/2025\/12\/Lenfance-du-Pere-Noel-scaled.jpg?fit=1200%2C839&resize=700%2C400 2x, https:\/\/i0.wp.com\/www.jojoenherbe.com\/wp-content\/uploads\/2025\/12\/Lenfance-du-Pere-Noel-scaled.jpg?fit=1200%2C839&resize=1050%2C600 3x"},"classes":[]},{"id":34255,"url":"http:\/\/www.jojoenherbe.com\/index.php\/2024\/01\/18\/au-fil-des-pages-avec-dernier-arret-pour-le-renne-express\/","url_meta":{"origin":28920,"position":4},"title":"Au fil des pages avec Dernier arr\u00eat pour le Renne Express","author":"Jojo","date":"18 janvier 2024","format":false,"excerpt":"Nous avons lu et relu en d\u00e9cembre et encore d\u00e9but janvier Dernier arr\u00eat pour le Renne Express de Maudie Powell-Tuck et Karl James Mountford (\u00e9d. Sassi Junior, 2022, 32 pages), un album jeunesse paru pour la premi\u00e8re fois en Grande-Bretagne en 2017, avec des rabats \u00e0 ouvrir et \u00e0 partir\u2026","rel":"","context":"Dans &quot;Mini lecteur&quot;","block_context":{"text":"Mini lecteur","link":"http:\/\/www.jojoenherbe.com\/index.php\/category\/mini-lecteur\/"},"img":{"alt_text":"","src":"https:\/\/i0.wp.com\/www.jojoenherbe.com\/wp-content\/uploads\/2024\/01\/Dernier-arret-pour-le-Renne-Express-scaled.jpg?fit=1200%2C819&resize=350%2C200","width":350,"height":200,"srcset":"https:\/\/i0.wp.com\/www.jojoenherbe.com\/wp-content\/uploads\/2024\/01\/Dernier-arret-pour-le-Renne-Express-scaled.jpg?fit=1200%2C819&resize=350%2C200 1x, https:\/\/i0.wp.com\/www.jojoenherbe.com\/wp-content\/uploads\/2024\/01\/Dernier-arret-pour-le-Renne-Express-scaled.jpg?fit=1200%2C819&resize=525%2C300 1.5x, https:\/\/i0.wp.com\/www.jojoenherbe.com\/wp-content\/uploads\/2024\/01\/Dernier-arret-pour-le-Renne-Express-scaled.jpg?fit=1200%2C819&resize=700%2C400 2x, https:\/\/i0.wp.com\/www.jojoenherbe.com\/wp-content\/uploads\/2024\/01\/Dernier-arret-pour-le-Renne-Express-scaled.jpg?fit=1200%2C819&resize=1050%2C600 3x"},"classes":[]},{"id":33268,"url":"http:\/\/www.jojoenherbe.com\/index.php\/2023\/12\/01\/nos-calendriers-de-noel-2023\/","url_meta":{"origin":28920,"position":5},"title":"Nos calendriers de No\u00ebl 2023","author":"Jojo","date":"1 d\u00e9cembre 2023","format":false,"excerpt":"En ce 1er d\u00e9cembre 2023, il est temps d\u2019ouvrir la premi\u00e8re case de nos calendriers de No\u00ebl. Ce sera notre premier rituel de la journ\u00e9e tout au long du mois de d\u00e9cembre. Cela tombe bien puisque MyaRosa, Chicky Poo et Samarian nous proposent de pr\u00e9senter les calendriers de l\u2019Avent. Il\u2026","rel":"","context":"Dans &quot;Mini challenger&quot;","block_context":{"text":"Mini challenger","link":"http:\/\/www.jojoenherbe.com\/index.php\/category\/mini-challenger\/"},"img":{"alt_text":"","src":"https:\/\/i0.wp.com\/www.jojoenherbe.com\/wp-content\/uploads\/2023\/11\/Calendrier-de-Noel-2023-scaled.jpg?fit=1200%2C939&resize=350%2C200","width":350,"height":200,"srcset":"https:\/\/i0.wp.com\/www.jojoenherbe.com\/wp-content\/uploads\/2023\/11\/Calendrier-de-Noel-2023-scaled.jpg?fit=1200%2C939&resize=350%2C200 1x, https:\/\/i0.wp.com\/www.jojoenherbe.com\/wp-content\/uploads\/2023\/11\/Calendrier-de-Noel-2023-scaled.jpg?fit=1200%2C939&resize=525%2C300 1.5x, https:\/\/i0.wp.com\/www.jojoenherbe.com\/wp-content\/uploads\/2023\/11\/Calendrier-de-Noel-2023-scaled.jpg?fit=1200%2C939&resize=700%2C400 2x, https:\/\/i0.wp.com\/www.jojoenherbe.com\/wp-content\/uploads\/2023\/11\/Calendrier-de-Noel-2023-scaled.jpg?fit=1200%2C939&resize=1050%2C600 3x"},"classes":[]}],"_links":{"self":[{"href":"http:\/\/www.jojoenherbe.com\/index.php\/wp-json\/wp\/v2\/posts\/28920","targetHints":{"allow":["GET"]}}],"collection":[{"href":"http:\/\/www.jojoenherbe.com\/index.php\/wp-json\/wp\/v2\/posts"}],"about":[{"href":"http:\/\/www.jojoenherbe.com\/index.php\/wp-json\/wp\/v2\/types\/post"}],"author":[{"embeddable":true,"href":"http:\/\/www.jojoenherbe.com\/index.php\/wp-json\/wp\/v2\/users\/1"}],"replies":[{"embeddable":true,"href":"http:\/\/www.jojoenherbe.com\/index.php\/wp-json\/wp\/v2\/comments?post=28920"}],"version-history":[{"count":12,"href":"http:\/\/www.jojoenherbe.com\/index.php\/wp-json\/wp\/v2\/posts\/28920\/revisions"}],"predecessor-version":[{"id":34028,"href":"http:\/\/www.jojoenherbe.com\/index.php\/wp-json\/wp\/v2\/posts\/28920\/revisions\/34028"}],"wp:featuredmedia":[{"embeddable":true,"href":"http:\/\/www.jojoenherbe.com\/index.php\/wp-json\/wp\/v2\/media\/28812"}],"wp:attachment":[{"href":"http:\/\/www.jojoenherbe.com\/index.php\/wp-json\/wp\/v2\/media?parent=28920"}],"wp:term":[{"taxonomy":"category","embeddable":true,"href":"http:\/\/www.jojoenherbe.com\/index.php\/wp-json\/wp\/v2\/categories?post=28920"},{"taxonomy":"post_tag","embeddable":true,"href":"http:\/\/www.jojoenherbe.com\/index.php\/wp-json\/wp\/v2\/tags?post=28920"}],"curies":[{"name":"wp","href":"https:\/\/api.w.org\/{rel}","templated":true}]}}