{"id":28779,"date":"2022-12-09T11:15:41","date_gmt":"2022-12-09T10:15:41","guid":{"rendered":"https:\/\/www.jojoenherbe.com\/?p=28779"},"modified":"2022-12-12T13:06:05","modified_gmt":"2022-12-12T12:06:05","slug":"rat-de-noel-2022","status":"publish","type":"post","link":"http:\/\/www.jojoenherbe.com\/index.php\/2022\/12\/09\/rat-de-noel-2022\/","title":{"rendered":"RAT de No\u00ebl 2022"},"content":{"rendered":"<p style=\"text-align: justify;\"><em>Ce 9 d\u00e9cembre 2020 \u00e0 21h d\u00e9bute un RAT de No\u00ebl organis\u00e9 par Chicky Poo et Samarian et\u00a0 dans le cadre du challenge Il \u00e9tait 10 fois No\u00ebl, et ce jusqu\u2019au 11 d\u00e9cembre minuit avec au moins une lecture sur le th\u00e8me de l\u2019hiver et\/ou de No\u00ebl. Alors on se glisse sous les plaids, au coin du feu du chalet.<\/em><\/p>\n<p style=\"text-align: justify;\"><em><a href=\"https:\/\/i0.wp.com\/www.jojoenherbe.com\/wp-content\/uploads\/2022\/11\/Il-etait-10-fois-Noel-bingo.jpg\"><img data-recalc-dims=\"1\" loading=\"lazy\" decoding=\"async\" data-attachment-id=\"28667\" data-permalink=\"http:\/\/www.jojoenherbe.com\/index.php\/2022\/11\/18\/billet-de-suivi-il-etait-10-fois-noel\/il-etait-10-fois-noel-bingo\/\" data-orig-file=\"https:\/\/i0.wp.com\/www.jojoenherbe.com\/wp-content\/uploads\/2022\/11\/Il-etait-10-fois-Noel-bingo.jpg?fit=563%2C729\" data-orig-size=\"563,729\" data-comments-opened=\"1\" data-image-meta=\"{&quot;aperture&quot;:&quot;0&quot;,&quot;credit&quot;:&quot;&quot;,&quot;camera&quot;:&quot;&quot;,&quot;caption&quot;:&quot;&quot;,&quot;created_timestamp&quot;:&quot;1667415107&quot;,&quot;copyright&quot;:&quot;&quot;,&quot;focal_length&quot;:&quot;0&quot;,&quot;iso&quot;:&quot;0&quot;,&quot;shutter_speed&quot;:&quot;0&quot;,&quot;title&quot;:&quot;&quot;,&quot;orientation&quot;:&quot;0&quot;}\" data-image-title=\"Il \u00e9tait 10 fois No\u00ebl &amp;#8211; bingo\" data-image-description=\"\" data-image-caption=\"\" data-large-file=\"https:\/\/i0.wp.com\/www.jojoenherbe.com\/wp-content\/uploads\/2022\/11\/Il-etait-10-fois-Noel-bingo.jpg?fit=563%2C729\" class=\"alignleft size-thumbnail wp-image-28667\" src=\"https:\/\/i0.wp.com\/www.jojoenherbe.com\/wp-content\/uploads\/2022\/11\/Il-etait-10-fois-Noel-bingo.jpg?resize=150%2C150\" alt=\"\" width=\"150\" height=\"150\" srcset=\"https:\/\/i0.wp.com\/www.jojoenherbe.com\/wp-content\/uploads\/2022\/11\/Il-etait-10-fois-Noel-bingo.jpg?resize=150%2C150 150w, https:\/\/i0.wp.com\/www.jojoenherbe.com\/wp-content\/uploads\/2022\/11\/Il-etait-10-fois-Noel-bingo.jpg?zoom=2&amp;resize=150%2C150 300w, https:\/\/i0.wp.com\/www.jojoenherbe.com\/wp-content\/uploads\/2022\/11\/Il-etait-10-fois-Noel-bingo.jpg?zoom=3&amp;resize=150%2C150 450w\" sizes=\"auto, (max-width: 150px) 100vw, 150px\" \/><\/a>Allons-nous coch\u00e9 quelques cases du bingo litt\u00e9raire no\u00eblesque de cette ann\u00e9e? Nous ne le serons qu\u2019\u00e0 la fin du week-end! D\u2019ailleurs, ce billet de suivi sera actualis\u00e9 tout le long du marathon et sera ponctu\u00e9 aussi par les passages sur les blogs et\/ou r\u00e9seaux sociaux des autres participantes.<\/em><\/p>\n<p style=\"text-align: justify;\"><em>En attendant ce soir 21h, j\u2019ai commenc\u00e9 \u00e0 pr\u00e9parer notre PAL qui pourra \u00e9voluer en fonction de nos envies de (re)lectures ou du temps que nous pourrons consacrer au RAT. J&rsquo;ai pr\u00e9vu de lire, en e-book, la lecture commune pour le 23 d\u00e9cembre, <span style=\"text-decoration: underline;\">Vous reprendrez bien un peu de magie pour No\u00ebl?<\/span> de Car\u00e8ne Ponte (\u00e9d. 12\/21, 2022, 243 pages). Nous continuerons \u00e9galement le roman de l&rsquo;Avent, <span style=\"text-decoration: underline;\">Le renne myst\u00e9rieux<\/span> de Natacha Godeau et Tristan Gion (\u00e9d. Auzou, 2021, 196 pages) avec les chapitres 9 \u00e0 11.<br \/>\n<\/em><\/p>\n<p style=\"text-align: justify;\"><em>Pour d\u2019autres id\u00e9es no\u00eblesques (lectures, recettes et autres activit\u00e9s), les autres participants: <a href=\"https:\/\/www.laplanquealibellules.fr\/2022\/12\/il-etait-dix-fois-noel-marathon-de-lecture.html\/\">Chicky Poo<\/a>, <a href=\"http:\/\/viedecontedefee.blogspot.com\/2022\/12\/1722-un-weekend-de-lecture-au-chalet.html\">Samarian<\/a>, <a href=\"http:\/\/lilasviolet.blogspot.com\/2022\/12\/marathon-de-lecture-billet-de-suivi.html\">Lilas<\/a>, <a href=\"http:\/\/lespassionsdemeline.blogspot.com\/2022\/12\/challenges-iletait10foisnoel-marathonlecturebingo.html\">M\u00e9line<\/a>, <a href=\"https:\/\/lelivroblog.fr\/2022\/12\/09\/marathon-de-lecture-de-noel-2022\/\">Hilde<\/a>, <a href=\"https:\/\/lorouge.wordpress.com\/2022\/12\/09\/il-etait-dix-fois-noel-le-marathon-de-lecture\/\">L&rsquo;Orouge<\/a>, <a href=\"https:\/\/mapetitemediatheque.fr\/2022\/12\/marathon-de-lecture-il-etait-dix-fois-noel\/\">Bidib<\/a>, <a href=\"http:\/\/jelydragon.blogspot.com\/2022\/12\/10xnoel-marathon-de-lecture-special-noel.html\">Jelydragon<\/a>, <a href=\"http:\/\/jelydragon.blogspot.com\/2022\/12\/10xnoel-marathon-de-lecture-special-noel.html\">Light and Smell<\/a>, <a href=\"https:\/\/souriresouslapluie.wordpress.com\/2022\/12\/09\/decembre-etincelant-marathon-de-lecture-du-9-au-11-decembre\/\">Touloulou<\/a> et <a href=\"http:\/\/keskonfe.eklablog.com\/il-etait-dix-fois-noel-jour-9-a213516473\">Manika<\/a>.<br \/>\n<\/em><\/p>\n<p style=\"text-align: justify;\"><em>\u00c0 ce soir pour le d\u00e9but du RAT!<\/em><\/p>\n<p><span style=\"text-decoration: underline; color: #ff0000;\"><em>Vendredi 9 d\u00e9cembre 2022<\/em><\/span><\/p>\n<p style=\"text-align: justify;\"><em><a href=\"https:\/\/i0.wp.com\/www.jojoenherbe.com\/wp-content\/uploads\/2022\/12\/Le-renne-mysterieux-scaled.jpg\"><img data-recalc-dims=\"1\" loading=\"lazy\" decoding=\"async\" data-attachment-id=\"28812\" data-permalink=\"http:\/\/www.jojoenherbe.com\/index.php\/2022\/12\/09\/rat-de-noel-2022\/le-renne-mysterieux\/\" data-orig-file=\"https:\/\/i0.wp.com\/www.jojoenherbe.com\/wp-content\/uploads\/2022\/12\/Le-renne-mysterieux-scaled.jpg?fit=2560%2C1958\" data-orig-size=\"2560,1958\" data-comments-opened=\"1\" data-image-meta=\"{&quot;aperture&quot;:&quot;1.8&quot;,&quot;credit&quot;:&quot;&quot;,&quot;camera&quot;:&quot;iPhone 7&quot;,&quot;caption&quot;:&quot;&quot;,&quot;created_timestamp&quot;:&quot;1670841662&quot;,&quot;copyright&quot;:&quot;&quot;,&quot;focal_length&quot;:&quot;3.99&quot;,&quot;iso&quot;:&quot;100&quot;,&quot;shutter_speed&quot;:&quot;0.11111111111111&quot;,&quot;title&quot;:&quot;&quot;,&quot;orientation&quot;:&quot;1&quot;}\" data-image-title=\"Le renne myst\u00e9rieux\" data-image-description=\"\" data-image-caption=\"\" data-large-file=\"https:\/\/i0.wp.com\/www.jojoenherbe.com\/wp-content\/uploads\/2022\/12\/Le-renne-mysterieux-scaled.jpg?fit=676%2C517\" class=\"size-thumbnail wp-image-28812 alignright\" src=\"https:\/\/i0.wp.com\/www.jojoenherbe.com\/wp-content\/uploads\/2022\/12\/Le-renne-mysterieux.jpg?resize=150%2C150\" alt=\"\" width=\"150\" height=\"150\" srcset=\"https:\/\/i0.wp.com\/www.jojoenherbe.com\/wp-content\/uploads\/2022\/12\/Le-renne-mysterieux-scaled.jpg?resize=150%2C150 150w, https:\/\/i0.wp.com\/www.jojoenherbe.com\/wp-content\/uploads\/2022\/12\/Le-renne-mysterieux-scaled.jpg?zoom=2&amp;resize=150%2C150 300w, https:\/\/i0.wp.com\/www.jojoenherbe.com\/wp-content\/uploads\/2022\/12\/Le-renne-mysterieux-scaled.jpg?zoom=3&amp;resize=150%2C150 450w\" sizes=\"auto, (max-width: 150px) 100vw, 150px\" \/><\/a>Bien avant 21h, c&rsquo;\u00e9tait l&rsquo;heure des histoires du soir pour mon mini lutin. Nous avons lu le chapitre 9 du <strong><span style=\"text-decoration: underline;\">Renne myst\u00e9rieux<\/span> <\/strong>de Natacha Godeau et Tristan Gion avec l&rsquo;histoire d&rsquo;Eliott et de sa cousine Flore qui font face \u00e0 d&rsquo;\u00e9tranges ph\u00e9nom\u00e8nes qui ont lieu dans l&rsquo;\u00e9levage de rennes des parents d&rsquo;Eliott: un renne scintillant bless\u00e9, un auto-stoppeur barbu ou bien encore un inqui\u00e9tant gnome&#8230; Encore une fois le chapitre se termine en plein suspens.<\/em><\/p>\n<p style=\"text-align: justify;\"><em><a href=\"https:\/\/i0.wp.com\/www.jojoenherbe.com\/wp-content\/uploads\/2022\/12\/Tous-a-la-neige-1-scaled.jpg\"><img data-recalc-dims=\"1\" loading=\"lazy\" decoding=\"async\" data-attachment-id=\"28813\" data-permalink=\"http:\/\/www.jojoenherbe.com\/index.php\/2022\/12\/09\/rat-de-noel-2022\/tous-a-la-neige-2\/\" data-orig-file=\"https:\/\/i0.wp.com\/www.jojoenherbe.com\/wp-content\/uploads\/2022\/12\/Tous-a-la-neige-1-scaled.jpg?fit=2560%2C1964\" data-orig-size=\"2560,1964\" data-comments-opened=\"1\" data-image-meta=\"{&quot;aperture&quot;:&quot;1.8&quot;,&quot;credit&quot;:&quot;&quot;,&quot;camera&quot;:&quot;iPhone 7&quot;,&quot;caption&quot;:&quot;&quot;,&quot;created_timestamp&quot;:&quot;1670841645&quot;,&quot;copyright&quot;:&quot;&quot;,&quot;focal_length&quot;:&quot;3.99&quot;,&quot;iso&quot;:&quot;100&quot;,&quot;shutter_speed&quot;:&quot;0.090909090909091&quot;,&quot;title&quot;:&quot;&quot;,&quot;orientation&quot;:&quot;1&quot;}\" data-image-title=\"Tous \u00e0 la neige!\" data-image-description=\"\" data-image-caption=\"\" data-large-file=\"https:\/\/i0.wp.com\/www.jojoenherbe.com\/wp-content\/uploads\/2022\/12\/Tous-a-la-neige-1-scaled.jpg?fit=676%2C519\" class=\"size-thumbnail wp-image-28813 alignleft\" src=\"https:\/\/i0.wp.com\/www.jojoenherbe.com\/wp-content\/uploads\/2022\/12\/Tous-a-la-neige-1.jpg?resize=150%2C150\" alt=\"\" width=\"150\" height=\"150\" srcset=\"https:\/\/i0.wp.com\/www.jojoenherbe.com\/wp-content\/uploads\/2022\/12\/Tous-a-la-neige-1-scaled.jpg?resize=150%2C150 150w, https:\/\/i0.wp.com\/www.jojoenherbe.com\/wp-content\/uploads\/2022\/12\/Tous-a-la-neige-1-scaled.jpg?zoom=2&amp;resize=150%2C150 300w, https:\/\/i0.wp.com\/www.jojoenherbe.com\/wp-content\/uploads\/2022\/12\/Tous-a-la-neige-1-scaled.jpg?zoom=3&amp;resize=150%2C150 450w\" sizes=\"auto, (max-width: 150px) 100vw, 150px\" \/><\/a>Nous lisons \u00e9galement le premier chapitre du roman jeunesse de la collection <strong><span style=\"text-decoration: underline;\">Les petits chats<\/span><\/strong> correspondant \u00e0 la case 9 de notre calendrier de l&rsquo;Avent: <strong><span style=\"text-decoration: underline;\">Tous \u00e0 la neige!<\/span><\/strong> de St\u00e9phanie Dunand-Pallaz et Sophie Turrel (\u00e9d. Balivernes, 2022, 44 pages), un roman jeunesse \u00e0 partir de 6 ans avec l&rsquo;histoire de chats allant en classe de neige.<\/em><\/p>\n<p style=\"text-align: justify;\"><em><a href=\"https:\/\/i0.wp.com\/www.jojoenherbe.com\/wp-content\/uploads\/2022\/12\/Vin-chaud-et-plans-foireux.jpg\"><img data-recalc-dims=\"1\" loading=\"lazy\" decoding=\"async\" data-attachment-id=\"28798\" data-permalink=\"http:\/\/www.jojoenherbe.com\/index.php\/2022\/12\/09\/rat-de-noel-2022\/vin-chaud-et-plans-foireux\/\" data-orig-file=\"https:\/\/i0.wp.com\/www.jojoenherbe.com\/wp-content\/uploads\/2022\/12\/Vin-chaud-et-plans-foireux.jpg?fit=750%2C1334\" data-orig-size=\"750,1334\" data-comments-opened=\"1\" data-image-meta=\"{&quot;aperture&quot;:&quot;0&quot;,&quot;credit&quot;:&quot;&quot;,&quot;camera&quot;:&quot;&quot;,&quot;caption&quot;:&quot;&quot;,&quot;created_timestamp&quot;:&quot;0&quot;,&quot;copyright&quot;:&quot;&quot;,&quot;focal_length&quot;:&quot;0&quot;,&quot;iso&quot;:&quot;0&quot;,&quot;shutter_speed&quot;:&quot;0&quot;,&quot;title&quot;:&quot;&quot;,&quot;orientation&quot;:&quot;0&quot;}\" data-image-title=\"Vin chaud et plans foireux\" data-image-description=\"\" data-image-caption=\"\" data-large-file=\"https:\/\/i0.wp.com\/www.jojoenherbe.com\/wp-content\/uploads\/2022\/12\/Vin-chaud-et-plans-foireux.jpg?fit=576%2C1024\" class=\"size-thumbnail wp-image-28798 alignright\" src=\"https:\/\/i0.wp.com\/www.jojoenherbe.com\/wp-content\/uploads\/2022\/12\/Vin-chaud-et-plans-foireux.jpg?resize=150%2C150\" alt=\"\" width=\"150\" height=\"150\" srcset=\"https:\/\/i0.wp.com\/www.jojoenherbe.com\/wp-content\/uploads\/2022\/12\/Vin-chaud-et-plans-foireux.jpg?resize=150%2C150 150w, https:\/\/i0.wp.com\/www.jojoenherbe.com\/wp-content\/uploads\/2022\/12\/Vin-chaud-et-plans-foireux.jpg?zoom=2&amp;resize=150%2C150 300w, https:\/\/i0.wp.com\/www.jojoenherbe.com\/wp-content\/uploads\/2022\/12\/Vin-chaud-et-plans-foireux.jpg?zoom=3&amp;resize=150%2C150 450w\" sizes=\"auto, (max-width: 150px) 100vw, 150px\" \/><\/a>En soir\u00e9e, je lis en e-book une romance de No\u00ebl douce et rigolote: <strong><span style=\"text-decoration: underline;\">Vin chaud et plans foireux<\/span><\/strong> de Julie Muller Volb (\u00e9d. BoD, 2022, 295 pages). D\u00e9couvrant que son petit ami est mari\u00e9, Capucine est bien d\u00e9cid\u00e9 \u00e0 ne plus tomber amoureuse. Mais c&rsquo;est sans compter sur sa famille qui d\u00e9cide de lui arranger deux fois par semaine, tout au long du mois de d\u00e9cembre, des rencontres dans un restaurant dans lequel travaille un sexy barman qui ne laisse pas insensible la jeune femme mais qui refuse de lui donner son pr\u00e9nom. Aid\u00e9e de sa meilleure amie Josepha, Capucine n&rsquo;a alors qu&rsquo;une id\u00e9e en t\u00eate: saboter tous ses rendez-vous arrang\u00e9s.\u00a0 Un bon moment de lecture avec cette romance de No\u00ebl dans laquelle l&rsquo;alchimie entre Capucine et le barman fonctionne bien!<br \/>\n<\/em><\/p>\n<p><em><span style=\"text-decoration: underline; color: #008000;\">Samedi 10 d\u00e9cembre 2022<\/span><\/em><\/p>\n<p style=\"text-align: justify;\"><em><a href=\"https:\/\/i0.wp.com\/www.jojoenherbe.com\/wp-content\/uploads\/2022\/12\/Cartes-a-gratter-Noel-1-scaled.jpg\"><img data-recalc-dims=\"1\" loading=\"lazy\" decoding=\"async\" data-attachment-id=\"28811\" data-permalink=\"http:\/\/www.jojoenherbe.com\/index.php\/2022\/12\/09\/rat-de-noel-2022\/cartes-a-gratter-noel-3\/\" data-orig-file=\"https:\/\/i0.wp.com\/www.jojoenherbe.com\/wp-content\/uploads\/2022\/12\/Cartes-a-gratter-Noel-1-scaled.jpg?fit=2560%2C1920\" data-orig-size=\"2560,1920\" data-comments-opened=\"1\" data-image-meta=\"{&quot;aperture&quot;:&quot;1.8&quot;,&quot;credit&quot;:&quot;&quot;,&quot;camera&quot;:&quot;iPhone 7&quot;,&quot;caption&quot;:&quot;&quot;,&quot;created_timestamp&quot;:&quot;1670841908&quot;,&quot;copyright&quot;:&quot;&quot;,&quot;focal_length&quot;:&quot;3.99&quot;,&quot;iso&quot;:&quot;100&quot;,&quot;shutter_speed&quot;:&quot;0.14285714285714&quot;,&quot;title&quot;:&quot;&quot;,&quot;orientation&quot;:&quot;1&quot;}\" data-image-title=\"Cartes \u00e0 gratter No\u00ebl\" data-image-description=\"\" data-image-caption=\"\" data-large-file=\"https:\/\/i0.wp.com\/www.jojoenherbe.com\/wp-content\/uploads\/2022\/12\/Cartes-a-gratter-Noel-1-scaled.jpg?fit=676%2C507\" class=\"size-thumbnail wp-image-28811 alignleft\" src=\"https:\/\/i0.wp.com\/www.jojoenherbe.com\/wp-content\/uploads\/2022\/12\/Cartes-a-gratter-Noel-1.jpg?resize=150%2C150\" alt=\"\" width=\"150\" height=\"150\" srcset=\"https:\/\/i0.wp.com\/www.jojoenherbe.com\/wp-content\/uploads\/2022\/12\/Cartes-a-gratter-Noel-1-scaled.jpg?resize=150%2C150 150w, https:\/\/i0.wp.com\/www.jojoenherbe.com\/wp-content\/uploads\/2022\/12\/Cartes-a-gratter-Noel-1-scaled.jpg?zoom=2&amp;resize=150%2C150 300w, https:\/\/i0.wp.com\/www.jojoenherbe.com\/wp-content\/uploads\/2022\/12\/Cartes-a-gratter-Noel-1-scaled.jpg?zoom=3&amp;resize=150%2C150 450w\" sizes=\"auto, (max-width: 150px) 100vw, 150px\" \/><\/a>Dans le calendrier de No\u00ebl, j&rsquo;avais gliss\u00e9 ce matin dans la case 10 des cartes \u00e0 gratter comme samedi dernier. Content, mon mini lutin a tout de suite voulu en faire une, celle avec le bonhomme de neige. La journ\u00e9e est pass\u00e9e vite entre rendez-vous, courses et parc de jeux \u00e0 Vaugrenier. No\u00ebl n&rsquo;\u00e9tait pas loin puisque nous avons achet\u00e9 de nouvelles d\u00e9corations de No\u00ebl.<\/em><\/p>\n<p style=\"text-align: justify;\"><em>En fin d&rsquo;apr\u00e8s-midi, nous n&rsquo;attendons pas l&rsquo;heure du coucher pour mon mini lutin qui r\u00e9clame la suite des aventures d&rsquo;Eliott et Flore avec le chapitre 10 du <span style=\"text-decoration: underline;\"><strong>Renne myst\u00e9rieux<\/strong><\/span>.<\/em><\/p>\n<p style=\"text-align: justify;\"><em><a href=\"https:\/\/i0.wp.com\/www.jojoenherbe.com\/wp-content\/uploads\/2022\/12\/Le-Noel-de-la-famille-Monstre-scaled.jpg\"><img data-recalc-dims=\"1\" loading=\"lazy\" decoding=\"async\" data-attachment-id=\"28819\" data-permalink=\"http:\/\/www.jojoenherbe.com\/index.php\/2022\/12\/09\/rat-de-noel-2022\/le-noel-de-la-famille-monstre\/\" data-orig-file=\"https:\/\/i0.wp.com\/www.jojoenherbe.com\/wp-content\/uploads\/2022\/12\/Le-Noel-de-la-famille-Monstre-scaled.jpg?fit=2560%2C1955\" data-orig-size=\"2560,1955\" data-comments-opened=\"1\" data-image-meta=\"{&quot;aperture&quot;:&quot;1.8&quot;,&quot;credit&quot;:&quot;&quot;,&quot;camera&quot;:&quot;iPhone 7&quot;,&quot;caption&quot;:&quot;&quot;,&quot;created_timestamp&quot;:&quot;1670843838&quot;,&quot;copyright&quot;:&quot;&quot;,&quot;focal_length&quot;:&quot;3.99&quot;,&quot;iso&quot;:&quot;80&quot;,&quot;shutter_speed&quot;:&quot;0.14285714285714&quot;,&quot;title&quot;:&quot;&quot;,&quot;orientation&quot;:&quot;1&quot;}\" data-image-title=\"Le No\u00ebl de la famille Monstre\" data-image-description=\"\" data-image-caption=\"\" data-large-file=\"https:\/\/i0.wp.com\/www.jojoenherbe.com\/wp-content\/uploads\/2022\/12\/Le-Noel-de-la-famille-Monstre-scaled.jpg?fit=676%2C516\" class=\"size-thumbnail wp-image-28819 alignright\" src=\"https:\/\/i0.wp.com\/www.jojoenherbe.com\/wp-content\/uploads\/2022\/12\/Le-Noel-de-la-famille-Monstre.jpg?resize=150%2C150\" alt=\"\" width=\"150\" height=\"150\" srcset=\"https:\/\/i0.wp.com\/www.jojoenherbe.com\/wp-content\/uploads\/2022\/12\/Le-Noel-de-la-famille-Monstre-scaled.jpg?resize=150%2C150 150w, https:\/\/i0.wp.com\/www.jojoenherbe.com\/wp-content\/uploads\/2022\/12\/Le-Noel-de-la-famille-Monstre-scaled.jpg?zoom=2&amp;resize=150%2C150 300w, https:\/\/i0.wp.com\/www.jojoenherbe.com\/wp-content\/uploads\/2022\/12\/Le-Noel-de-la-famille-Monstre-scaled.jpg?zoom=3&amp;resize=150%2C150 450w\" sizes=\"auto, (max-width: 150px) 100vw, 150px\" \/><\/a>Pour les histoires du soir, nous lisons le deuxi\u00e8me chapitre de <span style=\"text-decoration: underline;\"><strong>Tous \u00e0 la neige!<\/strong><\/span> de St\u00e9phanie Dunand-Pallaz et Sophie Turrel puis mon mini lutin lit tout seul quelques pages du <strong><span style=\"text-decoration: underline;\">No\u00ebl de la Famille Monstre<\/span><\/strong>.<\/em><\/p>\n<p style=\"text-align: justify;\"><em><a href=\"https:\/\/i0.wp.com\/www.jojoenherbe.com\/wp-content\/uploads\/2022\/12\/Flocons-de-chocolat.jpg\"><img data-recalc-dims=\"1\" loading=\"lazy\" decoding=\"async\" data-attachment-id=\"28799\" data-permalink=\"http:\/\/www.jojoenherbe.com\/index.php\/2022\/12\/09\/rat-de-noel-2022\/flocons-de-chocolat\/\" data-orig-file=\"https:\/\/i0.wp.com\/www.jojoenherbe.com\/wp-content\/uploads\/2022\/12\/Flocons-de-chocolat.jpg?fit=750%2C1334\" data-orig-size=\"750,1334\" data-comments-opened=\"1\" data-image-meta=\"{&quot;aperture&quot;:&quot;0&quot;,&quot;credit&quot;:&quot;&quot;,&quot;camera&quot;:&quot;&quot;,&quot;caption&quot;:&quot;&quot;,&quot;created_timestamp&quot;:&quot;0&quot;,&quot;copyright&quot;:&quot;&quot;,&quot;focal_length&quot;:&quot;0&quot;,&quot;iso&quot;:&quot;0&quot;,&quot;shutter_speed&quot;:&quot;0&quot;,&quot;title&quot;:&quot;&quot;,&quot;orientation&quot;:&quot;0&quot;}\" data-image-title=\"Flocons de chocolat\" data-image-description=\"\" data-image-caption=\"\" data-large-file=\"https:\/\/i0.wp.com\/www.jojoenherbe.com\/wp-content\/uploads\/2022\/12\/Flocons-de-chocolat.jpg?fit=576%2C1024\" class=\"size-thumbnail wp-image-28799 alignleft\" src=\"https:\/\/i0.wp.com\/www.jojoenherbe.com\/wp-content\/uploads\/2022\/12\/Flocons-de-chocolat.jpg?resize=150%2C150\" alt=\"\" width=\"150\" height=\"150\" srcset=\"https:\/\/i0.wp.com\/www.jojoenherbe.com\/wp-content\/uploads\/2022\/12\/Flocons-de-chocolat.jpg?resize=150%2C150 150w, https:\/\/i0.wp.com\/www.jojoenherbe.com\/wp-content\/uploads\/2022\/12\/Flocons-de-chocolat.jpg?zoom=2&amp;resize=150%2C150 300w, https:\/\/i0.wp.com\/www.jojoenherbe.com\/wp-content\/uploads\/2022\/12\/Flocons-de-chocolat.jpg?zoom=3&amp;resize=150%2C150 450w\" sizes=\"auto, (max-width: 150px) 100vw, 150px\" \/><\/a>En soir\u00e9e, je lis en e-book une autre romance de No\u00ebl que Hilde est \u00e9galement en train de lire: <strong><span style=\"text-decoration: underline;\">Flocons de chocolat<\/span><\/strong> de Magali Santos (\u00e9d. Rival, 2022, 168 pages), l&rsquo;histoire se d\u00e9roulant \u00e0 la suite de <strong><span style=\"text-decoration: underline;\">Temp\u00eate et sucre d&rsquo;orge<\/span><\/strong> que j&rsquo;avais lu en janvier 2022. D\u00e9sormais fianc\u00e9s, In\u00e8s et Gabriel recrutent pour leur chocolaterie-confiserie Audrey, une jeune femme qui quitte Lyon pour La Rosi\u00e8re, un petit village montagnard. Une nouvelle vie attend la jeune femme, quoi qu&rsquo;en dise le meilleur ami et employ\u00e9 su\u00e9dois de Gabriel, Maximilian Johan \u00ab\u00a0Max\u00a0\u00bb qui est venu pour quelques mois, jusqu&rsquo;\u00e0 l&rsquo;inauguration de la chocolaterie. L&rsquo;histoire naissante entre Audrey et Max est-elle possible avec le retour pr\u00e9vu en Su\u00e8de de Max? M\u00eame si j&rsquo;ai pr\u00e9f\u00e9r\u00e9 le tome pr\u00e9c\u00e9dent, j&rsquo;ai pass\u00e9 un moment agr\u00e9able avec cette courte romance de No\u00ebl toute douce et surtout tr\u00e8s gourmande, les passages chocolat\u00e9s \u00e9tant tr\u00e8s nombreux comme les sp\u00e9cialit\u00e9s su\u00e9doises!<br \/>\n<\/em><\/p>\n<p><span style=\"text-decoration: underline; color: #ff0000;\"><em>Dimanche 11 d\u00e9cembre 2022<\/em><\/span><\/p>\n<p style=\"text-align: justify;\"><em><a href=\"https:\/\/i0.wp.com\/www.jojoenherbe.com\/wp-content\/uploads\/2022\/12\/Cartes-a-gratter-Noel-2-scaled.jpg\"><img data-recalc-dims=\"1\" loading=\"lazy\" decoding=\"async\" data-attachment-id=\"28810\" data-permalink=\"http:\/\/www.jojoenherbe.com\/index.php\/2022\/12\/09\/rat-de-noel-2022\/cartes-a-gratter-noel-2\/\" data-orig-file=\"https:\/\/i0.wp.com\/www.jojoenherbe.com\/wp-content\/uploads\/2022\/12\/Cartes-a-gratter-Noel-2-scaled.jpg?fit=2560%2C1920\" data-orig-size=\"2560,1920\" data-comments-opened=\"1\" data-image-meta=\"{&quot;aperture&quot;:&quot;1.8&quot;,&quot;credit&quot;:&quot;&quot;,&quot;camera&quot;:&quot;iPhone 7&quot;,&quot;caption&quot;:&quot;&quot;,&quot;created_timestamp&quot;:&quot;1670841921&quot;,&quot;copyright&quot;:&quot;&quot;,&quot;focal_length&quot;:&quot;3.99&quot;,&quot;iso&quot;:&quot;100&quot;,&quot;shutter_speed&quot;:&quot;0.125&quot;,&quot;title&quot;:&quot;&quot;,&quot;orientation&quot;:&quot;1&quot;}\" data-image-title=\"Cartes \u00e0 gratter No\u00ebl 2\" data-image-description=\"\" data-image-caption=\"\" data-large-file=\"https:\/\/i0.wp.com\/www.jojoenherbe.com\/wp-content\/uploads\/2022\/12\/Cartes-a-gratter-Noel-2-scaled.jpg?fit=676%2C507\" class=\"size-thumbnail wp-image-28810 alignright\" src=\"https:\/\/i0.wp.com\/www.jojoenherbe.com\/wp-content\/uploads\/2022\/12\/Cartes-a-gratter-Noel-2.jpg?resize=150%2C150\" alt=\"\" width=\"150\" height=\"150\" srcset=\"https:\/\/i0.wp.com\/www.jojoenherbe.com\/wp-content\/uploads\/2022\/12\/Cartes-a-gratter-Noel-2-scaled.jpg?resize=150%2C150 150w, https:\/\/i0.wp.com\/www.jojoenherbe.com\/wp-content\/uploads\/2022\/12\/Cartes-a-gratter-Noel-2-scaled.jpg?zoom=2&amp;resize=150%2C150 300w, https:\/\/i0.wp.com\/www.jojoenherbe.com\/wp-content\/uploads\/2022\/12\/Cartes-a-gratter-Noel-2-scaled.jpg?zoom=3&amp;resize=150%2C150 450w\" sizes=\"auto, (max-width: 150px) 100vw, 150px\" \/><\/a>Ce matin, mon mini lutin a voulu lire d\u00e8s le r\u00e9veil le chapitre 11 du <span style=\"text-decoration: underline;\"><strong>Renne myst\u00e9rieux<\/strong><\/span>, Eliott et Flore se rendant dans l&rsquo;atelier de l&rsquo;autostoppeur barbu et qui offre \u00e0 Eliott un renne sculpt\u00e9 en bois. Les deux enfants tentent de d\u00e9couvrir ce qui se passe. Une lecture tr\u00e8s addictive! Puis mon mini lutin reprend les cartes \u00e0 gratter d&rsquo;hier pour en faire deux autres: le P\u00e8re No\u00ebl et le sapin de No\u00ebl. Il d\u00e9couvre \u00e9galement la case 11 de son calendrier de No\u00ebl: un magazine Pokemon avec 6 cartes.<br \/>\n<\/em><\/p>\n<p style=\"text-align: justify;\"><em><a href=\"https:\/\/i0.wp.com\/www.jojoenherbe.com\/wp-content\/uploads\/2022\/12\/Rendez-vous-avec-le-diable.jpg\"><img data-recalc-dims=\"1\" loading=\"lazy\" decoding=\"async\" data-attachment-id=\"28795\" data-permalink=\"http:\/\/www.jojoenherbe.com\/index.php\/2022\/12\/09\/rat-de-noel-2022\/rendez-vous-avec-le-diable\/\" data-orig-file=\"https:\/\/i0.wp.com\/www.jojoenherbe.com\/wp-content\/uploads\/2022\/12\/Rendez-vous-avec-le-diable.jpg?fit=1440%2C1440\" data-orig-size=\"1440,1440\" data-comments-opened=\"1\" data-image-meta=\"{&quot;aperture&quot;:&quot;0&quot;,&quot;credit&quot;:&quot;&quot;,&quot;camera&quot;:&quot;&quot;,&quot;caption&quot;:&quot;&quot;,&quot;created_timestamp&quot;:&quot;1670775555&quot;,&quot;copyright&quot;:&quot;&quot;,&quot;focal_length&quot;:&quot;0&quot;,&quot;iso&quot;:&quot;0&quot;,&quot;shutter_speed&quot;:&quot;0&quot;,&quot;title&quot;:&quot;&quot;,&quot;orientation&quot;:&quot;1&quot;}\" data-image-title=\"Rendez-vous avec le diable\" data-image-description=\"\" data-image-caption=\"\" data-large-file=\"https:\/\/i0.wp.com\/www.jojoenherbe.com\/wp-content\/uploads\/2022\/12\/Rendez-vous-avec-le-diable.jpg?fit=676%2C676\" class=\"size-thumbnail wp-image-28795 alignleft\" src=\"https:\/\/i0.wp.com\/www.jojoenherbe.com\/wp-content\/uploads\/2022\/12\/Rendez-vous-avec-le-diable.jpg?resize=150%2C150\" alt=\"\" width=\"150\" height=\"150\" srcset=\"https:\/\/i0.wp.com\/www.jojoenherbe.com\/wp-content\/uploads\/2022\/12\/Rendez-vous-avec-le-diable.jpg?resize=150%2C150 150w, https:\/\/i0.wp.com\/www.jojoenherbe.com\/wp-content\/uploads\/2022\/12\/Rendez-vous-avec-le-diable.jpg?resize=300%2C300 300w, https:\/\/i0.wp.com\/www.jojoenherbe.com\/wp-content\/uploads\/2022\/12\/Rendez-vous-avec-le-diable.jpg?resize=1024%2C1024 1024w, https:\/\/i0.wp.com\/www.jojoenherbe.com\/wp-content\/uploads\/2022\/12\/Rendez-vous-avec-le-diable.jpg?resize=768%2C768 768w, https:\/\/i0.wp.com\/www.jojoenherbe.com\/wp-content\/uploads\/2022\/12\/Rendez-vous-avec-le-diable.jpg?resize=676%2C676 676w, https:\/\/i0.wp.com\/www.jojoenherbe.com\/wp-content\/uploads\/2022\/12\/Rendez-vous-avec-le-diable.jpg?w=1440 1440w, https:\/\/i0.wp.com\/www.jojoenherbe.com\/wp-content\/uploads\/2022\/12\/Rendez-vous-avec-le-diable.jpg?w=1352 1352w\" sizes=\"auto, (max-width: 150px) 100vw, 150px\" \/><\/a>Dans l&rsquo;apr\u00e8s-midi, je fais des cookies et commence, entre deux fourn\u00e9es, le tome 8 des <strong><span style=\"text-decoration: underline;\">D\u00e9tectives du Yorkshire, Rendez-vous avec le diable<\/span><\/strong> de Julia Chapman (\u00e9d. 2022), l&rsquo;intrigue reprenant quinze jours apr\u00e8s les \u00e9v\u00e9nements du tome pr\u00e9c\u00e9dent.<\/em><\/p>\n<p style=\"text-align: justify;\"><em><a href=\"https:\/\/i0.wp.com\/www.jojoenherbe.com\/wp-content\/uploads\/2022\/12\/Sami-et-Julie-attendent-Noel-scaled.jpg\"><img data-recalc-dims=\"1\" loading=\"lazy\" decoding=\"async\" data-attachment-id=\"28820\" data-permalink=\"http:\/\/www.jojoenherbe.com\/index.php\/2022\/12\/09\/rat-de-noel-2022\/sami-et-julie-attendent-noel\/\" data-orig-file=\"https:\/\/i0.wp.com\/www.jojoenherbe.com\/wp-content\/uploads\/2022\/12\/Sami-et-Julie-attendent-Noel-scaled.jpg?fit=2560%2C1815\" data-orig-size=\"2560,1815\" data-comments-opened=\"1\" data-image-meta=\"{&quot;aperture&quot;:&quot;1.8&quot;,&quot;credit&quot;:&quot;&quot;,&quot;camera&quot;:&quot;iPhone 7&quot;,&quot;caption&quot;:&quot;&quot;,&quot;created_timestamp&quot;:&quot;1670843852&quot;,&quot;copyright&quot;:&quot;&quot;,&quot;focal_length&quot;:&quot;3.99&quot;,&quot;iso&quot;:&quot;100&quot;,&quot;shutter_speed&quot;:&quot;0.076923076923077&quot;,&quot;title&quot;:&quot;&quot;,&quot;orientation&quot;:&quot;1&quot;}\" data-image-title=\"Sami et Julie attendent No\u00ebl\" data-image-description=\"\" data-image-caption=\"\" data-large-file=\"https:\/\/i0.wp.com\/www.jojoenherbe.com\/wp-content\/uploads\/2022\/12\/Sami-et-Julie-attendent-Noel-scaled.jpg?fit=676%2C479\" class=\"size-thumbnail wp-image-28820 alignright\" src=\"https:\/\/i0.wp.com\/www.jojoenherbe.com\/wp-content\/uploads\/2022\/12\/Sami-et-Julie-attendent-Noel.jpg?resize=150%2C150\" alt=\"\" width=\"150\" height=\"150\" srcset=\"https:\/\/i0.wp.com\/www.jojoenherbe.com\/wp-content\/uploads\/2022\/12\/Sami-et-Julie-attendent-Noel-scaled.jpg?resize=150%2C150 150w, https:\/\/i0.wp.com\/www.jojoenherbe.com\/wp-content\/uploads\/2022\/12\/Sami-et-Julie-attendent-Noel-scaled.jpg?zoom=2&amp;resize=150%2C150 300w, https:\/\/i0.wp.com\/www.jojoenherbe.com\/wp-content\/uploads\/2022\/12\/Sami-et-Julie-attendent-Noel-scaled.jpg?zoom=3&amp;resize=150%2C150 450w\" sizes=\"auto, (max-width: 150px) 100vw, 150px\" \/><\/a>En d\u00e9but de soir\u00e9e, je passe chez les autres participantes. Puis c&rsquo;est l&rsquo;heure des histoires du soir. Nous finissons de lire <span style=\"text-decoration: underline;\">T<strong>ous \u00e0 la neige!<\/strong><\/span> de St\u00e9phanie Dunand-Pallaz et Sophie Turrel, un roman jeunesse rigolo et rempli de jeux de mots avec les noms des chats. Cela donne envie non d&rsquo;aller en classe de neige mais d&rsquo;aller passer du temps dans l&rsquo;arri\u00e8re-pays ni\u00e7ois et grassois, surtout qu&rsquo;en allant \u00e0 Vaugrenier hier, nous avons vu que les sommets du Mercantour sont bien enneig\u00e9s depuis quelques jours. Mon mini lutin lit ensuite tout seul quelques pages de <strong><span style=\"text-decoration: underline;\">Sami et Juli attendent No\u00ebl<\/span><\/strong>.<br \/>\n<\/em><\/p>\n<p style=\"text-align: justify;\"><em>Je finis ensuite ce RAT en reprenant <strong><span style=\"text-decoration: underline;\">Rendez-vous avec le diable<\/span><\/strong> pour retrouver avec plaisir les habitant de de Bruncliffe, que ce soit le duo Delilah\/Samson ou bien encore Ida Capstick&#8230;<br \/>\n<\/em><\/p>\n<p style=\"text-align: justify;\"><em><span style=\"color: #008000;\"><span style=\"text-decoration: underline;\">Petit bilan de ce marathon de lectures no\u00eblesque ce lundi matin<\/span><\/span>: un petit week-end cosy avec de la lecture surtout en soir\u00e9e. J&rsquo;ai ainsi pu valider quelques cases du bingo no\u00eblesque:<\/em><\/p>\n<ul>\n<li style=\"text-align: justify;\"><em>avec <span style=\"text-decoration: underline;\"><strong>Vin chaud et plans foireux<\/strong><\/span>: \u00ab\u00a0<span style=\"color: #ff0000;\">Une romance de No\u00ebl<\/span>\u00ab\u00a0, \u00ab\u00a0<span style=\"color: #008000;\">Un livre avec une boisson chaude sur la couverture<\/span>\u00a0\u00bb (vin chaud), \u00ab\u00a0<span style=\"color: #ff0000;\">Un livre avec un secret<\/span>\u00a0\u00bb (celui du barman), \u00ab\u00a0<span style=\"color: #008000;\">Un livre avec un sapin de No\u00ebl sur la couverture<\/span>\u00ab\u00a0<\/em><\/li>\n<li style=\"text-align: justify;\"><em>avec <strong><span style=\"text-decoration: underline;\">Flocons de chocolat<\/span><\/strong>: \u00ab\u00a0<span style=\"color: #ff0000;\">Une romance de No\u00ebl<\/span>\u00ab\u00a0, \u00ab\u00a0<span style=\"color: #008000;\">Un livre avec une boisson chaude sur la couverture<\/span>\u00a0\u00bb (chocolat chaud avec des marshmallows), \u00ab\u00a0<span style=\"color: #ff0000;\">Un livre o\u00f9 les h\u00e9ros cuisinent des biscuits<\/span>\u00a0\u00bb (beaucoup de chocolats et aussi des sp\u00e9cialit\u00e9s su\u00e9doises)<\/em><\/li>\n<li style=\"text-align: justify;\"><em>avec <strong><span style=\"text-decoration: underline;\">Le renne myst\u00e9rieux<\/span><\/strong>:\u00a0 \u00ab\u00a0<span style=\"color: #008000;\">Un livre avec un enfant en personnage principal<\/span>\u00a0\u00bb (et m\u00eame deux avec Eliott et Flore), \u00ab\u00a0<span style=\"color: #ff0000;\">Un livre avec des animaux de l&rsquo;hiver<\/span>\u00a0\u00bb (des rennes).<br \/>\n<\/em><\/li>\n<\/ul>\n<p style=\"text-align: justify;\"><em>Encore merci pour ce RAT aux coorganisatrices et aux nombreux \u00e9changes avec les participantes! Bonne semaine!<\/em><\/p>\n<div style=\"width: 133px\" class=\"wp-caption aligncenter\"><img loading=\"lazy\" decoding=\"async\" class=\"attachment-post-image  wp-post-image\" src=\"https:\/\/i0.wp.com\/www.jojoenherbe.com\/wp-content\/uploads\/2022\/11\/Il-etait-10-fois-Noel.jpg?fit=676%2C676&amp;ssl=1\" sizes=\"auto, (max-width: 676px) 100vw, 676px\" srcset=\"https:\/\/i0.wp.com\/www.jojoenherbe.com\/wp-content\/uploads\/2022\/11\/Il-etait-10-fois-Noel.jpg?w=824&amp;ssl=1 824w, https:\/\/i0.wp.com\/www.jojoenherbe.com\/wp-content\/uploads\/2022\/11\/Il-etait-10-fois-Noel.jpg?resize=300%2C300&amp;ssl=1 300w, https:\/\/i0.wp.com\/www.jojoenherbe.com\/wp-content\/uploads\/2022\/11\/Il-etait-10-fois-Noel.jpg?resize=150%2C150&amp;ssl=1 150w, https:\/\/i0.wp.com\/www.jojoenherbe.com\/wp-content\/uploads\/2022\/11\/Il-etait-10-fois-Noel.jpg?resize=768%2C768&amp;ssl=1 768w, https:\/\/i0.wp.com\/www.jojoenherbe.com\/wp-content\/uploads\/2022\/11\/Il-etait-10-fois-Noel.jpg?resize=676%2C676&amp;ssl=1 676w\" alt=\"\" width=\"123\" height=\"123\" data-attachment-id=\"28666\" data-permalink=\"https:\/\/www.jojoenherbe.com\/index.php\/2022\/11\/18\/billet-de-suivi-il-etait-10-fois-noel\/il-etait-10-fois-noel\/\" data-orig-file=\"https:\/\/i0.wp.com\/www.jojoenherbe.com\/wp-content\/uploads\/2022\/11\/Il-etait-10-fois-Noel.jpg?fit=824%2C824&amp;ssl=1\" data-orig-size=\"824,824\" data-comments-opened=\"1\" data-image-meta=\"{&quot;aperture&quot;:&quot;0&quot;,&quot;credit&quot;:&quot;&quot;,&quot;camera&quot;:&quot;&quot;,&quot;caption&quot;:&quot;&quot;,&quot;created_timestamp&quot;:&quot;1667392376&quot;,&quot;copyright&quot;:&quot;&quot;,&quot;focal_length&quot;:&quot;0&quot;,&quot;iso&quot;:&quot;0&quot;,&quot;shutter_speed&quot;:&quot;0&quot;,&quot;title&quot;:&quot;&quot;,&quot;orientation&quot;:&quot;1&quot;}\" data-image-title=\"Il \u00e9tait 10 fois No\u00ebl\" data-image-description=\"\" data-image-caption=\"\" data-medium-file=\"https:\/\/i0.wp.com\/www.jojoenherbe.com\/wp-content\/uploads\/2022\/11\/Il-etait-10-fois-Noel.jpg?fit=300%2C300&amp;ssl=1\" data-large-file=\"https:\/\/i0.wp.com\/www.jojoenherbe.com\/wp-content\/uploads\/2022\/11\/Il-etait-10-fois-Noel.jpg?fit=676%2C676&amp;ssl=1\" \/><p class=\"wp-caption-text\">Participation # Challenge Il \u00e9tait 10 fois No\u00ebl de <a href=\"https:\/\/www.laplanquealibellules.fr\/2022\/11\/il-etait-dix-fois-noel.html\/\">Chicky Poo<\/a> et <a href=\"http:\/\/viedecontedefee.blogspot.com\/2022\/11\/1716-il-etait-dix-fois-noel.html\">Samarian<\/a> #RAT<\/p><\/div>\n","protected":false},"excerpt":{"rendered":"<p>Ce 9 d\u00e9cembre 2020 \u00e0 21h d\u00e9bute un RAT de No\u00ebl organis\u00e9 par Chicky Poo et Samarian et\u00a0 dans le cadre du challenge Il \u00e9tait 10 fois No\u00ebl, et ce jusqu\u2019au 11 d\u00e9cembre minuit avec au moins une lecture sur le th\u00e8me de l\u2019hiver et\/ou de No\u00ebl. Alors on se glisse sous les plaids, au [&hellip;]<\/p>\n","protected":false},"author":1,"featured_media":28782,"comment_status":"open","ping_status":"open","sticky":false,"template":"","format":"standard","meta":{"jetpack_post_was_ever_published":false,"_jetpack_newsletter_access":"","_jetpack_dont_email_post_to_subs":false,"_jetpack_newsletter_tier_id":0,"_jetpack_memberships_contains_paywalled_content":false,"_jetpack_memberships_contains_paid_content":false,"footnotes":""},"categories":[873,363],"tags":[983,2016,3367,1056,2310],"class_list":["post-28779","post","type-post","status-publish","format-standard","has-post-thumbnail","hentry","category-mini-challenger","category-mini-lecteur","tag-challenge-de-noel","tag-challenge-livresque","tag-il-etait-10-fois-noel","tag-lectures-de-noel","tag-read-a-thon","post-preview"],"jetpack_featured_media_url":"https:\/\/i0.wp.com\/www.jojoenherbe.com\/wp-content\/uploads\/2022\/12\/RAT-de-Noel-2022-PAL-scaled.jpg?fit=2560%2C1899","jetpack_sharing_enabled":true,"jetpack_shortlink":"https:\/\/wp.me\/p9zhGx-7ub","jetpack_likes_enabled":true,"jetpack-related-posts":[{"id":28631,"url":"http:\/\/www.jojoenherbe.com\/index.php\/2022\/11\/18\/billet-de-suivi-il-etait-10-fois-noel\/","url_meta":{"origin":28779,"position":0},"title":"Billet de suivi: Il \u00e9tait 10 fois No\u00ebl","author":"Jojo","date":"18 novembre 2022","format":false,"excerpt":"Le mois de d\u00e9cembre approchant, c\u2019est le retour de Il \u00e9tait 10 fois No\u00ebl, un challenge de No\u00ebl organis\u00e9 par Chicky Poo et Samarian qui ouvrent les portes de leur Chalet du 28 novembre 2021 au 8 janvier 2022. Pour plus d\u2019infos, n\u2019h\u00e9sitez pas \u00e0 aller sur leurs blogs. Ce\u2026","rel":"","context":"Dans &quot;Mini challenger&quot;","block_context":{"text":"Mini challenger","link":"http:\/\/www.jojoenherbe.com\/index.php\/category\/mini-challenger\/"},"img":{"alt_text":"","src":"https:\/\/i0.wp.com\/www.jojoenherbe.com\/wp-content\/uploads\/2022\/11\/Il-etait-10-fois-Noel.jpg?fit=824%2C824&resize=350%2C200","width":350,"height":200,"srcset":"https:\/\/i0.wp.com\/www.jojoenherbe.com\/wp-content\/uploads\/2022\/11\/Il-etait-10-fois-Noel.jpg?fit=824%2C824&resize=350%2C200 1x, https:\/\/i0.wp.com\/www.jojoenherbe.com\/wp-content\/uploads\/2022\/11\/Il-etait-10-fois-Noel.jpg?fit=824%2C824&resize=525%2C300 1.5x, https:\/\/i0.wp.com\/www.jojoenherbe.com\/wp-content\/uploads\/2022\/11\/Il-etait-10-fois-Noel.jpg?fit=824%2C824&resize=700%2C400 2x"},"classes":[]},{"id":13574,"url":"http:\/\/www.jojoenherbe.com\/index.php\/2020\/11\/10\/billet-de-suivi-il-etait-8-fois-noel\/","url_meta":{"origin":28779,"position":1},"title":"Billet de suivi: Il \u00e9tait 8 fois No\u00ebl","author":"Jojo","date":"10 novembre 2020","format":false,"excerpt":"Le mois de d\u00e9cembre approchant, c'est le retour de Il \u00e9tait 8 fois No\u00ebl, un challenge de No\u00ebl organis\u00e9 par Chicky Poo et Samarian et qui se d\u00e9roule du 30 novembre 2020 au 3 janvier 2021. Pour plus d\u2019infos, n\u2019h\u00e9sitez pas \u00e0 aller sur leurs blogs. Ce billet sera actualis\u00e9\u2026","rel":"","context":"Dans &quot;Mini challenger&quot;","block_context":{"text":"Mini challenger","link":"http:\/\/www.jojoenherbe.com\/index.php\/category\/mini-challenger\/"},"img":{"alt_text":"","src":"https:\/\/i0.wp.com\/www.jojoenherbe.com\/wp-content\/uploads\/2020\/11\/Logo_2_2020-1024x992-1.jpg?fit=1024%2C992&resize=350%2C200","width":350,"height":200,"srcset":"https:\/\/i0.wp.com\/www.jojoenherbe.com\/wp-content\/uploads\/2020\/11\/Logo_2_2020-1024x992-1.jpg?fit=1024%2C992&resize=350%2C200 1x, https:\/\/i0.wp.com\/www.jojoenherbe.com\/wp-content\/uploads\/2020\/11\/Logo_2_2020-1024x992-1.jpg?fit=1024%2C992&resize=525%2C300 1.5x, https:\/\/i0.wp.com\/www.jojoenherbe.com\/wp-content\/uploads\/2020\/11\/Logo_2_2020-1024x992-1.jpg?fit=1024%2C992&resize=700%2C400 2x"},"classes":[]},{"id":37216,"url":"http:\/\/www.jojoenherbe.com\/index.php\/2024\/11\/12\/billet-de-suivi-il-etait-12-fois-noel\/","url_meta":{"origin":28779,"position":2},"title":"Billet de suivi: Il \u00e9tait 12 fois No\u00ebl","author":"Jojo","date":"12 novembre 2024","format":false,"excerpt":"Le mois de d\u00e9cembre approchant, c\u2019est le retour de Il \u00e9tait 12 fois No\u00ebl, un challenge de No\u00ebl coorganis\u00e9 par Chicky Poo et Samarian qui ouvrent les portes de leur Chalet du 15 novembre 2024 au 5 janvier 2025. Pour plus d\u2019infos, n\u2019h\u00e9sitez pas \u00e0 aller sur leurs blogs et\u2026","rel":"","context":"Dans &quot;Mini blogueur&quot;","block_context":{"text":"Mini blogueur","link":"http:\/\/www.jojoenherbe.com\/index.php\/category\/mini-blogueur\/"},"img":{"alt_text":"","src":"https:\/\/i0.wp.com\/www.jojoenherbe.com\/wp-content\/uploads\/2024\/11\/Il-etait-12-fois-Noel-logo.jpg?fit=768%2C636&resize=350%2C200","width":350,"height":200,"srcset":"https:\/\/i0.wp.com\/www.jojoenherbe.com\/wp-content\/uploads\/2024\/11\/Il-etait-12-fois-Noel-logo.jpg?fit=768%2C636&resize=350%2C200 1x, https:\/\/i0.wp.com\/www.jojoenherbe.com\/wp-content\/uploads\/2024\/11\/Il-etait-12-fois-Noel-logo.jpg?fit=768%2C636&resize=525%2C300 1.5x, https:\/\/i0.wp.com\/www.jojoenherbe.com\/wp-content\/uploads\/2024\/11\/Il-etait-12-fois-Noel-logo.jpg?fit=768%2C636&resize=700%2C400 2x"},"classes":[]},{"id":9389,"url":"http:\/\/www.jojoenherbe.com\/index.php\/2020\/01\/03\/un-second-rat-post-noel\/","url_meta":{"origin":28779,"position":3},"title":"Un second RAT post-No\u00ebl","author":"Jojo","date":"3 janvier 2020","format":false,"excerpt":"Ce 3 janvier 2020 d\u00e9bute, \u00e0 21h, un second RAT dans le cadre du Challenge Il \u00e9tait 7 fois No\u00ebl organis\u00e9 par Chicky Poo et Samarian, et ce jusqu'au 5 janvier 2020 minuit. Nous sommes ainsi pass\u00e9s pour renouveler nos livres \u00e0 la biblioth\u00e8que cet apr\u00e8s-midi avec encore quelques albums\u2026","rel":"","context":"Dans &quot;Mini challenger&quot;","block_context":{"text":"Mini challenger","link":"http:\/\/www.jojoenherbe.com\/index.php\/category\/mini-challenger\/"},"img":{"alt_text":"","src":"https:\/\/i0.wp.com\/www.jojoenherbe.com\/wp-content\/uploads\/2020\/01\/RAT-de-No%C3%ABl.jpg?fit=1200%2C1071&resize=350%2C200","width":350,"height":200,"srcset":"https:\/\/i0.wp.com\/www.jojoenherbe.com\/wp-content\/uploads\/2020\/01\/RAT-de-No%C3%ABl.jpg?fit=1200%2C1071&resize=350%2C200 1x, https:\/\/i0.wp.com\/www.jojoenherbe.com\/wp-content\/uploads\/2020\/01\/RAT-de-No%C3%ABl.jpg?fit=1200%2C1071&resize=525%2C300 1.5x, https:\/\/i0.wp.com\/www.jojoenherbe.com\/wp-content\/uploads\/2020\/01\/RAT-de-No%C3%ABl.jpg?fit=1200%2C1071&resize=700%2C400 2x, https:\/\/i0.wp.com\/www.jojoenherbe.com\/wp-content\/uploads\/2020\/01\/RAT-de-No%C3%ABl.jpg?fit=1200%2C1071&resize=1050%2C600 3x"},"classes":[]},{"id":22494,"url":"http:\/\/www.jojoenherbe.com\/index.php\/2021\/11\/17\/billet-de-suivi-il-etait-9-fois-noel\/","url_meta":{"origin":28779,"position":4},"title":"Billet de suivi: Il \u00e9tait 9 fois No\u00ebl","author":"Jojo","date":"17 novembre 2021","format":false,"excerpt":"Le mois de d\u00e9cembre approchant, c\u2019est le retour de Il \u00e9tait 9 fois No\u00ebl, un challenge de No\u00ebl organis\u00e9 par Chicky Poo et Samarian qui ouvrent les portes de leur Chalet du 29 novembre 2021 au 2 janvier 2022. Pour plus d\u2019infos, n\u2019h\u00e9sitez pas \u00e0 aller sur leurs blogs. Ce\u2026","rel":"","context":"Dans &quot;Mini challenger&quot;","block_context":{"text":"Mini challenger","link":"http:\/\/www.jojoenherbe.com\/index.php\/category\/mini-challenger\/"},"img":{"alt_text":"","src":"https:\/\/i0.wp.com\/www.jojoenherbe.com\/wp-content\/uploads\/2021\/11\/Il-etait-9-fois-Noel-logo.jpg?fit=500%2C500&resize=350%2C200","width":350,"height":200},"classes":[]},{"id":8880,"url":"http:\/\/www.jojoenherbe.com\/index.php\/2019\/12\/13\/un-premier-rat-de-noel-2019\/","url_meta":{"origin":28779,"position":5},"title":"Un premier RAT de No\u00ebl 2019","author":"Jojo","date":"13 d\u00e9cembre 2019","format":false,"excerpt":"C'est avec beaucoup d'impatience que j'attendais de d\u00e9buter ce premier RAT de No\u00ebl organis\u00e9 par Chicky Poo et Samarian du 13 d\u00e9cembre 21h au 15 d\u00e9cembre 2019 minuit, dans le cadre du Challenge \"Il \u00e9tait 7 fois No\u00ebl\". J'avais mis de c\u00f4t\u00e9 de nombreux albums jeunesse et romans. Certains ont\u2026","rel":"","context":"Dans &quot;Mini challenger&quot;","block_context":{"text":"Mini challenger","link":"http:\/\/www.jojoenherbe.com\/index.php\/category\/mini-challenger\/"},"img":{"alt_text":"","src":"https:\/\/i0.wp.com\/www.jojoenherbe.com\/wp-content\/uploads\/2019\/12\/1er-RAT-de-No%C3%ABl.jpg?fit=1167%2C1200&resize=350%2C200","width":350,"height":200,"srcset":"https:\/\/i0.wp.com\/www.jojoenherbe.com\/wp-content\/uploads\/2019\/12\/1er-RAT-de-No%C3%ABl.jpg?fit=1167%2C1200&resize=350%2C200 1x, https:\/\/i0.wp.com\/www.jojoenherbe.com\/wp-content\/uploads\/2019\/12\/1er-RAT-de-No%C3%ABl.jpg?fit=1167%2C1200&resize=525%2C300 1.5x, https:\/\/i0.wp.com\/www.jojoenherbe.com\/wp-content\/uploads\/2019\/12\/1er-RAT-de-No%C3%ABl.jpg?fit=1167%2C1200&resize=700%2C400 2x, https:\/\/i0.wp.com\/www.jojoenherbe.com\/wp-content\/uploads\/2019\/12\/1er-RAT-de-No%C3%ABl.jpg?fit=1167%2C1200&resize=1050%2C600 3x"},"classes":[]}],"_links":{"self":[{"href":"http:\/\/www.jojoenherbe.com\/index.php\/wp-json\/wp\/v2\/posts\/28779","targetHints":{"allow":["GET"]}}],"collection":[{"href":"http:\/\/www.jojoenherbe.com\/index.php\/wp-json\/wp\/v2\/posts"}],"about":[{"href":"http:\/\/www.jojoenherbe.com\/index.php\/wp-json\/wp\/v2\/types\/post"}],"author":[{"embeddable":true,"href":"http:\/\/www.jojoenherbe.com\/index.php\/wp-json\/wp\/v2\/users\/1"}],"replies":[{"embeddable":true,"href":"http:\/\/www.jojoenherbe.com\/index.php\/wp-json\/wp\/v2\/comments?post=28779"}],"version-history":[{"count":21,"href":"http:\/\/www.jojoenherbe.com\/index.php\/wp-json\/wp\/v2\/posts\/28779\/revisions"}],"predecessor-version":[{"id":28831,"href":"http:\/\/www.jojoenherbe.com\/index.php\/wp-json\/wp\/v2\/posts\/28779\/revisions\/28831"}],"wp:featuredmedia":[{"embeddable":true,"href":"http:\/\/www.jojoenherbe.com\/index.php\/wp-json\/wp\/v2\/media\/28782"}],"wp:attachment":[{"href":"http:\/\/www.jojoenherbe.com\/index.php\/wp-json\/wp\/v2\/media?parent=28779"}],"wp:term":[{"taxonomy":"category","embeddable":true,"href":"http:\/\/www.jojoenherbe.com\/index.php\/wp-json\/wp\/v2\/categories?post=28779"},{"taxonomy":"post_tag","embeddable":true,"href":"http:\/\/www.jojoenherbe.com\/index.php\/wp-json\/wp\/v2\/tags?post=28779"}],"curies":[{"name":"wp","href":"https:\/\/api.w.org\/{rel}","templated":true}]}}