{"id":28363,"date":"2022-10-20T11:06:28","date_gmt":"2022-10-20T09:06:28","guid":{"rendered":"https:\/\/www.jojoenherbe.com\/?p=28363"},"modified":"2022-11-02T17:17:55","modified_gmt":"2022-11-02T16:17:55","slug":"au-fil-des-pages-avec-un-tresor-danniversaire","status":"publish","type":"post","link":"http:\/\/www.jojoenherbe.com\/index.php\/2022\/10\/20\/au-fil-des-pages-avec-un-tresor-danniversaire\/","title":{"rendered":"Au fil des pages avec Un tr\u00e9sor d&rsquo;anniversaire"},"content":{"rendered":"<p style=\"text-align: justify;\"><em><a href=\"https:\/\/i0.wp.com\/www.jojoenherbe.com\/wp-content\/uploads\/2022\/10\/Un-tresor-danniversaire-3-scaled.jpg\"><img data-recalc-dims=\"1\" loading=\"lazy\" decoding=\"async\" data-attachment-id=\"28406\" data-permalink=\"http:\/\/www.jojoenherbe.com\/index.php\/2022\/10\/20\/au-fil-des-pages-avec-un-tresor-danniversaire\/un-tresor-danniversaire-3\/\" data-orig-file=\"https:\/\/i0.wp.com\/www.jojoenherbe.com\/wp-content\/uploads\/2022\/10\/Un-tresor-danniversaire-3-scaled.jpg?fit=2560%2C1880\" data-orig-size=\"2560,1880\" data-comments-opened=\"1\" data-image-meta=\"{&quot;aperture&quot;:&quot;1.8&quot;,&quot;credit&quot;:&quot;&quot;,&quot;camera&quot;:&quot;iPhone 7&quot;,&quot;caption&quot;:&quot;&quot;,&quot;created_timestamp&quot;:&quot;1666261780&quot;,&quot;copyright&quot;:&quot;&quot;,&quot;focal_length&quot;:&quot;3.99&quot;,&quot;iso&quot;:&quot;64&quot;,&quot;shutter_speed&quot;:&quot;0.058823529411765&quot;,&quot;title&quot;:&quot;&quot;,&quot;orientation&quot;:&quot;1&quot;}\" data-image-title=\"Un tr\u00e9sor d&amp;rsquo;anniversaire 3\" data-image-description=\"\" data-image-caption=\"\" data-large-file=\"https:\/\/i0.wp.com\/www.jojoenherbe.com\/wp-content\/uploads\/2022\/10\/Un-tresor-danniversaire-3-scaled.jpg?fit=676%2C496\" class=\"alignleft size-thumbnail wp-image-28406\" src=\"https:\/\/i0.wp.com\/www.jojoenherbe.com\/wp-content\/uploads\/2022\/10\/Un-tresor-danniversaire-3.jpg?resize=150%2C150\" alt=\"\" width=\"150\" height=\"150\" srcset=\"https:\/\/i0.wp.com\/www.jojoenherbe.com\/wp-content\/uploads\/2022\/10\/Un-tresor-danniversaire-3-scaled.jpg?resize=150%2C150 150w, https:\/\/i0.wp.com\/www.jojoenherbe.com\/wp-content\/uploads\/2022\/10\/Un-tresor-danniversaire-3-scaled.jpg?zoom=2&amp;resize=150%2C150 300w, https:\/\/i0.wp.com\/www.jojoenherbe.com\/wp-content\/uploads\/2022\/10\/Un-tresor-danniversaire-3-scaled.jpg?zoom=3&amp;resize=150%2C150 450w\" sizes=\"auto, (max-width: 150px) 100vw, 150px\" \/><\/a> <a href=\"https:\/\/i0.wp.com\/www.jojoenherbe.com\/wp-content\/uploads\/2022\/10\/Un-tresor-danniversaire-4-scaled.jpg\"><img data-recalc-dims=\"1\" loading=\"lazy\" decoding=\"async\" data-attachment-id=\"28407\" data-permalink=\"http:\/\/www.jojoenherbe.com\/index.php\/2022\/10\/20\/au-fil-des-pages-avec-un-tresor-danniversaire\/un-tresor-danniversaire-4\/\" data-orig-file=\"https:\/\/i0.wp.com\/www.jojoenherbe.com\/wp-content\/uploads\/2022\/10\/Un-tresor-danniversaire-4-scaled.jpg?fit=2560%2C1932\" data-orig-size=\"2560,1932\" data-comments-opened=\"1\" data-image-meta=\"{&quot;aperture&quot;:&quot;1.8&quot;,&quot;credit&quot;:&quot;&quot;,&quot;camera&quot;:&quot;iPhone 7&quot;,&quot;caption&quot;:&quot;&quot;,&quot;created_timestamp&quot;:&quot;1666261708&quot;,&quot;copyright&quot;:&quot;&quot;,&quot;focal_length&quot;:&quot;3.99&quot;,&quot;iso&quot;:&quot;64&quot;,&quot;shutter_speed&quot;:&quot;0.058823529411765&quot;,&quot;title&quot;:&quot;&quot;,&quot;orientation&quot;:&quot;1&quot;}\" data-image-title=\"Un tr\u00e9sor d&amp;rsquo;anniversaire 4\" data-image-description=\"\" data-image-caption=\"\" data-large-file=\"https:\/\/i0.wp.com\/www.jojoenherbe.com\/wp-content\/uploads\/2022\/10\/Un-tresor-danniversaire-4-scaled.jpg?fit=676%2C510\" class=\"alignleft size-thumbnail wp-image-28407\" src=\"https:\/\/i0.wp.com\/www.jojoenherbe.com\/wp-content\/uploads\/2022\/10\/Un-tresor-danniversaire-4.jpg?resize=150%2C150\" alt=\"\" width=\"150\" height=\"150\" srcset=\"https:\/\/i0.wp.com\/www.jojoenherbe.com\/wp-content\/uploads\/2022\/10\/Un-tresor-danniversaire-4-scaled.jpg?resize=150%2C150 150w, https:\/\/i0.wp.com\/www.jojoenherbe.com\/wp-content\/uploads\/2022\/10\/Un-tresor-danniversaire-4-scaled.jpg?zoom=2&amp;resize=150%2C150 300w, https:\/\/i0.wp.com\/www.jojoenherbe.com\/wp-content\/uploads\/2022\/10\/Un-tresor-danniversaire-4-scaled.jpg?zoom=3&amp;resize=150%2C150 450w\" sizes=\"auto, (max-width: 150px) 100vw, 150px\" \/><\/a>Nous relisons \u00e0 nouveau cette ann\u00e9e <span class=\"\"><em><span style=\"text-decoration: underline;\">Un tr\u00e9sor d\u2019anniversaire<\/span> de Karen Hottois et Chlo\u00e9 Malard (\u00e9d. Seuil Jeunesse, 2021), un album jeunesse \u00e0 partir de 3 ans. C\u2019est l\u2019anniversaire d\u2019Elmo un blaireau. Pudique et discret, il d\u00e9cide de profiter seul de cette journ\u00e9e en se baladant dans la for\u00eat. Mais le soir venu, il regrette un peu de ne pas avoir pu partager tous les petits tr\u00e9sors d\u00e9couverts et qui ont \u00e9gaill\u00e9 sa journ\u00e9e. Et si le soir venu, une surprise l\u2019attendait?<\/em> <\/span><\/em><\/p>\n<p style=\"text-align: justify;\"><em><span class=\"\"><a href=\"https:\/\/i0.wp.com\/www.jojoenherbe.com\/wp-content\/uploads\/2022\/10\/Un-tresor-danniversaire-5-scaled.jpg\"><img data-recalc-dims=\"1\" loading=\"lazy\" decoding=\"async\" data-attachment-id=\"28408\" data-permalink=\"http:\/\/www.jojoenherbe.com\/index.php\/2022\/10\/20\/au-fil-des-pages-avec-un-tresor-danniversaire\/un-tresor-danniversaire-5\/\" data-orig-file=\"https:\/\/i0.wp.com\/www.jojoenherbe.com\/wp-content\/uploads\/2022\/10\/Un-tresor-danniversaire-5-scaled.jpg?fit=1920%2C2560\" data-orig-size=\"1920,2560\" data-comments-opened=\"1\" data-image-meta=\"{&quot;aperture&quot;:&quot;1.8&quot;,&quot;credit&quot;:&quot;&quot;,&quot;camera&quot;:&quot;iPhone 7&quot;,&quot;caption&quot;:&quot;&quot;,&quot;created_timestamp&quot;:&quot;1666261761&quot;,&quot;copyright&quot;:&quot;&quot;,&quot;focal_length&quot;:&quot;3.99&quot;,&quot;iso&quot;:&quot;80&quot;,&quot;shutter_speed&quot;:&quot;0.058823529411765&quot;,&quot;title&quot;:&quot;&quot;,&quot;orientation&quot;:&quot;1&quot;}\" data-image-title=\"Un tr\u00e9sor d&amp;rsquo;anniversaire 5\" data-image-description=\"\" data-image-caption=\"\" data-large-file=\"https:\/\/i0.wp.com\/www.jojoenherbe.com\/wp-content\/uploads\/2022\/10\/Un-tresor-danniversaire-5-scaled.jpg?fit=676%2C901\" class=\"size-thumbnail wp-image-28408 alignright\" src=\"https:\/\/i0.wp.com\/www.jojoenherbe.com\/wp-content\/uploads\/2022\/10\/Un-tresor-danniversaire-5.jpg?resize=150%2C150\" alt=\"\" width=\"150\" height=\"150\" srcset=\"https:\/\/i0.wp.com\/www.jojoenherbe.com\/wp-content\/uploads\/2022\/10\/Un-tresor-danniversaire-5-scaled.jpg?resize=150%2C150 150w, https:\/\/i0.wp.com\/www.jojoenherbe.com\/wp-content\/uploads\/2022\/10\/Un-tresor-danniversaire-5-scaled.jpg?zoom=2&amp;resize=150%2C150 300w, https:\/\/i0.wp.com\/www.jojoenherbe.com\/wp-content\/uploads\/2022\/10\/Un-tresor-danniversaire-5-scaled.jpg?zoom=3&amp;resize=150%2C150 450w\" sizes=\"auto, (max-width: 150px) 100vw, 150px\" \/><\/a>C&rsquo;est une nouvelle fois une magnifique histoire d\u00e9licate et po\u00e9tique aux douces illustrations \u00e0 l&rsquo;aquarelle comme le tome pr\u00e9c\u00e9dent, <a href=\"https:\/\/www.jojoenherbe.com\/index.php\/2022\/10\/06\/au-fil-des-pages-avec-un-the-a-leau-de-parapluie\/\"><span style=\"text-decoration: underline;\">Un th\u00e9 \u00e0 l\u2019eau de parapluie<\/span><\/a>. Les jeunes lecteurs s&rsquo;identifieront facilement \u00e0 Elmo avec ses petits tr\u00e9sors de la Nature collect\u00e9s au fil des saisons. Quel enfant n&rsquo;a pas ramen\u00e9 dans ses poches des pierres, des feuilles, des pommes de pin ou bien encore des bouts de bois?! Il y est ainsi question d&rsquo;ode \u00e0 la Nature comme dans par exemple <a href=\"https:\/\/www.jojoenherbe.com\/index.php\/2019\/07\/23\/au-fil-des-pages-avec-petits-riens-grande-nature\/\"><span style=\"text-decoration: underline;\">Petits riens grande nature<\/span><\/a> de G\u00e9raldine Collet et Kerasco\u00ebt (\u00e9d. Albin Michel Jeunesse, 2018). Un tr\u00e8s bon moment de lecture en compagnie de l&rsquo;attachant Elmo qui se termine sur une note gourmande!<\/span><\/em><\/p>\n<div style=\"width: 127px\" class=\"wp-caption alignleft\"><img loading=\"lazy\" decoding=\"async\" class=\"attachment-full \" src=\"https:\/\/i0.wp.com\/www.myloubook.com\/wp-content\/uploads\/2022\/09\/Challenge-Halloween-2022c.jpeg?resize=117%2C117\" sizes=\"auto, (max-width: 1080px) 100vw, 1080px\" srcset=\"https:\/\/i0.wp.com\/www.myloubook.com\/wp-content\/uploads\/2022\/09\/Challenge-Halloween-2022c.jpeg?resize=117%2C117 1080w, http:\/\/www.myloubook.com\/wp-content\/uploads\/2022\/09\/Challenge-Halloween-2022c-150x150.jpeg 150w, http:\/\/www.myloubook.com\/wp-content\/uploads\/2022\/09\/Challenge-Halloween-2022c-300x300.jpeg 300w, http:\/\/www.myloubook.com\/wp-content\/uploads\/2022\/09\/Challenge-Halloween-2022c-768x768.jpeg 768w, http:\/\/www.myloubook.com\/wp-content\/uploads\/2022\/09\/Challenge-Halloween-2022c-1024x1024.jpeg 1024w, http:\/\/www.myloubook.com\/wp-content\/uploads\/2022\/09\/Challenge-Halloween-2022c-640x640.jpeg 640w\" alt=\"\" width=\"117\" height=\"117\" data-recalc-dims=\"1\" \/><p class=\"wp-caption-text\">Participation #18 Challenge Halloween 2022 de <a href=\"https:\/\/lelivroblog.fr\/2022\/09\/13\/le-challenge-halloween-2022\/\">Hilde<\/a> et <a href=\"https:\/\/lelivroblog.fr\/2022\/09\/13\/le-challenge-halloween-2022\/\">Lou<\/a> #Automne cosy<\/p><\/div>\n<div style=\"width: 114px\" class=\"wp-caption alignleft\"><img loading=\"lazy\" decoding=\"async\" src=\"https:\/\/lh3.googleusercontent.com\/pw\/AM-JKLW-8Xy9BIRqinPzrRBz2J2pSlRnlFIwPEKmmv1zpAf3DZoC0nJGqVPx8b0ycvPVte06hr4gaDsphFfyIzipAAW1MPEwEpWUpvmIVdN6H4fs8knOaKBdlyDoMp3hCYeWKD_2Ax2fVRZYrtgs4qzmpYdYpQ=w285-h217-no?authuser=1\" alt=\"\" width=\"104\" height=\"79\" \/><p class=\"wp-caption-text\">Challenge Petit Bac d\u2019<a href=\"https:\/\/ennalit.wordpress.com\/2021\/12\/01\/challenge-petit-bac-2022-qui-veut-jouer\/\">Enna<\/a> #8 Cat\u00e9gorie Objet: \u00ab Tr\u00e9sor \u00bb<\/p><\/div>\n<div style=\"width: 118px\" class=\"wp-caption alignleft\"><img loading=\"lazy\" decoding=\"async\" src=\"https:\/\/i2.wp.com\/mapetitemediatheque.fr\/wp-content\/uploads\/2021\/11\/Inkedle-tour-du-monde-en-80-livres-2_LI.jpg?resize=168%2C127&amp;ssl=1\" alt=\"\" width=\"108\" height=\"82\" \/><p class=\"wp-caption-text\">Participation #104 Challenge Le tour du monde en 80 livres de <a href=\"https:\/\/mapetitemediatheque.fr\/2021\/12\/le-tour-du-monde-en-80-livres-le-challenge-qui-vous-fait-aimer-la-litterature-etrangere\/\">Bidib<\/a> #France<\/p><\/div>\n<div style=\"width: 122px\" class=\"wp-caption alignleft\"><img loading=\"lazy\" decoding=\"async\" src=\"https:\/\/i0.wp.com\/mapetitemediatheque.fr\/wp-content\/uploads\/2021\/12\/des-livres-en-cusine.png?resize=182%2C131&amp;ssl=1\" alt=\"\" width=\"112\" height=\"80\" \/><p class=\"wp-caption-text\">Participation #51 Challenge Des livres (et des \u00e9crans) en cuisine 2022 de <a href=\"https:\/\/mapetitemediatheque.fr\/2021\/12\/des-livres-et-des-ecrans-en-cuisine-2022\/\">Bidib<\/a> et <a href=\"http:\/\/croquerlespages.canalblog.com\/archives\/2021\/12\/21\/39242322.html\">Fondant<\/a> #G\u00e2teau d\u2019anniversaire<\/p><\/div>\n","protected":false},"excerpt":{"rendered":"<p>Nous relisons \u00e0 nouveau cette ann\u00e9e Un tr\u00e9sor d\u2019anniversaire de Karen Hottois et Chlo\u00e9 Malard (\u00e9d. Seuil Jeunesse, 2021), un album jeunesse \u00e0 partir de 3 ans. C\u2019est l\u2019anniversaire d\u2019Elmo un blaireau. Pudique et discret, il d\u00e9cide de profiter seul de cette journ\u00e9e en se baladant dans la for\u00eat. Mais le soir venu, il regrette [&hellip;]<\/p>\n","protected":false},"author":1,"featured_media":28369,"comment_status":"open","ping_status":"open","sticky":false,"template":"","format":"standard","meta":{"jetpack_post_was_ever_published":false,"_jetpack_newsletter_access":"","_jetpack_dont_email_post_to_subs":false,"_jetpack_newsletter_tier_id":0,"_jetpack_memberships_contains_paywalled_content":false,"_jetpack_memberships_contains_paid_content":false,"footnotes":""},"categories":[363],"tags":[785,386,808,1097,458,3137,2915,705,2777,2917,1277,2776,2918,1014,543,1059,373,619,1582],"class_list":["post-28363","post","type-post","status-publish","format-standard","has-post-thumbnail","hentry","category-mini-lecteur","tag-3-6-ans","tag-amitie","tag-animaux-de-la-foret","tag-anniversaire","tag-blaireau","tag-challenge-halloween-2022","tag-challenge-petit-bac-2022","tag-chat","tag-chloe-malard","tag-des-livres-et-des-ecrans-en-cuisine-2022","tag-foret","tag-karen-hottois","tag-le-tour-du-monde-en-80-livres-2022","tag-lectures-dautomne","tag-nature","tag-peluche","tag-saisons","tag-solitude","tag-timidite","post-preview"],"jetpack_featured_media_url":"https:\/\/i0.wp.com\/www.jojoenherbe.com\/wp-content\/uploads\/2022\/10\/Un-tresor-danniversaire-2.jpg?fit=2492%2C2075","jetpack_sharing_enabled":true,"jetpack_shortlink":"https:\/\/wp.me\/p9zhGx-7nt","jetpack_likes_enabled":true,"jetpack-related-posts":[{"id":27785,"url":"http:\/\/www.jojoenherbe.com\/index.php\/2022\/10\/06\/au-fil-des-pages-avec-un-the-a-leau-de-parapluie\/","url_meta":{"origin":28363,"position":0},"title":"Au fil des pages avec Un th\u00e9 \u00e0 l&rsquo;eau de parapluie","author":"Jojo","date":"6 octobre 2022","format":false,"excerpt":"Nous lisons r\u00e9guli\u00e8rement Un th\u00e9 \u00e0 l\u2019eau de parapluie de Karen Hottois et Chlo\u00e9 Malard (\u00e9d. Seuil Jeunesse, 2020), un album jeunesse \u00e0 partir de 3 ans. Par une journ\u00e9e pluvieuse d\u2019automne, Elmo, un blaireau invite ses amis \u00e0 un th\u00e9 \u00e0 l\u2019eau de parapluie accompagn\u00e9 de bichons au citron.\u2026","rel":"","context":"Dans &quot;Mini lecteur&quot;","block_context":{"text":"Mini lecteur","link":"http:\/\/www.jojoenherbe.com\/index.php\/category\/mini-lecteur\/"},"img":{"alt_text":"","src":"https:\/\/i0.wp.com\/www.jojoenherbe.com\/wp-content\/uploads\/2021\/09\/Un-the-a-leau-de-parapluie-scaled.jpg?fit=1200%2C900&resize=350%2C200","width":350,"height":200,"srcset":"https:\/\/i0.wp.com\/www.jojoenherbe.com\/wp-content\/uploads\/2021\/09\/Un-the-a-leau-de-parapluie-scaled.jpg?fit=1200%2C900&resize=350%2C200 1x, https:\/\/i0.wp.com\/www.jojoenherbe.com\/wp-content\/uploads\/2021\/09\/Un-the-a-leau-de-parapluie-scaled.jpg?fit=1200%2C900&resize=525%2C300 1.5x, https:\/\/i0.wp.com\/www.jojoenherbe.com\/wp-content\/uploads\/2021\/09\/Un-the-a-leau-de-parapluie-scaled.jpg?fit=1200%2C900&resize=700%2C400 2x, https:\/\/i0.wp.com\/www.jojoenherbe.com\/wp-content\/uploads\/2021\/09\/Un-the-a-leau-de-parapluie-scaled.jpg?fit=1200%2C900&resize=1050%2C600 3x"},"classes":[]},{"id":38973,"url":"http:\/\/www.jojoenherbe.com\/index.php\/2025\/04\/10\/throwback-thursday-livresque-couverture-pastel\/","url_meta":{"origin":28363,"position":1},"title":"Throwback Thursday Livresque: Couverture pastel","author":"Jojo","date":"10 avril 2025","format":false,"excerpt":"Ce jeudi 10 avril 2025, je participe au Throwback Thursday Livresque, un rendez-vous livresque initialement chez Bettie Rose Books et repris depuis par Carole, les liens \u00e9tant \u00e0 d\u00e9poser chez My-Bo0ks. Le principe est de partager chaque jeudi un livre en fonction d\u2019un th\u00e8me donn\u00e9. Cette semaine, le th\u00e8me est\u2026","rel":"","context":"Dans &quot;Mini blogueur&quot;","block_context":{"text":"Mini blogueur","link":"http:\/\/www.jojoenherbe.com\/index.php\/category\/mini-blogueur\/"},"img":{"alt_text":"","src":"https:\/\/i0.wp.com\/www.jojoenherbe.com\/wp-content\/uploads\/2023\/10\/TTL-logo.jpg?resize=350%2C200","width":350,"height":200},"classes":[]},{"id":21608,"url":"http:\/\/www.jojoenherbe.com\/index.php\/2021\/10\/18\/point-lecture-hebdomadaire-11\/","url_meta":{"origin":28363,"position":2},"title":"Point lecture hebdomadaire #11","author":"Jojo","date":"18 octobre 2021","format":false,"excerpt":"En ce d\u00e9but de semaine, voici notre point lecture hebdomadaire avec un retour sur nos lectures de la semaine derni\u00e8re et celle en cours, avec un passage \u00e0 la m\u00e9diath\u00e8que et une fin de semaine plac\u00e9e sous un Halloween cosy RAT. Nos lectures du 11 au 17 octobre 2021: Des\u2026","rel":"","context":"Dans &quot;Mini blogueur&quot;","block_context":{"text":"Mini blogueur","link":"http:\/\/www.jojoenherbe.com\/index.php\/category\/mini-blogueur\/"},"img":{"alt_text":"","src":"https:\/\/i0.wp.com\/www.jojoenherbe.com\/wp-content\/uploads\/2021\/10\/Point-lecture-hebdomadaire-11-scaled.jpg?fit=1200%2C900&resize=350%2C200","width":350,"height":200,"srcset":"https:\/\/i0.wp.com\/www.jojoenherbe.com\/wp-content\/uploads\/2021\/10\/Point-lecture-hebdomadaire-11-scaled.jpg?fit=1200%2C900&resize=350%2C200 1x, https:\/\/i0.wp.com\/www.jojoenherbe.com\/wp-content\/uploads\/2021\/10\/Point-lecture-hebdomadaire-11-scaled.jpg?fit=1200%2C900&resize=525%2C300 1.5x, https:\/\/i0.wp.com\/www.jojoenherbe.com\/wp-content\/uploads\/2021\/10\/Point-lecture-hebdomadaire-11-scaled.jpg?fit=1200%2C900&resize=700%2C400 2x, https:\/\/i0.wp.com\/www.jojoenherbe.com\/wp-content\/uploads\/2021\/10\/Point-lecture-hebdomadaire-11-scaled.jpg?fit=1200%2C900&resize=1050%2C600 3x"},"classes":[]},{"id":42205,"url":"http:\/\/www.jojoenherbe.com\/index.php\/2026\/01\/08\/throwback-thursday-livresque-un-anniversaire-dans-le-roman\/","url_meta":{"origin":28363,"position":3},"title":"Throwback Thursday Livresque: Un anniversaire dans le roman","author":"Jojo","date":"8 janvier 2026","format":false,"excerpt":"Ce jeudi 8 janvier 2026, je participe au Throwback Thursday Livresque, un rendez-vous livresque initialement chez Bettie Rose Books et repris depuis par Carole, les liens \u00e9tant \u00e0 d\u00e9poser chez My-Bo0ks. Le principe est de partager chaque jeudi un livre \"ancien\" de notre biblioth\u00e8que en fonction d\u2019un th\u00e8me donn\u00e9. Cette\u2026","rel":"","context":"Dans &quot;Mini blogueur&quot;","block_context":{"text":"Mini blogueur","link":"http:\/\/www.jojoenherbe.com\/index.php\/category\/mini-blogueur\/"},"img":{"alt_text":"","src":"https:\/\/i0.wp.com\/www.jojoenherbe.com\/wp-content\/uploads\/2023\/10\/TTL-logo.jpg?resize=350%2C200","width":350,"height":200},"classes":[]},{"id":27586,"url":"http:\/\/www.jojoenherbe.com\/index.php\/2022\/09\/14\/billet-de-suivi-challenge-halloween-2022\/","url_meta":{"origin":28363,"position":4},"title":"Billet de suivi: Challenge Halloween 2022","author":"Jojo","date":"14 septembre 2022","format":false,"excerpt":"Je participe \u00e0 nouveau cette ann\u00e9e au Challenge Halloween organis\u00e9 par Hilde et Lou et qui se d\u00e9roule du 23 septembre jusqu'en novembre 2022. D\u00e8s le 23 septembre 2022, elles ouvrent les portes de leur manoir. Le challenge commence en douceur par un d\u00e9poussi\u00e9rage de PAL, premi\u00e8res suggestions halloweenesques et\u2026","rel":"","context":"Dans &quot;Mini challenger&quot;","block_context":{"text":"Mini challenger","link":"http:\/\/www.jojoenherbe.com\/index.php\/category\/mini-challenger\/"},"img":{"alt_text":"","src":"https:\/\/i0.wp.com\/www.jojoenherbe.com\/wp-content\/uploads\/2022\/09\/Challenge-Halloween-2022.jpg?fit=1080%2C1080&resize=350%2C200","width":350,"height":200,"srcset":"https:\/\/i0.wp.com\/www.jojoenherbe.com\/wp-content\/uploads\/2022\/09\/Challenge-Halloween-2022.jpg?fit=1080%2C1080&resize=350%2C200 1x, https:\/\/i0.wp.com\/www.jojoenherbe.com\/wp-content\/uploads\/2022\/09\/Challenge-Halloween-2022.jpg?fit=1080%2C1080&resize=525%2C300 1.5x, https:\/\/i0.wp.com\/www.jojoenherbe.com\/wp-content\/uploads\/2022\/09\/Challenge-Halloween-2022.jpg?fit=1080%2C1080&resize=700%2C400 2x, https:\/\/i0.wp.com\/www.jojoenherbe.com\/wp-content\/uploads\/2022\/09\/Challenge-Halloween-2022.jpg?fit=1080%2C1080&resize=1050%2C600 3x"},"classes":[]},{"id":20845,"url":"http:\/\/www.jojoenherbe.com\/index.php\/2021\/09\/22\/nos-lectures-automnales-2021\/","url_meta":{"origin":28363,"position":5},"title":"Nos lectures automnales 2021","author":"Jojo","date":"22 septembre 2021","format":false,"excerpt":"En ce premier jour d'automne 2021, je fais comme l'ann\u00e9e derni\u00e8re un billet th\u00e9matique sur nos lectures automnales pass\u00e9es, pr\u00e9sentes et \u00e0 venir. Voici donc notre s\u00e9lection qui \u00e9voluera au-fur-et-\u00e0-mesure de nos lectures, sans mentionner lorsqu'il s'agit de relectures des ann\u00e9es pr\u00e9c\u00e9dentes sauf lorsque je ne l'avais pas encore chroniqu\u00e9es\u2026","rel":"","context":"Dans &quot;Mini lecteur&quot;","block_context":{"text":"Mini lecteur","link":"http:\/\/www.jojoenherbe.com\/index.php\/category\/mini-lecteur\/"},"img":{"alt_text":"","src":"https:\/\/i0.wp.com\/www.jojoenherbe.com\/wp-content\/uploads\/2021\/09\/Nos-lectures-automnales-2021-scaled.jpg?fit=1200%2C862&resize=350%2C200","width":350,"height":200,"srcset":"https:\/\/i0.wp.com\/www.jojoenherbe.com\/wp-content\/uploads\/2021\/09\/Nos-lectures-automnales-2021-scaled.jpg?fit=1200%2C862&resize=350%2C200 1x, https:\/\/i0.wp.com\/www.jojoenherbe.com\/wp-content\/uploads\/2021\/09\/Nos-lectures-automnales-2021-scaled.jpg?fit=1200%2C862&resize=525%2C300 1.5x, https:\/\/i0.wp.com\/www.jojoenherbe.com\/wp-content\/uploads\/2021\/09\/Nos-lectures-automnales-2021-scaled.jpg?fit=1200%2C862&resize=700%2C400 2x, https:\/\/i0.wp.com\/www.jojoenherbe.com\/wp-content\/uploads\/2021\/09\/Nos-lectures-automnales-2021-scaled.jpg?fit=1200%2C862&resize=1050%2C600 3x"},"classes":[]}],"_links":{"self":[{"href":"http:\/\/www.jojoenherbe.com\/index.php\/wp-json\/wp\/v2\/posts\/28363","targetHints":{"allow":["GET"]}}],"collection":[{"href":"http:\/\/www.jojoenherbe.com\/index.php\/wp-json\/wp\/v2\/posts"}],"about":[{"href":"http:\/\/www.jojoenherbe.com\/index.php\/wp-json\/wp\/v2\/types\/post"}],"author":[{"embeddable":true,"href":"http:\/\/www.jojoenherbe.com\/index.php\/wp-json\/wp\/v2\/users\/1"}],"replies":[{"embeddable":true,"href":"http:\/\/www.jojoenherbe.com\/index.php\/wp-json\/wp\/v2\/comments?post=28363"}],"version-history":[{"count":9,"href":"http:\/\/www.jojoenherbe.com\/index.php\/wp-json\/wp\/v2\/posts\/28363\/revisions"}],"predecessor-version":[{"id":28653,"href":"http:\/\/www.jojoenherbe.com\/index.php\/wp-json\/wp\/v2\/posts\/28363\/revisions\/28653"}],"wp:featuredmedia":[{"embeddable":true,"href":"http:\/\/www.jojoenherbe.com\/index.php\/wp-json\/wp\/v2\/media\/28369"}],"wp:attachment":[{"href":"http:\/\/www.jojoenherbe.com\/index.php\/wp-json\/wp\/v2\/media?parent=28363"}],"wp:term":[{"taxonomy":"category","embeddable":true,"href":"http:\/\/www.jojoenherbe.com\/index.php\/wp-json\/wp\/v2\/categories?post=28363"},{"taxonomy":"post_tag","embeddable":true,"href":"http:\/\/www.jojoenherbe.com\/index.php\/wp-json\/wp\/v2\/tags?post=28363"}],"curies":[{"name":"wp","href":"https:\/\/api.w.org\/{rel}","templated":true}]}}