{"id":28203,"date":"2022-10-31T06:00:00","date_gmt":"2022-10-31T05:00:00","guid":{"rendered":"https:\/\/www.jojoenherbe.com\/?p=28203"},"modified":"2024-03-04T14:41:05","modified_gmt":"2024-03-04T13:41:05","slug":"au-fil-des-pages-avec-frankenstein","status":"publish","type":"post","link":"http:\/\/www.jojoenherbe.com\/index.php\/2022\/10\/31\/au-fil-des-pages-avec-frankenstein\/","title":{"rendered":"Au fil des pages avec Frankenstein"},"content":{"rendered":"<p style=\"text-align: justify;\"><em>Pour une lecture commune avec <a href=\"https:\/\/lelivroblog.fr\/\">Hilde<\/a> et <a href=\"http:\/\/delivrer-des-livres.fr\/\">Nathalie<\/a>, j&rsquo;ai relu <span style=\"text-decoration: underline;\">Frankenstein ou le Prom\u00e9th\u00e9e moderne<\/span> de Mary Shelley (\u00e9d. GF Flammarion, coll. \u00c9tonnants Classiques, n\u00b02128, r\u00e9\u00e9d. 2001, 192 pages), un roman fantastique gothique paru pour la premi\u00e8re fois en 1818, pr\u00e9curseur de la science-fiction et que j&rsquo;avais d\u00e9j\u00e0 lu il y a bien 25 ans, apr\u00e8s avoir vu des adaptations en film, que ce soit celui des ann\u00e9es 30 ou celui de Kenneth Branagh dans les ann\u00e9es 90.<\/em><\/p>\n<p style=\"text-align: justify;\"><em>Au XIXe si\u00e8cle, lors d&rsquo;une exp\u00e9dition au p\u00f4le Nord, l&rsquo;explorateur Robert Watson sauve le Dr. Victor Frankenstein, un homme affaibli, d\u00e9lirant, tourment\u00e9 et poursuivant un monstre que l&rsquo;\u00e9quipage a aper\u00e7u quelques jours auparavant sur la banquise. Afin de mettre en garde l&rsquo;explorateur chez qui il voit la m\u00eame inclinaison, le docteur recueilli et mourant lui raconte alors le d\u00e9but de sa vie, de sa jeunesse \u00e0 ses ann\u00e9es d&rsquo;\u00e9tudes scientifiques <\/em><em>qui l&rsquo;ont amen\u00e9 \u00e0 cr\u00e9er un monstre vivant. Le scientifique l&rsquo;ayant rejet\u00e9e imm\u00e9diatement apr\u00e8s lui avoir donn\u00e9 vie, la cr\u00e9ature le pourchasse, en tuant un \u00e0 un son entourage familial et amical jusqu&rsquo;\u00e0 lui enjoindre de lui cr\u00e9er une femme \u00e0 son image pour rompre sa solitude et afin d&rsquo;\u00e9viter sa vengeance. Malgr\u00e9 sa l\u00e2chet\u00e9 et ses \u00e9tats d&rsquo;\u00e2me, le Dr. Frankenstein le fera-t-il?<\/em><\/p>\n<p style=\"text-align: justify;\"><em>Dans ce r\u00e9cit \u00e0 la fois \u00e9pistolaire et \u00e0 la premi\u00e8re personne, la structure en ab\u00eeme permet de passer d&rsquo;un point de vue \u00e0 un autre, celui de l&rsquo;explorateur puis du scientifique puis du monstre pour revenir \u00e0 celui du scientifique puis de l&rsquo;explorateur. Elle refl\u00e8te ainsi cette spirale de haine meurtri\u00e8re et de solitude infinie qui consume \u00e0 la fois le scientifique et sa cr\u00e9ature. <\/em><\/p>\n<p style=\"text-align: justify;\"><em>Il y est question de la nature humaine, de libre-arbitre, de monstruosit\u00e9, des apparences trompeuses&#8230; La folie cr\u00e9atrice du scientifique appara\u00eet bien plus monstrueuse que la cr\u00e9ature \u00e0 l&rsquo;apparence hideuse tout comme sa l\u00e2chet\u00e9, le Dr. Frankenstein rejetant sa cr\u00e9ation \u00e0 l&rsquo;instant m\u00eame o\u00f9 il la voit prendre vie. De son c\u00f4t\u00e9, la cr\u00e9ature qui n&rsquo;aura jamais aucun nom tente de faire voir aux autres au-del\u00e0 de l&rsquo;apparence, apprenant \u00e0 parler, lire et \u00e0 survivre dans un monde humain qui le rejette. On ressent alors bien plus de compassion \u00e0 l&rsquo;\u00e9gard de la cr\u00e9ature que du scientifique.<\/em><\/p>\n<p style=\"text-align: justify;\"><em>J&rsquo;ai appr\u00e9ci\u00e9 tout autant cette relecture m\u00eame si diff\u00e9remment \u00a0car il y a des th\u00e8mes qui prennent une autre importance comme l&rsquo;\u00e9ducation et in fine la parentalit\u00e9 ou la Justice, au vu des notions philosophiques \u00e9tudi\u00e9es \u00e0 la fac ou de mon exp\u00e9rience professionnelle. \u00c2g\u00e9e d&rsquo;\u00e0 peine 19 ans lorsqu&rsquo;elle a \u00e9crit ce court roman, Mary Shelley n&rsquo;en \u00e9tait pas moins cultiv\u00e9e, son r\u00e9cit renvoyant par exemple \u00e0 des oppositions philosophiques traditionnelles Nature\/Culture, Rousseau\/Locke ou bien encore \u00e0 l&rsquo;essor du tourisme en montagne et des grandes explorations&#8230;<\/em><\/p>\n<p style=\"text-align: justify;\"><em>D&rsquo;ailleurs, <\/em><em>il y a deux ans, lors du challenge Halloween 2020, j&rsquo;avais lu <a href=\"https:\/\/www.jojoenherbe.com\/index.php\/2020\/10\/18\/au-fil-des-pages-avec-lombre-du-golem\/\"><span style=\"text-decoration: underline;\"> L\u2019ombre du Golem<\/span><\/a> d\u2019\u00c9liette Ab\u00e9cassis et Benjamin Lacombe (\u00e9d. Flammarion Jeunesse, 2017), un roman illustr\u00e9 \u00e0 partir de 13 ans. J&rsquo;avais alors not\u00e9 les ressemblances entre le Golem et le monstre de Frankestein, tous deux anim\u00e9s par l&rsquo;argile. De m\u00eame, m&rsquo;est venue en t\u00eate la citation c\u00e9l\u00e8bre de Rabelais, dans Pantagruel: \u00ab\u00a0Science sans conscience n&rsquo;est que ruine de l&rsquo;\u00e2me\u00a0\u00bb.<\/em><\/p>\n<p style=\"text-align: justify;\"><a href=\"https:\/\/i0.wp.com\/www.jojoenherbe.com\/wp-content\/uploads\/2022\/10\/Frankestein-2-scaled.jpg\"><img data-recalc-dims=\"1\" loading=\"lazy\" decoding=\"async\" data-attachment-id=\"28229\" data-permalink=\"http:\/\/www.jojoenherbe.com\/index.php\/2022\/10\/17\/point-lecture-hebdomadaire-63\/frankestein-2\/\" data-orig-file=\"https:\/\/i0.wp.com\/www.jojoenherbe.com\/wp-content\/uploads\/2022\/10\/Frankestein-2-scaled.jpg?fit=2560%2C1846\" data-orig-size=\"2560,1846\" data-comments-opened=\"1\" data-image-meta=\"{&quot;aperture&quot;:&quot;1.8&quot;,&quot;credit&quot;:&quot;&quot;,&quot;camera&quot;:&quot;iPhone 7&quot;,&quot;caption&quot;:&quot;&quot;,&quot;created_timestamp&quot;:&quot;1665916228&quot;,&quot;copyright&quot;:&quot;&quot;,&quot;focal_length&quot;:&quot;3.99&quot;,&quot;iso&quot;:&quot;100&quot;,&quot;shutter_speed&quot;:&quot;0.2&quot;,&quot;title&quot;:&quot;&quot;,&quot;orientation&quot;:&quot;1&quot;}\" data-image-title=\"Frankestein 2\" data-image-description=\"\" data-image-caption=\"\" data-large-file=\"https:\/\/i0.wp.com\/www.jojoenherbe.com\/wp-content\/uploads\/2022\/10\/Frankestein-2-scaled.jpg?fit=676%2C487\" class=\"alignleft size-thumbnail wp-image-28229\" src=\"https:\/\/i0.wp.com\/www.jojoenherbe.com\/wp-content\/uploads\/2022\/10\/Frankestein-2.jpg?resize=150%2C150\" alt=\"\" width=\"150\" height=\"150\" srcset=\"https:\/\/i0.wp.com\/www.jojoenherbe.com\/wp-content\/uploads\/2022\/10\/Frankestein-2-scaled.jpg?resize=150%2C150 150w, https:\/\/i0.wp.com\/www.jojoenherbe.com\/wp-content\/uploads\/2022\/10\/Frankestein-2-scaled.jpg?zoom=2&amp;resize=150%2C150 300w, https:\/\/i0.wp.com\/www.jojoenherbe.com\/wp-content\/uploads\/2022\/10\/Frankestein-2-scaled.jpg?zoom=3&amp;resize=150%2C150 450w\" sizes=\"auto, (max-width: 150px) 100vw, 150px\" \/><\/a><em>Enfin, avec cette relecture, j&rsquo;ai eu envie de lire des adaptations en BD jeunesse de cette histoire, plus ou moins fid\u00e8les: <span style=\"text-decoration: underline;\">Duckenstein<\/span> de Bruno Enna et Fabio Celoni (\u00e9d. Gl\u00e9nat, 2020, 76 pages) et le premier tome du triptyque <span style=\"text-decoration: underline;\">Frankenstein<\/span> de Marion Mousse et Marie Galopin (\u00e9d. Delcourt, coll. Ex-Libris, 2007, 48 pages).<\/em><\/p>\n<p style=\"text-align: justify;\"><em>Pour d&rsquo;autres avis sur ce classique: <a href=\"https:\/\/artdelire.org\/2012\/12\/01\/frankenstein-ou-le-promethee-moderne\/\">MissyCornish<\/a>, <a href=\"https:\/\/lelivroblog.fr\/2022\/10\/31\/mary-shelley-frankenstein-ou-la-promethee-moderne\/\">Hilde<\/a> et <a href=\"https:\/\/delivrer-des-livres.fr\/frankenstein-le-roman\/\">Nathalie<\/a>.<\/em><\/p>\n<div style=\"width: 111px\" class=\"wp-caption alignleft\"><img loading=\"lazy\" decoding=\"async\" class=\"attachment-post-image  wp-post-image\" src=\"https:\/\/i0.wp.com\/www.jojoenherbe.com\/wp-content\/uploads\/2022\/09\/Challenge-Halloween-2022.jpg?fit=676%2C676&amp;ssl=1\" sizes=\"auto, (max-width: 676px) 100vw, 676px\" srcset=\"https:\/\/i0.wp.com\/www.jojoenherbe.com\/wp-content\/uploads\/2022\/09\/Challenge-Halloween-2022.jpg?w=1080&amp;ssl=1 1080w, https:\/\/i0.wp.com\/www.jojoenherbe.com\/wp-content\/uploads\/2022\/09\/Challenge-Halloween-2022.jpg?resize=300%2C300&amp;ssl=1 300w, https:\/\/i0.wp.com\/www.jojoenherbe.com\/wp-content\/uploads\/2022\/09\/Challenge-Halloween-2022.jpg?resize=1024%2C1024&amp;ssl=1 1024w, https:\/\/i0.wp.com\/www.jojoenherbe.com\/wp-content\/uploads\/2022\/09\/Challenge-Halloween-2022.jpg?resize=150%2C150&amp;ssl=1 150w, https:\/\/i0.wp.com\/www.jojoenherbe.com\/wp-content\/uploads\/2022\/09\/Challenge-Halloween-2022.jpg?resize=768%2C768&amp;ssl=1 768w, https:\/\/i0.wp.com\/www.jojoenherbe.com\/wp-content\/uploads\/2022\/09\/Challenge-Halloween-2022.jpg?resize=676%2C676&amp;ssl=1 676w\" alt=\"\" width=\"101\" height=\"101\" data-attachment-id=\"27589\" data-permalink=\"https:\/\/www.jojoenherbe.com\/index.php\/2022\/09\/14\/billet-de-suivi-challenge-halloween-2022\/challenge-halloween-2022\/\" data-orig-file=\"https:\/\/i0.wp.com\/www.jojoenherbe.com\/wp-content\/uploads\/2022\/09\/Challenge-Halloween-2022.jpg?fit=1080%2C1080&amp;ssl=1\" data-orig-size=\"1080,1080\" data-comments-opened=\"1\" data-image-meta=\"{&quot;aperture&quot;:&quot;0&quot;,&quot;credit&quot;:&quot;&quot;,&quot;camera&quot;:&quot;&quot;,&quot;caption&quot;:&quot;&quot;,&quot;created_timestamp&quot;:&quot;1663139799&quot;,&quot;copyright&quot;:&quot;&quot;,&quot;focal_length&quot;:&quot;0&quot;,&quot;iso&quot;:&quot;0&quot;,&quot;shutter_speed&quot;:&quot;0&quot;,&quot;title&quot;:&quot;&quot;,&quot;orientation&quot;:&quot;1&quot;}\" data-image-title=\"Challenge Halloween 2022\" data-image-description=\"\" data-image-caption=\"\" data-medium-file=\"https:\/\/i0.wp.com\/www.jojoenherbe.com\/wp-content\/uploads\/2022\/09\/Challenge-Halloween-2022.jpg?fit=300%2C300&amp;ssl=1\" data-large-file=\"https:\/\/i0.wp.com\/www.jojoenherbe.com\/wp-content\/uploads\/2022\/09\/Challenge-Halloween-2022.jpg?fit=676%2C676&amp;ssl=1\" \/><p class=\"wp-caption-text\">Participation #21 Challenge Halloween 2022 de <a href=\"https:\/\/lelivroblog.fr\/2022\/09\/13\/le-challenge-halloween-2022\/\">Hilde<\/a> et <a href=\"https:\/\/lelivroblog.fr\/2022\/09\/13\/le-challenge-halloween-2022\/\">Lou<\/a> #Monstre<\/p><\/div>\n<div style=\"width: 137px\" class=\"wp-caption alignleft\"><img loading=\"lazy\" decoding=\"async\" src=\"https:\/\/i0.wp.com\/image.over-blog.com\/g6mE5gMhh4EpmYRRBtNzyaCPNnc=\/filters:no_upscale()\/image%2F0776537%2F20220103%2Fob_7debe8_montagemaman20222.png?resize=192%2C108&amp;ssl=1\" alt=\"\" width=\"127\" height=\"71\" data-amp-height=\"160\" data-amp-width=\"284\" data-recalc-dims=\"1\" \/><p class=\"wp-caption-text\">Participation #15 Challenge 2022 en classiques de <a href=\"https:\/\/vivrelivre19.over-blog.com\/2022\/01\/2022-en-classiques.html\">Blandine<\/a> et <a href=\"https:\/\/delivrer-des-livres.fr\/2022-en-classiques-challenge\/\">Nathalie<\/a> #Classique anglais<\/p><\/div>\n<div style=\"width: 118px\" class=\"wp-caption alignleft\"><img loading=\"lazy\" decoding=\"async\" src=\"https:\/\/i2.wp.com\/mapetitemediatheque.fr\/wp-content\/uploads\/2021\/11\/Inkedle-tour-du-monde-en-80-livres-2_LI.jpg?resize=168%2C127&amp;ssl=1\" alt=\"\" width=\"108\" height=\"82\" \/><p class=\"wp-caption-text\">Participation #106 Challenge Le tour du monde en 80 livres de <a href=\"https:\/\/mapetitemediatheque.fr\/2021\/12\/le-tour-du-monde-en-80-livres-le-challenge-qui-vous-fait-aimer-la-litterature-etrangere\/\">Bidib<\/a> #Angleterre<\/p><\/div>\n<div style=\"width: 111px\" class=\"wp-caption alignleft\"><img data-recalc-dims=\"1\" loading=\"lazy\" decoding=\"async\" class=\"\" title=\"Orange et Jaune Vilain Mignon Halloween Affiche\" src=\"https:\/\/artdelire.files.wordpress.com\/2022\/10\/orange-et-jaune-vilain-mignon-halloween-affiche-e1665254000644.png?w=262&#038;h=370&#038;fit=262%2C370&#038;resize=101%2C142\" alt=\"Orange et Jaune Vilain Mignon Halloween Affiche\" width=\"101\" height=\"142\" data-attachment-id=\"4894\" data-orig-file=\"https:\/\/artdelire.files.wordpress.com\/2022\/10\/orange-et-jaune-vilain-mignon-halloween-affiche-e1665254000644.png\" data-orig-size=\"900,1273\" data-comments-opened=\"1\" data-image-meta=\"{&quot;aperture&quot;:&quot;0&quot;,&quot;credit&quot;:&quot;&quot;,&quot;camera&quot;:&quot;&quot;,&quot;caption&quot;:&quot;&quot;,&quot;created_timestamp&quot;:&quot;0&quot;,&quot;copyright&quot;:&quot;&quot;,&quot;focal_length&quot;:&quot;0&quot;,&quot;iso&quot;:&quot;0&quot;,&quot;shutter_speed&quot;:&quot;0&quot;,&quot;title&quot;:&quot;&quot;,&quot;orientation&quot;:&quot;0&quot;}\" data-image-title=\"Orange et Jaune Vilain Mignon Halloween Affiche\" data-image-description=\"\" data-medium-file=\"https:\/\/artdelire.files.wordpress.com\/2022\/10\/orange-et-jaune-vilain-mignon-halloween-affiche-e1665254000644.png?w=212\" data-large-file=\"https:\/\/artdelire.files.wordpress.com\/2022\/10\/orange-et-jaune-vilain-mignon-halloween-affiche-e1665254000644.png?w=640\" data-original-width=\"262\" data-original-height=\"370\" \/><p class=\"wp-caption-text\">Participation #14 Challenge Cottagecore 2022 de <a href=\"https:\/\/artdelire.org\/2022\/03\/26\/challenge-cottagecore-2022-cest-parti-pour-une-nouvelle-saison\/\">MissyCornish<\/a> #R\u00eaveries au bord de l\u2019eau\/M\u00e9fiez-vous de de l\u2019eau qui dort<\/p><\/div>\n","protected":false},"excerpt":{"rendered":"<p>Pour une lecture commune avec Hilde et Nathalie, j&rsquo;ai relu Frankenstein ou le Prom\u00e9th\u00e9e moderne de Mary Shelley (\u00e9d. GF Flammarion, coll. \u00c9tonnants Classiques, n\u00b02128, r\u00e9\u00e9d. 2001, 192 pages), un roman fantastique gothique paru pour la premi\u00e8re fois en 1818, pr\u00e9curseur de la science-fiction et que j&rsquo;avais d\u00e9j\u00e0 lu il y a bien 25 ans, [&hellip;]<\/p>\n","protected":false},"author":1,"featured_media":28228,"comment_status":"open","ping_status":"open","sticky":false,"template":"","format":"standard","meta":{"jetpack_post_was_ever_published":false,"_jetpack_newsletter_access":"","_jetpack_dont_email_post_to_subs":false,"_jetpack_newsletter_tier_id":0,"_jetpack_memberships_contains_paywalled_content":false,"_jetpack_memberships_contains_paid_content":false,"footnotes":""},"categories":[363],"tags":[2169,1347,2919,1867,377,3037,3137,1947,3470,2346,3468,459,1563,3472,2918,2347,3458,3473,1868,3210,1614,4152,2488,3469,3474],"class_list":["post-28203","post","type-post","status-publish","format-standard","has-post-thumbnail","hentry","category-mini-lecteur","tag-16-18-ans","tag-18-ans-et-plus","tag-2022-en-classiques","tag-alchimie","tag-apprentissage","tag-challenge-cottagecore-2022","tag-challenge-halloween-2022","tag-conscience","tag-desespoir","tag-education","tag-epouvante","tag-famille","tag-horreur","tag-humanite","tag-le-tour-du-monde-en-80-livres-2022","tag-litterature-anglo-saxonne","tag-mary-shelley","tag-monstruosite","tag-nature-humaine","tag-roman-fantastique","tag-roman-gothique","tag-roman-sf","tag-science","tag-science-fiction","tag-societe","post-preview"],"jetpack_featured_media_url":"https:\/\/i0.wp.com\/www.jojoenherbe.com\/wp-content\/uploads\/2022\/10\/Frankenstein-scaled.jpg?fit=2560%2C1976","jetpack_sharing_enabled":true,"jetpack_shortlink":"https:\/\/wp.me\/p9zhGx-7kT","jetpack_likes_enabled":true,"jetpack-related-posts":[{"id":37114,"url":"http:\/\/www.jojoenherbe.com\/index.php\/2024\/10\/24\/throwback-thursday-livresque-medecin\/","url_meta":{"origin":28203,"position":0},"title":"Throwback Thursday Livresque: m\u00e9decin","author":"Jojo","date":"24 octobre 2024","format":false,"excerpt":"Ce jeudi 24 octobre 2024, je participe au Throwback Thursday Livresque, un rendez-vous livresque initialement chez Bettie Rose Books et repris depuis par Carole, les liens \u00e9tant \u00e0 d\u00e9poser chez My-Bo0ks. Le principe est de partager chaque jeudi un livre en fonction d\u2019un th\u00e8me donn\u00e9. Cette semaine, le th\u00e8me est\u2026","rel":"","context":"Dans &quot;Mini challenger&quot;","block_context":{"text":"Mini challenger","link":"http:\/\/www.jojoenherbe.com\/index.php\/category\/mini-challenger\/"},"img":{"alt_text":"","src":"https:\/\/i0.wp.com\/www.jojoenherbe.com\/wp-content\/uploads\/2023\/10\/TTL-logo.jpg?resize=350%2C200","width":350,"height":200},"classes":[]},{"id":28214,"url":"http:\/\/www.jojoenherbe.com\/index.php\/2022\/10\/17\/point-lecture-hebdomadaire-63\/","url_meta":{"origin":28203,"position":1},"title":"Point lecture hebdomadaire #63","author":"Jojo","date":"17 octobre 2022","format":false,"excerpt":"En ce d\u00e9but de semaine, voici notre point lecture hebdomadaire avec un retour sur nos lectures de la semaine derni\u00e8re (mais pas nos relectures), avec encore cette semaine et celles \u00e0 venir une pr\u00e9dominante pour les lectures automnales et halloweenesques. Nos lectures du 10 au 16 octobre 2022: Des lectures\u2026","rel":"","context":"Dans &quot;Mini blogueur&quot;","block_context":{"text":"Mini blogueur","link":"http:\/\/www.jojoenherbe.com\/index.php\/category\/mini-blogueur\/"},"img":{"alt_text":"","src":"https:\/\/i0.wp.com\/www.jojoenherbe.com\/wp-content\/uploads\/2022\/10\/Point-lecture-hebdo-63-scaled.jpg?fit=1200%2C568&resize=350%2C200","width":350,"height":200,"srcset":"https:\/\/i0.wp.com\/www.jojoenherbe.com\/wp-content\/uploads\/2022\/10\/Point-lecture-hebdo-63-scaled.jpg?fit=1200%2C568&resize=350%2C200 1x, https:\/\/i0.wp.com\/www.jojoenherbe.com\/wp-content\/uploads\/2022\/10\/Point-lecture-hebdo-63-scaled.jpg?fit=1200%2C568&resize=525%2C300 1.5x, https:\/\/i0.wp.com\/www.jojoenherbe.com\/wp-content\/uploads\/2022\/10\/Point-lecture-hebdo-63-scaled.jpg?fit=1200%2C568&resize=700%2C400 2x, https:\/\/i0.wp.com\/www.jojoenherbe.com\/wp-content\/uploads\/2022\/10\/Point-lecture-hebdo-63-scaled.jpg?fit=1200%2C568&resize=1050%2C600 3x"},"classes":[]},{"id":27586,"url":"http:\/\/www.jojoenherbe.com\/index.php\/2022\/09\/14\/billet-de-suivi-challenge-halloween-2022\/","url_meta":{"origin":28203,"position":2},"title":"Billet de suivi: Challenge Halloween 2022","author":"Jojo","date":"14 septembre 2022","format":false,"excerpt":"Je participe \u00e0 nouveau cette ann\u00e9e au Challenge Halloween organis\u00e9 par Hilde et Lou et qui se d\u00e9roule du 23 septembre jusqu'en novembre 2022. D\u00e8s le 23 septembre 2022, elles ouvrent les portes de leur manoir. Le challenge commence en douceur par un d\u00e9poussi\u00e9rage de PAL, premi\u00e8res suggestions halloweenesques et\u2026","rel":"","context":"Dans &quot;Mini challenger&quot;","block_context":{"text":"Mini challenger","link":"http:\/\/www.jojoenherbe.com\/index.php\/category\/mini-challenger\/"},"img":{"alt_text":"","src":"https:\/\/i0.wp.com\/www.jojoenherbe.com\/wp-content\/uploads\/2022\/09\/Challenge-Halloween-2022.jpg?fit=1080%2C1080&resize=350%2C200","width":350,"height":200,"srcset":"https:\/\/i0.wp.com\/www.jojoenherbe.com\/wp-content\/uploads\/2022\/09\/Challenge-Halloween-2022.jpg?fit=1080%2C1080&resize=350%2C200 1x, https:\/\/i0.wp.com\/www.jojoenherbe.com\/wp-content\/uploads\/2022\/09\/Challenge-Halloween-2022.jpg?fit=1080%2C1080&resize=525%2C300 1.5x, https:\/\/i0.wp.com\/www.jojoenherbe.com\/wp-content\/uploads\/2022\/09\/Challenge-Halloween-2022.jpg?fit=1080%2C1080&resize=700%2C400 2x, https:\/\/i0.wp.com\/www.jojoenherbe.com\/wp-content\/uploads\/2022\/09\/Challenge-Halloween-2022.jpg?fit=1080%2C1080&resize=1050%2C600 3x"},"classes":[]},{"id":13045,"url":"http:\/\/www.jojoenherbe.com\/index.php\/2020\/10\/18\/au-fil-des-pages-avec-lombre-du-golem\/","url_meta":{"origin":28203,"position":3},"title":"Au fil des pages avec L&rsquo;ombre du Golem","author":"Jojo","date":"18 octobre 2020","format":false,"excerpt":"J'emprunte \u00e0 la m\u00e9diath\u00e8que L'ombre du Golem d\u2019\u00c9liette Ab\u00e9cassis et Benjamin Lacombe (\u00e9d. Flammarion Jeunesse, 2017), un roman illustr\u00e9 \u00e0 partir de 13 ans.\u00a0 La l\u00e9gende du Golem nous est cont\u00e9e par une petite fille d'alchimistes, Zelmira, t\u00e9moin des pers\u00e9cutions subies par la communaut\u00e9 juive de Prague en 1552 et\u2026","rel":"","context":"Dans &quot;Mini lecteur&quot;","block_context":{"text":"Mini lecteur","link":"http:\/\/www.jojoenherbe.com\/index.php\/category\/mini-lecteur\/"},"img":{"alt_text":"","src":"https:\/\/i0.wp.com\/www.jojoenherbe.com\/wp-content\/uploads\/2020\/10\/Lombre-du-Golem-scaled.jpg?fit=1200%2C964&resize=350%2C200","width":350,"height":200,"srcset":"https:\/\/i0.wp.com\/www.jojoenherbe.com\/wp-content\/uploads\/2020\/10\/Lombre-du-Golem-scaled.jpg?fit=1200%2C964&resize=350%2C200 1x, https:\/\/i0.wp.com\/www.jojoenherbe.com\/wp-content\/uploads\/2020\/10\/Lombre-du-Golem-scaled.jpg?fit=1200%2C964&resize=525%2C300 1.5x, https:\/\/i0.wp.com\/www.jojoenherbe.com\/wp-content\/uploads\/2020\/10\/Lombre-du-Golem-scaled.jpg?fit=1200%2C964&resize=700%2C400 2x, https:\/\/i0.wp.com\/www.jojoenherbe.com\/wp-content\/uploads\/2020\/10\/Lombre-du-Golem-scaled.jpg?fit=1200%2C964&resize=1050%2C600 3x"},"classes":[]},{"id":41445,"url":"http:\/\/www.jojoenherbe.com\/index.php\/2025\/11\/22\/au-fil-des-pages-avec-minuit-passe\/","url_meta":{"origin":28203,"position":4},"title":"Au fil des pages avec Minuit pass\u00e9","author":"Jojo","date":"22 novembre 2025","format":false,"excerpt":"Avec Hilde et Lou, j'ai lu Minuit pass\u00e9 de Ga\u00eblle Geniller (\u00e9d. Delcourt, octobre 2024, 204 pages), un roman graphique fantastique au joli jaspage et qui a \u00e9t\u00e9 choisi comme lecture commune pour le challenge Halloween 2025. Je l'avais rep\u00e9r\u00e9 depuis sa parution, ayant \u00e9t\u00e9 attir\u00e9e par l'illustration de couverture\u2026","rel":"","context":"Dans &quot;Mini lecteur&quot;","block_context":{"text":"Mini lecteur","link":"http:\/\/www.jojoenherbe.com\/index.php\/category\/mini-lecteur\/"},"img":{"alt_text":"","src":"https:\/\/i0.wp.com\/www.jojoenherbe.com\/wp-content\/uploads\/2025\/11\/Minuit-passe-scaled.jpg?fit=1200%2C930&resize=350%2C200","width":350,"height":200,"srcset":"https:\/\/i0.wp.com\/www.jojoenherbe.com\/wp-content\/uploads\/2025\/11\/Minuit-passe-scaled.jpg?fit=1200%2C930&resize=350%2C200 1x, https:\/\/i0.wp.com\/www.jojoenherbe.com\/wp-content\/uploads\/2025\/11\/Minuit-passe-scaled.jpg?fit=1200%2C930&resize=525%2C300 1.5x, https:\/\/i0.wp.com\/www.jojoenherbe.com\/wp-content\/uploads\/2025\/11\/Minuit-passe-scaled.jpg?fit=1200%2C930&resize=700%2C400 2x, https:\/\/i0.wp.com\/www.jojoenherbe.com\/wp-content\/uploads\/2025\/11\/Minuit-passe-scaled.jpg?fit=1200%2C930&resize=1050%2C600 3x"},"classes":[]},{"id":34864,"url":"http:\/\/www.jojoenherbe.com\/index.php\/2024\/03\/12\/au-fil-des-pages-avec-underground-railroad\/","url_meta":{"origin":28203,"position":5},"title":"Au fil des pages avec Underground Railroad","author":"Jojo","date":"12 mars 2024","format":false,"excerpt":"Dans le cadre de l'AAHM Challenge 2024 le mois dernier, j'ai lu Underground Railroad de Colson Whitehead (\u00e9d. Albin Michel, ao\u00fbt 2017, 416 pages), un roman historique qui a re\u00e7u le Prix Pulitzer en 2017 et se d\u00e9roulant dans les ann\u00e9es 1850 aux \u00c9tats-Unis. Abandonn\u00e9e quelques ann\u00e9es auparavant par sa\u2026","rel":"","context":"Dans &quot;Mini lecteur&quot;","block_context":{"text":"Mini lecteur","link":"http:\/\/www.jojoenherbe.com\/index.php\/category\/mini-lecteur\/"},"img":{"alt_text":"","src":"https:\/\/i0.wp.com\/www.jojoenherbe.com\/wp-content\/uploads\/2024\/03\/Underground-Railroad-2-scaled.jpg?fit=1200%2C891&resize=350%2C200","width":350,"height":200,"srcset":"https:\/\/i0.wp.com\/www.jojoenherbe.com\/wp-content\/uploads\/2024\/03\/Underground-Railroad-2-scaled.jpg?fit=1200%2C891&resize=350%2C200 1x, https:\/\/i0.wp.com\/www.jojoenherbe.com\/wp-content\/uploads\/2024\/03\/Underground-Railroad-2-scaled.jpg?fit=1200%2C891&resize=525%2C300 1.5x, https:\/\/i0.wp.com\/www.jojoenherbe.com\/wp-content\/uploads\/2024\/03\/Underground-Railroad-2-scaled.jpg?fit=1200%2C891&resize=700%2C400 2x, https:\/\/i0.wp.com\/www.jojoenherbe.com\/wp-content\/uploads\/2024\/03\/Underground-Railroad-2-scaled.jpg?fit=1200%2C891&resize=1050%2C600 3x"},"classes":[]}],"_links":{"self":[{"href":"http:\/\/www.jojoenherbe.com\/index.php\/wp-json\/wp\/v2\/posts\/28203","targetHints":{"allow":["GET"]}}],"collection":[{"href":"http:\/\/www.jojoenherbe.com\/index.php\/wp-json\/wp\/v2\/posts"}],"about":[{"href":"http:\/\/www.jojoenherbe.com\/index.php\/wp-json\/wp\/v2\/types\/post"}],"author":[{"embeddable":true,"href":"http:\/\/www.jojoenherbe.com\/index.php\/wp-json\/wp\/v2\/users\/1"}],"replies":[{"embeddable":true,"href":"http:\/\/www.jojoenherbe.com\/index.php\/wp-json\/wp\/v2\/comments?post=28203"}],"version-history":[{"count":21,"href":"http:\/\/www.jojoenherbe.com\/index.php\/wp-json\/wp\/v2\/posts\/28203\/revisions"}],"predecessor-version":[{"id":28656,"href":"http:\/\/www.jojoenherbe.com\/index.php\/wp-json\/wp\/v2\/posts\/28203\/revisions\/28656"}],"wp:featuredmedia":[{"embeddable":true,"href":"http:\/\/www.jojoenherbe.com\/index.php\/wp-json\/wp\/v2\/media\/28228"}],"wp:attachment":[{"href":"http:\/\/www.jojoenherbe.com\/index.php\/wp-json\/wp\/v2\/media?parent=28203"}],"wp:term":[{"taxonomy":"category","embeddable":true,"href":"http:\/\/www.jojoenherbe.com\/index.php\/wp-json\/wp\/v2\/categories?post=28203"},{"taxonomy":"post_tag","embeddable":true,"href":"http:\/\/www.jojoenherbe.com\/index.php\/wp-json\/wp\/v2\/tags?post=28203"}],"curies":[{"name":"wp","href":"https:\/\/api.w.org\/{rel}","templated":true}]}}