{"id":28057,"date":"2022-10-08T06:00:00","date_gmt":"2022-10-08T04:00:00","guid":{"rendered":"https:\/\/www.jojoenherbe.com\/?p=28057"},"modified":"2022-12-12T13:03:11","modified_gmt":"2022-12-12T12:03:11","slug":"au-fil-des-pages-avec-le-tome-1-doscar-et-carrosse","status":"publish","type":"post","link":"http:\/\/www.jojoenherbe.com\/index.php\/2022\/10\/08\/au-fil-des-pages-avec-le-tome-1-doscar-et-carrosse\/","title":{"rendered":"Au fil des pages avec le tome 1 d&rsquo;Oscar et Carrosse"},"content":{"rendered":"<p style=\"text-align: justify;\"><em><a href=\"https:\/\/i0.wp.com\/www.jojoenherbe.com\/wp-content\/uploads\/2022\/10\/Oscar-et-Carrosse-T1-3-scaled.jpg\"><img data-recalc-dims=\"1\" loading=\"lazy\" decoding=\"async\" data-attachment-id=\"28062\" data-permalink=\"http:\/\/www.jojoenherbe.com\/index.php\/2022\/10\/08\/au-fil-des-pages-avec-le-tome-1-doscar-et-carrosse\/oscar-et-carrosse-t1-3\/\" data-orig-file=\"https:\/\/i0.wp.com\/www.jojoenherbe.com\/wp-content\/uploads\/2022\/10\/Oscar-et-Carrosse-T1-3-scaled.jpg?fit=1920%2C2560\" data-orig-size=\"1920,2560\" data-comments-opened=\"1\" data-image-meta=\"{&quot;aperture&quot;:&quot;1.8&quot;,&quot;credit&quot;:&quot;&quot;,&quot;camera&quot;:&quot;iPhone 7&quot;,&quot;caption&quot;:&quot;&quot;,&quot;created_timestamp&quot;:&quot;1665141357&quot;,&quot;copyright&quot;:&quot;&quot;,&quot;focal_length&quot;:&quot;3.99&quot;,&quot;iso&quot;:&quot;80&quot;,&quot;shutter_speed&quot;:&quot;0.058823529411765&quot;,&quot;title&quot;:&quot;&quot;,&quot;orientation&quot;:&quot;1&quot;}\" data-image-title=\"Oscar et Carrosse T1 3\" data-image-description=\"\" data-image-caption=\"\" data-large-file=\"https:\/\/i0.wp.com\/www.jojoenherbe.com\/wp-content\/uploads\/2022\/10\/Oscar-et-Carrosse-T1-3-scaled.jpg?fit=676%2C901\" class=\"alignleft size-thumbnail wp-image-28062\" src=\"https:\/\/i0.wp.com\/www.jojoenherbe.com\/wp-content\/uploads\/2022\/10\/Oscar-et-Carrosse-T1-3.jpg?resize=150%2C150\" alt=\"\" width=\"150\" height=\"150\" srcset=\"https:\/\/i0.wp.com\/www.jojoenherbe.com\/wp-content\/uploads\/2022\/10\/Oscar-et-Carrosse-T1-3-scaled.jpg?resize=150%2C150 150w, https:\/\/i0.wp.com\/www.jojoenherbe.com\/wp-content\/uploads\/2022\/10\/Oscar-et-Carrosse-T1-3-scaled.jpg?zoom=2&amp;resize=150%2C150 300w, https:\/\/i0.wp.com\/www.jojoenherbe.com\/wp-content\/uploads\/2022\/10\/Oscar-et-Carrosse-T1-3-scaled.jpg?zoom=3&amp;resize=150%2C150 450w\" sizes=\"auto, (max-width: 150px) 100vw, 150px\" \/><\/a> <a href=\"https:\/\/i0.wp.com\/www.jojoenherbe.com\/wp-content\/uploads\/2022\/10\/Oscar-et-Carrosse-T1-4-scaled.jpg\"><img data-recalc-dims=\"1\" loading=\"lazy\" decoding=\"async\" data-attachment-id=\"28063\" data-permalink=\"http:\/\/www.jojoenherbe.com\/index.php\/2022\/10\/08\/au-fil-des-pages-avec-le-tome-1-doscar-et-carrosse\/oscar-et-carrosse-t1-4\/\" data-orig-file=\"https:\/\/i0.wp.com\/www.jojoenherbe.com\/wp-content\/uploads\/2022\/10\/Oscar-et-Carrosse-T1-4-scaled.jpg?fit=2560%2C1755\" data-orig-size=\"2560,1755\" data-comments-opened=\"1\" data-image-meta=\"{&quot;aperture&quot;:&quot;1.8&quot;,&quot;credit&quot;:&quot;&quot;,&quot;camera&quot;:&quot;iPhone 7&quot;,&quot;caption&quot;:&quot;&quot;,&quot;created_timestamp&quot;:&quot;1665141340&quot;,&quot;copyright&quot;:&quot;&quot;,&quot;focal_length&quot;:&quot;3.99&quot;,&quot;iso&quot;:&quot;80&quot;,&quot;shutter_speed&quot;:&quot;0.058823529411765&quot;,&quot;title&quot;:&quot;&quot;,&quot;orientation&quot;:&quot;1&quot;}\" data-image-title=\"Oscar et Carrosse T1 4\" data-image-description=\"\" data-image-caption=\"\" data-large-file=\"https:\/\/i0.wp.com\/www.jojoenherbe.com\/wp-content\/uploads\/2022\/10\/Oscar-et-Carrosse-T1-4-scaled.jpg?fit=676%2C463\" class=\"alignleft size-thumbnail wp-image-28063\" src=\"https:\/\/i0.wp.com\/www.jojoenherbe.com\/wp-content\/uploads\/2022\/10\/Oscar-et-Carrosse-T1-4.jpg?resize=150%2C150\" alt=\"\" width=\"150\" height=\"150\" srcset=\"https:\/\/i0.wp.com\/www.jojoenherbe.com\/wp-content\/uploads\/2022\/10\/Oscar-et-Carrosse-T1-4-scaled.jpg?resize=150%2C150 150w, https:\/\/i0.wp.com\/www.jojoenherbe.com\/wp-content\/uploads\/2022\/10\/Oscar-et-Carrosse-T1-4-scaled.jpg?zoom=2&amp;resize=150%2C150 300w, https:\/\/i0.wp.com\/www.jojoenherbe.com\/wp-content\/uploads\/2022\/10\/Oscar-et-Carrosse-T1-4-scaled.jpg?zoom=3&amp;resize=150%2C150 450w\" sizes=\"auto, (max-width: 150px) 100vw, 150px\" \/><\/a>Rep\u00e9r\u00e9 l\u2019ann\u00e9e derni\u00e8re chez <a href=\"https:\/\/sylectures.wordpress.com\/2021\/10\/16\/oscar-et-carrosse-la-soupe-de-pates\/\">Syl<\/a> pendant Halloween, j\u2019ai emprunt\u00e9 \u00e0 la m\u00e9diath\u00e8que le tome 1 d\u2019<span style=\"text-decoration: underline;\">Oscar et Carrosse, La soupe de p\u00e2tes<\/span> de Ludovic Lecomte et Ir\u00e8ne Bonacina (\u00e9d. L\u2019\u00e9cole des loisirs, coll. Moucheron, 2020, 47 pages), un roman jeunesse \u00e0 partir de 6 ans. Comme tous les matins, lorsqu\u2019il quitte la f\u00eate foraine, Oscar un squelette se d\u00e9p\u00eache de regagner sa roulotte en \u00e9vitant les chiens qui veulent le d\u00e9vorer. Mais un jour, un petit chien attend devant sa porte. Las, Oscar lui propose un bol de soupe de p\u00e2tes alphabet. Et si le petit chien apprenait ainsi \u00e0 lire? <\/em><\/p>\n<p style=\"text-align: justify;\"><em><a href=\"https:\/\/i0.wp.com\/www.jojoenherbe.com\/wp-content\/uploads\/2022\/10\/Oscar-et-Carrosse-T1-et-T2-scaled.jpg\"><img data-recalc-dims=\"1\" loading=\"lazy\" decoding=\"async\" data-attachment-id=\"28058\" data-permalink=\"http:\/\/www.jojoenherbe.com\/index.php\/2022\/10\/08\/au-fil-des-pages-avec-le-tome-1-doscar-et-carrosse\/oscar-et-carrosse-t1-et-t2\/\" data-orig-file=\"https:\/\/i0.wp.com\/www.jojoenherbe.com\/wp-content\/uploads\/2022\/10\/Oscar-et-Carrosse-T1-et-T2-scaled.jpg?fit=2560%2C2101\" data-orig-size=\"2560,2101\" data-comments-opened=\"1\" data-image-meta=\"{&quot;aperture&quot;:&quot;1.8&quot;,&quot;credit&quot;:&quot;&quot;,&quot;camera&quot;:&quot;iPhone 7&quot;,&quot;caption&quot;:&quot;&quot;,&quot;created_timestamp&quot;:&quot;1663154255&quot;,&quot;copyright&quot;:&quot;&quot;,&quot;focal_length&quot;:&quot;3.99&quot;,&quot;iso&quot;:&quot;100&quot;,&quot;shutter_speed&quot;:&quot;0.16666666666667&quot;,&quot;title&quot;:&quot;&quot;,&quot;orientation&quot;:&quot;1&quot;}\" data-image-title=\"Oscar et Carrosse T1 et T2\" data-image-description=\"\" data-image-caption=\"\" data-large-file=\"https:\/\/i0.wp.com\/www.jojoenherbe.com\/wp-content\/uploads\/2022\/10\/Oscar-et-Carrosse-T1-et-T2-scaled.jpg?fit=676%2C555\" class=\"size-thumbnail wp-image-28058 alignright\" src=\"https:\/\/i0.wp.com\/www.jojoenherbe.com\/wp-content\/uploads\/2022\/10\/Oscar-et-Carrosse-T1-et-T2.jpg?resize=150%2C150\" alt=\"\" width=\"150\" height=\"150\" srcset=\"https:\/\/i0.wp.com\/www.jojoenherbe.com\/wp-content\/uploads\/2022\/10\/Oscar-et-Carrosse-T1-et-T2-scaled.jpg?resize=150%2C150 150w, https:\/\/i0.wp.com\/www.jojoenherbe.com\/wp-content\/uploads\/2022\/10\/Oscar-et-Carrosse-T1-et-T2-scaled.jpg?zoom=2&amp;resize=150%2C150 300w, https:\/\/i0.wp.com\/www.jojoenherbe.com\/wp-content\/uploads\/2022\/10\/Oscar-et-Carrosse-T1-et-T2-scaled.jpg?zoom=3&amp;resize=150%2C150 450w\" sizes=\"auto, (max-width: 150px) 100vw, 150px\" \/><\/a><a href=\"https:\/\/i0.wp.com\/www.jojoenherbe.com\/wp-content\/uploads\/2022\/10\/Oscar-et-Carrosse-T1-2-scaled.jpg\"><img data-recalc-dims=\"1\" loading=\"lazy\" decoding=\"async\" data-attachment-id=\"28059\" data-permalink=\"http:\/\/www.jojoenherbe.com\/index.php\/2022\/10\/08\/au-fil-des-pages-avec-le-tome-1-doscar-et-carrosse\/oscar-et-carrosse-t1-2\/\" data-orig-file=\"https:\/\/i0.wp.com\/www.jojoenherbe.com\/wp-content\/uploads\/2022\/10\/Oscar-et-Carrosse-T1-2-scaled.jpg?fit=2560%2C1920\" data-orig-size=\"2560,1920\" data-comments-opened=\"1\" data-image-meta=\"{&quot;aperture&quot;:&quot;1.8&quot;,&quot;credit&quot;:&quot;&quot;,&quot;camera&quot;:&quot;iPhone 7&quot;,&quot;caption&quot;:&quot;&quot;,&quot;created_timestamp&quot;:&quot;1663154294&quot;,&quot;copyright&quot;:&quot;&quot;,&quot;focal_length&quot;:&quot;3.99&quot;,&quot;iso&quot;:&quot;100&quot;,&quot;shutter_speed&quot;:&quot;0.125&quot;,&quot;title&quot;:&quot;&quot;,&quot;orientation&quot;:&quot;1&quot;}\" data-image-title=\"Oscar et Carrosse T1 2\" data-image-description=\"\" data-image-caption=\"\" data-large-file=\"https:\/\/i0.wp.com\/www.jojoenherbe.com\/wp-content\/uploads\/2022\/10\/Oscar-et-Carrosse-T1-2-scaled.jpg?fit=676%2C507\" class=\"size-thumbnail wp-image-28059 alignright\" src=\"https:\/\/i0.wp.com\/www.jojoenherbe.com\/wp-content\/uploads\/2022\/10\/Oscar-et-Carrosse-T1-2.jpg?resize=150%2C150\" alt=\"\" width=\"150\" height=\"150\" srcset=\"https:\/\/i0.wp.com\/www.jojoenherbe.com\/wp-content\/uploads\/2022\/10\/Oscar-et-Carrosse-T1-2-scaled.jpg?resize=150%2C150 150w, https:\/\/i0.wp.com\/www.jojoenherbe.com\/wp-content\/uploads\/2022\/10\/Oscar-et-Carrosse-T1-2-scaled.jpg?zoom=2&amp;resize=150%2C150 300w, https:\/\/i0.wp.com\/www.jojoenherbe.com\/wp-content\/uploads\/2022\/10\/Oscar-et-Carrosse-T1-2-scaled.jpg?zoom=3&amp;resize=150%2C150 450w\" sizes=\"auto, (max-width: 150px) 100vw, 150px\" \/><\/a>Il y est question d\u2019amiti\u00e9 et d\u2019apprentissage de la lecture, le jeune lecteur pouvant facilement s&rsquo;identifier \u00e0 Carrosse. Les illustrations pastel sont adorables, le duo tr\u00e8s expressif. Coup de c\u0153ur pour cette histoire toute mignonne et rigolote avec un gentil squelette et qui a fini par rejoindre nos biblioth\u00e8ques puisque je l&rsquo;ai gliss\u00e9 dans la case 12 du calendrier de No\u00ebl 2022! <\/em><em>Il existe d&rsquo;autres tomes parus en 2021, <span style=\"text-decoration: underline;\">La f\u00eate foraine<\/span> que nous avons aussi lu et appr\u00e9ci\u00e9, <span style=\"text-decoration: underline;\">Quel cirque!<\/span> et un autre paru en 2022, <span style=\"text-decoration: underline;\">Le poisson rouge<\/span>.<br \/>\n<\/em><\/p>\n<p style=\"text-align: justify;\"><em>Au passage, je valide une nouvelle fois la cat\u00e9gorie \u00ab Plat (sal\u00e9) \u00bb du Menu complet du challenge Des livres (et des \u00e9crans) en cuisine.<\/em><\/p>\n<p><em>Pour un autre avis sur ce tome 1: <a href=\"https:\/\/sylectures.wordpress.com\/2021\/10\/16\/oscar-et-carrosse-la-soupe-de-pates\/\">Syl<\/a>.<\/em><\/p>\n<div style=\"width: 116px\" class=\"wp-caption alignleft\"><img loading=\"lazy\" decoding=\"async\" class=\"attachment-full \" src=\"https:\/\/i0.wp.com\/www.myloubook.com\/wp-content\/uploads\/2022\/09\/Challenge-Halloween-2022c.jpeg?resize=117%2C117\" sizes=\"auto, (max-width: 1080px) 100vw, 1080px\" srcset=\"https:\/\/i0.wp.com\/www.myloubook.com\/wp-content\/uploads\/2022\/09\/Challenge-Halloween-2022c.jpeg?resize=117%2C117 1080w, http:\/\/www.myloubook.com\/wp-content\/uploads\/2022\/09\/Challenge-Halloween-2022c-150x150.jpeg 150w, http:\/\/www.myloubook.com\/wp-content\/uploads\/2022\/09\/Challenge-Halloween-2022c-300x300.jpeg 300w, http:\/\/www.myloubook.com\/wp-content\/uploads\/2022\/09\/Challenge-Halloween-2022c-768x768.jpeg 768w, http:\/\/www.myloubook.com\/wp-content\/uploads\/2022\/09\/Challenge-Halloween-2022c-1024x1024.jpeg 1024w, http:\/\/www.myloubook.com\/wp-content\/uploads\/2022\/09\/Challenge-Halloween-2022c-640x640.jpeg 640w\" alt=\"\" width=\"106\" height=\"106\" data-recalc-dims=\"1\" \/><p class=\"wp-caption-text\">Participation #11 Challenge Halloween 2022 de <a href=\"https:\/\/lelivroblog.fr\/2022\/09\/13\/le-challenge-halloween-2022\/\">Hilde<\/a> et <a href=\"https:\/\/lelivroblog.fr\/2022\/09\/13\/le-challenge-halloween-2022\/\">Lou<\/a> #Album jeunesse<\/p><\/div>\n<div style=\"width: 130px\" class=\"wp-caption alignleft\"><img loading=\"lazy\" decoding=\"async\" src=\"https:\/\/i0.wp.com\/mapetitemediatheque.fr\/wp-content\/uploads\/2021\/12\/des-livres-en-cusine.png?resize=182%2C131&amp;ssl=1\" alt=\"\" width=\"120\" height=\"86\" \/><p class=\"wp-caption-text\">Participation #47 Challenge Des livres (et des \u00e9crans) en cuisine 2022 de <a href=\"https:\/\/mapetitemediatheque.fr\/2021\/12\/des-livres-et-des-ecrans-en-cuisine-2022\/\">Bidib<\/a> et <a href=\"http:\/\/croquerlespages.canalblog.com\/archives\/2021\/12\/21\/39242322.html\">Fondant<\/a> #Menu complet (Plat (sal\u00e9)\/Soupe de p\u00e2tes)<\/p><\/div>\n<div style=\"width: 114px\" class=\"wp-caption alignleft\"><img loading=\"lazy\" decoding=\"async\" src=\"https:\/\/lh3.googleusercontent.com\/pw\/AM-JKLW-8Xy9BIRqinPzrRBz2J2pSlRnlFIwPEKmmv1zpAf3DZoC0nJGqVPx8b0ycvPVte06hr4gaDsphFfyIzipAAW1MPEwEpWUpvmIVdN6H4fs8knOaKBdlyDoMp3hCYeWKD_2Ax2fVRZYrtgs4qzmpYdYpQ=w285-h217-no?authuser=1\" alt=\"\" width=\"104\" height=\"79\" \/><p class=\"wp-caption-text\">Challenge Petit Bac d\u2019<a href=\"https:\/\/ennalit.wordpress.com\/2021\/12\/01\/challenge-petit-bac-2022-qui-veut-jouer\/\">Enna<\/a> #7 Cat\u00e9gorie Pr\u00e9nom: \u00ab Oscar \u00bb<\/p><\/div>\n<div style=\"width: 118px\" class=\"wp-caption alignleft\"><img loading=\"lazy\" decoding=\"async\" src=\"https:\/\/i2.wp.com\/mapetitemediatheque.fr\/wp-content\/uploads\/2021\/11\/Inkedle-tour-du-monde-en-80-livres-2_LI.jpg?resize=168%2C127&amp;ssl=1\" alt=\"\" width=\"108\" height=\"82\" \/><p class=\"wp-caption-text\">Participation #95 Challenge Le tour du monde en 80 livres de <a href=\"https:\/\/mapetitemediatheque.fr\/2021\/12\/le-tour-du-monde-en-80-livres-le-challenge-qui-vous-fait-aimer-la-litterature-etrangere\/\">Bidib<\/a> #France<\/p><\/div>\n","protected":false},"excerpt":{"rendered":"<p>Rep\u00e9r\u00e9 l\u2019ann\u00e9e derni\u00e8re chez Syl pendant Halloween, j\u2019ai emprunt\u00e9 \u00e0 la m\u00e9diath\u00e8que le tome 1 d\u2019Oscar et Carrosse, La soupe de p\u00e2tes de Ludovic Lecomte et Ir\u00e8ne Bonacina (\u00e9d. L\u2019\u00e9cole des loisirs, coll. Moucheron, 2020, 47 pages), un roman jeunesse \u00e0 partir de 6 ans. Comme tous les matins, lorsqu\u2019il quitte la f\u00eate foraine, Oscar [&hellip;]<\/p>\n","protected":false},"author":1,"featured_media":28828,"comment_status":"open","ping_status":"open","sticky":false,"template":"","format":"standard","meta":{"jetpack_post_was_ever_published":false,"_jetpack_newsletter_access":"","_jetpack_dont_email_post_to_subs":false,"_jetpack_newsletter_tier_id":0,"_jetpack_memberships_contains_paywalled_content":false,"_jetpack_memberships_contains_paid_content":false,"footnotes":""},"categories":[363],"tags":[788,386,377,3137,2915,563,2917,3444,3385,2918,364,367,1797,3384,3383,738,789,3445,539,3446],"class_list":["post-28057","post","type-post","status-publish","format-standard","has-post-thumbnail","hentry","category-mini-lecteur","tag-6-9-ans","tag-amitie","tag-apprentissage","tag-challenge-halloween-2022","tag-challenge-petit-bac-2022","tag-chien","tag-des-livres-et-des-ecrans-en-cuisine-2022","tag-fete-foraine","tag-irene-bonacina","tag-le-tour-du-monde-en-80-livres-2022","tag-lecture","tag-lecture-jeunesse","tag-lectures-dhalloween","tag-ludovic-lecomte","tag-oscar-et-carrosse","tag-plaisir-de-lire","tag-romans-jeunesse","tag-roulotte","tag-soupe","tag-soupe-de-pates","post-preview"],"jetpack_featured_media_url":"https:\/\/i0.wp.com\/www.jojoenherbe.com\/wp-content\/uploads\/2022\/10\/Oscar-et-Carrosse-T1-7-scaled.jpg?fit=2560%2C1920","jetpack_sharing_enabled":true,"jetpack_shortlink":"https:\/\/wp.me\/p9zhGx-7ix","jetpack_likes_enabled":true,"jetpack-related-posts":[{"id":27668,"url":"http:\/\/www.jojoenherbe.com\/index.php\/2022\/09\/19\/point-lecture-hebdomadaire-59\/","url_meta":{"origin":28057,"position":0},"title":"Point lecture hebdomadaire #59","author":"Jojo","date":"19 septembre 2022","format":false,"excerpt":"En ce d\u00e9but de semaine, voici notre point lecture hebdomadaire avec un retour sur nos lectures de la semaine derni\u00e8re (mais pas nos relectures) ainsi que ma lecture en cours. Nos lectures du 12 au 18 septembre 2022: Des lectures jeunesse: (Roman jeunesse) Oscar et Carrosse, La f\u00eate foraine de\u2026","rel":"","context":"Dans &quot;Mini blogueur&quot;","block_context":{"text":"Mini blogueur","link":"http:\/\/www.jojoenherbe.com\/index.php\/category\/mini-blogueur\/"},"img":{"alt_text":"","src":"https:\/\/i0.wp.com\/www.jojoenherbe.com\/wp-content\/uploads\/2022\/09\/Point-lecture-hebdo-59-scaled.jpg?fit=1200%2C698&resize=350%2C200","width":350,"height":200,"srcset":"https:\/\/i0.wp.com\/www.jojoenherbe.com\/wp-content\/uploads\/2022\/09\/Point-lecture-hebdo-59-scaled.jpg?fit=1200%2C698&resize=350%2C200 1x, https:\/\/i0.wp.com\/www.jojoenherbe.com\/wp-content\/uploads\/2022\/09\/Point-lecture-hebdo-59-scaled.jpg?fit=1200%2C698&resize=525%2C300 1.5x, https:\/\/i0.wp.com\/www.jojoenherbe.com\/wp-content\/uploads\/2022\/09\/Point-lecture-hebdo-59-scaled.jpg?fit=1200%2C698&resize=700%2C400 2x, https:\/\/i0.wp.com\/www.jojoenherbe.com\/wp-content\/uploads\/2022\/09\/Point-lecture-hebdo-59-scaled.jpg?fit=1200%2C698&resize=1050%2C600 3x"},"classes":[]},{"id":41013,"url":"http:\/\/www.jojoenherbe.com\/index.php\/2025\/10\/23\/throwback-thursday-livresque-squelette-sur-la-couverture\/","url_meta":{"origin":28057,"position":1},"title":"Throwback Thursday Livresque: Squelette sur la couverture","author":"Jojo","date":"23 octobre 2025","format":false,"excerpt":"Ce jeudi 23 octobre 2025, je participe au Throwback Thursday Livresque, un rendez-vous livresque initialement chez Bettie Rose Books et repris depuis par Carole, les liens \u00e9tant \u00e0 d\u00e9poser chez My-Bo0ks. Le principe est de partager chaque jeudi un livre en fonction d\u2019un th\u00e8me donn\u00e9. Cette semaine, le th\u00e8me est\u2026","rel":"","context":"Dans &quot;Mini blogueur&quot;","block_context":{"text":"Mini blogueur","link":"http:\/\/www.jojoenherbe.com\/index.php\/category\/mini-blogueur\/"},"img":{"alt_text":"","src":"https:\/\/i0.wp.com\/www.jojoenherbe.com\/wp-content\/uploads\/2023\/10\/TTL-logo.jpg?resize=350%2C200","width":350,"height":200},"classes":[]},{"id":27314,"url":"http:\/\/www.jojoenherbe.com\/index.php\/2022\/09\/05\/point-lecture-hebdomadaire-57\/","url_meta":{"origin":28057,"position":2},"title":"Point lecture hebdomadaire #57","author":"Jojo","date":"5 septembre 2022","format":false,"excerpt":"En ce d\u00e9but de semaine, voici notre point lecture hebdomadaire avec un retour sur nos lectures de la semaine derni\u00e8re (mais pas nos relectures). Nous avons d\u00e9j\u00e0 commenc\u00e9 nos lectures halloweenesques m\u00eame si c'est encore l'\u00e9t\u00e9. Nos lectures du 29 ao\u00fbt au 4 septembre 2022: Des lectures jeunesse: (Album jeunesse)\u2026","rel":"","context":"Dans &quot;Mini blogueur&quot;","block_context":{"text":"Mini blogueur","link":"http:\/\/www.jojoenherbe.com\/index.php\/category\/mini-blogueur\/"},"img":{"alt_text":"","src":"https:\/\/i0.wp.com\/www.jojoenherbe.com\/wp-content\/uploads\/2022\/09\/Point-lecture-hebdo-57-scaled.jpg?fit=1200%2C628&resize=350%2C200","width":350,"height":200,"srcset":"https:\/\/i0.wp.com\/www.jojoenherbe.com\/wp-content\/uploads\/2022\/09\/Point-lecture-hebdo-57-scaled.jpg?fit=1200%2C628&resize=350%2C200 1x, https:\/\/i0.wp.com\/www.jojoenherbe.com\/wp-content\/uploads\/2022\/09\/Point-lecture-hebdo-57-scaled.jpg?fit=1200%2C628&resize=525%2C300 1.5x, https:\/\/i0.wp.com\/www.jojoenherbe.com\/wp-content\/uploads\/2022\/09\/Point-lecture-hebdo-57-scaled.jpg?fit=1200%2C628&resize=700%2C400 2x, https:\/\/i0.wp.com\/www.jojoenherbe.com\/wp-content\/uploads\/2022\/09\/Point-lecture-hebdo-57-scaled.jpg?fit=1200%2C628&resize=1050%2C600 3x"},"classes":[]},{"id":27586,"url":"http:\/\/www.jojoenherbe.com\/index.php\/2022\/09\/14\/billet-de-suivi-challenge-halloween-2022\/","url_meta":{"origin":28057,"position":3},"title":"Billet de suivi: Challenge Halloween 2022","author":"Jojo","date":"14 septembre 2022","format":false,"excerpt":"Je participe \u00e0 nouveau cette ann\u00e9e au Challenge Halloween organis\u00e9 par Hilde et Lou et qui se d\u00e9roule du 23 septembre jusqu'en novembre 2022. D\u00e8s le 23 septembre 2022, elles ouvrent les portes de leur manoir. Le challenge commence en douceur par un d\u00e9poussi\u00e9rage de PAL, premi\u00e8res suggestions halloweenesques et\u2026","rel":"","context":"Dans &quot;Mini challenger&quot;","block_context":{"text":"Mini challenger","link":"http:\/\/www.jojoenherbe.com\/index.php\/category\/mini-challenger\/"},"img":{"alt_text":"","src":"https:\/\/i0.wp.com\/www.jojoenherbe.com\/wp-content\/uploads\/2022\/09\/Challenge-Halloween-2022.jpg?fit=1080%2C1080&resize=350%2C200","width":350,"height":200,"srcset":"https:\/\/i0.wp.com\/www.jojoenherbe.com\/wp-content\/uploads\/2022\/09\/Challenge-Halloween-2022.jpg?fit=1080%2C1080&resize=350%2C200 1x, https:\/\/i0.wp.com\/www.jojoenherbe.com\/wp-content\/uploads\/2022\/09\/Challenge-Halloween-2022.jpg?fit=1080%2C1080&resize=525%2C300 1.5x, https:\/\/i0.wp.com\/www.jojoenherbe.com\/wp-content\/uploads\/2022\/09\/Challenge-Halloween-2022.jpg?fit=1080%2C1080&resize=700%2C400 2x, https:\/\/i0.wp.com\/www.jojoenherbe.com\/wp-content\/uploads\/2022\/09\/Challenge-Halloween-2022.jpg?fit=1080%2C1080&resize=1050%2C600 3x"},"classes":[]},{"id":31734,"url":"http:\/\/www.jojoenherbe.com\/index.php\/2023\/09\/04\/point-lecture-hebdomadaire-2023-35\/","url_meta":{"origin":28057,"position":4},"title":"Point lecture hebdomadaire 2023 #35","author":"Jojo","date":"4 septembre 2023","format":false,"excerpt":"En ce d\u00e9but de semaine, voici notre point lecture hebdomadaire avec un retour sur nos lectures de la semaine derni\u00e8re (mais pas nos relectures). Nos lectures du 28 ao\u00fbt au 3 septembre 2023: Des lectures jeunesse: Mon mini sorcier a cette fois voulu, presque tous les soirs avant de dormir,\u2026","rel":"","context":"Dans &quot;Mini blogueur&quot;","block_context":{"text":"Mini blogueur","link":"http:\/\/www.jojoenherbe.com\/index.php\/category\/mini-blogueur\/"},"img":{"alt_text":"","src":"https:\/\/i0.wp.com\/www.jojoenherbe.com\/wp-content\/uploads\/2023\/09\/Point-lecture-hebdomadaire-2023-35-scaled.jpg?fit=1199%2C1200&resize=350%2C200","width":350,"height":200,"srcset":"https:\/\/i0.wp.com\/www.jojoenherbe.com\/wp-content\/uploads\/2023\/09\/Point-lecture-hebdomadaire-2023-35-scaled.jpg?fit=1199%2C1200&resize=350%2C200 1x, https:\/\/i0.wp.com\/www.jojoenherbe.com\/wp-content\/uploads\/2023\/09\/Point-lecture-hebdomadaire-2023-35-scaled.jpg?fit=1199%2C1200&resize=525%2C300 1.5x, https:\/\/i0.wp.com\/www.jojoenherbe.com\/wp-content\/uploads\/2023\/09\/Point-lecture-hebdomadaire-2023-35-scaled.jpg?fit=1199%2C1200&resize=700%2C400 2x, https:\/\/i0.wp.com\/www.jojoenherbe.com\/wp-content\/uploads\/2023\/09\/Point-lecture-hebdomadaire-2023-35-scaled.jpg?fit=1199%2C1200&resize=1050%2C600 3x"},"classes":[]},{"id":14066,"url":"http:\/\/www.jojoenherbe.com\/index.php\/2021\/10\/04\/au-fil-des-pages-avec-une-soupe-100-sorciere\/","url_meta":{"origin":28057,"position":5},"title":"Au fil des pages avec Une soupe 100% Sorci\u00e8re","author":"Jojo","date":"4 octobre 2021","format":false,"excerpt":"Dans le cadre du Challenge Halloween 2021, nous relisons Une soupe 100% Sorci\u00e8re de Quitterie Simon et Magali Le Huche (\u00e9d. Gl\u00e9nat Jeunesse, 2007, r\u00e9\u00e9d. 2020), un album jeunesse au format \u00e0 l'italienne et \u00e0 partir de 3 ans que nous avions d\u00e9j\u00e0 lu l'ann\u00e9e derni\u00e8re, en toute fin du\u2026","rel":"","context":"Dans &quot;Mini lecteur&quot;","block_context":{"text":"Mini lecteur","link":"http:\/\/www.jojoenherbe.com\/index.php\/category\/mini-lecteur\/"},"img":{"alt_text":"","src":"https:\/\/i0.wp.com\/www.jojoenherbe.com\/wp-content\/uploads\/2021\/10\/Une-soupe-100-Sorciere-scaled.jpg?fit=1200%2C997&resize=350%2C200","width":350,"height":200,"srcset":"https:\/\/i0.wp.com\/www.jojoenherbe.com\/wp-content\/uploads\/2021\/10\/Une-soupe-100-Sorciere-scaled.jpg?fit=1200%2C997&resize=350%2C200 1x, https:\/\/i0.wp.com\/www.jojoenherbe.com\/wp-content\/uploads\/2021\/10\/Une-soupe-100-Sorciere-scaled.jpg?fit=1200%2C997&resize=525%2C300 1.5x, https:\/\/i0.wp.com\/www.jojoenherbe.com\/wp-content\/uploads\/2021\/10\/Une-soupe-100-Sorciere-scaled.jpg?fit=1200%2C997&resize=700%2C400 2x, https:\/\/i0.wp.com\/www.jojoenherbe.com\/wp-content\/uploads\/2021\/10\/Une-soupe-100-Sorciere-scaled.jpg?fit=1200%2C997&resize=1050%2C600 3x"},"classes":[]}],"_links":{"self":[{"href":"http:\/\/www.jojoenherbe.com\/index.php\/wp-json\/wp\/v2\/posts\/28057","targetHints":{"allow":["GET"]}}],"collection":[{"href":"http:\/\/www.jojoenherbe.com\/index.php\/wp-json\/wp\/v2\/posts"}],"about":[{"href":"http:\/\/www.jojoenherbe.com\/index.php\/wp-json\/wp\/v2\/types\/post"}],"author":[{"embeddable":true,"href":"http:\/\/www.jojoenherbe.com\/index.php\/wp-json\/wp\/v2\/users\/1"}],"replies":[{"embeddable":true,"href":"http:\/\/www.jojoenherbe.com\/index.php\/wp-json\/wp\/v2\/comments?post=28057"}],"version-history":[{"count":6,"href":"http:\/\/www.jojoenherbe.com\/index.php\/wp-json\/wp\/v2\/posts\/28057\/revisions"}],"predecessor-version":[{"id":28829,"href":"http:\/\/www.jojoenherbe.com\/index.php\/wp-json\/wp\/v2\/posts\/28057\/revisions\/28829"}],"wp:featuredmedia":[{"embeddable":true,"href":"http:\/\/www.jojoenherbe.com\/index.php\/wp-json\/wp\/v2\/media\/28828"}],"wp:attachment":[{"href":"http:\/\/www.jojoenherbe.com\/index.php\/wp-json\/wp\/v2\/media?parent=28057"}],"wp:term":[{"taxonomy":"category","embeddable":true,"href":"http:\/\/www.jojoenherbe.com\/index.php\/wp-json\/wp\/v2\/categories?post=28057"},{"taxonomy":"post_tag","embeddable":true,"href":"http:\/\/www.jojoenherbe.com\/index.php\/wp-json\/wp\/v2\/tags?post=28057"}],"curies":[{"name":"wp","href":"https:\/\/api.w.org\/{rel}","templated":true}]}}