{"id":27740,"date":"2022-09-26T14:14:58","date_gmt":"2022-09-26T12:14:58","guid":{"rendered":"https:\/\/www.jojoenherbe.com\/?p=27740"},"modified":"2022-09-27T12:46:21","modified_gmt":"2022-09-27T10:46:21","slug":"point-lecture-hebdomadaire-60","status":"publish","type":"post","link":"http:\/\/www.jojoenherbe.com\/index.php\/2022\/09\/26\/point-lecture-hebdomadaire-60\/","title":{"rendered":"Point lecture hebdomadaire #60"},"content":{"rendered":"<p style=\"text-align: justify;\"><em><a href=\"https:\/\/i0.wp.com\/www.jojoenherbe.com\/wp-content\/uploads\/2022\/09\/Automne-date-scaled.jpg\"><img data-recalc-dims=\"1\" loading=\"lazy\" decoding=\"async\" data-attachment-id=\"27853\" data-permalink=\"http:\/\/www.jojoenherbe.com\/index.php\/2022\/09\/26\/point-lecture-hebdomadaire-60\/automne-date\/\" data-orig-file=\"https:\/\/i0.wp.com\/www.jojoenherbe.com\/wp-content\/uploads\/2022\/09\/Automne-date-scaled.jpg?fit=1863%2C2560\" data-orig-size=\"1863,2560\" data-comments-opened=\"1\" data-image-meta=\"{&quot;aperture&quot;:&quot;1.8&quot;,&quot;credit&quot;:&quot;&quot;,&quot;camera&quot;:&quot;iPhone 7&quot;,&quot;caption&quot;:&quot;&quot;,&quot;created_timestamp&quot;:&quot;1664011894&quot;,&quot;copyright&quot;:&quot;&quot;,&quot;focal_length&quot;:&quot;3.99&quot;,&quot;iso&quot;:&quot;100&quot;,&quot;shutter_speed&quot;:&quot;0.058823529411765&quot;,&quot;title&quot;:&quot;&quot;,&quot;orientation&quot;:&quot;1&quot;}\" data-image-title=\"Automne &amp;#8211; date\" data-image-description=\"\" data-image-caption=\"\" data-large-file=\"https:\/\/i0.wp.com\/www.jojoenherbe.com\/wp-content\/uploads\/2022\/09\/Automne-date-scaled.jpg?fit=676%2C929\" class=\"alignleft size-thumbnail wp-image-27853\" src=\"https:\/\/i0.wp.com\/www.jojoenherbe.com\/wp-content\/uploads\/2022\/09\/Automne-date.jpg?resize=150%2C150\" alt=\"\" width=\"150\" height=\"150\" srcset=\"https:\/\/i0.wp.com\/www.jojoenherbe.com\/wp-content\/uploads\/2022\/09\/Automne-date-scaled.jpg?resize=150%2C150 150w, https:\/\/i0.wp.com\/www.jojoenherbe.com\/wp-content\/uploads\/2022\/09\/Automne-date-scaled.jpg?zoom=2&amp;resize=150%2C150 300w, https:\/\/i0.wp.com\/www.jojoenherbe.com\/wp-content\/uploads\/2022\/09\/Automne-date-scaled.jpg?zoom=3&amp;resize=150%2C150 450w\" sizes=\"auto, (max-width: 150px) 100vw, 150px\" \/><\/a>En ce d\u00e9but de semaine, voici notre point lecture hebdomadaire avec un retour sur nos lectures de la semaine derni\u00e8re (mais pas nos relectures) et notre lecture en cours, avec une pr\u00e9dominante pour les lectures automnales et halloweenesques, l&rsquo;automne \u00e9tant arriv\u00e9 et le challenge Halloween de Hilde et Lou ayant d\u00e9but\u00e9 le 23 septembre 2022.<br \/>\n<\/em><\/p>\n<p><span style=\"text-decoration: underline;\"><strong>Nos lectures du 19 au 25 septembre 2022<\/strong><\/span><strong>:<\/strong><\/p>\n<p><em><span style=\"text-decoration: underline;\">Des lectures jeunesse<\/span>:<\/em><\/p>\n<p style=\"text-align: justify;\"><em>Il y a eu beaucoup de relectures d&rsquo;albums jeunesse sur le th\u00e8me de l&rsquo;automne et d&rsquo;Halloween et bien s\u00fbr encore cette semaine de <a href=\"https:\/\/www.jojoenherbe.com\/index.php\/2020\/10\/14\/au-fil-des-pages-avec-satanes-lapins\/\"><span style=\"text-decoration: underline;\">Satan\u00e9s lapins!<\/span><\/a> de Ciara Flood (\u00e9d. Circonflexe, 2016).<\/em><\/p>\n<ul>\n<li style=\"text-align: justify;\"><em>(Album jeunesse) <strong><span style=\"text-decoration: underline;\">La tarte aux cornichons sauvages<\/span><\/strong> d&rsquo;Antonin Louchard<\/em><\/li>\n<\/ul>\n<p style=\"text-align: justify;\"><em><a href=\"https:\/\/i0.wp.com\/www.jojoenherbe.com\/wp-content\/uploads\/2022\/09\/La-tarte-aux-cornichons-sauvages-scaled.jpg\"><img data-recalc-dims=\"1\" loading=\"lazy\" decoding=\"async\" data-attachment-id=\"27866\" data-permalink=\"http:\/\/www.jojoenherbe.com\/index.php\/2022\/09\/26\/point-lecture-hebdomadaire-60\/la-tarte-aux-cornichons-sauvages\/\" data-orig-file=\"https:\/\/i0.wp.com\/www.jojoenherbe.com\/wp-content\/uploads\/2022\/09\/La-tarte-aux-cornichons-sauvages-scaled.jpg?fit=2560%2C1821\" data-orig-size=\"2560,1821\" data-comments-opened=\"1\" data-image-meta=\"{&quot;aperture&quot;:&quot;1.8&quot;,&quot;credit&quot;:&quot;&quot;,&quot;camera&quot;:&quot;iPhone 7&quot;,&quot;caption&quot;:&quot;&quot;,&quot;created_timestamp&quot;:&quot;1664200983&quot;,&quot;copyright&quot;:&quot;&quot;,&quot;focal_length&quot;:&quot;3.99&quot;,&quot;iso&quot;:&quot;50&quot;,&quot;shutter_speed&quot;:&quot;0.058823529411765&quot;,&quot;title&quot;:&quot;&quot;,&quot;orientation&quot;:&quot;1&quot;}\" data-image-title=\"La tarte aux cornichons sauvages\" data-image-description=\"\" data-image-caption=\"\" data-large-file=\"https:\/\/i0.wp.com\/www.jojoenherbe.com\/wp-content\/uploads\/2022\/09\/La-tarte-aux-cornichons-sauvages-scaled.jpg?fit=676%2C481\" class=\"size-thumbnail wp-image-27866 alignright\" src=\"https:\/\/i0.wp.com\/www.jojoenherbe.com\/wp-content\/uploads\/2022\/09\/La-tarte-aux-cornichons-sauvages.jpg?resize=150%2C150\" alt=\"\" width=\"150\" height=\"150\" srcset=\"https:\/\/i0.wp.com\/www.jojoenherbe.com\/wp-content\/uploads\/2022\/09\/La-tarte-aux-cornichons-sauvages-scaled.jpg?resize=150%2C150 150w, https:\/\/i0.wp.com\/www.jojoenherbe.com\/wp-content\/uploads\/2022\/09\/La-tarte-aux-cornichons-sauvages-scaled.jpg?zoom=2&amp;resize=150%2C150 300w, https:\/\/i0.wp.com\/www.jojoenherbe.com\/wp-content\/uploads\/2022\/09\/La-tarte-aux-cornichons-sauvages-scaled.jpg?zoom=3&amp;resize=150%2C150 450w\" sizes=\"auto, (max-width: 150px) 100vw, 150px\" \/><\/a>Nous avons lu <span style=\"text-decoration: underline;\">La tarte aux cornichons sauvages<\/span> d&rsquo;Antonin Louchard (\u00e9d. Seuil Jeunesse, 2019), un album jeunesse \u00e0 partir de 3 ans, l&rsquo;auteur s&rsquo;amusant \u00e0 reprendre la blague de la tarte au concombre (que j&rsquo;avoue je ne connaissais pas). Un petit lapin vient chaque jour demander \u00e0 la boulang\u00e8re une tarte aux cornichons. La boulang\u00e8re lui r\u00e9pond sans cesse qu&rsquo;elle n&rsquo;en a pas. Et pourtant, un jour, elle en a? Quelle sera la r\u00e9action du petit lapin? Un bon moment de lecture rigolo m\u00eame si j&rsquo;ai trouv\u00e9 que parfois le vocabulaire \u00e9tait un peu trop familier pour des jeunes lecteurs! De cet auteur, nous avions eu un coup de c\u0153ur pour <span style=\"text-decoration: underline;\">Je suis un lion<\/span> que nous avons lu et relu pendant des ann\u00e9es. <\/em><\/p>\n<ul>\n<li style=\"text-align: justify;\"><em>(Album jeunesse) <span style=\"text-decoration: underline;\"><strong>M\u00eame pas peur!<\/strong><\/span> de Quentin Gr\u00e9ban<\/em><\/li>\n<\/ul>\n<p style=\"text-align: justify;\"><em><a href=\"https:\/\/i0.wp.com\/www.jojoenherbe.com\/wp-content\/uploads\/2022\/09\/Meme-pas-peur-scaled.jpg\"><img data-recalc-dims=\"1\" loading=\"lazy\" decoding=\"async\" data-attachment-id=\"27862\" data-permalink=\"http:\/\/www.jojoenherbe.com\/index.php\/2022\/09\/26\/point-lecture-hebdomadaire-60\/meme-pas-peur\/\" data-orig-file=\"https:\/\/i0.wp.com\/www.jojoenherbe.com\/wp-content\/uploads\/2022\/09\/Meme-pas-peur-scaled.jpg?fit=2560%2C1899\" data-orig-size=\"2560,1899\" data-comments-opened=\"1\" data-image-meta=\"{&quot;aperture&quot;:&quot;1.8&quot;,&quot;credit&quot;:&quot;&quot;,&quot;camera&quot;:&quot;iPhone 7&quot;,&quot;caption&quot;:&quot;&quot;,&quot;created_timestamp&quot;:&quot;1664190741&quot;,&quot;copyright&quot;:&quot;&quot;,&quot;focal_length&quot;:&quot;3.99&quot;,&quot;iso&quot;:&quot;100&quot;,&quot;shutter_speed&quot;:&quot;0.11111111111111&quot;,&quot;title&quot;:&quot;&quot;,&quot;orientation&quot;:&quot;1&quot;}\" data-image-title=\"M\u00eame pas peur!\" data-image-description=\"\" data-image-caption=\"\" data-large-file=\"https:\/\/i0.wp.com\/www.jojoenherbe.com\/wp-content\/uploads\/2022\/09\/Meme-pas-peur-scaled.jpg?fit=676%2C501\" class=\"size-thumbnail wp-image-27862 alignleft\" src=\"https:\/\/i0.wp.com\/www.jojoenherbe.com\/wp-content\/uploads\/2022\/09\/Meme-pas-peur.jpg?resize=150%2C150\" alt=\"\" width=\"150\" height=\"150\" srcset=\"https:\/\/i0.wp.com\/www.jojoenherbe.com\/wp-content\/uploads\/2022\/09\/Meme-pas-peur-scaled.jpg?resize=150%2C150 150w, https:\/\/i0.wp.com\/www.jojoenherbe.com\/wp-content\/uploads\/2022\/09\/Meme-pas-peur-scaled.jpg?zoom=2&amp;resize=150%2C150 300w, https:\/\/i0.wp.com\/www.jojoenherbe.com\/wp-content\/uploads\/2022\/09\/Meme-pas-peur-scaled.jpg?zoom=3&amp;resize=150%2C150 450w\" sizes=\"auto, (max-width: 150px) 100vw, 150px\" \/><\/a>Nous lisons et relisons <span style=\"text-decoration: underline;\">M\u00eame pas peur!<\/span> de Quentin Gr\u00e9ban (\u00e9d. Mijade, 2014), un album jeunesse \u00e0 partir de 3\/4 ans avec des calques rouges, deux enfants p\u00e9n\u00e9trant dans une maison hant\u00e9e pou r\u00e9cup\u00e9rer leur cerf-volant. Tandis que le fr\u00e8re conserve son sourire, sa petite s\u0153ur est effray\u00e9e par ce qu&rsquo;elle d\u00e9couvre de pi\u00e8ce en pi\u00e8ce. Un bon moment de lecture avec cette histoire pour se faire gentiment peur et dont le narrateur n\u2019est autre que la maison hant\u00e9e elle-m\u00eame!<\/em><\/p>\n<p><em><span style=\"text-decoration: underline;\">Des lectures ado\/adulte<\/span>:<\/em><\/p>\n<p style=\"text-align: justify;\"><em>Parmi les romans adultes que j\u2019ai lus cette semaine, je ne parlerai dans ce billet que de certains.<\/em><\/p>\n<ul>\n<li><em>(Roman policier) <span style=\"text-decoration: underline;\"><strong>Cinq petits cochons<\/strong><\/span> d&rsquo;Agatha Christie<\/em><\/li>\n<\/ul>\n<p style=\"text-align: justify;\"><em><a href=\"https:\/\/i0.wp.com\/www.jojoenherbe.com\/wp-content\/uploads\/2022\/09\/Cinq-petits-cochons-scaled.jpg\"><img data-recalc-dims=\"1\" loading=\"lazy\" decoding=\"async\" data-attachment-id=\"27724\" data-permalink=\"http:\/\/www.jojoenherbe.com\/index.php\/2022\/09\/19\/point-lecture-hebdomadaire-59\/cinq-petits-cochons\/\" data-orig-file=\"https:\/\/i0.wp.com\/www.jojoenherbe.com\/wp-content\/uploads\/2022\/09\/Cinq-petits-cochons-scaled.jpg?fit=2560%2C2034\" data-orig-size=\"2560,2034\" data-comments-opened=\"1\" data-image-meta=\"{&quot;aperture&quot;:&quot;1.8&quot;,&quot;credit&quot;:&quot;&quot;,&quot;camera&quot;:&quot;iPhone 7&quot;,&quot;caption&quot;:&quot;&quot;,&quot;created_timestamp&quot;:&quot;1663583994&quot;,&quot;copyright&quot;:&quot;&quot;,&quot;focal_length&quot;:&quot;3.99&quot;,&quot;iso&quot;:&quot;100&quot;,&quot;shutter_speed&quot;:&quot;0.1&quot;,&quot;title&quot;:&quot;&quot;,&quot;orientation&quot;:&quot;1&quot;}\" data-image-title=\"Cinq petits cochons\" data-image-description=\"\" data-image-caption=\"\" data-large-file=\"https:\/\/i0.wp.com\/www.jojoenherbe.com\/wp-content\/uploads\/2022\/09\/Cinq-petits-cochons-scaled.jpg?fit=676%2C537\" class=\"size-thumbnail wp-image-27724 alignright\" src=\"https:\/\/i0.wp.com\/www.jojoenherbe.com\/wp-content\/uploads\/2022\/09\/Cinq-petits-cochons.jpg?resize=150%2C150\" alt=\"\" width=\"150\" height=\"150\" srcset=\"https:\/\/i0.wp.com\/www.jojoenherbe.com\/wp-content\/uploads\/2022\/09\/Cinq-petits-cochons-scaled.jpg?resize=150%2C150 150w, https:\/\/i0.wp.com\/www.jojoenherbe.com\/wp-content\/uploads\/2022\/09\/Cinq-petits-cochons-scaled.jpg?zoom=2&amp;resize=150%2C150 300w, https:\/\/i0.wp.com\/www.jojoenherbe.com\/wp-content\/uploads\/2022\/09\/Cinq-petits-cochons-scaled.jpg?zoom=3&amp;resize=150%2C150 450w\" sizes=\"auto, (max-width: 150px) 100vw, 150px\" \/><\/a>J&rsquo;ai fini de lire <a href=\"https:\/\/www.jojoenherbe.com\/index.php\/2022\/09\/22\/au-fil-des-pages-avec-cinq-petits-cochons\/\"><span style=\"text-decoration: underline;\">Cinq petits cochons<\/span><\/a> d&rsquo;Agatha Christie (\u00e9d. du Masque, n\u00b07, r\u00e9\u00e9d. 2015, 284 pages), un roman policier paru pour la premi\u00e8re fois en 1943, Hercule Poirot \u00e9tant engag\u00e9e par la fille de Caroline Crale, depuis lors d\u00e9c\u00e9d\u00e9e et qui avait \u00e9t\u00e9 condamn\u00e9e pour le meurtre par empoisonnement de son \u00e9poux, Amyas Crale 16 ans plus t\u00f4t. Caroline Crale \u00e9tait-elle innocente comme le pense sa fille? Hercule Poirot pourra-t-il faire \u00e9clater la v\u00e9rit\u00e9 en se rapprochant des t\u00e9moins et intervenants de l&rsquo;affaire encore en vie? Il y est ainsi question de relation de couple, d\u2019adult\u00e8re, de jalousie, de cr\u00e9ation artistique ou bien encore de pardon et de choix de vie. Un bon moment de lecture (qui aurait \u00e9t\u00e9 tr\u00e8s bon si le livre 1 et le livre 2 n\u2019avaient pas \u00e9t\u00e9 un peu trop redondants malgr\u00e9 les nuances et divergences permettant d\u2019\u00e9carter certains t\u00e9moins)!<br \/>\n<\/em><\/p>\n<ul>\n<li style=\"text-align: justify;\"><em>(Roman ado fantasy) <span style=\"text-decoration: underline;\"><strong>La fille qui avait bu la lune<\/strong><\/span> de Kelly Barnhill<\/em><\/li>\n<\/ul>\n<p style=\"text-align: justify;\"><em><a href=\"https:\/\/i0.wp.com\/www.jojoenherbe.com\/wp-content\/uploads\/2022\/09\/La-fille-qui-avait-bu-la-lune-scaled.jpg\"><img data-recalc-dims=\"1\" loading=\"lazy\" decoding=\"async\" data-attachment-id=\"27863\" data-permalink=\"http:\/\/www.jojoenherbe.com\/index.php\/2022\/09\/26\/point-lecture-hebdomadaire-60\/la-fille-qui-avait-bu-la-lune\/\" data-orig-file=\"https:\/\/i0.wp.com\/www.jojoenherbe.com\/wp-content\/uploads\/2022\/09\/La-fille-qui-avait-bu-la-lune-scaled.jpg?fit=2560%2C2029\" data-orig-size=\"2560,2029\" data-comments-opened=\"1\" data-image-meta=\"{&quot;aperture&quot;:&quot;1.8&quot;,&quot;credit&quot;:&quot;&quot;,&quot;camera&quot;:&quot;iPhone 7&quot;,&quot;caption&quot;:&quot;&quot;,&quot;created_timestamp&quot;:&quot;1664190777&quot;,&quot;copyright&quot;:&quot;&quot;,&quot;focal_length&quot;:&quot;3.99&quot;,&quot;iso&quot;:&quot;100&quot;,&quot;shutter_speed&quot;:&quot;0.076923076923077&quot;,&quot;title&quot;:&quot;&quot;,&quot;orientation&quot;:&quot;1&quot;}\" data-image-title=\"La fille qui avait bu la lune\" data-image-description=\"\" data-image-caption=\"\" data-large-file=\"https:\/\/i0.wp.com\/www.jojoenherbe.com\/wp-content\/uploads\/2022\/09\/La-fille-qui-avait-bu-la-lune-scaled.jpg?fit=676%2C535\" class=\"size-thumbnail wp-image-27863 alignleft\" src=\"https:\/\/i0.wp.com\/www.jojoenherbe.com\/wp-content\/uploads\/2022\/09\/La-fille-qui-avait-bu-la-lune.jpg?resize=150%2C150\" alt=\"\" width=\"150\" height=\"150\" srcset=\"https:\/\/i0.wp.com\/www.jojoenherbe.com\/wp-content\/uploads\/2022\/09\/La-fille-qui-avait-bu-la-lune-scaled.jpg?resize=150%2C150 150w, https:\/\/i0.wp.com\/www.jojoenherbe.com\/wp-content\/uploads\/2022\/09\/La-fille-qui-avait-bu-la-lune-scaled.jpg?zoom=2&amp;resize=150%2C150 300w, https:\/\/i0.wp.com\/www.jojoenherbe.com\/wp-content\/uploads\/2022\/09\/La-fille-qui-avait-bu-la-lune-scaled.jpg?zoom=3&amp;resize=150%2C150 450w\" sizes=\"auto, (max-width: 150px) 100vw, 150px\" \/><\/a>J&rsquo;ai lu <span style=\"text-decoration: underline;\">La fille qui avait bu la lune<\/span> de Kelly Barnhill (\u00e9d. S.N. Editions Anne Carri\u00e8re, 2017, 366 pages), un roman jeunesse fantasy pour les adolescents \u00e0 la magnifique illustration de couverture. <\/em><em>Chaque ann\u00e9e, les habitants du Protectorat sacrifient un b\u00e9b\u00e9 \u00e0 la terrifiante Sorci\u00e8re des bois afin d\u2019\u00e9chapper son courroux. Or il existe bien une sorci\u00e8re \u2013 la gentille sorci\u00e8re Xan \u00e2g\u00e9e de plus de 500 ans \u2013 qui r\u00e9cup\u00e8re les b\u00e9b\u00e9s pour les confier \u00e0 des familles aimantes des Cit\u00e9s Franches et qui ne comprend pas pourquoi ces abandons et n\u2019ose jamais s\u2019attarder pr\u00e8s du Protectorat sur lequel p\u00e8se un gigantesque nuage de chagrin.&nbsp; Une ann\u00e9e, elle recueille un b\u00e9b\u00e9 qu\u2019elle d\u00e9cide d\u2019\u00e9lever comme sa petite fille avec l\u2019aide de Glerk, le Monstre des Marais et de Fyrian, un dragonus minusculus, apr\u00e8s lui avoir fait boire par erreur le clair de lune et qu\u2019elle nomme Luna. Il y est ainsi question de qu\u00eate initiatique, d\u2019oubli, de famille, de magie, d\u2019asservissement et de faux semblants pour maintenir dans la peur tout un peuple\u2026 Un tr\u00e8s bon moment de lecture avec ce roman jeunesse \u00e0 l\u2019\u00e9criture fluide et addictive!<\/em><\/p>\n<p><strong><span style=\"text-decoration: underline;\">Notre lecture en cours<\/span>:<\/strong><\/p>\n<p style=\"text-align: justify;\"><em>(Roman jeunesse) <strong><span style=\"text-decoration: underline;\">Marilou et le grand incendie<\/span><\/strong> de Val\u00e9rie Zenatti et Colette Natrella<\/em><\/p>\n<p style=\"text-align: justify;\"><em><a href=\"https:\/\/i0.wp.com\/www.jojoenherbe.com\/wp-content\/uploads\/2022\/09\/Marilou-et-le-grand-incendie-scaled.jpg\"><img data-recalc-dims=\"1\" loading=\"lazy\" decoding=\"async\" data-attachment-id=\"27864\" data-permalink=\"http:\/\/www.jojoenherbe.com\/index.php\/2022\/09\/26\/point-lecture-hebdomadaire-60\/marilou-et-le-grand-incendie\/\" data-orig-file=\"https:\/\/i0.wp.com\/www.jojoenherbe.com\/wp-content\/uploads\/2022\/09\/Marilou-et-le-grand-incendie-scaled.jpg?fit=2560%2C1977\" data-orig-size=\"2560,1977\" data-comments-opened=\"1\" data-image-meta=\"{&quot;aperture&quot;:&quot;1.8&quot;,&quot;credit&quot;:&quot;&quot;,&quot;camera&quot;:&quot;iPhone 7&quot;,&quot;caption&quot;:&quot;&quot;,&quot;created_timestamp&quot;:&quot;1664190830&quot;,&quot;copyright&quot;:&quot;&quot;,&quot;focal_length&quot;:&quot;3.99&quot;,&quot;iso&quot;:&quot;100&quot;,&quot;shutter_speed&quot;:&quot;0.1&quot;,&quot;title&quot;:&quot;&quot;,&quot;orientation&quot;:&quot;1&quot;}\" data-image-title=\"Marilou et le grand incendie\" data-image-description=\"\" data-image-caption=\"\" data-large-file=\"https:\/\/i0.wp.com\/www.jojoenherbe.com\/wp-content\/uploads\/2022\/09\/Marilou-et-le-grand-incendie-scaled.jpg?fit=676%2C522\" class=\"size-thumbnail wp-image-27864 alignright\" src=\"https:\/\/i0.wp.com\/www.jojoenherbe.com\/wp-content\/uploads\/2022\/09\/Marilou-et-le-grand-incendie.jpg?resize=150%2C150\" alt=\"\" width=\"150\" height=\"150\" srcset=\"https:\/\/i0.wp.com\/www.jojoenherbe.com\/wp-content\/uploads\/2022\/09\/Marilou-et-le-grand-incendie-scaled.jpg?resize=150%2C150 150w, https:\/\/i0.wp.com\/www.jojoenherbe.com\/wp-content\/uploads\/2022\/09\/Marilou-et-le-grand-incendie-scaled.jpg?zoom=2&amp;resize=150%2C150 300w, https:\/\/i0.wp.com\/www.jojoenherbe.com\/wp-content\/uploads\/2022\/09\/Marilou-et-le-grand-incendie-scaled.jpg?zoom=3&amp;resize=150%2C150 450w\" sizes=\"auto, (max-width: 150px) 100vw, 150px\" \/><\/a>Avec la reprise ce mercredi du cours de tennis, nous reprenons notre habitude de lire le temps du trajet en tram. Nous relisons <span style=\"text-decoration: underline;\">Satan\u00e9s lapins!<\/span> de Ciara Flood puis nous lisons le premier chapitre de <span style=\"text-decoration: underline;\">Marilou et le grand incendie<\/span> de Val\u00e9rie Zenatti et Colette Natrella (\u00e9d. L&rsquo;\u00e9cole des loisirs, coll. Mouche, 2020, 91 pages), un roman jeunesse pour les 6\/8 ans. Dans ce premier chapitre, nous d\u00e9couvrons Marilou, une petite \u00e9cureuil vivant dans la for\u00eat avec sa m\u00e8re et ses fr\u00e8res et s\u0153urs et nous la laissons au moment o\u00f9 sa m\u00e8re lui annonce qu&rsquo;il est temps pour elle d&rsquo;aller explorer la for\u00eat seule.<\/em><\/p>\n<p><em>&nbsp;<\/em><\/p>\n","protected":false},"excerpt":{"rendered":"<p>En ce d\u00e9but de semaine, voici notre point lecture hebdomadaire avec un retour sur nos lectures de la semaine derni\u00e8re (mais pas nos relectures) et notre lecture en cours, avec une pr\u00e9dominante pour les lectures automnales et halloweenesques, l&rsquo;automne \u00e9tant arriv\u00e9 et le challenge Halloween de Hilde et Lou ayant d\u00e9but\u00e9 le 23 septembre 2022. [&hellip;]<\/p>\n","protected":false},"author":1,"featured_media":27860,"comment_status":"open","ping_status":"open","sticky":false,"template":"","format":"standard","meta":{"jetpack_post_was_ever_published":false,"_jetpack_newsletter_access":"","_jetpack_dont_email_post_to_subs":false,"_jetpack_newsletter_tier_id":0,"_jetpack_memberships_contains_paywalled_content":false,"_jetpack_memberships_contains_paid_content":false,"footnotes":""},"categories":[2140,363],"tags":[2313,409,3427,870,3425,1085,367,1797,2767,2128,1329,2825,905,789,3426],"class_list":["post-27740","post","type-post","status-publish","format-standard","has-post-thumbnail","hentry","category-mini-blogueur","category-mini-lecteur","tag-agatha-christie","tag-albums-jeunesse","tag-colette-natrella","tag-fantasy","tag-kelly-barnhill","tag-lecture-adulte","tag-lecture-jeunesse","tag-lectures-dhalloween","tag-point-lecture-hebdo","tag-quentin-greban","tag-roman-policier","tag-romans-ado","tag-romans-adulte","tag-romans-jeunesse","tag-valerie-zenatti","post-preview"],"jetpack_featured_media_url":"https:\/\/i0.wp.com\/www.jojoenherbe.com\/wp-content\/uploads\/2022\/09\/Point-lecture-hebdo-60-scaled.jpg?fit=2560%2C1644","jetpack_sharing_enabled":true,"jetpack_shortlink":"https:\/\/wp.me\/p9zhGx-7dq","jetpack_likes_enabled":true,"jetpack-related-posts":[{"id":37057,"url":"http:\/\/www.jojoenherbe.com\/index.php\/2024\/09\/30\/point-lecture-hebdomadaire-2024-39\/","url_meta":{"origin":27740,"position":0},"title":"Point lecture hebdomadaire 2024 #39","author":"Jojo","date":"30 septembre 2024","format":false,"excerpt":"En ce d\u00e9but de semaine, voici mon point lecture hebdomadaire avec un retour sur nos lectures (mais pas nos relectures) de la semaine derni\u00e8re. Nos lectures du 23 au 29 septembre 2024: Des lectures jeunesse: Nous avons continu\u00e9 chaque soir et presque fini de lire Le jardin secret de Frances\u2026","rel":"","context":"Dans &quot;Mini blogueur&quot;","block_context":{"text":"Mini blogueur","link":"http:\/\/www.jojoenherbe.com\/index.php\/category\/mini-blogueur\/"},"img":{"alt_text":"","src":"https:\/\/i0.wp.com\/www.jojoenherbe.com\/wp-content\/uploads\/2020\/04\/Le-jardin-secret-150x150.jpg?resize=350%2C200","width":350,"height":200},"classes":[]},{"id":27668,"url":"http:\/\/www.jojoenherbe.com\/index.php\/2022\/09\/19\/point-lecture-hebdomadaire-59\/","url_meta":{"origin":27740,"position":1},"title":"Point lecture hebdomadaire #59","author":"Jojo","date":"19 septembre 2022","format":false,"excerpt":"En ce d\u00e9but de semaine, voici notre point lecture hebdomadaire avec un retour sur nos lectures de la semaine derni\u00e8re (mais pas nos relectures) ainsi que ma lecture en cours. Nos lectures du 12 au 18 septembre 2022: Des lectures jeunesse: (Roman jeunesse) Oscar et Carrosse, La f\u00eate foraine de\u2026","rel":"","context":"Dans &quot;Mini blogueur&quot;","block_context":{"text":"Mini blogueur","link":"http:\/\/www.jojoenherbe.com\/index.php\/category\/mini-blogueur\/"},"img":{"alt_text":"","src":"https:\/\/i0.wp.com\/www.jojoenherbe.com\/wp-content\/uploads\/2022\/09\/Point-lecture-hebdo-59-scaled.jpg?fit=1200%2C698&resize=350%2C200","width":350,"height":200,"srcset":"https:\/\/i0.wp.com\/www.jojoenherbe.com\/wp-content\/uploads\/2022\/09\/Point-lecture-hebdo-59-scaled.jpg?fit=1200%2C698&resize=350%2C200 1x, https:\/\/i0.wp.com\/www.jojoenherbe.com\/wp-content\/uploads\/2022\/09\/Point-lecture-hebdo-59-scaled.jpg?fit=1200%2C698&resize=525%2C300 1.5x, https:\/\/i0.wp.com\/www.jojoenherbe.com\/wp-content\/uploads\/2022\/09\/Point-lecture-hebdo-59-scaled.jpg?fit=1200%2C698&resize=700%2C400 2x, https:\/\/i0.wp.com\/www.jojoenherbe.com\/wp-content\/uploads\/2022\/09\/Point-lecture-hebdo-59-scaled.jpg?fit=1200%2C698&resize=1050%2C600 3x"},"classes":[]},{"id":31501,"url":"http:\/\/www.jojoenherbe.com\/index.php\/2023\/08\/21\/point-lecture-hebdomadaire-2023-33\/","url_meta":{"origin":27740,"position":2},"title":"Point lecture hebdomadaire 2023 #33","author":"Jojo","date":"21 ao\u00fbt 2023","format":false,"excerpt":"En ce d\u00e9but de semaine, voici notre point lecture hebdomadaire avec un retour sur nos lectures de la semaine derni\u00e8re (mais pas nos relectures). Nos lectures du 14 au 20 ao\u00fbt 2023: Des lectures jeunesse: (Roman jeunesse) Vol d\u2019\u00e9t\u00e9 de Marie-Anne Abesdris Nous avons lu Vol d\u2019\u00e9t\u00e9 de Marie-Anne Abesdris\u2026","rel":"","context":"Dans &quot;Mini blogueur&quot;","block_context":{"text":"Mini blogueur","link":"http:\/\/www.jojoenherbe.com\/index.php\/category\/mini-blogueur\/"},"img":{"alt_text":"","src":"https:\/\/i0.wp.com\/www.jojoenherbe.com\/wp-content\/uploads\/2023\/08\/Vol-dete-150x150.jpg?resize=350%2C200","width":350,"height":200},"classes":[]},{"id":25915,"url":"http:\/\/www.jojoenherbe.com\/index.php\/2022\/06\/20\/point-lecture-hebdomadaire-46\/","url_meta":{"origin":27740,"position":3},"title":"Point lecture hebdomadaire #46","author":"Jojo","date":"20 juin 2022","format":false,"excerpt":"En ce d\u00e9but de semaine, voici notre point lecture hebdomadaire avec un retour sur nos lectures de la semaine derni\u00e8re (mais pas nos relectures) et ma lecture en cours. j'ai surtout pioch\u00e9 dans ma PAL anglo-saxonne puisqu'en juin, c'est le Mois Anglais 2022 coorganis\u00e9e par Lou et Titine. Nos lectures\u2026","rel":"","context":"Dans &quot;Mini blogueur&quot;","block_context":{"text":"Mini blogueur","link":"http:\/\/www.jojoenherbe.com\/index.php\/category\/mini-blogueur\/"},"img":{"alt_text":"","src":"https:\/\/i0.wp.com\/www.jojoenherbe.com\/wp-content\/uploads\/2022\/07\/Point-lecture-hebdo-46-scaled.jpg?fit=1200%2C795&resize=350%2C200","width":350,"height":200,"srcset":"https:\/\/i0.wp.com\/www.jojoenherbe.com\/wp-content\/uploads\/2022\/07\/Point-lecture-hebdo-46-scaled.jpg?fit=1200%2C795&resize=350%2C200 1x, https:\/\/i0.wp.com\/www.jojoenherbe.com\/wp-content\/uploads\/2022\/07\/Point-lecture-hebdo-46-scaled.jpg?fit=1200%2C795&resize=525%2C300 1.5x, https:\/\/i0.wp.com\/www.jojoenherbe.com\/wp-content\/uploads\/2022\/07\/Point-lecture-hebdo-46-scaled.jpg?fit=1200%2C795&resize=700%2C400 2x, https:\/\/i0.wp.com\/www.jojoenherbe.com\/wp-content\/uploads\/2022\/07\/Point-lecture-hebdo-46-scaled.jpg?fit=1200%2C795&resize=1050%2C600 3x"},"classes":[]},{"id":42374,"url":"http:\/\/www.jojoenherbe.com\/index.php\/2026\/01\/21\/point-lecture-hebdomadaire-2026-3\/","url_meta":{"origin":27740,"position":4},"title":"Point lecture hebdomadaire 2026 #3","author":"Jojo","date":"21 janvier 2026","format":false,"excerpt":"En ce milieu de semaine, voici mon point lecture hebdomadaire avec un retour sur nos lectures (mais pas nos relectures) de la semaine derni\u00e8re qui a d\u00e9but\u00e9 avec le rangement du sapin et d\u00e9corations de No\u00ebl et qui s'est termin\u00e9 sur un week-end pluvieux dans le Var chez des amis\u2026","rel":"","context":"Dans &quot;Mini blogueur&quot;","block_context":{"text":"Mini blogueur","link":"http:\/\/www.jojoenherbe.com\/index.php\/category\/mini-blogueur\/"},"img":{"alt_text":"","src":"https:\/\/i0.wp.com\/www.jojoenherbe.com\/wp-content\/uploads\/2026\/01\/macareux-point-lecture-hebdo.jpg?fit=864%2C1012&resize=350%2C200","width":350,"height":200,"srcset":"https:\/\/i0.wp.com\/www.jojoenherbe.com\/wp-content\/uploads\/2026\/01\/macareux-point-lecture-hebdo.jpg?fit=864%2C1012&resize=350%2C200 1x, https:\/\/i0.wp.com\/www.jojoenherbe.com\/wp-content\/uploads\/2026\/01\/macareux-point-lecture-hebdo.jpg?fit=864%2C1012&resize=525%2C300 1.5x, https:\/\/i0.wp.com\/www.jojoenherbe.com\/wp-content\/uploads\/2026\/01\/macareux-point-lecture-hebdo.jpg?fit=864%2C1012&resize=700%2C400 2x"},"classes":[]},{"id":34536,"url":"http:\/\/www.jojoenherbe.com\/index.php\/2024\/01\/29\/point-lecture-hebdomadaire-2024-4\/","url_meta":{"origin":27740,"position":5},"title":"Point lecture hebdomadaire 2024 #4","author":"Jojo","date":"29 janvier 2024","format":false,"excerpt":"En ce d\u00e9but de semaine, voici notre point lecture hebdomadaire avec un retour sur nos lectures de la semaine derni\u00e8re (mais pas nos relectures). Nos lectures du 22 au 28 janvier 2024: Des lectures jeunesse: (BD jeunesse) Mortelle Ad\u00e8le au pays des Contes d\u00e9faits, Mortelle Ad\u00e8le, Choupidoulove (T10) et Extra\u2026","rel":"","context":"Dans &quot;Mini blogueur&quot;","block_context":{"text":"Mini blogueur","link":"http:\/\/www.jojoenherbe.com\/index.php\/category\/mini-blogueur\/"},"img":{"alt_text":"","src":"https:\/\/i0.wp.com\/www.jojoenherbe.com\/wp-content\/uploads\/2024\/01\/La-Semaine-a-1000-du-Pingouin-2024.jpg?resize=350%2C200","width":350,"height":200,"srcset":"https:\/\/i0.wp.com\/www.jojoenherbe.com\/wp-content\/uploads\/2024\/01\/La-Semaine-a-1000-du-Pingouin-2024.jpg?resize=350%2C200 1x, https:\/\/i0.wp.com\/www.jojoenherbe.com\/wp-content\/uploads\/2024\/01\/La-Semaine-a-1000-du-Pingouin-2024.jpg?resize=525%2C300 1.5x"},"classes":[]}],"_links":{"self":[{"href":"http:\/\/www.jojoenherbe.com\/index.php\/wp-json\/wp\/v2\/posts\/27740","targetHints":{"allow":["GET"]}}],"collection":[{"href":"http:\/\/www.jojoenherbe.com\/index.php\/wp-json\/wp\/v2\/posts"}],"about":[{"href":"http:\/\/www.jojoenherbe.com\/index.php\/wp-json\/wp\/v2\/types\/post"}],"author":[{"embeddable":true,"href":"http:\/\/www.jojoenherbe.com\/index.php\/wp-json\/wp\/v2\/users\/1"}],"replies":[{"embeddable":true,"href":"http:\/\/www.jojoenherbe.com\/index.php\/wp-json\/wp\/v2\/comments?post=27740"}],"version-history":[{"count":13,"href":"http:\/\/www.jojoenherbe.com\/index.php\/wp-json\/wp\/v2\/posts\/27740\/revisions"}],"predecessor-version":[{"id":27905,"href":"http:\/\/www.jojoenherbe.com\/index.php\/wp-json\/wp\/v2\/posts\/27740\/revisions\/27905"}],"wp:featuredmedia":[{"embeddable":true,"href":"http:\/\/www.jojoenherbe.com\/index.php\/wp-json\/wp\/v2\/media\/27860"}],"wp:attachment":[{"href":"http:\/\/www.jojoenherbe.com\/index.php\/wp-json\/wp\/v2\/media?parent=27740"}],"wp:term":[{"taxonomy":"category","embeddable":true,"href":"http:\/\/www.jojoenherbe.com\/index.php\/wp-json\/wp\/v2\/categories?post=27740"},{"taxonomy":"post_tag","embeddable":true,"href":"http:\/\/www.jojoenherbe.com\/index.php\/wp-json\/wp\/v2\/tags?post=27740"}],"curies":[{"name":"wp","href":"https:\/\/api.w.org\/{rel}","templated":true}]}}