{"id":27668,"date":"2022-09-19T11:57:10","date_gmt":"2022-09-19T09:57:10","guid":{"rendered":"https:\/\/www.jojoenherbe.com\/?p=27668"},"modified":"2022-09-22T11:01:26","modified_gmt":"2022-09-22T09:01:26","slug":"point-lecture-hebdomadaire-59","status":"publish","type":"post","link":"http:\/\/www.jojoenherbe.com\/index.php\/2022\/09\/19\/point-lecture-hebdomadaire-59\/","title":{"rendered":"Point lecture hebdomadaire #59"},"content":{"rendered":"<p style=\"text-align: justify;\"><em>En ce d\u00e9but de semaine, voici notre point lecture hebdomadaire avec un retour sur nos lectures de la semaine derni\u00e8re (mais pas nos relectures) ainsi que ma lecture en cours.<br \/>\n<\/em><\/p>\n<p><span style=\"text-decoration: underline;\"><strong>Nos lectures du 12 au 18 septembre 2022<\/strong><\/span><strong>:<\/strong><\/p>\n<p><em><span style=\"text-decoration: underline;\">Des lectures jeunesse<\/span>:<\/em><\/p>\n<ul>\n<li style=\"text-align: justify;\"><em>(Roman jeunesse) <strong><span style=\"text-decoration: underline;\">Oscar et Carrosse, La f\u00eate foraine<\/span><\/strong> de Ludovic Lecomte et Ir\u00e8ne Bonacina <strong>(T2)<br \/>\n<\/strong><\/em><\/li>\n<\/ul>\n<p style=\"text-align: justify;\"><a href=\"https:\/\/i0.wp.com\/www.jojoenherbe.com\/wp-content\/uploads\/2022\/09\/Oscar-et-Carrosse-La-fete-foraine-scaled.jpg\"><img data-recalc-dims=\"1\" loading=\"lazy\" decoding=\"async\" data-attachment-id=\"27670\" data-permalink=\"http:\/\/www.jojoenherbe.com\/index.php\/2022\/09\/19\/point-lecture-hebdomadaire-59\/oscar-et-carrosse-la-fete-foraine\/\" data-orig-file=\"https:\/\/i0.wp.com\/www.jojoenherbe.com\/wp-content\/uploads\/2022\/09\/Oscar-et-Carrosse-La-fete-foraine-scaled.jpg?fit=2560%2C2135\" data-orig-size=\"2560,2135\" data-comments-opened=\"1\" data-image-meta=\"{&quot;aperture&quot;:&quot;1.8&quot;,&quot;credit&quot;:&quot;&quot;,&quot;camera&quot;:&quot;iPhone 7&quot;,&quot;caption&quot;:&quot;&quot;,&quot;created_timestamp&quot;:&quot;1663252053&quot;,&quot;copyright&quot;:&quot;&quot;,&quot;focal_length&quot;:&quot;3.99&quot;,&quot;iso&quot;:&quot;40&quot;,&quot;shutter_speed&quot;:&quot;0.058823529411765&quot;,&quot;title&quot;:&quot;&quot;,&quot;orientation&quot;:&quot;1&quot;}\" data-image-title=\"Oscar et Carrosse, La f\u00eate foraine\" data-image-description=\"\" data-image-caption=\"\" data-large-file=\"https:\/\/i0.wp.com\/www.jojoenherbe.com\/wp-content\/uploads\/2022\/09\/Oscar-et-Carrosse-La-fete-foraine-scaled.jpg?fit=676%2C564\" class=\"alignleft size-thumbnail wp-image-27670\" src=\"https:\/\/i0.wp.com\/www.jojoenherbe.com\/wp-content\/uploads\/2022\/09\/Oscar-et-Carrosse-La-fete-foraine.jpg?resize=150%2C150\" alt=\"\" width=\"150\" height=\"150\" srcset=\"https:\/\/i0.wp.com\/www.jojoenherbe.com\/wp-content\/uploads\/2022\/09\/Oscar-et-Carrosse-La-fete-foraine-scaled.jpg?resize=150%2C150 150w, https:\/\/i0.wp.com\/www.jojoenherbe.com\/wp-content\/uploads\/2022\/09\/Oscar-et-Carrosse-La-fete-foraine-scaled.jpg?zoom=2&amp;resize=150%2C150 300w, https:\/\/i0.wp.com\/www.jojoenherbe.com\/wp-content\/uploads\/2022\/09\/Oscar-et-Carrosse-La-fete-foraine-scaled.jpg?zoom=3&amp;resize=150%2C150 450w\" sizes=\"auto, (max-width: 150px) 100vw, 150px\" \/><\/a><em>Apr\u00e8s avoir d\u00e9but septembre le tome 1 d&rsquo;<span style=\"text-decoration: underline;\">Oscar et Carrosse, La soupe de p\u00e2tes<\/span>, nous lisons le tome 2, <span style=\"text-decoration: underline;\">La f\u00eate foraine<\/span> de Ludovic Lecomte et Ir\u00e8ne Bonacina (\u00e9d. L\u2019\u00e9cole des loisirs, coll. Moucheron, 2021, 48 pages), un roman jeunesse \u00e0 partir de 6 ans. <\/em><em>Carrosse voudrait bien aller avec Oscar \u00e0 la f\u00eate foraine. Mais il n&rsquo;ose pas le lui demander. Un soir, il se d\u00e9cide enfin et accompagne Oscar \u00e0 son travail. Mais tout ne se d\u00e9roule pas comme pr\u00e9vu, entre quiproquos et incompr\u00e9hensions de la part de Carrosse qui pense Oscar en danger. Les illustrations sont toujours tendres et rigolotes. Encore un tr\u00e8s bon moment de lecture avec ce deuxi\u00e8me tome du duo tr\u00e8s attachant Oscar\/Carrosse!<\/em><\/p>\n<ul>\n<li style=\"text-align: justify;\"><em>(Album jeunesse) <strong><span style=\"text-decoration: underline;\">Regarde par la fen\u00eatre<\/span><\/strong> de Katerina Gorelik<\/em><\/li>\n<\/ul>\n<p style=\"text-align: justify;\"><a href=\"https:\/\/i0.wp.com\/www.jojoenherbe.com\/wp-content\/uploads\/2022\/09\/Regarde-par-la-fenetre-scaled.jpg\"><img data-recalc-dims=\"1\" loading=\"lazy\" decoding=\"async\" data-attachment-id=\"27671\" data-permalink=\"http:\/\/www.jojoenherbe.com\/index.php\/2022\/09\/19\/point-lecture-hebdomadaire-59\/regarde-par-la-fenetre\/\" data-orig-file=\"https:\/\/i0.wp.com\/www.jojoenherbe.com\/wp-content\/uploads\/2022\/09\/Regarde-par-la-fenetre-scaled.jpg?fit=2560%2C1943\" data-orig-size=\"2560,1943\" data-comments-opened=\"1\" data-image-meta=\"{&quot;aperture&quot;:&quot;1.8&quot;,&quot;credit&quot;:&quot;&quot;,&quot;camera&quot;:&quot;iPhone 7&quot;,&quot;caption&quot;:&quot;&quot;,&quot;created_timestamp&quot;:&quot;1663252240&quot;,&quot;copyright&quot;:&quot;&quot;,&quot;focal_length&quot;:&quot;3.99&quot;,&quot;iso&quot;:&quot;64&quot;,&quot;shutter_speed&quot;:&quot;0.058823529411765&quot;,&quot;title&quot;:&quot;&quot;,&quot;orientation&quot;:&quot;1&quot;}\" data-image-title=\"Regarde par la fen\u00eatre\" data-image-description=\"\" data-image-caption=\"\" data-large-file=\"https:\/\/i0.wp.com\/www.jojoenherbe.com\/wp-content\/uploads\/2022\/09\/Regarde-par-la-fenetre-scaled.jpg?fit=676%2C513\" class=\"size-thumbnail wp-image-27671 alignright\" src=\"https:\/\/i0.wp.com\/www.jojoenherbe.com\/wp-content\/uploads\/2022\/09\/Regarde-par-la-fenetre.jpg?resize=150%2C150\" alt=\"\" width=\"150\" height=\"150\" srcset=\"https:\/\/i0.wp.com\/www.jojoenherbe.com\/wp-content\/uploads\/2022\/09\/Regarde-par-la-fenetre-scaled.jpg?resize=150%2C150 150w, https:\/\/i0.wp.com\/www.jojoenherbe.com\/wp-content\/uploads\/2022\/09\/Regarde-par-la-fenetre-scaled.jpg?zoom=2&amp;resize=150%2C150 300w, https:\/\/i0.wp.com\/www.jojoenherbe.com\/wp-content\/uploads\/2022\/09\/Regarde-par-la-fenetre-scaled.jpg?zoom=3&amp;resize=150%2C150 450w\" sizes=\"auto, (max-width: 150px) 100vw, 150px\" \/><\/a><em>Nous lisons <span style=\"text-decoration: underline;\">Regarde par la fen\u00eatre<\/span> de Katerina Gorelik (\u00e9d. Saltimbanque, 2021, 60 pages), un album jeunesse avec des d\u00e9coupes et \u00e0 partir de 3\/4 ans. Il est amusant de d\u00e9couvrir ce qui se cache derri\u00e8re la fen\u00eatre des maisons, leurs habitants \u00e9tant souvent ceux des contes traditionnels comme le loup, la sorci\u00e8re, le Petit Chaperon rouge mais aussi d&rsquo;autres appr\u00e9ci\u00e9s des enfants comme des souris ou un pingouin. Un tr\u00e8s bon moment de lecture pour se faire gentiment peur avec ce livre participatif qui rappelle que les apparences peuvent \u00eatre trompeuses!<\/em><\/p>\n<ul>\n<li style=\"text-align: justify;\"><em>(Roman jeunesse) <strong><span style=\"text-decoration: underline;\">Touchez pas au roquefort!<\/span><\/strong> de Bernard Stone et Ralph Steadman<br \/>\n<\/em><\/li>\n<\/ul>\n<p style=\"text-align: justify;\"><a href=\"https:\/\/i0.wp.com\/www.jojoenherbe.com\/wp-content\/uploads\/2022\/09\/Touchez-pas-au-roquefort-scaled.jpg\"><img data-recalc-dims=\"1\" loading=\"lazy\" decoding=\"async\" data-attachment-id=\"27672\" data-permalink=\"http:\/\/www.jojoenherbe.com\/index.php\/2022\/09\/19\/point-lecture-hebdomadaire-59\/touchez-pas-au-roquefort\/\" data-orig-file=\"https:\/\/i0.wp.com\/www.jojoenherbe.com\/wp-content\/uploads\/2022\/09\/Touchez-pas-au-roquefort-scaled.jpg?fit=2560%2C2078\" data-orig-size=\"2560,2078\" data-comments-opened=\"1\" data-image-meta=\"{&quot;aperture&quot;:&quot;1.8&quot;,&quot;credit&quot;:&quot;&quot;,&quot;camera&quot;:&quot;iPhone 7&quot;,&quot;caption&quot;:&quot;&quot;,&quot;created_timestamp&quot;:&quot;1663252232&quot;,&quot;copyright&quot;:&quot;&quot;,&quot;focal_length&quot;:&quot;3.99&quot;,&quot;iso&quot;:&quot;80&quot;,&quot;shutter_speed&quot;:&quot;0.058823529411765&quot;,&quot;title&quot;:&quot;&quot;,&quot;orientation&quot;:&quot;1&quot;}\" data-image-title=\"Touchez pas au roquefort!\" data-image-description=\"\" data-image-caption=\"\" data-large-file=\"https:\/\/i0.wp.com\/www.jojoenherbe.com\/wp-content\/uploads\/2022\/09\/Touchez-pas-au-roquefort-scaled.jpg?fit=676%2C549\" class=\"alignleft size-thumbnail wp-image-27672\" src=\"https:\/\/i0.wp.com\/www.jojoenherbe.com\/wp-content\/uploads\/2022\/09\/Touchez-pas-au-roquefort.jpg?resize=150%2C150\" alt=\"\" width=\"150\" height=\"150\" srcset=\"https:\/\/i0.wp.com\/www.jojoenherbe.com\/wp-content\/uploads\/2022\/09\/Touchez-pas-au-roquefort-scaled.jpg?resize=150%2C150 150w, https:\/\/i0.wp.com\/www.jojoenherbe.com\/wp-content\/uploads\/2022\/09\/Touchez-pas-au-roquefort-scaled.jpg?zoom=2&amp;resize=150%2C150 300w, https:\/\/i0.wp.com\/www.jojoenherbe.com\/wp-content\/uploads\/2022\/09\/Touchez-pas-au-roquefort-scaled.jpg?zoom=3&amp;resize=150%2C150 450w\" sizes=\"auto, (max-width: 150px) 100vw, 150px\" \/><\/a><em>Nous lisons <span style=\"text-decoration: underline;\">Touchez pas au roquefort!<\/span> de Bernard Stone et Ralph Steadman (\u00e9d. Gallimard Jeunesse, 1980, r\u00e9\u00e9d. 2017, 29 pages), un roman policier jeunesse \u00e0 partir de 9 ans paru pour la premi\u00e8re fois en 1978 et qui est recommand\u00e9 par le Minist\u00e8re de l\u2019\u00c9ducation Nationale pour le cycle 3 de l&rsquo;\u00e9cole primaire. Grasboule d\u00e9couvre paniqu\u00e9 la disparition de tous les fromages de l&rsquo;entrep\u00f4t. Accompagn\u00e9 de son adjoint, Sam Ledentu, l&rsquo;inspecteur Souris enqu\u00eate sur ce vol. Qui peuvent bien \u00eatre les coupables? Un bon moment de lecture avec ce roman jeunesse qui reprend tous les caract\u00e9ristiques du roman policier, plongeant les jeunes lecteurs dans une ambiance myst\u00e9rieuse et jazzy, digne des vieux polars et films noirs et avec de l&rsquo;humour tant dans les illustrations \u00ab\u00a0vintage\u00a0\u00bb que dans les noms des personnages jouant sur les noms de fromages!<\/em><\/p>\n<ul>\n<li style=\"text-align: justify;\"><em>(Roman illustr\u00e9 ado) <strong><span style=\"text-decoration: underline;\">La ferme des animaux<\/span><\/strong> de George Orwell et Quentin Gr\u00e9ban<\/em><\/li>\n<\/ul>\n<p style=\"text-align: justify;\"><a href=\"https:\/\/i0.wp.com\/www.jojoenherbe.com\/wp-content\/uploads\/2022\/09\/La-ferme-des-animaux-scaled.jpg\"><img data-recalc-dims=\"1\" loading=\"lazy\" decoding=\"async\" data-attachment-id=\"27723\" data-permalink=\"http:\/\/www.jojoenherbe.com\/index.php\/2022\/09\/19\/point-lecture-hebdomadaire-59\/la-ferme-des-animaux\/\" data-orig-file=\"https:\/\/i0.wp.com\/www.jojoenherbe.com\/wp-content\/uploads\/2022\/09\/La-ferme-des-animaux-scaled.jpg?fit=2560%2C2142\" data-orig-size=\"2560,2142\" data-comments-opened=\"1\" data-image-meta=\"{&quot;aperture&quot;:&quot;1.8&quot;,&quot;credit&quot;:&quot;&quot;,&quot;camera&quot;:&quot;iPhone 7&quot;,&quot;caption&quot;:&quot;&quot;,&quot;created_timestamp&quot;:&quot;1663250964&quot;,&quot;copyright&quot;:&quot;&quot;,&quot;focal_length&quot;:&quot;3.99&quot;,&quot;iso&quot;:&quot;80&quot;,&quot;shutter_speed&quot;:&quot;0.058823529411765&quot;,&quot;title&quot;:&quot;&quot;,&quot;orientation&quot;:&quot;1&quot;}\" data-image-title=\"La ferme des animaux\" data-image-description=\"\" data-image-caption=\"\" data-large-file=\"https:\/\/i0.wp.com\/www.jojoenherbe.com\/wp-content\/uploads\/2022\/09\/La-ferme-des-animaux-scaled.jpg?fit=676%2C566\" class=\"size-thumbnail wp-image-27723 alignright\" src=\"https:\/\/i0.wp.com\/www.jojoenherbe.com\/wp-content\/uploads\/2022\/09\/La-ferme-des-animaux.jpg?resize=150%2C150\" alt=\"\" width=\"150\" height=\"150\" srcset=\"https:\/\/i0.wp.com\/www.jojoenherbe.com\/wp-content\/uploads\/2022\/09\/La-ferme-des-animaux-scaled.jpg?resize=150%2C150 150w, https:\/\/i0.wp.com\/www.jojoenherbe.com\/wp-content\/uploads\/2022\/09\/La-ferme-des-animaux-scaled.jpg?zoom=2&amp;resize=150%2C150 300w, https:\/\/i0.wp.com\/www.jojoenherbe.com\/wp-content\/uploads\/2022\/09\/La-ferme-des-animaux-scaled.jpg?zoom=3&amp;resize=150%2C150 450w\" sizes=\"auto, (max-width: 150px) 100vw, 150px\" \/><\/a><em>J&rsquo;ai lu <span style=\"text-decoration: underline;\">La ferme des animaux<\/span> illustr\u00e9 par Quentin Gr\u00e9ban (\u00e9d. Mijade, coll. Albums, 2021, 153 pages) et reprenant le texte int\u00e9gral de George Orwell. Les animaux de la Ferme du Manoir se r\u00e9voltent et prennent le pouvoir, for\u00e7ant le fermier et sa femme \u00e0 fuir leurs terres. Les humains n&rsquo;ont plus leur place dans la ferme rebaptis\u00e9e \u00ab\u00a0Ferme des Animaux\u00a0\u00bb et d\u00e9sormais dirig\u00e9e par les cochons, en particulier Boule de Neige et Napol\u00e9on. Mais bien vite, l&rsquo;euphorie de la r\u00e9volution laisse place \u00e0 une peur savamment entretenue par les cochons, les autres animaux de la ferme redevenant une masse exploit\u00e9e. Marqu\u00e9 par son engagement dans la guerre civile espagnole (et le r\u00f4le de l&rsquo;URSS), George Orwell a \u00e9crit une fable animali\u00e8re politique bien pessimiste, les deux cochons Boule de Neige et Napol\u00e9on renvoyant \u00e0 Trotski et Staline, l&rsquo;auteur \u00e9tant partisan du socialisme mais hostile au stalinisme.\u00a0 Les illustrations \u00e0 l&rsquo;aquarelle de Quentin Gr\u00e9ban sont magnifiques et mettent en images les points cl\u00e9s du roman. Un classique de la litt\u00e9rature anglaise \u00e0 (re)lire et \u00e0 faire d\u00e9couvrir aux plus jeunes lecteurs! Il est d&rsquo;ailleurs recommand\u00e9 pour les lyc\u00e9ens.<\/em><\/p>\n<p><strong><span style=\"text-decoration: underline;\">Ma lecture en cours<\/span>:<\/strong><\/p>\n<p style=\"text-align: justify;\"><em>(Roman policier) <strong><span style=\"text-decoration: underline;\">Cinq petits cochons<\/span><\/strong> d&rsquo;Agatha Christie<\/em><\/p>\n<p style=\"text-align: justify;\"><em><a href=\"https:\/\/i0.wp.com\/www.jojoenherbe.com\/wp-content\/uploads\/2022\/09\/Cinq-petits-cochons-scaled.jpg\"><img data-recalc-dims=\"1\" loading=\"lazy\" decoding=\"async\" data-attachment-id=\"27724\" data-permalink=\"http:\/\/www.jojoenherbe.com\/index.php\/2022\/09\/19\/point-lecture-hebdomadaire-59\/cinq-petits-cochons\/\" data-orig-file=\"https:\/\/i0.wp.com\/www.jojoenherbe.com\/wp-content\/uploads\/2022\/09\/Cinq-petits-cochons-scaled.jpg?fit=2560%2C2034\" data-orig-size=\"2560,2034\" data-comments-opened=\"1\" data-image-meta=\"{&quot;aperture&quot;:&quot;1.8&quot;,&quot;credit&quot;:&quot;&quot;,&quot;camera&quot;:&quot;iPhone 7&quot;,&quot;caption&quot;:&quot;&quot;,&quot;created_timestamp&quot;:&quot;1663583994&quot;,&quot;copyright&quot;:&quot;&quot;,&quot;focal_length&quot;:&quot;3.99&quot;,&quot;iso&quot;:&quot;100&quot;,&quot;shutter_speed&quot;:&quot;0.1&quot;,&quot;title&quot;:&quot;&quot;,&quot;orientation&quot;:&quot;1&quot;}\" data-image-title=\"Cinq petits cochons\" data-image-description=\"\" data-image-caption=\"\" data-large-file=\"https:\/\/i0.wp.com\/www.jojoenherbe.com\/wp-content\/uploads\/2022\/09\/Cinq-petits-cochons-scaled.jpg?fit=676%2C537\" class=\"alignleft size-thumbnail wp-image-27724\" src=\"https:\/\/i0.wp.com\/www.jojoenherbe.com\/wp-content\/uploads\/2022\/09\/Cinq-petits-cochons.jpg?resize=150%2C150\" alt=\"\" width=\"150\" height=\"150\" srcset=\"https:\/\/i0.wp.com\/www.jojoenherbe.com\/wp-content\/uploads\/2022\/09\/Cinq-petits-cochons-scaled.jpg?resize=150%2C150 150w, https:\/\/i0.wp.com\/www.jojoenherbe.com\/wp-content\/uploads\/2022\/09\/Cinq-petits-cochons-scaled.jpg?zoom=2&amp;resize=150%2C150 300w, https:\/\/i0.wp.com\/www.jojoenherbe.com\/wp-content\/uploads\/2022\/09\/Cinq-petits-cochons-scaled.jpg?zoom=3&amp;resize=150%2C150 450w\" sizes=\"auto, (max-width: 150px) 100vw, 150px\" \/><\/a>J&rsquo;ai lu jusqu&rsquo;\u00e0 208 la page <span style=\"text-decoration: underline;\">Cinq petits cochons<\/span> d&rsquo;Agatha Christie (\u00e9d. du Masque, n\u00b07, r\u00e9\u00e9d. 2015, 284 pages), un roman policier paru pour la premi\u00e8re fois en 1942 aux \u00c9tats-Unis, Hercule Poirot \u00e9tant engag\u00e9e par la fille de Caroline Crale, depuis lors d\u00e9c\u00e9d\u00e9e et qui avait \u00e9t\u00e9 condamn\u00e9e pour le meurtre par empoisonnement de son \u00e9poux, Amyas Crale 16 ans plus t\u00f4t. Caroline Crale \u00e9tait-elle innocente comme le pense sa fille? Hercule Poirot pourra-t-il faire \u00e9clater la v\u00e9rit\u00e9 en se rapprochant des t\u00e9moins et intervenants de l&rsquo;affaire encore en vie?<br \/>\n<\/em><\/p>\n","protected":false},"excerpt":{"rendered":"<p>En ce d\u00e9but de semaine, voici notre point lecture hebdomadaire avec un retour sur nos lectures de la semaine derni\u00e8re (mais pas nos relectures) ainsi que ma lecture en cours. Nos lectures du 12 au 18 septembre 2022: Des lectures jeunesse: (Roman jeunesse) Oscar et Carrosse, La f\u00eate foraine de Ludovic Lecomte et Ir\u00e8ne Bonacina [&hellip;]<\/p>\n","protected":false},"author":1,"featured_media":27725,"comment_status":"open","ping_status":"open","sticky":false,"template":"","format":"standard","meta":{"jetpack_post_was_ever_published":false,"_jetpack_newsletter_access":"","_jetpack_dont_email_post_to_subs":false,"_jetpack_newsletter_tier_id":0,"_jetpack_memberships_contains_paywalled_content":false,"_jetpack_memberships_contains_paid_content":false,"footnotes":""},"categories":[2140,363],"tags":[2313,712,3229,3385,2807,1085,367,1797,3384,2767,2128,1329,2825,905,789],"class_list":["post-27668","post","type-post","status-publish","format-standard","has-post-thumbnail","hentry","category-mini-blogueur","category-mini-lecteur","tag-agatha-christie","tag-fables","tag-george-orwell","tag-irene-bonacina","tag-katerina-gorelik","tag-lecture-adulte","tag-lecture-jeunesse","tag-lectures-dhalloween","tag-ludovic-lecomte","tag-point-lecture-hebdo","tag-quentin-greban","tag-roman-policier","tag-romans-ado","tag-romans-adulte","tag-romans-jeunesse","post-preview"],"jetpack_featured_media_url":"https:\/\/i0.wp.com\/www.jojoenherbe.com\/wp-content\/uploads\/2022\/09\/Point-lecture-hebdo-59-scaled.jpg?fit=2560%2C1489","jetpack_sharing_enabled":true,"jetpack_shortlink":"https:\/\/wp.me\/p9zhGx-7cg","jetpack_likes_enabled":true,"jetpack-related-posts":[{"id":27314,"url":"http:\/\/www.jojoenherbe.com\/index.php\/2022\/09\/05\/point-lecture-hebdomadaire-57\/","url_meta":{"origin":27668,"position":0},"title":"Point lecture hebdomadaire #57","author":"Jojo","date":"5 septembre 2022","format":false,"excerpt":"En ce d\u00e9but de semaine, voici notre point lecture hebdomadaire avec un retour sur nos lectures de la semaine derni\u00e8re (mais pas nos relectures). Nous avons d\u00e9j\u00e0 commenc\u00e9 nos lectures halloweenesques m\u00eame si c'est encore l'\u00e9t\u00e9. Nos lectures du 29 ao\u00fbt au 4 septembre 2022: Des lectures jeunesse: (Album jeunesse)\u2026","rel":"","context":"Dans &quot;Mini blogueur&quot;","block_context":{"text":"Mini blogueur","link":"http:\/\/www.jojoenherbe.com\/index.php\/category\/mini-blogueur\/"},"img":{"alt_text":"","src":"https:\/\/i0.wp.com\/www.jojoenherbe.com\/wp-content\/uploads\/2022\/09\/Point-lecture-hebdo-57-scaled.jpg?fit=1200%2C628&resize=350%2C200","width":350,"height":200,"srcset":"https:\/\/i0.wp.com\/www.jojoenherbe.com\/wp-content\/uploads\/2022\/09\/Point-lecture-hebdo-57-scaled.jpg?fit=1200%2C628&resize=350%2C200 1x, https:\/\/i0.wp.com\/www.jojoenherbe.com\/wp-content\/uploads\/2022\/09\/Point-lecture-hebdo-57-scaled.jpg?fit=1200%2C628&resize=525%2C300 1.5x, https:\/\/i0.wp.com\/www.jojoenherbe.com\/wp-content\/uploads\/2022\/09\/Point-lecture-hebdo-57-scaled.jpg?fit=1200%2C628&resize=700%2C400 2x, https:\/\/i0.wp.com\/www.jojoenherbe.com\/wp-content\/uploads\/2022\/09\/Point-lecture-hebdo-57-scaled.jpg?fit=1200%2C628&resize=1050%2C600 3x"},"classes":[]},{"id":41013,"url":"http:\/\/www.jojoenherbe.com\/index.php\/2025\/10\/23\/throwback-thursday-livresque-squelette-sur-la-couverture\/","url_meta":{"origin":27668,"position":1},"title":"Throwback Thursday Livresque: Squelette sur la couverture","author":"Jojo","date":"23 octobre 2025","format":false,"excerpt":"Ce jeudi 23 octobre 2025, je participe au Throwback Thursday Livresque, un rendez-vous livresque initialement chez Bettie Rose Books et repris depuis par Carole, les liens \u00e9tant \u00e0 d\u00e9poser chez My-Bo0ks. Le principe est de partager chaque jeudi un livre en fonction d\u2019un th\u00e8me donn\u00e9. Cette semaine, le th\u00e8me est\u2026","rel":"","context":"Dans &quot;Mini blogueur&quot;","block_context":{"text":"Mini blogueur","link":"http:\/\/www.jojoenherbe.com\/index.php\/category\/mini-blogueur\/"},"img":{"alt_text":"","src":"https:\/\/i0.wp.com\/www.jojoenherbe.com\/wp-content\/uploads\/2023\/10\/TTL-logo.jpg?resize=350%2C200","width":350,"height":200},"classes":[]},{"id":37057,"url":"http:\/\/www.jojoenherbe.com\/index.php\/2024\/09\/30\/point-lecture-hebdomadaire-2024-39\/","url_meta":{"origin":27668,"position":2},"title":"Point lecture hebdomadaire 2024 #39","author":"Jojo","date":"30 septembre 2024","format":false,"excerpt":"En ce d\u00e9but de semaine, voici mon point lecture hebdomadaire avec un retour sur nos lectures (mais pas nos relectures) de la semaine derni\u00e8re. Nos lectures du 23 au 29 septembre 2024: Des lectures jeunesse: Nous avons continu\u00e9 chaque soir et presque fini de lire Le jardin secret de Frances\u2026","rel":"","context":"Dans &quot;Mini blogueur&quot;","block_context":{"text":"Mini blogueur","link":"http:\/\/www.jojoenherbe.com\/index.php\/category\/mini-blogueur\/"},"img":{"alt_text":"","src":"https:\/\/i0.wp.com\/www.jojoenherbe.com\/wp-content\/uploads\/2020\/04\/Le-jardin-secret-150x150.jpg?resize=350%2C200","width":350,"height":200},"classes":[]},{"id":28057,"url":"http:\/\/www.jojoenherbe.com\/index.php\/2022\/10\/08\/au-fil-des-pages-avec-le-tome-1-doscar-et-carrosse\/","url_meta":{"origin":27668,"position":3},"title":"Au fil des pages avec le tome 1 d&rsquo;Oscar et Carrosse","author":"Jojo","date":"8 octobre 2022","format":false,"excerpt":"Rep\u00e9r\u00e9 l\u2019ann\u00e9e derni\u00e8re chez Syl pendant Halloween, j\u2019ai emprunt\u00e9 \u00e0 la m\u00e9diath\u00e8que le tome 1 d\u2019Oscar et Carrosse, La soupe de p\u00e2tes de Ludovic Lecomte et Ir\u00e8ne Bonacina (\u00e9d. L\u2019\u00e9cole des loisirs, coll. Moucheron, 2020, 47 pages), un roman jeunesse \u00e0 partir de 6 ans. Comme tous les matins, lorsqu\u2019il\u2026","rel":"","context":"Dans &quot;Mini lecteur&quot;","block_context":{"text":"Mini lecteur","link":"http:\/\/www.jojoenherbe.com\/index.php\/category\/mini-lecteur\/"},"img":{"alt_text":"","src":"https:\/\/i0.wp.com\/www.jojoenherbe.com\/wp-content\/uploads\/2022\/10\/Oscar-et-Carrosse-T1-7-scaled.jpg?fit=1200%2C900&resize=350%2C200","width":350,"height":200,"srcset":"https:\/\/i0.wp.com\/www.jojoenherbe.com\/wp-content\/uploads\/2022\/10\/Oscar-et-Carrosse-T1-7-scaled.jpg?fit=1200%2C900&resize=350%2C200 1x, https:\/\/i0.wp.com\/www.jojoenherbe.com\/wp-content\/uploads\/2022\/10\/Oscar-et-Carrosse-T1-7-scaled.jpg?fit=1200%2C900&resize=525%2C300 1.5x, https:\/\/i0.wp.com\/www.jojoenherbe.com\/wp-content\/uploads\/2022\/10\/Oscar-et-Carrosse-T1-7-scaled.jpg?fit=1200%2C900&resize=700%2C400 2x, https:\/\/i0.wp.com\/www.jojoenherbe.com\/wp-content\/uploads\/2022\/10\/Oscar-et-Carrosse-T1-7-scaled.jpg?fit=1200%2C900&resize=1050%2C600 3x"},"classes":[]},{"id":31734,"url":"http:\/\/www.jojoenherbe.com\/index.php\/2023\/09\/04\/point-lecture-hebdomadaire-2023-35\/","url_meta":{"origin":27668,"position":4},"title":"Point lecture hebdomadaire 2023 #35","author":"Jojo","date":"4 septembre 2023","format":false,"excerpt":"En ce d\u00e9but de semaine, voici notre point lecture hebdomadaire avec un retour sur nos lectures de la semaine derni\u00e8re (mais pas nos relectures). Nos lectures du 28 ao\u00fbt au 3 septembre 2023: Des lectures jeunesse: Mon mini sorcier a cette fois voulu, presque tous les soirs avant de dormir,\u2026","rel":"","context":"Dans &quot;Mini blogueur&quot;","block_context":{"text":"Mini blogueur","link":"http:\/\/www.jojoenherbe.com\/index.php\/category\/mini-blogueur\/"},"img":{"alt_text":"","src":"https:\/\/i0.wp.com\/www.jojoenherbe.com\/wp-content\/uploads\/2023\/09\/Point-lecture-hebdomadaire-2023-35-scaled.jpg?fit=1199%2C1200&resize=350%2C200","width":350,"height":200,"srcset":"https:\/\/i0.wp.com\/www.jojoenherbe.com\/wp-content\/uploads\/2023\/09\/Point-lecture-hebdomadaire-2023-35-scaled.jpg?fit=1199%2C1200&resize=350%2C200 1x, https:\/\/i0.wp.com\/www.jojoenherbe.com\/wp-content\/uploads\/2023\/09\/Point-lecture-hebdomadaire-2023-35-scaled.jpg?fit=1199%2C1200&resize=525%2C300 1.5x, https:\/\/i0.wp.com\/www.jojoenherbe.com\/wp-content\/uploads\/2023\/09\/Point-lecture-hebdomadaire-2023-35-scaled.jpg?fit=1199%2C1200&resize=700%2C400 2x, https:\/\/i0.wp.com\/www.jojoenherbe.com\/wp-content\/uploads\/2023\/09\/Point-lecture-hebdomadaire-2023-35-scaled.jpg?fit=1199%2C1200&resize=1050%2C600 3x"},"classes":[]},{"id":27740,"url":"http:\/\/www.jojoenherbe.com\/index.php\/2022\/09\/26\/point-lecture-hebdomadaire-60\/","url_meta":{"origin":27668,"position":5},"title":"Point lecture hebdomadaire #60","author":"Jojo","date":"26 septembre 2022","format":false,"excerpt":"En ce d\u00e9but de semaine, voici notre point lecture hebdomadaire avec un retour sur nos lectures de la semaine derni\u00e8re (mais pas nos relectures) et notre lecture en cours, avec une pr\u00e9dominante pour les lectures automnales et halloweenesques, l'automne \u00e9tant arriv\u00e9 et le challenge Halloween de Hilde et Lou ayant\u2026","rel":"","context":"Dans &quot;Mini blogueur&quot;","block_context":{"text":"Mini blogueur","link":"http:\/\/www.jojoenherbe.com\/index.php\/category\/mini-blogueur\/"},"img":{"alt_text":"","src":"https:\/\/i0.wp.com\/www.jojoenherbe.com\/wp-content\/uploads\/2022\/09\/Point-lecture-hebdo-60-scaled.jpg?fit=1200%2C771&resize=350%2C200","width":350,"height":200,"srcset":"https:\/\/i0.wp.com\/www.jojoenherbe.com\/wp-content\/uploads\/2022\/09\/Point-lecture-hebdo-60-scaled.jpg?fit=1200%2C771&resize=350%2C200 1x, https:\/\/i0.wp.com\/www.jojoenherbe.com\/wp-content\/uploads\/2022\/09\/Point-lecture-hebdo-60-scaled.jpg?fit=1200%2C771&resize=525%2C300 1.5x, https:\/\/i0.wp.com\/www.jojoenherbe.com\/wp-content\/uploads\/2022\/09\/Point-lecture-hebdo-60-scaled.jpg?fit=1200%2C771&resize=700%2C400 2x, https:\/\/i0.wp.com\/www.jojoenherbe.com\/wp-content\/uploads\/2022\/09\/Point-lecture-hebdo-60-scaled.jpg?fit=1200%2C771&resize=1050%2C600 3x"},"classes":[]}],"_links":{"self":[{"href":"http:\/\/www.jojoenherbe.com\/index.php\/wp-json\/wp\/v2\/posts\/27668","targetHints":{"allow":["GET"]}}],"collection":[{"href":"http:\/\/www.jojoenherbe.com\/index.php\/wp-json\/wp\/v2\/posts"}],"about":[{"href":"http:\/\/www.jojoenherbe.com\/index.php\/wp-json\/wp\/v2\/types\/post"}],"author":[{"embeddable":true,"href":"http:\/\/www.jojoenherbe.com\/index.php\/wp-json\/wp\/v2\/users\/1"}],"replies":[{"embeddable":true,"href":"http:\/\/www.jojoenherbe.com\/index.php\/wp-json\/wp\/v2\/comments?post=27668"}],"version-history":[{"count":17,"href":"http:\/\/www.jojoenherbe.com\/index.php\/wp-json\/wp\/v2\/posts\/27668\/revisions"}],"predecessor-version":[{"id":27755,"href":"http:\/\/www.jojoenherbe.com\/index.php\/wp-json\/wp\/v2\/posts\/27668\/revisions\/27755"}],"wp:featuredmedia":[{"embeddable":true,"href":"http:\/\/www.jojoenherbe.com\/index.php\/wp-json\/wp\/v2\/media\/27725"}],"wp:attachment":[{"href":"http:\/\/www.jojoenherbe.com\/index.php\/wp-json\/wp\/v2\/media?parent=27668"}],"wp:term":[{"taxonomy":"category","embeddable":true,"href":"http:\/\/www.jojoenherbe.com\/index.php\/wp-json\/wp\/v2\/categories?post=27668"},{"taxonomy":"post_tag","embeddable":true,"href":"http:\/\/www.jojoenherbe.com\/index.php\/wp-json\/wp\/v2\/tags?post=27668"}],"curies":[{"name":"wp","href":"https:\/\/api.w.org\/{rel}","templated":true}]}}