{"id":27542,"date":"2022-09-13T06:00:00","date_gmt":"2022-09-13T04:00:00","guid":{"rendered":"https:\/\/www.jojoenherbe.com\/?p=27542"},"modified":"2022-09-13T09:13:40","modified_gmt":"2022-09-13T07:13:40","slug":"au-fil-des-pages-avec-lubie","status":"publish","type":"post","link":"http:\/\/www.jojoenherbe.com\/index.php\/2022\/09\/13\/au-fil-des-pages-avec-lubie\/","title":{"rendered":"Au fil des pages avec Lubie"},"content":{"rendered":"<p style=\"text-align: justify;\"><em><a href=\"https:\/\/i0.wp.com\/www.jojoenherbe.com\/wp-content\/uploads\/2022\/09\/Lubie-3-scaled.jpg\"><img data-recalc-dims=\"1\" loading=\"lazy\" decoding=\"async\" data-attachment-id=\"27548\" data-permalink=\"http:\/\/www.jojoenherbe.com\/index.php\/2022\/09\/13\/au-fil-des-pages-avec-lubie\/lubie-3\/\" data-orig-file=\"https:\/\/i0.wp.com\/www.jojoenherbe.com\/wp-content\/uploads\/2022\/09\/Lubie-3-scaled.jpg?fit=2560%2C1893\" data-orig-size=\"2560,1893\" data-comments-opened=\"1\" data-image-meta=\"{&quot;aperture&quot;:&quot;1.8&quot;,&quot;credit&quot;:&quot;&quot;,&quot;camera&quot;:&quot;iPhone 7&quot;,&quot;caption&quot;:&quot;&quot;,&quot;created_timestamp&quot;:&quot;1662993182&quot;,&quot;copyright&quot;:&quot;&quot;,&quot;focal_length&quot;:&quot;3.99&quot;,&quot;iso&quot;:&quot;64&quot;,&quot;shutter_speed&quot;:&quot;0.058823529411765&quot;,&quot;title&quot;:&quot;&quot;,&quot;orientation&quot;:&quot;1&quot;}\" data-image-title=\"Lubie 3\" data-image-description=\"\" data-image-caption=\"\" data-large-file=\"https:\/\/i0.wp.com\/www.jojoenherbe.com\/wp-content\/uploads\/2022\/09\/Lubie-3-scaled.jpg?fit=676%2C500\" class=\"alignleft size-thumbnail wp-image-27548\" src=\"https:\/\/i0.wp.com\/www.jojoenherbe.com\/wp-content\/uploads\/2022\/09\/Lubie-3.jpg?resize=150%2C150\" alt=\"\" width=\"150\" height=\"150\" srcset=\"https:\/\/i0.wp.com\/www.jojoenherbe.com\/wp-content\/uploads\/2022\/09\/Lubie-3-scaled.jpg?resize=150%2C150 150w, https:\/\/i0.wp.com\/www.jojoenherbe.com\/wp-content\/uploads\/2022\/09\/Lubie-3-scaled.jpg?zoom=2&amp;resize=150%2C150 300w, https:\/\/i0.wp.com\/www.jojoenherbe.com\/wp-content\/uploads\/2022\/09\/Lubie-3-scaled.jpg?zoom=3&amp;resize=150%2C150 450w\" sizes=\"auto, (max-width: 150px) 100vw, 150px\" \/><\/a>Attir\u00e9e par la magnifique illustration de couverture, j&rsquo;ai emprunt\u00e9 \u00e0 la m\u00e9diath\u00e8que <span style=\"text-decoration: underline;\">Lubie<\/span> de Fr\u00e9d\u00e9ric Cl\u00e9ment (\u00e9d. Albin Michel Jeunesse, 2012), un album jeunesse \u00e0 partir de 8 ans et sous-titr\u00e9 <span style=\"text-decoration: underline;\">Le peintre des fleurs et son grain de folie<\/span>. <\/em><em>L&rsquo;auteur-illustrateur s&rsquo;inspire de la vie du peintre flamand, Jan Brueghel (1568\/1625). <\/em><\/p>\n<p style=\"text-align: justify;\"><em>\u00a0<a href=\"https:\/\/i0.wp.com\/www.jojoenherbe.com\/wp-content\/uploads\/2022\/09\/Lubie-4-scaled.jpg\"><img data-recalc-dims=\"1\" loading=\"lazy\" decoding=\"async\" data-attachment-id=\"27549\" data-permalink=\"http:\/\/www.jojoenherbe.com\/index.php\/2022\/09\/13\/au-fil-des-pages-avec-lubie\/lubie-4\/\" data-orig-file=\"https:\/\/i0.wp.com\/www.jojoenherbe.com\/wp-content\/uploads\/2022\/09\/Lubie-4-scaled.jpg?fit=2087%2C2560\" data-orig-size=\"2087,2560\" data-comments-opened=\"1\" data-image-meta=\"{&quot;aperture&quot;:&quot;1.8&quot;,&quot;credit&quot;:&quot;&quot;,&quot;camera&quot;:&quot;iPhone 7&quot;,&quot;caption&quot;:&quot;&quot;,&quot;created_timestamp&quot;:&quot;1662993248&quot;,&quot;copyright&quot;:&quot;&quot;,&quot;focal_length&quot;:&quot;3.99&quot;,&quot;iso&quot;:&quot;100&quot;,&quot;shutter_speed&quot;:&quot;0.058823529411765&quot;,&quot;title&quot;:&quot;&quot;,&quot;orientation&quot;:&quot;1&quot;}\" data-image-title=\"Lubie 4\" data-image-description=\"\" data-image-caption=\"\" data-large-file=\"https:\/\/i0.wp.com\/www.jojoenherbe.com\/wp-content\/uploads\/2022\/09\/Lubie-4-scaled.jpg?fit=676%2C829\" class=\"size-thumbnail wp-image-27549 alignright\" src=\"https:\/\/i0.wp.com\/www.jojoenherbe.com\/wp-content\/uploads\/2022\/09\/Lubie-4.jpg?resize=150%2C150\" alt=\"\" width=\"150\" height=\"150\" srcset=\"https:\/\/i0.wp.com\/www.jojoenherbe.com\/wp-content\/uploads\/2022\/09\/Lubie-4-scaled.jpg?resize=150%2C150 150w, https:\/\/i0.wp.com\/www.jojoenherbe.com\/wp-content\/uploads\/2022\/09\/Lubie-4-scaled.jpg?zoom=2&amp;resize=150%2C150 300w, https:\/\/i0.wp.com\/www.jojoenherbe.com\/wp-content\/uploads\/2022\/09\/Lubie-4-scaled.jpg?zoom=3&amp;resize=150%2C150 450w\" sizes=\"auto, (max-width: 150px) 100vw, 150px\" \/><\/a>Orphelin depuis ses 10 ans et \u00e9lev\u00e9 par sa grand-m\u00e8re qui l&rsquo;initie \u00e0 l&rsquo;aquarelle, le jeune peintre arrive enfin, en ce d\u00e9but du XVIIe si\u00e8cle, \u00e0 vivre de son art, son talent d\u00e9sormais reconnu comme ce fut le cas auparavant pour son p\u00e8re, l&rsquo;illustre peintre Pieter Brueghel. Il se rem\u00e9more alors les ann\u00e9es pass\u00e9es au cours desquelles il n&rsquo;arrivait pas \u00e0 vendre ses peintures et \u00e0 trouver les bons pigments de couleur \u00e0 utiliser pour ses natures mortes, en particulier le rouge. <\/em><\/p>\n<p style=\"text-align: justify;\"><a href=\"https:\/\/i0.wp.com\/www.jojoenherbe.com\/wp-content\/uploads\/2022\/09\/Lubie-6-scaled.jpg\"><img data-recalc-dims=\"1\" loading=\"lazy\" decoding=\"async\" data-attachment-id=\"27551\" data-permalink=\"http:\/\/www.jojoenherbe.com\/index.php\/2022\/09\/13\/au-fil-des-pages-avec-lubie\/lubie-6\/\" data-orig-file=\"https:\/\/i0.wp.com\/www.jojoenherbe.com\/wp-content\/uploads\/2022\/09\/Lubie-6-scaled.jpg?fit=1920%2C2560\" data-orig-size=\"1920,2560\" data-comments-opened=\"1\" data-image-meta=\"{&quot;aperture&quot;:&quot;1.8&quot;,&quot;credit&quot;:&quot;&quot;,&quot;camera&quot;:&quot;iPhone 7&quot;,&quot;caption&quot;:&quot;&quot;,&quot;created_timestamp&quot;:&quot;1662993230&quot;,&quot;copyright&quot;:&quot;&quot;,&quot;focal_length&quot;:&quot;3.99&quot;,&quot;iso&quot;:&quot;100&quot;,&quot;shutter_speed&quot;:&quot;0.071428571428571&quot;,&quot;title&quot;:&quot;&quot;,&quot;orientation&quot;:&quot;1&quot;}\" data-image-title=\"Lubie 6\" data-image-description=\"\" data-image-caption=\"\" data-large-file=\"https:\/\/i0.wp.com\/www.jojoenherbe.com\/wp-content\/uploads\/2022\/09\/Lubie-6-scaled.jpg?fit=676%2C901\" class=\"alignleft size-thumbnail wp-image-27551\" src=\"https:\/\/i0.wp.com\/www.jojoenherbe.com\/wp-content\/uploads\/2022\/09\/Lubie-6.jpg?resize=150%2C150\" alt=\"\" width=\"150\" height=\"150\" srcset=\"https:\/\/i0.wp.com\/www.jojoenherbe.com\/wp-content\/uploads\/2022\/09\/Lubie-6-scaled.jpg?resize=150%2C150 150w, https:\/\/i0.wp.com\/www.jojoenherbe.com\/wp-content\/uploads\/2022\/09\/Lubie-6-scaled.jpg?zoom=2&amp;resize=150%2C150 300w, https:\/\/i0.wp.com\/www.jojoenherbe.com\/wp-content\/uploads\/2022\/09\/Lubie-6-scaled.jpg?zoom=3&amp;resize=150%2C150 450w\" sizes=\"auto, (max-width: 150px) 100vw, 150px\" \/><\/a><em>En effet, chaque ann\u00e9e, \u00e0 son anniversaire et aux premiers coquelicots de l&rsquo;\u00e9t\u00e9, Lubie, une petite d\u00e9mone revient le hanter et le pousse \u00e0 utiliser le pot de peinture rouge \u00ab\u00a0sang-dragon\u00a0\u00bb offert par son d\u00e9funt p\u00e8re. Mais \u00e0 chaque fois, Jan utilise un autre rouge, bien trop fade, achet\u00e9 aupr\u00e8s de la petite marchande de couleurs du tableau de son p\u00e8re, <span style=\"text-decoration: underline;\">Jeux d&rsquo;enfants<\/span> (1560). Et si seul le rouge \u00ab\u00a0sang-dragon\u00a0\u00bb permettait de faire exploser le talent du peintre &#8211; son petit grain de folie?<\/em><\/p>\n<p style=\"text-align: justify;\"><em>\u00a0<a href=\"https:\/\/i0.wp.com\/www.jojoenherbe.com\/wp-content\/uploads\/2022\/09\/Lubie-5-scaled.jpg\"><img data-recalc-dims=\"1\" loading=\"lazy\" decoding=\"async\" data-attachment-id=\"27550\" data-permalink=\"http:\/\/www.jojoenherbe.com\/index.php\/2022\/09\/13\/au-fil-des-pages-avec-lubie\/lubie-5\/\" data-orig-file=\"https:\/\/i0.wp.com\/www.jojoenherbe.com\/wp-content\/uploads\/2022\/09\/Lubie-5-scaled.jpg?fit=2143%2C2560\" data-orig-size=\"2143,2560\" data-comments-opened=\"1\" data-image-meta=\"{&quot;aperture&quot;:&quot;1.8&quot;,&quot;credit&quot;:&quot;&quot;,&quot;camera&quot;:&quot;iPhone 7&quot;,&quot;caption&quot;:&quot;&quot;,&quot;created_timestamp&quot;:&quot;1662993281&quot;,&quot;copyright&quot;:&quot;&quot;,&quot;focal_length&quot;:&quot;3.99&quot;,&quot;iso&quot;:&quot;100&quot;,&quot;shutter_speed&quot;:&quot;0.058823529411765&quot;,&quot;title&quot;:&quot;&quot;,&quot;orientation&quot;:&quot;1&quot;}\" data-image-title=\"Lubie 5\" data-image-description=\"\" data-image-caption=\"\" data-large-file=\"https:\/\/i0.wp.com\/www.jojoenherbe.com\/wp-content\/uploads\/2022\/09\/Lubie-5-scaled.jpg?fit=676%2C808\" class=\"size-thumbnail wp-image-27550 alignright\" src=\"https:\/\/i0.wp.com\/www.jojoenherbe.com\/wp-content\/uploads\/2022\/09\/Lubie-5.jpg?resize=150%2C150\" alt=\"\" width=\"150\" height=\"150\" srcset=\"https:\/\/i0.wp.com\/www.jojoenherbe.com\/wp-content\/uploads\/2022\/09\/Lubie-5-scaled.jpg?resize=150%2C150 150w, https:\/\/i0.wp.com\/www.jojoenherbe.com\/wp-content\/uploads\/2022\/09\/Lubie-5-scaled.jpg?zoom=2&amp;resize=150%2C150 300w, https:\/\/i0.wp.com\/www.jojoenherbe.com\/wp-content\/uploads\/2022\/09\/Lubie-5-scaled.jpg?zoom=3&amp;resize=150%2C150 450w\" sizes=\"auto, (max-width: 150px) 100vw, 150px\" \/><\/a>Il y est question de cr\u00e9ation artistique, de t\u00e2tonnement et de pers\u00e9v\u00e9rance du peintre dans son processus cr\u00e9atif, en particulier du choix de la couleur utilis\u00e9e et de la difficult\u00e9 de Jan Brueghel de trouver sa propre coh\u00e9rence artistique et de se d\u00e9marquer de son h\u00e9ritage paternel. Lubie, la petite d\u00e9mone, personnifie \u00e0 merveille ce souffle cr\u00e9atif en murmurant \u00e0 l&rsquo;oreille du peintre et en le poussant dans ses derniers retranchements pour produire une \u0153uvre d&rsquo;art.<br \/>\n<\/em><\/p>\n<p style=\"text-align: justify;\"><em>J&rsquo;ai bien appr\u00e9ci\u00e9 les illustrations &#8211; m\u00e9lange de photographies de Vincent Tessier, de peintures \u00e0 l&rsquo;huile et de mises en sc\u00e8ne avec des petits objets comme des fleurs ou fruits s\u00e9ch\u00e9s, insectes morts ou bien encore pigments de couleur&#8230; Fr\u00e9d\u00e9ric Cl\u00e9ment a reproduit avec po\u00e9sie et minutie <\/em><em>la peinture baroque flamande, en particulier les natures mortes de fleurs du XVIIe si\u00e8cle. Il se d\u00e9gage des illustrations \u00e0 la fois une aust\u00e9rit\u00e9 et une po\u00e9sie fantasque dans un jeu d&rsquo;ombres et de lumi\u00e8res captivant. Un tr\u00e8s bon moment de lecture!<\/em><\/p>\n<div style=\"width: 110px\" class=\"wp-caption aligncenter\"><img loading=\"lazy\" decoding=\"async\" src=\"https:\/\/i2.wp.com\/mapetitemediatheque.fr\/wp-content\/uploads\/2021\/11\/Inkedle-tour-du-monde-en-80-livres-2_LI.jpg?resize=168%2C127&amp;ssl=1\" alt=\"\" width=\"100\" height=\"75\" \/><p class=\"wp-caption-text\">Participation #82 Challenge Le tour du monde en 80 livres de <a href=\"https:\/\/mapetitemediatheque.fr\/2021\/12\/le-tour-du-monde-en-80-livres-le-challenge-qui-vous-fait-aimer-la-litterature-etrangere\/\">Bidib<\/a> #France<\/p><\/div>\n","protected":false},"excerpt":{"rendered":"<p>Attir\u00e9e par la magnifique illustration de couverture, j&rsquo;ai emprunt\u00e9 \u00e0 la m\u00e9diath\u00e8que Lubie de Fr\u00e9d\u00e9ric Cl\u00e9ment (\u00e9d. Albin Michel Jeunesse, 2012), un album jeunesse \u00e0 partir de 8 ans et sous-titr\u00e9 Le peintre des fleurs et son grain de folie. L&rsquo;auteur-illustrateur s&rsquo;inspire de la vie du peintre flamand, Jan Brueghel (1568\/1625). \u00a0Orphelin depuis ses 10 [&hellip;]<\/p>\n","protected":false},"author":1,"featured_media":27547,"comment_status":"open","ping_status":"open","sticky":false,"template":"","format":"standard","meta":{"jetpack_post_was_ever_published":false,"_jetpack_newsletter_access":"","_jetpack_dont_email_post_to_subs":false,"_jetpack_newsletter_tier_id":0,"_jetpack_memberships_contains_paywalled_content":false,"_jetpack_memberships_contains_paid_content":false,"footnotes":""},"categories":[363],"tags":[1167,409,3404,1496,1500,3408,2438,3400,3401,2918,3405,3409,2401,3406,640,75,3403,3402,395,3407],"class_list":["post-27542","post","type-post","status-publish","format-standard","has-post-thumbnail","hentry","category-mini-lecteur","tag-8-11-ans","tag-albums-jeunesse","tag-angers","tag-art","tag-artiste","tag-couleur","tag-demon","tag-frederic-clement","tag-jan-brueghel-lancien","tag-le-tour-du-monde-en-80-livres-2022","tag-les-flandres","tag-nature-morte","tag-oeuvre-dart","tag-pays-bas","tag-peintre","tag-peinture","tag-peinture-flamande","tag-pieter-brueghel-lancien","tag-rouge","tag-xviie-siecle","post-preview"],"jetpack_featured_media_url":"https:\/\/i0.wp.com\/www.jojoenherbe.com\/wp-content\/uploads\/2022\/09\/Lubie-2-scaled.jpg?fit=2560%2C1721","jetpack_sharing_enabled":true,"jetpack_shortlink":"https:\/\/wp.me\/p9zhGx-7ae","jetpack_likes_enabled":true,"jetpack-related-posts":[{"id":27525,"url":"http:\/\/www.jojoenherbe.com\/index.php\/2022\/09\/12\/point-lecture-hebdomadaire-58\/","url_meta":{"origin":27542,"position":0},"title":"Point lecture hebdomadaire #58","author":"Jojo","date":"12 septembre 2022","format":false,"excerpt":"En ce d\u00e9but de semaine, voici notre point lecture hebdomadaire avec un retour sur nos lectures de la semaine derni\u00e8re (mais pas nos relectures). Nos lectures du 5 au 11 septembre 2022: Des lectures jeunesse: C\u00f4t\u00e9 jeunesse, mon mini lutin ne m'a fait relire cette semaine que des histoires qu'il\u2026","rel":"","context":"Dans &quot;Mini blogueur&quot;","block_context":{"text":"Mini blogueur","link":"http:\/\/www.jojoenherbe.com\/index.php\/category\/mini-blogueur\/"},"img":{"alt_text":"","src":"https:\/\/i0.wp.com\/www.jojoenherbe.com\/wp-content\/uploads\/2022\/09\/Point-lecture-hebdo-58-scaled.jpg?fit=1200%2C1076&resize=350%2C200","width":350,"height":200,"srcset":"https:\/\/i0.wp.com\/www.jojoenherbe.com\/wp-content\/uploads\/2022\/09\/Point-lecture-hebdo-58-scaled.jpg?fit=1200%2C1076&resize=350%2C200 1x, https:\/\/i0.wp.com\/www.jojoenherbe.com\/wp-content\/uploads\/2022\/09\/Point-lecture-hebdo-58-scaled.jpg?fit=1200%2C1076&resize=525%2C300 1.5x, https:\/\/i0.wp.com\/www.jojoenherbe.com\/wp-content\/uploads\/2022\/09\/Point-lecture-hebdo-58-scaled.jpg?fit=1200%2C1076&resize=700%2C400 2x, https:\/\/i0.wp.com\/www.jojoenherbe.com\/wp-content\/uploads\/2022\/09\/Point-lecture-hebdo-58-scaled.jpg?fit=1200%2C1076&resize=1050%2C600 3x"},"classes":[]},{"id":6248,"url":"http:\/\/www.jojoenherbe.com\/index.php\/2019\/06\/07\/des-papillons-en-peinture\/","url_meta":{"origin":27542,"position":1},"title":"Des papillons en peinture","author":"Jojo","date":"7 juin 2019","format":false,"excerpt":"Nous faisons ce matin de la peinture avec comme th\u00e8me des papillons, ce qui nous rappelle notre balade du week-end dernier au Fort de la Rev\u00e8re. Nous faisons des papillons bleues, jaunes, etc rappelant les azur\u00e9s ou les pi\u00e9rides du chou... Nous faisons \u00e9galement des papillons en sym\u00e9trie en ne\u2026","rel":"","context":"Dans &quot;Mini joueur&quot;","block_context":{"text":"Mini joueur","link":"http:\/\/www.jojoenherbe.com\/index.php\/category\/mini-decouvreur\/mini-joueur\/"},"img":{"alt_text":"","src":"https:\/\/i0.wp.com\/www.jojoenherbe.com\/wp-content\/uploads\/2019\/06\/Papillons-en-peinture-2.jpg?fit=1200%2C885&resize=350%2C200","width":350,"height":200,"srcset":"https:\/\/i0.wp.com\/www.jojoenherbe.com\/wp-content\/uploads\/2019\/06\/Papillons-en-peinture-2.jpg?fit=1200%2C885&resize=350%2C200 1x, https:\/\/i0.wp.com\/www.jojoenherbe.com\/wp-content\/uploads\/2019\/06\/Papillons-en-peinture-2.jpg?fit=1200%2C885&resize=525%2C300 1.5x, https:\/\/i0.wp.com\/www.jojoenherbe.com\/wp-content\/uploads\/2019\/06\/Papillons-en-peinture-2.jpg?fit=1200%2C885&resize=700%2C400 2x, https:\/\/i0.wp.com\/www.jojoenherbe.com\/wp-content\/uploads\/2019\/06\/Papillons-en-peinture-2.jpg?fit=1200%2C885&resize=1050%2C600 3x"},"classes":[]},{"id":6362,"url":"http:\/\/www.jojoenherbe.com\/index.php\/2019\/06\/12\/au-fil-des-pages-avec-la-vague\/","url_meta":{"origin":27542,"position":2},"title":"Au fil des pages avec La vague","author":"Jojo","date":"12 juin 2019","format":false,"excerpt":"L'\u00e9t\u00e9 approchant et le retour de la chaleur aussi depuis quelques jours, nous commen\u00e7ons \u00e0 relire des albums jeunesse sur cette saison. Nous prenons un peu de fra\u00eecheur et faisons le plein de tendresse avec La vague de Suzy Lee (\u00e9d. Kal\u00e9idoscope, 2010), un album jeunesse \u00e0 partir de 2\/3\u2026","rel":"","context":"Dans &quot;Mini lecteur&quot;","block_context":{"text":"Mini lecteur","link":"http:\/\/www.jojoenherbe.com\/index.php\/category\/mini-lecteur\/"},"img":{"alt_text":"","src":"https:\/\/i0.wp.com\/www.jojoenherbe.com\/wp-content\/uploads\/2021\/06\/La-vague-scaled.jpg?fit=1200%2C734&resize=350%2C200","width":350,"height":200,"srcset":"https:\/\/i0.wp.com\/www.jojoenherbe.com\/wp-content\/uploads\/2021\/06\/La-vague-scaled.jpg?fit=1200%2C734&resize=350%2C200 1x, https:\/\/i0.wp.com\/www.jojoenherbe.com\/wp-content\/uploads\/2021\/06\/La-vague-scaled.jpg?fit=1200%2C734&resize=525%2C300 1.5x, https:\/\/i0.wp.com\/www.jojoenherbe.com\/wp-content\/uploads\/2021\/06\/La-vague-scaled.jpg?fit=1200%2C734&resize=700%2C400 2x, https:\/\/i0.wp.com\/www.jojoenherbe.com\/wp-content\/uploads\/2021\/06\/La-vague-scaled.jpg?fit=1200%2C734&resize=1050%2C600 3x"},"classes":[]},{"id":10889,"url":"http:\/\/www.jojoenherbe.com\/index.php\/2020\/06\/04\/au-fil-des-pages-avec-quelle-horreur\/","url_meta":{"origin":27542,"position":3},"title":"Au fil des pages avec Quelle horreur!","author":"Jojo","date":"4 juin 2020","format":false,"excerpt":"Nous lisons Quelle horreur de Claire Lebourg (\u00e9d. L'\u00e9cole des loisirs, r\u00e9\u00e9d. 2020), un album jeunesse \u00e0 partir de 3 ans. \u00c0 quelques jours de son vernissage, \u00a0Paty, un papillon artiste est inqui\u00e8te de ne pas finir dans les temps ses derniers tableaux. Ses amis acceptent de poser comme mod\u00e8les\u2026","rel":"","context":"Dans &quot;Mini lecteur&quot;","block_context":{"text":"Mini lecteur","link":"http:\/\/www.jojoenherbe.com\/index.php\/category\/mini-lecteur\/"},"img":{"alt_text":"","src":"https:\/\/i0.wp.com\/www.jojoenherbe.com\/wp-content\/uploads\/2020\/06\/Quelle-horreur-scaled.jpg?fit=1198%2C1200&resize=350%2C200","width":350,"height":200,"srcset":"https:\/\/i0.wp.com\/www.jojoenherbe.com\/wp-content\/uploads\/2020\/06\/Quelle-horreur-scaled.jpg?fit=1198%2C1200&resize=350%2C200 1x, https:\/\/i0.wp.com\/www.jojoenherbe.com\/wp-content\/uploads\/2020\/06\/Quelle-horreur-scaled.jpg?fit=1198%2C1200&resize=525%2C300 1.5x, https:\/\/i0.wp.com\/www.jojoenherbe.com\/wp-content\/uploads\/2020\/06\/Quelle-horreur-scaled.jpg?fit=1198%2C1200&resize=700%2C400 2x, https:\/\/i0.wp.com\/www.jojoenherbe.com\/wp-content\/uploads\/2020\/06\/Quelle-horreur-scaled.jpg?fit=1198%2C1200&resize=1050%2C600 3x"},"classes":[]},{"id":14139,"url":"http:\/\/www.jojoenherbe.com\/index.php\/2020\/11\/30\/notre-pal-albums-jeunesse-de-noel-2020-2\/","url_meta":{"origin":27542,"position":4},"title":"Notre PAL Albums jeunesse de No\u00ebl 2020 #2","author":"Jojo","date":"30 novembre 2020","format":false,"excerpt":"Apr\u00e8s avoir pr\u00e9sent\u00e9 le 18 novembre 2020 la premi\u00e8re partie de notre PAL Albums jeunesse de No\u00ebl pour cette ann\u00e9e, voici une deuxi\u00e8me partie avec des albums jeunesse que j'ai pu emprunter \u00e0 la m\u00e9diath\u00e8que la semaine derni\u00e8re en attendant de d\u00e9couvrir ceux gliss\u00e9s dans le calendrier de l'Avent. Il\u2026","rel":"","context":"Dans &quot;Mini lecteur&quot;","block_context":{"text":"Mini lecteur","link":"http:\/\/www.jojoenherbe.com\/index.php\/category\/mini-lecteur\/"},"img":{"alt_text":"","src":"https:\/\/i0.wp.com\/www.jojoenherbe.com\/wp-content\/uploads\/2020\/11\/PAL-Noel-2020-2-1-scaled.jpg?fit=1200%2C900&resize=350%2C200","width":350,"height":200,"srcset":"https:\/\/i0.wp.com\/www.jojoenherbe.com\/wp-content\/uploads\/2020\/11\/PAL-Noel-2020-2-1-scaled.jpg?fit=1200%2C900&resize=350%2C200 1x, https:\/\/i0.wp.com\/www.jojoenherbe.com\/wp-content\/uploads\/2020\/11\/PAL-Noel-2020-2-1-scaled.jpg?fit=1200%2C900&resize=525%2C300 1.5x, https:\/\/i0.wp.com\/www.jojoenherbe.com\/wp-content\/uploads\/2020\/11\/PAL-Noel-2020-2-1-scaled.jpg?fit=1200%2C900&resize=700%2C400 2x, https:\/\/i0.wp.com\/www.jojoenherbe.com\/wp-content\/uploads\/2020\/11\/PAL-Noel-2020-2-1-scaled.jpg?fit=1200%2C900&resize=1050%2C600 3x"},"classes":[]},{"id":21742,"url":"http:\/\/www.jojoenherbe.com\/index.php\/2021\/10\/27\/point-lecture-hebdomadaire-12\/","url_meta":{"origin":27542,"position":5},"title":"Point lecture hebdomadaire #12","author":"Jojo","date":"27 octobre 2021","format":false,"excerpt":"En ce (presque) d\u00e9but de semaine, voici notre point lecture hebdomadaire avec un retour sur nos lectures de la semaine derni\u00e8re (avec beaucoup de BD jeunesse) et celles en cours et sans doute \u00e0 venir, avec deux passages \u00e0 la m\u00e9diath\u00e8que et un autre \u00e0 la librairie pour le dernier\u2026","rel":"","context":"Dans &quot;Mini blogueur&quot;","block_context":{"text":"Mini blogueur","link":"http:\/\/www.jojoenherbe.com\/index.php\/category\/mini-blogueur\/"},"img":{"alt_text":"","src":"https:\/\/i0.wp.com\/www.jojoenherbe.com\/wp-content\/uploads\/2021\/10\/Point-lecture-hebdomadaire-12-scaled.jpg?fit=1200%2C904&resize=350%2C200","width":350,"height":200,"srcset":"https:\/\/i0.wp.com\/www.jojoenherbe.com\/wp-content\/uploads\/2021\/10\/Point-lecture-hebdomadaire-12-scaled.jpg?fit=1200%2C904&resize=350%2C200 1x, https:\/\/i0.wp.com\/www.jojoenherbe.com\/wp-content\/uploads\/2021\/10\/Point-lecture-hebdomadaire-12-scaled.jpg?fit=1200%2C904&resize=525%2C300 1.5x, https:\/\/i0.wp.com\/www.jojoenherbe.com\/wp-content\/uploads\/2021\/10\/Point-lecture-hebdomadaire-12-scaled.jpg?fit=1200%2C904&resize=700%2C400 2x, https:\/\/i0.wp.com\/www.jojoenherbe.com\/wp-content\/uploads\/2021\/10\/Point-lecture-hebdomadaire-12-scaled.jpg?fit=1200%2C904&resize=1050%2C600 3x"},"classes":[]}],"_links":{"self":[{"href":"http:\/\/www.jojoenherbe.com\/index.php\/wp-json\/wp\/v2\/posts\/27542","targetHints":{"allow":["GET"]}}],"collection":[{"href":"http:\/\/www.jojoenherbe.com\/index.php\/wp-json\/wp\/v2\/posts"}],"about":[{"href":"http:\/\/www.jojoenherbe.com\/index.php\/wp-json\/wp\/v2\/types\/post"}],"author":[{"embeddable":true,"href":"http:\/\/www.jojoenherbe.com\/index.php\/wp-json\/wp\/v2\/users\/1"}],"replies":[{"embeddable":true,"href":"http:\/\/www.jojoenherbe.com\/index.php\/wp-json\/wp\/v2\/comments?post=27542"}],"version-history":[{"count":7,"href":"http:\/\/www.jojoenherbe.com\/index.php\/wp-json\/wp\/v2\/posts\/27542\/revisions"}],"predecessor-version":[{"id":27566,"href":"http:\/\/www.jojoenherbe.com\/index.php\/wp-json\/wp\/v2\/posts\/27542\/revisions\/27566"}],"wp:featuredmedia":[{"embeddable":true,"href":"http:\/\/www.jojoenherbe.com\/index.php\/wp-json\/wp\/v2\/media\/27547"}],"wp:attachment":[{"href":"http:\/\/www.jojoenherbe.com\/index.php\/wp-json\/wp\/v2\/media?parent=27542"}],"wp:term":[{"taxonomy":"category","embeddable":true,"href":"http:\/\/www.jojoenherbe.com\/index.php\/wp-json\/wp\/v2\/categories?post=27542"},{"taxonomy":"post_tag","embeddable":true,"href":"http:\/\/www.jojoenherbe.com\/index.php\/wp-json\/wp\/v2\/tags?post=27542"}],"curies":[{"name":"wp","href":"https:\/\/api.w.org\/{rel}","templated":true}]}}