{"id":27451,"date":"2022-09-09T10:29:34","date_gmt":"2022-09-09T08:29:34","guid":{"rendered":"https:\/\/www.jojoenherbe.com\/?p=27451"},"modified":"2022-09-13T09:13:07","modified_gmt":"2022-09-13T07:13:07","slug":"au-fil-des-pages-avec-puisette-et-fragile","status":"publish","type":"post","link":"http:\/\/www.jojoenherbe.com\/index.php\/2022\/09\/09\/au-fil-des-pages-avec-puisette-et-fragile\/","title":{"rendered":"Au fil des pages avec Puisette et Fragile"},"content":{"rendered":"<p style=\"text-align: justify;\"><em><a href=\"https:\/\/i0.wp.com\/www.jojoenherbe.com\/wp-content\/uploads\/2022\/09\/Puisette-et-Fragile-2-scaled.jpg\"><img data-recalc-dims=\"1\" loading=\"lazy\" decoding=\"async\" data-attachment-id=\"27455\" data-permalink=\"http:\/\/www.jojoenherbe.com\/index.php\/2022\/09\/09\/au-fil-des-pages-avec-puisette-et-fragile\/puisette-et-fragile-2\/\" data-orig-file=\"https:\/\/i0.wp.com\/www.jojoenherbe.com\/wp-content\/uploads\/2022\/09\/Puisette-et-Fragile-2-scaled.jpg?fit=2560%2C1921\" data-orig-size=\"2560,1921\" data-comments-opened=\"1\" data-image-title=\"Puisette et Fragile 2\" data-image-description=\"\" data-image-caption=\"\" data-large-file=\"https:\/\/i0.wp.com\/www.jojoenherbe.com\/wp-content\/uploads\/2022\/09\/Puisette-et-Fragile-2-scaled.jpg?fit=676%2C508\" class=\"alignleft size-thumbnail wp-image-27455\" src=\"https:\/\/i0.wp.com\/www.jojoenherbe.com\/wp-content\/uploads\/2022\/09\/Puisette-et-Fragile-2.jpg?resize=150%2C150\" alt=\"\" width=\"150\" height=\"150\" srcset=\"https:\/\/i0.wp.com\/www.jojoenherbe.com\/wp-content\/uploads\/2022\/09\/Puisette-et-Fragile-2-scaled.jpg?resize=150%2C150 150w, https:\/\/i0.wp.com\/www.jojoenherbe.com\/wp-content\/uploads\/2022\/09\/Puisette-et-Fragile-2-scaled.jpg?zoom=2&amp;resize=150%2C150 300w, https:\/\/i0.wp.com\/www.jojoenherbe.com\/wp-content\/uploads\/2022\/09\/Puisette-et-Fragile-2-scaled.jpg?zoom=3&amp;resize=150%2C150 450w\" sizes=\"auto, (max-width: 150px) 100vw, 150px\" \/><\/a> <a href=\"https:\/\/i0.wp.com\/www.jojoenherbe.com\/wp-content\/uploads\/2022\/09\/Puisette-et-Fragile-3-scaled.jpg\"><img data-recalc-dims=\"1\" loading=\"lazy\" decoding=\"async\" data-attachment-id=\"27456\" data-permalink=\"http:\/\/www.jojoenherbe.com\/index.php\/2022\/09\/09\/au-fil-des-pages-avec-puisette-et-fragile\/puisette-et-fragile-3\/\" data-orig-file=\"https:\/\/i0.wp.com\/www.jojoenherbe.com\/wp-content\/uploads\/2022\/09\/Puisette-et-Fragile-3-scaled.jpg?fit=2560%2C1920\" data-orig-size=\"2560,1920\" data-comments-opened=\"1\" data-image-title=\"Puisette et Fragile 3\" data-image-description=\"\" data-image-caption=\"\" data-large-file=\"https:\/\/i0.wp.com\/www.jojoenherbe.com\/wp-content\/uploads\/2022\/09\/Puisette-et-Fragile-3-scaled.jpg?fit=676%2C507\" class=\"alignleft size-thumbnail wp-image-27456\" src=\"https:\/\/i0.wp.com\/www.jojoenherbe.com\/wp-content\/uploads\/2022\/09\/Puisette-et-Fragile-3.jpg?resize=150%2C150\" alt=\"\" width=\"150\" height=\"150\" srcset=\"https:\/\/i0.wp.com\/www.jojoenherbe.com\/wp-content\/uploads\/2022\/09\/Puisette-et-Fragile-3-scaled.jpg?resize=150%2C150 150w, https:\/\/i0.wp.com\/www.jojoenherbe.com\/wp-content\/uploads\/2022\/09\/Puisette-et-Fragile-3-scaled.jpg?zoom=2&amp;resize=150%2C150 300w, https:\/\/i0.wp.com\/www.jojoenherbe.com\/wp-content\/uploads\/2022\/09\/Puisette-et-Fragile-3-scaled.jpg?zoom=3&amp;resize=150%2C150 450w\" sizes=\"auto, (max-width: 150px) 100vw, 150px\" \/><\/a>Depuis cet \u00e9t\u00e9, et encore ce matin avant l&rsquo;\u00e9cole, nous lisons et relisons <span style=\"text-decoration: underline;\">Puisette et Fragile<\/span> d&rsquo;Estelle Olivier, Laure Poudevigne et Samuel Ribeyron (\u00e9d. Seuil Jeunesse, 2021, 88 pages), une BD jeunesse pour les 6\/9 ans que j&rsquo;avais achet\u00e9e \u00e0 sa sortie en septembre 2021 et que j&rsquo;avais gliss\u00e9e dans le calendrier de No\u00ebl de 2021. Puisette est une petite fille qui vit seule, avec son pingouin, dans un phare. Chaque jour, elle s&rsquo;occupe de la mer qui l&rsquo;entoure. Mais un matin, elle d\u00e9couvre dans un carton \u00e9tiquet\u00e9e \u00ab\u00a0fragile\u00a0\u00bb une autre petite fille bien diff\u00e9rente d&rsquo;elle. Et si une amiti\u00e9 naissait entre les deux petites filles, malgr\u00e9 leurs caract\u00e8res bien diff\u00e9rents (le caract\u00e8re volubile, un brin autoritaire de Puisette face au caract\u00e8re taiseux de Fragile comme l&rsquo;\u00e9tait d\u00e9j\u00e0 Pingouin)?<\/em><\/p>\n<p style=\"text-align: justify;\"><em><a href=\"https:\/\/i0.wp.com\/www.jojoenherbe.com\/wp-content\/uploads\/2022\/09\/Puisette-et-Fragile-7-scaled.jpg\"><img data-recalc-dims=\"1\" loading=\"lazy\" decoding=\"async\" data-attachment-id=\"27471\" data-permalink=\"http:\/\/www.jojoenherbe.com\/index.php\/2022\/09\/09\/au-fil-des-pages-avec-puisette-et-fragile\/puisette-et-fragile-7\/\" data-orig-file=\"https:\/\/i0.wp.com\/www.jojoenherbe.com\/wp-content\/uploads\/2022\/09\/Puisette-et-Fragile-7-scaled.jpg?fit=2560%2C1920\" data-orig-size=\"2560,1920\" data-comments-opened=\"1\" data-image-title=\"Puisette et Fragile 7\" data-image-description=\"\" data-image-caption=\"\" data-large-file=\"https:\/\/i0.wp.com\/www.jojoenherbe.com\/wp-content\/uploads\/2022\/09\/Puisette-et-Fragile-7-scaled.jpg?fit=676%2C507\" class=\"size-thumbnail wp-image-27471 alignright\" src=\"https:\/\/i0.wp.com\/www.jojoenherbe.com\/wp-content\/uploads\/2022\/09\/Puisette-et-Fragile-7.jpg?resize=150%2C150\" alt=\"\" width=\"150\" height=\"150\" srcset=\"https:\/\/i0.wp.com\/www.jojoenherbe.com\/wp-content\/uploads\/2022\/09\/Puisette-et-Fragile-7-scaled.jpg?resize=150%2C150 150w, https:\/\/i0.wp.com\/www.jojoenherbe.com\/wp-content\/uploads\/2022\/09\/Puisette-et-Fragile-7-scaled.jpg?zoom=2&amp;resize=150%2C150 300w, https:\/\/i0.wp.com\/www.jojoenherbe.com\/wp-content\/uploads\/2022\/09\/Puisette-et-Fragile-7-scaled.jpg?zoom=3&amp;resize=150%2C150 450w\" sizes=\"auto, (max-width: 150px) 100vw, 150px\" \/><\/a> <a href=\"https:\/\/i0.wp.com\/www.jojoenherbe.com\/wp-content\/uploads\/2022\/09\/Puisette-et-Fragile-6-scaled.jpg\"><img data-recalc-dims=\"1\" loading=\"lazy\" decoding=\"async\" data-attachment-id=\"27470\" data-permalink=\"http:\/\/www.jojoenherbe.com\/index.php\/2022\/09\/09\/au-fil-des-pages-avec-puisette-et-fragile\/puisette-et-fragile-6\/\" data-orig-file=\"https:\/\/i0.wp.com\/www.jojoenherbe.com\/wp-content\/uploads\/2022\/09\/Puisette-et-Fragile-6-scaled.jpg?fit=2560%2C2017\" data-orig-size=\"2560,2017\" data-comments-opened=\"1\" data-image-title=\"Puisette et Fragile 6\" data-image-description=\"\" data-image-caption=\"\" data-large-file=\"https:\/\/i0.wp.com\/www.jojoenherbe.com\/wp-content\/uploads\/2022\/09\/Puisette-et-Fragile-6-scaled.jpg?fit=676%2C533\" class=\"size-thumbnail wp-image-27470 alignright\" src=\"https:\/\/i0.wp.com\/www.jojoenherbe.com\/wp-content\/uploads\/2022\/09\/Puisette-et-Fragile-6.jpg?resize=150%2C150\" alt=\"\" width=\"150\" height=\"150\" srcset=\"https:\/\/i0.wp.com\/www.jojoenherbe.com\/wp-content\/uploads\/2022\/09\/Puisette-et-Fragile-6-scaled.jpg?resize=150%2C150 150w, https:\/\/i0.wp.com\/www.jojoenherbe.com\/wp-content\/uploads\/2022\/09\/Puisette-et-Fragile-6-scaled.jpg?zoom=2&amp;resize=150%2C150 300w, https:\/\/i0.wp.com\/www.jojoenherbe.com\/wp-content\/uploads\/2022\/09\/Puisette-et-Fragile-6-scaled.jpg?zoom=3&amp;resize=150%2C150 450w\" sizes=\"auto, (max-width: 150px) 100vw, 150px\" \/><\/a>Il y est question d&rsquo;une rencontre qui vient bouleverser positivement la routine de Puisette et sa solitude, de la peur de l&rsquo;inconnu et d&rsquo;amiti\u00e9. Au contact de Fragile, Puisette commence d&rsquo;abord par la repousser puis elle s&rsquo;adoucit et retrouve une l\u00e9g\u00e8ret\u00e9 toute enfantine en jouant avec elle tout en acceptant que Fragile ne fasse pas les choses de la m\u00eame fa\u00e7on qu&rsquo;elle. J&rsquo;ai beaucoup appr\u00e9ci\u00e9 les illustrations de Samuel Ribeyron qui sont color\u00e9es, \u00e9pur\u00e9es et dynamiques. Elles apportent un souffle enfantin et onirique \u00e0 l&rsquo;histoire pleine de douceur, d&rsquo;humour, de po\u00e9sie et de fantaisie et compl\u00e8tent \u00e0 merveille le bavardage proche de la logorrh\u00e9e de Puisette et toutes les \u00e9motions qu&rsquo;elle ressent. Coup de c\u0153ur pour cette BD jeunesse qui est tr\u00e8s agr\u00e9able \u00e0 lire \u00e0 voix haute!<\/em><\/p>\n<p style=\"text-align: justify;\"><em><a href=\"https:\/\/i0.wp.com\/www.jojoenherbe.com\/wp-content\/uploads\/2022\/09\/Puisette-et-Fragile-4-scaled.jpg\"><img data-recalc-dims=\"1\" loading=\"lazy\" decoding=\"async\" data-attachment-id=\"27457\" data-permalink=\"http:\/\/www.jojoenherbe.com\/index.php\/2022\/09\/09\/au-fil-des-pages-avec-puisette-et-fragile\/puisette-et-fragile-4\/\" data-orig-file=\"https:\/\/i0.wp.com\/www.jojoenherbe.com\/wp-content\/uploads\/2022\/09\/Puisette-et-Fragile-4-scaled.jpg?fit=2560%2C1920\" data-orig-size=\"2560,1920\" data-comments-opened=\"1\" data-image-title=\"Puisette et Fragile 4\" data-image-description=\"\" data-image-caption=\"\" data-large-file=\"https:\/\/i0.wp.com\/www.jojoenherbe.com\/wp-content\/uploads\/2022\/09\/Puisette-et-Fragile-4-scaled.jpg?fit=676%2C507\" class=\"alignleft size-thumbnail wp-image-27457\" src=\"https:\/\/i0.wp.com\/www.jojoenherbe.com\/wp-content\/uploads\/2022\/09\/Puisette-et-Fragile-4.jpg?resize=150%2C150\" alt=\"\" width=\"150\" height=\"150\" srcset=\"https:\/\/i0.wp.com\/www.jojoenherbe.com\/wp-content\/uploads\/2022\/09\/Puisette-et-Fragile-4-scaled.jpg?resize=150%2C150 150w, https:\/\/i0.wp.com\/www.jojoenherbe.com\/wp-content\/uploads\/2022\/09\/Puisette-et-Fragile-4-scaled.jpg?zoom=2&amp;resize=150%2C150 300w, https:\/\/i0.wp.com\/www.jojoenherbe.com\/wp-content\/uploads\/2022\/09\/Puisette-et-Fragile-4-scaled.jpg?zoom=3&amp;resize=150%2C150 450w\" sizes=\"auto, (max-width: 150px) 100vw, 150px\" \/><\/a>Au passage, j&rsquo;ai not\u00e9 des passages gourmands pour le challenge Des livres (et des \u00e9crans) en cuisine, Puisette buvant du caf\u00e9 en compagnie de Pingouin.<\/em><\/p>\n<div style=\"width: 117px\" class=\"wp-caption alignleft\"><img loading=\"lazy\" decoding=\"async\" src=\"https:\/\/lh3.googleusercontent.com\/pw\/AM-JKLW-8Xy9BIRqinPzrRBz2J2pSlRnlFIwPEKmmv1zpAf3DZoC0nJGqVPx8b0ycvPVte06hr4gaDsphFfyIzipAAW1MPEwEpWUpvmIVdN6H4fs8knOaKBdlyDoMp3hCYeWKD_2Ax2fVRZYrtgs4qzmpYdYpQ=w285-h217-no?authuser=1\" alt=\"\" width=\"107\" height=\"81\" \/><p class=\"wp-caption-text\">Challenge Petit Bac d\u2019<a href=\"https:\/\/ennalit.wordpress.com\/2021\/12\/01\/challenge-petit-bac-2022-qui-veut-jouer\/\">Enna<\/a> #5 Cat\u00e9gorie Objet: \u00ab Puisette \u00bb<\/p><\/div>\n<div style=\"width: 130px\" class=\"wp-caption alignleft\"><img loading=\"lazy\" decoding=\"async\" src=\"https:\/\/i0.wp.com\/mapetitemediatheque.fr\/wp-content\/uploads\/2021\/12\/des-livres-en-cusine.png?resize=182%2C131&amp;ssl=1\" alt=\"\" width=\"120\" height=\"86\" \/><p class=\"wp-caption-text\">Participation #35 Challenge Des livres (et des \u00e9crans) en cuisine 2022 de <a href=\"https:\/\/mapetitemediatheque.fr\/2021\/12\/des-livres-et-des-ecrans-en-cuisine-2022\/\">Bidib<\/a> et <a href=\"http:\/\/croquerlespages.canalblog.com\/archives\/2021\/12\/21\/39242322.html\">Fondant<\/a> #Caf\u00e9<\/p><\/div>\n<div style=\"width: 123px\" class=\"wp-caption alignleft\"><img loading=\"lazy\" decoding=\"async\" src=\"https:\/\/i2.wp.com\/mapetitemediatheque.fr\/wp-content\/uploads\/2021\/11\/Inkedle-tour-du-monde-en-80-livres-2_LI.jpg?resize=168%2C127&amp;ssl=1\" alt=\"\" width=\"113\" height=\"85\" \/><p class=\"wp-caption-text\">Participation #80 Challenge Le tour du monde en 80 livres de <a href=\"https:\/\/mapetitemediatheque.fr\/2021\/12\/le-tour-du-monde-en-80-livres-le-challenge-qui-vous-fait-aimer-la-litterature-etrangere\/\">Bidib<\/a> #France<\/p><\/div>\n","protected":false},"excerpt":{"rendered":"<p>Depuis cet \u00e9t\u00e9, et encore ce matin avant l&rsquo;\u00e9cole, nous lisons et relisons Puisette et Fragile d&rsquo;Estelle Olivier, Laure Poudevigne et Samuel Ribeyron (\u00e9d. Seuil Jeunesse, 2021, 88 pages), une BD jeunesse pour les 6\/9 ans que j&rsquo;avais achet\u00e9e \u00e0 sa sortie en septembre 2021 et que j&rsquo;avais gliss\u00e9e dans le calendrier de No\u00ebl de [&hellip;]<\/p>\n","protected":false},"author":1,"featured_media":27458,"comment_status":"open","ping_status":"open","sticky":false,"template":"","format":"standard","meta":{"_jetpack_newsletter_access":"","_jetpack_dont_email_post_to_subs":false,"_jetpack_newsletter_tier_id":0,"_jetpack_memberships_contains_paywalled_content":false,"_jetpack_feature_clip_id":0,"_jetpack_memberships_contains_paid_content":false,"footnotes":"","jetpack_post_was_ever_published":false},"categories":[363],"tags":[788,386,596,1226,2915,2917,868,3391,452,3392,2918,658,3345,451,956,3389,2684,619,937],"class_list":["post-27451","post","type-post","status-publish","format-standard","has-post-thumbnail","hentry","category-mini-lecteur","tag-6-9-ans","tag-amitie","tag-bandes-dessinees","tag-bd-jeunesse","tag-challenge-petit-bac-2022","tag-des-livres-et-des-ecrans-en-cuisine-2022","tag-enfance","tag-estelle-olivier","tag-jeux-denfants","tag-laure-poudevigne","tag-le-tour-du-monde-en-80-livres-2022","tag-mer","tag-mer-ocean","tag-partage","tag-petite-fille","tag-routine","tag-samuel-ribeyron","tag-solitude","tag-tempete","post-preview"],"jetpack_sharing_enabled":true,"jetpack_shortlink":"https:\/\/wp.me\/p9zhGx-78L","jetpack_likes_enabled":true,"jetpack-related-posts":[{"id":19959,"url":"http:\/\/www.jojoenherbe.com\/index.php\/2021\/08\/02\/au-fil-des-pages-avec-le-grand-papa-et-sa-toute-petite-fille\/","url_meta":{"origin":27451,"position":0},"title":"Au fil des pages avec Le grand papa et sa toute petite fille","author":"Jojo","date":"2 ao\u00fbt 2021","format":false,"excerpt":"Apr\u00e8s l'avoir d\u00e9couvert lors du week-end de la F\u00eate des P\u00e8res, nous relisons Le grand papa et sa toute petite fille de Cathy Hors et Samuel Ribeyron (\u00e9d. Milan, 2011), un album jeunesse grand format \u00e0 partir de 5 ans et qui a fait partie de la s\u00e9lection Maternelle du\u2026","rel":"","context":"Dans &quot;Mini lecteur&quot;","block_context":{"text":"Mini lecteur","link":"http:\/\/www.jojoenherbe.com\/index.php\/category\/mini-lecteur\/"},"img":{"alt_text":"","src":"https:\/\/i0.wp.com\/www.jojoenherbe.com\/wp-content\/uploads\/2021\/08\/Le-grand-papa-et-sa-toute-petite-fille-scaled.jpg?fit=1200%2C900&resize=350%2C200","width":350,"height":200,"srcset":"https:\/\/i0.wp.com\/www.jojoenherbe.com\/wp-content\/uploads\/2021\/08\/Le-grand-papa-et-sa-toute-petite-fille-scaled.jpg?fit=1200%2C900&resize=350%2C200 1x, https:\/\/i0.wp.com\/www.jojoenherbe.com\/wp-content\/uploads\/2021\/08\/Le-grand-papa-et-sa-toute-petite-fille-scaled.jpg?fit=1200%2C900&resize=525%2C300 1.5x, https:\/\/i0.wp.com\/www.jojoenherbe.com\/wp-content\/uploads\/2021\/08\/Le-grand-papa-et-sa-toute-petite-fille-scaled.jpg?fit=1200%2C900&resize=700%2C400 2x, https:\/\/i0.wp.com\/www.jojoenherbe.com\/wp-content\/uploads\/2021\/08\/Le-grand-papa-et-sa-toute-petite-fille-scaled.jpg?fit=1200%2C900&resize=1050%2C600 3x"},"classes":[]},{"id":33712,"url":"http:\/\/www.jojoenherbe.com\/index.php\/2023\/12\/23\/au-fil-des-pages-avec-le-tome-5-de-rita-et-machin\/","url_meta":{"origin":27451,"position":1},"title":"Au fil des pages avec le tome 5 de Rita et Machin","author":"Jojo","date":"23 d\u00e9cembre 2023","format":false,"excerpt":"Lors du RAT de No\u00ebl 2019, nous avions lu le tome 5 de Rita et Machin, Le No\u00ebl de Rita et Machin de Jean-Philippe Arrou-Vignod et Olivier Tallec (\u00e9d. Gallimard Jeunesse, 2006, 28 pages), un album jeunesse \u00e0 partir de 4 ans. Ce soir, c'est la nuit de No\u00ebl mais\u2026","rel":"","context":"Dans &quot;Mini lecteur&quot;","block_context":{"text":"Mini lecteur","link":"http:\/\/www.jojoenherbe.com\/index.php\/category\/mini-lecteur\/"},"img":{"alt_text":"","src":"https:\/\/i0.wp.com\/www.jojoenherbe.com\/wp-content\/uploads\/2023\/12\/Le-Noel-de-Rita-et-Machin-scaled.jpg?fit=1200%2C833&resize=350%2C200","width":350,"height":200,"srcset":"https:\/\/i0.wp.com\/www.jojoenherbe.com\/wp-content\/uploads\/2023\/12\/Le-Noel-de-Rita-et-Machin-scaled.jpg?fit=1200%2C833&resize=350%2C200 1x, https:\/\/i0.wp.com\/www.jojoenherbe.com\/wp-content\/uploads\/2023\/12\/Le-Noel-de-Rita-et-Machin-scaled.jpg?fit=1200%2C833&resize=525%2C300 1.5x, https:\/\/i0.wp.com\/www.jojoenherbe.com\/wp-content\/uploads\/2023\/12\/Le-Noel-de-Rita-et-Machin-scaled.jpg?fit=1200%2C833&resize=700%2C400 2x, https:\/\/i0.wp.com\/www.jojoenherbe.com\/wp-content\/uploads\/2023\/12\/Le-Noel-de-Rita-et-Machin-scaled.jpg?fit=1200%2C833&resize=1050%2C600 3x"},"classes":[]},{"id":35556,"url":"http:\/\/www.jojoenherbe.com\/index.php\/2024\/04\/04\/throwback-thursday-livresque-couverture-orange\/","url_meta":{"origin":27451,"position":2},"title":"Throwback Thursday Livresque: Couverture orange","author":"Jojo","date":"4 avril 2024","format":false,"excerpt":"Ce jeudi 4 avril 2024, je participe au Throwback Thursday Livresque, un rendez-vous livresque initialement chez Bettie Rose Books et repris depuis par Carole, les liens \u00e9tant \u00e0 d\u00e9poser chez My-Bo0ks. Le principe est de partager chaque jeudi un livre en fonction d\u2019un th\u00e8me donn\u00e9. Cette semaine, le th\u00e8me est\u2026","rel":"","context":"Dans &quot;Mini challenger&quot;","block_context":{"text":"Mini challenger","link":"http:\/\/www.jojoenherbe.com\/index.php\/category\/mini-challenger\/"},"img":{"alt_text":"","src":"https:\/\/i0.wp.com\/www.jojoenherbe.com\/wp-content\/uploads\/2024\/04\/Selection-couverture-orange-TTL-2024-1024x760.jpg?resize=350%2C200","width":350,"height":200,"srcset":"https:\/\/i0.wp.com\/www.jojoenherbe.com\/wp-content\/uploads\/2024\/04\/Selection-couverture-orange-TTL-2024-1024x760.jpg?resize=350%2C200 1x, https:\/\/i0.wp.com\/www.jojoenherbe.com\/wp-content\/uploads\/2024\/04\/Selection-couverture-orange-TTL-2024-1024x760.jpg?resize=525%2C300 1.5x"},"classes":[]},{"id":24954,"url":"http:\/\/www.jojoenherbe.com\/index.php\/2022\/04\/14\/au-fil-des-pages-avec-le-tome-16-de-rita-et-machin\/","url_meta":{"origin":27451,"position":3},"title":"Au fil des pages avec le tome 16 de Rita et Machin","author":"Jojo","date":"14 avril 2022","format":false,"excerpt":"Nous relisons pour P\u00e2ques cette ann\u00e9e Joyeuses P\u00e2ques Rita et Machin de Jean-Philippe Arrou-Vignod et Olivier Tallec (\u00e9d. Gallimard Jeunesse, 2013), un album jeunesse \u00e0 partir de 4 ans que nous avions emprunt\u00e9 l'ann\u00e9e derni\u00e8re pour P\u00e2ques \u00e0 la m\u00e9diath\u00e8que et qui a fini par rejoindre nos biblioth\u00e8ques. Il s'agit\u2026","rel":"","context":"Dans &quot;Mini lecteur&quot;","block_context":{"text":"Mini lecteur","link":"http:\/\/www.jojoenherbe.com\/index.php\/category\/mini-lecteur\/"},"img":{"alt_text":"","src":"https:\/\/i0.wp.com\/www.jojoenherbe.com\/wp-content\/uploads\/2022\/04\/Joyeuses-Paques-Rita-et-Machin-scaled.jpg?fit=1200%2C900&resize=350%2C200","width":350,"height":200,"srcset":"https:\/\/i0.wp.com\/www.jojoenherbe.com\/wp-content\/uploads\/2022\/04\/Joyeuses-Paques-Rita-et-Machin-scaled.jpg?fit=1200%2C900&resize=350%2C200 1x, https:\/\/i0.wp.com\/www.jojoenherbe.com\/wp-content\/uploads\/2022\/04\/Joyeuses-Paques-Rita-et-Machin-scaled.jpg?fit=1200%2C900&resize=525%2C300 1.5x, https:\/\/i0.wp.com\/www.jojoenherbe.com\/wp-content\/uploads\/2022\/04\/Joyeuses-Paques-Rita-et-Machin-scaled.jpg?fit=1200%2C900&resize=700%2C400 2x, https:\/\/i0.wp.com\/www.jojoenherbe.com\/wp-content\/uploads\/2022\/04\/Joyeuses-Paques-Rita-et-Machin-scaled.jpg?fit=1200%2C900&resize=1050%2C600 3x"},"classes":[]},{"id":18314,"url":"http:\/\/www.jojoenherbe.com\/index.php\/2021\/05\/17\/au-fil-des-pages-avec-a-table\/","url_meta":{"origin":27451,"position":4},"title":"Au fil des pages avec A table!","author":"Jojo","date":"17 mai 2021","format":false,"excerpt":"Nous lisons \u00c0 table! de Rebecca Cobb (\u00e9d. Kal\u00e9idoscope, diff. L'\u00e9cole des loisirs, 2012), un album jeunesse \u00e0 partir de 3 ans. Alors qu'elle est en train de dessiner, une petite fille est appel\u00e9e par sa m\u00e8re pour d\u00e9jeuner. La petite fille ne touche pas \u00e0 son assiette pour la\u2026","rel":"","context":"Dans &quot;Mini lecteur&quot;","block_context":{"text":"Mini lecteur","link":"http:\/\/www.jojoenherbe.com\/index.php\/category\/mini-lecteur\/"},"img":{"alt_text":"","src":"https:\/\/i0.wp.com\/www.jojoenherbe.com\/wp-content\/uploads\/2021\/05\/A-table-scaled.jpg?fit=1200%2C900&resize=350%2C200","width":350,"height":200,"srcset":"https:\/\/i0.wp.com\/www.jojoenherbe.com\/wp-content\/uploads\/2021\/05\/A-table-scaled.jpg?fit=1200%2C900&resize=350%2C200 1x, https:\/\/i0.wp.com\/www.jojoenherbe.com\/wp-content\/uploads\/2021\/05\/A-table-scaled.jpg?fit=1200%2C900&resize=525%2C300 1.5x, https:\/\/i0.wp.com\/www.jojoenherbe.com\/wp-content\/uploads\/2021\/05\/A-table-scaled.jpg?fit=1200%2C900&resize=700%2C400 2x, https:\/\/i0.wp.com\/www.jojoenherbe.com\/wp-content\/uploads\/2021\/05\/A-table-scaled.jpg?fit=1200%2C900&resize=1050%2C600 3x"},"classes":[]},{"id":14845,"url":"http:\/\/www.jojoenherbe.com\/index.php\/2021\/01\/05\/au-fil-des-pages-avec-michka\/","url_meta":{"origin":27451,"position":5},"title":"Au fil des pages avec Michka","author":"Jojo","date":"5 janvier 2021","format":false,"excerpt":"Je r\u00e9emprunte pour les f\u00eates de fin d'ann\u00e9e deux albums jeunesse \u00e0 partir de 3\/4 ans de Michka, un conte de No\u00ebl \u00e9crit en 1941 par Marie Colmont mais illustr\u00e9s par deux illustrateurs diff\u00e9rents. Michka, un petit ours en peluche s'enfuit de la maison d'Elisabeth ne supportant plus que la\u2026","rel":"","context":"Dans &quot;Mini lecteur&quot;","block_context":{"text":"Mini lecteur","link":"http:\/\/www.jojoenherbe.com\/index.php\/category\/mini-lecteur\/"},"img":{"alt_text":"","src":"https:\/\/i0.wp.com\/www.jojoenherbe.com\/wp-content\/uploads\/2021\/01\/Michka-3-1-scaled.jpg?fit=1200%2C697&resize=350%2C200","width":350,"height":200,"srcset":"https:\/\/i0.wp.com\/www.jojoenherbe.com\/wp-content\/uploads\/2021\/01\/Michka-3-1-scaled.jpg?fit=1200%2C697&resize=350%2C200 1x, https:\/\/i0.wp.com\/www.jojoenherbe.com\/wp-content\/uploads\/2021\/01\/Michka-3-1-scaled.jpg?fit=1200%2C697&resize=525%2C300 1.5x, https:\/\/i0.wp.com\/www.jojoenherbe.com\/wp-content\/uploads\/2021\/01\/Michka-3-1-scaled.jpg?fit=1200%2C697&resize=700%2C400 2x, https:\/\/i0.wp.com\/www.jojoenherbe.com\/wp-content\/uploads\/2021\/01\/Michka-3-1-scaled.jpg?fit=1200%2C697&resize=1050%2C600 3x"},"classes":[]}],"jetpack_featured_media_url":"https:\/\/i0.wp.com\/www.jojoenherbe.com\/wp-content\/uploads\/2022\/09\/Puisette-et-Fragile-scaled.jpg?fit=2560%2C1956","_links":{"self":[{"href":"http:\/\/www.jojoenherbe.com\/index.php\/wp-json\/wp\/v2\/posts\/27451","targetHints":{"allow":["GET"]}}],"collection":[{"href":"http:\/\/www.jojoenherbe.com\/index.php\/wp-json\/wp\/v2\/posts"}],"about":[{"href":"http:\/\/www.jojoenherbe.com\/index.php\/wp-json\/wp\/v2\/types\/post"}],"author":[{"embeddable":true,"href":"http:\/\/www.jojoenherbe.com\/index.php\/wp-json\/wp\/v2\/users\/1"}],"replies":[{"embeddable":true,"href":"http:\/\/www.jojoenherbe.com\/index.php\/wp-json\/wp\/v2\/comments?post=27451"}],"version-history":[{"count":15,"href":"http:\/\/www.jojoenherbe.com\/index.php\/wp-json\/wp\/v2\/posts\/27451\/revisions"}],"predecessor-version":[{"id":27564,"href":"http:\/\/www.jojoenherbe.com\/index.php\/wp-json\/wp\/v2\/posts\/27451\/revisions\/27564"}],"wp:featuredmedia":[{"embeddable":true,"href":"http:\/\/www.jojoenherbe.com\/index.php\/wp-json\/wp\/v2\/media\/27458"}],"wp:attachment":[{"href":"http:\/\/www.jojoenherbe.com\/index.php\/wp-json\/wp\/v2\/media?parent=27451"}],"wp:term":[{"taxonomy":"category","embeddable":true,"href":"http:\/\/www.jojoenherbe.com\/index.php\/wp-json\/wp\/v2\/categories?post=27451"},{"taxonomy":"post_tag","embeddable":true,"href":"http:\/\/www.jojoenherbe.com\/index.php\/wp-json\/wp\/v2\/tags?post=27451"}],"curies":[{"name":"wp","href":"https:\/\/api.w.org\/{rel}","templated":true}]}}